{"id":436551,"date":"2023-08-01T18:26:18","date_gmt":"2023-08-01T21:26:18","guid":{"rendered":"https:\/\/www.suno.com.br\/noticias\/?p=436551"},"modified":"2023-08-01T18:26:26","modified_gmt":"2023-08-01T21:26:26","slug":"petrobras-petr4-presidente-nega-reajuste-precos-dos-combustiveis-gpj","status":"publish","type":"post","link":"https:\/\/www.suno.com.br\/noticias\/petrobras-petr4-presidente-nega-reajuste-precos-dos-combustiveis-gpj\/","title":{"rendered":"Petrobras (PETR4): presidente da estatal nega reajuste nos pre\u00e7os dos combust\u00edveis; a\u00e7\u00f5es caem"},"content":{"rendered":"<p>As a\u00e7\u00f5es da <a href=\"https:\/\/www.suno.com.br\/acoes\/petr4\/\" target=\"_blank\" rel=\"noreferrer noopener\"><strong>Petrobras <\/strong>(PETR4)<\/a> despencaram no Ibovespa nesta ter\u00e7a-feira (1), entre as maiores perdas do \u00edndice, com o mercado repercutindo a entrevista do presidente da estatal, Jean Paul Prates, ao Broadcast, dizendo que n\u00e3o procedem rumores de que iria aumentar entre hoje e amanh\u00e3 os pre\u00e7os dos combust\u00edveis,<\/p>\t<div class=\"wrapper-featured-image\">\n\t\t<figure class=\"spotlightImg\">\n\n\t\t\t<picture>\n\t\t\t\t<source media=\"(max-width: 768px)\" srcset=\"https:\/\/files.sunoresearch.com.br\/n\/uploads\/2023\/03\/coletiva_presidente_petrobras_jeanpaulprates_8_-_02-03-2023-400x200.jpg\">\n\t\t\t\t<img loading=\"lazy\" decoding=\"async\" class=\"newsContent__article__imgCapa lazyloadDisabled \" src=\"https:\/\/files.sunoresearch.com.br\/n\/uploads\/2023\/03\/coletiva_presidente_petrobras_jeanpaulprates_8_-_02-03-2023-800x450.jpg\" width=\"800\" height=\"450\" alt=\"Petrobras (PETR4): presidente da estatal nega reajuste nos pre\u00e7os dos combust\u00edveis; a\u00e7\u00f5es caem\" fetchpriority=high \/>\n\t\t\t<\/picture>\n\n\t\t\t<figcaption class=\"wp-caption-text wp-caption-text--show\">Jean Paul Prates, CEO da Petrobras (PETR4). Foto: Divulga\u00e7\u00e3o\/Ag\u00eancia Petrobras<\/figcaption>\n\t\t<\/figure>\n\t<\/div>\n\n\n\n\n\n\n\n\t<p>\n\t\t<a href=\"\" target=\"_blank\" data-element=\"shortcode-suno-banner\" title=\"Banner SUNO, clique e saiba mais\">\n\t\t\t<picture>\n\t\t\t\t<source media=\"(max-width: 500px)\" srcset=\"\">\n\t\t\t\t<img class=\"newsContent__article__imgCapa newsContent__article__imgCapa--banner\"\n\t\t\t\t\tsrc=\"\"\n\t\t\t\t\tdata-promo-id=\"254218\"\t\t\t\t\t\t\t\t\t\t\t\t\t\t\talt=\"\"\n\t\t\t\t>\n\t\t\t<\/picture>\n\t\t<\/a>\n\t<\/p>\n\n\n\n\n\n<p>No fechamento, as a\u00e7\u00f5es preferenciais da companhia ca\u00edram 1,64%, cotadas a R$ 30,60, enquanto as ordin\u00e1rias <a href=\"https:\/\/www.suno.com.br\/acoes\/petr3\/\" target=\"_blank\" rel=\"noreferrer noopener\">(PETR3)<\/a> recuava 2,10%, cotadas a R$ 34,08.<\/p>\n\n\n\n<div class=\"pluginQuotation\">\n  <p class=\"ticker\">\n    Cota\u00e7\u00e3o <span>PETR4<\/span>\n  <\/p>\n  <div class=\"info\">\n    <div class=\"leftSide\">\n      Gr\u00e1fico gerado em: 01\/08\/2023    <\/div>\n\t\t\t\t\t<div class=\"rightSide\">\n\t\t\t\t\t<span class=\"period\">\n\t\t\t\t\t\t1 Dia\t\t\t\t\t<\/span>\n\t\t\t<\/div>\n\t\t  <\/div>\n\n  <div id=\"chart-e14dc364cf27ada38e1e52630bd939e7\" data-block-hash=\"e14dc364cf27ada38e1e52630bd939e7\"  class=\"chart\" style=\"width:100%;height:400px;\"><\/div>\n\n  <div class=\"pluginQuotation__footer\">\n    <div class=\"dataChart\">\n\n      <div class=\"dataChart__div1 variation\">\n        <div class=\"value-negative\">\n          -1,16 (-0,36%)        <\/div>\n        <div class=\"text\">\n          Varia\u00e7\u00e3o do per\u00edodo\n        <\/div>\n      <\/div>\n\n      <div class=\"dataChart__div2 minMax\">\n        <div class=\"value\">\n          R$\u00a030,00        <\/div>\n        <div class=\"text\">\n          M\u00ednima\n        <\/div>\n      <\/div>\n\n      <div class=\"dataChart__div3 minMax\">\n        <div class=\"value\">\n          R$\u00a030,94        <\/div>\n        <div class=\"text\">\n          M\u00e1xima\n        <\/div>\n      <\/div>\n\n\t\t\t<div class=\"dataChart__div4 rightSide\">\n\t\t\t\t<div class=\"analiticaSource\">\n\t\t\t\t\t<span>\n\t\t\t\t\t\tFonte:\n\t\t\t\t\t<\/span>\n\t\t\t\t\t<img decoding=\"async\" class=\"analiticaLogo\" src=\"https:\/\/www.suno.com.br\/noticias\/wp-content\/plugins\/suno-block-ticker-quotation\/src\/suno-analitica-logo.png\" alt=\"Logo Suno Anal\u00edtica\" \/>\n\t\t\t\t<\/div>\n\n\t\t\t\t<a href=\"https:\/\/www.suno.com.br\/analitica\/acoes\/PETR4\" target=\"_blank\">\n\t\t\t\t\t<span>\n\t\t\t\t\t\tVer mais cota\u00e7\u00f5es\n\t\t\t\t\t<\/span>\n\t\t\t\t\t<svg xmlns=\"http:\/\/www.w3.org\/2000\/svg\" width=\"9\" height=\"8\" viewBox=\"0 0 9 8\" fill=\"none\">\n\t\t\t\t\t\t<path d=\"M4.20996 0L3.50496 0.705L6.29496 3.5H0.209961V4.5H6.29496L3.50496 7.295L4.20996 8L8.20996 4L4.20996 0Z\" fill=\"#D42126\" \/>\n\t\t\t\t\t<\/svg>\n\t\t\t\t<\/a>\n    <\/div>\n\n    <\/div>\n  <\/div>\n<\/div>\n\n\n<script type=\"text\/javascript\">\n  let chart_e14dc364cf27ada38e1e52630bd939e7 = document.getElementById('chart-e14dc364cf27ada38e1e52630bd939e7');\n  let data_json_e14dc364cf27ada38e1e52630bd939e7 = \"[{\\\"date\\\":\\\"01\\\\\\\/08\\\\\\\/23 10:02\\\",\\\"value\\\":30.94},{\\\"date\\\":\\\"01\\\\\\\/08\\\\\\\/23 10:04\\\",\\\"value\\\":30.84},{\\\"date\\\":\\\"01\\\\\\\/08\\\\\\\/23 10:06\\\",\\\"value\\\":30.85},{\\\"date\\\":\\\"01\\\\\\\/08\\\\\\\/23 10:08\\\",\\\"value\\\":30.81},{\\\"date\\\":\\\"01\\\\\\\/08\\\\\\\/23 11:32\\\",\\\"value\\\":30.43},{\\\"date\\\":\\\"01\\\\\\\/08\\\\\\\/23 11:34\\\",\\\"value\\\":30.38},{\\\"date\\\":\\\"01\\\\\\\/08\\\\\\\/23 11:36\\\",\\\"value\\\":30.43},{\\\"date\\\":\\\"01\\\\\\\/08\\\\\\\/23 11:38\\\",\\\"value\\\":30.48},{\\\"date\\\":\\\"01\\\\\\\/08\\\\\\\/23 11:40\\\",\\\"value\\\":30.47},{\\\"date\\\":\\\"01\\\\\\\/08\\\\\\\/23 11:42\\\",\\\"value\\\":30.5},{\\\"date\\\":\\\"01\\\\\\\/08\\\\\\\/23 11:44\\\",\\\"value\\\":30.5},{\\\"date\\\":\\\"01\\\\\\\/08\\\\\\\/23 11:46\\\",\\\"value\\\":30.5},{\\\"date\\\":\\\"01\\\\\\\/08\\\\\\\/23 11:48\\\",\\\"value\\\":30.48},{\\\"date\\\":\\\"01\\\\\\\/08\\\\\\\/23 11:50\\\",\\\"value\\\":30.45},{\\\"date\\\":\\\"01\\\\\\\/08\\\\\\\/23 11:52\\\",\\\"value\\\":30.41},{\\\"date\\\":\\\"01\\\\\\\/08\\\\\\\/23 11:54\\\",\\\"value\\\":30.41},{\\\"date\\\":\\\"01\\\\\\\/08\\\\\\\/23 11:56\\\",\\\"value\\\":30.39},{\\\"date\\\":\\\"01\\\\\\\/08\\\\\\\/23 11:58\\\",\\\"value\\\":30.41},{\\\"date\\\":\\\"01\\\\\\\/08\\\\\\\/23 12:00\\\",\\\"value\\\":30.38},{\\\"date\\\":\\\"01\\\\\\\/08\\\\\\\/23 12:02\\\",\\\"value\\\":30.35},{\\\"date\\\":\\\"01\\\\\\\/08\\\\\\\/23 12:04\\\",\\\"value\\\":30.35},{\\\"date\\\":\\\"01\\\\\\\/08\\\\\\\/23 12:06\\\",\\\"value\\\":30.4},{\\\"date\\\":\\\"01\\\\\\\/08\\\\\\\/23 12:08\\\",\\\"value\\\":30.45},{\\\"date\\\":\\\"01\\\\\\\/08\\\\\\\/23 12:10\\\",\\\"value\\\":30.41},{\\\"date\\\":\\\"01\\\\\\\/08\\\\\\\/23 12:12\\\",\\\"value\\\":30.38},{\\\"date\\\":\\\"01\\\\\\\/08\\\\\\\/23 12:14\\\",\\\"value\\\":30.36},{\\\"date\\\":\\\"01\\\\\\\/08\\\\\\\/23 12:16\\\",\\\"value\\\":30.35},{\\\"date\\\":\\\"01\\\\\\\/08\\\\\\\/23 12:18\\\",\\\"value\\\":30.3},{\\\"date\\\":\\\"01\\\\\\\/08\\\\\\\/23 12:20\\\",\\\"value\\\":30.33},{\\\"date\\\":\\\"01\\\\\\\/08\\\\\\\/23 12:22\\\",\\\"value\\\":30.35},{\\\"date\\\":\\\"01\\\\\\\/08\\\\\\\/23 12:24\\\",\\\"value\\\":30.38},{\\\"date\\\":\\\"01\\\\\\\/08\\\\\\\/23 12:26\\\",\\\"value\\\":30.37},{\\\"date\\\":\\\"01\\\\\\\/08\\\\\\\/23 12:28\\\",\\\"value\\\":30.33},{\\\"date\\\":\\\"01\\\\\\\/08\\\\\\\/23 12:30\\\",\\\"value\\\":30.37},{\\\"date\\\":\\\"01\\\\\\\/08\\\\\\\/23 12:32\\\",\\\"value\\\":30.42},{\\\"date\\\":\\\"01\\\\\\\/08\\\\\\\/23 12:34\\\",\\\"value\\\":30.45},{\\\"date\\\":\\\"01\\\\\\\/08\\\\\\\/23 12:36\\\",\\\"value\\\":30.44},{\\\"date\\\":\\\"01\\\\\\\/08\\\\\\\/23 12:38\\\",\\\"value\\\":30.39},{\\\"date\\\":\\\"01\\\\\\\/08\\\\\\\/23 12:40\\\",\\\"value\\\":30.39},{\\\"date\\\":\\\"01\\\\\\\/08\\\\\\\/23 12:42\\\",\\\"value\\\":30.39},{\\\"date\\\":\\\"01\\\\\\\/08\\\\\\\/23 12:44\\\",\\\"value\\\":30.4},{\\\"date\\\":\\\"01\\\\\\\/08\\\\\\\/23 12:46\\\",\\\"value\\\":30.37},{\\\"date\\\":\\\"01\\\\\\\/08\\\\\\\/23 12:48\\\",\\\"value\\\":30.37},{\\\"date\\\":\\\"01\\\\\\\/08\\\\\\\/23 12:50\\\",\\\"value\\\":30.37},{\\\"date\\\":\\\"01\\\\\\\/08\\\\\\\/23 12:52\\\",\\\"value\\\":30.33},{\\\"date\\\":\\\"01\\\\\\\/08\\\\\\\/23 12:54\\\",\\\"value\\\":30.34},{\\\"date\\\":\\\"01\\\\\\\/08\\\\\\\/23 12:56\\\",\\\"value\\\":30.31},{\\\"date\\\":\\\"01\\\\\\\/08\\\\\\\/23 12:58\\\",\\\"value\\\":30.31},{\\\"date\\\":\\\"01\\\\\\\/08\\\\\\\/23 13:00\\\",\\\"value\\\":30.22},{\\\"date\\\":\\\"01\\\\\\\/08\\\\\\\/23 13:02\\\",\\\"value\\\":30.18},{\\\"date\\\":\\\"01\\\\\\\/08\\\\\\\/23 13:04\\\",\\\"value\\\":30.15},{\\\"date\\\":\\\"01\\\\\\\/08\\\\\\\/23 13:06\\\",\\\"value\\\":30.07},{\\\"date\\\":\\\"01\\\\\\\/08\\\\\\\/23 13:08\\\",\\\"value\\\":30.02},{\\\"date\\\":\\\"01\\\\\\\/08\\\\\\\/23 13:10\\\",\\\"value\\\":30},{\\\"date\\\":\\\"01\\\\\\\/08\\\\\\\/23 13:12\\\",\\\"value\\\":30.1},{\\\"date\\\":\\\"01\\\\\\\/08\\\\\\\/23 13:14\\\",\\\"value\\\":30.09},{\\\"date\\\":\\\"01\\\\\\\/08\\\\\\\/23 13:16\\\",\\\"value\\\":30.11},{\\\"date\\\":\\\"01\\\\\\\/08\\\\\\\/23 13:18\\\",\\\"value\\\":30.13},{\\\"date\\\":\\\"01\\\\\\\/08\\\\\\\/23 13:20\\\",\\\"value\\\":30.15},{\\\"date\\\":\\\"01\\\\\\\/08\\\\\\\/23 13:22\\\",\\\"value\\\":30.14},{\\\"date\\\":\\\"01\\\\\\\/08\\\\\\\/23 13:32\\\",\\\"value\\\":30.19},{\\\"date\\\":\\\"01\\\\\\\/08\\\\\\\/23 13:34\\\",\\\"value\\\":30.2},{\\\"date\\\":\\\"01\\\\\\\/08\\\\\\\/23 13:36\\\",\\\"value\\\":30.25},{\\\"date\\\":\\\"01\\\\\\\/08\\\\\\\/23 13:38\\\",\\\"value\\\":30.25},{\\\"date\\\":\\\"01\\\\\\\/08\\\\\\\/23 13:40\\\",\\\"value\\\":30.24},{\\\"date\\\":\\\"01\\\\\\\/08\\\\\\\/23 13:42\\\",\\\"value\\\":30.24},{\\\"date\\\":\\\"01\\\\\\\/08\\\\\\\/23 13:44\\\",\\\"value\\\":30.21},{\\\"date\\\":\\\"01\\\\\\\/08\\\\\\\/23 13:46\\\",\\\"value\\\":30.22},{\\\"date\\\":\\\"01\\\\\\\/08\\\\\\\/23 13:48\\\",\\\"value\\\":30.18},{\\\"date\\\":\\\"01\\\\\\\/08\\\\\\\/23 13:50\\\",\\\"value\\\":30.19},{\\\"date\\\":\\\"01\\\\\\\/08\\\\\\\/23 13:52\\\",\\\"value\\\":30.2},{\\\"date\\\":\\\"01\\\\\\\/08\\\\\\\/23 13:54\\\",\\\"value\\\":30.21},{\\\"date\\\":\\\"01\\\\\\\/08\\\\\\\/23 13:56\\\",\\\"value\\\":30.21},{\\\"date\\\":\\\"01\\\\\\\/08\\\\\\\/23 13:58\\\",\\\"value\\\":30.2},{\\\"date\\\":\\\"01\\\\\\\/08\\\\\\\/23 14:00\\\",\\\"value\\\":30.2},{\\\"date\\\":\\\"01\\\\\\\/08\\\\\\\/23 14:02\\\",\\\"value\\\":30.19},{\\\"date\\\":\\\"01\\\\\\\/08\\\\\\\/23 14:04\\\",\\\"value\\\":30.17},{\\\"date\\\":\\\"01\\\\\\\/08\\\\\\\/23 14:06\\\",\\\"value\\\":30.2},{\\\"date\\\":\\\"01\\\\\\\/08\\\\\\\/23 14:08\\\",\\\"value\\\":30.16},{\\\"date\\\":\\\"01\\\\\\\/08\\\\\\\/23 14:10\\\",\\\"value\\\":30.17},{\\\"date\\\":\\\"01\\\\\\\/08\\\\\\\/23 14:12\\\",\\\"value\\\":30.18},{\\\"date\\\":\\\"01\\\\\\\/08\\\\\\\/23 14:14\\\",\\\"value\\\":30.18},{\\\"date\\\":\\\"01\\\\\\\/08\\\\\\\/23 14:16\\\",\\\"value\\\":30.22},{\\\"date\\\":\\\"01\\\\\\\/08\\\\\\\/23 14:18\\\",\\\"value\\\":30.24},{\\\"date\\\":\\\"01\\\\\\\/08\\\\\\\/23 15:28\\\",\\\"value\\\":30.45},{\\\"date\\\":\\\"01\\\\\\\/08\\\\\\\/23 15:30\\\",\\\"value\\\":30.43},{\\\"date\\\":\\\"01\\\\\\\/08\\\\\\\/23 15:32\\\",\\\"value\\\":30.44},{\\\"date\\\":\\\"01\\\\\\\/08\\\\\\\/23 15:34\\\",\\\"value\\\":30.43},{\\\"date\\\":\\\"01\\\\\\\/08\\\\\\\/23 15:36\\\",\\\"value\\\":30.44},{\\\"date\\\":\\\"01\\\\\\\/08\\\\\\\/23 15:38\\\",\\\"value\\\":30.44},{\\\"date\\\":\\\"01\\\\\\\/08\\\\\\\/23 15:40\\\",\\\"value\\\":30.48},{\\\"date\\\":\\\"01\\\\\\\/08\\\\\\\/23 15:42\\\",\\\"value\\\":30.48},{\\\"date\\\":\\\"01\\\\\\\/08\\\\\\\/23 15:44\\\",\\\"value\\\":30.49},{\\\"date\\\":\\\"01\\\\\\\/08\\\\\\\/23 15:46\\\",\\\"value\\\":30.49},{\\\"date\\\":\\\"01\\\\\\\/08\\\\\\\/23 15:48\\\",\\\"value\\\":30.5},{\\\"date\\\":\\\"01\\\\\\\/08\\\\\\\/23 15:50\\\",\\\"value\\\":30.49},{\\\"date\\\":\\\"01\\\\\\\/08\\\\\\\/23 15:52\\\",\\\"value\\\":30.49},{\\\"date\\\":\\\"01\\\\\\\/08\\\\\\\/23 15:54\\\",\\\"value\\\":30.48},{\\\"date\\\":\\\"01\\\\\\\/08\\\\\\\/23 15:56\\\",\\\"value\\\":30.48},{\\\"date\\\":\\\"01\\\\\\\/08\\\\\\\/23 15:58\\\",\\\"value\\\":30.48},{\\\"date\\\":\\\"01\\\\\\\/08\\\\\\\/23 16:00\\\",\\\"value\\\":30.49},{\\\"date\\\":\\\"01\\\\\\\/08\\\\\\\/23 16:02\\\",\\\"value\\\":30.49},{\\\"date\\\":\\\"01\\\\\\\/08\\\\\\\/23 16:04\\\",\\\"value\\\":30.46},{\\\"date\\\":\\\"01\\\\\\\/08\\\\\\\/23 16:06\\\",\\\"value\\\":30.47},{\\\"date\\\":\\\"01\\\\\\\/08\\\\\\\/23 16:08\\\",\\\"value\\\":30.49},{\\\"date\\\":\\\"01\\\\\\\/08\\\\\\\/23 16:10\\\",\\\"value\\\":30.49},{\\\"date\\\":\\\"01\\\\\\\/08\\\\\\\/23 16:12\\\",\\\"value\\\":30.48},{\\\"date\\\":\\\"01\\\\\\\/08\\\\\\\/23 16:14\\\",\\\"value\\\":30.49},{\\\"date\\\":\\\"01\\\\\\\/08\\\\\\\/23 16:46\\\",\\\"value\\\":30.55},{\\\"date\\\":\\\"01\\\\\\\/08\\\\\\\/23 16:48\\\",\\\"value\\\":30.57},{\\\"date\\\":\\\"01\\\\\\\/08\\\\\\\/23 16:50\\\",\\\"value\\\":30.55},{\\\"date\\\":\\\"01\\\\\\\/08\\\\\\\/23 16:52\\\",\\\"value\\\":30.54},{\\\"date\\\":\\\"01\\\\\\\/08\\\\\\\/23 16:54\\\",\\\"value\\\":30.52},{\\\"date\\\":\\\"01\\\\\\\/08\\\\\\\/23 17:06\\\",\\\"value\\\":30.6},{\\\"date\\\":\\\"01\\\\\\\/08\\\\\\\/23 17:30\\\",\\\"value\\\":30.58}]\";\n  let isPositive_e14dc364cf27ada38e1e52630bd939e7 = \"\";\n\n  let color_e14dc364cf27ada38e1e52630bd939e7 = isPositive_e14dc364cf27ada38e1e52630bd939e7 ? '#3AB53A' : '#D92C2D';\n\n  let data_e14dc364cf27ada38e1e52630bd939e7 = JSON.parse(data_json_e14dc364cf27ada38e1e52630bd939e7);\n\n  const result_e14dc364cf27ada38e1e52630bd939e7 = {\n    date: [],\n    value: [],\n  };\n\n  data_e14dc364cf27ada38e1e52630bd939e7.forEach((item) => {\n    result_e14dc364cf27ada38e1e52630bd939e7.date.push(item.date);\n    result_e14dc364cf27ada38e1e52630bd939e7.value.push(Number(item.value));\n  });\n\n  let option_e14dc364cf27ada38e1e52630bd939e7 = {\n    \/\/ variavel de cor global\n    color: [color_e14dc364cf27ada38e1e52630bd939e7],\n    title: {\n      text: '',\n    },\n    tooltip: {\n      trigger: 'axis',\n      axisPointer: {\n        type: 'cross',\n        label: {\n          \/\/ cor dos valores em X e Y\n          backgroundColor: color_e14dc364cf27ada38e1e52630bd939e7,\n          formatter: (value) => {\n            if (typeof value.value === 'number') {\n              return Number(value.value).toLocaleString('pt-br', {\n                style: 'currency',\n                currency: 'BRL'\n              });\n            }\n            return value.value;\n          },\n        },\n      },\n      valueFormatter: (value) => Number(value).toLocaleString('pt-br', {\n        style: 'currency',\n        currency: 'BRL'\n      }),\n    },\n    legend: {\n      \/\/ data: ['Valor de Fechamento'],\n      show: false,\n    },\n    toolbox: {\n      feature: {\n        saveAsImage: {\n          show: false,\n        },\n      },\n    },\n    grid: {\n      left: '0px',\n      right: '0px',\n      bottom: '0px',\n      containLabel: true,\n    },\n    xAxis: [{\n      type: 'category',\n      data: result_e14dc364cf27ada38e1e52630bd939e7.date,\n      boundaryGap: true,\n    }],\n    yAxis: [{\n      type: 'value',\n      min: Math.min(...result_e14dc364cf27ada38e1e52630bd939e7.value),\n      max: Math.max(...result_e14dc364cf27ada38e1e52630bd939e7.value),\n      axisLabel: {\n        formatter: (value) => value.toLocaleString('pt-br', {\n          style: 'currency',\n          currency: 'BRL'\n        }),\n      },\n    }],\n    series: [{\n      name: 'Valor de Fechamento',\n      type: 'line',\n      stack: 'Total',\n      \/\/ cor do grafico\n      areaStyle: {},\n      emphasis: {\n        focus: 'series',\n      },\n      data: result_e14dc364cf27ada38e1e52630bd939e7.value,\n      \/\/ cor da linha\n      lineStyle: {\n        color: color_e14dc364cf27ada38e1e52630bd939e7,\n      },\n    }, ],\n  };\n\n\twindow.chart_e14dc364cf27ada38e1e52630bd939e7 = {\n\t\tel: chart_e14dc364cf27ada38e1e52630bd939e7,\n\t\toption: option_e14dc364cf27ada38e1e52630bd939e7\t};\n\n\n<\/script>\n\n\n\n<p>Segundo a reportagem, <strong>Prates<\/strong> teria voltado atr\u00e1s a pedido do presidente da Rep\u00fablica, Luiz In\u00e1cio Lula da Silva, com quem esteve reunido nesta manh\u00e3, ao lado de todos os diretores da empresa e outras autoridades.<\/p>\n\n\n\n<p>De acordo com o <strong>presidente da estatal<\/strong>, o encontro teve por objetivo apresentar os investimentos planejados pela estatal e o que j\u00e1 foi feito nos seis primeiros meses de gest\u00e3o. &#8220;A reuni\u00e3o foi para falar de investimentos, para arrematar o PAC (Programa de Acelera\u00e7\u00e3o do Crescimento) com todos os nossos diretores, o MME e a Casa Civil. Foi uma organiza\u00e7\u00e3o geral dos temas com os ministros e o Presidente&#8221;, informou o Broadcast.<\/p>\n\n\n\n<p>Ele creditou os boatos sobre a interfer\u00eancia do governo nos pre\u00e7os aos insatisfeitos com a mudan\u00e7a de <strong>rumo da Petrobras<\/strong>, que abandonou a <strong>pol\u00edtica de paridade de importa\u00e7\u00e3o<\/strong> (PPI) em meados de maio e adotou uma estrat\u00e9gia comercial mais competitiva. Com a PPI, segundo Prates, os concorrentes podiam prever os movimentos da empresa, o que reduzia a competi\u00e7\u00e3o. <\/p>\n\n\n\n<p>&#8220;Em nenhum momento falamos de pre\u00e7o, pode ser que l\u00e1 na frente eu tenha que chegar e dizer que vou aumentar, mas n\u00e3o vou aumentar agora, estamos confort\u00e1veis com essa volatilidade&#8221;, disse o ex-senador, ressaltando que o petr\u00f3leo hoje est\u00e1 em queda. &#8220;Se o pre\u00e7o se estabelecer em outro patamar, vamos ponderar e fazer o reajuste necess\u00e1rio&#8221;, garantiu.<\/p>\n\n\n\n<p>Prates afirmou que o trauma maior do aumento de pre\u00e7os foi registrado nas gest\u00f5es anteriores, lembrando que em 2017, por conta do PPI, uma greve de caminhoneiros mostrou como a pol\u00edtica da PPI estava errada. &#8220;Foram 118 reajustes em um \u00fanico ano (2017), isso desestabiliza o mercado&#8221;, avaliou Prates.<\/p>\n\n\n\n<p>De acordo com o executivo, quem reclama da falta de reajustes s\u00e3o importadores ineficientes, e que, para a Petrobras, n\u00e3o existe a diferen\u00e7a de 25% no pre\u00e7o vendido na refinaria na compara\u00e7\u00e3o com o mercado internacional. At\u00e9 nisso a Petrobras \u00e9 mais eficiente. Para n\u00f3s n\u00e3o existe esse descolamento de pre\u00e7os de 25% como apontam&#8221;, concluiu.<\/p>\n\n\n\n<h2 class=\"wp-block-heading\">Petrobras informa queda no pre\u00e7o do querosene de avia\u00e7\u00e3o<\/h2>\n\n\n\n<p>A <strong>Petrobras<\/strong> informou nesta ter\u00e7a-feira (1) uma redu\u00e7\u00e3o m\u00e9dia de 4,2% no pre\u00e7o de venda do querosene de avia\u00e7\u00e3o (QAV) em suas refinarias. Os novos pre\u00e7os valem a partir de hoje.<\/p>\n\n\n\n<p>Segundo a estatal, os valores v\u00e3o de R$ 3.360 por metro c\u00fabico, o mais barato, em S\u00e3o Lu\u00eds, no Maranh\u00e3o, a R$ 3.600 por metro c\u00fabico em Canoas, no Rio Grande do Sul, o mais caro. <\/p>\n\n\n\n<p>Os contratos de QAV da Petrobras t\u00eam reajustes mensais.<\/p>\n\n\n\n<p>Este \u00e9 o segundo aumento seguido do produto, ap\u00f3s sucessivas redu\u00e7\u00f5es de pre\u00e7o desde o in\u00edcio do ano. O movimento segue a tend\u00eancia de alta do petr\u00f3leo, mas n\u00e3o atingiu outros produtos da companhia, como o diesel e a gasolina, que n\u00e3o est\u00e3o sujeitos a contratos mensais e flutuam de acordo com o mercado.<\/p>\n\n\n\t<p>\n\t\t<a href=\"https:\/\/lp.suno.com.br\/ebook-como-analisar-uma-acao\/\" target=\"_blank\" data-element=\"shortcode-suno-banner\" title=\"Banner SUNO, clique e saiba mais\">\n\t\t\t<picture>\n\t\t\t\t<source media=\"(max-width: 500px)\" srcset=\"https:\/\/files.sunoresearch.com.br\/n\/uploads\/2023\/03\/Ebook-Acoes-Mobile.jpg\">\n\t\t\t\t<img class=\"newsContent__article__imgCapa newsContent__article__imgCapa--banner\"\n\t\t\t\t\tsrc=\"https:\/\/files.sunoresearch.com.br\/n\/uploads\/2023\/03\/Ebook-Acoes-Desktop.jpg\"\n\t\t\t\t\tdata-promo-id=\"378302\"\t\t\t\t\t\t\t\t\t\twidth='1420' height='286'\t\t\t\t\talt=\"https:\/\/files.sunoresearch.com.br\/n\/uploads\/2023\/03\/Ebook-Acoes-Desktop.jpg\"\n\t\t\t\t>\n\t\t\t<\/picture>\n\t\t<\/a>\n\t<\/p>\n\n\n\n\n\n<h2 class=\"wp-block-heading\">Petrobras convocar\u00e1 mais de 2,7 mil pessoas aprovadas em concursos<\/h2>\n\n\n\n<p>A&nbsp;<strong>Petrobras <\/strong>anunciou que ir\u00e1 chamar 2.710 aprovados em concursos de n\u00edveis superior e t\u00e9cnico do seu banco de cadastros de reserva.&nbsp;<\/p>\n\n\n\n<p>Os convocados de<strong>&nbsp;n\u00edvel superior<\/strong>&nbsp;ser\u00e3o referentes ao concurso realizado em 2021. Destes, 1.350 novos empregados ser\u00e3o chamados, incluindo as principais \u00eanfases de&nbsp;<strong>engenharia<\/strong>, al\u00e9m de analistas de sistemas e cientistas de dados, administradores, economistas, ge\u00f3logos e geof\u00edsicos.<img decoding=\"async\" src=\"https:\/\/agenciabrasil.ebc.com.br\/ebc.png?id=1546588&amp;o=rss\"><img decoding=\"async\" src=\"https:\/\/agenciabrasil.ebc.com.br\/ebc.gif?id=1546588&amp;o=rss\"><\/p>\n\n\n\n<p>Al\u00e9m disso, 820 novos profissionais de<strong>&nbsp;n\u00edvel t\u00e9cnico<\/strong>, de um concurso realizado neste ano, ter\u00e3o atua\u00e7\u00e3o na produ\u00e7\u00e3o do Campo de B\u00fazios, na Bacia de Santos,&nbsp;a 180 km do Rio de Janeiro e no setor de refino da companhia.<\/p>\n\n\n\n<p>Segundo o&nbsp;<strong>presidente da Petrobras<\/strong>,&nbsp;<a href=\"https:\/\/www.suno.com.br\/noticias\/lula-jean-prates-petrobras-petr4\/\" target=\"_blank\" rel=\"noreferrer noopener\">Jean Paul Prates<\/a>, \u201cestamos admitindo 100% desses dois cadastros de reserva.<\/p>\n\n\n\n<p>\u201cMuito em breve, mais de duas mil pessoas v\u00e3o realizar o sonho de ser Petrobras. \u00c9 sempre bom poder contar com novos talentos que chegam motivados e com novas vis\u00f5es para o neg\u00f3cio e processos de trabalho\u201d, comunicou o presidente da petroleira.<\/p>\n\n\n\n<h2 class=\"wp-block-heading\">Mais 458 vagas em novo concurso da Petrobras<\/h2>\n\n\n\n<p>A companhia vai realizar um novo concurso p\u00fablico para completar 458 vagas de n\u00edvel t\u00e9cnico, que ser\u00e1 aberto at\u00e9 o fim do ano. O edital ter\u00e1 previs\u00e3o de 20% de vagas para candidatos negros e outros 20% para&nbsp;<strong>Pessoas com Defici\u00eancia (PcD)<\/strong>.<\/p>\n\n\n\n<p>A diretora de Assuntos Corporativos da Petrobras, Clarice Coppetti, disse que \u201ca diversidade ganha cada vez mais espa\u00e7o na nossa empresa. \u00c9 um valor com o qual nos comprometemos porque enxergamos que viv\u00eancias plurais s\u00e3o motores para consolidarmos a&nbsp;<strong>Petrobras&nbsp;<\/strong>como um ambiente inclusivo e que abra\u00e7a as diferen\u00e7as como uma oportunidade de crescimento\u201d.<\/p>\n\n\n\n<p><em>Com informa\u00e7\u00f5es de Estad\u00e3o Conte\u00fado e Ag\u00eancia Brasil<\/em><\/p>\n\n\n\t<p>\n\t\t<a href=\"https:\/\/lp.suno.com.br\/plataforma-de-controle-de-investimentos\/\" target=\"_blank\" data-element=\"shortcode-suno-banner\" title=\"Banner SUNO, clique e saiba mais\">\n\t\t\t<picture>\n\t\t\t\t<source media=\"(max-width: 500px)\" srcset=\"https:\/\/files.sunoresearch.com.br\/n\/uploads\/2023\/03\/400x300-Controle-de-Investimentos.png\">\n\t\t\t\t<img class=\"newsContent__article__imgCapa newsContent__article__imgCapa--banner\"\n\t\t\t\t\tsrc=\"https:\/\/files.sunoresearch.com.br\/n\/uploads\/2023\/03\/1420x240-Controle-de-Investimentos.png\"\n\t\t\t\t\tdata-promo-id=\"383162\"\t\t\t\t\t\t\t\t\t\twidth='1420' height='240'\t\t\t\t\talt=\"https:\/\/files.sunoresearch.com.br\/n\/uploads\/2023\/03\/1420x240-Controle-de-Investimentos.png\"\n\t\t\t\t>\n\t\t\t<\/picture>\n\t\t<\/a>\n\t<\/p>\n\n\n","protected":false},"excerpt":{"rendered":"<p>As a\u00e7\u00f5es da Petrobras (PETR4) despencaram no Ibovespa nesta ter\u00e7a-feira (1), entre as maiores perdas do \u00edndice, com o mercado repercutindo a entrevista do presidente da estatal, Jean Paul Prates, ao Broadcast, dizendo que n\u00e3o procedem rumores de que iria aumentar entre hoje e amanh\u00e3 os pre\u00e7os dos combust\u00edveis, Jean Paul Prates, CEO da Petrobras [&hellip;]<\/p>\n","protected":false},"author":43,"featured_media":374375,"comment_status":"closed","ping_status":"closed","sticky":false,"template":"","format":"standard","meta":[],"categories":[64],"tags":[286,595],"suno_strategy":[],"class_list":["post-436551","post","type-post","status-publish","format-standard","has-post-thumbnail","hentry","category-negocios","tag-acoes","tag-petrobras-petr4"],"yoast_head":"<!-- This site is optimized with the Yoast SEO plugin v24.4 - https:\/\/yoast.com\/wordpress\/plugins\/seo\/ -->\n<title>Petrobras (PETR4): presidente nega reajuste nos pre\u00e7os dos combust\u00edveis<\/title>\n<meta name=\"description\" content=\"As a\u00e7\u00f5es da Petrobras (PETR4) despencam no Ibovespa na tarde desta ter\u00e7a-feira (1), liderando as perdas do \u00edndice. Saiba por qu\u00ea!\" \/>\n<meta name=\"robots\" content=\"index, follow, max-snippet:-1, max-image-preview:large, max-video-preview:-1\" \/>\n<link rel=\"canonical\" href=\"https:\/\/www.suno.com.br\/noticias\/petrobras-petr4-presidente-nega-reajuste-precos-dos-combustiveis-gpj\/\" \/>\n<meta property=\"og:locale\" content=\"pt_BR\" \/>\n<meta property=\"og:type\" content=\"article\" \/>\n<meta property=\"og:title\" content=\"Petrobras (PETR4): presidente nega reajuste nos pre\u00e7os dos combust\u00edveis\" \/>\n<meta property=\"og:description\" content=\"As a\u00e7\u00f5es da Petrobras (PETR4) despencam no Ibovespa na tarde desta ter\u00e7a-feira (1), liderando as perdas do \u00edndice. Saiba por qu\u00ea!\" \/>\n<meta property=\"og:url\" content=\"https:\/\/www.suno.com.br\/noticias\/petrobras-petr4-presidente-nega-reajuste-precos-dos-combustiveis-gpj\/\" \/>\n<meta property=\"og:site_name\" content=\"Suno Not\u00edcias\" \/>\n<meta property=\"article:publisher\" content=\"https:\/\/facebook.com\/sunoresearch\" \/>\n<meta property=\"article:author\" content=\"https:\/\/www.facebook.com\/sunonoticias\/\" \/>\n<meta property=\"og:image\" content=\"https:\/\/files.sunoresearch.com.br\/n\/uploads\/2023\/03\/coletiva_presidente_petrobras_jeanpaulprates_8_-_02-03-2023-scaled.jpg\" \/>\n\t<meta property=\"og:image:width\" content=\"2560\" \/>\n\t<meta property=\"og:image:height\" content=\"1707\" \/>\n\t<meta property=\"og:image:type\" content=\"image\/jpeg\" \/>\n<meta name=\"author\" content=\"Reda\u00e7\u00e3o Suno Not\u00edcias\" \/>\n<meta name=\"twitter:card\" content=\"summary_large_image\" \/>\n<meta name=\"twitter:creator\" content=\"@https:\/\/twitter.com\/sunoresearch\" \/>\n<meta name=\"twitter:site\" content=\"@sunoresearch\" \/>\n<meta name=\"twitter:label1\" content=\"Escrito por\" \/>\n\t<meta name=\"twitter:data1\" content=\"Reda\u00e7\u00e3o Suno Not\u00edcias\" \/>\n\t<meta name=\"twitter:label2\" content=\"Est. tempo de leitura\" \/>\n\t<meta name=\"twitter:data2\" content=\"5 minutos\" \/>\n<script type=\"application\/ld+json\" class=\"yoast-schema-graph\">{\"@context\":\"https:\/\/schema.org\",\"@graph\":[{\"@type\":\"NewsArticle\",\"@id\":\"https:\/\/www.suno.com.br\/noticias\/petrobras-petr4-presidente-nega-reajuste-precos-dos-combustiveis-gpj\/#article\",\"isPartOf\":{\"@id\":\"https:\/\/www.suno.com.br\/noticias\/petrobras-petr4-presidente-nega-reajuste-precos-dos-combustiveis-gpj\/\"},\"author\":{\"name\":\"Reda\u00e7\u00e3o Suno Not\u00edcias\",\"@id\":\"https:\/\/www.suno.com.br\/noticias\/#\/schema\/person\/c1b1bd3727fa852bd045e9dbff3673ea\"},\"headline\":\"Petrobras (PETR4): presidente da estatal nega reajuste nos pre\u00e7os dos combust\u00edveis; a\u00e7\u00f5es caem\",\"datePublished\":\"2023-08-01T21:26:18+00:00\",\"dateModified\":\"2023-08-01T21:26:26+00:00\",\"mainEntityOfPage\":{\"@id\":\"https:\/\/www.suno.com.br\/noticias\/petrobras-petr4-presidente-nega-reajuste-precos-dos-combustiveis-gpj\/\"},\"wordCount\":922,\"publisher\":{\"@id\":\"https:\/\/www.suno.com.br\/noticias\/#organization\"},\"image\":{\"@id\":\"https:\/\/www.suno.com.br\/noticias\/petrobras-petr4-presidente-nega-reajuste-precos-dos-combustiveis-gpj\/#primaryimage\"},\"thumbnailUrl\":\"https:\/\/files.sunoresearch.com.br\/n\/uploads\/2023\/03\/coletiva_presidente_petrobras_jeanpaulprates_8_-_02-03-2023-scaled.jpg\",\"keywords\":[\"A\u00e7\u00f5es\",\"Petrobras (PETR4)\"],\"articleSection\":[\"Neg\u00f3cios\"],\"inLanguage\":\"pt-BR\"},{\"@type\":\"WebPage\",\"@id\":\"https:\/\/www.suno.com.br\/noticias\/petrobras-petr4-presidente-nega-reajuste-precos-dos-combustiveis-gpj\/\",\"url\":\"https:\/\/www.suno.com.br\/noticias\/petrobras-petr4-presidente-nega-reajuste-precos-dos-combustiveis-gpj\/\",\"name\":\"Petrobras (PETR4): presidente nega reajuste nos pre\u00e7os dos combust\u00edveis\",\"isPartOf\":{\"@id\":\"https:\/\/www.suno.com.br\/noticias\/#website\"},\"primaryImageOfPage\":{\"@id\":\"https:\/\/www.suno.com.br\/noticias\/petrobras-petr4-presidente-nega-reajuste-precos-dos-combustiveis-gpj\/#primaryimage\"},\"image\":{\"@id\":\"https:\/\/www.suno.com.br\/noticias\/petrobras-petr4-presidente-nega-reajuste-precos-dos-combustiveis-gpj\/#primaryimage\"},\"thumbnailUrl\":\"https:\/\/files.sunoresearch.com.br\/n\/uploads\/2023\/03\/coletiva_presidente_petrobras_jeanpaulprates_8_-_02-03-2023-scaled.jpg\",\"datePublished\":\"2023-08-01T21:26:18+00:00\",\"dateModified\":\"2023-08-01T21:26:26+00:00\",\"description\":\"As a\u00e7\u00f5es da Petrobras (PETR4) despencam no Ibovespa na tarde desta ter\u00e7a-feira (1), liderando as perdas do \u00edndice. Saiba por qu\u00ea!\",\"breadcrumb\":{\"@id\":\"https:\/\/www.suno.com.br\/noticias\/petrobras-petr4-presidente-nega-reajuste-precos-dos-combustiveis-gpj\/#breadcrumb\"},\"inLanguage\":\"pt-BR\",\"potentialAction\":[{\"@type\":\"ReadAction\",\"target\":[\"https:\/\/www.suno.com.br\/noticias\/petrobras-petr4-presidente-nega-reajuste-precos-dos-combustiveis-gpj\/\"]}]},{\"@type\":\"ImageObject\",\"inLanguage\":\"pt-BR\",\"@id\":\"https:\/\/www.suno.com.br\/noticias\/petrobras-petr4-presidente-nega-reajuste-precos-dos-combustiveis-gpj\/#primaryimage\",\"url\":\"https:\/\/files.sunoresearch.com.br\/n\/uploads\/2023\/03\/coletiva_presidente_petrobras_jeanpaulprates_8_-_02-03-2023-scaled.jpg\",\"contentUrl\":\"https:\/\/files.sunoresearch.com.br\/n\/uploads\/2023\/03\/coletiva_presidente_petrobras_jeanpaulprates_8_-_02-03-2023-scaled.jpg\",\"width\":2560,\"height\":1707,\"caption\":\"Jean Paul Prates, CEO da Petrobras (PETR4). Foto: Divulga\u00e7\u00e3o\/Ag\u00eancia Petrobras\"},{\"@type\":\"BreadcrumbList\",\"@id\":\"https:\/\/www.suno.com.br\/noticias\/petrobras-petr4-presidente-nega-reajuste-precos-dos-combustiveis-gpj\/#breadcrumb\",\"itemListElement\":[{\"@type\":\"ListItem\",\"position\":1,\"name\":\"Not\u00edcias\",\"item\":\"https:\/\/www.suno.com.br\/noticias\/\"},{\"@type\":\"ListItem\",\"position\":2,\"name\":\"Neg\u00f3cios\",\"item\":\"https:\/\/www.suno.com.br\/noticias\/negocios\/\"},{\"@type\":\"ListItem\",\"position\":3,\"name\":\"Petrobras (PETR4): presidente da estatal nega reajuste nos pre\u00e7os dos combust\u00edveis; a\u00e7\u00f5es caem\"}]},{\"@type\":\"WebSite\",\"@id\":\"https:\/\/www.suno.com.br\/noticias\/#website\",\"url\":\"https:\/\/www.suno.com.br\/noticias\/\",\"name\":\"Suno Not\u00edcias\",\"description\":\"Seu portal de informa\u00e7\u00e3o sobre o mundo dos investimentos\",\"publisher\":{\"@id\":\"https:\/\/www.suno.com.br\/noticias\/#organization\"},\"potentialAction\":[{\"@type\":\"SearchAction\",\"target\":{\"@type\":\"EntryPoint\",\"urlTemplate\":\"https:\/\/www.suno.com.br\/noticias\/?s={search_term_string}\"},\"query-input\":{\"@type\":\"PropertyValueSpecification\",\"valueRequired\":true,\"valueName\":\"search_term_string\"}}],\"inLanguage\":\"pt-BR\"},{\"@type\":\"Organization\",\"@id\":\"https:\/\/www.suno.com.br\/noticias\/#organization\",\"name\":\"Suno Not\u00edcias\",\"url\":\"https:\/\/www.suno.com.br\/noticias\/\",\"logo\":{\"@type\":\"ImageObject\",\"inLanguage\":\"pt-BR\",\"@id\":\"https:\/\/www.suno.com.br\/noticias\/#\/schema\/logo\/image\/\",\"url\":\"https:\/\/files.sunoresearch.com.br\/n\/uploads\/2021\/09\/suno-logo.png\",\"contentUrl\":\"https:\/\/files.sunoresearch.com.br\/n\/uploads\/2021\/09\/suno-logo.png\",\"width\":180,\"height\":180,\"caption\":\"Suno Not\u00edcias\"},\"image\":{\"@id\":\"https:\/\/www.suno.com.br\/noticias\/#\/schema\/logo\/image\/\"},\"sameAs\":[\"https:\/\/facebook.com\/sunoresearch\",\"https:\/\/x.com\/sunoresearch\",\"https:\/\/www.instagram.com\/suno\",\"https:\/\/www.linkedin.com\/company\/suno-research\/\",\"https:\/\/www.youtube.com\/c\/sunoresearch\"]},{\"@type\":\"Person\",\"@id\":\"https:\/\/www.suno.com.br\/noticias\/#\/schema\/person\/c1b1bd3727fa852bd045e9dbff3673ea\",\"name\":\"Reda\u00e7\u00e3o Suno Not\u00edcias\",\"image\":{\"@type\":\"ImageObject\",\"inLanguage\":\"pt-BR\",\"@id\":\"https:\/\/www.suno.com.br\/noticias\/#\/schema\/person\/image\/\",\"url\":\"https:\/\/secure.gravatar.com\/avatar\/b8104b9b5a71985d5238ee59fbe418af?s=96&r=g\",\"contentUrl\":\"https:\/\/secure.gravatar.com\/avatar\/b8104b9b5a71985d5238ee59fbe418af?s=96&r=g\",\"caption\":\"Reda\u00e7\u00e3o Suno Not\u00edcias\"},\"description\":\"O Suno Not\u00edcias \u00e9 um portal de informa\u00e7\u00f5es sobre Mercado Financeiro, Pol\u00edtica, Neg\u00f3cios, Economia e Finan\u00e7as Pessoais.\",\"sameAs\":[\"https:\/\/www.suno.com.br\/noticias\",\"https:\/\/www.facebook.com\/sunonoticias\/\",\"https:\/\/www.instagram.com\/sunonoticias\/\",\"https:\/\/x.com\/https:\/\/twitter.com\/sunoresearch\",\"https:\/\/www.youtube.com\/sunonoticias\"],\"url\":\"https:\/\/www.suno.com.br\/noticias\/author\/redacao-suno\/\"}]}<\/script>\n<!-- \/ Yoast SEO plugin. -->","yoast_head_json":{"title":"Petrobras (PETR4): presidente nega reajuste nos pre\u00e7os dos combust\u00edveis","description":"As a\u00e7\u00f5es da Petrobras (PETR4) despencam no Ibovespa na tarde desta ter\u00e7a-feira (1), liderando as perdas do \u00edndice. Saiba por qu\u00ea!","robots":{"index":"index","follow":"follow","max-snippet":"max-snippet:-1","max-image-preview":"max-image-preview:large","max-video-preview":"max-video-preview:-1"},"canonical":"https:\/\/www.suno.com.br\/noticias\/petrobras-petr4-presidente-nega-reajuste-precos-dos-combustiveis-gpj\/","og_locale":"pt_BR","og_type":"article","og_title":"Petrobras (PETR4): presidente nega reajuste nos pre\u00e7os dos combust\u00edveis","og_description":"As a\u00e7\u00f5es da Petrobras (PETR4) despencam no Ibovespa na tarde desta ter\u00e7a-feira (1), liderando as perdas do \u00edndice. Saiba por qu\u00ea!","og_url":"https:\/\/www.suno.com.br\/noticias\/petrobras-petr4-presidente-nega-reajuste-precos-dos-combustiveis-gpj\/","og_site_name":"Suno Not\u00edcias","article_publisher":"https:\/\/facebook.com\/sunoresearch","article_author":"https:\/\/www.facebook.com\/sunonoticias\/","og_image":[{"width":2560,"height":1707,"url":"https:\/\/files.sunoresearch.com.br\/n\/uploads\/2023\/03\/coletiva_presidente_petrobras_jeanpaulprates_8_-_02-03-2023-scaled.jpg","type":"image\/jpeg"}],"author":"Reda\u00e7\u00e3o Suno Not\u00edcias","twitter_card":"summary_large_image","twitter_creator":"@https:\/\/twitter.com\/sunoresearch","twitter_site":"@sunoresearch","twitter_misc":{"Escrito por":"Reda\u00e7\u00e3o Suno Not\u00edcias","Est. tempo de leitura":"5 minutos"},"schema":{"@context":"https:\/\/schema.org","@graph":[{"@type":"NewsArticle","@id":"https:\/\/www.suno.com.br\/noticias\/petrobras-petr4-presidente-nega-reajuste-precos-dos-combustiveis-gpj\/#article","isPartOf":{"@id":"https:\/\/www.suno.com.br\/noticias\/petrobras-petr4-presidente-nega-reajuste-precos-dos-combustiveis-gpj\/"},"author":{"name":"Reda\u00e7\u00e3o Suno Not\u00edcias","@id":"https:\/\/www.suno.com.br\/noticias\/#\/schema\/person\/c1b1bd3727fa852bd045e9dbff3673ea"},"headline":"Petrobras (PETR4): presidente da estatal nega reajuste nos pre\u00e7os dos combust\u00edveis; a\u00e7\u00f5es caem","datePublished":"2023-08-01T21:26:18+00:00","dateModified":"2023-08-01T21:26:26+00:00","mainEntityOfPage":{"@id":"https:\/\/www.suno.com.br\/noticias\/petrobras-petr4-presidente-nega-reajuste-precos-dos-combustiveis-gpj\/"},"wordCount":922,"publisher":{"@id":"https:\/\/www.suno.com.br\/noticias\/#organization"},"image":{"@id":"https:\/\/www.suno.com.br\/noticias\/petrobras-petr4-presidente-nega-reajuste-precos-dos-combustiveis-gpj\/#primaryimage"},"thumbnailUrl":"https:\/\/files.sunoresearch.com.br\/n\/uploads\/2023\/03\/coletiva_presidente_petrobras_jeanpaulprates_8_-_02-03-2023-scaled.jpg","keywords":["A\u00e7\u00f5es","Petrobras (PETR4)"],"articleSection":["Neg\u00f3cios"],"inLanguage":"pt-BR"},{"@type":"WebPage","@id":"https:\/\/www.suno.com.br\/noticias\/petrobras-petr4-presidente-nega-reajuste-precos-dos-combustiveis-gpj\/","url":"https:\/\/www.suno.com.br\/noticias\/petrobras-petr4-presidente-nega-reajuste-precos-dos-combustiveis-gpj\/","name":"Petrobras (PETR4): presidente nega reajuste nos pre\u00e7os dos combust\u00edveis","isPartOf":{"@id":"https:\/\/www.suno.com.br\/noticias\/#website"},"primaryImageOfPage":{"@id":"https:\/\/www.suno.com.br\/noticias\/petrobras-petr4-presidente-nega-reajuste-precos-dos-combustiveis-gpj\/#primaryimage"},"image":{"@id":"https:\/\/www.suno.com.br\/noticias\/petrobras-petr4-presidente-nega-reajuste-precos-dos-combustiveis-gpj\/#primaryimage"},"thumbnailUrl":"https:\/\/files.sunoresearch.com.br\/n\/uploads\/2023\/03\/coletiva_presidente_petrobras_jeanpaulprates_8_-_02-03-2023-scaled.jpg","datePublished":"2023-08-01T21:26:18+00:00","dateModified":"2023-08-01T21:26:26+00:00","description":"As a\u00e7\u00f5es da Petrobras (PETR4) despencam no Ibovespa na tarde desta ter\u00e7a-feira (1), liderando as perdas do \u00edndice. Saiba por qu\u00ea!","breadcrumb":{"@id":"https:\/\/www.suno.com.br\/noticias\/petrobras-petr4-presidente-nega-reajuste-precos-dos-combustiveis-gpj\/#breadcrumb"},"inLanguage":"pt-BR","potentialAction":[{"@type":"ReadAction","target":["https:\/\/www.suno.com.br\/noticias\/petrobras-petr4-presidente-nega-reajuste-precos-dos-combustiveis-gpj\/"]}]},{"@type":"ImageObject","inLanguage":"pt-BR","@id":"https:\/\/www.suno.com.br\/noticias\/petrobras-petr4-presidente-nega-reajuste-precos-dos-combustiveis-gpj\/#primaryimage","url":"https:\/\/files.sunoresearch.com.br\/n\/uploads\/2023\/03\/coletiva_presidente_petrobras_jeanpaulprates_8_-_02-03-2023-scaled.jpg","contentUrl":"https:\/\/files.sunoresearch.com.br\/n\/uploads\/2023\/03\/coletiva_presidente_petrobras_jeanpaulprates_8_-_02-03-2023-scaled.jpg","width":2560,"height":1707,"caption":"Jean Paul Prates, CEO da Petrobras (PETR4). Foto: Divulga\u00e7\u00e3o\/Ag\u00eancia Petrobras"},{"@type":"BreadcrumbList","@id":"https:\/\/www.suno.com.br\/noticias\/petrobras-petr4-presidente-nega-reajuste-precos-dos-combustiveis-gpj\/#breadcrumb","itemListElement":[{"@type":"ListItem","position":1,"name":"Not\u00edcias","item":"https:\/\/www.suno.com.br\/noticias\/"},{"@type":"ListItem","position":2,"name":"Neg\u00f3cios","item":"https:\/\/www.suno.com.br\/noticias\/negocios\/"},{"@type":"ListItem","position":3,"name":"Petrobras (PETR4): presidente da estatal nega reajuste nos pre\u00e7os dos combust\u00edveis; a\u00e7\u00f5es caem"}]},{"@type":"WebSite","@id":"https:\/\/www.suno.com.br\/noticias\/#website","url":"https:\/\/www.suno.com.br\/noticias\/","name":"Suno Not\u00edcias","description":"Seu portal de informa\u00e7\u00e3o sobre o mundo dos investimentos","publisher":{"@id":"https:\/\/www.suno.com.br\/noticias\/#organization"},"potentialAction":[{"@type":"SearchAction","target":{"@type":"EntryPoint","urlTemplate":"https:\/\/www.suno.com.br\/noticias\/?s={search_term_string}"},"query-input":{"@type":"PropertyValueSpecification","valueRequired":true,"valueName":"search_term_string"}}],"inLanguage":"pt-BR"},{"@type":"Organization","@id":"https:\/\/www.suno.com.br\/noticias\/#organization","name":"Suno Not\u00edcias","url":"https:\/\/www.suno.com.br\/noticias\/","logo":{"@type":"ImageObject","inLanguage":"pt-BR","@id":"https:\/\/www.suno.com.br\/noticias\/#\/schema\/logo\/image\/","url":"https:\/\/files.sunoresearch.com.br\/n\/uploads\/2021\/09\/suno-logo.png","contentUrl":"https:\/\/files.sunoresearch.com.br\/n\/uploads\/2021\/09\/suno-logo.png","width":180,"height":180,"caption":"Suno Not\u00edcias"},"image":{"@id":"https:\/\/www.suno.com.br\/noticias\/#\/schema\/logo\/image\/"},"sameAs":["https:\/\/facebook.com\/sunoresearch","https:\/\/x.com\/sunoresearch","https:\/\/www.instagram.com\/suno","https:\/\/www.linkedin.com\/company\/suno-research\/","https:\/\/www.youtube.com\/c\/sunoresearch"]},{"@type":"Person","@id":"https:\/\/www.suno.com.br\/noticias\/#\/schema\/person\/c1b1bd3727fa852bd045e9dbff3673ea","name":"Reda\u00e7\u00e3o Suno Not\u00edcias","image":{"@type":"ImageObject","inLanguage":"pt-BR","@id":"https:\/\/www.suno.com.br\/noticias\/#\/schema\/person\/image\/","url":"https:\/\/secure.gravatar.com\/avatar\/b8104b9b5a71985d5238ee59fbe418af?s=96&r=g","contentUrl":"https:\/\/secure.gravatar.com\/avatar\/b8104b9b5a71985d5238ee59fbe418af?s=96&r=g","caption":"Reda\u00e7\u00e3o Suno Not\u00edcias"},"description":"O Suno Not\u00edcias \u00e9 um portal de informa\u00e7\u00f5es sobre Mercado Financeiro, Pol\u00edtica, Neg\u00f3cios, Economia e Finan\u00e7as Pessoais.","sameAs":["https:\/\/www.suno.com.br\/noticias","https:\/\/www.facebook.com\/sunonoticias\/","https:\/\/www.instagram.com\/sunonoticias\/","https:\/\/x.com\/https:\/\/twitter.com\/sunoresearch","https:\/\/www.youtube.com\/sunonoticias"],"url":"https:\/\/www.suno.com.br\/noticias\/author\/redacao-suno\/"}]}},"default_loop_html":"<div class=\"cardsPage__listCard__boxs\"><div class=\"cardsPage__listCard__boxs__img\"><a href=\"https:\/\/www.suno.com.br\/noticias\/petrobras-petr4-presidente-nega-reajuste-precos-dos-combustiveis-gpj\/\"><img class=\"mask\" src=\"https:\/\/www.suno.com.br\/noticias\/wp-content\/themes\/suno\/resources\/images\/spotlight\/spotlight1img\/bg-mask.png\" alt=\"Image Mask\"\/><img src=\"https:\/\/files.sunoresearch.com.br\/n\/uploads\/2023\/03\/coletiva_presidente_petrobras_jeanpaulprates_8_-_02-03-2023-400x200.jpg\" alt=\"Petrobras (PETR4): presidente da estatal nega reajuste nos pre\u00e7os dos combust\u00edveis; a\u00e7\u00f5es caem\"\/><\/a><span class=\"spotlightCategory\"><a href=\"https:\/\/www.suno.com.br\/noticias\/negocios\/\">Neg\u00f3cios<\/a><\/span><\/div><div class=\"cardsPage__listCard__boxs__content\"><a href=\"https:\/\/www.suno.com.br\/noticias\/petrobras-petr4-presidente-nega-reajuste-precos-dos-combustiveis-gpj\/\"><h2 class=\"content__title\">Petrobras (PETR4): presidente da estatal nega reajuste nos pre\u00e7os dos combust\u00edveis; a\u00e7\u00f5es caem<\/h2><\/a><div class=\"newsContent__article__meta\"><div class=\"newsContent__article__meta__authorBox\"><a href=\"https:\/\/www.suno.com.br\/noticias\/author\/redacao-suno\/\" class=\"authorBox__avatar noMobi\"><img src=\"https:\/\/files.sunoresearch.com.br\/n\/uploads\/2020\/08\/0ace682d-redacao-1-150x150.webp\" alt=\"Reda\u00e7\u00e3o Suno Not\u00edcias\"><\/a><div class=\"authorBox__name\"><span>por\n\t\t\t<a href=\"https:\/\/www.suno.com.br\/noticias\/author\/redacao-suno\/\"><span itemprop=\"author\">Reda\u00e7\u00e3o Suno Not\u00edcias<\/span><\/a><\/span><time datetime=\"2023-08-01T18:26:18-03:00\" itemprop=\"datePublished\">01\/08\/2023 18:26<\/time><\/div><\/div><\/div><\/div><\/div>","single_layout":"posts","amp_enabled":true,"_links":{"self":[{"href":"https:\/\/www.suno.com.br\/noticias\/wp-json\/wp\/v2\/posts\/436551"}],"collection":[{"href":"https:\/\/www.suno.com.br\/noticias\/wp-json\/wp\/v2\/posts"}],"about":[{"href":"https:\/\/www.suno.com.br\/noticias\/wp-json\/wp\/v2\/types\/post"}],"author":[{"embeddable":true,"href":"https:\/\/www.suno.com.br\/noticias\/wp-json\/wp\/v2\/users\/43"}],"replies":[{"embeddable":true,"href":"https:\/\/www.suno.com.br\/noticias\/wp-json\/wp\/v2\/comments?post=436551"}],"version-history":[{"count":2,"href":"https:\/\/www.suno.com.br\/noticias\/wp-json\/wp\/v2\/posts\/436551\/revisions"}],"predecessor-version":[{"id":436757,"href":"https:\/\/www.suno.com.br\/noticias\/wp-json\/wp\/v2\/posts\/436551\/revisions\/436757"}],"wp:featuredmedia":[{"embeddable":true,"href":"https:\/\/www.suno.com.br\/noticias\/wp-json\/wp\/v2\/media\/374375"}],"wp:attachment":[{"href":"https:\/\/www.suno.com.br\/noticias\/wp-json\/wp\/v2\/media?parent=436551"}],"wp:term":[{"taxonomy":"category","embeddable":true,"href":"https:\/\/www.suno.com.br\/noticias\/wp-json\/wp\/v2\/categories?post=436551"},{"taxonomy":"post_tag","embeddable":true,"href":"https:\/\/www.suno.com.br\/noticias\/wp-json\/wp\/v2\/tags?post=436551"},{"taxonomy":"suno_strategy","embeddable":true,"href":"https:\/\/www.suno.com.br\/noticias\/wp-json\/wp\/v2\/suno_strategy?post=436551"}],"curies":[{"name":"wp","href":"https:\/\/api.w.org\/{rel}","templated":true}]}}