{"id":436360,"date":"2023-08-01T10:44:12","date_gmt":"2023-08-01T13:44:12","guid":{"rendered":"https:\/\/www.suno.com.br\/noticias\/?p=436360"},"modified":"2023-08-01T10:44:19","modified_gmt":"2023-08-01T13:44:19","slug":"destaques-weg-wege3-sabesp-sbsp3-e-tim-tims3-va","status":"publish","type":"post","link":"https:\/\/www.suno.com.br\/noticias\/destaques-weg-wege3-sabesp-sbsp3-e-tim-tims3-va\/","title":{"rendered":"Weg (WEGE3), Sabesp (SBSP3) e Tim (TIMS3) est\u00e3o entre os destaques do mercado financeiro hoje; veja mais"},"content":{"rendered":"<p>A informa\u00e7\u00e3o sobre o investimento da <strong>Weg<\/strong> (WEGE3) para constru\u00e7\u00e3o de duas novas f\u00e1bricas no munic\u00edpio de Itaja\u00ed, em Santa Catarina, est\u00e1 entre os destaques desta ter\u00e7a-feira (01).<\/p>\t<div class=\"wrapper-featured-image\">\n\t\t<figure class=\"spotlightImg\">\n\n\t\t\t<picture>\n\t\t\t\t<source media=\"(max-width: 768px)\" srcset=\"https:\/\/files.sunoresearch.com.br\/n\/uploads\/2023\/05\/mercado-sobe-400x200.jpg\">\n\t\t\t\t<img loading=\"lazy\" decoding=\"async\" class=\"newsContent__article__imgCapa lazyloadDisabled \" src=\"https:\/\/files.sunoresearch.com.br\/n\/uploads\/2023\/05\/mercado-sobe-800x450.jpg\" width=\"800\" height=\"450\" alt=\"Weg (WEGE3), Sabesp (SBSP3) e Tim (TIMS3) est\u00e3o entre os destaques do mercado financeiro hoje; veja mais\" fetchpriority=high \/>\n\t\t\t<\/picture>\n\n\t\t\t<figcaption class=\"wp-caption-text wp-caption-text--show\">SNEL11. Foto: iStock<\/figcaption>\n\t\t<\/figure>\n\t<\/div>\n\n\n\n\n\n\t<p>\n\t\t<a href=\"https:\/\/lp.suno.com.br\/planilha-da-vida-financeira\/\" target=\"_blank\" data-element=\"shortcode-suno-banner\" title=\"Banner SUNO, clique e saiba mais\">\n\t\t\t<picture>\n\t\t\t\t<source media=\"(max-width: 500px)\" srcset=\"https:\/\/files.sunoresearch.com.br\/n\/uploads\/2023\/04\/400x300-Planilha-vida-financeira-true.png\">\n\t\t\t\t<img class=\"newsContent__article__imgCapa newsContent__article__imgCapa--banner\"\n\t\t\t\t\tsrc=\"https:\/\/files.sunoresearch.com.br\/n\/uploads\/2023\/04\/1420x240-Planilha-vida-financeira-true.png\"\n\t\t\t\t\tdata-promo-id=\"106682\"\t\t\t\t\t\t\t\t\t\twidth='1420' height='240'\t\t\t\t\talt=\"https:\/\/files.sunoresearch.com.br\/n\/uploads\/2023\/04\/1420x240-Planilha-vida-financeira-true.png\"\n\t\t\t\t>\n\t\t\t<\/picture>\n\t\t<\/a>\n\t<\/p>\n\n\n\n\n\n\n\n<p>Tamb\u00e9m est\u00e1 entre os<strong> destaques do mercado financeiro<\/strong> a <a class=\"suno-keyword\" target=\"_blank\" data-force=\"yes\" data-priority=\"2\" href=\"https:\/\/www.suno.com.br\/acoes\/SBSP3\/\" rel=\"noopener\">Sabesp (SBSP3)<\/a>, ap\u00f3s o governador de S\u00e3o Paulo, Tarc\u00edsio de Freitas, confirmar que o modelo de follow on, oferta subsequente de a\u00e7\u00f5es, foi o escolhido para a privatiza\u00e7\u00e3o da companhia.<\/p>\n\n\n\n<p>A <a class=\"suno-keyword\" target=\"_blank\" data-force=\"yes\" data-priority=\"2\" href=\"https:\/\/www.suno.com.br\/acoes\/TIMS3\/\" rel=\"noopener\">TIM (TIMS3)<\/a> tamb\u00e9m \u00e9 destaque hoje, depois de apurar <a class=\"suno-keyword\" target=\"_blank\" data-force=\"no\" data-priority=\"1\" href=\"https:\/\/www.suno.com.br\/artigos\/lucro-liquido\/\" rel=\"noopener\">lucro l\u00edquido<\/a> normalizado de R$ 638 milh\u00f5es no segundo trimestre de 2023.<\/p>\n\n\n\n<p>Veja os <strong>destaques do mercado financeiro<\/strong> desta ter\u00e7a-feira:<\/p>\n\n\n\n<h2 class=\"wp-block-heading\">Weg<\/h2>\n\n\n\n<p>A <a class=\"suno-keyword\" data-force=\"yes\" data-priority=\"2\" href=\"https:\/\/www.suno.com.br\/acoes\/WEGE3\/\" target=\"_blank\" rel=\"noopener\">Weg (<strong>WEGE3<\/strong>)<\/a> anunciou, nesta segunda-feira (31), que investir\u00e1 R$ 87 milh\u00f5es na constru\u00e7\u00e3o de duas novas f\u00e1bricas no munic\u00edpio de Itaja\u00ed, em Santa Catarina, com o objetivo de aumentar a capacidade e a verticaliza\u00e7\u00e3o dos processos produtivos.<\/p>\n\n\n\n<p>Com o investimento da Weg, ser\u00e1 constru\u00edda uma serralheria espec\u00edfica para a fabrica\u00e7\u00e3o de partes, pe\u00e7as e inv\u00f3lucros para inversores de frequ\u00eancia, soft-starters e chaves especiais para fabricantes de m\u00e1quinas. A empresa ter\u00e1 ainda nova f\u00e1brica de tomadas e interruptores para atender o mercado de infraestrutura predial, comercial e residencial.<\/p>\n\n\n\t<div data-element=\"shortcode-read-more\" class=\"knowMore\">\n\t\t\t\t<span class=\"knowMore__title\">Leia mais<\/span>\n\t\t\t\t<a class=\"knowMore__link\" href=\"https:\/\/www.suno.com.br\/noticias\/weg-wege3-investe-novas-fabricas-santa-catarina-va\/\">\n\t\t\tWeg (WEGE3) investe R$ 87 milh\u00f5es em novas f\u00e1bricas em Santa Catarina\t\t<\/a>\n\t<\/div>\n\n\n\n\n<h2 class=\"wp-block-heading\">Sabesp <\/h2>\n\n\n\n<p>O governador de S\u00e3o Paulo, Tarcisio de Freitas, confirmou nesta segunda, 31, que o modelo de follow on, oferta subsequente de a\u00e7\u00f5es, foi o escolhido para a privatiza\u00e7\u00e3o da <strong>Sabesp (SBSP3)<\/strong>. A informa\u00e7\u00e3o tinha sido antecipada pelo Broadcast, do Grupo Estado.<\/p>\n\n\n\n<p>Tarc\u00edsio considera que esse \u00e9 o modelo mais adapt\u00e1vel para Sabesp por ser mais flex\u00edvel. \u201cO objetivo \u00e9 oferecer uma maior concentra\u00e7\u00e3o de capital para atrair investidores de refer\u00eancia\u201d, complementou.<\/p>\n\n\n\n<h2 class=\"wp-block-heading\">Tim Brasil<\/h2>\n\n\n\n<p>A <strong>Tim (TIMS3)<\/strong> apurou <a class=\"suno-keyword\" data-force=\"no\" data-priority=\"1\" href=\"https:\/\/www.suno.com.br\/artigos\/lucro-liquido\/\" target=\"_blank\" rel=\"noopener\">lucro l\u00edquido<\/a> normalizado de R$ 638 milh\u00f5es no segundo trimestre de 2023, alta de 104% em rela\u00e7\u00e3o ao mesmo per\u00edodo de 2022.<\/p>\n\n\n\n<p>O Ebitda da Tim normalizado atingiu R$ 2,914 bilh\u00f5es, avan\u00e7o de 17,2% na compara\u00e7\u00e3o anual.<\/p>\n\n\n\t<div data-element=\"shortcode-read-more\" class=\"knowMore\">\n\t\t\t\t<span class=\"knowMore__title\">Leia mais<\/span>\n\t\t\t\t<a class=\"knowMore__link\" href=\"https:\/\/www.suno.com.br\/noticias\/tim-tims3-lucro-salta-dobro-2t23\/\">\n\t\t\tTIM (TIMS3): lucro salta mais que o dobro e atinge R$ 638 milh\u00f5es no 2T23\t\t<\/a>\n\t<\/div>\n\n\n\n\n<h2 class=\"wp-block-heading\">Totvs<\/h2>\n\n\n\n<p>A <a class=\"suno-keyword\" data-force=\"yes\" data-priority=\"2\" href=\"https:\/\/www.suno.com.br\/acoes\/TOTS3\/\" target=\"_blank\" rel=\"noopener\"><strong>Totvs (TOTS3)<\/strong><\/a> divulgou que concluiu, a cria\u00e7\u00e3o de uma joint venture com o <a class=\"suno-keyword\" data-force=\"yes\" data-priority=\"2\" href=\"https:\/\/www.suno.com.br\/acoes\/ITUB4\/\" target=\"_blank\" rel=\"noopener\"><strong>Ita\u00fa Unibanco (ITUB4)<\/strong><\/a> para atuar em techfin, empresa de tecnologia que oferece servi\u00e7os financeiros.<\/p>\n\n\n\n<p>No acordo da transa\u00e7\u00e3o, o Ita\u00fa passa a deter 50% do capital social da Totvs Techfin, mediante aporte prim\u00e1rio de R$ 200 milh\u00f5es no capital social da unidade e pagamento \u00e0 Totvs de R$ 410 milh\u00f5es \u00e0 vista e at\u00e9 R$ 450 milh\u00f5es a serem pagos ap\u00f3s 5 anos, a t\u00edtulo de pre\u00e7o complementar (earn-out) \u2013 mediante o atingimento de metas alinhadas aos objetivos de crescimento e performance da joint venture.<\/p>\n\n\n\t<div data-element=\"shortcode-read-more\" class=\"knowMore\">\n\t\t\t\t<span class=\"knowMore__title\">Leia mais<\/span>\n\t\t\t\t<a class=\"knowMore__link\" href=\"https:\/\/www.suno.com.br\/noticias\/totvs-tots3-itau-itub4-finalizam-criacao-de-joint-venture-techfin-va\/\">\n\t\t\tTotvs (TOTS3) e Ita\u00fa (ITUB4) finalizam cria\u00e7\u00e3o de joint venture para atuar em techfin\t\t<\/a>\n\t<\/div>\n\n\n\n\t<p>\n\t\t<a href=\"https:\/\/lp.suno.com.br\/ebook-como-analisar-uma-acao\/\" target=\"_blank\" data-element=\"shortcode-suno-banner\" title=\"Banner SUNO, clique e saiba mais\">\n\t\t\t<picture>\n\t\t\t\t<source media=\"(max-width: 500px)\" srcset=\"https:\/\/files.sunoresearch.com.br\/n\/uploads\/2023\/03\/Ebook-Acoes-Mobile.jpg\">\n\t\t\t\t<img class=\"newsContent__article__imgCapa newsContent__article__imgCapa--banner\"\n\t\t\t\t\tsrc=\"https:\/\/files.sunoresearch.com.br\/n\/uploads\/2023\/03\/Ebook-Acoes-Desktop.jpg\"\n\t\t\t\t\tdata-promo-id=\"378302\"\t\t\t\t\t\t\t\t\t\twidth='1420' height='286'\t\t\t\t\talt=\"https:\/\/files.sunoresearch.com.br\/n\/uploads\/2023\/03\/Ebook-Acoes-Desktop.jpg\"\n\t\t\t\t>\n\t\t\t<\/picture>\n\t\t<\/a>\n\t<\/p>\n\n\n\n\n\n<h2 class=\"wp-block-heading\">Isa Cteep<\/h2>\n\n\n\n<p>A <a class=\"suno-keyword\" data-force=\"yes\" data-priority=\"2\" href=\"https:\/\/www.suno.com.br\/acoes\/TRPL4\/\" target=\"_blank\" rel=\"noopener\"><strong>Isa Cteep (TRPL4)<\/strong><\/a> encerrou o segundo trimestre de 2023 (2T23) com <a class=\"suno-keyword\" data-force=\"no\" data-priority=\"1\" href=\"https:\/\/www.suno.com.br\/artigos\/lucro-liquido\/\" target=\"_blank\" rel=\"noopener\">lucro l\u00edquido<\/a> de R$ 261,2 milh\u00f5es, uma alta de 252,6% frente ao registrado no mesmo per\u00edodo de 2022.<\/p>\n\n\n\n<p>O Ebitda do per\u00edodo totalizou R$ 686,8 milh\u00f5es, aumento de 23,8% na compara\u00e7\u00e3o anual.<\/p>\n\n\n\t<div data-element=\"shortcode-read-more\" class=\"knowMore\">\n\t\t\t\t<span class=\"knowMore__title\">Leia mais<\/span>\n\t\t\t\t<a class=\"knowMore__link\" href=\"https:\/\/www.suno.com.br\/noticias\/lucro-da-isa-cteep-trpl4-dispara-252-no-2t23-para-r-2612-milhoes-gpj\/\">\n\t\t\tLucro da Isa Cteep (TRPL4) dispara 252% no segundo trimestre, para R$ 261,2 milh\u00f5es\t\t<\/a>\n\t<\/div>\n\n\n\n\n<h2 class=\"wp-block-heading\">Copasa<\/h2>\n\n\n\n<p>A Companhia de Saneamento de Minas Gerais, a <a class=\"suno-keyword\" data-force=\"yes\" data-priority=\"2\" href=\"https:\/\/www.suno.com.br\/acoes\/CSMG3\/\" target=\"_blank\" rel=\"noopener\"><strong>Copasa (CSMG3)<\/strong><\/a> reportou que seu <a class=\"suno-keyword\" data-force=\"no\" data-priority=\"1\" href=\"https:\/\/www.suno.com.br\/artigos\/lucro-liquido\/\" target=\"_blank\" rel=\"noopener\">lucro l\u00edquido<\/a> alcan\u00e7ou R$ 249,3 milh\u00f5es no 2T23, um aumento de 38,2% em rela\u00e7\u00e3o ao mesmo per\u00edodo de 2022.<\/p>\n\n\n\n<p>O <a class=\"suno-keyword\" target=\"_blank\" data-force=\"no\" data-priority=\"1\" href=\"https:\/\/www.suno.com.br\/artigos\/ebitda-ajustado\/\" rel=\"noopener\">Ebitda ajustado<\/a> totalizou R$ 647,8 milh\u00f5es no 2T23, representando um crescimento de 31,6% em rela\u00e7\u00e3o ao mesmo trimestre do ano anterior.<\/p>\n\n\n\n<h2 class=\"wp-block-heading\">Cemig<\/h2>\n\n\n\n<p>A <a class=\"suno-keyword\" data-force=\"yes\" data-priority=\"2\" href=\"https:\/\/www.suno.com.br\/acoes\/CMIG4\/\" target=\"_blank\" rel=\"noopener\"><strong>Cemig (CMIG4)<\/strong><\/a> informou ao mercado que a Pzena Investment Management reduziu sua participa\u00e7\u00e3o de 5,00% para 4,54% do total de <a class=\"suno-keyword\" data-force=\"no\" data-priority=\"1\" href=\"https:\/\/www.suno.com.br\/artigos\/acoes-preferenciais\/\" target=\"_blank\" rel=\"noopener\">a\u00e7\u00f5es preferenciais<\/a> de emiss\u00e3o da companhia, passando a deter, em conjunto, 66.566.916 <a class=\"suno-keyword\" target=\"_blank\" data-force=\"no\" data-priority=\"1\" href=\"https:\/\/www.suno.com.br\/artigos\/acoes-preferenciais\/\" rel=\"noopener\">a\u00e7\u00f5es preferenciais<\/a>, sendo 1.745.696 ADRs.<\/p>\n\n\n\n<h2 class=\"wp-block-heading\">Prio<\/h2>\n\n\n\n<p>A Prio (PRIO3) divulgou que o Goldman Sachs passou a deter uma posi\u00e7\u00e3o de derivativos de 5,12% da companhia, o equivalente a 46,2 milh\u00f5es de a\u00e7\u00f5es preferenciais.<\/p>\n\n\n\n<h2 class=\"wp-block-heading\">EcoRodovias<\/h2>\n\n\n\n<p>A <a class=\"suno-keyword\" data-force=\"yes\" data-priority=\"2\" href=\"https:\/\/www.suno.com.br\/acoes\/ECOR3\/\" target=\"_blank\" rel=\"noopener\"><strong>EcoRodovias (ECOR3)<\/strong><\/a> teve <a class=\"suno-keyword\" data-force=\"no\" data-priority=\"1\" href=\"https:\/\/www.suno.com.br\/artigos\/lucro-liquido\/\" target=\"_blank\" rel=\"noopener\">lucro l\u00edquido<\/a> de R$ 123,7 milh\u00f5es no 2T23, revertendo preju\u00edzo l\u00edquido de R$ 13,1 milh\u00f5es em rela\u00e7\u00e3o ao mesmo per\u00edodo do ano anterior.<\/p>\n\n\n\n<p>O <a class=\"suno-keyword\" target=\"_blank\" data-force=\"no\" data-priority=\"1\" href=\"https:\/\/www.suno.com.br\/artigos\/ebitda-ajustado\/\" rel=\"noopener\">Ebitda ajustado<\/a> atingiu R$ 918,2 milh\u00f5es, alta de 98% na compara\u00e7\u00e3o anual.<\/p>\n\n\n\n<h2 class=\"wp-block-heading\">Dexco<\/h2>\n\n\n\n<p>A <a class=\"suno-keyword\" data-force=\"yes\" data-priority=\"2\" href=\"https:\/\/www.suno.com.br\/acoes\/dxco3\/\" target=\"_blank\" rel=\"noopener\"><strong>Dexco (DXCO3)<\/strong><\/a> afirmou que suspender\u00e1 por tempo indeterminado a opera\u00e7\u00e3o da unidade RC2, a menor de suas unidades fabris localizada em Crici\u00fama, Santa Catarina.<\/p>\n\n\n\n<p>Segundo a empresa, o suspens\u00e3o busca melhorar a efici\u00eancia e produtividade das suas<br>opera\u00e7\u00f5es, adequando as mesmas \u00e0 atual demanda de mercado.<\/p>\n\n\n\n<h2 class=\"wp-block-heading\">Positivo<\/h2>\n\n\n\n<p>A <a class=\"suno-keyword\" data-force=\"yes\" data-priority=\"2\" href=\"https:\/\/www.suno.com.br\/acoes\/POSI3\/\" target=\"_blank\" rel=\"noopener\"><strong>Positivo (POSI3)<\/strong><\/a> anunciou que concluiu a aquisi\u00e7\u00e3o da SecuriCenter, ap\u00f3s terem sido cumpridas as obriga\u00e7\u00f5es e condi\u00e7\u00f5es precedentes previstas para esta transa\u00e7\u00e3o, incluindo a conclus\u00e3o do processo de aprova\u00e7\u00e3o no Conselho Administrativo de Defesa Econ\u00f4mica (CADE).<\/p>\n\n\n\n<p>Os destaques do <strong>mercado financeiro <\/strong>do Suno Not\u00edcias mostram os principais acontecimentos que prometem movimentar o mercado durante o dia, como a <strong>Weg<\/strong> (WEGE3), que deve estar no foco dos investidores ao longo do dia.<\/p>\n\n\n\t<p>\n\t\t<a href=\"https:\/\/lp.suno.com.br\/planilha-da-vida-financeira\/\" target=\"_blank\" data-element=\"shortcode-suno-banner\" title=\"Banner SUNO, clique e saiba mais\">\n\t\t\t<picture>\n\t\t\t\t<source media=\"(max-width: 500px)\" srcset=\"https:\/\/files.sunoresearch.com.br\/n\/uploads\/2023\/04\/400x300-Planilha-vida-financeira-true.png\">\n\t\t\t\t<img class=\"newsContent__article__imgCapa newsContent__article__imgCapa--banner\"\n\t\t\t\t\tsrc=\"https:\/\/files.sunoresearch.com.br\/n\/uploads\/2023\/04\/1420x240-Planilha-vida-financeira-true.png\"\n\t\t\t\t\tdata-promo-id=\"383123\"\t\t\t\t\t\t\t\t\t\twidth='1420' height='240'\t\t\t\t\talt=\"https:\/\/files.sunoresearch.com.br\/n\/uploads\/2023\/04\/1420x240-Planilha-vida-financeira-true.png\"\n\t\t\t\t>\n\t\t\t<\/picture>\n\t\t<\/a>\n\t<\/p>\n\n\n","protected":false},"excerpt":{"rendered":"<p>A informa\u00e7\u00e3o sobre o investimento da Weg (WEGE3) para constru\u00e7\u00e3o de duas novas f\u00e1bricas no munic\u00edpio de Itaja\u00ed, em Santa Catarina, est\u00e1 entre os destaques desta ter\u00e7a-feira (01). SNEL11. Foto: iStock Tamb\u00e9m est\u00e1 entre os destaques do mercado financeiro a Sabesp (SBSP3), ap\u00f3s o governador de S\u00e3o Paulo, Tarc\u00edsio de Freitas, confirmar que o modelo [&hellip;]<\/p>\n","protected":false},"author":301,"featured_media":408640,"comment_status":"closed","ping_status":"closed","sticky":false,"template":"","format":"standard","meta":[],"categories":[60],"tags":[286,106765,663,681],"suno_strategy":[],"class_list":["post-436360","post","type-post","status-publish","format-standard","has-post-thumbnail","hentry","category-mercado","tag-acoes","tag-sabesp-sbsp3","tag-tim-tims3","tag-weg-wege3"],"yoast_head":"<!-- This site is optimized with the Yoast SEO plugin v24.4 - https:\/\/yoast.com\/wordpress\/plugins\/seo\/ -->\n<title>Weg, Sabesp e Tim est\u00e3o entre os destaques do mercado financeiro<\/title>\n<meta name=\"description\" content=\"O investimento da Weg para constru\u00e7\u00e3o de duas novas f\u00e1bricas em Santa Catarina est\u00e1 entre os destaques desta ter\u00e7a-feira.\" \/>\n<meta name=\"robots\" content=\"index, follow, max-snippet:-1, max-image-preview:large, max-video-preview:-1\" \/>\n<link rel=\"canonical\" href=\"https:\/\/www.suno.com.br\/noticias\/destaques-weg-wege3-sabesp-sbsp3-e-tim-tims3-va\/\" \/>\n<meta property=\"og:locale\" content=\"pt_BR\" \/>\n<meta property=\"og:type\" content=\"article\" \/>\n<meta property=\"og:title\" content=\"Weg, Sabesp e Tim est\u00e3o entre os destaques do mercado financeiro\" \/>\n<meta property=\"og:description\" content=\"O investimento da Weg para constru\u00e7\u00e3o de duas novas f\u00e1bricas em Santa Catarina est\u00e1 entre os destaques desta ter\u00e7a-feira.\" \/>\n<meta property=\"og:url\" content=\"https:\/\/www.suno.com.br\/noticias\/destaques-weg-wege3-sabesp-sbsp3-e-tim-tims3-va\/\" \/>\n<meta property=\"og:site_name\" content=\"Suno Not\u00edcias\" \/>\n<meta property=\"article:publisher\" content=\"https:\/\/facebook.com\/sunoresearch\" \/>\n<meta property=\"og:image\" content=\"https:\/\/files.sunoresearch.com.br\/n\/uploads\/2023\/05\/mercado-sobe.jpg\" \/>\n\t<meta property=\"og:image:width\" content=\"1200\" \/>\n\t<meta property=\"og:image:height\" content=\"800\" \/>\n\t<meta property=\"og:image:type\" content=\"image\/jpeg\" \/>\n<meta name=\"author\" content=\"Vin\u00edcius Alves\" \/>\n<meta name=\"twitter:card\" content=\"summary_large_image\" \/>\n<meta name=\"twitter:creator\" content=\"@sunoresearch\" \/>\n<meta name=\"twitter:site\" content=\"@sunoresearch\" \/>\n<meta name=\"twitter:label1\" content=\"Escrito por\" \/>\n\t<meta name=\"twitter:data1\" content=\"Vin\u00edcius Alves\" \/>\n\t<meta name=\"twitter:label2\" content=\"Est. tempo de leitura\" \/>\n\t<meta name=\"twitter:data2\" content=\"5 minutos\" \/>\n<script type=\"application\/ld+json\" class=\"yoast-schema-graph\">{\"@context\":\"https:\/\/schema.org\",\"@graph\":[{\"@type\":\"NewsArticle\",\"@id\":\"https:\/\/www.suno.com.br\/noticias\/destaques-weg-wege3-sabesp-sbsp3-e-tim-tims3-va\/#article\",\"isPartOf\":{\"@id\":\"https:\/\/www.suno.com.br\/noticias\/destaques-weg-wege3-sabesp-sbsp3-e-tim-tims3-va\/\"},\"author\":{\"name\":\"Vin\u00edcius Alves\",\"@id\":\"https:\/\/www.suno.com.br\/noticias\/#\/schema\/person\/4a180549702d0e236b3e420862bcded3\"},\"headline\":\"Weg (WEGE3), Sabesp (SBSP3) e Tim (TIMS3) est\u00e3o entre os destaques do mercado financeiro hoje; veja mais\",\"datePublished\":\"2023-08-01T13:44:12+00:00\",\"dateModified\":\"2023-08-01T13:44:19+00:00\",\"mainEntityOfPage\":{\"@id\":\"https:\/\/www.suno.com.br\/noticias\/destaques-weg-wege3-sabesp-sbsp3-e-tim-tims3-va\/\"},\"wordCount\":809,\"publisher\":{\"@id\":\"https:\/\/www.suno.com.br\/noticias\/#organization\"},\"image\":{\"@id\":\"https:\/\/www.suno.com.br\/noticias\/destaques-weg-wege3-sabesp-sbsp3-e-tim-tims3-va\/#primaryimage\"},\"thumbnailUrl\":\"https:\/\/files.sunoresearch.com.br\/n\/uploads\/2023\/05\/mercado-sobe.jpg\",\"keywords\":[\"A\u00e7\u00f5es\",\"Sabesp (SBSP3)\",\"TIM (TIMS3)\",\"Weg (WEGE3)\"],\"articleSection\":[\"Mercado\"],\"inLanguage\":\"pt-BR\"},{\"@type\":\"WebPage\",\"@id\":\"https:\/\/www.suno.com.br\/noticias\/destaques-weg-wege3-sabesp-sbsp3-e-tim-tims3-va\/\",\"url\":\"https:\/\/www.suno.com.br\/noticias\/destaques-weg-wege3-sabesp-sbsp3-e-tim-tims3-va\/\",\"name\":\"Weg, Sabesp e Tim est\u00e3o entre os destaques do mercado financeiro\",\"isPartOf\":{\"@id\":\"https:\/\/www.suno.com.br\/noticias\/#website\"},\"primaryImageOfPage\":{\"@id\":\"https:\/\/www.suno.com.br\/noticias\/destaques-weg-wege3-sabesp-sbsp3-e-tim-tims3-va\/#primaryimage\"},\"image\":{\"@id\":\"https:\/\/www.suno.com.br\/noticias\/destaques-weg-wege3-sabesp-sbsp3-e-tim-tims3-va\/#primaryimage\"},\"thumbnailUrl\":\"https:\/\/files.sunoresearch.com.br\/n\/uploads\/2023\/05\/mercado-sobe.jpg\",\"datePublished\":\"2023-08-01T13:44:12+00:00\",\"dateModified\":\"2023-08-01T13:44:19+00:00\",\"description\":\"O investimento da Weg para constru\u00e7\u00e3o de duas novas f\u00e1bricas em Santa Catarina est\u00e1 entre os destaques desta ter\u00e7a-feira.\",\"breadcrumb\":{\"@id\":\"https:\/\/www.suno.com.br\/noticias\/destaques-weg-wege3-sabesp-sbsp3-e-tim-tims3-va\/#breadcrumb\"},\"inLanguage\":\"pt-BR\",\"potentialAction\":[{\"@type\":\"ReadAction\",\"target\":[\"https:\/\/www.suno.com.br\/noticias\/destaques-weg-wege3-sabesp-sbsp3-e-tim-tims3-va\/\"]}]},{\"@type\":\"ImageObject\",\"inLanguage\":\"pt-BR\",\"@id\":\"https:\/\/www.suno.com.br\/noticias\/destaques-weg-wege3-sabesp-sbsp3-e-tim-tims3-va\/#primaryimage\",\"url\":\"https:\/\/files.sunoresearch.com.br\/n\/uploads\/2023\/05\/mercado-sobe.jpg\",\"contentUrl\":\"https:\/\/files.sunoresearch.com.br\/n\/uploads\/2023\/05\/mercado-sobe.jpg\",\"width\":1200,\"height\":800,\"caption\":\"SNEL11. Foto: iStock\"},{\"@type\":\"BreadcrumbList\",\"@id\":\"https:\/\/www.suno.com.br\/noticias\/destaques-weg-wege3-sabesp-sbsp3-e-tim-tims3-va\/#breadcrumb\",\"itemListElement\":[{\"@type\":\"ListItem\",\"position\":1,\"name\":\"Not\u00edcias\",\"item\":\"https:\/\/www.suno.com.br\/noticias\/\"},{\"@type\":\"ListItem\",\"position\":2,\"name\":\"Mercado\",\"item\":\"https:\/\/www.suno.com.br\/noticias\/mercado\/\"},{\"@type\":\"ListItem\",\"position\":3,\"name\":\"Weg (WEGE3), Sabesp (SBSP3) e Tim (TIMS3) est\u00e3o entre os destaques do mercado financeiro hoje; veja mais\"}]},{\"@type\":\"WebSite\",\"@id\":\"https:\/\/www.suno.com.br\/noticias\/#website\",\"url\":\"https:\/\/www.suno.com.br\/noticias\/\",\"name\":\"Suno Not\u00edcias\",\"description\":\"Seu portal de informa\u00e7\u00e3o sobre o mundo dos investimentos\",\"publisher\":{\"@id\":\"https:\/\/www.suno.com.br\/noticias\/#organization\"},\"potentialAction\":[{\"@type\":\"SearchAction\",\"target\":{\"@type\":\"EntryPoint\",\"urlTemplate\":\"https:\/\/www.suno.com.br\/noticias\/?s={search_term_string}\"},\"query-input\":{\"@type\":\"PropertyValueSpecification\",\"valueRequired\":true,\"valueName\":\"search_term_string\"}}],\"inLanguage\":\"pt-BR\"},{\"@type\":\"Organization\",\"@id\":\"https:\/\/www.suno.com.br\/noticias\/#organization\",\"name\":\"Suno Not\u00edcias\",\"url\":\"https:\/\/www.suno.com.br\/noticias\/\",\"logo\":{\"@type\":\"ImageObject\",\"inLanguage\":\"pt-BR\",\"@id\":\"https:\/\/www.suno.com.br\/noticias\/#\/schema\/logo\/image\/\",\"url\":\"https:\/\/files.sunoresearch.com.br\/n\/uploads\/2021\/09\/suno-logo.png\",\"contentUrl\":\"https:\/\/files.sunoresearch.com.br\/n\/uploads\/2021\/09\/suno-logo.png\",\"width\":180,\"height\":180,\"caption\":\"Suno Not\u00edcias\"},\"image\":{\"@id\":\"https:\/\/www.suno.com.br\/noticias\/#\/schema\/logo\/image\/\"},\"sameAs\":[\"https:\/\/facebook.com\/sunoresearch\",\"https:\/\/x.com\/sunoresearch\",\"https:\/\/www.instagram.com\/suno\",\"https:\/\/www.linkedin.com\/company\/suno-research\/\",\"https:\/\/www.youtube.com\/c\/sunoresearch\"]},{\"@type\":\"Person\",\"@id\":\"https:\/\/www.suno.com.br\/noticias\/#\/schema\/person\/4a180549702d0e236b3e420862bcded3\",\"name\":\"Vin\u00edcius Alves\",\"image\":{\"@type\":\"ImageObject\",\"inLanguage\":\"pt-BR\",\"@id\":\"https:\/\/www.suno.com.br\/noticias\/#\/schema\/person\/image\/\",\"url\":\"https:\/\/secure.gravatar.com\/avatar\/a95b7fe6d1b813f7907d4f476d5a39e1?s=96&r=g\",\"contentUrl\":\"https:\/\/secure.gravatar.com\/avatar\/a95b7fe6d1b813f7907d4f476d5a39e1?s=96&r=g\",\"caption\":\"Vin\u00edcius Alves\"},\"description\":\"Jornalista formado na Faculdade C\u00e1sper L\u00edbero. Com passagens pela Ag\u00eancia Estado, InfoMoney e Editora Globo.\",\"url\":\"https:\/\/www.suno.com.br\/noticias\/author\/vini08correiagmail-com\/\"}]}<\/script>\n<!-- \/ Yoast SEO plugin. -->","yoast_head_json":{"title":"Weg, Sabesp e Tim est\u00e3o entre os destaques do mercado financeiro","description":"O investimento da Weg para constru\u00e7\u00e3o de duas novas f\u00e1bricas em Santa Catarina est\u00e1 entre os destaques desta ter\u00e7a-feira.","robots":{"index":"index","follow":"follow","max-snippet":"max-snippet:-1","max-image-preview":"max-image-preview:large","max-video-preview":"max-video-preview:-1"},"canonical":"https:\/\/www.suno.com.br\/noticias\/destaques-weg-wege3-sabesp-sbsp3-e-tim-tims3-va\/","og_locale":"pt_BR","og_type":"article","og_title":"Weg, Sabesp e Tim est\u00e3o entre os destaques do mercado financeiro","og_description":"O investimento da Weg para constru\u00e7\u00e3o de duas novas f\u00e1bricas em Santa Catarina est\u00e1 entre os destaques desta ter\u00e7a-feira.","og_url":"https:\/\/www.suno.com.br\/noticias\/destaques-weg-wege3-sabesp-sbsp3-e-tim-tims3-va\/","og_site_name":"Suno Not\u00edcias","article_publisher":"https:\/\/facebook.com\/sunoresearch","og_image":[{"width":1200,"height":800,"url":"https:\/\/files.sunoresearch.com.br\/n\/uploads\/2023\/05\/mercado-sobe.jpg","type":"image\/jpeg"}],"author":"Vin\u00edcius Alves","twitter_card":"summary_large_image","twitter_creator":"@sunoresearch","twitter_site":"@sunoresearch","twitter_misc":{"Escrito por":"Vin\u00edcius Alves","Est. tempo de leitura":"5 minutos"},"schema":{"@context":"https:\/\/schema.org","@graph":[{"@type":"NewsArticle","@id":"https:\/\/www.suno.com.br\/noticias\/destaques-weg-wege3-sabesp-sbsp3-e-tim-tims3-va\/#article","isPartOf":{"@id":"https:\/\/www.suno.com.br\/noticias\/destaques-weg-wege3-sabesp-sbsp3-e-tim-tims3-va\/"},"author":{"name":"Vin\u00edcius Alves","@id":"https:\/\/www.suno.com.br\/noticias\/#\/schema\/person\/4a180549702d0e236b3e420862bcded3"},"headline":"Weg (WEGE3), Sabesp (SBSP3) e Tim (TIMS3) est\u00e3o entre os destaques do mercado financeiro hoje; veja mais","datePublished":"2023-08-01T13:44:12+00:00","dateModified":"2023-08-01T13:44:19+00:00","mainEntityOfPage":{"@id":"https:\/\/www.suno.com.br\/noticias\/destaques-weg-wege3-sabesp-sbsp3-e-tim-tims3-va\/"},"wordCount":809,"publisher":{"@id":"https:\/\/www.suno.com.br\/noticias\/#organization"},"image":{"@id":"https:\/\/www.suno.com.br\/noticias\/destaques-weg-wege3-sabesp-sbsp3-e-tim-tims3-va\/#primaryimage"},"thumbnailUrl":"https:\/\/files.sunoresearch.com.br\/n\/uploads\/2023\/05\/mercado-sobe.jpg","keywords":["A\u00e7\u00f5es","Sabesp (SBSP3)","TIM (TIMS3)","Weg (WEGE3)"],"articleSection":["Mercado"],"inLanguage":"pt-BR"},{"@type":"WebPage","@id":"https:\/\/www.suno.com.br\/noticias\/destaques-weg-wege3-sabesp-sbsp3-e-tim-tims3-va\/","url":"https:\/\/www.suno.com.br\/noticias\/destaques-weg-wege3-sabesp-sbsp3-e-tim-tims3-va\/","name":"Weg, Sabesp e Tim est\u00e3o entre os destaques do mercado financeiro","isPartOf":{"@id":"https:\/\/www.suno.com.br\/noticias\/#website"},"primaryImageOfPage":{"@id":"https:\/\/www.suno.com.br\/noticias\/destaques-weg-wege3-sabesp-sbsp3-e-tim-tims3-va\/#primaryimage"},"image":{"@id":"https:\/\/www.suno.com.br\/noticias\/destaques-weg-wege3-sabesp-sbsp3-e-tim-tims3-va\/#primaryimage"},"thumbnailUrl":"https:\/\/files.sunoresearch.com.br\/n\/uploads\/2023\/05\/mercado-sobe.jpg","datePublished":"2023-08-01T13:44:12+00:00","dateModified":"2023-08-01T13:44:19+00:00","description":"O investimento da Weg para constru\u00e7\u00e3o de duas novas f\u00e1bricas em Santa Catarina est\u00e1 entre os destaques desta ter\u00e7a-feira.","breadcrumb":{"@id":"https:\/\/www.suno.com.br\/noticias\/destaques-weg-wege3-sabesp-sbsp3-e-tim-tims3-va\/#breadcrumb"},"inLanguage":"pt-BR","potentialAction":[{"@type":"ReadAction","target":["https:\/\/www.suno.com.br\/noticias\/destaques-weg-wege3-sabesp-sbsp3-e-tim-tims3-va\/"]}]},{"@type":"ImageObject","inLanguage":"pt-BR","@id":"https:\/\/www.suno.com.br\/noticias\/destaques-weg-wege3-sabesp-sbsp3-e-tim-tims3-va\/#primaryimage","url":"https:\/\/files.sunoresearch.com.br\/n\/uploads\/2023\/05\/mercado-sobe.jpg","contentUrl":"https:\/\/files.sunoresearch.com.br\/n\/uploads\/2023\/05\/mercado-sobe.jpg","width":1200,"height":800,"caption":"SNEL11. Foto: iStock"},{"@type":"BreadcrumbList","@id":"https:\/\/www.suno.com.br\/noticias\/destaques-weg-wege3-sabesp-sbsp3-e-tim-tims3-va\/#breadcrumb","itemListElement":[{"@type":"ListItem","position":1,"name":"Not\u00edcias","item":"https:\/\/www.suno.com.br\/noticias\/"},{"@type":"ListItem","position":2,"name":"Mercado","item":"https:\/\/www.suno.com.br\/noticias\/mercado\/"},{"@type":"ListItem","position":3,"name":"Weg (WEGE3), Sabesp (SBSP3) e Tim (TIMS3) est\u00e3o entre os destaques do mercado financeiro hoje; veja mais"}]},{"@type":"WebSite","@id":"https:\/\/www.suno.com.br\/noticias\/#website","url":"https:\/\/www.suno.com.br\/noticias\/","name":"Suno Not\u00edcias","description":"Seu portal de informa\u00e7\u00e3o sobre o mundo dos investimentos","publisher":{"@id":"https:\/\/www.suno.com.br\/noticias\/#organization"},"potentialAction":[{"@type":"SearchAction","target":{"@type":"EntryPoint","urlTemplate":"https:\/\/www.suno.com.br\/noticias\/?s={search_term_string}"},"query-input":{"@type":"PropertyValueSpecification","valueRequired":true,"valueName":"search_term_string"}}],"inLanguage":"pt-BR"},{"@type":"Organization","@id":"https:\/\/www.suno.com.br\/noticias\/#organization","name":"Suno Not\u00edcias","url":"https:\/\/www.suno.com.br\/noticias\/","logo":{"@type":"ImageObject","inLanguage":"pt-BR","@id":"https:\/\/www.suno.com.br\/noticias\/#\/schema\/logo\/image\/","url":"https:\/\/files.sunoresearch.com.br\/n\/uploads\/2021\/09\/suno-logo.png","contentUrl":"https:\/\/files.sunoresearch.com.br\/n\/uploads\/2021\/09\/suno-logo.png","width":180,"height":180,"caption":"Suno Not\u00edcias"},"image":{"@id":"https:\/\/www.suno.com.br\/noticias\/#\/schema\/logo\/image\/"},"sameAs":["https:\/\/facebook.com\/sunoresearch","https:\/\/x.com\/sunoresearch","https:\/\/www.instagram.com\/suno","https:\/\/www.linkedin.com\/company\/suno-research\/","https:\/\/www.youtube.com\/c\/sunoresearch"]},{"@type":"Person","@id":"https:\/\/www.suno.com.br\/noticias\/#\/schema\/person\/4a180549702d0e236b3e420862bcded3","name":"Vin\u00edcius Alves","image":{"@type":"ImageObject","inLanguage":"pt-BR","@id":"https:\/\/www.suno.com.br\/noticias\/#\/schema\/person\/image\/","url":"https:\/\/secure.gravatar.com\/avatar\/a95b7fe6d1b813f7907d4f476d5a39e1?s=96&r=g","contentUrl":"https:\/\/secure.gravatar.com\/avatar\/a95b7fe6d1b813f7907d4f476d5a39e1?s=96&r=g","caption":"Vin\u00edcius Alves"},"description":"Jornalista formado na Faculdade C\u00e1sper L\u00edbero. Com passagens pela Ag\u00eancia Estado, InfoMoney e Editora Globo.","url":"https:\/\/www.suno.com.br\/noticias\/author\/vini08correiagmail-com\/"}]}},"default_loop_html":"<div class=\"cardsPage__listCard__boxs\"><div class=\"cardsPage__listCard__boxs__img\"><a href=\"https:\/\/www.suno.com.br\/noticias\/destaques-weg-wege3-sabesp-sbsp3-e-tim-tims3-va\/\"><img class=\"mask\" src=\"https:\/\/www.suno.com.br\/noticias\/wp-content\/themes\/suno\/resources\/images\/spotlight\/spotlight1img\/bg-mask.png\" alt=\"Image Mask\"\/><img src=\"https:\/\/files.sunoresearch.com.br\/n\/uploads\/2023\/05\/mercado-sobe-400x200.jpg\" alt=\"Weg (WEGE3), Sabesp (SBSP3) e Tim (TIMS3) est\u00e3o entre os destaques do mercado financeiro hoje; veja mais\"\/><\/a><span class=\"spotlightCategory\"><a href=\"https:\/\/www.suno.com.br\/noticias\/mercado\/\">Mercado<\/a><\/span><\/div><div class=\"cardsPage__listCard__boxs__content\"><a href=\"https:\/\/www.suno.com.br\/noticias\/destaques-weg-wege3-sabesp-sbsp3-e-tim-tims3-va\/\"><h2 class=\"content__title\">Weg (WEGE3), Sabesp (SBSP3) e Tim (TIMS3) est\u00e3o entre os destaques do mercado financeiro hoje; veja mais<\/h2><\/a><div class=\"newsContent__article__meta\"><div class=\"newsContent__article__meta__authorBox\"><a href=\"https:\/\/www.suno.com.br\/noticias\/author\/vini08correiagmail-com\/\" class=\"authorBox__avatar noMobi\"><img src=\"https:\/\/files.sunoresearch.com.br\/n\/uploads\/2026\/04\/WhatsApp-Image-2026-04-20-at-19.35.48-150x150.webp\" alt=\"Vin\u00edcius Alves\"><\/a><div class=\"authorBox__name\"><span>por\n\t\t\t<a href=\"https:\/\/www.suno.com.br\/noticias\/author\/vini08correiagmail-com\/\"><span itemprop=\"author\">Vin\u00edcius Alves<\/span><\/a><\/span><time datetime=\"2023-08-01T10:44:12-03:00\" itemprop=\"datePublished\">01\/08\/2023 10:44<\/time><\/div><\/div><\/div><\/div><\/div>","single_layout":"posts","amp_enabled":true,"_links":{"self":[{"href":"https:\/\/www.suno.com.br\/noticias\/wp-json\/wp\/v2\/posts\/436360"}],"collection":[{"href":"https:\/\/www.suno.com.br\/noticias\/wp-json\/wp\/v2\/posts"}],"about":[{"href":"https:\/\/www.suno.com.br\/noticias\/wp-json\/wp\/v2\/types\/post"}],"author":[{"embeddable":true,"href":"https:\/\/www.suno.com.br\/noticias\/wp-json\/wp\/v2\/users\/301"}],"replies":[{"embeddable":true,"href":"https:\/\/www.suno.com.br\/noticias\/wp-json\/wp\/v2\/comments?post=436360"}],"version-history":[{"count":3,"href":"https:\/\/www.suno.com.br\/noticias\/wp-json\/wp\/v2\/posts\/436360\/revisions"}],"predecessor-version":[{"id":436406,"href":"https:\/\/www.suno.com.br\/noticias\/wp-json\/wp\/v2\/posts\/436360\/revisions\/436406"}],"wp:featuredmedia":[{"embeddable":true,"href":"https:\/\/www.suno.com.br\/noticias\/wp-json\/wp\/v2\/media\/408640"}],"wp:attachment":[{"href":"https:\/\/www.suno.com.br\/noticias\/wp-json\/wp\/v2\/media?parent=436360"}],"wp:term":[{"taxonomy":"category","embeddable":true,"href":"https:\/\/www.suno.com.br\/noticias\/wp-json\/wp\/v2\/categories?post=436360"},{"taxonomy":"post_tag","embeddable":true,"href":"https:\/\/www.suno.com.br\/noticias\/wp-json\/wp\/v2\/tags?post=436360"},{"taxonomy":"suno_strategy","embeddable":true,"href":"https:\/\/www.suno.com.br\/noticias\/wp-json\/wp\/v2\/suno_strategy?post=436360"}],"curies":[{"name":"wp","href":"https:\/\/api.w.org\/{rel}","templated":true}]}}