{"id":436338,"date":"2023-08-02T10:15:00","date_gmt":"2023-08-02T13:15:00","guid":{"rendered":"https:\/\/www.suno.com.br\/noticias\/?p=436338"},"modified":"2023-08-02T09:57:19","modified_gmt":"2023-08-02T12:57:19","slug":"agenda-dividendos-fundo-imobiliario-tgar11-agosto-cpf","status":"publish","type":"post","link":"https:\/\/www.suno.com.br\/noticias\/agenda-dividendos-fundo-imobiliario-tgar11-agosto-cpf\/","title":{"rendered":"Cotistas do FII TGAR11 receber\u00e3o R$ 1,40 por cota em agosto"},"content":{"rendered":"<p>Os investidores com pap\u00e9is do FII <strong>TGAR11<\/strong> fechar\u00e3o este m\u00eas com mais dinheiro na conta, gra\u00e7as aos rendimentos no valor de R$ 1,40 que ser\u00e3o pagos pelo fundo imobili\u00e1rio.<\/p>\t<div class=\"wrapper-featured-image\">\n\t\t<figure class=\"spotlightImg\">\n\n\t\t\t<picture>\n\t\t\t\t<source media=\"(max-width: 768px)\" srcset=\"https:\/\/files.sunoresearch.com.br\/n\/uploads\/2023\/03\/ben-o-bro-wpU4veNGnHg-unsplash-2-1-400x200.jpg\">\n\t\t\t\t<img loading=\"lazy\" decoding=\"async\" class=\"newsContent__article__imgCapa lazyloadDisabled \" src=\"https:\/\/files.sunoresearch.com.br\/n\/uploads\/2023\/03\/ben-o-bro-wpU4veNGnHg-unsplash-2-1-800x450.jpg\" width=\"800\" height=\"450\" alt=\"Cotistas do FII TGAR11 receber\u00e3o R$ 1,40 por cota em agosto\" fetchpriority=high \/>\n\t\t\t<\/picture>\n\n\t\t\t<figcaption class=\"wp-caption-text wp-caption-text--show\">Fundos. Foto: Unsplash<\/figcaption>\n\t\t<\/figure>\n\t<\/div>\n\n\n\n\n\n\t<p>\n\t\t<a href=\"\" target=\"_blank\" data-element=\"shortcode-suno-banner\" title=\"Banner SUNO, clique e saiba mais\">\n\t\t\t<picture>\n\t\t\t\t<source media=\"(max-width: 500px)\" srcset=\"\">\n\t\t\t\t<img class=\"newsContent__article__imgCapa newsContent__article__imgCapa--banner\"\n\t\t\t\t\tsrc=\"\"\n\t\t\t\t\tdata-promo-id=\"77050\"\t\t\t\t\t\t\t\t\t\t\t\t\t\t\talt=\"\"\n\t\t\t\t>\n\t\t\t<\/picture>\n\t\t<\/a>\n\t<\/p>\n\n\n\n\n\n<p>Somente os cotistas do FII at\u00e9 o final do dia 31 de julho ter\u00e3o direito aos rendimentos. O investidor que estiver dentro desses pr\u00e9-requisitos ter\u00e1 o dinheiro em sua conta em 14 de agosto.<\/p>\n\n\n\n<p>Com o resultado obtido no m\u00eas de julho, os<strong> rendimentos\u00a0<\/strong>tiveram um aumento de 1,4% em rela\u00e7\u00e3o ao m\u00eas anterior.<\/p>\n\n\n\n<p>Tamb\u00e9m considerando a varia\u00e7\u00e3o do valor da cota, o <strong>dividend yield do TGAR11<\/strong> passou de 1,13% para 1,14%. Olhando para os \u00faltimos 12 meses, o FII registrou um dividend yield de 13,8125%.<\/p>\n\n\n\t<p>\n\t\t<a href=\"https:\/\/lp.suno.com.br\/planilha-controle-gastos\/\" target=\"_blank\" data-element=\"shortcode-suno-banner\" title=\"Banner SUNO, clique e saiba mais\">\n\t\t\t<picture>\n\t\t\t\t<source media=\"(max-width: 500px)\" srcset=\"https:\/\/files.sunoresearch.com.br\/n\/uploads\/2023\/03\/400x300-Planilha-controle-de-gastos.png\">\n\t\t\t\t<img class=\"newsContent__article__imgCapa newsContent__article__imgCapa--banner\"\n\t\t\t\t\tsrc=\"https:\/\/files.sunoresearch.com.br\/n\/uploads\/2023\/03\/1420x240-Planilha-controle-de-gastos.png\"\n\t\t\t\t\tdata-promo-id=\"101751\"\t\t\t\t\t\t\t\t\t\twidth='1420' height='240'\t\t\t\t\talt=\"https:\/\/files.sunoresearch.com.br\/n\/uploads\/2023\/03\/1420x240-Planilha-controle-de-gastos.png\"\n\t\t\t\t>\n\t\t\t<\/picture>\n\t\t<\/a>\n\t<\/p>\n\n\n\n\n\n<h2 class=\"wp-block-heading\">Todos os detalhes sobre os proventos do TGAR11 voc\u00ea confere abaixo:<\/h2>\n\n\n\n<p><strong>FII TG Ativo Real <\/strong><\/p>\n\n\n\n<ul class=\"wp-block-list\">\n<li>Rendimento: R$ 1,4000<\/li>\n\n\n\n<li>Data de corte: 31\/07\/2023<\/li>\n\n\n\n<li>Data do pagamento: 14\/08\/2023<\/li>\n\n\n\n<li>Dividend yield da distribui\u00e7\u00e3o: 1,14%<\/li>\n<\/ul>\n\n\n\n<h2 class=\"wp-block-heading\">Rendimento \u00faltimos 12 meses<\/h2>\n\n\n\n<figure class=\"wp-block-table\"><table><tbody><tr><td>Tipo<\/td><td>M\u00eas de Pagamento<\/td><td>Valor<\/td><\/tr><tr><td>Rendimento<\/td><td>Agosto\/2023<\/td><td>R$ 1,4000<\/td><\/tr><tr><td>Rendimento<\/td><td>Julho\/2023<\/td><td>R$ 1,3800<\/td><\/tr><tr><td>Rendimento<\/td><td>Junho\/2023<\/td><td>R$ 1,3600<\/td><\/tr><tr><td>Rendimento<\/td><td>Maio\/2023<\/td><td>R$ 1,3500<\/td><\/tr><tr><td>Rendimento<\/td><td>Abril\/2023<\/td><td>R$ 1,3400<\/td><\/tr><tr><td>Rendimento<\/td><td>Mar\u00e7o\/2023<\/td><td>R$ 1,3100<\/td><\/tr><tr><td>Rendimento<\/td><td>Fevereiro\/2023<\/td><td>R$ 1,3000<\/td><\/tr><tr><td>Rendimento<\/td><td>Janeiro\/2023<\/td><td>R$ 1,3000<\/td><\/tr><tr><td>Rendimento<\/td><td>Dezembro\/2022<\/td><td>R$ 1,5000<\/td><\/tr><tr><td>Rendimento<\/td><td>Novembro\/2022<\/td><td>R$ 1,5500<\/td><\/tr><tr><td>Rendimento<\/td><td>Outubro\/2022<\/td><td>R$ 1,5900<\/td><\/tr><tr><td>Rendimento<\/td><td>Setembro\/2022<\/td><td>R$ 1,5900<\/td><\/tr><\/tbody><\/table><\/figure>\n\n\n\n<h2 class=\"wp-block-heading\">Veja o perfil do TGAR11<\/h2>\n\n\n\n<p>O FII \u00e9 administrado pela Vortx. Ele teve sua constitui\u00e7\u00e3o realizada em dezembro de 2016, com a proposta principal de investimento em Fundo de Desenvolvimento.<\/p>\n\n\n\t<p>\n\t\t<a href=\"https:\/\/lp.suno.com.br\/planilha-da-vida-financeira\/\" target=\"_blank\" data-element=\"shortcode-suno-banner\" title=\"Banner SUNO, clique e saiba mais\">\n\t\t\t<picture>\n\t\t\t\t<source media=\"(max-width: 500px)\" srcset=\"https:\/\/files.sunoresearch.com.br\/n\/uploads\/2023\/04\/400x300-Planilha-vida-financeira-true.png\">\n\t\t\t\t<img class=\"newsContent__article__imgCapa newsContent__article__imgCapa--banner\"\n\t\t\t\t\tsrc=\"https:\/\/files.sunoresearch.com.br\/n\/uploads\/2023\/04\/1420x240-Planilha-vida-financeira-true.png\"\n\t\t\t\t\tdata-promo-id=\"106682\"\t\t\t\t\t\t\t\t\t\twidth='1420' height='240'\t\t\t\t\talt=\"https:\/\/files.sunoresearch.com.br\/n\/uploads\/2023\/04\/1420x240-Planilha-vida-financeira-true.png\"\n\t\t\t\t>\n\t\t\t<\/picture>\n\t\t<\/a>\n\t<\/p>\n\n\n\n\n\n<p>O FII possui um total de 106.348 cotistas e 13.784.500 cotas emitidas e faz parte da <a class=\"suno-keyword\" data-force=\"no\" data-priority=\"1\" href=\"https:\/\/www.suno.com.br\/artigos\/carteira-teorica\/\" target=\"_blank\" rel=\"noopener\">carteira te\u00f3rica<\/a> do IFIX.<\/p>\n\n\n\n<p>Confira o comportamento das cotas do TGAR11:<\/p>\n\n\n\n<ul class=\"wp-block-list\">\n<li>Nos \u00faltimos 30 dias: teve uma alta de 1,54%;<\/li>\n\n\n\n<li>Nos \u00faltimos 12 meses: valorizou 3,75%.<\/li>\n<\/ul>\n\n\n\n<p>O FII teve uma baixa de -0,03% no \u00faltimo preg\u00e3o e terminou o dia vendido a R$ 122,86.<\/p>\n\n\n\n<p>O fundo <strong>TGAR11<\/strong> tem um patrim\u00f4nio l\u00edquido de R$ 1.647.016.644,13. J\u00e1 o valor do patrim\u00f4nio l\u00edquido por cota \u00e9 de R$ 119,48.<\/p>\n\n\n\t<p>\n\t\t<a href=\"https:\/\/lp.suno.com.br\/ebook-como-analisar-uma-acao\/\" target=\"_blank\" data-element=\"shortcode-suno-banner\" title=\"Banner SUNO, clique e saiba mais\">\n\t\t\t<picture>\n\t\t\t\t<source media=\"(max-width: 500px)\" srcset=\"https:\/\/files.sunoresearch.com.br\/n\/uploads\/2023\/03\/Ebook-Acoes-Mobile-1.jpg\">\n\t\t\t\t<img class=\"newsContent__article__imgCapa newsContent__article__imgCapa--banner\"\n\t\t\t\t\tsrc=\"https:\/\/files.sunoresearch.com.br\/n\/uploads\/2023\/03\/Ebook-Acoes-Desktop-1.jpg\"\n\t\t\t\t\tdata-promo-id=\"171998\"\t\t\t\t\t\t\t\t\t\twidth='1420' height='286'\t\t\t\t\talt=\"https:\/\/files.sunoresearch.com.br\/n\/uploads\/2023\/03\/Ebook-Acoes-Desktop-1.jpg\"\n\t\t\t\t>\n\t\t\t<\/picture>\n\t\t<\/a>\n\t<\/p>\n\n\n\n\n\n<h2 class=\"wp-block-heading\">Fechamento de FIIs<\/h2>\n\n\n\n<p>Veja as principais movimenta\u00e7\u00f5es do mercado no \u00faltimo preg\u00e3o:<\/p>\n\n\n\n<h3 class=\"wp-block-heading\">Maiores altas no dia<\/h3>\n\n\n\n<ul class=\"wp-block-list\">\n<li>RCRB11: Alta de 6,01%<\/li>\n\n\n\n<li>VSLH11: Alta de 4,57%<\/li>\n\n\n\n<li>KFOF11: Alta de 3,72%<\/li>\n\n\n\n<li>PATL11: Alta de 3,13%<\/li>\n\n\n\n<li>CARE11: Alta de 2,58%<\/li>\n<\/ul>\n\n\n\n<h3 class=\"wp-block-heading\">Maiores baixas no dia<\/h3>\n\n\n\n<ul class=\"wp-block-list\">\n<li>TORD11: Baixa de 4,76%<\/li>\n\n\n\n<li>TRXF11: Baixa de 1,35%<\/li>\n\n\n\n<li>HGCR11: Baixa de 1,19%<\/li>\n\n\n\n<li>SARE11: Baixa de 1,12%<\/li>\n\n\n\n<li>BTLG11: Baixa de 1,1%<\/li>\n<\/ul>\n\n\n\n<p>Veja <a href=\"https:\/\/www.suno.com.br\/noticias\/imoveis\/\">aqui<\/a> as principais not\u00edcias sobre os fundos imobili\u00e1rios e saiba mais sobre o FII <strong>TGAR11<\/strong> <a href=\"https:\/\/www.suno.com.br\/noticias\/tags\/TGAR11\/\">neste link<\/a>.<\/p>\n\n\n\t<p>\n\t\t<a href=\"https:\/\/lp.suno.com.br\/planilha-controle-gastos\/\" target=\"_blank\" data-element=\"shortcode-suno-banner\" title=\"Banner SUNO, clique e saiba mais\">\n\t\t\t<picture>\n\t\t\t\t<source media=\"(max-width: 500px)\" srcset=\"https:\/\/files.sunoresearch.com.br\/n\/uploads\/2023\/03\/400x300-Planilha-controle-de-gastos.png\">\n\t\t\t\t<img class=\"newsContent__article__imgCapa newsContent__article__imgCapa--banner\"\n\t\t\t\t\tsrc=\"https:\/\/files.sunoresearch.com.br\/n\/uploads\/2023\/03\/1420x240-Planilha-controle-de-gastos.png\"\n\t\t\t\t\tdata-promo-id=\"101751\"\t\t\t\t\t\t\t\t\t\twidth='1420' height='240'\t\t\t\t\talt=\"https:\/\/files.sunoresearch.com.br\/n\/uploads\/2023\/03\/1420x240-Planilha-controle-de-gastos.png\"\n\t\t\t\t>\n\t\t\t<\/picture>\n\t\t<\/a>\n\t<\/p>\n\n\n","protected":false},"excerpt":{"rendered":"<p>Os investidores com pap\u00e9is do FII TGAR11 fechar\u00e3o este m\u00eas com mais dinheiro na conta, gra\u00e7as aos rendimentos no valor de R$ 1,40 que ser\u00e3o pagos pelo fundo imobili\u00e1rio. Fundos. Foto: Unsplash Somente os cotistas do FII at\u00e9 o final do dia 31 de julho ter\u00e3o direito aos rendimentos. O investidor que estiver dentro desses [&hellip;]<\/p>\n","protected":false},"author":283,"featured_media":372138,"comment_status":"closed","ping_status":"closed","sticky":false,"template":"","format":"standard","meta":[],"categories":[66],"tags":[315,106005],"suno_strategy":[],"class_list":["post-436338","post","type-post","status-publish","format-standard","has-post-thumbnail","hentry","category-fiis","tag-fundos-imobiliarios-fiis","tag-tgar11"],"yoast_head":"<!-- This site is optimized with the Yoast SEO plugin v24.4 - https:\/\/yoast.com\/wordpress\/plugins\/seo\/ -->\n<title>Cotistas do FII TGAR11 receber\u00e3o R$ 1,40 por cota em agosto<\/title>\n<meta name=\"description\" content=\"O FII TGAR11 anunciou o pagamento de rendimentos em agosto. Clique aqui para saber os detalhes sobre os dividendos do TGAR11.\" \/>\n<meta name=\"robots\" content=\"index, follow, max-snippet:-1, max-image-preview:large, max-video-preview:-1\" \/>\n<link rel=\"canonical\" href=\"https:\/\/www.suno.com.br\/noticias\/agenda-dividendos-fundo-imobiliario-tgar11-agosto-cpf\/\" \/>\n<meta property=\"og:locale\" content=\"pt_BR\" \/>\n<meta property=\"og:type\" content=\"article\" \/>\n<meta property=\"og:title\" content=\"Cotistas do FII TGAR11 receber\u00e3o R$ 1,40 por cota em agosto\" \/>\n<meta property=\"og:description\" content=\"O FII TGAR11 anunciou o pagamento de rendimentos em agosto. Clique aqui para saber os detalhes sobre os dividendos do TGAR11.\" \/>\n<meta property=\"og:url\" content=\"https:\/\/www.suno.com.br\/noticias\/agenda-dividendos-fundo-imobiliario-tgar11-agosto-cpf\/\" \/>\n<meta property=\"og:site_name\" content=\"Suno Not\u00edcias\" \/>\n<meta property=\"article:publisher\" content=\"https:\/\/facebook.com\/sunoresearch\" \/>\n<meta property=\"og:image\" content=\"https:\/\/files.sunoresearch.com.br\/n\/uploads\/2023\/03\/ben-o-bro-wpU4veNGnHg-unsplash-2-1-scaled.jpg\" \/>\n\t<meta property=\"og:image:width\" content=\"2560\" \/>\n\t<meta property=\"og:image:height\" content=\"1707\" \/>\n\t<meta property=\"og:image:type\" content=\"image\/jpeg\" \/>\n<meta name=\"author\" content=\"Camila Paim\" \/>\n<meta name=\"twitter:card\" content=\"summary_large_image\" \/>\n<meta name=\"twitter:creator\" content=\"@sunoresearch\" \/>\n<meta name=\"twitter:site\" content=\"@sunoresearch\" \/>\n<meta name=\"twitter:label1\" content=\"Escrito por\" \/>\n\t<meta name=\"twitter:data1\" content=\"Camila Paim\" \/>\n\t<meta name=\"twitter:label2\" content=\"Est. tempo de leitura\" \/>\n\t<meta name=\"twitter:data2\" content=\"3 minutos\" \/>\n<script type=\"application\/ld+json\" class=\"yoast-schema-graph\">{\"@context\":\"https:\/\/schema.org\",\"@graph\":[{\"@type\":\"NewsArticle\",\"@id\":\"https:\/\/www.suno.com.br\/noticias\/agenda-dividendos-fundo-imobiliario-tgar11-agosto-cpf\/#article\",\"isPartOf\":{\"@id\":\"https:\/\/www.suno.com.br\/noticias\/agenda-dividendos-fundo-imobiliario-tgar11-agosto-cpf\/\"},\"author\":{\"name\":\"Camila Paim\",\"@id\":\"https:\/\/www.suno.com.br\/noticias\/#\/schema\/person\/f341d3ae5d1cc685176c9a5327cdfdbb\"},\"headline\":\"Cotistas do FII TGAR11 receber\u00e3o R$ 1,40 por cota em agosto\",\"datePublished\":\"2023-08-02T13:15:00+00:00\",\"mainEntityOfPage\":{\"@id\":\"https:\/\/www.suno.com.br\/noticias\/agenda-dividendos-fundo-imobiliario-tgar11-agosto-cpf\/\"},\"wordCount\":399,\"publisher\":{\"@id\":\"https:\/\/www.suno.com.br\/noticias\/#organization\"},\"image\":{\"@id\":\"https:\/\/www.suno.com.br\/noticias\/agenda-dividendos-fundo-imobiliario-tgar11-agosto-cpf\/#primaryimage\"},\"thumbnailUrl\":\"https:\/\/files.sunoresearch.com.br\/n\/uploads\/2023\/03\/ben-o-bro-wpU4veNGnHg-unsplash-2-1-scaled.jpg\",\"keywords\":[\"Fundos Imobili\u00e1rios (FIIs)\",\"TGAR11\"],\"articleSection\":[\"FIIs\"],\"inLanguage\":\"pt-BR\"},{\"@type\":\"WebPage\",\"@id\":\"https:\/\/www.suno.com.br\/noticias\/agenda-dividendos-fundo-imobiliario-tgar11-agosto-cpf\/\",\"url\":\"https:\/\/www.suno.com.br\/noticias\/agenda-dividendos-fundo-imobiliario-tgar11-agosto-cpf\/\",\"name\":\"Cotistas do FII TGAR11 receber\u00e3o R$ 1,40 por cota em agosto\",\"isPartOf\":{\"@id\":\"https:\/\/www.suno.com.br\/noticias\/#website\"},\"primaryImageOfPage\":{\"@id\":\"https:\/\/www.suno.com.br\/noticias\/agenda-dividendos-fundo-imobiliario-tgar11-agosto-cpf\/#primaryimage\"},\"image\":{\"@id\":\"https:\/\/www.suno.com.br\/noticias\/agenda-dividendos-fundo-imobiliario-tgar11-agosto-cpf\/#primaryimage\"},\"thumbnailUrl\":\"https:\/\/files.sunoresearch.com.br\/n\/uploads\/2023\/03\/ben-o-bro-wpU4veNGnHg-unsplash-2-1-scaled.jpg\",\"datePublished\":\"2023-08-02T13:15:00+00:00\",\"description\":\"O FII TGAR11 anunciou o pagamento de rendimentos em agosto. Clique aqui para saber os detalhes sobre os dividendos do TGAR11.\",\"breadcrumb\":{\"@id\":\"https:\/\/www.suno.com.br\/noticias\/agenda-dividendos-fundo-imobiliario-tgar11-agosto-cpf\/#breadcrumb\"},\"inLanguage\":\"pt-BR\",\"potentialAction\":[{\"@type\":\"ReadAction\",\"target\":[\"https:\/\/www.suno.com.br\/noticias\/agenda-dividendos-fundo-imobiliario-tgar11-agosto-cpf\/\"]}]},{\"@type\":\"ImageObject\",\"inLanguage\":\"pt-BR\",\"@id\":\"https:\/\/www.suno.com.br\/noticias\/agenda-dividendos-fundo-imobiliario-tgar11-agosto-cpf\/#primaryimage\",\"url\":\"https:\/\/files.sunoresearch.com.br\/n\/uploads\/2023\/03\/ben-o-bro-wpU4veNGnHg-unsplash-2-1-scaled.jpg\",\"contentUrl\":\"https:\/\/files.sunoresearch.com.br\/n\/uploads\/2023\/03\/ben-o-bro-wpU4veNGnHg-unsplash-2-1-scaled.jpg\",\"width\":2560,\"height\":1707,\"caption\":\"Fundos. Foto: Unsplash\"},{\"@type\":\"BreadcrumbList\",\"@id\":\"https:\/\/www.suno.com.br\/noticias\/agenda-dividendos-fundo-imobiliario-tgar11-agosto-cpf\/#breadcrumb\",\"itemListElement\":[{\"@type\":\"ListItem\",\"position\":1,\"name\":\"Not\u00edcias\",\"item\":\"https:\/\/www.suno.com.br\/noticias\/\"},{\"@type\":\"ListItem\",\"position\":2,\"name\":\"FIIs\",\"item\":\"https:\/\/www.suno.com.br\/noticias\/fiis\/\"},{\"@type\":\"ListItem\",\"position\":3,\"name\":\"Cotistas do FII TGAR11 receber\u00e3o R$ 1,40 por cota em agosto\"}]},{\"@type\":\"WebSite\",\"@id\":\"https:\/\/www.suno.com.br\/noticias\/#website\",\"url\":\"https:\/\/www.suno.com.br\/noticias\/\",\"name\":\"Suno Not\u00edcias\",\"description\":\"Seu portal de informa\u00e7\u00e3o sobre o mundo dos investimentos\",\"publisher\":{\"@id\":\"https:\/\/www.suno.com.br\/noticias\/#organization\"},\"potentialAction\":[{\"@type\":\"SearchAction\",\"target\":{\"@type\":\"EntryPoint\",\"urlTemplate\":\"https:\/\/www.suno.com.br\/noticias\/?s={search_term_string}\"},\"query-input\":{\"@type\":\"PropertyValueSpecification\",\"valueRequired\":true,\"valueName\":\"search_term_string\"}}],\"inLanguage\":\"pt-BR\"},{\"@type\":\"Organization\",\"@id\":\"https:\/\/www.suno.com.br\/noticias\/#organization\",\"name\":\"Suno Not\u00edcias\",\"url\":\"https:\/\/www.suno.com.br\/noticias\/\",\"logo\":{\"@type\":\"ImageObject\",\"inLanguage\":\"pt-BR\",\"@id\":\"https:\/\/www.suno.com.br\/noticias\/#\/schema\/logo\/image\/\",\"url\":\"https:\/\/files.sunoresearch.com.br\/n\/uploads\/2021\/09\/suno-logo.png\",\"contentUrl\":\"https:\/\/files.sunoresearch.com.br\/n\/uploads\/2021\/09\/suno-logo.png\",\"width\":180,\"height\":180,\"caption\":\"Suno Not\u00edcias\"},\"image\":{\"@id\":\"https:\/\/www.suno.com.br\/noticias\/#\/schema\/logo\/image\/\"},\"sameAs\":[\"https:\/\/facebook.com\/sunoresearch\",\"https:\/\/x.com\/sunoresearch\",\"https:\/\/www.instagram.com\/suno\",\"https:\/\/www.linkedin.com\/company\/suno-research\/\",\"https:\/\/www.youtube.com\/c\/sunoresearch\"]},{\"@type\":\"Person\",\"@id\":\"https:\/\/www.suno.com.br\/noticias\/#\/schema\/person\/f341d3ae5d1cc685176c9a5327cdfdbb\",\"name\":\"Camila Paim\",\"image\":{\"@type\":\"ImageObject\",\"inLanguage\":\"pt-BR\",\"@id\":\"https:\/\/www.suno.com.br\/noticias\/#\/schema\/person\/image\/\",\"url\":\"https:\/\/secure.gravatar.com\/avatar\/f33728e65febb1aa7ecf6792956f9b20?s=96&r=g\",\"contentUrl\":\"https:\/\/secure.gravatar.com\/avatar\/f33728e65febb1aa7ecf6792956f9b20?s=96&r=g\",\"caption\":\"Camila Paim\"},\"description\":\"Jornalista formada pela USP, tem experi\u00eancia em reda\u00e7\u00f5es, SEO, Branded Content e Webdesign. Com passagem pelo Jornal da USP, Empiricus e C6 Bank, hoje \u00e9 rep\u00f3rter no Suno Not\u00edcias cobrindo macroeconomia, finan\u00e7as pessoais e startups.\",\"url\":\"https:\/\/www.suno.com.br\/noticias\/author\/camila-figueiredosuno-com-br\/\"}]}<\/script>\n<!-- \/ Yoast SEO plugin. -->","yoast_head_json":{"title":"Cotistas do FII TGAR11 receber\u00e3o R$ 1,40 por cota em agosto","description":"O FII TGAR11 anunciou o pagamento de rendimentos em agosto. Clique aqui para saber os detalhes sobre os dividendos do TGAR11.","robots":{"index":"index","follow":"follow","max-snippet":"max-snippet:-1","max-image-preview":"max-image-preview:large","max-video-preview":"max-video-preview:-1"},"canonical":"https:\/\/www.suno.com.br\/noticias\/agenda-dividendos-fundo-imobiliario-tgar11-agosto-cpf\/","og_locale":"pt_BR","og_type":"article","og_title":"Cotistas do FII TGAR11 receber\u00e3o R$ 1,40 por cota em agosto","og_description":"O FII TGAR11 anunciou o pagamento de rendimentos em agosto. Clique aqui para saber os detalhes sobre os dividendos do TGAR11.","og_url":"https:\/\/www.suno.com.br\/noticias\/agenda-dividendos-fundo-imobiliario-tgar11-agosto-cpf\/","og_site_name":"Suno Not\u00edcias","article_publisher":"https:\/\/facebook.com\/sunoresearch","og_image":[{"width":2560,"height":1707,"url":"https:\/\/files.sunoresearch.com.br\/n\/uploads\/2023\/03\/ben-o-bro-wpU4veNGnHg-unsplash-2-1-scaled.jpg","type":"image\/jpeg"}],"author":"Camila Paim","twitter_card":"summary_large_image","twitter_creator":"@sunoresearch","twitter_site":"@sunoresearch","twitter_misc":{"Escrito por":"Camila Paim","Est. tempo de leitura":"3 minutos"},"schema":{"@context":"https:\/\/schema.org","@graph":[{"@type":"NewsArticle","@id":"https:\/\/www.suno.com.br\/noticias\/agenda-dividendos-fundo-imobiliario-tgar11-agosto-cpf\/#article","isPartOf":{"@id":"https:\/\/www.suno.com.br\/noticias\/agenda-dividendos-fundo-imobiliario-tgar11-agosto-cpf\/"},"author":{"name":"Camila Paim","@id":"https:\/\/www.suno.com.br\/noticias\/#\/schema\/person\/f341d3ae5d1cc685176c9a5327cdfdbb"},"headline":"Cotistas do FII TGAR11 receber\u00e3o R$ 1,40 por cota em agosto","datePublished":"2023-08-02T13:15:00+00:00","mainEntityOfPage":{"@id":"https:\/\/www.suno.com.br\/noticias\/agenda-dividendos-fundo-imobiliario-tgar11-agosto-cpf\/"},"wordCount":399,"publisher":{"@id":"https:\/\/www.suno.com.br\/noticias\/#organization"},"image":{"@id":"https:\/\/www.suno.com.br\/noticias\/agenda-dividendos-fundo-imobiliario-tgar11-agosto-cpf\/#primaryimage"},"thumbnailUrl":"https:\/\/files.sunoresearch.com.br\/n\/uploads\/2023\/03\/ben-o-bro-wpU4veNGnHg-unsplash-2-1-scaled.jpg","keywords":["Fundos Imobili\u00e1rios (FIIs)","TGAR11"],"articleSection":["FIIs"],"inLanguage":"pt-BR"},{"@type":"WebPage","@id":"https:\/\/www.suno.com.br\/noticias\/agenda-dividendos-fundo-imobiliario-tgar11-agosto-cpf\/","url":"https:\/\/www.suno.com.br\/noticias\/agenda-dividendos-fundo-imobiliario-tgar11-agosto-cpf\/","name":"Cotistas do FII TGAR11 receber\u00e3o R$ 1,40 por cota em agosto","isPartOf":{"@id":"https:\/\/www.suno.com.br\/noticias\/#website"},"primaryImageOfPage":{"@id":"https:\/\/www.suno.com.br\/noticias\/agenda-dividendos-fundo-imobiliario-tgar11-agosto-cpf\/#primaryimage"},"image":{"@id":"https:\/\/www.suno.com.br\/noticias\/agenda-dividendos-fundo-imobiliario-tgar11-agosto-cpf\/#primaryimage"},"thumbnailUrl":"https:\/\/files.sunoresearch.com.br\/n\/uploads\/2023\/03\/ben-o-bro-wpU4veNGnHg-unsplash-2-1-scaled.jpg","datePublished":"2023-08-02T13:15:00+00:00","description":"O FII TGAR11 anunciou o pagamento de rendimentos em agosto. Clique aqui para saber os detalhes sobre os dividendos do TGAR11.","breadcrumb":{"@id":"https:\/\/www.suno.com.br\/noticias\/agenda-dividendos-fundo-imobiliario-tgar11-agosto-cpf\/#breadcrumb"},"inLanguage":"pt-BR","potentialAction":[{"@type":"ReadAction","target":["https:\/\/www.suno.com.br\/noticias\/agenda-dividendos-fundo-imobiliario-tgar11-agosto-cpf\/"]}]},{"@type":"ImageObject","inLanguage":"pt-BR","@id":"https:\/\/www.suno.com.br\/noticias\/agenda-dividendos-fundo-imobiliario-tgar11-agosto-cpf\/#primaryimage","url":"https:\/\/files.sunoresearch.com.br\/n\/uploads\/2023\/03\/ben-o-bro-wpU4veNGnHg-unsplash-2-1-scaled.jpg","contentUrl":"https:\/\/files.sunoresearch.com.br\/n\/uploads\/2023\/03\/ben-o-bro-wpU4veNGnHg-unsplash-2-1-scaled.jpg","width":2560,"height":1707,"caption":"Fundos. Foto: Unsplash"},{"@type":"BreadcrumbList","@id":"https:\/\/www.suno.com.br\/noticias\/agenda-dividendos-fundo-imobiliario-tgar11-agosto-cpf\/#breadcrumb","itemListElement":[{"@type":"ListItem","position":1,"name":"Not\u00edcias","item":"https:\/\/www.suno.com.br\/noticias\/"},{"@type":"ListItem","position":2,"name":"FIIs","item":"https:\/\/www.suno.com.br\/noticias\/fiis\/"},{"@type":"ListItem","position":3,"name":"Cotistas do FII TGAR11 receber\u00e3o R$ 1,40 por cota em agosto"}]},{"@type":"WebSite","@id":"https:\/\/www.suno.com.br\/noticias\/#website","url":"https:\/\/www.suno.com.br\/noticias\/","name":"Suno Not\u00edcias","description":"Seu portal de informa\u00e7\u00e3o sobre o mundo dos investimentos","publisher":{"@id":"https:\/\/www.suno.com.br\/noticias\/#organization"},"potentialAction":[{"@type":"SearchAction","target":{"@type":"EntryPoint","urlTemplate":"https:\/\/www.suno.com.br\/noticias\/?s={search_term_string}"},"query-input":{"@type":"PropertyValueSpecification","valueRequired":true,"valueName":"search_term_string"}}],"inLanguage":"pt-BR"},{"@type":"Organization","@id":"https:\/\/www.suno.com.br\/noticias\/#organization","name":"Suno Not\u00edcias","url":"https:\/\/www.suno.com.br\/noticias\/","logo":{"@type":"ImageObject","inLanguage":"pt-BR","@id":"https:\/\/www.suno.com.br\/noticias\/#\/schema\/logo\/image\/","url":"https:\/\/files.sunoresearch.com.br\/n\/uploads\/2021\/09\/suno-logo.png","contentUrl":"https:\/\/files.sunoresearch.com.br\/n\/uploads\/2021\/09\/suno-logo.png","width":180,"height":180,"caption":"Suno Not\u00edcias"},"image":{"@id":"https:\/\/www.suno.com.br\/noticias\/#\/schema\/logo\/image\/"},"sameAs":["https:\/\/facebook.com\/sunoresearch","https:\/\/x.com\/sunoresearch","https:\/\/www.instagram.com\/suno","https:\/\/www.linkedin.com\/company\/suno-research\/","https:\/\/www.youtube.com\/c\/sunoresearch"]},{"@type":"Person","@id":"https:\/\/www.suno.com.br\/noticias\/#\/schema\/person\/f341d3ae5d1cc685176c9a5327cdfdbb","name":"Camila Paim","image":{"@type":"ImageObject","inLanguage":"pt-BR","@id":"https:\/\/www.suno.com.br\/noticias\/#\/schema\/person\/image\/","url":"https:\/\/secure.gravatar.com\/avatar\/f33728e65febb1aa7ecf6792956f9b20?s=96&r=g","contentUrl":"https:\/\/secure.gravatar.com\/avatar\/f33728e65febb1aa7ecf6792956f9b20?s=96&r=g","caption":"Camila Paim"},"description":"Jornalista formada pela USP, tem experi\u00eancia em reda\u00e7\u00f5es, SEO, Branded Content e Webdesign. Com passagem pelo Jornal da USP, Empiricus e C6 Bank, hoje \u00e9 rep\u00f3rter no Suno Not\u00edcias cobrindo macroeconomia, finan\u00e7as pessoais e startups.","url":"https:\/\/www.suno.com.br\/noticias\/author\/camila-figueiredosuno-com-br\/"}]}},"default_loop_html":"<div class=\"cardsPage__listCard__boxs\"><div class=\"cardsPage__listCard__boxs__img\"><a href=\"https:\/\/www.suno.com.br\/noticias\/agenda-dividendos-fundo-imobiliario-tgar11-agosto-cpf\/\"><img class=\"mask\" src=\"https:\/\/www.suno.com.br\/noticias\/wp-content\/themes\/suno\/resources\/images\/spotlight\/spotlight1img\/bg-mask.png\" alt=\"Image Mask\"\/><img src=\"https:\/\/files.sunoresearch.com.br\/n\/uploads\/2023\/03\/ben-o-bro-wpU4veNGnHg-unsplash-2-1-400x200.jpg\" alt=\"Cotistas do FII TGAR11 receber\u00e3o R$ 1,40 por cota em agosto\"\/><\/a><span class=\"spotlightCategory\"><a href=\"https:\/\/www.suno.com.br\/noticias\/fiis\/\">FIIs<\/a><\/span><\/div><div class=\"cardsPage__listCard__boxs__content\"><a href=\"https:\/\/www.suno.com.br\/noticias\/agenda-dividendos-fundo-imobiliario-tgar11-agosto-cpf\/\"><h2 class=\"content__title\">Cotistas do FII TGAR11 receber\u00e3o R$ 1,40 por cota em agosto<\/h2><\/a><div class=\"newsContent__article__meta\"><div class=\"newsContent__article__meta__authorBox\"><a href=\"https:\/\/www.suno.com.br\/noticias\/author\/camila-figueiredosuno-com-br\/\" class=\"authorBox__avatar noMobi\"><img src=\"https:\/\/files.sunoresearch.com.br\/n\/uploads\/2024\/05\/camila-paim-square-150x150.jpg\" alt=\"Camila Paim\"><\/a><div class=\"authorBox__name\"><span>por\n\t\t\t<a href=\"https:\/\/www.suno.com.br\/noticias\/author\/camila-figueiredosuno-com-br\/\"><span itemprop=\"author\">Camila Paim<\/span><\/a><\/span><time datetime=\"2023-08-02T10:15:00-03:00\" itemprop=\"datePublished\">02\/08\/2023 10:15<\/time><\/div><\/div><\/div><\/div><\/div>","single_layout":"posts","amp_enabled":true,"_links":{"self":[{"href":"https:\/\/www.suno.com.br\/noticias\/wp-json\/wp\/v2\/posts\/436338"}],"collection":[{"href":"https:\/\/www.suno.com.br\/noticias\/wp-json\/wp\/v2\/posts"}],"about":[{"href":"https:\/\/www.suno.com.br\/noticias\/wp-json\/wp\/v2\/types\/post"}],"author":[{"embeddable":true,"href":"https:\/\/www.suno.com.br\/noticias\/wp-json\/wp\/v2\/users\/283"}],"replies":[{"embeddable":true,"href":"https:\/\/www.suno.com.br\/noticias\/wp-json\/wp\/v2\/comments?post=436338"}],"version-history":[{"count":3,"href":"https:\/\/www.suno.com.br\/noticias\/wp-json\/wp\/v2\/posts\/436338\/revisions"}],"predecessor-version":[{"id":437091,"href":"https:\/\/www.suno.com.br\/noticias\/wp-json\/wp\/v2\/posts\/436338\/revisions\/437091"}],"wp:featuredmedia":[{"embeddable":true,"href":"https:\/\/www.suno.com.br\/noticias\/wp-json\/wp\/v2\/media\/372138"}],"wp:attachment":[{"href":"https:\/\/www.suno.com.br\/noticias\/wp-json\/wp\/v2\/media?parent=436338"}],"wp:term":[{"taxonomy":"category","embeddable":true,"href":"https:\/\/www.suno.com.br\/noticias\/wp-json\/wp\/v2\/categories?post=436338"},{"taxonomy":"post_tag","embeddable":true,"href":"https:\/\/www.suno.com.br\/noticias\/wp-json\/wp\/v2\/tags?post=436338"},{"taxonomy":"suno_strategy","embeddable":true,"href":"https:\/\/www.suno.com.br\/noticias\/wp-json\/wp\/v2\/suno_strategy?post=436338"}],"curies":[{"name":"wp","href":"https:\/\/api.w.org\/{rel}","templated":true}]}}