{"id":436236,"date":"2023-08-01T08:26:07","date_gmt":"2023-08-01T11:26:07","guid":{"rendered":"https:\/\/www.suno.com.br\/noticias\/?p=436236"},"modified":"2023-08-01T08:41:42","modified_gmt":"2023-08-01T11:41:42","slug":"americanas-amer3-encerra-junho-com-caixa-disponivel-final-de-r-14-bi-gpj","status":"publish","type":"post","link":"https:\/\/www.suno.com.br\/noticias\/americanas-amer3-encerra-junho-com-caixa-disponivel-final-de-r-14-bi-gpj\/","title":{"rendered":"Americanas (AMER3) encerra junho com caixa dispon\u00edvel final de R$ 1,4 bi; Entenda"},"content":{"rendered":"<p>A <strong>Americanas&nbsp;<\/strong>(<a href=\"https:\/\/www.suno.com.br\/acoes\/amer3\" target=\"_blank\" rel=\"noreferrer noopener\">AMER3<\/a>) encerrou o m\u00eas de junho com caixa dispon\u00edvel final de R$ 1,464 bilh\u00e3o, montante 28% menor que o saldo de julho de 2022. As informa\u00e7\u00f5es constam do relat\u00f3rio de atividades mensais da companhia divulgado pelos administradores judiciais.<\/p>\t<div class=\"wrapper-featured-image\">\n\t\t<figure class=\"spotlightImg\">\n\n\t\t\t<picture>\n\t\t\t\t<source media=\"(max-width: 768px)\" srcset=\"https:\/\/files.sunoresearch.com.br\/n\/uploads\/2020\/11\/384f9858-lojas-americanas-400x200.jpg\">\n\t\t\t\t<img loading=\"lazy\" decoding=\"async\" class=\"newsContent__article__imgCapa lazyloadDisabled \" src=\"https:\/\/files.sunoresearch.com.br\/n\/uploads\/2020\/11\/384f9858-lojas-americanas-800x450.jpg\" width=\"800\" height=\"450\" alt=\"Americanas (AMER3) encerra junho com caixa dispon\u00edvel final de R$ 1,4 bi; Entenda\" fetchpriority=high \/>\n\t\t\t<\/picture>\n\n\t\t\t<figcaption class=\"wp-caption-text wp-caption-text--show\">Americanas (AMER3) Foto: Divulga\u00e7\u00e3o<\/figcaption>\n\t\t<\/figure>\n\t<\/div>\n\n\n\n\n\n\n\n\t<p>\n\t\t<a href=\"\" target=\"_blank\" data-element=\"shortcode-suno-banner\" title=\"Banner SUNO, clique e saiba mais\">\n\t\t\t<picture>\n\t\t\t\t<source media=\"(max-width: 500px)\" srcset=\"\">\n\t\t\t\t<img class=\"newsContent__article__imgCapa newsContent__article__imgCapa--banner\"\n\t\t\t\t\tsrc=\"\"\n\t\t\t\t\tdata-promo-id=\"265277\"\t\t\t\t\t\t\t\t\t\t\t\t\t\t\talt=\"\"\n\t\t\t\t>\n\t\t\t<\/picture>\n\t\t<\/a>\n\t<\/p>\n\n\n\n\n\n<p>Segundo o documento, a <strong>d\u00edvida da Americanas<\/strong> em junho em reais era de R$ 20,613 bilh\u00f5es. Na moeda americana, a d\u00edvida era de US$ 1,068 bilh\u00e3o. Os dados n\u00e3o incluem o endividamento banc\u00e1rio associado ao risco sacado.<\/p>\n\n\n\n<p>O prazo m\u00e9dio dos produtos em estoque foi de 122 dias em junho, o que representa uma redu\u00e7\u00e3o de 22,2% em rela\u00e7\u00e3o a janeiro de 2023, tendo um impacto positivo no <a href=\"https:\/\/www.suno.com.br\/artigos\/ciclo-de-caixa\/\">ciclo de caixa<\/a>.<\/p>\n\n\n\n<p>O prazo de recebimento de <strong>clientes da Americanas<\/strong> atingiu 37 dias em junho, representando redu\u00e7\u00e3o de 17,23% em rela\u00e7\u00e3o a janeiro.<\/p>\n\n\n\n<p>O <strong>total investido pelo Grupo Americanas<\/strong> em junho de 2023 foi de R$ 9,076 milh\u00f5es, valor 94% menor que a m\u00e9dia de investimentos realizados entre junho e dezembro de 2022, de R$ 139,736 milh\u00f5es. Em junho, o canal digital n\u00e3o recebeu investimentos.<\/p>\n\n\n\n<p>O documento informa ainda que a <strong>Americanas fechou 51 lojas<\/strong> nos \u00faltimos 12 meses. Houve aumento de uma loja entre julho e dezembro do ano passado e o encerramento de 52 lojas no per\u00edodo entre janeiro e junho deste ano. Ao final do per\u00edodo, a empresa contava com 1.830 unidades em funcionamento.<\/p>\n\n\n\n<p>O n\u00famero de clientes ativos recuou 13,3% em junho de 2023 na compara\u00e7\u00e3o com julho do ano passado. No ano, a queda \u00e9 de 11,1%.<\/p>\n\n\n\t<div data-element=\"shortcode-read-more\" class=\"knowMore\">\n\t\t\t\t<span class=\"knowMore__title\">Leia mais<\/span>\n\t\t\t\t<a class=\"knowMore__link\" href=\"https:\/\/www.suno.com.br\/noticias\/efeito-americanas-alta-inadimplencia-diretor-bc-evm\/\">\n\t\t\t&#039;Efeito Americanas&#039; provocou alta da inadimpl\u00eancia no cr\u00e9dito livre, diz diretor do BC\t\t<\/a>\n\t<\/div>\n\n\n\n\n<h2 class=\"wp-block-heading\">Americanas detalha trabalhos de comit\u00ea que apura fraudes na varejista<\/h2>\n\n\n\n<p>A\u00a0Americanas divulgou na \u00faltima sexta-feira (28) detalhes sobre os trabalhos do comit\u00ea independente criado para apurar as circunst\u00e2ncias que ocasionaram as\u00a0<strong>inconsist\u00eancias cont\u00e1beis\u00a0na varejista<\/strong>, que vieram \u00e0 p\u00fablico no in\u00edcio do ano.<\/p>\n\n\n\n<p>Segundo a\u00a0varejista, o grupo de\u00a0<strong>trabalho da Americanas\u00a0<\/strong>\u00e9 composto por tr\u00eas membros independentes e conduz os seus trabalhos com o apoio de uma equipe de investiga\u00e7\u00e3o, selecionada pelo pr\u00f3prio comit\u00ea. Ela \u00e9 composta por integrantes do escrit\u00f3rio de advocacia Maeda, Ayres &amp; Sarubbi, especializado em compliance e investiga\u00e7\u00f5es, e da <strong>Ernst &amp; Young<\/strong> Assessoria Empresarial Ltda., que presta servi\u00e7os de tecnologia e investiga\u00e7\u00e3o forense ao comit\u00ea.<\/p>\n\n\n\n<p>\u201cTanto os membros quanto a equipe de investiga\u00e7\u00e3o s\u00e3o independentes em rela\u00e7\u00e3o \u00e0 companhia e \u00e0 sua administra\u00e7\u00e3o e atuam de maneira estritamente t\u00e9cnica, com o zelo exigido em uma investiga\u00e7\u00e3o de alta complexidade\u201d, pontuou a Americanas.<\/p>\n\n\n\n<p>No comunicado, a empresa destacou que, logo no in\u00edcio de seus trabalhos, a equipe concentrou esfor\u00e7os na preserva\u00e7\u00e3o de dados de pessoas que podem ser fonte de informa\u00e7\u00f5es relevantes para a&nbsp;<strong>investiga\u00e7\u00e3o na Americanas<\/strong>&nbsp;(os chamados \u201ccustodiantes\u201d), bem como de servidores corporativos (que cont\u00eam dados financeiros, cont\u00e1beis, entre outros).<\/p>\n\n\n\n<p>\u201cAt\u00e9 o momento, foram coletados e preservados cerca de 200 terabytes de dados. S\u00e3o processados e filtrados e, posteriormente, analisados pela equipe de investiga\u00e7\u00e3o. Al\u00e9m dos dados coletados, o comit\u00ea tem recebido informa\u00e7\u00f5es de outras fontes\u201d.<\/p>\n\n\n\n<p>Uma outra dimens\u00e3o dos trabalhos de investiga\u00e7\u00e3o, tamb\u00e9m em andamento, envolve a realiza\u00e7\u00e3o de entrevistas com colaboradores e ex-funcion\u00e1rios da companhia para melhor esclarecimento dos fatos, assim como dos processos e procedimentos adotados pela Americanas, disse.<\/p>\n\n\n\n<p>\u201cPor tratar-se de comit\u00ea de assessoramento do&nbsp;<a href=\"https:\/\/www.suno.com.br\/artigos\/conselho-administracao\/\">conselho de administra\u00e7\u00e3o<\/a>, realiza reportes sobre os seus trabalhos \u00e0quele \u00f3rg\u00e3o. Esses reportes sempre observaram \u2013 e continuar\u00e3o a observar \u2013 as melhores pr\u00e1ticas para resguardar a investiga\u00e7\u00e3o\u201d, acrescentando que essas intera\u00e7\u00f5es s\u00e3o importantes, inclusive, para que a administra\u00e7\u00e3o da companhia possa dar passos relacionados, por exemplo, \u00e0 produ\u00e7\u00e3o de&nbsp;<a href=\"https:\/\/www.suno.com.br\/artigos\/demonstracoes-financeiras\/\">demonstra\u00e7\u00f5es financeiras<\/a>&nbsp;fidedignas.<\/p>\n\n\n\n<p>A Americanas esclareceu, ainda, que a posi\u00e7\u00e3o final do grupo de trabalho sobre os fatos investigados e as pessoas envolvidas depende da conclus\u00e3o dos trabalhos das \u201cfrentes\u201d da investiga\u00e7\u00e3o que ainda est\u00e3o em andamento.<\/p>\n\n\n\n<p>Segundo a empresa, o comit\u00ea busca concluir a investiga\u00e7\u00e3o com rapidez, mas o andamento dos trabalhos \u00e9 afetado n\u00e3o s\u00f3 pela complexidade da investiga\u00e7\u00e3o, mas tamb\u00e9m por outras demandas, como a libera\u00e7\u00e3o de certificadores das <a href=\"https:\/\/www.suno.com.br\/artigos\/demonstracoes-financeiras\/\">demonstra\u00e7\u00f5es financeiras<\/a>.<\/p>\n\n\n\n<p>Por fim, a varejista afirmou que, sem preju\u00edzo aos trabalhos do comit\u00ea, vem realizando atos diretos de apura\u00e7\u00e3o dos fatos divulgados ao mercado, seja para permitir a produ\u00e7\u00e3o de demonstra\u00e7\u00f5es financeiras, seja para outros fins, tendo em vista as diversas dimens\u00f5es do presente caso.<\/p>\n\n\n\n<p>\u201cTais atos n\u00e3o se confundem com a atua\u00e7\u00e3o do comit\u00ea e n\u00e3o antecipam posi\u00e7\u00f5es ou conclus\u00f5es do mesmo. Na mesma linha, \u00e9 importante destacar que o comit\u00ea tamb\u00e9m n\u00e3o \u00e9 respons\u00e1vel por tomar decis\u00f5es de cunho administrativo, como aquelas relacionadas ao desligamento de colaboradores da companhia\u201d, finalizou a Americanas.<\/p>\n\n\n\t<p>\n\t\t<a href=\"https:\/\/lp.suno.com.br\/planilha-da-vida-financeira\/\" target=\"_blank\" data-element=\"shortcode-suno-banner\" title=\"Banner SUNO, clique e saiba mais\">\n\t\t\t<picture>\n\t\t\t\t<source media=\"(max-width: 500px)\" srcset=\"https:\/\/files.sunoresearch.com.br\/n\/uploads\/2023\/04\/400x300-Planilha-vida-financeira-true.png\">\n\t\t\t\t<img class=\"newsContent__article__imgCapa newsContent__article__imgCapa--banner\"\n\t\t\t\t\tsrc=\"https:\/\/files.sunoresearch.com.br\/n\/uploads\/2023\/04\/1420x240-Planilha-vida-financeira-true.png\"\n\t\t\t\t\tdata-promo-id=\"383123\"\t\t\t\t\t\t\t\t\t\twidth='1420' height='240'\t\t\t\t\talt=\"https:\/\/files.sunoresearch.com.br\/n\/uploads\/2023\/04\/1420x240-Planilha-vida-financeira-true.png\"\n\t\t\t\t>\n\t\t\t<\/picture>\n\t\t<\/a>\n\t<\/p>\n\n\n\n\n\n<h2 class=\"wp-block-heading\">Americanas: STF decide que ex-CEO ter\u00e1 que depor \u00e0 CPI, mas permite sil\u00eancio, diz jornal<\/h2>\n\n\n\n<p>O ministro do Supremo Tribunal Federal (STF), <strong>Andr\u00e9 Mendon\u00e7a<\/strong>, decidiu que o ex-<strong><a href=\"https:\/\/www.suno.com.br\/artigos\/ceo\/\">diretor presidente<\/a>\u00a0da\u00a0<a href=\"https:\/\/www.suno.com.br\/acoes\/amer3\" target=\"_blank\" rel=\"noreferrer noopener\">Americanas<\/a><\/strong>, Miguel Gutierrez, deve comparecer \u00e0 CPI que investiga as\u00a0<a href=\"https:\/\/www.suno.com.br\/artigos\/fraudes-contabeis\/\">fraudes cont\u00e1beis<\/a>\u00a0na varejista, mas que poder\u00e1 permanecer em sil\u00eancio, segundo apura\u00e7\u00e3o do colunista Lauro Jardim, do jornal O Globo.<\/p>\n\n\n\n<p>Segundo a publica\u00e7\u00e3o, a defesa de Gutierrez solicitou o sil\u00eancio por ele ser alvo de investiga\u00e7\u00f5es da Comiss\u00e3o de Valores Mobili\u00e1rios (CVM) e da Pol\u00edcia Federal (PF).<\/p>\n\n\n\n<p>Mendon\u00e7a determinou ainda que, ao ser sabatinado na C\u00e2mara, o ex-executivo da <strong>Americanas<\/strong> tenha direito ao aux\u00edlio de um advogado e n\u00e3o sofra constrangimentos f\u00edsicos ou morais ao fazer uso do benef\u00edcio do sil\u00eancio, diz a reportagem.<\/p>\n\n\n\n<p><em>Com informa\u00e7\u00f5es de Estad\u00e3o Conte\u00fado<\/em><\/p>\n\n\n\t<p>\n\t\t<a href=\"https:\/\/lp.suno.com.br\/ebook-como-analisar-uma-acao\/\" target=\"_blank\" data-element=\"shortcode-suno-banner\" title=\"Banner SUNO, clique e saiba mais\">\n\t\t\t<picture>\n\t\t\t\t<source media=\"(max-width: 500px)\" srcset=\"https:\/\/files.sunoresearch.com.br\/n\/uploads\/2023\/03\/Ebook-Acoes-Mobile-1.jpg\">\n\t\t\t\t<img class=\"newsContent__article__imgCapa newsContent__article__imgCapa--banner\"\n\t\t\t\t\tsrc=\"https:\/\/files.sunoresearch.com.br\/n\/uploads\/2023\/03\/Ebook-Acoes-Desktop-1.jpg\"\n\t\t\t\t\tdata-promo-id=\"171998\"\t\t\t\t\t\t\t\t\t\twidth='1420' height='286'\t\t\t\t\talt=\"https:\/\/files.sunoresearch.com.br\/n\/uploads\/2023\/03\/Ebook-Acoes-Desktop-1.jpg\"\n\t\t\t\t>\n\t\t\t<\/picture>\n\t\t<\/a>\n\t<\/p>\n\n\n","protected":false},"excerpt":{"rendered":"<p>A Americanas&nbsp;(AMER3) encerrou o m\u00eas de junho com caixa dispon\u00edvel final de R$ 1,464 bilh\u00e3o, montante 28% menor que o saldo de julho de 2022. As informa\u00e7\u00f5es constam do relat\u00f3rio de atividades mensais da companhia divulgado pelos administradores judiciais. Americanas (AMER3) Foto: Divulga\u00e7\u00e3o Segundo o documento, a d\u00edvida da Americanas em junho em reais era [&hellip;]<\/p>\n","protected":false},"author":43,"featured_media":103987,"comment_status":"closed","ping_status":"closed","sticky":false,"template":"","format":"standard","meta":[],"categories":[64],"tags":[106605],"suno_strategy":[],"class_list":["post-436236","post","type-post","status-publish","format-standard","has-post-thumbnail","hentry","category-negocios","tag-americanas-s-a-amer3"],"yoast_head":"<!-- This site is optimized with the Yoast SEO plugin v24.4 - https:\/\/yoast.com\/wordpress\/plugins\/seo\/ -->\n<title>Americanas (AMER3) encerra junho com caixa dispon\u00edvel de R$ 1,4 bi<\/title>\n<meta name=\"description\" content=\"A Americanas\u00a0encerrou o m\u00eas de junho com caixa dispon\u00edvel final de R$ 1,464 bilh\u00e3o, montante 28% menor que o saldo de julho de 2022.\" \/>\n<meta name=\"robots\" content=\"index, follow, max-snippet:-1, max-image-preview:large, max-video-preview:-1\" \/>\n<link rel=\"canonical\" href=\"https:\/\/www.suno.com.br\/noticias\/americanas-amer3-encerra-junho-com-caixa-disponivel-final-de-r-14-bi-gpj\/\" \/>\n<meta property=\"og:locale\" content=\"pt_BR\" \/>\n<meta property=\"og:type\" content=\"article\" \/>\n<meta property=\"og:title\" content=\"Americanas (AMER3) encerra junho com caixa dispon\u00edvel de R$ 1,4 bi\" \/>\n<meta property=\"og:description\" content=\"A Americanas\u00a0encerrou o m\u00eas de junho com caixa dispon\u00edvel final de R$ 1,464 bilh\u00e3o, montante 28% menor que o saldo de julho de 2022.\" \/>\n<meta property=\"og:url\" content=\"https:\/\/www.suno.com.br\/noticias\/americanas-amer3-encerra-junho-com-caixa-disponivel-final-de-r-14-bi-gpj\/\" \/>\n<meta property=\"og:site_name\" content=\"Suno Not\u00edcias\" \/>\n<meta property=\"article:publisher\" content=\"https:\/\/facebook.com\/sunoresearch\" \/>\n<meta property=\"article:author\" content=\"https:\/\/www.facebook.com\/sunonoticias\/\" \/>\n<meta property=\"og:image\" content=\"https:\/\/files.sunoresearch.com.br\/n\/uploads\/2020\/11\/384f9858-lojas-americanas-scaled.jpg\" \/>\n\t<meta property=\"og:image:width\" content=\"2560\" \/>\n\t<meta property=\"og:image:height\" content=\"1693\" \/>\n\t<meta property=\"og:image:type\" content=\"image\/jpeg\" \/>\n<meta name=\"author\" content=\"Reda\u00e7\u00e3o Suno Not\u00edcias\" \/>\n<meta name=\"twitter:card\" content=\"summary_large_image\" \/>\n<meta name=\"twitter:creator\" content=\"@https:\/\/twitter.com\/sunoresearch\" \/>\n<meta name=\"twitter:site\" content=\"@sunoresearch\" \/>\n<meta name=\"twitter:label1\" content=\"Escrito por\" \/>\n\t<meta name=\"twitter:data1\" content=\"Reda\u00e7\u00e3o Suno Not\u00edcias\" \/>\n\t<meta name=\"twitter:label2\" content=\"Est. tempo de leitura\" \/>\n\t<meta name=\"twitter:data2\" content=\"5 minutos\" \/>\n<script type=\"application\/ld+json\" class=\"yoast-schema-graph\">{\"@context\":\"https:\/\/schema.org\",\"@graph\":[{\"@type\":\"NewsArticle\",\"@id\":\"https:\/\/www.suno.com.br\/noticias\/americanas-amer3-encerra-junho-com-caixa-disponivel-final-de-r-14-bi-gpj\/#article\",\"isPartOf\":{\"@id\":\"https:\/\/www.suno.com.br\/noticias\/americanas-amer3-encerra-junho-com-caixa-disponivel-final-de-r-14-bi-gpj\/\"},\"author\":{\"name\":\"Reda\u00e7\u00e3o Suno Not\u00edcias\",\"@id\":\"https:\/\/www.suno.com.br\/noticias\/#\/schema\/person\/c1b1bd3727fa852bd045e9dbff3673ea\"},\"headline\":\"Americanas (AMER3) encerra junho com caixa dispon\u00edvel final de R$ 1,4 bi; Entenda\",\"datePublished\":\"2023-08-01T11:26:07+00:00\",\"dateModified\":\"2023-08-01T11:41:42+00:00\",\"mainEntityOfPage\":{\"@id\":\"https:\/\/www.suno.com.br\/noticias\/americanas-amer3-encerra-junho-com-caixa-disponivel-final-de-r-14-bi-gpj\/\"},\"wordCount\":978,\"publisher\":{\"@id\":\"https:\/\/www.suno.com.br\/noticias\/#organization\"},\"image\":{\"@id\":\"https:\/\/www.suno.com.br\/noticias\/americanas-amer3-encerra-junho-com-caixa-disponivel-final-de-r-14-bi-gpj\/#primaryimage\"},\"thumbnailUrl\":\"https:\/\/files.sunoresearch.com.br\/n\/uploads\/2020\/11\/384f9858-lojas-americanas-scaled.jpg\",\"keywords\":[\"Americanas (AMER3)\"],\"articleSection\":[\"Neg\u00f3cios\"],\"inLanguage\":\"pt-BR\"},{\"@type\":\"WebPage\",\"@id\":\"https:\/\/www.suno.com.br\/noticias\/americanas-amer3-encerra-junho-com-caixa-disponivel-final-de-r-14-bi-gpj\/\",\"url\":\"https:\/\/www.suno.com.br\/noticias\/americanas-amer3-encerra-junho-com-caixa-disponivel-final-de-r-14-bi-gpj\/\",\"name\":\"Americanas (AMER3) encerra junho com caixa dispon\u00edvel de R$ 1,4 bi\",\"isPartOf\":{\"@id\":\"https:\/\/www.suno.com.br\/noticias\/#website\"},\"primaryImageOfPage\":{\"@id\":\"https:\/\/www.suno.com.br\/noticias\/americanas-amer3-encerra-junho-com-caixa-disponivel-final-de-r-14-bi-gpj\/#primaryimage\"},\"image\":{\"@id\":\"https:\/\/www.suno.com.br\/noticias\/americanas-amer3-encerra-junho-com-caixa-disponivel-final-de-r-14-bi-gpj\/#primaryimage\"},\"thumbnailUrl\":\"https:\/\/files.sunoresearch.com.br\/n\/uploads\/2020\/11\/384f9858-lojas-americanas-scaled.jpg\",\"datePublished\":\"2023-08-01T11:26:07+00:00\",\"dateModified\":\"2023-08-01T11:41:42+00:00\",\"description\":\"A Americanas\u00a0encerrou o m\u00eas de junho com caixa dispon\u00edvel final de R$ 1,464 bilh\u00e3o, montante 28% menor que o saldo de julho de 2022.\",\"breadcrumb\":{\"@id\":\"https:\/\/www.suno.com.br\/noticias\/americanas-amer3-encerra-junho-com-caixa-disponivel-final-de-r-14-bi-gpj\/#breadcrumb\"},\"inLanguage\":\"pt-BR\",\"potentialAction\":[{\"@type\":\"ReadAction\",\"target\":[\"https:\/\/www.suno.com.br\/noticias\/americanas-amer3-encerra-junho-com-caixa-disponivel-final-de-r-14-bi-gpj\/\"]}]},{\"@type\":\"ImageObject\",\"inLanguage\":\"pt-BR\",\"@id\":\"https:\/\/www.suno.com.br\/noticias\/americanas-amer3-encerra-junho-com-caixa-disponivel-final-de-r-14-bi-gpj\/#primaryimage\",\"url\":\"https:\/\/files.sunoresearch.com.br\/n\/uploads\/2020\/11\/384f9858-lojas-americanas-scaled.jpg\",\"contentUrl\":\"https:\/\/files.sunoresearch.com.br\/n\/uploads\/2020\/11\/384f9858-lojas-americanas-scaled.jpg\",\"width\":2560,\"height\":1693,\"caption\":\"Americanas (AMER3) Foto: Divulga\u00e7\u00e3o\"},{\"@type\":\"BreadcrumbList\",\"@id\":\"https:\/\/www.suno.com.br\/noticias\/americanas-amer3-encerra-junho-com-caixa-disponivel-final-de-r-14-bi-gpj\/#breadcrumb\",\"itemListElement\":[{\"@type\":\"ListItem\",\"position\":1,\"name\":\"Not\u00edcias\",\"item\":\"https:\/\/www.suno.com.br\/noticias\/\"},{\"@type\":\"ListItem\",\"position\":2,\"name\":\"Neg\u00f3cios\",\"item\":\"https:\/\/www.suno.com.br\/noticias\/negocios\/\"},{\"@type\":\"ListItem\",\"position\":3,\"name\":\"Americanas (AMER3) encerra junho com caixa dispon\u00edvel final de R$ 1,4 bi; Entenda\"}]},{\"@type\":\"WebSite\",\"@id\":\"https:\/\/www.suno.com.br\/noticias\/#website\",\"url\":\"https:\/\/www.suno.com.br\/noticias\/\",\"name\":\"Suno Not\u00edcias\",\"description\":\"Seu portal de informa\u00e7\u00e3o sobre o mundo dos investimentos\",\"publisher\":{\"@id\":\"https:\/\/www.suno.com.br\/noticias\/#organization\"},\"potentialAction\":[{\"@type\":\"SearchAction\",\"target\":{\"@type\":\"EntryPoint\",\"urlTemplate\":\"https:\/\/www.suno.com.br\/noticias\/?s={search_term_string}\"},\"query-input\":{\"@type\":\"PropertyValueSpecification\",\"valueRequired\":true,\"valueName\":\"search_term_string\"}}],\"inLanguage\":\"pt-BR\"},{\"@type\":\"Organization\",\"@id\":\"https:\/\/www.suno.com.br\/noticias\/#organization\",\"name\":\"Suno Not\u00edcias\",\"url\":\"https:\/\/www.suno.com.br\/noticias\/\",\"logo\":{\"@type\":\"ImageObject\",\"inLanguage\":\"pt-BR\",\"@id\":\"https:\/\/www.suno.com.br\/noticias\/#\/schema\/logo\/image\/\",\"url\":\"https:\/\/files.sunoresearch.com.br\/n\/uploads\/2021\/09\/suno-logo.png\",\"contentUrl\":\"https:\/\/files.sunoresearch.com.br\/n\/uploads\/2021\/09\/suno-logo.png\",\"width\":180,\"height\":180,\"caption\":\"Suno Not\u00edcias\"},\"image\":{\"@id\":\"https:\/\/www.suno.com.br\/noticias\/#\/schema\/logo\/image\/\"},\"sameAs\":[\"https:\/\/facebook.com\/sunoresearch\",\"https:\/\/x.com\/sunoresearch\",\"https:\/\/www.instagram.com\/suno\",\"https:\/\/www.linkedin.com\/company\/suno-research\/\",\"https:\/\/www.youtube.com\/c\/sunoresearch\"]},{\"@type\":\"Person\",\"@id\":\"https:\/\/www.suno.com.br\/noticias\/#\/schema\/person\/c1b1bd3727fa852bd045e9dbff3673ea\",\"name\":\"Reda\u00e7\u00e3o Suno Not\u00edcias\",\"image\":{\"@type\":\"ImageObject\",\"inLanguage\":\"pt-BR\",\"@id\":\"https:\/\/www.suno.com.br\/noticias\/#\/schema\/person\/image\/\",\"url\":\"https:\/\/secure.gravatar.com\/avatar\/b8104b9b5a71985d5238ee59fbe418af?s=96&r=g\",\"contentUrl\":\"https:\/\/secure.gravatar.com\/avatar\/b8104b9b5a71985d5238ee59fbe418af?s=96&r=g\",\"caption\":\"Reda\u00e7\u00e3o Suno Not\u00edcias\"},\"description\":\"O Suno Not\u00edcias \u00e9 um portal de informa\u00e7\u00f5es sobre Mercado Financeiro, Pol\u00edtica, Neg\u00f3cios, Economia e Finan\u00e7as Pessoais.\",\"sameAs\":[\"https:\/\/www.suno.com.br\/noticias\",\"https:\/\/www.facebook.com\/sunonoticias\/\",\"https:\/\/www.instagram.com\/sunonoticias\/\",\"https:\/\/x.com\/https:\/\/twitter.com\/sunoresearch\",\"https:\/\/www.youtube.com\/sunonoticias\"],\"url\":\"https:\/\/www.suno.com.br\/noticias\/author\/redacao-suno\/\"}]}<\/script>\n<!-- \/ Yoast SEO plugin. -->","yoast_head_json":{"title":"Americanas (AMER3) encerra junho com caixa dispon\u00edvel de R$ 1,4 bi","description":"A Americanas\u00a0encerrou o m\u00eas de junho com caixa dispon\u00edvel final de R$ 1,464 bilh\u00e3o, montante 28% menor que o saldo de julho de 2022.","robots":{"index":"index","follow":"follow","max-snippet":"max-snippet:-1","max-image-preview":"max-image-preview:large","max-video-preview":"max-video-preview:-1"},"canonical":"https:\/\/www.suno.com.br\/noticias\/americanas-amer3-encerra-junho-com-caixa-disponivel-final-de-r-14-bi-gpj\/","og_locale":"pt_BR","og_type":"article","og_title":"Americanas (AMER3) encerra junho com caixa dispon\u00edvel de R$ 1,4 bi","og_description":"A Americanas\u00a0encerrou o m\u00eas de junho com caixa dispon\u00edvel final de R$ 1,464 bilh\u00e3o, montante 28% menor que o saldo de julho de 2022.","og_url":"https:\/\/www.suno.com.br\/noticias\/americanas-amer3-encerra-junho-com-caixa-disponivel-final-de-r-14-bi-gpj\/","og_site_name":"Suno Not\u00edcias","article_publisher":"https:\/\/facebook.com\/sunoresearch","article_author":"https:\/\/www.facebook.com\/sunonoticias\/","og_image":[{"width":2560,"height":1693,"url":"https:\/\/files.sunoresearch.com.br\/n\/uploads\/2020\/11\/384f9858-lojas-americanas-scaled.jpg","type":"image\/jpeg"}],"author":"Reda\u00e7\u00e3o Suno Not\u00edcias","twitter_card":"summary_large_image","twitter_creator":"@https:\/\/twitter.com\/sunoresearch","twitter_site":"@sunoresearch","twitter_misc":{"Escrito por":"Reda\u00e7\u00e3o Suno Not\u00edcias","Est. tempo de leitura":"5 minutos"},"schema":{"@context":"https:\/\/schema.org","@graph":[{"@type":"NewsArticle","@id":"https:\/\/www.suno.com.br\/noticias\/americanas-amer3-encerra-junho-com-caixa-disponivel-final-de-r-14-bi-gpj\/#article","isPartOf":{"@id":"https:\/\/www.suno.com.br\/noticias\/americanas-amer3-encerra-junho-com-caixa-disponivel-final-de-r-14-bi-gpj\/"},"author":{"name":"Reda\u00e7\u00e3o Suno Not\u00edcias","@id":"https:\/\/www.suno.com.br\/noticias\/#\/schema\/person\/c1b1bd3727fa852bd045e9dbff3673ea"},"headline":"Americanas (AMER3) encerra junho com caixa dispon\u00edvel final de R$ 1,4 bi; Entenda","datePublished":"2023-08-01T11:26:07+00:00","dateModified":"2023-08-01T11:41:42+00:00","mainEntityOfPage":{"@id":"https:\/\/www.suno.com.br\/noticias\/americanas-amer3-encerra-junho-com-caixa-disponivel-final-de-r-14-bi-gpj\/"},"wordCount":978,"publisher":{"@id":"https:\/\/www.suno.com.br\/noticias\/#organization"},"image":{"@id":"https:\/\/www.suno.com.br\/noticias\/americanas-amer3-encerra-junho-com-caixa-disponivel-final-de-r-14-bi-gpj\/#primaryimage"},"thumbnailUrl":"https:\/\/files.sunoresearch.com.br\/n\/uploads\/2020\/11\/384f9858-lojas-americanas-scaled.jpg","keywords":["Americanas (AMER3)"],"articleSection":["Neg\u00f3cios"],"inLanguage":"pt-BR"},{"@type":"WebPage","@id":"https:\/\/www.suno.com.br\/noticias\/americanas-amer3-encerra-junho-com-caixa-disponivel-final-de-r-14-bi-gpj\/","url":"https:\/\/www.suno.com.br\/noticias\/americanas-amer3-encerra-junho-com-caixa-disponivel-final-de-r-14-bi-gpj\/","name":"Americanas (AMER3) encerra junho com caixa dispon\u00edvel de R$ 1,4 bi","isPartOf":{"@id":"https:\/\/www.suno.com.br\/noticias\/#website"},"primaryImageOfPage":{"@id":"https:\/\/www.suno.com.br\/noticias\/americanas-amer3-encerra-junho-com-caixa-disponivel-final-de-r-14-bi-gpj\/#primaryimage"},"image":{"@id":"https:\/\/www.suno.com.br\/noticias\/americanas-amer3-encerra-junho-com-caixa-disponivel-final-de-r-14-bi-gpj\/#primaryimage"},"thumbnailUrl":"https:\/\/files.sunoresearch.com.br\/n\/uploads\/2020\/11\/384f9858-lojas-americanas-scaled.jpg","datePublished":"2023-08-01T11:26:07+00:00","dateModified":"2023-08-01T11:41:42+00:00","description":"A Americanas\u00a0encerrou o m\u00eas de junho com caixa dispon\u00edvel final de R$ 1,464 bilh\u00e3o, montante 28% menor que o saldo de julho de 2022.","breadcrumb":{"@id":"https:\/\/www.suno.com.br\/noticias\/americanas-amer3-encerra-junho-com-caixa-disponivel-final-de-r-14-bi-gpj\/#breadcrumb"},"inLanguage":"pt-BR","potentialAction":[{"@type":"ReadAction","target":["https:\/\/www.suno.com.br\/noticias\/americanas-amer3-encerra-junho-com-caixa-disponivel-final-de-r-14-bi-gpj\/"]}]},{"@type":"ImageObject","inLanguage":"pt-BR","@id":"https:\/\/www.suno.com.br\/noticias\/americanas-amer3-encerra-junho-com-caixa-disponivel-final-de-r-14-bi-gpj\/#primaryimage","url":"https:\/\/files.sunoresearch.com.br\/n\/uploads\/2020\/11\/384f9858-lojas-americanas-scaled.jpg","contentUrl":"https:\/\/files.sunoresearch.com.br\/n\/uploads\/2020\/11\/384f9858-lojas-americanas-scaled.jpg","width":2560,"height":1693,"caption":"Americanas (AMER3) Foto: Divulga\u00e7\u00e3o"},{"@type":"BreadcrumbList","@id":"https:\/\/www.suno.com.br\/noticias\/americanas-amer3-encerra-junho-com-caixa-disponivel-final-de-r-14-bi-gpj\/#breadcrumb","itemListElement":[{"@type":"ListItem","position":1,"name":"Not\u00edcias","item":"https:\/\/www.suno.com.br\/noticias\/"},{"@type":"ListItem","position":2,"name":"Neg\u00f3cios","item":"https:\/\/www.suno.com.br\/noticias\/negocios\/"},{"@type":"ListItem","position":3,"name":"Americanas (AMER3) encerra junho com caixa dispon\u00edvel final de R$ 1,4 bi; Entenda"}]},{"@type":"WebSite","@id":"https:\/\/www.suno.com.br\/noticias\/#website","url":"https:\/\/www.suno.com.br\/noticias\/","name":"Suno Not\u00edcias","description":"Seu portal de informa\u00e7\u00e3o sobre o mundo dos investimentos","publisher":{"@id":"https:\/\/www.suno.com.br\/noticias\/#organization"},"potentialAction":[{"@type":"SearchAction","target":{"@type":"EntryPoint","urlTemplate":"https:\/\/www.suno.com.br\/noticias\/?s={search_term_string}"},"query-input":{"@type":"PropertyValueSpecification","valueRequired":true,"valueName":"search_term_string"}}],"inLanguage":"pt-BR"},{"@type":"Organization","@id":"https:\/\/www.suno.com.br\/noticias\/#organization","name":"Suno Not\u00edcias","url":"https:\/\/www.suno.com.br\/noticias\/","logo":{"@type":"ImageObject","inLanguage":"pt-BR","@id":"https:\/\/www.suno.com.br\/noticias\/#\/schema\/logo\/image\/","url":"https:\/\/files.sunoresearch.com.br\/n\/uploads\/2021\/09\/suno-logo.png","contentUrl":"https:\/\/files.sunoresearch.com.br\/n\/uploads\/2021\/09\/suno-logo.png","width":180,"height":180,"caption":"Suno Not\u00edcias"},"image":{"@id":"https:\/\/www.suno.com.br\/noticias\/#\/schema\/logo\/image\/"},"sameAs":["https:\/\/facebook.com\/sunoresearch","https:\/\/x.com\/sunoresearch","https:\/\/www.instagram.com\/suno","https:\/\/www.linkedin.com\/company\/suno-research\/","https:\/\/www.youtube.com\/c\/sunoresearch"]},{"@type":"Person","@id":"https:\/\/www.suno.com.br\/noticias\/#\/schema\/person\/c1b1bd3727fa852bd045e9dbff3673ea","name":"Reda\u00e7\u00e3o Suno Not\u00edcias","image":{"@type":"ImageObject","inLanguage":"pt-BR","@id":"https:\/\/www.suno.com.br\/noticias\/#\/schema\/person\/image\/","url":"https:\/\/secure.gravatar.com\/avatar\/b8104b9b5a71985d5238ee59fbe418af?s=96&r=g","contentUrl":"https:\/\/secure.gravatar.com\/avatar\/b8104b9b5a71985d5238ee59fbe418af?s=96&r=g","caption":"Reda\u00e7\u00e3o Suno Not\u00edcias"},"description":"O Suno Not\u00edcias \u00e9 um portal de informa\u00e7\u00f5es sobre Mercado Financeiro, Pol\u00edtica, Neg\u00f3cios, Economia e Finan\u00e7as Pessoais.","sameAs":["https:\/\/www.suno.com.br\/noticias","https:\/\/www.facebook.com\/sunonoticias\/","https:\/\/www.instagram.com\/sunonoticias\/","https:\/\/x.com\/https:\/\/twitter.com\/sunoresearch","https:\/\/www.youtube.com\/sunonoticias"],"url":"https:\/\/www.suno.com.br\/noticias\/author\/redacao-suno\/"}]}},"default_loop_html":"<div class=\"cardsPage__listCard__boxs\"><div class=\"cardsPage__listCard__boxs__img\"><a href=\"https:\/\/www.suno.com.br\/noticias\/americanas-amer3-encerra-junho-com-caixa-disponivel-final-de-r-14-bi-gpj\/\"><img class=\"mask\" src=\"https:\/\/www.suno.com.br\/noticias\/wp-content\/themes\/suno\/resources\/images\/spotlight\/spotlight1img\/bg-mask.png\" alt=\"Image Mask\"\/><img src=\"https:\/\/files.sunoresearch.com.br\/n\/uploads\/2020\/11\/384f9858-lojas-americanas-400x200.jpg\" alt=\"Americanas (AMER3) encerra junho com caixa dispon\u00edvel final de R$ 1,4 bi; Entenda\"\/><\/a><span class=\"spotlightCategory\"><a href=\"https:\/\/www.suno.com.br\/noticias\/negocios\/\">Neg\u00f3cios<\/a><\/span><\/div><div class=\"cardsPage__listCard__boxs__content\"><a href=\"https:\/\/www.suno.com.br\/noticias\/americanas-amer3-encerra-junho-com-caixa-disponivel-final-de-r-14-bi-gpj\/\"><h2 class=\"content__title\">Americanas (AMER3) encerra junho com caixa dispon\u00edvel final de R$ 1,4 bi; Entenda<\/h2><\/a><div class=\"newsContent__article__meta\"><div class=\"newsContent__article__meta__authorBox\"><a href=\"https:\/\/www.suno.com.br\/noticias\/author\/redacao-suno\/\" class=\"authorBox__avatar noMobi\"><img src=\"https:\/\/files.sunoresearch.com.br\/n\/uploads\/2020\/08\/0ace682d-redacao-1-150x150.webp\" alt=\"Reda\u00e7\u00e3o Suno Not\u00edcias\"><\/a><div class=\"authorBox__name\"><span>por\n\t\t\t<a href=\"https:\/\/www.suno.com.br\/noticias\/author\/redacao-suno\/\"><span itemprop=\"author\">Reda\u00e7\u00e3o Suno Not\u00edcias<\/span><\/a><\/span><time datetime=\"2023-08-01T08:26:07-03:00\" itemprop=\"datePublished\">01\/08\/2023 08:26<\/time><\/div><\/div><\/div><\/div><\/div>","single_layout":"posts","amp_enabled":true,"_links":{"self":[{"href":"https:\/\/www.suno.com.br\/noticias\/wp-json\/wp\/v2\/posts\/436236"}],"collection":[{"href":"https:\/\/www.suno.com.br\/noticias\/wp-json\/wp\/v2\/posts"}],"about":[{"href":"https:\/\/www.suno.com.br\/noticias\/wp-json\/wp\/v2\/types\/post"}],"author":[{"embeddable":true,"href":"https:\/\/www.suno.com.br\/noticias\/wp-json\/wp\/v2\/users\/43"}],"replies":[{"embeddable":true,"href":"https:\/\/www.suno.com.br\/noticias\/wp-json\/wp\/v2\/comments?post=436236"}],"version-history":[{"count":2,"href":"https:\/\/www.suno.com.br\/noticias\/wp-json\/wp\/v2\/posts\/436236\/revisions"}],"predecessor-version":[{"id":436281,"href":"https:\/\/www.suno.com.br\/noticias\/wp-json\/wp\/v2\/posts\/436236\/revisions\/436281"}],"wp:featuredmedia":[{"embeddable":true,"href":"https:\/\/www.suno.com.br\/noticias\/wp-json\/wp\/v2\/media\/103987"}],"wp:attachment":[{"href":"https:\/\/www.suno.com.br\/noticias\/wp-json\/wp\/v2\/media?parent=436236"}],"wp:term":[{"taxonomy":"category","embeddable":true,"href":"https:\/\/www.suno.com.br\/noticias\/wp-json\/wp\/v2\/categories?post=436236"},{"taxonomy":"post_tag","embeddable":true,"href":"https:\/\/www.suno.com.br\/noticias\/wp-json\/wp\/v2\/tags?post=436236"},{"taxonomy":"suno_strategy","embeddable":true,"href":"https:\/\/www.suno.com.br\/noticias\/wp-json\/wp\/v2\/suno_strategy?post=436236"}],"curies":[{"name":"wp","href":"https:\/\/api.w.org\/{rel}","templated":true}]}}