{"id":435943,"date":"2023-08-01T15:00:00","date_gmt":"2023-08-01T18:00:00","guid":{"rendered":"https:\/\/www.suno.com.br\/noticias\/?p=435943"},"modified":"2023-08-01T16:30:18","modified_gmt":"2023-08-01T19:30:18","slug":"copom-reuniao-corte-selic-expectativas-evm","status":"publish","type":"post","link":"https:\/\/www.suno.com.br\/noticias\/copom-reuniao-corte-selic-expectativas-evm\/","title":{"rendered":"Juros podem cair, mas o corte na Selic ser\u00e1 de quanto? Veja expectativas para o Copom"},"content":{"rendered":"<p>Ap\u00f3s manuten\u00e7\u00f5es sucessivas da <a class=\"suno-keyword\" data-force=\"no\" data-priority=\"1\" href=\"https:\/\/www.suno.com.br\/artigos\/taxa-de-juros\/\" target=\"_blank\" rel=\"noopener\">taxa b\u00e1sica de juros<\/a>, a <strong><a href=\"https:\/\/www.suno.com.br\/noticias\/boletim-focus-selic-inflacao-confira-novas-projecoes-gpj\/\" target=\"_blank\" rel=\"noreferrer noopener\">Selic<\/a><\/strong>, o mercado re\u00fane grandes expectativas para a pr\u00f3xima reuni\u00e3o do Comit\u00ea de <a class=\"suno-keyword\" data-force=\"no\" data-priority=\"1\" href=\"https:\/\/www.suno.com.br\/artigos\/politica-monetaria\/\" target=\"_blank\" rel=\"noopener\">Pol\u00edtica Monet\u00e1ria<\/a> (Copom), que deve ter seu resultado divulgado na quarta-feira (2) ap\u00f3s as 18h30.<\/p>\t<div class=\"wrapper-featured-image\">\n\t\t<figure class=\"spotlightImg\">\n\n\t\t\t<picture>\n\t\t\t\t<source media=\"(max-width: 768px)\" srcset=\"https:\/\/files.sunoresearch.com.br\/n\/uploads\/2022\/03\/RCN-400x200.jpg\">\n\t\t\t\t<img loading=\"lazy\" decoding=\"async\" class=\"newsContent__article__imgCapa lazyloadDisabled \" src=\"https:\/\/files.sunoresearch.com.br\/n\/uploads\/2022\/03\/RCN-800x450.jpg\" width=\"800\" height=\"450\" alt=\"Juros podem cair, mas o corte na Selic ser\u00e1 de quanto? Veja expectativas para o Copom\" fetchpriority=high \/>\n\t\t\t<\/picture>\n\n\t\t\t<figcaption class=\"wp-caption-text wp-caption-text--show\">Presidente do BC Campos Neto  Foto: Marcelo Camargo\/Ag\u00eancia Brasil<\/figcaption>\n\t\t<\/figure>\n\t<\/div>\n\n\n\n\n\n\t<p>\n\t\t<a href=\"\" target=\"_blank\" data-element=\"shortcode-suno-banner\" title=\"Banner SUNO, clique e saiba mais\">\n\t\t\t<picture>\n\t\t\t\t<source media=\"(max-width: 500px)\" srcset=\"\">\n\t\t\t\t<img class=\"newsContent__article__imgCapa newsContent__article__imgCapa--banner\"\n\t\t\t\t\tsrc=\"\"\n\t\t\t\t\tdata-promo-id=\"240038\"\t\t\t\t\t\t\t\t\t\t\t\t\t\t\talt=\"\"\n\t\t\t\t>\n\t\t\t<\/picture>\n\t\t<\/a>\n\t<\/p>\n\n\n\n\n\n\n\n<p>\u00c9 praticamente consensual que esta reuni\u00e3o resulte em um <strong>corte da Selic<\/strong>, contudo h\u00e1 diverg\u00eancias da magnitude da queda.<\/p>\n\n\n\n<p>Na <a class=\"suno-keyword\" target=\"_blank\" data-force=\"no\" data-priority=\"1\" href=\"https:\/\/www.suno.com.br\/artigos\/curva-de-juros\/\" rel=\"noopener\">curva de juros<\/a>, os dados mostram um mercado precificando um corte maior, de 50 pontos base. Apesar disso, uma pesquisa da \u00faltima sexta-feira (28), do Broadcast, mostrou que 70% (62 de 88) das institui\u00e7\u00f5es consultadas esperam queda de 0,25 ponto porcentual (p.p.).<\/p>\n\n\n\n<p>Gustavo Sung, economista-chefe da Suno Research, destaca que as expectativas da casa s\u00e3o de 0,25 p.p. de corte, levando a Selic para 13,50%.<\/p>\n\n\n\n<p>&#8220;Em reuni\u00f5es anteriores, acreditamos que n\u00e3o havia condi\u00e7\u00f5es suficientes para que o Banco Central (BC) come\u00e7asse a cortar a taxa de juros. Ao longo dos \u00faltimos meses, algumas incertezas foram dissipadas e a infla\u00e7\u00e3o deu sinais de arrefecimento. Atualmente, o cen\u00e1rio inflacion\u00e1rio \u00e9 benigno para uma mudan\u00e7a na pol\u00edtica monet\u00e1ria&#8221;, destaca.<\/p>\n\n\n\n<p>&#8220;Os pre\u00e7os dos bens industriais, alimentos e, principalmente, servi\u00e7os tamb\u00e9m est\u00e3o arrefecendo. Este \u00faltimo \u00e9 bastante monitorado pelo BC. Pelo \u00faltimo IPCA-15, tanto servi\u00e7os quanto servi\u00e7os subjacentes ca\u00edram na varia\u00e7\u00e3o mensal e no acumulado dos \u00faltimos 12 meses \u2013 por exemplo, o segundo foi 6,8% em maio para 6,5% em junho e, agora, est\u00e1 em 5,9%.&#8221;, segue.<\/p>\n\n\n\n<p>Os especialistas da Daycoval Asset, da mesma forma, projetam um corte de 0,25 p.p., tamb\u00e9m destacando um ambiente macroecon\u00f4mico mais favor\u00e1vel.<\/p>\n\n\n\n<p>Al\u00e9m disso, especialistas da casa apontam uma agenda pol\u00edtica que tem despressurizado as discuss\u00f5es futuras e contribu\u00eddo positivamente para um corte nesta <strong>reuni\u00e3o do Copom<\/strong>.<\/p>\n\n\n\n\t<div data-element=\"shortcode-read-more\" class=\"readToo\">\n\t\t\t\t<span class=\"readToo__title\">Leia mais<\/span>\n\t\t\t\t<ul class=\"readToo__list\">\n\t\t\t<li><a href=\"https:\/\/www.suno.com.br\/noticias\/petrobras-petr4-pagara-dividendos-politica-analises\/\">Petrobras (PETR4) pagar\u00e1 mais ou menos dividendos? Veja an\u00e1lises<\/a><\/li><li><a href=\"https:\/\/www.suno.com.br\/noticias\/boletim-focus-selic-inflacao-confira-novas-projecoes-gpj\/\">Selic a 12% e infla\u00e7\u00e3o abaixo de 5% em 2023: confira proje\u00e7\u00f5es do Boletim Focus<\/a><\/li><li><a href=\"https:\/\/www.suno.com.br\/noticias\/luiza-trajano-magazine-luiza-mglu3-capital-de-giro-evm\/\">Magazine Luiza (MGLU3) tem capital de giro, &#8216;mas pequenos sofrem&#8217;, diz Luiza Trajano, ao defender (outra vez) o corte na Selic<\/a><\/li><li><a href=\"https:\/\/www.suno.com.br\/noticias\/bradesco-ipca-15-inflacao-servicos-benigna-cpf\/\">Bradesco (BBDC4) enxerga composi\u00e7\u00e3o benigna no IPCA-15 e servi\u00e7os em julho<\/a><\/li>\t\t<\/ul>\n\t<\/div>\n\n\n\n\n<p>\u201cO Brasil avan\u00e7ou na aprova\u00e7\u00e3o da <a class=\"suno-keyword\" target=\"_blank\" data-force=\"no\" data-priority=\"2\" href=\"https:\/\/www.suno.com.br\/artigos\/reforma-tributaria\/\" rel=\"noopener\">Reforma Tribut\u00e1ria<\/a> e no arcabou\u00e7o fiscal, o que reduz a percep\u00e7\u00e3o de risco. A infla\u00e7\u00e3o corrente tem vindo comportada, ainda que centrada em itens vol\u00e1teis, mas tamb\u00e9m \u00e9 poss\u00edvel verificar algum arrefecimento da infla\u00e7\u00e3o mais persistente, o que deve se intensificar a frente\u201d, explica Rafael Cardoso, economista-chefe da Daycoval Asset.<\/p>\n\n\n\n<p>O especialista ainda destaca que, mesmo que o brasileiro j\u00e1 tenha sentido o arrefecimento da infla\u00e7\u00e3o, \u00e9 o BC quem tende a ter cautela com o ajuste de <strong>juros<\/strong>, e portanto determinar corte da taxa em 0,25p.p.<\/p>\n\n\n\n<p>J\u00e1 a Warren Rena cita a <a class=\"suno-keyword\" target=\"_blank\" data-force=\"no\" data-priority=\"1\" href=\"https:\/\/www.suno.com.br\/artigos\/meta-de-inflacao\/\" rel=\"noopener\">meta de infla\u00e7\u00e3o<\/a> como um dos pontos cruciais para firmar sua estimativa, que tamb\u00e9m \u00e9 de 0,25 p.p. de corte na <strong>taxa de juros<\/strong>.<\/p>\n\n\n\n<p>&#8220;A decis\u00e3o do CMN em manter a meta em 3,0% foi fundamental para diminuir a desancoragem das expectativas longas, que representa um dos pontos de maior desconforto para o Copom. Enquanto, no per\u00edodo anterior \u00e0 reuni\u00e3o de junho, as medianas para 2025 e 2026 tinham recuado 20 bps (de 4,0% para 3,8%), agora observou-se decl\u00ednio adicional de 30 bps (para 3,5%)&#8221;, aponta S\u00e9rgio Goldenstein, Estrategista-chefe da casa.<\/p>\n\n\n\n<p>&#8220;A prop\u00f3sito, a ata de junho havia avaliado que \u201cdecis\u00f5es que reancorem as expectativas podem levar a uma desinfla\u00e7\u00e3o mais c\u00e9lere\u201d. No entanto, vale assinalar uma maior rigidez nas \u00faltimas semanas, com as expectativas ainda apresentando um desvio em rela\u00e7\u00e3o \u00e0 meta, de 89 bps para 2024 e de 50 bps para 2025 e 2026&#8221;, completa.<\/p>\n\n\n\n<h2 class=\"wp-block-heading\">O que diz quem estima 0,50 p.p. de corte na Selic?<\/h2>\n\n\n\n<p>Especialistas da Acqua Vero, escrit\u00f3rio de <a class=\"suno-keyword\" target=\"_blank\" data-force=\"no\" data-priority=\"1\" href=\"https:\/\/www.suno.com.br\/artigos\/pagar-boleto-com-cartao-de-credito\/\" rel=\"noopener\">Agente Aut\u00f4nomo de Investimentos<\/a> (AAI) vinculado ao BTG, projetam um corte maior, de 50 pontos base.<\/p>\n\n\n\n<p>Os analistas da casa enxergam uma toada positiva com os indicadores de infla\u00e7\u00e3o e citam dados de emprego ao projetaram o cen\u00e1rio.<\/p>\n\n\n\n<p>&#8220;A defla\u00e7\u00e3o verificada pelo IPCA-15 de julho somada \u00e0 melhora qualitativa, caracterizada pela desacelera\u00e7\u00e3o da infla\u00e7\u00e3o de servi\u00e7os, sobretudo subjacentes, denota a continuidade do not\u00f3rio processo desinflacion\u00e1rio em curso&#8221;, destaca Antonio van Moorsel, estrategista-chefe da Acqua Vero.<\/p>\n\n\n\n<p>&#8220;Por outro lado, a resili\u00eancia da atividade imp\u00f5e cautela. Segundo a PNAD, a taxa de desemprego recuou para 8,0% em junho, concomitantemente ao avan\u00e7o da taxa de participa\u00e7\u00e3o. Ou seja, a despeito da maior for\u00e7a de trabalho, menos pessoas est\u00e3o desempregadas&#8221;, completa<\/p>\n\n\n\t<p>\n\t\t<a href=\"https:\/\/lp.suno.com.br\/ebook-gratuito-investindo-no-exterior\/\" target=\"_blank\" data-element=\"shortcode-suno-banner\" title=\"Banner SUNO, clique e saiba mais\">\n\t\t\t<picture>\n\t\t\t\t<source media=\"(max-width: 500px)\" srcset=\"https:\/\/files.sunoresearch.com.br\/n\/uploads\/2023\/03\/400x300-Investindo-no-exterior.png\">\n\t\t\t\t<img class=\"newsContent__article__imgCapa newsContent__article__imgCapa--banner\"\n\t\t\t\t\tsrc=\"https:\/\/files.sunoresearch.com.br\/n\/uploads\/2023\/03\/1420x240-Investindo-no-exterior.png\"\n\t\t\t\t\tdata-promo-id=\"383161\"\t\t\t\t\t\t\t\t\t\twidth='1420' height='240'\t\t\t\t\talt=\"https:\/\/files.sunoresearch.com.br\/n\/uploads\/2023\/03\/1420x240-Investindo-no-exterior.png\"\n\t\t\t\t>\n\t\t\t<\/picture>\n\t\t<\/a>\n\t<\/p>\n\n\n\n\n\n<p>A tese \u00e9 de que de um lado os \u00edndices de pre\u00e7os corroboram a queda da Selic, mas de outro os indicadores ainda &#8216;sugerem a necessidade da parcim\u00f4nia&#8217;.<\/p>\n\n\n\n<p>O superintendente da assessoria econ\u00f4mica da Associa\u00e7\u00e3o Brasileira de Bancos (ABBC), Everton Pinheiro de Souza Gon\u00e7alves, tamb\u00e9m destaca que as proje\u00e7\u00f5es da casa s\u00e3o de 0,50 p.p. de corte nesta reuni\u00e3o.<\/p>\n\n\n\n<p>O especialista aponta que a meta da infla\u00e7\u00e3o foi vista com bons olhos e que os ratings recentes da economia tem aberto caminho para uma flexibiliza\u00e7\u00e3o de juros.<\/p>\n\n\n\n<p>\u201cA decis\u00e3o do CMN em manter a <a class=\"suno-keyword\" target=\"_blank\" data-force=\"no\" data-priority=\"1\" href=\"https:\/\/www.suno.com.br\/artigos\/meta-de-inflacao\/\" rel=\"noopener\">meta de infla\u00e7\u00e3o<\/a> para os pr\u00f3ximos anos em 3,0% ajudou a impulsionar o processo de reancoragem das expectativas\u201d, afirma. <\/p>\n\n\n\n<p>&#8220;A percep\u00e7\u00e3o de um cen\u00e1rio fiscal mais benigno foi compartilhada pela recente eleva\u00e7\u00e3o da classifica\u00e7\u00e3o do risco soberano pela ag\u00eancia Fitch\u201d, completa.<\/p>\n\n\n\n<h2 class=\"wp-block-heading\">Analistas divididos em rela\u00e7\u00e3o ao corte dos juros<\/h2>\n\n\n\n<p>Rodrigo Azevedo, economista, planejador financeiro e s\u00f3cio-fundador da GT Capital, analisa: &#8220;A minha expectativa \u00e9 de um corte inicial de 0,25% para dar in\u00edcio a esse ciclo de queda de juros e a\u00ed depois sim possivelmente dentro deste 2023 haver\u00e1 ainda pelo menos mais dois cortes na casa de 0,50%&#8221;. <\/p>\n\n\n\n<p>Ele explica: &#8220;Dentro do \u00faltimo comunicado do Copom, ficou muito claro que existia uma diverg\u00eancia dentro do pr\u00f3prio comit\u00ea entre um grupo mais conservador, que defendia ainda a manuten\u00e7\u00e3o da taxa de juros nos patamares atuais para tomar uma medida mais cautelosa, e um outro grupo que j\u00e1 acreditava, sim, que \u00e9 o momento de iniciar essa inflex\u00e3o da taxa de juros. Ent\u00e3o, dado esse cen\u00e1rio que foi passado dentro da ata do Copom, acredito que esse corte deve ficar na casa de 0,25%.&#8221;<\/p>\n\n\n\n<p>Ana Paula Carvalho, especialista em mercado de capitais e s\u00f3cia da AVG Capital, acha que o corte ser\u00e1 maior: &#8220;Depois do \u00faltimo dado do IPCA-15, que apresentou uma defla\u00e7\u00e3o de -0,07%, acredito que o Banco Central pode reduzir a taxa Selic em 0,50%, visto que a infla\u00e7\u00e3o tem mostrado uma melhora qualitativa, com a redu\u00e7\u00e3o dos pre\u00e7os de energia e alimentos. Al\u00e9m disso, de acordo com o boletim Focus desta semana, os economistas ouvidos veem uma melhora nas proje\u00e7\u00f5es para infla\u00e7\u00e3o, com expectativa de redu\u00e7\u00e3o tanto para este ano como para o pr\u00f3ximo.&#8221;<\/p>\n\n\n\n<p>Andre Fernandes, especialista em mercado de capitais e s\u00f3cio da A7 Capital, complementa: &#8220;Nossa expectativa, com os dados que sa\u00edram recentemente como o IPCA-15. O \u00edndice ainda n\u00e3o est\u00e1 refletindo a queda nos pre\u00e7os dos autom\u00f3veis novos, juntamente com uma melhora nos n\u00facleos de infla\u00e7\u00e3o. O IGP-M, que veio levemente abaixo do esperado tamb\u00e9m, e um discurso mais dovish por parte do Fed. O mercado est\u00e1 interpretando que n\u00e3o devem vir novas altas na taxa b\u00e1sica de juros americana.&#8221; Mais: &#8220;Com a taxa de c\u00e2mbio nessa faixa dos R$ 4,70-R$ 4,75, o Banco Central tem espa\u00e7o para cortar -0,50% na taxa Selic, e j\u00e1 vemos essas apostas crescendo na curva de juros, com o mercado colocando 70% de probabilidade de corte de -0,50% na pr\u00f3xima reuni\u00e3o. Portanto, acreditamos que o Banco Central deva vir sim com um corte mais agressivo na Selic.&#8221;<\/p>\n\n\n\n<h2 class=\"wp-block-heading\">O que esperar dos juros at\u00e9 o fim do ano<\/h2>\n\n\n\n<p>A proje\u00e7\u00e3o da Suno Research \u00e9 de que a <strong>taxa b\u00e1sica de juros<\/strong> termine o ano de 12%, ao passo que a proje\u00e7\u00e3o terminal para 2024 \u00e9 de 9,75%.<\/p>\n\n\n\n<p>&#8220;Para o segundo semestre, o cen\u00e1rio segue benigno para o BC pois h\u00e1 menos press\u00f5es altistas que possam levar a um descontrole da infla\u00e7\u00e3o. Do lado positivo, destacamos a taxa de c\u00e2mbio abaixo de R$ 5,00, um menor repasse dos custos dos produtores para os consumidores e a desacelera\u00e7\u00e3o da atividade econ\u00f4mica&#8221;, aponta Sung, economista-chefe da casa.<\/p>\n\n\n\n<p>O consenso do <a class=\"suno-keyword\" data-force=\"no\" data-priority=\"2\" href=\"https:\/\/www.suno.com.br\/guias\/mercado-financeiro\/\" target=\"_blank\" rel=\"noopener\">mercado financeiro<\/a> mira, da mesma forma, 12% de <strong>Selic<\/strong> ao fim de 2023, <a href=\"https:\/\/www.bcb.gov.br\/content\/focus\/focus\/R20230728.pdf\" target=\"_blank\" rel=\"noreferrer noopener\">conforme dados do \u00faltimo Boletim Focus<\/a>. A proje\u00e7\u00e3o em quest\u00e3o vem sendo mantida h\u00e1 quatro semanas consecutivas.<\/p>\n\n\n\t<p>\n\t\t<a href=\"https:\/\/lp.suno.com.br\/planilha-da-vida-financeira\/\" target=\"_blank\" data-element=\"shortcode-suno-banner\" title=\"Banner SUNO, clique e saiba mais\">\n\t\t\t<picture>\n\t\t\t\t<source media=\"(max-width: 500px)\" srcset=\"https:\/\/files.sunoresearch.com.br\/n\/uploads\/2023\/04\/400x300-Planilha-vida-financeira-true.png\">\n\t\t\t\t<img class=\"newsContent__article__imgCapa newsContent__article__imgCapa--banner\"\n\t\t\t\t\tsrc=\"https:\/\/files.sunoresearch.com.br\/n\/uploads\/2023\/04\/1420x240-Planilha-vida-financeira-true.png\"\n\t\t\t\t\tdata-promo-id=\"383123\"\t\t\t\t\t\t\t\t\t\twidth='1420' height='240'\t\t\t\t\talt=\"https:\/\/files.sunoresearch.com.br\/n\/uploads\/2023\/04\/1420x240-Planilha-vida-financeira-true.png\"\n\t\t\t\t>\n\t\t\t<\/picture>\n\t\t<\/a>\n\t<\/p>\n\n\n","protected":false},"excerpt":{"rendered":"<p>Ap\u00f3s manuten\u00e7\u00f5es sucessivas da taxa b\u00e1sica de juros, a Selic, o mercado re\u00fane grandes expectativas para a pr\u00f3xima reuni\u00e3o do Comit\u00ea de Pol\u00edtica Monet\u00e1ria (Copom), que deve ter seu resultado divulgado na quarta-feira (2) ap\u00f3s as 18h30. Presidente do BC Campos Neto Foto: Marcelo Camargo\/Ag\u00eancia Brasil \u00c9 praticamente consensual que esta reuni\u00e3o resulte em um [&hellip;]<\/p>\n","protected":false},"author":73,"featured_media":242599,"comment_status":"closed","ping_status":"closed","sticky":false,"template":"","format":"standard","meta":[],"categories":[62],"tags":[1104,105816,2448,1752,290],"suno_strategy":[],"class_list":["post-435943","post","type-post","status-publish","format-standard","has-post-thumbnail","hentry","category-economia","tag-copom","tag-especialistas","tag-politica-monetaria","tag-taxa-de-juros","tag-taxa-selic"],"yoast_head":"<!-- This site is optimized with the Yoast SEO plugin v24.4 - https:\/\/yoast.com\/wordpress\/plugins\/seo\/ -->\n<title>Corte na Selic ser\u00e1 de quanto? Veja expectativas para o Copom<\/title>\n<meta name=\"description\" content=\"Apesar de corte da Selic ser consensual, mercado ainda diverge sobre magnitude de 0,25 ou 0,50 ponto percentual para esta reuni\u00e3o do Copom\" \/>\n<meta name=\"robots\" content=\"index, follow, max-snippet:-1, max-image-preview:large, max-video-preview:-1\" \/>\n<link rel=\"canonical\" href=\"https:\/\/www.suno.com.br\/noticias\/copom-reuniao-corte-selic-expectativas-evm\/\" \/>\n<meta property=\"og:locale\" content=\"pt_BR\" \/>\n<meta property=\"og:type\" content=\"article\" \/>\n<meta property=\"og:title\" content=\"Corte na Selic ser\u00e1 de quanto? Veja expectativas para o Copom\" \/>\n<meta property=\"og:description\" content=\"Apesar de corte da Selic ser consensual, mercado ainda diverge sobre magnitude de 0,25 ou 0,50 ponto percentual para esta reuni\u00e3o do Copom\" \/>\n<meta property=\"og:url\" content=\"https:\/\/www.suno.com.br\/noticias\/copom-reuniao-corte-selic-expectativas-evm\/\" \/>\n<meta property=\"og:site_name\" content=\"Suno Not\u00edcias\" \/>\n<meta property=\"article:publisher\" content=\"https:\/\/facebook.com\/sunoresearch\" \/>\n<meta property=\"og:image\" content=\"https:\/\/files.sunoresearch.com.br\/n\/uploads\/2022\/03\/RCN-scaled.jpg\" \/>\n\t<meta property=\"og:image:width\" content=\"2560\" \/>\n\t<meta property=\"og:image:height\" content=\"1707\" \/>\n\t<meta property=\"og:image:type\" content=\"image\/jpeg\" \/>\n<meta name=\"author\" content=\"Eduardo Vargas\" \/>\n<meta name=\"twitter:card\" content=\"summary_large_image\" \/>\n<meta name=\"twitter:creator\" content=\"@sunoresearch\" \/>\n<meta name=\"twitter:site\" content=\"@sunoresearch\" \/>\n<meta name=\"twitter:label1\" content=\"Escrito por\" \/>\n\t<meta name=\"twitter:data1\" content=\"Eduardo Vargas\" \/>\n\t<meta name=\"twitter:label2\" content=\"Est. tempo de leitura\" \/>\n\t<meta name=\"twitter:data2\" content=\"8 minutos\" \/>\n<script type=\"application\/ld+json\" class=\"yoast-schema-graph\">{\"@context\":\"https:\/\/schema.org\",\"@graph\":[{\"@type\":\"NewsArticle\",\"@id\":\"https:\/\/www.suno.com.br\/noticias\/copom-reuniao-corte-selic-expectativas-evm\/#article\",\"isPartOf\":{\"@id\":\"https:\/\/www.suno.com.br\/noticias\/copom-reuniao-corte-selic-expectativas-evm\/\"},\"author\":{\"name\":\"Eduardo Vargas\",\"@id\":\"https:\/\/www.suno.com.br\/noticias\/#\/schema\/person\/7f4d362bf3518e76090143ae77bb49a5\"},\"headline\":\"Juros podem cair, mas o corte na Selic ser\u00e1 de quanto? Veja expectativas para o Copom\",\"datePublished\":\"2023-08-01T18:00:00+00:00\",\"dateModified\":\"2023-08-01T19:30:18+00:00\",\"mainEntityOfPage\":{\"@id\":\"https:\/\/www.suno.com.br\/noticias\/copom-reuniao-corte-selic-expectativas-evm\/\"},\"wordCount\":1409,\"publisher\":{\"@id\":\"https:\/\/www.suno.com.br\/noticias\/#organization\"},\"image\":{\"@id\":\"https:\/\/www.suno.com.br\/noticias\/copom-reuniao-corte-selic-expectativas-evm\/#primaryimage\"},\"thumbnailUrl\":\"https:\/\/files.sunoresearch.com.br\/n\/uploads\/2022\/03\/RCN-scaled.jpg\",\"keywords\":[\"Copom\",\"Especialistas\",\"pol\u00edtica monet\u00e1ria\",\"taxa de juros\",\"Taxa Selic\"],\"articleSection\":[\"Economia\"],\"inLanguage\":\"pt-BR\"},{\"@type\":\"WebPage\",\"@id\":\"https:\/\/www.suno.com.br\/noticias\/copom-reuniao-corte-selic-expectativas-evm\/\",\"url\":\"https:\/\/www.suno.com.br\/noticias\/copom-reuniao-corte-selic-expectativas-evm\/\",\"name\":\"Corte na Selic ser\u00e1 de quanto? Veja expectativas para o Copom\",\"isPartOf\":{\"@id\":\"https:\/\/www.suno.com.br\/noticias\/#website\"},\"primaryImageOfPage\":{\"@id\":\"https:\/\/www.suno.com.br\/noticias\/copom-reuniao-corte-selic-expectativas-evm\/#primaryimage\"},\"image\":{\"@id\":\"https:\/\/www.suno.com.br\/noticias\/copom-reuniao-corte-selic-expectativas-evm\/#primaryimage\"},\"thumbnailUrl\":\"https:\/\/files.sunoresearch.com.br\/n\/uploads\/2022\/03\/RCN-scaled.jpg\",\"datePublished\":\"2023-08-01T18:00:00+00:00\",\"dateModified\":\"2023-08-01T19:30:18+00:00\",\"description\":\"Apesar de corte da Selic ser consensual, mercado ainda diverge sobre magnitude de 0,25 ou 0,50 ponto percentual para esta reuni\u00e3o do Copom\",\"breadcrumb\":{\"@id\":\"https:\/\/www.suno.com.br\/noticias\/copom-reuniao-corte-selic-expectativas-evm\/#breadcrumb\"},\"inLanguage\":\"pt-BR\",\"potentialAction\":[{\"@type\":\"ReadAction\",\"target\":[\"https:\/\/www.suno.com.br\/noticias\/copom-reuniao-corte-selic-expectativas-evm\/\"]}]},{\"@type\":\"ImageObject\",\"inLanguage\":\"pt-BR\",\"@id\":\"https:\/\/www.suno.com.br\/noticias\/copom-reuniao-corte-selic-expectativas-evm\/#primaryimage\",\"url\":\"https:\/\/files.sunoresearch.com.br\/n\/uploads\/2022\/03\/RCN-scaled.jpg\",\"contentUrl\":\"https:\/\/files.sunoresearch.com.br\/n\/uploads\/2022\/03\/RCN-scaled.jpg\",\"width\":2560,\"height\":1707,\"caption\":\"Presidente do BC Campos Neto Foto: Marcelo Camargo\/Ag\u00eancia Brasil\"},{\"@type\":\"BreadcrumbList\",\"@id\":\"https:\/\/www.suno.com.br\/noticias\/copom-reuniao-corte-selic-expectativas-evm\/#breadcrumb\",\"itemListElement\":[{\"@type\":\"ListItem\",\"position\":1,\"name\":\"Not\u00edcias\",\"item\":\"https:\/\/www.suno.com.br\/noticias\/\"},{\"@type\":\"ListItem\",\"position\":2,\"name\":\"Economia\",\"item\":\"https:\/\/www.suno.com.br\/noticias\/economia\/\"},{\"@type\":\"ListItem\",\"position\":3,\"name\":\"Juros podem cair, mas o corte na Selic ser\u00e1 de quanto? Veja expectativas para o Copom\"}]},{\"@type\":\"WebSite\",\"@id\":\"https:\/\/www.suno.com.br\/noticias\/#website\",\"url\":\"https:\/\/www.suno.com.br\/noticias\/\",\"name\":\"Suno Not\u00edcias\",\"description\":\"Seu portal de informa\u00e7\u00e3o sobre o mundo dos investimentos\",\"publisher\":{\"@id\":\"https:\/\/www.suno.com.br\/noticias\/#organization\"},\"potentialAction\":[{\"@type\":\"SearchAction\",\"target\":{\"@type\":\"EntryPoint\",\"urlTemplate\":\"https:\/\/www.suno.com.br\/noticias\/?s={search_term_string}\"},\"query-input\":{\"@type\":\"PropertyValueSpecification\",\"valueRequired\":true,\"valueName\":\"search_term_string\"}}],\"inLanguage\":\"pt-BR\"},{\"@type\":\"Organization\",\"@id\":\"https:\/\/www.suno.com.br\/noticias\/#organization\",\"name\":\"Suno Not\u00edcias\",\"url\":\"https:\/\/www.suno.com.br\/noticias\/\",\"logo\":{\"@type\":\"ImageObject\",\"inLanguage\":\"pt-BR\",\"@id\":\"https:\/\/www.suno.com.br\/noticias\/#\/schema\/logo\/image\/\",\"url\":\"https:\/\/files.sunoresearch.com.br\/n\/uploads\/2021\/09\/suno-logo.png\",\"contentUrl\":\"https:\/\/files.sunoresearch.com.br\/n\/uploads\/2021\/09\/suno-logo.png\",\"width\":180,\"height\":180,\"caption\":\"Suno Not\u00edcias\"},\"image\":{\"@id\":\"https:\/\/www.suno.com.br\/noticias\/#\/schema\/logo\/image\/\"},\"sameAs\":[\"https:\/\/facebook.com\/sunoresearch\",\"https:\/\/x.com\/sunoresearch\",\"https:\/\/www.instagram.com\/suno\",\"https:\/\/www.linkedin.com\/company\/suno-research\/\",\"https:\/\/www.youtube.com\/c\/sunoresearch\"]},{\"@type\":\"Person\",\"@id\":\"https:\/\/www.suno.com.br\/noticias\/#\/schema\/person\/7f4d362bf3518e76090143ae77bb49a5\",\"name\":\"Eduardo Vargas\",\"image\":{\"@type\":\"ImageObject\",\"inLanguage\":\"pt-BR\",\"@id\":\"https:\/\/www.suno.com.br\/noticias\/#\/schema\/person\/image\/\",\"url\":\"https:\/\/secure.gravatar.com\/avatar\/dac340933427a22924c9f99d1eb2e3f2?s=96&r=g\",\"contentUrl\":\"https:\/\/secure.gravatar.com\/avatar\/dac340933427a22924c9f99d1eb2e3f2?s=96&r=g\",\"caption\":\"Eduardo Vargas\"},\"description\":\"Jornalista formado pela UFSC, cobre macroeconomia, neg\u00f3cios e startups para o Suno Not\u00edcias, escrevendo principalmente not\u00edcias sobre o mercado financeiro e a bolsa de valores. No YouTube e no Instagram, \u00e9 respons\u00e1vel pela produ\u00e7\u00e3o de Reels e Shorts do Suno Not\u00edcias. Anteriormente, trabalhou cobrindo economia e cotidiano no ND+ e para o ND, maior jornal impresso de Santa Catarina. Cursou um semestre letivo de Estudos de M\u00eddia na Universidad de Buenos Aires.\",\"url\":\"https:\/\/www.suno.com.br\/noticias\/author\/eduardo-vargas\/\"}]}<\/script>\n<!-- \/ Yoast SEO plugin. -->","yoast_head_json":{"title":"Corte na Selic ser\u00e1 de quanto? Veja expectativas para o Copom","description":"Apesar de corte da Selic ser consensual, mercado ainda diverge sobre magnitude de 0,25 ou 0,50 ponto percentual para esta reuni\u00e3o do Copom","robots":{"index":"index","follow":"follow","max-snippet":"max-snippet:-1","max-image-preview":"max-image-preview:large","max-video-preview":"max-video-preview:-1"},"canonical":"https:\/\/www.suno.com.br\/noticias\/copom-reuniao-corte-selic-expectativas-evm\/","og_locale":"pt_BR","og_type":"article","og_title":"Corte na Selic ser\u00e1 de quanto? Veja expectativas para o Copom","og_description":"Apesar de corte da Selic ser consensual, mercado ainda diverge sobre magnitude de 0,25 ou 0,50 ponto percentual para esta reuni\u00e3o do Copom","og_url":"https:\/\/www.suno.com.br\/noticias\/copom-reuniao-corte-selic-expectativas-evm\/","og_site_name":"Suno Not\u00edcias","article_publisher":"https:\/\/facebook.com\/sunoresearch","og_image":[{"width":2560,"height":1707,"url":"https:\/\/files.sunoresearch.com.br\/n\/uploads\/2022\/03\/RCN-scaled.jpg","type":"image\/jpeg"}],"author":"Eduardo Vargas","twitter_card":"summary_large_image","twitter_creator":"@sunoresearch","twitter_site":"@sunoresearch","twitter_misc":{"Escrito por":"Eduardo Vargas","Est. tempo de leitura":"8 minutos"},"schema":{"@context":"https:\/\/schema.org","@graph":[{"@type":"NewsArticle","@id":"https:\/\/www.suno.com.br\/noticias\/copom-reuniao-corte-selic-expectativas-evm\/#article","isPartOf":{"@id":"https:\/\/www.suno.com.br\/noticias\/copom-reuniao-corte-selic-expectativas-evm\/"},"author":{"name":"Eduardo Vargas","@id":"https:\/\/www.suno.com.br\/noticias\/#\/schema\/person\/7f4d362bf3518e76090143ae77bb49a5"},"headline":"Juros podem cair, mas o corte na Selic ser\u00e1 de quanto? Veja expectativas para o Copom","datePublished":"2023-08-01T18:00:00+00:00","dateModified":"2023-08-01T19:30:18+00:00","mainEntityOfPage":{"@id":"https:\/\/www.suno.com.br\/noticias\/copom-reuniao-corte-selic-expectativas-evm\/"},"wordCount":1409,"publisher":{"@id":"https:\/\/www.suno.com.br\/noticias\/#organization"},"image":{"@id":"https:\/\/www.suno.com.br\/noticias\/copom-reuniao-corte-selic-expectativas-evm\/#primaryimage"},"thumbnailUrl":"https:\/\/files.sunoresearch.com.br\/n\/uploads\/2022\/03\/RCN-scaled.jpg","keywords":["Copom","Especialistas","pol\u00edtica monet\u00e1ria","taxa de juros","Taxa Selic"],"articleSection":["Economia"],"inLanguage":"pt-BR"},{"@type":"WebPage","@id":"https:\/\/www.suno.com.br\/noticias\/copom-reuniao-corte-selic-expectativas-evm\/","url":"https:\/\/www.suno.com.br\/noticias\/copom-reuniao-corte-selic-expectativas-evm\/","name":"Corte na Selic ser\u00e1 de quanto? Veja expectativas para o Copom","isPartOf":{"@id":"https:\/\/www.suno.com.br\/noticias\/#website"},"primaryImageOfPage":{"@id":"https:\/\/www.suno.com.br\/noticias\/copom-reuniao-corte-selic-expectativas-evm\/#primaryimage"},"image":{"@id":"https:\/\/www.suno.com.br\/noticias\/copom-reuniao-corte-selic-expectativas-evm\/#primaryimage"},"thumbnailUrl":"https:\/\/files.sunoresearch.com.br\/n\/uploads\/2022\/03\/RCN-scaled.jpg","datePublished":"2023-08-01T18:00:00+00:00","dateModified":"2023-08-01T19:30:18+00:00","description":"Apesar de corte da Selic ser consensual, mercado ainda diverge sobre magnitude de 0,25 ou 0,50 ponto percentual para esta reuni\u00e3o do Copom","breadcrumb":{"@id":"https:\/\/www.suno.com.br\/noticias\/copom-reuniao-corte-selic-expectativas-evm\/#breadcrumb"},"inLanguage":"pt-BR","potentialAction":[{"@type":"ReadAction","target":["https:\/\/www.suno.com.br\/noticias\/copom-reuniao-corte-selic-expectativas-evm\/"]}]},{"@type":"ImageObject","inLanguage":"pt-BR","@id":"https:\/\/www.suno.com.br\/noticias\/copom-reuniao-corte-selic-expectativas-evm\/#primaryimage","url":"https:\/\/files.sunoresearch.com.br\/n\/uploads\/2022\/03\/RCN-scaled.jpg","contentUrl":"https:\/\/files.sunoresearch.com.br\/n\/uploads\/2022\/03\/RCN-scaled.jpg","width":2560,"height":1707,"caption":"Presidente do BC Campos Neto Foto: Marcelo Camargo\/Ag\u00eancia Brasil"},{"@type":"BreadcrumbList","@id":"https:\/\/www.suno.com.br\/noticias\/copom-reuniao-corte-selic-expectativas-evm\/#breadcrumb","itemListElement":[{"@type":"ListItem","position":1,"name":"Not\u00edcias","item":"https:\/\/www.suno.com.br\/noticias\/"},{"@type":"ListItem","position":2,"name":"Economia","item":"https:\/\/www.suno.com.br\/noticias\/economia\/"},{"@type":"ListItem","position":3,"name":"Juros podem cair, mas o corte na Selic ser\u00e1 de quanto? Veja expectativas para o Copom"}]},{"@type":"WebSite","@id":"https:\/\/www.suno.com.br\/noticias\/#website","url":"https:\/\/www.suno.com.br\/noticias\/","name":"Suno Not\u00edcias","description":"Seu portal de informa\u00e7\u00e3o sobre o mundo dos investimentos","publisher":{"@id":"https:\/\/www.suno.com.br\/noticias\/#organization"},"potentialAction":[{"@type":"SearchAction","target":{"@type":"EntryPoint","urlTemplate":"https:\/\/www.suno.com.br\/noticias\/?s={search_term_string}"},"query-input":{"@type":"PropertyValueSpecification","valueRequired":true,"valueName":"search_term_string"}}],"inLanguage":"pt-BR"},{"@type":"Organization","@id":"https:\/\/www.suno.com.br\/noticias\/#organization","name":"Suno Not\u00edcias","url":"https:\/\/www.suno.com.br\/noticias\/","logo":{"@type":"ImageObject","inLanguage":"pt-BR","@id":"https:\/\/www.suno.com.br\/noticias\/#\/schema\/logo\/image\/","url":"https:\/\/files.sunoresearch.com.br\/n\/uploads\/2021\/09\/suno-logo.png","contentUrl":"https:\/\/files.sunoresearch.com.br\/n\/uploads\/2021\/09\/suno-logo.png","width":180,"height":180,"caption":"Suno Not\u00edcias"},"image":{"@id":"https:\/\/www.suno.com.br\/noticias\/#\/schema\/logo\/image\/"},"sameAs":["https:\/\/facebook.com\/sunoresearch","https:\/\/x.com\/sunoresearch","https:\/\/www.instagram.com\/suno","https:\/\/www.linkedin.com\/company\/suno-research\/","https:\/\/www.youtube.com\/c\/sunoresearch"]},{"@type":"Person","@id":"https:\/\/www.suno.com.br\/noticias\/#\/schema\/person\/7f4d362bf3518e76090143ae77bb49a5","name":"Eduardo Vargas","image":{"@type":"ImageObject","inLanguage":"pt-BR","@id":"https:\/\/www.suno.com.br\/noticias\/#\/schema\/person\/image\/","url":"https:\/\/secure.gravatar.com\/avatar\/dac340933427a22924c9f99d1eb2e3f2?s=96&r=g","contentUrl":"https:\/\/secure.gravatar.com\/avatar\/dac340933427a22924c9f99d1eb2e3f2?s=96&r=g","caption":"Eduardo Vargas"},"description":"Jornalista formado pela UFSC, cobre macroeconomia, neg\u00f3cios e startups para o Suno Not\u00edcias, escrevendo principalmente not\u00edcias sobre o mercado financeiro e a bolsa de valores. No YouTube e no Instagram, \u00e9 respons\u00e1vel pela produ\u00e7\u00e3o de Reels e Shorts do Suno Not\u00edcias. Anteriormente, trabalhou cobrindo economia e cotidiano no ND+ e para o ND, maior jornal impresso de Santa Catarina. Cursou um semestre letivo de Estudos de M\u00eddia na Universidad de Buenos Aires.","url":"https:\/\/www.suno.com.br\/noticias\/author\/eduardo-vargas\/"}]}},"default_loop_html":"<div class=\"cardsPage__listCard__boxs\"><div class=\"cardsPage__listCard__boxs__img\"><a href=\"https:\/\/www.suno.com.br\/noticias\/copom-reuniao-corte-selic-expectativas-evm\/\"><img class=\"mask\" src=\"https:\/\/www.suno.com.br\/noticias\/wp-content\/themes\/suno\/resources\/images\/spotlight\/spotlight1img\/bg-mask.png\" alt=\"Image Mask\"\/><img src=\"https:\/\/files.sunoresearch.com.br\/n\/uploads\/2022\/03\/RCN-400x200.jpg\" alt=\"Juros podem cair, mas o corte na Selic ser\u00e1 de quanto? Veja expectativas para o Copom\"\/><\/a><span class=\"spotlightCategory\"><a href=\"https:\/\/www.suno.com.br\/noticias\/economia\/\">Economia<\/a><\/span><\/div><div class=\"cardsPage__listCard__boxs__content\"><a href=\"https:\/\/www.suno.com.br\/noticias\/copom-reuniao-corte-selic-expectativas-evm\/\"><h2 class=\"content__title\">Juros podem cair, mas o corte na Selic ser\u00e1 de quanto? Veja expectativas para o Copom<\/h2><\/a><div class=\"newsContent__article__meta\"><div class=\"newsContent__article__meta__authorBox\"><a href=\"https:\/\/www.suno.com.br\/noticias\/author\/camila-figueiredosuno-com-br\/\" class=\"authorBox__avatar noMobi\"><img src=\"https:\/\/files.sunoresearch.com.br\/n\/uploads\/2024\/05\/camila-paim-square-150x150.jpg\" alt=\"Camila Paim\"><\/a><div class=\"authorBox__name\"><span>por\n\t\t\t<a href=\"https:\/\/www.suno.com.br\/noticias\/author\/camila-figueiredosuno-com-br\/\"><span itemprop=\"author\">Camila Paim<\/span><\/a><\/span><time datetime=\"2023-08-01T15:00:00-03:00\" itemprop=\"datePublished\">01\/08\/2023 15:00<\/time><\/div><\/div><\/div><\/div><\/div>","single_layout":"posts","amp_enabled":true,"_links":{"self":[{"href":"https:\/\/www.suno.com.br\/noticias\/wp-json\/wp\/v2\/posts\/435943"}],"collection":[{"href":"https:\/\/www.suno.com.br\/noticias\/wp-json\/wp\/v2\/posts"}],"about":[{"href":"https:\/\/www.suno.com.br\/noticias\/wp-json\/wp\/v2\/types\/post"}],"author":[{"embeddable":true,"href":"https:\/\/www.suno.com.br\/noticias\/wp-json\/wp\/v2\/users\/73"}],"replies":[{"embeddable":true,"href":"https:\/\/www.suno.com.br\/noticias\/wp-json\/wp\/v2\/comments?post=435943"}],"version-history":[{"count":3,"href":"https:\/\/www.suno.com.br\/noticias\/wp-json\/wp\/v2\/posts\/435943\/revisions"}],"predecessor-version":[{"id":436674,"href":"https:\/\/www.suno.com.br\/noticias\/wp-json\/wp\/v2\/posts\/435943\/revisions\/436674"}],"wp:featuredmedia":[{"embeddable":true,"href":"https:\/\/www.suno.com.br\/noticias\/wp-json\/wp\/v2\/media\/242599"}],"wp:attachment":[{"href":"https:\/\/www.suno.com.br\/noticias\/wp-json\/wp\/v2\/media?parent=435943"}],"wp:term":[{"taxonomy":"category","embeddable":true,"href":"https:\/\/www.suno.com.br\/noticias\/wp-json\/wp\/v2\/categories?post=435943"},{"taxonomy":"post_tag","embeddable":true,"href":"https:\/\/www.suno.com.br\/noticias\/wp-json\/wp\/v2\/tags?post=435943"},{"taxonomy":"suno_strategy","embeddable":true,"href":"https:\/\/www.suno.com.br\/noticias\/wp-json\/wp\/v2\/suno_strategy?post=435943"}],"curies":[{"name":"wp","href":"https:\/\/api.w.org\/{rel}","templated":true}]}}