{"id":435870,"date":"2023-07-31T15:49:07","date_gmt":"2023-07-31T18:49:07","guid":{"rendered":"https:\/\/www.suno.com.br\/noticias\/?p=435870"},"modified":"2023-07-31T15:49:16","modified_gmt":"2023-07-31T18:49:16","slug":"americanas-amer3-detalha-trabalhos-comite-apura-fraudes-gpj","status":"publish","type":"post","link":"https:\/\/www.suno.com.br\/noticias\/americanas-amer3-detalha-trabalhos-comite-apura-fraudes-gpj\/","title":{"rendered":"Americanas (AMER3) detalha trabalhos de comit\u00ea que apura fraudes na varejista"},"content":{"rendered":"<p>A <strong>Americanas&nbsp;<\/strong>(<a href=\"https:\/\/www.suno.com.br\/acoes\/amer3\" target=\"_blank\" rel=\"noreferrer noopener\">AMER3<\/a>) divulgou na \u00faltima sexta-feira (28) detalhes sobre os trabalhos do comit\u00ea independente criado para apurar as circunst\u00e2ncias que ocasionaram as <strong>inconsist\u00eancias cont\u00e1beis<\/strong> na varejista, que vieram \u00e0 p\u00fablico no in\u00edcio do ano.<\/p>\t<div class=\"wrapper-featured-image\">\n\t\t<figure class=\"spotlightImg\">\n\n\t\t\t<picture>\n\t\t\t\t<source media=\"(max-width: 768px)\" srcset=\"https:\/\/files.sunoresearch.com.br\/n\/uploads\/2023\/01\/americanas-logo-400x200.jpg\">\n\t\t\t\t<img loading=\"lazy\" decoding=\"async\" class=\"newsContent__article__imgCapa lazyloadDisabled \" src=\"https:\/\/files.sunoresearch.com.br\/n\/uploads\/2023\/01\/americanas-logo-800x450.jpg\" width=\"800\" height=\"450\" alt=\"Americanas (AMER3) detalha trabalhos de comit\u00ea que apura fraudes na varejista\" fetchpriority=high \/>\n\t\t\t<\/picture>\n\n\t\t\t<figcaption class=\"wp-caption-text wp-caption-text--show\">Americanas (AMER3). Foto: Divulga\u00e7\u00e3o<\/figcaption>\n\t\t<\/figure>\n\t<\/div>\n\n\n\n\n\n\n\n\t<p>\n\t\t<a href=\"\" target=\"_blank\" data-element=\"shortcode-suno-banner\" title=\"Banner SUNO, clique e saiba mais\">\n\t\t\t<picture>\n\t\t\t\t<source media=\"(max-width: 500px)\" srcset=\"\">\n\t\t\t\t<img class=\"newsContent__article__imgCapa newsContent__article__imgCapa--banner\"\n\t\t\t\t\tsrc=\"\"\n\t\t\t\t\tdata-promo-id=\"265277\"\t\t\t\t\t\t\t\t\t\t\t\t\t\t\talt=\"\"\n\t\t\t\t>\n\t\t\t<\/picture>\n\t\t<\/a>\n\t<\/p>\n\n\n\n\n\n<p>Segundo a <strong>varejista<\/strong>, o grupo de <strong>trabalho da Americanas <\/strong>\u00e9 composto por tr\u00eas membros independentes e conduz os seus trabalhos com o apoio de uma equipe de investiga\u00e7\u00e3o, selecionada pelo pr\u00f3prio comit\u00ea. Ela \u00e9 composta por integrantes do escrit\u00f3rio de advocacia Maeda, Ayres &amp; Sarubbi, especializado em compliance e investiga\u00e7\u00f5es, e da Ernst &amp; Young Assessoria Empresarial Ltda., que presta servi\u00e7os de tecnologia e investiga\u00e7\u00e3o forense ao comit\u00ea.<\/p>\n\n\n\n<p>&#8220;Tanto os membros quanto a equipe de investiga\u00e7\u00e3o s\u00e3o independentes em rela\u00e7\u00e3o \u00e0 companhia e \u00e0 sua administra\u00e7\u00e3o e atuam de maneira estritamente t\u00e9cnica, com o zelo exigido em uma investiga\u00e7\u00e3o de alta complexidade&#8221;, pontuou a Americanas.<\/p>\n\n\n\n<p>No comunicado, a empresa destacou que, logo no in\u00edcio de seus trabalhos, a equipe concentrou esfor\u00e7os na preserva\u00e7\u00e3o de dados de pessoas que podem ser fonte de informa\u00e7\u00f5es relevantes para a <strong>investiga\u00e7\u00e3o na Americanas<\/strong> (os chamados \u201ccustodiantes\u201d), bem como de servidores corporativos (que cont\u00eam dados financeiros, cont\u00e1beis, entre outros).<\/p>\n\n\n\n<p>&#8220;At\u00e9 o momento, foram coletados e preservados cerca de 200 terabytes de dados. S\u00e3o processados e filtrados e, posteriormente, analisados pela equipe de investiga\u00e7\u00e3o. Al\u00e9m dos dados coletados, o comit\u00ea tem recebido informa\u00e7\u00f5es de outras fontes&#8221;.<\/p>\n\n\n\n<p>Uma outra dimens\u00e3o dos trabalhos de investiga\u00e7\u00e3o, tamb\u00e9m em andamento, envolve a realiza\u00e7\u00e3o de entrevistas com colaboradores e ex-funcion\u00e1rios da companhia para melhor esclarecimento dos fatos, assim como dos processos e procedimentos adotados pela Americanas, disse.<\/p>\n\n\n\n<p>&#8220;Por tratar-se de comit\u00ea de assessoramento do <a href=\"https:\/\/www.suno.com.br\/artigos\/conselho-administracao\/\">conselho de administra\u00e7\u00e3o<\/a>, realiza reportes sobre os seus trabalhos \u00e0quele \u00f3rg\u00e3o. Esses reportes sempre observaram \u2013 e continuar\u00e3o a observar \u2013 as melhores pr\u00e1ticas para resguardar a investiga\u00e7\u00e3o&#8221;, acrescentando que essas intera\u00e7\u00f5es s\u00e3o importantes, inclusive, para que a administra\u00e7\u00e3o da companhia possa dar passos relacionados, por exemplo, \u00e0 produ\u00e7\u00e3o de <a href=\"https:\/\/www.suno.com.br\/artigos\/demonstracoes-financeiras\/\">demonstra\u00e7\u00f5es financeiras<\/a> fidedignas.<\/p>\n\n\n\n<p>A Americanas esclareceu, ainda, que a posi\u00e7\u00e3o final do grupo de trabalho sobre os fatos investigados e as pessoas envolvidas depende da conclus\u00e3o dos trabalhos das &#8220;frentes&#8221; da investiga\u00e7\u00e3o que ainda est\u00e3o em andamento. <\/p>\n\n\n\n<p>Segundo a empresa, o comit\u00ea busca concluir a investiga\u00e7\u00e3o com rapidez, mas o andamento dos trabalhos \u00e9 afetado n\u00e3o s\u00f3 pela complexidade da investiga\u00e7\u00e3o, mas tamb\u00e9m por outras demandas, como a libera\u00e7\u00e3o de certificadores das demonstra\u00e7\u00f5es financeiras.<\/p>\n\n\n\n<p>Por fim, a varejista afirmou que, sem preju\u00edzo aos trabalhos do comit\u00ea, vem realizando atos diretos de apura\u00e7\u00e3o dos fatos divulgados ao mercado, seja para permitir a produ\u00e7\u00e3o de demonstra\u00e7\u00f5es financeiras, seja para outros fins, tendo em vista as diversas dimens\u00f5es do presente caso.<\/p>\n\n\n\n<p>&#8220;Tais atos n\u00e3o se confundem com a atua\u00e7\u00e3o do comit\u00ea e n\u00e3o antecipam posi\u00e7\u00f5es ou conclus\u00f5es do mesmo. Na mesma linha, \u00e9 importante destacar que o comit\u00ea tamb\u00e9m n\u00e3o \u00e9 respons\u00e1vel por tomar decis\u00f5es de cunho administrativo, como aquelas relacionadas ao desligamento de colaboradores da companhia&#8221;, finalizou a Americanas.<\/p>\n\n\n\t<p>\n\t\t<a href=\"https:\/\/lp.suno.com.br\/planilha-da-vida-financeira\/\" target=\"_blank\" data-element=\"shortcode-suno-banner\" title=\"Banner SUNO, clique e saiba mais\">\n\t\t\t<picture>\n\t\t\t\t<source media=\"(max-width: 500px)\" srcset=\"https:\/\/files.sunoresearch.com.br\/n\/uploads\/2023\/04\/400x300-Planilha-vida-financeira-true.png\">\n\t\t\t\t<img class=\"newsContent__article__imgCapa newsContent__article__imgCapa--banner\"\n\t\t\t\t\tsrc=\"https:\/\/files.sunoresearch.com.br\/n\/uploads\/2023\/04\/1420x240-Planilha-vida-financeira-true.png\"\n\t\t\t\t\tdata-promo-id=\"383123\"\t\t\t\t\t\t\t\t\t\twidth='1420' height='240'\t\t\t\t\talt=\"https:\/\/files.sunoresearch.com.br\/n\/uploads\/2023\/04\/1420x240-Planilha-vida-financeira-true.png\"\n\t\t\t\t>\n\t\t\t<\/picture>\n\t\t<\/a>\n\t<\/p>\n\n\n\n\n\n<h2 class=\"wp-block-heading\">Americanas: STF decide que ex-CEO ter\u00e1 que depor \u00e0 CPI, mas permite sil\u00eancio, diz jornal<\/h2>\n\n\n\n<p>O ministro do Supremo Tribunal Federal (STF), Andr\u00e9 Mendon\u00e7a, decidiu que o ex-<a href=\"https:\/\/www.suno.com.br\/artigos\/ceo\/\">diretor presidente<\/a>&nbsp;da&nbsp;<a href=\"https:\/\/www.suno.com.br\/acoes\/amer3\" target=\"_blank\" rel=\"noreferrer noopener\">Americanas<\/a>, Miguel Gutierrez, deve comparecer \u00e0 CPI que investiga as&nbsp;<a href=\"https:\/\/www.suno.com.br\/artigos\/fraudes-contabeis\/\">fraudes cont\u00e1beis<\/a>&nbsp;na varejista, mas que poder\u00e1 permanecer em sil\u00eancio, segundo apura\u00e7\u00e3o do colunista Lauro Jardim, do jornal O Globo.<\/p>\n\n\n\n<p>Segundo a publica\u00e7\u00e3o, a defesa de Gutierrez solicitou o sil\u00eancio por ele ser alvo de investiga\u00e7\u00f5es da Comiss\u00e3o de Valores Mobili\u00e1rios (CVM) e da Pol\u00edcia Federal (PF).<\/p>\n\n\n\n<p>Mendon\u00e7a determinou ainda que, ao ser sabatinado na C\u00e2mara, o ex-executivo da Americanas tenha direito ao aux\u00edlio de um advogado e n\u00e3o sofra constrangimentos f\u00edsicos ou morais ao fazer uso do benef\u00edcio do sil\u00eancio, diz a reportagem.<\/p>\n\n\n\n\t<div data-element=\"shortcode-read-more\" class=\"readToo\">\n\t\t\t\t<span class=\"readToo__title\">Leia mais<\/span>\n\t\t\t\t<ul class=\"readToo__list\">\n\t\t\t<li><a href=\"https:\/\/www.suno.com.br\/noticias\/americanas-amer3-stf-decide-que-ex-ceo-tera-que-depor-mas-permite-silencio-gpj\/\">Americanas (AMER3): STF decide que ex-CEO ter\u00e1 que depor \u00e0 CPI, mas permite sil\u00eancio, diz jornal<\/a><\/li><li><a href=\"https:\/\/www.suno.com.br\/noticias\/americanas-demite-mil-funcionarios-gpj\/\">Americanas (AMER3) demitiu 1,4 mil funcion\u00e1rios na \u00faltima semana<\/a><\/li>\t\t<\/ul>\n\t<\/div>\n\n\n\n\n<h2 class=\"wp-block-heading\">Fraude envolveu ao menos 30 funcion\u00e1rios<\/h2>\n\n\n\n<p>Em junho, o atual&nbsp;<strong>presidente da Americanas,<\/strong>&nbsp;Leonardo Coelho Pereira, disse \u00e0 CPI que a fraude cont\u00e1bil envolvendo os balan\u00e7os da empresa teve a participa\u00e7\u00e3o de ao menos 30 funcion\u00e1rios.<\/p>\n\n\n\n<p>O presidente da Americanas chegou a apresentar uma relat\u00f3rio de uma investiga\u00e7\u00e3o independente que ocorre na companhia. Documentos como esse revelaram que a<strong>&nbsp;fraude cont\u00e1bil&nbsp;<\/strong>\u2018inflou\u2019 o resultado da varejista em R$ 25,3 bilh\u00f5es.<\/p>\n\n\n\n<p>Al\u00e9m disso, os relat\u00f3rios indicam participa\u00e7\u00e3o da&nbsp;<strong>ex-diretoria da empresa<\/strong>&nbsp;nos atos fraudulentos, tal como no esfor\u00e7o em ocult\u00e1-los. Os diretores, tal como o antigo CEO, foram afastados.<\/p>\n\n\n\n<p>At\u00e9 ent\u00e3o, segundo Coelho, as fraudes n\u00e3o envolvem nem os acionistas de refer\u00eancia \u2013 que incluem Lemann, Telles e Sicupira \u2013 nem o&nbsp;<a target=\"_blank\" href=\"https:\/\/www.suno.com.br\/artigos\/conselho-administracao\/\" rel=\"noreferrer noopener\">Conselho de Administra\u00e7\u00e3o<\/a>&nbsp;da companhia.<\/p>\n\n\n\n<p>Um dos ex-diretores, Jos\u00e9 Timotheo Barros, emitiu nota rebatendo as acusa\u00e7\u00f5es, citando que \u201co&nbsp;<a target=\"_blank\" href=\"https:\/\/www.suno.com.br\/artigos\/fato-relevante\/\" rel=\"noreferrer noopener\">fato relevante<\/a>&nbsp;informado ao mercado na data de ontem (ter\u00e7a-feira) cont\u00e9m inverdades e faz acusa\u00e7\u00f5es que precisar\u00e3o ser provadas\u201d.<\/p>\n\n\n\n<p>\u201cNo mesmo dia, baseado em documento elaborado de modo parcial para perturbar as apura\u00e7\u00f5es, trechos do que seria parte de relat\u00f3rio de investiga\u00e7\u00e3o feita pelos advogados da empresa (n\u00e3o pelo comit\u00ea independente) foram mostrados de maneira leviana em comiss\u00e3o do Congresso Nacional, apresentando meras opini\u00f5es de suspeitas como verdades\u201d, diz o pronunciamento.<\/p>\n\n\n\n<h2 class=\"wp-block-heading\">Americanas demitiu 1,4 mil funcion\u00e1rios entre os dias 17 e 24 de julho<\/h2>\n\n\n\n<p>A&nbsp;<strong>Americanas&nbsp;<\/strong>informou ao mercado que desligou 1.404 funcion\u00e1rios na semana entre os dias 17 e 24 de julho, de acordo com um documento divulgado na Comiss\u00e3o de Valores Mobili\u00e1rios (CVM).<\/p>\n\n\n\n<p>No comunicado, a varejista afirmou tamb\u00e9m que at\u00e9 o \u00faltimo domingo (23), tinha 35.741 colaboradores. As demiss\u00f5es ocorreram na&nbsp;<strong>Americanas S.A<\/strong>, n\u00e3o havendo desligamentos na ST Importa\u00e7\u00f5es.<\/p>\n\n\n\n<p>A Americanas disse ainda que, na \u00faltima semana, encerrou as opera\u00e7\u00f5es em uma loja localizada em Campo Grande (MS) e que at\u00e9 o \u00faltimo domingo, tinha 1.825 lojas em atividade.<\/p>\n\n\n\n<p>Entre os dias 17 e 24 de julho, a varejista efetuou R$ 356 milh\u00f5es em pagamentos e somou R$ 344 milh\u00f5es em recebimentos.<\/p>\n\n\n\n<p>Em nota enviada ao Suno Not\u00edcias, a Americanas informou que, diante da reestrutura\u00e7\u00e3o de algumas frentes de neg\u00f3cio a partir de seu plano de transforma\u00e7\u00e3o, realizou o desligamento de colaboradores. A companhia informou, ainda, que segue com foco na manuten\u00e7\u00e3o de suas opera\u00e7\u00f5es e no aumento de sua efici\u00eancia.<\/p>\n\n\n\n<p>\u201cA&nbsp;<strong>Americanas<\/strong>&nbsp;refor\u00e7a seu comprometimento com a transpar\u00eancia na rela\u00e7\u00e3o com os sindicatos, mantendo-os informados dos movimentos de reestrutura\u00e7\u00e3o, assim como garante o cumprimento integral e tempestivo de suas obriga\u00e7\u00f5es trabalhistas, na forma da legisla\u00e7\u00e3o vigente\u201d, pontuou.<\/p>\n\n\n\t<p>\n\t\t<a href=\"https:\/\/lp.suno.com.br\/ebook-como-analisar-uma-acao\/\" target=\"_blank\" data-element=\"shortcode-suno-banner\" title=\"Banner SUNO, clique e saiba mais\">\n\t\t\t<picture>\n\t\t\t\t<source media=\"(max-width: 500px)\" srcset=\"https:\/\/files.sunoresearch.com.br\/n\/uploads\/2023\/03\/Ebook-Acoes-Mobile-1.jpg\">\n\t\t\t\t<img class=\"newsContent__article__imgCapa newsContent__article__imgCapa--banner\"\n\t\t\t\t\tsrc=\"https:\/\/files.sunoresearch.com.br\/n\/uploads\/2023\/03\/Ebook-Acoes-Desktop-1.jpg\"\n\t\t\t\t\tdata-promo-id=\"171998\"\t\t\t\t\t\t\t\t\t\twidth='1420' height='286'\t\t\t\t\talt=\"https:\/\/files.sunoresearch.com.br\/n\/uploads\/2023\/03\/Ebook-Acoes-Desktop-1.jpg\"\n\t\t\t\t>\n\t\t\t<\/picture>\n\t\t<\/a>\n\t<\/p>\n\n\n","protected":false},"excerpt":{"rendered":"<p>A Americanas&nbsp;(AMER3) divulgou na \u00faltima sexta-feira (28) detalhes sobre os trabalhos do comit\u00ea independente criado para apurar as circunst\u00e2ncias que ocasionaram as inconsist\u00eancias cont\u00e1beis na varejista, que vieram \u00e0 p\u00fablico no in\u00edcio do ano. Americanas (AMER3). Foto: Divulga\u00e7\u00e3o Segundo a varejista, o grupo de trabalho da Americanas \u00e9 composto por tr\u00eas membros independentes e conduz [&hellip;]<\/p>\n","protected":false},"author":313,"featured_media":346148,"comment_status":"closed","ping_status":"closed","sticky":false,"template":"","format":"standard","meta":[],"categories":[64],"tags":[106605],"suno_strategy":[],"class_list":["post-435870","post","type-post","status-publish","format-standard","has-post-thumbnail","hentry","category-negocios","tag-americanas-s-a-amer3"],"yoast_head":"<!-- This site is optimized with the Yoast SEO plugin v24.4 - https:\/\/yoast.com\/wordpress\/plugins\/seo\/ -->\n<title>Americanas (AMER3) detalha trabalhos de comit\u00ea que apura fraudes<\/title>\n<meta name=\"description\" content=\"A Americanas\u00a0divulgou detalhes sobre os trabalhos do comit\u00ea independente criado para apurar as inconsist\u00eancias cont\u00e1beis na varejista.\" \/>\n<meta name=\"robots\" content=\"index, follow, max-snippet:-1, max-image-preview:large, max-video-preview:-1\" \/>\n<link rel=\"canonical\" href=\"https:\/\/www.suno.com.br\/noticias\/americanas-amer3-detalha-trabalhos-comite-apura-fraudes-gpj\/\" \/>\n<meta property=\"og:locale\" content=\"pt_BR\" \/>\n<meta property=\"og:type\" content=\"article\" \/>\n<meta property=\"og:title\" content=\"Americanas (AMER3) detalha trabalhos de comit\u00ea que apura fraudes\" \/>\n<meta property=\"og:description\" content=\"A Americanas\u00a0divulgou detalhes sobre os trabalhos do comit\u00ea independente criado para apurar as inconsist\u00eancias cont\u00e1beis na varejista.\" \/>\n<meta property=\"og:url\" content=\"https:\/\/www.suno.com.br\/noticias\/americanas-amer3-detalha-trabalhos-comite-apura-fraudes-gpj\/\" \/>\n<meta property=\"og:site_name\" content=\"Suno Not\u00edcias\" \/>\n<meta property=\"article:publisher\" content=\"https:\/\/facebook.com\/sunoresearch\" \/>\n<meta property=\"og:image\" content=\"https:\/\/files.sunoresearch.com.br\/n\/uploads\/2023\/01\/americanas-logo.jpg\" \/>\n\t<meta property=\"og:image:width\" content=\"1200\" \/>\n\t<meta property=\"og:image:height\" content=\"800\" \/>\n\t<meta property=\"og:image:type\" content=\"image\/jpeg\" \/>\n<meta name=\"author\" content=\"Giovanni Porf\u00edrio Jacomino\" \/>\n<meta name=\"twitter:card\" content=\"summary_large_image\" \/>\n<meta name=\"twitter:creator\" content=\"@sunoresearch\" \/>\n<meta name=\"twitter:site\" content=\"@sunoresearch\" \/>\n<meta name=\"twitter:label1\" content=\"Escrito por\" \/>\n\t<meta name=\"twitter:data1\" content=\"Giovanni Porf\u00edrio Jacomino\" \/>\n\t<meta name=\"twitter:label2\" content=\"Est. tempo de leitura\" \/>\n\t<meta name=\"twitter:data2\" content=\"6 minutos\" \/>\n<script type=\"application\/ld+json\" class=\"yoast-schema-graph\">{\"@context\":\"https:\/\/schema.org\",\"@graph\":[{\"@type\":\"NewsArticle\",\"@id\":\"https:\/\/www.suno.com.br\/noticias\/americanas-amer3-detalha-trabalhos-comite-apura-fraudes-gpj\/#article\",\"isPartOf\":{\"@id\":\"https:\/\/www.suno.com.br\/noticias\/americanas-amer3-detalha-trabalhos-comite-apura-fraudes-gpj\/\"},\"author\":{\"name\":\"Giovanni Porf\u00edrio Jacomino\",\"@id\":\"https:\/\/www.suno.com.br\/noticias\/#\/schema\/person\/d0f32748bbca4bee871fa191ee4e2d40\"},\"headline\":\"Americanas (AMER3) detalha trabalhos de comit\u00ea que apura fraudes na varejista\",\"datePublished\":\"2023-07-31T18:49:07+00:00\",\"dateModified\":\"2023-07-31T18:49:16+00:00\",\"mainEntityOfPage\":{\"@id\":\"https:\/\/www.suno.com.br\/noticias\/americanas-amer3-detalha-trabalhos-comite-apura-fraudes-gpj\/\"},\"wordCount\":1176,\"publisher\":{\"@id\":\"https:\/\/www.suno.com.br\/noticias\/#organization\"},\"image\":{\"@id\":\"https:\/\/www.suno.com.br\/noticias\/americanas-amer3-detalha-trabalhos-comite-apura-fraudes-gpj\/#primaryimage\"},\"thumbnailUrl\":\"https:\/\/files.sunoresearch.com.br\/n\/uploads\/2023\/01\/americanas-logo.jpg\",\"keywords\":[\"Americanas (AMER3)\"],\"articleSection\":[\"Neg\u00f3cios\"],\"inLanguage\":\"pt-BR\"},{\"@type\":\"WebPage\",\"@id\":\"https:\/\/www.suno.com.br\/noticias\/americanas-amer3-detalha-trabalhos-comite-apura-fraudes-gpj\/\",\"url\":\"https:\/\/www.suno.com.br\/noticias\/americanas-amer3-detalha-trabalhos-comite-apura-fraudes-gpj\/\",\"name\":\"Americanas (AMER3) detalha trabalhos de comit\u00ea que apura fraudes\",\"isPartOf\":{\"@id\":\"https:\/\/www.suno.com.br\/noticias\/#website\"},\"primaryImageOfPage\":{\"@id\":\"https:\/\/www.suno.com.br\/noticias\/americanas-amer3-detalha-trabalhos-comite-apura-fraudes-gpj\/#primaryimage\"},\"image\":{\"@id\":\"https:\/\/www.suno.com.br\/noticias\/americanas-amer3-detalha-trabalhos-comite-apura-fraudes-gpj\/#primaryimage\"},\"thumbnailUrl\":\"https:\/\/files.sunoresearch.com.br\/n\/uploads\/2023\/01\/americanas-logo.jpg\",\"datePublished\":\"2023-07-31T18:49:07+00:00\",\"dateModified\":\"2023-07-31T18:49:16+00:00\",\"description\":\"A Americanas\u00a0divulgou detalhes sobre os trabalhos do comit\u00ea independente criado para apurar as inconsist\u00eancias cont\u00e1beis na varejista.\",\"breadcrumb\":{\"@id\":\"https:\/\/www.suno.com.br\/noticias\/americanas-amer3-detalha-trabalhos-comite-apura-fraudes-gpj\/#breadcrumb\"},\"inLanguage\":\"pt-BR\",\"potentialAction\":[{\"@type\":\"ReadAction\",\"target\":[\"https:\/\/www.suno.com.br\/noticias\/americanas-amer3-detalha-trabalhos-comite-apura-fraudes-gpj\/\"]}]},{\"@type\":\"ImageObject\",\"inLanguage\":\"pt-BR\",\"@id\":\"https:\/\/www.suno.com.br\/noticias\/americanas-amer3-detalha-trabalhos-comite-apura-fraudes-gpj\/#primaryimage\",\"url\":\"https:\/\/files.sunoresearch.com.br\/n\/uploads\/2023\/01\/americanas-logo.jpg\",\"contentUrl\":\"https:\/\/files.sunoresearch.com.br\/n\/uploads\/2023\/01\/americanas-logo.jpg\",\"width\":1200,\"height\":800,\"caption\":\"Americanas (AMER3). Foto: Divulga\u00e7\u00e3o\"},{\"@type\":\"BreadcrumbList\",\"@id\":\"https:\/\/www.suno.com.br\/noticias\/americanas-amer3-detalha-trabalhos-comite-apura-fraudes-gpj\/#breadcrumb\",\"itemListElement\":[{\"@type\":\"ListItem\",\"position\":1,\"name\":\"Not\u00edcias\",\"item\":\"https:\/\/www.suno.com.br\/noticias\/\"},{\"@type\":\"ListItem\",\"position\":2,\"name\":\"Neg\u00f3cios\",\"item\":\"https:\/\/www.suno.com.br\/noticias\/negocios\/\"},{\"@type\":\"ListItem\",\"position\":3,\"name\":\"Americanas (AMER3) detalha trabalhos de comit\u00ea que apura fraudes na varejista\"}]},{\"@type\":\"WebSite\",\"@id\":\"https:\/\/www.suno.com.br\/noticias\/#website\",\"url\":\"https:\/\/www.suno.com.br\/noticias\/\",\"name\":\"Suno Not\u00edcias\",\"description\":\"Seu portal de informa\u00e7\u00e3o sobre o mundo dos investimentos\",\"publisher\":{\"@id\":\"https:\/\/www.suno.com.br\/noticias\/#organization\"},\"potentialAction\":[{\"@type\":\"SearchAction\",\"target\":{\"@type\":\"EntryPoint\",\"urlTemplate\":\"https:\/\/www.suno.com.br\/noticias\/?s={search_term_string}\"},\"query-input\":{\"@type\":\"PropertyValueSpecification\",\"valueRequired\":true,\"valueName\":\"search_term_string\"}}],\"inLanguage\":\"pt-BR\"},{\"@type\":\"Organization\",\"@id\":\"https:\/\/www.suno.com.br\/noticias\/#organization\",\"name\":\"Suno Not\u00edcias\",\"url\":\"https:\/\/www.suno.com.br\/noticias\/\",\"logo\":{\"@type\":\"ImageObject\",\"inLanguage\":\"pt-BR\",\"@id\":\"https:\/\/www.suno.com.br\/noticias\/#\/schema\/logo\/image\/\",\"url\":\"https:\/\/files.sunoresearch.com.br\/n\/uploads\/2021\/09\/suno-logo.png\",\"contentUrl\":\"https:\/\/files.sunoresearch.com.br\/n\/uploads\/2021\/09\/suno-logo.png\",\"width\":180,\"height\":180,\"caption\":\"Suno Not\u00edcias\"},\"image\":{\"@id\":\"https:\/\/www.suno.com.br\/noticias\/#\/schema\/logo\/image\/\"},\"sameAs\":[\"https:\/\/facebook.com\/sunoresearch\",\"https:\/\/x.com\/sunoresearch\",\"https:\/\/www.instagram.com\/suno\",\"https:\/\/www.linkedin.com\/company\/suno-research\/\",\"https:\/\/www.youtube.com\/c\/sunoresearch\"]},{\"@type\":\"Person\",\"@id\":\"https:\/\/www.suno.com.br\/noticias\/#\/schema\/person\/d0f32748bbca4bee871fa191ee4e2d40\",\"name\":\"Giovanni Porf\u00edrio Jacomino\",\"image\":{\"@type\":\"ImageObject\",\"inLanguage\":\"pt-BR\",\"@id\":\"https:\/\/www.suno.com.br\/noticias\/#\/schema\/person\/image\/\",\"url\":\"https:\/\/secure.gravatar.com\/avatar\/efb32e19b730a121cb7a80f41ffec01a?s=96&r=g\",\"contentUrl\":\"https:\/\/secure.gravatar.com\/avatar\/efb32e19b730a121cb7a80f41ffec01a?s=96&r=g\",\"caption\":\"Giovanni Porf\u00edrio Jacomino\"},\"description\":\"Giovanni Porf\u00edrio Jacomino \u00e9 jornalista formado pela Universidade Estadual de Londrina (UEL) e p\u00f3s-graduado em Produ\u00e7\u00e3o e Pr\u00e1ticas Jornal\u00edsticas na Contemporaneidade na Faculdade C\u00e1sper L\u00edbero (FCL). Foi editor web no Startupi e no Finsiders, atuando ainda como editor no TC Mover, portal de not\u00edcias da TradersClub, fazendo a cobertura de assuntos relacionados ao mercado financeiro interno e externo. Atualmente, \u00e9 Rep\u00f3rter do Suno Not\u00edcias.\",\"url\":\"https:\/\/www.suno.com.br\/noticias\/author\/giovanni-porfiriosuno-com-br\/\"}]}<\/script>\n<!-- \/ Yoast SEO plugin. -->","yoast_head_json":{"title":"Americanas (AMER3) detalha trabalhos de comit\u00ea que apura fraudes","description":"A Americanas\u00a0divulgou detalhes sobre os trabalhos do comit\u00ea independente criado para apurar as inconsist\u00eancias cont\u00e1beis na varejista.","robots":{"index":"index","follow":"follow","max-snippet":"max-snippet:-1","max-image-preview":"max-image-preview:large","max-video-preview":"max-video-preview:-1"},"canonical":"https:\/\/www.suno.com.br\/noticias\/americanas-amer3-detalha-trabalhos-comite-apura-fraudes-gpj\/","og_locale":"pt_BR","og_type":"article","og_title":"Americanas (AMER3) detalha trabalhos de comit\u00ea que apura fraudes","og_description":"A Americanas\u00a0divulgou detalhes sobre os trabalhos do comit\u00ea independente criado para apurar as inconsist\u00eancias cont\u00e1beis na varejista.","og_url":"https:\/\/www.suno.com.br\/noticias\/americanas-amer3-detalha-trabalhos-comite-apura-fraudes-gpj\/","og_site_name":"Suno Not\u00edcias","article_publisher":"https:\/\/facebook.com\/sunoresearch","og_image":[{"width":1200,"height":800,"url":"https:\/\/files.sunoresearch.com.br\/n\/uploads\/2023\/01\/americanas-logo.jpg","type":"image\/jpeg"}],"author":"Giovanni Porf\u00edrio Jacomino","twitter_card":"summary_large_image","twitter_creator":"@sunoresearch","twitter_site":"@sunoresearch","twitter_misc":{"Escrito por":"Giovanni Porf\u00edrio Jacomino","Est. tempo de leitura":"6 minutos"},"schema":{"@context":"https:\/\/schema.org","@graph":[{"@type":"NewsArticle","@id":"https:\/\/www.suno.com.br\/noticias\/americanas-amer3-detalha-trabalhos-comite-apura-fraudes-gpj\/#article","isPartOf":{"@id":"https:\/\/www.suno.com.br\/noticias\/americanas-amer3-detalha-trabalhos-comite-apura-fraudes-gpj\/"},"author":{"name":"Giovanni Porf\u00edrio Jacomino","@id":"https:\/\/www.suno.com.br\/noticias\/#\/schema\/person\/d0f32748bbca4bee871fa191ee4e2d40"},"headline":"Americanas (AMER3) detalha trabalhos de comit\u00ea que apura fraudes na varejista","datePublished":"2023-07-31T18:49:07+00:00","dateModified":"2023-07-31T18:49:16+00:00","mainEntityOfPage":{"@id":"https:\/\/www.suno.com.br\/noticias\/americanas-amer3-detalha-trabalhos-comite-apura-fraudes-gpj\/"},"wordCount":1176,"publisher":{"@id":"https:\/\/www.suno.com.br\/noticias\/#organization"},"image":{"@id":"https:\/\/www.suno.com.br\/noticias\/americanas-amer3-detalha-trabalhos-comite-apura-fraudes-gpj\/#primaryimage"},"thumbnailUrl":"https:\/\/files.sunoresearch.com.br\/n\/uploads\/2023\/01\/americanas-logo.jpg","keywords":["Americanas (AMER3)"],"articleSection":["Neg\u00f3cios"],"inLanguage":"pt-BR"},{"@type":"WebPage","@id":"https:\/\/www.suno.com.br\/noticias\/americanas-amer3-detalha-trabalhos-comite-apura-fraudes-gpj\/","url":"https:\/\/www.suno.com.br\/noticias\/americanas-amer3-detalha-trabalhos-comite-apura-fraudes-gpj\/","name":"Americanas (AMER3) detalha trabalhos de comit\u00ea que apura fraudes","isPartOf":{"@id":"https:\/\/www.suno.com.br\/noticias\/#website"},"primaryImageOfPage":{"@id":"https:\/\/www.suno.com.br\/noticias\/americanas-amer3-detalha-trabalhos-comite-apura-fraudes-gpj\/#primaryimage"},"image":{"@id":"https:\/\/www.suno.com.br\/noticias\/americanas-amer3-detalha-trabalhos-comite-apura-fraudes-gpj\/#primaryimage"},"thumbnailUrl":"https:\/\/files.sunoresearch.com.br\/n\/uploads\/2023\/01\/americanas-logo.jpg","datePublished":"2023-07-31T18:49:07+00:00","dateModified":"2023-07-31T18:49:16+00:00","description":"A Americanas\u00a0divulgou detalhes sobre os trabalhos do comit\u00ea independente criado para apurar as inconsist\u00eancias cont\u00e1beis na varejista.","breadcrumb":{"@id":"https:\/\/www.suno.com.br\/noticias\/americanas-amer3-detalha-trabalhos-comite-apura-fraudes-gpj\/#breadcrumb"},"inLanguage":"pt-BR","potentialAction":[{"@type":"ReadAction","target":["https:\/\/www.suno.com.br\/noticias\/americanas-amer3-detalha-trabalhos-comite-apura-fraudes-gpj\/"]}]},{"@type":"ImageObject","inLanguage":"pt-BR","@id":"https:\/\/www.suno.com.br\/noticias\/americanas-amer3-detalha-trabalhos-comite-apura-fraudes-gpj\/#primaryimage","url":"https:\/\/files.sunoresearch.com.br\/n\/uploads\/2023\/01\/americanas-logo.jpg","contentUrl":"https:\/\/files.sunoresearch.com.br\/n\/uploads\/2023\/01\/americanas-logo.jpg","width":1200,"height":800,"caption":"Americanas (AMER3). Foto: Divulga\u00e7\u00e3o"},{"@type":"BreadcrumbList","@id":"https:\/\/www.suno.com.br\/noticias\/americanas-amer3-detalha-trabalhos-comite-apura-fraudes-gpj\/#breadcrumb","itemListElement":[{"@type":"ListItem","position":1,"name":"Not\u00edcias","item":"https:\/\/www.suno.com.br\/noticias\/"},{"@type":"ListItem","position":2,"name":"Neg\u00f3cios","item":"https:\/\/www.suno.com.br\/noticias\/negocios\/"},{"@type":"ListItem","position":3,"name":"Americanas (AMER3) detalha trabalhos de comit\u00ea que apura fraudes na varejista"}]},{"@type":"WebSite","@id":"https:\/\/www.suno.com.br\/noticias\/#website","url":"https:\/\/www.suno.com.br\/noticias\/","name":"Suno Not\u00edcias","description":"Seu portal de informa\u00e7\u00e3o sobre o mundo dos investimentos","publisher":{"@id":"https:\/\/www.suno.com.br\/noticias\/#organization"},"potentialAction":[{"@type":"SearchAction","target":{"@type":"EntryPoint","urlTemplate":"https:\/\/www.suno.com.br\/noticias\/?s={search_term_string}"},"query-input":{"@type":"PropertyValueSpecification","valueRequired":true,"valueName":"search_term_string"}}],"inLanguage":"pt-BR"},{"@type":"Organization","@id":"https:\/\/www.suno.com.br\/noticias\/#organization","name":"Suno Not\u00edcias","url":"https:\/\/www.suno.com.br\/noticias\/","logo":{"@type":"ImageObject","inLanguage":"pt-BR","@id":"https:\/\/www.suno.com.br\/noticias\/#\/schema\/logo\/image\/","url":"https:\/\/files.sunoresearch.com.br\/n\/uploads\/2021\/09\/suno-logo.png","contentUrl":"https:\/\/files.sunoresearch.com.br\/n\/uploads\/2021\/09\/suno-logo.png","width":180,"height":180,"caption":"Suno Not\u00edcias"},"image":{"@id":"https:\/\/www.suno.com.br\/noticias\/#\/schema\/logo\/image\/"},"sameAs":["https:\/\/facebook.com\/sunoresearch","https:\/\/x.com\/sunoresearch","https:\/\/www.instagram.com\/suno","https:\/\/www.linkedin.com\/company\/suno-research\/","https:\/\/www.youtube.com\/c\/sunoresearch"]},{"@type":"Person","@id":"https:\/\/www.suno.com.br\/noticias\/#\/schema\/person\/d0f32748bbca4bee871fa191ee4e2d40","name":"Giovanni Porf\u00edrio Jacomino","image":{"@type":"ImageObject","inLanguage":"pt-BR","@id":"https:\/\/www.suno.com.br\/noticias\/#\/schema\/person\/image\/","url":"https:\/\/secure.gravatar.com\/avatar\/efb32e19b730a121cb7a80f41ffec01a?s=96&r=g","contentUrl":"https:\/\/secure.gravatar.com\/avatar\/efb32e19b730a121cb7a80f41ffec01a?s=96&r=g","caption":"Giovanni Porf\u00edrio Jacomino"},"description":"Giovanni Porf\u00edrio Jacomino \u00e9 jornalista formado pela Universidade Estadual de Londrina (UEL) e p\u00f3s-graduado em Produ\u00e7\u00e3o e Pr\u00e1ticas Jornal\u00edsticas na Contemporaneidade na Faculdade C\u00e1sper L\u00edbero (FCL). Foi editor web no Startupi e no Finsiders, atuando ainda como editor no TC Mover, portal de not\u00edcias da TradersClub, fazendo a cobertura de assuntos relacionados ao mercado financeiro interno e externo. Atualmente, \u00e9 Rep\u00f3rter do Suno Not\u00edcias.","url":"https:\/\/www.suno.com.br\/noticias\/author\/giovanni-porfiriosuno-com-br\/"}]}},"default_loop_html":"<div class=\"cardsPage__listCard__boxs\"><div class=\"cardsPage__listCard__boxs__img\"><a href=\"https:\/\/www.suno.com.br\/noticias\/americanas-amer3-detalha-trabalhos-comite-apura-fraudes-gpj\/\"><img class=\"mask\" src=\"https:\/\/www.suno.com.br\/noticias\/wp-content\/themes\/suno\/resources\/images\/spotlight\/spotlight1img\/bg-mask.png\" alt=\"Image Mask\"\/><img src=\"https:\/\/files.sunoresearch.com.br\/n\/uploads\/2023\/01\/americanas-logo-400x200.jpg\" alt=\"Americanas (AMER3) detalha trabalhos de comit\u00ea que apura fraudes na varejista\"\/><\/a><span class=\"spotlightCategory\"><a href=\"https:\/\/www.suno.com.br\/noticias\/negocios\/\">Neg\u00f3cios<\/a><\/span><\/div><div class=\"cardsPage__listCard__boxs__content\"><a href=\"https:\/\/www.suno.com.br\/noticias\/americanas-amer3-detalha-trabalhos-comite-apura-fraudes-gpj\/\"><h2 class=\"content__title\">Americanas (AMER3) detalha trabalhos de comit\u00ea que apura fraudes na varejista<\/h2><\/a><div class=\"newsContent__article__meta\"><div class=\"newsContent__article__meta__authorBox\"><a href=\"https:\/\/www.suno.com.br\/noticias\/author\/giovanni-porfiriosuno-com-br\/\" class=\"authorBox__avatar noMobi\"><img src=\"https:\/\/files.sunoresearch.com.br\/n\/uploads\/2024\/05\/DSCF4115-1-1-150x150.webp\" alt=\"Giovanni Porf\u00edrio Jacomino\"><\/a><div class=\"authorBox__name\"><span>por\n\t\t\t<a href=\"https:\/\/www.suno.com.br\/noticias\/author\/giovanni-porfiriosuno-com-br\/\"><span itemprop=\"author\">Giovanni Porf\u00edrio Jacomino<\/span><\/a><\/span><time datetime=\"2023-07-31T15:49:07-03:00\" itemprop=\"datePublished\">31\/07\/2023 15:49<\/time><\/div><\/div><\/div><\/div><\/div>","single_layout":"posts","amp_enabled":true,"_links":{"self":[{"href":"https:\/\/www.suno.com.br\/noticias\/wp-json\/wp\/v2\/posts\/435870"}],"collection":[{"href":"https:\/\/www.suno.com.br\/noticias\/wp-json\/wp\/v2\/posts"}],"about":[{"href":"https:\/\/www.suno.com.br\/noticias\/wp-json\/wp\/v2\/types\/post"}],"author":[{"embeddable":true,"href":"https:\/\/www.suno.com.br\/noticias\/wp-json\/wp\/v2\/users\/313"}],"replies":[{"embeddable":true,"href":"https:\/\/www.suno.com.br\/noticias\/wp-json\/wp\/v2\/comments?post=435870"}],"version-history":[{"count":2,"href":"https:\/\/www.suno.com.br\/noticias\/wp-json\/wp\/v2\/posts\/435870\/revisions"}],"predecessor-version":[{"id":435922,"href":"https:\/\/www.suno.com.br\/noticias\/wp-json\/wp\/v2\/posts\/435870\/revisions\/435922"}],"wp:featuredmedia":[{"embeddable":true,"href":"https:\/\/www.suno.com.br\/noticias\/wp-json\/wp\/v2\/media\/346148"}],"wp:attachment":[{"href":"https:\/\/www.suno.com.br\/noticias\/wp-json\/wp\/v2\/media?parent=435870"}],"wp:term":[{"taxonomy":"category","embeddable":true,"href":"https:\/\/www.suno.com.br\/noticias\/wp-json\/wp\/v2\/categories?post=435870"},{"taxonomy":"post_tag","embeddable":true,"href":"https:\/\/www.suno.com.br\/noticias\/wp-json\/wp\/v2\/tags?post=435870"},{"taxonomy":"suno_strategy","embeddable":true,"href":"https:\/\/www.suno.com.br\/noticias\/wp-json\/wp\/v2\/suno_strategy?post=435870"}],"curies":[{"name":"wp","href":"https:\/\/api.w.org\/{rel}","templated":true}]}}