{"id":435755,"date":"2023-07-31T12:38:33","date_gmt":"2023-07-31T15:38:33","guid":{"rendered":"https:\/\/www.suno.com.br\/noticias\/?p=435755"},"modified":"2023-07-31T12:38:38","modified_gmt":"2023-07-31T15:38:38","slug":"fed-aberto-mudar-planos-evm","status":"publish","type":"post","link":"https:\/\/www.suno.com.br\/noticias\/fed-aberto-mudar-planos-evm\/","title":{"rendered":"Fed est\u00e1 &#8216;aberto a ouvir dados&#8217; e pode mudar planos, diz Goolsbee"},"content":{"rendered":"<p>O presidente do <a href=\"https:\/\/www.federalreserve.gov\/\" target=\"_blank\" rel=\"noreferrer noopener\">Federal Reserve de Chicago<\/a>, ou <strong>Fed<\/strong> de Chicago, Austan Goolsbee, n\u00e3o quis se comprometer sobre os pr\u00f3ximos passos da institui\u00e7\u00e3o, e enfatizou que reagir\u00e1 aos indicadores. <\/p>\t<div class=\"wrapper-featured-image\">\n\t\t<figure class=\"spotlightImg\">\n\n\t\t\t<picture>\n\t\t\t\t<source media=\"(max-width: 768px)\" srcset=\"https:\/\/files.sunoresearch.com.br\/n\/uploads\/2023\/07\/Goolsbee-400x200.jpg\">\n\t\t\t\t<img loading=\"lazy\" decoding=\"async\" class=\"newsContent__article__imgCapa lazyloadDisabled \" src=\"https:\/\/files.sunoresearch.com.br\/n\/uploads\/2023\/07\/Goolsbee-800x450.jpg\" width=\"800\" height=\"450\" alt=\"Fed est\u00e1 &#8216;aberto a ouvir dados&#8217; e pode mudar planos, diz Goolsbee\" fetchpriority=high \/>\n\t\t\t<\/picture>\n\n\t\t\t<figcaption class=\"wp-caption-text wp-caption-text--show\">Austan Goolsbee, presidente do Fed Chicago - Foto: Divulga\u00e7\u00e3o\/Embaixada da Su\u00e9cia nos EUA<\/figcaption>\n\t\t<\/figure>\n\t<\/div>\n\n\n\n\n\n\t<p>\n\t\t<a href=\"https:\/\/lp.suno.com.br\/ebook-como-analisar-uma-acao\/\" target=\"_blank\" data-element=\"shortcode-suno-banner\" title=\"Banner SUNO, clique e saiba mais\">\n\t\t\t<picture>\n\t\t\t\t<source media=\"(max-width: 500px)\" srcset=\"https:\/\/files.sunoresearch.com.br\/n\/uploads\/2023\/03\/Ebook-Acoes-Mobile.jpg\">\n\t\t\t\t<img class=\"newsContent__article__imgCapa newsContent__article__imgCapa--banner\"\n\t\t\t\t\tsrc=\"https:\/\/files.sunoresearch.com.br\/n\/uploads\/2023\/03\/Ebook-Acoes-Desktop.jpg\"\n\t\t\t\t\tdata-promo-id=\"378302\"\t\t\t\t\t\t\t\t\t\twidth='1420' height='286'\t\t\t\t\talt=\"https:\/\/files.sunoresearch.com.br\/n\/uploads\/2023\/03\/Ebook-Acoes-Desktop.jpg\"\n\t\t\t\t>\n\t\t\t<\/picture>\n\t\t<\/a>\n\t<\/p>\n\n\n\n\n\n\n\n<p>Em entrevista ao Yahoo Finance nesta segunda-feira (31), <strong>Goolsbee<\/strong> disse que o Fed Chicago est\u00e1 &#8220;aberto a ouvir os dados&#8221;, e acrescentou que, caso mudem as condi\u00e7\u00f5es, est\u00e1 aberto a mudan\u00e7as nos planos.<\/p>\n\n\n\n<p>Com direito a voto nas decis\u00f5es de <strong><a class=\"suno-keyword\" data-force=\"no\" data-priority=\"1\" href=\"https:\/\/www.suno.com.br\/artigos\/politica-monetaria\/\" target=\"_blank\" rel=\"noopener\">pol\u00edtica monet\u00e1ria<\/a> <\/strong>neste ano, o dirigente qualificou como not\u00edcia &#8220;fabulosa&#8221; a desacelera\u00e7\u00e3o recente nos n\u00fameros do \u00edndice de pre\u00e7os de gastos com consumo (PCE, na sigla em ingl\u00eas), publicados na semana passada. <\/p>\n\n\n\n<p>Caso o Fed consiga conter a <strong><a href=\"https:\/\/www.suno.com.br\/noticias\/boletim-focus-selic-inflacao-confira-novas-projecoes-gpj\/\" target=\"_blank\" rel=\"noreferrer noopener\">infla\u00e7\u00e3o<\/a> <\/strong>e lev\u00e1-la \u00e0 meta de 2% sem causar uma recess\u00e3o ou grande alta no desemprego seria uma &#8220;grande vit\u00f3ria&#8221;, acrescentou. <\/p>\n\n\n\n<p>Ao mesmo tempo, lembrou que h\u00e1 &#8220;v\u00e1rios&#8221; outros dados importantes antes da pr\u00f3xima reuni\u00e3o, como leituras da infla\u00e7\u00e3o, por isso esperar\u00e1 para tomar suas decis\u00f5es. Nada est\u00e1 &#8220;fora de cogita\u00e7\u00e3o&#8221;, enfatizou.<\/p>\n\n\n\n<p>Goolsbee considerou que o Fed &#8220;parece estar indo muito bem&#8221; no ritmo do aperto monet\u00e1rio. Sobre a infla\u00e7\u00e3o, disse que tem havido &#8220;algum progresso&#8221; nos pre\u00e7os do setor de servi\u00e7os, os quais t\u00eam se mostrado mais resistentes. Ele mencionou o setor imobili\u00e1rio, e disse esperar queda nos pre\u00e7os desse segmento da economia, no quadro atual de juros mais altos.<\/p>\n\n\n\n<p>Sobre o setor banc\u00e1rio, disse que tem havido uma &#8220;estabiliza\u00e7\u00e3o&#8221; ap\u00f3s turbul\u00eancias mais cedo neste ano, com o dinheiro voltando aos dep\u00f3sitos, por exemplo. <\/p>\n\n\n\t<p>\n\t\t<a href=\"https:\/\/lp.suno.com.br\/ebook-gratuito-investindo-no-exterior\/\" target=\"_blank\" data-element=\"shortcode-suno-banner\" title=\"Banner SUNO, clique e saiba mais\">\n\t\t\t<picture>\n\t\t\t\t<source media=\"(max-width: 500px)\" srcset=\"https:\/\/files.sunoresearch.com.br\/n\/uploads\/2023\/03\/400x300-Investindo-no-exterior.png\">\n\t\t\t\t<img class=\"newsContent__article__imgCapa newsContent__article__imgCapa--banner\"\n\t\t\t\t\tsrc=\"https:\/\/files.sunoresearch.com.br\/n\/uploads\/2023\/03\/1420x240-Investindo-no-exterior.png\"\n\t\t\t\t\tdata-promo-id=\"383161\"\t\t\t\t\t\t\t\t\t\twidth='1420' height='240'\t\t\t\t\talt=\"https:\/\/files.sunoresearch.com.br\/n\/uploads\/2023\/03\/1420x240-Investindo-no-exterior.png\"\n\t\t\t\t>\n\t\t\t<\/picture>\n\t\t<\/a>\n\t<\/p>\n\n\n\n\n\n<p>O aperto monet\u00e1rio significa um aperto nas condi\u00e7\u00f5es de cr\u00e9dito, mas esse movimento tem ocorrido conforme esperado, considerou. <\/p>\n\n\n\n<h2 class=\"wp-block-heading\">Presidente do Fed Chicago evita coment\u00e1rios sobre decis\u00e3o regulat\u00f3ria<\/h2>\n\n\n\n<p><a href=\"https:\/\/www.suno.com.br\/noticias\/banco-do-brasil-queda-bancos-setor-bbas3-exterior-evm\/\" target=\"_blank\" rel=\"noreferrer noopener\">Perguntado sobre o relat\u00f3rio da semana passada do Fed com medidas potenciais para refor\u00e7ar a seguran\u00e7a do setor banc\u00e1rio<\/a>, ele n\u00e3o disse diretamente se apoia ou n\u00e3o a proposta espec\u00edfica, mas comentou que no ambiente de aperto monet\u00e1rio atual &#8220;\u00e9 importante&#8221; fortalecer o setor banc\u00e1rio.<\/p>\n\n\n\n<p>O presidente do <strong>Fed<\/strong> Chicago disse tamb\u00e9m que as expectativas de infla\u00e7\u00e3o seguem &#8220;ancoradas&#8221;, e minimizou um pouco a trajet\u00f3ria dos sal\u00e1rios como indicativo da infla\u00e7\u00e3o no <a class=\"suno-keyword\" data-force=\"no\" data-priority=\"1\" href=\"https:\/\/www.suno.com.br\/artigos\/curto-prazo\/\" target=\"_blank\" rel=\"noopener\">curto prazo<\/a>.<\/p>\n\n\n\n<p>Com Estad\u00e3o Conte\u00fado<\/p>\n\n\n\t<p>\n\t\t<a href=\"https:\/\/lp.suno.com.br\/planilha-da-vida-financeira\/\" target=\"_blank\" data-element=\"shortcode-suno-banner\" title=\"Banner SUNO, clique e saiba mais\">\n\t\t\t<picture>\n\t\t\t\t<source media=\"(max-width: 500px)\" srcset=\"https:\/\/files.sunoresearch.com.br\/n\/uploads\/2023\/04\/400x300-Planilha-vida-financeira-true.png\">\n\t\t\t\t<img class=\"newsContent__article__imgCapa newsContent__article__imgCapa--banner\"\n\t\t\t\t\tsrc=\"https:\/\/files.sunoresearch.com.br\/n\/uploads\/2023\/04\/1420x240-Planilha-vida-financeira-true.png\"\n\t\t\t\t\tdata-promo-id=\"383123\"\t\t\t\t\t\t\t\t\t\twidth='1420' height='240'\t\t\t\t\talt=\"https:\/\/files.sunoresearch.com.br\/n\/uploads\/2023\/04\/1420x240-Planilha-vida-financeira-true.png\"\n\t\t\t\t>\n\t\t\t<\/picture>\n\t\t<\/a>\n\t<\/p>\n\n\n","protected":false},"excerpt":{"rendered":"<p>O presidente do Federal Reserve de Chicago, ou Fed de Chicago, Austan Goolsbee, n\u00e3o quis se comprometer sobre os pr\u00f3ximos passos da institui\u00e7\u00e3o, e enfatizou que reagir\u00e1 aos indicadores. Austan Goolsbee, presidente do Fed Chicago &#8211; Foto: Divulga\u00e7\u00e3o\/Embaixada da Su\u00e9cia nos EUA Em entrevista ao Yahoo Finance nesta segunda-feira (31), Goolsbee disse que o Fed [&hellip;]<\/p>\n","protected":false},"author":73,"featured_media":435780,"comment_status":"closed","ping_status":"closed","sticky":false,"template":"","format":"standard","meta":[],"categories":[63],"tags":[106444,776],"suno_strategy":[],"class_list":["post-435755","post","type-post","status-publish","format-standard","has-post-thumbnail","hentry","category-internacional","tag-agencias","tag-federal-reseve-fed"],"yoast_head":"<!-- This site is optimized with the Yoast SEO plugin v24.4 - https:\/\/yoast.com\/wordpress\/plugins\/seo\/ -->\n<title>Fed est\u00e1 &#039;aberto a ouvir dados&#039; e pode mudar planos, diz Goolsbee<\/title>\n<meta name=\"description\" content=\"Gooolsbee disse que caso o Fed consiga conter a infla\u00e7\u00e3o e lev\u00e1-la \u00e0 meta de 2% sem causar uma recess\u00e3o seria uma &quot;grande vit\u00f3ria&quot;\" \/>\n<meta name=\"robots\" content=\"index, follow, max-snippet:-1, max-image-preview:large, max-video-preview:-1\" \/>\n<link rel=\"canonical\" href=\"https:\/\/www.suno.com.br\/noticias\/fed-aberto-mudar-planos-evm\/\" \/>\n<meta property=\"og:locale\" content=\"pt_BR\" \/>\n<meta property=\"og:type\" content=\"article\" \/>\n<meta property=\"og:title\" content=\"Fed est\u00e1 &#039;aberto a ouvir dados&#039; e pode mudar planos, diz Goolsbee\" \/>\n<meta property=\"og:description\" content=\"Gooolsbee disse que caso o Fed consiga conter a infla\u00e7\u00e3o e lev\u00e1-la \u00e0 meta de 2% sem causar uma recess\u00e3o seria uma &quot;grande vit\u00f3ria&quot;\" \/>\n<meta property=\"og:url\" content=\"https:\/\/www.suno.com.br\/noticias\/fed-aberto-mudar-planos-evm\/\" \/>\n<meta property=\"og:site_name\" content=\"Suno Not\u00edcias\" \/>\n<meta property=\"article:publisher\" content=\"https:\/\/facebook.com\/sunoresearch\" \/>\n<meta property=\"og:image\" content=\"https:\/\/files.sunoresearch.com.br\/n\/uploads\/2023\/07\/Goolsbee.jpg\" \/>\n\t<meta property=\"og:image:width\" content=\"2352\" \/>\n\t<meta property=\"og:image:height\" content=\"1568\" \/>\n\t<meta property=\"og:image:type\" content=\"image\/jpeg\" \/>\n<meta name=\"author\" content=\"Eduardo Vargas\" \/>\n<meta name=\"twitter:card\" content=\"summary_large_image\" \/>\n<meta name=\"twitter:creator\" content=\"@sunoresearch\" \/>\n<meta name=\"twitter:site\" content=\"@sunoresearch\" \/>\n<meta name=\"twitter:label1\" content=\"Escrito por\" \/>\n\t<meta name=\"twitter:data1\" content=\"Eduardo Vargas\" \/>\n\t<meta name=\"twitter:label2\" content=\"Est. tempo de leitura\" \/>\n\t<meta name=\"twitter:data2\" content=\"2 minutos\" \/>\n<script type=\"application\/ld+json\" class=\"yoast-schema-graph\">{\"@context\":\"https:\/\/schema.org\",\"@graph\":[{\"@type\":\"NewsArticle\",\"@id\":\"https:\/\/www.suno.com.br\/noticias\/fed-aberto-mudar-planos-evm\/#article\",\"isPartOf\":{\"@id\":\"https:\/\/www.suno.com.br\/noticias\/fed-aberto-mudar-planos-evm\/\"},\"author\":{\"name\":\"Eduardo Vargas\",\"@id\":\"https:\/\/www.suno.com.br\/noticias\/#\/schema\/person\/7f4d362bf3518e76090143ae77bb49a5\"},\"headline\":\"Fed est\u00e1 &#8216;aberto a ouvir dados&#8217; e pode mudar planos, diz Goolsbee\",\"datePublished\":\"2023-07-31T15:38:33+00:00\",\"dateModified\":\"2023-07-31T15:38:38+00:00\",\"mainEntityOfPage\":{\"@id\":\"https:\/\/www.suno.com.br\/noticias\/fed-aberto-mudar-planos-evm\/\"},\"wordCount\":420,\"publisher\":{\"@id\":\"https:\/\/www.suno.com.br\/noticias\/#organization\"},\"image\":{\"@id\":\"https:\/\/www.suno.com.br\/noticias\/fed-aberto-mudar-planos-evm\/#primaryimage\"},\"thumbnailUrl\":\"https:\/\/files.sunoresearch.com.br\/n\/uploads\/2023\/07\/Goolsbee.jpg\",\"keywords\":[\"Ag\u00eancias\",\"Federal Reserve (FED)\"],\"articleSection\":[\"Internacional\"],\"inLanguage\":\"pt-BR\"},{\"@type\":\"WebPage\",\"@id\":\"https:\/\/www.suno.com.br\/noticias\/fed-aberto-mudar-planos-evm\/\",\"url\":\"https:\/\/www.suno.com.br\/noticias\/fed-aberto-mudar-planos-evm\/\",\"name\":\"Fed est\u00e1 'aberto a ouvir dados' e pode mudar planos, diz Goolsbee\",\"isPartOf\":{\"@id\":\"https:\/\/www.suno.com.br\/noticias\/#website\"},\"primaryImageOfPage\":{\"@id\":\"https:\/\/www.suno.com.br\/noticias\/fed-aberto-mudar-planos-evm\/#primaryimage\"},\"image\":{\"@id\":\"https:\/\/www.suno.com.br\/noticias\/fed-aberto-mudar-planos-evm\/#primaryimage\"},\"thumbnailUrl\":\"https:\/\/files.sunoresearch.com.br\/n\/uploads\/2023\/07\/Goolsbee.jpg\",\"datePublished\":\"2023-07-31T15:38:33+00:00\",\"dateModified\":\"2023-07-31T15:38:38+00:00\",\"description\":\"Gooolsbee disse que caso o Fed consiga conter a infla\u00e7\u00e3o e lev\u00e1-la \u00e0 meta de 2% sem causar uma recess\u00e3o seria uma \\\"grande vit\u00f3ria\\\"\",\"breadcrumb\":{\"@id\":\"https:\/\/www.suno.com.br\/noticias\/fed-aberto-mudar-planos-evm\/#breadcrumb\"},\"inLanguage\":\"pt-BR\",\"potentialAction\":[{\"@type\":\"ReadAction\",\"target\":[\"https:\/\/www.suno.com.br\/noticias\/fed-aberto-mudar-planos-evm\/\"]}]},{\"@type\":\"ImageObject\",\"inLanguage\":\"pt-BR\",\"@id\":\"https:\/\/www.suno.com.br\/noticias\/fed-aberto-mudar-planos-evm\/#primaryimage\",\"url\":\"https:\/\/files.sunoresearch.com.br\/n\/uploads\/2023\/07\/Goolsbee.jpg\",\"contentUrl\":\"https:\/\/files.sunoresearch.com.br\/n\/uploads\/2023\/07\/Goolsbee.jpg\",\"width\":2352,\"height\":1568,\"caption\":\"Austan Goolsbee, presidente do Fed Chicago - Foto: Divulga\u00e7\u00e3o\/Embaixada da Su\u00e9cia nos EUA\"},{\"@type\":\"BreadcrumbList\",\"@id\":\"https:\/\/www.suno.com.br\/noticias\/fed-aberto-mudar-planos-evm\/#breadcrumb\",\"itemListElement\":[{\"@type\":\"ListItem\",\"position\":1,\"name\":\"Not\u00edcias\",\"item\":\"https:\/\/www.suno.com.br\/noticias\/\"},{\"@type\":\"ListItem\",\"position\":2,\"name\":\"Internacional\",\"item\":\"https:\/\/www.suno.com.br\/noticias\/internacional\/\"},{\"@type\":\"ListItem\",\"position\":3,\"name\":\"Fed est\u00e1 &#8216;aberto a ouvir dados&#8217; e pode mudar planos, diz Goolsbee\"}]},{\"@type\":\"WebSite\",\"@id\":\"https:\/\/www.suno.com.br\/noticias\/#website\",\"url\":\"https:\/\/www.suno.com.br\/noticias\/\",\"name\":\"Suno Not\u00edcias\",\"description\":\"Seu portal de informa\u00e7\u00e3o sobre o mundo dos investimentos\",\"publisher\":{\"@id\":\"https:\/\/www.suno.com.br\/noticias\/#organization\"},\"potentialAction\":[{\"@type\":\"SearchAction\",\"target\":{\"@type\":\"EntryPoint\",\"urlTemplate\":\"https:\/\/www.suno.com.br\/noticias\/?s={search_term_string}\"},\"query-input\":{\"@type\":\"PropertyValueSpecification\",\"valueRequired\":true,\"valueName\":\"search_term_string\"}}],\"inLanguage\":\"pt-BR\"},{\"@type\":\"Organization\",\"@id\":\"https:\/\/www.suno.com.br\/noticias\/#organization\",\"name\":\"Suno Not\u00edcias\",\"url\":\"https:\/\/www.suno.com.br\/noticias\/\",\"logo\":{\"@type\":\"ImageObject\",\"inLanguage\":\"pt-BR\",\"@id\":\"https:\/\/www.suno.com.br\/noticias\/#\/schema\/logo\/image\/\",\"url\":\"https:\/\/files.sunoresearch.com.br\/n\/uploads\/2021\/09\/suno-logo.png\",\"contentUrl\":\"https:\/\/files.sunoresearch.com.br\/n\/uploads\/2021\/09\/suno-logo.png\",\"width\":180,\"height\":180,\"caption\":\"Suno Not\u00edcias\"},\"image\":{\"@id\":\"https:\/\/www.suno.com.br\/noticias\/#\/schema\/logo\/image\/\"},\"sameAs\":[\"https:\/\/facebook.com\/sunoresearch\",\"https:\/\/x.com\/sunoresearch\",\"https:\/\/www.instagram.com\/suno\",\"https:\/\/www.linkedin.com\/company\/suno-research\/\",\"https:\/\/www.youtube.com\/c\/sunoresearch\"]},{\"@type\":\"Person\",\"@id\":\"https:\/\/www.suno.com.br\/noticias\/#\/schema\/person\/7f4d362bf3518e76090143ae77bb49a5\",\"name\":\"Eduardo Vargas\",\"image\":{\"@type\":\"ImageObject\",\"inLanguage\":\"pt-BR\",\"@id\":\"https:\/\/www.suno.com.br\/noticias\/#\/schema\/person\/image\/\",\"url\":\"https:\/\/secure.gravatar.com\/avatar\/dac340933427a22924c9f99d1eb2e3f2?s=96&r=g\",\"contentUrl\":\"https:\/\/secure.gravatar.com\/avatar\/dac340933427a22924c9f99d1eb2e3f2?s=96&r=g\",\"caption\":\"Eduardo Vargas\"},\"description\":\"Jornalista formado pela UFSC, cobre macroeconomia, neg\u00f3cios e startups para o Suno Not\u00edcias, escrevendo principalmente not\u00edcias sobre o mercado financeiro e a bolsa de valores. No YouTube e no Instagram, \u00e9 respons\u00e1vel pela produ\u00e7\u00e3o de Reels e Shorts do Suno Not\u00edcias. Anteriormente, trabalhou cobrindo economia e cotidiano no ND+ e para o ND, maior jornal impresso de Santa Catarina. Cursou um semestre letivo de Estudos de M\u00eddia na Universidad de Buenos Aires.\",\"url\":\"https:\/\/www.suno.com.br\/noticias\/author\/eduardo-vargas\/\"}]}<\/script>\n<!-- \/ Yoast SEO plugin. -->","yoast_head_json":{"title":"Fed est\u00e1 'aberto a ouvir dados' e pode mudar planos, diz Goolsbee","description":"Gooolsbee disse que caso o Fed consiga conter a infla\u00e7\u00e3o e lev\u00e1-la \u00e0 meta de 2% sem causar uma recess\u00e3o seria uma \"grande vit\u00f3ria\"","robots":{"index":"index","follow":"follow","max-snippet":"max-snippet:-1","max-image-preview":"max-image-preview:large","max-video-preview":"max-video-preview:-1"},"canonical":"https:\/\/www.suno.com.br\/noticias\/fed-aberto-mudar-planos-evm\/","og_locale":"pt_BR","og_type":"article","og_title":"Fed est\u00e1 'aberto a ouvir dados' e pode mudar planos, diz Goolsbee","og_description":"Gooolsbee disse que caso o Fed consiga conter a infla\u00e7\u00e3o e lev\u00e1-la \u00e0 meta de 2% sem causar uma recess\u00e3o seria uma \"grande vit\u00f3ria\"","og_url":"https:\/\/www.suno.com.br\/noticias\/fed-aberto-mudar-planos-evm\/","og_site_name":"Suno Not\u00edcias","article_publisher":"https:\/\/facebook.com\/sunoresearch","og_image":[{"width":2352,"height":1568,"url":"https:\/\/files.sunoresearch.com.br\/n\/uploads\/2023\/07\/Goolsbee.jpg","type":"image\/jpeg"}],"author":"Eduardo Vargas","twitter_card":"summary_large_image","twitter_creator":"@sunoresearch","twitter_site":"@sunoresearch","twitter_misc":{"Escrito por":"Eduardo Vargas","Est. tempo de leitura":"2 minutos"},"schema":{"@context":"https:\/\/schema.org","@graph":[{"@type":"NewsArticle","@id":"https:\/\/www.suno.com.br\/noticias\/fed-aberto-mudar-planos-evm\/#article","isPartOf":{"@id":"https:\/\/www.suno.com.br\/noticias\/fed-aberto-mudar-planos-evm\/"},"author":{"name":"Eduardo Vargas","@id":"https:\/\/www.suno.com.br\/noticias\/#\/schema\/person\/7f4d362bf3518e76090143ae77bb49a5"},"headline":"Fed est\u00e1 &#8216;aberto a ouvir dados&#8217; e pode mudar planos, diz Goolsbee","datePublished":"2023-07-31T15:38:33+00:00","dateModified":"2023-07-31T15:38:38+00:00","mainEntityOfPage":{"@id":"https:\/\/www.suno.com.br\/noticias\/fed-aberto-mudar-planos-evm\/"},"wordCount":420,"publisher":{"@id":"https:\/\/www.suno.com.br\/noticias\/#organization"},"image":{"@id":"https:\/\/www.suno.com.br\/noticias\/fed-aberto-mudar-planos-evm\/#primaryimage"},"thumbnailUrl":"https:\/\/files.sunoresearch.com.br\/n\/uploads\/2023\/07\/Goolsbee.jpg","keywords":["Ag\u00eancias","Federal Reserve (FED)"],"articleSection":["Internacional"],"inLanguage":"pt-BR"},{"@type":"WebPage","@id":"https:\/\/www.suno.com.br\/noticias\/fed-aberto-mudar-planos-evm\/","url":"https:\/\/www.suno.com.br\/noticias\/fed-aberto-mudar-planos-evm\/","name":"Fed est\u00e1 'aberto a ouvir dados' e pode mudar planos, diz Goolsbee","isPartOf":{"@id":"https:\/\/www.suno.com.br\/noticias\/#website"},"primaryImageOfPage":{"@id":"https:\/\/www.suno.com.br\/noticias\/fed-aberto-mudar-planos-evm\/#primaryimage"},"image":{"@id":"https:\/\/www.suno.com.br\/noticias\/fed-aberto-mudar-planos-evm\/#primaryimage"},"thumbnailUrl":"https:\/\/files.sunoresearch.com.br\/n\/uploads\/2023\/07\/Goolsbee.jpg","datePublished":"2023-07-31T15:38:33+00:00","dateModified":"2023-07-31T15:38:38+00:00","description":"Gooolsbee disse que caso o Fed consiga conter a infla\u00e7\u00e3o e lev\u00e1-la \u00e0 meta de 2% sem causar uma recess\u00e3o seria uma \"grande vit\u00f3ria\"","breadcrumb":{"@id":"https:\/\/www.suno.com.br\/noticias\/fed-aberto-mudar-planos-evm\/#breadcrumb"},"inLanguage":"pt-BR","potentialAction":[{"@type":"ReadAction","target":["https:\/\/www.suno.com.br\/noticias\/fed-aberto-mudar-planos-evm\/"]}]},{"@type":"ImageObject","inLanguage":"pt-BR","@id":"https:\/\/www.suno.com.br\/noticias\/fed-aberto-mudar-planos-evm\/#primaryimage","url":"https:\/\/files.sunoresearch.com.br\/n\/uploads\/2023\/07\/Goolsbee.jpg","contentUrl":"https:\/\/files.sunoresearch.com.br\/n\/uploads\/2023\/07\/Goolsbee.jpg","width":2352,"height":1568,"caption":"Austan Goolsbee, presidente do Fed Chicago - Foto: Divulga\u00e7\u00e3o\/Embaixada da Su\u00e9cia nos EUA"},{"@type":"BreadcrumbList","@id":"https:\/\/www.suno.com.br\/noticias\/fed-aberto-mudar-planos-evm\/#breadcrumb","itemListElement":[{"@type":"ListItem","position":1,"name":"Not\u00edcias","item":"https:\/\/www.suno.com.br\/noticias\/"},{"@type":"ListItem","position":2,"name":"Internacional","item":"https:\/\/www.suno.com.br\/noticias\/internacional\/"},{"@type":"ListItem","position":3,"name":"Fed est\u00e1 &#8216;aberto a ouvir dados&#8217; e pode mudar planos, diz Goolsbee"}]},{"@type":"WebSite","@id":"https:\/\/www.suno.com.br\/noticias\/#website","url":"https:\/\/www.suno.com.br\/noticias\/","name":"Suno Not\u00edcias","description":"Seu portal de informa\u00e7\u00e3o sobre o mundo dos investimentos","publisher":{"@id":"https:\/\/www.suno.com.br\/noticias\/#organization"},"potentialAction":[{"@type":"SearchAction","target":{"@type":"EntryPoint","urlTemplate":"https:\/\/www.suno.com.br\/noticias\/?s={search_term_string}"},"query-input":{"@type":"PropertyValueSpecification","valueRequired":true,"valueName":"search_term_string"}}],"inLanguage":"pt-BR"},{"@type":"Organization","@id":"https:\/\/www.suno.com.br\/noticias\/#organization","name":"Suno Not\u00edcias","url":"https:\/\/www.suno.com.br\/noticias\/","logo":{"@type":"ImageObject","inLanguage":"pt-BR","@id":"https:\/\/www.suno.com.br\/noticias\/#\/schema\/logo\/image\/","url":"https:\/\/files.sunoresearch.com.br\/n\/uploads\/2021\/09\/suno-logo.png","contentUrl":"https:\/\/files.sunoresearch.com.br\/n\/uploads\/2021\/09\/suno-logo.png","width":180,"height":180,"caption":"Suno Not\u00edcias"},"image":{"@id":"https:\/\/www.suno.com.br\/noticias\/#\/schema\/logo\/image\/"},"sameAs":["https:\/\/facebook.com\/sunoresearch","https:\/\/x.com\/sunoresearch","https:\/\/www.instagram.com\/suno","https:\/\/www.linkedin.com\/company\/suno-research\/","https:\/\/www.youtube.com\/c\/sunoresearch"]},{"@type":"Person","@id":"https:\/\/www.suno.com.br\/noticias\/#\/schema\/person\/7f4d362bf3518e76090143ae77bb49a5","name":"Eduardo Vargas","image":{"@type":"ImageObject","inLanguage":"pt-BR","@id":"https:\/\/www.suno.com.br\/noticias\/#\/schema\/person\/image\/","url":"https:\/\/secure.gravatar.com\/avatar\/dac340933427a22924c9f99d1eb2e3f2?s=96&r=g","contentUrl":"https:\/\/secure.gravatar.com\/avatar\/dac340933427a22924c9f99d1eb2e3f2?s=96&r=g","caption":"Eduardo Vargas"},"description":"Jornalista formado pela UFSC, cobre macroeconomia, neg\u00f3cios e startups para o Suno Not\u00edcias, escrevendo principalmente not\u00edcias sobre o mercado financeiro e a bolsa de valores. No YouTube e no Instagram, \u00e9 respons\u00e1vel pela produ\u00e7\u00e3o de Reels e Shorts do Suno Not\u00edcias. Anteriormente, trabalhou cobrindo economia e cotidiano no ND+ e para o ND, maior jornal impresso de Santa Catarina. Cursou um semestre letivo de Estudos de M\u00eddia na Universidad de Buenos Aires.","url":"https:\/\/www.suno.com.br\/noticias\/author\/eduardo-vargas\/"}]}},"default_loop_html":"<div class=\"cardsPage__listCard__boxs\"><div class=\"cardsPage__listCard__boxs__img\"><a href=\"https:\/\/www.suno.com.br\/noticias\/fed-aberto-mudar-planos-evm\/\"><img class=\"mask\" src=\"https:\/\/www.suno.com.br\/noticias\/wp-content\/themes\/suno\/resources\/images\/spotlight\/spotlight1img\/bg-mask.png\" alt=\"Image Mask\"\/><img src=\"https:\/\/files.sunoresearch.com.br\/n\/uploads\/2023\/07\/Goolsbee-400x200.jpg\" alt=\"Fed est\u00e1 &#8216;aberto a ouvir dados&#8217; e pode mudar planos, diz Goolsbee\"\/><\/a><span class=\"spotlightCategory\"><a href=\"https:\/\/www.suno.com.br\/noticias\/internacional\/\">Internacional<\/a><\/span><\/div><div class=\"cardsPage__listCard__boxs__content\"><a href=\"https:\/\/www.suno.com.br\/noticias\/fed-aberto-mudar-planos-evm\/\"><h2 class=\"content__title\">Fed est\u00e1 &#8216;aberto a ouvir dados&#8217; e pode mudar planos, diz Goolsbee<\/h2><\/a><div class=\"newsContent__article__meta\"><div class=\"newsContent__article__meta__authorBox\"><a href=\"https:\/\/www.suno.com.br\/noticias\/author\/eduardo-vargas\/\" class=\"authorBox__avatar noMobi\"><img src=\"https:\/\/secure.gravatar.com\/avatar\/dac340933427a22924c9f99d1eb2e3f2?s=96&#038;r=g\" alt=\"Eduardo Vargas\"><\/a><div class=\"authorBox__name\"><span>por\n\t\t\t<a href=\"https:\/\/www.suno.com.br\/noticias\/author\/eduardo-vargas\/\"><span itemprop=\"author\">Eduardo Vargas<\/span><\/a><\/span><time datetime=\"2023-07-31T12:38:33-03:00\" itemprop=\"datePublished\">31\/07\/2023 12:38<\/time><\/div><\/div><\/div><\/div><\/div>","single_layout":"posts","amp_enabled":true,"_links":{"self":[{"href":"https:\/\/www.suno.com.br\/noticias\/wp-json\/wp\/v2\/posts\/435755"}],"collection":[{"href":"https:\/\/www.suno.com.br\/noticias\/wp-json\/wp\/v2\/posts"}],"about":[{"href":"https:\/\/www.suno.com.br\/noticias\/wp-json\/wp\/v2\/types\/post"}],"author":[{"embeddable":true,"href":"https:\/\/www.suno.com.br\/noticias\/wp-json\/wp\/v2\/users\/73"}],"replies":[{"embeddable":true,"href":"https:\/\/www.suno.com.br\/noticias\/wp-json\/wp\/v2\/comments?post=435755"}],"version-history":[{"count":3,"href":"https:\/\/www.suno.com.br\/noticias\/wp-json\/wp\/v2\/posts\/435755\/revisions"}],"predecessor-version":[{"id":435787,"href":"https:\/\/www.suno.com.br\/noticias\/wp-json\/wp\/v2\/posts\/435755\/revisions\/435787"}],"wp:featuredmedia":[{"embeddable":true,"href":"https:\/\/www.suno.com.br\/noticias\/wp-json\/wp\/v2\/media\/435780"}],"wp:attachment":[{"href":"https:\/\/www.suno.com.br\/noticias\/wp-json\/wp\/v2\/media?parent=435755"}],"wp:term":[{"taxonomy":"category","embeddable":true,"href":"https:\/\/www.suno.com.br\/noticias\/wp-json\/wp\/v2\/categories?post=435755"},{"taxonomy":"post_tag","embeddable":true,"href":"https:\/\/www.suno.com.br\/noticias\/wp-json\/wp\/v2\/tags?post=435755"},{"taxonomy":"suno_strategy","embeddable":true,"href":"https:\/\/www.suno.com.br\/noticias\/wp-json\/wp\/v2\/suno_strategy?post=435755"}],"curies":[{"name":"wp","href":"https:\/\/api.w.org\/{rel}","templated":true}]}}