{"id":43553,"date":"2019-11-04T11:43:42","date_gmt":"2019-11-04T13:43:42","guid":{"rendered":"https:\/\/www.suno.com.br\/noticias\/?p=43553"},"modified":"2019-11-06T12:46:12","modified_gmt":"2019-11-06T14:46:12","slug":"atividade-industrial-zona-do-euro-retracao-outubro","status":"publish","type":"post","link":"https:\/\/www.suno.com.br\/noticias\/atividade-industrial-zona-do-euro-retracao-outubro\/","title":{"rendered":"Atividade industrial da zona do euro continua retra\u00edda em outubro"},"content":{"rendered":"<p>A <a href=\"https:\/\/www.suno.com.br\/artigos\/a-guerra-comercial\/\"><strong>guerra comercial<\/strong><\/a> e a indefini\u00e7\u00e3o sobre o <strong>Brexit<\/strong> continuam afetando a atividade fabril da zona do euro. A pesquisa da <strong>IHS\/Markit<\/strong>, divulgada nesta segunda-feira (4), mostra que a atividade industrial contraiu-se em outubro.<\/p>\t<div class=\"wrapper-featured-image\">\n\t\t<figure class=\"spotlightImg\">\n\n\t\t\t<picture>\n\t\t\t\t<source media=\"(max-width: 768px)\" srcset=\"https:\/\/files.sunoresearch.com.br\/n\/uploads\/2019\/09\/b26679a2-atividade-industrial-400x200.webp\">\n\t\t\t\t<img loading=\"lazy\" decoding=\"async\" class=\"newsContent__article__imgCapa lazyloadDisabled newsContent__article__imgCapa--noCaption\" src=\"https:\/\/files.sunoresearch.com.br\/n\/uploads\/2019\/09\/b26679a2-atividade-industrial-800x450.webp\" width=\"800\" height=\"450\" alt=\"Atividade industrial da zona do euro continua retra\u00edda em outubro\" fetchpriority=high \/>\n\t\t\t<\/picture>\n\n\t\t\t<figcaption class=\"wp-caption-text wp-caption-text--hide\">Veja como a ind\u00fastria se adaptou para suprir demanda frente a pandemia<\/figcaption>\n\t\t<\/figure>\n\t<\/div>\n\n\n\n<p>O \u00cdndice final de Gerentes de Compras (PMI, na sigla em ingl\u00eas) de manufatura da IHS Markit da <a href=\"https:\/\/www.suno.com.br\/artigos\/zona-do-euro\/\"><strong>zona do euro<\/strong><\/a> em outubro foi elevado para 45,9, o menor patamar desde 2012. Em setembro foi de 45,7.<\/p>\n<p>Al\u00e9m disso, este foi o nono m\u00eas que o PMI permaneceu abaixo da marca de 50,00, patamar que separa a contra\u00e7\u00e3o e o crescimento da atividade do setor.<\/p>\n<p>&#8220;A manufatura da zona do euro permaneceu paralisada em seu decl\u00ednio mais acentuado nos \u00faltimos sete anos em outubro, o que significa que o setor de produ\u00e7\u00e3o de mercadorias est\u00e1 prestes a agir como um forte obst\u00e1culo ao PIB novamente no quarto trimestre&#8221;, afirmou o economista-chefe da IHS Markit, Chris Williamson.<\/p>\n<p><a href=\"https:\/\/www.suno.com.br\/noticias\/arabia-saudita-ipo-saudi-aramco-novembro\/\">Saiba mais: Ar\u00e1bia Saudita anuncia IPO da Saudi Aramco<\/a><\/p>\n<p>Segundo o instituto, &#8220;as preocupa\u00e7\u00f5es geopol\u00edticas, que v\u00e3o do <strong>Brexit<\/strong> \u00e0 pol\u00edtica comercial dos EUA, continuam a criar incertezas, diminuindo ainda mais a demanda tanto no mercado interno quanto no mercado de exporta\u00e7\u00e3o&#8221;.<\/p>\n<p>Al\u00e9m disso, outros indicadores da pesquisa demonstram que esse panorama dever\u00e1 permanecer desta forma por mais algum tempo, sem nenhuma reviravolta, embora as f\u00e1bricas terem reduzido seus pre\u00e7os pelo quarto m\u00eas em outubro.<\/p>\n<h2>Ind\u00fastria da zona do euro continua sem crescer<\/h2>\n<p>Na <strong>Alemanha<\/strong>, maior economia da <strong><a href=\"https:\/\/www.suno.com.br\/artigos\/uniao-europeia\/\">Uni\u00e3o Europeia (UE)<\/a><\/strong>, o PMI da IHS Markit para manufatura subiu para 42,1 no m\u00eas passado, ante 41,7 em setembro. Dessa forma, o indicador ainda permanece consideravelmente abaixo da marca de 50,0.<\/p>\n\t<p>\n\t\t<a href=\"https:\/\/lp.suno.com.br\/ao\/servico-especializado-suno-tf\/?utm_source=adwords&#038;utm_medium=search&#038;utm_campaign=search.servico.funilconsultoria&#038;utm_content=1147_responsivo-a&#038;hsa_acc=2326072784&#038;hsa_cam=18022897917&#038;hsa_grp=141470255993&#038;hsa_ad=616145467912&#038;hsa_src=g&#038;hsa_tgt=kwd-303658942458&#038;hsa_kw=gestora+de+investimentos&#038;hsa_mt=b&#038;hsa_net=adwords&#038;hsa_ver=3&#038;gad_source=1&#038;gclid=CjwKCAjw1emzBhB8EiwAHwZZxQMvA3xJVRzLGZ70LmuSzR55X-KvxijSay8c5Hm88Sznnq97j8XbORoC-sMQAvD_BwE\" target=\"_blank\" data-element=\"shortcode-suno-banner\" title=\"Banner SUNO, clique e saiba mais\">\n\t\t\t<picture>\n\t\t\t\t<source media=\"(max-width: 500px)\" srcset=\"https:\/\/files.sunoresearch.com.br\/n\/uploads\/2024\/06\/400x300-Mobile-Artigos-4-1.png\">\n\t\t\t\t<img class=\"newsContent__article__imgCapa newsContent__article__imgCapa--banner\"\n\t\t\t\t\tsrc=\"https:\/\/files.sunoresearch.com.br\/n\/uploads\/2024\/06\/1420x240-Banner-Artigos-1-_-Banner-Materias-2-1.png\"\n\t\t\t\t\tdata-promo-id=\"563609\"\t\t\t\t\t\t\t\t\t\twidth='1420' height='240'\t\t\t\t\talt=\"https:\/\/files.sunoresearch.com.br\/n\/uploads\/2024\/06\/1420x240-Banner-Artigos-1-_-Banner-Materias-2-1.png\"\n\t\t\t\t>\n\t\t\t<\/picture>\n\t\t<\/a>\n\t<\/p>\n\n\n<p>A pesquisa mostrou-se um pouco melhor do que o estudo inicial publicado no m\u00eas passado, mas ainda \u00e9 o segundo pior resultado desde junho de 2009. Os economistas ouvidos pelo \u201cThe Wall Street Journal\u201d esperavam aproximadamente 41,9.<\/p>\n<p>De acordo com o economista Phil Smith, da IHS Markit, a cont\u00ednua <strong>recess\u00e3o<\/strong> na ind\u00fastria alem\u00e3 significa uma amea\u00e7a crescente \u00e0 economia dom\u00e9stica, \u00e0 medida que as f\u00e1bricas cortam mais empregos.<\/p>\n<p>&#8220;Resta ver se a desacelera\u00e7\u00e3o da fabrica\u00e7\u00e3o alem\u00e3 finalmente chegou ao um ponto mais profundo&#8221;, afirmou Smith, salientando que o decorrer da economia europeia depende de o governo norte-americano decidir, em meados deste m\u00eas, impor novas tarifas sobre as importa\u00e7\u00f5es de autom\u00f3veis oriundos da <strong>UE<\/strong>.<\/p>\n<p><a href=\"https:\/\/www.suno.com.br\/noticias\/omc-china-tarifas-alfandegarias-eua\/\">Confira: OMC autoriza China a impor tarifas alfandeg\u00e1rias contra os EUA<\/a><\/p>\n<p>Em outros pontos da <strong>zona do euro<\/strong>, o <strong>PMI<\/strong> mostrou-se inst\u00e1vel. Na Fran\u00e7a, o indicador industrial passou de 50,1 para 50,7. Na Espanha passou de 47,7 para 46,8, enquanto na It\u00e1lia caiu de 47,8 para 47,7.<\/p>\n","protected":false},"excerpt":{"rendered":"<p>A guerra comercial e a indefini\u00e7\u00e3o sobre o Brexit continuam afetando a atividade fabril da zona do euro. A pesquisa da IHS\/Markit, divulgada nesta segunda-feira (4), mostra que a atividade industrial contraiu-se em outubro. Veja como a ind\u00fastria se adaptou para suprir demanda frente a pandemia O \u00cdndice final de Gerentes de Compras (PMI, na [&hellip;]<\/p>\n","protected":false},"author":24,"featured_media":38515,"comment_status":"closed","ping_status":"closed","sticky":false,"template":"","format":"standard","meta":[],"categories":[63],"tags":[753,731,991],"suno_strategy":[],"class_list":["post-43553","post","type-post","status-publish","format-standard","has-post-thumbnail","hentry","category-internacional","tag-brexit","tag-uniao-europeia","tag-zona-do-euro"],"yoast_head":"<!-- This site is optimized with the Yoast SEO plugin v24.4 - https:\/\/yoast.com\/wordpress\/plugins\/seo\/ -->\n<title>Atividade industrial da zona do euro continua retra\u00edda em outubro<\/title>\n<meta name=\"description\" content=\"A guerra comercial e a indefini\u00e7\u00e3o sobre o Brexit continuam afetando a atividade fabril da zona do euro. Clique aqui e saiba mais.\" \/>\n<meta name=\"robots\" content=\"index, follow, max-snippet:-1, max-image-preview:large, max-video-preview:-1\" \/>\n<link rel=\"canonical\" href=\"https:\/\/www.suno.com.br\/noticias\/atividade-industrial-zona-do-euro-retracao-outubro\/\" \/>\n<meta property=\"og:locale\" content=\"pt_BR\" \/>\n<meta property=\"og:type\" content=\"article\" \/>\n<meta property=\"og:title\" content=\"Atividade industrial da zona do euro continua retra\u00edda em outubro\" \/>\n<meta property=\"og:description\" content=\"A guerra comercial e a indefini\u00e7\u00e3o sobre o Brexit continuam afetando a atividade fabril da zona do euro. Clique aqui e saiba mais.\" \/>\n<meta property=\"og:url\" content=\"https:\/\/www.suno.com.br\/noticias\/atividade-industrial-zona-do-euro-retracao-outubro\/\" \/>\n<meta property=\"og:site_name\" content=\"Suno Not\u00edcias\" \/>\n<meta property=\"article:publisher\" content=\"https:\/\/facebook.com\/sunoresearch\" \/>\n<meta property=\"og:image\" content=\"https:\/\/files.sunoresearch.com.br\/n\/uploads\/2019\/09\/b26679a2-atividade-industrial.jpg\" \/>\n\t<meta property=\"og:image:width\" content=\"1440\" \/>\n\t<meta property=\"og:image:height\" content=\"810\" \/>\n\t<meta property=\"og:image:type\" content=\"image\/jpeg\" \/>\n<meta name=\"author\" content=\"Jader Lazarini\" \/>\n<meta name=\"twitter:card\" content=\"summary_large_image\" \/>\n<meta name=\"twitter:creator\" content=\"@sunoresearch\" \/>\n<meta name=\"twitter:site\" content=\"@sunoresearch\" \/>\n<meta name=\"twitter:label1\" content=\"Escrito por\" \/>\n\t<meta name=\"twitter:data1\" content=\"Jader Lazarini\" \/>\n\t<meta name=\"twitter:label2\" content=\"Est. tempo de leitura\" \/>\n\t<meta name=\"twitter:data2\" content=\"2 minutos\" \/>\n<script type=\"application\/ld+json\" class=\"yoast-schema-graph\">{\"@context\":\"https:\/\/schema.org\",\"@graph\":[{\"@type\":\"NewsArticle\",\"@id\":\"https:\/\/www.suno.com.br\/noticias\/atividade-industrial-zona-do-euro-retracao-outubro\/#article\",\"isPartOf\":{\"@id\":\"https:\/\/www.suno.com.br\/noticias\/atividade-industrial-zona-do-euro-retracao-outubro\/\"},\"author\":{\"name\":\"Jader Lazarini\",\"@id\":\"https:\/\/www.suno.com.br\/noticias\/#\/schema\/person\/918d79de1f0281f01599b93f9ea6e23f\"},\"headline\":\"Atividade industrial da zona do euro continua retra\u00edda em outubro\",\"datePublished\":\"2019-11-04T13:43:42+00:00\",\"dateModified\":\"2019-11-06T14:46:12+00:00\",\"mainEntityOfPage\":{\"@id\":\"https:\/\/www.suno.com.br\/noticias\/atividade-industrial-zona-do-euro-retracao-outubro\/\"},\"wordCount\":464,\"publisher\":{\"@id\":\"https:\/\/www.suno.com.br\/noticias\/#organization\"},\"image\":{\"@id\":\"https:\/\/www.suno.com.br\/noticias\/atividade-industrial-zona-do-euro-retracao-outubro\/#primaryimage\"},\"thumbnailUrl\":\"https:\/\/files.sunoresearch.com.br\/n\/uploads\/2019\/09\/b26679a2-atividade-industrial-jpg.webp\",\"keywords\":[\"Brexit\",\"Uni\u00e3o Europeia\",\"zona do euro\"],\"articleSection\":[\"Internacional\"],\"inLanguage\":\"pt-BR\"},{\"@type\":\"WebPage\",\"@id\":\"https:\/\/www.suno.com.br\/noticias\/atividade-industrial-zona-do-euro-retracao-outubro\/\",\"url\":\"https:\/\/www.suno.com.br\/noticias\/atividade-industrial-zona-do-euro-retracao-outubro\/\",\"name\":\"Atividade industrial da zona do euro continua retra\u00edda em outubro\",\"isPartOf\":{\"@id\":\"https:\/\/www.suno.com.br\/noticias\/#website\"},\"primaryImageOfPage\":{\"@id\":\"https:\/\/www.suno.com.br\/noticias\/atividade-industrial-zona-do-euro-retracao-outubro\/#primaryimage\"},\"image\":{\"@id\":\"https:\/\/www.suno.com.br\/noticias\/atividade-industrial-zona-do-euro-retracao-outubro\/#primaryimage\"},\"thumbnailUrl\":\"https:\/\/files.sunoresearch.com.br\/n\/uploads\/2019\/09\/b26679a2-atividade-industrial-jpg.webp\",\"datePublished\":\"2019-11-04T13:43:42+00:00\",\"dateModified\":\"2019-11-06T14:46:12+00:00\",\"description\":\"A guerra comercial e a indefini\u00e7\u00e3o sobre o Brexit continuam afetando a atividade fabril da zona do euro. Clique aqui e saiba mais.\",\"breadcrumb\":{\"@id\":\"https:\/\/www.suno.com.br\/noticias\/atividade-industrial-zona-do-euro-retracao-outubro\/#breadcrumb\"},\"inLanguage\":\"pt-BR\",\"potentialAction\":[{\"@type\":\"ReadAction\",\"target\":[\"https:\/\/www.suno.com.br\/noticias\/atividade-industrial-zona-do-euro-retracao-outubro\/\"]}]},{\"@type\":\"ImageObject\",\"inLanguage\":\"pt-BR\",\"@id\":\"https:\/\/www.suno.com.br\/noticias\/atividade-industrial-zona-do-euro-retracao-outubro\/#primaryimage\",\"url\":\"https:\/\/files.sunoresearch.com.br\/n\/uploads\/2019\/09\/b26679a2-atividade-industrial-jpg.webp\",\"contentUrl\":\"https:\/\/files.sunoresearch.com.br\/n\/uploads\/2019\/09\/b26679a2-atividade-industrial-jpg.webp\",\"width\":1440,\"height\":810,\"caption\":\"Veja como a ind\u00fastria se adaptou para suprir demanda frente a pandemia\"},{\"@type\":\"BreadcrumbList\",\"@id\":\"https:\/\/www.suno.com.br\/noticias\/atividade-industrial-zona-do-euro-retracao-outubro\/#breadcrumb\",\"itemListElement\":[{\"@type\":\"ListItem\",\"position\":1,\"name\":\"Not\u00edcias\",\"item\":\"https:\/\/www.suno.com.br\/noticias\/\"},{\"@type\":\"ListItem\",\"position\":2,\"name\":\"Internacional\",\"item\":\"https:\/\/www.suno.com.br\/noticias\/internacional\/\"},{\"@type\":\"ListItem\",\"position\":3,\"name\":\"Atividade industrial da zona do euro continua retra\u00edda em outubro\"}]},{\"@type\":\"WebSite\",\"@id\":\"https:\/\/www.suno.com.br\/noticias\/#website\",\"url\":\"https:\/\/www.suno.com.br\/noticias\/\",\"name\":\"Suno Not\u00edcias\",\"description\":\"Seu portal de informa\u00e7\u00e3o sobre o mundo dos investimentos\",\"publisher\":{\"@id\":\"https:\/\/www.suno.com.br\/noticias\/#organization\"},\"potentialAction\":[{\"@type\":\"SearchAction\",\"target\":{\"@type\":\"EntryPoint\",\"urlTemplate\":\"https:\/\/www.suno.com.br\/noticias\/?s={search_term_string}\"},\"query-input\":{\"@type\":\"PropertyValueSpecification\",\"valueRequired\":true,\"valueName\":\"search_term_string\"}}],\"inLanguage\":\"pt-BR\"},{\"@type\":\"Organization\",\"@id\":\"https:\/\/www.suno.com.br\/noticias\/#organization\",\"name\":\"Suno Not\u00edcias\",\"url\":\"https:\/\/www.suno.com.br\/noticias\/\",\"logo\":{\"@type\":\"ImageObject\",\"inLanguage\":\"pt-BR\",\"@id\":\"https:\/\/www.suno.com.br\/noticias\/#\/schema\/logo\/image\/\",\"url\":\"https:\/\/files.sunoresearch.com.br\/n\/uploads\/2021\/09\/suno-logo.png\",\"contentUrl\":\"https:\/\/files.sunoresearch.com.br\/n\/uploads\/2021\/09\/suno-logo.png\",\"width\":180,\"height\":180,\"caption\":\"Suno Not\u00edcias\"},\"image\":{\"@id\":\"https:\/\/www.suno.com.br\/noticias\/#\/schema\/logo\/image\/\"},\"sameAs\":[\"https:\/\/facebook.com\/sunoresearch\",\"https:\/\/x.com\/sunoresearch\",\"https:\/\/www.instagram.com\/suno\",\"https:\/\/www.linkedin.com\/company\/suno-research\/\",\"https:\/\/www.youtube.com\/c\/sunoresearch\"]},{\"@type\":\"Person\",\"@id\":\"https:\/\/www.suno.com.br\/noticias\/#\/schema\/person\/918d79de1f0281f01599b93f9ea6e23f\",\"name\":\"Jader Lazarini\",\"image\":{\"@type\":\"ImageObject\",\"inLanguage\":\"pt-BR\",\"@id\":\"https:\/\/www.suno.com.br\/noticias\/#\/schema\/person\/image\/\",\"url\":\"https:\/\/secure.gravatar.com\/avatar\/3c1ad8caa51589841baeb923fcddea97?s=96&r=g\",\"contentUrl\":\"https:\/\/secure.gravatar.com\/avatar\/3c1ad8caa51589841baeb923fcddea97?s=96&r=g\",\"caption\":\"Jader Lazarini\"},\"description\":\"Jader Lazarini escreve sobre investimentos, finan\u00e7as, economia e neg\u00f3cios. \u00c9 bacharel em Rela\u00e7\u00f5es Internacionais e analista CNPI (2619).\",\"url\":\"https:\/\/www.suno.com.br\/noticias\/author\/jader-lazarini\/\"}]}<\/script>\n<!-- \/ Yoast SEO plugin. -->","yoast_head_json":{"title":"Atividade industrial da zona do euro continua retra\u00edda em outubro","description":"A guerra comercial e a indefini\u00e7\u00e3o sobre o Brexit continuam afetando a atividade fabril da zona do euro. Clique aqui e saiba mais.","robots":{"index":"index","follow":"follow","max-snippet":"max-snippet:-1","max-image-preview":"max-image-preview:large","max-video-preview":"max-video-preview:-1"},"canonical":"https:\/\/www.suno.com.br\/noticias\/atividade-industrial-zona-do-euro-retracao-outubro\/","og_locale":"pt_BR","og_type":"article","og_title":"Atividade industrial da zona do euro continua retra\u00edda em outubro","og_description":"A guerra comercial e a indefini\u00e7\u00e3o sobre o Brexit continuam afetando a atividade fabril da zona do euro. Clique aqui e saiba mais.","og_url":"https:\/\/www.suno.com.br\/noticias\/atividade-industrial-zona-do-euro-retracao-outubro\/","og_site_name":"Suno Not\u00edcias","article_publisher":"https:\/\/facebook.com\/sunoresearch","og_image":[{"width":1440,"height":810,"url":"https:\/\/files.sunoresearch.com.br\/n\/uploads\/2019\/09\/b26679a2-atividade-industrial.jpg","type":"image\/jpeg"}],"author":"Jader Lazarini","twitter_card":"summary_large_image","twitter_creator":"@sunoresearch","twitter_site":"@sunoresearch","twitter_misc":{"Escrito por":"Jader Lazarini","Est. tempo de leitura":"2 minutos"},"schema":{"@context":"https:\/\/schema.org","@graph":[{"@type":"NewsArticle","@id":"https:\/\/www.suno.com.br\/noticias\/atividade-industrial-zona-do-euro-retracao-outubro\/#article","isPartOf":{"@id":"https:\/\/www.suno.com.br\/noticias\/atividade-industrial-zona-do-euro-retracao-outubro\/"},"author":{"name":"Jader Lazarini","@id":"https:\/\/www.suno.com.br\/noticias\/#\/schema\/person\/918d79de1f0281f01599b93f9ea6e23f"},"headline":"Atividade industrial da zona do euro continua retra\u00edda em outubro","datePublished":"2019-11-04T13:43:42+00:00","dateModified":"2019-11-06T14:46:12+00:00","mainEntityOfPage":{"@id":"https:\/\/www.suno.com.br\/noticias\/atividade-industrial-zona-do-euro-retracao-outubro\/"},"wordCount":464,"publisher":{"@id":"https:\/\/www.suno.com.br\/noticias\/#organization"},"image":{"@id":"https:\/\/www.suno.com.br\/noticias\/atividade-industrial-zona-do-euro-retracao-outubro\/#primaryimage"},"thumbnailUrl":"https:\/\/files.sunoresearch.com.br\/n\/uploads\/2019\/09\/b26679a2-atividade-industrial-jpg.webp","keywords":["Brexit","Uni\u00e3o Europeia","zona do euro"],"articleSection":["Internacional"],"inLanguage":"pt-BR"},{"@type":"WebPage","@id":"https:\/\/www.suno.com.br\/noticias\/atividade-industrial-zona-do-euro-retracao-outubro\/","url":"https:\/\/www.suno.com.br\/noticias\/atividade-industrial-zona-do-euro-retracao-outubro\/","name":"Atividade industrial da zona do euro continua retra\u00edda em outubro","isPartOf":{"@id":"https:\/\/www.suno.com.br\/noticias\/#website"},"primaryImageOfPage":{"@id":"https:\/\/www.suno.com.br\/noticias\/atividade-industrial-zona-do-euro-retracao-outubro\/#primaryimage"},"image":{"@id":"https:\/\/www.suno.com.br\/noticias\/atividade-industrial-zona-do-euro-retracao-outubro\/#primaryimage"},"thumbnailUrl":"https:\/\/files.sunoresearch.com.br\/n\/uploads\/2019\/09\/b26679a2-atividade-industrial-jpg.webp","datePublished":"2019-11-04T13:43:42+00:00","dateModified":"2019-11-06T14:46:12+00:00","description":"A guerra comercial e a indefini\u00e7\u00e3o sobre o Brexit continuam afetando a atividade fabril da zona do euro. Clique aqui e saiba mais.","breadcrumb":{"@id":"https:\/\/www.suno.com.br\/noticias\/atividade-industrial-zona-do-euro-retracao-outubro\/#breadcrumb"},"inLanguage":"pt-BR","potentialAction":[{"@type":"ReadAction","target":["https:\/\/www.suno.com.br\/noticias\/atividade-industrial-zona-do-euro-retracao-outubro\/"]}]},{"@type":"ImageObject","inLanguage":"pt-BR","@id":"https:\/\/www.suno.com.br\/noticias\/atividade-industrial-zona-do-euro-retracao-outubro\/#primaryimage","url":"https:\/\/files.sunoresearch.com.br\/n\/uploads\/2019\/09\/b26679a2-atividade-industrial-jpg.webp","contentUrl":"https:\/\/files.sunoresearch.com.br\/n\/uploads\/2019\/09\/b26679a2-atividade-industrial-jpg.webp","width":1440,"height":810,"caption":"Veja como a ind\u00fastria se adaptou para suprir demanda frente a pandemia"},{"@type":"BreadcrumbList","@id":"https:\/\/www.suno.com.br\/noticias\/atividade-industrial-zona-do-euro-retracao-outubro\/#breadcrumb","itemListElement":[{"@type":"ListItem","position":1,"name":"Not\u00edcias","item":"https:\/\/www.suno.com.br\/noticias\/"},{"@type":"ListItem","position":2,"name":"Internacional","item":"https:\/\/www.suno.com.br\/noticias\/internacional\/"},{"@type":"ListItem","position":3,"name":"Atividade industrial da zona do euro continua retra\u00edda em outubro"}]},{"@type":"WebSite","@id":"https:\/\/www.suno.com.br\/noticias\/#website","url":"https:\/\/www.suno.com.br\/noticias\/","name":"Suno Not\u00edcias","description":"Seu portal de informa\u00e7\u00e3o sobre o mundo dos investimentos","publisher":{"@id":"https:\/\/www.suno.com.br\/noticias\/#organization"},"potentialAction":[{"@type":"SearchAction","target":{"@type":"EntryPoint","urlTemplate":"https:\/\/www.suno.com.br\/noticias\/?s={search_term_string}"},"query-input":{"@type":"PropertyValueSpecification","valueRequired":true,"valueName":"search_term_string"}}],"inLanguage":"pt-BR"},{"@type":"Organization","@id":"https:\/\/www.suno.com.br\/noticias\/#organization","name":"Suno Not\u00edcias","url":"https:\/\/www.suno.com.br\/noticias\/","logo":{"@type":"ImageObject","inLanguage":"pt-BR","@id":"https:\/\/www.suno.com.br\/noticias\/#\/schema\/logo\/image\/","url":"https:\/\/files.sunoresearch.com.br\/n\/uploads\/2021\/09\/suno-logo.png","contentUrl":"https:\/\/files.sunoresearch.com.br\/n\/uploads\/2021\/09\/suno-logo.png","width":180,"height":180,"caption":"Suno Not\u00edcias"},"image":{"@id":"https:\/\/www.suno.com.br\/noticias\/#\/schema\/logo\/image\/"},"sameAs":["https:\/\/facebook.com\/sunoresearch","https:\/\/x.com\/sunoresearch","https:\/\/www.instagram.com\/suno","https:\/\/www.linkedin.com\/company\/suno-research\/","https:\/\/www.youtube.com\/c\/sunoresearch"]},{"@type":"Person","@id":"https:\/\/www.suno.com.br\/noticias\/#\/schema\/person\/918d79de1f0281f01599b93f9ea6e23f","name":"Jader Lazarini","image":{"@type":"ImageObject","inLanguage":"pt-BR","@id":"https:\/\/www.suno.com.br\/noticias\/#\/schema\/person\/image\/","url":"https:\/\/secure.gravatar.com\/avatar\/3c1ad8caa51589841baeb923fcddea97?s=96&r=g","contentUrl":"https:\/\/secure.gravatar.com\/avatar\/3c1ad8caa51589841baeb923fcddea97?s=96&r=g","caption":"Jader Lazarini"},"description":"Jader Lazarini escreve sobre investimentos, finan\u00e7as, economia e neg\u00f3cios. \u00c9 bacharel em Rela\u00e7\u00f5es Internacionais e analista CNPI (2619).","url":"https:\/\/www.suno.com.br\/noticias\/author\/jader-lazarini\/"}]}},"default_loop_html":"<div class=\"cardsPage__listCard__boxs\"><div class=\"cardsPage__listCard__boxs__img\"><a href=\"https:\/\/www.suno.com.br\/noticias\/atividade-industrial-zona-do-euro-retracao-outubro\/\"><img class=\"mask\" src=\"https:\/\/www.suno.com.br\/noticias\/wp-content\/themes\/suno\/resources\/images\/spotlight\/spotlight1img\/bg-mask.png\" alt=\"Image Mask\"\/><img src=\"https:\/\/files.sunoresearch.com.br\/n\/uploads\/2019\/09\/b26679a2-atividade-industrial-400x200.webp\" alt=\"Atividade industrial da zona do euro continua retra\u00edda em outubro\"\/><\/a><span class=\"spotlightCategory\"><a href=\"https:\/\/www.suno.com.br\/noticias\/internacional\/\">Internacional<\/a><\/span><\/div><div class=\"cardsPage__listCard__boxs__content\"><a href=\"https:\/\/www.suno.com.br\/noticias\/atividade-industrial-zona-do-euro-retracao-outubro\/\"><h2 class=\"content__title\">Atividade industrial da zona do euro continua retra\u00edda em outubro<\/h2><\/a><div class=\"newsContent__article__meta\"><div class=\"newsContent__article__meta__authorBox\"><a href=\"https:\/\/www.suno.com.br\/noticias\/author\/jader-lazarini\/\" class=\"authorBox__avatar noMobi\"><img src=\"https:\/\/files.sunoresearch.com.br\/n\/uploads\/2021\/01\/178e6598-foto-perfil-2-150x150.jpg\" alt=\"Jader Lazarini\"><\/a><div class=\"authorBox__name\"><span>por\n\t\t\t<a href=\"https:\/\/www.suno.com.br\/noticias\/author\/jader-lazarini\/\"><span itemprop=\"author\">Jader Lazarini<\/span><\/a><\/span><time datetime=\"2019-11-04T11:43:42-03:00\" itemprop=\"datePublished\">04\/11\/2019 11:43<\/time><\/div><\/div><\/div><\/div><\/div>","single_layout":"posts","amp_enabled":true,"_links":{"self":[{"href":"https:\/\/www.suno.com.br\/noticias\/wp-json\/wp\/v2\/posts\/43553"}],"collection":[{"href":"https:\/\/www.suno.com.br\/noticias\/wp-json\/wp\/v2\/posts"}],"about":[{"href":"https:\/\/www.suno.com.br\/noticias\/wp-json\/wp\/v2\/types\/post"}],"author":[{"embeddable":true,"href":"https:\/\/www.suno.com.br\/noticias\/wp-json\/wp\/v2\/users\/24"}],"replies":[{"embeddable":true,"href":"https:\/\/www.suno.com.br\/noticias\/wp-json\/wp\/v2\/comments?post=43553"}],"version-history":[{"count":0,"href":"https:\/\/www.suno.com.br\/noticias\/wp-json\/wp\/v2\/posts\/43553\/revisions"}],"wp:featuredmedia":[{"embeddable":true,"href":"https:\/\/www.suno.com.br\/noticias\/wp-json\/wp\/v2\/media\/38515"}],"wp:attachment":[{"href":"https:\/\/www.suno.com.br\/noticias\/wp-json\/wp\/v2\/media?parent=43553"}],"wp:term":[{"taxonomy":"category","embeddable":true,"href":"https:\/\/www.suno.com.br\/noticias\/wp-json\/wp\/v2\/categories?post=43553"},{"taxonomy":"post_tag","embeddable":true,"href":"https:\/\/www.suno.com.br\/noticias\/wp-json\/wp\/v2\/tags?post=43553"},{"taxonomy":"suno_strategy","embeddable":true,"href":"https:\/\/www.suno.com.br\/noticias\/wp-json\/wp\/v2\/suno_strategy?post=43553"}],"curies":[{"name":"wp","href":"https:\/\/api.w.org\/{rel}","templated":true}]}}