{"id":435359,"date":"2023-07-29T11:22:55","date_gmt":"2023-07-29T14:22:55","guid":{"rendered":"https:\/\/www.suno.com.br\/noticias\/?p=435359"},"modified":"2023-07-29T11:25:07","modified_gmt":"2023-07-29T14:25:07","slug":"americanas-amer3-stf-decide-que-ex-ceo-tera-que-depor-mas-permite-silencio-gpj","status":"publish","type":"post","link":"https:\/\/www.suno.com.br\/noticias\/americanas-amer3-stf-decide-que-ex-ceo-tera-que-depor-mas-permite-silencio-gpj\/","title":{"rendered":"Americanas (AMER3): STF decide que ex-CEO ter\u00e1 que depor \u00e0 CPI, mas permite sil\u00eancio, diz jornal"},"content":{"rendered":"<p>O ministro do Supremo Tribunal Federal (STF), Andr\u00e9 Mendon\u00e7a, decidiu que o ex-<a href=\"https:\/\/www.suno.com.br\/artigos\/ceo\/\">diretor-presidente<\/a> da <a href=\"https:\/\/www.suno.com.br\/acoes\/amer3\" target=\"_blank\" rel=\"noreferrer noopener\"><strong>Americanas<\/strong>&nbsp;(AMER3)<\/a>, Miguel Gutierrez, deve comparecer \u00e0 CPI que investiga as <a href=\"https:\/\/www.suno.com.br\/artigos\/fraudes-contabeis\/\">fraudes cont\u00e1beis<\/a> na varejista, mas que poder\u00e1 permanecer em sil\u00eancio, segundo apura\u00e7\u00e3o do colunista Lauro Jardim, do jornal O Globo.<\/p>\t<div class=\"wrapper-featured-image\">\n\t\t<figure class=\"spotlightImg\">\n\n\t\t\t<picture>\n\t\t\t\t<source media=\"(max-width: 768px)\" srcset=\"https:\/\/files.sunoresearch.com.br\/n\/uploads\/2023\/03\/americanas-amer3-miguel-gutierrez-depoem-cvm-foto-youtube-400x200.jpg\">\n\t\t\t\t<img loading=\"lazy\" decoding=\"async\" class=\"newsContent__article__imgCapa lazyloadDisabled \" src=\"https:\/\/files.sunoresearch.com.br\/n\/uploads\/2023\/03\/americanas-amer3-miguel-gutierrez-depoem-cvm-foto-youtube-800x450.jpg\" width=\"800\" height=\"450\" alt=\"Americanas (AMER3): STF decide que ex-CEO ter\u00e1 que depor \u00e0 CPI, mas permite sil\u00eancio, diz jornal\" fetchpriority=high \/>\n\t\t\t<\/picture>\n\n\t\t\t<figcaption class=\"wp-caption-text wp-caption-text--show\">Miguel Gutierrez, ex-CEO da Americanas (AMER3). Foto: YouTube<\/figcaption>\n\t\t<\/figure>\n\t<\/div>\n\n\n\n\n\n\n\n\t<p>\n\t\t<a href=\"\" target=\"_blank\" data-element=\"shortcode-suno-banner\" title=\"Banner SUNO, clique e saiba mais\">\n\t\t\t<picture>\n\t\t\t\t<source media=\"(max-width: 500px)\" srcset=\"\">\n\t\t\t\t<img class=\"newsContent__article__imgCapa newsContent__article__imgCapa--banner\"\n\t\t\t\t\tsrc=\"\"\n\t\t\t\t\tdata-promo-id=\"265277\"\t\t\t\t\t\t\t\t\t\t\t\t\t\t\talt=\"\"\n\t\t\t\t>\n\t\t\t<\/picture>\n\t\t<\/a>\n\t<\/p>\n\n\n\n\n\n<p>Segundo a publica\u00e7\u00e3o, a defesa de Gutierrez solicitou o sil\u00eancio por ele ser alvo de investiga\u00e7\u00f5es da Comiss\u00e3o de Valores Mobili\u00e1rios (CVM) e da Pol\u00edcia Federal (PF).<\/p>\n\n\n\n<p>Mendon\u00e7a determinou ainda que, ao ser sabatinado na C\u00e2mara, o ex-executivo da Americanas tenha direito ao aux\u00edlio de um advogado e n\u00e3o sofra constrangimentos f\u00edsicos ou morais ao fazer uso do benef\u00edcio do sil\u00eancio, diz a reportagem.<\/p>\n\n\n\t<div data-element=\"shortcode-read-more\" class=\"knowMore\">\n\t\t\t\t<span class=\"knowMore__title\">Leia mais<\/span>\n\t\t\t\t<a class=\"knowMore__link\" href=\"https:\/\/www.suno.com.br\/noticias\/efeito-americanas-alta-inadimplencia-diretor-bc-evm\/\">\n\t\t\t&#039;Efeito Americanas&#039; provocou alta da inadimpl\u00eancia no cr\u00e9dito livre, diz diretor do BC\t\t<\/a>\n\t<\/div>\n\n\n\n\n<h2 class=\"wp-block-heading\">Americanas: Fraude envolveu ao menos 30 funcion\u00e1rios<\/h2>\n\n\n\n<p>Em junho, o atual <strong>presidente da Americanas,<\/strong> Leonardo Coelho Pereira, disse \u00e0 CPI que a fraude cont\u00e1bil envolvendo os balan\u00e7os da empresa teve a participa\u00e7\u00e3o de ao menos 30 funcion\u00e1rios. <\/p>\n\n\n\n<p>O presidente da Americanas chegou a apresentar uma relat\u00f3rio de uma investiga\u00e7\u00e3o independente que ocorre na companhia. Documentos como esse revelaram que a<strong>&nbsp;fraude cont\u00e1bil&nbsp;<\/strong>\u2018inflou\u2019 o resultado da varejista em R$ 25,3 bilh\u00f5es.<\/p>\n\n\n\n<p>Al\u00e9m disso, os relat\u00f3rios indicam participa\u00e7\u00e3o da&nbsp;<strong>ex-diretoria da empresa<\/strong>&nbsp;nos atos fraudulentos, tal como no esfor\u00e7o em ocult\u00e1-los. Os diretores, tal como o antigo CEO, foram afastados.<\/p>\n\n\n\n<p>At\u00e9 ent\u00e3o, segundo Coelho, as fraudes n\u00e3o envolvem nem os acionistas de refer\u00eancia \u2013 que incluem Lemann, Telles e Sicupira \u2013 nem o&nbsp;<a target=\"_blank\" href=\"https:\/\/www.suno.com.br\/artigos\/conselho-administracao\/\" rel=\"noreferrer noopener\">Conselho de Administra\u00e7\u00e3o<\/a>&nbsp;da companhia.<\/p>\n\n\n\n<p>Um dos ex-diretores, Jos\u00e9 Timotheo Barros, emitiu nota rebatendo as acusa\u00e7\u00f5es, citando que \u201co&nbsp;<a target=\"_blank\" href=\"https:\/\/www.suno.com.br\/artigos\/fato-relevante\/\" rel=\"noreferrer noopener\">fato relevante<\/a>&nbsp;informado ao mercado na data de ontem (ter\u00e7a-feira) cont\u00e9m inverdades e faz acusa\u00e7\u00f5es que precisar\u00e3o ser provadas\u201d.<\/p>\n\n\n\n<p>\u201cNo mesmo dia, baseado em documento elaborado de modo parcial para perturbar as apura\u00e7\u00f5es, trechos do que seria parte de relat\u00f3rio de investiga\u00e7\u00e3o feita pelos advogados da empresa (n\u00e3o pelo comit\u00ea independente) foram mostrados de maneira leviana em comiss\u00e3o do Congresso Nacional, apresentando meras opini\u00f5es de suspeitas como verdades\u201d, diz o pronunciamento.<\/p>\n\n\n\t<p>\n\t\t<a href=\"https:\/\/lp.suno.com.br\/planilha-da-vida-financeira\/\" target=\"_blank\" data-element=\"shortcode-suno-banner\" title=\"Banner SUNO, clique e saiba mais\">\n\t\t\t<picture>\n\t\t\t\t<source media=\"(max-width: 500px)\" srcset=\"https:\/\/files.sunoresearch.com.br\/n\/uploads\/2023\/04\/400x300-Planilha-vida-financeira-true.png\">\n\t\t\t\t<img class=\"newsContent__article__imgCapa newsContent__article__imgCapa--banner\"\n\t\t\t\t\tsrc=\"https:\/\/files.sunoresearch.com.br\/n\/uploads\/2023\/04\/1420x240-Planilha-vida-financeira-true.png\"\n\t\t\t\t\tdata-promo-id=\"383123\"\t\t\t\t\t\t\t\t\t\twidth='1420' height='240'\t\t\t\t\talt=\"https:\/\/files.sunoresearch.com.br\/n\/uploads\/2023\/04\/1420x240-Planilha-vida-financeira-true.png\"\n\t\t\t\t>\n\t\t\t<\/picture>\n\t\t<\/a>\n\t<\/p>\n\n\n\n\n\n<h2 class=\"wp-block-heading\">Americanas demitiu 1,4 mil funcion\u00e1rios entre os dias 17 e 24 de julho<\/h2>\n\n\n\n<p>A&nbsp;<strong>Americanas&nbsp;<\/strong>informou ao mercado que desligou 1.404 funcion\u00e1rios na semana entre os dias 17 e 24 de julho, de acordo com um documento divulgado na Comiss\u00e3o de Valores Mobili\u00e1rios (CVM).<\/p>\n\n\n\n<p>No comunicado, a varejista afirmou tamb\u00e9m que at\u00e9 o \u00faltimo domingo (23), tinha 35.741 colaboradores. As demiss\u00f5es ocorreram na&nbsp;<strong>Americanas S.A<\/strong>, n\u00e3o havendo desligamentos na ST Importa\u00e7\u00f5es.<\/p>\n\n\n\n<p>A Americanas disse ainda que, na \u00faltima semana, encerrou as opera\u00e7\u00f5es em uma loja localizada em Campo Grande (MS) e que at\u00e9 o \u00faltimo domingo, tinha 1.825 lojas em atividade.<\/p>\n\n\n\n<p>Entre os dias 17 e 24 de julho, a varejista efetuou R$ 356 milh\u00f5es em pagamentos e somou R$ 344 milh\u00f5es em recebimentos.<\/p>\n\n\n\n<p>Em nota enviada ao Suno Not\u00edcias, a Americanas informou que, diante da reestrutura\u00e7\u00e3o de algumas frentes de neg\u00f3cio a partir de seu plano de transforma\u00e7\u00e3o, realizou o desligamento de colaboradores. A companhia informou, ainda, que segue com foco na manuten\u00e7\u00e3o de suas opera\u00e7\u00f5es e no aumento de sua efici\u00eancia.<\/p>\n\n\n\n<p>\u201cA <strong>Americanas<\/strong> refor\u00e7a seu comprometimento com a transpar\u00eancia na rela\u00e7\u00e3o com os sindicatos, mantendo-os informados dos movimentos de reestrutura\u00e7\u00e3o, assim como garante o cumprimento integral e tempestivo de suas obriga\u00e7\u00f5es trabalhistas, na forma da legisla\u00e7\u00e3o vigente\u201d, pontuou.<\/p>\n\n\n\t<p>\n\t\t<a href=\"https:\/\/lp.suno.com.br\/ebook-como-analisar-uma-acao\/\" target=\"_blank\" data-element=\"shortcode-suno-banner\" title=\"Banner SUNO, clique e saiba mais\">\n\t\t\t<picture>\n\t\t\t\t<source media=\"(max-width: 500px)\" srcset=\"https:\/\/files.sunoresearch.com.br\/n\/uploads\/2023\/03\/Ebook-Acoes-Mobile-1.jpg\">\n\t\t\t\t<img class=\"newsContent__article__imgCapa newsContent__article__imgCapa--banner\"\n\t\t\t\t\tsrc=\"https:\/\/files.sunoresearch.com.br\/n\/uploads\/2023\/03\/Ebook-Acoes-Desktop-1.jpg\"\n\t\t\t\t\tdata-promo-id=\"171998\"\t\t\t\t\t\t\t\t\t\twidth='1420' height='286'\t\t\t\t\talt=\"https:\/\/files.sunoresearch.com.br\/n\/uploads\/2023\/03\/Ebook-Acoes-Desktop-1.jpg\"\n\t\t\t\t>\n\t\t\t<\/picture>\n\t\t<\/a>\n\t<\/p>\n\n\n","protected":false},"excerpt":{"rendered":"<p>O ministro do Supremo Tribunal Federal (STF), Andr\u00e9 Mendon\u00e7a, decidiu que o ex-diretor-presidente da Americanas&nbsp;(AMER3), Miguel Gutierrez, deve comparecer \u00e0 CPI que investiga as fraudes cont\u00e1beis na varejista, mas que poder\u00e1 permanecer em sil\u00eancio, segundo apura\u00e7\u00e3o do colunista Lauro Jardim, do jornal O Globo. Miguel Gutierrez, ex-CEO da Americanas (AMER3). Foto: YouTube Segundo a publica\u00e7\u00e3o, [&hellip;]<\/p>\n","protected":false},"author":313,"featured_media":377079,"comment_status":"closed","ping_status":"closed","sticky":false,"template":"","format":"standard","meta":[],"categories":[64],"tags":[106605],"suno_strategy":[],"class_list":["post-435359","post","type-post","status-publish","format-standard","has-post-thumbnail","hentry","category-negocios","tag-americanas-s-a-amer3"],"yoast_head":"<!-- This site is optimized with the Yoast SEO plugin v24.4 - https:\/\/yoast.com\/wordpress\/plugins\/seo\/ -->\n<title>Americanas (AMER3): ex-CEO deve ir \u00e0 CPI, mas poder\u00e1 ficar em sil\u00eancio<\/title>\n<meta name=\"description\" content=\"O STF decidiu que o ex-executivo da Americanas, Miguel Gutierrez, deve comparecer \u00e0 CPI que investiga as fraudes cont\u00e1beis na varejista.\" \/>\n<meta name=\"robots\" content=\"index, follow, max-snippet:-1, max-image-preview:large, max-video-preview:-1\" \/>\n<link rel=\"canonical\" href=\"https:\/\/www.suno.com.br\/noticias\/americanas-amer3-stf-decide-que-ex-ceo-tera-que-depor-mas-permite-silencio-gpj\/\" \/>\n<meta property=\"og:locale\" content=\"pt_BR\" \/>\n<meta property=\"og:type\" content=\"article\" \/>\n<meta property=\"og:title\" content=\"Americanas (AMER3): ex-CEO deve ir \u00e0 CPI, mas poder\u00e1 ficar em sil\u00eancio\" \/>\n<meta property=\"og:description\" content=\"O STF decidiu que o ex-executivo da Americanas, Miguel Gutierrez, deve comparecer \u00e0 CPI que investiga as fraudes cont\u00e1beis na varejista.\" \/>\n<meta property=\"og:url\" content=\"https:\/\/www.suno.com.br\/noticias\/americanas-amer3-stf-decide-que-ex-ceo-tera-que-depor-mas-permite-silencio-gpj\/\" \/>\n<meta property=\"og:site_name\" content=\"Suno Not\u00edcias\" \/>\n<meta property=\"article:publisher\" content=\"https:\/\/facebook.com\/sunoresearch\" \/>\n<meta property=\"og:image\" content=\"https:\/\/files.sunoresearch.com.br\/n\/uploads\/2023\/03\/americanas-amer3-miguel-gutierrez-depoem-cvm-foto-youtube.jpg\" \/>\n\t<meta property=\"og:image:width\" content=\"1200\" \/>\n\t<meta property=\"og:image:height\" content=\"675\" \/>\n\t<meta property=\"og:image:type\" content=\"image\/jpeg\" \/>\n<meta name=\"author\" content=\"Giovanni Porf\u00edrio Jacomino\" \/>\n<meta name=\"twitter:card\" content=\"summary_large_image\" \/>\n<meta name=\"twitter:creator\" content=\"@sunoresearch\" \/>\n<meta name=\"twitter:site\" content=\"@sunoresearch\" \/>\n<meta name=\"twitter:label1\" content=\"Escrito por\" \/>\n\t<meta name=\"twitter:data1\" content=\"Giovanni Porf\u00edrio Jacomino\" \/>\n\t<meta name=\"twitter:label2\" content=\"Est. tempo de leitura\" \/>\n\t<meta name=\"twitter:data2\" content=\"3 minutos\" \/>\n<script type=\"application\/ld+json\" class=\"yoast-schema-graph\">{\"@context\":\"https:\/\/schema.org\",\"@graph\":[{\"@type\":\"NewsArticle\",\"@id\":\"https:\/\/www.suno.com.br\/noticias\/americanas-amer3-stf-decide-que-ex-ceo-tera-que-depor-mas-permite-silencio-gpj\/#article\",\"isPartOf\":{\"@id\":\"https:\/\/www.suno.com.br\/noticias\/americanas-amer3-stf-decide-que-ex-ceo-tera-que-depor-mas-permite-silencio-gpj\/\"},\"author\":{\"name\":\"Giovanni Porf\u00edrio Jacomino\",\"@id\":\"https:\/\/www.suno.com.br\/noticias\/#\/schema\/person\/d0f32748bbca4bee871fa191ee4e2d40\"},\"headline\":\"Americanas (AMER3): STF decide que ex-CEO ter\u00e1 que depor \u00e0 CPI, mas permite sil\u00eancio, diz jornal\",\"datePublished\":\"2023-07-29T14:22:55+00:00\",\"dateModified\":\"2023-07-29T14:25:07+00:00\",\"mainEntityOfPage\":{\"@id\":\"https:\/\/www.suno.com.br\/noticias\/americanas-amer3-stf-decide-que-ex-ceo-tera-que-depor-mas-permite-silencio-gpj\/\"},\"wordCount\":619,\"publisher\":{\"@id\":\"https:\/\/www.suno.com.br\/noticias\/#organization\"},\"image\":{\"@id\":\"https:\/\/www.suno.com.br\/noticias\/americanas-amer3-stf-decide-que-ex-ceo-tera-que-depor-mas-permite-silencio-gpj\/#primaryimage\"},\"thumbnailUrl\":\"https:\/\/files.sunoresearch.com.br\/n\/uploads\/2023\/03\/americanas-amer3-miguel-gutierrez-depoem-cvm-foto-youtube.jpg\",\"keywords\":[\"Americanas (AMER3)\"],\"articleSection\":[\"Neg\u00f3cios\"],\"inLanguage\":\"pt-BR\"},{\"@type\":\"WebPage\",\"@id\":\"https:\/\/www.suno.com.br\/noticias\/americanas-amer3-stf-decide-que-ex-ceo-tera-que-depor-mas-permite-silencio-gpj\/\",\"url\":\"https:\/\/www.suno.com.br\/noticias\/americanas-amer3-stf-decide-que-ex-ceo-tera-que-depor-mas-permite-silencio-gpj\/\",\"name\":\"Americanas (AMER3): ex-CEO deve ir \u00e0 CPI, mas poder\u00e1 ficar em sil\u00eancio\",\"isPartOf\":{\"@id\":\"https:\/\/www.suno.com.br\/noticias\/#website\"},\"primaryImageOfPage\":{\"@id\":\"https:\/\/www.suno.com.br\/noticias\/americanas-amer3-stf-decide-que-ex-ceo-tera-que-depor-mas-permite-silencio-gpj\/#primaryimage\"},\"image\":{\"@id\":\"https:\/\/www.suno.com.br\/noticias\/americanas-amer3-stf-decide-que-ex-ceo-tera-que-depor-mas-permite-silencio-gpj\/#primaryimage\"},\"thumbnailUrl\":\"https:\/\/files.sunoresearch.com.br\/n\/uploads\/2023\/03\/americanas-amer3-miguel-gutierrez-depoem-cvm-foto-youtube.jpg\",\"datePublished\":\"2023-07-29T14:22:55+00:00\",\"dateModified\":\"2023-07-29T14:25:07+00:00\",\"description\":\"O STF decidiu que o ex-executivo da Americanas, Miguel Gutierrez, deve comparecer \u00e0 CPI que investiga as fraudes cont\u00e1beis na varejista.\",\"breadcrumb\":{\"@id\":\"https:\/\/www.suno.com.br\/noticias\/americanas-amer3-stf-decide-que-ex-ceo-tera-que-depor-mas-permite-silencio-gpj\/#breadcrumb\"},\"inLanguage\":\"pt-BR\",\"potentialAction\":[{\"@type\":\"ReadAction\",\"target\":[\"https:\/\/www.suno.com.br\/noticias\/americanas-amer3-stf-decide-que-ex-ceo-tera-que-depor-mas-permite-silencio-gpj\/\"]}]},{\"@type\":\"ImageObject\",\"inLanguage\":\"pt-BR\",\"@id\":\"https:\/\/www.suno.com.br\/noticias\/americanas-amer3-stf-decide-que-ex-ceo-tera-que-depor-mas-permite-silencio-gpj\/#primaryimage\",\"url\":\"https:\/\/files.sunoresearch.com.br\/n\/uploads\/2023\/03\/americanas-amer3-miguel-gutierrez-depoem-cvm-foto-youtube.jpg\",\"contentUrl\":\"https:\/\/files.sunoresearch.com.br\/n\/uploads\/2023\/03\/americanas-amer3-miguel-gutierrez-depoem-cvm-foto-youtube.jpg\",\"width\":1200,\"height\":675,\"caption\":\"Miguel Gutierrez, ex-CEO da Americanas (AMER3). Foto: YouTube\"},{\"@type\":\"BreadcrumbList\",\"@id\":\"https:\/\/www.suno.com.br\/noticias\/americanas-amer3-stf-decide-que-ex-ceo-tera-que-depor-mas-permite-silencio-gpj\/#breadcrumb\",\"itemListElement\":[{\"@type\":\"ListItem\",\"position\":1,\"name\":\"Not\u00edcias\",\"item\":\"https:\/\/www.suno.com.br\/noticias\/\"},{\"@type\":\"ListItem\",\"position\":2,\"name\":\"Neg\u00f3cios\",\"item\":\"https:\/\/www.suno.com.br\/noticias\/negocios\/\"},{\"@type\":\"ListItem\",\"position\":3,\"name\":\"Americanas (AMER3): STF decide que ex-CEO ter\u00e1 que depor \u00e0 CPI, mas permite sil\u00eancio, diz jornal\"}]},{\"@type\":\"WebSite\",\"@id\":\"https:\/\/www.suno.com.br\/noticias\/#website\",\"url\":\"https:\/\/www.suno.com.br\/noticias\/\",\"name\":\"Suno Not\u00edcias\",\"description\":\"Seu portal de informa\u00e7\u00e3o sobre o mundo dos investimentos\",\"publisher\":{\"@id\":\"https:\/\/www.suno.com.br\/noticias\/#organization\"},\"potentialAction\":[{\"@type\":\"SearchAction\",\"target\":{\"@type\":\"EntryPoint\",\"urlTemplate\":\"https:\/\/www.suno.com.br\/noticias\/?s={search_term_string}\"},\"query-input\":{\"@type\":\"PropertyValueSpecification\",\"valueRequired\":true,\"valueName\":\"search_term_string\"}}],\"inLanguage\":\"pt-BR\"},{\"@type\":\"Organization\",\"@id\":\"https:\/\/www.suno.com.br\/noticias\/#organization\",\"name\":\"Suno Not\u00edcias\",\"url\":\"https:\/\/www.suno.com.br\/noticias\/\",\"logo\":{\"@type\":\"ImageObject\",\"inLanguage\":\"pt-BR\",\"@id\":\"https:\/\/www.suno.com.br\/noticias\/#\/schema\/logo\/image\/\",\"url\":\"https:\/\/files.sunoresearch.com.br\/n\/uploads\/2021\/09\/suno-logo.png\",\"contentUrl\":\"https:\/\/files.sunoresearch.com.br\/n\/uploads\/2021\/09\/suno-logo.png\",\"width\":180,\"height\":180,\"caption\":\"Suno Not\u00edcias\"},\"image\":{\"@id\":\"https:\/\/www.suno.com.br\/noticias\/#\/schema\/logo\/image\/\"},\"sameAs\":[\"https:\/\/facebook.com\/sunoresearch\",\"https:\/\/x.com\/sunoresearch\",\"https:\/\/www.instagram.com\/suno\",\"https:\/\/www.linkedin.com\/company\/suno-research\/\",\"https:\/\/www.youtube.com\/c\/sunoresearch\"]},{\"@type\":\"Person\",\"@id\":\"https:\/\/www.suno.com.br\/noticias\/#\/schema\/person\/d0f32748bbca4bee871fa191ee4e2d40\",\"name\":\"Giovanni Porf\u00edrio Jacomino\",\"image\":{\"@type\":\"ImageObject\",\"inLanguage\":\"pt-BR\",\"@id\":\"https:\/\/www.suno.com.br\/noticias\/#\/schema\/person\/image\/\",\"url\":\"https:\/\/secure.gravatar.com\/avatar\/efb32e19b730a121cb7a80f41ffec01a?s=96&r=g\",\"contentUrl\":\"https:\/\/secure.gravatar.com\/avatar\/efb32e19b730a121cb7a80f41ffec01a?s=96&r=g\",\"caption\":\"Giovanni Porf\u00edrio Jacomino\"},\"description\":\"Giovanni Porf\u00edrio Jacomino \u00e9 jornalista formado pela Universidade Estadual de Londrina (UEL) e p\u00f3s-graduado em Produ\u00e7\u00e3o e Pr\u00e1ticas Jornal\u00edsticas na Contemporaneidade na Faculdade C\u00e1sper L\u00edbero (FCL). Foi editor web no Startupi e no Finsiders, atuando ainda como editor no TC Mover, portal de not\u00edcias da TradersClub, fazendo a cobertura de assuntos relacionados ao mercado financeiro interno e externo. Atualmente, \u00e9 Rep\u00f3rter do Suno Not\u00edcias.\",\"url\":\"https:\/\/www.suno.com.br\/noticias\/author\/giovanni-porfiriosuno-com-br\/\"}]}<\/script>\n<!-- \/ Yoast SEO plugin. -->","yoast_head_json":{"title":"Americanas (AMER3): ex-CEO deve ir \u00e0 CPI, mas poder\u00e1 ficar em sil\u00eancio","description":"O STF decidiu que o ex-executivo da Americanas, Miguel Gutierrez, deve comparecer \u00e0 CPI que investiga as fraudes cont\u00e1beis na varejista.","robots":{"index":"index","follow":"follow","max-snippet":"max-snippet:-1","max-image-preview":"max-image-preview:large","max-video-preview":"max-video-preview:-1"},"canonical":"https:\/\/www.suno.com.br\/noticias\/americanas-amer3-stf-decide-que-ex-ceo-tera-que-depor-mas-permite-silencio-gpj\/","og_locale":"pt_BR","og_type":"article","og_title":"Americanas (AMER3): ex-CEO deve ir \u00e0 CPI, mas poder\u00e1 ficar em sil\u00eancio","og_description":"O STF decidiu que o ex-executivo da Americanas, Miguel Gutierrez, deve comparecer \u00e0 CPI que investiga as fraudes cont\u00e1beis na varejista.","og_url":"https:\/\/www.suno.com.br\/noticias\/americanas-amer3-stf-decide-que-ex-ceo-tera-que-depor-mas-permite-silencio-gpj\/","og_site_name":"Suno Not\u00edcias","article_publisher":"https:\/\/facebook.com\/sunoresearch","og_image":[{"width":1200,"height":675,"url":"https:\/\/files.sunoresearch.com.br\/n\/uploads\/2023\/03\/americanas-amer3-miguel-gutierrez-depoem-cvm-foto-youtube.jpg","type":"image\/jpeg"}],"author":"Giovanni Porf\u00edrio Jacomino","twitter_card":"summary_large_image","twitter_creator":"@sunoresearch","twitter_site":"@sunoresearch","twitter_misc":{"Escrito por":"Giovanni Porf\u00edrio Jacomino","Est. tempo de leitura":"3 minutos"},"schema":{"@context":"https:\/\/schema.org","@graph":[{"@type":"NewsArticle","@id":"https:\/\/www.suno.com.br\/noticias\/americanas-amer3-stf-decide-que-ex-ceo-tera-que-depor-mas-permite-silencio-gpj\/#article","isPartOf":{"@id":"https:\/\/www.suno.com.br\/noticias\/americanas-amer3-stf-decide-que-ex-ceo-tera-que-depor-mas-permite-silencio-gpj\/"},"author":{"name":"Giovanni Porf\u00edrio Jacomino","@id":"https:\/\/www.suno.com.br\/noticias\/#\/schema\/person\/d0f32748bbca4bee871fa191ee4e2d40"},"headline":"Americanas (AMER3): STF decide que ex-CEO ter\u00e1 que depor \u00e0 CPI, mas permite sil\u00eancio, diz jornal","datePublished":"2023-07-29T14:22:55+00:00","dateModified":"2023-07-29T14:25:07+00:00","mainEntityOfPage":{"@id":"https:\/\/www.suno.com.br\/noticias\/americanas-amer3-stf-decide-que-ex-ceo-tera-que-depor-mas-permite-silencio-gpj\/"},"wordCount":619,"publisher":{"@id":"https:\/\/www.suno.com.br\/noticias\/#organization"},"image":{"@id":"https:\/\/www.suno.com.br\/noticias\/americanas-amer3-stf-decide-que-ex-ceo-tera-que-depor-mas-permite-silencio-gpj\/#primaryimage"},"thumbnailUrl":"https:\/\/files.sunoresearch.com.br\/n\/uploads\/2023\/03\/americanas-amer3-miguel-gutierrez-depoem-cvm-foto-youtube.jpg","keywords":["Americanas (AMER3)"],"articleSection":["Neg\u00f3cios"],"inLanguage":"pt-BR"},{"@type":"WebPage","@id":"https:\/\/www.suno.com.br\/noticias\/americanas-amer3-stf-decide-que-ex-ceo-tera-que-depor-mas-permite-silencio-gpj\/","url":"https:\/\/www.suno.com.br\/noticias\/americanas-amer3-stf-decide-que-ex-ceo-tera-que-depor-mas-permite-silencio-gpj\/","name":"Americanas (AMER3): ex-CEO deve ir \u00e0 CPI, mas poder\u00e1 ficar em sil\u00eancio","isPartOf":{"@id":"https:\/\/www.suno.com.br\/noticias\/#website"},"primaryImageOfPage":{"@id":"https:\/\/www.suno.com.br\/noticias\/americanas-amer3-stf-decide-que-ex-ceo-tera-que-depor-mas-permite-silencio-gpj\/#primaryimage"},"image":{"@id":"https:\/\/www.suno.com.br\/noticias\/americanas-amer3-stf-decide-que-ex-ceo-tera-que-depor-mas-permite-silencio-gpj\/#primaryimage"},"thumbnailUrl":"https:\/\/files.sunoresearch.com.br\/n\/uploads\/2023\/03\/americanas-amer3-miguel-gutierrez-depoem-cvm-foto-youtube.jpg","datePublished":"2023-07-29T14:22:55+00:00","dateModified":"2023-07-29T14:25:07+00:00","description":"O STF decidiu que o ex-executivo da Americanas, Miguel Gutierrez, deve comparecer \u00e0 CPI que investiga as fraudes cont\u00e1beis na varejista.","breadcrumb":{"@id":"https:\/\/www.suno.com.br\/noticias\/americanas-amer3-stf-decide-que-ex-ceo-tera-que-depor-mas-permite-silencio-gpj\/#breadcrumb"},"inLanguage":"pt-BR","potentialAction":[{"@type":"ReadAction","target":["https:\/\/www.suno.com.br\/noticias\/americanas-amer3-stf-decide-que-ex-ceo-tera-que-depor-mas-permite-silencio-gpj\/"]}]},{"@type":"ImageObject","inLanguage":"pt-BR","@id":"https:\/\/www.suno.com.br\/noticias\/americanas-amer3-stf-decide-que-ex-ceo-tera-que-depor-mas-permite-silencio-gpj\/#primaryimage","url":"https:\/\/files.sunoresearch.com.br\/n\/uploads\/2023\/03\/americanas-amer3-miguel-gutierrez-depoem-cvm-foto-youtube.jpg","contentUrl":"https:\/\/files.sunoresearch.com.br\/n\/uploads\/2023\/03\/americanas-amer3-miguel-gutierrez-depoem-cvm-foto-youtube.jpg","width":1200,"height":675,"caption":"Miguel Gutierrez, ex-CEO da Americanas (AMER3). Foto: YouTube"},{"@type":"BreadcrumbList","@id":"https:\/\/www.suno.com.br\/noticias\/americanas-amer3-stf-decide-que-ex-ceo-tera-que-depor-mas-permite-silencio-gpj\/#breadcrumb","itemListElement":[{"@type":"ListItem","position":1,"name":"Not\u00edcias","item":"https:\/\/www.suno.com.br\/noticias\/"},{"@type":"ListItem","position":2,"name":"Neg\u00f3cios","item":"https:\/\/www.suno.com.br\/noticias\/negocios\/"},{"@type":"ListItem","position":3,"name":"Americanas (AMER3): STF decide que ex-CEO ter\u00e1 que depor \u00e0 CPI, mas permite sil\u00eancio, diz jornal"}]},{"@type":"WebSite","@id":"https:\/\/www.suno.com.br\/noticias\/#website","url":"https:\/\/www.suno.com.br\/noticias\/","name":"Suno Not\u00edcias","description":"Seu portal de informa\u00e7\u00e3o sobre o mundo dos investimentos","publisher":{"@id":"https:\/\/www.suno.com.br\/noticias\/#organization"},"potentialAction":[{"@type":"SearchAction","target":{"@type":"EntryPoint","urlTemplate":"https:\/\/www.suno.com.br\/noticias\/?s={search_term_string}"},"query-input":{"@type":"PropertyValueSpecification","valueRequired":true,"valueName":"search_term_string"}}],"inLanguage":"pt-BR"},{"@type":"Organization","@id":"https:\/\/www.suno.com.br\/noticias\/#organization","name":"Suno Not\u00edcias","url":"https:\/\/www.suno.com.br\/noticias\/","logo":{"@type":"ImageObject","inLanguage":"pt-BR","@id":"https:\/\/www.suno.com.br\/noticias\/#\/schema\/logo\/image\/","url":"https:\/\/files.sunoresearch.com.br\/n\/uploads\/2021\/09\/suno-logo.png","contentUrl":"https:\/\/files.sunoresearch.com.br\/n\/uploads\/2021\/09\/suno-logo.png","width":180,"height":180,"caption":"Suno Not\u00edcias"},"image":{"@id":"https:\/\/www.suno.com.br\/noticias\/#\/schema\/logo\/image\/"},"sameAs":["https:\/\/facebook.com\/sunoresearch","https:\/\/x.com\/sunoresearch","https:\/\/www.instagram.com\/suno","https:\/\/www.linkedin.com\/company\/suno-research\/","https:\/\/www.youtube.com\/c\/sunoresearch"]},{"@type":"Person","@id":"https:\/\/www.suno.com.br\/noticias\/#\/schema\/person\/d0f32748bbca4bee871fa191ee4e2d40","name":"Giovanni Porf\u00edrio Jacomino","image":{"@type":"ImageObject","inLanguage":"pt-BR","@id":"https:\/\/www.suno.com.br\/noticias\/#\/schema\/person\/image\/","url":"https:\/\/secure.gravatar.com\/avatar\/efb32e19b730a121cb7a80f41ffec01a?s=96&r=g","contentUrl":"https:\/\/secure.gravatar.com\/avatar\/efb32e19b730a121cb7a80f41ffec01a?s=96&r=g","caption":"Giovanni Porf\u00edrio Jacomino"},"description":"Giovanni Porf\u00edrio Jacomino \u00e9 jornalista formado pela Universidade Estadual de Londrina (UEL) e p\u00f3s-graduado em Produ\u00e7\u00e3o e Pr\u00e1ticas Jornal\u00edsticas na Contemporaneidade na Faculdade C\u00e1sper L\u00edbero (FCL). Foi editor web no Startupi e no Finsiders, atuando ainda como editor no TC Mover, portal de not\u00edcias da TradersClub, fazendo a cobertura de assuntos relacionados ao mercado financeiro interno e externo. Atualmente, \u00e9 Rep\u00f3rter do Suno Not\u00edcias.","url":"https:\/\/www.suno.com.br\/noticias\/author\/giovanni-porfiriosuno-com-br\/"}]}},"default_loop_html":"<div class=\"cardsPage__listCard__boxs\"><div class=\"cardsPage__listCard__boxs__img\"><a href=\"https:\/\/www.suno.com.br\/noticias\/americanas-amer3-stf-decide-que-ex-ceo-tera-que-depor-mas-permite-silencio-gpj\/\"><img class=\"mask\" src=\"https:\/\/www.suno.com.br\/noticias\/wp-content\/themes\/suno\/resources\/images\/spotlight\/spotlight1img\/bg-mask.png\" alt=\"Image Mask\"\/><img src=\"https:\/\/files.sunoresearch.com.br\/n\/uploads\/2023\/03\/americanas-amer3-miguel-gutierrez-depoem-cvm-foto-youtube-400x200.jpg\" alt=\"Americanas (AMER3): STF decide que ex-CEO ter\u00e1 que depor \u00e0 CPI, mas permite sil\u00eancio, diz jornal\"\/><\/a><span class=\"spotlightCategory\"><a href=\"https:\/\/www.suno.com.br\/noticias\/negocios\/\">Neg\u00f3cios<\/a><\/span><\/div><div class=\"cardsPage__listCard__boxs__content\"><a href=\"https:\/\/www.suno.com.br\/noticias\/americanas-amer3-stf-decide-que-ex-ceo-tera-que-depor-mas-permite-silencio-gpj\/\"><h2 class=\"content__title\">Americanas (AMER3): STF decide que ex-CEO ter\u00e1 que depor \u00e0 CPI, mas permite sil\u00eancio, diz jornal<\/h2><\/a><div class=\"newsContent__article__meta\"><div class=\"newsContent__article__meta__authorBox\"><a href=\"https:\/\/www.suno.com.br\/noticias\/author\/giovanni-porfiriosuno-com-br\/\" class=\"authorBox__avatar noMobi\"><img src=\"https:\/\/files.sunoresearch.com.br\/n\/uploads\/2024\/05\/DSCF4115-1-1-150x150.webp\" alt=\"Giovanni Porf\u00edrio Jacomino\"><\/a><div class=\"authorBox__name\"><span>por\n\t\t\t<a href=\"https:\/\/www.suno.com.br\/noticias\/author\/giovanni-porfiriosuno-com-br\/\"><span itemprop=\"author\">Giovanni Porf\u00edrio Jacomino<\/span><\/a><\/span><time datetime=\"2023-07-29T11:22:55-03:00\" itemprop=\"datePublished\">29\/07\/2023 11:22<\/time><\/div><\/div><\/div><\/div><\/div>","single_layout":"posts","amp_enabled":true,"_links":{"self":[{"href":"https:\/\/www.suno.com.br\/noticias\/wp-json\/wp\/v2\/posts\/435359"}],"collection":[{"href":"https:\/\/www.suno.com.br\/noticias\/wp-json\/wp\/v2\/posts"}],"about":[{"href":"https:\/\/www.suno.com.br\/noticias\/wp-json\/wp\/v2\/types\/post"}],"author":[{"embeddable":true,"href":"https:\/\/www.suno.com.br\/noticias\/wp-json\/wp\/v2\/users\/313"}],"replies":[{"embeddable":true,"href":"https:\/\/www.suno.com.br\/noticias\/wp-json\/wp\/v2\/comments?post=435359"}],"version-history":[{"count":3,"href":"https:\/\/www.suno.com.br\/noticias\/wp-json\/wp\/v2\/posts\/435359\/revisions"}],"predecessor-version":[{"id":435371,"href":"https:\/\/www.suno.com.br\/noticias\/wp-json\/wp\/v2\/posts\/435359\/revisions\/435371"}],"wp:featuredmedia":[{"embeddable":true,"href":"https:\/\/www.suno.com.br\/noticias\/wp-json\/wp\/v2\/media\/377079"}],"wp:attachment":[{"href":"https:\/\/www.suno.com.br\/noticias\/wp-json\/wp\/v2\/media?parent=435359"}],"wp:term":[{"taxonomy":"category","embeddable":true,"href":"https:\/\/www.suno.com.br\/noticias\/wp-json\/wp\/v2\/categories?post=435359"},{"taxonomy":"post_tag","embeddable":true,"href":"https:\/\/www.suno.com.br\/noticias\/wp-json\/wp\/v2\/tags?post=435359"},{"taxonomy":"suno_strategy","embeddable":true,"href":"https:\/\/www.suno.com.br\/noticias\/wp-json\/wp\/v2\/suno_strategy?post=435359"}],"curies":[{"name":"wp","href":"https:\/\/api.w.org\/{rel}","templated":true}]}}