{"id":435347,"date":"2023-07-29T10:33:50","date_gmt":"2023-07-29T13:33:50","guid":{"rendered":"https:\/\/www.suno.com.br\/noticias\/?p=435347"},"modified":"2023-07-29T10:36:55","modified_gmt":"2023-07-29T13:36:55","slug":"sao-martinho-smto3-vai-distribuir-r-275-milhoes-em-dividendos-gpj","status":"publish","type":"post","link":"https:\/\/www.suno.com.br\/noticias\/sao-martinho-smto3-vai-distribuir-r-275-milhoes-em-dividendos-gpj\/","title":{"rendered":"S\u00e3o Martinho (SMTO3) vai distribuir R$ 275 milh\u00f5es em dividendos; veja valor por a\u00e7\u00e3o"},"content":{"rendered":"<p>Em assembleia geral e extraordin\u00e1ria realizada na sexta-feira (28), o\u00a0Grupo<strong>\u00a0<\/strong><a href=\"https:\/\/www.suno.com.br\/acoes\/smto3\/\"><strong>S\u00e3o Martinho\u00a0<\/strong>(SMTO3)<\/a>\u00a0aprovou o pagamento de R$ 275 milh\u00f5es em <a href=\"https:\/\/www.suno.com.br\/guias\/dividendos\/\">dividendos<\/a>.<\/p>\t<div class=\"wrapper-featured-image\">\n\t\t<figure class=\"spotlightImg\">\n\n\t\t\t<picture>\n\t\t\t\t<source media=\"(max-width: 768px)\" srcset=\"https:\/\/files.sunoresearch.com.br\/n\/uploads\/2021\/01\/dbaf8b97-1280px-usina_sao_martinho_fabrica_de_acucar_e_etanol_-_pradopolis-400x200.webp\">\n\t\t\t\t<img loading=\"lazy\" decoding=\"async\" class=\"newsContent__article__imgCapa lazyloadDisabled \" src=\"https:\/\/files.sunoresearch.com.br\/n\/uploads\/2021\/01\/dbaf8b97-1280px-usina_sao_martinho_fabrica_de_acucar_e_etanol_-_pradopolis-800x450.webp\" width=\"800\" height=\"450\" alt=\"S\u00e3o Martinho (SMTO3) vai distribuir R$ 275 milh\u00f5es em dividendos; veja valor por a\u00e7\u00e3o\" fetchpriority=high \/>\n\t\t\t<\/picture>\n\n\t\t\t<figcaption class=\"wp-caption-text wp-caption-text--show\">S\u00e3o Martinho (SMTO3). Foto: Reprodu\u00e7\u00e3o<\/figcaption>\n\t\t<\/figure>\n\t<\/div>\n\n\n\n\n\n\n\n\t<p>\n\t\t<a href=\"\" target=\"_blank\" data-element=\"shortcode-suno-banner\" title=\"Banner SUNO, clique e saiba mais\">\n\t\t\t<picture>\n\t\t\t\t<source media=\"(max-width: 500px)\" srcset=\"\">\n\t\t\t\t<img class=\"newsContent__article__imgCapa newsContent__article__imgCapa--banner\"\n\t\t\t\t\tsrc=\"\"\n\t\t\t\t\tdata-promo-id=\"89005\"\t\t\t\t\t\t\t\t\t\t\t\t\t\t\talt=\"\"\n\t\t\t\t>\n\t\t\t<\/picture>\n\t\t<\/a>\n\t<\/p>\n\n\n\n\n\n<p>O valor dos<strong>\u00a0dividendos<\/strong> <strong>da S\u00e3o Martinho\u00a0<\/strong>ser\u00e1 de R$ 0,79393734481 por a\u00e7\u00e3o, e ser\u00e3o pagos no pr\u00f3ximo dia 15 de agosto. <\/p>\n\n\n\n<p>Os investidores que v\u00e3o receber esses\u00a0<strong>proventos da S\u00e3o Martinho<\/strong>\u00a0s\u00e3o os acionistas comprados nos pap\u00e9is de S\u00e3o Martinho at\u00e9 o final do preg\u00e3o de 28 de julho de 2023.<\/p>\n\n\n\n<p>A partir do dia 31 de julho, as <strong>a\u00e7\u00f5es de S\u00e3o Martinho<\/strong> ser\u00e3o negociadas como \u201cex-direito\u201d, ou seja, sem direito a receber os proventos.<\/p>\n\n\n\n<p>Estes dividendos, somados aos <a href=\"https:\/\/www.suno.com.br\/artigos\/entenda-o-jcp\/\">juros sobre capital pr\u00f3prio (JCP)<\/a> pagos em 5 de julho e em 23 de dezembro de 2022, no valor l\u00edquido de impostos de R$ 218.111.196,31 milh\u00f5es, totalizam R$ 493.111.296,52 milh\u00f5es, equivalentes a R$ 1,42363393016 por a\u00e7\u00e3o.<\/p>\n\n\n\n<h2 class=\"wp-block-heading\">Dividendos de S\u00e3o Martinho<\/h2>\n\n\n\n<ul class=\"wp-block-list\">\n<li>Valor total dos dividendos: R$ 275.000.100,21<\/li>\n\n\n\n<li>Valor bruto por a\u00e7\u00e3o: R$ 0,79393734481<\/li>\n\n\n\n<li>Data de corte: 28 de julho de 2023<\/li>\n\n\n\n<li>Data do pagamento: 15 de agosto de 2023<\/li>\n<\/ul>\n\n\n\t<p>\n\t\t<a href=\"https:\/\/lp.suno.com.br\/minicurso-investindo-fiis\/\" target=\"_blank\" data-element=\"shortcode-suno-banner\" title=\"Banner SUNO, clique e saiba mais\">\n\t\t\t<picture>\n\t\t\t\t<source media=\"(max-width: 500px)\" srcset=\"https:\/\/files.sunoresearch.com.br\/n\/uploads\/2023\/03\/400x300-Minicurso-FIIS.png\">\n\t\t\t\t<img class=\"newsContent__article__imgCapa newsContent__article__imgCapa--banner\"\n\t\t\t\t\tsrc=\"https:\/\/files.sunoresearch.com.br\/n\/uploads\/2023\/03\/1420x240-Minicurso-FIIS.png\"\n\t\t\t\t\tdata-promo-id=\"383125\"\t\t\t\t\t\t\t\t\t\twidth='1420' height='240'\t\t\t\t\talt=\"https:\/\/files.sunoresearch.com.br\/n\/uploads\/2023\/03\/1420x240-Minicurso-FIIS.png\"\n\t\t\t\t>\n\t\t\t<\/picture>\n\t\t<\/a>\n\t<\/p>\n\n\n\n\n\n<h2 class=\"wp-block-heading\">S\u00e3o Martinho divulga dados do 4\u00ba tri da safra 2022\/23<\/h2>\n\n\n\n<p>O Grupo&nbsp;<strong>S\u00e3o Martinho<\/strong>&nbsp;reportou&nbsp;<a href=\"https:\/\/www.suno.com.br\/artigos\/lucro-liquido\/\" target=\"_blank\" rel=\"noreferrer noopener\">lucro l\u00edquido<\/a>&nbsp;de R$ 151,9 milh\u00f5es no quarto trimestre do ano-safra 2022\/23. O montante registrado representa uma queda de 32,6% ante ao mesmo per\u00edodo do ano anterior.<\/p>\n\n\n\n<p>Por outro lado, o Ebitda (lucro antes de juros, impostos,&nbsp;<a href=\"https:\/\/www.suno.com.br\/artigos\/depreciacao-amortizacao\/\" target=\"_blank\" rel=\"noreferrer noopener\">deprecia\u00e7\u00e3o e amortiza\u00e7\u00e3o<\/a>) ajustado avan\u00e7ou 19% na mesma base de compara\u00e7\u00e3o. Foram contabilizados R$ 917,1 milh\u00f5es.<\/p>\n\n\n\n<p>Enquanto isso, a\u00a0<strong>receita l\u00edquida<\/strong>\u00a0alcan\u00e7ou R$ 1,816 bilh\u00e3o no quarto trimestre da safra, alta anual de 22%, resultado de maiores pre\u00e7os de comercializa\u00e7\u00e3o de a\u00e7\u00facar.<\/p>\n\n\n\n<p>O\u00a0<strong>\u00cdndice de Alavancagem do S\u00e3o Martinho<\/strong>\u00a0no final do quarto trimestre era equivalente a 1,05 vez a\u00a0<a href=\"https:\/\/www.suno.com.br\/artigos\/divida-liquida\/\" target=\"_blank\" rel=\"noreferrer noopener\">D\u00edvida L\u00edquida<\/a>\/<a href=\"https:\/\/www.suno.com.br\/artigos\/ebitda-ajustado\/\">Ebitda Ajustado<\/a>, ante 0,93 vez em rela\u00e7\u00e3o ao mesmo per\u00edodo do ano passado.<\/p>\n\n\n\n<h2 class=\"wp-block-heading\">Proje\u00e7\u00f5es<\/h2>\n\n\n\n<p>Para a safra 2023\/24, a S\u00e3o Martinho estima uma moagem total de aproximadamente 21,5 milh\u00f5es de toneladas, alta de 7,4% em rela\u00e7\u00e3o \u00e0 Safra 2022\/23, e um A\u00e7\u00facar Total Recuper\u00e1vel (ATR) m\u00e9dio em torno de 141,9 kg\/tonelada, totalizando 3,05 milh\u00f5es de toneladas.<\/p>\n\n\n\n<p>Para o primeiro ano da nova opera\u00e7\u00e3o de etanol de milho, a companhia estima um processamento de 420 mil toneladas do material. A produ\u00e7\u00e3o resultante no per\u00edodo deve adicionar aproximadamente 160 mil metros c\u00fabicos de etanol, al\u00e9m de 7 mil toneladas de \u00f3leo de milho \u00e0 opera\u00e7\u00e3o de cana de a\u00e7\u00facar.<\/p>\n\n\n\n<p>O capex total para a safra 2023\/24 est\u00e1 estimado em, aproximadamente, R$ 2,5 bilh\u00f5es, representando uma redu\u00e7\u00e3o de 1,9% em rela\u00e7\u00e3o aos 12 meses de 2023.<\/p>\n\n\n\n<h2 class=\"wp-block-heading\">Cota\u00e7\u00e3o de S\u00e3o Martinho<\/h2>\n\n\n\n<p>No fechamento da \u00faltima sexta-feira (28), as\u00a0<a href=\"https:\/\/www.suno.com.br\/artigos\/o-que-sao-acoes-ordinarias-preferenciais-e-units\/\" target=\"_blank\" rel=\"noreferrer noopener\">a\u00e7\u00f5es ordin\u00e1rias<\/a>\u00a0de Grupo\u00a0<strong>S\u00e3o Martinho\u00a0<\/strong>subiram 2,58%, cotadas a R$ 33,35.<\/p>\n\n\n\n<div class=\"pluginQuotation\">\n  <p class=\"ticker\">\n    Cota\u00e7\u00e3o <span>SMTO3<\/span>\n  <\/p>\n  <div class=\"info\">\n    <div class=\"leftSide\">\n      Gr\u00e1fico gerado em: 29\/07\/2023    <\/div>\n\t\t\t\t\t<div class=\"rightSide\">\n\t\t\t\t\t<span class=\"period\">\n\t\t\t\t\t\t1 Dia\t\t\t\t\t<\/span>\n\t\t\t<\/div>\n\t\t  <\/div>\n\n  <div id=\"chart-450c9c6f8f89ef67187823b56e71fbbd\" data-block-hash=\"450c9c6f8f89ef67187823b56e71fbbd\"  class=\"chart\" style=\"width:100%;height:400px;\"><\/div>\n\n  <div class=\"pluginQuotation__footer\">\n    <div class=\"dataChart\">\n\n      <div class=\"dataChart__div1 variation\">\n        <div class=\"value-positive\">\n          2,30 (+0,75%)        <\/div>\n        <div class=\"text\">\n          Varia\u00e7\u00e3o do per\u00edodo\n        <\/div>\n      <\/div>\n\n      <div class=\"dataChart__div2 minMax\">\n        <div class=\"value\">\n          R$\u00a032,50        <\/div>\n        <div class=\"text\">\n          M\u00ednima\n        <\/div>\n      <\/div>\n\n      <div class=\"dataChart__div3 minMax\">\n        <div class=\"value\">\n          R$\u00a033,29        <\/div>\n        <div class=\"text\">\n          M\u00e1xima\n        <\/div>\n      <\/div>\n\n\t\t\t<div class=\"dataChart__div4 rightSide\">\n\t\t\t\t<div class=\"analiticaSource\">\n\t\t\t\t\t<span>\n\t\t\t\t\t\tFonte:\n\t\t\t\t\t<\/span>\n\t\t\t\t\t<img decoding=\"async\" class=\"analiticaLogo\" src=\"https:\/\/www.suno.com.br\/noticias\/wp-content\/plugins\/suno-block-ticker-quotation\/src\/suno-analitica-logo.png\" alt=\"Logo Suno Anal\u00edtica\" \/>\n\t\t\t\t<\/div>\n\n\t\t\t\t<a href=\"https:\/\/www.suno.com.br\/analitica\/acoes\/SMTO3\" target=\"_blank\">\n\t\t\t\t\t<span>\n\t\t\t\t\t\tVer mais cota\u00e7\u00f5es\n\t\t\t\t\t<\/span>\n\t\t\t\t\t<svg xmlns=\"http:\/\/www.w3.org\/2000\/svg\" width=\"9\" height=\"8\" viewBox=\"0 0 9 8\" fill=\"none\">\n\t\t\t\t\t\t<path d=\"M4.20996 0L3.50496 0.705L6.29496 3.5H0.209961V4.5H6.29496L3.50496 7.295L4.20996 8L8.20996 4L4.20996 0Z\" fill=\"#D42126\" \/>\n\t\t\t\t\t<\/svg>\n\t\t\t\t<\/a>\n    <\/div>\n\n    <\/div>\n  <\/div>\n<\/div>\n\n\n<script type=\"text\/javascript\">\n  let chart_450c9c6f8f89ef67187823b56e71fbbd = document.getElementById('chart-450c9c6f8f89ef67187823b56e71fbbd');\n  let data_json_450c9c6f8f89ef67187823b56e71fbbd = \"[{\\\"date\\\":\\\"28\\\\\\\/07\\\\\\\/23 10:08\\\",\\\"value\\\":32.54},{\\\"date\\\":\\\"28\\\\\\\/07\\\\\\\/23 10:10\\\",\\\"value\\\":32.58},{\\\"date\\\":\\\"28\\\\\\\/07\\\\\\\/23 10:12\\\",\\\"value\\\":32.5},{\\\"date\\\":\\\"28\\\\\\\/07\\\\\\\/23 10:14\\\",\\\"value\\\":32.51},{\\\"date\\\":\\\"28\\\\\\\/07\\\\\\\/23 11:50\\\",\\\"value\\\":32.78},{\\\"date\\\":\\\"28\\\\\\\/07\\\\\\\/23 11:52\\\",\\\"value\\\":32.74},{\\\"date\\\":\\\"28\\\\\\\/07\\\\\\\/23 11:54\\\",\\\"value\\\":32.75},{\\\"date\\\":\\\"28\\\\\\\/07\\\\\\\/23 11:56\\\",\\\"value\\\":32.73},{\\\"date\\\":\\\"28\\\\\\\/07\\\\\\\/23 11:58\\\",\\\"value\\\":32.73},{\\\"date\\\":\\\"28\\\\\\\/07\\\\\\\/23 12:00\\\",\\\"value\\\":32.75},{\\\"date\\\":\\\"28\\\\\\\/07\\\\\\\/23 12:02\\\",\\\"value\\\":32.78},{\\\"date\\\":\\\"28\\\\\\\/07\\\\\\\/23 12:04\\\",\\\"value\\\":32.79},{\\\"date\\\":\\\"28\\\\\\\/07\\\\\\\/23 12:06\\\",\\\"value\\\":32.84},{\\\"date\\\":\\\"28\\\\\\\/07\\\\\\\/23 12:08\\\",\\\"value\\\":32.82},{\\\"date\\\":\\\"28\\\\\\\/07\\\\\\\/23 12:10\\\",\\\"value\\\":32.83},{\\\"date\\\":\\\"28\\\\\\\/07\\\\\\\/23 12:12\\\",\\\"value\\\":32.83},{\\\"date\\\":\\\"28\\\\\\\/07\\\\\\\/23 12:14\\\",\\\"value\\\":32.84},{\\\"date\\\":\\\"28\\\\\\\/07\\\\\\\/23 12:16\\\",\\\"value\\\":32.86},{\\\"date\\\":\\\"28\\\\\\\/07\\\\\\\/23 12:18\\\",\\\"value\\\":32.89},{\\\"date\\\":\\\"28\\\\\\\/07\\\\\\\/23 12:20\\\",\\\"value\\\":32.87},{\\\"date\\\":\\\"28\\\\\\\/07\\\\\\\/23 12:22\\\",\\\"value\\\":32.87},{\\\"date\\\":\\\"28\\\\\\\/07\\\\\\\/23 12:24\\\",\\\"value\\\":32.86},{\\\"date\\\":\\\"28\\\\\\\/07\\\\\\\/23 12:26\\\",\\\"value\\\":32.86},{\\\"date\\\":\\\"28\\\\\\\/07\\\\\\\/23 12:28\\\",\\\"value\\\":32.87},{\\\"date\\\":\\\"28\\\\\\\/07\\\\\\\/23 12:30\\\",\\\"value\\\":32.86},{\\\"date\\\":\\\"28\\\\\\\/07\\\\\\\/23 12:32\\\",\\\"value\\\":32.85},{\\\"date\\\":\\\"28\\\\\\\/07\\\\\\\/23 12:34\\\",\\\"value\\\":32.85},{\\\"date\\\":\\\"28\\\\\\\/07\\\\\\\/23 12:36\\\",\\\"value\\\":32.85},{\\\"date\\\":\\\"28\\\\\\\/07\\\\\\\/23 12:38\\\",\\\"value\\\":32.87},{\\\"date\\\":\\\"28\\\\\\\/07\\\\\\\/23 12:40\\\",\\\"value\\\":32.9},{\\\"date\\\":\\\"28\\\\\\\/07\\\\\\\/23 12:42\\\",\\\"value\\\":32.91},{\\\"date\\\":\\\"28\\\\\\\/07\\\\\\\/23 12:44\\\",\\\"value\\\":32.91},{\\\"date\\\":\\\"28\\\\\\\/07\\\\\\\/23 12:46\\\",\\\"value\\\":32.92},{\\\"date\\\":\\\"28\\\\\\\/07\\\\\\\/23 12:48\\\",\\\"value\\\":32.92},{\\\"date\\\":\\\"28\\\\\\\/07\\\\\\\/23 12:50\\\",\\\"value\\\":32.92},{\\\"date\\\":\\\"28\\\\\\\/07\\\\\\\/23 12:52\\\",\\\"value\\\":32.95},{\\\"date\\\":\\\"28\\\\\\\/07\\\\\\\/23 12:54\\\",\\\"value\\\":32.96},{\\\"date\\\":\\\"28\\\\\\\/07\\\\\\\/23 12:56\\\",\\\"value\\\":32.98},{\\\"date\\\":\\\"28\\\\\\\/07\\\\\\\/23 12:58\\\",\\\"value\\\":33.03},{\\\"date\\\":\\\"28\\\\\\\/07\\\\\\\/23 13:00\\\",\\\"value\\\":33.07},{\\\"date\\\":\\\"28\\\\\\\/07\\\\\\\/23 13:02\\\",\\\"value\\\":33.05},{\\\"date\\\":\\\"28\\\\\\\/07\\\\\\\/23 13:04\\\",\\\"value\\\":33.07},{\\\"date\\\":\\\"28\\\\\\\/07\\\\\\\/23 13:06\\\",\\\"value\\\":33.08},{\\\"date\\\":\\\"28\\\\\\\/07\\\\\\\/23 13:08\\\",\\\"value\\\":33.12},{\\\"date\\\":\\\"28\\\\\\\/07\\\\\\\/23 13:10\\\",\\\"value\\\":33.15},{\\\"date\\\":\\\"28\\\\\\\/07\\\\\\\/23 13:12\\\",\\\"value\\\":33.16},{\\\"date\\\":\\\"28\\\\\\\/07\\\\\\\/23 13:14\\\",\\\"value\\\":33.12},{\\\"date\\\":\\\"28\\\\\\\/07\\\\\\\/23 13:16\\\",\\\"value\\\":33.08},{\\\"date\\\":\\\"28\\\\\\\/07\\\\\\\/23 13:18\\\",\\\"value\\\":33.1},{\\\"date\\\":\\\"28\\\\\\\/07\\\\\\\/23 13:20\\\",\\\"value\\\":33.08},{\\\"date\\\":\\\"28\\\\\\\/07\\\\\\\/23 13:22\\\",\\\"value\\\":33.07},{\\\"date\\\":\\\"28\\\\\\\/07\\\\\\\/23 13:24\\\",\\\"value\\\":33.06},{\\\"date\\\":\\\"28\\\\\\\/07\\\\\\\/23 13:32\\\",\\\"value\\\":32.96},{\\\"date\\\":\\\"28\\\\\\\/07\\\\\\\/23 13:34\\\",\\\"value\\\":32.96},{\\\"date\\\":\\\"28\\\\\\\/07\\\\\\\/23 13:36\\\",\\\"value\\\":32.99},{\\\"date\\\":\\\"28\\\\\\\/07\\\\\\\/23 13:38\\\",\\\"value\\\":33},{\\\"date\\\":\\\"28\\\\\\\/07\\\\\\\/23 13:40\\\",\\\"value\\\":33.01},{\\\"date\\\":\\\"28\\\\\\\/07\\\\\\\/23 13:42\\\",\\\"value\\\":33.01},{\\\"date\\\":\\\"28\\\\\\\/07\\\\\\\/23 13:44\\\",\\\"value\\\":32.99},{\\\"date\\\":\\\"28\\\\\\\/07\\\\\\\/23 13:46\\\",\\\"value\\\":32.97},{\\\"date\\\":\\\"28\\\\\\\/07\\\\\\\/23 13:48\\\",\\\"value\\\":33.01},{\\\"date\\\":\\\"28\\\\\\\/07\\\\\\\/23 13:50\\\",\\\"value\\\":33},{\\\"date\\\":\\\"28\\\\\\\/07\\\\\\\/23 13:52\\\",\\\"value\\\":33.02},{\\\"date\\\":\\\"28\\\\\\\/07\\\\\\\/23 13:54\\\",\\\"value\\\":33.01},{\\\"date\\\":\\\"28\\\\\\\/07\\\\\\\/23 13:56\\\",\\\"value\\\":33.04},{\\\"date\\\":\\\"28\\\\\\\/07\\\\\\\/23 13:58\\\",\\\"value\\\":33.02},{\\\"date\\\":\\\"28\\\\\\\/07\\\\\\\/23 14:00\\\",\\\"value\\\":33.02},{\\\"date\\\":\\\"28\\\\\\\/07\\\\\\\/23 14:02\\\",\\\"value\\\":33.02},{\\\"date\\\":\\\"28\\\\\\\/07\\\\\\\/23 14:04\\\",\\\"value\\\":33.04},{\\\"date\\\":\\\"28\\\\\\\/07\\\\\\\/23 14:06\\\",\\\"value\\\":33.02},{\\\"date\\\":\\\"28\\\\\\\/07\\\\\\\/23 14:08\\\",\\\"value\\\":33.02},{\\\"date\\\":\\\"28\\\\\\\/07\\\\\\\/23 14:10\\\",\\\"value\\\":33},{\\\"date\\\":\\\"28\\\\\\\/07\\\\\\\/23 14:12\\\",\\\"value\\\":33.03},{\\\"date\\\":\\\"28\\\\\\\/07\\\\\\\/23 14:14\\\",\\\"value\\\":33.06},{\\\"date\\\":\\\"28\\\\\\\/07\\\\\\\/23 14:16\\\",\\\"value\\\":33},{\\\"date\\\":\\\"28\\\\\\\/07\\\\\\\/23 14:18\\\",\\\"value\\\":33},{\\\"date\\\":\\\"28\\\\\\\/07\\\\\\\/23 14:20\\\",\\\"value\\\":32.98},{\\\"date\\\":\\\"28\\\\\\\/07\\\\\\\/23 14:22\\\",\\\"value\\\":32.98},{\\\"date\\\":\\\"28\\\\\\\/07\\\\\\\/23 14:24\\\",\\\"value\\\":32.99},{\\\"date\\\":\\\"28\\\\\\\/07\\\\\\\/23 14:26\\\",\\\"value\\\":32.99},{\\\"date\\\":\\\"28\\\\\\\/07\\\\\\\/23 14:28\\\",\\\"value\\\":32.99},{\\\"date\\\":\\\"28\\\\\\\/07\\\\\\\/23 14:30\\\",\\\"value\\\":33.29},{\\\"date\\\":\\\"28\\\\\\\/07\\\\\\\/23 14:32\\\",\\\"value\\\":33.29}]\";\n  let isPositive_450c9c6f8f89ef67187823b56e71fbbd = true;\n\n  let color_450c9c6f8f89ef67187823b56e71fbbd = isPositive_450c9c6f8f89ef67187823b56e71fbbd ? '#3AB53A' : '#D92C2D';\n\n  let data_450c9c6f8f89ef67187823b56e71fbbd = JSON.parse(data_json_450c9c6f8f89ef67187823b56e71fbbd);\n\n  const result_450c9c6f8f89ef67187823b56e71fbbd = {\n    date: [],\n    value: [],\n  };\n\n  data_450c9c6f8f89ef67187823b56e71fbbd.forEach((item) => {\n    result_450c9c6f8f89ef67187823b56e71fbbd.date.push(item.date);\n    result_450c9c6f8f89ef67187823b56e71fbbd.value.push(Number(item.value));\n  });\n\n  let option_450c9c6f8f89ef67187823b56e71fbbd = {\n    \/\/ variavel de cor global\n    color: [color_450c9c6f8f89ef67187823b56e71fbbd],\n    title: {\n      text: '',\n    },\n    tooltip: {\n      trigger: 'axis',\n      axisPointer: {\n        type: 'cross',\n        label: {\n          \/\/ cor dos valores em X e Y\n          backgroundColor: color_450c9c6f8f89ef67187823b56e71fbbd,\n          formatter: (value) => {\n            if (typeof value.value === 'number') {\n              return Number(value.value).toLocaleString('pt-br', {\n                style: 'currency',\n                currency: 'BRL'\n              });\n            }\n            return value.value;\n          },\n        },\n      },\n      valueFormatter: (value) => Number(value).toLocaleString('pt-br', {\n        style: 'currency',\n        currency: 'BRL'\n      }),\n    },\n    legend: {\n      \/\/ data: ['Valor de Fechamento'],\n      show: false,\n    },\n    toolbox: {\n      feature: {\n        saveAsImage: {\n          show: false,\n        },\n      },\n    },\n    grid: {\n      left: '0px',\n      right: '0px',\n      bottom: '0px',\n      containLabel: true,\n    },\n    xAxis: [{\n      type: 'category',\n      data: result_450c9c6f8f89ef67187823b56e71fbbd.date,\n      boundaryGap: true,\n    }],\n    yAxis: [{\n      type: 'value',\n      min: Math.min(...result_450c9c6f8f89ef67187823b56e71fbbd.value),\n      max: Math.max(...result_450c9c6f8f89ef67187823b56e71fbbd.value),\n      axisLabel: {\n        formatter: (value) => value.toLocaleString('pt-br', {\n          style: 'currency',\n          currency: 'BRL'\n        }),\n      },\n    }],\n    series: [{\n      name: 'Valor de Fechamento',\n      type: 'line',\n      stack: 'Total',\n      \/\/ cor do grafico\n      areaStyle: {},\n      emphasis: {\n        focus: 'series',\n      },\n      data: result_450c9c6f8f89ef67187823b56e71fbbd.value,\n      \/\/ cor da linha\n      lineStyle: {\n        color: color_450c9c6f8f89ef67187823b56e71fbbd,\n      },\n    }, ],\n  };\n\n\twindow.chart_450c9c6f8f89ef67187823b56e71fbbd = {\n\t\tel: chart_450c9c6f8f89ef67187823b56e71fbbd,\n\t\toption: option_450c9c6f8f89ef67187823b56e71fbbd\t};\n\n\n<\/script>\n\n\n\t<p>\n\t\t<a href=\"https:\/\/lp.suno.com.br\/planilha-da-vida-financeira\/\" target=\"_blank\" data-element=\"shortcode-suno-banner\" title=\"Banner SUNO, clique e saiba mais\">\n\t\t\t<picture>\n\t\t\t\t<source media=\"(max-width: 500px)\" srcset=\"https:\/\/files.sunoresearch.com.br\/n\/uploads\/2023\/04\/400x300-Planilha-vida-financeira-true.png\">\n\t\t\t\t<img class=\"newsContent__article__imgCapa newsContent__article__imgCapa--banner\"\n\t\t\t\t\tsrc=\"https:\/\/files.sunoresearch.com.br\/n\/uploads\/2023\/04\/1420x240-Planilha-vida-financeira-true.png\"\n\t\t\t\t\tdata-promo-id=\"383123\"\t\t\t\t\t\t\t\t\t\twidth='1420' height='240'\t\t\t\t\talt=\"https:\/\/files.sunoresearch.com.br\/n\/uploads\/2023\/04\/1420x240-Planilha-vida-financeira-true.png\"\n\t\t\t\t>\n\t\t\t<\/picture>\n\t\t<\/a>\n\t<\/p>\n\n\n","protected":false},"excerpt":{"rendered":"<p>Em assembleia geral e extraordin\u00e1ria realizada na sexta-feira (28), o\u00a0Grupo\u00a0S\u00e3o Martinho\u00a0(SMTO3)\u00a0aprovou o pagamento de R$ 275 milh\u00f5es em dividendos. S\u00e3o Martinho (SMTO3). Foto: Reprodu\u00e7\u00e3o O valor dos\u00a0dividendos da S\u00e3o Martinho\u00a0ser\u00e1 de R$ 0,79393734481 por a\u00e7\u00e3o, e ser\u00e3o pagos no pr\u00f3ximo dia 15 de agosto. Os investidores que v\u00e3o receber esses\u00a0proventos da S\u00e3o Martinho\u00a0s\u00e3o os acionistas [&hellip;]<\/p>\n","protected":false},"author":313,"featured_media":114878,"comment_status":"closed","ping_status":"closed","sticky":false,"template":"","format":"standard","meta":[],"categories":[64],"tags":[295,628],"suno_strategy":[],"class_list":["post-435347","post","type-post","status-publish","format-standard","has-post-thumbnail","hentry","category-negocios","tag-dividendos","tag-sao-martinho-smto3"],"yoast_head":"<!-- This site is optimized with the Yoast SEO plugin v24.4 - https:\/\/yoast.com\/wordpress\/plugins\/seo\/ -->\n<title>S\u00e3o Martinho (SMTO3) vai distribuir R$ 275 milh\u00f5es em dividendos<\/title>\n<meta name=\"description\" content=\"Em assembleia geral e extraordin\u00e1ria, o\u00a0Grupo\u00a0S\u00e3o Martinho\u00a0(SMTO3)\u00a0aprovou o pagamento de R$ 275 milh\u00f5es em dividendos. Veja valor por a\u00e7\u00e3o!\" \/>\n<meta name=\"robots\" content=\"index, follow, max-snippet:-1, max-image-preview:large, max-video-preview:-1\" \/>\n<link rel=\"canonical\" href=\"https:\/\/www.suno.com.br\/noticias\/sao-martinho-smto3-vai-distribuir-r-275-milhoes-em-dividendos-gpj\/\" \/>\n<meta property=\"og:locale\" content=\"pt_BR\" \/>\n<meta property=\"og:type\" content=\"article\" \/>\n<meta property=\"og:title\" content=\"S\u00e3o Martinho (SMTO3) vai distribuir R$ 275 milh\u00f5es em dividendos\" \/>\n<meta property=\"og:description\" content=\"Em assembleia geral e extraordin\u00e1ria, o\u00a0Grupo\u00a0S\u00e3o Martinho\u00a0(SMTO3)\u00a0aprovou o pagamento de R$ 275 milh\u00f5es em dividendos. Veja valor por a\u00e7\u00e3o!\" \/>\n<meta property=\"og:url\" content=\"https:\/\/www.suno.com.br\/noticias\/sao-martinho-smto3-vai-distribuir-r-275-milhoes-em-dividendos-gpj\/\" \/>\n<meta property=\"og:site_name\" content=\"Suno Not\u00edcias\" \/>\n<meta property=\"article:publisher\" content=\"https:\/\/facebook.com\/sunoresearch\" \/>\n<meta property=\"og:image\" content=\"https:\/\/files.sunoresearch.com.br\/n\/uploads\/2021\/01\/dbaf8b97-1280px-usina_sao_martinho_fabrica_de_acucar_e_etanol_-_pradopolis.jpg\" \/>\n\t<meta property=\"og:image:width\" content=\"1280\" \/>\n\t<meta property=\"og:image:height\" content=\"899\" \/>\n\t<meta property=\"og:image:type\" content=\"image\/jpeg\" \/>\n<meta name=\"author\" content=\"Giovanni Porf\u00edrio Jacomino\" \/>\n<meta name=\"twitter:card\" content=\"summary_large_image\" \/>\n<meta name=\"twitter:creator\" content=\"@sunoresearch\" \/>\n<meta name=\"twitter:site\" content=\"@sunoresearch\" \/>\n<meta name=\"twitter:label1\" content=\"Escrito por\" \/>\n\t<meta name=\"twitter:data1\" content=\"Giovanni Porf\u00edrio Jacomino\" \/>\n\t<meta name=\"twitter:label2\" content=\"Est. tempo de leitura\" \/>\n\t<meta name=\"twitter:data2\" content=\"3 minutos\" \/>\n<script type=\"application\/ld+json\" class=\"yoast-schema-graph\">{\"@context\":\"https:\/\/schema.org\",\"@graph\":[{\"@type\":\"NewsArticle\",\"@id\":\"https:\/\/www.suno.com.br\/noticias\/sao-martinho-smto3-vai-distribuir-r-275-milhoes-em-dividendos-gpj\/#article\",\"isPartOf\":{\"@id\":\"https:\/\/www.suno.com.br\/noticias\/sao-martinho-smto3-vai-distribuir-r-275-milhoes-em-dividendos-gpj\/\"},\"author\":{\"name\":\"Giovanni Porf\u00edrio Jacomino\",\"@id\":\"https:\/\/www.suno.com.br\/noticias\/#\/schema\/person\/d0f32748bbca4bee871fa191ee4e2d40\"},\"headline\":\"S\u00e3o Martinho (SMTO3) vai distribuir R$ 275 milh\u00f5es em dividendos; veja valor por a\u00e7\u00e3o\",\"datePublished\":\"2023-07-29T13:33:50+00:00\",\"dateModified\":\"2023-07-29T13:36:55+00:00\",\"mainEntityOfPage\":{\"@id\":\"https:\/\/www.suno.com.br\/noticias\/sao-martinho-smto3-vai-distribuir-r-275-milhoes-em-dividendos-gpj\/\"},\"wordCount\":490,\"publisher\":{\"@id\":\"https:\/\/www.suno.com.br\/noticias\/#organization\"},\"image\":{\"@id\":\"https:\/\/www.suno.com.br\/noticias\/sao-martinho-smto3-vai-distribuir-r-275-milhoes-em-dividendos-gpj\/#primaryimage\"},\"thumbnailUrl\":\"https:\/\/files.sunoresearch.com.br\/n\/uploads\/2021\/01\/dbaf8b97-1280px-usina_sao_martinho_fabrica_de_acucar_e_etanol_-_pradopolis-jpg.webp\",\"keywords\":[\"dividendos\",\"S\u00e3o Martinho (SMTO3)\"],\"articleSection\":[\"Neg\u00f3cios\"],\"inLanguage\":\"pt-BR\"},{\"@type\":\"WebPage\",\"@id\":\"https:\/\/www.suno.com.br\/noticias\/sao-martinho-smto3-vai-distribuir-r-275-milhoes-em-dividendos-gpj\/\",\"url\":\"https:\/\/www.suno.com.br\/noticias\/sao-martinho-smto3-vai-distribuir-r-275-milhoes-em-dividendos-gpj\/\",\"name\":\"S\u00e3o Martinho (SMTO3) vai distribuir R$ 275 milh\u00f5es em dividendos\",\"isPartOf\":{\"@id\":\"https:\/\/www.suno.com.br\/noticias\/#website\"},\"primaryImageOfPage\":{\"@id\":\"https:\/\/www.suno.com.br\/noticias\/sao-martinho-smto3-vai-distribuir-r-275-milhoes-em-dividendos-gpj\/#primaryimage\"},\"image\":{\"@id\":\"https:\/\/www.suno.com.br\/noticias\/sao-martinho-smto3-vai-distribuir-r-275-milhoes-em-dividendos-gpj\/#primaryimage\"},\"thumbnailUrl\":\"https:\/\/files.sunoresearch.com.br\/n\/uploads\/2021\/01\/dbaf8b97-1280px-usina_sao_martinho_fabrica_de_acucar_e_etanol_-_pradopolis-jpg.webp\",\"datePublished\":\"2023-07-29T13:33:50+00:00\",\"dateModified\":\"2023-07-29T13:36:55+00:00\",\"description\":\"Em assembleia geral e extraordin\u00e1ria, o\u00a0Grupo\u00a0S\u00e3o Martinho\u00a0(SMTO3)\u00a0aprovou o pagamento de R$ 275 milh\u00f5es em dividendos. Veja valor por a\u00e7\u00e3o!\",\"breadcrumb\":{\"@id\":\"https:\/\/www.suno.com.br\/noticias\/sao-martinho-smto3-vai-distribuir-r-275-milhoes-em-dividendos-gpj\/#breadcrumb\"},\"inLanguage\":\"pt-BR\",\"potentialAction\":[{\"@type\":\"ReadAction\",\"target\":[\"https:\/\/www.suno.com.br\/noticias\/sao-martinho-smto3-vai-distribuir-r-275-milhoes-em-dividendos-gpj\/\"]}]},{\"@type\":\"ImageObject\",\"inLanguage\":\"pt-BR\",\"@id\":\"https:\/\/www.suno.com.br\/noticias\/sao-martinho-smto3-vai-distribuir-r-275-milhoes-em-dividendos-gpj\/#primaryimage\",\"url\":\"https:\/\/files.sunoresearch.com.br\/n\/uploads\/2021\/01\/dbaf8b97-1280px-usina_sao_martinho_fabrica_de_acucar_e_etanol_-_pradopolis-jpg.webp\",\"contentUrl\":\"https:\/\/files.sunoresearch.com.br\/n\/uploads\/2021\/01\/dbaf8b97-1280px-usina_sao_martinho_fabrica_de_acucar_e_etanol_-_pradopolis-jpg.webp\",\"width\":1280,\"height\":899,\"caption\":\"S\u00e3o Martinho (SMTO3). Foto: Reprodu\u00e7\u00e3o\"},{\"@type\":\"BreadcrumbList\",\"@id\":\"https:\/\/www.suno.com.br\/noticias\/sao-martinho-smto3-vai-distribuir-r-275-milhoes-em-dividendos-gpj\/#breadcrumb\",\"itemListElement\":[{\"@type\":\"ListItem\",\"position\":1,\"name\":\"Not\u00edcias\",\"item\":\"https:\/\/www.suno.com.br\/noticias\/\"},{\"@type\":\"ListItem\",\"position\":2,\"name\":\"Neg\u00f3cios\",\"item\":\"https:\/\/www.suno.com.br\/noticias\/negocios\/\"},{\"@type\":\"ListItem\",\"position\":3,\"name\":\"S\u00e3o Martinho (SMTO3) vai distribuir R$ 275 milh\u00f5es em dividendos; veja valor por a\u00e7\u00e3o\"}]},{\"@type\":\"WebSite\",\"@id\":\"https:\/\/www.suno.com.br\/noticias\/#website\",\"url\":\"https:\/\/www.suno.com.br\/noticias\/\",\"name\":\"Suno Not\u00edcias\",\"description\":\"Seu portal de informa\u00e7\u00e3o sobre o mundo dos investimentos\",\"publisher\":{\"@id\":\"https:\/\/www.suno.com.br\/noticias\/#organization\"},\"potentialAction\":[{\"@type\":\"SearchAction\",\"target\":{\"@type\":\"EntryPoint\",\"urlTemplate\":\"https:\/\/www.suno.com.br\/noticias\/?s={search_term_string}\"},\"query-input\":{\"@type\":\"PropertyValueSpecification\",\"valueRequired\":true,\"valueName\":\"search_term_string\"}}],\"inLanguage\":\"pt-BR\"},{\"@type\":\"Organization\",\"@id\":\"https:\/\/www.suno.com.br\/noticias\/#organization\",\"name\":\"Suno Not\u00edcias\",\"url\":\"https:\/\/www.suno.com.br\/noticias\/\",\"logo\":{\"@type\":\"ImageObject\",\"inLanguage\":\"pt-BR\",\"@id\":\"https:\/\/www.suno.com.br\/noticias\/#\/schema\/logo\/image\/\",\"url\":\"https:\/\/files.sunoresearch.com.br\/n\/uploads\/2021\/09\/suno-logo.png\",\"contentUrl\":\"https:\/\/files.sunoresearch.com.br\/n\/uploads\/2021\/09\/suno-logo.png\",\"width\":180,\"height\":180,\"caption\":\"Suno Not\u00edcias\"},\"image\":{\"@id\":\"https:\/\/www.suno.com.br\/noticias\/#\/schema\/logo\/image\/\"},\"sameAs\":[\"https:\/\/facebook.com\/sunoresearch\",\"https:\/\/x.com\/sunoresearch\",\"https:\/\/www.instagram.com\/suno\",\"https:\/\/www.linkedin.com\/company\/suno-research\/\",\"https:\/\/www.youtube.com\/c\/sunoresearch\"]},{\"@type\":\"Person\",\"@id\":\"https:\/\/www.suno.com.br\/noticias\/#\/schema\/person\/d0f32748bbca4bee871fa191ee4e2d40\",\"name\":\"Giovanni Porf\u00edrio Jacomino\",\"image\":{\"@type\":\"ImageObject\",\"inLanguage\":\"pt-BR\",\"@id\":\"https:\/\/www.suno.com.br\/noticias\/#\/schema\/person\/image\/\",\"url\":\"https:\/\/secure.gravatar.com\/avatar\/efb32e19b730a121cb7a80f41ffec01a?s=96&r=g\",\"contentUrl\":\"https:\/\/secure.gravatar.com\/avatar\/efb32e19b730a121cb7a80f41ffec01a?s=96&r=g\",\"caption\":\"Giovanni Porf\u00edrio Jacomino\"},\"description\":\"Giovanni Porf\u00edrio Jacomino \u00e9 jornalista formado pela Universidade Estadual de Londrina (UEL) e p\u00f3s-graduado em Produ\u00e7\u00e3o e Pr\u00e1ticas Jornal\u00edsticas na Contemporaneidade na Faculdade C\u00e1sper L\u00edbero (FCL). Foi editor web no Startupi e no Finsiders, atuando ainda como editor no TC Mover, portal de not\u00edcias da TradersClub, fazendo a cobertura de assuntos relacionados ao mercado financeiro interno e externo. Atualmente, \u00e9 Rep\u00f3rter do Suno Not\u00edcias.\",\"url\":\"https:\/\/www.suno.com.br\/noticias\/author\/giovanni-porfiriosuno-com-br\/\"}]}<\/script>\n<!-- \/ Yoast SEO plugin. -->","yoast_head_json":{"title":"S\u00e3o Martinho (SMTO3) vai distribuir R$ 275 milh\u00f5es em dividendos","description":"Em assembleia geral e extraordin\u00e1ria, o\u00a0Grupo\u00a0S\u00e3o Martinho\u00a0(SMTO3)\u00a0aprovou o pagamento de R$ 275 milh\u00f5es em dividendos. Veja valor por a\u00e7\u00e3o!","robots":{"index":"index","follow":"follow","max-snippet":"max-snippet:-1","max-image-preview":"max-image-preview:large","max-video-preview":"max-video-preview:-1"},"canonical":"https:\/\/www.suno.com.br\/noticias\/sao-martinho-smto3-vai-distribuir-r-275-milhoes-em-dividendos-gpj\/","og_locale":"pt_BR","og_type":"article","og_title":"S\u00e3o Martinho (SMTO3) vai distribuir R$ 275 milh\u00f5es em dividendos","og_description":"Em assembleia geral e extraordin\u00e1ria, o\u00a0Grupo\u00a0S\u00e3o Martinho\u00a0(SMTO3)\u00a0aprovou o pagamento de R$ 275 milh\u00f5es em dividendos. Veja valor por a\u00e7\u00e3o!","og_url":"https:\/\/www.suno.com.br\/noticias\/sao-martinho-smto3-vai-distribuir-r-275-milhoes-em-dividendos-gpj\/","og_site_name":"Suno Not\u00edcias","article_publisher":"https:\/\/facebook.com\/sunoresearch","og_image":[{"width":1280,"height":899,"url":"https:\/\/files.sunoresearch.com.br\/n\/uploads\/2021\/01\/dbaf8b97-1280px-usina_sao_martinho_fabrica_de_acucar_e_etanol_-_pradopolis.jpg","type":"image\/jpeg"}],"author":"Giovanni Porf\u00edrio Jacomino","twitter_card":"summary_large_image","twitter_creator":"@sunoresearch","twitter_site":"@sunoresearch","twitter_misc":{"Escrito por":"Giovanni Porf\u00edrio Jacomino","Est. tempo de leitura":"3 minutos"},"schema":{"@context":"https:\/\/schema.org","@graph":[{"@type":"NewsArticle","@id":"https:\/\/www.suno.com.br\/noticias\/sao-martinho-smto3-vai-distribuir-r-275-milhoes-em-dividendos-gpj\/#article","isPartOf":{"@id":"https:\/\/www.suno.com.br\/noticias\/sao-martinho-smto3-vai-distribuir-r-275-milhoes-em-dividendos-gpj\/"},"author":{"name":"Giovanni Porf\u00edrio Jacomino","@id":"https:\/\/www.suno.com.br\/noticias\/#\/schema\/person\/d0f32748bbca4bee871fa191ee4e2d40"},"headline":"S\u00e3o Martinho (SMTO3) vai distribuir R$ 275 milh\u00f5es em dividendos; veja valor por a\u00e7\u00e3o","datePublished":"2023-07-29T13:33:50+00:00","dateModified":"2023-07-29T13:36:55+00:00","mainEntityOfPage":{"@id":"https:\/\/www.suno.com.br\/noticias\/sao-martinho-smto3-vai-distribuir-r-275-milhoes-em-dividendos-gpj\/"},"wordCount":490,"publisher":{"@id":"https:\/\/www.suno.com.br\/noticias\/#organization"},"image":{"@id":"https:\/\/www.suno.com.br\/noticias\/sao-martinho-smto3-vai-distribuir-r-275-milhoes-em-dividendos-gpj\/#primaryimage"},"thumbnailUrl":"https:\/\/files.sunoresearch.com.br\/n\/uploads\/2021\/01\/dbaf8b97-1280px-usina_sao_martinho_fabrica_de_acucar_e_etanol_-_pradopolis-jpg.webp","keywords":["dividendos","S\u00e3o Martinho (SMTO3)"],"articleSection":["Neg\u00f3cios"],"inLanguage":"pt-BR"},{"@type":"WebPage","@id":"https:\/\/www.suno.com.br\/noticias\/sao-martinho-smto3-vai-distribuir-r-275-milhoes-em-dividendos-gpj\/","url":"https:\/\/www.suno.com.br\/noticias\/sao-martinho-smto3-vai-distribuir-r-275-milhoes-em-dividendos-gpj\/","name":"S\u00e3o Martinho (SMTO3) vai distribuir R$ 275 milh\u00f5es em dividendos","isPartOf":{"@id":"https:\/\/www.suno.com.br\/noticias\/#website"},"primaryImageOfPage":{"@id":"https:\/\/www.suno.com.br\/noticias\/sao-martinho-smto3-vai-distribuir-r-275-milhoes-em-dividendos-gpj\/#primaryimage"},"image":{"@id":"https:\/\/www.suno.com.br\/noticias\/sao-martinho-smto3-vai-distribuir-r-275-milhoes-em-dividendos-gpj\/#primaryimage"},"thumbnailUrl":"https:\/\/files.sunoresearch.com.br\/n\/uploads\/2021\/01\/dbaf8b97-1280px-usina_sao_martinho_fabrica_de_acucar_e_etanol_-_pradopolis-jpg.webp","datePublished":"2023-07-29T13:33:50+00:00","dateModified":"2023-07-29T13:36:55+00:00","description":"Em assembleia geral e extraordin\u00e1ria, o\u00a0Grupo\u00a0S\u00e3o Martinho\u00a0(SMTO3)\u00a0aprovou o pagamento de R$ 275 milh\u00f5es em dividendos. Veja valor por a\u00e7\u00e3o!","breadcrumb":{"@id":"https:\/\/www.suno.com.br\/noticias\/sao-martinho-smto3-vai-distribuir-r-275-milhoes-em-dividendos-gpj\/#breadcrumb"},"inLanguage":"pt-BR","potentialAction":[{"@type":"ReadAction","target":["https:\/\/www.suno.com.br\/noticias\/sao-martinho-smto3-vai-distribuir-r-275-milhoes-em-dividendos-gpj\/"]}]},{"@type":"ImageObject","inLanguage":"pt-BR","@id":"https:\/\/www.suno.com.br\/noticias\/sao-martinho-smto3-vai-distribuir-r-275-milhoes-em-dividendos-gpj\/#primaryimage","url":"https:\/\/files.sunoresearch.com.br\/n\/uploads\/2021\/01\/dbaf8b97-1280px-usina_sao_martinho_fabrica_de_acucar_e_etanol_-_pradopolis-jpg.webp","contentUrl":"https:\/\/files.sunoresearch.com.br\/n\/uploads\/2021\/01\/dbaf8b97-1280px-usina_sao_martinho_fabrica_de_acucar_e_etanol_-_pradopolis-jpg.webp","width":1280,"height":899,"caption":"S\u00e3o Martinho (SMTO3). Foto: Reprodu\u00e7\u00e3o"},{"@type":"BreadcrumbList","@id":"https:\/\/www.suno.com.br\/noticias\/sao-martinho-smto3-vai-distribuir-r-275-milhoes-em-dividendos-gpj\/#breadcrumb","itemListElement":[{"@type":"ListItem","position":1,"name":"Not\u00edcias","item":"https:\/\/www.suno.com.br\/noticias\/"},{"@type":"ListItem","position":2,"name":"Neg\u00f3cios","item":"https:\/\/www.suno.com.br\/noticias\/negocios\/"},{"@type":"ListItem","position":3,"name":"S\u00e3o Martinho (SMTO3) vai distribuir R$ 275 milh\u00f5es em dividendos; veja valor por a\u00e7\u00e3o"}]},{"@type":"WebSite","@id":"https:\/\/www.suno.com.br\/noticias\/#website","url":"https:\/\/www.suno.com.br\/noticias\/","name":"Suno Not\u00edcias","description":"Seu portal de informa\u00e7\u00e3o sobre o mundo dos investimentos","publisher":{"@id":"https:\/\/www.suno.com.br\/noticias\/#organization"},"potentialAction":[{"@type":"SearchAction","target":{"@type":"EntryPoint","urlTemplate":"https:\/\/www.suno.com.br\/noticias\/?s={search_term_string}"},"query-input":{"@type":"PropertyValueSpecification","valueRequired":true,"valueName":"search_term_string"}}],"inLanguage":"pt-BR"},{"@type":"Organization","@id":"https:\/\/www.suno.com.br\/noticias\/#organization","name":"Suno Not\u00edcias","url":"https:\/\/www.suno.com.br\/noticias\/","logo":{"@type":"ImageObject","inLanguage":"pt-BR","@id":"https:\/\/www.suno.com.br\/noticias\/#\/schema\/logo\/image\/","url":"https:\/\/files.sunoresearch.com.br\/n\/uploads\/2021\/09\/suno-logo.png","contentUrl":"https:\/\/files.sunoresearch.com.br\/n\/uploads\/2021\/09\/suno-logo.png","width":180,"height":180,"caption":"Suno Not\u00edcias"},"image":{"@id":"https:\/\/www.suno.com.br\/noticias\/#\/schema\/logo\/image\/"},"sameAs":["https:\/\/facebook.com\/sunoresearch","https:\/\/x.com\/sunoresearch","https:\/\/www.instagram.com\/suno","https:\/\/www.linkedin.com\/company\/suno-research\/","https:\/\/www.youtube.com\/c\/sunoresearch"]},{"@type":"Person","@id":"https:\/\/www.suno.com.br\/noticias\/#\/schema\/person\/d0f32748bbca4bee871fa191ee4e2d40","name":"Giovanni Porf\u00edrio Jacomino","image":{"@type":"ImageObject","inLanguage":"pt-BR","@id":"https:\/\/www.suno.com.br\/noticias\/#\/schema\/person\/image\/","url":"https:\/\/secure.gravatar.com\/avatar\/efb32e19b730a121cb7a80f41ffec01a?s=96&r=g","contentUrl":"https:\/\/secure.gravatar.com\/avatar\/efb32e19b730a121cb7a80f41ffec01a?s=96&r=g","caption":"Giovanni Porf\u00edrio Jacomino"},"description":"Giovanni Porf\u00edrio Jacomino \u00e9 jornalista formado pela Universidade Estadual de Londrina (UEL) e p\u00f3s-graduado em Produ\u00e7\u00e3o e Pr\u00e1ticas Jornal\u00edsticas na Contemporaneidade na Faculdade C\u00e1sper L\u00edbero (FCL). Foi editor web no Startupi e no Finsiders, atuando ainda como editor no TC Mover, portal de not\u00edcias da TradersClub, fazendo a cobertura de assuntos relacionados ao mercado financeiro interno e externo. Atualmente, \u00e9 Rep\u00f3rter do Suno Not\u00edcias.","url":"https:\/\/www.suno.com.br\/noticias\/author\/giovanni-porfiriosuno-com-br\/"}]}},"default_loop_html":"<div class=\"cardsPage__listCard__boxs\"><div class=\"cardsPage__listCard__boxs__img\"><a href=\"https:\/\/www.suno.com.br\/noticias\/sao-martinho-smto3-vai-distribuir-r-275-milhoes-em-dividendos-gpj\/\"><img class=\"mask\" src=\"https:\/\/www.suno.com.br\/noticias\/wp-content\/themes\/suno\/resources\/images\/spotlight\/spotlight1img\/bg-mask.png\" alt=\"Image Mask\"\/><img src=\"https:\/\/files.sunoresearch.com.br\/n\/uploads\/2021\/01\/dbaf8b97-1280px-usina_sao_martinho_fabrica_de_acucar_e_etanol_-_pradopolis-400x200.webp\" alt=\"S\u00e3o Martinho (SMTO3) vai distribuir R$ 275 milh\u00f5es em dividendos; veja valor por a\u00e7\u00e3o\"\/><\/a><span class=\"spotlightCategory\"><a href=\"https:\/\/www.suno.com.br\/noticias\/negocios\/\">Neg\u00f3cios<\/a><\/span><\/div><div class=\"cardsPage__listCard__boxs__content\"><a href=\"https:\/\/www.suno.com.br\/noticias\/sao-martinho-smto3-vai-distribuir-r-275-milhoes-em-dividendos-gpj\/\"><h2 class=\"content__title\">S\u00e3o Martinho (SMTO3) vai distribuir R$ 275 milh\u00f5es em dividendos; veja valor por a\u00e7\u00e3o<\/h2><\/a><div class=\"newsContent__article__meta\"><div class=\"newsContent__article__meta__authorBox\"><a href=\"https:\/\/www.suno.com.br\/noticias\/author\/giovanni-porfiriosuno-com-br\/\" class=\"authorBox__avatar noMobi\"><img src=\"https:\/\/files.sunoresearch.com.br\/n\/uploads\/2024\/05\/DSCF4115-1-1-150x150.webp\" alt=\"Giovanni Porf\u00edrio Jacomino\"><\/a><div class=\"authorBox__name\"><span>por\n\t\t\t<a href=\"https:\/\/www.suno.com.br\/noticias\/author\/giovanni-porfiriosuno-com-br\/\"><span itemprop=\"author\">Giovanni Porf\u00edrio Jacomino<\/span><\/a><\/span><time datetime=\"2023-07-29T10:33:50-03:00\" itemprop=\"datePublished\">29\/07\/2023 10:33<\/time><\/div><\/div><\/div><\/div><\/div>","single_layout":"posts","amp_enabled":true,"_links":{"self":[{"href":"https:\/\/www.suno.com.br\/noticias\/wp-json\/wp\/v2\/posts\/435347"}],"collection":[{"href":"https:\/\/www.suno.com.br\/noticias\/wp-json\/wp\/v2\/posts"}],"about":[{"href":"https:\/\/www.suno.com.br\/noticias\/wp-json\/wp\/v2\/types\/post"}],"author":[{"embeddable":true,"href":"https:\/\/www.suno.com.br\/noticias\/wp-json\/wp\/v2\/users\/313"}],"replies":[{"embeddable":true,"href":"https:\/\/www.suno.com.br\/noticias\/wp-json\/wp\/v2\/comments?post=435347"}],"version-history":[{"count":3,"href":"https:\/\/www.suno.com.br\/noticias\/wp-json\/wp\/v2\/posts\/435347\/revisions"}],"predecessor-version":[{"id":435357,"href":"https:\/\/www.suno.com.br\/noticias\/wp-json\/wp\/v2\/posts\/435347\/revisions\/435357"}],"wp:featuredmedia":[{"embeddable":true,"href":"https:\/\/www.suno.com.br\/noticias\/wp-json\/wp\/v2\/media\/114878"}],"wp:attachment":[{"href":"https:\/\/www.suno.com.br\/noticias\/wp-json\/wp\/v2\/media?parent=435347"}],"wp:term":[{"taxonomy":"category","embeddable":true,"href":"https:\/\/www.suno.com.br\/noticias\/wp-json\/wp\/v2\/categories?post=435347"},{"taxonomy":"post_tag","embeddable":true,"href":"https:\/\/www.suno.com.br\/noticias\/wp-json\/wp\/v2\/tags?post=435347"},{"taxonomy":"suno_strategy","embeddable":true,"href":"https:\/\/www.suno.com.br\/noticias\/wp-json\/wp\/v2\/suno_strategy?post=435347"}],"curies":[{"name":"wp","href":"https:\/\/api.w.org\/{rel}","templated":true}]}}