{"id":43524,"date":"2019-11-04T09:12:33","date_gmt":"2019-11-04T11:12:33","guid":{"rendered":"https:\/\/www.suno.com.br\/noticias\/?p=43524"},"modified":"2019-11-05T13:46:26","modified_gmt":"2019-11-05T15:46:26","slug":"mcdonalds-presidente-funcionaria-demissao-relacionamento","status":"publish","type":"post","link":"https:\/\/www.suno.com.br\/noticias\/mcdonalds-presidente-funcionaria-demissao-relacionamento\/","title":{"rendered":"McDonald&#8217;s demite presidente por se envolver com funcion\u00e1ria"},"content":{"rendered":"<p>O McDonald&#8217;s informou, no \u00faltimo domingo (3), que demitiu o presidente executivo <strong>Steve Eastebrook<\/strong>. De acordo com a rede de fast-food, o <a href=\"https:\/\/www.suno.com.br\/artigos\/serie-os-5-maiores-ceos\/\">CEO<\/a> teve uma rela\u00e7\u00e3o amorosa com uma funcion\u00e1ria.<\/p>\t<div class=\"wrapper-featured-image\">\n\t\t<figure class=\"spotlightImg\">\n\n\t\t\t<picture>\n\t\t\t\t<source media=\"(max-width: 768px)\" srcset=\"https:\/\/files.sunoresearch.com.br\/n\/uploads\/2019\/08\/b5fd534c-mc-donaldss-400x200.webp\">\n\t\t\t\t<img loading=\"lazy\" decoding=\"async\" class=\"newsContent__article__imgCapa lazyloadDisabled newsContent__article__imgCapa--noCaption\" src=\"https:\/\/files.sunoresearch.com.br\/n\/uploads\/2019\/08\/b5fd534c-mc-donaldss-jpg.webp\" width=\"800\" height=\"450\" alt=\"McDonald&#8217;s demite presidente por se envolver com funcion\u00e1ria\" fetchpriority=high \/>\n\t\t\t<\/picture>\n\n\t\t\t<figcaption class=\"wp-caption-text wp-caption-text--hide\">McDonald&#039;s<\/figcaption>\n\t\t<\/figure>\n\t<\/div>\n\n\n\n<p>Segundo o conselho de administra\u00e7\u00e3o do <strong><a href=\"https:\/\/www.suno.com.br\/artigos\/indice-big-mac\/\">McDonald&#8217;s<\/a><\/strong>, Easterbrook &#8220;violou a pol\u00edtica da empresa e demonstrou mau julgamento, se envolvendo em um recente <strong>relacionamento<\/strong> consensual com uma<strong> funcion\u00e1ria<\/strong>&#8220;.<\/p>\n<p>O ex-presidente executivo enviou um email\u00a0 para os funcion\u00e1rios da empresa confirmando que houve rela\u00e7\u00e3o com uma empregada, n\u00e3o identificada, e classificou sua atitude como um erro.<\/p>\n<p>&#8220;Eu me envolvi em um recente relacionamento consensual com uma funcion\u00e1ria, o que violou a pol\u00edtica do <strong>McDonald&#8217;s<\/strong>. Foi um erro. Considerados os valores da empresa, concordo com o conselho de que \u00e9 hora de eu ir embora. Al\u00e9m disso, espero que voc\u00eas respeitem meu desejo de manter minha privacidade&#8221;, informou Easterbrook.<\/p>\n<p><a href=\"\/\/www.suno.com.br\/noticias\/mcdonalds-adquire-start-up-tecnologia-otimizar-pedidos\/\">Confira Tamb\u00e9m: McDonald\u2019s adquire startup de tecnologia para otimizar pedidos<\/a><\/p>\n<p>Steven Easterbrook, 52 anos divorciado e com tr\u00eas filhos, assumiu o cargo em mar\u00e7o de 2015. As a\u00e7\u00f5es da rede de fast-food duplicaram durante o per\u00edodo de sua gest\u00e3o e a sua rentabilidade.<\/p>\n<p>O conselho de administra\u00e7\u00e3o nomeou Chris Kempczinski como o novo CEO.\u00a0 &#8220;Kempczinski foi uma das figuras-chaves no desenvolvimento do plano estrat\u00e9gico do McDonald&#8217;s nos Estados Unidos&#8221;, informou o presidente do conselho, Enrique Hern\u00e1ndez.<\/p>\n<h2>McDonald&#8217;s registra queda de 2% no lucro no 3T19<\/h2>\n<p>O McDonald&#8217;s registrou US$ 1,61 bilh\u00e3o de<a href=\"https:\/\/www.suno.com.br\/artigos\/lucro-liquido\/\"> lucro<\/a> (R$ 6,42 bilh\u00f5es), uma baixa de 2% em rela\u00e7\u00e3o ao mesmo per\u00edodo do ano passado. O resultado ficou abaixo do esperado por investidores. Em compara\u00e7\u00e3o ao terceiro trimestre de 2018, a receita cresceu 1%.<\/p>\n\t<p>\n\t\t<a href=\"https:\/\/lp.suno.com.br\/ebook-como-analisar-uma-acao\/\" target=\"_blank\" data-element=\"shortcode-suno-banner\" title=\"Banner SUNO, clique e saiba mais\">\n\t\t\t<picture>\n\t\t\t\t<source media=\"(max-width: 500px)\" srcset=\"https:\/\/files.sunoresearch.com.br\/n\/uploads\/2023\/03\/Ebook-Acoes-Mobile.jpg\">\n\t\t\t\t<img class=\"newsContent__article__imgCapa newsContent__article__imgCapa--banner\"\n\t\t\t\t\tsrc=\"https:\/\/files.sunoresearch.com.br\/n\/uploads\/2023\/03\/Ebook-Acoes-Desktop.jpg\"\n\t\t\t\t\tdata-promo-id=\"378302\"\t\t\t\t\t\t\t\t\t\twidth='1420' height='286'\t\t\t\t\talt=\"https:\/\/files.sunoresearch.com.br\/n\/uploads\/2023\/03\/Ebook-Acoes-Desktop.jpg\"\n\t\t\t\t>\n\t\t\t<\/picture>\n\t\t<\/a>\n\t<\/p>\n\n\n<p>As vendas &#8220;mesmas lojas&#8221;, que leva em conta unidades que foram abertas h\u00e1 pelo menos um ano, o crescimento global foi de 5,9%. O percentual ficou acima do esperado por especialistas, de acordo com a &#8220;Dow Jones Newswires&#8221;. O <a href=\"https:\/\/www.suno.com.br\/artigos\/lucro-operacional\/\">lucro operacional<\/a> do <strong>McDonald&#8217;s<\/strong> ficou em US$ 2,4 bilh\u00f5es, mostrando uma certa estabilidade, que foi puxada pelo aumento das <a href=\"https:\/\/www.suno.com.br\/artigos\/despesas-fixas\/\">despesas<\/a>.<\/p>\n","protected":false},"excerpt":{"rendered":"<p>O McDonald&#8217;s informou, no \u00faltimo domingo (3), que demitiu o presidente executivo Steve Eastebrook. De acordo com a rede de fast-food, o CEO teve uma rela\u00e7\u00e3o amorosa com uma funcion\u00e1ria. McDonald&#039;s Segundo o conselho de administra\u00e7\u00e3o do McDonald&#8217;s, Easterbrook &#8220;violou a pol\u00edtica da empresa e demonstrou mau julgamento, se envolvendo em um recente relacionamento consensual [&hellip;]<\/p>\n","protected":false},"author":15,"featured_media":34578,"comment_status":"closed","ping_status":"closed","sticky":false,"template":"","format":"standard","meta":[],"categories":[64],"tags":[985],"suno_strategy":[],"class_list":["post-43524","post","type-post","status-publish","format-standard","has-post-thumbnail","hentry","category-negocios","tag-mcdonalds-mcdc34"],"yoast_head":"<!-- This site is optimized with the Yoast SEO plugin v24.4 - https:\/\/yoast.com\/wordpress\/plugins\/seo\/ -->\n<title>McDonald&#039;s demite presidente por se envolver com funcion\u00e1ria<\/title>\n<meta name=\"description\" content=\"O McDonald&#039;s informou, no \u00faltimo domingo (3), que demitiu o presidente executivo brit\u00e2nico Steve Eastebrook. Para saber mais clique aqui\" \/>\n<meta name=\"robots\" content=\"index, follow, max-snippet:-1, max-image-preview:large, max-video-preview:-1\" \/>\n<link rel=\"canonical\" href=\"https:\/\/www.suno.com.br\/noticias\/mcdonalds-presidente-funcionaria-demissao-relacionamento\/\" \/>\n<meta property=\"og:locale\" content=\"pt_BR\" \/>\n<meta property=\"og:type\" content=\"article\" \/>\n<meta property=\"og:title\" content=\"McDonald&#039;s demite presidente por se envolver com funcion\u00e1ria\" \/>\n<meta property=\"og:description\" content=\"O McDonald&#039;s informou, no \u00faltimo domingo (3), que demitiu o presidente executivo brit\u00e2nico Steve Eastebrook. Para saber mais clique aqui\" \/>\n<meta property=\"og:url\" content=\"https:\/\/www.suno.com.br\/noticias\/mcdonalds-presidente-funcionaria-demissao-relacionamento\/\" \/>\n<meta property=\"og:site_name\" content=\"Suno Not\u00edcias\" \/>\n<meta property=\"article:publisher\" content=\"https:\/\/facebook.com\/sunoresearch\" \/>\n<meta property=\"og:image\" content=\"https:\/\/files.sunoresearch.com.br\/n\/uploads\/2019\/08\/b5fd534c-mc-donaldss.jpg\" \/>\n\t<meta property=\"og:image:width\" content=\"748\" \/>\n\t<meta property=\"og:image:height\" content=\"410\" \/>\n\t<meta property=\"og:image:type\" content=\"image\/jpeg\" \/>\n<meta name=\"author\" content=\"Poliana Santos\" \/>\n<meta name=\"twitter:card\" content=\"summary_large_image\" \/>\n<meta name=\"twitter:creator\" content=\"@sunoresearch\" \/>\n<meta name=\"twitter:site\" content=\"@sunoresearch\" \/>\n<meta name=\"twitter:label1\" content=\"Escrito por\" \/>\n\t<meta name=\"twitter:data1\" content=\"Poliana Santos\" \/>\n\t<meta name=\"twitter:label2\" content=\"Est. tempo de leitura\" \/>\n\t<meta name=\"twitter:data2\" content=\"2 minutos\" \/>\n<script type=\"application\/ld+json\" class=\"yoast-schema-graph\">{\"@context\":\"https:\/\/schema.org\",\"@graph\":[{\"@type\":\"NewsArticle\",\"@id\":\"https:\/\/www.suno.com.br\/noticias\/mcdonalds-presidente-funcionaria-demissao-relacionamento\/#article\",\"isPartOf\":{\"@id\":\"https:\/\/www.suno.com.br\/noticias\/mcdonalds-presidente-funcionaria-demissao-relacionamento\/\"},\"author\":{\"name\":\"Poliana Santos\",\"@id\":\"https:\/\/www.suno.com.br\/noticias\/#\/schema\/person\/02ec1f752758247878a2bf4abee1aeda\"},\"headline\":\"McDonald&#8217;s demite presidente por se envolver com funcion\u00e1ria\",\"datePublished\":\"2019-11-04T11:12:33+00:00\",\"dateModified\":\"2019-11-05T15:46:26+00:00\",\"mainEntityOfPage\":{\"@id\":\"https:\/\/www.suno.com.br\/noticias\/mcdonalds-presidente-funcionaria-demissao-relacionamento\/\"},\"wordCount\":360,\"publisher\":{\"@id\":\"https:\/\/www.suno.com.br\/noticias\/#organization\"},\"image\":{\"@id\":\"https:\/\/www.suno.com.br\/noticias\/mcdonalds-presidente-funcionaria-demissao-relacionamento\/#primaryimage\"},\"thumbnailUrl\":\"https:\/\/files.sunoresearch.com.br\/n\/uploads\/2019\/08\/b5fd534c-mc-donaldss-jpg.webp\",\"keywords\":[\"McDonald's (MCDC34)\"],\"articleSection\":[\"Neg\u00f3cios\"],\"inLanguage\":\"pt-BR\"},{\"@type\":\"WebPage\",\"@id\":\"https:\/\/www.suno.com.br\/noticias\/mcdonalds-presidente-funcionaria-demissao-relacionamento\/\",\"url\":\"https:\/\/www.suno.com.br\/noticias\/mcdonalds-presidente-funcionaria-demissao-relacionamento\/\",\"name\":\"McDonald's demite presidente por se envolver com funcion\u00e1ria\",\"isPartOf\":{\"@id\":\"https:\/\/www.suno.com.br\/noticias\/#website\"},\"primaryImageOfPage\":{\"@id\":\"https:\/\/www.suno.com.br\/noticias\/mcdonalds-presidente-funcionaria-demissao-relacionamento\/#primaryimage\"},\"image\":{\"@id\":\"https:\/\/www.suno.com.br\/noticias\/mcdonalds-presidente-funcionaria-demissao-relacionamento\/#primaryimage\"},\"thumbnailUrl\":\"https:\/\/files.sunoresearch.com.br\/n\/uploads\/2019\/08\/b5fd534c-mc-donaldss-jpg.webp\",\"datePublished\":\"2019-11-04T11:12:33+00:00\",\"dateModified\":\"2019-11-05T15:46:26+00:00\",\"description\":\"O McDonald's informou, no \u00faltimo domingo (3), que demitiu o presidente executivo brit\u00e2nico Steve Eastebrook. Para saber mais clique aqui\",\"breadcrumb\":{\"@id\":\"https:\/\/www.suno.com.br\/noticias\/mcdonalds-presidente-funcionaria-demissao-relacionamento\/#breadcrumb\"},\"inLanguage\":\"pt-BR\",\"potentialAction\":[{\"@type\":\"ReadAction\",\"target\":[\"https:\/\/www.suno.com.br\/noticias\/mcdonalds-presidente-funcionaria-demissao-relacionamento\/\"]}]},{\"@type\":\"ImageObject\",\"inLanguage\":\"pt-BR\",\"@id\":\"https:\/\/www.suno.com.br\/noticias\/mcdonalds-presidente-funcionaria-demissao-relacionamento\/#primaryimage\",\"url\":\"https:\/\/files.sunoresearch.com.br\/n\/uploads\/2019\/08\/b5fd534c-mc-donaldss-jpg.webp\",\"contentUrl\":\"https:\/\/files.sunoresearch.com.br\/n\/uploads\/2019\/08\/b5fd534c-mc-donaldss-jpg.webp\",\"width\":748,\"height\":410,\"caption\":\"McDonald's\"},{\"@type\":\"BreadcrumbList\",\"@id\":\"https:\/\/www.suno.com.br\/noticias\/mcdonalds-presidente-funcionaria-demissao-relacionamento\/#breadcrumb\",\"itemListElement\":[{\"@type\":\"ListItem\",\"position\":1,\"name\":\"Not\u00edcias\",\"item\":\"https:\/\/www.suno.com.br\/noticias\/\"},{\"@type\":\"ListItem\",\"position\":2,\"name\":\"Neg\u00f3cios\",\"item\":\"https:\/\/www.suno.com.br\/noticias\/negocios\/\"},{\"@type\":\"ListItem\",\"position\":3,\"name\":\"McDonald&#8217;s demite presidente por se envolver com funcion\u00e1ria\"}]},{\"@type\":\"WebSite\",\"@id\":\"https:\/\/www.suno.com.br\/noticias\/#website\",\"url\":\"https:\/\/www.suno.com.br\/noticias\/\",\"name\":\"Suno Not\u00edcias\",\"description\":\"Seu portal de informa\u00e7\u00e3o sobre o mundo dos investimentos\",\"publisher\":{\"@id\":\"https:\/\/www.suno.com.br\/noticias\/#organization\"},\"potentialAction\":[{\"@type\":\"SearchAction\",\"target\":{\"@type\":\"EntryPoint\",\"urlTemplate\":\"https:\/\/www.suno.com.br\/noticias\/?s={search_term_string}\"},\"query-input\":{\"@type\":\"PropertyValueSpecification\",\"valueRequired\":true,\"valueName\":\"search_term_string\"}}],\"inLanguage\":\"pt-BR\"},{\"@type\":\"Organization\",\"@id\":\"https:\/\/www.suno.com.br\/noticias\/#organization\",\"name\":\"Suno Not\u00edcias\",\"url\":\"https:\/\/www.suno.com.br\/noticias\/\",\"logo\":{\"@type\":\"ImageObject\",\"inLanguage\":\"pt-BR\",\"@id\":\"https:\/\/www.suno.com.br\/noticias\/#\/schema\/logo\/image\/\",\"url\":\"https:\/\/files.sunoresearch.com.br\/n\/uploads\/2021\/09\/suno-logo.png\",\"contentUrl\":\"https:\/\/files.sunoresearch.com.br\/n\/uploads\/2021\/09\/suno-logo.png\",\"width\":180,\"height\":180,\"caption\":\"Suno Not\u00edcias\"},\"image\":{\"@id\":\"https:\/\/www.suno.com.br\/noticias\/#\/schema\/logo\/image\/\"},\"sameAs\":[\"https:\/\/facebook.com\/sunoresearch\",\"https:\/\/x.com\/sunoresearch\",\"https:\/\/www.instagram.com\/suno\",\"https:\/\/www.linkedin.com\/company\/suno-research\/\",\"https:\/\/www.youtube.com\/c\/sunoresearch\"]},{\"@type\":\"Person\",\"@id\":\"https:\/\/www.suno.com.br\/noticias\/#\/schema\/person\/02ec1f752758247878a2bf4abee1aeda\",\"name\":\"Poliana Santos\",\"image\":{\"@type\":\"ImageObject\",\"inLanguage\":\"pt-BR\",\"@id\":\"https:\/\/www.suno.com.br\/noticias\/#\/schema\/person\/image\/\",\"url\":\"https:\/\/secure.gravatar.com\/avatar\/0645bd32f23d87b2130f2b2dff1d3f8d?s=96&r=g\",\"contentUrl\":\"https:\/\/secure.gravatar.com\/avatar\/0645bd32f23d87b2130f2b2dff1d3f8d?s=96&r=g\",\"caption\":\"Poliana Santos\"},\"description\":\"Rep\u00f3rter no Suno Not\u00edcias, com cobertura em mercado financeiro, economia, finan\u00e7as pessoais, renda fixa e varejo. Jornalista formada pela Faculdade C\u00e1sper L\u00edbero e possui passagem na R\u00e1dio Gazeta AM com a produ\u00e7\u00e3o de conte\u00fado sobre economia, pol\u00edtica, sa\u00fade, moda e m\u00fasica. Possui certificado de conclus\u00e3o do curso de An\u00e1lise de Balan\u00e7os pela Funda\u00e7\u00e3o Bradesco, Agenda Brasil pela FAAP, Educa\u00e7\u00e3o Pol\u00edtica por Alexandre Garcia e do Tesouro Direto e Mercado de A\u00e7\u00f5es pela B3.\",\"url\":\"https:\/\/www.suno.com.br\/noticias\/author\/poliana-santos\/\"}]}<\/script>\n<!-- \/ Yoast SEO plugin. -->","yoast_head_json":{"title":"McDonald's demite presidente por se envolver com funcion\u00e1ria","description":"O McDonald's informou, no \u00faltimo domingo (3), que demitiu o presidente executivo brit\u00e2nico Steve Eastebrook. Para saber mais clique aqui","robots":{"index":"index","follow":"follow","max-snippet":"max-snippet:-1","max-image-preview":"max-image-preview:large","max-video-preview":"max-video-preview:-1"},"canonical":"https:\/\/www.suno.com.br\/noticias\/mcdonalds-presidente-funcionaria-demissao-relacionamento\/","og_locale":"pt_BR","og_type":"article","og_title":"McDonald's demite presidente por se envolver com funcion\u00e1ria","og_description":"O McDonald's informou, no \u00faltimo domingo (3), que demitiu o presidente executivo brit\u00e2nico Steve Eastebrook. Para saber mais clique aqui","og_url":"https:\/\/www.suno.com.br\/noticias\/mcdonalds-presidente-funcionaria-demissao-relacionamento\/","og_site_name":"Suno Not\u00edcias","article_publisher":"https:\/\/facebook.com\/sunoresearch","og_image":[{"width":748,"height":410,"url":"https:\/\/files.sunoresearch.com.br\/n\/uploads\/2019\/08\/b5fd534c-mc-donaldss.jpg","type":"image\/jpeg"}],"author":"Poliana Santos","twitter_card":"summary_large_image","twitter_creator":"@sunoresearch","twitter_site":"@sunoresearch","twitter_misc":{"Escrito por":"Poliana Santos","Est. tempo de leitura":"2 minutos"},"schema":{"@context":"https:\/\/schema.org","@graph":[{"@type":"NewsArticle","@id":"https:\/\/www.suno.com.br\/noticias\/mcdonalds-presidente-funcionaria-demissao-relacionamento\/#article","isPartOf":{"@id":"https:\/\/www.suno.com.br\/noticias\/mcdonalds-presidente-funcionaria-demissao-relacionamento\/"},"author":{"name":"Poliana Santos","@id":"https:\/\/www.suno.com.br\/noticias\/#\/schema\/person\/02ec1f752758247878a2bf4abee1aeda"},"headline":"McDonald&#8217;s demite presidente por se envolver com funcion\u00e1ria","datePublished":"2019-11-04T11:12:33+00:00","dateModified":"2019-11-05T15:46:26+00:00","mainEntityOfPage":{"@id":"https:\/\/www.suno.com.br\/noticias\/mcdonalds-presidente-funcionaria-demissao-relacionamento\/"},"wordCount":360,"publisher":{"@id":"https:\/\/www.suno.com.br\/noticias\/#organization"},"image":{"@id":"https:\/\/www.suno.com.br\/noticias\/mcdonalds-presidente-funcionaria-demissao-relacionamento\/#primaryimage"},"thumbnailUrl":"https:\/\/files.sunoresearch.com.br\/n\/uploads\/2019\/08\/b5fd534c-mc-donaldss-jpg.webp","keywords":["McDonald's (MCDC34)"],"articleSection":["Neg\u00f3cios"],"inLanguage":"pt-BR"},{"@type":"WebPage","@id":"https:\/\/www.suno.com.br\/noticias\/mcdonalds-presidente-funcionaria-demissao-relacionamento\/","url":"https:\/\/www.suno.com.br\/noticias\/mcdonalds-presidente-funcionaria-demissao-relacionamento\/","name":"McDonald's demite presidente por se envolver com funcion\u00e1ria","isPartOf":{"@id":"https:\/\/www.suno.com.br\/noticias\/#website"},"primaryImageOfPage":{"@id":"https:\/\/www.suno.com.br\/noticias\/mcdonalds-presidente-funcionaria-demissao-relacionamento\/#primaryimage"},"image":{"@id":"https:\/\/www.suno.com.br\/noticias\/mcdonalds-presidente-funcionaria-demissao-relacionamento\/#primaryimage"},"thumbnailUrl":"https:\/\/files.sunoresearch.com.br\/n\/uploads\/2019\/08\/b5fd534c-mc-donaldss-jpg.webp","datePublished":"2019-11-04T11:12:33+00:00","dateModified":"2019-11-05T15:46:26+00:00","description":"O McDonald's informou, no \u00faltimo domingo (3), que demitiu o presidente executivo brit\u00e2nico Steve Eastebrook. Para saber mais clique aqui","breadcrumb":{"@id":"https:\/\/www.suno.com.br\/noticias\/mcdonalds-presidente-funcionaria-demissao-relacionamento\/#breadcrumb"},"inLanguage":"pt-BR","potentialAction":[{"@type":"ReadAction","target":["https:\/\/www.suno.com.br\/noticias\/mcdonalds-presidente-funcionaria-demissao-relacionamento\/"]}]},{"@type":"ImageObject","inLanguage":"pt-BR","@id":"https:\/\/www.suno.com.br\/noticias\/mcdonalds-presidente-funcionaria-demissao-relacionamento\/#primaryimage","url":"https:\/\/files.sunoresearch.com.br\/n\/uploads\/2019\/08\/b5fd534c-mc-donaldss-jpg.webp","contentUrl":"https:\/\/files.sunoresearch.com.br\/n\/uploads\/2019\/08\/b5fd534c-mc-donaldss-jpg.webp","width":748,"height":410,"caption":"McDonald's"},{"@type":"BreadcrumbList","@id":"https:\/\/www.suno.com.br\/noticias\/mcdonalds-presidente-funcionaria-demissao-relacionamento\/#breadcrumb","itemListElement":[{"@type":"ListItem","position":1,"name":"Not\u00edcias","item":"https:\/\/www.suno.com.br\/noticias\/"},{"@type":"ListItem","position":2,"name":"Neg\u00f3cios","item":"https:\/\/www.suno.com.br\/noticias\/negocios\/"},{"@type":"ListItem","position":3,"name":"McDonald&#8217;s demite presidente por se envolver com funcion\u00e1ria"}]},{"@type":"WebSite","@id":"https:\/\/www.suno.com.br\/noticias\/#website","url":"https:\/\/www.suno.com.br\/noticias\/","name":"Suno Not\u00edcias","description":"Seu portal de informa\u00e7\u00e3o sobre o mundo dos investimentos","publisher":{"@id":"https:\/\/www.suno.com.br\/noticias\/#organization"},"potentialAction":[{"@type":"SearchAction","target":{"@type":"EntryPoint","urlTemplate":"https:\/\/www.suno.com.br\/noticias\/?s={search_term_string}"},"query-input":{"@type":"PropertyValueSpecification","valueRequired":true,"valueName":"search_term_string"}}],"inLanguage":"pt-BR"},{"@type":"Organization","@id":"https:\/\/www.suno.com.br\/noticias\/#organization","name":"Suno Not\u00edcias","url":"https:\/\/www.suno.com.br\/noticias\/","logo":{"@type":"ImageObject","inLanguage":"pt-BR","@id":"https:\/\/www.suno.com.br\/noticias\/#\/schema\/logo\/image\/","url":"https:\/\/files.sunoresearch.com.br\/n\/uploads\/2021\/09\/suno-logo.png","contentUrl":"https:\/\/files.sunoresearch.com.br\/n\/uploads\/2021\/09\/suno-logo.png","width":180,"height":180,"caption":"Suno Not\u00edcias"},"image":{"@id":"https:\/\/www.suno.com.br\/noticias\/#\/schema\/logo\/image\/"},"sameAs":["https:\/\/facebook.com\/sunoresearch","https:\/\/x.com\/sunoresearch","https:\/\/www.instagram.com\/suno","https:\/\/www.linkedin.com\/company\/suno-research\/","https:\/\/www.youtube.com\/c\/sunoresearch"]},{"@type":"Person","@id":"https:\/\/www.suno.com.br\/noticias\/#\/schema\/person\/02ec1f752758247878a2bf4abee1aeda","name":"Poliana Santos","image":{"@type":"ImageObject","inLanguage":"pt-BR","@id":"https:\/\/www.suno.com.br\/noticias\/#\/schema\/person\/image\/","url":"https:\/\/secure.gravatar.com\/avatar\/0645bd32f23d87b2130f2b2dff1d3f8d?s=96&r=g","contentUrl":"https:\/\/secure.gravatar.com\/avatar\/0645bd32f23d87b2130f2b2dff1d3f8d?s=96&r=g","caption":"Poliana Santos"},"description":"Rep\u00f3rter no Suno Not\u00edcias, com cobertura em mercado financeiro, economia, finan\u00e7as pessoais, renda fixa e varejo. Jornalista formada pela Faculdade C\u00e1sper L\u00edbero e possui passagem na R\u00e1dio Gazeta AM com a produ\u00e7\u00e3o de conte\u00fado sobre economia, pol\u00edtica, sa\u00fade, moda e m\u00fasica. Possui certificado de conclus\u00e3o do curso de An\u00e1lise de Balan\u00e7os pela Funda\u00e7\u00e3o Bradesco, Agenda Brasil pela FAAP, Educa\u00e7\u00e3o Pol\u00edtica por Alexandre Garcia e do Tesouro Direto e Mercado de A\u00e7\u00f5es pela B3.","url":"https:\/\/www.suno.com.br\/noticias\/author\/poliana-santos\/"}]}},"default_loop_html":"<div class=\"cardsPage__listCard__boxs\"><div class=\"cardsPage__listCard__boxs__img\"><a href=\"https:\/\/www.suno.com.br\/noticias\/mcdonalds-presidente-funcionaria-demissao-relacionamento\/\"><img class=\"mask\" src=\"https:\/\/www.suno.com.br\/noticias\/wp-content\/themes\/suno\/resources\/images\/spotlight\/spotlight1img\/bg-mask.png\" alt=\"Image Mask\"\/><img src=\"https:\/\/files.sunoresearch.com.br\/n\/uploads\/2019\/08\/b5fd534c-mc-donaldss-400x200.webp\" alt=\"McDonald&#8217;s demite presidente por se envolver com funcion\u00e1ria\"\/><\/a><span class=\"spotlightCategory\"><a href=\"https:\/\/www.suno.com.br\/noticias\/negocios\/\">Neg\u00f3cios<\/a><\/span><\/div><div class=\"cardsPage__listCard__boxs__content\"><a href=\"https:\/\/www.suno.com.br\/noticias\/mcdonalds-presidente-funcionaria-demissao-relacionamento\/\"><h2 class=\"content__title\">McDonald&#8217;s demite presidente por se envolver com funcion\u00e1ria<\/h2><\/a><div class=\"newsContent__article__meta\"><div class=\"newsContent__article__meta__authorBox\"><a href=\"https:\/\/www.suno.com.br\/noticias\/author\/poliana-santos\/\" class=\"authorBox__avatar noMobi\"><img src=\"https:\/\/files.sunoresearch.com.br\/n\/uploads\/2020\/08\/7ef34026-whatsapp-image-2020-08-03-at-12.37.57-150x150.webp\" alt=\"Poliana Santos\"><\/a><div class=\"authorBox__name\"><span>por\n\t\t\t<a href=\"https:\/\/www.suno.com.br\/noticias\/author\/poliana-santos\/\"><span itemprop=\"author\">Poliana Santos<\/span><\/a><\/span><time datetime=\"2019-11-04T09:12:33-03:00\" itemprop=\"datePublished\">04\/11\/2019 09:12<\/time><\/div><\/div><\/div><\/div><\/div>","single_layout":"posts","amp_enabled":true,"_links":{"self":[{"href":"https:\/\/www.suno.com.br\/noticias\/wp-json\/wp\/v2\/posts\/43524"}],"collection":[{"href":"https:\/\/www.suno.com.br\/noticias\/wp-json\/wp\/v2\/posts"}],"about":[{"href":"https:\/\/www.suno.com.br\/noticias\/wp-json\/wp\/v2\/types\/post"}],"author":[{"embeddable":true,"href":"https:\/\/www.suno.com.br\/noticias\/wp-json\/wp\/v2\/users\/15"}],"replies":[{"embeddable":true,"href":"https:\/\/www.suno.com.br\/noticias\/wp-json\/wp\/v2\/comments?post=43524"}],"version-history":[{"count":0,"href":"https:\/\/www.suno.com.br\/noticias\/wp-json\/wp\/v2\/posts\/43524\/revisions"}],"wp:featuredmedia":[{"embeddable":true,"href":"https:\/\/www.suno.com.br\/noticias\/wp-json\/wp\/v2\/media\/34578"}],"wp:attachment":[{"href":"https:\/\/www.suno.com.br\/noticias\/wp-json\/wp\/v2\/media?parent=43524"}],"wp:term":[{"taxonomy":"category","embeddable":true,"href":"https:\/\/www.suno.com.br\/noticias\/wp-json\/wp\/v2\/categories?post=43524"},{"taxonomy":"post_tag","embeddable":true,"href":"https:\/\/www.suno.com.br\/noticias\/wp-json\/wp\/v2\/tags?post=43524"},{"taxonomy":"suno_strategy","embeddable":true,"href":"https:\/\/www.suno.com.br\/noticias\/wp-json\/wp\/v2\/suno_strategy?post=43524"}],"curies":[{"name":"wp","href":"https:\/\/api.w.org\/{rel}","templated":true}]}}