{"id":435157,"date":"2023-07-31T06:59:00","date_gmt":"2023-07-31T09:59:00","guid":{"rendered":"https:\/\/www.suno.com.br\/noticias\/?p=435157"},"modified":"2023-07-28T21:02:09","modified_gmt":"2023-07-29T00:02:09","slug":"imposto-renda-2023-terceiro-lote-hoje31-cpf","status":"publish","type":"post","link":"https:\/\/www.suno.com.br\/noticias\/imposto-renda-2023-terceiro-lote-hoje31-cpf\/","title":{"rendered":"\u00c9 hoje: 3\u00ba lote de restitui\u00e7\u00e3o do Imposto de Renda 2023 come\u00e7a a ser depositado nesta segunda-feira (31)"},"content":{"rendered":"<p>A restitui\u00e7\u00e3o do <strong>Imposto de Renda 2023<\/strong> est\u00e1 em seu terceiro lote e os pagamentos come\u00e7am a ser feitos pela <a class=\"suno-keyword\" data-force=\"no\" data-priority=\"3\" href=\"https:\/\/www.suno.com.br\/artigos\/receita-federal\/\" target=\"_blank\" rel=\"noopener\">Receita Federal<\/a> nesta segunda-feira (31). O lote de restitui\u00e7\u00e3o tem R$ 7,5 bilh\u00f5es dispon\u00edveis para cerca de 5,6 milh\u00f5es de pessoas. <\/p>\t<div class=\"wrapper-featured-image\">\n\t\t<figure class=\"spotlightImg\">\n\n\t\t\t<picture>\n\t\t\t\t<source media=\"(max-width: 768px)\" srcset=\"https:\/\/files.sunoresearch.com.br\/n\/uploads\/2023\/05\/irpf-restituicao-400x200.jpg\">\n\t\t\t\t<img loading=\"lazy\" decoding=\"async\" class=\"newsContent__article__imgCapa lazyloadDisabled \" src=\"https:\/\/files.sunoresearch.com.br\/n\/uploads\/2023\/05\/irpf-restituicao-800x450.jpg\" width=\"800\" height=\"450\" alt=\"\u00c9 hoje: 3\u00ba lote de restitui\u00e7\u00e3o do Imposto de Renda 2023 come\u00e7a a ser depositado nesta segunda-feira (31)\" fetchpriority=high \/>\n\t\t\t<\/picture>\n\n\t\t\t<figcaption class=\"wp-caption-text wp-caption-text--show\">Imposto de Renda 2024 - Foto: iStock<\/figcaption>\n\t\t<\/figure>\n\t<\/div>\n\n\n\n\n\n\t<p>\n\t\t<a href=\"https:\/\/lp.suno.com.br\/ebook-guia-ir\/\" target=\"_blank\" data-element=\"shortcode-suno-banner\" title=\"Banner SUNO, clique e saiba mais\">\n\t\t\t<picture>\n\t\t\t\t<source media=\"(max-width: 500px)\" srcset=\"https:\/\/files.sunoresearch.com.br\/n\/uploads\/2023\/03\/400x300-Ebook-IR.png\">\n\t\t\t\t<img class=\"newsContent__article__imgCapa newsContent__article__imgCapa--banner\"\n\t\t\t\t\tsrc=\"https:\/\/files.sunoresearch.com.br\/n\/uploads\/2023\/03\/1420x240-Ebook-IR.png\"\n\t\t\t\t\tdata-promo-id=\"383124\"\t\t\t\t\t\t\t\t\t\twidth='1420' height='240'\t\t\t\t\talt=\"https:\/\/files.sunoresearch.com.br\/n\/uploads\/2023\/03\/1420x240-Ebook-IR.png\"\n\t\t\t\t>\n\t\t\t<\/picture>\n\t\t<\/a>\n\t<\/p>\n\n\n\n\n\n<p>O <strong>terceiro lote da restitui\u00e7\u00e3o<\/strong> do Imposto de Renda ser\u00e1 a primeira oportunidade para contribuintes sem qualquer tipo de prioridade receberem parte dos valores. Ao todo, 5.632.036 pessoas devem ver o dinheiro caindo nas suas contas banc\u00e1rias informadas na Declara\u00e7\u00e3o do IRPF, sendo R$ 5,5 bilh\u00f5es destinados aos contribuintes com prioridade.  <\/p>\n\n\n\n<p>Os grupos de prioridade do Imposto de Renda s\u00e3o, em ordem de prioridade:<\/p>\n\n\n\n<ul class=\"wp-block-list\">\n<li>idosos acima de 80 anos; <\/li>\n\n\n\n<li>contribuintes entre 60 e 79 anos;<\/li>\n\n\n\n<li> pessoas com alguma defici\u00eancia f\u00edsica ou mental ou mol\u00e9stia grave; <\/li>\n\n\n\n<li>e contribuintes cuja maior <a class=\"suno-keyword\" data-force=\"no\" data-priority=\"1\" href=\"https:\/\/www.suno.com.br\/artigos\/fonte-de-renda\/\" target=\"_blank\" rel=\"noopener\">fonte de renda<\/a> seja o magist\u00e9rio.<\/li>\n<\/ul>\n\n\n\t<p>\n\t\t<a href=\"https:\/\/lp.suno.com.br\/suno-one\/?utm_campaign=_SNC6964518A_\" target=\"_blank\" data-element=\"shortcode-suno-banner\" title=\"Banner SUNO, clique e saiba mais\">\n\t\t\t<picture>\n\t\t\t\t<source media=\"(max-width: 500px)\" srcset=\"https:\/\/files.sunoresearch.com.br\/n\/uploads\/2025\/09\/400x300-Suno-One-png.webp\">\n\t\t\t\t<img class=\"newsContent__article__imgCapa newsContent__article__imgCapa--banner\"\n\t\t\t\t\tsrc=\"https:\/\/files.sunoresearch.com.br\/n\/uploads\/2025\/09\/1420x240-Suno-One-png.webp\"\n\t\t\t\t\tdata-promo-id=\"383121\"\t\t\t\t\t\t\t\t\t\twidth='1420' height='240'\t\t\t\t\talt=\"https:\/\/files.sunoresearch.com.br\/n\/uploads\/2025\/09\/1420x240-Suno-One-png.webp\"\n\t\t\t\t>\n\t\t\t<\/picture>\n\t\t<\/a>\n\t<\/p>\n\n\n\n\n\n<p>Al\u00e9m disso, outros dois novos grupos tamb\u00e9m continuam a receber com prioridade: aqueles que optaram pela <strong>declara\u00e7\u00e3o pr\u00e9-preenchida<\/strong> ou por receber a <strong>restitui\u00e7\u00e3o via Pix<\/strong>.<\/p>\n\n\n\n<p>As expectativas s\u00e3o de que 5,6 milh\u00f5es de pessoas recebam a restitui\u00e7\u00e3o do <strong>IR 2023<\/strong> no terceiro lote, sendo elas:<\/p>\n\n\n\n<ul class=\"wp-block-list\">\n<li>16.536 idosos acima de 80 anos;<\/li>\n\n\n\n<li>95.047 contribuintes entre 60 e 79 anos;<\/li>\n\n\n\n<li>9.740 pessoas com alguma defici\u00eancia f\u00edsica ou mental ou mol\u00e9stia grave;<\/li>\n\n\n\n<li>30.700 profissionais cuja maior fonte de renda seja o magist\u00e9rio e;<\/li>\n\n\n\n<li>3.879.049 pessoas sem prioridade legal, que usaram a declara\u00e7\u00e3o pr\u00e9-preenchida ou ir\u00e3o receber a restitui\u00e7\u00e3o via Pix;<\/li>\n\n\n\n<li>1.600.964 contribuintes sem prioridades legais que entregaram a declara\u00e7\u00e3o at\u00e9 o dia 23 de mar\u00e7o.<\/li>\n<\/ul>\n\n\n\n<h2 class=\"wp-block-heading\">Corre\u00e7\u00e3o dos valores a receber no IRPF<\/h2>\n\n\n\n<p>A Receita Federal anunciou que os pr\u00f3ximos valores a serem pagos do Imposto de Renda ser\u00e3o corrigidos em rela\u00e7\u00e3o aos lotes anteriores (pagos em 31 de maio e 30 de junho). <\/p>\n\n\n\n<p>Os dep\u00f3sitos dos pr\u00f3ximos lotes passar\u00e3o por uma <strong>corre\u00e7\u00e3o de 2,07%<\/strong>. Essa altera\u00e7\u00e3o ocorre em raz\u00e3o da Selic, a taxa b\u00e1sica de juros, que est\u00e1 em 13,75% ao ano. A taxa \u00e9 acumulada a partir do m\u00eas seguinte ap\u00f3s o prazo final da entrega (dia 31 de maio). No segundo lote, pago no m\u00eas passado, a corre\u00e7\u00e3o havia sido de 1%. <\/p>\n\n\n\n<p>Logo, os contribuintes que receberem a restitui\u00e7\u00e3o nos pr\u00f3ximos lotes de agosto e setembro tamb\u00e9m devem aguardar taxas maiores de corre\u00e7\u00e3o. <\/p>\n\n\n\n<h2 class=\"wp-block-heading\">Consulta da Restitui\u00e7\u00e3o do IR 2023<\/h2>\n\n\n\n<p>Para conferir se a sua restitui\u00e7\u00e3o do Imposto de Renda 2023 j\u00e1 est\u00e1 liberada ou quando ser\u00e1 disponibilizada, \u00e9 poss\u00edvel acessar o site oficial, atrav\u00e9s do portal e-CAC. Para isso, o contribuinte deve:<\/p>\n\n\n\n<ul class=\"wp-block-list\">\n<li>Acessar o Portal e-CAC;<\/li>\n\n\n\n<li>Clicar em \u201cEntrar com gov.br\u201d;<\/li>\n\n\n\n<li>Na p\u00e1gina seguinte, informe o CPF e \u201cContinuar\u201d;<\/li>\n\n\n\n<li>Depois, digite a senha e \u201cEntrar\u201d;<\/li>\n\n\n\n<li>Na aba de \u201cServi\u00e7os em destaque\u201d, escolha a op\u00e7\u00e3o \u201cMeu Imposto de Renda (Extrato da Dirpf)\u201d.<\/li>\n<\/ul>\n\n\n\n<h2 class=\"wp-block-heading\">Calend\u00e1rio da restitui\u00e7\u00e3o do Imposto de Renda 2023<\/h2>\n\n\n\n<p>Para se planejar financeiramente e garantir que todas as suas informa\u00e7\u00f5es estejam em ordem, \u00e9 importante conferir o <strong>calend\u00e1rio de restitui\u00e7\u00f5es do IRPF<\/strong>  e saber qual ser\u00e1 o seu lote entre os tr\u00eas restantes. Confira abaixo o calend\u00e1rio completo:<\/p>\n\n\n\n<ul class=\"wp-block-list\">\n<li>1\u00ba lote da restitui\u00e7\u00e3o &#8211; pago em 31 de maio<\/li>\n\n\n\n<li>2\u00ba lote &#8211; pago em 30 de junho<\/li>\n\n\n\n<li>3\u00ba lote &#8211; ser\u00e1 pago hoje, dia 31 de julho<\/li>\n\n\n\n<li>4\u00ba lote &#8211; 31 de agosto<\/li>\n\n\n\n<li>5\u00ba lote &#8211; 29 de setembro<\/li>\n<\/ul>\n\n\n\n<p>Mesmo que n\u00e3o v\u00e1 receber a restitui\u00e7\u00e3o agora no pr\u00f3ximo dia 31 de julho, a <strong>consulta do IR 2023<\/strong> permite que os contribuintes verifiquem se a declara\u00e7\u00e3o foi bem preenchida. Dessa forma, o indiv\u00edduo evita ter quaisquer pend\u00eancias ou cair na <a class=\"suno-keyword\" data-force=\"no\" data-priority=\"1\" href=\"https:\/\/www.suno.com.br\/artigos\/malha-fina\/\" target=\"_blank\" rel=\"noopener\"><strong>malha fina<\/strong><\/a>.<\/p>\n\n\n\n<p>Caso a <a class=\"suno-keyword\" data-force=\"no\" data-priority=\"3\" href=\"https:\/\/www.suno.com.br\/artigos\/receita-federal\/\" target=\"_blank\" rel=\"noopener\">Receita Federal<\/a> encontre alguma pend\u00eancia no<strong> Imposto de Renda 2023<\/strong>, o contribuinte ter\u00e1 a oportunidade de retificar a declara\u00e7\u00e3o e corrigir as informa\u00e7\u00f5es err\u00f4neas. Al\u00e9m disso, \u00e9 importante estar atento aos pagamentos do IR para tomar conhecimento do seu patrim\u00f4nio e quanto tem dispon\u00edvel para gastar. <\/p>\n\n\n\t<p>\n\t\t<a href=\"https:\/\/lp.suno.com.br\/planilha-da-vida-financeira\/\" target=\"_blank\" data-element=\"shortcode-suno-banner\" title=\"Banner SUNO, clique e saiba mais\">\n\t\t\t<picture>\n\t\t\t\t<source media=\"(max-width: 500px)\" srcset=\"https:\/\/files.sunoresearch.com.br\/n\/uploads\/2023\/04\/400x300-Planilha-vida-financeira-true.png\">\n\t\t\t\t<img class=\"newsContent__article__imgCapa newsContent__article__imgCapa--banner\"\n\t\t\t\t\tsrc=\"https:\/\/files.sunoresearch.com.br\/n\/uploads\/2023\/04\/1420x240-Planilha-vida-financeira-true.png\"\n\t\t\t\t\tdata-promo-id=\"383123\"\t\t\t\t\t\t\t\t\t\twidth='1420' height='240'\t\t\t\t\talt=\"https:\/\/files.sunoresearch.com.br\/n\/uploads\/2023\/04\/1420x240-Planilha-vida-financeira-true.png\"\n\t\t\t\t>\n\t\t\t<\/picture>\n\t\t<\/a>\n\t<\/p>\n\n\n","protected":false},"excerpt":{"rendered":"<p>A restitui\u00e7\u00e3o do Imposto de Renda 2023 est\u00e1 em seu terceiro lote e os pagamentos come\u00e7am a ser feitos pela Receita Federal nesta segunda-feira (31). O lote de restitui\u00e7\u00e3o tem R$ 7,5 bilh\u00f5es dispon\u00edveis para cerca de 5,6 milh\u00f5es de pessoas. Imposto de Renda 2024 &#8211; Foto: iStock O terceiro lote da restitui\u00e7\u00e3o do Imposto [&hellip;]<\/p>\n","protected":false},"author":283,"featured_media":408589,"comment_status":"closed","ping_status":"closed","sticky":false,"template":"","format":"standard","meta":[],"categories":[65],"tags":[303,847],"suno_strategy":[],"class_list":["post-435157","post","type-post","status-publish","format-standard","has-post-thumbnail","hentry","category-financas-pessoais","tag-imposto-de-renda","tag-receita-federal"],"yoast_head":"<!-- This site is optimized with the Yoast SEO plugin v24.4 - https:\/\/yoast.com\/wordpress\/plugins\/seo\/ -->\n<title>\u00c9 hoje (31): 3\u00ba lote da restitui\u00e7\u00e3o do Imposto de renda 2023 cai na conta<\/title>\n<meta name=\"description\" content=\"O terceiro lote da restitui\u00e7\u00e3o do Imposto de Renda 2023 ser\u00e1 pago aos contribuintes nesta segunda-feira (31); veja quem vai receber.\" \/>\n<meta name=\"robots\" content=\"index, follow, max-snippet:-1, max-image-preview:large, max-video-preview:-1\" \/>\n<link rel=\"canonical\" href=\"https:\/\/www.suno.com.br\/noticias\/imposto-renda-2023-terceiro-lote-hoje31-cpf\/\" \/>\n<meta property=\"og:locale\" content=\"pt_BR\" \/>\n<meta property=\"og:type\" content=\"article\" \/>\n<meta property=\"og:title\" content=\"\u00c9 hoje (31): 3\u00ba lote da restitui\u00e7\u00e3o do Imposto de renda 2023 cai na conta\" \/>\n<meta property=\"og:description\" content=\"O terceiro lote da restitui\u00e7\u00e3o do Imposto de Renda 2023 ser\u00e1 pago aos contribuintes nesta segunda-feira (31); veja quem vai receber.\" \/>\n<meta property=\"og:url\" content=\"https:\/\/www.suno.com.br\/noticias\/imposto-renda-2023-terceiro-lote-hoje31-cpf\/\" \/>\n<meta property=\"og:site_name\" content=\"Suno Not\u00edcias\" \/>\n<meta property=\"article:publisher\" content=\"https:\/\/facebook.com\/sunoresearch\" \/>\n<meta property=\"og:image\" content=\"https:\/\/files.sunoresearch.com.br\/n\/uploads\/2023\/05\/irpf-restituicao.jpg\" \/>\n\t<meta property=\"og:image:width\" content=\"1200\" \/>\n\t<meta property=\"og:image:height\" content=\"800\" \/>\n\t<meta property=\"og:image:type\" content=\"image\/jpeg\" \/>\n<meta name=\"author\" content=\"Camila Paim\" \/>\n<meta name=\"twitter:card\" content=\"summary_large_image\" \/>\n<meta name=\"twitter:creator\" content=\"@sunoresearch\" \/>\n<meta name=\"twitter:site\" content=\"@sunoresearch\" \/>\n<meta name=\"twitter:label1\" content=\"Escrito por\" \/>\n\t<meta name=\"twitter:data1\" content=\"Camila Paim\" \/>\n\t<meta name=\"twitter:label2\" content=\"Est. tempo de leitura\" \/>\n\t<meta name=\"twitter:data2\" content=\"4 minutos\" \/>\n<script type=\"application\/ld+json\" class=\"yoast-schema-graph\">{\"@context\":\"https:\/\/schema.org\",\"@graph\":[{\"@type\":\"NewsArticle\",\"@id\":\"https:\/\/www.suno.com.br\/noticias\/imposto-renda-2023-terceiro-lote-hoje31-cpf\/#article\",\"isPartOf\":{\"@id\":\"https:\/\/www.suno.com.br\/noticias\/imposto-renda-2023-terceiro-lote-hoje31-cpf\/\"},\"author\":{\"name\":\"Camila Paim\",\"@id\":\"https:\/\/www.suno.com.br\/noticias\/#\/schema\/person\/f341d3ae5d1cc685176c9a5327cdfdbb\"},\"headline\":\"\u00c9 hoje: 3\u00ba lote de restitui\u00e7\u00e3o do Imposto de Renda 2023 come\u00e7a a ser depositado nesta segunda-feira (31)\",\"datePublished\":\"2023-07-31T09:59:00+00:00\",\"mainEntityOfPage\":{\"@id\":\"https:\/\/www.suno.com.br\/noticias\/imposto-renda-2023-terceiro-lote-hoje31-cpf\/\"},\"wordCount\":683,\"publisher\":{\"@id\":\"https:\/\/www.suno.com.br\/noticias\/#organization\"},\"image\":{\"@id\":\"https:\/\/www.suno.com.br\/noticias\/imposto-renda-2023-terceiro-lote-hoje31-cpf\/#primaryimage\"},\"thumbnailUrl\":\"https:\/\/files.sunoresearch.com.br\/n\/uploads\/2023\/05\/irpf-restituicao.jpg\",\"keywords\":[\"Imposto de Renda\",\"Receita Federal\"],\"articleSection\":[\"Finan\u00e7as Pessoais\"],\"inLanguage\":\"pt-BR\"},{\"@type\":\"WebPage\",\"@id\":\"https:\/\/www.suno.com.br\/noticias\/imposto-renda-2023-terceiro-lote-hoje31-cpf\/\",\"url\":\"https:\/\/www.suno.com.br\/noticias\/imposto-renda-2023-terceiro-lote-hoje31-cpf\/\",\"name\":\"\u00c9 hoje (31): 3\u00ba lote da restitui\u00e7\u00e3o do Imposto de renda 2023 cai na conta\",\"isPartOf\":{\"@id\":\"https:\/\/www.suno.com.br\/noticias\/#website\"},\"primaryImageOfPage\":{\"@id\":\"https:\/\/www.suno.com.br\/noticias\/imposto-renda-2023-terceiro-lote-hoje31-cpf\/#primaryimage\"},\"image\":{\"@id\":\"https:\/\/www.suno.com.br\/noticias\/imposto-renda-2023-terceiro-lote-hoje31-cpf\/#primaryimage\"},\"thumbnailUrl\":\"https:\/\/files.sunoresearch.com.br\/n\/uploads\/2023\/05\/irpf-restituicao.jpg\",\"datePublished\":\"2023-07-31T09:59:00+00:00\",\"description\":\"O terceiro lote da restitui\u00e7\u00e3o do Imposto de Renda 2023 ser\u00e1 pago aos contribuintes nesta segunda-feira (31); veja quem vai receber.\",\"breadcrumb\":{\"@id\":\"https:\/\/www.suno.com.br\/noticias\/imposto-renda-2023-terceiro-lote-hoje31-cpf\/#breadcrumb\"},\"inLanguage\":\"pt-BR\",\"potentialAction\":[{\"@type\":\"ReadAction\",\"target\":[\"https:\/\/www.suno.com.br\/noticias\/imposto-renda-2023-terceiro-lote-hoje31-cpf\/\"]}]},{\"@type\":\"ImageObject\",\"inLanguage\":\"pt-BR\",\"@id\":\"https:\/\/www.suno.com.br\/noticias\/imposto-renda-2023-terceiro-lote-hoje31-cpf\/#primaryimage\",\"url\":\"https:\/\/files.sunoresearch.com.br\/n\/uploads\/2023\/05\/irpf-restituicao.jpg\",\"contentUrl\":\"https:\/\/files.sunoresearch.com.br\/n\/uploads\/2023\/05\/irpf-restituicao.jpg\",\"width\":1200,\"height\":800,\"caption\":\"Imposto de Renda 2024 - Foto: iStock\"},{\"@type\":\"BreadcrumbList\",\"@id\":\"https:\/\/www.suno.com.br\/noticias\/imposto-renda-2023-terceiro-lote-hoje31-cpf\/#breadcrumb\",\"itemListElement\":[{\"@type\":\"ListItem\",\"position\":1,\"name\":\"Not\u00edcias\",\"item\":\"https:\/\/www.suno.com.br\/noticias\/\"},{\"@type\":\"ListItem\",\"position\":2,\"name\":\"Finan\u00e7as Pessoais\",\"item\":\"https:\/\/www.suno.com.br\/noticias\/financas-pessoais\/\"},{\"@type\":\"ListItem\",\"position\":3,\"name\":\"\u00c9 hoje: 3\u00ba lote de restitui\u00e7\u00e3o do Imposto de Renda 2023 come\u00e7a a ser depositado nesta segunda-feira (31)\"}]},{\"@type\":\"WebSite\",\"@id\":\"https:\/\/www.suno.com.br\/noticias\/#website\",\"url\":\"https:\/\/www.suno.com.br\/noticias\/\",\"name\":\"Suno Not\u00edcias\",\"description\":\"Seu portal de informa\u00e7\u00e3o sobre o mundo dos investimentos\",\"publisher\":{\"@id\":\"https:\/\/www.suno.com.br\/noticias\/#organization\"},\"potentialAction\":[{\"@type\":\"SearchAction\",\"target\":{\"@type\":\"EntryPoint\",\"urlTemplate\":\"https:\/\/www.suno.com.br\/noticias\/?s={search_term_string}\"},\"query-input\":{\"@type\":\"PropertyValueSpecification\",\"valueRequired\":true,\"valueName\":\"search_term_string\"}}],\"inLanguage\":\"pt-BR\"},{\"@type\":\"Organization\",\"@id\":\"https:\/\/www.suno.com.br\/noticias\/#organization\",\"name\":\"Suno Not\u00edcias\",\"url\":\"https:\/\/www.suno.com.br\/noticias\/\",\"logo\":{\"@type\":\"ImageObject\",\"inLanguage\":\"pt-BR\",\"@id\":\"https:\/\/www.suno.com.br\/noticias\/#\/schema\/logo\/image\/\",\"url\":\"https:\/\/files.sunoresearch.com.br\/n\/uploads\/2021\/09\/suno-logo.png\",\"contentUrl\":\"https:\/\/files.sunoresearch.com.br\/n\/uploads\/2021\/09\/suno-logo.png\",\"width\":180,\"height\":180,\"caption\":\"Suno Not\u00edcias\"},\"image\":{\"@id\":\"https:\/\/www.suno.com.br\/noticias\/#\/schema\/logo\/image\/\"},\"sameAs\":[\"https:\/\/facebook.com\/sunoresearch\",\"https:\/\/x.com\/sunoresearch\",\"https:\/\/www.instagram.com\/suno\",\"https:\/\/www.linkedin.com\/company\/suno-research\/\",\"https:\/\/www.youtube.com\/c\/sunoresearch\"]},{\"@type\":\"Person\",\"@id\":\"https:\/\/www.suno.com.br\/noticias\/#\/schema\/person\/f341d3ae5d1cc685176c9a5327cdfdbb\",\"name\":\"Camila Paim\",\"image\":{\"@type\":\"ImageObject\",\"inLanguage\":\"pt-BR\",\"@id\":\"https:\/\/www.suno.com.br\/noticias\/#\/schema\/person\/image\/\",\"url\":\"https:\/\/secure.gravatar.com\/avatar\/f33728e65febb1aa7ecf6792956f9b20?s=96&r=g\",\"contentUrl\":\"https:\/\/secure.gravatar.com\/avatar\/f33728e65febb1aa7ecf6792956f9b20?s=96&r=g\",\"caption\":\"Camila Paim\"},\"description\":\"Jornalista formada pela USP, tem experi\u00eancia em reda\u00e7\u00f5es, SEO, Branded Content e Webdesign. Com passagem pelo Jornal da USP, Empiricus e C6 Bank, hoje \u00e9 rep\u00f3rter no Suno Not\u00edcias cobrindo macroeconomia, finan\u00e7as pessoais e startups.\",\"url\":\"https:\/\/www.suno.com.br\/noticias\/author\/camila-figueiredosuno-com-br\/\"}]}<\/script>\n<!-- \/ Yoast SEO plugin. -->","yoast_head_json":{"title":"\u00c9 hoje (31): 3\u00ba lote da restitui\u00e7\u00e3o do Imposto de renda 2023 cai na conta","description":"O terceiro lote da restitui\u00e7\u00e3o do Imposto de Renda 2023 ser\u00e1 pago aos contribuintes nesta segunda-feira (31); veja quem vai receber.","robots":{"index":"index","follow":"follow","max-snippet":"max-snippet:-1","max-image-preview":"max-image-preview:large","max-video-preview":"max-video-preview:-1"},"canonical":"https:\/\/www.suno.com.br\/noticias\/imposto-renda-2023-terceiro-lote-hoje31-cpf\/","og_locale":"pt_BR","og_type":"article","og_title":"\u00c9 hoje (31): 3\u00ba lote da restitui\u00e7\u00e3o do Imposto de renda 2023 cai na conta","og_description":"O terceiro lote da restitui\u00e7\u00e3o do Imposto de Renda 2023 ser\u00e1 pago aos contribuintes nesta segunda-feira (31); veja quem vai receber.","og_url":"https:\/\/www.suno.com.br\/noticias\/imposto-renda-2023-terceiro-lote-hoje31-cpf\/","og_site_name":"Suno Not\u00edcias","article_publisher":"https:\/\/facebook.com\/sunoresearch","og_image":[{"width":1200,"height":800,"url":"https:\/\/files.sunoresearch.com.br\/n\/uploads\/2023\/05\/irpf-restituicao.jpg","type":"image\/jpeg"}],"author":"Camila Paim","twitter_card":"summary_large_image","twitter_creator":"@sunoresearch","twitter_site":"@sunoresearch","twitter_misc":{"Escrito por":"Camila Paim","Est. tempo de leitura":"4 minutos"},"schema":{"@context":"https:\/\/schema.org","@graph":[{"@type":"NewsArticle","@id":"https:\/\/www.suno.com.br\/noticias\/imposto-renda-2023-terceiro-lote-hoje31-cpf\/#article","isPartOf":{"@id":"https:\/\/www.suno.com.br\/noticias\/imposto-renda-2023-terceiro-lote-hoje31-cpf\/"},"author":{"name":"Camila Paim","@id":"https:\/\/www.suno.com.br\/noticias\/#\/schema\/person\/f341d3ae5d1cc685176c9a5327cdfdbb"},"headline":"\u00c9 hoje: 3\u00ba lote de restitui\u00e7\u00e3o do Imposto de Renda 2023 come\u00e7a a ser depositado nesta segunda-feira (31)","datePublished":"2023-07-31T09:59:00+00:00","mainEntityOfPage":{"@id":"https:\/\/www.suno.com.br\/noticias\/imposto-renda-2023-terceiro-lote-hoje31-cpf\/"},"wordCount":683,"publisher":{"@id":"https:\/\/www.suno.com.br\/noticias\/#organization"},"image":{"@id":"https:\/\/www.suno.com.br\/noticias\/imposto-renda-2023-terceiro-lote-hoje31-cpf\/#primaryimage"},"thumbnailUrl":"https:\/\/files.sunoresearch.com.br\/n\/uploads\/2023\/05\/irpf-restituicao.jpg","keywords":["Imposto de Renda","Receita Federal"],"articleSection":["Finan\u00e7as Pessoais"],"inLanguage":"pt-BR"},{"@type":"WebPage","@id":"https:\/\/www.suno.com.br\/noticias\/imposto-renda-2023-terceiro-lote-hoje31-cpf\/","url":"https:\/\/www.suno.com.br\/noticias\/imposto-renda-2023-terceiro-lote-hoje31-cpf\/","name":"\u00c9 hoje (31): 3\u00ba lote da restitui\u00e7\u00e3o do Imposto de renda 2023 cai na conta","isPartOf":{"@id":"https:\/\/www.suno.com.br\/noticias\/#website"},"primaryImageOfPage":{"@id":"https:\/\/www.suno.com.br\/noticias\/imposto-renda-2023-terceiro-lote-hoje31-cpf\/#primaryimage"},"image":{"@id":"https:\/\/www.suno.com.br\/noticias\/imposto-renda-2023-terceiro-lote-hoje31-cpf\/#primaryimage"},"thumbnailUrl":"https:\/\/files.sunoresearch.com.br\/n\/uploads\/2023\/05\/irpf-restituicao.jpg","datePublished":"2023-07-31T09:59:00+00:00","description":"O terceiro lote da restitui\u00e7\u00e3o do Imposto de Renda 2023 ser\u00e1 pago aos contribuintes nesta segunda-feira (31); veja quem vai receber.","breadcrumb":{"@id":"https:\/\/www.suno.com.br\/noticias\/imposto-renda-2023-terceiro-lote-hoje31-cpf\/#breadcrumb"},"inLanguage":"pt-BR","potentialAction":[{"@type":"ReadAction","target":["https:\/\/www.suno.com.br\/noticias\/imposto-renda-2023-terceiro-lote-hoje31-cpf\/"]}]},{"@type":"ImageObject","inLanguage":"pt-BR","@id":"https:\/\/www.suno.com.br\/noticias\/imposto-renda-2023-terceiro-lote-hoje31-cpf\/#primaryimage","url":"https:\/\/files.sunoresearch.com.br\/n\/uploads\/2023\/05\/irpf-restituicao.jpg","contentUrl":"https:\/\/files.sunoresearch.com.br\/n\/uploads\/2023\/05\/irpf-restituicao.jpg","width":1200,"height":800,"caption":"Imposto de Renda 2024 - Foto: iStock"},{"@type":"BreadcrumbList","@id":"https:\/\/www.suno.com.br\/noticias\/imposto-renda-2023-terceiro-lote-hoje31-cpf\/#breadcrumb","itemListElement":[{"@type":"ListItem","position":1,"name":"Not\u00edcias","item":"https:\/\/www.suno.com.br\/noticias\/"},{"@type":"ListItem","position":2,"name":"Finan\u00e7as Pessoais","item":"https:\/\/www.suno.com.br\/noticias\/financas-pessoais\/"},{"@type":"ListItem","position":3,"name":"\u00c9 hoje: 3\u00ba lote de restitui\u00e7\u00e3o do Imposto de Renda 2023 come\u00e7a a ser depositado nesta segunda-feira (31)"}]},{"@type":"WebSite","@id":"https:\/\/www.suno.com.br\/noticias\/#website","url":"https:\/\/www.suno.com.br\/noticias\/","name":"Suno Not\u00edcias","description":"Seu portal de informa\u00e7\u00e3o sobre o mundo dos investimentos","publisher":{"@id":"https:\/\/www.suno.com.br\/noticias\/#organization"},"potentialAction":[{"@type":"SearchAction","target":{"@type":"EntryPoint","urlTemplate":"https:\/\/www.suno.com.br\/noticias\/?s={search_term_string}"},"query-input":{"@type":"PropertyValueSpecification","valueRequired":true,"valueName":"search_term_string"}}],"inLanguage":"pt-BR"},{"@type":"Organization","@id":"https:\/\/www.suno.com.br\/noticias\/#organization","name":"Suno Not\u00edcias","url":"https:\/\/www.suno.com.br\/noticias\/","logo":{"@type":"ImageObject","inLanguage":"pt-BR","@id":"https:\/\/www.suno.com.br\/noticias\/#\/schema\/logo\/image\/","url":"https:\/\/files.sunoresearch.com.br\/n\/uploads\/2021\/09\/suno-logo.png","contentUrl":"https:\/\/files.sunoresearch.com.br\/n\/uploads\/2021\/09\/suno-logo.png","width":180,"height":180,"caption":"Suno Not\u00edcias"},"image":{"@id":"https:\/\/www.suno.com.br\/noticias\/#\/schema\/logo\/image\/"},"sameAs":["https:\/\/facebook.com\/sunoresearch","https:\/\/x.com\/sunoresearch","https:\/\/www.instagram.com\/suno","https:\/\/www.linkedin.com\/company\/suno-research\/","https:\/\/www.youtube.com\/c\/sunoresearch"]},{"@type":"Person","@id":"https:\/\/www.suno.com.br\/noticias\/#\/schema\/person\/f341d3ae5d1cc685176c9a5327cdfdbb","name":"Camila Paim","image":{"@type":"ImageObject","inLanguage":"pt-BR","@id":"https:\/\/www.suno.com.br\/noticias\/#\/schema\/person\/image\/","url":"https:\/\/secure.gravatar.com\/avatar\/f33728e65febb1aa7ecf6792956f9b20?s=96&r=g","contentUrl":"https:\/\/secure.gravatar.com\/avatar\/f33728e65febb1aa7ecf6792956f9b20?s=96&r=g","caption":"Camila Paim"},"description":"Jornalista formada pela USP, tem experi\u00eancia em reda\u00e7\u00f5es, SEO, Branded Content e Webdesign. Com passagem pelo Jornal da USP, Empiricus e C6 Bank, hoje \u00e9 rep\u00f3rter no Suno Not\u00edcias cobrindo macroeconomia, finan\u00e7as pessoais e startups.","url":"https:\/\/www.suno.com.br\/noticias\/author\/camila-figueiredosuno-com-br\/"}]}},"default_loop_html":"<div class=\"cardsPage__listCard__boxs\"><div class=\"cardsPage__listCard__boxs__img\"><a href=\"https:\/\/www.suno.com.br\/noticias\/imposto-renda-2023-terceiro-lote-hoje31-cpf\/\"><img class=\"mask\" src=\"https:\/\/www.suno.com.br\/noticias\/wp-content\/themes\/suno\/resources\/images\/spotlight\/spotlight1img\/bg-mask.png\" alt=\"Image Mask\"\/><img src=\"https:\/\/files.sunoresearch.com.br\/n\/uploads\/2023\/05\/irpf-restituicao-400x200.jpg\" alt=\"\u00c9 hoje: 3\u00ba lote de restitui\u00e7\u00e3o do Imposto de Renda 2023 come\u00e7a a ser depositado nesta segunda-feira (31)\"\/><\/a><span class=\"spotlightCategory\"><a href=\"https:\/\/www.suno.com.br\/noticias\/financas-pessoais\/\">Finan\u00e7as Pessoais<\/a><\/span><\/div><div class=\"cardsPage__listCard__boxs__content\"><a href=\"https:\/\/www.suno.com.br\/noticias\/imposto-renda-2023-terceiro-lote-hoje31-cpf\/\"><h2 class=\"content__title\">\u00c9 hoje: 3\u00ba lote de restitui\u00e7\u00e3o do Imposto de Renda 2023 come\u00e7a a ser depositado nesta segunda-feira (31)<\/h2><\/a><div class=\"newsContent__article__meta\"><div class=\"newsContent__article__meta__authorBox\"><a href=\"https:\/\/www.suno.com.br\/noticias\/author\/camila-figueiredosuno-com-br\/\" class=\"authorBox__avatar noMobi\"><img src=\"https:\/\/files.sunoresearch.com.br\/n\/uploads\/2024\/05\/camila-paim-square-150x150.jpg\" alt=\"Camila Paim\"><\/a><div class=\"authorBox__name\"><span>por\n\t\t\t<a href=\"https:\/\/www.suno.com.br\/noticias\/author\/camila-figueiredosuno-com-br\/\"><span itemprop=\"author\">Camila Paim<\/span><\/a><\/span><time datetime=\"2023-07-31T06:59:00-03:00\" itemprop=\"datePublished\">31\/07\/2023 06:59<\/time><\/div><\/div><\/div><\/div><\/div>","single_layout":"posts","amp_enabled":true,"_links":{"self":[{"href":"https:\/\/www.suno.com.br\/noticias\/wp-json\/wp\/v2\/posts\/435157"}],"collection":[{"href":"https:\/\/www.suno.com.br\/noticias\/wp-json\/wp\/v2\/posts"}],"about":[{"href":"https:\/\/www.suno.com.br\/noticias\/wp-json\/wp\/v2\/types\/post"}],"author":[{"embeddable":true,"href":"https:\/\/www.suno.com.br\/noticias\/wp-json\/wp\/v2\/users\/283"}],"replies":[{"embeddable":true,"href":"https:\/\/www.suno.com.br\/noticias\/wp-json\/wp\/v2\/comments?post=435157"}],"version-history":[{"count":3,"href":"https:\/\/www.suno.com.br\/noticias\/wp-json\/wp\/v2\/posts\/435157\/revisions"}],"predecessor-version":[{"id":435285,"href":"https:\/\/www.suno.com.br\/noticias\/wp-json\/wp\/v2\/posts\/435157\/revisions\/435285"}],"wp:featuredmedia":[{"embeddable":true,"href":"https:\/\/www.suno.com.br\/noticias\/wp-json\/wp\/v2\/media\/408589"}],"wp:attachment":[{"href":"https:\/\/www.suno.com.br\/noticias\/wp-json\/wp\/v2\/media?parent=435157"}],"wp:term":[{"taxonomy":"category","embeddable":true,"href":"https:\/\/www.suno.com.br\/noticias\/wp-json\/wp\/v2\/categories?post=435157"},{"taxonomy":"post_tag","embeddable":true,"href":"https:\/\/www.suno.com.br\/noticias\/wp-json\/wp\/v2\/tags?post=435157"},{"taxonomy":"suno_strategy","embeddable":true,"href":"https:\/\/www.suno.com.br\/noticias\/wp-json\/wp\/v2\/suno_strategy?post=435157"}],"curies":[{"name":"wp","href":"https:\/\/api.w.org\/{rel}","templated":true}]}}