{"id":435079,"date":"2023-07-28T13:34:21","date_gmt":"2023-07-28T16:34:21","guid":{"rendered":"https:\/\/www.suno.com.br\/noticias\/?p=435079"},"modified":"2023-07-28T13:34:26","modified_gmt":"2023-07-28T16:34:26","slug":"magazine-luiza-mglu3-kabum-pede-arbitragem-desfazer-venda-gpj","status":"publish","type":"post","link":"https:\/\/www.suno.com.br\/noticias\/magazine-luiza-mglu3-kabum-pede-arbitragem-desfazer-venda-gpj\/","title":{"rendered":"Magazine Luiza (MGLU3): KaBuM! pede arbitragem para anular venda de R$ 3,5 bi, diz jornal"},"content":{"rendered":"<p>Os <strong>fundadores do KaBuM!<\/strong>, os irm\u00e3os Leandro e Thiago Ramos, protocolaram dias atr\u00e1s um&nbsp;pedido de instaura\u00e7\u00e3o de arbitragem para anular a venda da&nbsp;empresa ao <a href=\"https:\/\/www.suno.com.br\/acoes\/mglu3\/\" target=\"_blank\" rel=\"noreferrer noopener\"><strong>Magazine Luiza<\/strong> (MGLU3)<\/a>, segundo apura\u00e7\u00e3o do colunista Lauro Jardim, do jornal O Globo.<\/p>\t<div class=\"wrapper-featured-image\">\n\t\t<figure class=\"spotlightImg\">\n\n\t\t\t<picture>\n\t\t\t\t<source media=\"(max-width: 768px)\" srcset=\"https:\/\/files.sunoresearch.com.br\/n\/uploads\/2023\/03\/magalu-mglu3-kabum-briga-policia-foto-divulgacao-400x200.jpg\">\n\t\t\t\t<img loading=\"lazy\" decoding=\"async\" class=\"newsContent__article__imgCapa lazyloadDisabled \" src=\"https:\/\/files.sunoresearch.com.br\/n\/uploads\/2023\/03\/magalu-mglu3-kabum-briga-policia-foto-divulgacao-800x450.jpg\" width=\"800\" height=\"450\" alt=\"Magazine Luiza (MGLU3): KaBuM! pede arbitragem para anular venda de R$ 3,5 bi, diz jornal\" fetchpriority=high \/>\n\t\t\t<\/picture>\n\n\t\t\t<figcaption class=\"wp-caption-text wp-caption-text--show\">Magazine Luiza (MGLU3). Foto: Divulga\u00e7\u00e3o<\/figcaption>\n\t\t<\/figure>\n\t<\/div>\n\n\n\n\n\n\n\n\t<p>\n\t\t<a href=\"\" target=\"_blank\" data-element=\"shortcode-suno-banner\" title=\"Banner SUNO, clique e saiba mais\">\n\t\t\t<picture>\n\t\t\t\t<source media=\"(max-width: 500px)\" srcset=\"\">\n\t\t\t\t<img class=\"newsContent__article__imgCapa newsContent__article__imgCapa--banner\"\n\t\t\t\t\tsrc=\"\"\n\t\t\t\t\tdata-promo-id=\"250704\"\t\t\t\t\t\t\t\t\t\t\t\t\t\t\talt=\"\"\n\t\t\t\t>\n\t\t\t<\/picture>\n\t\t<\/a>\n\t<\/p>\n\n\n\n\n\n<p>Segundo a publica\u00e7\u00e3o, os irm\u00e3os pedem que a C\u00e2mara de Com\u00e9rcio Brasil-Canad\u00e1&nbsp;desfa\u00e7a o neg\u00f3cio para restitui-lhes&nbsp;as a\u00e7\u00f5es da empresa&nbsp;ou para condenar o Magazine Luiza a pagar uma indeniza\u00e7\u00e3o que garanta o recebimento do pre\u00e7o acordado.<\/p>\n\n\n\n<p>A <strong>varejista digital<\/strong> especializada em produtos para games foi vendida para o Magazine Luiza em 2021. O contrato previa um pagamento de R$ 3,5 bilh\u00f5es, sendo por R$ 1 bilh\u00e3o em dinheiro e outros R$ 2,5 bilh\u00f5es em <strong>a\u00e7\u00f5es do Magazine Luiza<\/strong> &#8211; dos quais R$ 1 bilh\u00e3o a serem pagos em 2024.<\/p>\n\n\n\n\t<div data-element=\"shortcode-read-more\" class=\"readToo\">\n\t\t\t\t<span class=\"readToo__title\">Leia mais<\/span>\n\t\t\t\t<ul class=\"readToo__list\">\n\t\t\t<li><a href=\"https:\/\/www.suno.com.br\/noticias\/magazine-luiza-mglu3-fundador-kabum-acusacao-criminosa\/\">Ap\u00f3s demiss\u00e3o, fundador do Kabum quebra o sil\u00eancio e diz que Magazine Luiza (MGLU3) faz &#8216;acusa\u00e7\u00e3o criminosa&#8217;<\/a><\/li><li><a href=\"https:\/\/www.suno.com.br\/noticias\/magazine-luiza-mglu3-demite-fundadores-kabum-justa-causa\/\">Magazine Luiza (MGLU3) demite fundadores do Kabum por justa causa; briga ganha novo cap\u00edtulo na Justi\u00e7a<\/a><\/li><li><a href=\"https:\/\/www.suno.com.br\/noticias\/magazine-luiza-mglu3-kabum-policia\/\">Magazine Luiza (MGLU3) vs Kabum vira caso de pol\u00edcia; irm\u00e3os fazem BO contra varejista<\/a><\/li>\t\t<\/ul>\n\t<\/div>\n\n\n\n\n<p>Ainda de acordo com a reportagem, Leandro e Thiago Ramos afirmam que&nbsp;receberam menos da metade do pre\u00e7o previsto em contrato. Eles contestam toda a opera\u00e7\u00e3o e afirmam que o Ita\u00fa BBA, que atuava como seu assessor financeiro, estava atuando em conflito de interesses e em conluio com o Magazine Luiza para favorecer os interesses da varejista.&nbsp;<\/p>\n\n\n\n<p>Em fevereiro, os irm\u00e3os foram afastados&nbsp;de suas fun\u00e7\u00f5es na administra\u00e7\u00e3o da empresa que fundaram.<\/p>\n\n\n\n<p>Segundo Lauro Jardim, no pedido de arbitragem os dois dizem que\u00a0o\u00a0principal executivo do Ita\u00fa BBA da \u00e1rea de fus\u00f5es e aquisi\u00e7\u00f5es, Ubiratan Machado, que atuou diretamente nas negocia\u00e7\u00f5es com o Magazine em representa\u00e7\u00e3o dos irm\u00e3os, \u00e9 cunhado de Frederico Trajano, diretor-presidente do <strong>Magazine Luiza<\/strong>, e que esse fato\u00a0n\u00e3o foi revelado\u00a0durante as tratativas.\u00a0<\/p>\n\n\n\t<p>\n\t\t<a href=\"https:\/\/lp.suno.com.br\/ebook-como-analisar-uma-acao\/\" target=\"_blank\" data-element=\"shortcode-suno-banner\" title=\"Banner SUNO, clique e saiba mais\">\n\t\t\t<picture>\n\t\t\t\t<source media=\"(max-width: 500px)\" srcset=\"https:\/\/files.sunoresearch.com.br\/n\/uploads\/2023\/03\/Ebook-Acoes-Mobile.jpg\">\n\t\t\t\t<img class=\"newsContent__article__imgCapa newsContent__article__imgCapa--banner\"\n\t\t\t\t\tsrc=\"https:\/\/files.sunoresearch.com.br\/n\/uploads\/2023\/03\/Ebook-Acoes-Desktop.jpg\"\n\t\t\t\t\tdata-promo-id=\"378302\"\t\t\t\t\t\t\t\t\t\twidth='1420' height='286'\t\t\t\t\talt=\"https:\/\/files.sunoresearch.com.br\/n\/uploads\/2023\/03\/Ebook-Acoes-Desktop.jpg\"\n\t\t\t\t>\n\t\t\t<\/picture>\n\t\t<\/a>\n\t<\/p>\n\n\n\n\n\n<h2 class=\"wp-block-heading\">Cota\u00e7\u00e3o do Magazine Luiza<\/h2>\n\n\n\n<p>Perto das 13h00, as a\u00e7\u00f5es ordin\u00e1rias do <strong>Magazine Luiza<\/strong> subiam 0,63%, cotadas a R$ 3,18.<\/p>\n\n\n\n<div class=\"pluginQuotation\">\n  <p class=\"ticker\">\n    Cota\u00e7\u00e3o <span>MGLU3<\/span>\n  <\/p>\n  <div class=\"info\">\n    <div class=\"leftSide\">\n      Gr\u00e1fico gerado em: 28\/07\/2023    <\/div>\n\t\t\t\t\t<div class=\"rightSide\">\n\t\t\t\t\t<span class=\"period\">\n\t\t\t\t\t\t1 Dia\t\t\t\t\t<\/span>\n\t\t\t<\/div>\n\t\t  <\/div>\n\n  <div id=\"chart-4759fe44577025cb7438addda7e35d08\" data-block-hash=\"4759fe44577025cb7438addda7e35d08\"  class=\"chart\" style=\"width:100%;height:400px;\"><\/div>\n\n  <div class=\"pluginQuotation__footer\">\n    <div class=\"dataChart\">\n\n      <div class=\"dataChart__div1 variation\">\n        <div class=\"value-negative\">\n          -0,31 (-0,01%)        <\/div>\n        <div class=\"text\">\n          Varia\u00e7\u00e3o do per\u00edodo\n        <\/div>\n      <\/div>\n\n      <div class=\"dataChart__div2 minMax\">\n        <div class=\"value\">\n          R$\u00a03,19        <\/div>\n        <div class=\"text\">\n          M\u00ednima\n        <\/div>\n      <\/div>\n\n      <div class=\"dataChart__div3 minMax\">\n        <div class=\"value\">\n          R$\u00a03,21        <\/div>\n        <div class=\"text\">\n          M\u00e1xima\n        <\/div>\n      <\/div>\n\n\t\t\t<div class=\"dataChart__div4 rightSide\">\n\t\t\t\t<div class=\"analiticaSource\">\n\t\t\t\t\t<span>\n\t\t\t\t\t\tFonte:\n\t\t\t\t\t<\/span>\n\t\t\t\t\t<img decoding=\"async\" class=\"analiticaLogo\" src=\"https:\/\/www.suno.com.br\/noticias\/wp-content\/plugins\/suno-block-ticker-quotation\/src\/suno-analitica-logo.png\" alt=\"Logo Suno Anal\u00edtica\" \/>\n\t\t\t\t<\/div>\n\n\t\t\t\t<a href=\"https:\/\/www.suno.com.br\/analitica\/acoes\/MGLU3\" target=\"_blank\">\n\t\t\t\t\t<span>\n\t\t\t\t\t\tVer mais cota\u00e7\u00f5es\n\t\t\t\t\t<\/span>\n\t\t\t\t\t<svg xmlns=\"http:\/\/www.w3.org\/2000\/svg\" width=\"9\" height=\"8\" viewBox=\"0 0 9 8\" fill=\"none\">\n\t\t\t\t\t\t<path d=\"M4.20996 0L3.50496 0.705L6.29496 3.5H0.209961V4.5H6.29496L3.50496 7.295L4.20996 8L8.20996 4L4.20996 0Z\" fill=\"#D42126\" \/>\n\t\t\t\t\t<\/svg>\n\t\t\t\t<\/a>\n    <\/div>\n\n    <\/div>\n  <\/div>\n<\/div>\n\n\n<script type=\"text\/javascript\">\n  let chart_4759fe44577025cb7438addda7e35d08 = document.getElementById('chart-4759fe44577025cb7438addda7e35d08');\n  let data_json_4759fe44577025cb7438addda7e35d08 = \"[{\\\"date\\\":\\\"28\\\\\\\/07\\\\\\\/23 10:02\\\",\\\"value\\\":3.2},{\\\"date\\\":\\\"28\\\\\\\/07\\\\\\\/23 10:04\\\",\\\"value\\\":3.2},{\\\"date\\\":\\\"28\\\\\\\/07\\\\\\\/23 10:06\\\",\\\"value\\\":3.21},{\\\"date\\\":\\\"28\\\\\\\/07\\\\\\\/23 10:08\\\",\\\"value\\\":3.2},{\\\"date\\\":\\\"28\\\\\\\/07\\\\\\\/23 10:10\\\",\\\"value\\\":3.21},{\\\"date\\\":\\\"28\\\\\\\/07\\\\\\\/23 10:12\\\",\\\"value\\\":3.21},{\\\"date\\\":\\\"28\\\\\\\/07\\\\\\\/23 10:14\\\",\\\"value\\\":3.21},{\\\"date\\\":\\\"28\\\\\\\/07\\\\\\\/23 11:32\\\",\\\"value\\\":3.2},{\\\"date\\\":\\\"28\\\\\\\/07\\\\\\\/23 11:34\\\",\\\"value\\\":3.2},{\\\"date\\\":\\\"28\\\\\\\/07\\\\\\\/23 11:36\\\",\\\"value\\\":3.2},{\\\"date\\\":\\\"28\\\\\\\/07\\\\\\\/23 11:38\\\",\\\"value\\\":3.2},{\\\"date\\\":\\\"28\\\\\\\/07\\\\\\\/23 11:40\\\",\\\"value\\\":3.2},{\\\"date\\\":\\\"28\\\\\\\/07\\\\\\\/23 11:42\\\",\\\"value\\\":3.2},{\\\"date\\\":\\\"28\\\\\\\/07\\\\\\\/23 11:44\\\",\\\"value\\\":3.2},{\\\"date\\\":\\\"28\\\\\\\/07\\\\\\\/23 11:46\\\",\\\"value\\\":3.2},{\\\"date\\\":\\\"28\\\\\\\/07\\\\\\\/23 11:48\\\",\\\"value\\\":3.21},{\\\"date\\\":\\\"28\\\\\\\/07\\\\\\\/23 11:50\\\",\\\"value\\\":3.21},{\\\"date\\\":\\\"28\\\\\\\/07\\\\\\\/23 11:52\\\",\\\"value\\\":3.21},{\\\"date\\\":\\\"28\\\\\\\/07\\\\\\\/23 11:54\\\",\\\"value\\\":3.21},{\\\"date\\\":\\\"28\\\\\\\/07\\\\\\\/23 11:56\\\",\\\"value\\\":3.2},{\\\"date\\\":\\\"28\\\\\\\/07\\\\\\\/23 11:58\\\",\\\"value\\\":3.21},{\\\"date\\\":\\\"28\\\\\\\/07\\\\\\\/23 12:00\\\",\\\"value\\\":3.21},{\\\"date\\\":\\\"28\\\\\\\/07\\\\\\\/23 12:02\\\",\\\"value\\\":3.2},{\\\"date\\\":\\\"28\\\\\\\/07\\\\\\\/23 12:04\\\",\\\"value\\\":3.21},{\\\"date\\\":\\\"28\\\\\\\/07\\\\\\\/23 12:06\\\",\\\"value\\\":3.21},{\\\"date\\\":\\\"28\\\\\\\/07\\\\\\\/23 12:08\\\",\\\"value\\\":3.2},{\\\"date\\\":\\\"28\\\\\\\/07\\\\\\\/23 12:10\\\",\\\"value\\\":3.19},{\\\"date\\\":\\\"28\\\\\\\/07\\\\\\\/23 12:12\\\",\\\"value\\\":3.21},{\\\"date\\\":\\\"28\\\\\\\/07\\\\\\\/23 12:14\\\",\\\"value\\\":3.19}]\";\n  let isPositive_4759fe44577025cb7438addda7e35d08 = \"\";\n\n  let color_4759fe44577025cb7438addda7e35d08 = isPositive_4759fe44577025cb7438addda7e35d08 ? '#3AB53A' : '#D92C2D';\n\n  let data_4759fe44577025cb7438addda7e35d08 = JSON.parse(data_json_4759fe44577025cb7438addda7e35d08);\n\n  const result_4759fe44577025cb7438addda7e35d08 = {\n    date: [],\n    value: [],\n  };\n\n  data_4759fe44577025cb7438addda7e35d08.forEach((item) => {\n    result_4759fe44577025cb7438addda7e35d08.date.push(item.date);\n    result_4759fe44577025cb7438addda7e35d08.value.push(Number(item.value));\n  });\n\n  let option_4759fe44577025cb7438addda7e35d08 = {\n    \/\/ variavel de cor global\n    color: [color_4759fe44577025cb7438addda7e35d08],\n    title: {\n      text: '',\n    },\n    tooltip: {\n      trigger: 'axis',\n      axisPointer: {\n        type: 'cross',\n        label: {\n          \/\/ cor dos valores em X e Y\n          backgroundColor: color_4759fe44577025cb7438addda7e35d08,\n          formatter: (value) => {\n            if (typeof value.value === 'number') {\n              return Number(value.value).toLocaleString('pt-br', {\n                style: 'currency',\n                currency: 'BRL'\n              });\n            }\n            return value.value;\n          },\n        },\n      },\n      valueFormatter: (value) => Number(value).toLocaleString('pt-br', {\n        style: 'currency',\n        currency: 'BRL'\n      }),\n    },\n    legend: {\n      \/\/ data: ['Valor de Fechamento'],\n      show: false,\n    },\n    toolbox: {\n      feature: {\n        saveAsImage: {\n          show: false,\n        },\n      },\n    },\n    grid: {\n      left: '0px',\n      right: '0px',\n      bottom: '0px',\n      containLabel: true,\n    },\n    xAxis: [{\n      type: 'category',\n      data: result_4759fe44577025cb7438addda7e35d08.date,\n      boundaryGap: true,\n    }],\n    yAxis: [{\n      type: 'value',\n      min: Math.min(...result_4759fe44577025cb7438addda7e35d08.value),\n      max: Math.max(...result_4759fe44577025cb7438addda7e35d08.value),\n      axisLabel: {\n        formatter: (value) => value.toLocaleString('pt-br', {\n          style: 'currency',\n          currency: 'BRL'\n        }),\n      },\n    }],\n    series: [{\n      name: 'Valor de Fechamento',\n      type: 'line',\n      stack: 'Total',\n      \/\/ cor do grafico\n      areaStyle: {},\n      emphasis: {\n        focus: 'series',\n      },\n      data: result_4759fe44577025cb7438addda7e35d08.value,\n      \/\/ cor da linha\n      lineStyle: {\n        color: color_4759fe44577025cb7438addda7e35d08,\n      },\n    }, ],\n  };\n\n\twindow.chart_4759fe44577025cb7438addda7e35d08 = {\n\t\tel: chart_4759fe44577025cb7438addda7e35d08,\n\t\toption: option_4759fe44577025cb7438addda7e35d08\t};\n\n\n<\/script>\n\n\n\t<p>\n\t\t<a href=\"https:\/\/lp.suno.com.br\/plataforma-de-controle-de-investimentos\/\" target=\"_blank\" data-element=\"shortcode-suno-banner\" title=\"Banner SUNO, clique e saiba mais\">\n\t\t\t<picture>\n\t\t\t\t<source media=\"(max-width: 500px)\" srcset=\"https:\/\/files.sunoresearch.com.br\/n\/uploads\/2023\/03\/400x300-Controle-de-Investimentos.png\">\n\t\t\t\t<img class=\"newsContent__article__imgCapa newsContent__article__imgCapa--banner\"\n\t\t\t\t\tsrc=\"https:\/\/files.sunoresearch.com.br\/n\/uploads\/2023\/03\/1420x240-Controle-de-Investimentos.png\"\n\t\t\t\t\tdata-promo-id=\"383162\"\t\t\t\t\t\t\t\t\t\twidth='1420' height='240'\t\t\t\t\talt=\"https:\/\/files.sunoresearch.com.br\/n\/uploads\/2023\/03\/1420x240-Controle-de-Investimentos.png\"\n\t\t\t\t>\n\t\t\t<\/picture>\n\t\t<\/a>\n\t<\/p>\n\n\n","protected":false},"excerpt":{"rendered":"<p>Os fundadores do KaBuM!, os irm\u00e3os Leandro e Thiago Ramos, protocolaram dias atr\u00e1s um&nbsp;pedido de instaura\u00e7\u00e3o de arbitragem para anular a venda da&nbsp;empresa ao Magazine Luiza (MGLU3), segundo apura\u00e7\u00e3o do colunista Lauro Jardim, do jornal O Globo. Magazine Luiza (MGLU3). Foto: Divulga\u00e7\u00e3o Segundo a publica\u00e7\u00e3o, os irm\u00e3os pedem que a C\u00e2mara de Com\u00e9rcio Brasil-Canad\u00e1&nbsp;desfa\u00e7a o [&hellip;]<\/p>\n","protected":false},"author":313,"featured_media":370381,"comment_status":"closed","ping_status":"closed","sticky":false,"template":"","format":"standard","meta":[],"categories":[64],"tags":[286,548],"suno_strategy":[],"class_list":["post-435079","post","type-post","status-publish","format-standard","has-post-thumbnail","hentry","category-negocios","tag-acoes","tag-magazine-luiza-mglu3"],"yoast_head":"<!-- This site is optimized with the Yoast SEO plugin v24.4 - https:\/\/yoast.com\/wordpress\/plugins\/seo\/ -->\n<title>Magazine Luiza (MGLU3): KaBuM! pede arbitragem para desfazer venda<\/title>\n<meta name=\"description\" content=\"Os fundadores do KaBuM! protocolaram um\u00a0pedido de instaura\u00e7\u00e3o de arbitragem para anular a venda da\u00a0empresa ao Magazine Luiza.\" \/>\n<meta name=\"robots\" content=\"index, follow, max-snippet:-1, max-image-preview:large, max-video-preview:-1\" \/>\n<link rel=\"canonical\" href=\"https:\/\/www.suno.com.br\/noticias\/magazine-luiza-mglu3-kabum-pede-arbitragem-desfazer-venda-gpj\/\" \/>\n<meta property=\"og:locale\" content=\"pt_BR\" \/>\n<meta property=\"og:type\" content=\"article\" \/>\n<meta property=\"og:title\" content=\"Magazine Luiza (MGLU3): KaBuM! pede arbitragem para desfazer venda\" \/>\n<meta property=\"og:description\" content=\"Os fundadores do KaBuM! protocolaram um\u00a0pedido de instaura\u00e7\u00e3o de arbitragem para anular a venda da\u00a0empresa ao Magazine Luiza.\" \/>\n<meta property=\"og:url\" content=\"https:\/\/www.suno.com.br\/noticias\/magazine-luiza-mglu3-kabum-pede-arbitragem-desfazer-venda-gpj\/\" \/>\n<meta property=\"og:site_name\" content=\"Suno Not\u00edcias\" \/>\n<meta property=\"article:publisher\" content=\"https:\/\/facebook.com\/sunoresearch\" \/>\n<meta property=\"og:image\" content=\"https:\/\/files.sunoresearch.com.br\/n\/uploads\/2023\/03\/magalu-mglu3-kabum-briga-policia-foto-divulgacao.jpg\" \/>\n\t<meta property=\"og:image:width\" content=\"1200\" \/>\n\t<meta property=\"og:image:height\" content=\"675\" \/>\n\t<meta property=\"og:image:type\" content=\"image\/jpeg\" \/>\n<meta name=\"author\" content=\"Giovanni Porf\u00edrio Jacomino\" \/>\n<meta name=\"twitter:card\" content=\"summary_large_image\" \/>\n<meta name=\"twitter:creator\" content=\"@sunoresearch\" \/>\n<meta name=\"twitter:site\" content=\"@sunoresearch\" \/>\n<meta name=\"twitter:label1\" content=\"Escrito por\" \/>\n\t<meta name=\"twitter:data1\" content=\"Giovanni Porf\u00edrio Jacomino\" \/>\n\t<meta name=\"twitter:label2\" content=\"Est. tempo de leitura\" \/>\n\t<meta name=\"twitter:data2\" content=\"2 minutos\" \/>\n<script type=\"application\/ld+json\" class=\"yoast-schema-graph\">{\"@context\":\"https:\/\/schema.org\",\"@graph\":[{\"@type\":\"NewsArticle\",\"@id\":\"https:\/\/www.suno.com.br\/noticias\/magazine-luiza-mglu3-kabum-pede-arbitragem-desfazer-venda-gpj\/#article\",\"isPartOf\":{\"@id\":\"https:\/\/www.suno.com.br\/noticias\/magazine-luiza-mglu3-kabum-pede-arbitragem-desfazer-venda-gpj\/\"},\"author\":{\"name\":\"Giovanni Porf\u00edrio Jacomino\",\"@id\":\"https:\/\/www.suno.com.br\/noticias\/#\/schema\/person\/d0f32748bbca4bee871fa191ee4e2d40\"},\"headline\":\"Magazine Luiza (MGLU3): KaBuM! pede arbitragem para anular venda de R$ 3,5 bi, diz jornal\",\"datePublished\":\"2023-07-28T16:34:21+00:00\",\"dateModified\":\"2023-07-28T16:34:26+00:00\",\"mainEntityOfPage\":{\"@id\":\"https:\/\/www.suno.com.br\/noticias\/magazine-luiza-mglu3-kabum-pede-arbitragem-desfazer-venda-gpj\/\"},\"wordCount\":331,\"publisher\":{\"@id\":\"https:\/\/www.suno.com.br\/noticias\/#organization\"},\"image\":{\"@id\":\"https:\/\/www.suno.com.br\/noticias\/magazine-luiza-mglu3-kabum-pede-arbitragem-desfazer-venda-gpj\/#primaryimage\"},\"thumbnailUrl\":\"https:\/\/files.sunoresearch.com.br\/n\/uploads\/2023\/03\/magalu-mglu3-kabum-briga-policia-foto-divulgacao.jpg\",\"keywords\":[\"A\u00e7\u00f5es\",\"Magazine Luiza (MGLU3)\"],\"articleSection\":[\"Neg\u00f3cios\"],\"inLanguage\":\"pt-BR\"},{\"@type\":\"WebPage\",\"@id\":\"https:\/\/www.suno.com.br\/noticias\/magazine-luiza-mglu3-kabum-pede-arbitragem-desfazer-venda-gpj\/\",\"url\":\"https:\/\/www.suno.com.br\/noticias\/magazine-luiza-mglu3-kabum-pede-arbitragem-desfazer-venda-gpj\/\",\"name\":\"Magazine Luiza (MGLU3): KaBuM! pede arbitragem para desfazer venda\",\"isPartOf\":{\"@id\":\"https:\/\/www.suno.com.br\/noticias\/#website\"},\"primaryImageOfPage\":{\"@id\":\"https:\/\/www.suno.com.br\/noticias\/magazine-luiza-mglu3-kabum-pede-arbitragem-desfazer-venda-gpj\/#primaryimage\"},\"image\":{\"@id\":\"https:\/\/www.suno.com.br\/noticias\/magazine-luiza-mglu3-kabum-pede-arbitragem-desfazer-venda-gpj\/#primaryimage\"},\"thumbnailUrl\":\"https:\/\/files.sunoresearch.com.br\/n\/uploads\/2023\/03\/magalu-mglu3-kabum-briga-policia-foto-divulgacao.jpg\",\"datePublished\":\"2023-07-28T16:34:21+00:00\",\"dateModified\":\"2023-07-28T16:34:26+00:00\",\"description\":\"Os fundadores do KaBuM! protocolaram um\u00a0pedido de instaura\u00e7\u00e3o de arbitragem para anular a venda da\u00a0empresa ao Magazine Luiza.\",\"breadcrumb\":{\"@id\":\"https:\/\/www.suno.com.br\/noticias\/magazine-luiza-mglu3-kabum-pede-arbitragem-desfazer-venda-gpj\/#breadcrumb\"},\"inLanguage\":\"pt-BR\",\"potentialAction\":[{\"@type\":\"ReadAction\",\"target\":[\"https:\/\/www.suno.com.br\/noticias\/magazine-luiza-mglu3-kabum-pede-arbitragem-desfazer-venda-gpj\/\"]}]},{\"@type\":\"ImageObject\",\"inLanguage\":\"pt-BR\",\"@id\":\"https:\/\/www.suno.com.br\/noticias\/magazine-luiza-mglu3-kabum-pede-arbitragem-desfazer-venda-gpj\/#primaryimage\",\"url\":\"https:\/\/files.sunoresearch.com.br\/n\/uploads\/2023\/03\/magalu-mglu3-kabum-briga-policia-foto-divulgacao.jpg\",\"contentUrl\":\"https:\/\/files.sunoresearch.com.br\/n\/uploads\/2023\/03\/magalu-mglu3-kabum-briga-policia-foto-divulgacao.jpg\",\"width\":1200,\"height\":675,\"caption\":\"Magazine Luiza (MGLU3). Foto: Divulga\u00e7\u00e3o\"},{\"@type\":\"BreadcrumbList\",\"@id\":\"https:\/\/www.suno.com.br\/noticias\/magazine-luiza-mglu3-kabum-pede-arbitragem-desfazer-venda-gpj\/#breadcrumb\",\"itemListElement\":[{\"@type\":\"ListItem\",\"position\":1,\"name\":\"Not\u00edcias\",\"item\":\"https:\/\/www.suno.com.br\/noticias\/\"},{\"@type\":\"ListItem\",\"position\":2,\"name\":\"Neg\u00f3cios\",\"item\":\"https:\/\/www.suno.com.br\/noticias\/negocios\/\"},{\"@type\":\"ListItem\",\"position\":3,\"name\":\"Magazine Luiza (MGLU3): KaBuM! pede arbitragem para anular venda de R$ 3,5 bi, diz jornal\"}]},{\"@type\":\"WebSite\",\"@id\":\"https:\/\/www.suno.com.br\/noticias\/#website\",\"url\":\"https:\/\/www.suno.com.br\/noticias\/\",\"name\":\"Suno Not\u00edcias\",\"description\":\"Seu portal de informa\u00e7\u00e3o sobre o mundo dos investimentos\",\"publisher\":{\"@id\":\"https:\/\/www.suno.com.br\/noticias\/#organization\"},\"potentialAction\":[{\"@type\":\"SearchAction\",\"target\":{\"@type\":\"EntryPoint\",\"urlTemplate\":\"https:\/\/www.suno.com.br\/noticias\/?s={search_term_string}\"},\"query-input\":{\"@type\":\"PropertyValueSpecification\",\"valueRequired\":true,\"valueName\":\"search_term_string\"}}],\"inLanguage\":\"pt-BR\"},{\"@type\":\"Organization\",\"@id\":\"https:\/\/www.suno.com.br\/noticias\/#organization\",\"name\":\"Suno Not\u00edcias\",\"url\":\"https:\/\/www.suno.com.br\/noticias\/\",\"logo\":{\"@type\":\"ImageObject\",\"inLanguage\":\"pt-BR\",\"@id\":\"https:\/\/www.suno.com.br\/noticias\/#\/schema\/logo\/image\/\",\"url\":\"https:\/\/files.sunoresearch.com.br\/n\/uploads\/2021\/09\/suno-logo.png\",\"contentUrl\":\"https:\/\/files.sunoresearch.com.br\/n\/uploads\/2021\/09\/suno-logo.png\",\"width\":180,\"height\":180,\"caption\":\"Suno Not\u00edcias\"},\"image\":{\"@id\":\"https:\/\/www.suno.com.br\/noticias\/#\/schema\/logo\/image\/\"},\"sameAs\":[\"https:\/\/facebook.com\/sunoresearch\",\"https:\/\/x.com\/sunoresearch\",\"https:\/\/www.instagram.com\/suno\",\"https:\/\/www.linkedin.com\/company\/suno-research\/\",\"https:\/\/www.youtube.com\/c\/sunoresearch\"]},{\"@type\":\"Person\",\"@id\":\"https:\/\/www.suno.com.br\/noticias\/#\/schema\/person\/d0f32748bbca4bee871fa191ee4e2d40\",\"name\":\"Giovanni Porf\u00edrio Jacomino\",\"image\":{\"@type\":\"ImageObject\",\"inLanguage\":\"pt-BR\",\"@id\":\"https:\/\/www.suno.com.br\/noticias\/#\/schema\/person\/image\/\",\"url\":\"https:\/\/secure.gravatar.com\/avatar\/efb32e19b730a121cb7a80f41ffec01a?s=96&r=g\",\"contentUrl\":\"https:\/\/secure.gravatar.com\/avatar\/efb32e19b730a121cb7a80f41ffec01a?s=96&r=g\",\"caption\":\"Giovanni Porf\u00edrio Jacomino\"},\"description\":\"Giovanni Porf\u00edrio Jacomino \u00e9 jornalista formado pela Universidade Estadual de Londrina (UEL) e p\u00f3s-graduado em Produ\u00e7\u00e3o e Pr\u00e1ticas Jornal\u00edsticas na Contemporaneidade na Faculdade C\u00e1sper L\u00edbero (FCL). Foi editor web no Startupi e no Finsiders, atuando ainda como editor no TC Mover, portal de not\u00edcias da TradersClub, fazendo a cobertura de assuntos relacionados ao mercado financeiro interno e externo. Atualmente, \u00e9 Rep\u00f3rter do Suno Not\u00edcias.\",\"url\":\"https:\/\/www.suno.com.br\/noticias\/author\/giovanni-porfiriosuno-com-br\/\"}]}<\/script>\n<!-- \/ Yoast SEO plugin. -->","yoast_head_json":{"title":"Magazine Luiza (MGLU3): KaBuM! pede arbitragem para desfazer venda","description":"Os fundadores do KaBuM! protocolaram um\u00a0pedido de instaura\u00e7\u00e3o de arbitragem para anular a venda da\u00a0empresa ao Magazine Luiza.","robots":{"index":"index","follow":"follow","max-snippet":"max-snippet:-1","max-image-preview":"max-image-preview:large","max-video-preview":"max-video-preview:-1"},"canonical":"https:\/\/www.suno.com.br\/noticias\/magazine-luiza-mglu3-kabum-pede-arbitragem-desfazer-venda-gpj\/","og_locale":"pt_BR","og_type":"article","og_title":"Magazine Luiza (MGLU3): KaBuM! pede arbitragem para desfazer venda","og_description":"Os fundadores do KaBuM! protocolaram um\u00a0pedido de instaura\u00e7\u00e3o de arbitragem para anular a venda da\u00a0empresa ao Magazine Luiza.","og_url":"https:\/\/www.suno.com.br\/noticias\/magazine-luiza-mglu3-kabum-pede-arbitragem-desfazer-venda-gpj\/","og_site_name":"Suno Not\u00edcias","article_publisher":"https:\/\/facebook.com\/sunoresearch","og_image":[{"width":1200,"height":675,"url":"https:\/\/files.sunoresearch.com.br\/n\/uploads\/2023\/03\/magalu-mglu3-kabum-briga-policia-foto-divulgacao.jpg","type":"image\/jpeg"}],"author":"Giovanni Porf\u00edrio Jacomino","twitter_card":"summary_large_image","twitter_creator":"@sunoresearch","twitter_site":"@sunoresearch","twitter_misc":{"Escrito por":"Giovanni Porf\u00edrio Jacomino","Est. tempo de leitura":"2 minutos"},"schema":{"@context":"https:\/\/schema.org","@graph":[{"@type":"NewsArticle","@id":"https:\/\/www.suno.com.br\/noticias\/magazine-luiza-mglu3-kabum-pede-arbitragem-desfazer-venda-gpj\/#article","isPartOf":{"@id":"https:\/\/www.suno.com.br\/noticias\/magazine-luiza-mglu3-kabum-pede-arbitragem-desfazer-venda-gpj\/"},"author":{"name":"Giovanni Porf\u00edrio Jacomino","@id":"https:\/\/www.suno.com.br\/noticias\/#\/schema\/person\/d0f32748bbca4bee871fa191ee4e2d40"},"headline":"Magazine Luiza (MGLU3): KaBuM! pede arbitragem para anular venda de R$ 3,5 bi, diz jornal","datePublished":"2023-07-28T16:34:21+00:00","dateModified":"2023-07-28T16:34:26+00:00","mainEntityOfPage":{"@id":"https:\/\/www.suno.com.br\/noticias\/magazine-luiza-mglu3-kabum-pede-arbitragem-desfazer-venda-gpj\/"},"wordCount":331,"publisher":{"@id":"https:\/\/www.suno.com.br\/noticias\/#organization"},"image":{"@id":"https:\/\/www.suno.com.br\/noticias\/magazine-luiza-mglu3-kabum-pede-arbitragem-desfazer-venda-gpj\/#primaryimage"},"thumbnailUrl":"https:\/\/files.sunoresearch.com.br\/n\/uploads\/2023\/03\/magalu-mglu3-kabum-briga-policia-foto-divulgacao.jpg","keywords":["A\u00e7\u00f5es","Magazine Luiza (MGLU3)"],"articleSection":["Neg\u00f3cios"],"inLanguage":"pt-BR"},{"@type":"WebPage","@id":"https:\/\/www.suno.com.br\/noticias\/magazine-luiza-mglu3-kabum-pede-arbitragem-desfazer-venda-gpj\/","url":"https:\/\/www.suno.com.br\/noticias\/magazine-luiza-mglu3-kabum-pede-arbitragem-desfazer-venda-gpj\/","name":"Magazine Luiza (MGLU3): KaBuM! pede arbitragem para desfazer venda","isPartOf":{"@id":"https:\/\/www.suno.com.br\/noticias\/#website"},"primaryImageOfPage":{"@id":"https:\/\/www.suno.com.br\/noticias\/magazine-luiza-mglu3-kabum-pede-arbitragem-desfazer-venda-gpj\/#primaryimage"},"image":{"@id":"https:\/\/www.suno.com.br\/noticias\/magazine-luiza-mglu3-kabum-pede-arbitragem-desfazer-venda-gpj\/#primaryimage"},"thumbnailUrl":"https:\/\/files.sunoresearch.com.br\/n\/uploads\/2023\/03\/magalu-mglu3-kabum-briga-policia-foto-divulgacao.jpg","datePublished":"2023-07-28T16:34:21+00:00","dateModified":"2023-07-28T16:34:26+00:00","description":"Os fundadores do KaBuM! protocolaram um\u00a0pedido de instaura\u00e7\u00e3o de arbitragem para anular a venda da\u00a0empresa ao Magazine Luiza.","breadcrumb":{"@id":"https:\/\/www.suno.com.br\/noticias\/magazine-luiza-mglu3-kabum-pede-arbitragem-desfazer-venda-gpj\/#breadcrumb"},"inLanguage":"pt-BR","potentialAction":[{"@type":"ReadAction","target":["https:\/\/www.suno.com.br\/noticias\/magazine-luiza-mglu3-kabum-pede-arbitragem-desfazer-venda-gpj\/"]}]},{"@type":"ImageObject","inLanguage":"pt-BR","@id":"https:\/\/www.suno.com.br\/noticias\/magazine-luiza-mglu3-kabum-pede-arbitragem-desfazer-venda-gpj\/#primaryimage","url":"https:\/\/files.sunoresearch.com.br\/n\/uploads\/2023\/03\/magalu-mglu3-kabum-briga-policia-foto-divulgacao.jpg","contentUrl":"https:\/\/files.sunoresearch.com.br\/n\/uploads\/2023\/03\/magalu-mglu3-kabum-briga-policia-foto-divulgacao.jpg","width":1200,"height":675,"caption":"Magazine Luiza (MGLU3). Foto: Divulga\u00e7\u00e3o"},{"@type":"BreadcrumbList","@id":"https:\/\/www.suno.com.br\/noticias\/magazine-luiza-mglu3-kabum-pede-arbitragem-desfazer-venda-gpj\/#breadcrumb","itemListElement":[{"@type":"ListItem","position":1,"name":"Not\u00edcias","item":"https:\/\/www.suno.com.br\/noticias\/"},{"@type":"ListItem","position":2,"name":"Neg\u00f3cios","item":"https:\/\/www.suno.com.br\/noticias\/negocios\/"},{"@type":"ListItem","position":3,"name":"Magazine Luiza (MGLU3): KaBuM! pede arbitragem para anular venda de R$ 3,5 bi, diz jornal"}]},{"@type":"WebSite","@id":"https:\/\/www.suno.com.br\/noticias\/#website","url":"https:\/\/www.suno.com.br\/noticias\/","name":"Suno Not\u00edcias","description":"Seu portal de informa\u00e7\u00e3o sobre o mundo dos investimentos","publisher":{"@id":"https:\/\/www.suno.com.br\/noticias\/#organization"},"potentialAction":[{"@type":"SearchAction","target":{"@type":"EntryPoint","urlTemplate":"https:\/\/www.suno.com.br\/noticias\/?s={search_term_string}"},"query-input":{"@type":"PropertyValueSpecification","valueRequired":true,"valueName":"search_term_string"}}],"inLanguage":"pt-BR"},{"@type":"Organization","@id":"https:\/\/www.suno.com.br\/noticias\/#organization","name":"Suno Not\u00edcias","url":"https:\/\/www.suno.com.br\/noticias\/","logo":{"@type":"ImageObject","inLanguage":"pt-BR","@id":"https:\/\/www.suno.com.br\/noticias\/#\/schema\/logo\/image\/","url":"https:\/\/files.sunoresearch.com.br\/n\/uploads\/2021\/09\/suno-logo.png","contentUrl":"https:\/\/files.sunoresearch.com.br\/n\/uploads\/2021\/09\/suno-logo.png","width":180,"height":180,"caption":"Suno Not\u00edcias"},"image":{"@id":"https:\/\/www.suno.com.br\/noticias\/#\/schema\/logo\/image\/"},"sameAs":["https:\/\/facebook.com\/sunoresearch","https:\/\/x.com\/sunoresearch","https:\/\/www.instagram.com\/suno","https:\/\/www.linkedin.com\/company\/suno-research\/","https:\/\/www.youtube.com\/c\/sunoresearch"]},{"@type":"Person","@id":"https:\/\/www.suno.com.br\/noticias\/#\/schema\/person\/d0f32748bbca4bee871fa191ee4e2d40","name":"Giovanni Porf\u00edrio Jacomino","image":{"@type":"ImageObject","inLanguage":"pt-BR","@id":"https:\/\/www.suno.com.br\/noticias\/#\/schema\/person\/image\/","url":"https:\/\/secure.gravatar.com\/avatar\/efb32e19b730a121cb7a80f41ffec01a?s=96&r=g","contentUrl":"https:\/\/secure.gravatar.com\/avatar\/efb32e19b730a121cb7a80f41ffec01a?s=96&r=g","caption":"Giovanni Porf\u00edrio Jacomino"},"description":"Giovanni Porf\u00edrio Jacomino \u00e9 jornalista formado pela Universidade Estadual de Londrina (UEL) e p\u00f3s-graduado em Produ\u00e7\u00e3o e Pr\u00e1ticas Jornal\u00edsticas na Contemporaneidade na Faculdade C\u00e1sper L\u00edbero (FCL). Foi editor web no Startupi e no Finsiders, atuando ainda como editor no TC Mover, portal de not\u00edcias da TradersClub, fazendo a cobertura de assuntos relacionados ao mercado financeiro interno e externo. Atualmente, \u00e9 Rep\u00f3rter do Suno Not\u00edcias.","url":"https:\/\/www.suno.com.br\/noticias\/author\/giovanni-porfiriosuno-com-br\/"}]}},"default_loop_html":"<div class=\"cardsPage__listCard__boxs\"><div class=\"cardsPage__listCard__boxs__img\"><a href=\"https:\/\/www.suno.com.br\/noticias\/magazine-luiza-mglu3-kabum-pede-arbitragem-desfazer-venda-gpj\/\"><img class=\"mask\" src=\"https:\/\/www.suno.com.br\/noticias\/wp-content\/themes\/suno\/resources\/images\/spotlight\/spotlight1img\/bg-mask.png\" alt=\"Image Mask\"\/><img src=\"https:\/\/files.sunoresearch.com.br\/n\/uploads\/2023\/03\/magalu-mglu3-kabum-briga-policia-foto-divulgacao-400x200.jpg\" alt=\"Magazine Luiza (MGLU3): KaBuM! pede arbitragem para anular venda de R$ 3,5 bi, diz jornal\"\/><\/a><span class=\"spotlightCategory\"><a href=\"https:\/\/www.suno.com.br\/noticias\/negocios\/\">Neg\u00f3cios<\/a><\/span><\/div><div class=\"cardsPage__listCard__boxs__content\"><a href=\"https:\/\/www.suno.com.br\/noticias\/magazine-luiza-mglu3-kabum-pede-arbitragem-desfazer-venda-gpj\/\"><h2 class=\"content__title\">Magazine Luiza (MGLU3): KaBuM! pede arbitragem para anular venda de R$ 3,5 bi, diz jornal<\/h2><\/a><div class=\"newsContent__article__meta\"><div class=\"newsContent__article__meta__authorBox\"><a href=\"https:\/\/www.suno.com.br\/noticias\/author\/erick-nery\/\" class=\"authorBox__avatar noMobi\"><img src=\"https:\/\/secure.gravatar.com\/avatar\/518ddffe438ccb767782d372a66304d2?s=96&#038;r=g\" alt=\"Erick Matheus Nery\"><\/a><div class=\"authorBox__name\"><span>por\n\t\t\t<a href=\"https:\/\/www.suno.com.br\/noticias\/author\/erick-nery\/\"><span itemprop=\"author\">Erick Matheus Nery<\/span><\/a><\/span><time datetime=\"2023-07-28T13:34:21-03:00\" itemprop=\"datePublished\">28\/07\/2023 13:34<\/time><\/div><\/div><\/div><\/div><\/div>","single_layout":"posts","amp_enabled":true,"_links":{"self":[{"href":"https:\/\/www.suno.com.br\/noticias\/wp-json\/wp\/v2\/posts\/435079"}],"collection":[{"href":"https:\/\/www.suno.com.br\/noticias\/wp-json\/wp\/v2\/posts"}],"about":[{"href":"https:\/\/www.suno.com.br\/noticias\/wp-json\/wp\/v2\/types\/post"}],"author":[{"embeddable":true,"href":"https:\/\/www.suno.com.br\/noticias\/wp-json\/wp\/v2\/users\/313"}],"replies":[{"embeddable":true,"href":"https:\/\/www.suno.com.br\/noticias\/wp-json\/wp\/v2\/comments?post=435079"}],"version-history":[{"count":2,"href":"https:\/\/www.suno.com.br\/noticias\/wp-json\/wp\/v2\/posts\/435079\/revisions"}],"predecessor-version":[{"id":435104,"href":"https:\/\/www.suno.com.br\/noticias\/wp-json\/wp\/v2\/posts\/435079\/revisions\/435104"}],"wp:featuredmedia":[{"embeddable":true,"href":"https:\/\/www.suno.com.br\/noticias\/wp-json\/wp\/v2\/media\/370381"}],"wp:attachment":[{"href":"https:\/\/www.suno.com.br\/noticias\/wp-json\/wp\/v2\/media?parent=435079"}],"wp:term":[{"taxonomy":"category","embeddable":true,"href":"https:\/\/www.suno.com.br\/noticias\/wp-json\/wp\/v2\/categories?post=435079"},{"taxonomy":"post_tag","embeddable":true,"href":"https:\/\/www.suno.com.br\/noticias\/wp-json\/wp\/v2\/tags?post=435079"},{"taxonomy":"suno_strategy","embeddable":true,"href":"https:\/\/www.suno.com.br\/noticias\/wp-json\/wp\/v2\/suno_strategy?post=435079"}],"curies":[{"name":"wp","href":"https:\/\/api.w.org\/{rel}","templated":true}]}}