{"id":43506,"date":"2019-11-03T15:53:45","date_gmt":"2019-11-03T17:53:45","guid":{"rendered":"https:\/\/www.suno.com.br\/noticias\/?p=43506"},"modified":"2021-03-26T18:50:37","modified_gmt":"2021-03-26T21:50:37","slug":"bolsa-de-valores-novo-horario-negociacao","status":"publish","type":"post","link":"https:\/\/www.suno.com.br\/noticias\/bolsa-de-valores-novo-horario-negociacao\/","title":{"rendered":"Bolsa de Valores de S\u00e3o Paulo ter\u00e1 novo hor\u00e1rio de negocia\u00e7\u00e3o"},"content":{"rendered":"<p>A <a href=\"https:\/\/www.suno.com.br\/artigos\/b3\/\">Brasil, Bolsa, Balc\u00e3o (<strong>B3<\/strong>)<\/a>, nome oficial da Bolsa de Valores de S\u00e3o Paulo, informou que, a partir da pr\u00f3xima segunda-feira (4), o mercado brasileiro ter\u00e1 novos hor\u00e1rios de negocia\u00e7\u00e3o. Com isso, o hor\u00e1rio de fechamento do <strong><a href=\"https:\/\/www.suno.com.br\/artigos\/bovespa-precedente-b3\/\">Bovespa<\/a><\/strong> passar\u00e1 de 17h para 18h.<\/p>\t<div class=\"wrapper-featured-image\">\n\t\t<figure class=\"spotlightImg\">\n\n\t\t\t<picture>\n\t\t\t\t<source media=\"(max-width: 768px)\" srcset=\"https:\/\/files.sunoresearch.com.br\/n\/uploads\/2021\/03\/08e8df37-chart-1905224_1280-400x200.webp\">\n\t\t\t\t<img loading=\"lazy\" decoding=\"async\" class=\"newsContent__article__imgCapa lazyloadDisabled newsContent__article__imgCapa--noCaption\" src=\"https:\/\/files.sunoresearch.com.br\/n\/uploads\/2021\/03\/08e8df37-chart-1905224_1280-800x450.webp\" width=\"800\" height=\"450\" alt=\"Bolsa de Valores de S\u00e3o Paulo ter\u00e1 novo hor\u00e1rio de negocia\u00e7\u00e3o\" fetchpriority=high \/>\n\t\t\t<\/picture>\n\n\t\t\t<figcaption class=\"wp-caption-text wp-caption-text--hide\">Mercado de a\u00e7\u00f5es. Foto: Pixabay<\/figcaption>\n\t\t<\/figure>\n\t<\/div>\n\n\n\n<p>A altera\u00e7\u00e3o no hor\u00e1rio de negocia\u00e7\u00e3o da B<strong>olsa de Valores<\/strong> \u00e9 consequ\u00eancia do t\u00e9rmino do <strong>hor\u00e1rio de ver\u00e3o<\/strong> nos Estados Unidos, que ocorre neste domingo (3).<\/p>\n<p>Nos EUA, os rel\u00f3gios ser\u00e3o atrasados em uma hora. Em contrapartida, no Brasil, o hor\u00e1rio de ver\u00e3o come\u00e7aria neste domingo, fazendo com que os rel\u00f3gios fossem adiantados em uma hora. No entanto, no in\u00edcio de abril deste ano, o presidente <strong>Jair Bolsonaro<\/strong> assinou um decreto suspendendo a medida.<\/p>\n<h2>O que mudar\u00e1 com os novos hor\u00e1rios<\/h2>\n<p>A medida n\u00e3o alterar\u00e1 a abertura do mercado, somente o hor\u00e1rio de fechamento. Sendo assim, o <strong>Bovespa<\/strong> continuar\u00e1 com suas opera\u00e7\u00f5es iniciadas \u00e0s 10h. Neste mercado, s\u00e3o negociados os seguintes ativos:<\/p>\n<ul>\n<li>A\u00e7\u00f5es;<\/li>\n<li>BRDs;<\/li>\n<li>Certificado de Receb\u00edveis Imobili\u00e1rios (CRI);<\/li>\n<li>Fundo de Investimento em Direitos Credit\u00f3rios (FIDC);<\/li>\n<li>Fundos Imobili\u00e1rios (FIIs);<\/li>\n<li>Exchange Traded Fund (ETF);<\/li>\n<li>Deb\u00eantures;<\/li>\n<li>Nota Promiss\u00f3ria;<\/li>\n<li>Direito de Subscri\u00e7\u00e3o;<\/li>\n<li>Recibo de Carteira Selecionada de A\u00e7\u00f5es (RCSA);<\/li>\n<li>Prote\u00e7\u00e3o de Investimento com Participa\u00e7\u00e3o (POP).<\/li>\n<\/ul>\n<p>O <strong><a href=\"https:\/\/www.suno.com.br\/artigos\/bmf\/\">BM&amp;F<\/a><\/strong>, que antes operava entre 9h \u00e0s 18h, agora fechar\u00e1 \u00e0s 18h15. Neste segmento, s\u00e3o negociados contratos futuros de commodities, derivativos financeiros de \u00edndices e moedas.<\/p>\n<p>Al\u00e9m disso, por conta do novo hor\u00e1rio, n\u00e3o haver\u00e1 mais o per\u00edodo de <strong><a href=\"https:\/\/www.suno.com.br\/artigos\/after-market\/\">after-market<\/a><\/strong>, que acontecia entre 17h30 \u00e0s 18h. No p\u00f3s mercado, os investidores operam na bolsa mesmo ap\u00f3s o fechamento, com uma oscila\u00e7\u00e3o m\u00e1xima de 2% por a\u00e7\u00e3o em rela\u00e7\u00e3o ao preg\u00e3o regular.<\/p>\n<p><a href=\"https:\/\/www.suno.com.br\/noticias\/confira-cinco-dicas-comecar-investir-bolsa-de-valores\/\">Leia tamb\u00e9m: Confira cinco dicas para come\u00e7ar a investir na Bolsa de Valores<\/a><\/p>\n<p>Assim, confira quais s\u00e3o os novos hor\u00e1rios de funcionamento:<\/p>\n<ul>\n<li><strong>Bovespa:\u00a0<\/strong>De 10h \u00e0s 17h para 10h \u00e0s 18h;<\/li>\n<li><strong>BM&amp;F: <\/strong>De 9h \u00e0s 18h para 9h \u00e0s 18h;<\/li>\n<li><strong>After-market: <\/strong>N\u00e3o haver\u00e1.<\/li>\n<\/ul>\n<p>\u201cRessaltamos que, na grade que vigorar\u00e1 a partir de 04\/11\/2019, permanecer\u00e3o inalterados os hor\u00e1rios de negocia\u00e7\u00e3o vigentes para a opera\u00e7\u00e3o estruturada de forward points com contrato futuro de d\u00f3lar para abertura de posi\u00e7\u00f5es em D0 (FUT FRP0)\u201d, informou a B3 sobre o novo hor\u00e1rio de negocia\u00e7\u00e3o da <a href=\"https:\/\/www.suno.com.br\/artigos\/bovespa-precedente-b3\/\"><strong>bolsa de valores<\/strong><\/a>.<\/p>\n","protected":false},"excerpt":{"rendered":"<p>A Brasil, Bolsa, Balc\u00e3o (B3), nome oficial da Bolsa de Valores de S\u00e3o Paulo, informou que, a partir da pr\u00f3xima segunda-feira (4), o mercado brasileiro ter\u00e1 novos hor\u00e1rios de negocia\u00e7\u00e3o. Com isso, o hor\u00e1rio de fechamento do Bovespa passar\u00e1 de 17h para 18h. Mercado de a\u00e7\u00f5es. Foto: Pixabay A altera\u00e7\u00e3o no hor\u00e1rio de negocia\u00e7\u00e3o da [&hellip;]<\/p>\n","protected":false},"author":18,"featured_media":135108,"comment_status":"closed","ping_status":"closed","sticky":false,"template":"","format":"standard","meta":[],"categories":[60],"tags":[],"suno_strategy":[],"class_list":["post-43506","post","type-post","status-publish","format-standard","has-post-thumbnail","hentry","category-mercado"],"yoast_head":"<!-- This site is optimized with the Yoast SEO plugin v24.4 - https:\/\/yoast.com\/wordpress\/plugins\/seo\/ -->\n<title>Bolsa de Valores de S\u00e3o Paulo ter\u00e1 novo hor\u00e1rio de negocia\u00e7\u00e3o<\/title>\n<meta name=\"description\" content=\"A Brasil, Bolsa, Balc\u00e3o (B3) informou que, a partir de amanh\u00e3, a bolsa de valores ter\u00e1 novos hor\u00e1rios de negocia\u00e7\u00e3o. Clique para saber mais.\" \/>\n<meta name=\"robots\" content=\"index, follow, max-snippet:-1, max-image-preview:large, max-video-preview:-1\" \/>\n<link rel=\"canonical\" href=\"https:\/\/www.suno.com.br\/noticias\/bolsa-de-valores-novo-horario-negociacao\/\" \/>\n<meta property=\"og:locale\" content=\"pt_BR\" \/>\n<meta property=\"og:type\" content=\"article\" \/>\n<meta property=\"og:title\" content=\"Bolsa de Valores de S\u00e3o Paulo ter\u00e1 novo hor\u00e1rio de negocia\u00e7\u00e3o\" \/>\n<meta property=\"og:description\" content=\"A Brasil, Bolsa, Balc\u00e3o (B3) informou que, a partir de amanh\u00e3, a bolsa de valores ter\u00e1 novos hor\u00e1rios de negocia\u00e7\u00e3o. Clique para saber mais.\" \/>\n<meta property=\"og:url\" content=\"https:\/\/www.suno.com.br\/noticias\/bolsa-de-valores-novo-horario-negociacao\/\" \/>\n<meta property=\"og:site_name\" content=\"Suno Not\u00edcias\" \/>\n<meta property=\"article:publisher\" content=\"https:\/\/facebook.com\/sunoresearch\" \/>\n<meta property=\"og:image\" content=\"https:\/\/files.sunoresearch.com.br\/n\/uploads\/2021\/03\/08e8df37-chart-1905224_1280.jpg\" \/>\n\t<meta property=\"og:image:width\" content=\"1280\" \/>\n\t<meta property=\"og:image:height\" content=\"718\" \/>\n\t<meta property=\"og:image:type\" content=\"image\/jpeg\" \/>\n<meta name=\"author\" content=\"Giovanna Oliveira\" \/>\n<meta name=\"twitter:card\" content=\"summary_large_image\" \/>\n<meta name=\"twitter:creator\" content=\"@sunoresearch\" \/>\n<meta name=\"twitter:site\" content=\"@sunoresearch\" \/>\n<meta name=\"twitter:label1\" content=\"Escrito por\" \/>\n\t<meta name=\"twitter:data1\" content=\"Giovanna Oliveira\" \/>\n\t<meta name=\"twitter:label2\" content=\"Est. tempo de leitura\" \/>\n\t<meta name=\"twitter:data2\" content=\"2 minutos\" \/>\n<script type=\"application\/ld+json\" class=\"yoast-schema-graph\">{\"@context\":\"https:\/\/schema.org\",\"@graph\":[{\"@type\":\"NewsArticle\",\"@id\":\"https:\/\/www.suno.com.br\/noticias\/bolsa-de-valores-novo-horario-negociacao\/#article\",\"isPartOf\":{\"@id\":\"https:\/\/www.suno.com.br\/noticias\/bolsa-de-valores-novo-horario-negociacao\/\"},\"author\":{\"name\":\"Giovanna Oliveira\",\"@id\":\"https:\/\/www.suno.com.br\/noticias\/#\/schema\/person\/4e19e3d2575736e5283d58eb3199d120\"},\"headline\":\"Bolsa de Valores de S\u00e3o Paulo ter\u00e1 novo hor\u00e1rio de negocia\u00e7\u00e3o\",\"datePublished\":\"2019-11-03T17:53:45+00:00\",\"dateModified\":\"2021-03-26T21:50:37+00:00\",\"mainEntityOfPage\":{\"@id\":\"https:\/\/www.suno.com.br\/noticias\/bolsa-de-valores-novo-horario-negociacao\/\"},\"wordCount\":436,\"publisher\":{\"@id\":\"https:\/\/www.suno.com.br\/noticias\/#organization\"},\"image\":{\"@id\":\"https:\/\/www.suno.com.br\/noticias\/bolsa-de-valores-novo-horario-negociacao\/#primaryimage\"},\"thumbnailUrl\":\"https:\/\/files.sunoresearch.com.br\/n\/uploads\/2021\/03\/08e8df37-chart-1905224_1280-jpg.webp\",\"articleSection\":[\"Mercado\"],\"inLanguage\":\"pt-BR\"},{\"@type\":\"WebPage\",\"@id\":\"https:\/\/www.suno.com.br\/noticias\/bolsa-de-valores-novo-horario-negociacao\/\",\"url\":\"https:\/\/www.suno.com.br\/noticias\/bolsa-de-valores-novo-horario-negociacao\/\",\"name\":\"Bolsa de Valores de S\u00e3o Paulo ter\u00e1 novo hor\u00e1rio de negocia\u00e7\u00e3o\",\"isPartOf\":{\"@id\":\"https:\/\/www.suno.com.br\/noticias\/#website\"},\"primaryImageOfPage\":{\"@id\":\"https:\/\/www.suno.com.br\/noticias\/bolsa-de-valores-novo-horario-negociacao\/#primaryimage\"},\"image\":{\"@id\":\"https:\/\/www.suno.com.br\/noticias\/bolsa-de-valores-novo-horario-negociacao\/#primaryimage\"},\"thumbnailUrl\":\"https:\/\/files.sunoresearch.com.br\/n\/uploads\/2021\/03\/08e8df37-chart-1905224_1280-jpg.webp\",\"datePublished\":\"2019-11-03T17:53:45+00:00\",\"dateModified\":\"2021-03-26T21:50:37+00:00\",\"description\":\"A Brasil, Bolsa, Balc\u00e3o (B3) informou que, a partir de amanh\u00e3, a bolsa de valores ter\u00e1 novos hor\u00e1rios de negocia\u00e7\u00e3o. Clique para saber mais.\",\"breadcrumb\":{\"@id\":\"https:\/\/www.suno.com.br\/noticias\/bolsa-de-valores-novo-horario-negociacao\/#breadcrumb\"},\"inLanguage\":\"pt-BR\",\"potentialAction\":[{\"@type\":\"ReadAction\",\"target\":[\"https:\/\/www.suno.com.br\/noticias\/bolsa-de-valores-novo-horario-negociacao\/\"]}]},{\"@type\":\"ImageObject\",\"inLanguage\":\"pt-BR\",\"@id\":\"https:\/\/www.suno.com.br\/noticias\/bolsa-de-valores-novo-horario-negociacao\/#primaryimage\",\"url\":\"https:\/\/files.sunoresearch.com.br\/n\/uploads\/2021\/03\/08e8df37-chart-1905224_1280-jpg.webp\",\"contentUrl\":\"https:\/\/files.sunoresearch.com.br\/n\/uploads\/2021\/03\/08e8df37-chart-1905224_1280-jpg.webp\",\"width\":1280,\"height\":718,\"caption\":\"Mercado de a\u00e7\u00f5es. Foto: Pixabay\"},{\"@type\":\"BreadcrumbList\",\"@id\":\"https:\/\/www.suno.com.br\/noticias\/bolsa-de-valores-novo-horario-negociacao\/#breadcrumb\",\"itemListElement\":[{\"@type\":\"ListItem\",\"position\":1,\"name\":\"Not\u00edcias\",\"item\":\"https:\/\/www.suno.com.br\/noticias\/\"},{\"@type\":\"ListItem\",\"position\":2,\"name\":\"Mercado\",\"item\":\"https:\/\/www.suno.com.br\/noticias\/mercado\/\"},{\"@type\":\"ListItem\",\"position\":3,\"name\":\"Bolsa de Valores de S\u00e3o Paulo ter\u00e1 novo hor\u00e1rio de negocia\u00e7\u00e3o\"}]},{\"@type\":\"WebSite\",\"@id\":\"https:\/\/www.suno.com.br\/noticias\/#website\",\"url\":\"https:\/\/www.suno.com.br\/noticias\/\",\"name\":\"Suno Not\u00edcias\",\"description\":\"Seu portal de informa\u00e7\u00e3o sobre o mundo dos investimentos\",\"publisher\":{\"@id\":\"https:\/\/www.suno.com.br\/noticias\/#organization\"},\"potentialAction\":[{\"@type\":\"SearchAction\",\"target\":{\"@type\":\"EntryPoint\",\"urlTemplate\":\"https:\/\/www.suno.com.br\/noticias\/?s={search_term_string}\"},\"query-input\":{\"@type\":\"PropertyValueSpecification\",\"valueRequired\":true,\"valueName\":\"search_term_string\"}}],\"inLanguage\":\"pt-BR\"},{\"@type\":\"Organization\",\"@id\":\"https:\/\/www.suno.com.br\/noticias\/#organization\",\"name\":\"Suno Not\u00edcias\",\"url\":\"https:\/\/www.suno.com.br\/noticias\/\",\"logo\":{\"@type\":\"ImageObject\",\"inLanguage\":\"pt-BR\",\"@id\":\"https:\/\/www.suno.com.br\/noticias\/#\/schema\/logo\/image\/\",\"url\":\"https:\/\/files.sunoresearch.com.br\/n\/uploads\/2021\/09\/suno-logo.png\",\"contentUrl\":\"https:\/\/files.sunoresearch.com.br\/n\/uploads\/2021\/09\/suno-logo.png\",\"width\":180,\"height\":180,\"caption\":\"Suno Not\u00edcias\"},\"image\":{\"@id\":\"https:\/\/www.suno.com.br\/noticias\/#\/schema\/logo\/image\/\"},\"sameAs\":[\"https:\/\/facebook.com\/sunoresearch\",\"https:\/\/x.com\/sunoresearch\",\"https:\/\/www.instagram.com\/suno\",\"https:\/\/www.linkedin.com\/company\/suno-research\/\",\"https:\/\/www.youtube.com\/c\/sunoresearch\"]},{\"@type\":\"Person\",\"@id\":\"https:\/\/www.suno.com.br\/noticias\/#\/schema\/person\/4e19e3d2575736e5283d58eb3199d120\",\"name\":\"Giovanna Oliveira\",\"image\":{\"@type\":\"ImageObject\",\"inLanguage\":\"pt-BR\",\"@id\":\"https:\/\/www.suno.com.br\/noticias\/#\/schema\/person\/image\/\",\"url\":\"https:\/\/secure.gravatar.com\/avatar\/9a37b3ae208962ac568992d0ffdbc2eb?s=96&r=g\",\"contentUrl\":\"https:\/\/secure.gravatar.com\/avatar\/9a37b3ae208962ac568992d0ffdbc2eb?s=96&r=g\",\"caption\":\"Giovanna Oliveira\"},\"description\":\"Giovanna Oliveira escreve sobre economia e pol\u00edtica. Foi rep\u00f3rter do portal de jornalismo da ESPM-SP e produziu conte\u00fado para a Corinthians TV. \u00c9 estudante da ESPM.\",\"url\":\"https:\/\/www.suno.com.br\/noticias\/author\/giovanna\/\"}]}<\/script>\n<!-- \/ Yoast SEO plugin. -->","yoast_head_json":{"title":"Bolsa de Valores de S\u00e3o Paulo ter\u00e1 novo hor\u00e1rio de negocia\u00e7\u00e3o","description":"A Brasil, Bolsa, Balc\u00e3o (B3) informou que, a partir de amanh\u00e3, a bolsa de valores ter\u00e1 novos hor\u00e1rios de negocia\u00e7\u00e3o. Clique para saber mais.","robots":{"index":"index","follow":"follow","max-snippet":"max-snippet:-1","max-image-preview":"max-image-preview:large","max-video-preview":"max-video-preview:-1"},"canonical":"https:\/\/www.suno.com.br\/noticias\/bolsa-de-valores-novo-horario-negociacao\/","og_locale":"pt_BR","og_type":"article","og_title":"Bolsa de Valores de S\u00e3o Paulo ter\u00e1 novo hor\u00e1rio de negocia\u00e7\u00e3o","og_description":"A Brasil, Bolsa, Balc\u00e3o (B3) informou que, a partir de amanh\u00e3, a bolsa de valores ter\u00e1 novos hor\u00e1rios de negocia\u00e7\u00e3o. Clique para saber mais.","og_url":"https:\/\/www.suno.com.br\/noticias\/bolsa-de-valores-novo-horario-negociacao\/","og_site_name":"Suno Not\u00edcias","article_publisher":"https:\/\/facebook.com\/sunoresearch","og_image":[{"width":1280,"height":718,"url":"https:\/\/files.sunoresearch.com.br\/n\/uploads\/2021\/03\/08e8df37-chart-1905224_1280.jpg","type":"image\/jpeg"}],"author":"Giovanna Oliveira","twitter_card":"summary_large_image","twitter_creator":"@sunoresearch","twitter_site":"@sunoresearch","twitter_misc":{"Escrito por":"Giovanna Oliveira","Est. tempo de leitura":"2 minutos"},"schema":{"@context":"https:\/\/schema.org","@graph":[{"@type":"NewsArticle","@id":"https:\/\/www.suno.com.br\/noticias\/bolsa-de-valores-novo-horario-negociacao\/#article","isPartOf":{"@id":"https:\/\/www.suno.com.br\/noticias\/bolsa-de-valores-novo-horario-negociacao\/"},"author":{"name":"Giovanna Oliveira","@id":"https:\/\/www.suno.com.br\/noticias\/#\/schema\/person\/4e19e3d2575736e5283d58eb3199d120"},"headline":"Bolsa de Valores de S\u00e3o Paulo ter\u00e1 novo hor\u00e1rio de negocia\u00e7\u00e3o","datePublished":"2019-11-03T17:53:45+00:00","dateModified":"2021-03-26T21:50:37+00:00","mainEntityOfPage":{"@id":"https:\/\/www.suno.com.br\/noticias\/bolsa-de-valores-novo-horario-negociacao\/"},"wordCount":436,"publisher":{"@id":"https:\/\/www.suno.com.br\/noticias\/#organization"},"image":{"@id":"https:\/\/www.suno.com.br\/noticias\/bolsa-de-valores-novo-horario-negociacao\/#primaryimage"},"thumbnailUrl":"https:\/\/files.sunoresearch.com.br\/n\/uploads\/2021\/03\/08e8df37-chart-1905224_1280-jpg.webp","articleSection":["Mercado"],"inLanguage":"pt-BR"},{"@type":"WebPage","@id":"https:\/\/www.suno.com.br\/noticias\/bolsa-de-valores-novo-horario-negociacao\/","url":"https:\/\/www.suno.com.br\/noticias\/bolsa-de-valores-novo-horario-negociacao\/","name":"Bolsa de Valores de S\u00e3o Paulo ter\u00e1 novo hor\u00e1rio de negocia\u00e7\u00e3o","isPartOf":{"@id":"https:\/\/www.suno.com.br\/noticias\/#website"},"primaryImageOfPage":{"@id":"https:\/\/www.suno.com.br\/noticias\/bolsa-de-valores-novo-horario-negociacao\/#primaryimage"},"image":{"@id":"https:\/\/www.suno.com.br\/noticias\/bolsa-de-valores-novo-horario-negociacao\/#primaryimage"},"thumbnailUrl":"https:\/\/files.sunoresearch.com.br\/n\/uploads\/2021\/03\/08e8df37-chart-1905224_1280-jpg.webp","datePublished":"2019-11-03T17:53:45+00:00","dateModified":"2021-03-26T21:50:37+00:00","description":"A Brasil, Bolsa, Balc\u00e3o (B3) informou que, a partir de amanh\u00e3, a bolsa de valores ter\u00e1 novos hor\u00e1rios de negocia\u00e7\u00e3o. Clique para saber mais.","breadcrumb":{"@id":"https:\/\/www.suno.com.br\/noticias\/bolsa-de-valores-novo-horario-negociacao\/#breadcrumb"},"inLanguage":"pt-BR","potentialAction":[{"@type":"ReadAction","target":["https:\/\/www.suno.com.br\/noticias\/bolsa-de-valores-novo-horario-negociacao\/"]}]},{"@type":"ImageObject","inLanguage":"pt-BR","@id":"https:\/\/www.suno.com.br\/noticias\/bolsa-de-valores-novo-horario-negociacao\/#primaryimage","url":"https:\/\/files.sunoresearch.com.br\/n\/uploads\/2021\/03\/08e8df37-chart-1905224_1280-jpg.webp","contentUrl":"https:\/\/files.sunoresearch.com.br\/n\/uploads\/2021\/03\/08e8df37-chart-1905224_1280-jpg.webp","width":1280,"height":718,"caption":"Mercado de a\u00e7\u00f5es. Foto: Pixabay"},{"@type":"BreadcrumbList","@id":"https:\/\/www.suno.com.br\/noticias\/bolsa-de-valores-novo-horario-negociacao\/#breadcrumb","itemListElement":[{"@type":"ListItem","position":1,"name":"Not\u00edcias","item":"https:\/\/www.suno.com.br\/noticias\/"},{"@type":"ListItem","position":2,"name":"Mercado","item":"https:\/\/www.suno.com.br\/noticias\/mercado\/"},{"@type":"ListItem","position":3,"name":"Bolsa de Valores de S\u00e3o Paulo ter\u00e1 novo hor\u00e1rio de negocia\u00e7\u00e3o"}]},{"@type":"WebSite","@id":"https:\/\/www.suno.com.br\/noticias\/#website","url":"https:\/\/www.suno.com.br\/noticias\/","name":"Suno Not\u00edcias","description":"Seu portal de informa\u00e7\u00e3o sobre o mundo dos investimentos","publisher":{"@id":"https:\/\/www.suno.com.br\/noticias\/#organization"},"potentialAction":[{"@type":"SearchAction","target":{"@type":"EntryPoint","urlTemplate":"https:\/\/www.suno.com.br\/noticias\/?s={search_term_string}"},"query-input":{"@type":"PropertyValueSpecification","valueRequired":true,"valueName":"search_term_string"}}],"inLanguage":"pt-BR"},{"@type":"Organization","@id":"https:\/\/www.suno.com.br\/noticias\/#organization","name":"Suno Not\u00edcias","url":"https:\/\/www.suno.com.br\/noticias\/","logo":{"@type":"ImageObject","inLanguage":"pt-BR","@id":"https:\/\/www.suno.com.br\/noticias\/#\/schema\/logo\/image\/","url":"https:\/\/files.sunoresearch.com.br\/n\/uploads\/2021\/09\/suno-logo.png","contentUrl":"https:\/\/files.sunoresearch.com.br\/n\/uploads\/2021\/09\/suno-logo.png","width":180,"height":180,"caption":"Suno Not\u00edcias"},"image":{"@id":"https:\/\/www.suno.com.br\/noticias\/#\/schema\/logo\/image\/"},"sameAs":["https:\/\/facebook.com\/sunoresearch","https:\/\/x.com\/sunoresearch","https:\/\/www.instagram.com\/suno","https:\/\/www.linkedin.com\/company\/suno-research\/","https:\/\/www.youtube.com\/c\/sunoresearch"]},{"@type":"Person","@id":"https:\/\/www.suno.com.br\/noticias\/#\/schema\/person\/4e19e3d2575736e5283d58eb3199d120","name":"Giovanna Oliveira","image":{"@type":"ImageObject","inLanguage":"pt-BR","@id":"https:\/\/www.suno.com.br\/noticias\/#\/schema\/person\/image\/","url":"https:\/\/secure.gravatar.com\/avatar\/9a37b3ae208962ac568992d0ffdbc2eb?s=96&r=g","contentUrl":"https:\/\/secure.gravatar.com\/avatar\/9a37b3ae208962ac568992d0ffdbc2eb?s=96&r=g","caption":"Giovanna Oliveira"},"description":"Giovanna Oliveira escreve sobre economia e pol\u00edtica. Foi rep\u00f3rter do portal de jornalismo da ESPM-SP e produziu conte\u00fado para a Corinthians TV. \u00c9 estudante da ESPM.","url":"https:\/\/www.suno.com.br\/noticias\/author\/giovanna\/"}]}},"default_loop_html":"<div class=\"cardsPage__listCard__boxs\"><div class=\"cardsPage__listCard__boxs__img\"><a href=\"https:\/\/www.suno.com.br\/noticias\/bolsa-de-valores-novo-horario-negociacao\/\"><img class=\"mask\" src=\"https:\/\/www.suno.com.br\/noticias\/wp-content\/themes\/suno\/resources\/images\/spotlight\/spotlight1img\/bg-mask.png\" alt=\"Image Mask\"\/><img src=\"https:\/\/files.sunoresearch.com.br\/n\/uploads\/2021\/03\/08e8df37-chart-1905224_1280-400x200.webp\" alt=\"Bolsa de Valores de S\u00e3o Paulo ter\u00e1 novo hor\u00e1rio de negocia\u00e7\u00e3o\"\/><\/a><span class=\"spotlightCategory\"><a href=\"https:\/\/www.suno.com.br\/noticias\/mercado\/\">Mercado<\/a><\/span><\/div><div class=\"cardsPage__listCard__boxs__content\"><a href=\"https:\/\/www.suno.com.br\/noticias\/bolsa-de-valores-novo-horario-negociacao\/\"><h2 class=\"content__title\">Bolsa de Valores de S\u00e3o Paulo ter\u00e1 novo hor\u00e1rio de negocia\u00e7\u00e3o<\/h2><\/a><div class=\"newsContent__article__meta\"><div class=\"newsContent__article__meta__authorBox\"><a href=\"https:\/\/www.suno.com.br\/noticias\/author\/giovanna\/\" class=\"authorBox__avatar noMobi\"><img src=\"https:\/\/files.sunoresearch.com.br\/n\/uploads\/2019\/06\/952a89ca-screenshot_20190608-171507-150x150.webp\" alt=\"Giovanna Oliveira\"><\/a><div class=\"authorBox__name\"><span>por\n\t\t\t<a href=\"https:\/\/www.suno.com.br\/noticias\/author\/giovanna\/\"><span itemprop=\"author\">Giovanna Oliveira<\/span><\/a><\/span><time datetime=\"2019-11-03T15:53:45-03:00\" itemprop=\"datePublished\">03\/11\/2019 15:53<\/time><\/div><\/div><\/div><\/div><\/div>","single_layout":"posts","amp_enabled":true,"_links":{"self":[{"href":"https:\/\/www.suno.com.br\/noticias\/wp-json\/wp\/v2\/posts\/43506"}],"collection":[{"href":"https:\/\/www.suno.com.br\/noticias\/wp-json\/wp\/v2\/posts"}],"about":[{"href":"https:\/\/www.suno.com.br\/noticias\/wp-json\/wp\/v2\/types\/post"}],"author":[{"embeddable":true,"href":"https:\/\/www.suno.com.br\/noticias\/wp-json\/wp\/v2\/users\/18"}],"replies":[{"embeddable":true,"href":"https:\/\/www.suno.com.br\/noticias\/wp-json\/wp\/v2\/comments?post=43506"}],"version-history":[{"count":1,"href":"https:\/\/www.suno.com.br\/noticias\/wp-json\/wp\/v2\/posts\/43506\/revisions"}],"predecessor-version":[{"id":135120,"href":"https:\/\/www.suno.com.br\/noticias\/wp-json\/wp\/v2\/posts\/43506\/revisions\/135120"}],"wp:featuredmedia":[{"embeddable":true,"href":"https:\/\/www.suno.com.br\/noticias\/wp-json\/wp\/v2\/media\/135108"}],"wp:attachment":[{"href":"https:\/\/www.suno.com.br\/noticias\/wp-json\/wp\/v2\/media?parent=43506"}],"wp:term":[{"taxonomy":"category","embeddable":true,"href":"https:\/\/www.suno.com.br\/noticias\/wp-json\/wp\/v2\/categories?post=43506"},{"taxonomy":"post_tag","embeddable":true,"href":"https:\/\/www.suno.com.br\/noticias\/wp-json\/wp\/v2\/tags?post=43506"},{"taxonomy":"suno_strategy","embeddable":true,"href":"https:\/\/www.suno.com.br\/noticias\/wp-json\/wp\/v2\/suno_strategy?post=43506"}],"curies":[{"name":"wp","href":"https:\/\/api.w.org\/{rel}","templated":true}]}}