{"id":434966,"date":"2023-07-28T10:46:16","date_gmt":"2023-07-28T13:46:16","guid":{"rendered":"https:\/\/www.suno.com.br\/noticias\/?p=434966"},"modified":"2023-07-28T10:46:23","modified_gmt":"2023-07-28T13:46:23","slug":"destaques-petrobras-petr4-vale-vale3-e-usiminas-usim5-va","status":"publish","type":"post","link":"https:\/\/www.suno.com.br\/noticias\/destaques-petrobras-petr4-vale-vale3-e-usiminas-usim5-va\/","title":{"rendered":"Petrobras (PETR4), Vale (VALE3) e Usiminas (USIM5) aquecem mercado financeiro nesta sexta-feira; veja destaques"},"content":{"rendered":"<p>A informa\u00e7\u00e3o sobre a negativa da<strong> <a class=\"suno-keyword\" data-force=\"yes\" data-priority=\"2\" href=\"https:\/\/www.suno.com.br\/acoes\/PETR4\/\" target=\"_blank\" rel=\"noopener\">Petrobras<\/a><\/strong><a class=\"suno-keyword\" data-force=\"yes\" data-priority=\"2\" href=\"https:\/\/www.suno.com.br\/acoes\/PETR4\/\" target=\"_blank\" rel=\"noopener\"> (PETR4)<\/a><strong> <\/strong>em rela\u00e7\u00e3o a retornar ao mercado de distribui\u00e7\u00e3o de combust\u00edveis est\u00e1 entre os destaques desta sexta-feira (28). Al\u00e9m disso, hoje o <a class=\"suno-keyword\" data-force=\"no\" data-priority=\"1\" href=\"https:\/\/www.suno.com.br\/artigos\/conselho-administracao\/\" target=\"_blank\" rel=\"noopener\">conselho de administra\u00e7\u00e3o<\/a> da estatal re\u00fane-se para tratar da pol\u00edtica de <a class=\"suno-keyword\" data-force=\"no\" data-priority=\"1\" href=\"https:\/\/www.suno.com.br\/guias\/dividendos\/\" target=\"_blank\" rel=\"noopener\">dividendos<\/a>.<\/p>\t<div class=\"wrapper-featured-image\">\n\t\t<figure class=\"spotlightImg\">\n\n\t\t\t<picture>\n\t\t\t\t<source media=\"(max-width: 768px)\" srcset=\"https:\/\/files.sunoresearch.com.br\/n\/uploads\/2023\/05\/mercado-sobe-400x200.jpg\">\n\t\t\t\t<img loading=\"lazy\" decoding=\"async\" class=\"newsContent__article__imgCapa lazyloadDisabled \" src=\"https:\/\/files.sunoresearch.com.br\/n\/uploads\/2023\/05\/mercado-sobe-800x450.jpg\" width=\"800\" height=\"450\" alt=\"Petrobras (PETR4), Vale (VALE3) e Usiminas (USIM5) aquecem mercado financeiro nesta sexta-feira; veja destaques\" fetchpriority=high \/>\n\t\t\t<\/picture>\n\n\t\t\t<figcaption class=\"wp-caption-text wp-caption-text--show\">SNEL11. Foto: iStock<\/figcaption>\n\t\t<\/figure>\n\t<\/div>\n\n\n\n\n\n\n\n\t<p>\n\t\t<a href=\"https:\/\/lp.suno.com.br\/planilha-da-vida-financeira\/\" target=\"_blank\" data-element=\"shortcode-suno-banner\" title=\"Banner SUNO, clique e saiba mais\">\n\t\t\t<picture>\n\t\t\t\t<source media=\"(max-width: 500px)\" srcset=\"https:\/\/files.sunoresearch.com.br\/n\/uploads\/2023\/04\/400x300-Planilha-vida-financeira-true.png\">\n\t\t\t\t<img class=\"newsContent__article__imgCapa newsContent__article__imgCapa--banner\"\n\t\t\t\t\tsrc=\"https:\/\/files.sunoresearch.com.br\/n\/uploads\/2023\/04\/1420x240-Planilha-vida-financeira-true.png\"\n\t\t\t\t\tdata-promo-id=\"106682\"\t\t\t\t\t\t\t\t\t\twidth='1420' height='240'\t\t\t\t\talt=\"https:\/\/files.sunoresearch.com.br\/n\/uploads\/2023\/04\/1420x240-Planilha-vida-financeira-true.png\"\n\t\t\t\t>\n\t\t\t<\/picture>\n\t\t<\/a>\n\t<\/p>\n\n\n\n\n\n<p>Tamb\u00e9m est\u00e1 entre os <strong>destaques do mercado financeiro <\/strong>a <a class=\"suno-keyword\" data-force=\"yes\" data-priority=\"2\" href=\"https:\/\/www.suno.com.br\/acoes\/VALE3\/\" target=\"_blank\" rel=\"noopener\"><strong>Vale (VALE3)<\/strong><\/a>, que confirmou venda de 13% da sua unidade de metais b\u00e1sicos e registrou um <a class=\"suno-keyword\" data-force=\"no\" data-priority=\"1\" href=\"https:\/\/www.suno.com.br\/artigos\/lucro-liquido\/\" target=\"_blank\" rel=\"noopener\">lucro l\u00edquido<\/a> de US$ 892 milh\u00f5es no segundo trimestre.<\/p>\n\n\n\n<p>A <a class=\"suno-keyword\" data-force=\"yes\" data-priority=\"2\" href=\"https:\/\/www.suno.com.br\/acoes\/USIM5\/\" target=\"_blank\" rel=\"noopener\"><strong>Usiminas (USIM5)<\/strong><\/a> tamb\u00e9m \u00e9 destaque hoje, depois de reportar <a class=\"suno-keyword\" data-force=\"no\" data-priority=\"1\" href=\"https:\/\/www.suno.com.br\/artigos\/lucro-liquido\/\" target=\"_blank\" rel=\"noopener\">lucro l\u00edquido<\/a> de R$ 287 milh\u00f5es no acumulado 2T23, representando uma queda de 73% na compara\u00e7\u00e3o anual.<\/p>\n\n\n\n<p>Veja os <strong>destaques do mercado financeiro<\/strong> de hoje:<\/p>\n\n\n\n<h2 class=\"wp-block-heading\">Petrobras<\/h2>\n\n\n\n<p>Em esclarecimento a <strong>Comiss\u00e3o de Valores Mobili\u00e1rios (CVM)<\/strong>, a <a class=\"suno-keyword\" data-force=\"yes\" data-priority=\"2\" href=\"https:\/\/www.suno.com.br\/acoes\/PETR4\/\" target=\"_blank\" rel=\"noopener\">Petrobras (PETR4)<\/a> informou que n\u00e3o h\u00e1 qualquer decis\u00e3o da diretoria ou do <a class=\"suno-keyword\" data-force=\"no\" data-priority=\"1\" href=\"https:\/\/www.suno.com.br\/artigos\/conselho-administracao\/\" target=\"_blank\" rel=\"noopener\">conselho de administra\u00e7\u00e3o<\/a> no sentido de retornar ao mercado de distribui\u00e7\u00e3o de combust\u00edveis.<\/p>\n\n\n\n<p>Al\u00e9m disso, a estatal refor\u00e7ou que decis\u00f5es sobre investimentos e desinvestimentos s\u00e3o pautadas em an\u00e1lises criteriosas e estudos t\u00e9cnicos, em observ\u00e2ncia \u00e0s pr\u00e1ticas de governan\u00e7a e aos procedimentos internos aplic\u00e1veis.<\/p>\n\n\n\n<p>O comunicado ocorre ap\u00f3s not\u00edcias informarem que a estatal n\u00e3o havia desistido de voltar ao mercado de distribui\u00e7\u00e3o de combust\u00edveis.<\/p>\n\n\n\n<p>Hoje (28), o <a class=\"suno-keyword\" data-force=\"no\" data-priority=\"1\" href=\"https:\/\/www.suno.com.br\/artigos\/conselho-administracao\/\" target=\"_blank\" rel=\"noopener\">conselho de administra\u00e7\u00e3o<\/a> da estatal re\u00fane-se para tratar da pol\u00edtica de <strong><a class=\"suno-keyword\" data-force=\"no\" data-priority=\"1\" href=\"https:\/\/www.suno.com.br\/guias\/dividendos\/\" target=\"_blank\" rel=\"noopener\">dividendos<\/a> da Petrobras<\/strong>.<\/p>\n\n\n\n\t<div data-element=\"shortcode-read-more\" class=\"readToo\">\n\t\t\t\t<span class=\"readToo__title\">Leia mais<\/span>\n\t\t\t\t<ul class=\"readToo__list\">\n\t\t\t<li><a href=\"https:\/\/www.suno.com.br\/noticias\/petrobras-petr4-debate-politica-dividendos-hoje-gpj\/\">Petrobras (PETR4) debate pol\u00edtica de dividendos nesta sexta; veja proje\u00e7\u00f5es<\/a><\/li><li><a href=\"https:\/\/www.suno.com.br\/noticias\/petrobras-petr4-banco-projeta-2t23-mas-acoes-desabam-dividendos-va\/\">Petrobras (PETR4): banco prev\u00ea um 2T23 forte e faz (boas) proje\u00e7\u00f5es sobre dividendos da empresa<\/a><\/li>\t\t<\/ul>\n\t<\/div>\n\n\n\n\n<h2 class=\"wp-block-heading\">Vale<\/h2>\n\n\n\n<p>A <a class=\"suno-keyword\" target=\"_blank\" data-force=\"yes\" data-priority=\"2\" href=\"https:\/\/www.suno.com.br\/acoes\/VALE3\/\" rel=\"noopener\">Vale (VALE3)<\/a> reportou <a class=\"suno-keyword\" target=\"_blank\" data-force=\"no\" data-priority=\"1\" href=\"https:\/\/www.suno.com.br\/artigos\/lucro-liquido\/\" rel=\"noopener\">lucro l\u00edquido<\/a> de US$ 892 milh\u00f5es no segundo trimestre, valor que representa uma queda de 78% em um ano, se comparado aos US$ 4,093 bilh\u00f5es registrados no mesmo per\u00edodo de 2022. O resultado reflete os pre\u00e7os menores do min\u00e9rio de ferro no mercado internacional.<\/p>\n\n\n\n<p>O <strong>Ebitda da Vale<\/strong> (lucro antes de juros, impostos, <a class=\"suno-keyword\" data-force=\"no\" data-priority=\"1\" href=\"https:\/\/www.suno.com.br\/artigos\/depreciacao-amortizacao\/\" target=\"_blank\" rel=\"noopener\">deprecia\u00e7\u00e3o e amortiza\u00e7\u00e3o<\/a>) ajustado no per\u00edodo foi de US$ 3,8 bilh\u00f5es.<\/p>\n\n\n\n<p>A Vale tamb\u00e9m informou nesta quinta-feira (27) que concluiu um acordo para venda de participa\u00e7\u00e3o em sua unidade de metais b\u00e1sicos (VBM), avaliada em US$ 26 bilh\u00f5es.<\/p>\n\n\n\n\t<div data-element=\"shortcode-read-more\" class=\"readToo\">\n\t\t\t\t<span class=\"readToo__title\">Leia mais<\/span>\n\t\t\t\t<ul class=\"readToo__list\">\n\t\t\t<li><a href=\"https:\/\/www.suno.com.br\/noticias\/vale-vale3-vende-unidade-metais-basicos-por-us-34-bilhoes\/\">Vale (VALE3) vende 13% de sua unidade de metais b\u00e1sicos por US$ 3,4 bilh\u00f5es<\/a><\/li><li><a href=\"https:\/\/www.suno.com.br\/noticias\/vale-vale3-lucro-despenca-2t23-queda-minerio-ar\/\">Vale (VALE3): lucro recua 78% no 2T23, para US$ 892 milh\u00f5es, com queda do min\u00e9rio de ferro<\/a><\/li>\t\t<\/ul>\n\t<\/div>\n\n\n\n\n<h2 class=\"wp-block-heading\">Usiminas<\/h2>\n\n\n\n<p>A <a class=\"suno-keyword\" target=\"_blank\" data-force=\"yes\" data-priority=\"2\" href=\"https:\/\/www.suno.com.br\/acoes\/USIM5\/\" rel=\"noopener\">Usiminas (USIM5)<\/a> anotou um <a class=\"suno-keyword\" target=\"_blank\" data-force=\"no\" data-priority=\"1\" href=\"https:\/\/www.suno.com.br\/artigos\/lucro-liquido\/\" rel=\"noopener\">lucro l\u00edquido<\/a> de R$ 287 milh\u00f5es no acumulado do segundo trimestre de 2023 (2T23), representando uma queda de 73% ante igual etapa do ano anterior.<\/p>\n\n\n\n<p>J\u00e1 o <strong><a class=\"suno-keyword\" data-force=\"no\" data-priority=\"1\" href=\"https:\/\/www.suno.com.br\/artigos\/ebitda-ajustado\/\" target=\"_blank\" rel=\"noopener\">Ebitda ajustado<\/a> da Usiminas<\/strong> no 2T23 totalizou R$ 366 milh\u00f5es. Com isso, houve recuo de 81% em rela\u00e7\u00e3o \u00e0 mesma etapa do ano anterior.<\/p>\n\n\n\t<div data-element=\"shortcode-read-more\" class=\"knowMore\">\n\t\t\t\t<span class=\"knowMore__title\">Leia mais<\/span>\n\t\t\t\t<a class=\"knowMore__link\" href=\"https:\/\/www.suno.com.br\/noticias\/usiminas-lucro-desaba-76-2t23-gpj\/\">\n\t\t\tUsiminas (USIM5): lucro anual despenca 73% no 2T23, para R$ 287 milh\u00f5es\t\t<\/a>\n\t<\/div>\n\n\n\n\n<h2 class=\"wp-block-heading\">Embraer<\/h2>\n\n\n\n<p>A <a class=\"suno-keyword\" data-force=\"yes\" data-priority=\"2\" href=\"https:\/\/www.suno.com.br\/acoes\/EMBR3\/\" target=\"_blank\" rel=\"noopener\"><strong>Embraer (EMBR3)<\/strong><\/a> anunciou que aumentou sua oferta para adquirir \u00e0 vista t\u00edtulos de d\u00edvida em circula\u00e7\u00e3o, com vencimentos de 2025 a 2027. Inicialmente, o valor da oferta inicial era de at\u00e9 US$ 500 milh\u00f5es, mas agora passa a ser de US$ 750 milh\u00f5es.<\/p>\n\n\n\t<p>\n\t\t<a href=\"https:\/\/lp.suno.com.br\/ebook-como-analisar-uma-acao\/\" target=\"_blank\" data-element=\"shortcode-suno-banner\" title=\"Banner SUNO, clique e saiba mais\">\n\t\t\t<picture>\n\t\t\t\t<source media=\"(max-width: 500px)\" srcset=\"https:\/\/files.sunoresearch.com.br\/n\/uploads\/2023\/03\/Ebook-Acoes-Mobile.jpg\">\n\t\t\t\t<img class=\"newsContent__article__imgCapa newsContent__article__imgCapa--banner\"\n\t\t\t\t\tsrc=\"https:\/\/files.sunoresearch.com.br\/n\/uploads\/2023\/03\/Ebook-Acoes-Desktop.jpg\"\n\t\t\t\t\tdata-promo-id=\"378302\"\t\t\t\t\t\t\t\t\t\twidth='1420' height='286'\t\t\t\t\talt=\"https:\/\/files.sunoresearch.com.br\/n\/uploads\/2023\/03\/Ebook-Acoes-Desktop.jpg\"\n\t\t\t\t>\n\t\t\t<\/picture>\n\t\t<\/a>\n\t<\/p>\n\n\n\n\n\n<h2 class=\"wp-block-heading\">Hypera<\/h2>\n\n\n\n<p>A <strong>Hypera Pharma (HYPE3)<\/strong> \u2013 dona de marcas como Doril, Benegrip, ZeroCal e Engov \u2013 anunciou um <a class=\"suno-keyword\" data-force=\"no\" data-priority=\"1\" href=\"https:\/\/www.suno.com.br\/artigos\/lucro-liquido\/\" target=\"_blank\" rel=\"noopener\">lucro l\u00edquido<\/a> das opera\u00e7\u00f5es continuadas de R$ 504,4 milh\u00f5es apurados no segundo trimestre de 2023, aumento de 10,4% na compara\u00e7\u00e3o com o mesmo per\u00edodo do ano anterior.<\/p>\n\n\n\n<p>O Ebitda da Hypera avan\u00e7ou 14,6% no mesmo intervalo de tempo, totalizando R$ 772,7 milh\u00f5es.<\/p>\n\n\n\n\t<div data-element=\"shortcode-read-more\" class=\"readToo\">\n\t\t\t\t<span class=\"readToo__title\">Leia mais<\/span>\n\t\t\t\t<ul class=\"readToo__list\">\n\t\t\t<li><a href=\"https:\/\/www.suno.com.br\/noticias\/hypera-hype3-lucro-sobe-2t23\/\">Lucro da Hypera (HYPE3) sobe 10% em um ano e soma R$ 504 milh\u00f5es no 2T23<\/a><\/li><li><a href=\"https:\/\/www.suno.com.br\/noticias\/hypera-hype3-anuncia-jcp-milionario\/\">Hypera (HYPE3) anuncia novo pagamento de JCP milion\u00e1rio; veja o valor<\/a><\/li>\t\t<\/ul>\n\t<\/div>\n\n\n\n\n<h2 class=\"wp-block-heading\">Copel<\/h2>\n\n\n\n<p>O Minist\u00e9rio P\u00fablico Federal com atua\u00e7\u00e3o junto ao Tribunal de Contas da Uni\u00e3o (MP-TCU) pediu a interrup\u00e7\u00e3o do processo de privatiza\u00e7\u00e3o da <a class=\"suno-keyword\" data-force=\"yes\" data-priority=\"2\" href=\"https:\/\/www.suno.com.br\/acoes\/CPLE6\/\" target=\"_blank\" rel=\"noopener\"><strong>Copel (CPLE6)<\/strong><\/a>, que lan\u00e7ou uma <a class=\"suno-keyword\" data-force=\"no\" data-priority=\"1\" href=\"https:\/\/www.suno.com.br\/artigos\/oferta-de-acoes\/\" target=\"_blank\" rel=\"noopener\">oferta de a\u00e7\u00f5es<\/a> esta semana para reduzir a 15% a participa\u00e7\u00e3o do Estado do Paran\u00e1 na empresa, informa o Broadcast, terminal de not\u00edcias do Grupo Estado.<\/p>\n\n\n\n<p>Ainda sem a aprova\u00e7\u00e3o do Tribunal de Contas da Uni\u00e3o (TCU), a <a class=\"suno-keyword\" target=\"_blank\" data-force=\"yes\" data-priority=\"2\" href=\"https:\/\/www.suno.com.br\/acoes\/CPLE6\/\" rel=\"noopener\">Copel (CPLE6)<\/a> iniciou nesta ter\u00e7a (25), a oferta das suas a\u00e7\u00f5es, por meio da qual ser\u00e1 privatizada. A opera\u00e7\u00e3o pode chegar a cerca de R$ 5 bilh\u00f5es.<\/p>\n\n\n\t<div data-element=\"shortcode-read-more\" class=\"knowMore\">\n\t\t\t\t<span class=\"knowMore__title\">Leia mais<\/span>\n\t\t\t\t<a class=\"knowMore__link\" href=\"https:\/\/www.suno.com.br\/noticias\/copel-cple6-oferta-acoes-sem-aval-tcu-gpj\/\">\n\t\t\tCopel (CPLE6): inicia oferta de a\u00e7\u00f5es mesmo sem aval do TCU para opera\u00e7\u00e3o\t\t<\/a>\n\t<\/div>\n\n\n\n\n<h2 class=\"wp-block-heading\">Multiplan<\/h2>\n\n\n\n<p>A <a class=\"suno-keyword\" data-force=\"yes\" data-priority=\"2\" href=\"https:\/\/www.suno.com.br\/acoes\/MULT3\/\" target=\"_blank\" rel=\"noopener\"><strong>Multiplan (MULT3)<\/strong><\/a>, uma das maiores administradoras de shopping centers do Brasil, apresentou um <a class=\"suno-keyword\" data-force=\"no\" data-priority=\"1\" href=\"https:\/\/www.suno.com.br\/artigos\/lucro-liquido\/\" target=\"_blank\" rel=\"noopener\">lucro l\u00edquido<\/a> de R$ 247,1 milh\u00f5es no segundo trimestre de 2023 (2T23), alta de 43,3% na compara\u00e7\u00e3o com o mesmo per\u00edodo do ano anterior.<\/p>\n\n\n\n<p>O Ebitda da Multiplan avan\u00e7ou 28,4% no per\u00edodo de um ano, totalizando R$ 369,35 milh\u00f5es no 2\u00ba tri de 2023.<\/p>\n\n\n\t<div data-element=\"shortcode-read-more\" class=\"knowMore\">\n\t\t\t\t<span class=\"knowMore__title\">Leia mais<\/span>\n\t\t\t\t<a class=\"knowMore__link\" href=\"https:\/\/www.suno.com.br\/noticias\/multiplan-mult3-lucro-avanca-2t23-para-r-247-milhoes\/\">\n\t\t\tMultiplan (MULT3): lucro avan\u00e7a 43% no 2T23, para R$ 247 milh\u00f5es\t\t<\/a>\n\t<\/div>\n\n\n\n\n<h2 class=\"wp-block-heading\">Intelbras<\/h2>\n\n\n\n<p>A <a class=\"suno-keyword\" data-force=\"yes\" data-priority=\"2\" href=\"https:\/\/www.suno.com.br\/acoes\/intb3\/\" target=\"_blank\" rel=\"noopener\"><strong>Intelbras (INTB3)<\/strong><\/a> registrou <a class=\"suno-keyword\" data-force=\"no\" data-priority=\"1\" href=\"https:\/\/www.suno.com.br\/artigos\/lucro-liquido\/\" target=\"_blank\" rel=\"noopener\">lucro l\u00edquido<\/a> de R$ 118 milh\u00f5es no segundo trimestre de 2023 (2T23), alta de 22% na compara\u00e7\u00e3o com o mesmo per\u00edodo de 2022.<\/p>\n\n\n\n<p>O <a class=\"suno-keyword\" target=\"_blank\" data-force=\"no\" data-priority=\"1\" href=\"https:\/\/www.suno.com.br\/artigos\/ebitda-ajustado\/\" rel=\"noopener\">Ebitda ajustado<\/a> totalizou R$ 137,7 milh\u00f5es no 2T23, um crescimento de 15,8% na base anual.<\/p>\n\n\n\n<p>Os destaques do mercado financeiro do Suno Not\u00edcias mostram os principais acontecimentos que prometem movimentar o mercado durante o dia, como a <strong>Petrobras<\/strong> (PETR4), que deve estar no foco dos investidores ao longo do dia.<\/p>\n\n\n\t<p>\n\t\t<a href=\"https:\/\/lp.suno.com.br\/planilha-da-vida-financeira\/\" target=\"_blank\" data-element=\"shortcode-suno-banner\" title=\"Banner SUNO, clique e saiba mais\">\n\t\t\t<picture>\n\t\t\t\t<source media=\"(max-width: 500px)\" srcset=\"https:\/\/files.sunoresearch.com.br\/n\/uploads\/2023\/04\/400x300-Planilha-vida-financeira-true.png\">\n\t\t\t\t<img class=\"newsContent__article__imgCapa newsContent__article__imgCapa--banner\"\n\t\t\t\t\tsrc=\"https:\/\/files.sunoresearch.com.br\/n\/uploads\/2023\/04\/1420x240-Planilha-vida-financeira-true.png\"\n\t\t\t\t\tdata-promo-id=\"383123\"\t\t\t\t\t\t\t\t\t\twidth='1420' height='240'\t\t\t\t\talt=\"https:\/\/files.sunoresearch.com.br\/n\/uploads\/2023\/04\/1420x240-Planilha-vida-financeira-true.png\"\n\t\t\t\t>\n\t\t\t<\/picture>\n\t\t<\/a>\n\t<\/p>\n\n\n","protected":false},"excerpt":{"rendered":"<p>A informa\u00e7\u00e3o sobre a negativa da Petrobras (PETR4) em rela\u00e7\u00e3o a retornar ao mercado de distribui\u00e7\u00e3o de combust\u00edveis est\u00e1 entre os destaques desta sexta-feira (28). Al\u00e9m disso, hoje o conselho de administra\u00e7\u00e3o da estatal re\u00fane-se para tratar da pol\u00edtica de dividendos. SNEL11. Foto: iStock Tamb\u00e9m est\u00e1 entre os destaques do mercado financeiro a Vale (VALE3), [&hellip;]<\/p>\n","protected":false},"author":301,"featured_media":408640,"comment_status":"closed","ping_status":"closed","sticky":false,"template":"","format":"standard","meta":[],"categories":[60],"tags":[286,431,460,501,105281,570,595,675,676],"suno_strategy":[],"class_list":["post-434966","post","type-post","status-publish","format-standard","has-post-thumbnail","hentry","category-mercado","tag-acoes","tag-copel-cple3-cple5-cple6","tag-embraer-embr3","tag-hypera-pharma-hype3","tag-intelbras-intb3","tag-multiplan-mult3","tag-petrobras-petr4","tag-usiminas","tag-vale-vale3"],"yoast_head":"<!-- This site is optimized with the Yoast SEO plugin v24.4 - https:\/\/yoast.com\/wordpress\/plugins\/seo\/ -->\n<title>Petrobras (PETR4), Vale (VALE3) e Usiminas (USIM5): destaques hoje<\/title>\n<meta name=\"description\" content=\"A negativa da Petrobras sobre retornar ao mercado de distribui\u00e7\u00e3o de combust\u00edveis est\u00e1 entre os destaques desta sexta-feira (28).\" \/>\n<meta name=\"robots\" content=\"index, follow, max-snippet:-1, max-image-preview:large, max-video-preview:-1\" \/>\n<link rel=\"canonical\" href=\"https:\/\/www.suno.com.br\/noticias\/destaques-petrobras-petr4-vale-vale3-e-usiminas-usim5-va\/\" \/>\n<meta property=\"og:locale\" content=\"pt_BR\" \/>\n<meta property=\"og:type\" content=\"article\" \/>\n<meta property=\"og:title\" content=\"Petrobras (PETR4), Vale (VALE3) e Usiminas (USIM5): destaques hoje\" \/>\n<meta property=\"og:description\" content=\"A negativa da Petrobras sobre retornar ao mercado de distribui\u00e7\u00e3o de combust\u00edveis est\u00e1 entre os destaques desta sexta-feira (28).\" \/>\n<meta property=\"og:url\" content=\"https:\/\/www.suno.com.br\/noticias\/destaques-petrobras-petr4-vale-vale3-e-usiminas-usim5-va\/\" \/>\n<meta property=\"og:site_name\" content=\"Suno Not\u00edcias\" \/>\n<meta property=\"article:publisher\" content=\"https:\/\/facebook.com\/sunoresearch\" \/>\n<meta property=\"og:image\" content=\"https:\/\/files.sunoresearch.com.br\/n\/uploads\/2023\/05\/mercado-sobe.jpg\" \/>\n\t<meta property=\"og:image:width\" content=\"1200\" \/>\n\t<meta property=\"og:image:height\" content=\"800\" \/>\n\t<meta property=\"og:image:type\" content=\"image\/jpeg\" \/>\n<meta name=\"author\" content=\"Vin\u00edcius Alves\" \/>\n<meta name=\"twitter:card\" content=\"summary_large_image\" \/>\n<meta name=\"twitter:creator\" content=\"@sunoresearch\" \/>\n<meta name=\"twitter:site\" content=\"@sunoresearch\" \/>\n<meta name=\"twitter:label1\" content=\"Escrito por\" \/>\n\t<meta name=\"twitter:data1\" content=\"Vin\u00edcius Alves\" \/>\n\t<meta name=\"twitter:label2\" content=\"Est. tempo de leitura\" \/>\n\t<meta name=\"twitter:data2\" content=\"4 minutos\" \/>\n<script type=\"application\/ld+json\" class=\"yoast-schema-graph\">{\"@context\":\"https:\/\/schema.org\",\"@graph\":[{\"@type\":\"NewsArticle\",\"@id\":\"https:\/\/www.suno.com.br\/noticias\/destaques-petrobras-petr4-vale-vale3-e-usiminas-usim5-va\/#article\",\"isPartOf\":{\"@id\":\"https:\/\/www.suno.com.br\/noticias\/destaques-petrobras-petr4-vale-vale3-e-usiminas-usim5-va\/\"},\"author\":{\"name\":\"Vin\u00edcius Alves\",\"@id\":\"https:\/\/www.suno.com.br\/noticias\/#\/schema\/person\/4a180549702d0e236b3e420862bcded3\"},\"headline\":\"Petrobras (PETR4), Vale (VALE3) e Usiminas (USIM5) aquecem mercado financeiro nesta sexta-feira; veja destaques\",\"datePublished\":\"2023-07-28T13:46:16+00:00\",\"dateModified\":\"2023-07-28T13:46:23+00:00\",\"mainEntityOfPage\":{\"@id\":\"https:\/\/www.suno.com.br\/noticias\/destaques-petrobras-petr4-vale-vale3-e-usiminas-usim5-va\/\"},\"wordCount\":776,\"publisher\":{\"@id\":\"https:\/\/www.suno.com.br\/noticias\/#organization\"},\"image\":{\"@id\":\"https:\/\/www.suno.com.br\/noticias\/destaques-petrobras-petr4-vale-vale3-e-usiminas-usim5-va\/#primaryimage\"},\"thumbnailUrl\":\"https:\/\/files.sunoresearch.com.br\/n\/uploads\/2023\/05\/mercado-sobe.jpg\",\"keywords\":[\"A\u00e7\u00f5es\",\"Copel (CPLE3\/CPLE5\/CPLE6)\",\"Embraer (EMBR3)\",\"Hypera Pharma (HYPE3)\",\"Intelbras (INTB3)\",\"Multiplan (MULT3)\",\"Petrobras (PETR4)\",\"Usiminas\",\"Vale (VALE3)\"],\"articleSection\":[\"Mercado\"],\"inLanguage\":\"pt-BR\"},{\"@type\":\"WebPage\",\"@id\":\"https:\/\/www.suno.com.br\/noticias\/destaques-petrobras-petr4-vale-vale3-e-usiminas-usim5-va\/\",\"url\":\"https:\/\/www.suno.com.br\/noticias\/destaques-petrobras-petr4-vale-vale3-e-usiminas-usim5-va\/\",\"name\":\"Petrobras (PETR4), Vale (VALE3) e Usiminas (USIM5): destaques hoje\",\"isPartOf\":{\"@id\":\"https:\/\/www.suno.com.br\/noticias\/#website\"},\"primaryImageOfPage\":{\"@id\":\"https:\/\/www.suno.com.br\/noticias\/destaques-petrobras-petr4-vale-vale3-e-usiminas-usim5-va\/#primaryimage\"},\"image\":{\"@id\":\"https:\/\/www.suno.com.br\/noticias\/destaques-petrobras-petr4-vale-vale3-e-usiminas-usim5-va\/#primaryimage\"},\"thumbnailUrl\":\"https:\/\/files.sunoresearch.com.br\/n\/uploads\/2023\/05\/mercado-sobe.jpg\",\"datePublished\":\"2023-07-28T13:46:16+00:00\",\"dateModified\":\"2023-07-28T13:46:23+00:00\",\"description\":\"A negativa da Petrobras sobre retornar ao mercado de distribui\u00e7\u00e3o de combust\u00edveis est\u00e1 entre os destaques desta sexta-feira (28).\",\"breadcrumb\":{\"@id\":\"https:\/\/www.suno.com.br\/noticias\/destaques-petrobras-petr4-vale-vale3-e-usiminas-usim5-va\/#breadcrumb\"},\"inLanguage\":\"pt-BR\",\"potentialAction\":[{\"@type\":\"ReadAction\",\"target\":[\"https:\/\/www.suno.com.br\/noticias\/destaques-petrobras-petr4-vale-vale3-e-usiminas-usim5-va\/\"]}]},{\"@type\":\"ImageObject\",\"inLanguage\":\"pt-BR\",\"@id\":\"https:\/\/www.suno.com.br\/noticias\/destaques-petrobras-petr4-vale-vale3-e-usiminas-usim5-va\/#primaryimage\",\"url\":\"https:\/\/files.sunoresearch.com.br\/n\/uploads\/2023\/05\/mercado-sobe.jpg\",\"contentUrl\":\"https:\/\/files.sunoresearch.com.br\/n\/uploads\/2023\/05\/mercado-sobe.jpg\",\"width\":1200,\"height\":800,\"caption\":\"SNEL11. Foto: iStock\"},{\"@type\":\"BreadcrumbList\",\"@id\":\"https:\/\/www.suno.com.br\/noticias\/destaques-petrobras-petr4-vale-vale3-e-usiminas-usim5-va\/#breadcrumb\",\"itemListElement\":[{\"@type\":\"ListItem\",\"position\":1,\"name\":\"Not\u00edcias\",\"item\":\"https:\/\/www.suno.com.br\/noticias\/\"},{\"@type\":\"ListItem\",\"position\":2,\"name\":\"Mercado\",\"item\":\"https:\/\/www.suno.com.br\/noticias\/mercado\/\"},{\"@type\":\"ListItem\",\"position\":3,\"name\":\"Petrobras (PETR4), Vale (VALE3) e Usiminas (USIM5) aquecem mercado financeiro nesta sexta-feira; veja destaques\"}]},{\"@type\":\"WebSite\",\"@id\":\"https:\/\/www.suno.com.br\/noticias\/#website\",\"url\":\"https:\/\/www.suno.com.br\/noticias\/\",\"name\":\"Suno Not\u00edcias\",\"description\":\"Seu portal de informa\u00e7\u00e3o sobre o mundo dos investimentos\",\"publisher\":{\"@id\":\"https:\/\/www.suno.com.br\/noticias\/#organization\"},\"potentialAction\":[{\"@type\":\"SearchAction\",\"target\":{\"@type\":\"EntryPoint\",\"urlTemplate\":\"https:\/\/www.suno.com.br\/noticias\/?s={search_term_string}\"},\"query-input\":{\"@type\":\"PropertyValueSpecification\",\"valueRequired\":true,\"valueName\":\"search_term_string\"}}],\"inLanguage\":\"pt-BR\"},{\"@type\":\"Organization\",\"@id\":\"https:\/\/www.suno.com.br\/noticias\/#organization\",\"name\":\"Suno Not\u00edcias\",\"url\":\"https:\/\/www.suno.com.br\/noticias\/\",\"logo\":{\"@type\":\"ImageObject\",\"inLanguage\":\"pt-BR\",\"@id\":\"https:\/\/www.suno.com.br\/noticias\/#\/schema\/logo\/image\/\",\"url\":\"https:\/\/files.sunoresearch.com.br\/n\/uploads\/2021\/09\/suno-logo.png\",\"contentUrl\":\"https:\/\/files.sunoresearch.com.br\/n\/uploads\/2021\/09\/suno-logo.png\",\"width\":180,\"height\":180,\"caption\":\"Suno Not\u00edcias\"},\"image\":{\"@id\":\"https:\/\/www.suno.com.br\/noticias\/#\/schema\/logo\/image\/\"},\"sameAs\":[\"https:\/\/facebook.com\/sunoresearch\",\"https:\/\/x.com\/sunoresearch\",\"https:\/\/www.instagram.com\/suno\",\"https:\/\/www.linkedin.com\/company\/suno-research\/\",\"https:\/\/www.youtube.com\/c\/sunoresearch\"]},{\"@type\":\"Person\",\"@id\":\"https:\/\/www.suno.com.br\/noticias\/#\/schema\/person\/4a180549702d0e236b3e420862bcded3\",\"name\":\"Vin\u00edcius Alves\",\"image\":{\"@type\":\"ImageObject\",\"inLanguage\":\"pt-BR\",\"@id\":\"https:\/\/www.suno.com.br\/noticias\/#\/schema\/person\/image\/\",\"url\":\"https:\/\/secure.gravatar.com\/avatar\/a95b7fe6d1b813f7907d4f476d5a39e1?s=96&r=g\",\"contentUrl\":\"https:\/\/secure.gravatar.com\/avatar\/a95b7fe6d1b813f7907d4f476d5a39e1?s=96&r=g\",\"caption\":\"Vin\u00edcius Alves\"},\"description\":\"Jornalista formado na Faculdade C\u00e1sper L\u00edbero. Com passagens pela Ag\u00eancia Estado, InfoMoney e Editora Globo.\",\"url\":\"https:\/\/www.suno.com.br\/noticias\/author\/vini08correiagmail-com\/\"}]}<\/script>\n<!-- \/ Yoast SEO plugin. -->","yoast_head_json":{"title":"Petrobras (PETR4), Vale (VALE3) e Usiminas (USIM5): destaques hoje","description":"A negativa da Petrobras sobre retornar ao mercado de distribui\u00e7\u00e3o de combust\u00edveis est\u00e1 entre os destaques desta sexta-feira (28).","robots":{"index":"index","follow":"follow","max-snippet":"max-snippet:-1","max-image-preview":"max-image-preview:large","max-video-preview":"max-video-preview:-1"},"canonical":"https:\/\/www.suno.com.br\/noticias\/destaques-petrobras-petr4-vale-vale3-e-usiminas-usim5-va\/","og_locale":"pt_BR","og_type":"article","og_title":"Petrobras (PETR4), Vale (VALE3) e Usiminas (USIM5): destaques hoje","og_description":"A negativa da Petrobras sobre retornar ao mercado de distribui\u00e7\u00e3o de combust\u00edveis est\u00e1 entre os destaques desta sexta-feira (28).","og_url":"https:\/\/www.suno.com.br\/noticias\/destaques-petrobras-petr4-vale-vale3-e-usiminas-usim5-va\/","og_site_name":"Suno Not\u00edcias","article_publisher":"https:\/\/facebook.com\/sunoresearch","og_image":[{"width":1200,"height":800,"url":"https:\/\/files.sunoresearch.com.br\/n\/uploads\/2023\/05\/mercado-sobe.jpg","type":"image\/jpeg"}],"author":"Vin\u00edcius Alves","twitter_card":"summary_large_image","twitter_creator":"@sunoresearch","twitter_site":"@sunoresearch","twitter_misc":{"Escrito por":"Vin\u00edcius Alves","Est. tempo de leitura":"4 minutos"},"schema":{"@context":"https:\/\/schema.org","@graph":[{"@type":"NewsArticle","@id":"https:\/\/www.suno.com.br\/noticias\/destaques-petrobras-petr4-vale-vale3-e-usiminas-usim5-va\/#article","isPartOf":{"@id":"https:\/\/www.suno.com.br\/noticias\/destaques-petrobras-petr4-vale-vale3-e-usiminas-usim5-va\/"},"author":{"name":"Vin\u00edcius Alves","@id":"https:\/\/www.suno.com.br\/noticias\/#\/schema\/person\/4a180549702d0e236b3e420862bcded3"},"headline":"Petrobras (PETR4), Vale (VALE3) e Usiminas (USIM5) aquecem mercado financeiro nesta sexta-feira; veja destaques","datePublished":"2023-07-28T13:46:16+00:00","dateModified":"2023-07-28T13:46:23+00:00","mainEntityOfPage":{"@id":"https:\/\/www.suno.com.br\/noticias\/destaques-petrobras-petr4-vale-vale3-e-usiminas-usim5-va\/"},"wordCount":776,"publisher":{"@id":"https:\/\/www.suno.com.br\/noticias\/#organization"},"image":{"@id":"https:\/\/www.suno.com.br\/noticias\/destaques-petrobras-petr4-vale-vale3-e-usiminas-usim5-va\/#primaryimage"},"thumbnailUrl":"https:\/\/files.sunoresearch.com.br\/n\/uploads\/2023\/05\/mercado-sobe.jpg","keywords":["A\u00e7\u00f5es","Copel (CPLE3\/CPLE5\/CPLE6)","Embraer (EMBR3)","Hypera Pharma (HYPE3)","Intelbras (INTB3)","Multiplan (MULT3)","Petrobras (PETR4)","Usiminas","Vale (VALE3)"],"articleSection":["Mercado"],"inLanguage":"pt-BR"},{"@type":"WebPage","@id":"https:\/\/www.suno.com.br\/noticias\/destaques-petrobras-petr4-vale-vale3-e-usiminas-usim5-va\/","url":"https:\/\/www.suno.com.br\/noticias\/destaques-petrobras-petr4-vale-vale3-e-usiminas-usim5-va\/","name":"Petrobras (PETR4), Vale (VALE3) e Usiminas (USIM5): destaques hoje","isPartOf":{"@id":"https:\/\/www.suno.com.br\/noticias\/#website"},"primaryImageOfPage":{"@id":"https:\/\/www.suno.com.br\/noticias\/destaques-petrobras-petr4-vale-vale3-e-usiminas-usim5-va\/#primaryimage"},"image":{"@id":"https:\/\/www.suno.com.br\/noticias\/destaques-petrobras-petr4-vale-vale3-e-usiminas-usim5-va\/#primaryimage"},"thumbnailUrl":"https:\/\/files.sunoresearch.com.br\/n\/uploads\/2023\/05\/mercado-sobe.jpg","datePublished":"2023-07-28T13:46:16+00:00","dateModified":"2023-07-28T13:46:23+00:00","description":"A negativa da Petrobras sobre retornar ao mercado de distribui\u00e7\u00e3o de combust\u00edveis est\u00e1 entre os destaques desta sexta-feira (28).","breadcrumb":{"@id":"https:\/\/www.suno.com.br\/noticias\/destaques-petrobras-petr4-vale-vale3-e-usiminas-usim5-va\/#breadcrumb"},"inLanguage":"pt-BR","potentialAction":[{"@type":"ReadAction","target":["https:\/\/www.suno.com.br\/noticias\/destaques-petrobras-petr4-vale-vale3-e-usiminas-usim5-va\/"]}]},{"@type":"ImageObject","inLanguage":"pt-BR","@id":"https:\/\/www.suno.com.br\/noticias\/destaques-petrobras-petr4-vale-vale3-e-usiminas-usim5-va\/#primaryimage","url":"https:\/\/files.sunoresearch.com.br\/n\/uploads\/2023\/05\/mercado-sobe.jpg","contentUrl":"https:\/\/files.sunoresearch.com.br\/n\/uploads\/2023\/05\/mercado-sobe.jpg","width":1200,"height":800,"caption":"SNEL11. Foto: iStock"},{"@type":"BreadcrumbList","@id":"https:\/\/www.suno.com.br\/noticias\/destaques-petrobras-petr4-vale-vale3-e-usiminas-usim5-va\/#breadcrumb","itemListElement":[{"@type":"ListItem","position":1,"name":"Not\u00edcias","item":"https:\/\/www.suno.com.br\/noticias\/"},{"@type":"ListItem","position":2,"name":"Mercado","item":"https:\/\/www.suno.com.br\/noticias\/mercado\/"},{"@type":"ListItem","position":3,"name":"Petrobras (PETR4), Vale (VALE3) e Usiminas (USIM5) aquecem mercado financeiro nesta sexta-feira; veja destaques"}]},{"@type":"WebSite","@id":"https:\/\/www.suno.com.br\/noticias\/#website","url":"https:\/\/www.suno.com.br\/noticias\/","name":"Suno Not\u00edcias","description":"Seu portal de informa\u00e7\u00e3o sobre o mundo dos investimentos","publisher":{"@id":"https:\/\/www.suno.com.br\/noticias\/#organization"},"potentialAction":[{"@type":"SearchAction","target":{"@type":"EntryPoint","urlTemplate":"https:\/\/www.suno.com.br\/noticias\/?s={search_term_string}"},"query-input":{"@type":"PropertyValueSpecification","valueRequired":true,"valueName":"search_term_string"}}],"inLanguage":"pt-BR"},{"@type":"Organization","@id":"https:\/\/www.suno.com.br\/noticias\/#organization","name":"Suno Not\u00edcias","url":"https:\/\/www.suno.com.br\/noticias\/","logo":{"@type":"ImageObject","inLanguage":"pt-BR","@id":"https:\/\/www.suno.com.br\/noticias\/#\/schema\/logo\/image\/","url":"https:\/\/files.sunoresearch.com.br\/n\/uploads\/2021\/09\/suno-logo.png","contentUrl":"https:\/\/files.sunoresearch.com.br\/n\/uploads\/2021\/09\/suno-logo.png","width":180,"height":180,"caption":"Suno Not\u00edcias"},"image":{"@id":"https:\/\/www.suno.com.br\/noticias\/#\/schema\/logo\/image\/"},"sameAs":["https:\/\/facebook.com\/sunoresearch","https:\/\/x.com\/sunoresearch","https:\/\/www.instagram.com\/suno","https:\/\/www.linkedin.com\/company\/suno-research\/","https:\/\/www.youtube.com\/c\/sunoresearch"]},{"@type":"Person","@id":"https:\/\/www.suno.com.br\/noticias\/#\/schema\/person\/4a180549702d0e236b3e420862bcded3","name":"Vin\u00edcius Alves","image":{"@type":"ImageObject","inLanguage":"pt-BR","@id":"https:\/\/www.suno.com.br\/noticias\/#\/schema\/person\/image\/","url":"https:\/\/secure.gravatar.com\/avatar\/a95b7fe6d1b813f7907d4f476d5a39e1?s=96&r=g","contentUrl":"https:\/\/secure.gravatar.com\/avatar\/a95b7fe6d1b813f7907d4f476d5a39e1?s=96&r=g","caption":"Vin\u00edcius Alves"},"description":"Jornalista formado na Faculdade C\u00e1sper L\u00edbero. Com passagens pela Ag\u00eancia Estado, InfoMoney e Editora Globo.","url":"https:\/\/www.suno.com.br\/noticias\/author\/vini08correiagmail-com\/"}]}},"default_loop_html":"<div class=\"cardsPage__listCard__boxs\"><div class=\"cardsPage__listCard__boxs__img\"><a href=\"https:\/\/www.suno.com.br\/noticias\/destaques-petrobras-petr4-vale-vale3-e-usiminas-usim5-va\/\"><img class=\"mask\" src=\"https:\/\/www.suno.com.br\/noticias\/wp-content\/themes\/suno\/resources\/images\/spotlight\/spotlight1img\/bg-mask.png\" alt=\"Image Mask\"\/><img src=\"https:\/\/files.sunoresearch.com.br\/n\/uploads\/2023\/05\/mercado-sobe-400x200.jpg\" alt=\"Petrobras (PETR4), Vale (VALE3) e Usiminas (USIM5) aquecem mercado financeiro nesta sexta-feira; veja destaques\"\/><\/a><span class=\"spotlightCategory\"><a href=\"https:\/\/www.suno.com.br\/noticias\/mercado\/\">Mercado<\/a><\/span><\/div><div class=\"cardsPage__listCard__boxs__content\"><a href=\"https:\/\/www.suno.com.br\/noticias\/destaques-petrobras-petr4-vale-vale3-e-usiminas-usim5-va\/\"><h2 class=\"content__title\">Petrobras (PETR4), Vale (VALE3) e Usiminas (USIM5) aquecem mercado financeiro nesta sexta-feira; veja destaques<\/h2><\/a><div class=\"newsContent__article__meta\"><div class=\"newsContent__article__meta__authorBox\"><a href=\"https:\/\/www.suno.com.br\/noticias\/author\/joao-vitor-jacintho\/\" class=\"authorBox__avatar noMobi\"><img src=\"https:\/\/secure.gravatar.com\/avatar\/2843227ca03ccf8cc7ccca45204c127e?s=96&#038;r=g\" alt=\"Jo\u00e3o Vitor Jacintho\"><\/a><div class=\"authorBox__name\"><span>por\n\t\t\t<a href=\"https:\/\/www.suno.com.br\/noticias\/author\/joao-vitor-jacintho\/\"><span itemprop=\"author\">Jo\u00e3o Vitor Jacintho<\/span><\/a><\/span><time datetime=\"2023-07-28T10:46:16-03:00\" itemprop=\"datePublished\">28\/07\/2023 10:46<\/time><\/div><\/div><\/div><\/div><\/div>","single_layout":"posts","amp_enabled":true,"_links":{"self":[{"href":"https:\/\/www.suno.com.br\/noticias\/wp-json\/wp\/v2\/posts\/434966"}],"collection":[{"href":"https:\/\/www.suno.com.br\/noticias\/wp-json\/wp\/v2\/posts"}],"about":[{"href":"https:\/\/www.suno.com.br\/noticias\/wp-json\/wp\/v2\/types\/post"}],"author":[{"embeddable":true,"href":"https:\/\/www.suno.com.br\/noticias\/wp-json\/wp\/v2\/users\/301"}],"replies":[{"embeddable":true,"href":"https:\/\/www.suno.com.br\/noticias\/wp-json\/wp\/v2\/comments?post=434966"}],"version-history":[{"count":3,"href":"https:\/\/www.suno.com.br\/noticias\/wp-json\/wp\/v2\/posts\/434966\/revisions"}],"predecessor-version":[{"id":434993,"href":"https:\/\/www.suno.com.br\/noticias\/wp-json\/wp\/v2\/posts\/434966\/revisions\/434993"}],"wp:featuredmedia":[{"embeddable":true,"href":"https:\/\/www.suno.com.br\/noticias\/wp-json\/wp\/v2\/media\/408640"}],"wp:attachment":[{"href":"https:\/\/www.suno.com.br\/noticias\/wp-json\/wp\/v2\/media?parent=434966"}],"wp:term":[{"taxonomy":"category","embeddable":true,"href":"https:\/\/www.suno.com.br\/noticias\/wp-json\/wp\/v2\/categories?post=434966"},{"taxonomy":"post_tag","embeddable":true,"href":"https:\/\/www.suno.com.br\/noticias\/wp-json\/wp\/v2\/tags?post=434966"},{"taxonomy":"suno_strategy","embeddable":true,"href":"https:\/\/www.suno.com.br\/noticias\/wp-json\/wp\/v2\/suno_strategy?post=434966"}],"curies":[{"name":"wp","href":"https:\/\/api.w.org\/{rel}","templated":true}]}}