{"id":434882,"date":"2023-07-28T10:00:57","date_gmt":"2023-07-28T13:00:57","guid":{"rendered":"https:\/\/www.suno.com.br\/noticias\/?p=434882"},"modified":"2023-07-28T10:01:04","modified_gmt":"2023-07-28T13:01:04","slug":"petrobras-petr4-debate-politica-dividendos-hoje-gpj","status":"publish","type":"post","link":"https:\/\/www.suno.com.br\/noticias\/petrobras-petr4-debate-politica-dividendos-hoje-gpj\/","title":{"rendered":"Petrobras (PETR4) debate pol\u00edtica de dividendos nesta sexta; veja proje\u00e7\u00f5es"},"content":{"rendered":"<p>O conselho de administra\u00e7\u00e3o da <a href=\"https:\/\/www.suno.com.br\/acoes\/PETR4\/\" target=\"_blank\" rel=\"noreferrer noopener\"><strong>Petrobras<\/strong>&nbsp;(PETR4)<\/a> deve ser reunir nesta sexta-feira (28) para tratar da pol\u00edtica de dividendos, al\u00e9m de uma poss\u00edvel recompra de a\u00e7\u00f5es da companhia, segundo apura\u00e7\u00e3o do jornal Valor Econ\u00f4mico e ag\u00eancia Reuters.<\/p>\t<div class=\"wrapper-featured-image\">\n\t\t<figure class=\"spotlightImg\">\n\n\t\t\t<picture>\n\t\t\t\t<source media=\"(max-width: 768px)\" srcset=\"https:\/\/files.sunoresearch.com.br\/n\/uploads\/2023\/04\/edificio-sede-da-Petrobras-Edise-400x200.jpg\">\n\t\t\t\t<img loading=\"lazy\" decoding=\"async\" class=\"newsContent__article__imgCapa lazyloadDisabled \" src=\"https:\/\/files.sunoresearch.com.br\/n\/uploads\/2023\/04\/edificio-sede-da-Petrobras-Edise-800x450.jpg\" width=\"800\" height=\"450\" alt=\"Petrobras (PETR4) debate pol\u00edtica de dividendos nesta sexta; veja proje\u00e7\u00f5es\" fetchpriority=high \/>\n\t\t\t<\/picture>\n\n\t\t\t<figcaption class=\"wp-caption-text wp-caption-text--show\">Petrobras (PETR4) - Foto: Ag\u00eancia Petrobras<\/figcaption>\n\t\t<\/figure>\n\t<\/div>\n\n\n\n\n\n\n\n\t<p>\n\t\t<a href=\"\" target=\"_blank\" data-element=\"shortcode-suno-banner\" title=\"Banner SUNO, clique e saiba mais\">\n\t\t\t<picture>\n\t\t\t\t<source media=\"(max-width: 500px)\" srcset=\"\">\n\t\t\t\t<img class=\"newsContent__article__imgCapa newsContent__article__imgCapa--banner\"\n\t\t\t\t\tsrc=\"\"\n\t\t\t\t\tdata-promo-id=\"254218\"\t\t\t\t\t\t\t\t\t\t\t\t\t\t\talt=\"\"\n\t\t\t\t>\n\t\t\t<\/picture>\n\t\t<\/a>\n\t<\/p>\n\n\n\n\n\n<p>O tema vinha sendo tratado internamente por um comit\u00ea t\u00e9cnico da estatal, a pedido do conselho. A previs\u00e3o era de que o estudo fosse conclu\u00eddo e entregue aos <strong>conselheiros da Petrobras<\/strong> no fim deste m\u00eas.<\/p>\n\n\n\n<p>A quest\u00e3o dos <strong>dividendos<\/strong> sempre foi vista como necess\u00e1ria para que a Petrobras eleve o volume de investimentos nos pr\u00f3ximos anos, sobretudo em projetos para descarboniza\u00e7\u00e3o e transi\u00e7\u00e3o energ\u00e9tica.<\/p>\n\n\n\n<p>No in\u00edcio de junho, a estatal aprovou sua revis\u00e3o para seu pr\u00f3ximo plano estrat\u00e9gico, que deve vigorar de 2024 a 2028 e prev\u00ea investimentos de 6% a 15% em baixo carbono, ante 6% do plano anterior.<\/p>\n\n\n\n<h2 class=\"wp-block-heading\">Petrobras: banco prev\u00ea um 2T23 forte e faz (boas) proje\u00e7\u00f5es sobre dividendos da empresa<\/h2>\n\n\n\n<p>Segundo o <strong>Ita\u00fa BBA<\/strong>, a tend\u00eancia \u00e9 de que o pagamento de dividendos fique em linha com as grandes petrol\u00edferas. Al\u00e9m disso, analistas do banco projetam que a estatal registrar\u00e1 fortes resultados no segundo trimestre.<\/p>\n\n\n\n<p>A atual\u00a0<strong>pol\u00edtica de\u00a0<a href=\"https:\/\/www.suno.com.br\/noticias\/intelbras-intb3-dividendos-27072023-jvj\/\">dividendos<\/a>\u00a0da Petrobras<\/strong> tem sido alvo de cr\u00edticas: analistas avaliam que a empresa precisa priorizar uma estrat\u00e9gia de aloca\u00e7\u00e3o de capital em novos projetos, especificamente na expans\u00e3o da capacidade de refino.<\/p>\n\n\n\n<p>\u201cAt\u00e9 o momento, as pistas que temos para a nova pol\u00edtica de remunera\u00e7\u00e3o aos&nbsp;<strong>acionistas da Petrobras&nbsp;<\/strong>s\u00e3o de que o pagamento de dividendos deve estar em linha com as grandes petrol\u00edferas. A empresa deve incluir a possibilidade de&nbsp;<a href=\"https:\/\/www.suno.com.br\/artigos\/recompra-de-acoes\/\" target=\"_blank\" rel=\"noreferrer noopener\">recompra de a\u00e7\u00f5es<\/a>&nbsp;e dar flexibilidade na distribui\u00e7\u00e3o dividendos para permitir novos projetos e investimentos\u201d, diz o BBA.&nbsp;<\/p>\n\n\n\n<p>Segundo a equipe do Ita\u00fa BBA, no geral, as principais empresas petrol\u00edferas pagam dividendos trimestralmente, e as que possuem pol\u00edtica declarada consideram um percentual de seu&nbsp;<a target=\"_blank\" href=\"https:\/\/www.suno.com.br\/artigos\/fluxo-caixa-operacional\/\" rel=\"noreferrer noopener\">fluxo de caixa operacional<\/a>&nbsp;com m\u00e9trica de refer\u00eancia. No entanto, existem algumas empresas que n\u00e3o possuem uma pol\u00edtica formal, o que resulta em dividendos futuros a crit\u00e9rio da diretoria.<\/p>\n\n\n\n<p>Avaliando o cen\u00e1rio, os analistas projetam dividendos entre US$ 2,7 bilh\u00f5es e US$ 3,5 bilh\u00f5es, o que implica um dividend yield entre 3,3% e 4,3%.&nbsp;<\/p>\n\n\n\n<p>No relat\u00f3rio desta quinta-feira, o Ita\u00fa BBA avalia que a estatal deve entregar&nbsp;<strong>fortes resultados no 2T23<\/strong>, sustentada por s\u00f3lidos n\u00fameros operacionais e um ambiente de pre\u00e7os que se mant\u00e9m elevado para o petr\u00f3leo e derivados. Mas, como existe a preocupa\u00e7\u00e3o e incerteza em torno da nova pol\u00edtica de dividendos, a institui\u00e7\u00e3o manteve recomenda\u00e7\u00e3o neutra para a empresa.<\/p>\n\n\n\n<h2 class=\"wp-block-heading\">Analistas projetam poss\u00edveis cen\u00e1rios para pol\u00edtica de dividendos<strong>&nbsp;<\/strong><\/h2>\n\n\n\n<p>Considerando os retornos declarados e hist\u00f3ricos dos principais acionistas, o&nbsp;<a href=\"https:\/\/www.suno.com.br\/noticias\/cosan-csan3-cavalo-vencedor-acoes-evm\/\">Ita\u00fa BBA<\/a>&nbsp;projetou os seguintes cen\u00e1rios poss\u00edveis para distribui\u00e7\u00e3o de dividendos:<\/p>\n\n\n\n<ul class=\"wp-block-list\">\n<li>A estatal pode manter um pagamento trimestral com base na atual pol\u00edtica de dividendos<\/li>\n\n\n\n<li>A empresa pode optar por distribuir 30% ou 35% do Fluxo de Caixa das Opera\u00e7\u00f5es<\/li>\n\n\n\n<li>A empresa distribua 50% do Lucro L\u00edquido<\/li>\n<\/ul>\n\n\n\n<p>O BBA destaca que a atual pol\u00edtica de\u00a0<a href=\"https:\/\/www.suno.com.br\/noticias\/coelba-ceeb3-vai-distribuir-r-567-milhoes-dividendos-confira\/\">dividendos<\/a>\u00a0n\u00e3o est\u00e1 no estatuto da petrol\u00edfera, o que significa que a Petrobras poder\u00e1 eventualmente optar por deixar de seguir esta pol\u00edtica neste trimestre. Por\u00e9m, dada a relev\u00e2ncia que os\u00a0<strong>dividendos da Petrobras<\/strong>\u00a0t\u00eam na receita anual do governo, analistas avaliam que uma suspens\u00e3o do pagamento de dividendos seria improv\u00e1vel neste momento.<\/p>\n\n\n\t<p>\n\t\t<a href=\"https:\/\/lp.suno.com.br\/ebook-como-analisar-uma-acao\/\" target=\"_blank\" data-element=\"shortcode-suno-banner\" title=\"Banner SUNO, clique e saiba mais\">\n\t\t\t<picture>\n\t\t\t\t<source media=\"(max-width: 500px)\" srcset=\"https:\/\/files.sunoresearch.com.br\/n\/uploads\/2023\/03\/Ebook-Acoes-Mobile.jpg\">\n\t\t\t\t<img class=\"newsContent__article__imgCapa newsContent__article__imgCapa--banner\"\n\t\t\t\t\tsrc=\"https:\/\/files.sunoresearch.com.br\/n\/uploads\/2023\/03\/Ebook-Acoes-Desktop.jpg\"\n\t\t\t\t\tdata-promo-id=\"378302\"\t\t\t\t\t\t\t\t\t\twidth='1420' height='286'\t\t\t\t\talt=\"https:\/\/files.sunoresearch.com.br\/n\/uploads\/2023\/03\/Ebook-Acoes-Desktop.jpg\"\n\t\t\t\t>\n\t\t\t<\/picture>\n\t\t<\/a>\n\t<\/p>\n\n\n\n\n\n<h2 class=\"wp-block-heading\">Petrobras pagar\u00e1 US$ 3,7 bilh\u00f5es em dividendos em agosto, projeta Credit Suisse<\/h2>\n\n\n\n<p>A proje\u00e7\u00e3o do Credit Suisse \u00e9 de que a&nbsp;<a href=\"https:\/\/www.suno.com.br\/artigos\/saude-financeira\/\" target=\"_blank\" rel=\"noreferrer noopener\">sa\u00fade financeira<\/a>&nbsp;e os n\u00fameros apresentados at\u00e9 ent\u00e3o permitam \u00e0&nbsp;Petrobras distribuir uma cifra de US$ 3,7 bilh\u00f5es em&nbsp;<a href=\"https:\/\/www.suno.com.br\/guias\/dividendos\/\" target=\"_blank\" rel=\"noreferrer noopener\">dividendos<\/a>&nbsp;aos seus acionistas.<\/p>\n\n\n\n<p>Vale lembrar que a Petrobras divulgar\u00e1 seu pr\u00f3ximo resultado trimestral no dia 3 de agosto.<\/p>\n\n\n\n<p>O Credit Suisse espera uma baixa nos resultados na compara\u00e7\u00e3o trimestral para os seus principais n\u00fameros, isso por conta de uma menor produ\u00e7\u00e3o e de pre\u00e7os do barril do <strong>petr\u00f3leo brent<\/strong> mais baixos ao longo do segundo trimestre.<\/p>\n\n\n\n<p>O barril de petr\u00f3leo Brent recuou cerca de 5%, a US$ 78, no per\u00edodo. No caso da produ\u00e7\u00e3o, o Credit Suisse estima um recuo de 3% na base anual, para 2,08 milh\u00f5es de barris por dia (bpd).<\/p>\n\n\n\n<p>Al\u00e9m disso, a proje\u00e7\u00e3o dos analistas \u00e9 de que o lucro antes de juros, impostos, deprecia\u00e7\u00f5es e amortiza\u00e7\u00f5es (Ebitda) seja de US$ 12,2 bilh\u00f5es no trimestre, representando uma queda trimestral de 12% e de 39% na base anual.<\/p>\n\n\n\n<p>A expectativa para o\u00a0<a href=\"https:\/\/www.suno.com.br\/artigos\/lucro-liquido\/\" target=\"_blank\" rel=\"noreferrer noopener\">lucro l\u00edquido<\/a>\u00a0da <strong>Petrobras<\/strong> \u00e9 de queda de 38% na base trimestral e 59% na base anual, para US$ 4,5 bilh\u00f5es.<\/p>\n\n\n\t<p>\n\t\t<a href=\"https:\/\/lp.suno.com.br\/plataforma-de-controle-de-investimentos\/\" target=\"_blank\" data-element=\"shortcode-suno-banner\" title=\"Banner SUNO, clique e saiba mais\">\n\t\t\t<picture>\n\t\t\t\t<source media=\"(max-width: 500px)\" srcset=\"https:\/\/files.sunoresearch.com.br\/n\/uploads\/2023\/03\/400x300-Controle-de-Investimentos.png\">\n\t\t\t\t<img class=\"newsContent__article__imgCapa newsContent__article__imgCapa--banner\"\n\t\t\t\t\tsrc=\"https:\/\/files.sunoresearch.com.br\/n\/uploads\/2023\/03\/1420x240-Controle-de-Investimentos.png\"\n\t\t\t\t\tdata-promo-id=\"383162\"\t\t\t\t\t\t\t\t\t\twidth='1420' height='240'\t\t\t\t\talt=\"https:\/\/files.sunoresearch.com.br\/n\/uploads\/2023\/03\/1420x240-Controle-de-Investimentos.png\"\n\t\t\t\t>\n\t\t\t<\/picture>\n\t\t<\/a>\n\t<\/p>\n\n\n","protected":false},"excerpt":{"rendered":"<p>O conselho de administra\u00e7\u00e3o da Petrobras&nbsp;(PETR4) deve ser reunir nesta sexta-feira (28) para tratar da pol\u00edtica de dividendos, al\u00e9m de uma poss\u00edvel recompra de a\u00e7\u00f5es da companhia, segundo apura\u00e7\u00e3o do jornal Valor Econ\u00f4mico e ag\u00eancia Reuters. Petrobras (PETR4) &#8211; Foto: Ag\u00eancia Petrobras O tema vinha sendo tratado internamente por um comit\u00ea t\u00e9cnico da estatal, a [&hellip;]<\/p>\n","protected":false},"author":313,"featured_media":385140,"comment_status":"closed","ping_status":"closed","sticky":false,"template":"","format":"standard","meta":[],"categories":[64],"tags":[595],"suno_strategy":[],"class_list":["post-434882","post","type-post","status-publish","format-standard","has-post-thumbnail","hentry","category-negocios","tag-petrobras-petr4"],"yoast_head":"<!-- This site is optimized with the Yoast SEO plugin v24.4 - https:\/\/yoast.com\/wordpress\/plugins\/seo\/ -->\n<title>Petrobras (PETR4) debate pol\u00edtica de dividendos nesta sexta-feira<\/title>\n<meta name=\"description\" content=\"O conselho de administra\u00e7\u00e3o da Petrobras\u00a0deve ser reunir nesta sexta-feira (28) para tratar da pol\u00edtica de dividendos. Veja proje\u00e7\u00f5es!\" \/>\n<meta name=\"robots\" content=\"index, follow, max-snippet:-1, max-image-preview:large, max-video-preview:-1\" \/>\n<link rel=\"canonical\" href=\"https:\/\/www.suno.com.br\/noticias\/petrobras-petr4-debate-politica-dividendos-hoje-gpj\/\" \/>\n<meta property=\"og:locale\" content=\"pt_BR\" \/>\n<meta property=\"og:type\" content=\"article\" \/>\n<meta property=\"og:title\" content=\"Petrobras (PETR4) debate pol\u00edtica de dividendos nesta sexta-feira\" \/>\n<meta property=\"og:description\" content=\"O conselho de administra\u00e7\u00e3o da Petrobras\u00a0deve ser reunir nesta sexta-feira (28) para tratar da pol\u00edtica de dividendos. Veja proje\u00e7\u00f5es!\" \/>\n<meta property=\"og:url\" content=\"https:\/\/www.suno.com.br\/noticias\/petrobras-petr4-debate-politica-dividendos-hoje-gpj\/\" \/>\n<meta property=\"og:site_name\" content=\"Suno Not\u00edcias\" \/>\n<meta property=\"article:publisher\" content=\"https:\/\/facebook.com\/sunoresearch\" \/>\n<meta property=\"og:image\" content=\"https:\/\/files.sunoresearch.com.br\/n\/uploads\/2023\/04\/edificio-sede-da-Petrobras-Edise.jpg\" \/>\n\t<meta property=\"og:image:width\" content=\"1200\" \/>\n\t<meta property=\"og:image:height\" content=\"800\" \/>\n\t<meta property=\"og:image:type\" content=\"image\/jpeg\" \/>\n<meta name=\"author\" content=\"Giovanni Porf\u00edrio Jacomino\" \/>\n<meta name=\"twitter:card\" content=\"summary_large_image\" \/>\n<meta name=\"twitter:creator\" content=\"@sunoresearch\" \/>\n<meta name=\"twitter:site\" content=\"@sunoresearch\" \/>\n<meta name=\"twitter:label1\" content=\"Escrito por\" \/>\n\t<meta name=\"twitter:data1\" content=\"Giovanni Porf\u00edrio Jacomino\" \/>\n\t<meta name=\"twitter:label2\" content=\"Est. tempo de leitura\" \/>\n\t<meta name=\"twitter:data2\" content=\"5 minutos\" \/>\n<script type=\"application\/ld+json\" class=\"yoast-schema-graph\">{\"@context\":\"https:\/\/schema.org\",\"@graph\":[{\"@type\":\"NewsArticle\",\"@id\":\"https:\/\/www.suno.com.br\/noticias\/petrobras-petr4-debate-politica-dividendos-hoje-gpj\/#article\",\"isPartOf\":{\"@id\":\"https:\/\/www.suno.com.br\/noticias\/petrobras-petr4-debate-politica-dividendos-hoje-gpj\/\"},\"author\":{\"name\":\"Giovanni Porf\u00edrio Jacomino\",\"@id\":\"https:\/\/www.suno.com.br\/noticias\/#\/schema\/person\/d0f32748bbca4bee871fa191ee4e2d40\"},\"headline\":\"Petrobras (PETR4) debate pol\u00edtica de dividendos nesta sexta; veja proje\u00e7\u00f5es\",\"datePublished\":\"2023-07-28T13:00:57+00:00\",\"dateModified\":\"2023-07-28T13:01:04+00:00\",\"mainEntityOfPage\":{\"@id\":\"https:\/\/www.suno.com.br\/noticias\/petrobras-petr4-debate-politica-dividendos-hoje-gpj\/\"},\"wordCount\":845,\"publisher\":{\"@id\":\"https:\/\/www.suno.com.br\/noticias\/#organization\"},\"image\":{\"@id\":\"https:\/\/www.suno.com.br\/noticias\/petrobras-petr4-debate-politica-dividendos-hoje-gpj\/#primaryimage\"},\"thumbnailUrl\":\"https:\/\/files.sunoresearch.com.br\/n\/uploads\/2023\/04\/edificio-sede-da-Petrobras-Edise.jpg\",\"keywords\":[\"Petrobras (PETR4)\"],\"articleSection\":[\"Neg\u00f3cios\"],\"inLanguage\":\"pt-BR\"},{\"@type\":\"WebPage\",\"@id\":\"https:\/\/www.suno.com.br\/noticias\/petrobras-petr4-debate-politica-dividendos-hoje-gpj\/\",\"url\":\"https:\/\/www.suno.com.br\/noticias\/petrobras-petr4-debate-politica-dividendos-hoje-gpj\/\",\"name\":\"Petrobras (PETR4) debate pol\u00edtica de dividendos nesta sexta-feira\",\"isPartOf\":{\"@id\":\"https:\/\/www.suno.com.br\/noticias\/#website\"},\"primaryImageOfPage\":{\"@id\":\"https:\/\/www.suno.com.br\/noticias\/petrobras-petr4-debate-politica-dividendos-hoje-gpj\/#primaryimage\"},\"image\":{\"@id\":\"https:\/\/www.suno.com.br\/noticias\/petrobras-petr4-debate-politica-dividendos-hoje-gpj\/#primaryimage\"},\"thumbnailUrl\":\"https:\/\/files.sunoresearch.com.br\/n\/uploads\/2023\/04\/edificio-sede-da-Petrobras-Edise.jpg\",\"datePublished\":\"2023-07-28T13:00:57+00:00\",\"dateModified\":\"2023-07-28T13:01:04+00:00\",\"description\":\"O conselho de administra\u00e7\u00e3o da Petrobras\u00a0deve ser reunir nesta sexta-feira (28) para tratar da pol\u00edtica de dividendos. Veja proje\u00e7\u00f5es!\",\"breadcrumb\":{\"@id\":\"https:\/\/www.suno.com.br\/noticias\/petrobras-petr4-debate-politica-dividendos-hoje-gpj\/#breadcrumb\"},\"inLanguage\":\"pt-BR\",\"potentialAction\":[{\"@type\":\"ReadAction\",\"target\":[\"https:\/\/www.suno.com.br\/noticias\/petrobras-petr4-debate-politica-dividendos-hoje-gpj\/\"]}]},{\"@type\":\"ImageObject\",\"inLanguage\":\"pt-BR\",\"@id\":\"https:\/\/www.suno.com.br\/noticias\/petrobras-petr4-debate-politica-dividendos-hoje-gpj\/#primaryimage\",\"url\":\"https:\/\/files.sunoresearch.com.br\/n\/uploads\/2023\/04\/edificio-sede-da-Petrobras-Edise.jpg\",\"contentUrl\":\"https:\/\/files.sunoresearch.com.br\/n\/uploads\/2023\/04\/edificio-sede-da-Petrobras-Edise.jpg\",\"width\":1200,\"height\":800,\"caption\":\"Petrobras (PETR4) - Foto: Ag\u00eancia Petrobras\"},{\"@type\":\"BreadcrumbList\",\"@id\":\"https:\/\/www.suno.com.br\/noticias\/petrobras-petr4-debate-politica-dividendos-hoje-gpj\/#breadcrumb\",\"itemListElement\":[{\"@type\":\"ListItem\",\"position\":1,\"name\":\"Not\u00edcias\",\"item\":\"https:\/\/www.suno.com.br\/noticias\/\"},{\"@type\":\"ListItem\",\"position\":2,\"name\":\"Neg\u00f3cios\",\"item\":\"https:\/\/www.suno.com.br\/noticias\/negocios\/\"},{\"@type\":\"ListItem\",\"position\":3,\"name\":\"Petrobras (PETR4) debate pol\u00edtica de dividendos nesta sexta; veja proje\u00e7\u00f5es\"}]},{\"@type\":\"WebSite\",\"@id\":\"https:\/\/www.suno.com.br\/noticias\/#website\",\"url\":\"https:\/\/www.suno.com.br\/noticias\/\",\"name\":\"Suno Not\u00edcias\",\"description\":\"Seu portal de informa\u00e7\u00e3o sobre o mundo dos investimentos\",\"publisher\":{\"@id\":\"https:\/\/www.suno.com.br\/noticias\/#organization\"},\"potentialAction\":[{\"@type\":\"SearchAction\",\"target\":{\"@type\":\"EntryPoint\",\"urlTemplate\":\"https:\/\/www.suno.com.br\/noticias\/?s={search_term_string}\"},\"query-input\":{\"@type\":\"PropertyValueSpecification\",\"valueRequired\":true,\"valueName\":\"search_term_string\"}}],\"inLanguage\":\"pt-BR\"},{\"@type\":\"Organization\",\"@id\":\"https:\/\/www.suno.com.br\/noticias\/#organization\",\"name\":\"Suno Not\u00edcias\",\"url\":\"https:\/\/www.suno.com.br\/noticias\/\",\"logo\":{\"@type\":\"ImageObject\",\"inLanguage\":\"pt-BR\",\"@id\":\"https:\/\/www.suno.com.br\/noticias\/#\/schema\/logo\/image\/\",\"url\":\"https:\/\/files.sunoresearch.com.br\/n\/uploads\/2021\/09\/suno-logo.png\",\"contentUrl\":\"https:\/\/files.sunoresearch.com.br\/n\/uploads\/2021\/09\/suno-logo.png\",\"width\":180,\"height\":180,\"caption\":\"Suno Not\u00edcias\"},\"image\":{\"@id\":\"https:\/\/www.suno.com.br\/noticias\/#\/schema\/logo\/image\/\"},\"sameAs\":[\"https:\/\/facebook.com\/sunoresearch\",\"https:\/\/x.com\/sunoresearch\",\"https:\/\/www.instagram.com\/suno\",\"https:\/\/www.linkedin.com\/company\/suno-research\/\",\"https:\/\/www.youtube.com\/c\/sunoresearch\"]},{\"@type\":\"Person\",\"@id\":\"https:\/\/www.suno.com.br\/noticias\/#\/schema\/person\/d0f32748bbca4bee871fa191ee4e2d40\",\"name\":\"Giovanni Porf\u00edrio Jacomino\",\"image\":{\"@type\":\"ImageObject\",\"inLanguage\":\"pt-BR\",\"@id\":\"https:\/\/www.suno.com.br\/noticias\/#\/schema\/person\/image\/\",\"url\":\"https:\/\/secure.gravatar.com\/avatar\/efb32e19b730a121cb7a80f41ffec01a?s=96&r=g\",\"contentUrl\":\"https:\/\/secure.gravatar.com\/avatar\/efb32e19b730a121cb7a80f41ffec01a?s=96&r=g\",\"caption\":\"Giovanni Porf\u00edrio Jacomino\"},\"description\":\"Giovanni Porf\u00edrio Jacomino \u00e9 jornalista formado pela Universidade Estadual de Londrina (UEL) e p\u00f3s-graduado em Produ\u00e7\u00e3o e Pr\u00e1ticas Jornal\u00edsticas na Contemporaneidade na Faculdade C\u00e1sper L\u00edbero (FCL). Foi editor web no Startupi e no Finsiders, atuando ainda como editor no TC Mover, portal de not\u00edcias da TradersClub, fazendo a cobertura de assuntos relacionados ao mercado financeiro interno e externo. Atualmente, \u00e9 Rep\u00f3rter do Suno Not\u00edcias.\",\"url\":\"https:\/\/www.suno.com.br\/noticias\/author\/giovanni-porfiriosuno-com-br\/\"}]}<\/script>\n<!-- \/ Yoast SEO plugin. -->","yoast_head_json":{"title":"Petrobras (PETR4) debate pol\u00edtica de dividendos nesta sexta-feira","description":"O conselho de administra\u00e7\u00e3o da Petrobras\u00a0deve ser reunir nesta sexta-feira (28) para tratar da pol\u00edtica de dividendos. Veja proje\u00e7\u00f5es!","robots":{"index":"index","follow":"follow","max-snippet":"max-snippet:-1","max-image-preview":"max-image-preview:large","max-video-preview":"max-video-preview:-1"},"canonical":"https:\/\/www.suno.com.br\/noticias\/petrobras-petr4-debate-politica-dividendos-hoje-gpj\/","og_locale":"pt_BR","og_type":"article","og_title":"Petrobras (PETR4) debate pol\u00edtica de dividendos nesta sexta-feira","og_description":"O conselho de administra\u00e7\u00e3o da Petrobras\u00a0deve ser reunir nesta sexta-feira (28) para tratar da pol\u00edtica de dividendos. Veja proje\u00e7\u00f5es!","og_url":"https:\/\/www.suno.com.br\/noticias\/petrobras-petr4-debate-politica-dividendos-hoje-gpj\/","og_site_name":"Suno Not\u00edcias","article_publisher":"https:\/\/facebook.com\/sunoresearch","og_image":[{"width":1200,"height":800,"url":"https:\/\/files.sunoresearch.com.br\/n\/uploads\/2023\/04\/edificio-sede-da-Petrobras-Edise.jpg","type":"image\/jpeg"}],"author":"Giovanni Porf\u00edrio Jacomino","twitter_card":"summary_large_image","twitter_creator":"@sunoresearch","twitter_site":"@sunoresearch","twitter_misc":{"Escrito por":"Giovanni Porf\u00edrio Jacomino","Est. tempo de leitura":"5 minutos"},"schema":{"@context":"https:\/\/schema.org","@graph":[{"@type":"NewsArticle","@id":"https:\/\/www.suno.com.br\/noticias\/petrobras-petr4-debate-politica-dividendos-hoje-gpj\/#article","isPartOf":{"@id":"https:\/\/www.suno.com.br\/noticias\/petrobras-petr4-debate-politica-dividendos-hoje-gpj\/"},"author":{"name":"Giovanni Porf\u00edrio Jacomino","@id":"https:\/\/www.suno.com.br\/noticias\/#\/schema\/person\/d0f32748bbca4bee871fa191ee4e2d40"},"headline":"Petrobras (PETR4) debate pol\u00edtica de dividendos nesta sexta; veja proje\u00e7\u00f5es","datePublished":"2023-07-28T13:00:57+00:00","dateModified":"2023-07-28T13:01:04+00:00","mainEntityOfPage":{"@id":"https:\/\/www.suno.com.br\/noticias\/petrobras-petr4-debate-politica-dividendos-hoje-gpj\/"},"wordCount":845,"publisher":{"@id":"https:\/\/www.suno.com.br\/noticias\/#organization"},"image":{"@id":"https:\/\/www.suno.com.br\/noticias\/petrobras-petr4-debate-politica-dividendos-hoje-gpj\/#primaryimage"},"thumbnailUrl":"https:\/\/files.sunoresearch.com.br\/n\/uploads\/2023\/04\/edificio-sede-da-Petrobras-Edise.jpg","keywords":["Petrobras (PETR4)"],"articleSection":["Neg\u00f3cios"],"inLanguage":"pt-BR"},{"@type":"WebPage","@id":"https:\/\/www.suno.com.br\/noticias\/petrobras-petr4-debate-politica-dividendos-hoje-gpj\/","url":"https:\/\/www.suno.com.br\/noticias\/petrobras-petr4-debate-politica-dividendos-hoje-gpj\/","name":"Petrobras (PETR4) debate pol\u00edtica de dividendos nesta sexta-feira","isPartOf":{"@id":"https:\/\/www.suno.com.br\/noticias\/#website"},"primaryImageOfPage":{"@id":"https:\/\/www.suno.com.br\/noticias\/petrobras-petr4-debate-politica-dividendos-hoje-gpj\/#primaryimage"},"image":{"@id":"https:\/\/www.suno.com.br\/noticias\/petrobras-petr4-debate-politica-dividendos-hoje-gpj\/#primaryimage"},"thumbnailUrl":"https:\/\/files.sunoresearch.com.br\/n\/uploads\/2023\/04\/edificio-sede-da-Petrobras-Edise.jpg","datePublished":"2023-07-28T13:00:57+00:00","dateModified":"2023-07-28T13:01:04+00:00","description":"O conselho de administra\u00e7\u00e3o da Petrobras\u00a0deve ser reunir nesta sexta-feira (28) para tratar da pol\u00edtica de dividendos. Veja proje\u00e7\u00f5es!","breadcrumb":{"@id":"https:\/\/www.suno.com.br\/noticias\/petrobras-petr4-debate-politica-dividendos-hoje-gpj\/#breadcrumb"},"inLanguage":"pt-BR","potentialAction":[{"@type":"ReadAction","target":["https:\/\/www.suno.com.br\/noticias\/petrobras-petr4-debate-politica-dividendos-hoje-gpj\/"]}]},{"@type":"ImageObject","inLanguage":"pt-BR","@id":"https:\/\/www.suno.com.br\/noticias\/petrobras-petr4-debate-politica-dividendos-hoje-gpj\/#primaryimage","url":"https:\/\/files.sunoresearch.com.br\/n\/uploads\/2023\/04\/edificio-sede-da-Petrobras-Edise.jpg","contentUrl":"https:\/\/files.sunoresearch.com.br\/n\/uploads\/2023\/04\/edificio-sede-da-Petrobras-Edise.jpg","width":1200,"height":800,"caption":"Petrobras (PETR4) - Foto: Ag\u00eancia Petrobras"},{"@type":"BreadcrumbList","@id":"https:\/\/www.suno.com.br\/noticias\/petrobras-petr4-debate-politica-dividendos-hoje-gpj\/#breadcrumb","itemListElement":[{"@type":"ListItem","position":1,"name":"Not\u00edcias","item":"https:\/\/www.suno.com.br\/noticias\/"},{"@type":"ListItem","position":2,"name":"Neg\u00f3cios","item":"https:\/\/www.suno.com.br\/noticias\/negocios\/"},{"@type":"ListItem","position":3,"name":"Petrobras (PETR4) debate pol\u00edtica de dividendos nesta sexta; veja proje\u00e7\u00f5es"}]},{"@type":"WebSite","@id":"https:\/\/www.suno.com.br\/noticias\/#website","url":"https:\/\/www.suno.com.br\/noticias\/","name":"Suno Not\u00edcias","description":"Seu portal de informa\u00e7\u00e3o sobre o mundo dos investimentos","publisher":{"@id":"https:\/\/www.suno.com.br\/noticias\/#organization"},"potentialAction":[{"@type":"SearchAction","target":{"@type":"EntryPoint","urlTemplate":"https:\/\/www.suno.com.br\/noticias\/?s={search_term_string}"},"query-input":{"@type":"PropertyValueSpecification","valueRequired":true,"valueName":"search_term_string"}}],"inLanguage":"pt-BR"},{"@type":"Organization","@id":"https:\/\/www.suno.com.br\/noticias\/#organization","name":"Suno Not\u00edcias","url":"https:\/\/www.suno.com.br\/noticias\/","logo":{"@type":"ImageObject","inLanguage":"pt-BR","@id":"https:\/\/www.suno.com.br\/noticias\/#\/schema\/logo\/image\/","url":"https:\/\/files.sunoresearch.com.br\/n\/uploads\/2021\/09\/suno-logo.png","contentUrl":"https:\/\/files.sunoresearch.com.br\/n\/uploads\/2021\/09\/suno-logo.png","width":180,"height":180,"caption":"Suno Not\u00edcias"},"image":{"@id":"https:\/\/www.suno.com.br\/noticias\/#\/schema\/logo\/image\/"},"sameAs":["https:\/\/facebook.com\/sunoresearch","https:\/\/x.com\/sunoresearch","https:\/\/www.instagram.com\/suno","https:\/\/www.linkedin.com\/company\/suno-research\/","https:\/\/www.youtube.com\/c\/sunoresearch"]},{"@type":"Person","@id":"https:\/\/www.suno.com.br\/noticias\/#\/schema\/person\/d0f32748bbca4bee871fa191ee4e2d40","name":"Giovanni Porf\u00edrio Jacomino","image":{"@type":"ImageObject","inLanguage":"pt-BR","@id":"https:\/\/www.suno.com.br\/noticias\/#\/schema\/person\/image\/","url":"https:\/\/secure.gravatar.com\/avatar\/efb32e19b730a121cb7a80f41ffec01a?s=96&r=g","contentUrl":"https:\/\/secure.gravatar.com\/avatar\/efb32e19b730a121cb7a80f41ffec01a?s=96&r=g","caption":"Giovanni Porf\u00edrio Jacomino"},"description":"Giovanni Porf\u00edrio Jacomino \u00e9 jornalista formado pela Universidade Estadual de Londrina (UEL) e p\u00f3s-graduado em Produ\u00e7\u00e3o e Pr\u00e1ticas Jornal\u00edsticas na Contemporaneidade na Faculdade C\u00e1sper L\u00edbero (FCL). Foi editor web no Startupi e no Finsiders, atuando ainda como editor no TC Mover, portal de not\u00edcias da TradersClub, fazendo a cobertura de assuntos relacionados ao mercado financeiro interno e externo. Atualmente, \u00e9 Rep\u00f3rter do Suno Not\u00edcias.","url":"https:\/\/www.suno.com.br\/noticias\/author\/giovanni-porfiriosuno-com-br\/"}]}},"default_loop_html":"<div class=\"cardsPage__listCard__boxs\"><div class=\"cardsPage__listCard__boxs__img\"><a href=\"https:\/\/www.suno.com.br\/noticias\/petrobras-petr4-debate-politica-dividendos-hoje-gpj\/\"><img class=\"mask\" src=\"https:\/\/www.suno.com.br\/noticias\/wp-content\/themes\/suno\/resources\/images\/spotlight\/spotlight1img\/bg-mask.png\" alt=\"Image Mask\"\/><img src=\"https:\/\/files.sunoresearch.com.br\/n\/uploads\/2023\/04\/edificio-sede-da-Petrobras-Edise-400x200.jpg\" alt=\"Petrobras (PETR4) debate pol\u00edtica de dividendos nesta sexta; veja proje\u00e7\u00f5es\"\/><\/a><span class=\"spotlightCategory\"><a href=\"https:\/\/www.suno.com.br\/noticias\/negocios\/\">Neg\u00f3cios<\/a><\/span><\/div><div class=\"cardsPage__listCard__boxs__content\"><a href=\"https:\/\/www.suno.com.br\/noticias\/petrobras-petr4-debate-politica-dividendos-hoje-gpj\/\"><h2 class=\"content__title\">Petrobras (PETR4) debate pol\u00edtica de dividendos nesta sexta; veja proje\u00e7\u00f5es<\/h2><\/a><div class=\"newsContent__article__meta\"><div class=\"newsContent__article__meta__authorBox\"><a href=\"https:\/\/www.suno.com.br\/noticias\/author\/giovanni-porfiriosuno-com-br\/\" class=\"authorBox__avatar noMobi\"><img src=\"https:\/\/files.sunoresearch.com.br\/n\/uploads\/2024\/05\/DSCF4115-1-1-150x150.webp\" alt=\"Giovanni Porf\u00edrio Jacomino\"><\/a><div class=\"authorBox__name\"><span>por\n\t\t\t<a href=\"https:\/\/www.suno.com.br\/noticias\/author\/giovanni-porfiriosuno-com-br\/\"><span itemprop=\"author\">Giovanni Porf\u00edrio Jacomino<\/span><\/a><\/span><time datetime=\"2023-07-28T10:00:57-03:00\" itemprop=\"datePublished\">28\/07\/2023 10:00<\/time><\/div><\/div><\/div><\/div><\/div>","single_layout":"posts","amp_enabled":true,"_links":{"self":[{"href":"https:\/\/www.suno.com.br\/noticias\/wp-json\/wp\/v2\/posts\/434882"}],"collection":[{"href":"https:\/\/www.suno.com.br\/noticias\/wp-json\/wp\/v2\/posts"}],"about":[{"href":"https:\/\/www.suno.com.br\/noticias\/wp-json\/wp\/v2\/types\/post"}],"author":[{"embeddable":true,"href":"https:\/\/www.suno.com.br\/noticias\/wp-json\/wp\/v2\/users\/313"}],"replies":[{"embeddable":true,"href":"https:\/\/www.suno.com.br\/noticias\/wp-json\/wp\/v2\/comments?post=434882"}],"version-history":[{"count":3,"href":"https:\/\/www.suno.com.br\/noticias\/wp-json\/wp\/v2\/posts\/434882\/revisions"}],"predecessor-version":[{"id":434950,"href":"https:\/\/www.suno.com.br\/noticias\/wp-json\/wp\/v2\/posts\/434882\/revisions\/434950"}],"wp:featuredmedia":[{"embeddable":true,"href":"https:\/\/www.suno.com.br\/noticias\/wp-json\/wp\/v2\/media\/385140"}],"wp:attachment":[{"href":"https:\/\/www.suno.com.br\/noticias\/wp-json\/wp\/v2\/media?parent=434882"}],"wp:term":[{"taxonomy":"category","embeddable":true,"href":"https:\/\/www.suno.com.br\/noticias\/wp-json\/wp\/v2\/categories?post=434882"},{"taxonomy":"post_tag","embeddable":true,"href":"https:\/\/www.suno.com.br\/noticias\/wp-json\/wp\/v2\/tags?post=434882"},{"taxonomy":"suno_strategy","embeddable":true,"href":"https:\/\/www.suno.com.br\/noticias\/wp-json\/wp\/v2\/suno_strategy?post=434882"}],"curies":[{"name":"wp","href":"https:\/\/api.w.org\/{rel}","templated":true}]}}