{"id":434781,"date":"2023-07-27T22:33:07","date_gmt":"2023-07-28T01:33:07","guid":{"rendered":"https:\/\/www.suno.com.br\/noticias\/?p=434781"},"modified":"2023-07-27T22:33:25","modified_gmt":"2023-07-28T01:33:25","slug":"radar-vale-vale3-multiplan-mult3-banco-do-brasil-bbas3","status":"publish","type":"post","link":"https:\/\/www.suno.com.br\/noticias\/radar-vale-vale3-multiplan-mult3-banco-do-brasil-bbas3\/","title":{"rendered":"Radar: Vale (VALE3) vende parte de unidade de metais b\u00e1sicos, lucro de Multiplan (MULT3) avan\u00e7a no 2T23 e Banco do Brasil (BBAS3) puxa queda no setor\u00a0na Bolsa"},"content":{"rendered":"<p>A<strong>&nbsp;Vale (VALE3)<\/strong>&nbsp;anunciou, nesta quinta-feira (27), que concluiu um acordo para venda de participa\u00e7\u00e3o em sua unidade de metais b\u00e1sicos (VBM), avaliada em US$ 26 bilh\u00f5es. Com isso, a saudita Manara Minerals e a americana Engine No. 1 v\u00e3o pagar US$ 3,4 bilh\u00f5es e passar\u00e3o a deter 13% da VBM.<\/p>\t<div class=\"wrapper-featured-image\">\n\t\t<figure class=\"spotlightImg\">\n\n\t\t\t<picture>\n\t\t\t\t<source media=\"(max-width: 768px)\" srcset=\"https:\/\/files.sunoresearch.com.br\/n\/uploads\/2023\/02\/vale-vale3-400x200.jpg\">\n\t\t\t\t<img loading=\"lazy\" decoding=\"async\" class=\"newsContent__article__imgCapa lazyloadDisabled \" src=\"https:\/\/files.sunoresearch.com.br\/n\/uploads\/2023\/02\/vale-vale3-800x450.jpg\" width=\"800\" height=\"450\" alt=\"Radar: Vale (VALE3) vende parte de unidade de metais b\u00e1sicos, lucro de Multiplan (MULT3) avan\u00e7a no 2T23 e Banco do Brasil (BBAS3) puxa queda no setor\u00a0na Bolsa\" fetchpriority=high \/>\n\t\t\t<\/picture>\n\n\t\t\t<figcaption class=\"wp-caption-text wp-caption-text--show\">Vale (VALE3). Foto: Divulga\u00e7\u00e3o.<\/figcaption>\n\t\t<\/figure>\n\t<\/div>\n\n\n\n\n\n\t<p>\n\t\t<a href=\"https:\/\/lp.suno.com.br\/planilha-da-vida-financeira\/\" target=\"_blank\" data-element=\"shortcode-suno-banner\" title=\"Banner SUNO, clique e saiba mais\">\n\t\t\t<picture>\n\t\t\t\t<source media=\"(max-width: 500px)\" srcset=\"https:\/\/files.sunoresearch.com.br\/n\/uploads\/2023\/04\/400x300-Planilha-vida-financeira-true.png\">\n\t\t\t\t<img class=\"newsContent__article__imgCapa newsContent__article__imgCapa--banner\"\n\t\t\t\t\tsrc=\"https:\/\/files.sunoresearch.com.br\/n\/uploads\/2023\/04\/1420x240-Planilha-vida-financeira-true.png\"\n\t\t\t\t\tdata-promo-id=\"106682\"\t\t\t\t\t\t\t\t\t\twidth='1420' height='240'\t\t\t\t\talt=\"https:\/\/files.sunoresearch.com.br\/n\/uploads\/2023\/04\/1420x240-Planilha-vida-financeira-true.png\"\n\t\t\t\t>\n\t\t\t<\/picture>\n\t\t<\/a>\n\t<\/p>\n\n\n\n\n\n\n\n<p>A&nbsp;<strong>Manara,<\/strong>&nbsp;<a href=\"https:\/\/www.suno.com.br\/artigos\/joint-venture\/\" target=\"_blank\" rel=\"noreferrer noopener\">joint venture<\/a>&nbsp;saudita entre o&nbsp;<a href=\"https:\/\/www.suno.com.br\/artigos\/fundo-soberano\/\" target=\"_blank\" rel=\"noreferrer noopener\">fundo soberano<\/a>&nbsp;PIF e a&nbsp;<strong>mineradora Ma\u2019aden<\/strong>, far\u00e1 o maior aporte, cerca de US$ 2,6 bilh\u00f5es e, consequentemente, pegar\u00e1 a principal fatia (10%) do neg\u00f3cio. J\u00e1 a&nbsp;<strong>Engine No. 1&nbsp;<\/strong>deter\u00e1 uma participa\u00e7\u00e3o de 3%.<\/p>\n\n\n\n<p>Segundo a Vale, a parceria estrat\u00e9gica na&nbsp;<strong>unidade de metais b\u00e1sicos<\/strong>&nbsp;ir\u00e1 acelerar o crescimento da VBM, apoiando a transi\u00e7\u00e3o energ\u00e9tica global. \u201cCom nosso portf\u00f3lio de alta qualidade, estamos posicionados de maneira \u00fanica para atender \u00e0 crescente demanda por metais verdes essenciais \u00e0 transi\u00e7\u00e3o energ\u00e9tica global, ao passo que continuamos comprometidos com pr\u00e1ticas socioambientais robustas e com a minera\u00e7\u00e3o sustent\u00e1vel\u201d, afirma e Eduardo Bartolomeo,<strong>&nbsp;CEO da Vale<\/strong>.<\/p>\n\n\n\n<p>A mineradora projeta que, ao longo da pr\u00f3xima d\u00e9cada, a&nbsp;<strong>VBM&nbsp;<\/strong>invista cerca de US$ 25 a 30 bilh\u00f5es em projetos minerais estrat\u00e9gicos, possibilitando um potencial aumento de produ\u00e7\u00e3o significativo em cobre de cerca de 350 kt\/ano para 900 kt\/ano e em n\u00edquel de cerca de 175 kt\/ano para mais de 300 kt\/ano.<\/p>\n\n\n\n<p>Robert Wilt, diretor executivo da Manara Minerals, afirma que a parceria visa o&nbsp;<a href=\"https:\/\/www.suno.com.br\/artigos\/longo-prazo\/\" target=\"_blank\" rel=\"noreferrer noopener\">longo prazo<\/a>. A Manara Minerals traz investimento de longo prazo, experi\u00eancia em minera\u00e7\u00e3o e conhecimento profundo do setor, e atuar\u00e1 como parceiro estrat\u00e9gico chave na resili\u00eancia da cadeia global de suprimentos e nos esfor\u00e7os de transi\u00e7\u00e3o energ\u00e9tica\u201d, diz o executivo.<\/p>\n\n\n\n<p>Al\u00e9m de Vale, confira outros destaques desta quinta-feira:<\/p>\n\n\n\n<h2 class=\"wp-block-heading\">Multiplan (MULT3): lucro avan\u00e7a 43% no 2T23, para R$ 247 milh\u00f5es<\/h2>\n\n\n\n<ul class=\"wp-block-list\">\n<li>A&nbsp;<strong>Multiplan<\/strong>&nbsp;(MULT3), uma das maiores administradoras de shopping centers do Brasil, apresentou um&nbsp;<a href=\"https:\/\/www.suno.com.br\/artigos\/lucro-liquido\/\" target=\"_blank\" rel=\"noreferrer noopener\">lucro l\u00edquido<\/a>&nbsp;de R$ 247,1 milh\u00f5es no segundo trimestre de 2023 (2T23), alta de 43,3% na compara\u00e7\u00e3o com o mesmo per\u00edodo do ano anterior, mostrando forte recupera\u00e7\u00e3o nas vendas somada \u00e0 maior efici\u00eancia administrativa.<\/li>\n<\/ul>\n\n\n\n<ul class=\"wp-block-list\">\n<li>H\u00e1 um ano, as&nbsp;<strong>vendas dos lojistas da Multiplan<\/strong>&nbsp;superavam o n\u00edvel de 2019 (pr\u00e9-pandemia) em 28,9%. Agora, a companhia anunciou que as vendas dos lojistas atingiram R$ 5,2 bilh\u00f5es, um crescimento de 5,8% em rela\u00e7\u00e3o ao mesmo per\u00edodo do ano anterior e 36,3% acima do 2\u00ba trimestre de 2019.<\/li>\n<\/ul>\n\n\n\n<ul class=\"wp-block-list\">\n<li>O indicador \u201caluguel mesmas lojas\u201d indicado pela sigla (SSR) avan\u00e7ou 9,4% no 2T23, beneficiado por um crescimento real do SSR de 3,6%, al\u00e9m de um efeito do reajuste do IGP-DI de 5,6%. Explicando: as lojas que j\u00e1 existiam um ano atr\u00e1s est\u00e3o pagando, em m\u00e9dia, um aluguel 9,4% mais alto agora.<\/li>\n<\/ul>\n\n\n\n<ul class=\"wp-block-list\">\n<li>Este crescimento real est\u00e1 acima da m\u00e9dia dos \u00faltimos dez anos, de 3,5%. Este crescimento do SSR contribuiu para a alta de dois d\u00edgitos da&nbsp;<a href=\"https:\/\/www.suno.com.br\/artigos\/o-que-receita-liquida\/\" target=\"_blank\" rel=\"noreferrer noopener\">receita l\u00edquida<\/a>, de 15,1%, totalizando R$ 502 milh\u00f5es no trimestre.<\/li>\n<\/ul>\n\n\n\n<ul class=\"wp-block-list\">\n<li>O&nbsp;<strong>Ebitda da Multiplan<\/strong>&nbsp;(lucro antes de juros, impostos, deprecia\u00e7\u00f5es e amortiza\u00e7\u00f5es) \u2013 medida de resultado operacional \u2013 avan\u00e7ou 28,4% no per\u00edodo de um ano, totalizando R$ 369,35 milh\u00f5es no 2\u00ba tri de 2023.<\/li>\n<\/ul>\n\n\n\n<ul class=\"wp-block-list\">\n<li>Ao final do segundo trimestre de 2023, a Multiplan possu\u00eda e administrava 20 shopping centers, somando uma \u00c1rea Bruta Loc\u00e1vel (ABL) total de 880.907 m\u00b2. O total da \u00c1rea Bruta Loc\u00e1vel do portf\u00f3lio da Multiplan chegou a impressionantes 931.489 m\u00b2 ap\u00f3s considerar tanto os shopping centers quanto os complexos corporativos.<\/li>\n<\/ul>\n\n\n\n<h2 class=\"wp-block-heading\">Banco do Brasil (BBAS3) puxa queda no setor com influ\u00eancia externa; entenda<\/h2>\n\n\n\n<ul class=\"wp-block-list\">\n<li>As a\u00e7\u00f5es do&nbsp;<a href=\"https:\/\/www.suno.com.br\/acoes\/BBAS3\/\" target=\"_blank\" rel=\"noreferrer noopener\"><strong>Banco do Brasil<\/strong>&nbsp;(BBAS3)<\/a>, assim como a dos demais bancos, fecharam em queda no preg\u00e3o desta quinta-feira (27), com desvaloriza\u00e7\u00f5es acima de 2%.<\/li>\n<\/ul>\n\n\n\n<ul class=\"wp-block-list\">\n<li>No caso das&nbsp;<a href=\"https:\/\/statusinvest.com.br\/acoes\/bbas3?__hstc=189907700.57003753d8805be60d3d8f1693f0228c.1666093829288.1690420493438.1690501369163.199&amp;__hssc=189907700.15.1690501369163&amp;__hsfp=1636132229\" target=\"_blank\" rel=\"noreferrer noopener\"><strong>a\u00e7\u00f5es do Banco do Brasil<\/strong>&nbsp;<\/a>foram 2,05% de retra\u00e7\u00e3o, ante 2,23% do&nbsp;<a href=\"https:\/\/www.suno.com.br\/acoes\/ITUB4\/\" target=\"_blank\" rel=\"noreferrer noopener\">Ita\u00fa (ITUB4)<\/a>&nbsp;e 2,27% do&nbsp;<a href=\"https:\/\/www.suno.com.br\/acoes\/BBDC4\/\" target=\"_blank\" rel=\"noreferrer noopener\">Bradesco (BBDC4)<\/a>.<\/li>\n<\/ul>\n\n\n\n<ul class=\"wp-block-list\">\n<li>Nos \u00faltimos dias, o setor tem sido afetado por falas do Ministro da Fazenda, Fernando Haddad, que tem sinalizado com o fim dos Juros Sob&nbsp;<a href=\"https:\/\/www.suno.com.br\/artigos\/capital-proprio\/\" target=\"_blank\" rel=\"noreferrer noopener\">Capital Pr\u00f3prio<\/a>&nbsp;(JCP).<\/li>\n<\/ul>\n\n\n\n<ul class=\"wp-block-list\">\n<li>Isso tem afetado o setor, dado que p\u00f5e a&nbsp;<strong>din\u00e2mica financeira dos bancos em xeque<\/strong>. Al\u00e9m disso, ventos de Nova York afetam o segmento.<\/li>\n<\/ul>\n\n\n\n<ul class=\"wp-block-list\">\n<li>O impacto externo vem em meio \u00e0 defesa da cria\u00e7\u00e3o de regras mais duras para bancos com ativos entre US$ 100 bilh\u00f5es e US$ 250 bilh\u00f5es pelo presidente do Federal Reserve (<strong>Fed<\/strong>), Jerome Powell.<\/li>\n<\/ul>\n\n\n\n<ul class=\"wp-block-list\">\n<li>\u201cO&nbsp;<a href=\"https:\/\/www.suno.com.br\/artigos\/sistema-bancario\/\" target=\"_blank\" rel=\"noreferrer noopener\">sistema banc\u00e1rio<\/a>&nbsp;dos EUA est\u00e1 robusto e resiliente. Devemos preservar e construir a partir desta for\u00e7a e diversidade\u201d, afirmou.<\/li>\n<\/ul>\n\n\n\n<ul class=\"wp-block-list\">\n<li>Os coment\u00e1rios fazem parte de um discurso preparado para reuni\u00e3o destinada a discutir novas propostas levando em considera\u00e7\u00e3o o Ato Dodd-Frank e o sistema internacional Basileia III. Ap\u00f3s o encontro, o BC americano deve divulgar as propostas publicamente para um per\u00edodo de consultas de 120 dias.<\/li>\n<\/ul>\n\n\n\n<ul class=\"wp-block-list\">\n<li>Segundo ele, n\u00edveis elevados de capital aumentam a resili\u00eancia de bancos em tempos de estresse e, apesar de j\u00e1 possu\u00edrem \u201cn\u00edveis fortes de capital e liquidez\u201d, as institui\u00e7\u00f5es americanas poderiam se beneficiar das novas regras. Powell detalha que o objetivo das mudan\u00e7as propostas \u00e9 atingir metas sens\u00edveis, abordando riscos similares entre os bancos, o que pode exigir a elimina\u00e7\u00e3o do uso de modelos internos de riscos de cr\u00e9dito e operacionais. \u201cS\u00e3o propostas que excedem as exig\u00eancias da Basileia III\u201d, revela o dirigente.<\/li>\n<\/ul>\n\n\n\n<ul class=\"wp-block-list\">\n<li>Contudo, Powell alerta que existiriam riscos para esta estrat\u00e9gica, como o decl\u00ednio r\u00e1pido da liquidez e do acesso ao cr\u00e9dito em mercados cr\u00edticos, devido ao aumento nos custos operacionais dos bancos. Isto poderia provocar a transfer\u00eancia de algumas atividades para o&nbsp;<em>shadow banking<\/em>, alerta o presidente. \u201cDevemos garantir que benef\u00edcios anti-arbitr\u00e1rios superem custos de tratar os riscos banc\u00e1rios, ao desencorajar opera\u00e7\u00f5es arriscadas\u201d, pontuou.<\/li>\n<\/ul>\n\n\n\n<ul class=\"wp-block-list\">\n<li>Powell refor\u00e7ou que, para calibrar as vantagens e os preju\u00edzos de regras mais r\u00edgidas, o BC americano estar\u00e1 atento ao feedback do p\u00fablico, em especial sobre como as propostas poderiam impactar a atividade nos mercados de capital e os riscos operacionais.<\/li>\n<\/ul>\n\n\n\t<p>\n\t\t<a href=\"https:\/\/lp.suno.com.br\/ebook-como-analisar-uma-acao\/\" target=\"_blank\" data-element=\"shortcode-suno-banner\" title=\"Banner SUNO, clique e saiba mais\">\n\t\t\t<picture>\n\t\t\t\t<source media=\"(max-width: 500px)\" srcset=\"https:\/\/files.sunoresearch.com.br\/n\/uploads\/2023\/03\/Ebook-Acoes-Mobile.jpg\">\n\t\t\t\t<img class=\"newsContent__article__imgCapa newsContent__article__imgCapa--banner\"\n\t\t\t\t\tsrc=\"https:\/\/files.sunoresearch.com.br\/n\/uploads\/2023\/03\/Ebook-Acoes-Desktop.jpg\"\n\t\t\t\t\tdata-promo-id=\"378302\"\t\t\t\t\t\t\t\t\t\twidth='1420' height='286'\t\t\t\t\talt=\"https:\/\/files.sunoresearch.com.br\/n\/uploads\/2023\/03\/Ebook-Acoes-Desktop.jpg\"\n\t\t\t\t>\n\t\t\t<\/picture>\n\t\t<\/a>\n\t<\/p>\n\n\n\n\n\n<h2 class=\"wp-block-heading\">Assa\u00ed (ASAI3): banco recomenda compra, ap\u00f3s destacar um ponto positivo no balan\u00e7o do 2T23; a\u00e7\u00f5es lideram altas no Ibovespa<\/h2>\n\n\n\n<ul class=\"wp-block-list\">\n<li>O Santander avaliou como positivo o resultado operacional do<strong>&nbsp;Assa\u00ed (ASAI3)<\/strong>&nbsp;no segundo trimestre de 2023 (2T23), com destaque para o&nbsp;<a href=\"https:\/\/www.suno.com.br\/artigos\/capital-giro\/\" target=\"_blank\" rel=\"noreferrer noopener\">capital de giro<\/a>&nbsp;da empresa. Por esse motivo, o banco manteve sua recomenda\u00e7\u00e3o outperform, equivalente a compra, com pre\u00e7o-alvo de R$ 19. Hoje, as a\u00e7\u00f5es do Assa\u00ed tiveram leve alta.&nbsp;<\/li>\n<\/ul>\n\n\n\n<ul class=\"wp-block-list\">\n<li>As&nbsp;<strong>a\u00e7\u00f5es do Assa\u00ed&nbsp;<\/strong>lideraram as altas no Ibovespa, ao subir quase 5%, com a repercuss\u00e3o do resultado da&nbsp;<strong>varejista no 2T23.<\/strong><\/li>\n<\/ul>\n\n\n\n<ul class=\"wp-block-list\">\n<li>\u201cA empresa nos surpreendeu positivamente com uma melhora sequencial no consumo de caixa, principalmente devido a uma melhor din\u00e2mica do capital de giro. Embora este n\u00e3o tenha sido um trimestre impressionante, acreditamos que possa servir para aliviar algumas das preocupa\u00e7\u00f5es do mercado\u201d, afirma o Santander em relat\u00f3rio.&nbsp;<\/li>\n<\/ul>\n\n\n\n<ul class=\"wp-block-list\">\n<li>Outros pontos de destaque no&nbsp;<strong>2T23 do Assa\u00ed<\/strong>, segundo analistas, foram as melhorias no ramp-up de vendas de lojas convertidas. O aumento de vendas nas lojas convertidas cresceu para uma m\u00e9dia de 2,5x no 2T23 contra 2,2x no 1T23. A&nbsp;<a href=\"https:\/\/www.suno.com.br\/artigos\/o-que-receita-liquida\/\" target=\"_blank\" rel=\"noreferrer noopener\">receita l\u00edquida<\/a>&nbsp;teve uma alta anual de 20%.<\/li>\n<\/ul>\n\n\n\n<ul class=\"wp-block-list\">\n<li>De acordo com a<strong>&nbsp;equipe do Santander<\/strong>,&nbsp;o Ebitda (lucro antes dos juros, impostos,&nbsp;<a href=\"https:\/\/www.suno.com.br\/artigos\/depreciacao-amortizacao\/\" target=\"_blank\" rel=\"noreferrer noopener\">deprecia\u00e7\u00e3o e amortiza\u00e7\u00e3o<\/a>) do Assa\u00ed ficou amplamente em linha com o consenso, com melhorias trimestrais na&nbsp;<a href=\"https:\/\/www.suno.com.br\/artigos\/alavancagem-operacional\/\" target=\"_blank\" rel=\"noreferrer noopener\">alavancagem operacional<\/a>.&nbsp; \u201cA margem bruta ficou amplamente em linha com nossas estimativas, contrariando os temores de alguns compradores de uma press\u00e3o na&nbsp;<a href=\"https:\/\/www.suno.com.br\/artigos\/margem-bruta-entenda-sua-importancia\/\" target=\"_blank\" rel=\"noreferrer noopener\">margem bruta<\/a>&nbsp;ap\u00f3s os esfor\u00e7os em aumentar as vendas e reduzir os n\u00edveis de estoque.\u201d<\/li>\n<\/ul>\n\n\n\n<ul class=\"wp-block-list\">\n<li>Com isso, a&nbsp;<a href=\"https:\/\/www.suno.com.br\/artigos\/margem-ebitda\/\" target=\"_blank\" rel=\"noreferrer noopener\">margem Ebitda<\/a>&nbsp;do Assa\u00ed foi pressionada em 40 pontos-base (bps) em rela\u00e7\u00e3o ao ano anterior, devido ao ramp-up das lojas convertidas.<\/li>\n<\/ul>\n\n\n\n<h2 class=\"wp-block-heading\">Vale (VALE3) anuncia novo pagamento de JCP bilion\u00e1rio; Confira o valor por a\u00e7\u00e3o<\/h2>\n\n\n\n<ul class=\"wp-block-list\">\n<li>O&nbsp;<a href=\"https:\/\/www.suno.com.br\/artigos\/conselho-administracao\/\" target=\"_blank\" rel=\"noreferrer noopener\">conselho de administra\u00e7\u00e3o<\/a>&nbsp;da&nbsp;<a href=\"https:\/\/www.suno.com.br\/acoes\/VALE3\/\" target=\"_blank\" rel=\"noreferrer noopener\"><strong>Vale<\/strong>&nbsp;(VALE3)<\/a>&nbsp;aprovou a distribui\u00e7\u00e3o de&nbsp;<a href=\"https:\/\/www.suno.com.br\/artigos\/entenda-o-jcp\/\" target=\"_blank\" rel=\"noreferrer noopener\">juros sobre capital pr\u00f3prio<\/a>&nbsp;(JCP) de mais de R$ 8,276 bilh\u00f5es, correspondente a R$ 1,917 por a\u00e7\u00e3o.<\/li>\n<\/ul>\n\n\n\n<ul class=\"wp-block-list\">\n<li>Os novos&nbsp;<strong>juros sobre capital pr\u00f3prio da Vale<\/strong>&nbsp;foram apurados conforme o balan\u00e7o de 30 de junho de 2023.<\/li>\n<\/ul>\n\n\n\n<ul class=\"wp-block-list\">\n<li>Os JCP ser\u00e3o distribu\u00eddos aos investidores que possu\u00edrem&nbsp;<strong>a\u00e7\u00f5es da Vale<\/strong>&nbsp;at\u00e9 o final do preg\u00e3o do dia 11 de agosto de 2023.<\/li>\n<\/ul>\n\n\n\n<ul class=\"wp-block-list\">\n<li>Para os detentores de American Depositary Receipts (ADRs) da Vale, negociados na Bolsa de Nova York, a data de corte para os proventos ser\u00e1 o dia 15 de agosto de 2023.<\/li>\n<\/ul>\n\n\n\n<ul class=\"wp-block-list\">\n<li>As a\u00e7\u00f5es da mineradora ser\u00e3o negociadas sem direito aos JCP na B3 a partir de 14 de agosto de 2023. O pagamento dos juros sobre o&nbsp;<a href=\"https:\/\/www.suno.com.br\/artigos\/capital-proprio\/\" target=\"_blank\" rel=\"noreferrer noopener\">capital pr\u00f3prio<\/a>&nbsp;da Vale vai acontecer no dia 1\u00ba de setembro.<\/li>\n<\/ul>\n\n\n\n<ul class=\"wp-block-list\">\n<li>Os titulares de ADRs receber\u00e3o o valor por meio do Citibank, que \u00e9 o agente deposit\u00e1rio dos ADRs, com pagamento realizado no dia 9 de setembro deste ano.<\/li>\n<\/ul>\n\n\n\n<ul class=\"wp-block-list\">\n<li>Por fim, o valor por a\u00e7\u00e3o dos&nbsp;<strong>JCP da Vale<\/strong>&nbsp;pode sofrer alguma varia\u00e7\u00e3o at\u00e9 a data de corte, em raz\u00e3o do programa de&nbsp;<a href=\"https:\/\/www.suno.com.br\/artigos\/recompra-de-acoes\/\" target=\"_blank\" rel=\"noreferrer noopener\">recompra de a\u00e7\u00f5es<\/a>, que acaba impactando o n\u00famero de&nbsp;<a href=\"https:\/\/www.suno.com.br\/artigos\/acoes-em-tesouraria\/\" target=\"_blank\" rel=\"noreferrer noopener\">a\u00e7\u00f5es em tesouraria<\/a>. Caso isso ocorra, a empresa vai trazer um aviso aos acionistas informando qual seria o valor final.<\/li>\n<\/ul>\n\n\n\n<h2 class=\"wp-block-heading\">JCP da Vale<\/h2>\n\n\n\n<ul class=\"wp-block-list\">\n<li>Valor total: R$ 8.276.500.800,00<\/li>\n\n\n\n<li>Valor por a\u00e7\u00e3o: R$ 1,917008992<\/li>\n\n\n\n<li>Data de corte: 11 de agosto de 2023<\/li>\n\n\n\n<li>Data do pagamento: 1\u00ba de setembro de 2023<\/li>\n<\/ul>\n\n\n\n<ul class=\"wp-block-list\">\n<li>Neste ano de 2023, a Vale j\u00e1 realizou um pagamento de&nbsp;<a href=\"https:\/\/www.suno.com.br\/guias\/dividendos\/\" target=\"_blank\" rel=\"noreferrer noopener\">dividendos<\/a>&nbsp;e outro de juros sobre capital pr\u00f3prio, ambos distribu\u00eddos no dia 22 de mar\u00e7o.<\/li>\n<\/ul>\n\n\n\n<ul class=\"wp-block-list\">\n<li>No caso dos&nbsp;<strong>dividendos da Vale<\/strong>, o valor pago por a\u00e7\u00e3o foi de R$ 1,8276, enquanto os JCP foram de R$ 0,292 por a\u00e7\u00e3o.<\/li>\n<\/ul>\n\n\n\n<ul class=\"wp-block-list\">\n<li>Nos \u00faltimos 12 meses, os proventos da&nbsp;<strong>Vale<\/strong>&nbsp;somam R$ 5,6917 por a\u00e7\u00e3o, entre dividendos e JCP, perfazendo um dividend yield de 8,12% sobre a cota\u00e7\u00e3o atual da mineradora na Bolsa, que \u00e9 de R$ 70,10, segundo dados do portal Status Invest.<\/li>\n<\/ul>\n\n\n\n<h2 class=\"wp-block-heading\">Vale (VALE3): lucro recua 78% no 2T23, para US$ 892 milh\u00f5es, com queda do min\u00e9rio de ferro<\/h2>\n\n\n\n<ul class=\"wp-block-list\">\n<li>A&nbsp;<strong>Vale&nbsp;<\/strong>(VALE3) reportou&nbsp;<a href=\"https:\/\/www.suno.com.br\/artigos\/lucro-liquido\/\" target=\"_blank\" rel=\"noreferrer noopener\">lucro l\u00edquido<\/a>&nbsp;de US$ 892 milh\u00f5es no segundo trimestre, valor que representa uma queda de 78% em um ano, se comparado aos US$ 4,093 bilh\u00f5es registrados no mesmo per\u00edodo de 2022. O resultado reflete os pre\u00e7os menores do min\u00e9rio de ferro no mercado internacional.<\/li>\n<\/ul>\n\n\n\n<ul class=\"wp-block-list\">\n<li>Em seu documento de&nbsp;<a href=\"https:\/\/www.suno.com.br\/artigos\/demonstracoes-financeiras\/\" target=\"_blank\" rel=\"noreferrer noopener\">demonstra\u00e7\u00f5es financeiras<\/a>, a Vale tamb\u00e9m culpou a maior aprecia\u00e7\u00e3o do real diante do d\u00f3lar no per\u00edodo, somado aos pre\u00e7os menores do&nbsp;<strong>min\u00e9rio de ferro&nbsp;<\/strong>e do n\u00edquel e algumas provis\u00f5es tribut\u00e1rias.<\/li>\n<\/ul>\n\n\n\n<ul class=\"wp-block-list\">\n<li>A queda de patamar dos pre\u00e7os provocou baixa de US$ 1,34 bilh\u00e3o somente no lucro da&nbsp;<strong>Vale no 2T23<\/strong>.<\/li>\n<\/ul>\n\n\n\n<ul class=\"wp-block-list\">\n<li>O impacto da combina\u00e7\u00e3o pre\u00e7o e c\u00e2mbio tamb\u00e9m foi sentido nos outros&nbsp;<a href=\"https:\/\/www.suno.com.br\/artigos\/indicadores-financeiros\/\" target=\"_blank\" rel=\"noreferrer noopener\">indicadores financeiros<\/a>. A&nbsp;<strong><a href=\"https:\/\/www.suno.com.br\/artigos\/o-que-receita-liquida\/\" target=\"_blank\" rel=\"noreferrer noopener\">receita l\u00edquida<\/a>&nbsp;da Vale<\/strong>&nbsp;somou US$ 9,6 bilh\u00f5es, um recuo de 13% na compara\u00e7\u00e3o com o 2\u00ba trimestre de 2022.<\/li>\n<\/ul>\n\n\n\n<ul class=\"wp-block-list\">\n<li>O&nbsp;<strong>Ebitda da Vale<\/strong>&nbsp;(lucro antes de juros, impostos,&nbsp;<a href=\"https:\/\/www.suno.com.br\/artigos\/depreciacao-amortizacao\/\" target=\"_blank\" rel=\"noreferrer noopener\">deprecia\u00e7\u00e3o e amortiza\u00e7\u00e3o<\/a>, utilizado para medir a lucratividade operacional de uma empresa) ajustado das opera\u00e7\u00f5es continuadas no per\u00edodo foi de US$ 3,8 bilh\u00f5es, queda de 26%.<\/li>\n<\/ul>\n\n\n\n<ul class=\"wp-block-list\">\n<li><a href=\"https:\/\/www.suno.com.br\/noticias\/vale-vale3-resultado-2t23-deve-refletir-periodo-dificil-dizem-analistas-gpj\/\">Mat\u00e9ria publicada ontem no Suno Not\u00edcias<\/a>&nbsp;apontava que o mercado j\u00e1 esperava por resultados pouco animadores diante do cen\u00e1rio externo e da redu\u00e7\u00e3o de demanda pela China.<\/li>\n<\/ul>\n\n\n\n<ul class=\"wp-block-list\">\n<li>A&nbsp;d\u00edvida l\u00edquida&nbsp;cresceu 66% em 12 meses, dos US$ 5,375 bilh\u00f5es ao fim de junho do ano passado para US$ 8,908 em 30 de junho deste ano.<\/li>\n<\/ul>\n\n\n\n<h2 class=\"wp-block-heading\">Gol (GOLL4): a\u00e7\u00f5es despencam e lideram quedas no Ibovespa, mesmo ap\u00f3s reverter preju\u00edzo no 2T23; veja motivos<\/h2>\n\n\n\n<ul class=\"wp-block-list\">\n<li>As&nbsp;<a href=\"https:\/\/www.suno.com.br\/artigos\/acoes-preferenciais\/\">a\u00e7\u00f5es preferenciais<\/a>&nbsp;de&nbsp;<a href=\"https:\/\/www.suno.com.br\/acoes\/GOLL4\/\">Gol (GOLL4)<\/a>&nbsp;despencaram no Ibovespa na tarde desta quinta-feira (27), liderando as quedas do \u00edndice e refletindo a sensa\u00e7\u00e3o do mercado com o balan\u00e7o do segundo trimestre, divulgado na manh\u00e3 de hoje. A a\u00e9rea reverteu preju\u00edzo em lucro \u2014 mas analistas viram pontos preocupantes no balan\u00e7o do 2T23.<\/li>\n<\/ul>\n\n\n\n<ul class=\"wp-block-list\">\n<li>No fechamento, as&nbsp;<strong><a href=\"https:\/\/www.suno.com.br\/artigos\/acoes-preferenciais\/\">a\u00e7\u00f5es preferenciais<\/a>&nbsp;da Gol&nbsp;<\/strong>ca\u00edram 5,83%, cotadas a R$ 9,69.<\/li>\n<\/ul>\n\n\n\n<ul class=\"wp-block-list\">\n<li>Em relat\u00f3rio,&nbsp;<strong>analistas do BTG Pactual<\/strong>&nbsp;avaliaram que os&nbsp;<strong><a href=\"https:\/\/www.suno.com.br\/artigos\/resultados-trimestrais\/\">resultados trimestrais<\/a>&nbsp;da Gol<\/strong>&nbsp;foram mais fracos devido \u00e0 tend\u00eancia de demanda menor no per\u00edodo.<\/li>\n<\/ul>\n\n\n\n<ul class=\"wp-block-list\">\n<li>Apesar do cen\u00e1rio ainda turbulento para o&nbsp;<strong>setor de avia\u00e7\u00e3o<\/strong>, o banco espera um segundo semestre melhor devido \u00e0s menores press\u00f5es de custo de combust\u00edvel e alavancagem, conforme refletido em seu guidance. Al\u00e9m disso, o recente programa de gerenciamento de responsabilidades da empresa diminuiu as preocupa\u00e7\u00f5es do mercado sobre a liquidez financeira.<\/li>\n<\/ul>\n\n\n\n<ul class=\"wp-block-list\">\n<li>O BTG tem recomenda\u00e7\u00e3o \u201cneutra\u201d tanto para as&nbsp;<strong>ADRs da Gol<\/strong>, com pre\u00e7o-alvo a US$ 2,12 e tamb\u00e9m para as a\u00e7\u00f5es negociadas na B3, com pre\u00e7o-alvo a R$ 10,00.<\/li>\n<\/ul>\n\n\n\n<ul class=\"wp-block-list\">\n<li>\u201cOs dados da&nbsp;<strong>Gol no 2T23<\/strong>&nbsp;na compara\u00e7\u00e3o anual foram interessantes porque, no ano passado, a gente tinha aqueles pre\u00e7os de combust\u00edvel muito altos no segundo trimestre, no estopim da guerra da Ucr\u00e2nia, e a empresa subiu o pre\u00e7o das tarifas nesse per\u00edodo. \u00c9 claro que, para a frente, a gente est\u00e1 com uma aten\u00e7\u00e3o extra sobre o que est\u00e1 acontecendo na Ucr\u00e2nia, j\u00e1 que algum tipo de abalo ou piora na guerra poderia \u2018dar um susto\u2019 nos pre\u00e7os de petr\u00f3leo\u201d, disse Gustavo Cruz, estrategista da&nbsp;RB Investimentos.&nbsp;<\/li>\n<\/ul>\n\n\n\n<ul class=\"wp-block-list\">\n<li>Segundo ele, a taxa de ocupa\u00e7\u00e3o dom\u00e9stica da companhia, por exemplo, que ficou em 77,3% no per\u00edodo, pode ser melhorada. \u201cAinda \u00e9 um per\u00edodo de recupera\u00e7\u00e3o da demanda \u2013 principalmente em voos corporativos e internacionais \u2013 com v\u00e1rios trechos que ainda n\u00e3o retomaram. Quando tivemos os ataques de 2001, demorou tr\u00eas anos para que o<strong>&nbsp;setor de turismo<\/strong>&nbsp;retornasse ao pr\u00e9-evento. Acho que a gente deve ter algo parecido, ent\u00e3o ano que vem deve estar bem normalizado\u201d, completou.<\/li>\n<\/ul>\n\n\n\n<h2 class=\"wp-block-heading\">Petrobras (PETR4): a\u00e7\u00f5es desabam ap\u00f3s relat\u00f3rio de produ\u00e7\u00e3o e pressionam o Ibovespa<\/h2>\n\n\n\n<ul class=\"wp-block-list\">\n<li>As a\u00e7\u00f5es ordin\u00e1rias&nbsp;<a href=\"https:\/\/www.suno.com.br\/acoes\/petr3\/\">(PETR3)<\/a>&nbsp;e preferenciais&nbsp;<a href=\"https:\/\/www.suno.com.br\/acoes\/petr4\/\" target=\"_blank\" rel=\"noreferrer noopener\">(PETR4)<\/a>&nbsp;da&nbsp;<strong>Petrobras&nbsp;<\/strong>despencam nesta quinta-feira (27) no Ibovespa, pressionando o \u00edndice, com o mercado repercutindo os dados do \u00faltimo relat\u00f3rio de produ\u00e7\u00e3o da estatal, em que reportou uma queda anual na produ\u00e7\u00e3o total no segundo trimestre.<\/li>\n<\/ul>\n\n\n\n<ul class=\"wp-block-list\">\n<li>No fechamento, as&nbsp;<strong>a\u00e7\u00f5es ordin\u00e1rias da Petrobras<\/strong>&nbsp;(PETR3) recuaram 5,63%, a R$ 33,52, enquanto as&nbsp;<strong>a\u00e7\u00f5es preferenciais<\/strong>&nbsp;(PETR4) ca\u00edam 5,19%, cotadas a R$ 29,39.<\/li>\n<\/ul>\n\n\n\n<ul class=\"wp-block-list\">\n<li>No segundo trimestre, a&nbsp;<strong>Petrobras<\/strong>&nbsp;registrou uma produ\u00e7\u00e3o total, em m\u00e9dia, de 2,64 milh\u00f5es de barris de \u00f3leo equivalente por dia equivalente (boe, petr\u00f3leo e g\u00e1s natural), uma queda de 0,5% na compara\u00e7\u00e3o com o mesmo trimestre de 2022. Em rela\u00e7\u00e3o ao primeiro trimestre deste ano, houve queda de 1,4%.<\/li>\n<\/ul>\n\n\n\n<ul class=\"wp-block-list\">\n<li>As informa\u00e7\u00e3o est\u00e3o no&nbsp;<strong>relat\u00f3rio de produ\u00e7\u00e3o da Petrobras<\/strong>, divulgado na noite desta quarta-feira (26).<\/li>\n<\/ul>\n\n\n\n<ul class=\"wp-block-list\">\n<li>Essa queda de produ\u00e7\u00e3o, informou a Petrobras, teve a ver com \u201cmaior volume de perdas por paradas e manuten\u00e7\u00f5es; decl\u00ednio natural de campos maduros e desinvestimentos\u201d.<\/li>\n<\/ul>\n\n\n\n<ul class=\"wp-block-list\">\n<li>Tamb\u00e9m motivou e acentuou a&nbsp;<strong>queda da Petrobras<\/strong>&nbsp;outra not\u00edcia. Segundo apurou a&nbsp;<strong>Coluna do Estad\u00e3o<\/strong>, gente de peso e influente junto ao governo d\u00e1 conta de que haver\u00e1 mudan\u00e7as \u201co quanto antes\u201d na diretoria da Petrobras e que a gest\u00e3o de Jean Paul Prates estaria desagradando Lula e o PT. Fontes ouvidas pelo&nbsp;<strong>Broadcast<\/strong>&nbsp;j\u00e1 falam na sa\u00edda de Prates do comando da estatal \u2013 um ru\u00eddo que contribui para ampliar incerteza sobre a estatal no momento em que a pol\u00edtica de dividendos segue no foco de aten\u00e7\u00e3o do mercado.<\/li>\n<\/ul>\n\n\n\n<h2 class=\"wp-block-heading\">Na contram\u00e3o do Ibovespa, Via (VIIA3) e Magazine Luiza (MGLU3) fecham em alta nesta quinta. Por qu\u00ea?<\/h2>\n\n\n\n<ul class=\"wp-block-list\">\n<li>As a\u00e7\u00f5es de&nbsp;<strong><a href=\"https:\/\/www.suno.com.br\/acoes\/viia3\/\">Via<\/a><\/strong><a href=\"https:\/\/www.suno.com.br\/acoes\/viia3\/\">&nbsp;(VIIA3)<\/a>&nbsp;e&nbsp;<a href=\"https:\/\/www.suno.com.br\/acoes\/MGLU3\/\" target=\"_blank\" rel=\"noreferrer noopener\">Magazine Luiza (MGLU3)<\/a>&nbsp;figuraram no campo positivo do Ibovespa desta quinta-feira (27), com o varejo sendo favorecido pelo desempenho de alguns indicadores importantes, como o d\u00f3lar, ap\u00f3s decis\u00f5es de bancos centrais. O Ibovespa fechou em queda de 2,1%, aos 119.989 pontos, pressionado pelo tombo da Petrobras (PETR4) e da Vale (VALE3).<\/li>\n<\/ul>\n\n\n\n<ul class=\"wp-block-list\">\n<li>No fechamento, os&nbsp;<strong>pap\u00e9is da Via<\/strong>&nbsp;avan\u00e7aram 0,47%, cotados a R$ 2,13, enquanto os&nbsp;<strong>ativos do Magazine Luiza<\/strong>&nbsp;tamb\u00e9m subiram 2,59%, a R$ 3,17.<\/li>\n<\/ul>\n\n\n\n<ul class=\"wp-block-list\">\n<li>\u201cApesar do Ibovespa ter ca\u00eddo, o DI Futuro nos v\u00e9rtices curtos tamb\u00e9m ficaram em baixa, al\u00e9m do&nbsp;<a href=\"https:\/\/www.suno.com.br\/noticias\/dolar-sobe-testa-maximas-fluxo-positivo-evm\/\" target=\"_blank\" rel=\"noreferrer noopener\"><strong>d\u00f3lar<\/strong><\/a>. Juros e moeda impactam diretamente o&nbsp;<strong>setor de varejo<\/strong>, favorecendo as empresas e impulsionando os pap\u00e9is para cima hoje\u201d, disse Lucas Almeida, especialista em mercado de capitais e s\u00f3cio da AVG Capital.<\/li>\n<\/ul>\n\n\n\n<ul class=\"wp-block-list\">\n<li>O&nbsp;<strong>d\u00f3lar<\/strong>&nbsp;abriu em baixa no mercado \u00e0 vista nesta quinta-feira (27), replicando o sinal predominante no exterior ap\u00f3s a eleva\u00e7\u00e3o de juros de 25 pontos-base nos Estados Unidos ontem, como o esperado, mas ganhou for\u00e7a ao longo do dia.<\/li>\n<\/ul>\n\n\n\n<ul class=\"wp-block-list\">\n<li>No mesmo hor\u00e1rio, o d\u00f3lar subia 0,02%, cotado a R$ 4.744,00. Fechou com alta de 0,65%, a R$ 4,7587.<\/li>\n<\/ul>\n\n\n\n<ul class=\"wp-block-list\">\n<li>Os investidores tamb\u00e9m observaram a&nbsp;<strong>decis\u00e3o do Banco Central Europeu (BCE)<\/strong>, que confirmou as expectativas do mercado e elevou juros em 25 pontos-base, dando suporte ao euro e \u00e0 libra e ajudando a ampliar ganhos nas Bolsas europeias, principalmente a de Paris e Frankfurt.<\/li>\n<\/ul>\n\n\n\n<ul class=\"wp-block-list\">\n<li>Tamb\u00e9m nesta quinta-feira, segundo estimativa inicial divulgada pelo Departamento de Com\u00e9rcio dos Estados Unidos, o Produto Interno Bruto (PIB) do Pa\u00eds cresceu ao ritmo anualizado de 2,4% no segundo trimestre de 2023. O resultado ficou acima da mediana de expectativas de analistas consultados pelo Proje\u00e7\u00f5es Broadcast, de alta de 1,8%.<\/li>\n<\/ul>\n\n\n\n<p>Da Vale \u00e0 Via, essas foram as empresas que se destacaram hoje. Para ler todas as mat\u00e9rias\u00a0<strong><a href=\"https:\/\/www.suno.com.br\/noticias\/todos\/?utm_content=XYOE2ItQuUY.20201113&amp;utm_campaign=Track%2B&amp;utm_medium=video&amp;utm_source=telegram.sunoresearch\" target=\"_blank\" rel=\"noreferrer noopener\">clique aqui<\/a><\/strong>.<a href=\"https:\/\/lp.suno.com.br\/planilha-da-vida-financeira\/?_fs=16412753060-15131594205\" target=\"_blank\" rel=\"noreferrer noopener\"><\/a><a href=\"https:\/\/lp.suno.com.br\/planilha-da-vida-financeira\/?_fs=16412753060-15131594205\" target=\"_blank\" rel=\"noreferrer noopener\"><\/a><a href=\"https:\/\/lp.suno.com.br\/planilha-da-vida-financeira\/?_fs=16412753060-15131594205\" target=\"_blank\" rel=\"noreferrer noopener\"><\/a><a href=\"https:\/\/lp.suno.com.br\/planilha-da-vida-financeira\/?_fs=16412753060-15131594205\" target=\"_blank\" rel=\"noreferrer noopener\"><\/a><a href=\"https:\/\/lp.suno.com.br\/planilha-da-vida-financeira\/?_fs=16412753060-15131594205\" target=\"_blank\" rel=\"noreferrer noopener\"><\/a><\/p>\n\n\n\t<p>\n\t\t<a href=\"https:\/\/lp.suno.com.br\/planilha-da-vida-financeira\/\" target=\"_blank\" data-element=\"shortcode-suno-banner\" title=\"Banner SUNO, clique e saiba mais\">\n\t\t\t<picture>\n\t\t\t\t<source media=\"(max-width: 500px)\" srcset=\"https:\/\/files.sunoresearch.com.br\/n\/uploads\/2023\/04\/400x300-Planilha-vida-financeira-true.png\">\n\t\t\t\t<img class=\"newsContent__article__imgCapa newsContent__article__imgCapa--banner\"\n\t\t\t\t\tsrc=\"https:\/\/files.sunoresearch.com.br\/n\/uploads\/2023\/04\/1420x240-Planilha-vida-financeira-true.png\"\n\t\t\t\t\tdata-promo-id=\"383123\"\t\t\t\t\t\t\t\t\t\twidth='1420' height='240'\t\t\t\t\talt=\"https:\/\/files.sunoresearch.com.br\/n\/uploads\/2023\/04\/1420x240-Planilha-vida-financeira-true.png\"\n\t\t\t\t>\n\t\t\t<\/picture>\n\t\t<\/a>\n\t<\/p>\n\n\n","protected":false},"excerpt":{"rendered":"<p>A&nbsp;Vale (VALE3)&nbsp;anunciou, nesta quinta-feira (27), que concluiu um acordo para venda de participa\u00e7\u00e3o em sua unidade de metais b\u00e1sicos (VBM), avaliada em US$ 26 bilh\u00f5es. Com isso, a saudita Manara Minerals e a americana Engine No. 1 v\u00e3o pagar US$ 3,4 bilh\u00f5es e passar\u00e3o a deter 13% da VBM. Vale (VALE3). Foto: Divulga\u00e7\u00e3o. A&nbsp;Manara,&nbsp;joint venture&nbsp;saudita [&hellip;]<\/p>\n","protected":false},"author":227,"featured_media":357358,"comment_status":"closed","ping_status":"closed","sticky":false,"template":"","format":"standard","meta":[],"categories":[64],"tags":[1187,732,489,548,570,595,676,106935],"suno_strategy":[],"class_list":["post-434781","post","type-post","status-publish","format-standard","has-post-thumbnail","hentry","category-negocios","tag-assai-asai3","tag-banco-do-brasil-bbas3","tag-gol-linhas-aereas-goll11-goll4","tag-magazine-luiza-mglu3","tag-multiplan-mult3","tag-petrobras-petr4","tag-vale-vale3","tag-via-viia3"],"yoast_head":"<!-- This site is optimized with the Yoast SEO plugin v24.4 - https:\/\/yoast.com\/wordpress\/plugins\/seo\/ -->\n<title>Radar: Vale (VALE3) vende parte de unidade de metais b\u00e1sicos, lucro de Multiplan (MULT3) avan\u00e7a no 2T23 e Banco do Brasil (BBAS3) puxa queda no setor\u00a0na Bolsa<\/title>\n<meta name=\"description\" content=\"Vale vende parte de unidade de metais b\u00e1sicos, lucro de Multiplan avan\u00e7a no 2T23 e Banco do Brasil puxa queda no setor\u00a0\" \/>\n<meta name=\"robots\" content=\"index, follow, max-snippet:-1, max-image-preview:large, max-video-preview:-1\" \/>\n<link rel=\"canonical\" href=\"https:\/\/www.suno.com.br\/noticias\/radar-vale-vale3-multiplan-mult3-banco-do-brasil-bbas3\/\" \/>\n<meta property=\"og:locale\" content=\"pt_BR\" \/>\n<meta property=\"og:type\" content=\"article\" \/>\n<meta property=\"og:title\" content=\"Radar: Vale (VALE3) vende parte de unidade de metais b\u00e1sicos, lucro de Multiplan (MULT3) avan\u00e7a no 2T23 e Banco do Brasil (BBAS3) puxa queda no setor\u00a0na Bolsa\" \/>\n<meta property=\"og:description\" content=\"Vale vende parte de unidade de metais b\u00e1sicos, lucro de Multiplan avan\u00e7a no 2T23 e Banco do Brasil puxa queda no setor\u00a0\" \/>\n<meta property=\"og:url\" content=\"https:\/\/www.suno.com.br\/noticias\/radar-vale-vale3-multiplan-mult3-banco-do-brasil-bbas3\/\" \/>\n<meta property=\"og:site_name\" content=\"Suno Not\u00edcias\" \/>\n<meta property=\"article:publisher\" content=\"https:\/\/facebook.com\/sunoresearch\" \/>\n<meta property=\"og:image\" content=\"https:\/\/files.sunoresearch.com.br\/n\/uploads\/2023\/02\/vale-vale3.jpg\" \/>\n\t<meta property=\"og:image:width\" content=\"1200\" \/>\n\t<meta property=\"og:image:height\" content=\"800\" \/>\n\t<meta property=\"og:image:type\" content=\"image\/jpeg\" \/>\n<meta name=\"author\" content=\"Vanessa Loiola\" \/>\n<meta name=\"twitter:card\" content=\"summary_large_image\" \/>\n<meta name=\"twitter:creator\" content=\"@sunoresearch\" \/>\n<meta name=\"twitter:site\" content=\"@sunoresearch\" \/>\n<meta name=\"twitter:label1\" content=\"Escrito por\" \/>\n\t<meta name=\"twitter:data1\" content=\"Vanessa Loiola\" \/>\n\t<meta name=\"twitter:label2\" content=\"Est. tempo de leitura\" \/>\n\t<meta name=\"twitter:data2\" content=\"16 minutos\" \/>\n<script type=\"application\/ld+json\" class=\"yoast-schema-graph\">{\"@context\":\"https:\/\/schema.org\",\"@graph\":[{\"@type\":\"NewsArticle\",\"@id\":\"https:\/\/www.suno.com.br\/noticias\/radar-vale-vale3-multiplan-mult3-banco-do-brasil-bbas3\/#article\",\"isPartOf\":{\"@id\":\"https:\/\/www.suno.com.br\/noticias\/radar-vale-vale3-multiplan-mult3-banco-do-brasil-bbas3\/\"},\"author\":{\"name\":\"Vanessa Loiola\",\"@id\":\"https:\/\/www.suno.com.br\/noticias\/#\/schema\/person\/450c455ecff319bab1f1a0e643451479\"},\"headline\":\"Radar: Vale (VALE3) vende parte de unidade de metais b\u00e1sicos, lucro de Multiplan (MULT3) avan\u00e7a no 2T23 e Banco do Brasil (BBAS3) puxa queda no setor\u00a0na Bolsa\",\"datePublished\":\"2023-07-28T01:33:07+00:00\",\"dateModified\":\"2023-07-28T01:33:25+00:00\",\"mainEntityOfPage\":{\"@id\":\"https:\/\/www.suno.com.br\/noticias\/radar-vale-vale3-multiplan-mult3-banco-do-brasil-bbas3\/\"},\"wordCount\":3114,\"publisher\":{\"@id\":\"https:\/\/www.suno.com.br\/noticias\/#organization\"},\"image\":{\"@id\":\"https:\/\/www.suno.com.br\/noticias\/radar-vale-vale3-multiplan-mult3-banco-do-brasil-bbas3\/#primaryimage\"},\"thumbnailUrl\":\"https:\/\/files.sunoresearch.com.br\/n\/uploads\/2023\/02\/vale-vale3.jpg\",\"keywords\":[\"Assa\u00ed (ASAI3)\",\"Banco do Brasil (BBAS3)\",\"Gol Linhas A\u00e9reas (GOLL11\/GOLL4)\",\"Magazine Luiza (MGLU3)\",\"Multiplan (MULT3)\",\"Petrobras (PETR4)\",\"Vale (VALE3)\",\"Via (VIIA3)\"],\"articleSection\":[\"Neg\u00f3cios\"],\"inLanguage\":\"pt-BR\"},{\"@type\":\"WebPage\",\"@id\":\"https:\/\/www.suno.com.br\/noticias\/radar-vale-vale3-multiplan-mult3-banco-do-brasil-bbas3\/\",\"url\":\"https:\/\/www.suno.com.br\/noticias\/radar-vale-vale3-multiplan-mult3-banco-do-brasil-bbas3\/\",\"name\":\"Radar: Vale (VALE3) vende parte de unidade de metais b\u00e1sicos, lucro de Multiplan (MULT3) avan\u00e7a no 2T23 e Banco do Brasil (BBAS3) puxa queda no setor\u00a0na Bolsa\",\"isPartOf\":{\"@id\":\"https:\/\/www.suno.com.br\/noticias\/#website\"},\"primaryImageOfPage\":{\"@id\":\"https:\/\/www.suno.com.br\/noticias\/radar-vale-vale3-multiplan-mult3-banco-do-brasil-bbas3\/#primaryimage\"},\"image\":{\"@id\":\"https:\/\/www.suno.com.br\/noticias\/radar-vale-vale3-multiplan-mult3-banco-do-brasil-bbas3\/#primaryimage\"},\"thumbnailUrl\":\"https:\/\/files.sunoresearch.com.br\/n\/uploads\/2023\/02\/vale-vale3.jpg\",\"datePublished\":\"2023-07-28T01:33:07+00:00\",\"dateModified\":\"2023-07-28T01:33:25+00:00\",\"description\":\"Vale vende parte de unidade de metais b\u00e1sicos, lucro de Multiplan avan\u00e7a no 2T23 e Banco do Brasil puxa queda no setor\u00a0\",\"breadcrumb\":{\"@id\":\"https:\/\/www.suno.com.br\/noticias\/radar-vale-vale3-multiplan-mult3-banco-do-brasil-bbas3\/#breadcrumb\"},\"inLanguage\":\"pt-BR\",\"potentialAction\":[{\"@type\":\"ReadAction\",\"target\":[\"https:\/\/www.suno.com.br\/noticias\/radar-vale-vale3-multiplan-mult3-banco-do-brasil-bbas3\/\"]}]},{\"@type\":\"ImageObject\",\"inLanguage\":\"pt-BR\",\"@id\":\"https:\/\/www.suno.com.br\/noticias\/radar-vale-vale3-multiplan-mult3-banco-do-brasil-bbas3\/#primaryimage\",\"url\":\"https:\/\/files.sunoresearch.com.br\/n\/uploads\/2023\/02\/vale-vale3.jpg\",\"contentUrl\":\"https:\/\/files.sunoresearch.com.br\/n\/uploads\/2023\/02\/vale-vale3.jpg\",\"width\":1200,\"height\":800,\"caption\":\"Vale (VALE3). Foto: Divulga\u00e7\u00e3o.\"},{\"@type\":\"BreadcrumbList\",\"@id\":\"https:\/\/www.suno.com.br\/noticias\/radar-vale-vale3-multiplan-mult3-banco-do-brasil-bbas3\/#breadcrumb\",\"itemListElement\":[{\"@type\":\"ListItem\",\"position\":1,\"name\":\"Not\u00edcias\",\"item\":\"https:\/\/www.suno.com.br\/noticias\/\"},{\"@type\":\"ListItem\",\"position\":2,\"name\":\"Neg\u00f3cios\",\"item\":\"https:\/\/www.suno.com.br\/noticias\/negocios\/\"},{\"@type\":\"ListItem\",\"position\":3,\"name\":\"Radar: Vale (VALE3) vende parte de unidade de metais b\u00e1sicos, lucro de Multiplan (MULT3) avan\u00e7a no 2T23 e Banco do Brasil (BBAS3) puxa queda no setor\u00a0na Bolsa\"}]},{\"@type\":\"WebSite\",\"@id\":\"https:\/\/www.suno.com.br\/noticias\/#website\",\"url\":\"https:\/\/www.suno.com.br\/noticias\/\",\"name\":\"Suno Not\u00edcias\",\"description\":\"Seu portal de informa\u00e7\u00e3o sobre o mundo dos investimentos\",\"publisher\":{\"@id\":\"https:\/\/www.suno.com.br\/noticias\/#organization\"},\"potentialAction\":[{\"@type\":\"SearchAction\",\"target\":{\"@type\":\"EntryPoint\",\"urlTemplate\":\"https:\/\/www.suno.com.br\/noticias\/?s={search_term_string}\"},\"query-input\":{\"@type\":\"PropertyValueSpecification\",\"valueRequired\":true,\"valueName\":\"search_term_string\"}}],\"inLanguage\":\"pt-BR\"},{\"@type\":\"Organization\",\"@id\":\"https:\/\/www.suno.com.br\/noticias\/#organization\",\"name\":\"Suno Not\u00edcias\",\"url\":\"https:\/\/www.suno.com.br\/noticias\/\",\"logo\":{\"@type\":\"ImageObject\",\"inLanguage\":\"pt-BR\",\"@id\":\"https:\/\/www.suno.com.br\/noticias\/#\/schema\/logo\/image\/\",\"url\":\"https:\/\/files.sunoresearch.com.br\/n\/uploads\/2021\/09\/suno-logo.png\",\"contentUrl\":\"https:\/\/files.sunoresearch.com.br\/n\/uploads\/2021\/09\/suno-logo.png\",\"width\":180,\"height\":180,\"caption\":\"Suno Not\u00edcias\"},\"image\":{\"@id\":\"https:\/\/www.suno.com.br\/noticias\/#\/schema\/logo\/image\/\"},\"sameAs\":[\"https:\/\/facebook.com\/sunoresearch\",\"https:\/\/x.com\/sunoresearch\",\"https:\/\/www.instagram.com\/suno\",\"https:\/\/www.linkedin.com\/company\/suno-research\/\",\"https:\/\/www.youtube.com\/c\/sunoresearch\"]},{\"@type\":\"Person\",\"@id\":\"https:\/\/www.suno.com.br\/noticias\/#\/schema\/person\/450c455ecff319bab1f1a0e643451479\",\"name\":\"Vanessa Loiola\",\"image\":{\"@type\":\"ImageObject\",\"inLanguage\":\"pt-BR\",\"@id\":\"https:\/\/www.suno.com.br\/noticias\/#\/schema\/person\/image\/\",\"url\":\"https:\/\/secure.gravatar.com\/avatar\/8b41117f9780831919eb38da349c3f20?s=96&r=g\",\"contentUrl\":\"https:\/\/secure.gravatar.com\/avatar\/8b41117f9780831919eb38da349c3f20?s=96&r=g\",\"caption\":\"Vanessa Loiola\"},\"description\":\"Jornalista formada pela PUC-SP, com experi\u00eancia na cobertura das editorias de economia, finan\u00e7as, bolsa de valores, pol\u00edtica, energia solar e entretenimento. Com passagem pela BM&amp;C News e RedeTV!\",\"url\":\"https:\/\/www.suno.com.br\/noticias\/author\/vanessal-loiolagmail-com\/\"}]}<\/script>\n<!-- \/ Yoast SEO plugin. -->","yoast_head_json":{"title":"Radar: Vale (VALE3) vende parte de unidade de metais b\u00e1sicos, lucro de Multiplan (MULT3) avan\u00e7a no 2T23 e Banco do Brasil (BBAS3) puxa queda no setor\u00a0na Bolsa","description":"Vale vende parte de unidade de metais b\u00e1sicos, lucro de Multiplan avan\u00e7a no 2T23 e Banco do Brasil puxa queda no setor\u00a0","robots":{"index":"index","follow":"follow","max-snippet":"max-snippet:-1","max-image-preview":"max-image-preview:large","max-video-preview":"max-video-preview:-1"},"canonical":"https:\/\/www.suno.com.br\/noticias\/radar-vale-vale3-multiplan-mult3-banco-do-brasil-bbas3\/","og_locale":"pt_BR","og_type":"article","og_title":"Radar: Vale (VALE3) vende parte de unidade de metais b\u00e1sicos, lucro de Multiplan (MULT3) avan\u00e7a no 2T23 e Banco do Brasil (BBAS3) puxa queda no setor\u00a0na Bolsa","og_description":"Vale vende parte de unidade de metais b\u00e1sicos, lucro de Multiplan avan\u00e7a no 2T23 e Banco do Brasil puxa queda no setor\u00a0","og_url":"https:\/\/www.suno.com.br\/noticias\/radar-vale-vale3-multiplan-mult3-banco-do-brasil-bbas3\/","og_site_name":"Suno Not\u00edcias","article_publisher":"https:\/\/facebook.com\/sunoresearch","og_image":[{"width":1200,"height":800,"url":"https:\/\/files.sunoresearch.com.br\/n\/uploads\/2023\/02\/vale-vale3.jpg","type":"image\/jpeg"}],"author":"Vanessa Loiola","twitter_card":"summary_large_image","twitter_creator":"@sunoresearch","twitter_site":"@sunoresearch","twitter_misc":{"Escrito por":"Vanessa Loiola","Est. tempo de leitura":"16 minutos"},"schema":{"@context":"https:\/\/schema.org","@graph":[{"@type":"NewsArticle","@id":"https:\/\/www.suno.com.br\/noticias\/radar-vale-vale3-multiplan-mult3-banco-do-brasil-bbas3\/#article","isPartOf":{"@id":"https:\/\/www.suno.com.br\/noticias\/radar-vale-vale3-multiplan-mult3-banco-do-brasil-bbas3\/"},"author":{"name":"Vanessa Loiola","@id":"https:\/\/www.suno.com.br\/noticias\/#\/schema\/person\/450c455ecff319bab1f1a0e643451479"},"headline":"Radar: Vale (VALE3) vende parte de unidade de metais b\u00e1sicos, lucro de Multiplan (MULT3) avan\u00e7a no 2T23 e Banco do Brasil (BBAS3) puxa queda no setor\u00a0na Bolsa","datePublished":"2023-07-28T01:33:07+00:00","dateModified":"2023-07-28T01:33:25+00:00","mainEntityOfPage":{"@id":"https:\/\/www.suno.com.br\/noticias\/radar-vale-vale3-multiplan-mult3-banco-do-brasil-bbas3\/"},"wordCount":3114,"publisher":{"@id":"https:\/\/www.suno.com.br\/noticias\/#organization"},"image":{"@id":"https:\/\/www.suno.com.br\/noticias\/radar-vale-vale3-multiplan-mult3-banco-do-brasil-bbas3\/#primaryimage"},"thumbnailUrl":"https:\/\/files.sunoresearch.com.br\/n\/uploads\/2023\/02\/vale-vale3.jpg","keywords":["Assa\u00ed (ASAI3)","Banco do Brasil (BBAS3)","Gol Linhas A\u00e9reas (GOLL11\/GOLL4)","Magazine Luiza (MGLU3)","Multiplan (MULT3)","Petrobras (PETR4)","Vale (VALE3)","Via (VIIA3)"],"articleSection":["Neg\u00f3cios"],"inLanguage":"pt-BR"},{"@type":"WebPage","@id":"https:\/\/www.suno.com.br\/noticias\/radar-vale-vale3-multiplan-mult3-banco-do-brasil-bbas3\/","url":"https:\/\/www.suno.com.br\/noticias\/radar-vale-vale3-multiplan-mult3-banco-do-brasil-bbas3\/","name":"Radar: Vale (VALE3) vende parte de unidade de metais b\u00e1sicos, lucro de Multiplan (MULT3) avan\u00e7a no 2T23 e Banco do Brasil (BBAS3) puxa queda no setor\u00a0na Bolsa","isPartOf":{"@id":"https:\/\/www.suno.com.br\/noticias\/#website"},"primaryImageOfPage":{"@id":"https:\/\/www.suno.com.br\/noticias\/radar-vale-vale3-multiplan-mult3-banco-do-brasil-bbas3\/#primaryimage"},"image":{"@id":"https:\/\/www.suno.com.br\/noticias\/radar-vale-vale3-multiplan-mult3-banco-do-brasil-bbas3\/#primaryimage"},"thumbnailUrl":"https:\/\/files.sunoresearch.com.br\/n\/uploads\/2023\/02\/vale-vale3.jpg","datePublished":"2023-07-28T01:33:07+00:00","dateModified":"2023-07-28T01:33:25+00:00","description":"Vale vende parte de unidade de metais b\u00e1sicos, lucro de Multiplan avan\u00e7a no 2T23 e Banco do Brasil puxa queda no setor\u00a0","breadcrumb":{"@id":"https:\/\/www.suno.com.br\/noticias\/radar-vale-vale3-multiplan-mult3-banco-do-brasil-bbas3\/#breadcrumb"},"inLanguage":"pt-BR","potentialAction":[{"@type":"ReadAction","target":["https:\/\/www.suno.com.br\/noticias\/radar-vale-vale3-multiplan-mult3-banco-do-brasil-bbas3\/"]}]},{"@type":"ImageObject","inLanguage":"pt-BR","@id":"https:\/\/www.suno.com.br\/noticias\/radar-vale-vale3-multiplan-mult3-banco-do-brasil-bbas3\/#primaryimage","url":"https:\/\/files.sunoresearch.com.br\/n\/uploads\/2023\/02\/vale-vale3.jpg","contentUrl":"https:\/\/files.sunoresearch.com.br\/n\/uploads\/2023\/02\/vale-vale3.jpg","width":1200,"height":800,"caption":"Vale (VALE3). Foto: Divulga\u00e7\u00e3o."},{"@type":"BreadcrumbList","@id":"https:\/\/www.suno.com.br\/noticias\/radar-vale-vale3-multiplan-mult3-banco-do-brasil-bbas3\/#breadcrumb","itemListElement":[{"@type":"ListItem","position":1,"name":"Not\u00edcias","item":"https:\/\/www.suno.com.br\/noticias\/"},{"@type":"ListItem","position":2,"name":"Neg\u00f3cios","item":"https:\/\/www.suno.com.br\/noticias\/negocios\/"},{"@type":"ListItem","position":3,"name":"Radar: Vale (VALE3) vende parte de unidade de metais b\u00e1sicos, lucro de Multiplan (MULT3) avan\u00e7a no 2T23 e Banco do Brasil (BBAS3) puxa queda no setor\u00a0na Bolsa"}]},{"@type":"WebSite","@id":"https:\/\/www.suno.com.br\/noticias\/#website","url":"https:\/\/www.suno.com.br\/noticias\/","name":"Suno Not\u00edcias","description":"Seu portal de informa\u00e7\u00e3o sobre o mundo dos investimentos","publisher":{"@id":"https:\/\/www.suno.com.br\/noticias\/#organization"},"potentialAction":[{"@type":"SearchAction","target":{"@type":"EntryPoint","urlTemplate":"https:\/\/www.suno.com.br\/noticias\/?s={search_term_string}"},"query-input":{"@type":"PropertyValueSpecification","valueRequired":true,"valueName":"search_term_string"}}],"inLanguage":"pt-BR"},{"@type":"Organization","@id":"https:\/\/www.suno.com.br\/noticias\/#organization","name":"Suno Not\u00edcias","url":"https:\/\/www.suno.com.br\/noticias\/","logo":{"@type":"ImageObject","inLanguage":"pt-BR","@id":"https:\/\/www.suno.com.br\/noticias\/#\/schema\/logo\/image\/","url":"https:\/\/files.sunoresearch.com.br\/n\/uploads\/2021\/09\/suno-logo.png","contentUrl":"https:\/\/files.sunoresearch.com.br\/n\/uploads\/2021\/09\/suno-logo.png","width":180,"height":180,"caption":"Suno Not\u00edcias"},"image":{"@id":"https:\/\/www.suno.com.br\/noticias\/#\/schema\/logo\/image\/"},"sameAs":["https:\/\/facebook.com\/sunoresearch","https:\/\/x.com\/sunoresearch","https:\/\/www.instagram.com\/suno","https:\/\/www.linkedin.com\/company\/suno-research\/","https:\/\/www.youtube.com\/c\/sunoresearch"]},{"@type":"Person","@id":"https:\/\/www.suno.com.br\/noticias\/#\/schema\/person\/450c455ecff319bab1f1a0e643451479","name":"Vanessa Loiola","image":{"@type":"ImageObject","inLanguage":"pt-BR","@id":"https:\/\/www.suno.com.br\/noticias\/#\/schema\/person\/image\/","url":"https:\/\/secure.gravatar.com\/avatar\/8b41117f9780831919eb38da349c3f20?s=96&r=g","contentUrl":"https:\/\/secure.gravatar.com\/avatar\/8b41117f9780831919eb38da349c3f20?s=96&r=g","caption":"Vanessa Loiola"},"description":"Jornalista formada pela PUC-SP, com experi\u00eancia na cobertura das editorias de economia, finan\u00e7as, bolsa de valores, pol\u00edtica, energia solar e entretenimento. Com passagem pela BM&amp;C News e RedeTV!","url":"https:\/\/www.suno.com.br\/noticias\/author\/vanessal-loiolagmail-com\/"}]}},"default_loop_html":"<div class=\"cardsPage__listCard__boxs\"><div class=\"cardsPage__listCard__boxs__img\"><a href=\"https:\/\/www.suno.com.br\/noticias\/radar-vale-vale3-multiplan-mult3-banco-do-brasil-bbas3\/\"><img class=\"mask\" src=\"https:\/\/www.suno.com.br\/noticias\/wp-content\/themes\/suno\/resources\/images\/spotlight\/spotlight1img\/bg-mask.png\" alt=\"Image Mask\"\/><img src=\"https:\/\/files.sunoresearch.com.br\/n\/uploads\/2023\/02\/vale-vale3-400x200.jpg\" alt=\"Radar: Vale (VALE3) vende parte de unidade de metais b\u00e1sicos, lucro de Multiplan (MULT3) avan\u00e7a no 2T23 e Banco do Brasil (BBAS3) puxa queda no setor\u00a0na Bolsa\"\/><\/a><span class=\"spotlightCategory\"><a href=\"https:\/\/www.suno.com.br\/noticias\/negocios\/\">Neg\u00f3cios<\/a><\/span><\/div><div class=\"cardsPage__listCard__boxs__content\"><a href=\"https:\/\/www.suno.com.br\/noticias\/radar-vale-vale3-multiplan-mult3-banco-do-brasil-bbas3\/\"><h2 class=\"content__title\">Radar: Vale (VALE3) vende parte de unidade de metais b\u00e1sicos, lucro de Multiplan (MULT3) avan\u00e7a no 2T23 e Banco do Brasil (BBAS3) puxa queda no setor\u00a0na Bolsa<\/h2><\/a><div class=\"newsContent__article__meta\"><div class=\"newsContent__article__meta__authorBox\"><a href=\"https:\/\/www.suno.com.br\/noticias\/author\/vanessal-loiolagmail-com\/\" class=\"authorBox__avatar noMobi\"><img src=\"https:\/\/secure.gravatar.com\/avatar\/8b41117f9780831919eb38da349c3f20?s=96&#038;r=g\" alt=\"Vanessa Loiola\"><\/a><div class=\"authorBox__name\"><span>por\n\t\t\t<a href=\"https:\/\/www.suno.com.br\/noticias\/author\/vanessal-loiolagmail-com\/\"><span itemprop=\"author\">Vanessa Loiola<\/span><\/a><\/span><time datetime=\"2023-07-27T22:33:07-03:00\" itemprop=\"datePublished\">27\/07\/2023 22:33<\/time><\/div><\/div><\/div><\/div><\/div>","single_layout":"posts","amp_enabled":true,"_links":{"self":[{"href":"https:\/\/www.suno.com.br\/noticias\/wp-json\/wp\/v2\/posts\/434781"}],"collection":[{"href":"https:\/\/www.suno.com.br\/noticias\/wp-json\/wp\/v2\/posts"}],"about":[{"href":"https:\/\/www.suno.com.br\/noticias\/wp-json\/wp\/v2\/types\/post"}],"author":[{"embeddable":true,"href":"https:\/\/www.suno.com.br\/noticias\/wp-json\/wp\/v2\/users\/227"}],"replies":[{"embeddable":true,"href":"https:\/\/www.suno.com.br\/noticias\/wp-json\/wp\/v2\/comments?post=434781"}],"version-history":[{"count":2,"href":"https:\/\/www.suno.com.br\/noticias\/wp-json\/wp\/v2\/posts\/434781\/revisions"}],"predecessor-version":[{"id":434814,"href":"https:\/\/www.suno.com.br\/noticias\/wp-json\/wp\/v2\/posts\/434781\/revisions\/434814"}],"wp:featuredmedia":[{"embeddable":true,"href":"https:\/\/www.suno.com.br\/noticias\/wp-json\/wp\/v2\/media\/357358"}],"wp:attachment":[{"href":"https:\/\/www.suno.com.br\/noticias\/wp-json\/wp\/v2\/media?parent=434781"}],"wp:term":[{"taxonomy":"category","embeddable":true,"href":"https:\/\/www.suno.com.br\/noticias\/wp-json\/wp\/v2\/categories?post=434781"},{"taxonomy":"post_tag","embeddable":true,"href":"https:\/\/www.suno.com.br\/noticias\/wp-json\/wp\/v2\/tags?post=434781"},{"taxonomy":"suno_strategy","embeddable":true,"href":"https:\/\/www.suno.com.br\/noticias\/wp-json\/wp\/v2\/suno_strategy?post=434781"}],"curies":[{"name":"wp","href":"https:\/\/api.w.org\/{rel}","templated":true}]}}