{"id":434702,"date":"2023-07-27T20:40:55","date_gmt":"2023-07-27T23:40:55","guid":{"rendered":"https:\/\/www.suno.com.br\/noticias\/?p=434702"},"modified":"2023-07-28T02:52:31","modified_gmt":"2023-07-28T05:52:31","slug":"vale-vale3-lucro-despenca-2t23-queda-minerio-ar","status":"publish","type":"post","link":"https:\/\/www.suno.com.br\/noticias\/vale-vale3-lucro-despenca-2t23-queda-minerio-ar\/","title":{"rendered":"Vale (VALE3): lucro recua 78% no 2T23, para US$ 892 milh\u00f5es, com queda do min\u00e9rio de ferro"},"content":{"rendered":"<p>A <strong>Vale <\/strong>(VALE3) reportou <a class=\"suno-keyword\" data-force=\"no\" data-priority=\"1\" href=\"https:\/\/www.suno.com.br\/artigos\/lucro-liquido\/\" target=\"_blank\" rel=\"noopener\">lucro l\u00edquido<\/a> de US$ 892 milh\u00f5es no segundo trimestre, valor que representa uma queda de 78% em um ano, se comparado aos US$ 4,093 bilh\u00f5es registrados no mesmo per\u00edodo de 2022. O resultado reflete os pre\u00e7os menores do min\u00e9rio de ferro no mercado internacional.<\/p>\t<div class=\"wrapper-featured-image\">\n\t\t<figure class=\"spotlightImg\">\n\n\t\t\t<picture>\n\t\t\t\t<source media=\"(max-width: 768px)\" srcset=\"https:\/\/files.sunoresearch.com.br\/n\/uploads\/2023\/05\/mineracao-400x200.jpg\">\n\t\t\t\t<img loading=\"lazy\" decoding=\"async\" class=\"newsContent__article__imgCapa lazyloadDisabled \" src=\"https:\/\/files.sunoresearch.com.br\/n\/uploads\/2023\/05\/mineracao-800x450.jpg\" width=\"800\" height=\"450\" alt=\"Vale (VALE3): lucro recua 78% no 2T23, para US$ 892 milh\u00f5es, com queda do min\u00e9rio de ferro\" fetchpriority=high \/>\n\t\t\t<\/picture>\n\n\t\t\t<figcaption class=\"wp-caption-text wp-caption-text--show\">J&amp;F, holding dos irm\u00e3os batistas, investir\u00e1 R$ 5,5 bi no setor de minera\u00e7\u00e3o - Foto: iStock<\/figcaption>\n\t\t<\/figure>\n\t<\/div>\n\n\n\n\n\n\n\n\n<p>Em seu documento de <a class=\"suno-keyword\" data-force=\"no\" data-priority=\"1\" href=\"https:\/\/www.suno.com.br\/artigos\/demonstracoes-financeiras\/\" target=\"_blank\" rel=\"noopener\">demonstra\u00e7\u00f5es financeiras<\/a>, a Vale tamb\u00e9m culpou a maior aprecia\u00e7\u00e3o do real diante do d\u00f3lar no per\u00edodo, somado aos pre\u00e7os menores do <strong>min\u00e9rio de ferro <\/strong>e do n\u00edquel e algumas provis\u00f5es tribut\u00e1rias.<\/p>\n\n\n\n<p>A queda de patamar dos pre\u00e7os provocou baixa de US$ 1,34 bilh\u00e3o somente no lucro da <strong>Vale no 2T23<\/strong>.<\/p>\n\n\n\n<p>O impacto da combina\u00e7\u00e3o pre\u00e7o e c\u00e2mbio tamb\u00e9m foi sentido nos outros <a class=\"suno-keyword\" data-force=\"no\" data-priority=\"1\" href=\"https:\/\/www.suno.com.br\/artigos\/indicadores-financeiros\/\" target=\"_blank\" rel=\"noopener\">indicadores financeiros<\/a>. A <strong><a class=\"suno-keyword\" data-force=\"no\" data-priority=\"1\" href=\"https:\/\/www.suno.com.br\/artigos\/o-que-receita-liquida\/\" target=\"_blank\" rel=\"noopener\">receita l\u00edquida<\/a> da Vale<\/strong> somou US$ 9,6 bilh\u00f5es, um recuo de 13% na compara\u00e7\u00e3o com o 2\u00ba trimestre de 2022.<\/p>\n\n\n\n<p>No comunicado, a Vale explica que o resultado foi influenciado tamb\u00e9m pela menor marca\u00e7\u00e3o a mercado das deb\u00eantures participativas e pelo impacto da baixa de R$ 5,5 milh\u00f5es de tributos diferidos de ativos relacionados \u00e0s provis\u00f5es da Funda\u00e7\u00e3o Renova, ap\u00f3s o plano de recupera\u00e7\u00e3o judicial.<\/p>\n\n\n\t<p>\n\t\t<a href=\"\" target=\"_blank\" data-element=\"shortcode-suno-banner\" title=\"Banner SUNO, clique e saiba mais\">\n\t\t\t<picture>\n\t\t\t\t<source media=\"(max-width: 500px)\" srcset=\"\">\n\t\t\t\t<img class=\"newsContent__article__imgCapa newsContent__article__imgCapa--banner\"\n\t\t\t\t\tsrc=\"\"\n\t\t\t\t\tdata-promo-id=\"425788\"\t\t\t\t\t\t\t\t\t\t\t\t\t\t\talt=\"\"\n\t\t\t\t>\n\t\t\t<\/picture>\n\t\t<\/a>\n\t<\/p>\n\n\n\n\n\n<p>O <strong>Ebitda da Vale<\/strong> (lucro antes de juros, impostos, <a class=\"suno-keyword\" data-force=\"no\" data-priority=\"1\" href=\"https:\/\/www.suno.com.br\/artigos\/depreciacao-amortizacao\/\" target=\"_blank\" rel=\"noopener\">deprecia\u00e7\u00e3o e amortiza\u00e7\u00e3o<\/a>, utilizado para medir a lucratividade operacional de uma empresa) ajustado das opera\u00e7\u00f5es continuadas no per\u00edodo foi de US$ 3,8 bilh\u00f5es, queda de 26%.<\/p>\n\n\n\n<p><a href=\"https:\/\/www.suno.com.br\/noticias\/vale-vale3-resultado-2t23-deve-refletir-periodo-dificil-dizem-analistas-gpj\/\">Mat\u00e9ria publicada ontem no Suno Not\u00edcias<\/a> apontava que o mercado j\u00e1 esperava por resultados pouco animadores diante do cen\u00e1rio externo e da redu\u00e7\u00e3o de demanda pela China.<\/p>\n\n\n\n<p>A&nbsp;d\u00edvida l\u00edquida&nbsp;cresceu 66% em 12 meses, dos US$ 5,375 bilh\u00f5es ao fim de junho do ano passado para US$ 8,908 em 30 de junho deste ano.<\/p>\n\n\n\n<p>No documento, a Vale informa que a d\u00edvida l\u00edquida expandida atingiu US$ 14,7 bilh\u00f5es, um valor US$ 300 milh\u00f5es (R$ 1,4 bilh\u00e3o) superior ao primeiro trimestre de 2023. O movimento tamb\u00e9m \u00e9 explicado pelo desembolso de US$ 1,4 bilh\u00e3o para o programa de recompra de a\u00e7\u00f5es. A d\u00edvida bruta e os arrendamentos totalizaram US$ 13,9 bilh\u00f5es em 31 de junho.<\/p>\n\n\n\n<p>No trimestre, o capital de giro teve um impacto negativo de US$ 598 milh\u00f5es na gera\u00e7\u00e3o de caixa, explicado pelo aumento de 6,8 milh\u00f5es de toneladas nas vendas de min\u00e9rio de ferro provisionadas no final do trimestre.<\/p>\n\n\n\n<p>O caixa gerado no trimestre juntamente com a emiss\u00e3o de bonds no valor de US$ 1,5 bilh\u00e3o foram utilizados, principalmente, para recompra de US$ 1,361 bilh\u00e3o em a\u00e7\u00f5es e de US$ 500 milh\u00f5es em bonds.<\/p>\n\n\n\n<h2 class=\"wp-block-heading\">Pre\u00e7o do min\u00e9rio<\/h2>\n\n\n\n<p>Desde mar\u00e7o, quando o min\u00e9rio atingiu o pico de US$ 130 por tonelada, a cota\u00e7\u00e3o do insumo segue em queda livre e atualmente \u00e9 negociada na cada dos US$ 110, com perspectiva de recuo nos pr\u00f3ximos meses.<\/p>\n\n\n\n<p>O Banco Goldman Sachs estima que a commodity pode bater US$ 90 j\u00e1 no segundo trimestre, devido \u00e0 contra\u00e7\u00e3o do setor imobili\u00e1rio na China e dos ventos contr\u00e1rios \u00e0 ind\u00fastria globalmente.<\/p>\n\n\n\n<h2 class=\"wp-block-heading\">JCP bilion\u00e1rio da Vale<\/h2>\n\n\n\n<p>O <a class=\"suno-keyword\" target=\"_blank\" data-force=\"no\" data-priority=\"1\" href=\"https:\/\/www.suno.com.br\/artigos\/conselho-administracao\/\" rel=\"noopener\">conselho de administra\u00e7\u00e3o<\/a> da mineradora aprovou a distribui\u00e7\u00e3o de US$ 1,7 bilh\u00e3o em <a class=\"suno-keyword\" target=\"_blank\" data-force=\"no\" data-priority=\"1\" href=\"https:\/\/www.suno.com.br\/artigos\/entenda-o-jcp\/\" rel=\"noopener\">juros sobre capital pr\u00f3prio<\/a>, a serem pagos em setembro. Esse montante \u00e9 baseado nos resultados financeiros do primeiro semestre do ano.<\/p>\n\n\n\t<div data-element=\"shortcode-read-more\" class=\"knowMore\">\n\t\t\t\t<span class=\"knowMore__title\">Leia mais<\/span>\n\t\t\t\t<a class=\"knowMore__link\" href=\"https:\/\/www.suno.com.br\/noticias\/vale-vale3-pagamento-jcp-bilionario-jvj\/\">\n\t\t\tVale (VALE3) anuncia pagamento de JCP no total de R$ 8,27 bi; confira o valor por a\u00e7\u00e3o\t\t<\/a>\n\t<\/div>\n\n\n\n\t<p>\n\t\t<a href=\"https:\/\/lp.suno.com.br\/ebook-investindo-em-fiis\/\" target=\"_blank\" data-element=\"shortcode-suno-banner\" title=\"Banner SUNO, clique e saiba mais\">\n\t\t\t<picture>\n\t\t\t\t<source media=\"(max-width: 500px)\" srcset=\"https:\/\/files.sunoresearch.com.br\/n\/uploads\/2023\/07\/Ebook-Fundos-Imobiliarios-Mobile.jpg\">\n\t\t\t\t<img class=\"newsContent__article__imgCapa newsContent__article__imgCapa--banner\"\n\t\t\t\t\tsrc=\"https:\/\/files.sunoresearch.com.br\/n\/uploads\/2023\/07\/Ebook-Fundos-Imobiliarios-Desktop.jpg\"\n\t\t\t\t\tdata-promo-id=\"378301\"\t\t\t\t\t\t\t\t\t\twidth='1420' height='286'\t\t\t\t\talt=\"https:\/\/files.sunoresearch.com.br\/n\/uploads\/2023\/07\/Ebook-Fundos-Imobiliarios-Desktop.jpg\"\n\t\t\t\t>\n\t\t\t<\/picture>\n\t\t<\/a>\n\t<\/p>\n\n\n\n\n\n<h2 class=\"wp-block-heading\">Guidance da Vale<\/h2>\n\n\n\n<p>A mineradora brasileira aproveitou o relat\u00f3rio para atualizar algumas proje\u00e7\u00f5es financeiras para 2023, o chamado guidance.<\/p>\n\n\n\n<p>A partir da nova proje\u00e7\u00e3o, o custo caixa C1 (<a class=\"suno-keyword\" target=\"_blank\" data-force=\"no\" data-priority=\"1\" href=\"https:\/\/www.suno.com.br\/artigos\/custo-producao\/\" rel=\"noopener\">custo de produ\u00e7\u00e3o<\/a> dos finos de min\u00e9rio de ferro da mina ao porto) do min\u00e9rio de ferro (exceto compras de terceiros) terminar\u00e1 o ano entre US$ 21,5 e US$ 22,5 por tonelada.<\/p>\n\n\n\n<p>Al\u00e9m disso, o custo all-in do min\u00e9rio de ferro terminar\u00e1 2023 entre US$ 52 e US$ 54 a tonelada.<\/p>\n\n\n\n<p>O custo all-in representa o Custo caixa C1 somado ao custo de frete, as despesas, os royalties e os pr\u00eamios.<\/p>\n\n\n\n<p>Por \u00faltimo, o custo all-in do n\u00edquel foi atualizado para US$ 15.000 a US$ 16.000 por tonelada ao fim de 2023, segundo a <strong>Vale<\/strong>.<\/p>\n\n\n\n<p><em>Com Estad\u00e3o Conte\u00fado<\/em><\/p>\n\n\n\t<p>\n\t\t<a href=\"https:\/\/lp.suno.com.br\/minicurso-investindo-fiis\/\" target=\"_blank\" data-element=\"shortcode-suno-banner\" title=\"Banner SUNO, clique e saiba mais\">\n\t\t\t<picture>\n\t\t\t\t<source media=\"(max-width: 500px)\" srcset=\"https:\/\/files.sunoresearch.com.br\/n\/uploads\/2023\/03\/400x300-Minicurso-FIIS.png\">\n\t\t\t\t<img class=\"newsContent__article__imgCapa newsContent__article__imgCapa--banner\"\n\t\t\t\t\tsrc=\"https:\/\/files.sunoresearch.com.br\/n\/uploads\/2023\/03\/1420x240-Minicurso-FIIS.png\"\n\t\t\t\t\tdata-promo-id=\"383125\"\t\t\t\t\t\t\t\t\t\twidth='1420' height='240'\t\t\t\t\talt=\"https:\/\/files.sunoresearch.com.br\/n\/uploads\/2023\/03\/1420x240-Minicurso-FIIS.png\"\n\t\t\t\t>\n\t\t\t<\/picture>\n\t\t<\/a>\n\t<\/p>\n\n\n","protected":false},"excerpt":{"rendered":"<p>A Vale (VALE3) reportou lucro l\u00edquido de US$ 892 milh\u00f5es no segundo trimestre, valor que representa uma queda de 78% em um ano, se comparado aos US$ 4,093 bilh\u00f5es registrados no mesmo per\u00edodo de 2022. O resultado reflete os pre\u00e7os menores do min\u00e9rio de ferro no mercado internacional. J&amp;F, holding dos irm\u00e3os batistas, investir\u00e1 R$ [&hellip;]<\/p>\n","protected":false},"author":305,"featured_media":408650,"comment_status":"closed","ping_status":"closed","sticky":false,"template":"","format":"standard","meta":[],"categories":[64],"tags":[286,1029,676],"suno_strategy":[],"class_list":["post-434702","post","type-post","status-publish","format-standard","has-post-thumbnail","hentry","category-negocios","tag-acoes","tag-balancos-trimestrais","tag-vale-vale3"],"yoast_head":"<!-- This site is optimized with the Yoast SEO plugin v24.4 - https:\/\/yoast.com\/wordpress\/plugins\/seo\/ -->\n<title>Vale (VALE3): lucro despenca 78% no 2\u00ba tri refletindo queda do min\u00e9rio<\/title>\n<meta name=\"description\" content=\"Vale reportou lucro l\u00edquido 78% menor no trimestre refletindo a queda dos pre\u00e7os do min\u00e9rio de ferro e n\u00edquel no mercado internacional\" \/>\n<meta name=\"robots\" content=\"index, follow, max-snippet:-1, max-image-preview:large, max-video-preview:-1\" \/>\n<link rel=\"canonical\" href=\"https:\/\/www.suno.com.br\/noticias\/vale-vale3-lucro-despenca-2t23-queda-minerio-ar\/\" \/>\n<meta property=\"og:locale\" content=\"pt_BR\" \/>\n<meta property=\"og:type\" content=\"article\" \/>\n<meta property=\"og:title\" content=\"Vale (VALE3): lucro despenca 78% no 2\u00ba tri refletindo queda do min\u00e9rio\" \/>\n<meta property=\"og:description\" content=\"Vale reportou lucro l\u00edquido 78% menor no trimestre refletindo a queda dos pre\u00e7os do min\u00e9rio de ferro e n\u00edquel no mercado internacional\" \/>\n<meta property=\"og:url\" content=\"https:\/\/www.suno.com.br\/noticias\/vale-vale3-lucro-despenca-2t23-queda-minerio-ar\/\" \/>\n<meta property=\"og:site_name\" content=\"Suno Not\u00edcias\" \/>\n<meta property=\"article:publisher\" content=\"https:\/\/facebook.com\/sunoresearch\" \/>\n<meta property=\"og:image\" content=\"https:\/\/files.sunoresearch.com.br\/n\/uploads\/2023\/05\/mineracao.jpg\" \/>\n\t<meta property=\"og:image:width\" content=\"1205\" \/>\n\t<meta property=\"og:image:height\" content=\"800\" \/>\n\t<meta property=\"og:image:type\" content=\"image\/jpeg\" \/>\n<meta name=\"author\" content=\"Allan Ravagnani\" \/>\n<meta name=\"twitter:card\" content=\"summary_large_image\" \/>\n<meta name=\"twitter:creator\" content=\"@sunoresearch\" \/>\n<meta name=\"twitter:site\" content=\"@sunoresearch\" \/>\n<meta name=\"twitter:label1\" content=\"Escrito por\" \/>\n\t<meta name=\"twitter:data1\" content=\"Allan Ravagnani\" \/>\n\t<meta name=\"twitter:label2\" content=\"Est. tempo de leitura\" \/>\n\t<meta name=\"twitter:data2\" content=\"4 minutos\" \/>\n<script type=\"application\/ld+json\" class=\"yoast-schema-graph\">{\"@context\":\"https:\/\/schema.org\",\"@graph\":[{\"@type\":\"NewsArticle\",\"@id\":\"https:\/\/www.suno.com.br\/noticias\/vale-vale3-lucro-despenca-2t23-queda-minerio-ar\/#article\",\"isPartOf\":{\"@id\":\"https:\/\/www.suno.com.br\/noticias\/vale-vale3-lucro-despenca-2t23-queda-minerio-ar\/\"},\"author\":{\"name\":\"Allan Ravagnani\",\"@id\":\"https:\/\/www.suno.com.br\/noticias\/#\/schema\/person\/ff470fe052a717a4b7c2a467a4a084c2\"},\"headline\":\"Vale (VALE3): lucro recua 78% no 2T23, para US$ 892 milh\u00f5es, com queda do min\u00e9rio de ferro\",\"datePublished\":\"2023-07-27T23:40:55+00:00\",\"dateModified\":\"2023-07-28T05:52:31+00:00\",\"mainEntityOfPage\":{\"@id\":\"https:\/\/www.suno.com.br\/noticias\/vale-vale3-lucro-despenca-2t23-queda-minerio-ar\/\"},\"wordCount\":712,\"publisher\":{\"@id\":\"https:\/\/www.suno.com.br\/noticias\/#organization\"},\"image\":{\"@id\":\"https:\/\/www.suno.com.br\/noticias\/vale-vale3-lucro-despenca-2t23-queda-minerio-ar\/#primaryimage\"},\"thumbnailUrl\":\"https:\/\/files.sunoresearch.com.br\/n\/uploads\/2023\/05\/mineracao.jpg\",\"keywords\":[\"A\u00e7\u00f5es\",\"balan\u00e7os trimestrais\",\"Vale (VALE3)\"],\"articleSection\":[\"Neg\u00f3cios\"],\"inLanguage\":\"pt-BR\"},{\"@type\":\"WebPage\",\"@id\":\"https:\/\/www.suno.com.br\/noticias\/vale-vale3-lucro-despenca-2t23-queda-minerio-ar\/\",\"url\":\"https:\/\/www.suno.com.br\/noticias\/vale-vale3-lucro-despenca-2t23-queda-minerio-ar\/\",\"name\":\"Vale (VALE3): lucro despenca 78% no 2\u00ba tri refletindo queda do min\u00e9rio\",\"isPartOf\":{\"@id\":\"https:\/\/www.suno.com.br\/noticias\/#website\"},\"primaryImageOfPage\":{\"@id\":\"https:\/\/www.suno.com.br\/noticias\/vale-vale3-lucro-despenca-2t23-queda-minerio-ar\/#primaryimage\"},\"image\":{\"@id\":\"https:\/\/www.suno.com.br\/noticias\/vale-vale3-lucro-despenca-2t23-queda-minerio-ar\/#primaryimage\"},\"thumbnailUrl\":\"https:\/\/files.sunoresearch.com.br\/n\/uploads\/2023\/05\/mineracao.jpg\",\"datePublished\":\"2023-07-27T23:40:55+00:00\",\"dateModified\":\"2023-07-28T05:52:31+00:00\",\"description\":\"Vale reportou lucro l\u00edquido 78% menor no trimestre refletindo a queda dos pre\u00e7os do min\u00e9rio de ferro e n\u00edquel no mercado internacional\",\"breadcrumb\":{\"@id\":\"https:\/\/www.suno.com.br\/noticias\/vale-vale3-lucro-despenca-2t23-queda-minerio-ar\/#breadcrumb\"},\"inLanguage\":\"pt-BR\",\"potentialAction\":[{\"@type\":\"ReadAction\",\"target\":[\"https:\/\/www.suno.com.br\/noticias\/vale-vale3-lucro-despenca-2t23-queda-minerio-ar\/\"]}]},{\"@type\":\"ImageObject\",\"inLanguage\":\"pt-BR\",\"@id\":\"https:\/\/www.suno.com.br\/noticias\/vale-vale3-lucro-despenca-2t23-queda-minerio-ar\/#primaryimage\",\"url\":\"https:\/\/files.sunoresearch.com.br\/n\/uploads\/2023\/05\/mineracao.jpg\",\"contentUrl\":\"https:\/\/files.sunoresearch.com.br\/n\/uploads\/2023\/05\/mineracao.jpg\",\"width\":1205,\"height\":800,\"caption\":\"J&F, holding dos irm\u00e3os batistas, investir\u00e1 R$ 5,5 bi no setor de minera\u00e7\u00e3o - Foto: iStock\"},{\"@type\":\"BreadcrumbList\",\"@id\":\"https:\/\/www.suno.com.br\/noticias\/vale-vale3-lucro-despenca-2t23-queda-minerio-ar\/#breadcrumb\",\"itemListElement\":[{\"@type\":\"ListItem\",\"position\":1,\"name\":\"Not\u00edcias\",\"item\":\"https:\/\/www.suno.com.br\/noticias\/\"},{\"@type\":\"ListItem\",\"position\":2,\"name\":\"Neg\u00f3cios\",\"item\":\"https:\/\/www.suno.com.br\/noticias\/negocios\/\"},{\"@type\":\"ListItem\",\"position\":3,\"name\":\"Vale (VALE3): lucro recua 78% no 2T23, para US$ 892 milh\u00f5es, com queda do min\u00e9rio de ferro\"}]},{\"@type\":\"WebSite\",\"@id\":\"https:\/\/www.suno.com.br\/noticias\/#website\",\"url\":\"https:\/\/www.suno.com.br\/noticias\/\",\"name\":\"Suno Not\u00edcias\",\"description\":\"Seu portal de informa\u00e7\u00e3o sobre o mundo dos investimentos\",\"publisher\":{\"@id\":\"https:\/\/www.suno.com.br\/noticias\/#organization\"},\"potentialAction\":[{\"@type\":\"SearchAction\",\"target\":{\"@type\":\"EntryPoint\",\"urlTemplate\":\"https:\/\/www.suno.com.br\/noticias\/?s={search_term_string}\"},\"query-input\":{\"@type\":\"PropertyValueSpecification\",\"valueRequired\":true,\"valueName\":\"search_term_string\"}}],\"inLanguage\":\"pt-BR\"},{\"@type\":\"Organization\",\"@id\":\"https:\/\/www.suno.com.br\/noticias\/#organization\",\"name\":\"Suno Not\u00edcias\",\"url\":\"https:\/\/www.suno.com.br\/noticias\/\",\"logo\":{\"@type\":\"ImageObject\",\"inLanguage\":\"pt-BR\",\"@id\":\"https:\/\/www.suno.com.br\/noticias\/#\/schema\/logo\/image\/\",\"url\":\"https:\/\/files.sunoresearch.com.br\/n\/uploads\/2021\/09\/suno-logo.png\",\"contentUrl\":\"https:\/\/files.sunoresearch.com.br\/n\/uploads\/2021\/09\/suno-logo.png\",\"width\":180,\"height\":180,\"caption\":\"Suno Not\u00edcias\"},\"image\":{\"@id\":\"https:\/\/www.suno.com.br\/noticias\/#\/schema\/logo\/image\/\"},\"sameAs\":[\"https:\/\/facebook.com\/sunoresearch\",\"https:\/\/x.com\/sunoresearch\",\"https:\/\/www.instagram.com\/suno\",\"https:\/\/www.linkedin.com\/company\/suno-research\/\",\"https:\/\/www.youtube.com\/c\/sunoresearch\"]},{\"@type\":\"Person\",\"@id\":\"https:\/\/www.suno.com.br\/noticias\/#\/schema\/person\/ff470fe052a717a4b7c2a467a4a084c2\",\"name\":\"Allan Ravagnani\",\"image\":{\"@type\":\"ImageObject\",\"inLanguage\":\"pt-BR\",\"@id\":\"https:\/\/www.suno.com.br\/noticias\/#\/schema\/person\/image\/\",\"url\":\"https:\/\/secure.gravatar.com\/avatar\/6ff047fc08f82f36fd10bcae9caa7303?s=96&r=g\",\"contentUrl\":\"https:\/\/secure.gravatar.com\/avatar\/6ff047fc08f82f36fd10bcae9caa7303?s=96&r=g\",\"caption\":\"Allan Ravagnani\"},\"description\":\"Jornalista com especializa\u00e7\u00f5es em macroeconomia, finan\u00e7as e ci\u00eancia pol\u00edtica. Foi editor no site Intelig\u00eancia Financeira e atuou nos ve\u00edculos TC Mover (Traders Club), Valor Econ\u00f4mico, CMA Markets, Terra e Folha de S.Paulo. Atualmente, \u00e9 colaborador do Suno Not\u00edcias.\",\"url\":\"https:\/\/www.suno.com.br\/noticias\/author\/allan-ravagnani\/\"}]}<\/script>\n<!-- \/ Yoast SEO plugin. -->","yoast_head_json":{"title":"Vale (VALE3): lucro despenca 78% no 2\u00ba tri refletindo queda do min\u00e9rio","description":"Vale reportou lucro l\u00edquido 78% menor no trimestre refletindo a queda dos pre\u00e7os do min\u00e9rio de ferro e n\u00edquel no mercado internacional","robots":{"index":"index","follow":"follow","max-snippet":"max-snippet:-1","max-image-preview":"max-image-preview:large","max-video-preview":"max-video-preview:-1"},"canonical":"https:\/\/www.suno.com.br\/noticias\/vale-vale3-lucro-despenca-2t23-queda-minerio-ar\/","og_locale":"pt_BR","og_type":"article","og_title":"Vale (VALE3): lucro despenca 78% no 2\u00ba tri refletindo queda do min\u00e9rio","og_description":"Vale reportou lucro l\u00edquido 78% menor no trimestre refletindo a queda dos pre\u00e7os do min\u00e9rio de ferro e n\u00edquel no mercado internacional","og_url":"https:\/\/www.suno.com.br\/noticias\/vale-vale3-lucro-despenca-2t23-queda-minerio-ar\/","og_site_name":"Suno Not\u00edcias","article_publisher":"https:\/\/facebook.com\/sunoresearch","og_image":[{"width":1205,"height":800,"url":"https:\/\/files.sunoresearch.com.br\/n\/uploads\/2023\/05\/mineracao.jpg","type":"image\/jpeg"}],"author":"Allan Ravagnani","twitter_card":"summary_large_image","twitter_creator":"@sunoresearch","twitter_site":"@sunoresearch","twitter_misc":{"Escrito por":"Allan Ravagnani","Est. tempo de leitura":"4 minutos"},"schema":{"@context":"https:\/\/schema.org","@graph":[{"@type":"NewsArticle","@id":"https:\/\/www.suno.com.br\/noticias\/vale-vale3-lucro-despenca-2t23-queda-minerio-ar\/#article","isPartOf":{"@id":"https:\/\/www.suno.com.br\/noticias\/vale-vale3-lucro-despenca-2t23-queda-minerio-ar\/"},"author":{"name":"Allan Ravagnani","@id":"https:\/\/www.suno.com.br\/noticias\/#\/schema\/person\/ff470fe052a717a4b7c2a467a4a084c2"},"headline":"Vale (VALE3): lucro recua 78% no 2T23, para US$ 892 milh\u00f5es, com queda do min\u00e9rio de ferro","datePublished":"2023-07-27T23:40:55+00:00","dateModified":"2023-07-28T05:52:31+00:00","mainEntityOfPage":{"@id":"https:\/\/www.suno.com.br\/noticias\/vale-vale3-lucro-despenca-2t23-queda-minerio-ar\/"},"wordCount":712,"publisher":{"@id":"https:\/\/www.suno.com.br\/noticias\/#organization"},"image":{"@id":"https:\/\/www.suno.com.br\/noticias\/vale-vale3-lucro-despenca-2t23-queda-minerio-ar\/#primaryimage"},"thumbnailUrl":"https:\/\/files.sunoresearch.com.br\/n\/uploads\/2023\/05\/mineracao.jpg","keywords":["A\u00e7\u00f5es","balan\u00e7os trimestrais","Vale (VALE3)"],"articleSection":["Neg\u00f3cios"],"inLanguage":"pt-BR"},{"@type":"WebPage","@id":"https:\/\/www.suno.com.br\/noticias\/vale-vale3-lucro-despenca-2t23-queda-minerio-ar\/","url":"https:\/\/www.suno.com.br\/noticias\/vale-vale3-lucro-despenca-2t23-queda-minerio-ar\/","name":"Vale (VALE3): lucro despenca 78% no 2\u00ba tri refletindo queda do min\u00e9rio","isPartOf":{"@id":"https:\/\/www.suno.com.br\/noticias\/#website"},"primaryImageOfPage":{"@id":"https:\/\/www.suno.com.br\/noticias\/vale-vale3-lucro-despenca-2t23-queda-minerio-ar\/#primaryimage"},"image":{"@id":"https:\/\/www.suno.com.br\/noticias\/vale-vale3-lucro-despenca-2t23-queda-minerio-ar\/#primaryimage"},"thumbnailUrl":"https:\/\/files.sunoresearch.com.br\/n\/uploads\/2023\/05\/mineracao.jpg","datePublished":"2023-07-27T23:40:55+00:00","dateModified":"2023-07-28T05:52:31+00:00","description":"Vale reportou lucro l\u00edquido 78% menor no trimestre refletindo a queda dos pre\u00e7os do min\u00e9rio de ferro e n\u00edquel no mercado internacional","breadcrumb":{"@id":"https:\/\/www.suno.com.br\/noticias\/vale-vale3-lucro-despenca-2t23-queda-minerio-ar\/#breadcrumb"},"inLanguage":"pt-BR","potentialAction":[{"@type":"ReadAction","target":["https:\/\/www.suno.com.br\/noticias\/vale-vale3-lucro-despenca-2t23-queda-minerio-ar\/"]}]},{"@type":"ImageObject","inLanguage":"pt-BR","@id":"https:\/\/www.suno.com.br\/noticias\/vale-vale3-lucro-despenca-2t23-queda-minerio-ar\/#primaryimage","url":"https:\/\/files.sunoresearch.com.br\/n\/uploads\/2023\/05\/mineracao.jpg","contentUrl":"https:\/\/files.sunoresearch.com.br\/n\/uploads\/2023\/05\/mineracao.jpg","width":1205,"height":800,"caption":"J&F, holding dos irm\u00e3os batistas, investir\u00e1 R$ 5,5 bi no setor de minera\u00e7\u00e3o - Foto: iStock"},{"@type":"BreadcrumbList","@id":"https:\/\/www.suno.com.br\/noticias\/vale-vale3-lucro-despenca-2t23-queda-minerio-ar\/#breadcrumb","itemListElement":[{"@type":"ListItem","position":1,"name":"Not\u00edcias","item":"https:\/\/www.suno.com.br\/noticias\/"},{"@type":"ListItem","position":2,"name":"Neg\u00f3cios","item":"https:\/\/www.suno.com.br\/noticias\/negocios\/"},{"@type":"ListItem","position":3,"name":"Vale (VALE3): lucro recua 78% no 2T23, para US$ 892 milh\u00f5es, com queda do min\u00e9rio de ferro"}]},{"@type":"WebSite","@id":"https:\/\/www.suno.com.br\/noticias\/#website","url":"https:\/\/www.suno.com.br\/noticias\/","name":"Suno Not\u00edcias","description":"Seu portal de informa\u00e7\u00e3o sobre o mundo dos investimentos","publisher":{"@id":"https:\/\/www.suno.com.br\/noticias\/#organization"},"potentialAction":[{"@type":"SearchAction","target":{"@type":"EntryPoint","urlTemplate":"https:\/\/www.suno.com.br\/noticias\/?s={search_term_string}"},"query-input":{"@type":"PropertyValueSpecification","valueRequired":true,"valueName":"search_term_string"}}],"inLanguage":"pt-BR"},{"@type":"Organization","@id":"https:\/\/www.suno.com.br\/noticias\/#organization","name":"Suno Not\u00edcias","url":"https:\/\/www.suno.com.br\/noticias\/","logo":{"@type":"ImageObject","inLanguage":"pt-BR","@id":"https:\/\/www.suno.com.br\/noticias\/#\/schema\/logo\/image\/","url":"https:\/\/files.sunoresearch.com.br\/n\/uploads\/2021\/09\/suno-logo.png","contentUrl":"https:\/\/files.sunoresearch.com.br\/n\/uploads\/2021\/09\/suno-logo.png","width":180,"height":180,"caption":"Suno Not\u00edcias"},"image":{"@id":"https:\/\/www.suno.com.br\/noticias\/#\/schema\/logo\/image\/"},"sameAs":["https:\/\/facebook.com\/sunoresearch","https:\/\/x.com\/sunoresearch","https:\/\/www.instagram.com\/suno","https:\/\/www.linkedin.com\/company\/suno-research\/","https:\/\/www.youtube.com\/c\/sunoresearch"]},{"@type":"Person","@id":"https:\/\/www.suno.com.br\/noticias\/#\/schema\/person\/ff470fe052a717a4b7c2a467a4a084c2","name":"Allan Ravagnani","image":{"@type":"ImageObject","inLanguage":"pt-BR","@id":"https:\/\/www.suno.com.br\/noticias\/#\/schema\/person\/image\/","url":"https:\/\/secure.gravatar.com\/avatar\/6ff047fc08f82f36fd10bcae9caa7303?s=96&r=g","contentUrl":"https:\/\/secure.gravatar.com\/avatar\/6ff047fc08f82f36fd10bcae9caa7303?s=96&r=g","caption":"Allan Ravagnani"},"description":"Jornalista com especializa\u00e7\u00f5es em macroeconomia, finan\u00e7as e ci\u00eancia pol\u00edtica. Foi editor no site Intelig\u00eancia Financeira e atuou nos ve\u00edculos TC Mover (Traders Club), Valor Econ\u00f4mico, CMA Markets, Terra e Folha de S.Paulo. Atualmente, \u00e9 colaborador do Suno Not\u00edcias.","url":"https:\/\/www.suno.com.br\/noticias\/author\/allan-ravagnani\/"}]}},"default_loop_html":"<div class=\"cardsPage__listCard__boxs\"><div class=\"cardsPage__listCard__boxs__img\"><a href=\"https:\/\/www.suno.com.br\/noticias\/vale-vale3-lucro-despenca-2t23-queda-minerio-ar\/\"><img class=\"mask\" src=\"https:\/\/www.suno.com.br\/noticias\/wp-content\/themes\/suno\/resources\/images\/spotlight\/spotlight1img\/bg-mask.png\" alt=\"Image Mask\"\/><img src=\"https:\/\/files.sunoresearch.com.br\/n\/uploads\/2023\/05\/mineracao-400x200.jpg\" alt=\"Vale (VALE3): lucro recua 78% no 2T23, para US$ 892 milh\u00f5es, com queda do min\u00e9rio de ferro\"\/><\/a><span class=\"spotlightCategory\"><a href=\"https:\/\/www.suno.com.br\/noticias\/negocios\/\">Neg\u00f3cios<\/a><\/span><\/div><div class=\"cardsPage__listCard__boxs__content\"><a href=\"https:\/\/www.suno.com.br\/noticias\/vale-vale3-lucro-despenca-2t23-queda-minerio-ar\/\"><h2 class=\"content__title\">Vale (VALE3): lucro recua 78% no 2T23, para US$ 892 milh\u00f5es, com queda do min\u00e9rio de ferro<\/h2><\/a><div class=\"newsContent__article__meta\"><div class=\"newsContent__article__meta__authorBox\"><a href=\"https:\/\/www.suno.com.br\/noticias\/author\/allan-ravagnani\/\" class=\"authorBox__avatar noMobi\"><img src=\"https:\/\/files.sunoresearch.com.br\/n\/uploads\/2023\/06\/allan-usuario-150x150.png\" alt=\"Allan Ravagnani\"><\/a><div class=\"authorBox__name\"><span>por\n\t\t\t<a href=\"https:\/\/www.suno.com.br\/noticias\/author\/allan-ravagnani\/\"><span itemprop=\"author\">Allan Ravagnani<\/span><\/a><\/span><time datetime=\"2023-07-27T20:40:55-03:00\" itemprop=\"datePublished\">27\/07\/2023 20:40<\/time><\/div><\/div><\/div><\/div><\/div>","single_layout":"posts","amp_enabled":true,"_links":{"self":[{"href":"https:\/\/www.suno.com.br\/noticias\/wp-json\/wp\/v2\/posts\/434702"}],"collection":[{"href":"https:\/\/www.suno.com.br\/noticias\/wp-json\/wp\/v2\/posts"}],"about":[{"href":"https:\/\/www.suno.com.br\/noticias\/wp-json\/wp\/v2\/types\/post"}],"author":[{"embeddable":true,"href":"https:\/\/www.suno.com.br\/noticias\/wp-json\/wp\/v2\/users\/305"}],"replies":[{"embeddable":true,"href":"https:\/\/www.suno.com.br\/noticias\/wp-json\/wp\/v2\/comments?post=434702"}],"version-history":[{"count":2,"href":"https:\/\/www.suno.com.br\/noticias\/wp-json\/wp\/v2\/posts\/434702\/revisions"}],"predecessor-version":[{"id":434821,"href":"https:\/\/www.suno.com.br\/noticias\/wp-json\/wp\/v2\/posts\/434702\/revisions\/434821"}],"wp:featuredmedia":[{"embeddable":true,"href":"https:\/\/www.suno.com.br\/noticias\/wp-json\/wp\/v2\/media\/408650"}],"wp:attachment":[{"href":"https:\/\/www.suno.com.br\/noticias\/wp-json\/wp\/v2\/media?parent=434702"}],"wp:term":[{"taxonomy":"category","embeddable":true,"href":"https:\/\/www.suno.com.br\/noticias\/wp-json\/wp\/v2\/categories?post=434702"},{"taxonomy":"post_tag","embeddable":true,"href":"https:\/\/www.suno.com.br\/noticias\/wp-json\/wp\/v2\/tags?post=434702"},{"taxonomy":"suno_strategy","embeddable":true,"href":"https:\/\/www.suno.com.br\/noticias\/wp-json\/wp\/v2\/suno_strategy?post=434702"}],"curies":[{"name":"wp","href":"https:\/\/api.w.org\/{rel}","templated":true}]}}