{"id":434532,"date":"2023-07-27T17:47:16","date_gmt":"2023-07-27T20:47:16","guid":{"rendered":"https:\/\/www.suno.com.br\/noticias\/?p=434532"},"modified":"2023-07-27T17:47:24","modified_gmt":"2023-07-27T20:47:24","slug":"via-viia3-magazine-luiza-mglu3-sobem-ibovespa-gpj","status":"publish","type":"post","link":"https:\/\/www.suno.com.br\/noticias\/via-viia3-magazine-luiza-mglu3-sobem-ibovespa-gpj\/","title":{"rendered":"Na contram\u00e3o do Ibovespa, Via (VIIA3) e Magazine Luiza (MGLU3) fecham em alta nesta quinta. Por qu\u00ea?"},"content":{"rendered":"<p>As a\u00e7\u00f5es de\u00a0<strong><a href=\"https:\/\/www.suno.com.br\/acoes\/viia3\/\">Via<\/a><\/strong><a href=\"https:\/\/www.suno.com.br\/acoes\/viia3\/\">\u00a0(VIIA3)<\/a>\u00a0e\u00a0<a href=\"https:\/\/www.suno.com.br\/acoes\/MGLU3\/\" target=\"_blank\" rel=\"noreferrer noopener\">Magazine Luiza (MGLU3)<\/a>\u00a0figuraram no campo positivo do Ibovespa desta quinta-feira (27), com o varejo sendo favorecido pelo desempenho de alguns indicadores importantes, como o d\u00f3lar, ap\u00f3s decis\u00f5es de bancos centrais. O Ibovespa fechou em queda de 2,1%, aos 119.989 pontos, pressionado pelo tombo da Petrobras (PETR4) e da Vale (VALE3).<\/p>\t<div class=\"wrapper-featured-image\">\n\t\t<figure class=\"spotlightImg\">\n\n\t\t\t<picture>\n\t\t\t\t<source media=\"(max-width: 768px)\" srcset=\"https:\/\/files.sunoresearch.com.br\/n\/uploads\/2021\/04\/93afd5e5-173006906_4275939552467006_8846856973835887453_n-e1618439415313-400x200.webp\">\n\t\t\t\t<img loading=\"lazy\" decoding=\"async\" class=\"newsContent__article__imgCapa lazyloadDisabled \" src=\"https:\/\/files.sunoresearch.com.br\/n\/uploads\/2021\/04\/93afd5e5-173006906_4275939552467006_8846856973835887453_n-e1618439415313-800x450.webp\" width=\"800\" height=\"450\" alt=\"Na contram\u00e3o do Ibovespa, Via (VIIA3) e Magazine Luiza (MGLU3) fecham em alta nesta quinta. Por qu\u00ea?\" fetchpriority=high \/>\n\t\t\t<\/picture>\n\n\t\t\t<figcaption class=\"wp-caption-text wp-caption-text--show\">Via (VIIA3) - Foto: Reprodu\u00e7\u00e3o Facebook<\/figcaption>\n\t\t<\/figure>\n\t<\/div>\n\n\n\n\n\n\n\n\t<p>\n\t\t<a href=\"\" target=\"_blank\" data-element=\"shortcode-suno-banner\" title=\"Banner SUNO, clique e saiba mais\">\n\t\t\t<picture>\n\t\t\t\t<source media=\"(max-width: 500px)\" srcset=\"\">\n\t\t\t\t<img class=\"newsContent__article__imgCapa newsContent__article__imgCapa--banner\"\n\t\t\t\t\tsrc=\"\"\n\t\t\t\t\tdata-promo-id=\"250707\"\t\t\t\t\t\t\t\t\t\t\t\t\t\t\talt=\"\"\n\t\t\t\t>\n\t\t\t<\/picture>\n\t\t<\/a>\n\t<\/p>\n\n\n\n\n\n<p>No fechamento, os\u00a0<strong>pap\u00e9is da Via<\/strong>\u00a0avan\u00e7aram 0,47%, cotados a R$ 2,13, enquanto os\u00a0<strong>ativos do Magazine Luiza<\/strong>\u00a0tamb\u00e9m subiram 2,59%, a R$ 3,17.<\/p>\n\n\n\n<div class=\"pluginQuotation\">\n  <p class=\"ticker\">\n    Cota\u00e7\u00e3o <span>VIIA3<\/span>\n  <\/p>\n  <div class=\"info\">\n    <div class=\"leftSide\">\n      Gr\u00e1fico gerado em: 27\/07\/2023    <\/div>\n\t\t\t\t\t<div class=\"rightSide\">\n\t\t\t\t\t<span class=\"period\">\n\t\t\t\t\t\t1 Dia\t\t\t\t\t<\/span>\n\t\t\t<\/div>\n\t\t  <\/div>\n\n  <div id=\"chart-dbceb5f36e40330a243cf0b3a2ef9dba\" data-block-hash=\"dbceb5f36e40330a243cf0b3a2ef9dba\"  class=\"chart\" style=\"width:100%;height:400px;\"><\/div>\n\n  <div class=\"pluginQuotation__footer\">\n    <div class=\"dataChart\">\n\n      <div class=\"dataChart__div1 variation\">\n        <div class=\"value-negative\">\n          -0,93 (-0,02%)        <\/div>\n        <div class=\"text\">\n          Varia\u00e7\u00e3o do per\u00edodo\n        <\/div>\n      <\/div>\n\n      <div class=\"dataChart__div2 minMax\">\n        <div class=\"value\">\n          R$\u00a02,11        <\/div>\n        <div class=\"text\">\n          M\u00ednima\n        <\/div>\n      <\/div>\n\n      <div class=\"dataChart__div3 minMax\">\n        <div class=\"value\">\n          R$\u00a02,16        <\/div>\n        <div class=\"text\">\n          M\u00e1xima\n        <\/div>\n      <\/div>\n\n\t\t\t<div class=\"dataChart__div4 rightSide\">\n\t\t\t\t<div class=\"analiticaSource\">\n\t\t\t\t\t<span>\n\t\t\t\t\t\tFonte:\n\t\t\t\t\t<\/span>\n\t\t\t\t\t<img decoding=\"async\" class=\"analiticaLogo\" src=\"https:\/\/www.suno.com.br\/noticias\/wp-content\/plugins\/suno-block-ticker-quotation\/src\/suno-analitica-logo.png\" alt=\"Logo Suno Anal\u00edtica\" \/>\n\t\t\t\t<\/div>\n\n\t\t\t\t<a href=\"https:\/\/www.suno.com.br\/analitica\/acoes\/VIIA3\" target=\"_blank\">\n\t\t\t\t\t<span>\n\t\t\t\t\t\tVer mais cota\u00e7\u00f5es\n\t\t\t\t\t<\/span>\n\t\t\t\t\t<svg xmlns=\"http:\/\/www.w3.org\/2000\/svg\" width=\"9\" height=\"8\" viewBox=\"0 0 9 8\" fill=\"none\">\n\t\t\t\t\t\t<path d=\"M4.20996 0L3.50496 0.705L6.29496 3.5H0.209961V4.5H6.29496L3.50496 7.295L4.20996 8L8.20996 4L4.20996 0Z\" fill=\"#D42126\" \/>\n\t\t\t\t\t<\/svg>\n\t\t\t\t<\/a>\n    <\/div>\n\n    <\/div>\n  <\/div>\n<\/div>\n\n\n<script type=\"text\/javascript\">\n  let chart_dbceb5f36e40330a243cf0b3a2ef9dba = document.getElementById('chart-dbceb5f36e40330a243cf0b3a2ef9dba');\n  let data_json_dbceb5f36e40330a243cf0b3a2ef9dba = \"[{\\\"date\\\":\\\"27\\\\\\\/07\\\\\\\/23 10:02\\\",\\\"value\\\":2.14},{\\\"date\\\":\\\"27\\\\\\\/07\\\\\\\/23 10:04\\\",\\\"value\\\":2.16},{\\\"date\\\":\\\"27\\\\\\\/07\\\\\\\/23 10:06\\\",\\\"value\\\":2.16},{\\\"date\\\":\\\"27\\\\\\\/07\\\\\\\/23 10:08\\\",\\\"value\\\":2.14},{\\\"date\\\":\\\"27\\\\\\\/07\\\\\\\/23 10:10\\\",\\\"value\\\":2.15},{\\\"date\\\":\\\"27\\\\\\\/07\\\\\\\/23 10:12\\\",\\\"value\\\":2.14},{\\\"date\\\":\\\"27\\\\\\\/07\\\\\\\/23 10:14\\\",\\\"value\\\":2.16},{\\\"date\\\":\\\"27\\\\\\\/07\\\\\\\/23 10:16\\\",\\\"value\\\":2.15},{\\\"date\\\":\\\"27\\\\\\\/07\\\\\\\/23 10:18\\\",\\\"value\\\":2.13},{\\\"date\\\":\\\"27\\\\\\\/07\\\\\\\/23 10:20\\\",\\\"value\\\":2.12},{\\\"date\\\":\\\"27\\\\\\\/07\\\\\\\/23 10:22\\\",\\\"value\\\":2.13},{\\\"date\\\":\\\"27\\\\\\\/07\\\\\\\/23 10:24\\\",\\\"value\\\":2.14},{\\\"date\\\":\\\"27\\\\\\\/07\\\\\\\/23 10:26\\\",\\\"value\\\":2.13},{\\\"date\\\":\\\"27\\\\\\\/07\\\\\\\/23 10:28\\\",\\\"value\\\":2.13},{\\\"date\\\":\\\"27\\\\\\\/07\\\\\\\/23 10:30\\\",\\\"value\\\":2.11},{\\\"date\\\":\\\"27\\\\\\\/07\\\\\\\/23 10:32\\\",\\\"value\\\":2.11},{\\\"date\\\":\\\"27\\\\\\\/07\\\\\\\/23 11:50\\\",\\\"value\\\":2.13},{\\\"date\\\":\\\"27\\\\\\\/07\\\\\\\/23 11:52\\\",\\\"value\\\":2.12},{\\\"date\\\":\\\"27\\\\\\\/07\\\\\\\/23 11:54\\\",\\\"value\\\":2.12},{\\\"date\\\":\\\"27\\\\\\\/07\\\\\\\/23 11:56\\\",\\\"value\\\":2.12},{\\\"date\\\":\\\"27\\\\\\\/07\\\\\\\/23 11:58\\\",\\\"value\\\":2.12},{\\\"date\\\":\\\"27\\\\\\\/07\\\\\\\/23 12:00\\\",\\\"value\\\":2.13},{\\\"date\\\":\\\"27\\\\\\\/07\\\\\\\/23 12:02\\\",\\\"value\\\":2.13},{\\\"date\\\":\\\"27\\\\\\\/07\\\\\\\/23 12:04\\\",\\\"value\\\":2.14},{\\\"date\\\":\\\"27\\\\\\\/07\\\\\\\/23 12:06\\\",\\\"value\\\":2.14},{\\\"date\\\":\\\"27\\\\\\\/07\\\\\\\/23 12:08\\\",\\\"value\\\":2.14},{\\\"date\\\":\\\"27\\\\\\\/07\\\\\\\/23 12:10\\\",\\\"value\\\":2.15},{\\\"date\\\":\\\"27\\\\\\\/07\\\\\\\/23 12:12\\\",\\\"value\\\":2.15},{\\\"date\\\":\\\"27\\\\\\\/07\\\\\\\/23 12:14\\\",\\\"value\\\":2.14},{\\\"date\\\":\\\"27\\\\\\\/07\\\\\\\/23 12:16\\\",\\\"value\\\":2.14},{\\\"date\\\":\\\"27\\\\\\\/07\\\\\\\/23 12:18\\\",\\\"value\\\":2.14},{\\\"date\\\":\\\"27\\\\\\\/07\\\\\\\/23 12:20\\\",\\\"value\\\":2.15},{\\\"date\\\":\\\"27\\\\\\\/07\\\\\\\/23 12:22\\\",\\\"value\\\":2.15},{\\\"date\\\":\\\"27\\\\\\\/07\\\\\\\/23 12:24\\\",\\\"value\\\":2.14},{\\\"date\\\":\\\"27\\\\\\\/07\\\\\\\/23 12:26\\\",\\\"value\\\":2.15},{\\\"date\\\":\\\"27\\\\\\\/07\\\\\\\/23 12:28\\\",\\\"value\\\":2.13},{\\\"date\\\":\\\"27\\\\\\\/07\\\\\\\/23 12:30\\\",\\\"value\\\":2.14},{\\\"date\\\":\\\"27\\\\\\\/07\\\\\\\/23 12:32\\\",\\\"value\\\":2.13},{\\\"date\\\":\\\"27\\\\\\\/07\\\\\\\/23 12:34\\\",\\\"value\\\":2.14},{\\\"date\\\":\\\"27\\\\\\\/07\\\\\\\/23 12:36\\\",\\\"value\\\":2.14},{\\\"date\\\":\\\"27\\\\\\\/07\\\\\\\/23 12:38\\\",\\\"value\\\":2.14},{\\\"date\\\":\\\"27\\\\\\\/07\\\\\\\/23 12:40\\\",\\\"value\\\":2.13},{\\\"date\\\":\\\"27\\\\\\\/07\\\\\\\/23 12:42\\\",\\\"value\\\":2.13},{\\\"date\\\":\\\"27\\\\\\\/07\\\\\\\/23 12:44\\\",\\\"value\\\":2.14},{\\\"date\\\":\\\"27\\\\\\\/07\\\\\\\/23 12:46\\\",\\\"value\\\":2.15},{\\\"date\\\":\\\"27\\\\\\\/07\\\\\\\/23 12:48\\\",\\\"value\\\":2.15},{\\\"date\\\":\\\"27\\\\\\\/07\\\\\\\/23 12:50\\\",\\\"value\\\":2.14},{\\\"date\\\":\\\"27\\\\\\\/07\\\\\\\/23 12:52\\\",\\\"value\\\":2.14},{\\\"date\\\":\\\"27\\\\\\\/07\\\\\\\/23 12:54\\\",\\\"value\\\":2.13},{\\\"date\\\":\\\"27\\\\\\\/07\\\\\\\/23 12:56\\\",\\\"value\\\":2.13},{\\\"date\\\":\\\"27\\\\\\\/07\\\\\\\/23 12:58\\\",\\\"value\\\":2.14},{\\\"date\\\":\\\"27\\\\\\\/07\\\\\\\/23 13:00\\\",\\\"value\\\":2.14},{\\\"date\\\":\\\"27\\\\\\\/07\\\\\\\/23 13:02\\\",\\\"value\\\":2.14},{\\\"date\\\":\\\"27\\\\\\\/07\\\\\\\/23 13:04\\\",\\\"value\\\":2.14},{\\\"date\\\":\\\"27\\\\\\\/07\\\\\\\/23 15:42\\\",\\\"value\\\":2.13},{\\\"date\\\":\\\"27\\\\\\\/07\\\\\\\/23 15:44\\\",\\\"value\\\":2.14},{\\\"date\\\":\\\"27\\\\\\\/07\\\\\\\/23 15:46\\\",\\\"value\\\":2.13},{\\\"date\\\":\\\"27\\\\\\\/07\\\\\\\/23 15:48\\\",\\\"value\\\":2.13},{\\\"date\\\":\\\"27\\\\\\\/07\\\\\\\/23 15:50\\\",\\\"value\\\":2.14},{\\\"date\\\":\\\"27\\\\\\\/07\\\\\\\/23 15:52\\\",\\\"value\\\":2.13},{\\\"date\\\":\\\"27\\\\\\\/07\\\\\\\/23 15:54\\\",\\\"value\\\":2.13},{\\\"date\\\":\\\"27\\\\\\\/07\\\\\\\/23 15:56\\\",\\\"value\\\":2.13},{\\\"date\\\":\\\"27\\\\\\\/07\\\\\\\/23 15:58\\\",\\\"value\\\":2.12},{\\\"date\\\":\\\"27\\\\\\\/07\\\\\\\/23 16:00\\\",\\\"value\\\":2.13},{\\\"date\\\":\\\"27\\\\\\\/07\\\\\\\/23 16:02\\\",\\\"value\\\":2.14},{\\\"date\\\":\\\"27\\\\\\\/07\\\\\\\/23 16:04\\\",\\\"value\\\":2.13},{\\\"date\\\":\\\"27\\\\\\\/07\\\\\\\/23 16:06\\\",\\\"value\\\":2.14},{\\\"date\\\":\\\"27\\\\\\\/07\\\\\\\/23 16:08\\\",\\\"value\\\":2.14},{\\\"date\\\":\\\"27\\\\\\\/07\\\\\\\/23 16:10\\\",\\\"value\\\":2.13},{\\\"date\\\":\\\"27\\\\\\\/07\\\\\\\/23 16:12\\\",\\\"value\\\":2.13},{\\\"date\\\":\\\"27\\\\\\\/07\\\\\\\/23 16:14\\\",\\\"value\\\":2.14},{\\\"date\\\":\\\"27\\\\\\\/07\\\\\\\/23 16:16\\\",\\\"value\\\":2.13},{\\\"date\\\":\\\"27\\\\\\\/07\\\\\\\/23 16:18\\\",\\\"value\\\":2.14},{\\\"date\\\":\\\"27\\\\\\\/07\\\\\\\/23 16:20\\\",\\\"value\\\":2.12},{\\\"date\\\":\\\"27\\\\\\\/07\\\\\\\/23 16:22\\\",\\\"value\\\":2.14},{\\\"date\\\":\\\"27\\\\\\\/07\\\\\\\/23 16:24\\\",\\\"value\\\":2.13},{\\\"date\\\":\\\"27\\\\\\\/07\\\\\\\/23 16:26\\\",\\\"value\\\":2.14},{\\\"date\\\":\\\"27\\\\\\\/07\\\\\\\/23 16:28\\\",\\\"value\\\":2.12}]\";\n  let isPositive_dbceb5f36e40330a243cf0b3a2ef9dba = \"\";\n\n  let color_dbceb5f36e40330a243cf0b3a2ef9dba = isPositive_dbceb5f36e40330a243cf0b3a2ef9dba ? '#3AB53A' : '#D92C2D';\n\n  let data_dbceb5f36e40330a243cf0b3a2ef9dba = JSON.parse(data_json_dbceb5f36e40330a243cf0b3a2ef9dba);\n\n  const result_dbceb5f36e40330a243cf0b3a2ef9dba = {\n    date: [],\n    value: [],\n  };\n\n  data_dbceb5f36e40330a243cf0b3a2ef9dba.forEach((item) => {\n    result_dbceb5f36e40330a243cf0b3a2ef9dba.date.push(item.date);\n    result_dbceb5f36e40330a243cf0b3a2ef9dba.value.push(Number(item.value));\n  });\n\n  let option_dbceb5f36e40330a243cf0b3a2ef9dba = {\n    \/\/ variavel de cor global\n    color: [color_dbceb5f36e40330a243cf0b3a2ef9dba],\n    title: {\n      text: '',\n    },\n    tooltip: {\n      trigger: 'axis',\n      axisPointer: {\n        type: 'cross',\n        label: {\n          \/\/ cor dos valores em X e Y\n          backgroundColor: color_dbceb5f36e40330a243cf0b3a2ef9dba,\n          formatter: (value) => {\n            if (typeof value.value === 'number') {\n              return Number(value.value).toLocaleString('pt-br', {\n                style: 'currency',\n                currency: 'BRL'\n              });\n            }\n            return value.value;\n          },\n        },\n      },\n      valueFormatter: (value) => Number(value).toLocaleString('pt-br', {\n        style: 'currency',\n        currency: 'BRL'\n      }),\n    },\n    legend: {\n      \/\/ data: ['Valor de Fechamento'],\n      show: false,\n    },\n    toolbox: {\n      feature: {\n        saveAsImage: {\n          show: false,\n        },\n      },\n    },\n    grid: {\n      left: '0px',\n      right: '0px',\n      bottom: '0px',\n      containLabel: true,\n    },\n    xAxis: [{\n      type: 'category',\n      data: result_dbceb5f36e40330a243cf0b3a2ef9dba.date,\n      boundaryGap: true,\n    }],\n    yAxis: [{\n      type: 'value',\n      min: Math.min(...result_dbceb5f36e40330a243cf0b3a2ef9dba.value),\n      max: Math.max(...result_dbceb5f36e40330a243cf0b3a2ef9dba.value),\n      axisLabel: {\n        formatter: (value) => value.toLocaleString('pt-br', {\n          style: 'currency',\n          currency: 'BRL'\n        }),\n      },\n    }],\n    series: [{\n      name: 'Valor de Fechamento',\n      type: 'line',\n      stack: 'Total',\n      \/\/ cor do grafico\n      areaStyle: {},\n      emphasis: {\n        focus: 'series',\n      },\n      data: result_dbceb5f36e40330a243cf0b3a2ef9dba.value,\n      \/\/ cor da linha\n      lineStyle: {\n        color: color_dbceb5f36e40330a243cf0b3a2ef9dba,\n      },\n    }, ],\n  };\n\n\twindow.chart_dbceb5f36e40330a243cf0b3a2ef9dba = {\n\t\tel: chart_dbceb5f36e40330a243cf0b3a2ef9dba,\n\t\toption: option_dbceb5f36e40330a243cf0b3a2ef9dba\t};\n\n\n<\/script>\n\n\n\n<p>&#8220;Apesar do Ibovespa ter ca\u00eddo, o DI Futuro nos v\u00e9rtices curtos tamb\u00e9m ficaram em baixa, al\u00e9m do <a href=\"https:\/\/www.suno.com.br\/noticias\/dolar-sobe-testa-maximas-fluxo-positivo-evm\/\" target=\"_blank\" rel=\"noreferrer noopener\"><strong>d\u00f3lar<\/strong><\/a>. Juros e moeda impactam diretamente o <strong>setor de varejo<\/strong>, favorecendo as empresas e impulsionando os pap\u00e9is para cima hoje&#8221;, disse Lucas Almeida, especialista em mercado de capitais e s\u00f3cio da AVG Capital.<\/p>\n\n\n\n<p>O&nbsp;<strong>d\u00f3lar<\/strong>&nbsp;abriu em baixa no mercado \u00e0 vista nesta quinta-feira (27), replicando o sinal predominante no exterior ap\u00f3s a eleva\u00e7\u00e3o de juros de 25 pontos-base nos Estados Unidos ontem, como o esperado, mas ganhou for\u00e7a ao longo do dia.<\/p>\n\n\n\n<p>No mesmo hor\u00e1rio, o d\u00f3lar subia 0,02%, cotado a R$ 4.744,00. Fechou com alta de 0,65%, a R$ 4,7587.<\/p>\n\n\n\n<p>Os investidores tamb\u00e9m observaram a&nbsp;<strong>decis\u00e3o do Banco Central Europeu (BCE)<\/strong>, que confirmou as expectativas do mercado e elevou juros em 25 pontos-base, dando suporte ao euro e \u00e0 libra e ajudando a ampliar ganhos nas Bolsas europeias, principalmente a de Paris e Frankfurt.<\/p>\n\n\n\n<p>Tamb\u00e9m nesta quinta-feira, segundo estimativa inicial divulgada pelo Departamento de Com\u00e9rcio dos Estados Unidos, o Produto Interno Bruto (PIB) do Pa\u00eds cresceu ao ritmo anualizado de 2,4% no segundo trimestre de 2023. O resultado ficou acima da mediana de expectativas de analistas consultados pelo Proje\u00e7\u00f5es Broadcast, de alta de 1,8%.<\/p>\n\n\n\n\t<div data-element=\"shortcode-read-more\" class=\"readToo\">\n\t\t\t\t<span class=\"readToo__title\">Leia mais<\/span>\n\t\t\t\t<ul class=\"readToo__list\">\n\t\t\t<li><a href=\"https:\/\/www.suno.com.br\/noticias\/dolar-cai-apos-elevacao-de-juros-nos-estados-unidos-e-decisao-do-bce-gpj\/\">D\u00f3lar cai ap\u00f3s eleva\u00e7\u00e3o de juros nos Estados Unidos e decis\u00e3o do BCE<\/a><\/li><li><a href=\"https:\/\/www.suno.com.br\/noticias\/fed-fomc-sobe-juros-eua-maior-nivel-evm\/\">Fed sobe juros dos EUA para 5,5%, maior n\u00edvel em 22 anos<\/a><\/li>\t\t<\/ul>\n\t<\/div>\n\n\n\n\n<h2 class=\"wp-block-heading\">Via surfa na onda do Desenrola: veja como renegociar d\u00edvidas com Casas Bahia e Ponto com vantagens<\/h2>\n\n\n\n<p>As empresas de varejo est\u00e3o aproveitando o momento do in\u00edcio do programa&nbsp;<strong>Desenrola Brasil<\/strong>, do Governo Federal, para renegociar d\u00edvidas internas com seus clientes. Esses d\u00e9bitos dos consumidores v\u00eam principalmente de cart\u00f5es n\u00e3o bandeirados e dos carn\u00eas. A medida inclui as companhias que est\u00e3o sob a propriedade da<strong>&nbsp;Via<\/strong>, conforme noticiado pelo portal Extra.<\/p>\n\n\n\n<p>Assim, dois exemplos de empresas que est\u00e3o aderindo a esse&nbsp;<strong>mutir\u00e3o de renegocia\u00e7\u00e3o de d\u00edvidas<\/strong>&nbsp;s\u00e3o Casas Bahia e Ponto, pertencentes \u00e0 Via, com uma campanha que come\u00e7a hoje (25) e vai durar at\u00e9 o dia 31 de agosto de 2023.<\/p>\n\n\n\n<p>Assim, os clientes dessas duas lojas poder\u00e3o&nbsp;<a href=\"https:\/\/www.suno.com.br\/noticias\/desenrola-comeca-hoje-veja-detalhes-evm\/\" target=\"_blank\" rel=\"noreferrer noopener\"><strong>renegociar d\u00edvidas<\/strong><\/a>&nbsp;em aberto sem pagar multa e juros. Al\u00e9m disso, essa renegocia\u00e7\u00e3o prev\u00ea o parcelamento de at\u00e9 36 vezes, embora as condi\u00e7\u00f5es de pagamento v\u00e3o depender da situa\u00e7\u00e3o de cada consumidor.<\/p>\n\n\n\n<p>Al\u00e9m dessas vantagens j\u00e1 citadas para a renegocia\u00e7\u00e3o de d\u00edvidas com&nbsp;<strong>Casas Bahia&nbsp;<\/strong>e&nbsp;<strong>Ponto<\/strong>, ainda existe a possibilidade de ter redu\u00e7\u00e3o no valor de entrada e a obten\u00e7\u00e3o de descontos.<\/p>\n\n\n\n<p>Apesar disso, nem todos os d\u00e9bitos poder\u00e3o ter essas condi\u00e7\u00f5es. Para que a negocia\u00e7\u00e3o possa ser feita com essas vantagens, as d\u00edvidas devem ter sido feitas at\u00e9 o dia 31 de dezembro de 2022 no carn\u00ea.<\/p>\n\n\n\n<p>Segundo a Via, a estimativa \u00e9 de que mais de 1,5 milh\u00e3o de clientes dessas empresas possam ter suas d\u00edvidas renegociadas, regularizando-se assim as pend\u00eancias.<\/p>\n\n\n\n<p>Para&nbsp;<strong>renegociar as d\u00edvidas<\/strong>&nbsp;com as Casas Bahia e Ponto, os consumidores poder\u00e3o optar por ir diretamente a uma de suas lojas, ou regularizar as pend\u00eancias de forma online.<\/p>\n\n\n\n<p>Nesse caso, as Casas Bahia disponibiliza 4 formatos a dist\u00e2ncia:<\/p>\n\n\n\n<ol class=\"wp-block-list\" type=\"1\" start=\"1\">\n<li>Ligando na Central de Atendimento, pelo n\u00famero 0800 025 8880;<\/li>\n\n\n\n<li>Acessando o&nbsp;<a href=\"https:\/\/renegocie.casasbahia.com.br\/#\/\">Portal do Carn\u00ea<\/a>;<\/li>\n\n\n\n<li>Renegociando pelo WhatsApp, no n\u00famero 41 9951-2321;<\/li>\n\n\n\n<li>Usando o aplicativo do BanQi.<\/li>\n<\/ol>\n\n\n\n<p>No Ponto tamb\u00e9m s\u00e3o 4 possibilidades de renegocia\u00e7\u00e3o sem precisar ir a uma loja:<\/p>\n\n\n\n<ol class=\"wp-block-list\" type=\"1\" start=\"1\">\n<li>Ligando na Central de Atendimento, pelo n\u00famero 0800 022 1400;<\/li>\n\n\n\n<li>Acessando o&nbsp;<a href=\"https:\/\/renegocie.pontofrio.com.br\/#\/\">Portal do Carn\u00ea<\/a>;<\/li>\n\n\n\n<li>Renegociando pelo WhatsApp, no n\u00famero 41 98512-0885;<\/li>\n\n\n\n<li>Usando o aplicativo do BanQi.<\/li>\n<\/ol>\n\n\n\n<p>No caso das d\u00edvidas em aberto no&nbsp;<a href=\"https:\/\/www.suno.com.br\/artigos\/cartao-de-credito\/\" target=\"_blank\" rel=\"noreferrer noopener\">cart\u00e3o de cr\u00e9dito<\/a>, a renegocia\u00e7\u00e3o tamb\u00e9m pode ser feita, mas o processo \u00e9 um pouco diferente dos carn\u00eas. Nesse caso, a regulariza\u00e7\u00e3o deve ser tratada diretamente com os bancos operadores. Nas Casas Bahia, o operador \u00e9 o&nbsp;<a href=\"https:\/\/www.suno.com.br\/acoes\/ITUB4\/\" target=\"_blank\" rel=\"noreferrer noopener\"><strong>Ita\u00fa (ITUB4)<\/strong><\/a>, enquanto no Ponto \u00e9 o&nbsp;<a href=\"https:\/\/www.suno.com.br\/acoes\/BBDC4\/\" target=\"_blank\" rel=\"noreferrer noopener\"><strong>Bradesco (BBDC4)<\/strong><\/a>.<\/p>\n\n\n\n<p>Al\u00e9m das empresas da\u00a0<strong>Via<\/strong>, outras varejistas tamb\u00e9m podem entrar em per\u00edodo de renegocia\u00e7\u00e3o de d\u00edvidas. Esse \u00e9 o caso das\u00a0Lojas Renner  (LREN3), que optou por aderir ao Desenrola. No entanto, Pernambucanas e\u00a0Magazine Luiza, por exemplo, ainda n\u00e3o trouxeram uma confirma\u00e7\u00e3o para a tomada de a\u00e7\u00f5es desse tipo.<\/p>\n\n\n\n<p><em>Com informa\u00e7\u00f5es de Estad\u00e3o Conte\u00fado<\/em><\/p>\n\n\n\t<p>\n\t\t<a href=\"https:\/\/lp.suno.com.br\/planilha-de-controle-de-investimentos\/\" target=\"_blank\" data-element=\"shortcode-suno-banner\" title=\"Banner SUNO, clique e saiba mais\">\n\t\t\t<picture>\n\t\t\t\t<source media=\"(max-width: 500px)\" srcset=\"https:\/\/files.sunoresearch.com.br\/n\/uploads\/2023\/03\/400x300-Controle-de-Investimentos.png\">\n\t\t\t\t<img class=\"newsContent__article__imgCapa newsContent__article__imgCapa--banner\"\n\t\t\t\t\tsrc=\"https:\/\/files.sunoresearch.com.br\/n\/uploads\/2023\/03\/1420x240-Controle-de-Investimentos.png\"\n\t\t\t\t\tdata-promo-id=\"75934\"\t\t\t\t\t\t\t\t\t\twidth='1420' height='240'\t\t\t\t\talt=\"https:\/\/files.sunoresearch.com.br\/n\/uploads\/2023\/03\/1420x240-Controle-de-Investimentos.png\"\n\t\t\t\t>\n\t\t\t<\/picture>\n\t\t<\/a>\n\t<\/p>\n\n\n","protected":false},"excerpt":{"rendered":"<p>As a\u00e7\u00f5es de\u00a0Via\u00a0(VIIA3)\u00a0e\u00a0Magazine Luiza (MGLU3)\u00a0figuraram no campo positivo do Ibovespa desta quinta-feira (27), com o varejo sendo favorecido pelo desempenho de alguns indicadores importantes, como o d\u00f3lar, ap\u00f3s decis\u00f5es de bancos centrais. O Ibovespa fechou em queda de 2,1%, aos 119.989 pontos, pressionado pelo tombo da Petrobras (PETR4) e da Vale (VALE3). Via (VIIA3) &#8211; [&hellip;]<\/p>\n","protected":false},"author":313,"featured_media":139588,"comment_status":"closed","ping_status":"closed","sticky":false,"template":"","format":"standard","meta":[],"categories":[64],"tags":[286,326,542,548,97380,106935],"suno_strategy":[],"class_list":["post-434532","post","type-post","status-publish","format-standard","has-post-thumbnail","hentry","category-negocios","tag-acoes","tag-dolar","tag-lojas-renner-lren3","tag-magazine-luiza-mglu3","tag-petz-petz3","tag-via-viia3"],"yoast_head":"<!-- This site is optimized with the Yoast SEO plugin v24.4 - https:\/\/yoast.com\/wordpress\/plugins\/seo\/ -->\n<title>Via (VIIA3) e Magazine Luiza (MGLU3) sobem no Ibovespa nesta quinta<\/title>\n<meta name=\"description\" content=\"As a\u00e7\u00f5es de\u00a0Via\u00a0(VIIA3)\u00a0e\u00a0Magazine Luiza (MGLU3)\u00a0figuram no campo positivo do Ibovespa desta quinta-feira (27). Saiba por qu\u00ea!\" \/>\n<meta name=\"robots\" content=\"index, follow, max-snippet:-1, max-image-preview:large, max-video-preview:-1\" \/>\n<link rel=\"canonical\" href=\"https:\/\/www.suno.com.br\/noticias\/via-viia3-magazine-luiza-mglu3-sobem-ibovespa-gpj\/\" \/>\n<meta property=\"og:locale\" content=\"pt_BR\" \/>\n<meta property=\"og:type\" content=\"article\" \/>\n<meta property=\"og:title\" content=\"Via (VIIA3) e Magazine Luiza (MGLU3) sobem no Ibovespa nesta quinta\" \/>\n<meta property=\"og:description\" content=\"As a\u00e7\u00f5es de\u00a0Via\u00a0(VIIA3)\u00a0e\u00a0Magazine Luiza (MGLU3)\u00a0figuram no campo positivo do Ibovespa desta quinta-feira (27). Saiba por qu\u00ea!\" \/>\n<meta property=\"og:url\" content=\"https:\/\/www.suno.com.br\/noticias\/via-viia3-magazine-luiza-mglu3-sobem-ibovespa-gpj\/\" \/>\n<meta property=\"og:site_name\" content=\"Suno Not\u00edcias\" \/>\n<meta property=\"article:publisher\" content=\"https:\/\/facebook.com\/sunoresearch\" \/>\n<meta property=\"og:image\" content=\"https:\/\/files.sunoresearch.com.br\/n\/uploads\/2021\/04\/93afd5e5-173006906_4275939552467006_8846856973835887453_n-e1618439415313.jpg\" \/>\n\t<meta property=\"og:image:width\" content=\"2000\" \/>\n\t<meta property=\"og:image:height\" content=\"1465\" \/>\n\t<meta property=\"og:image:type\" content=\"image\/jpeg\" \/>\n<meta name=\"author\" content=\"Giovanni Porf\u00edrio Jacomino\" \/>\n<meta name=\"twitter:card\" content=\"summary_large_image\" \/>\n<meta name=\"twitter:creator\" content=\"@sunoresearch\" \/>\n<meta name=\"twitter:site\" content=\"@sunoresearch\" \/>\n<meta name=\"twitter:label1\" content=\"Escrito por\" \/>\n\t<meta name=\"twitter:data1\" content=\"Giovanni Porf\u00edrio Jacomino\" \/>\n\t<meta name=\"twitter:label2\" content=\"Est. tempo de leitura\" \/>\n\t<meta name=\"twitter:data2\" content=\"5 minutos\" \/>\n<script type=\"application\/ld+json\" class=\"yoast-schema-graph\">{\"@context\":\"https:\/\/schema.org\",\"@graph\":[{\"@type\":\"NewsArticle\",\"@id\":\"https:\/\/www.suno.com.br\/noticias\/via-viia3-magazine-luiza-mglu3-sobem-ibovespa-gpj\/#article\",\"isPartOf\":{\"@id\":\"https:\/\/www.suno.com.br\/noticias\/via-viia3-magazine-luiza-mglu3-sobem-ibovespa-gpj\/\"},\"author\":{\"name\":\"Giovanni Porf\u00edrio Jacomino\",\"@id\":\"https:\/\/www.suno.com.br\/noticias\/#\/schema\/person\/d0f32748bbca4bee871fa191ee4e2d40\"},\"headline\":\"Na contram\u00e3o do Ibovespa, Via (VIIA3) e Magazine Luiza (MGLU3) fecham em alta nesta quinta. Por qu\u00ea?\",\"datePublished\":\"2023-07-27T20:47:16+00:00\",\"dateModified\":\"2023-07-27T20:47:24+00:00\",\"mainEntityOfPage\":{\"@id\":\"https:\/\/www.suno.com.br\/noticias\/via-viia3-magazine-luiza-mglu3-sobem-ibovespa-gpj\/\"},\"wordCount\":834,\"publisher\":{\"@id\":\"https:\/\/www.suno.com.br\/noticias\/#organization\"},\"image\":{\"@id\":\"https:\/\/www.suno.com.br\/noticias\/via-viia3-magazine-luiza-mglu3-sobem-ibovespa-gpj\/#primaryimage\"},\"thumbnailUrl\":\"https:\/\/files.sunoresearch.com.br\/n\/uploads\/2021\/04\/93afd5e5-173006906_4275939552467006_8846856973835887453_n-e1618439415313-jpg.webp\",\"keywords\":[\"A\u00e7\u00f5es\",\"d\u00f3lar\",\"Lojas Renner (LREN3)\",\"Magazine Luiza (MGLU3)\",\"Petz (PETZ3)\",\"Via (VIIA3)\"],\"articleSection\":[\"Neg\u00f3cios\"],\"inLanguage\":\"pt-BR\"},{\"@type\":\"WebPage\",\"@id\":\"https:\/\/www.suno.com.br\/noticias\/via-viia3-magazine-luiza-mglu3-sobem-ibovespa-gpj\/\",\"url\":\"https:\/\/www.suno.com.br\/noticias\/via-viia3-magazine-luiza-mglu3-sobem-ibovespa-gpj\/\",\"name\":\"Via (VIIA3) e Magazine Luiza (MGLU3) sobem no Ibovespa nesta quinta\",\"isPartOf\":{\"@id\":\"https:\/\/www.suno.com.br\/noticias\/#website\"},\"primaryImageOfPage\":{\"@id\":\"https:\/\/www.suno.com.br\/noticias\/via-viia3-magazine-luiza-mglu3-sobem-ibovespa-gpj\/#primaryimage\"},\"image\":{\"@id\":\"https:\/\/www.suno.com.br\/noticias\/via-viia3-magazine-luiza-mglu3-sobem-ibovespa-gpj\/#primaryimage\"},\"thumbnailUrl\":\"https:\/\/files.sunoresearch.com.br\/n\/uploads\/2021\/04\/93afd5e5-173006906_4275939552467006_8846856973835887453_n-e1618439415313-jpg.webp\",\"datePublished\":\"2023-07-27T20:47:16+00:00\",\"dateModified\":\"2023-07-27T20:47:24+00:00\",\"description\":\"As a\u00e7\u00f5es de\u00a0Via\u00a0(VIIA3)\u00a0e\u00a0Magazine Luiza (MGLU3)\u00a0figuram no campo positivo do Ibovespa desta quinta-feira (27). Saiba por qu\u00ea!\",\"breadcrumb\":{\"@id\":\"https:\/\/www.suno.com.br\/noticias\/via-viia3-magazine-luiza-mglu3-sobem-ibovespa-gpj\/#breadcrumb\"},\"inLanguage\":\"pt-BR\",\"potentialAction\":[{\"@type\":\"ReadAction\",\"target\":[\"https:\/\/www.suno.com.br\/noticias\/via-viia3-magazine-luiza-mglu3-sobem-ibovespa-gpj\/\"]}]},{\"@type\":\"ImageObject\",\"inLanguage\":\"pt-BR\",\"@id\":\"https:\/\/www.suno.com.br\/noticias\/via-viia3-magazine-luiza-mglu3-sobem-ibovespa-gpj\/#primaryimage\",\"url\":\"https:\/\/files.sunoresearch.com.br\/n\/uploads\/2021\/04\/93afd5e5-173006906_4275939552467006_8846856973835887453_n-e1618439415313-jpg.webp\",\"contentUrl\":\"https:\/\/files.sunoresearch.com.br\/n\/uploads\/2021\/04\/93afd5e5-173006906_4275939552467006_8846856973835887453_n-e1618439415313-jpg.webp\",\"width\":2000,\"height\":1465,\"caption\":\"Via (VIIA3) - Foto: Reprodu\u00e7\u00e3o Facebook\"},{\"@type\":\"BreadcrumbList\",\"@id\":\"https:\/\/www.suno.com.br\/noticias\/via-viia3-magazine-luiza-mglu3-sobem-ibovespa-gpj\/#breadcrumb\",\"itemListElement\":[{\"@type\":\"ListItem\",\"position\":1,\"name\":\"Not\u00edcias\",\"item\":\"https:\/\/www.suno.com.br\/noticias\/\"},{\"@type\":\"ListItem\",\"position\":2,\"name\":\"Neg\u00f3cios\",\"item\":\"https:\/\/www.suno.com.br\/noticias\/negocios\/\"},{\"@type\":\"ListItem\",\"position\":3,\"name\":\"Na contram\u00e3o do Ibovespa, Via (VIIA3) e Magazine Luiza (MGLU3) fecham em alta nesta quinta. Por qu\u00ea?\"}]},{\"@type\":\"WebSite\",\"@id\":\"https:\/\/www.suno.com.br\/noticias\/#website\",\"url\":\"https:\/\/www.suno.com.br\/noticias\/\",\"name\":\"Suno Not\u00edcias\",\"description\":\"Seu portal de informa\u00e7\u00e3o sobre o mundo dos investimentos\",\"publisher\":{\"@id\":\"https:\/\/www.suno.com.br\/noticias\/#organization\"},\"potentialAction\":[{\"@type\":\"SearchAction\",\"target\":{\"@type\":\"EntryPoint\",\"urlTemplate\":\"https:\/\/www.suno.com.br\/noticias\/?s={search_term_string}\"},\"query-input\":{\"@type\":\"PropertyValueSpecification\",\"valueRequired\":true,\"valueName\":\"search_term_string\"}}],\"inLanguage\":\"pt-BR\"},{\"@type\":\"Organization\",\"@id\":\"https:\/\/www.suno.com.br\/noticias\/#organization\",\"name\":\"Suno Not\u00edcias\",\"url\":\"https:\/\/www.suno.com.br\/noticias\/\",\"logo\":{\"@type\":\"ImageObject\",\"inLanguage\":\"pt-BR\",\"@id\":\"https:\/\/www.suno.com.br\/noticias\/#\/schema\/logo\/image\/\",\"url\":\"https:\/\/files.sunoresearch.com.br\/n\/uploads\/2021\/09\/suno-logo.png\",\"contentUrl\":\"https:\/\/files.sunoresearch.com.br\/n\/uploads\/2021\/09\/suno-logo.png\",\"width\":180,\"height\":180,\"caption\":\"Suno Not\u00edcias\"},\"image\":{\"@id\":\"https:\/\/www.suno.com.br\/noticias\/#\/schema\/logo\/image\/\"},\"sameAs\":[\"https:\/\/facebook.com\/sunoresearch\",\"https:\/\/x.com\/sunoresearch\",\"https:\/\/www.instagram.com\/suno\",\"https:\/\/www.linkedin.com\/company\/suno-research\/\",\"https:\/\/www.youtube.com\/c\/sunoresearch\"]},{\"@type\":\"Person\",\"@id\":\"https:\/\/www.suno.com.br\/noticias\/#\/schema\/person\/d0f32748bbca4bee871fa191ee4e2d40\",\"name\":\"Giovanni Porf\u00edrio Jacomino\",\"image\":{\"@type\":\"ImageObject\",\"inLanguage\":\"pt-BR\",\"@id\":\"https:\/\/www.suno.com.br\/noticias\/#\/schema\/person\/image\/\",\"url\":\"https:\/\/secure.gravatar.com\/avatar\/efb32e19b730a121cb7a80f41ffec01a?s=96&r=g\",\"contentUrl\":\"https:\/\/secure.gravatar.com\/avatar\/efb32e19b730a121cb7a80f41ffec01a?s=96&r=g\",\"caption\":\"Giovanni Porf\u00edrio Jacomino\"},\"description\":\"Giovanni Porf\u00edrio Jacomino \u00e9 jornalista formado pela Universidade Estadual de Londrina (UEL) e p\u00f3s-graduado em Produ\u00e7\u00e3o e Pr\u00e1ticas Jornal\u00edsticas na Contemporaneidade na Faculdade C\u00e1sper L\u00edbero (FCL). Foi editor web no Startupi e no Finsiders, atuando ainda como editor no TC Mover, portal de not\u00edcias da TradersClub, fazendo a cobertura de assuntos relacionados ao mercado financeiro interno e externo. Atualmente, \u00e9 Rep\u00f3rter do Suno Not\u00edcias.\",\"url\":\"https:\/\/www.suno.com.br\/noticias\/author\/giovanni-porfiriosuno-com-br\/\"}]}<\/script>\n<!-- \/ Yoast SEO plugin. -->","yoast_head_json":{"title":"Via (VIIA3) e Magazine Luiza (MGLU3) sobem no Ibovespa nesta quinta","description":"As a\u00e7\u00f5es de\u00a0Via\u00a0(VIIA3)\u00a0e\u00a0Magazine Luiza (MGLU3)\u00a0figuram no campo positivo do Ibovespa desta quinta-feira (27). Saiba por qu\u00ea!","robots":{"index":"index","follow":"follow","max-snippet":"max-snippet:-1","max-image-preview":"max-image-preview:large","max-video-preview":"max-video-preview:-1"},"canonical":"https:\/\/www.suno.com.br\/noticias\/via-viia3-magazine-luiza-mglu3-sobem-ibovespa-gpj\/","og_locale":"pt_BR","og_type":"article","og_title":"Via (VIIA3) e Magazine Luiza (MGLU3) sobem no Ibovespa nesta quinta","og_description":"As a\u00e7\u00f5es de\u00a0Via\u00a0(VIIA3)\u00a0e\u00a0Magazine Luiza (MGLU3)\u00a0figuram no campo positivo do Ibovespa desta quinta-feira (27). Saiba por qu\u00ea!","og_url":"https:\/\/www.suno.com.br\/noticias\/via-viia3-magazine-luiza-mglu3-sobem-ibovespa-gpj\/","og_site_name":"Suno Not\u00edcias","article_publisher":"https:\/\/facebook.com\/sunoresearch","og_image":[{"width":2000,"height":1465,"url":"https:\/\/files.sunoresearch.com.br\/n\/uploads\/2021\/04\/93afd5e5-173006906_4275939552467006_8846856973835887453_n-e1618439415313.jpg","type":"image\/jpeg"}],"author":"Giovanni Porf\u00edrio Jacomino","twitter_card":"summary_large_image","twitter_creator":"@sunoresearch","twitter_site":"@sunoresearch","twitter_misc":{"Escrito por":"Giovanni Porf\u00edrio Jacomino","Est. tempo de leitura":"5 minutos"},"schema":{"@context":"https:\/\/schema.org","@graph":[{"@type":"NewsArticle","@id":"https:\/\/www.suno.com.br\/noticias\/via-viia3-magazine-luiza-mglu3-sobem-ibovespa-gpj\/#article","isPartOf":{"@id":"https:\/\/www.suno.com.br\/noticias\/via-viia3-magazine-luiza-mglu3-sobem-ibovespa-gpj\/"},"author":{"name":"Giovanni Porf\u00edrio Jacomino","@id":"https:\/\/www.suno.com.br\/noticias\/#\/schema\/person\/d0f32748bbca4bee871fa191ee4e2d40"},"headline":"Na contram\u00e3o do Ibovespa, Via (VIIA3) e Magazine Luiza (MGLU3) fecham em alta nesta quinta. Por qu\u00ea?","datePublished":"2023-07-27T20:47:16+00:00","dateModified":"2023-07-27T20:47:24+00:00","mainEntityOfPage":{"@id":"https:\/\/www.suno.com.br\/noticias\/via-viia3-magazine-luiza-mglu3-sobem-ibovespa-gpj\/"},"wordCount":834,"publisher":{"@id":"https:\/\/www.suno.com.br\/noticias\/#organization"},"image":{"@id":"https:\/\/www.suno.com.br\/noticias\/via-viia3-magazine-luiza-mglu3-sobem-ibovespa-gpj\/#primaryimage"},"thumbnailUrl":"https:\/\/files.sunoresearch.com.br\/n\/uploads\/2021\/04\/93afd5e5-173006906_4275939552467006_8846856973835887453_n-e1618439415313-jpg.webp","keywords":["A\u00e7\u00f5es","d\u00f3lar","Lojas Renner (LREN3)","Magazine Luiza (MGLU3)","Petz (PETZ3)","Via (VIIA3)"],"articleSection":["Neg\u00f3cios"],"inLanguage":"pt-BR"},{"@type":"WebPage","@id":"https:\/\/www.suno.com.br\/noticias\/via-viia3-magazine-luiza-mglu3-sobem-ibovespa-gpj\/","url":"https:\/\/www.suno.com.br\/noticias\/via-viia3-magazine-luiza-mglu3-sobem-ibovespa-gpj\/","name":"Via (VIIA3) e Magazine Luiza (MGLU3) sobem no Ibovespa nesta quinta","isPartOf":{"@id":"https:\/\/www.suno.com.br\/noticias\/#website"},"primaryImageOfPage":{"@id":"https:\/\/www.suno.com.br\/noticias\/via-viia3-magazine-luiza-mglu3-sobem-ibovespa-gpj\/#primaryimage"},"image":{"@id":"https:\/\/www.suno.com.br\/noticias\/via-viia3-magazine-luiza-mglu3-sobem-ibovespa-gpj\/#primaryimage"},"thumbnailUrl":"https:\/\/files.sunoresearch.com.br\/n\/uploads\/2021\/04\/93afd5e5-173006906_4275939552467006_8846856973835887453_n-e1618439415313-jpg.webp","datePublished":"2023-07-27T20:47:16+00:00","dateModified":"2023-07-27T20:47:24+00:00","description":"As a\u00e7\u00f5es de\u00a0Via\u00a0(VIIA3)\u00a0e\u00a0Magazine Luiza (MGLU3)\u00a0figuram no campo positivo do Ibovespa desta quinta-feira (27). Saiba por qu\u00ea!","breadcrumb":{"@id":"https:\/\/www.suno.com.br\/noticias\/via-viia3-magazine-luiza-mglu3-sobem-ibovespa-gpj\/#breadcrumb"},"inLanguage":"pt-BR","potentialAction":[{"@type":"ReadAction","target":["https:\/\/www.suno.com.br\/noticias\/via-viia3-magazine-luiza-mglu3-sobem-ibovespa-gpj\/"]}]},{"@type":"ImageObject","inLanguage":"pt-BR","@id":"https:\/\/www.suno.com.br\/noticias\/via-viia3-magazine-luiza-mglu3-sobem-ibovespa-gpj\/#primaryimage","url":"https:\/\/files.sunoresearch.com.br\/n\/uploads\/2021\/04\/93afd5e5-173006906_4275939552467006_8846856973835887453_n-e1618439415313-jpg.webp","contentUrl":"https:\/\/files.sunoresearch.com.br\/n\/uploads\/2021\/04\/93afd5e5-173006906_4275939552467006_8846856973835887453_n-e1618439415313-jpg.webp","width":2000,"height":1465,"caption":"Via (VIIA3) - Foto: Reprodu\u00e7\u00e3o Facebook"},{"@type":"BreadcrumbList","@id":"https:\/\/www.suno.com.br\/noticias\/via-viia3-magazine-luiza-mglu3-sobem-ibovespa-gpj\/#breadcrumb","itemListElement":[{"@type":"ListItem","position":1,"name":"Not\u00edcias","item":"https:\/\/www.suno.com.br\/noticias\/"},{"@type":"ListItem","position":2,"name":"Neg\u00f3cios","item":"https:\/\/www.suno.com.br\/noticias\/negocios\/"},{"@type":"ListItem","position":3,"name":"Na contram\u00e3o do Ibovespa, Via (VIIA3) e Magazine Luiza (MGLU3) fecham em alta nesta quinta. Por qu\u00ea?"}]},{"@type":"WebSite","@id":"https:\/\/www.suno.com.br\/noticias\/#website","url":"https:\/\/www.suno.com.br\/noticias\/","name":"Suno Not\u00edcias","description":"Seu portal de informa\u00e7\u00e3o sobre o mundo dos investimentos","publisher":{"@id":"https:\/\/www.suno.com.br\/noticias\/#organization"},"potentialAction":[{"@type":"SearchAction","target":{"@type":"EntryPoint","urlTemplate":"https:\/\/www.suno.com.br\/noticias\/?s={search_term_string}"},"query-input":{"@type":"PropertyValueSpecification","valueRequired":true,"valueName":"search_term_string"}}],"inLanguage":"pt-BR"},{"@type":"Organization","@id":"https:\/\/www.suno.com.br\/noticias\/#organization","name":"Suno Not\u00edcias","url":"https:\/\/www.suno.com.br\/noticias\/","logo":{"@type":"ImageObject","inLanguage":"pt-BR","@id":"https:\/\/www.suno.com.br\/noticias\/#\/schema\/logo\/image\/","url":"https:\/\/files.sunoresearch.com.br\/n\/uploads\/2021\/09\/suno-logo.png","contentUrl":"https:\/\/files.sunoresearch.com.br\/n\/uploads\/2021\/09\/suno-logo.png","width":180,"height":180,"caption":"Suno Not\u00edcias"},"image":{"@id":"https:\/\/www.suno.com.br\/noticias\/#\/schema\/logo\/image\/"},"sameAs":["https:\/\/facebook.com\/sunoresearch","https:\/\/x.com\/sunoresearch","https:\/\/www.instagram.com\/suno","https:\/\/www.linkedin.com\/company\/suno-research\/","https:\/\/www.youtube.com\/c\/sunoresearch"]},{"@type":"Person","@id":"https:\/\/www.suno.com.br\/noticias\/#\/schema\/person\/d0f32748bbca4bee871fa191ee4e2d40","name":"Giovanni Porf\u00edrio Jacomino","image":{"@type":"ImageObject","inLanguage":"pt-BR","@id":"https:\/\/www.suno.com.br\/noticias\/#\/schema\/person\/image\/","url":"https:\/\/secure.gravatar.com\/avatar\/efb32e19b730a121cb7a80f41ffec01a?s=96&r=g","contentUrl":"https:\/\/secure.gravatar.com\/avatar\/efb32e19b730a121cb7a80f41ffec01a?s=96&r=g","caption":"Giovanni Porf\u00edrio Jacomino"},"description":"Giovanni Porf\u00edrio Jacomino \u00e9 jornalista formado pela Universidade Estadual de Londrina (UEL) e p\u00f3s-graduado em Produ\u00e7\u00e3o e Pr\u00e1ticas Jornal\u00edsticas na Contemporaneidade na Faculdade C\u00e1sper L\u00edbero (FCL). Foi editor web no Startupi e no Finsiders, atuando ainda como editor no TC Mover, portal de not\u00edcias da TradersClub, fazendo a cobertura de assuntos relacionados ao mercado financeiro interno e externo. Atualmente, \u00e9 Rep\u00f3rter do Suno Not\u00edcias.","url":"https:\/\/www.suno.com.br\/noticias\/author\/giovanni-porfiriosuno-com-br\/"}]}},"default_loop_html":"<div class=\"cardsPage__listCard__boxs\"><div class=\"cardsPage__listCard__boxs__img\"><a href=\"https:\/\/www.suno.com.br\/noticias\/via-viia3-magazine-luiza-mglu3-sobem-ibovespa-gpj\/\"><img class=\"mask\" src=\"https:\/\/www.suno.com.br\/noticias\/wp-content\/themes\/suno\/resources\/images\/spotlight\/spotlight1img\/bg-mask.png\" alt=\"Image Mask\"\/><img src=\"https:\/\/files.sunoresearch.com.br\/n\/uploads\/2021\/04\/93afd5e5-173006906_4275939552467006_8846856973835887453_n-e1618439415313-400x200.webp\" alt=\"Na contram\u00e3o do Ibovespa, Via (VIIA3) e Magazine Luiza (MGLU3) fecham em alta nesta quinta. Por qu\u00ea?\"\/><\/a><span class=\"spotlightCategory\"><a href=\"https:\/\/www.suno.com.br\/noticias\/negocios\/\">Neg\u00f3cios<\/a><\/span><\/div><div class=\"cardsPage__listCard__boxs__content\"><a href=\"https:\/\/www.suno.com.br\/noticias\/via-viia3-magazine-luiza-mglu3-sobem-ibovespa-gpj\/\"><h2 class=\"content__title\">Na contram\u00e3o do Ibovespa, Via (VIIA3) e Magazine Luiza (MGLU3) fecham em alta nesta quinta. Por qu\u00ea?<\/h2><\/a><div class=\"newsContent__article__meta\"><div class=\"newsContent__article__meta__authorBox\"><a href=\"https:\/\/www.suno.com.br\/noticias\/author\/eduardo-vargas\/\" class=\"authorBox__avatar noMobi\"><img src=\"https:\/\/secure.gravatar.com\/avatar\/dac340933427a22924c9f99d1eb2e3f2?s=96&#038;r=g\" alt=\"Eduardo Vargas\"><\/a><div class=\"authorBox__name\"><span>por\n\t\t\t<a href=\"https:\/\/www.suno.com.br\/noticias\/author\/eduardo-vargas\/\"><span itemprop=\"author\">Eduardo Vargas<\/span><\/a><\/span><time datetime=\"2023-07-27T17:47:16-03:00\" itemprop=\"datePublished\">27\/07\/2023 17:47<\/time><\/div><\/div><\/div><\/div><\/div>","single_layout":"posts","amp_enabled":true,"_links":{"self":[{"href":"https:\/\/www.suno.com.br\/noticias\/wp-json\/wp\/v2\/posts\/434532"}],"collection":[{"href":"https:\/\/www.suno.com.br\/noticias\/wp-json\/wp\/v2\/posts"}],"about":[{"href":"https:\/\/www.suno.com.br\/noticias\/wp-json\/wp\/v2\/types\/post"}],"author":[{"embeddable":true,"href":"https:\/\/www.suno.com.br\/noticias\/wp-json\/wp\/v2\/users\/313"}],"replies":[{"embeddable":true,"href":"https:\/\/www.suno.com.br\/noticias\/wp-json\/wp\/v2\/comments?post=434532"}],"version-history":[{"count":2,"href":"https:\/\/www.suno.com.br\/noticias\/wp-json\/wp\/v2\/posts\/434532\/revisions"}],"predecessor-version":[{"id":434612,"href":"https:\/\/www.suno.com.br\/noticias\/wp-json\/wp\/v2\/posts\/434532\/revisions\/434612"}],"wp:featuredmedia":[{"embeddable":true,"href":"https:\/\/www.suno.com.br\/noticias\/wp-json\/wp\/v2\/media\/139588"}],"wp:attachment":[{"href":"https:\/\/www.suno.com.br\/noticias\/wp-json\/wp\/v2\/media?parent=434532"}],"wp:term":[{"taxonomy":"category","embeddable":true,"href":"https:\/\/www.suno.com.br\/noticias\/wp-json\/wp\/v2\/categories?post=434532"},{"taxonomy":"post_tag","embeddable":true,"href":"https:\/\/www.suno.com.br\/noticias\/wp-json\/wp\/v2\/tags?post=434532"},{"taxonomy":"suno_strategy","embeddable":true,"href":"https:\/\/www.suno.com.br\/noticias\/wp-json\/wp\/v2\/suno_strategy?post=434532"}],"curies":[{"name":"wp","href":"https:\/\/api.w.org\/{rel}","templated":true}]}}