{"id":434466,"date":"2023-07-27T18:30:35","date_gmt":"2023-07-27T21:30:35","guid":{"rendered":"https:\/\/www.suno.com.br\/noticias\/?p=434466"},"modified":"2023-07-27T18:30:44","modified_gmt":"2023-07-27T21:30:44","slug":"gol-goll4-acoes-caem-forte-no-ibovespa-mesmo-com-balanco-positivo-gpj","status":"publish","type":"post","link":"https:\/\/www.suno.com.br\/noticias\/gol-goll4-acoes-caem-forte-no-ibovespa-mesmo-com-balanco-positivo-gpj\/","title":{"rendered":"Gol (GOLL4): a\u00e7\u00f5es despencam e lideram quedas no Ibovespa, mesmo ap\u00f3s reverter preju\u00edzo no 2T23; veja motivos"},"content":{"rendered":"<p>As <a href=\"https:\/\/www.suno.com.br\/artigos\/acoes-preferenciais\/\">a\u00e7\u00f5es preferenciais<\/a> de <a href=\"https:\/\/www.suno.com.br\/acoes\/GOLL4\/\">Gol (GOLL4)<\/a> despencaram no Ibovespa na tarde desta quinta-feira (27), liderando as quedas do \u00edndice e refletindo a sensa\u00e7\u00e3o do mercado com o balan\u00e7o do segundo trimestre, divulgado na manh\u00e3 de hoje. A a\u00e9rea reverteu preju\u00edzo em lucro &#8212; mas analistas viram pontos preocupantes no balan\u00e7o do 2T23.<\/p>\t<div class=\"wrapper-featured-image\">\n\t\t<figure class=\"spotlightImg\">\n\n\t\t\t<picture>\n\t\t\t\t<source media=\"(max-width: 768px)\" srcset=\"https:\/\/files.sunoresearch.com.br\/n\/uploads\/2019\/12\/c6c902e0-gol-400x200.webp\">\n\t\t\t\t<img loading=\"lazy\" decoding=\"async\" class=\"newsContent__article__imgCapa lazyloadDisabled \" src=\"https:\/\/files.sunoresearch.com.br\/n\/uploads\/2019\/12\/c6c902e0-gol-800x450.webp\" width=\"800\" height=\"450\" alt=\"Gol (GOLL4): a\u00e7\u00f5es despencam e lideram quedas no Ibovespa, mesmo ap\u00f3s reverter preju\u00edzo no 2T23; veja motivos\" fetchpriority=high \/>\n\t\t\t<\/picture>\n\n\t\t\t<figcaption class=\"wp-caption-text wp-caption-text--show\">Gol (GOLL4). Foto: Divulga\u00e7\u00e3o.<\/figcaption>\n\t\t<\/figure>\n\t<\/div>\n\n\n\n\n\n\n\n\t<p>\n\t\t<a href=\"\" target=\"_blank\" data-element=\"shortcode-suno-banner\" title=\"Banner SUNO, clique e saiba mais\">\n\t\t\t<picture>\n\t\t\t\t<source media=\"(max-width: 500px)\" srcset=\"\">\n\t\t\t\t<img class=\"newsContent__article__imgCapa newsContent__article__imgCapa--banner\"\n\t\t\t\t\tsrc=\"\"\n\t\t\t\t\tdata-promo-id=\"265381\"\t\t\t\t\t\t\t\t\t\t\t\t\t\t\talt=\"\"\n\t\t\t\t>\n\t\t\t<\/picture>\n\t\t<\/a>\n\t<\/p>\n\n\n\n\n\n<p>No fechamento, as <strong><a href=\"https:\/\/www.suno.com.br\/artigos\/acoes-preferenciais\/\">a\u00e7\u00f5es preferenciais<\/a> da Gol <\/strong>ca\u00edram 5,83%, cotadas a R$ 9,69.<\/p>\n\n\n\n<div class=\"pluginQuotation\">\n  <p class=\"ticker\">\n    Cota\u00e7\u00e3o <span>GOLL4<\/span>\n  <\/p>\n  <div class=\"info\">\n    <div class=\"leftSide\">\n      Gr\u00e1fico gerado em: 27\/07\/2023    <\/div>\n\t\t\t\t\t<div class=\"rightSide\">\n\t\t\t\t\t<span class=\"period\">\n\t\t\t\t\t\t1 Dia\t\t\t\t\t<\/span>\n\t\t\t<\/div>\n\t\t  <\/div>\n\n  <div id=\"chart-df2d7983e1c9ca7bb7c6f02023d1e651\" data-block-hash=\"df2d7983e1c9ca7bb7c6f02023d1e651\"  class=\"chart\" style=\"width:100%;height:400px;\"><\/div>\n\n  <div class=\"pluginQuotation__footer\">\n    <div class=\"dataChart\">\n\n      <div class=\"dataChart__div1 variation\">\n        <div class=\"value-negative\">\n          -8,82 (-0,95%)        <\/div>\n        <div class=\"text\">\n          Varia\u00e7\u00e3o do per\u00edodo\n        <\/div>\n      <\/div>\n\n      <div class=\"dataChart__div2 minMax\">\n        <div class=\"value\">\n          R$\u00a09,82        <\/div>\n        <div class=\"text\">\n          M\u00ednima\n        <\/div>\n      <\/div>\n\n      <div class=\"dataChart__div3 minMax\">\n        <div class=\"value\">\n          R$\u00a010,83        <\/div>\n        <div class=\"text\">\n          M\u00e1xima\n        <\/div>\n      <\/div>\n\n\t\t\t<div class=\"dataChart__div4 rightSide\">\n\t\t\t\t<div class=\"analiticaSource\">\n\t\t\t\t\t<span>\n\t\t\t\t\t\tFonte:\n\t\t\t\t\t<\/span>\n\t\t\t\t\t<img decoding=\"async\" class=\"analiticaLogo\" src=\"https:\/\/www.suno.com.br\/noticias\/wp-content\/plugins\/suno-block-ticker-quotation\/src\/suno-analitica-logo.png\" alt=\"Logo Suno Anal\u00edtica\" \/>\n\t\t\t\t<\/div>\n\n\t\t\t\t<a href=\"https:\/\/www.suno.com.br\/analitica\/acoes\/GOLL4\" target=\"_blank\">\n\t\t\t\t\t<span>\n\t\t\t\t\t\tVer mais cota\u00e7\u00f5es\n\t\t\t\t\t<\/span>\n\t\t\t\t\t<svg xmlns=\"http:\/\/www.w3.org\/2000\/svg\" width=\"9\" height=\"8\" viewBox=\"0 0 9 8\" fill=\"none\">\n\t\t\t\t\t\t<path d=\"M4.20996 0L3.50496 0.705L6.29496 3.5H0.209961V4.5H6.29496L3.50496 7.295L4.20996 8L8.20996 4L4.20996 0Z\" fill=\"#D42126\" \/>\n\t\t\t\t\t<\/svg>\n\t\t\t\t<\/a>\n    <\/div>\n\n    <\/div>\n  <\/div>\n<\/div>\n\n\n<script type=\"text\/javascript\">\n  let chart_df2d7983e1c9ca7bb7c6f02023d1e651 = document.getElementById('chart-df2d7983e1c9ca7bb7c6f02023d1e651');\n  let data_json_df2d7983e1c9ca7bb7c6f02023d1e651 = \"[{\\\"date\\\":\\\"27\\\\\\\/07\\\\\\\/23 10:08\\\",\\\"value\\\":10.77},{\\\"date\\\":\\\"27\\\\\\\/07\\\\\\\/23 10:10\\\",\\\"value\\\":10.81},{\\\"date\\\":\\\"27\\\\\\\/07\\\\\\\/23 10:12\\\",\\\"value\\\":10.83},{\\\"date\\\":\\\"27\\\\\\\/07\\\\\\\/23 10:14\\\",\\\"value\\\":10.74},{\\\"date\\\":\\\"27\\\\\\\/07\\\\\\\/23 10:16\\\",\\\"value\\\":10.66},{\\\"date\\\":\\\"27\\\\\\\/07\\\\\\\/23 10:18\\\",\\\"value\\\":10.62},{\\\"date\\\":\\\"27\\\\\\\/07\\\\\\\/23 10:20\\\",\\\"value\\\":10.58},{\\\"date\\\":\\\"27\\\\\\\/07\\\\\\\/23 10:22\\\",\\\"value\\\":10.64},{\\\"date\\\":\\\"27\\\\\\\/07\\\\\\\/23 10:24\\\",\\\"value\\\":10.62},{\\\"date\\\":\\\"27\\\\\\\/07\\\\\\\/23 10:26\\\",\\\"value\\\":10.58},{\\\"date\\\":\\\"27\\\\\\\/07\\\\\\\/23 10:28\\\",\\\"value\\\":10.56},{\\\"date\\\":\\\"27\\\\\\\/07\\\\\\\/23 10:30\\\",\\\"value\\\":10.46},{\\\"date\\\":\\\"27\\\\\\\/07\\\\\\\/23 10:32\\\",\\\"value\\\":10.44},{\\\"date\\\":\\\"27\\\\\\\/07\\\\\\\/23 11:50\\\",\\\"value\\\":10.14},{\\\"date\\\":\\\"27\\\\\\\/07\\\\\\\/23 11:52\\\",\\\"value\\\":10.14},{\\\"date\\\":\\\"27\\\\\\\/07\\\\\\\/23 11:54\\\",\\\"value\\\":10.12},{\\\"date\\\":\\\"27\\\\\\\/07\\\\\\\/23 11:56\\\",\\\"value\\\":10.09},{\\\"date\\\":\\\"27\\\\\\\/07\\\\\\\/23 11:58\\\",\\\"value\\\":10.07},{\\\"date\\\":\\\"27\\\\\\\/07\\\\\\\/23 12:00\\\",\\\"value\\\":10.08},{\\\"date\\\":\\\"27\\\\\\\/07\\\\\\\/23 12:02\\\",\\\"value\\\":10.07},{\\\"date\\\":\\\"27\\\\\\\/07\\\\\\\/23 12:04\\\",\\\"value\\\":10.07},{\\\"date\\\":\\\"27\\\\\\\/07\\\\\\\/23 12:06\\\",\\\"value\\\":10.03},{\\\"date\\\":\\\"27\\\\\\\/07\\\\\\\/23 12:08\\\",\\\"value\\\":10},{\\\"date\\\":\\\"27\\\\\\\/07\\\\\\\/23 12:10\\\",\\\"value\\\":10.02},{\\\"date\\\":\\\"27\\\\\\\/07\\\\\\\/23 12:12\\\",\\\"value\\\":9.99},{\\\"date\\\":\\\"27\\\\\\\/07\\\\\\\/23 12:14\\\",\\\"value\\\":9.97},{\\\"date\\\":\\\"27\\\\\\\/07\\\\\\\/23 12:16\\\",\\\"value\\\":9.96},{\\\"date\\\":\\\"27\\\\\\\/07\\\\\\\/23 12:18\\\",\\\"value\\\":9.99},{\\\"date\\\":\\\"27\\\\\\\/07\\\\\\\/23 12:20\\\",\\\"value\\\":9.99},{\\\"date\\\":\\\"27\\\\\\\/07\\\\\\\/23 12:22\\\",\\\"value\\\":10},{\\\"date\\\":\\\"27\\\\\\\/07\\\\\\\/23 12:24\\\",\\\"value\\\":9.99},{\\\"date\\\":\\\"27\\\\\\\/07\\\\\\\/23 12:26\\\",\\\"value\\\":9.99},{\\\"date\\\":\\\"27\\\\\\\/07\\\\\\\/23 12:28\\\",\\\"value\\\":9.97},{\\\"date\\\":\\\"27\\\\\\\/07\\\\\\\/23 12:30\\\",\\\"value\\\":9.97},{\\\"date\\\":\\\"27\\\\\\\/07\\\\\\\/23 12:32\\\",\\\"value\\\":9.94},{\\\"date\\\":\\\"27\\\\\\\/07\\\\\\\/23 12:34\\\",\\\"value\\\":9.96},{\\\"date\\\":\\\"27\\\\\\\/07\\\\\\\/23 12:36\\\",\\\"value\\\":9.97},{\\\"date\\\":\\\"27\\\\\\\/07\\\\\\\/23 12:38\\\",\\\"value\\\":9.97},{\\\"date\\\":\\\"27\\\\\\\/07\\\\\\\/23 12:40\\\",\\\"value\\\":9.95},{\\\"date\\\":\\\"27\\\\\\\/07\\\\\\\/23 12:42\\\",\\\"value\\\":9.97},{\\\"date\\\":\\\"27\\\\\\\/07\\\\\\\/23 12:44\\\",\\\"value\\\":9.98},{\\\"date\\\":\\\"27\\\\\\\/07\\\\\\\/23 12:46\\\",\\\"value\\\":9.98},{\\\"date\\\":\\\"27\\\\\\\/07\\\\\\\/23 12:48\\\",\\\"value\\\":9.97},{\\\"date\\\":\\\"27\\\\\\\/07\\\\\\\/23 12:50\\\",\\\"value\\\":9.97},{\\\"date\\\":\\\"27\\\\\\\/07\\\\\\\/23 12:52\\\",\\\"value\\\":9.96},{\\\"date\\\":\\\"27\\\\\\\/07\\\\\\\/23 12:54\\\",\\\"value\\\":9.93},{\\\"date\\\":\\\"27\\\\\\\/07\\\\\\\/23 12:56\\\",\\\"value\\\":9.95},{\\\"date\\\":\\\"27\\\\\\\/07\\\\\\\/23 12:58\\\",\\\"value\\\":9.95},{\\\"date\\\":\\\"27\\\\\\\/07\\\\\\\/23 13:00\\\",\\\"value\\\":9.82},{\\\"date\\\":\\\"27\\\\\\\/07\\\\\\\/23 13:02\\\",\\\"value\\\":9.95},{\\\"date\\\":\\\"27\\\\\\\/07\\\\\\\/23 13:04\\\",\\\"value\\\":9.82}]\";\n  let isPositive_df2d7983e1c9ca7bb7c6f02023d1e651 = \"\";\n\n  let color_df2d7983e1c9ca7bb7c6f02023d1e651 = isPositive_df2d7983e1c9ca7bb7c6f02023d1e651 ? '#3AB53A' : '#D92C2D';\n\n  let data_df2d7983e1c9ca7bb7c6f02023d1e651 = JSON.parse(data_json_df2d7983e1c9ca7bb7c6f02023d1e651);\n\n  const result_df2d7983e1c9ca7bb7c6f02023d1e651 = {\n    date: [],\n    value: [],\n  };\n\n  data_df2d7983e1c9ca7bb7c6f02023d1e651.forEach((item) => {\n    result_df2d7983e1c9ca7bb7c6f02023d1e651.date.push(item.date);\n    result_df2d7983e1c9ca7bb7c6f02023d1e651.value.push(Number(item.value));\n  });\n\n  let option_df2d7983e1c9ca7bb7c6f02023d1e651 = {\n    \/\/ variavel de cor global\n    color: [color_df2d7983e1c9ca7bb7c6f02023d1e651],\n    title: {\n      text: '',\n    },\n    tooltip: {\n      trigger: 'axis',\n      axisPointer: {\n        type: 'cross',\n        label: {\n          \/\/ cor dos valores em X e Y\n          backgroundColor: color_df2d7983e1c9ca7bb7c6f02023d1e651,\n          formatter: (value) => {\n            if (typeof value.value === 'number') {\n              return Number(value.value).toLocaleString('pt-br', {\n                style: 'currency',\n                currency: 'BRL'\n              });\n            }\n            return value.value;\n          },\n        },\n      },\n      valueFormatter: (value) => Number(value).toLocaleString('pt-br', {\n        style: 'currency',\n        currency: 'BRL'\n      }),\n    },\n    legend: {\n      \/\/ data: ['Valor de Fechamento'],\n      show: false,\n    },\n    toolbox: {\n      feature: {\n        saveAsImage: {\n          show: false,\n        },\n      },\n    },\n    grid: {\n      left: '0px',\n      right: '0px',\n      bottom: '0px',\n      containLabel: true,\n    },\n    xAxis: [{\n      type: 'category',\n      data: result_df2d7983e1c9ca7bb7c6f02023d1e651.date,\n      boundaryGap: true,\n    }],\n    yAxis: [{\n      type: 'value',\n      min: Math.min(...result_df2d7983e1c9ca7bb7c6f02023d1e651.value),\n      max: Math.max(...result_df2d7983e1c9ca7bb7c6f02023d1e651.value),\n      axisLabel: {\n        formatter: (value) => value.toLocaleString('pt-br', {\n          style: 'currency',\n          currency: 'BRL'\n        }),\n      },\n    }],\n    series: [{\n      name: 'Valor de Fechamento',\n      type: 'line',\n      stack: 'Total',\n      \/\/ cor do grafico\n      areaStyle: {},\n      emphasis: {\n        focus: 'series',\n      },\n      data: result_df2d7983e1c9ca7bb7c6f02023d1e651.value,\n      \/\/ cor da linha\n      lineStyle: {\n        color: color_df2d7983e1c9ca7bb7c6f02023d1e651,\n      },\n    }, ],\n  };\n\n\twindow.chart_df2d7983e1c9ca7bb7c6f02023d1e651 = {\n\t\tel: chart_df2d7983e1c9ca7bb7c6f02023d1e651,\n\t\toption: option_df2d7983e1c9ca7bb7c6f02023d1e651\t};\n\n\n<\/script>\n\n\n\n<p>Em relat\u00f3rio, <strong>analistas do BTG Pactual<\/strong> avaliaram que os <strong><a href=\"https:\/\/www.suno.com.br\/artigos\/resultados-trimestrais\/\">resultados trimestrais<\/a> da Gol<\/strong> foram mais fracos devido \u00e0 tend\u00eancia de demanda menor no per\u00edodo. <\/p>\n\n\n\n<p>Apesar do cen\u00e1rio ainda turbulento para o <strong>setor de avia\u00e7\u00e3o<\/strong>, o banco espera um segundo semestre melhor devido \u00e0s menores press\u00f5es de custo de combust\u00edvel e alavancagem, conforme refletido em seu guidance. Al\u00e9m disso, o recente programa de gerenciamento de responsabilidades da empresa diminuiu as preocupa\u00e7\u00f5es do mercado sobre a liquidez financeira.<\/p>\n\n\n\n<p>O BTG tem recomenda\u00e7\u00e3o &#8220;neutra&#8221; tanto para as <strong>ADRs da Gol<\/strong>, com pre\u00e7o-alvo a US$ 2,12 e tamb\u00e9m para as a\u00e7\u00f5es negociadas na B3, com pre\u00e7o-alvo a R$ 10,00.<\/p>\n\n\n\n<p>&#8220;Os dados da <strong>Gol no 2T23<\/strong> na compara\u00e7\u00e3o anual foram interessantes porque, no ano passado, a gente tinha aqueles pre\u00e7os de combust\u00edvel muito altos no segundo trimestre, no estopim da guerra da Ucr\u00e2nia, e a empresa subiu o pre\u00e7o das tarifas nesse per\u00edodo. \u00c9 claro que, para a frente, a gente est\u00e1 com uma aten\u00e7\u00e3o extra sobre o que est\u00e1 acontecendo na Ucr\u00e2nia, j\u00e1 que algum tipo de abalo ou piora na guerra poderia &#8216;dar um susto&#8217; nos pre\u00e7os de petr\u00f3leo&#8221;, disse Gustavo Cruz, estrategista da\u00a0RB Investimentos.\u00a0<\/p>\n\n\n\n<p>Segundo ele, a taxa de ocupa\u00e7\u00e3o dom\u00e9stica da companhia, por exemplo, que ficou em 77,3% no per\u00edodo, pode ser melhorada. &#8220;Ainda \u00e9 um per\u00edodo de recupera\u00e7\u00e3o da demanda &#8211; principalmente em voos corporativos e internacionais &#8211; com v\u00e1rios trechos que ainda n\u00e3o retomaram. Quando tivemos os ataques de 2001, demorou tr\u00eas anos para que o<strong> setor de turismo<\/strong> retornasse ao pr\u00e9-evento. Acho que a gente deve ter algo parecido, ent\u00e3o ano que vem deve estar bem normalizado&#8221;, completou.<\/p>\n\n\n\n<h2 class=\"wp-block-heading\">Preferimos companhias com balan\u00e7os s\u00f3lidos, diz Goldman<\/h2>\n\n\n\n<p>Tamb\u00e9m em relat\u00f3rio, o Goldman Sachs observou que, com base na sazonalidade hist\u00f3rica, a Gol est\u00e1 operando com uma <a href=\"https:\/\/www.suno.com.br\/artigos\/margem-ebitda\/\">margem Ebitda<\/a> anualizada de aproximadamente 29%, o que pode indicar que a empresa esteja contabilizando um ligeiro repasse de custos mais baixos de combust\u00edvel de avia\u00e7\u00e3o nas tarifas.<\/p>\n\n\n\n<p>&#8220;Preferimos estar expostos a <strong>companhias a\u00e9reas <\/strong>com balan\u00e7os s\u00f3lidos, diante de um cen\u00e1rio macroecon\u00f4mico ainda incerto e com forte poder de precifica\u00e7\u00e3o mais saud\u00e1veis. Assim, mantemos nossa prefer\u00eancia pela Copa Airlines e Latam em nossa cobertura&#8221;, disse o banco.<\/p>\n\n\n\n<p>O Goldman tem recomenda\u00e7\u00e3o &#8220;neutra&#8221; tanto para as ADRs da Gol, com pre\u00e7o-alvo US$5,65 e tamb\u00e9m para as<strong> a\u00e7\u00f5es da Gol<\/strong> negociadas na B3, com pre\u00e7o-alvo a R$ 13,50.<\/p>\n\n\n\n<p>A queda nas taxas de juros, inclusive, est\u00e1 no radar das companhias a\u00e9reas, que podem ser favorecidas no segundo semestre. &#8220;As empresas est\u00e3o bem alavancadas, tiveram que fazer uma rodada de negocia\u00e7\u00e3o das suas d\u00edvidas, e pagam bastante em termos de juros por conta da sua situa\u00e7\u00e3o financeira. Elas, junto com algumas empresas de varejo online, s\u00e3o dois setores que ser\u00e3o bastante beneficiados adiante com juros mais baixos, al\u00e9m de terem um al\u00edvio nos seus balan\u00e7os&#8221;, pontuou Cruz.<\/p>\n\n\n\t<p>\n\t\t<a href=\"https:\/\/lp.suno.com.br\/ebook-como-analisar-uma-acao\/\" target=\"_blank\" data-element=\"shortcode-suno-banner\" title=\"Banner SUNO, clique e saiba mais\">\n\t\t\t<picture>\n\t\t\t\t<source media=\"(max-width: 500px)\" srcset=\"https:\/\/files.sunoresearch.com.br\/n\/uploads\/2023\/03\/Ebook-Acoes-Mobile.jpg\">\n\t\t\t\t<img class=\"newsContent__article__imgCapa newsContent__article__imgCapa--banner\"\n\t\t\t\t\tsrc=\"https:\/\/files.sunoresearch.com.br\/n\/uploads\/2023\/03\/Ebook-Acoes-Desktop.jpg\"\n\t\t\t\t\tdata-promo-id=\"378302\"\t\t\t\t\t\t\t\t\t\twidth='1420' height='286'\t\t\t\t\talt=\"https:\/\/files.sunoresearch.com.br\/n\/uploads\/2023\/03\/Ebook-Acoes-Desktop.jpg\"\n\t\t\t\t>\n\t\t\t<\/picture>\n\t\t<\/a>\n\t<\/p>\n\n\n\n\n\n<h2 class=\"wp-block-heading\">Gol reverte preju\u00edzo anual no 2T23 e lucra R$ 556 milh\u00f5es<\/h2>\n\n\n\n<p>A&nbsp;<strong>Gol<\/strong>&nbsp;lucrou R$ 556,3 milh\u00f5es no acumulado do segundo trimestre de 2023 (2T23), conforme balan\u00e7o divulgado na manh\u00e3 desta quinta-feira (27).<\/p>\n\n\n\n<p>Com isso,&nbsp;<strong>a Gol<\/strong>&nbsp;reverteu o preju\u00edzo de R$ 2,8 bilh\u00f5es registrados no mesmo per\u00edodo do ano anterior.<\/p>\n\n\n\n<p>O lucro antes de juros, impostos, deprecia\u00e7\u00f5es e amortiza\u00e7\u00f5es (Ebitda) recorrente da Gol foi de R$ 947,3 milh\u00f5es no 2T23, ante R$ 439,0 milh\u00f5es registrados no mesmo per\u00edodo de 2022.<\/p>\n\n\n\n<p>A&nbsp;<a href=\"https:\/\/www.suno.com.br\/artigos\/receita-liquida-operacional\/\" target=\"_blank\" rel=\"noreferrer noopener\">receita operacional l\u00edquida<\/a>&nbsp;da&nbsp;<strong>Gol no 2T23<\/strong>&nbsp;foi de R$ 4,145 bilh\u00f5es, sendo 27,9% superior a igual etapa do ano anterior, considerada a maior da hist\u00f3ria para o per\u00edodo.<\/p>\n\n\n\n<p>A Gol encerrou o trimestre em quest\u00e3o com liquidez total (considerando caixa e&nbsp;<a href=\"https:\/\/www.suno.com.br\/artigos\/equivalentes-de-caixa\/\" target=\"_blank\" rel=\"noreferrer noopener\">equivalentes de caixa<\/a>,&nbsp;<a href=\"https:\/\/www.suno.com.br\/artigos\/aplicacoes-financeiras\/\" target=\"_blank\" rel=\"noreferrer noopener\">aplica\u00e7\u00f5es financeiras<\/a>, dep\u00f3sitos e&nbsp;<a href=\"https:\/\/www.suno.com.br\/artigos\/contas-a-receber\/\" target=\"_blank\" rel=\"noreferrer noopener\">contas a receber<\/a>) de R$ 4,1 bilh\u00f5es, cifra que representa 8,4% de queda em rela\u00e7\u00e3o ao trimestre imediatamente anterior.<\/p>\n\n\n\n<p>Al\u00e9m disso, a Gol encerrou o per\u00edodo com uma alavancagem l\u00edquida de 6,7x (5,0 vezes em IFRS16 e 3,5 vezes excluindo o SSN, ou Senior Secured Notes, devido em 2028), 1,1x inferior ao 1T23 e 2,8 vezes menor em compara\u00e7\u00e3o ao 4T22.<\/p>\n\n\n\n<p>Segundo a Gol, este segundo trimestre, o mais fraco sazonalmente do ano, confirmou a melhoria cont\u00ednua da&nbsp;<a href=\"https:\/\/www.suno.com.br\/artigos\/eficiencia-operacional\/\">efici\u00eancia operacional<\/a>&nbsp;e da produtividade, bem como posicionou a companhia para obter resultados ainda melhores com o crescimento das viagens a\u00e9reas.<\/p>\n\n\n\n<p>\u201cMantivemos nossa abordagem disciplinada de custos para impulsionar ainda mais a produtividade e alcan\u00e7amos uma receita unit\u00e1ria (PRASK) de R$ 36,18 centavos, um aumento de 8,9% em rela\u00e7\u00e3o ao ano anterior, focando em nossas estrat\u00e9gias de gerenciamento de receita. Continuamos priorizando a confiabilidade, a rentabilidade e o fortalecimento do nosso balan\u00e7o\u201d, destacou o diretor-presidente, Celso Ferrer, em comunicado de resultados.<\/p>\n\n\n\n<h2 class=\"wp-block-heading\">Proje\u00e7\u00f5es financeiras para 2023<\/h2>\n\n\n\n<p>A&nbsp;<strong>Gol<\/strong>&nbsp;atualizou suas proje\u00e7\u00f5es financeiras para o ano de 2023 de forma a refletir os resultados atingidos no primeiro semestre do ano, al\u00e9m de revisar sua proje\u00e7\u00e3o para o segundo semestre do ano, incluindo os novos patamares de pre\u00e7o de querosene de avia\u00e7\u00e3o observados e ajustes de capacidade.<\/p>\n\n\n\n<p>Para 2023, a companhia<strong>&nbsp;<\/strong>prev\u00ea que a oferta de voos avance de 10% a 15%, ante estimativa anterior de crescimento de 15% a 20%. Por outro lado, projeta que as decolagens fiquem no limite entre 15% a 20%, ante estimativa anterior de 20% a 25%.<\/p>\n\n\n\n<p>J\u00e1 a frota operacional m\u00e9dia da companhia segue mantida entre 114 a 118 aeronaves este ano, assim como a taxa de ocupa\u00e7\u00e3o m\u00e9dia dos avi\u00f5es, de cerca de 81%.<\/p>\n\n\n\n<p>A empresa ainda revisou a previs\u00e3o da&nbsp;<a href=\"https:\/\/www.suno.com.br\/artigos\/o-que-receita-liquida\/\">receita l\u00edquida<\/a>&nbsp;total para este ano, de R$ 19,5 bilh\u00f5es para R$ 19,3 bilh\u00f5es, e a&nbsp;<a href=\"https:\/\/www.suno.com.br\/artigos\/margem-ebitda\/\">margem Ebitda<\/a>&nbsp;de 25% ante estimativa anterior de 24%.<\/p>\n\n\n\n<p>A Gol manteve tamb\u00e9m a expectativa de alavancagem, medida pela&nbsp;<a href=\"https:\/\/www.suno.com.br\/artigos\/divida-liquida\/\">d\u00edvida l\u00edquida<\/a>&nbsp;em rela\u00e7\u00e3o ao Ebitda, em torno de 6x.<\/p>\n\n\n\t<p>\n\t\t<a href=\"https:\/\/lp.suno.com.br\/plataforma-de-controle-de-investimentos\/\" target=\"_blank\" data-element=\"shortcode-suno-banner\" title=\"Banner SUNO, clique e saiba mais\">\n\t\t\t<picture>\n\t\t\t\t<source media=\"(max-width: 500px)\" srcset=\"https:\/\/files.sunoresearch.com.br\/n\/uploads\/2023\/03\/400x300-Controle-de-Investimentos.png\">\n\t\t\t\t<img class=\"newsContent__article__imgCapa newsContent__article__imgCapa--banner\"\n\t\t\t\t\tsrc=\"https:\/\/files.sunoresearch.com.br\/n\/uploads\/2023\/03\/1420x240-Controle-de-Investimentos.png\"\n\t\t\t\t\tdata-promo-id=\"383162\"\t\t\t\t\t\t\t\t\t\twidth='1420' height='240'\t\t\t\t\talt=\"https:\/\/files.sunoresearch.com.br\/n\/uploads\/2023\/03\/1420x240-Controle-de-Investimentos.png\"\n\t\t\t\t>\n\t\t\t<\/picture>\n\t\t<\/a>\n\t<\/p>\n\n\n","protected":false},"excerpt":{"rendered":"<p>As a\u00e7\u00f5es preferenciais de Gol (GOLL4) despencaram no Ibovespa na tarde desta quinta-feira (27), liderando as quedas do \u00edndice e refletindo a sensa\u00e7\u00e3o do mercado com o balan\u00e7o do segundo trimestre, divulgado na manh\u00e3 de hoje. A a\u00e9rea reverteu preju\u00edzo em lucro &#8212; mas analistas viram pontos preocupantes no balan\u00e7o do 2T23. Gol (GOLL4). Foto: [&hellip;]<\/p>\n","protected":false},"author":313,"featured_media":46328,"comment_status":"closed","ping_status":"closed","sticky":false,"template":"","format":"standard","meta":[],"categories":[64],"tags":[286,489],"suno_strategy":[],"class_list":["post-434466","post","type-post","status-publish","format-standard","has-post-thumbnail","hentry","category-negocios","tag-acoes","tag-gol-linhas-aereas-goll11-goll4"],"yoast_head":"<!-- This site is optimized with the Yoast SEO plugin v24.4 - https:\/\/yoast.com\/wordpress\/plugins\/seo\/ -->\n<title>Gol (GOLL4): a\u00e7\u00f5es caem forte no Ibovespa, mesmo com balan\u00e7o positivo<\/title>\n<meta name=\"description\" content=\"As a\u00e7\u00f5es preferenciais de Gol despencam no Ibovespa na tarde desta quinta-feira (27), liderando as quedas do \u00edndice. Saiba mais!\" \/>\n<meta name=\"robots\" content=\"index, follow, max-snippet:-1, max-image-preview:large, max-video-preview:-1\" \/>\n<link rel=\"canonical\" href=\"https:\/\/www.suno.com.br\/noticias\/gol-goll4-acoes-caem-forte-no-ibovespa-mesmo-com-balanco-positivo-gpj\/\" \/>\n<meta property=\"og:locale\" content=\"pt_BR\" \/>\n<meta property=\"og:type\" content=\"article\" \/>\n<meta property=\"og:title\" content=\"Gol (GOLL4): a\u00e7\u00f5es caem forte no Ibovespa, mesmo com balan\u00e7o positivo\" \/>\n<meta property=\"og:description\" content=\"As a\u00e7\u00f5es preferenciais de Gol despencam no Ibovespa na tarde desta quinta-feira (27), liderando as quedas do \u00edndice. Saiba mais!\" \/>\n<meta property=\"og:url\" content=\"https:\/\/www.suno.com.br\/noticias\/gol-goll4-acoes-caem-forte-no-ibovespa-mesmo-com-balanco-positivo-gpj\/\" \/>\n<meta property=\"og:site_name\" content=\"Suno Not\u00edcias\" \/>\n<meta property=\"article:publisher\" content=\"https:\/\/facebook.com\/sunoresearch\" \/>\n<meta property=\"og:image\" content=\"https:\/\/files.sunoresearch.com.br\/n\/uploads\/2019\/12\/c6c902e0-gol.jpg\" \/>\n\t<meta property=\"og:image:width\" content=\"1200\" \/>\n\t<meta property=\"og:image:height\" content=\"800\" \/>\n\t<meta property=\"og:image:type\" content=\"image\/jpeg\" \/>\n<meta name=\"author\" content=\"Giovanni Porf\u00edrio Jacomino\" \/>\n<meta name=\"twitter:card\" content=\"summary_large_image\" \/>\n<meta name=\"twitter:creator\" content=\"@sunoresearch\" \/>\n<meta name=\"twitter:site\" content=\"@sunoresearch\" \/>\n<meta name=\"twitter:label1\" content=\"Escrito por\" \/>\n\t<meta name=\"twitter:data1\" content=\"Giovanni Porf\u00edrio Jacomino\" \/>\n\t<meta name=\"twitter:label2\" content=\"Est. tempo de leitura\" \/>\n\t<meta name=\"twitter:data2\" content=\"6 minutos\" \/>\n<script type=\"application\/ld+json\" class=\"yoast-schema-graph\">{\"@context\":\"https:\/\/schema.org\",\"@graph\":[{\"@type\":\"NewsArticle\",\"@id\":\"https:\/\/www.suno.com.br\/noticias\/gol-goll4-acoes-caem-forte-no-ibovespa-mesmo-com-balanco-positivo-gpj\/#article\",\"isPartOf\":{\"@id\":\"https:\/\/www.suno.com.br\/noticias\/gol-goll4-acoes-caem-forte-no-ibovespa-mesmo-com-balanco-positivo-gpj\/\"},\"author\":{\"name\":\"Giovanni Porf\u00edrio Jacomino\",\"@id\":\"https:\/\/www.suno.com.br\/noticias\/#\/schema\/person\/d0f32748bbca4bee871fa191ee4e2d40\"},\"headline\":\"Gol (GOLL4): a\u00e7\u00f5es despencam e lideram quedas no Ibovespa, mesmo ap\u00f3s reverter preju\u00edzo no 2T23; veja motivos\",\"datePublished\":\"2023-07-27T21:30:35+00:00\",\"dateModified\":\"2023-07-27T21:30:44+00:00\",\"mainEntityOfPage\":{\"@id\":\"https:\/\/www.suno.com.br\/noticias\/gol-goll4-acoes-caem-forte-no-ibovespa-mesmo-com-balanco-positivo-gpj\/\"},\"wordCount\":1131,\"publisher\":{\"@id\":\"https:\/\/www.suno.com.br\/noticias\/#organization\"},\"image\":{\"@id\":\"https:\/\/www.suno.com.br\/noticias\/gol-goll4-acoes-caem-forte-no-ibovespa-mesmo-com-balanco-positivo-gpj\/#primaryimage\"},\"thumbnailUrl\":\"https:\/\/files.sunoresearch.com.br\/n\/uploads\/2019\/12\/c6c902e0-gol-jpg.webp\",\"keywords\":[\"A\u00e7\u00f5es\",\"Gol Linhas A\u00e9reas (GOLL11\/GOLL4)\"],\"articleSection\":[\"Neg\u00f3cios\"],\"inLanguage\":\"pt-BR\"},{\"@type\":\"WebPage\",\"@id\":\"https:\/\/www.suno.com.br\/noticias\/gol-goll4-acoes-caem-forte-no-ibovespa-mesmo-com-balanco-positivo-gpj\/\",\"url\":\"https:\/\/www.suno.com.br\/noticias\/gol-goll4-acoes-caem-forte-no-ibovespa-mesmo-com-balanco-positivo-gpj\/\",\"name\":\"Gol (GOLL4): a\u00e7\u00f5es caem forte no Ibovespa, mesmo com balan\u00e7o positivo\",\"isPartOf\":{\"@id\":\"https:\/\/www.suno.com.br\/noticias\/#website\"},\"primaryImageOfPage\":{\"@id\":\"https:\/\/www.suno.com.br\/noticias\/gol-goll4-acoes-caem-forte-no-ibovespa-mesmo-com-balanco-positivo-gpj\/#primaryimage\"},\"image\":{\"@id\":\"https:\/\/www.suno.com.br\/noticias\/gol-goll4-acoes-caem-forte-no-ibovespa-mesmo-com-balanco-positivo-gpj\/#primaryimage\"},\"thumbnailUrl\":\"https:\/\/files.sunoresearch.com.br\/n\/uploads\/2019\/12\/c6c902e0-gol-jpg.webp\",\"datePublished\":\"2023-07-27T21:30:35+00:00\",\"dateModified\":\"2023-07-27T21:30:44+00:00\",\"description\":\"As a\u00e7\u00f5es preferenciais de Gol despencam no Ibovespa na tarde desta quinta-feira (27), liderando as quedas do \u00edndice. Saiba mais!\",\"breadcrumb\":{\"@id\":\"https:\/\/www.suno.com.br\/noticias\/gol-goll4-acoes-caem-forte-no-ibovespa-mesmo-com-balanco-positivo-gpj\/#breadcrumb\"},\"inLanguage\":\"pt-BR\",\"potentialAction\":[{\"@type\":\"ReadAction\",\"target\":[\"https:\/\/www.suno.com.br\/noticias\/gol-goll4-acoes-caem-forte-no-ibovespa-mesmo-com-balanco-positivo-gpj\/\"]}]},{\"@type\":\"ImageObject\",\"inLanguage\":\"pt-BR\",\"@id\":\"https:\/\/www.suno.com.br\/noticias\/gol-goll4-acoes-caem-forte-no-ibovespa-mesmo-com-balanco-positivo-gpj\/#primaryimage\",\"url\":\"https:\/\/files.sunoresearch.com.br\/n\/uploads\/2019\/12\/c6c902e0-gol-jpg.webp\",\"contentUrl\":\"https:\/\/files.sunoresearch.com.br\/n\/uploads\/2019\/12\/c6c902e0-gol-jpg.webp\",\"width\":1200,\"height\":800,\"caption\":\"Gol (GOLL4). Foto: Divulga\u00e7\u00e3o.\"},{\"@type\":\"BreadcrumbList\",\"@id\":\"https:\/\/www.suno.com.br\/noticias\/gol-goll4-acoes-caem-forte-no-ibovespa-mesmo-com-balanco-positivo-gpj\/#breadcrumb\",\"itemListElement\":[{\"@type\":\"ListItem\",\"position\":1,\"name\":\"Not\u00edcias\",\"item\":\"https:\/\/www.suno.com.br\/noticias\/\"},{\"@type\":\"ListItem\",\"position\":2,\"name\":\"Neg\u00f3cios\",\"item\":\"https:\/\/www.suno.com.br\/noticias\/negocios\/\"},{\"@type\":\"ListItem\",\"position\":3,\"name\":\"Gol (GOLL4): a\u00e7\u00f5es despencam e lideram quedas no Ibovespa, mesmo ap\u00f3s reverter preju\u00edzo no 2T23; veja motivos\"}]},{\"@type\":\"WebSite\",\"@id\":\"https:\/\/www.suno.com.br\/noticias\/#website\",\"url\":\"https:\/\/www.suno.com.br\/noticias\/\",\"name\":\"Suno Not\u00edcias\",\"description\":\"Seu portal de informa\u00e7\u00e3o sobre o mundo dos investimentos\",\"publisher\":{\"@id\":\"https:\/\/www.suno.com.br\/noticias\/#organization\"},\"potentialAction\":[{\"@type\":\"SearchAction\",\"target\":{\"@type\":\"EntryPoint\",\"urlTemplate\":\"https:\/\/www.suno.com.br\/noticias\/?s={search_term_string}\"},\"query-input\":{\"@type\":\"PropertyValueSpecification\",\"valueRequired\":true,\"valueName\":\"search_term_string\"}}],\"inLanguage\":\"pt-BR\"},{\"@type\":\"Organization\",\"@id\":\"https:\/\/www.suno.com.br\/noticias\/#organization\",\"name\":\"Suno Not\u00edcias\",\"url\":\"https:\/\/www.suno.com.br\/noticias\/\",\"logo\":{\"@type\":\"ImageObject\",\"inLanguage\":\"pt-BR\",\"@id\":\"https:\/\/www.suno.com.br\/noticias\/#\/schema\/logo\/image\/\",\"url\":\"https:\/\/files.sunoresearch.com.br\/n\/uploads\/2021\/09\/suno-logo.png\",\"contentUrl\":\"https:\/\/files.sunoresearch.com.br\/n\/uploads\/2021\/09\/suno-logo.png\",\"width\":180,\"height\":180,\"caption\":\"Suno Not\u00edcias\"},\"image\":{\"@id\":\"https:\/\/www.suno.com.br\/noticias\/#\/schema\/logo\/image\/\"},\"sameAs\":[\"https:\/\/facebook.com\/sunoresearch\",\"https:\/\/x.com\/sunoresearch\",\"https:\/\/www.instagram.com\/suno\",\"https:\/\/www.linkedin.com\/company\/suno-research\/\",\"https:\/\/www.youtube.com\/c\/sunoresearch\"]},{\"@type\":\"Person\",\"@id\":\"https:\/\/www.suno.com.br\/noticias\/#\/schema\/person\/d0f32748bbca4bee871fa191ee4e2d40\",\"name\":\"Giovanni Porf\u00edrio Jacomino\",\"image\":{\"@type\":\"ImageObject\",\"inLanguage\":\"pt-BR\",\"@id\":\"https:\/\/www.suno.com.br\/noticias\/#\/schema\/person\/image\/\",\"url\":\"https:\/\/secure.gravatar.com\/avatar\/efb32e19b730a121cb7a80f41ffec01a?s=96&r=g\",\"contentUrl\":\"https:\/\/secure.gravatar.com\/avatar\/efb32e19b730a121cb7a80f41ffec01a?s=96&r=g\",\"caption\":\"Giovanni Porf\u00edrio Jacomino\"},\"description\":\"Giovanni Porf\u00edrio Jacomino \u00e9 jornalista formado pela Universidade Estadual de Londrina (UEL) e p\u00f3s-graduado em Produ\u00e7\u00e3o e Pr\u00e1ticas Jornal\u00edsticas na Contemporaneidade na Faculdade C\u00e1sper L\u00edbero (FCL). Foi editor web no Startupi e no Finsiders, atuando ainda como editor no TC Mover, portal de not\u00edcias da TradersClub, fazendo a cobertura de assuntos relacionados ao mercado financeiro interno e externo. Atualmente, \u00e9 Rep\u00f3rter do Suno Not\u00edcias.\",\"url\":\"https:\/\/www.suno.com.br\/noticias\/author\/giovanni-porfiriosuno-com-br\/\"}]}<\/script>\n<!-- \/ Yoast SEO plugin. -->","yoast_head_json":{"title":"Gol (GOLL4): a\u00e7\u00f5es caem forte no Ibovespa, mesmo com balan\u00e7o positivo","description":"As a\u00e7\u00f5es preferenciais de Gol despencam no Ibovespa na tarde desta quinta-feira (27), liderando as quedas do \u00edndice. Saiba mais!","robots":{"index":"index","follow":"follow","max-snippet":"max-snippet:-1","max-image-preview":"max-image-preview:large","max-video-preview":"max-video-preview:-1"},"canonical":"https:\/\/www.suno.com.br\/noticias\/gol-goll4-acoes-caem-forte-no-ibovespa-mesmo-com-balanco-positivo-gpj\/","og_locale":"pt_BR","og_type":"article","og_title":"Gol (GOLL4): a\u00e7\u00f5es caem forte no Ibovespa, mesmo com balan\u00e7o positivo","og_description":"As a\u00e7\u00f5es preferenciais de Gol despencam no Ibovespa na tarde desta quinta-feira (27), liderando as quedas do \u00edndice. Saiba mais!","og_url":"https:\/\/www.suno.com.br\/noticias\/gol-goll4-acoes-caem-forte-no-ibovespa-mesmo-com-balanco-positivo-gpj\/","og_site_name":"Suno Not\u00edcias","article_publisher":"https:\/\/facebook.com\/sunoresearch","og_image":[{"width":1200,"height":800,"url":"https:\/\/files.sunoresearch.com.br\/n\/uploads\/2019\/12\/c6c902e0-gol.jpg","type":"image\/jpeg"}],"author":"Giovanni Porf\u00edrio Jacomino","twitter_card":"summary_large_image","twitter_creator":"@sunoresearch","twitter_site":"@sunoresearch","twitter_misc":{"Escrito por":"Giovanni Porf\u00edrio Jacomino","Est. tempo de leitura":"6 minutos"},"schema":{"@context":"https:\/\/schema.org","@graph":[{"@type":"NewsArticle","@id":"https:\/\/www.suno.com.br\/noticias\/gol-goll4-acoes-caem-forte-no-ibovespa-mesmo-com-balanco-positivo-gpj\/#article","isPartOf":{"@id":"https:\/\/www.suno.com.br\/noticias\/gol-goll4-acoes-caem-forte-no-ibovespa-mesmo-com-balanco-positivo-gpj\/"},"author":{"name":"Giovanni Porf\u00edrio Jacomino","@id":"https:\/\/www.suno.com.br\/noticias\/#\/schema\/person\/d0f32748bbca4bee871fa191ee4e2d40"},"headline":"Gol (GOLL4): a\u00e7\u00f5es despencam e lideram quedas no Ibovespa, mesmo ap\u00f3s reverter preju\u00edzo no 2T23; veja motivos","datePublished":"2023-07-27T21:30:35+00:00","dateModified":"2023-07-27T21:30:44+00:00","mainEntityOfPage":{"@id":"https:\/\/www.suno.com.br\/noticias\/gol-goll4-acoes-caem-forte-no-ibovespa-mesmo-com-balanco-positivo-gpj\/"},"wordCount":1131,"publisher":{"@id":"https:\/\/www.suno.com.br\/noticias\/#organization"},"image":{"@id":"https:\/\/www.suno.com.br\/noticias\/gol-goll4-acoes-caem-forte-no-ibovespa-mesmo-com-balanco-positivo-gpj\/#primaryimage"},"thumbnailUrl":"https:\/\/files.sunoresearch.com.br\/n\/uploads\/2019\/12\/c6c902e0-gol-jpg.webp","keywords":["A\u00e7\u00f5es","Gol Linhas A\u00e9reas (GOLL11\/GOLL4)"],"articleSection":["Neg\u00f3cios"],"inLanguage":"pt-BR"},{"@type":"WebPage","@id":"https:\/\/www.suno.com.br\/noticias\/gol-goll4-acoes-caem-forte-no-ibovespa-mesmo-com-balanco-positivo-gpj\/","url":"https:\/\/www.suno.com.br\/noticias\/gol-goll4-acoes-caem-forte-no-ibovespa-mesmo-com-balanco-positivo-gpj\/","name":"Gol (GOLL4): a\u00e7\u00f5es caem forte no Ibovespa, mesmo com balan\u00e7o positivo","isPartOf":{"@id":"https:\/\/www.suno.com.br\/noticias\/#website"},"primaryImageOfPage":{"@id":"https:\/\/www.suno.com.br\/noticias\/gol-goll4-acoes-caem-forte-no-ibovespa-mesmo-com-balanco-positivo-gpj\/#primaryimage"},"image":{"@id":"https:\/\/www.suno.com.br\/noticias\/gol-goll4-acoes-caem-forte-no-ibovespa-mesmo-com-balanco-positivo-gpj\/#primaryimage"},"thumbnailUrl":"https:\/\/files.sunoresearch.com.br\/n\/uploads\/2019\/12\/c6c902e0-gol-jpg.webp","datePublished":"2023-07-27T21:30:35+00:00","dateModified":"2023-07-27T21:30:44+00:00","description":"As a\u00e7\u00f5es preferenciais de Gol despencam no Ibovespa na tarde desta quinta-feira (27), liderando as quedas do \u00edndice. Saiba mais!","breadcrumb":{"@id":"https:\/\/www.suno.com.br\/noticias\/gol-goll4-acoes-caem-forte-no-ibovespa-mesmo-com-balanco-positivo-gpj\/#breadcrumb"},"inLanguage":"pt-BR","potentialAction":[{"@type":"ReadAction","target":["https:\/\/www.suno.com.br\/noticias\/gol-goll4-acoes-caem-forte-no-ibovespa-mesmo-com-balanco-positivo-gpj\/"]}]},{"@type":"ImageObject","inLanguage":"pt-BR","@id":"https:\/\/www.suno.com.br\/noticias\/gol-goll4-acoes-caem-forte-no-ibovespa-mesmo-com-balanco-positivo-gpj\/#primaryimage","url":"https:\/\/files.sunoresearch.com.br\/n\/uploads\/2019\/12\/c6c902e0-gol-jpg.webp","contentUrl":"https:\/\/files.sunoresearch.com.br\/n\/uploads\/2019\/12\/c6c902e0-gol-jpg.webp","width":1200,"height":800,"caption":"Gol (GOLL4). Foto: Divulga\u00e7\u00e3o."},{"@type":"BreadcrumbList","@id":"https:\/\/www.suno.com.br\/noticias\/gol-goll4-acoes-caem-forte-no-ibovespa-mesmo-com-balanco-positivo-gpj\/#breadcrumb","itemListElement":[{"@type":"ListItem","position":1,"name":"Not\u00edcias","item":"https:\/\/www.suno.com.br\/noticias\/"},{"@type":"ListItem","position":2,"name":"Neg\u00f3cios","item":"https:\/\/www.suno.com.br\/noticias\/negocios\/"},{"@type":"ListItem","position":3,"name":"Gol (GOLL4): a\u00e7\u00f5es despencam e lideram quedas no Ibovespa, mesmo ap\u00f3s reverter preju\u00edzo no 2T23; veja motivos"}]},{"@type":"WebSite","@id":"https:\/\/www.suno.com.br\/noticias\/#website","url":"https:\/\/www.suno.com.br\/noticias\/","name":"Suno Not\u00edcias","description":"Seu portal de informa\u00e7\u00e3o sobre o mundo dos investimentos","publisher":{"@id":"https:\/\/www.suno.com.br\/noticias\/#organization"},"potentialAction":[{"@type":"SearchAction","target":{"@type":"EntryPoint","urlTemplate":"https:\/\/www.suno.com.br\/noticias\/?s={search_term_string}"},"query-input":{"@type":"PropertyValueSpecification","valueRequired":true,"valueName":"search_term_string"}}],"inLanguage":"pt-BR"},{"@type":"Organization","@id":"https:\/\/www.suno.com.br\/noticias\/#organization","name":"Suno Not\u00edcias","url":"https:\/\/www.suno.com.br\/noticias\/","logo":{"@type":"ImageObject","inLanguage":"pt-BR","@id":"https:\/\/www.suno.com.br\/noticias\/#\/schema\/logo\/image\/","url":"https:\/\/files.sunoresearch.com.br\/n\/uploads\/2021\/09\/suno-logo.png","contentUrl":"https:\/\/files.sunoresearch.com.br\/n\/uploads\/2021\/09\/suno-logo.png","width":180,"height":180,"caption":"Suno Not\u00edcias"},"image":{"@id":"https:\/\/www.suno.com.br\/noticias\/#\/schema\/logo\/image\/"},"sameAs":["https:\/\/facebook.com\/sunoresearch","https:\/\/x.com\/sunoresearch","https:\/\/www.instagram.com\/suno","https:\/\/www.linkedin.com\/company\/suno-research\/","https:\/\/www.youtube.com\/c\/sunoresearch"]},{"@type":"Person","@id":"https:\/\/www.suno.com.br\/noticias\/#\/schema\/person\/d0f32748bbca4bee871fa191ee4e2d40","name":"Giovanni Porf\u00edrio Jacomino","image":{"@type":"ImageObject","inLanguage":"pt-BR","@id":"https:\/\/www.suno.com.br\/noticias\/#\/schema\/person\/image\/","url":"https:\/\/secure.gravatar.com\/avatar\/efb32e19b730a121cb7a80f41ffec01a?s=96&r=g","contentUrl":"https:\/\/secure.gravatar.com\/avatar\/efb32e19b730a121cb7a80f41ffec01a?s=96&r=g","caption":"Giovanni Porf\u00edrio Jacomino"},"description":"Giovanni Porf\u00edrio Jacomino \u00e9 jornalista formado pela Universidade Estadual de Londrina (UEL) e p\u00f3s-graduado em Produ\u00e7\u00e3o e Pr\u00e1ticas Jornal\u00edsticas na Contemporaneidade na Faculdade C\u00e1sper L\u00edbero (FCL). Foi editor web no Startupi e no Finsiders, atuando ainda como editor no TC Mover, portal de not\u00edcias da TradersClub, fazendo a cobertura de assuntos relacionados ao mercado financeiro interno e externo. Atualmente, \u00e9 Rep\u00f3rter do Suno Not\u00edcias.","url":"https:\/\/www.suno.com.br\/noticias\/author\/giovanni-porfiriosuno-com-br\/"}]}},"default_loop_html":"<div class=\"cardsPage__listCard__boxs\"><div class=\"cardsPage__listCard__boxs__img\"><a href=\"https:\/\/www.suno.com.br\/noticias\/gol-goll4-acoes-caem-forte-no-ibovespa-mesmo-com-balanco-positivo-gpj\/\"><img class=\"mask\" src=\"https:\/\/www.suno.com.br\/noticias\/wp-content\/themes\/suno\/resources\/images\/spotlight\/spotlight1img\/bg-mask.png\" alt=\"Image Mask\"\/><img src=\"https:\/\/files.sunoresearch.com.br\/n\/uploads\/2019\/12\/c6c902e0-gol-400x200.webp\" alt=\"Gol (GOLL4): a\u00e7\u00f5es despencam e lideram quedas no Ibovespa, mesmo ap\u00f3s reverter preju\u00edzo no 2T23; veja motivos\"\/><\/a><span class=\"spotlightCategory\"><a href=\"https:\/\/www.suno.com.br\/noticias\/negocios\/\">Neg\u00f3cios<\/a><\/span><\/div><div class=\"cardsPage__listCard__boxs__content\"><a href=\"https:\/\/www.suno.com.br\/noticias\/gol-goll4-acoes-caem-forte-no-ibovespa-mesmo-com-balanco-positivo-gpj\/\"><h2 class=\"content__title\">Gol (GOLL4): a\u00e7\u00f5es despencam e lideram quedas no Ibovespa, mesmo ap\u00f3s reverter preju\u00edzo no 2T23; veja motivos<\/h2><\/a><div class=\"newsContent__article__meta\"><div class=\"newsContent__article__meta__authorBox\"><a href=\"https:\/\/www.suno.com.br\/noticias\/author\/giovanni-porfiriosuno-com-br\/\" class=\"authorBox__avatar noMobi\"><img src=\"https:\/\/files.sunoresearch.com.br\/n\/uploads\/2024\/05\/DSCF4115-1-1-150x150.webp\" alt=\"Giovanni Porf\u00edrio Jacomino\"><\/a><div class=\"authorBox__name\"><span>por\n\t\t\t<a href=\"https:\/\/www.suno.com.br\/noticias\/author\/giovanni-porfiriosuno-com-br\/\"><span itemprop=\"author\">Giovanni Porf\u00edrio Jacomino<\/span><\/a><\/span><time datetime=\"2023-07-27T18:30:35-03:00\" itemprop=\"datePublished\">27\/07\/2023 18:30<\/time><\/div><\/div><\/div><\/div><\/div>","single_layout":"posts","amp_enabled":true,"_links":{"self":[{"href":"https:\/\/www.suno.com.br\/noticias\/wp-json\/wp\/v2\/posts\/434466"}],"collection":[{"href":"https:\/\/www.suno.com.br\/noticias\/wp-json\/wp\/v2\/posts"}],"about":[{"href":"https:\/\/www.suno.com.br\/noticias\/wp-json\/wp\/v2\/types\/post"}],"author":[{"embeddable":true,"href":"https:\/\/www.suno.com.br\/noticias\/wp-json\/wp\/v2\/users\/313"}],"replies":[{"embeddable":true,"href":"https:\/\/www.suno.com.br\/noticias\/wp-json\/wp\/v2\/comments?post=434466"}],"version-history":[{"count":2,"href":"https:\/\/www.suno.com.br\/noticias\/wp-json\/wp\/v2\/posts\/434466\/revisions"}],"predecessor-version":[{"id":434650,"href":"https:\/\/www.suno.com.br\/noticias\/wp-json\/wp\/v2\/posts\/434466\/revisions\/434650"}],"wp:featuredmedia":[{"embeddable":true,"href":"https:\/\/www.suno.com.br\/noticias\/wp-json\/wp\/v2\/media\/46328"}],"wp:attachment":[{"href":"https:\/\/www.suno.com.br\/noticias\/wp-json\/wp\/v2\/media?parent=434466"}],"wp:term":[{"taxonomy":"category","embeddable":true,"href":"https:\/\/www.suno.com.br\/noticias\/wp-json\/wp\/v2\/categories?post=434466"},{"taxonomy":"post_tag","embeddable":true,"href":"https:\/\/www.suno.com.br\/noticias\/wp-json\/wp\/v2\/tags?post=434466"},{"taxonomy":"suno_strategy","embeddable":true,"href":"https:\/\/www.suno.com.br\/noticias\/wp-json\/wp\/v2\/suno_strategy?post=434466"}],"curies":[{"name":"wp","href":"https:\/\/api.w.org\/{rel}","templated":true}]}}