{"id":434410,"date":"2023-07-27T13:22:58","date_gmt":"2023-07-27T16:22:58","guid":{"rendered":"https:\/\/www.suno.com.br\/noticias\/?p=434410"},"modified":"2023-07-27T15:16:42","modified_gmt":"2023-07-27T18:16:42","slug":"efeito-americanas-alta-inadimplencia-diretor-bc-evm","status":"publish","type":"post","link":"https:\/\/www.suno.com.br\/noticias\/efeito-americanas-alta-inadimplencia-diretor-bc-evm\/","title":{"rendered":"&#8216;Efeito Americanas&#8217; provocou alta da inadimpl\u00eancia no cr\u00e9dito livre, diz diretor do BC"},"content":{"rendered":"<p>O chefe de departamento de Estat\u00edsticas do <a href=\"https:\/\/www.bcb.gov.br\/\" target=\"_blank\" rel=\"noreferrer noopener\">Banco Central<\/a>, Fernando Rocha, afirmou nesta quinta-feira que a maior inadimpl\u00eancia de pessoas jur\u00eddicas no cr\u00e9dito livre neste ano est\u00e1 relacionada com a crise da <a href=\"https:\/\/www.suno.com.br\/acoes\/amer3\" target=\"_blank\" rel=\"noreferrer noopener\"><strong>Americanas<\/strong> (AMER3)<\/a>, revelada no come\u00e7o de 2023.<\/p>\t<div class=\"wrapper-featured-image\">\n\t\t<figure class=\"spotlightImg\">\n\n\t\t\t<picture>\n\t\t\t\t<source media=\"(max-width: 768px)\" srcset=\"https:\/\/files.sunoresearch.com.br\/n\/uploads\/2023\/02\/Americanas-400x200.jpg\">\n\t\t\t\t<img loading=\"lazy\" decoding=\"async\" class=\"newsContent__article__imgCapa lazyloadDisabled \" src=\"https:\/\/files.sunoresearch.com.br\/n\/uploads\/2023\/02\/Americanas-800x450.jpg\" width=\"800\" height=\"450\" alt=\"&#8216;Efeito Americanas&#8217; provocou alta da inadimpl\u00eancia no cr\u00e9dito livre, diz diretor do BC\" fetchpriority=high \/>\n\t\t\t<\/picture>\n\n\t\t\t<figcaption class=\"wp-caption-text wp-caption-text--show\">Americanas. Foto: Wikimedia Commons<\/figcaption>\n\t\t<\/figure>\n\t<\/div>\n\n\n\n\n\n\t<p>\n\t\t<a href=\"\" target=\"_blank\" data-element=\"shortcode-suno-banner\" title=\"Banner SUNO, clique e saiba mais\">\n\t\t\t<picture>\n\t\t\t\t<source media=\"(max-width: 500px)\" srcset=\"\">\n\t\t\t\t<img class=\"newsContent__article__imgCapa newsContent__article__imgCapa--banner\"\n\t\t\t\t\tsrc=\"\"\n\t\t\t\t\tdata-promo-id=\"265277\"\t\t\t\t\t\t\t\t\t\t\t\t\t\t\talt=\"\"\n\t\t\t\t>\n\t\t\t<\/picture>\n\t\t<\/a>\n\t<\/p>\n\n\n\n\n\n\n\n<p>A taxa de inadimpl\u00eancia nas opera\u00e7\u00f5es de cr\u00e9dito livre com os bancos ficou est\u00e1vel em 4,9% de maio para junho, e acumula alta de 1,3 ponto porcentual em 12 meses.<\/p>\n\n\n\n<p>Para as <a class=\"suno-keyword\" data-force=\"no\" data-priority=\"2\" href=\"https:\/\/www.suno.com.br\/artigos\/pessoa-fisica\/\" target=\"_blank\" rel=\"noopener\">pessoas f\u00edsicas<\/a>, a taxa de inadimpl\u00eancia tamb\u00e9m continuou em 6,3% de um m\u00eas para o outro. Em 12 meses, a alta \u00e9 de 1,1 p.p. No caso das empresas, variou de 3,0% para 3,1% de maio para junho, com alta de 1,4 p.p. em 12 meses.<\/p>\n\n\n\n<h2 class=\"wp-block-heading\">Cr\u00e9dito Rotativo<\/h2>\n\n\n\n<p>Fernando Rocha tamb\u00e9m disse que a queda de juros no rotativo do cart\u00e3o de cr\u00e9dito em junho, apesar de significativa, ainda n\u00e3o significa uma inflex\u00e3o na tend\u00eancia de crescimento das taxas dessa modalidade.<\/p>\n\n\n\n<p>Na mira do governo federal, o juro m\u00e9dio total cobrado pelos bancos no rotativo do cart\u00e3o de cr\u00e9dito caiu 16,7 pontos porcentuais de maio para junho. A taxa passou de 454,0% para 437,3% ao ano.<\/p>\n\n\n\n<p>&#8220;As diferentes <a class=\"suno-keyword\" target=\"_blank\" data-force=\"no\" data-priority=\"1\" href=\"https:\/\/www.suno.com.br\/artigos\/instituicoes-financeiras\/\" rel=\"noopener\">institui\u00e7\u00f5es financeiras<\/a> t\u00eam taxas de juros diferentes no rotativo e, dependendo do tipo de cliente, variam tamb\u00e9m dentro de um mesmo banco. Se um banco A concedeu mais cr\u00e9dito no rotativo que um banco B em um determinado m\u00eas, pode haver essa varia\u00e7\u00e3o. Uma flutua\u00e7\u00e3o de 16,7 p.p. em uma taxa de mais de 400% pode ser apenas o efeito de pondera\u00e7\u00e3o entre essas institui\u00e7\u00f5es&#8221;, explicou.<\/p>\n\n\n\n<p>Com Estad\u00e3o Conte\u00fado<\/p>\n\n\n\t<p>\n\t\t<a href=\"https:\/\/lp.suno.com.br\/planilha-da-vida-financeira\/\" target=\"_blank\" data-element=\"shortcode-suno-banner\" title=\"Banner SUNO, clique e saiba mais\">\n\t\t\t<picture>\n\t\t\t\t<source media=\"(max-width: 500px)\" srcset=\"https:\/\/files.sunoresearch.com.br\/n\/uploads\/2023\/04\/400x300-Planilha-vida-financeira-true.png\">\n\t\t\t\t<img class=\"newsContent__article__imgCapa newsContent__article__imgCapa--banner\"\n\t\t\t\t\tsrc=\"https:\/\/files.sunoresearch.com.br\/n\/uploads\/2023\/04\/1420x240-Planilha-vida-financeira-true.png\"\n\t\t\t\t\tdata-promo-id=\"383123\"\t\t\t\t\t\t\t\t\t\twidth='1420' height='240'\t\t\t\t\talt=\"https:\/\/files.sunoresearch.com.br\/n\/uploads\/2023\/04\/1420x240-Planilha-vida-financeira-true.png\"\n\t\t\t\t>\n\t\t\t<\/picture>\n\t\t<\/a>\n\t<\/p>\n\n\n","protected":false},"excerpt":{"rendered":"<p>O chefe de departamento de Estat\u00edsticas do Banco Central, Fernando Rocha, afirmou nesta quinta-feira que a maior inadimpl\u00eancia de pessoas jur\u00eddicas no cr\u00e9dito livre neste ano est\u00e1 relacionada com a crise da Americanas (AMER3), revelada no come\u00e7o de 2023. Americanas. Foto: Wikimedia Commons A taxa de inadimpl\u00eancia nas opera\u00e7\u00f5es de cr\u00e9dito livre com os bancos [&hellip;]<\/p>\n","protected":false},"author":73,"featured_media":366560,"comment_status":"closed","ping_status":"closed","sticky":false,"template":"","format":"standard","meta":[],"categories":[62],"tags":[106444,106605],"suno_strategy":[],"class_list":["post-434410","post","type-post","status-publish","format-standard","has-post-thumbnail","hentry","category-economia","tag-agencias","tag-americanas-s-a-amer3"],"yoast_head":"<!-- This site is optimized with the Yoast SEO plugin v24.4 - https:\/\/yoast.com\/wordpress\/plugins\/seo\/ -->\n<title>&#039;Efeito Americanas&#039; provocou alta da inadimpl\u00eancia maior no cr\u00e9dito livre<\/title>\n<meta name=\"description\" content=\"A taxa de inadimpl\u00eancia nas opera\u00e7\u00f5es de cr\u00e9dito livre com os bancos ficou est\u00e1vel em 4,9% de maio para junho\" \/>\n<meta name=\"robots\" content=\"index, follow, max-snippet:-1, max-image-preview:large, max-video-preview:-1\" \/>\n<link rel=\"canonical\" href=\"https:\/\/www.suno.com.br\/noticias\/efeito-americanas-alta-inadimplencia-diretor-bc-evm\/\" \/>\n<meta property=\"og:locale\" content=\"pt_BR\" \/>\n<meta property=\"og:type\" content=\"article\" \/>\n<meta property=\"og:title\" content=\"&#039;Efeito Americanas&#039; provocou alta da inadimpl\u00eancia maior no cr\u00e9dito livre\" \/>\n<meta property=\"og:description\" content=\"A taxa de inadimpl\u00eancia nas opera\u00e7\u00f5es de cr\u00e9dito livre com os bancos ficou est\u00e1vel em 4,9% de maio para junho\" \/>\n<meta property=\"og:url\" content=\"https:\/\/www.suno.com.br\/noticias\/efeito-americanas-alta-inadimplencia-diretor-bc-evm\/\" \/>\n<meta property=\"og:site_name\" content=\"Suno Not\u00edcias\" \/>\n<meta property=\"article:publisher\" content=\"https:\/\/facebook.com\/sunoresearch\" \/>\n<meta property=\"og:image\" content=\"https:\/\/files.sunoresearch.com.br\/n\/uploads\/2023\/02\/Americanas.jpg\" \/>\n\t<meta property=\"og:image:width\" content=\"1200\" \/>\n\t<meta property=\"og:image:height\" content=\"1033\" \/>\n\t<meta property=\"og:image:type\" content=\"image\/jpeg\" \/>\n<meta name=\"author\" content=\"Eduardo Vargas\" \/>\n<meta name=\"twitter:card\" content=\"summary_large_image\" \/>\n<meta name=\"twitter:creator\" content=\"@sunoresearch\" \/>\n<meta name=\"twitter:site\" content=\"@sunoresearch\" \/>\n<meta name=\"twitter:label1\" content=\"Escrito por\" \/>\n\t<meta name=\"twitter:data1\" content=\"Eduardo Vargas\" \/>\n\t<meta name=\"twitter:label2\" content=\"Est. tempo de leitura\" \/>\n\t<meta name=\"twitter:data2\" content=\"2 minutos\" \/>\n<script type=\"application\/ld+json\" class=\"yoast-schema-graph\">{\"@context\":\"https:\/\/schema.org\",\"@graph\":[{\"@type\":\"NewsArticle\",\"@id\":\"https:\/\/www.suno.com.br\/noticias\/efeito-americanas-alta-inadimplencia-diretor-bc-evm\/#article\",\"isPartOf\":{\"@id\":\"https:\/\/www.suno.com.br\/noticias\/efeito-americanas-alta-inadimplencia-diretor-bc-evm\/\"},\"author\":{\"name\":\"Eduardo Vargas\",\"@id\":\"https:\/\/www.suno.com.br\/noticias\/#\/schema\/person\/7f4d362bf3518e76090143ae77bb49a5\"},\"headline\":\"&#8216;Efeito Americanas&#8217; provocou alta da inadimpl\u00eancia no cr\u00e9dito livre, diz diretor do BC\",\"datePublished\":\"2023-07-27T16:22:58+00:00\",\"dateModified\":\"2023-07-27T18:16:42+00:00\",\"mainEntityOfPage\":{\"@id\":\"https:\/\/www.suno.com.br\/noticias\/efeito-americanas-alta-inadimplencia-diretor-bc-evm\/\"},\"wordCount\":299,\"publisher\":{\"@id\":\"https:\/\/www.suno.com.br\/noticias\/#organization\"},\"image\":{\"@id\":\"https:\/\/www.suno.com.br\/noticias\/efeito-americanas-alta-inadimplencia-diretor-bc-evm\/#primaryimage\"},\"thumbnailUrl\":\"https:\/\/files.sunoresearch.com.br\/n\/uploads\/2023\/02\/Americanas.jpg\",\"keywords\":[\"Ag\u00eancias\",\"Americanas (AMER3)\"],\"articleSection\":[\"Economia\"],\"inLanguage\":\"pt-BR\"},{\"@type\":\"WebPage\",\"@id\":\"https:\/\/www.suno.com.br\/noticias\/efeito-americanas-alta-inadimplencia-diretor-bc-evm\/\",\"url\":\"https:\/\/www.suno.com.br\/noticias\/efeito-americanas-alta-inadimplencia-diretor-bc-evm\/\",\"name\":\"'Efeito Americanas' provocou alta da inadimpl\u00eancia maior no cr\u00e9dito livre\",\"isPartOf\":{\"@id\":\"https:\/\/www.suno.com.br\/noticias\/#website\"},\"primaryImageOfPage\":{\"@id\":\"https:\/\/www.suno.com.br\/noticias\/efeito-americanas-alta-inadimplencia-diretor-bc-evm\/#primaryimage\"},\"image\":{\"@id\":\"https:\/\/www.suno.com.br\/noticias\/efeito-americanas-alta-inadimplencia-diretor-bc-evm\/#primaryimage\"},\"thumbnailUrl\":\"https:\/\/files.sunoresearch.com.br\/n\/uploads\/2023\/02\/Americanas.jpg\",\"datePublished\":\"2023-07-27T16:22:58+00:00\",\"dateModified\":\"2023-07-27T18:16:42+00:00\",\"description\":\"A taxa de inadimpl\u00eancia nas opera\u00e7\u00f5es de cr\u00e9dito livre com os bancos ficou est\u00e1vel em 4,9% de maio para junho\",\"breadcrumb\":{\"@id\":\"https:\/\/www.suno.com.br\/noticias\/efeito-americanas-alta-inadimplencia-diretor-bc-evm\/#breadcrumb\"},\"inLanguage\":\"pt-BR\",\"potentialAction\":[{\"@type\":\"ReadAction\",\"target\":[\"https:\/\/www.suno.com.br\/noticias\/efeito-americanas-alta-inadimplencia-diretor-bc-evm\/\"]}]},{\"@type\":\"ImageObject\",\"inLanguage\":\"pt-BR\",\"@id\":\"https:\/\/www.suno.com.br\/noticias\/efeito-americanas-alta-inadimplencia-diretor-bc-evm\/#primaryimage\",\"url\":\"https:\/\/files.sunoresearch.com.br\/n\/uploads\/2023\/02\/Americanas.jpg\",\"contentUrl\":\"https:\/\/files.sunoresearch.com.br\/n\/uploads\/2023\/02\/Americanas.jpg\",\"width\":1200,\"height\":1033,\"caption\":\"Americanas. Foto: Wikimedia Commons\"},{\"@type\":\"BreadcrumbList\",\"@id\":\"https:\/\/www.suno.com.br\/noticias\/efeito-americanas-alta-inadimplencia-diretor-bc-evm\/#breadcrumb\",\"itemListElement\":[{\"@type\":\"ListItem\",\"position\":1,\"name\":\"Not\u00edcias\",\"item\":\"https:\/\/www.suno.com.br\/noticias\/\"},{\"@type\":\"ListItem\",\"position\":2,\"name\":\"Economia\",\"item\":\"https:\/\/www.suno.com.br\/noticias\/economia\/\"},{\"@type\":\"ListItem\",\"position\":3,\"name\":\"&#8216;Efeito Americanas&#8217; provocou alta da inadimpl\u00eancia no cr\u00e9dito livre, diz diretor do BC\"}]},{\"@type\":\"WebSite\",\"@id\":\"https:\/\/www.suno.com.br\/noticias\/#website\",\"url\":\"https:\/\/www.suno.com.br\/noticias\/\",\"name\":\"Suno Not\u00edcias\",\"description\":\"Seu portal de informa\u00e7\u00e3o sobre o mundo dos investimentos\",\"publisher\":{\"@id\":\"https:\/\/www.suno.com.br\/noticias\/#organization\"},\"potentialAction\":[{\"@type\":\"SearchAction\",\"target\":{\"@type\":\"EntryPoint\",\"urlTemplate\":\"https:\/\/www.suno.com.br\/noticias\/?s={search_term_string}\"},\"query-input\":{\"@type\":\"PropertyValueSpecification\",\"valueRequired\":true,\"valueName\":\"search_term_string\"}}],\"inLanguage\":\"pt-BR\"},{\"@type\":\"Organization\",\"@id\":\"https:\/\/www.suno.com.br\/noticias\/#organization\",\"name\":\"Suno Not\u00edcias\",\"url\":\"https:\/\/www.suno.com.br\/noticias\/\",\"logo\":{\"@type\":\"ImageObject\",\"inLanguage\":\"pt-BR\",\"@id\":\"https:\/\/www.suno.com.br\/noticias\/#\/schema\/logo\/image\/\",\"url\":\"https:\/\/files.sunoresearch.com.br\/n\/uploads\/2021\/09\/suno-logo.png\",\"contentUrl\":\"https:\/\/files.sunoresearch.com.br\/n\/uploads\/2021\/09\/suno-logo.png\",\"width\":180,\"height\":180,\"caption\":\"Suno Not\u00edcias\"},\"image\":{\"@id\":\"https:\/\/www.suno.com.br\/noticias\/#\/schema\/logo\/image\/\"},\"sameAs\":[\"https:\/\/facebook.com\/sunoresearch\",\"https:\/\/x.com\/sunoresearch\",\"https:\/\/www.instagram.com\/suno\",\"https:\/\/www.linkedin.com\/company\/suno-research\/\",\"https:\/\/www.youtube.com\/c\/sunoresearch\"]},{\"@type\":\"Person\",\"@id\":\"https:\/\/www.suno.com.br\/noticias\/#\/schema\/person\/7f4d362bf3518e76090143ae77bb49a5\",\"name\":\"Eduardo Vargas\",\"image\":{\"@type\":\"ImageObject\",\"inLanguage\":\"pt-BR\",\"@id\":\"https:\/\/www.suno.com.br\/noticias\/#\/schema\/person\/image\/\",\"url\":\"https:\/\/secure.gravatar.com\/avatar\/dac340933427a22924c9f99d1eb2e3f2?s=96&r=g\",\"contentUrl\":\"https:\/\/secure.gravatar.com\/avatar\/dac340933427a22924c9f99d1eb2e3f2?s=96&r=g\",\"caption\":\"Eduardo Vargas\"},\"description\":\"Jornalista formado pela UFSC, cobre macroeconomia, neg\u00f3cios e startups para o Suno Not\u00edcias, escrevendo principalmente not\u00edcias sobre o mercado financeiro e a bolsa de valores. No YouTube e no Instagram, \u00e9 respons\u00e1vel pela produ\u00e7\u00e3o de Reels e Shorts do Suno Not\u00edcias. Anteriormente, trabalhou cobrindo economia e cotidiano no ND+ e para o ND, maior jornal impresso de Santa Catarina. Cursou um semestre letivo de Estudos de M\u00eddia na Universidad de Buenos Aires.\",\"url\":\"https:\/\/www.suno.com.br\/noticias\/author\/eduardo-vargas\/\"}]}<\/script>\n<!-- \/ Yoast SEO plugin. -->","yoast_head_json":{"title":"'Efeito Americanas' provocou alta da inadimpl\u00eancia maior no cr\u00e9dito livre","description":"A taxa de inadimpl\u00eancia nas opera\u00e7\u00f5es de cr\u00e9dito livre com os bancos ficou est\u00e1vel em 4,9% de maio para junho","robots":{"index":"index","follow":"follow","max-snippet":"max-snippet:-1","max-image-preview":"max-image-preview:large","max-video-preview":"max-video-preview:-1"},"canonical":"https:\/\/www.suno.com.br\/noticias\/efeito-americanas-alta-inadimplencia-diretor-bc-evm\/","og_locale":"pt_BR","og_type":"article","og_title":"'Efeito Americanas' provocou alta da inadimpl\u00eancia maior no cr\u00e9dito livre","og_description":"A taxa de inadimpl\u00eancia nas opera\u00e7\u00f5es de cr\u00e9dito livre com os bancos ficou est\u00e1vel em 4,9% de maio para junho","og_url":"https:\/\/www.suno.com.br\/noticias\/efeito-americanas-alta-inadimplencia-diretor-bc-evm\/","og_site_name":"Suno Not\u00edcias","article_publisher":"https:\/\/facebook.com\/sunoresearch","og_image":[{"width":1200,"height":1033,"url":"https:\/\/files.sunoresearch.com.br\/n\/uploads\/2023\/02\/Americanas.jpg","type":"image\/jpeg"}],"author":"Eduardo Vargas","twitter_card":"summary_large_image","twitter_creator":"@sunoresearch","twitter_site":"@sunoresearch","twitter_misc":{"Escrito por":"Eduardo Vargas","Est. tempo de leitura":"2 minutos"},"schema":{"@context":"https:\/\/schema.org","@graph":[{"@type":"NewsArticle","@id":"https:\/\/www.suno.com.br\/noticias\/efeito-americanas-alta-inadimplencia-diretor-bc-evm\/#article","isPartOf":{"@id":"https:\/\/www.suno.com.br\/noticias\/efeito-americanas-alta-inadimplencia-diretor-bc-evm\/"},"author":{"name":"Eduardo Vargas","@id":"https:\/\/www.suno.com.br\/noticias\/#\/schema\/person\/7f4d362bf3518e76090143ae77bb49a5"},"headline":"&#8216;Efeito Americanas&#8217; provocou alta da inadimpl\u00eancia no cr\u00e9dito livre, diz diretor do BC","datePublished":"2023-07-27T16:22:58+00:00","dateModified":"2023-07-27T18:16:42+00:00","mainEntityOfPage":{"@id":"https:\/\/www.suno.com.br\/noticias\/efeito-americanas-alta-inadimplencia-diretor-bc-evm\/"},"wordCount":299,"publisher":{"@id":"https:\/\/www.suno.com.br\/noticias\/#organization"},"image":{"@id":"https:\/\/www.suno.com.br\/noticias\/efeito-americanas-alta-inadimplencia-diretor-bc-evm\/#primaryimage"},"thumbnailUrl":"https:\/\/files.sunoresearch.com.br\/n\/uploads\/2023\/02\/Americanas.jpg","keywords":["Ag\u00eancias","Americanas (AMER3)"],"articleSection":["Economia"],"inLanguage":"pt-BR"},{"@type":"WebPage","@id":"https:\/\/www.suno.com.br\/noticias\/efeito-americanas-alta-inadimplencia-diretor-bc-evm\/","url":"https:\/\/www.suno.com.br\/noticias\/efeito-americanas-alta-inadimplencia-diretor-bc-evm\/","name":"'Efeito Americanas' provocou alta da inadimpl\u00eancia maior no cr\u00e9dito livre","isPartOf":{"@id":"https:\/\/www.suno.com.br\/noticias\/#website"},"primaryImageOfPage":{"@id":"https:\/\/www.suno.com.br\/noticias\/efeito-americanas-alta-inadimplencia-diretor-bc-evm\/#primaryimage"},"image":{"@id":"https:\/\/www.suno.com.br\/noticias\/efeito-americanas-alta-inadimplencia-diretor-bc-evm\/#primaryimage"},"thumbnailUrl":"https:\/\/files.sunoresearch.com.br\/n\/uploads\/2023\/02\/Americanas.jpg","datePublished":"2023-07-27T16:22:58+00:00","dateModified":"2023-07-27T18:16:42+00:00","description":"A taxa de inadimpl\u00eancia nas opera\u00e7\u00f5es de cr\u00e9dito livre com os bancos ficou est\u00e1vel em 4,9% de maio para junho","breadcrumb":{"@id":"https:\/\/www.suno.com.br\/noticias\/efeito-americanas-alta-inadimplencia-diretor-bc-evm\/#breadcrumb"},"inLanguage":"pt-BR","potentialAction":[{"@type":"ReadAction","target":["https:\/\/www.suno.com.br\/noticias\/efeito-americanas-alta-inadimplencia-diretor-bc-evm\/"]}]},{"@type":"ImageObject","inLanguage":"pt-BR","@id":"https:\/\/www.suno.com.br\/noticias\/efeito-americanas-alta-inadimplencia-diretor-bc-evm\/#primaryimage","url":"https:\/\/files.sunoresearch.com.br\/n\/uploads\/2023\/02\/Americanas.jpg","contentUrl":"https:\/\/files.sunoresearch.com.br\/n\/uploads\/2023\/02\/Americanas.jpg","width":1200,"height":1033,"caption":"Americanas. Foto: Wikimedia Commons"},{"@type":"BreadcrumbList","@id":"https:\/\/www.suno.com.br\/noticias\/efeito-americanas-alta-inadimplencia-diretor-bc-evm\/#breadcrumb","itemListElement":[{"@type":"ListItem","position":1,"name":"Not\u00edcias","item":"https:\/\/www.suno.com.br\/noticias\/"},{"@type":"ListItem","position":2,"name":"Economia","item":"https:\/\/www.suno.com.br\/noticias\/economia\/"},{"@type":"ListItem","position":3,"name":"&#8216;Efeito Americanas&#8217; provocou alta da inadimpl\u00eancia no cr\u00e9dito livre, diz diretor do BC"}]},{"@type":"WebSite","@id":"https:\/\/www.suno.com.br\/noticias\/#website","url":"https:\/\/www.suno.com.br\/noticias\/","name":"Suno Not\u00edcias","description":"Seu portal de informa\u00e7\u00e3o sobre o mundo dos investimentos","publisher":{"@id":"https:\/\/www.suno.com.br\/noticias\/#organization"},"potentialAction":[{"@type":"SearchAction","target":{"@type":"EntryPoint","urlTemplate":"https:\/\/www.suno.com.br\/noticias\/?s={search_term_string}"},"query-input":{"@type":"PropertyValueSpecification","valueRequired":true,"valueName":"search_term_string"}}],"inLanguage":"pt-BR"},{"@type":"Organization","@id":"https:\/\/www.suno.com.br\/noticias\/#organization","name":"Suno Not\u00edcias","url":"https:\/\/www.suno.com.br\/noticias\/","logo":{"@type":"ImageObject","inLanguage":"pt-BR","@id":"https:\/\/www.suno.com.br\/noticias\/#\/schema\/logo\/image\/","url":"https:\/\/files.sunoresearch.com.br\/n\/uploads\/2021\/09\/suno-logo.png","contentUrl":"https:\/\/files.sunoresearch.com.br\/n\/uploads\/2021\/09\/suno-logo.png","width":180,"height":180,"caption":"Suno Not\u00edcias"},"image":{"@id":"https:\/\/www.suno.com.br\/noticias\/#\/schema\/logo\/image\/"},"sameAs":["https:\/\/facebook.com\/sunoresearch","https:\/\/x.com\/sunoresearch","https:\/\/www.instagram.com\/suno","https:\/\/www.linkedin.com\/company\/suno-research\/","https:\/\/www.youtube.com\/c\/sunoresearch"]},{"@type":"Person","@id":"https:\/\/www.suno.com.br\/noticias\/#\/schema\/person\/7f4d362bf3518e76090143ae77bb49a5","name":"Eduardo Vargas","image":{"@type":"ImageObject","inLanguage":"pt-BR","@id":"https:\/\/www.suno.com.br\/noticias\/#\/schema\/person\/image\/","url":"https:\/\/secure.gravatar.com\/avatar\/dac340933427a22924c9f99d1eb2e3f2?s=96&r=g","contentUrl":"https:\/\/secure.gravatar.com\/avatar\/dac340933427a22924c9f99d1eb2e3f2?s=96&r=g","caption":"Eduardo Vargas"},"description":"Jornalista formado pela UFSC, cobre macroeconomia, neg\u00f3cios e startups para o Suno Not\u00edcias, escrevendo principalmente not\u00edcias sobre o mercado financeiro e a bolsa de valores. No YouTube e no Instagram, \u00e9 respons\u00e1vel pela produ\u00e7\u00e3o de Reels e Shorts do Suno Not\u00edcias. Anteriormente, trabalhou cobrindo economia e cotidiano no ND+ e para o ND, maior jornal impresso de Santa Catarina. Cursou um semestre letivo de Estudos de M\u00eddia na Universidad de Buenos Aires.","url":"https:\/\/www.suno.com.br\/noticias\/author\/eduardo-vargas\/"}]}},"default_loop_html":"<div class=\"cardsPage__listCard__boxs\"><div class=\"cardsPage__listCard__boxs__img\"><a href=\"https:\/\/www.suno.com.br\/noticias\/efeito-americanas-alta-inadimplencia-diretor-bc-evm\/\"><img class=\"mask\" src=\"https:\/\/www.suno.com.br\/noticias\/wp-content\/themes\/suno\/resources\/images\/spotlight\/spotlight1img\/bg-mask.png\" alt=\"Image Mask\"\/><img src=\"https:\/\/files.sunoresearch.com.br\/n\/uploads\/2023\/02\/Americanas-400x200.jpg\" alt=\"&#8216;Efeito Americanas&#8217; provocou alta da inadimpl\u00eancia no cr\u00e9dito livre, diz diretor do BC\"\/><\/a><span class=\"spotlightCategory\"><a href=\"https:\/\/www.suno.com.br\/noticias\/economia\/\">Economia<\/a><\/span><\/div><div class=\"cardsPage__listCard__boxs__content\"><a href=\"https:\/\/www.suno.com.br\/noticias\/efeito-americanas-alta-inadimplencia-diretor-bc-evm\/\"><h2 class=\"content__title\">&#8216;Efeito Americanas&#8217; provocou alta da inadimpl\u00eancia no cr\u00e9dito livre, diz diretor do BC<\/h2><\/a><div class=\"newsContent__article__meta\"><div class=\"newsContent__article__meta__authorBox\"><a href=\"https:\/\/www.suno.com.br\/noticias\/author\/eduardo-vargas\/\" class=\"authorBox__avatar noMobi\"><img src=\"https:\/\/secure.gravatar.com\/avatar\/dac340933427a22924c9f99d1eb2e3f2?s=96&#038;r=g\" alt=\"Eduardo Vargas\"><\/a><div class=\"authorBox__name\"><span>por\n\t\t\t<a href=\"https:\/\/www.suno.com.br\/noticias\/author\/eduardo-vargas\/\"><span itemprop=\"author\">Eduardo Vargas<\/span><\/a><\/span><time datetime=\"2023-07-27T13:22:58-03:00\" itemprop=\"datePublished\">27\/07\/2023 13:22<\/time><\/div><\/div><\/div><\/div><\/div>","single_layout":"posts","amp_enabled":true,"_links":{"self":[{"href":"https:\/\/www.suno.com.br\/noticias\/wp-json\/wp\/v2\/posts\/434410"}],"collection":[{"href":"https:\/\/www.suno.com.br\/noticias\/wp-json\/wp\/v2\/posts"}],"about":[{"href":"https:\/\/www.suno.com.br\/noticias\/wp-json\/wp\/v2\/types\/post"}],"author":[{"embeddable":true,"href":"https:\/\/www.suno.com.br\/noticias\/wp-json\/wp\/v2\/users\/73"}],"replies":[{"embeddable":true,"href":"https:\/\/www.suno.com.br\/noticias\/wp-json\/wp\/v2\/comments?post=434410"}],"version-history":[{"count":3,"href":"https:\/\/www.suno.com.br\/noticias\/wp-json\/wp\/v2\/posts\/434410\/revisions"}],"predecessor-version":[{"id":434477,"href":"https:\/\/www.suno.com.br\/noticias\/wp-json\/wp\/v2\/posts\/434410\/revisions\/434477"}],"wp:featuredmedia":[{"embeddable":true,"href":"https:\/\/www.suno.com.br\/noticias\/wp-json\/wp\/v2\/media\/366560"}],"wp:attachment":[{"href":"https:\/\/www.suno.com.br\/noticias\/wp-json\/wp\/v2\/media?parent=434410"}],"wp:term":[{"taxonomy":"category","embeddable":true,"href":"https:\/\/www.suno.com.br\/noticias\/wp-json\/wp\/v2\/categories?post=434410"},{"taxonomy":"post_tag","embeddable":true,"href":"https:\/\/www.suno.com.br\/noticias\/wp-json\/wp\/v2\/tags?post=434410"},{"taxonomy":"suno_strategy","embeddable":true,"href":"https:\/\/www.suno.com.br\/noticias\/wp-json\/wp\/v2\/suno_strategy?post=434410"}],"curies":[{"name":"wp","href":"https:\/\/api.w.org\/{rel}","templated":true}]}}