{"id":434358,"date":"2023-07-27T13:55:51","date_gmt":"2023-07-27T16:55:51","guid":{"rendered":"https:\/\/www.suno.com.br\/noticias\/?p=434358"},"modified":"2023-07-27T13:55:59","modified_gmt":"2023-07-27T16:55:59","slug":"juros-medios-bancos-caem-evm","status":"publish","type":"post","link":"https:\/\/www.suno.com.br\/noticias\/juros-medios-bancos-caem-evm\/","title":{"rendered":"Juros m\u00e9dios dos bancos caem para 44,6% ao ano"},"content":{"rendered":"<p>Pela primeira vez no ano, a <a class=\"suno-keyword\" data-force=\"no\" data-priority=\"1\" href=\"https:\/\/www.suno.com.br\/artigos\/taxa-media-de-juros\/\" target=\"_blank\" rel=\"noopener\">taxa m\u00e9dia de <\/a><strong><a class=\"suno-keyword\" data-force=\"no\" data-priority=\"1\" href=\"https:\/\/www.suno.com.br\/artigos\/taxa-media-de-juros\/\" target=\"_blank\" rel=\"noopener\">juros<\/a> <\/strong>das concess\u00f5es de cr\u00e9dito livre teve queda e passou de 45,4% para 44,6% ao ano em junho, redu\u00e7\u00e3o de 0,8 ponto percentual (pp) no m\u00eas. <\/p>\t<div class=\"wrapper-featured-image\">\n\t\t<figure class=\"spotlightImg\">\n\n\t\t\t<picture>\n\t\t\t\t<source media=\"(max-width: 768px)\" srcset=\"https:\/\/files.sunoresearch.com.br\/n\/uploads\/2023\/05\/selic-inflacao-400x200.jpg\">\n\t\t\t\t<img loading=\"lazy\" decoding=\"async\" class=\"newsContent__article__imgCapa lazyloadDisabled \" src=\"https:\/\/files.sunoresearch.com.br\/n\/uploads\/2023\/05\/selic-inflacao-800x450.jpg\" width=\"800\" height=\"450\" alt=\"Juros m\u00e9dios dos bancos caem para 44,6% ao ano\" fetchpriority=high \/>\n\t\t\t<\/picture>\n\n\t\t\t<figcaption class=\"wp-caption-text wp-caption-text--show\">Multiplan (MULT3) anuncia novo pagamento de R$ 131 milh\u00f5es em JCP. Foto: iStock<\/figcaption>\n\t\t<\/figure>\n\t<\/div>\n\n\n\n\n\n\t<p>\n\t\t<a href=\"\" target=\"_blank\" data-element=\"shortcode-suno-banner\" title=\"Banner SUNO, clique e saiba mais\">\n\t\t\t<picture>\n\t\t\t\t<source media=\"(max-width: 500px)\" srcset=\"\">\n\t\t\t\t<img class=\"newsContent__article__imgCapa newsContent__article__imgCapa--banner\"\n\t\t\t\t\tsrc=\"\"\n\t\t\t\t\tdata-promo-id=\"240038\"\t\t\t\t\t\t\t\t\t\t\t\t\t\t\talt=\"\"\n\t\t\t\t>\n\t\t\t<\/picture>\n\t\t<\/a>\n\t<\/p>\n\n\n\n\n\n<p>Em 12 meses, entretanto, a alta nos <strong>juros m\u00e9dios <\/strong>\u00e9 de 5,6 pontos percentuais, segundo a publica\u00e7\u00e3o Estat\u00edsticas Monet\u00e1rias e de Cr\u00e9dito, divulgada nesta quinta-feira (27), em Bras\u00edlia, pelo Banco Central (BC).\u00a0<img decoding=\"async\" style=\"width: 1px; height: 1px;\" src=\"https:\/\/agenciabrasil.ebc.com.br\/ebc.png?id=1545820&amp;o=rss\"><img decoding=\"async\" style=\"width: 1px; height: 1px;\" src=\"https:\/\/agenciabrasil.ebc.com.br\/ebc.gif?id=1545820&amp;o=rss\"><\/p>\n\n\n\n\n\n<p>Nas novas contrata\u00e7\u00f5es para empresas, a taxa m\u00e9dia do cr\u00e9dito ficou em 23,1% ao ano, queda de 0,7 pp no m\u00eas e com alta de 0,5 pp em 12 meses. Nas contrata\u00e7\u00f5es com as fam\u00edlias, a <a class=\"suno-keyword\" target=\"_blank\" data-force=\"no\" data-priority=\"1\" href=\"https:\/\/www.suno.com.br\/artigos\/taxa-media-de-juros\/\" rel=\"noopener\">taxa m\u00e9dia de juros<\/a> atingiu 59,1% ao ano, redu\u00e7\u00e3o de 0,8 pp no m\u00eas e alta de 7,6 pp em 12 meses.<\/p>\n\n\n\n<p>No cr\u00e9dito livre, os bancos t\u00eam autonomia para emprestar o dinheiro captado no mercado e definir as taxas de juros cobradas dos clientes. J\u00e1 o cr\u00e9dito direcionado &#8211; que tem regras definidas pelo governo &#8211; \u00e9 destinado basicamente aos setores habitacional, rural, de infraestrutura e ao microcr\u00e9dito.&nbsp;<\/p>\n\n\n\n<p>No caso do cr\u00e9dito direcionado, a taxa para pessoas f\u00edsicas ficou em 12% ao ano em junho, com varia\u00e7\u00e3o negativa de 0,1 pp em rela\u00e7\u00e3o ao m\u00eas anterior e alta de 1,6 pp em 12 meses. Para empresas, a taxa caiu 1,4 pp no m\u00eas e teve varia\u00e7\u00e3o para cima de 0,1 pp em 12 meses, indo para 11,9% ao ano. Assim, a taxa m\u00e9dia no cr\u00e9dito direcionado ficou em 12% ao ano, redu\u00e7\u00e3o de 0,4 pp no m\u00eas e alta de 1,3 pp em 12 meses.&nbsp;<\/p>\n\n\n\n<h2 class=\"wp-block-heading\">Juros<\/h2>\n\n\n\n<p>O comportamento dos juros banc\u00e1rios m\u00e9dios ocorre em um momento em que a expectativa do <a class=\"suno-keyword\" target=\"_blank\" data-force=\"no\" data-priority=\"2\" href=\"https:\/\/www.suno.com.br\/guias\/mercado-financeiro\/\" rel=\"noopener\">mercado financeiro<\/a> \u00e9 de redu\u00e7\u00e3o da <a class=\"suno-keyword\" target=\"_blank\" data-force=\"no\" data-priority=\"1\" href=\"https:\/\/www.suno.com.br\/artigos\/taxa-de-juros\/\" rel=\"noopener\">taxa b\u00e1sica de juros<\/a> da economia, a Selic. Ela est\u00e1 em seu maior n\u00edvel desde janeiro de 2017 &#8211; em 13,75% ao ano -, definida pelo Comit\u00ea de <a class=\"suno-keyword\" target=\"_blank\" data-force=\"no\" data-priority=\"1\" href=\"https:\/\/www.suno.com.br\/artigos\/politica-monetaria\/\" rel=\"noopener\">Pol\u00edtica Monet\u00e1ria<\/a> (Copom).&nbsp;<\/p>\n\n\n\n<p>Em mar\u00e7o de 2021, o BC iniciou um ciclo de aperto monet\u00e1rio, em meio \u00e0 alta dos pre\u00e7os de alimentos, de energia e de combust\u00edveis. Na semana que vem, dias 1\u00ba e 2 de agosto, o Copom realizada a quinta reuni\u00e3o do ano para definir a Selic e o mercado espera uma redu\u00e7\u00e3o de, pelo menos, 0,25 pp. At\u00e9 o fim do ano a previs\u00e3o \u00e9 que a Selic caia para 12%. &nbsp;<\/p>\n\n\n\n<p>Com isso, a taxa de capta\u00e7\u00e3o dos bancos (o quanto \u00e9 pago pelo cr\u00e9dito) vem recuando. Desde abril, ela est\u00e1 em queda e ficou em 11,5% em junho.&nbsp;<\/p>\n\n\n\n<p>A Selic \u00e9 o principal instrumento usado pelo BC para alcan\u00e7ar a <a class=\"suno-keyword\" target=\"_blank\" data-force=\"no\" data-priority=\"1\" href=\"https:\/\/www.suno.com.br\/artigos\/meta-de-inflacao\/\" rel=\"noopener\">meta de infla\u00e7\u00e3o<\/a>. Em junho, houve defla\u00e7\u00e3o no pa\u00eds, ou seja, um recuo nos pre\u00e7os na compara\u00e7\u00e3o com maio.<\/p>\n\n\n\n<p>O IPCA &#8211; a infla\u00e7\u00e3o oficial do pa\u00eds &#8211; ficou negativo em 0,08%, segundo o Instituto Brasileiro de Geografia e Estat\u00edstica (IBGE). Foi o quarto m\u00eas seguido em que a infla\u00e7\u00e3o perdeu for\u00e7a. Em maio, o IPCA foi de 0,23%.&nbsp;<\/p>\n\n\n\n<p>No ano, o \u00edndice soma 2,87% e, nos \u00faltimos 12 meses, 3,16%, abaixo dos 3,94% observados nos 12 meses imediatamente anteriores e seguindo a tend\u00eancia de queda apresentada desde junho de 2022, quando o \u00edndice estava em 11,89%.&nbsp;<\/p>\n\n\n\n<p>Com a infla\u00e7\u00e3o em baixa, a decis\u00e3o de manuten\u00e7\u00e3o da Selic \u00e9 alvo de cr\u00edticas do governo federal, j\u00e1 que os efeitos do aperto monet\u00e1rio s\u00e3o sentidos no encarecimento do cr\u00e9dito e na desacelera\u00e7\u00e3o da economia.&nbsp;<\/p>\n\n\n\n<p>A ata da \u00faltima <a class=\"suno-keyword\" target=\"_blank\" data-force=\"no\" data-priority=\"2\" href=\"https:\/\/www.suno.com.br\/artigos\/copom\/\" rel=\"noopener\">reuni\u00e3o do Copom<\/a>, em junho, informa que a \u201cavalia\u00e7\u00e3o predominante\u201d manifestada pelos integrantes do colegiado foi de uma expectativa de maior confian\u00e7a para uma queda da taxa de juros a partir de agosto.&nbsp;<\/p>\n\n\n\n<p>A eleva\u00e7\u00e3o da taxa b\u00e1sica ajuda a controlar a infla\u00e7\u00e3o porque causa de reflexos nos pre\u00e7os, j\u00e1 que juros mais altos encarecem o cr\u00e9dito e estimulam a poupan\u00e7a, contendo a demanda aquecida.&nbsp;<\/p>\n\n\n\t<p>\n\t\t<a href=\"https:\/\/lp.suno.com.br\/ebook-gratuito-investindo-no-exterior\/\" target=\"_blank\" data-element=\"shortcode-suno-banner\" title=\"Banner SUNO, clique e saiba mais\">\n\t\t\t<picture>\n\t\t\t\t<source media=\"(max-width: 500px)\" srcset=\"https:\/\/files.sunoresearch.com.br\/n\/uploads\/2023\/03\/400x300-Investindo-no-exterior.png\">\n\t\t\t\t<img class=\"newsContent__article__imgCapa newsContent__article__imgCapa--banner\"\n\t\t\t\t\tsrc=\"https:\/\/files.sunoresearch.com.br\/n\/uploads\/2023\/03\/1420x240-Investindo-no-exterior.png\"\n\t\t\t\t\tdata-promo-id=\"383161\"\t\t\t\t\t\t\t\t\t\twidth='1420' height='240'\t\t\t\t\talt=\"https:\/\/files.sunoresearch.com.br\/n\/uploads\/2023\/03\/1420x240-Investindo-no-exterior.png\"\n\t\t\t\t>\n\t\t\t<\/picture>\n\t\t<\/a>\n\t<\/p>\n\n\n\n\n\n<h2 class=\"wp-block-heading\">Cart\u00e3o de cr\u00e9dito&nbsp;<\/h2>\n\n\n\n<p>Para pessoas f\u00edsicas, as taxas do cart\u00e3o de cr\u00e9dito tiveram redu\u00e7\u00e3o de 1,8 pp no m\u00eas, mas com alta de 25,5 pp em 12 meses, alcan\u00e7ando 104,2% ao ano.&nbsp;<\/p>\n\n\n\n<p>No <a class=\"suno-keyword\" target=\"_blank\" data-force=\"no\" data-priority=\"1\" href=\"https:\/\/www.suno.com.br\/artigos\/credito-rotativo\/\" rel=\"noopener\">cr\u00e9dito rotativo<\/a> &#8211; tomado pelo consumidor quando paga menos que o valor integral da fatura do cart\u00e3o e dura 30 dias &#8211; houve queda de 16,7 pontos percentuais de maio para junho e aumento de 66,9 pp em 12 meses, indo para 437,3% ao ano. Ap\u00f3s os 30 dias, as <a class=\"suno-keyword\" target=\"_blank\" data-force=\"no\" data-priority=\"1\" href=\"https:\/\/www.suno.com.br\/artigos\/instituicoes-financeiras\/\" rel=\"noopener\">institui\u00e7\u00f5es financeiras<\/a> parcelam a d\u00edvida. Nesse caso do cart\u00e3o parcelado, os juros subiram 1,9 pp no m\u00eas e registraram alta de 22,9 pp em 12 meses, indo para 196,1% ao ano.&nbsp;<\/p>\n\n\n\n<p>J\u00e1 no cheque especial houve alta de 2,9 pp no m\u00eas e de 4,4 pp em 12 meses, chegando a 133,6% ao ano.&nbsp;<\/p>\n\n\n\n<p>A taxa do cr\u00e9dito consignado teve aumento de 0,1 pp no m\u00eas e de 1,2 pp em 12 meses (25,9% ao ano). J\u00e1 no caso do cr\u00e9dito pessoal n\u00e3o consignado, os juros ca\u00edram 0,3 pp no m\u00eas de junho e apresentaram crescimento de 3,8 pp em 12 meses (91,2% ao ano).&nbsp;<\/p>\n\n\n\n<h2 class=\"wp-block-heading\">Novas contrata\u00e7\u00f5es&nbsp;<\/h2>\n\n\n\n<p>A manuten\u00e7\u00e3o dos juros em alta &#8211; resultado do aperto monet\u00e1rio &#8211; e a pr\u00f3pria desacelera\u00e7\u00e3o da economia levaram tamb\u00e9m a uma desacelera\u00e7\u00e3o do cr\u00e9dito banc\u00e1rio, em especial, para as fam\u00edlias. No m\u00eas passado, as concess\u00f5es de cr\u00e9dito ca\u00edram 2,1% para as pessoas f\u00edsicas e tiveram incremento de 9,1% para empresas.&nbsp;<\/p>\n\n\n\n<p>Em junho, o estoque de todos os empr\u00e9stimos concedidos pelos bancos do <a class=\"suno-keyword\" target=\"_blank\" data-force=\"no\" data-priority=\"1\" href=\"https:\/\/www.suno.com.br\/artigos\/sistema-financeiro-nacional\/\" rel=\"noopener\">Sistema Financeiro Nacional<\/a> (SFN) ficou em R$ 5,401 trilh\u00f5es, com uma varia\u00e7\u00e3o positiva de 0,1% em rela\u00e7\u00e3o a maio. O resultado refletiu a alta de 1% no saldo das opera\u00e7\u00f5es de cr\u00e9dito pactuadas com pessoas jur\u00eddicas (R$ 2,112 trilh\u00f5es) e a redu\u00e7\u00e3o de 0,4% no de pessoas f\u00edsicas (R$ 3,289 trilh\u00f5es).&nbsp;<\/p>\n\n\n\n<p>Na compara\u00e7\u00e3o interanual, o cr\u00e9dito total cresceu 8,9% em junho, evidenciando desacelera\u00e7\u00e3o ante os 10,6% em doze meses observado em maio. Na mesma base de compara\u00e7\u00e3o, o saldo com as empresas desacelerou para 3,5%, ante 4,5% em maio, assim como o volume de cr\u00e9dito \u00e0s fam\u00edlias passou de um crescimento de 14,6% em maio 12,8% no m\u00eas passado.&nbsp;<\/p>\n\n\n\n<p>O cr\u00e9dito ampliado ao setor n\u00e3o financeiro, que \u00e9 o cr\u00e9dito dispon\u00edvel para empresas, fam\u00edlias e governos independentemente da fonte (banc\u00e1rio, mercado de t\u00edtulo ou d\u00edvida externa) alcan\u00e7ou R$ 15,229 trilh\u00f5es, crescendo 0,8% no m\u00eas, por conta principalmente da alta de 3,4% nos <a class=\"suno-keyword\" target=\"_blank\" data-force=\"no\" data-priority=\"1\" href=\"https:\/\/www.suno.com.br\/artigos\/titulos-publicos\/\" rel=\"noopener\">t\u00edtulos p\u00fablicos<\/a> de d\u00edvida.&nbsp;<\/p>\n\n\n\n<p>Na compara\u00e7\u00e3o interanual, o cr\u00e9dito ampliado cresceu 7,7%, prevalecendo as eleva\u00e7\u00f5es na carteira de empr\u00e9stimos, 9%, e nos t\u00edtulos de d\u00edvida, 9,8%.&nbsp;<\/p>\n\n\n\n<h2 class=\"wp-block-heading\">Endividamento&nbsp;<\/h2>\n\n\n\n<p>De acordo com o Banco Central, a inadimpl\u00eancia &#8211; considerados atrasos acima de 90 dias &#8211; tem se mantido est\u00e1vel h\u00e1 bastante tempo, com pequenas oscila\u00e7\u00f5es e registrou 3,6% em junho. Nas opera\u00e7\u00f5es para pessoas f\u00edsicas, ela est\u00e1 em 4,2% e para pessoas jur\u00eddicas em 2,5%.&nbsp;<\/p>\n\n\n\n<p>O endividamento das fam\u00edlias &#8211; rela\u00e7\u00e3o entre o saldo das d\u00edvidas e a renda acumulada em 12 meses &#8211; ficou em 48,8% em maio, alta de 0,2% no m\u00eas e com recuo de 1% em 12 meses. Com a exclus\u00e3o do <a class=\"suno-keyword\" target=\"_blank\" data-force=\"no\" data-priority=\"2\" href=\"https:\/\/www.suno.com.br\/artigos\/financiamento-imobiliario\/\" rel=\"noopener\">financiamento imobili\u00e1rio<\/a>, que pega um montante consider\u00e1vel da renda, o endividamento ficou em 31% no quinto m\u00eas do ano.&nbsp;<\/p>\n\n\n\n<p>J\u00e1 o comprometimento da renda &#8211; rela\u00e7\u00e3o entre o valor m\u00e9dio para pagamento das d\u00edvidas e a renda m\u00e9dia apurada no per\u00edodo &#8211; ficou em 28,1% em maio, est\u00e1vel na passagem do m\u00eas e com alta de 1,9% em 12 meses.&nbsp;<\/p>\n\n\n\n<p>Esses dois \u00faltimos indicadores s\u00e3o apresentados com uma defasagem maior do m\u00eas de divulga\u00e7\u00e3o, pois o BC usa dados da Pesquisa Nacional por Amostra de Domic\u00edlio (Pnad), do Instituto Brasileiro de Geografia e Estat\u00edstica (IBGE).<\/p>\n\n\n\n<p>Com Ag\u00eancia Brasil<\/p>\n\n\n\t<p>\n\t\t<a href=\"https:\/\/lp.suno.com.br\/planilha-da-vida-financeira\/\" target=\"_blank\" data-element=\"shortcode-suno-banner\" title=\"Banner SUNO, clique e saiba mais\">\n\t\t\t<picture>\n\t\t\t\t<source media=\"(max-width: 500px)\" srcset=\"https:\/\/files.sunoresearch.com.br\/n\/uploads\/2023\/04\/400x300-Planilha-vida-financeira-true.png\">\n\t\t\t\t<img class=\"newsContent__article__imgCapa newsContent__article__imgCapa--banner\"\n\t\t\t\t\tsrc=\"https:\/\/files.sunoresearch.com.br\/n\/uploads\/2023\/04\/1420x240-Planilha-vida-financeira-true.png\"\n\t\t\t\t\tdata-promo-id=\"383123\"\t\t\t\t\t\t\t\t\t\twidth='1420' height='240'\t\t\t\t\talt=\"https:\/\/files.sunoresearch.com.br\/n\/uploads\/2023\/04\/1420x240-Planilha-vida-financeira-true.png\"\n\t\t\t\t>\n\t\t\t<\/picture>\n\t\t<\/a>\n\t<\/p>\n\n\n","protected":false},"excerpt":{"rendered":"<p>Pela primeira vez no ano, a taxa m\u00e9dia de juros das concess\u00f5es de cr\u00e9dito livre teve queda e passou de 45,4% para 44,6% ao ano em junho, redu\u00e7\u00e3o de 0,8 ponto percentual (pp) no m\u00eas. Multiplan (MULT3) anuncia novo pagamento de R$ 131 milh\u00f5es em JCP. Foto: iStock Em 12 meses, entretanto, a alta nos [&hellip;]<\/p>\n","protected":false},"author":73,"featured_media":408700,"comment_status":"closed","ping_status":"closed","sticky":false,"template":"","format":"standard","meta":[],"categories":[62],"tags":[1039,1752],"suno_strategy":[],"class_list":["post-434358","post","type-post","status-publish","format-standard","has-post-thumbnail","hentry","category-economia","tag-agu","tag-taxa-de-juros"],"yoast_head":"<!-- This site is optimized with the Yoast SEO plugin v24.4 - https:\/\/yoast.com\/wordpress\/plugins\/seo\/ -->\n<title>Juros m\u00e9dios dos bancos caem para 44,6% ao ano<\/title>\n<meta name=\"description\" content=\"Em 12 meses, entretanto, a alta nos juros m\u00e9dios \u00e9 de 5,6 pontos percentuais, segundo a publica\u00e7\u00e3o Estat\u00edsticas Monet\u00e1rias e de Cr\u00e9dito\" \/>\n<meta name=\"robots\" content=\"index, follow, max-snippet:-1, max-image-preview:large, max-video-preview:-1\" \/>\n<link rel=\"canonical\" href=\"https:\/\/www.suno.com.br\/noticias\/juros-medios-bancos-caem-evm\/\" \/>\n<meta property=\"og:locale\" content=\"pt_BR\" \/>\n<meta property=\"og:type\" content=\"article\" \/>\n<meta property=\"og:title\" content=\"Juros m\u00e9dios dos bancos caem para 44,6% ao ano\" \/>\n<meta property=\"og:description\" content=\"Em 12 meses, entretanto, a alta nos juros m\u00e9dios \u00e9 de 5,6 pontos percentuais, segundo a publica\u00e7\u00e3o Estat\u00edsticas Monet\u00e1rias e de Cr\u00e9dito\" \/>\n<meta property=\"og:url\" content=\"https:\/\/www.suno.com.br\/noticias\/juros-medios-bancos-caem-evm\/\" \/>\n<meta property=\"og:site_name\" content=\"Suno Not\u00edcias\" \/>\n<meta property=\"article:publisher\" content=\"https:\/\/facebook.com\/sunoresearch\" \/>\n<meta property=\"og:image\" content=\"https:\/\/files.sunoresearch.com.br\/n\/uploads\/2023\/05\/selic-inflacao.jpg\" \/>\n\t<meta property=\"og:image:width\" content=\"1200\" \/>\n\t<meta property=\"og:image:height\" content=\"800\" \/>\n\t<meta property=\"og:image:type\" content=\"image\/jpeg\" \/>\n<meta name=\"author\" content=\"Eduardo Vargas\" \/>\n<meta name=\"twitter:card\" content=\"summary_large_image\" \/>\n<meta name=\"twitter:creator\" content=\"@sunoresearch\" \/>\n<meta name=\"twitter:site\" content=\"@sunoresearch\" \/>\n<meta name=\"twitter:label1\" content=\"Escrito por\" \/>\n\t<meta name=\"twitter:data1\" content=\"Eduardo Vargas\" \/>\n\t<meta name=\"twitter:label2\" content=\"Est. tempo de leitura\" \/>\n\t<meta name=\"twitter:data2\" content=\"8 minutos\" \/>\n<script type=\"application\/ld+json\" class=\"yoast-schema-graph\">{\"@context\":\"https:\/\/schema.org\",\"@graph\":[{\"@type\":\"NewsArticle\",\"@id\":\"https:\/\/www.suno.com.br\/noticias\/juros-medios-bancos-caem-evm\/#article\",\"isPartOf\":{\"@id\":\"https:\/\/www.suno.com.br\/noticias\/juros-medios-bancos-caem-evm\/\"},\"author\":{\"name\":\"Eduardo Vargas\",\"@id\":\"https:\/\/www.suno.com.br\/noticias\/#\/schema\/person\/7f4d362bf3518e76090143ae77bb49a5\"},\"headline\":\"Juros m\u00e9dios dos bancos caem para 44,6% ao ano\",\"datePublished\":\"2023-07-27T16:55:51+00:00\",\"dateModified\":\"2023-07-27T16:55:59+00:00\",\"mainEntityOfPage\":{\"@id\":\"https:\/\/www.suno.com.br\/noticias\/juros-medios-bancos-caem-evm\/\"},\"wordCount\":1358,\"publisher\":{\"@id\":\"https:\/\/www.suno.com.br\/noticias\/#organization\"},\"image\":{\"@id\":\"https:\/\/www.suno.com.br\/noticias\/juros-medios-bancos-caem-evm\/#primaryimage\"},\"thumbnailUrl\":\"https:\/\/files.sunoresearch.com.br\/n\/uploads\/2023\/05\/selic-inflacao.jpg\",\"keywords\":[\"AGU\",\"taxa de juros\"],\"articleSection\":[\"Economia\"],\"inLanguage\":\"pt-BR\"},{\"@type\":\"WebPage\",\"@id\":\"https:\/\/www.suno.com.br\/noticias\/juros-medios-bancos-caem-evm\/\",\"url\":\"https:\/\/www.suno.com.br\/noticias\/juros-medios-bancos-caem-evm\/\",\"name\":\"Juros m\u00e9dios dos bancos caem para 44,6% ao ano\",\"isPartOf\":{\"@id\":\"https:\/\/www.suno.com.br\/noticias\/#website\"},\"primaryImageOfPage\":{\"@id\":\"https:\/\/www.suno.com.br\/noticias\/juros-medios-bancos-caem-evm\/#primaryimage\"},\"image\":{\"@id\":\"https:\/\/www.suno.com.br\/noticias\/juros-medios-bancos-caem-evm\/#primaryimage\"},\"thumbnailUrl\":\"https:\/\/files.sunoresearch.com.br\/n\/uploads\/2023\/05\/selic-inflacao.jpg\",\"datePublished\":\"2023-07-27T16:55:51+00:00\",\"dateModified\":\"2023-07-27T16:55:59+00:00\",\"description\":\"Em 12 meses, entretanto, a alta nos juros m\u00e9dios \u00e9 de 5,6 pontos percentuais, segundo a publica\u00e7\u00e3o Estat\u00edsticas Monet\u00e1rias e de Cr\u00e9dito\",\"breadcrumb\":{\"@id\":\"https:\/\/www.suno.com.br\/noticias\/juros-medios-bancos-caem-evm\/#breadcrumb\"},\"inLanguage\":\"pt-BR\",\"potentialAction\":[{\"@type\":\"ReadAction\",\"target\":[\"https:\/\/www.suno.com.br\/noticias\/juros-medios-bancos-caem-evm\/\"]}]},{\"@type\":\"ImageObject\",\"inLanguage\":\"pt-BR\",\"@id\":\"https:\/\/www.suno.com.br\/noticias\/juros-medios-bancos-caem-evm\/#primaryimage\",\"url\":\"https:\/\/files.sunoresearch.com.br\/n\/uploads\/2023\/05\/selic-inflacao.jpg\",\"contentUrl\":\"https:\/\/files.sunoresearch.com.br\/n\/uploads\/2023\/05\/selic-inflacao.jpg\",\"width\":1200,\"height\":800,\"caption\":\"Multiplan (MULT3) anuncia novo pagamento de R$ 131 milh\u00f5es em JCP. Foto: iStock\"},{\"@type\":\"BreadcrumbList\",\"@id\":\"https:\/\/www.suno.com.br\/noticias\/juros-medios-bancos-caem-evm\/#breadcrumb\",\"itemListElement\":[{\"@type\":\"ListItem\",\"position\":1,\"name\":\"Not\u00edcias\",\"item\":\"https:\/\/www.suno.com.br\/noticias\/\"},{\"@type\":\"ListItem\",\"position\":2,\"name\":\"Economia\",\"item\":\"https:\/\/www.suno.com.br\/noticias\/economia\/\"},{\"@type\":\"ListItem\",\"position\":3,\"name\":\"Juros m\u00e9dios dos bancos caem para 44,6% ao ano\"}]},{\"@type\":\"WebSite\",\"@id\":\"https:\/\/www.suno.com.br\/noticias\/#website\",\"url\":\"https:\/\/www.suno.com.br\/noticias\/\",\"name\":\"Suno Not\u00edcias\",\"description\":\"Seu portal de informa\u00e7\u00e3o sobre o mundo dos investimentos\",\"publisher\":{\"@id\":\"https:\/\/www.suno.com.br\/noticias\/#organization\"},\"potentialAction\":[{\"@type\":\"SearchAction\",\"target\":{\"@type\":\"EntryPoint\",\"urlTemplate\":\"https:\/\/www.suno.com.br\/noticias\/?s={search_term_string}\"},\"query-input\":{\"@type\":\"PropertyValueSpecification\",\"valueRequired\":true,\"valueName\":\"search_term_string\"}}],\"inLanguage\":\"pt-BR\"},{\"@type\":\"Organization\",\"@id\":\"https:\/\/www.suno.com.br\/noticias\/#organization\",\"name\":\"Suno Not\u00edcias\",\"url\":\"https:\/\/www.suno.com.br\/noticias\/\",\"logo\":{\"@type\":\"ImageObject\",\"inLanguage\":\"pt-BR\",\"@id\":\"https:\/\/www.suno.com.br\/noticias\/#\/schema\/logo\/image\/\",\"url\":\"https:\/\/files.sunoresearch.com.br\/n\/uploads\/2021\/09\/suno-logo.png\",\"contentUrl\":\"https:\/\/files.sunoresearch.com.br\/n\/uploads\/2021\/09\/suno-logo.png\",\"width\":180,\"height\":180,\"caption\":\"Suno Not\u00edcias\"},\"image\":{\"@id\":\"https:\/\/www.suno.com.br\/noticias\/#\/schema\/logo\/image\/\"},\"sameAs\":[\"https:\/\/facebook.com\/sunoresearch\",\"https:\/\/x.com\/sunoresearch\",\"https:\/\/www.instagram.com\/suno\",\"https:\/\/www.linkedin.com\/company\/suno-research\/\",\"https:\/\/www.youtube.com\/c\/sunoresearch\"]},{\"@type\":\"Person\",\"@id\":\"https:\/\/www.suno.com.br\/noticias\/#\/schema\/person\/7f4d362bf3518e76090143ae77bb49a5\",\"name\":\"Eduardo Vargas\",\"image\":{\"@type\":\"ImageObject\",\"inLanguage\":\"pt-BR\",\"@id\":\"https:\/\/www.suno.com.br\/noticias\/#\/schema\/person\/image\/\",\"url\":\"https:\/\/secure.gravatar.com\/avatar\/dac340933427a22924c9f99d1eb2e3f2?s=96&r=g\",\"contentUrl\":\"https:\/\/secure.gravatar.com\/avatar\/dac340933427a22924c9f99d1eb2e3f2?s=96&r=g\",\"caption\":\"Eduardo Vargas\"},\"description\":\"Jornalista formado pela UFSC, cobre macroeconomia, neg\u00f3cios e startups para o Suno Not\u00edcias, escrevendo principalmente not\u00edcias sobre o mercado financeiro e a bolsa de valores. No YouTube e no Instagram, \u00e9 respons\u00e1vel pela produ\u00e7\u00e3o de Reels e Shorts do Suno Not\u00edcias. Anteriormente, trabalhou cobrindo economia e cotidiano no ND+ e para o ND, maior jornal impresso de Santa Catarina. Cursou um semestre letivo de Estudos de M\u00eddia na Universidad de Buenos Aires.\",\"url\":\"https:\/\/www.suno.com.br\/noticias\/author\/eduardo-vargas\/\"}]}<\/script>\n<!-- \/ Yoast SEO plugin. -->","yoast_head_json":{"title":"Juros m\u00e9dios dos bancos caem para 44,6% ao ano","description":"Em 12 meses, entretanto, a alta nos juros m\u00e9dios \u00e9 de 5,6 pontos percentuais, segundo a publica\u00e7\u00e3o Estat\u00edsticas Monet\u00e1rias e de Cr\u00e9dito","robots":{"index":"index","follow":"follow","max-snippet":"max-snippet:-1","max-image-preview":"max-image-preview:large","max-video-preview":"max-video-preview:-1"},"canonical":"https:\/\/www.suno.com.br\/noticias\/juros-medios-bancos-caem-evm\/","og_locale":"pt_BR","og_type":"article","og_title":"Juros m\u00e9dios dos bancos caem para 44,6% ao ano","og_description":"Em 12 meses, entretanto, a alta nos juros m\u00e9dios \u00e9 de 5,6 pontos percentuais, segundo a publica\u00e7\u00e3o Estat\u00edsticas Monet\u00e1rias e de Cr\u00e9dito","og_url":"https:\/\/www.suno.com.br\/noticias\/juros-medios-bancos-caem-evm\/","og_site_name":"Suno Not\u00edcias","article_publisher":"https:\/\/facebook.com\/sunoresearch","og_image":[{"width":1200,"height":800,"url":"https:\/\/files.sunoresearch.com.br\/n\/uploads\/2023\/05\/selic-inflacao.jpg","type":"image\/jpeg"}],"author":"Eduardo Vargas","twitter_card":"summary_large_image","twitter_creator":"@sunoresearch","twitter_site":"@sunoresearch","twitter_misc":{"Escrito por":"Eduardo Vargas","Est. tempo de leitura":"8 minutos"},"schema":{"@context":"https:\/\/schema.org","@graph":[{"@type":"NewsArticle","@id":"https:\/\/www.suno.com.br\/noticias\/juros-medios-bancos-caem-evm\/#article","isPartOf":{"@id":"https:\/\/www.suno.com.br\/noticias\/juros-medios-bancos-caem-evm\/"},"author":{"name":"Eduardo Vargas","@id":"https:\/\/www.suno.com.br\/noticias\/#\/schema\/person\/7f4d362bf3518e76090143ae77bb49a5"},"headline":"Juros m\u00e9dios dos bancos caem para 44,6% ao ano","datePublished":"2023-07-27T16:55:51+00:00","dateModified":"2023-07-27T16:55:59+00:00","mainEntityOfPage":{"@id":"https:\/\/www.suno.com.br\/noticias\/juros-medios-bancos-caem-evm\/"},"wordCount":1358,"publisher":{"@id":"https:\/\/www.suno.com.br\/noticias\/#organization"},"image":{"@id":"https:\/\/www.suno.com.br\/noticias\/juros-medios-bancos-caem-evm\/#primaryimage"},"thumbnailUrl":"https:\/\/files.sunoresearch.com.br\/n\/uploads\/2023\/05\/selic-inflacao.jpg","keywords":["AGU","taxa de juros"],"articleSection":["Economia"],"inLanguage":"pt-BR"},{"@type":"WebPage","@id":"https:\/\/www.suno.com.br\/noticias\/juros-medios-bancos-caem-evm\/","url":"https:\/\/www.suno.com.br\/noticias\/juros-medios-bancos-caem-evm\/","name":"Juros m\u00e9dios dos bancos caem para 44,6% ao ano","isPartOf":{"@id":"https:\/\/www.suno.com.br\/noticias\/#website"},"primaryImageOfPage":{"@id":"https:\/\/www.suno.com.br\/noticias\/juros-medios-bancos-caem-evm\/#primaryimage"},"image":{"@id":"https:\/\/www.suno.com.br\/noticias\/juros-medios-bancos-caem-evm\/#primaryimage"},"thumbnailUrl":"https:\/\/files.sunoresearch.com.br\/n\/uploads\/2023\/05\/selic-inflacao.jpg","datePublished":"2023-07-27T16:55:51+00:00","dateModified":"2023-07-27T16:55:59+00:00","description":"Em 12 meses, entretanto, a alta nos juros m\u00e9dios \u00e9 de 5,6 pontos percentuais, segundo a publica\u00e7\u00e3o Estat\u00edsticas Monet\u00e1rias e de Cr\u00e9dito","breadcrumb":{"@id":"https:\/\/www.suno.com.br\/noticias\/juros-medios-bancos-caem-evm\/#breadcrumb"},"inLanguage":"pt-BR","potentialAction":[{"@type":"ReadAction","target":["https:\/\/www.suno.com.br\/noticias\/juros-medios-bancos-caem-evm\/"]}]},{"@type":"ImageObject","inLanguage":"pt-BR","@id":"https:\/\/www.suno.com.br\/noticias\/juros-medios-bancos-caem-evm\/#primaryimage","url":"https:\/\/files.sunoresearch.com.br\/n\/uploads\/2023\/05\/selic-inflacao.jpg","contentUrl":"https:\/\/files.sunoresearch.com.br\/n\/uploads\/2023\/05\/selic-inflacao.jpg","width":1200,"height":800,"caption":"Multiplan (MULT3) anuncia novo pagamento de R$ 131 milh\u00f5es em JCP. Foto: iStock"},{"@type":"BreadcrumbList","@id":"https:\/\/www.suno.com.br\/noticias\/juros-medios-bancos-caem-evm\/#breadcrumb","itemListElement":[{"@type":"ListItem","position":1,"name":"Not\u00edcias","item":"https:\/\/www.suno.com.br\/noticias\/"},{"@type":"ListItem","position":2,"name":"Economia","item":"https:\/\/www.suno.com.br\/noticias\/economia\/"},{"@type":"ListItem","position":3,"name":"Juros m\u00e9dios dos bancos caem para 44,6% ao ano"}]},{"@type":"WebSite","@id":"https:\/\/www.suno.com.br\/noticias\/#website","url":"https:\/\/www.suno.com.br\/noticias\/","name":"Suno Not\u00edcias","description":"Seu portal de informa\u00e7\u00e3o sobre o mundo dos investimentos","publisher":{"@id":"https:\/\/www.suno.com.br\/noticias\/#organization"},"potentialAction":[{"@type":"SearchAction","target":{"@type":"EntryPoint","urlTemplate":"https:\/\/www.suno.com.br\/noticias\/?s={search_term_string}"},"query-input":{"@type":"PropertyValueSpecification","valueRequired":true,"valueName":"search_term_string"}}],"inLanguage":"pt-BR"},{"@type":"Organization","@id":"https:\/\/www.suno.com.br\/noticias\/#organization","name":"Suno Not\u00edcias","url":"https:\/\/www.suno.com.br\/noticias\/","logo":{"@type":"ImageObject","inLanguage":"pt-BR","@id":"https:\/\/www.suno.com.br\/noticias\/#\/schema\/logo\/image\/","url":"https:\/\/files.sunoresearch.com.br\/n\/uploads\/2021\/09\/suno-logo.png","contentUrl":"https:\/\/files.sunoresearch.com.br\/n\/uploads\/2021\/09\/suno-logo.png","width":180,"height":180,"caption":"Suno Not\u00edcias"},"image":{"@id":"https:\/\/www.suno.com.br\/noticias\/#\/schema\/logo\/image\/"},"sameAs":["https:\/\/facebook.com\/sunoresearch","https:\/\/x.com\/sunoresearch","https:\/\/www.instagram.com\/suno","https:\/\/www.linkedin.com\/company\/suno-research\/","https:\/\/www.youtube.com\/c\/sunoresearch"]},{"@type":"Person","@id":"https:\/\/www.suno.com.br\/noticias\/#\/schema\/person\/7f4d362bf3518e76090143ae77bb49a5","name":"Eduardo Vargas","image":{"@type":"ImageObject","inLanguage":"pt-BR","@id":"https:\/\/www.suno.com.br\/noticias\/#\/schema\/person\/image\/","url":"https:\/\/secure.gravatar.com\/avatar\/dac340933427a22924c9f99d1eb2e3f2?s=96&r=g","contentUrl":"https:\/\/secure.gravatar.com\/avatar\/dac340933427a22924c9f99d1eb2e3f2?s=96&r=g","caption":"Eduardo Vargas"},"description":"Jornalista formado pela UFSC, cobre macroeconomia, neg\u00f3cios e startups para o Suno Not\u00edcias, escrevendo principalmente not\u00edcias sobre o mercado financeiro e a bolsa de valores. No YouTube e no Instagram, \u00e9 respons\u00e1vel pela produ\u00e7\u00e3o de Reels e Shorts do Suno Not\u00edcias. Anteriormente, trabalhou cobrindo economia e cotidiano no ND+ e para o ND, maior jornal impresso de Santa Catarina. Cursou um semestre letivo de Estudos de M\u00eddia na Universidad de Buenos Aires.","url":"https:\/\/www.suno.com.br\/noticias\/author\/eduardo-vargas\/"}]}},"default_loop_html":"<div class=\"cardsPage__listCard__boxs\"><div class=\"cardsPage__listCard__boxs__img\"><a href=\"https:\/\/www.suno.com.br\/noticias\/juros-medios-bancos-caem-evm\/\"><img class=\"mask\" src=\"https:\/\/www.suno.com.br\/noticias\/wp-content\/themes\/suno\/resources\/images\/spotlight\/spotlight1img\/bg-mask.png\" alt=\"Image Mask\"\/><img src=\"https:\/\/files.sunoresearch.com.br\/n\/uploads\/2023\/05\/selic-inflacao-400x200.jpg\" alt=\"Juros m\u00e9dios dos bancos caem para 44,6% ao ano\"\/><\/a><span class=\"spotlightCategory\"><a href=\"https:\/\/www.suno.com.br\/noticias\/economia\/\">Economia<\/a><\/span><\/div><div class=\"cardsPage__listCard__boxs__content\"><a href=\"https:\/\/www.suno.com.br\/noticias\/juros-medios-bancos-caem-evm\/\"><h2 class=\"content__title\">Juros m\u00e9dios dos bancos caem para 44,6% ao ano<\/h2><\/a><div class=\"newsContent__article__meta\"><div class=\"newsContent__article__meta__authorBox\"><a href=\"https:\/\/www.suno.com.br\/noticias\/author\/eduardo-vargas\/\" class=\"authorBox__avatar noMobi\"><img src=\"https:\/\/secure.gravatar.com\/avatar\/dac340933427a22924c9f99d1eb2e3f2?s=96&#038;r=g\" alt=\"Eduardo Vargas\"><\/a><div class=\"authorBox__name\"><span>por\n\t\t\t<a href=\"https:\/\/www.suno.com.br\/noticias\/author\/eduardo-vargas\/\"><span itemprop=\"author\">Eduardo Vargas<\/span><\/a><\/span><time datetime=\"2023-07-27T13:55:51-03:00\" itemprop=\"datePublished\">27\/07\/2023 13:55<\/time><\/div><\/div><\/div><\/div><\/div>","single_layout":"posts","amp_enabled":true,"_links":{"self":[{"href":"https:\/\/www.suno.com.br\/noticias\/wp-json\/wp\/v2\/posts\/434358"}],"collection":[{"href":"https:\/\/www.suno.com.br\/noticias\/wp-json\/wp\/v2\/posts"}],"about":[{"href":"https:\/\/www.suno.com.br\/noticias\/wp-json\/wp\/v2\/types\/post"}],"author":[{"embeddable":true,"href":"https:\/\/www.suno.com.br\/noticias\/wp-json\/wp\/v2\/users\/73"}],"replies":[{"embeddable":true,"href":"https:\/\/www.suno.com.br\/noticias\/wp-json\/wp\/v2\/comments?post=434358"}],"version-history":[{"count":3,"href":"https:\/\/www.suno.com.br\/noticias\/wp-json\/wp\/v2\/posts\/434358\/revisions"}],"predecessor-version":[{"id":434449,"href":"https:\/\/www.suno.com.br\/noticias\/wp-json\/wp\/v2\/posts\/434358\/revisions\/434449"}],"wp:featuredmedia":[{"embeddable":true,"href":"https:\/\/www.suno.com.br\/noticias\/wp-json\/wp\/v2\/media\/408700"}],"wp:attachment":[{"href":"https:\/\/www.suno.com.br\/noticias\/wp-json\/wp\/v2\/media?parent=434358"}],"wp:term":[{"taxonomy":"category","embeddable":true,"href":"https:\/\/www.suno.com.br\/noticias\/wp-json\/wp\/v2\/categories?post=434358"},{"taxonomy":"post_tag","embeddable":true,"href":"https:\/\/www.suno.com.br\/noticias\/wp-json\/wp\/v2\/tags?post=434358"},{"taxonomy":"suno_strategy","embeddable":true,"href":"https:\/\/www.suno.com.br\/noticias\/wp-json\/wp\/v2\/suno_strategy?post=434358"}],"curies":[{"name":"wp","href":"https:\/\/api.w.org\/{rel}","templated":true}]}}