{"id":434296,"date":"2023-07-27T11:06:38","date_gmt":"2023-07-27T14:06:38","guid":{"rendered":"https:\/\/www.suno.com.br\/noticias\/?p=434296"},"modified":"2023-07-27T18:10:37","modified_gmt":"2023-07-27T21:10:37","slug":"petrobras-petr4-acoes-lideram-perdas-no-ibovespa-apos-relatorio-de-producao-gpj","status":"publish","type":"post","link":"https:\/\/www.suno.com.br\/noticias\/petrobras-petr4-acoes-lideram-perdas-no-ibovespa-apos-relatorio-de-producao-gpj\/","title":{"rendered":"Petrobras (PETR4): a\u00e7\u00f5es desabam ap\u00f3s relat\u00f3rio de produ\u00e7\u00e3o e pressionam o Ibovespa"},"content":{"rendered":"<p>As a\u00e7\u00f5es ordin\u00e1rias <a href=\"https:\/\/www.suno.com.br\/acoes\/petr3\/\">(PETR3)<\/a> e preferenciais <a href=\"https:\/\/www.suno.com.br\/acoes\/petr4\/\" target=\"_blank\" rel=\"noreferrer noopener\">(PETR4)<\/a> da <strong>Petrobras <\/strong>despencam nesta quinta-feira (27) no Ibovespa, pressionando o \u00edndice, com o mercado repercutindo os dados do \u00faltimo relat\u00f3rio de produ\u00e7\u00e3o da estatal, em que reportou uma queda anual na produ\u00e7\u00e3o total no segundo trimestre.<\/p>\t<div class=\"wrapper-featured-image\">\n\t\t<figure class=\"spotlightImg\">\n\n\t\t\t<picture>\n\t\t\t\t<source media=\"(max-width: 768px)\" srcset=\"https:\/\/files.sunoresearch.com.br\/n\/uploads\/2023\/03\/petrobras-petr4-refinaria-duque-de-caxias-400x200.jpg\">\n\t\t\t\t<img loading=\"lazy\" decoding=\"async\" class=\"newsContent__article__imgCapa lazyloadDisabled \" src=\"https:\/\/files.sunoresearch.com.br\/n\/uploads\/2023\/03\/petrobras-petr4-refinaria-duque-de-caxias-800x450.jpg\" width=\"800\" height=\"450\" alt=\"Petrobras (PETR4): a\u00e7\u00f5es desabam ap\u00f3s relat\u00f3rio de produ\u00e7\u00e3o e pressionam o Ibovespa\" fetchpriority=high \/>\n\t\t\t<\/picture>\n\n\t\t\t<figcaption class=\"wp-caption-text wp-caption-text--show\">Petrobras (PETR4). Foto: Ag\u00eancia Petrobras\/Divulga\u00e7\u00e3o \n\n<\/figcaption>\n\t\t<\/figure>\n\t<\/div>\n\n\n\n\n\n\n\n\t<p>\n\t\t<a href=\"\" target=\"_blank\" data-element=\"shortcode-suno-banner\" title=\"Banner SUNO, clique e saiba mais\">\n\t\t\t<picture>\n\t\t\t\t<source media=\"(max-width: 500px)\" srcset=\"\">\n\t\t\t\t<img class=\"newsContent__article__imgCapa newsContent__article__imgCapa--banner\"\n\t\t\t\t\tsrc=\"\"\n\t\t\t\t\tdata-promo-id=\"250705\"\t\t\t\t\t\t\t\t\t\t\t\t\t\t\talt=\"\"\n\t\t\t\t>\n\t\t\t<\/picture>\n\t\t<\/a>\n\t<\/p>\n\n\n\n\n\n<p>No fechamento, as <strong>a\u00e7\u00f5es ordin\u00e1rias da Petrobras<\/strong> (PETR3) recuaram 5,63%, a R$ 33,52, enquanto as <strong>a\u00e7\u00f5es preferenciais<\/strong> (PETR4) ca\u00edam 5,19%, cotadas a R$ 29,39.<\/p>\n\n\n\n<div class=\"pluginQuotation\">\n  <p class=\"ticker\">\n    Cota\u00e7\u00e3o <span>PETR4<\/span>\n  <\/p>\n  <div class=\"info\">\n    <div class=\"leftSide\">\n      Gr\u00e1fico gerado em: 27\/07\/2023    <\/div>\n\t\t\t\t\t<div class=\"rightSide\">\n\t\t\t\t\t<span class=\"period\">\n\t\t\t\t\t\t1 Dia\t\t\t\t\t<\/span>\n\t\t\t<\/div>\n\t\t  <\/div>\n\n  <div id=\"chart-3d652f642d443e3d692a0c1da6e97e02\" data-block-hash=\"3d652f642d443e3d692a0c1da6e97e02\"  class=\"chart\" style=\"width:100%;height:400px;\"><\/div>\n\n  <div class=\"pluginQuotation__footer\">\n    <div class=\"dataChart\">\n\n      <div class=\"dataChart__div1 variation\">\n        <div class=\"value-negative\">\n          -1,17 (-0,36%)        <\/div>\n        <div class=\"text\">\n          Varia\u00e7\u00e3o do per\u00edodo\n        <\/div>\n      <\/div>\n\n      <div class=\"dataChart__div2 minMax\">\n        <div class=\"value\">\n          R$\u00a030,43        <\/div>\n        <div class=\"text\">\n          M\u00ednima\n        <\/div>\n      <\/div>\n\n      <div class=\"dataChart__div3 minMax\">\n        <div class=\"value\">\n          R$\u00a030,83        <\/div>\n        <div class=\"text\">\n          M\u00e1xima\n        <\/div>\n      <\/div>\n\n\t\t\t<div class=\"dataChart__div4 rightSide\">\n\t\t\t\t<div class=\"analiticaSource\">\n\t\t\t\t\t<span>\n\t\t\t\t\t\tFonte:\n\t\t\t\t\t<\/span>\n\t\t\t\t\t<img decoding=\"async\" class=\"analiticaLogo\" src=\"https:\/\/www.suno.com.br\/noticias\/wp-content\/plugins\/suno-block-ticker-quotation\/src\/suno-analitica-logo.png\" alt=\"Logo Suno Anal\u00edtica\" \/>\n\t\t\t\t<\/div>\n\n\t\t\t\t<a href=\"https:\/\/www.suno.com.br\/analitica\/acoes\/PETR4\" target=\"_blank\">\n\t\t\t\t\t<span>\n\t\t\t\t\t\tVer mais cota\u00e7\u00f5es\n\t\t\t\t\t<\/span>\n\t\t\t\t\t<svg xmlns=\"http:\/\/www.w3.org\/2000\/svg\" width=\"9\" height=\"8\" viewBox=\"0 0 9 8\" fill=\"none\">\n\t\t\t\t\t\t<path d=\"M4.20996 0L3.50496 0.705L6.29496 3.5H0.209961V4.5H6.29496L3.50496 7.295L4.20996 8L8.20996 4L4.20996 0Z\" fill=\"#D42126\" \/>\n\t\t\t\t\t<\/svg>\n\t\t\t\t<\/a>\n    <\/div>\n\n    <\/div>\n  <\/div>\n<\/div>\n\n\n<script type=\"text\/javascript\">\n  let chart_3d652f642d443e3d692a0c1da6e97e02 = document.getElementById('chart-3d652f642d443e3d692a0c1da6e97e02');\n  let data_json_3d652f642d443e3d692a0c1da6e97e02 = \"[{\\\"date\\\":\\\"27\\\\\\\/07\\\\\\\/23 10:02\\\",\\\"value\\\":30.81},{\\\"date\\\":\\\"27\\\\\\\/07\\\\\\\/23 10:04\\\",\\\"value\\\":30.83},{\\\"date\\\":\\\"27\\\\\\\/07\\\\\\\/23 10:06\\\",\\\"value\\\":30.78},{\\\"date\\\":\\\"27\\\\\\\/07\\\\\\\/23 10:08\\\",\\\"value\\\":30.81},{\\\"date\\\":\\\"27\\\\\\\/07\\\\\\\/23 10:10\\\",\\\"value\\\":30.69},{\\\"date\\\":\\\"27\\\\\\\/07\\\\\\\/23 10:12\\\",\\\"value\\\":30.72},{\\\"date\\\":\\\"27\\\\\\\/07\\\\\\\/23 10:14\\\",\\\"value\\\":30.73},{\\\"date\\\":\\\"27\\\\\\\/07\\\\\\\/23 10:16\\\",\\\"value\\\":30.68},{\\\"date\\\":\\\"27\\\\\\\/07\\\\\\\/23 10:18\\\",\\\"value\\\":30.55},{\\\"date\\\":\\\"27\\\\\\\/07\\\\\\\/23 10:20\\\",\\\"value\\\":30.47},{\\\"date\\\":\\\"27\\\\\\\/07\\\\\\\/23 10:22\\\",\\\"value\\\":30.54},{\\\"date\\\":\\\"27\\\\\\\/07\\\\\\\/23 10:24\\\",\\\"value\\\":30.6},{\\\"date\\\":\\\"27\\\\\\\/07\\\\\\\/23 10:26\\\",\\\"value\\\":30.61},{\\\"date\\\":\\\"27\\\\\\\/07\\\\\\\/23 10:28\\\",\\\"value\\\":30.56},{\\\"date\\\":\\\"27\\\\\\\/07\\\\\\\/23 10:30\\\",\\\"value\\\":30.45},{\\\"date\\\":\\\"27\\\\\\\/07\\\\\\\/23 10:32\\\",\\\"value\\\":30.43},{\\\"date\\\":\\\"27\\\\\\\/07\\\\\\\/23 10:34\\\",\\\"value\\\":30.45}]\";\n  let isPositive_3d652f642d443e3d692a0c1da6e97e02 = \"\";\n\n  let color_3d652f642d443e3d692a0c1da6e97e02 = isPositive_3d652f642d443e3d692a0c1da6e97e02 ? '#3AB53A' : '#D92C2D';\n\n  let data_3d652f642d443e3d692a0c1da6e97e02 = JSON.parse(data_json_3d652f642d443e3d692a0c1da6e97e02);\n\n  const result_3d652f642d443e3d692a0c1da6e97e02 = {\n    date: [],\n    value: [],\n  };\n\n  data_3d652f642d443e3d692a0c1da6e97e02.forEach((item) => {\n    result_3d652f642d443e3d692a0c1da6e97e02.date.push(item.date);\n    result_3d652f642d443e3d692a0c1da6e97e02.value.push(Number(item.value));\n  });\n\n  let option_3d652f642d443e3d692a0c1da6e97e02 = {\n    \/\/ variavel de cor global\n    color: [color_3d652f642d443e3d692a0c1da6e97e02],\n    title: {\n      text: '',\n    },\n    tooltip: {\n      trigger: 'axis',\n      axisPointer: {\n        type: 'cross',\n        label: {\n          \/\/ cor dos valores em X e Y\n          backgroundColor: color_3d652f642d443e3d692a0c1da6e97e02,\n          formatter: (value) => {\n            if (typeof value.value === 'number') {\n              return Number(value.value).toLocaleString('pt-br', {\n                style: 'currency',\n                currency: 'BRL'\n              });\n            }\n            return value.value;\n          },\n        },\n      },\n      valueFormatter: (value) => Number(value).toLocaleString('pt-br', {\n        style: 'currency',\n        currency: 'BRL'\n      }),\n    },\n    legend: {\n      \/\/ data: ['Valor de Fechamento'],\n      show: false,\n    },\n    toolbox: {\n      feature: {\n        saveAsImage: {\n          show: false,\n        },\n      },\n    },\n    grid: {\n      left: '0px',\n      right: '0px',\n      bottom: '0px',\n      containLabel: true,\n    },\n    xAxis: [{\n      type: 'category',\n      data: result_3d652f642d443e3d692a0c1da6e97e02.date,\n      boundaryGap: true,\n    }],\n    yAxis: [{\n      type: 'value',\n      min: Math.min(...result_3d652f642d443e3d692a0c1da6e97e02.value),\n      max: Math.max(...result_3d652f642d443e3d692a0c1da6e97e02.value),\n      axisLabel: {\n        formatter: (value) => value.toLocaleString('pt-br', {\n          style: 'currency',\n          currency: 'BRL'\n        }),\n      },\n    }],\n    series: [{\n      name: 'Valor de Fechamento',\n      type: 'line',\n      stack: 'Total',\n      \/\/ cor do grafico\n      areaStyle: {},\n      emphasis: {\n        focus: 'series',\n      },\n      data: result_3d652f642d443e3d692a0c1da6e97e02.value,\n      \/\/ cor da linha\n      lineStyle: {\n        color: color_3d652f642d443e3d692a0c1da6e97e02,\n      },\n    }, ],\n  };\n\n\twindow.chart_3d652f642d443e3d692a0c1da6e97e02 = {\n\t\tel: chart_3d652f642d443e3d692a0c1da6e97e02,\n\t\toption: option_3d652f642d443e3d692a0c1da6e97e02\t};\n\n\n<\/script>\n\n\n\n<p>No segundo trimestre, a&nbsp;<strong>Petrobras<\/strong> registrou uma produ\u00e7\u00e3o total, em m\u00e9dia, de 2,64 milh\u00f5es de barris de \u00f3leo equivalente por dia equivalente (boe, petr\u00f3leo e g\u00e1s natural), uma queda de 0,5% na compara\u00e7\u00e3o com o mesmo trimestre de 2022. Em rela\u00e7\u00e3o ao primeiro trimestre deste ano, houve queda de 1,4%.<\/p>\n\n\n\n<p>As informa\u00e7\u00e3o est\u00e3o no&nbsp;<strong>relat\u00f3rio de produ\u00e7\u00e3o da Petrobras<\/strong>, divulgado na noite desta quarta-feira (26).<\/p>\n\n\n\n<p>Essa queda de produ\u00e7\u00e3o, informou a Petrobras, teve a ver com \u201cmaior volume de perdas por paradas e manuten\u00e7\u00f5es; decl\u00ednio natural de campos maduros e desinvestimentos\u201d.<\/p>\n\n\n\n<p>Tamb\u00e9m motivou e acentuou a <strong>queda da Petrobras<\/strong> outra not\u00edcia. Segundo apurou a <strong>Coluna do Estad\u00e3o<\/strong>, gente de peso e influente junto ao governo d\u00e1 conta de que haver\u00e1 mudan\u00e7as &#8220;o quanto antes&#8221; na diretoria da Petrobras e que a gest\u00e3o de Jean Paul Prates estaria desagradando Lula e o PT. Fontes ouvidas pelo <strong>Broadcast<\/strong> j\u00e1 falam na sa\u00edda de Prates do comando da estatal &#8211; um ru\u00eddo que contribui para ampliar incerteza sobre a estatal no momento em que a pol\u00edtica de dividendos segue no foco de aten\u00e7\u00e3o do mercado.<\/p>\n\n\n\n<h2 class=\"wp-block-heading\">Dados de produ\u00e7\u00e3o destacam nova estrat\u00e9gia de precifica\u00e7\u00e3o, diz BTG<\/h2>\n\n\n\n<p>Segundo analistas do BTG Pactual, os dados de produ\u00e7\u00e3o de vendas divulgados pela Petrobras destacam a nova estrat\u00e9gia de precifica\u00e7\u00e3o de combust\u00edvel da empresa. Para o banco, pre\u00e7os menores da estatal em rela\u00e7\u00e3o \u00e0 paridade de importa\u00e7\u00e3o no segundo trimestre refor\u00e7am a vantagem competitiva do combust\u00edvel f\u00f3ssil sobre o etanol, apesar dos desinvestimentos de ativos.<\/p>\n\n\n\n<p>&#8220;Com visibilidade sobre a rentabilidade atual do neg\u00f3cio de refino ainda baixo, acreditamos que as margens do segmento ser\u00e3o um dos principais focos do mercado, possivelmente proporcionando uma melhor avalia\u00e7\u00e3o da gest\u00e3o quanto ao crescimento da quota de mercado&#8221;, pontuou.<\/p>\n\n\n\n<p>O BTG tamb\u00e9m espera que a Petrobras anuncie uma poss\u00edvel mudan\u00e7a na sua pol\u00edtica de dividendos at\u00e9 o final desta semana.<\/p>\n\n\n\n<p>&#8220;Admitimos que nos tornamos menos pessimistas em rela\u00e7\u00e3o \u00e0 Petrobras nos \u00faltimos meses, mas as vantagens potenciais n\u00e3o parecem mais t\u00e3o claras quanto antes. Recomendamos que os investidores aguardem at\u00e9 que haja mais clareza sobre a aloca\u00e7\u00e3o de capital da empresa&#8221;, acrescentou a institui\u00e7\u00e3o.<\/p>\n\n\n\n<p>O BTG tem recomenda\u00e7\u00e3o &#8220;neutra&#8221; para as a\u00e7\u00f5es da Petrobras, com pre\u00e7o-alvo a US$ 14,00 para as ADRs.<\/p>\n\n\n\n<h2 class=\"wp-block-heading\">Esperamos resultados s\u00f3lidos, apesar de ventos contr\u00e1rios, diz Santander <\/h2>\n\n\n\n<p>Em relat\u00f3rio, analistas do Santander pontuaram que apesar de uma menor produ\u00e7\u00e3o no segundo trimestre, e v\u00e1rios ventos contr\u00e1rios &#8211; como pre\u00e7os mais baixos do petr\u00f3leo e impostos de exporta\u00e7\u00e3o do material &#8211; esperam que a Petrobras entregue um Ebitda s\u00f3lido de US$ 12,4 bilh\u00f5es no per\u00edodo, sustentando um dividendo robusto de US$ 3,1 bilh\u00f5es, assumindo que os resultados incorporam uma nova pol\u00edtica de dividendos.<\/p>\n\n\n\n<p>O Santander tem recomenda\u00e7\u00e3o \u201coutperform\u201d para as a\u00e7\u00f5es da Petrobras, o equivalente a \u201ccompra\u201d, com pre\u00e7o-alvo a US$ 19,00 para as ADRs.<\/p>\n\n\n\n<h2 class=\"wp-block-heading\">Outros n\u00fameros do relat\u00f3rio<\/h2>\n\n\n\n<p>No segundo trimestre, a produ\u00e7\u00e3o comercial da Petrobras foi de 2,312 milh\u00f5es de boe\/d, queda de 0,9% ante o segundo trimestre de 2022, e queda de 1,7% contra o trimestre anterior.<\/p>\n\n\n\n<p>A&nbsp;<strong>produ\u00e7\u00e3o de petr\u00f3leo da Petrobras<\/strong>&nbsp;foi de 2,102 milh\u00f5es de barris por dia (bpd) no segundo trimestre deste ano, 0,6% menor do que no segundo trimestre de 2022. J\u00e1 em rela\u00e7\u00e3o ao trimestre anterior, a queda foi de 1,8%.<\/p>\n\n\n\n<p>J\u00e1 a&nbsp;<strong>produ\u00e7\u00e3o de g\u00e1s natural da Petrobras<\/strong>&nbsp;totalizou 501 mil boe\/d, queda de 0,2% na compara\u00e7\u00e3o com um ano antes, mas 0,4% acima do volume produzido no primeiro trimestre de 2023.<\/p>\n\n\n\n<p>Segundo o documento, o volume de vendas de derivados no 2T23 aumentou 1,5% em rela\u00e7\u00e3o ao 1T23, principalmente por conta da gasolina, em raz\u00e3o da maior competitividade.<\/p>\n\n\n\n<p>A produ\u00e7\u00e3o de derivados, por sua vez, subiu 9,4%.<\/p>\n\n\n\n<p>\u201cEsse aumento foi suportado por uma maior disponibilidade das refinarias, ap\u00f3s a realiza\u00e7\u00e3o de importantes paradas programadas ocorridas no 1T23 (unidades da REVAP, REFAP e RPBC), al\u00e9m do maior FUT de 93% no 2T23\u201d, diz o&nbsp;<strong>relat\u00f3rio da Petrobras<\/strong>.<\/p>\n\n\n\n<p>A&nbsp;<strong>produ\u00e7\u00e3o no pr\u00e9-sal<\/strong>&nbsp;bateu novo recorde trimestral de 2,06 milh\u00f5es de boed, o equivalente a 78% da produ\u00e7\u00e3o total da Petrobras, superando o recorde anterior de 2,05 milh\u00f5es de boed.<\/p>\n\n\n\n<p>As vendas de diesel tiveram alta de 0,8% no segundo trimestre, com volume de produ\u00e7\u00e3o equiparado ao volume de vendas.<\/p>\n\n\n\n<p>\u201cO aumento das vendas \u00e9 explicado, principalmente, pela sazonalidade de consumo, usualmente mais fraca no primeiro trimestre de cada ano devido \u00e0 redu\u00e7\u00e3o da atividade econ\u00f4mica, o que foi parcialmente atenuado pelo aumento do teor de mistura obrigat\u00f3ria de biodiesel a partir de abril de 2023\u201d, diz a Petrobras.<\/p>\n\n\n\t<p>\n\t\t<a href=\"https:\/\/lp.suno.com.br\/ebook-como-analisar-uma-acao\/\" target=\"_blank\" data-element=\"shortcode-suno-banner\" title=\"Banner SUNO, clique e saiba mais\">\n\t\t\t<picture>\n\t\t\t\t<source media=\"(max-width: 500px)\" srcset=\"https:\/\/files.sunoresearch.com.br\/n\/uploads\/2023\/03\/Ebook-Acoes-Mobile.jpg\">\n\t\t\t\t<img class=\"newsContent__article__imgCapa newsContent__article__imgCapa--banner\"\n\t\t\t\t\tsrc=\"https:\/\/files.sunoresearch.com.br\/n\/uploads\/2023\/03\/Ebook-Acoes-Desktop.jpg\"\n\t\t\t\t\tdata-promo-id=\"378302\"\t\t\t\t\t\t\t\t\t\twidth='1420' height='286'\t\t\t\t\talt=\"https:\/\/files.sunoresearch.com.br\/n\/uploads\/2023\/03\/Ebook-Acoes-Desktop.jpg\"\n\t\t\t\t>\n\t\t\t<\/picture>\n\t\t<\/a>\n\t<\/p>\n\n\n\n\n\n<h2 class=\"wp-block-heading\">Vendas de gasolina t\u00eam alta<\/h2>\n\n\n\n<p>As vendas de gasolina subiram 15,7% na base anual, considerando ganho de participa\u00e7\u00e3o da gasolina sobre o etanol hidratado no abastecimento dos ve\u00edculos flex, assim como do aumento do mercado ciclo Otto.<\/p>\n\n\n\n<p>\u201cPor causa desses mesmos fatores, as&nbsp;<strong>vendas do 1S23 da Petrobras<\/strong>&nbsp;foram 9,3% superiores \u00e0s do 1S22, sendo as maiores para um primeiro semestre nos \u00faltimos 6 anos\u201d, diz a empresa.<\/p>\n\n\n\n<p>A gera\u00e7\u00e3o de energia el\u00e9trica ficou est\u00e1vel em rela\u00e7\u00e3o ao trimestre anterior, visando atender \u00e0 demanda nacional pelo vapor, com aloca\u00e7\u00e3o de parte da gera\u00e7\u00e3o em oportunidades comerciais relacionadas \u00e0 exporta\u00e7\u00e3o para a Argentina.<\/p>\n\n\n\n<p>Segundo o relat\u00f3rio, as vendas de g\u00e1s natural apresentaram estabilidade em rela\u00e7\u00e3o ao primeiro trimestre, permanecendo no patamar m\u00e9dio de 50 milh\u00f5es de m\u00b3\/dia.<\/p>\n\n\n\t<p>\n\t\t<a href=\"https:\/\/lp.suno.com.br\/plataforma-de-controle-de-investimentos\/\" target=\"_blank\" data-element=\"shortcode-suno-banner\" title=\"Banner SUNO, clique e saiba mais\">\n\t\t\t<picture>\n\t\t\t\t<source media=\"(max-width: 500px)\" srcset=\"https:\/\/files.sunoresearch.com.br\/n\/uploads\/2023\/03\/400x300-Controle-de-Investimentos.png\">\n\t\t\t\t<img class=\"newsContent__article__imgCapa newsContent__article__imgCapa--banner\"\n\t\t\t\t\tsrc=\"https:\/\/files.sunoresearch.com.br\/n\/uploads\/2023\/03\/1420x240-Controle-de-Investimentos.png\"\n\t\t\t\t\tdata-promo-id=\"383162\"\t\t\t\t\t\t\t\t\t\twidth='1420' height='240'\t\t\t\t\talt=\"https:\/\/files.sunoresearch.com.br\/n\/uploads\/2023\/03\/1420x240-Controle-de-Investimentos.png\"\n\t\t\t\t>\n\t\t\t<\/picture>\n\t\t<\/a>\n\t<\/p>\n\n\n","protected":false},"excerpt":{"rendered":"<p>As a\u00e7\u00f5es ordin\u00e1rias (PETR3) e preferenciais (PETR4) da Petrobras despencam nesta quinta-feira (27) no Ibovespa, pressionando o \u00edndice, com o mercado repercutindo os dados do \u00faltimo relat\u00f3rio de produ\u00e7\u00e3o da estatal, em que reportou uma queda anual na produ\u00e7\u00e3o total no segundo trimestre. Petrobras (PETR4). Foto: Ag\u00eancia Petrobras\/Divulga\u00e7\u00e3o No fechamento, as a\u00e7\u00f5es ordin\u00e1rias da Petrobras [&hellip;]<\/p>\n","protected":false},"author":313,"featured_media":372589,"comment_status":"closed","ping_status":"closed","sticky":false,"template":"","format":"standard","meta":[],"categories":[64],"tags":[2426,595],"suno_strategy":[],"class_list":["post-434296","post","type-post","status-publish","format-standard","has-post-thumbnail","hentry","category-negocios","tag-petr3","tag-petrobras-petr4"],"yoast_head":"<!-- This site is optimized with the Yoast SEO plugin v24.4 - https:\/\/yoast.com\/wordpress\/plugins\/seo\/ -->\n<title>Petrobras (PETR4): a\u00e7\u00f5es lideram perdas ap\u00f3s relat\u00f3rio de produ\u00e7\u00e3o<\/title>\n<meta name=\"description\" content=\"As a\u00e7\u00f5es ordin\u00e1rias e preferenciais da Petrobras despencam na manh\u00e3 desta quinta-feira (27) no Ibovespa, liderando as perdas do \u00edndice.\" \/>\n<meta name=\"robots\" content=\"index, follow, max-snippet:-1, max-image-preview:large, max-video-preview:-1\" \/>\n<link rel=\"canonical\" href=\"https:\/\/www.suno.com.br\/noticias\/petrobras-petr4-acoes-lideram-perdas-no-ibovespa-apos-relatorio-de-producao-gpj\/\" \/>\n<meta property=\"og:locale\" content=\"pt_BR\" \/>\n<meta property=\"og:type\" content=\"article\" \/>\n<meta property=\"og:title\" content=\"Petrobras (PETR4): a\u00e7\u00f5es lideram perdas ap\u00f3s relat\u00f3rio de produ\u00e7\u00e3o\" \/>\n<meta property=\"og:description\" content=\"As a\u00e7\u00f5es ordin\u00e1rias e preferenciais da Petrobras despencam na manh\u00e3 desta quinta-feira (27) no Ibovespa, liderando as perdas do \u00edndice.\" \/>\n<meta property=\"og:url\" content=\"https:\/\/www.suno.com.br\/noticias\/petrobras-petr4-acoes-lideram-perdas-no-ibovespa-apos-relatorio-de-producao-gpj\/\" \/>\n<meta property=\"og:site_name\" content=\"Suno Not\u00edcias\" \/>\n<meta property=\"article:publisher\" content=\"https:\/\/facebook.com\/sunoresearch\" \/>\n<meta property=\"og:image\" content=\"https:\/\/files.sunoresearch.com.br\/n\/uploads\/2023\/03\/petrobras-petr4-refinaria-duque-de-caxias.jpg\" \/>\n\t<meta property=\"og:image:width\" content=\"1214\" \/>\n\t<meta property=\"og:image:height\" content=\"800\" \/>\n\t<meta property=\"og:image:type\" content=\"image\/jpeg\" \/>\n<meta name=\"author\" content=\"Giovanni Porf\u00edrio Jacomino\" \/>\n<meta name=\"twitter:card\" content=\"summary_large_image\" \/>\n<meta name=\"twitter:creator\" content=\"@sunoresearch\" \/>\n<meta name=\"twitter:site\" content=\"@sunoresearch\" \/>\n<meta name=\"twitter:label1\" content=\"Escrito por\" \/>\n\t<meta name=\"twitter:data1\" content=\"Giovanni Porf\u00edrio Jacomino\" \/>\n\t<meta name=\"twitter:label2\" content=\"Est. tempo de leitura\" \/>\n\t<meta name=\"twitter:data2\" content=\"6 minutos\" \/>\n<script type=\"application\/ld+json\" class=\"yoast-schema-graph\">{\"@context\":\"https:\/\/schema.org\",\"@graph\":[{\"@type\":\"NewsArticle\",\"@id\":\"https:\/\/www.suno.com.br\/noticias\/petrobras-petr4-acoes-lideram-perdas-no-ibovespa-apos-relatorio-de-producao-gpj\/#article\",\"isPartOf\":{\"@id\":\"https:\/\/www.suno.com.br\/noticias\/petrobras-petr4-acoes-lideram-perdas-no-ibovespa-apos-relatorio-de-producao-gpj\/\"},\"author\":{\"name\":\"Giovanni Porf\u00edrio Jacomino\",\"@id\":\"https:\/\/www.suno.com.br\/noticias\/#\/schema\/person\/d0f32748bbca4bee871fa191ee4e2d40\"},\"headline\":\"Petrobras (PETR4): a\u00e7\u00f5es desabam ap\u00f3s relat\u00f3rio de produ\u00e7\u00e3o e pressionam o Ibovespa\",\"datePublished\":\"2023-07-27T14:06:38+00:00\",\"dateModified\":\"2023-07-27T21:10:37+00:00\",\"mainEntityOfPage\":{\"@id\":\"https:\/\/www.suno.com.br\/noticias\/petrobras-petr4-acoes-lideram-perdas-no-ibovespa-apos-relatorio-de-producao-gpj\/\"},\"wordCount\":1056,\"publisher\":{\"@id\":\"https:\/\/www.suno.com.br\/noticias\/#organization\"},\"image\":{\"@id\":\"https:\/\/www.suno.com.br\/noticias\/petrobras-petr4-acoes-lideram-perdas-no-ibovespa-apos-relatorio-de-producao-gpj\/#primaryimage\"},\"thumbnailUrl\":\"https:\/\/files.sunoresearch.com.br\/n\/uploads\/2023\/03\/petrobras-petr4-refinaria-duque-de-caxias.jpg\",\"keywords\":[\"PETR3\",\"Petrobras (PETR4)\"],\"articleSection\":[\"Neg\u00f3cios\"],\"inLanguage\":\"pt-BR\"},{\"@type\":\"WebPage\",\"@id\":\"https:\/\/www.suno.com.br\/noticias\/petrobras-petr4-acoes-lideram-perdas-no-ibovespa-apos-relatorio-de-producao-gpj\/\",\"url\":\"https:\/\/www.suno.com.br\/noticias\/petrobras-petr4-acoes-lideram-perdas-no-ibovespa-apos-relatorio-de-producao-gpj\/\",\"name\":\"Petrobras (PETR4): a\u00e7\u00f5es lideram perdas ap\u00f3s relat\u00f3rio de produ\u00e7\u00e3o\",\"isPartOf\":{\"@id\":\"https:\/\/www.suno.com.br\/noticias\/#website\"},\"primaryImageOfPage\":{\"@id\":\"https:\/\/www.suno.com.br\/noticias\/petrobras-petr4-acoes-lideram-perdas-no-ibovespa-apos-relatorio-de-producao-gpj\/#primaryimage\"},\"image\":{\"@id\":\"https:\/\/www.suno.com.br\/noticias\/petrobras-petr4-acoes-lideram-perdas-no-ibovespa-apos-relatorio-de-producao-gpj\/#primaryimage\"},\"thumbnailUrl\":\"https:\/\/files.sunoresearch.com.br\/n\/uploads\/2023\/03\/petrobras-petr4-refinaria-duque-de-caxias.jpg\",\"datePublished\":\"2023-07-27T14:06:38+00:00\",\"dateModified\":\"2023-07-27T21:10:37+00:00\",\"description\":\"As a\u00e7\u00f5es ordin\u00e1rias e preferenciais da Petrobras despencam na manh\u00e3 desta quinta-feira (27) no Ibovespa, liderando as perdas do \u00edndice.\",\"breadcrumb\":{\"@id\":\"https:\/\/www.suno.com.br\/noticias\/petrobras-petr4-acoes-lideram-perdas-no-ibovespa-apos-relatorio-de-producao-gpj\/#breadcrumb\"},\"inLanguage\":\"pt-BR\",\"potentialAction\":[{\"@type\":\"ReadAction\",\"target\":[\"https:\/\/www.suno.com.br\/noticias\/petrobras-petr4-acoes-lideram-perdas-no-ibovespa-apos-relatorio-de-producao-gpj\/\"]}]},{\"@type\":\"ImageObject\",\"inLanguage\":\"pt-BR\",\"@id\":\"https:\/\/www.suno.com.br\/noticias\/petrobras-petr4-acoes-lideram-perdas-no-ibovespa-apos-relatorio-de-producao-gpj\/#primaryimage\",\"url\":\"https:\/\/files.sunoresearch.com.br\/n\/uploads\/2023\/03\/petrobras-petr4-refinaria-duque-de-caxias.jpg\",\"contentUrl\":\"https:\/\/files.sunoresearch.com.br\/n\/uploads\/2023\/03\/petrobras-petr4-refinaria-duque-de-caxias.jpg\",\"width\":1214,\"height\":800,\"caption\":\"Petrobras (PETR4). Foto: Ag\u00eancia Petrobras\/Divulga\u00e7\u00e3o\"},{\"@type\":\"BreadcrumbList\",\"@id\":\"https:\/\/www.suno.com.br\/noticias\/petrobras-petr4-acoes-lideram-perdas-no-ibovespa-apos-relatorio-de-producao-gpj\/#breadcrumb\",\"itemListElement\":[{\"@type\":\"ListItem\",\"position\":1,\"name\":\"Not\u00edcias\",\"item\":\"https:\/\/www.suno.com.br\/noticias\/\"},{\"@type\":\"ListItem\",\"position\":2,\"name\":\"Neg\u00f3cios\",\"item\":\"https:\/\/www.suno.com.br\/noticias\/negocios\/\"},{\"@type\":\"ListItem\",\"position\":3,\"name\":\"Petrobras (PETR4): a\u00e7\u00f5es desabam ap\u00f3s relat\u00f3rio de produ\u00e7\u00e3o e pressionam o Ibovespa\"}]},{\"@type\":\"WebSite\",\"@id\":\"https:\/\/www.suno.com.br\/noticias\/#website\",\"url\":\"https:\/\/www.suno.com.br\/noticias\/\",\"name\":\"Suno Not\u00edcias\",\"description\":\"Seu portal de informa\u00e7\u00e3o sobre o mundo dos investimentos\",\"publisher\":{\"@id\":\"https:\/\/www.suno.com.br\/noticias\/#organization\"},\"potentialAction\":[{\"@type\":\"SearchAction\",\"target\":{\"@type\":\"EntryPoint\",\"urlTemplate\":\"https:\/\/www.suno.com.br\/noticias\/?s={search_term_string}\"},\"query-input\":{\"@type\":\"PropertyValueSpecification\",\"valueRequired\":true,\"valueName\":\"search_term_string\"}}],\"inLanguage\":\"pt-BR\"},{\"@type\":\"Organization\",\"@id\":\"https:\/\/www.suno.com.br\/noticias\/#organization\",\"name\":\"Suno Not\u00edcias\",\"url\":\"https:\/\/www.suno.com.br\/noticias\/\",\"logo\":{\"@type\":\"ImageObject\",\"inLanguage\":\"pt-BR\",\"@id\":\"https:\/\/www.suno.com.br\/noticias\/#\/schema\/logo\/image\/\",\"url\":\"https:\/\/files.sunoresearch.com.br\/n\/uploads\/2021\/09\/suno-logo.png\",\"contentUrl\":\"https:\/\/files.sunoresearch.com.br\/n\/uploads\/2021\/09\/suno-logo.png\",\"width\":180,\"height\":180,\"caption\":\"Suno Not\u00edcias\"},\"image\":{\"@id\":\"https:\/\/www.suno.com.br\/noticias\/#\/schema\/logo\/image\/\"},\"sameAs\":[\"https:\/\/facebook.com\/sunoresearch\",\"https:\/\/x.com\/sunoresearch\",\"https:\/\/www.instagram.com\/suno\",\"https:\/\/www.linkedin.com\/company\/suno-research\/\",\"https:\/\/www.youtube.com\/c\/sunoresearch\"]},{\"@type\":\"Person\",\"@id\":\"https:\/\/www.suno.com.br\/noticias\/#\/schema\/person\/d0f32748bbca4bee871fa191ee4e2d40\",\"name\":\"Giovanni Porf\u00edrio Jacomino\",\"image\":{\"@type\":\"ImageObject\",\"inLanguage\":\"pt-BR\",\"@id\":\"https:\/\/www.suno.com.br\/noticias\/#\/schema\/person\/image\/\",\"url\":\"https:\/\/secure.gravatar.com\/avatar\/efb32e19b730a121cb7a80f41ffec01a?s=96&r=g\",\"contentUrl\":\"https:\/\/secure.gravatar.com\/avatar\/efb32e19b730a121cb7a80f41ffec01a?s=96&r=g\",\"caption\":\"Giovanni Porf\u00edrio Jacomino\"},\"description\":\"Giovanni Porf\u00edrio Jacomino \u00e9 jornalista formado pela Universidade Estadual de Londrina (UEL) e p\u00f3s-graduado em Produ\u00e7\u00e3o e Pr\u00e1ticas Jornal\u00edsticas na Contemporaneidade na Faculdade C\u00e1sper L\u00edbero (FCL). Foi editor web no Startupi e no Finsiders, atuando ainda como editor no TC Mover, portal de not\u00edcias da TradersClub, fazendo a cobertura de assuntos relacionados ao mercado financeiro interno e externo. Atualmente, \u00e9 Rep\u00f3rter do Suno Not\u00edcias.\",\"url\":\"https:\/\/www.suno.com.br\/noticias\/author\/giovanni-porfiriosuno-com-br\/\"}]}<\/script>\n<!-- \/ Yoast SEO plugin. -->","yoast_head_json":{"title":"Petrobras (PETR4): a\u00e7\u00f5es lideram perdas ap\u00f3s relat\u00f3rio de produ\u00e7\u00e3o","description":"As a\u00e7\u00f5es ordin\u00e1rias e preferenciais da Petrobras despencam na manh\u00e3 desta quinta-feira (27) no Ibovespa, liderando as perdas do \u00edndice.","robots":{"index":"index","follow":"follow","max-snippet":"max-snippet:-1","max-image-preview":"max-image-preview:large","max-video-preview":"max-video-preview:-1"},"canonical":"https:\/\/www.suno.com.br\/noticias\/petrobras-petr4-acoes-lideram-perdas-no-ibovespa-apos-relatorio-de-producao-gpj\/","og_locale":"pt_BR","og_type":"article","og_title":"Petrobras (PETR4): a\u00e7\u00f5es lideram perdas ap\u00f3s relat\u00f3rio de produ\u00e7\u00e3o","og_description":"As a\u00e7\u00f5es ordin\u00e1rias e preferenciais da Petrobras despencam na manh\u00e3 desta quinta-feira (27) no Ibovespa, liderando as perdas do \u00edndice.","og_url":"https:\/\/www.suno.com.br\/noticias\/petrobras-petr4-acoes-lideram-perdas-no-ibovespa-apos-relatorio-de-producao-gpj\/","og_site_name":"Suno Not\u00edcias","article_publisher":"https:\/\/facebook.com\/sunoresearch","og_image":[{"width":1214,"height":800,"url":"https:\/\/files.sunoresearch.com.br\/n\/uploads\/2023\/03\/petrobras-petr4-refinaria-duque-de-caxias.jpg","type":"image\/jpeg"}],"author":"Giovanni Porf\u00edrio Jacomino","twitter_card":"summary_large_image","twitter_creator":"@sunoresearch","twitter_site":"@sunoresearch","twitter_misc":{"Escrito por":"Giovanni Porf\u00edrio Jacomino","Est. tempo de leitura":"6 minutos"},"schema":{"@context":"https:\/\/schema.org","@graph":[{"@type":"NewsArticle","@id":"https:\/\/www.suno.com.br\/noticias\/petrobras-petr4-acoes-lideram-perdas-no-ibovespa-apos-relatorio-de-producao-gpj\/#article","isPartOf":{"@id":"https:\/\/www.suno.com.br\/noticias\/petrobras-petr4-acoes-lideram-perdas-no-ibovespa-apos-relatorio-de-producao-gpj\/"},"author":{"name":"Giovanni Porf\u00edrio Jacomino","@id":"https:\/\/www.suno.com.br\/noticias\/#\/schema\/person\/d0f32748bbca4bee871fa191ee4e2d40"},"headline":"Petrobras (PETR4): a\u00e7\u00f5es desabam ap\u00f3s relat\u00f3rio de produ\u00e7\u00e3o e pressionam o Ibovespa","datePublished":"2023-07-27T14:06:38+00:00","dateModified":"2023-07-27T21:10:37+00:00","mainEntityOfPage":{"@id":"https:\/\/www.suno.com.br\/noticias\/petrobras-petr4-acoes-lideram-perdas-no-ibovespa-apos-relatorio-de-producao-gpj\/"},"wordCount":1056,"publisher":{"@id":"https:\/\/www.suno.com.br\/noticias\/#organization"},"image":{"@id":"https:\/\/www.suno.com.br\/noticias\/petrobras-petr4-acoes-lideram-perdas-no-ibovespa-apos-relatorio-de-producao-gpj\/#primaryimage"},"thumbnailUrl":"https:\/\/files.sunoresearch.com.br\/n\/uploads\/2023\/03\/petrobras-petr4-refinaria-duque-de-caxias.jpg","keywords":["PETR3","Petrobras (PETR4)"],"articleSection":["Neg\u00f3cios"],"inLanguage":"pt-BR"},{"@type":"WebPage","@id":"https:\/\/www.suno.com.br\/noticias\/petrobras-petr4-acoes-lideram-perdas-no-ibovespa-apos-relatorio-de-producao-gpj\/","url":"https:\/\/www.suno.com.br\/noticias\/petrobras-petr4-acoes-lideram-perdas-no-ibovespa-apos-relatorio-de-producao-gpj\/","name":"Petrobras (PETR4): a\u00e7\u00f5es lideram perdas ap\u00f3s relat\u00f3rio de produ\u00e7\u00e3o","isPartOf":{"@id":"https:\/\/www.suno.com.br\/noticias\/#website"},"primaryImageOfPage":{"@id":"https:\/\/www.suno.com.br\/noticias\/petrobras-petr4-acoes-lideram-perdas-no-ibovespa-apos-relatorio-de-producao-gpj\/#primaryimage"},"image":{"@id":"https:\/\/www.suno.com.br\/noticias\/petrobras-petr4-acoes-lideram-perdas-no-ibovespa-apos-relatorio-de-producao-gpj\/#primaryimage"},"thumbnailUrl":"https:\/\/files.sunoresearch.com.br\/n\/uploads\/2023\/03\/petrobras-petr4-refinaria-duque-de-caxias.jpg","datePublished":"2023-07-27T14:06:38+00:00","dateModified":"2023-07-27T21:10:37+00:00","description":"As a\u00e7\u00f5es ordin\u00e1rias e preferenciais da Petrobras despencam na manh\u00e3 desta quinta-feira (27) no Ibovespa, liderando as perdas do \u00edndice.","breadcrumb":{"@id":"https:\/\/www.suno.com.br\/noticias\/petrobras-petr4-acoes-lideram-perdas-no-ibovespa-apos-relatorio-de-producao-gpj\/#breadcrumb"},"inLanguage":"pt-BR","potentialAction":[{"@type":"ReadAction","target":["https:\/\/www.suno.com.br\/noticias\/petrobras-petr4-acoes-lideram-perdas-no-ibovespa-apos-relatorio-de-producao-gpj\/"]}]},{"@type":"ImageObject","inLanguage":"pt-BR","@id":"https:\/\/www.suno.com.br\/noticias\/petrobras-petr4-acoes-lideram-perdas-no-ibovespa-apos-relatorio-de-producao-gpj\/#primaryimage","url":"https:\/\/files.sunoresearch.com.br\/n\/uploads\/2023\/03\/petrobras-petr4-refinaria-duque-de-caxias.jpg","contentUrl":"https:\/\/files.sunoresearch.com.br\/n\/uploads\/2023\/03\/petrobras-petr4-refinaria-duque-de-caxias.jpg","width":1214,"height":800,"caption":"Petrobras (PETR4). Foto: Ag\u00eancia Petrobras\/Divulga\u00e7\u00e3o"},{"@type":"BreadcrumbList","@id":"https:\/\/www.suno.com.br\/noticias\/petrobras-petr4-acoes-lideram-perdas-no-ibovespa-apos-relatorio-de-producao-gpj\/#breadcrumb","itemListElement":[{"@type":"ListItem","position":1,"name":"Not\u00edcias","item":"https:\/\/www.suno.com.br\/noticias\/"},{"@type":"ListItem","position":2,"name":"Neg\u00f3cios","item":"https:\/\/www.suno.com.br\/noticias\/negocios\/"},{"@type":"ListItem","position":3,"name":"Petrobras (PETR4): a\u00e7\u00f5es desabam ap\u00f3s relat\u00f3rio de produ\u00e7\u00e3o e pressionam o Ibovespa"}]},{"@type":"WebSite","@id":"https:\/\/www.suno.com.br\/noticias\/#website","url":"https:\/\/www.suno.com.br\/noticias\/","name":"Suno Not\u00edcias","description":"Seu portal de informa\u00e7\u00e3o sobre o mundo dos investimentos","publisher":{"@id":"https:\/\/www.suno.com.br\/noticias\/#organization"},"potentialAction":[{"@type":"SearchAction","target":{"@type":"EntryPoint","urlTemplate":"https:\/\/www.suno.com.br\/noticias\/?s={search_term_string}"},"query-input":{"@type":"PropertyValueSpecification","valueRequired":true,"valueName":"search_term_string"}}],"inLanguage":"pt-BR"},{"@type":"Organization","@id":"https:\/\/www.suno.com.br\/noticias\/#organization","name":"Suno Not\u00edcias","url":"https:\/\/www.suno.com.br\/noticias\/","logo":{"@type":"ImageObject","inLanguage":"pt-BR","@id":"https:\/\/www.suno.com.br\/noticias\/#\/schema\/logo\/image\/","url":"https:\/\/files.sunoresearch.com.br\/n\/uploads\/2021\/09\/suno-logo.png","contentUrl":"https:\/\/files.sunoresearch.com.br\/n\/uploads\/2021\/09\/suno-logo.png","width":180,"height":180,"caption":"Suno Not\u00edcias"},"image":{"@id":"https:\/\/www.suno.com.br\/noticias\/#\/schema\/logo\/image\/"},"sameAs":["https:\/\/facebook.com\/sunoresearch","https:\/\/x.com\/sunoresearch","https:\/\/www.instagram.com\/suno","https:\/\/www.linkedin.com\/company\/suno-research\/","https:\/\/www.youtube.com\/c\/sunoresearch"]},{"@type":"Person","@id":"https:\/\/www.suno.com.br\/noticias\/#\/schema\/person\/d0f32748bbca4bee871fa191ee4e2d40","name":"Giovanni Porf\u00edrio Jacomino","image":{"@type":"ImageObject","inLanguage":"pt-BR","@id":"https:\/\/www.suno.com.br\/noticias\/#\/schema\/person\/image\/","url":"https:\/\/secure.gravatar.com\/avatar\/efb32e19b730a121cb7a80f41ffec01a?s=96&r=g","contentUrl":"https:\/\/secure.gravatar.com\/avatar\/efb32e19b730a121cb7a80f41ffec01a?s=96&r=g","caption":"Giovanni Porf\u00edrio Jacomino"},"description":"Giovanni Porf\u00edrio Jacomino \u00e9 jornalista formado pela Universidade Estadual de Londrina (UEL) e p\u00f3s-graduado em Produ\u00e7\u00e3o e Pr\u00e1ticas Jornal\u00edsticas na Contemporaneidade na Faculdade C\u00e1sper L\u00edbero (FCL). Foi editor web no Startupi e no Finsiders, atuando ainda como editor no TC Mover, portal de not\u00edcias da TradersClub, fazendo a cobertura de assuntos relacionados ao mercado financeiro interno e externo. Atualmente, \u00e9 Rep\u00f3rter do Suno Not\u00edcias.","url":"https:\/\/www.suno.com.br\/noticias\/author\/giovanni-porfiriosuno-com-br\/"}]}},"default_loop_html":"<div class=\"cardsPage__listCard__boxs\"><div class=\"cardsPage__listCard__boxs__img\"><a href=\"https:\/\/www.suno.com.br\/noticias\/petrobras-petr4-acoes-lideram-perdas-no-ibovespa-apos-relatorio-de-producao-gpj\/\"><img class=\"mask\" src=\"https:\/\/www.suno.com.br\/noticias\/wp-content\/themes\/suno\/resources\/images\/spotlight\/spotlight1img\/bg-mask.png\" alt=\"Image Mask\"\/><img src=\"https:\/\/files.sunoresearch.com.br\/n\/uploads\/2023\/03\/petrobras-petr4-refinaria-duque-de-caxias-400x200.jpg\" alt=\"Petrobras (PETR4): a\u00e7\u00f5es desabam ap\u00f3s relat\u00f3rio de produ\u00e7\u00e3o e pressionam o Ibovespa\"\/><\/a><span class=\"spotlightCategory\"><a href=\"https:\/\/www.suno.com.br\/noticias\/negocios\/\">Neg\u00f3cios<\/a><\/span><\/div><div class=\"cardsPage__listCard__boxs__content\"><a href=\"https:\/\/www.suno.com.br\/noticias\/petrobras-petr4-acoes-lideram-perdas-no-ibovespa-apos-relatorio-de-producao-gpj\/\"><h2 class=\"content__title\">Petrobras (PETR4): a\u00e7\u00f5es desabam ap\u00f3s relat\u00f3rio de produ\u00e7\u00e3o e pressionam o Ibovespa<\/h2><\/a><div class=\"newsContent__article__meta\"><div class=\"newsContent__article__meta__authorBox\"><a href=\"https:\/\/www.suno.com.br\/noticias\/author\/giovanni-porfiriosuno-com-br\/\" class=\"authorBox__avatar noMobi\"><img src=\"https:\/\/files.sunoresearch.com.br\/n\/uploads\/2024\/05\/DSCF4115-1-1-150x150.webp\" alt=\"Giovanni Porf\u00edrio Jacomino\"><\/a><div class=\"authorBox__name\"><span>por\n\t\t\t<a href=\"https:\/\/www.suno.com.br\/noticias\/author\/giovanni-porfiriosuno-com-br\/\"><span itemprop=\"author\">Giovanni Porf\u00edrio Jacomino<\/span><\/a><\/span><time datetime=\"2023-07-27T11:06:38-03:00\" itemprop=\"datePublished\">27\/07\/2023 11:06<\/time><\/div><\/div><\/div><\/div><\/div>","single_layout":"posts","amp_enabled":true,"_links":{"self":[{"href":"https:\/\/www.suno.com.br\/noticias\/wp-json\/wp\/v2\/posts\/434296"}],"collection":[{"href":"https:\/\/www.suno.com.br\/noticias\/wp-json\/wp\/v2\/posts"}],"about":[{"href":"https:\/\/www.suno.com.br\/noticias\/wp-json\/wp\/v2\/types\/post"}],"author":[{"embeddable":true,"href":"https:\/\/www.suno.com.br\/noticias\/wp-json\/wp\/v2\/users\/313"}],"replies":[{"embeddable":true,"href":"https:\/\/www.suno.com.br\/noticias\/wp-json\/wp\/v2\/comments?post=434296"}],"version-history":[{"count":2,"href":"https:\/\/www.suno.com.br\/noticias\/wp-json\/wp\/v2\/posts\/434296\/revisions"}],"predecessor-version":[{"id":434637,"href":"https:\/\/www.suno.com.br\/noticias\/wp-json\/wp\/v2\/posts\/434296\/revisions\/434637"}],"wp:featuredmedia":[{"embeddable":true,"href":"https:\/\/www.suno.com.br\/noticias\/wp-json\/wp\/v2\/media\/372589"}],"wp:attachment":[{"href":"https:\/\/www.suno.com.br\/noticias\/wp-json\/wp\/v2\/media?parent=434296"}],"wp:term":[{"taxonomy":"category","embeddable":true,"href":"https:\/\/www.suno.com.br\/noticias\/wp-json\/wp\/v2\/categories?post=434296"},{"taxonomy":"post_tag","embeddable":true,"href":"https:\/\/www.suno.com.br\/noticias\/wp-json\/wp\/v2\/tags?post=434296"},{"taxonomy":"suno_strategy","embeddable":true,"href":"https:\/\/www.suno.com.br\/noticias\/wp-json\/wp\/v2\/suno_strategy?post=434296"}],"curies":[{"name":"wp","href":"https:\/\/api.w.org\/{rel}","templated":true}]}}