{"id":434247,"date":"2023-07-27T10:49:48","date_gmt":"2023-07-27T13:49:48","guid":{"rendered":"https:\/\/www.suno.com.br\/noticias\/?p=434247"},"modified":"2023-07-27T10:49:54","modified_gmt":"2023-07-27T13:49:54","slug":"dolar-cai-apos-elevacao-de-juros-nos-estados-unidos-e-decisao-do-bce-gpj","status":"publish","type":"post","link":"https:\/\/www.suno.com.br\/noticias\/dolar-cai-apos-elevacao-de-juros-nos-estados-unidos-e-decisao-do-bce-gpj\/","title":{"rendered":"D\u00f3lar cai ap\u00f3s eleva\u00e7\u00e3o de juros nos Estados Unidos e decis\u00e3o do BCE"},"content":{"rendered":"<p>O <a href=\"https:\/\/www.suno.com.br\/noticias\/dolar-sobe-testa-maximas-fluxo-positivo-evm\/\" target=\"_blank\" rel=\"noreferrer noopener\"><strong>d\u00f3lar<\/strong><\/a> abriu em baixa no mercado \u00e0 vista nesta quinta-feira (27), replicando o sinal predominante no exterior ap\u00f3s a eleva\u00e7\u00e3o de juros de 25 pontos-base nos Estados Unidos ontem, como o esperado, mas ganhou for\u00e7a.<\/p>\t<div class=\"wrapper-featured-image\">\n\t\t<figure class=\"spotlightImg\">\n\n\t\t\t<picture>\n\t\t\t\t<source media=\"(max-width: 768px)\" srcset=\"https:\/\/files.sunoresearch.com.br\/n\/uploads\/2023\/05\/dolar-cotacao-cambio-400x200.jpg\">\n\t\t\t\t<img loading=\"lazy\" decoding=\"async\" class=\"newsContent__article__imgCapa lazyloadDisabled \" src=\"https:\/\/files.sunoresearch.com.br\/n\/uploads\/2023\/05\/dolar-cotacao-cambio-800x450.jpg\" width=\"800\" height=\"450\" alt=\"D\u00f3lar cai ap\u00f3s eleva\u00e7\u00e3o de juros nos Estados Unidos e decis\u00e3o do BCE\" fetchpriority=high \/>\n\t\t\t<\/picture>\n\n\t\t\t<figcaption class=\"wp-caption-text wp-caption-text--show\">D\u00f3lar - Foto: iStock<\/figcaption>\n\t\t<\/figure>\n\t<\/div>\n\n\n\n\n\n\n\n\t<p>\n\t\t<a href=\"https:\/\/lp.suno.com.br\/planilha-da-vida-financeira\/\" target=\"_blank\" data-element=\"shortcode-suno-banner\" title=\"Banner SUNO, clique e saiba mais\">\n\t\t\t<picture>\n\t\t\t\t<source media=\"(max-width: 500px)\" srcset=\"https:\/\/files.sunoresearch.com.br\/n\/uploads\/2023\/04\/400x300-Planilha-vida-financeira-true.png\">\n\t\t\t\t<img class=\"newsContent__article__imgCapa newsContent__article__imgCapa--banner\"\n\t\t\t\t\tsrc=\"https:\/\/files.sunoresearch.com.br\/n\/uploads\/2023\/04\/1420x240-Planilha-vida-financeira-true.png\"\n\t\t\t\t\tdata-promo-id=\"106682\"\t\t\t\t\t\t\t\t\t\twidth='1420' height='240'\t\t\t\t\talt=\"https:\/\/files.sunoresearch.com.br\/n\/uploads\/2023\/04\/1420x240-Planilha-vida-financeira-true.png\"\n\t\t\t\t>\n\t\t\t<\/picture>\n\t\t<\/a>\n\t<\/p>\n\n\n\n\n\n<p>Perto das 10h50, o d\u00f3lar ca\u00eda 0,30%, cotado a R$ 4.727,50.<\/p>\n\n\n\n<p>Na agenda, os investidores olham a <strong>decis\u00e3o do Banco Central Europeu (BCE)<\/strong>, que confirmou as expectativas do mercado e elevou juros em 25 pontos-base, dando suporte ao euro e \u00e0 libra e ajudando a ampliar ganhos nas Bolsas europeias, principalmente a de Paris e Frankfurt.<\/p>\n\n\n\n<p>Com a decis\u00e3o, a taxa de refinanciamento do BCE passar\u00e1 de 4% a 4,25%, a de dep\u00f3sitos, de 3,50% a 3,75%, e a de empr\u00e9stimos, de 4,25% a 4,50%. O ajuste veio em linha com a expectativa de analistas.<\/p>\n\n\n\n<p>Segundo o BCE, a infla\u00e7\u00e3o na zona do euro continua desacelerando, mas dever\u00e1 continuar &#8220;muito alta por muito tempo&#8221;.<\/p>\n\n\n\n<p>&#8220;Futuras decis\u00f5es v\u00e3o garantir que as taxas de juros sejam estabelecidas em n\u00edveis suficientemente restritivos pelo tempo que for necess\u00e1rio para garantir o retorno oportuno da infla\u00e7\u00e3o \u00e0 meta de m\u00e9dio prazo de 2%&#8221;, disse o BCE em comunicado.<\/p>\n\n\n\n<p>O Banco Central Europeu disse ainda que vai continuar dependendo de dados futuros para definir o n\u00edvel dos juros e por quanto tempo durar\u00e1 sua postura restritiva.<\/p>\n\n\n\n<p>O BCE decidiu tamb\u00e9m estipular a remunera\u00e7\u00e3o das reservas m\u00ednimas em 0% e reduzir o volume de juros pagos sobre as reservas.<\/p>\n\n\n\n<h2 class=\"wp-block-heading\">Indicadores externos<\/h2>\n\n\n\n<p>Na quarta-feira (26), o presidente do Fed, Jerome Powell, afirmou que um ritmo mais gradual no aperto n\u00e3o significa necessariamente alta dos juros a cada duas reuni\u00f5es e que existe caminho para um pouso suave na economia dos Estados Unidos. Powell, por\u00e9m, deixou claro que n\u00e3o havia decis\u00e3o tomada sobre as pr\u00f3ximas reuni\u00f5es, e que depender\u00e3o dos indicadores por vir.<\/p>\n\n\n\t<div data-element=\"shortcode-read-more\" class=\"knowMore\">\n\t\t\t\t<span class=\"knowMore__title\">Leia mais<\/span>\n\t\t\t\t<a class=\"knowMore__link\" href=\"https:\/\/www.suno.com.br\/noticias\/fed-fomc-sobe-juros-eua-maior-nivel-evm\/\">\n\t\t\tFed sobe juros dos EUA para 5,5%, maior n\u00edvel em 22 anos\t\t<\/a>\n\t<\/div>\n\n\n\n\n<p>Segundo estimativa inicial divulgada nesta quinta-feira pelo Departamento de Com\u00e9rcio dos Estados Unidos, o Produto Interno Bruto (PIB) do Pa\u00eds cresceu ao ritmo anualizado de 2,4% no segundo trimestre de 2023,  O resultado ficou acima da mediana de expectativas de analistas consultados pelo Proje\u00e7\u00f5es Broadcast, de alta de 1,8%.<\/p>\n\n\n\n<p>A leitura inicial mostra acelera\u00e7\u00e3o da economia americana em rela\u00e7\u00e3o ao primeiro trimestre de 2023, quando o PIB dos EUA teve expans\u00e3o anualizada de 2%.<\/p>\n\n\n\n<p>O Departamento do Com\u00e9rcio informou tamb\u00e9m que o \u00edndice de pre\u00e7os de gastos com consumo (PCE, na sigla em ingl\u00eas) subiu \u00e0 taxa anualizada de 2,6% no segundo trimestre, perdendo for\u00e7a depois de avan\u00e7ar 4,1% no primeiro trimestre. J\u00e1 o n\u00facleo do PCE, que desconsidera pre\u00e7os de alimentos e energia, aumentou 3,8% entre abril e junho, ap\u00f3s alta de 4,9% no trimestre anterior.<\/p>\n\n\n\n<p>O PCE \u00e9 a medida de infla\u00e7\u00e3o preferida do Federal Reserve, ou Fed, como \u00e9 conhecido o banco central dos EUA.<\/p>\n\n\n\t<p>\n\t\t<a href=\"https:\/\/lp.suno.com.br\/ebook-como-analisar-uma-acao\/\" target=\"_blank\" data-element=\"shortcode-suno-banner\" title=\"Banner SUNO, clique e saiba mais\">\n\t\t\t<picture>\n\t\t\t\t<source media=\"(max-width: 500px)\" srcset=\"https:\/\/files.sunoresearch.com.br\/n\/uploads\/2023\/03\/Ebook-Acoes-Mobile.jpg\">\n\t\t\t\t<img class=\"newsContent__article__imgCapa newsContent__article__imgCapa--banner\"\n\t\t\t\t\tsrc=\"https:\/\/files.sunoresearch.com.br\/n\/uploads\/2023\/03\/Ebook-Acoes-Desktop.jpg\"\n\t\t\t\t\tdata-promo-id=\"378302\"\t\t\t\t\t\t\t\t\t\twidth='1420' height='286'\t\t\t\t\talt=\"https:\/\/files.sunoresearch.com.br\/n\/uploads\/2023\/03\/Ebook-Acoes-Desktop.jpg\"\n\t\t\t\t>\n\t\t\t<\/picture>\n\t\t<\/a>\n\t<\/p>\n\n\n\n\n\n<h2 class=\"wp-block-heading\">Indicadores internos<\/h2>\n\n\n\n<p>Mais cedo, o IBGE informou que o <strong>IPP<\/strong> caiu 2,72% em junho, ante queda de 3,07% em maio. J\u00e1 o \u00cdndice de Confian\u00e7a da Ind\u00fastria (ICI) recuou 2,1 pontos em julho, ap\u00f3s subir 1,1 ponto em junho, segundo a Funda\u00e7\u00e3o Getulio Vargas (FGV). Com o resultado, o indicador retornou a 91,9 pontos, n\u00edvel similar ao registrado em fevereiro (92 pontos). O N\u00edvel de Utiliza\u00e7\u00e3o da Capacidade Instalada (NUCI) subiu 0,6 ponto porcentual nesta leitura, a 81,0%.<\/p>\n\n\n\n<p>Ainda, o \u00cdndice de Situa\u00e7\u00e3o Atual (ISA) recuou 2,9 pontos, a 89,5 pontos. A percep\u00e7\u00e3o dos empres\u00e1rios sobre o n\u00edvel atual de demanda caiu 2,9 pontos, a 92,4 pontos, e sobre a situa\u00e7\u00e3o atual dos neg\u00f3cios recuou 1,2 ponto, para 91,6 pontos. J\u00e1 o \u00cdndice de Expectativas (IE) diminuiu 1,2 ponto, a 94,4 pontos. <\/p>\n\n\n\n<p>A principal contribui\u00e7\u00e3o de baixa partiu do indicador que mede as expectativas em rela\u00e7\u00e3o \u00e0 produ\u00e7\u00e3o f\u00edsica nos tr\u00eas meses seguintes &#8211; que recuou 5,2 pontos, a 93,1 pontos, o pior resultado desde fevereiro (90,5 pontos). Em contrapartida, os indicadores que medem o \u00edmpeto de contrata\u00e7\u00f5es nos pr\u00f3ximos tr\u00eas meses e a tend\u00eancia dos neg\u00f3cios para os pr\u00f3ximos seis subiram 0,5 e 1,0 ponto, a 100,5 pontos e 90,3 pontos, respectivamente.<\/p>\n\n\n\n<p><em>Com Estad\u00e3o Conte\u00fado<\/em><\/p>\n\n\n\t<p>\n\t\t<a href=\"https:\/\/lp.suno.com.br\/planilha-da-vida-financeira\/\" target=\"_blank\" data-element=\"shortcode-suno-banner\" title=\"Banner SUNO, clique e saiba mais\">\n\t\t\t<picture>\n\t\t\t\t<source media=\"(max-width: 500px)\" srcset=\"https:\/\/files.sunoresearch.com.br\/n\/uploads\/2023\/04\/400x300-Planilha-vida-financeira-true.png\">\n\t\t\t\t<img class=\"newsContent__article__imgCapa newsContent__article__imgCapa--banner\"\n\t\t\t\t\tsrc=\"https:\/\/files.sunoresearch.com.br\/n\/uploads\/2023\/04\/1420x240-Planilha-vida-financeira-true.png\"\n\t\t\t\t\tdata-promo-id=\"383123\"\t\t\t\t\t\t\t\t\t\twidth='1420' height='240'\t\t\t\t\talt=\"https:\/\/files.sunoresearch.com.br\/n\/uploads\/2023\/04\/1420x240-Planilha-vida-financeira-true.png\"\n\t\t\t\t>\n\t\t\t<\/picture>\n\t\t<\/a>\n\t<\/p>\n\n\n","protected":false},"excerpt":{"rendered":"<p>O d\u00f3lar abriu em baixa no mercado \u00e0 vista nesta quinta-feira (27), replicando o sinal predominante no exterior ap\u00f3s a eleva\u00e7\u00e3o de juros de 25 pontos-base nos Estados Unidos ontem, como o esperado, mas ganhou for\u00e7a. D\u00f3lar &#8211; Foto: iStock Perto das 10h50, o d\u00f3lar ca\u00eda 0,30%, cotado a R$ 4.727,50. Na agenda, os investidores [&hellip;]<\/p>\n","protected":false},"author":43,"featured_media":408627,"comment_status":"closed","ping_status":"closed","sticky":false,"template":"","format":"standard","meta":[],"categories":[60],"tags":[106444,326,1852],"suno_strategy":[],"class_list":["post-434247","post","type-post","status-publish","format-standard","has-post-thumbnail","hentry","category-mercado","tag-agencias","tag-dolar","tag-dolar-futuro"],"yoast_head":"<!-- This site is optimized with the Yoast SEO plugin v24.4 - https:\/\/yoast.com\/wordpress\/plugins\/seo\/ -->\n<title>D\u00f3lar cai ap\u00f3s eleva\u00e7\u00e3o de juros nos Estados Unidos e decis\u00e3o do BCE<\/title>\n<meta name=\"description\" content=\"O d\u00f3lar abriu em baixa no mercado \u00e0 vista, replicando o sinal predominante no exterior ap\u00f3s a eleva\u00e7\u00e3o de juros de 25 pontos-base nos EUA.\" \/>\n<meta name=\"robots\" content=\"index, follow, max-snippet:-1, max-image-preview:large, max-video-preview:-1\" \/>\n<link rel=\"canonical\" href=\"https:\/\/www.suno.com.br\/noticias\/dolar-cai-apos-elevacao-de-juros-nos-estados-unidos-e-decisao-do-bce-gpj\/\" \/>\n<meta property=\"og:locale\" content=\"pt_BR\" \/>\n<meta property=\"og:type\" content=\"article\" \/>\n<meta property=\"og:title\" content=\"D\u00f3lar cai ap\u00f3s eleva\u00e7\u00e3o de juros nos Estados Unidos e decis\u00e3o do BCE\" \/>\n<meta property=\"og:description\" content=\"O d\u00f3lar abriu em baixa no mercado \u00e0 vista, replicando o sinal predominante no exterior ap\u00f3s a eleva\u00e7\u00e3o de juros de 25 pontos-base nos EUA.\" \/>\n<meta property=\"og:url\" content=\"https:\/\/www.suno.com.br\/noticias\/dolar-cai-apos-elevacao-de-juros-nos-estados-unidos-e-decisao-do-bce-gpj\/\" \/>\n<meta property=\"og:site_name\" content=\"Suno Not\u00edcias\" \/>\n<meta property=\"article:publisher\" content=\"https:\/\/facebook.com\/sunoresearch\" \/>\n<meta property=\"article:author\" content=\"https:\/\/www.facebook.com\/sunonoticias\/\" \/>\n<meta property=\"og:image\" content=\"https:\/\/files.sunoresearch.com.br\/n\/uploads\/2023\/05\/dolar-cotacao-cambio.jpg\" \/>\n\t<meta property=\"og:image:width\" content=\"1200\" \/>\n\t<meta property=\"og:image:height\" content=\"800\" \/>\n\t<meta property=\"og:image:type\" content=\"image\/jpeg\" \/>\n<meta name=\"author\" content=\"Reda\u00e7\u00e3o Suno Not\u00edcias\" \/>\n<meta name=\"twitter:card\" content=\"summary_large_image\" \/>\n<meta name=\"twitter:creator\" content=\"@https:\/\/twitter.com\/sunoresearch\" \/>\n<meta name=\"twitter:site\" content=\"@sunoresearch\" \/>\n<meta name=\"twitter:label1\" content=\"Escrito por\" \/>\n\t<meta name=\"twitter:data1\" content=\"Reda\u00e7\u00e3o Suno Not\u00edcias\" \/>\n\t<meta name=\"twitter:label2\" content=\"Est. tempo de leitura\" \/>\n\t<meta name=\"twitter:data2\" content=\"4 minutos\" \/>\n<script type=\"application\/ld+json\" class=\"yoast-schema-graph\">{\"@context\":\"https:\/\/schema.org\",\"@graph\":[{\"@type\":\"NewsArticle\",\"@id\":\"https:\/\/www.suno.com.br\/noticias\/dolar-cai-apos-elevacao-de-juros-nos-estados-unidos-e-decisao-do-bce-gpj\/#article\",\"isPartOf\":{\"@id\":\"https:\/\/www.suno.com.br\/noticias\/dolar-cai-apos-elevacao-de-juros-nos-estados-unidos-e-decisao-do-bce-gpj\/\"},\"author\":{\"name\":\"Reda\u00e7\u00e3o Suno Not\u00edcias\",\"@id\":\"https:\/\/www.suno.com.br\/noticias\/#\/schema\/person\/c1b1bd3727fa852bd045e9dbff3673ea\"},\"headline\":\"D\u00f3lar cai ap\u00f3s eleva\u00e7\u00e3o de juros nos Estados Unidos e decis\u00e3o do BCE\",\"datePublished\":\"2023-07-27T13:49:48+00:00\",\"dateModified\":\"2023-07-27T13:49:54+00:00\",\"mainEntityOfPage\":{\"@id\":\"https:\/\/www.suno.com.br\/noticias\/dolar-cai-apos-elevacao-de-juros-nos-estados-unidos-e-decisao-do-bce-gpj\/\"},\"wordCount\":708,\"publisher\":{\"@id\":\"https:\/\/www.suno.com.br\/noticias\/#organization\"},\"image\":{\"@id\":\"https:\/\/www.suno.com.br\/noticias\/dolar-cai-apos-elevacao-de-juros-nos-estados-unidos-e-decisao-do-bce-gpj\/#primaryimage\"},\"thumbnailUrl\":\"https:\/\/files.sunoresearch.com.br\/n\/uploads\/2023\/05\/dolar-cotacao-cambio.jpg\",\"keywords\":[\"Ag\u00eancias\",\"d\u00f3lar\",\"d\u00f3lar futuro\"],\"articleSection\":[\"Mercado\"],\"inLanguage\":\"pt-BR\"},{\"@type\":\"WebPage\",\"@id\":\"https:\/\/www.suno.com.br\/noticias\/dolar-cai-apos-elevacao-de-juros-nos-estados-unidos-e-decisao-do-bce-gpj\/\",\"url\":\"https:\/\/www.suno.com.br\/noticias\/dolar-cai-apos-elevacao-de-juros-nos-estados-unidos-e-decisao-do-bce-gpj\/\",\"name\":\"D\u00f3lar cai ap\u00f3s eleva\u00e7\u00e3o de juros nos Estados Unidos e decis\u00e3o do BCE\",\"isPartOf\":{\"@id\":\"https:\/\/www.suno.com.br\/noticias\/#website\"},\"primaryImageOfPage\":{\"@id\":\"https:\/\/www.suno.com.br\/noticias\/dolar-cai-apos-elevacao-de-juros-nos-estados-unidos-e-decisao-do-bce-gpj\/#primaryimage\"},\"image\":{\"@id\":\"https:\/\/www.suno.com.br\/noticias\/dolar-cai-apos-elevacao-de-juros-nos-estados-unidos-e-decisao-do-bce-gpj\/#primaryimage\"},\"thumbnailUrl\":\"https:\/\/files.sunoresearch.com.br\/n\/uploads\/2023\/05\/dolar-cotacao-cambio.jpg\",\"datePublished\":\"2023-07-27T13:49:48+00:00\",\"dateModified\":\"2023-07-27T13:49:54+00:00\",\"description\":\"O d\u00f3lar abriu em baixa no mercado \u00e0 vista, replicando o sinal predominante no exterior ap\u00f3s a eleva\u00e7\u00e3o de juros de 25 pontos-base nos EUA.\",\"breadcrumb\":{\"@id\":\"https:\/\/www.suno.com.br\/noticias\/dolar-cai-apos-elevacao-de-juros-nos-estados-unidos-e-decisao-do-bce-gpj\/#breadcrumb\"},\"inLanguage\":\"pt-BR\",\"potentialAction\":[{\"@type\":\"ReadAction\",\"target\":[\"https:\/\/www.suno.com.br\/noticias\/dolar-cai-apos-elevacao-de-juros-nos-estados-unidos-e-decisao-do-bce-gpj\/\"]}]},{\"@type\":\"ImageObject\",\"inLanguage\":\"pt-BR\",\"@id\":\"https:\/\/www.suno.com.br\/noticias\/dolar-cai-apos-elevacao-de-juros-nos-estados-unidos-e-decisao-do-bce-gpj\/#primaryimage\",\"url\":\"https:\/\/files.sunoresearch.com.br\/n\/uploads\/2023\/05\/dolar-cotacao-cambio.jpg\",\"contentUrl\":\"https:\/\/files.sunoresearch.com.br\/n\/uploads\/2023\/05\/dolar-cotacao-cambio.jpg\",\"width\":1200,\"height\":800,\"caption\":\"D\u00f3lar - Foto: iStock\"},{\"@type\":\"BreadcrumbList\",\"@id\":\"https:\/\/www.suno.com.br\/noticias\/dolar-cai-apos-elevacao-de-juros-nos-estados-unidos-e-decisao-do-bce-gpj\/#breadcrumb\",\"itemListElement\":[{\"@type\":\"ListItem\",\"position\":1,\"name\":\"Not\u00edcias\",\"item\":\"https:\/\/www.suno.com.br\/noticias\/\"},{\"@type\":\"ListItem\",\"position\":2,\"name\":\"Mercado\",\"item\":\"https:\/\/www.suno.com.br\/noticias\/mercado\/\"},{\"@type\":\"ListItem\",\"position\":3,\"name\":\"D\u00f3lar cai ap\u00f3s eleva\u00e7\u00e3o de juros nos Estados Unidos e decis\u00e3o do BCE\"}]},{\"@type\":\"WebSite\",\"@id\":\"https:\/\/www.suno.com.br\/noticias\/#website\",\"url\":\"https:\/\/www.suno.com.br\/noticias\/\",\"name\":\"Suno Not\u00edcias\",\"description\":\"Seu portal de informa\u00e7\u00e3o sobre o mundo dos investimentos\",\"publisher\":{\"@id\":\"https:\/\/www.suno.com.br\/noticias\/#organization\"},\"potentialAction\":[{\"@type\":\"SearchAction\",\"target\":{\"@type\":\"EntryPoint\",\"urlTemplate\":\"https:\/\/www.suno.com.br\/noticias\/?s={search_term_string}\"},\"query-input\":{\"@type\":\"PropertyValueSpecification\",\"valueRequired\":true,\"valueName\":\"search_term_string\"}}],\"inLanguage\":\"pt-BR\"},{\"@type\":\"Organization\",\"@id\":\"https:\/\/www.suno.com.br\/noticias\/#organization\",\"name\":\"Suno Not\u00edcias\",\"url\":\"https:\/\/www.suno.com.br\/noticias\/\",\"logo\":{\"@type\":\"ImageObject\",\"inLanguage\":\"pt-BR\",\"@id\":\"https:\/\/www.suno.com.br\/noticias\/#\/schema\/logo\/image\/\",\"url\":\"https:\/\/files.sunoresearch.com.br\/n\/uploads\/2021\/09\/suno-logo.png\",\"contentUrl\":\"https:\/\/files.sunoresearch.com.br\/n\/uploads\/2021\/09\/suno-logo.png\",\"width\":180,\"height\":180,\"caption\":\"Suno Not\u00edcias\"},\"image\":{\"@id\":\"https:\/\/www.suno.com.br\/noticias\/#\/schema\/logo\/image\/\"},\"sameAs\":[\"https:\/\/facebook.com\/sunoresearch\",\"https:\/\/x.com\/sunoresearch\",\"https:\/\/www.instagram.com\/suno\",\"https:\/\/www.linkedin.com\/company\/suno-research\/\",\"https:\/\/www.youtube.com\/c\/sunoresearch\"]},{\"@type\":\"Person\",\"@id\":\"https:\/\/www.suno.com.br\/noticias\/#\/schema\/person\/c1b1bd3727fa852bd045e9dbff3673ea\",\"name\":\"Reda\u00e7\u00e3o Suno Not\u00edcias\",\"image\":{\"@type\":\"ImageObject\",\"inLanguage\":\"pt-BR\",\"@id\":\"https:\/\/www.suno.com.br\/noticias\/#\/schema\/person\/image\/\",\"url\":\"https:\/\/secure.gravatar.com\/avatar\/b8104b9b5a71985d5238ee59fbe418af?s=96&r=g\",\"contentUrl\":\"https:\/\/secure.gravatar.com\/avatar\/b8104b9b5a71985d5238ee59fbe418af?s=96&r=g\",\"caption\":\"Reda\u00e7\u00e3o Suno Not\u00edcias\"},\"description\":\"O Suno Not\u00edcias \u00e9 um portal de informa\u00e7\u00f5es sobre Mercado Financeiro, Pol\u00edtica, Neg\u00f3cios, Economia e Finan\u00e7as Pessoais.\",\"sameAs\":[\"https:\/\/www.suno.com.br\/noticias\",\"https:\/\/www.facebook.com\/sunonoticias\/\",\"https:\/\/www.instagram.com\/sunonoticias\/\",\"https:\/\/x.com\/https:\/\/twitter.com\/sunoresearch\",\"https:\/\/www.youtube.com\/sunonoticias\"],\"url\":\"https:\/\/www.suno.com.br\/noticias\/author\/redacao-suno\/\"}]}<\/script>\n<!-- \/ Yoast SEO plugin. -->","yoast_head_json":{"title":"D\u00f3lar cai ap\u00f3s eleva\u00e7\u00e3o de juros nos Estados Unidos e decis\u00e3o do BCE","description":"O d\u00f3lar abriu em baixa no mercado \u00e0 vista, replicando o sinal predominante no exterior ap\u00f3s a eleva\u00e7\u00e3o de juros de 25 pontos-base nos EUA.","robots":{"index":"index","follow":"follow","max-snippet":"max-snippet:-1","max-image-preview":"max-image-preview:large","max-video-preview":"max-video-preview:-1"},"canonical":"https:\/\/www.suno.com.br\/noticias\/dolar-cai-apos-elevacao-de-juros-nos-estados-unidos-e-decisao-do-bce-gpj\/","og_locale":"pt_BR","og_type":"article","og_title":"D\u00f3lar cai ap\u00f3s eleva\u00e7\u00e3o de juros nos Estados Unidos e decis\u00e3o do BCE","og_description":"O d\u00f3lar abriu em baixa no mercado \u00e0 vista, replicando o sinal predominante no exterior ap\u00f3s a eleva\u00e7\u00e3o de juros de 25 pontos-base nos EUA.","og_url":"https:\/\/www.suno.com.br\/noticias\/dolar-cai-apos-elevacao-de-juros-nos-estados-unidos-e-decisao-do-bce-gpj\/","og_site_name":"Suno Not\u00edcias","article_publisher":"https:\/\/facebook.com\/sunoresearch","article_author":"https:\/\/www.facebook.com\/sunonoticias\/","og_image":[{"width":1200,"height":800,"url":"https:\/\/files.sunoresearch.com.br\/n\/uploads\/2023\/05\/dolar-cotacao-cambio.jpg","type":"image\/jpeg"}],"author":"Reda\u00e7\u00e3o Suno Not\u00edcias","twitter_card":"summary_large_image","twitter_creator":"@https:\/\/twitter.com\/sunoresearch","twitter_site":"@sunoresearch","twitter_misc":{"Escrito por":"Reda\u00e7\u00e3o Suno Not\u00edcias","Est. tempo de leitura":"4 minutos"},"schema":{"@context":"https:\/\/schema.org","@graph":[{"@type":"NewsArticle","@id":"https:\/\/www.suno.com.br\/noticias\/dolar-cai-apos-elevacao-de-juros-nos-estados-unidos-e-decisao-do-bce-gpj\/#article","isPartOf":{"@id":"https:\/\/www.suno.com.br\/noticias\/dolar-cai-apos-elevacao-de-juros-nos-estados-unidos-e-decisao-do-bce-gpj\/"},"author":{"name":"Reda\u00e7\u00e3o Suno Not\u00edcias","@id":"https:\/\/www.suno.com.br\/noticias\/#\/schema\/person\/c1b1bd3727fa852bd045e9dbff3673ea"},"headline":"D\u00f3lar cai ap\u00f3s eleva\u00e7\u00e3o de juros nos Estados Unidos e decis\u00e3o do BCE","datePublished":"2023-07-27T13:49:48+00:00","dateModified":"2023-07-27T13:49:54+00:00","mainEntityOfPage":{"@id":"https:\/\/www.suno.com.br\/noticias\/dolar-cai-apos-elevacao-de-juros-nos-estados-unidos-e-decisao-do-bce-gpj\/"},"wordCount":708,"publisher":{"@id":"https:\/\/www.suno.com.br\/noticias\/#organization"},"image":{"@id":"https:\/\/www.suno.com.br\/noticias\/dolar-cai-apos-elevacao-de-juros-nos-estados-unidos-e-decisao-do-bce-gpj\/#primaryimage"},"thumbnailUrl":"https:\/\/files.sunoresearch.com.br\/n\/uploads\/2023\/05\/dolar-cotacao-cambio.jpg","keywords":["Ag\u00eancias","d\u00f3lar","d\u00f3lar futuro"],"articleSection":["Mercado"],"inLanguage":"pt-BR"},{"@type":"WebPage","@id":"https:\/\/www.suno.com.br\/noticias\/dolar-cai-apos-elevacao-de-juros-nos-estados-unidos-e-decisao-do-bce-gpj\/","url":"https:\/\/www.suno.com.br\/noticias\/dolar-cai-apos-elevacao-de-juros-nos-estados-unidos-e-decisao-do-bce-gpj\/","name":"D\u00f3lar cai ap\u00f3s eleva\u00e7\u00e3o de juros nos Estados Unidos e decis\u00e3o do BCE","isPartOf":{"@id":"https:\/\/www.suno.com.br\/noticias\/#website"},"primaryImageOfPage":{"@id":"https:\/\/www.suno.com.br\/noticias\/dolar-cai-apos-elevacao-de-juros-nos-estados-unidos-e-decisao-do-bce-gpj\/#primaryimage"},"image":{"@id":"https:\/\/www.suno.com.br\/noticias\/dolar-cai-apos-elevacao-de-juros-nos-estados-unidos-e-decisao-do-bce-gpj\/#primaryimage"},"thumbnailUrl":"https:\/\/files.sunoresearch.com.br\/n\/uploads\/2023\/05\/dolar-cotacao-cambio.jpg","datePublished":"2023-07-27T13:49:48+00:00","dateModified":"2023-07-27T13:49:54+00:00","description":"O d\u00f3lar abriu em baixa no mercado \u00e0 vista, replicando o sinal predominante no exterior ap\u00f3s a eleva\u00e7\u00e3o de juros de 25 pontos-base nos EUA.","breadcrumb":{"@id":"https:\/\/www.suno.com.br\/noticias\/dolar-cai-apos-elevacao-de-juros-nos-estados-unidos-e-decisao-do-bce-gpj\/#breadcrumb"},"inLanguage":"pt-BR","potentialAction":[{"@type":"ReadAction","target":["https:\/\/www.suno.com.br\/noticias\/dolar-cai-apos-elevacao-de-juros-nos-estados-unidos-e-decisao-do-bce-gpj\/"]}]},{"@type":"ImageObject","inLanguage":"pt-BR","@id":"https:\/\/www.suno.com.br\/noticias\/dolar-cai-apos-elevacao-de-juros-nos-estados-unidos-e-decisao-do-bce-gpj\/#primaryimage","url":"https:\/\/files.sunoresearch.com.br\/n\/uploads\/2023\/05\/dolar-cotacao-cambio.jpg","contentUrl":"https:\/\/files.sunoresearch.com.br\/n\/uploads\/2023\/05\/dolar-cotacao-cambio.jpg","width":1200,"height":800,"caption":"D\u00f3lar - Foto: iStock"},{"@type":"BreadcrumbList","@id":"https:\/\/www.suno.com.br\/noticias\/dolar-cai-apos-elevacao-de-juros-nos-estados-unidos-e-decisao-do-bce-gpj\/#breadcrumb","itemListElement":[{"@type":"ListItem","position":1,"name":"Not\u00edcias","item":"https:\/\/www.suno.com.br\/noticias\/"},{"@type":"ListItem","position":2,"name":"Mercado","item":"https:\/\/www.suno.com.br\/noticias\/mercado\/"},{"@type":"ListItem","position":3,"name":"D\u00f3lar cai ap\u00f3s eleva\u00e7\u00e3o de juros nos Estados Unidos e decis\u00e3o do BCE"}]},{"@type":"WebSite","@id":"https:\/\/www.suno.com.br\/noticias\/#website","url":"https:\/\/www.suno.com.br\/noticias\/","name":"Suno Not\u00edcias","description":"Seu portal de informa\u00e7\u00e3o sobre o mundo dos investimentos","publisher":{"@id":"https:\/\/www.suno.com.br\/noticias\/#organization"},"potentialAction":[{"@type":"SearchAction","target":{"@type":"EntryPoint","urlTemplate":"https:\/\/www.suno.com.br\/noticias\/?s={search_term_string}"},"query-input":{"@type":"PropertyValueSpecification","valueRequired":true,"valueName":"search_term_string"}}],"inLanguage":"pt-BR"},{"@type":"Organization","@id":"https:\/\/www.suno.com.br\/noticias\/#organization","name":"Suno Not\u00edcias","url":"https:\/\/www.suno.com.br\/noticias\/","logo":{"@type":"ImageObject","inLanguage":"pt-BR","@id":"https:\/\/www.suno.com.br\/noticias\/#\/schema\/logo\/image\/","url":"https:\/\/files.sunoresearch.com.br\/n\/uploads\/2021\/09\/suno-logo.png","contentUrl":"https:\/\/files.sunoresearch.com.br\/n\/uploads\/2021\/09\/suno-logo.png","width":180,"height":180,"caption":"Suno Not\u00edcias"},"image":{"@id":"https:\/\/www.suno.com.br\/noticias\/#\/schema\/logo\/image\/"},"sameAs":["https:\/\/facebook.com\/sunoresearch","https:\/\/x.com\/sunoresearch","https:\/\/www.instagram.com\/suno","https:\/\/www.linkedin.com\/company\/suno-research\/","https:\/\/www.youtube.com\/c\/sunoresearch"]},{"@type":"Person","@id":"https:\/\/www.suno.com.br\/noticias\/#\/schema\/person\/c1b1bd3727fa852bd045e9dbff3673ea","name":"Reda\u00e7\u00e3o Suno Not\u00edcias","image":{"@type":"ImageObject","inLanguage":"pt-BR","@id":"https:\/\/www.suno.com.br\/noticias\/#\/schema\/person\/image\/","url":"https:\/\/secure.gravatar.com\/avatar\/b8104b9b5a71985d5238ee59fbe418af?s=96&r=g","contentUrl":"https:\/\/secure.gravatar.com\/avatar\/b8104b9b5a71985d5238ee59fbe418af?s=96&r=g","caption":"Reda\u00e7\u00e3o Suno Not\u00edcias"},"description":"O Suno Not\u00edcias \u00e9 um portal de informa\u00e7\u00f5es sobre Mercado Financeiro, Pol\u00edtica, Neg\u00f3cios, Economia e Finan\u00e7as Pessoais.","sameAs":["https:\/\/www.suno.com.br\/noticias","https:\/\/www.facebook.com\/sunonoticias\/","https:\/\/www.instagram.com\/sunonoticias\/","https:\/\/x.com\/https:\/\/twitter.com\/sunoresearch","https:\/\/www.youtube.com\/sunonoticias"],"url":"https:\/\/www.suno.com.br\/noticias\/author\/redacao-suno\/"}]}},"default_loop_html":"<div class=\"cardsPage__listCard__boxs\"><div class=\"cardsPage__listCard__boxs__img\"><a href=\"https:\/\/www.suno.com.br\/noticias\/dolar-cai-apos-elevacao-de-juros-nos-estados-unidos-e-decisao-do-bce-gpj\/\"><img class=\"mask\" src=\"https:\/\/www.suno.com.br\/noticias\/wp-content\/themes\/suno\/resources\/images\/spotlight\/spotlight1img\/bg-mask.png\" alt=\"Image Mask\"\/><img src=\"https:\/\/files.sunoresearch.com.br\/n\/uploads\/2023\/05\/dolar-cotacao-cambio-400x200.jpg\" alt=\"D\u00f3lar cai ap\u00f3s eleva\u00e7\u00e3o de juros nos Estados Unidos e decis\u00e3o do BCE\"\/><\/a><span class=\"spotlightCategory\"><a href=\"https:\/\/www.suno.com.br\/noticias\/mercado\/\">Mercado<\/a><\/span><\/div><div class=\"cardsPage__listCard__boxs__content\"><a href=\"https:\/\/www.suno.com.br\/noticias\/dolar-cai-apos-elevacao-de-juros-nos-estados-unidos-e-decisao-do-bce-gpj\/\"><h2 class=\"content__title\">D\u00f3lar cai ap\u00f3s eleva\u00e7\u00e3o de juros nos Estados Unidos e decis\u00e3o do BCE<\/h2><\/a><div class=\"newsContent__article__meta\"><div class=\"newsContent__article__meta__authorBox\"><a href=\"https:\/\/www.suno.com.br\/noticias\/author\/redacao-suno\/\" class=\"authorBox__avatar noMobi\"><img src=\"https:\/\/files.sunoresearch.com.br\/n\/uploads\/2020\/08\/0ace682d-redacao-1-150x150.webp\" alt=\"Reda\u00e7\u00e3o Suno Not\u00edcias\"><\/a><div class=\"authorBox__name\"><span>por\n\t\t\t<a href=\"https:\/\/www.suno.com.br\/noticias\/author\/redacao-suno\/\"><span itemprop=\"author\">Reda\u00e7\u00e3o Suno Not\u00edcias<\/span><\/a><\/span><time datetime=\"2023-07-27T10:49:48-03:00\" itemprop=\"datePublished\">27\/07\/2023 10:49<\/time><\/div><\/div><\/div><\/div><\/div>","single_layout":"posts","amp_enabled":true,"_links":{"self":[{"href":"https:\/\/www.suno.com.br\/noticias\/wp-json\/wp\/v2\/posts\/434247"}],"collection":[{"href":"https:\/\/www.suno.com.br\/noticias\/wp-json\/wp\/v2\/posts"}],"about":[{"href":"https:\/\/www.suno.com.br\/noticias\/wp-json\/wp\/v2\/types\/post"}],"author":[{"embeddable":true,"href":"https:\/\/www.suno.com.br\/noticias\/wp-json\/wp\/v2\/users\/43"}],"replies":[{"embeddable":true,"href":"https:\/\/www.suno.com.br\/noticias\/wp-json\/wp\/v2\/comments?post=434247"}],"version-history":[{"count":3,"href":"https:\/\/www.suno.com.br\/noticias\/wp-json\/wp\/v2\/posts\/434247\/revisions"}],"predecessor-version":[{"id":434318,"href":"https:\/\/www.suno.com.br\/noticias\/wp-json\/wp\/v2\/posts\/434247\/revisions\/434318"}],"wp:featuredmedia":[{"embeddable":true,"href":"https:\/\/www.suno.com.br\/noticias\/wp-json\/wp\/v2\/media\/408627"}],"wp:attachment":[{"href":"https:\/\/www.suno.com.br\/noticias\/wp-json\/wp\/v2\/media?parent=434247"}],"wp:term":[{"taxonomy":"category","embeddable":true,"href":"https:\/\/www.suno.com.br\/noticias\/wp-json\/wp\/v2\/categories?post=434247"},{"taxonomy":"post_tag","embeddable":true,"href":"https:\/\/www.suno.com.br\/noticias\/wp-json\/wp\/v2\/tags?post=434247"},{"taxonomy":"suno_strategy","embeddable":true,"href":"https:\/\/www.suno.com.br\/noticias\/wp-json\/wp\/v2\/suno_strategy?post=434247"}],"curies":[{"name":"wp","href":"https:\/\/api.w.org\/{rel}","templated":true}]}}