{"id":434215,"date":"2023-07-27T09:29:02","date_gmt":"2023-07-27T12:29:02","guid":{"rendered":"https:\/\/www.suno.com.br\/noticias\/?p=434215"},"modified":"2023-07-27T11:45:15","modified_gmt":"2023-07-27T14:45:15","slug":"americanas-demite-mil-funcionarios-gpj","status":"publish","type":"post","link":"https:\/\/www.suno.com.br\/noticias\/americanas-demite-mil-funcionarios-gpj\/","title":{"rendered":"Americanas (AMER3) demitiu 1,4 mil funcion\u00e1rios na \u00faltima semana"},"content":{"rendered":"<p>A <strong><a href=\"https:\/\/www.suno.com.br\/acoes\/amer3\/\"><strong>Americanas&nbsp;<\/strong><\/a><\/strong><a href=\"https:\/\/www.suno.com.br\/acoes\/amer3\/\">(AMER3)<\/a> informou ao mercado que desligou 1.404 funcion\u00e1rios na semana entre os dias 17 e 24 de julho, de acordo com um documento divulgado na Comiss\u00e3o de Valores Mobili\u00e1rios (CVM).<\/p>\t<div class=\"wrapper-featured-image\">\n\t\t<figure class=\"spotlightImg\">\n\n\t\t\t<picture>\n\t\t\t\t<source media=\"(max-width: 768px)\" srcset=\"https:\/\/files.sunoresearch.com.br\/n\/uploads\/2023\/01\/americanas-fachada-e1690460903132-400x200.jpg\">\n\t\t\t\t<img loading=\"lazy\" decoding=\"async\" class=\"newsContent__article__imgCapa lazyloadDisabled \" src=\"https:\/\/files.sunoresearch.com.br\/n\/uploads\/2023\/01\/americanas-fachada-e1690460903132-800x450.jpg\" width=\"800\" height=\"450\" alt=\"Americanas (AMER3) demitiu 1,4 mil funcion\u00e1rios na \u00faltima semana\" fetchpriority=high \/>\n\t\t\t<\/picture>\n\n\t\t\t<figcaption class=\"wp-caption-text wp-caption-text--show\">Americanas (AMER3). Foto: Divulga\u00e7\u00e3o<\/figcaption>\n\t\t<\/figure>\n\t<\/div>\n\n\n\n\n\n\n\n\t<p>\n\t\t<a href=\"\" target=\"_blank\" data-element=\"shortcode-suno-banner\" title=\"Banner SUNO, clique e saiba mais\">\n\t\t\t<picture>\n\t\t\t\t<source media=\"(max-width: 500px)\" srcset=\"\">\n\t\t\t\t<img class=\"newsContent__article__imgCapa newsContent__article__imgCapa--banner\"\n\t\t\t\t\tsrc=\"\"\n\t\t\t\t\tdata-promo-id=\"287932\"\t\t\t\t\t\t\t\t\t\t\t\t\t\t\talt=\"\"\n\t\t\t\t>\n\t\t\t<\/picture>\n\t\t<\/a>\n\t<\/p>\n\n\n\n\n\n<p>No comunicado, a varejista afirmou tamb\u00e9m que at\u00e9 o \u00faltimo domingo (23), tinha 35.741 colaboradores. As demiss\u00f5es ocorreram na <strong>Americanas S.A<\/strong>, n\u00e3o havendo desligamentos na ST Importa\u00e7\u00f5es.<\/p>\n\n\n\n<p>A Americanas disse ainda que, na \u00faltima semana, encerrou as opera\u00e7\u00f5es em uma loja localizada em Campo Grande (MS) e que at\u00e9 o \u00faltimo domingo, tinha 1.825 lojas em atividade.<\/p>\n\n\n\n<p>Entre os dias 17 e 24 de julho, a varejista efetuou R$ 356 milh\u00f5es em pagamentos e somou R$ 344 milh\u00f5es em recebimentos.<\/p>\n\n\n\n<p>Em nota enviada ao Suno Not\u00edcias, a Americanas informou que, diante da reestrutura\u00e7\u00e3o de algumas frentes de neg\u00f3cio a partir de seu plano de transforma\u00e7\u00e3o, realizou o desligamento de colaboradores. A companhia informou, ainda, que segue com foco na manuten\u00e7\u00e3o de suas opera\u00e7\u00f5es e no aumento de sua efici\u00eancia. <\/p>\n\n\n\n<p>&#8220;A Americanas refor\u00e7a seu comprometimento com a transpar\u00eancia na rela\u00e7\u00e3o com os sindicatos, mantendo-os informados dos movimentos de reestrutura\u00e7\u00e3o, assim como garante o cumprimento integral e tempestivo de suas obriga\u00e7\u00f5es trabalhistas, na forma da legisla\u00e7\u00e3o vigente&#8221;, pontuou.<\/p>\n\n\n\n<h2 class=\"wp-block-heading\">Americanas: <a href=\"https:\/\/www.suno.com.br\/acoes\/BPAC11\/\">BTG Pactual (BPAC11)<\/a> e <a href=\"https:\/\/www.suno.com.br\/acoes\/SANB11\/\">Santander (SANB11)<\/a> rejeitam plano de recupera\u00e7\u00e3o judicial<\/h2>\n\n\n\n<p>Ap\u00f3s a apresenta\u00e7\u00e3o da <strong>proposta de pagamento da&nbsp;Americanas<\/strong>, em seu processo de&nbsp;<a href=\"https:\/\/www.suno.com.br\/artigos\/recuperacao-judicial\/\" target=\"_blank\" rel=\"noreferrer noopener\">recupera\u00e7\u00e3o judicial<\/a>, os credores da varejista puderam se mostrar a favor ou contra o documento at\u00e9 a \u00faltima quarta-feira (19), conforme protocolo na Justi\u00e7a.<\/p>\n\n\n\n<p>Segundo o jornal Valor Econ\u00f4mico, algumas das institui\u00e7\u00f5es que se opuseram ao plano de pagamento foram&nbsp;<a href=\"https:\/\/www.suno.com.br\/acoes\/BPAC11\/\" target=\"_blank\" rel=\"noreferrer noopener\"><strong>BTG Pactual (BPAC11)<\/strong><\/a>&nbsp;e&nbsp;<a href=\"https:\/\/www.suno.com.br\/acoes\/SANB11\/\" target=\"_blank\" rel=\"noreferrer noopener\"><strong>Santander (SANB11)<\/strong><\/a>. Al\u00e9m disso, tamb\u00e9m se mostraram contra a proposta apresentada pela Americanas 30 gestoras e fundos de investimentos, assim como a Virgo Companhia de Securitiza\u00e7\u00e3o.<\/p>\n\n\n\n<p>Conforme aponta a lista de&nbsp;<strong>credores da Americanas<\/strong>&nbsp;mais atualizada, a d\u00edvida da varejista com o BTG Pactual \u00e9 de R$ 3,5 bilh\u00f5es. Enquanto isso, o Santander tamb\u00e9m tem um total de R$ 3,5 bilh\u00f5es para receber da empresa.<\/p>\n\n\n\n<p>Uma das obje\u00e7\u00f5es protocoladas na Justi\u00e7a contou com as assinaturas de 10 gestoras. Um grupo de 20 gestoras e fundos de investimento tamb\u00e9m entregou um termo em conjunto opondo-se ao&nbsp;<strong><a href=\"https:\/\/www.suno.com.br\/artigos\/plano-de-recuperacao\/\" target=\"_blank\" rel=\"noreferrer noopener\">plano de recupera\u00e7\u00e3o judicial<\/a>&nbsp;da Americanas<\/strong>, inclusive com a presen\u00e7a da Oliveira Trust DTVM.<\/p>\n\n\n\n<p>O BTG Pactual discordou de 7 pontos da proposta da Americanas. Um deles se refere \u00e0 proje\u00e7\u00e3o da Americanas de&nbsp;<a target=\"_blank\" href=\"https:\/\/www.suno.com.br\/artigos\/aumento-capital\/\" rel=\"noreferrer noopener\">aumento de capital<\/a>&nbsp;de \u201csomente\u201d R$ 10 bilh\u00f5es. Al\u00e9m disso, o banco destacou sua discord\u00e2ncia sobre o ponto de \u201cdes\u00e1gio n\u00e3o inferior ao percentual de 60% previsto para as modalidades de pagamento dos credores quirograf\u00e1rios\u201d.<\/p>\n\n\n\n<p>J\u00e1 o Santander disse que o&nbsp;<strong>plano da Americanas<\/strong>&nbsp;se limita a \u201cdescrever o contexto geral da economia brasileira e do mercado de com\u00e9rcio eletr\u00f4nico\/varejo\u201d.<\/p>\n\n\n\n<p>Desse modo, o banco acredita que a proposta n\u00e3o mostra \u201cas raz\u00f5es pelas quais seria numericamente razo\u00e1vel esperar que as solu\u00e7\u00f5es propostas no plano de recupera\u00e7\u00e3o judicial levariam ao soerguimento das recuperandas e\/ou seriam as menos gravosas ao patrim\u00f4nio de seus credores\u201d.<\/p>\n\n\n\t<p>\n\t\t<a href=\"https:\/\/lp.suno.com.br\/ebook-como-analisar-uma-acao\/\" target=\"_blank\" data-element=\"shortcode-suno-banner\" title=\"Banner SUNO, clique e saiba mais\">\n\t\t\t<picture>\n\t\t\t\t<source media=\"(max-width: 500px)\" srcset=\"https:\/\/files.sunoresearch.com.br\/n\/uploads\/2023\/03\/Ebook-Acoes-Mobile.jpg\">\n\t\t\t\t<img class=\"newsContent__article__imgCapa newsContent__article__imgCapa--banner\"\n\t\t\t\t\tsrc=\"https:\/\/files.sunoresearch.com.br\/n\/uploads\/2023\/03\/Ebook-Acoes-Desktop.jpg\"\n\t\t\t\t\tdata-promo-id=\"378302\"\t\t\t\t\t\t\t\t\t\twidth='1420' height='286'\t\t\t\t\talt=\"https:\/\/files.sunoresearch.com.br\/n\/uploads\/2023\/03\/Ebook-Acoes-Desktop.jpg\"\n\t\t\t\t>\n\t\t\t<\/picture>\n\t\t<\/a>\n\t<\/p>\n\n\n\n\n\n<h2 class=\"wp-block-heading\"><a><\/a>Americanas anuncia mudan\u00e7a de auditor independente; Veja os motivos<\/h2>\n\n\n\n<p>Na \u00faltima segunda-feira (17), a Americanas informou que seu&nbsp;<a href=\"https:\/\/www.suno.com.br\/artigos\/conselho-administracao\/\" target=\"_blank\" rel=\"noreferrer noopener\">conselho de administra\u00e7\u00e3o<\/a>&nbsp;deliberou pela mudan\u00e7a de seus auditores independentes, cujos trabalhos estavam at\u00e9 o momento sob a responsabilidade da PwC.<\/p>\n\n\n\n<p>A decis\u00e3o foi tomada, segundo a varejista, ap\u00f3s tentativas sem \u00eaxito de propor \u00e0&nbsp;<strong>PwC<\/strong>&nbsp;cautelas adicionais para a condu\u00e7\u00e3o dos trabalhos de auditoria das&nbsp;<a href=\"https:\/\/www.suno.com.br\/artigos\/demonstracoes-financeiras\/\" target=\"_blank\" rel=\"noreferrer noopener\">demonstra\u00e7\u00f5es financeiras<\/a>&nbsp;a serem refeitas.<\/p>\n\n\n\n<p>Al\u00e9m disso, a Americanas ressaltou a necessidade de se divulgar ao mercado <a href=\"https:\/\/www.suno.com.br\/artigos\/demonstracoes-financeiras\/\">demonstra\u00e7\u00f5es financeiras<\/a> auditadas que tenham um alto grau de confiabilidade e em prazo compat\u00edvel com as necessidades de informa\u00e7\u00f5es do mercado e dos credores da empresa.<\/p>\n\n\n\n<p>Por fim, a&nbsp;<strong>Americanas&nbsp;<\/strong>destaca que a decis\u00e3o n\u00e3o antecipa qualquer ju\u00edzo de valor a respeito do trabalho da PwC at\u00e9 o momento, mas tem como objetivo fazer com que as <a href=\"https:\/\/www.suno.com.br\/artigos\/demonstracoes-financeiras\/\">demonstra\u00e7\u00f5es financeiras<\/a> auditadas da empresa sejam conclu\u00eddas e divulgadas de forma adequada.<\/p>\n\n\n\n<p><em>Com informa\u00e7\u00f5es de Estad\u00e3o Conte\u00fado<\/em><\/p>\n\n\n\t<p>\n\t\t<a href=\"https:\/\/lp.suno.com.br\/plataforma-de-controle-de-investimentos\/\" target=\"_blank\" data-element=\"shortcode-suno-banner\" title=\"Banner SUNO, clique e saiba mais\">\n\t\t\t<picture>\n\t\t\t\t<source media=\"(max-width: 500px)\" srcset=\"https:\/\/files.sunoresearch.com.br\/n\/uploads\/2023\/03\/400x300-Controle-de-Investimentos.png\">\n\t\t\t\t<img class=\"newsContent__article__imgCapa newsContent__article__imgCapa--banner\"\n\t\t\t\t\tsrc=\"https:\/\/files.sunoresearch.com.br\/n\/uploads\/2023\/03\/1420x240-Controle-de-Investimentos.png\"\n\t\t\t\t\tdata-promo-id=\"383162\"\t\t\t\t\t\t\t\t\t\twidth='1420' height='240'\t\t\t\t\talt=\"https:\/\/files.sunoresearch.com.br\/n\/uploads\/2023\/03\/1420x240-Controle-de-Investimentos.png\"\n\t\t\t\t>\n\t\t\t<\/picture>\n\t\t<\/a>\n\t<\/p>\n\n\n","protected":false},"excerpt":{"rendered":"<p>A Americanas&nbsp;(AMER3) informou ao mercado que desligou 1.404 funcion\u00e1rios na semana entre os dias 17 e 24 de julho, de acordo com um documento divulgado na Comiss\u00e3o de Valores Mobili\u00e1rios (CVM). Americanas (AMER3). Foto: Divulga\u00e7\u00e3o No comunicado, a varejista afirmou tamb\u00e9m que at\u00e9 o \u00faltimo domingo (23), tinha 35.741 colaboradores. As demiss\u00f5es ocorreram na Americanas [&hellip;]<\/p>\n","protected":false},"author":313,"featured_media":346111,"comment_status":"closed","ping_status":"closed","sticky":false,"template":"","format":"standard","meta":[],"categories":[64],"tags":[106605,399,624],"suno_strategy":[],"class_list":["post-434215","post","type-post","status-publish","format-standard","has-post-thumbnail","hentry","category-negocios","tag-americanas-s-a-amer3","tag-btg-pactual-bpac11-bpac3-bpac5","tag-santander-sanb11-sanb3-sanb4"],"yoast_head":"<!-- This site is optimized with the Yoast SEO plugin v24.4 - https:\/\/yoast.com\/wordpress\/plugins\/seo\/ -->\n<title>Americanas (AMER3) demitiu 1,4 mil funcion\u00e1rios na \u00faltima semana<\/title>\n<meta name=\"description\" content=\"A Americanas\u00a0(AMER3) informou ao mercado que desligou 1.404 funcion\u00e1rios na semana entre os dias 17 e 24 de julho. Saiba mais!\" \/>\n<meta name=\"robots\" content=\"index, follow, max-snippet:-1, max-image-preview:large, max-video-preview:-1\" \/>\n<link rel=\"canonical\" href=\"https:\/\/www.suno.com.br\/noticias\/americanas-demite-mil-funcionarios-gpj\/\" \/>\n<meta property=\"og:locale\" content=\"pt_BR\" \/>\n<meta property=\"og:type\" content=\"article\" \/>\n<meta property=\"og:title\" content=\"Americanas (AMER3) demitiu 1,4 mil funcion\u00e1rios na \u00faltima semana\" \/>\n<meta property=\"og:description\" content=\"A Americanas\u00a0(AMER3) informou ao mercado que desligou 1.404 funcion\u00e1rios na semana entre os dias 17 e 24 de julho. Saiba mais!\" \/>\n<meta property=\"og:url\" content=\"https:\/\/www.suno.com.br\/noticias\/americanas-demite-mil-funcionarios-gpj\/\" \/>\n<meta property=\"og:site_name\" content=\"Suno Not\u00edcias\" \/>\n<meta property=\"article:publisher\" content=\"https:\/\/facebook.com\/sunoresearch\" \/>\n<meta property=\"og:image\" content=\"https:\/\/files.sunoresearch.com.br\/n\/uploads\/2023\/01\/americanas-fachada-e1690460903132.jpg\" \/>\n\t<meta property=\"og:image:width\" content=\"1200\" \/>\n\t<meta property=\"og:image:height\" content=\"795\" \/>\n\t<meta property=\"og:image:type\" content=\"image\/jpeg\" \/>\n<meta name=\"author\" content=\"Giovanni Porf\u00edrio Jacomino\" \/>\n<meta name=\"twitter:card\" content=\"summary_large_image\" \/>\n<meta name=\"twitter:creator\" content=\"@sunoresearch\" \/>\n<meta name=\"twitter:site\" content=\"@sunoresearch\" \/>\n<meta name=\"twitter:label1\" content=\"Escrito por\" \/>\n\t<meta name=\"twitter:data1\" content=\"Giovanni Porf\u00edrio Jacomino\" \/>\n\t<meta name=\"twitter:label2\" content=\"Est. tempo de leitura\" \/>\n\t<meta name=\"twitter:data2\" content=\"4 minutos\" \/>\n<script type=\"application\/ld+json\" class=\"yoast-schema-graph\">{\"@context\":\"https:\/\/schema.org\",\"@graph\":[{\"@type\":\"NewsArticle\",\"@id\":\"https:\/\/www.suno.com.br\/noticias\/americanas-demite-mil-funcionarios-gpj\/#article\",\"isPartOf\":{\"@id\":\"https:\/\/www.suno.com.br\/noticias\/americanas-demite-mil-funcionarios-gpj\/\"},\"author\":{\"name\":\"Giovanni Porf\u00edrio Jacomino\",\"@id\":\"https:\/\/www.suno.com.br\/noticias\/#\/schema\/person\/d0f32748bbca4bee871fa191ee4e2d40\"},\"headline\":\"Americanas (AMER3) demitiu 1,4 mil funcion\u00e1rios na \u00faltima semana\",\"datePublished\":\"2023-07-27T12:29:02+00:00\",\"dateModified\":\"2023-07-27T14:45:15+00:00\",\"mainEntityOfPage\":{\"@id\":\"https:\/\/www.suno.com.br\/noticias\/americanas-demite-mil-funcionarios-gpj\/\"},\"wordCount\":749,\"publisher\":{\"@id\":\"https:\/\/www.suno.com.br\/noticias\/#organization\"},\"image\":{\"@id\":\"https:\/\/www.suno.com.br\/noticias\/americanas-demite-mil-funcionarios-gpj\/#primaryimage\"},\"thumbnailUrl\":\"https:\/\/files.sunoresearch.com.br\/n\/uploads\/2023\/01\/americanas-fachada-e1690460903132.jpg\",\"keywords\":[\"Americanas (AMER3)\",\"BTG Pactual (BPAC11\/BPAC3\/BPAC5)\",\"Santander (SANB11\/SANB3\/SANB4)\"],\"articleSection\":[\"Neg\u00f3cios\"],\"inLanguage\":\"pt-BR\"},{\"@type\":\"WebPage\",\"@id\":\"https:\/\/www.suno.com.br\/noticias\/americanas-demite-mil-funcionarios-gpj\/\",\"url\":\"https:\/\/www.suno.com.br\/noticias\/americanas-demite-mil-funcionarios-gpj\/\",\"name\":\"Americanas (AMER3) demitiu 1,4 mil funcion\u00e1rios na \u00faltima semana\",\"isPartOf\":{\"@id\":\"https:\/\/www.suno.com.br\/noticias\/#website\"},\"primaryImageOfPage\":{\"@id\":\"https:\/\/www.suno.com.br\/noticias\/americanas-demite-mil-funcionarios-gpj\/#primaryimage\"},\"image\":{\"@id\":\"https:\/\/www.suno.com.br\/noticias\/americanas-demite-mil-funcionarios-gpj\/#primaryimage\"},\"thumbnailUrl\":\"https:\/\/files.sunoresearch.com.br\/n\/uploads\/2023\/01\/americanas-fachada-e1690460903132.jpg\",\"datePublished\":\"2023-07-27T12:29:02+00:00\",\"dateModified\":\"2023-07-27T14:45:15+00:00\",\"description\":\"A Americanas\u00a0(AMER3) informou ao mercado que desligou 1.404 funcion\u00e1rios na semana entre os dias 17 e 24 de julho. Saiba mais!\",\"breadcrumb\":{\"@id\":\"https:\/\/www.suno.com.br\/noticias\/americanas-demite-mil-funcionarios-gpj\/#breadcrumb\"},\"inLanguage\":\"pt-BR\",\"potentialAction\":[{\"@type\":\"ReadAction\",\"target\":[\"https:\/\/www.suno.com.br\/noticias\/americanas-demite-mil-funcionarios-gpj\/\"]}]},{\"@type\":\"ImageObject\",\"inLanguage\":\"pt-BR\",\"@id\":\"https:\/\/www.suno.com.br\/noticias\/americanas-demite-mil-funcionarios-gpj\/#primaryimage\",\"url\":\"https:\/\/files.sunoresearch.com.br\/n\/uploads\/2023\/01\/americanas-fachada-e1690460903132.jpg\",\"contentUrl\":\"https:\/\/files.sunoresearch.com.br\/n\/uploads\/2023\/01\/americanas-fachada-e1690460903132.jpg\",\"width\":1200,\"height\":795,\"caption\":\"Americanas (AMER3). Foto: Divulga\u00e7\u00e3o\"},{\"@type\":\"BreadcrumbList\",\"@id\":\"https:\/\/www.suno.com.br\/noticias\/americanas-demite-mil-funcionarios-gpj\/#breadcrumb\",\"itemListElement\":[{\"@type\":\"ListItem\",\"position\":1,\"name\":\"Not\u00edcias\",\"item\":\"https:\/\/www.suno.com.br\/noticias\/\"},{\"@type\":\"ListItem\",\"position\":2,\"name\":\"Neg\u00f3cios\",\"item\":\"https:\/\/www.suno.com.br\/noticias\/negocios\/\"},{\"@type\":\"ListItem\",\"position\":3,\"name\":\"Americanas (AMER3) demitiu 1,4 mil funcion\u00e1rios na \u00faltima semana\"}]},{\"@type\":\"WebSite\",\"@id\":\"https:\/\/www.suno.com.br\/noticias\/#website\",\"url\":\"https:\/\/www.suno.com.br\/noticias\/\",\"name\":\"Suno Not\u00edcias\",\"description\":\"Seu portal de informa\u00e7\u00e3o sobre o mundo dos investimentos\",\"publisher\":{\"@id\":\"https:\/\/www.suno.com.br\/noticias\/#organization\"},\"potentialAction\":[{\"@type\":\"SearchAction\",\"target\":{\"@type\":\"EntryPoint\",\"urlTemplate\":\"https:\/\/www.suno.com.br\/noticias\/?s={search_term_string}\"},\"query-input\":{\"@type\":\"PropertyValueSpecification\",\"valueRequired\":true,\"valueName\":\"search_term_string\"}}],\"inLanguage\":\"pt-BR\"},{\"@type\":\"Organization\",\"@id\":\"https:\/\/www.suno.com.br\/noticias\/#organization\",\"name\":\"Suno Not\u00edcias\",\"url\":\"https:\/\/www.suno.com.br\/noticias\/\",\"logo\":{\"@type\":\"ImageObject\",\"inLanguage\":\"pt-BR\",\"@id\":\"https:\/\/www.suno.com.br\/noticias\/#\/schema\/logo\/image\/\",\"url\":\"https:\/\/files.sunoresearch.com.br\/n\/uploads\/2021\/09\/suno-logo.png\",\"contentUrl\":\"https:\/\/files.sunoresearch.com.br\/n\/uploads\/2021\/09\/suno-logo.png\",\"width\":180,\"height\":180,\"caption\":\"Suno Not\u00edcias\"},\"image\":{\"@id\":\"https:\/\/www.suno.com.br\/noticias\/#\/schema\/logo\/image\/\"},\"sameAs\":[\"https:\/\/facebook.com\/sunoresearch\",\"https:\/\/x.com\/sunoresearch\",\"https:\/\/www.instagram.com\/suno\",\"https:\/\/www.linkedin.com\/company\/suno-research\/\",\"https:\/\/www.youtube.com\/c\/sunoresearch\"]},{\"@type\":\"Person\",\"@id\":\"https:\/\/www.suno.com.br\/noticias\/#\/schema\/person\/d0f32748bbca4bee871fa191ee4e2d40\",\"name\":\"Giovanni Porf\u00edrio Jacomino\",\"image\":{\"@type\":\"ImageObject\",\"inLanguage\":\"pt-BR\",\"@id\":\"https:\/\/www.suno.com.br\/noticias\/#\/schema\/person\/image\/\",\"url\":\"https:\/\/secure.gravatar.com\/avatar\/efb32e19b730a121cb7a80f41ffec01a?s=96&r=g\",\"contentUrl\":\"https:\/\/secure.gravatar.com\/avatar\/efb32e19b730a121cb7a80f41ffec01a?s=96&r=g\",\"caption\":\"Giovanni Porf\u00edrio Jacomino\"},\"description\":\"Giovanni Porf\u00edrio Jacomino \u00e9 jornalista formado pela Universidade Estadual de Londrina (UEL) e p\u00f3s-graduado em Produ\u00e7\u00e3o e Pr\u00e1ticas Jornal\u00edsticas na Contemporaneidade na Faculdade C\u00e1sper L\u00edbero (FCL). Foi editor web no Startupi e no Finsiders, atuando ainda como editor no TC Mover, portal de not\u00edcias da TradersClub, fazendo a cobertura de assuntos relacionados ao mercado financeiro interno e externo. Atualmente, \u00e9 Rep\u00f3rter do Suno Not\u00edcias.\",\"url\":\"https:\/\/www.suno.com.br\/noticias\/author\/giovanni-porfiriosuno-com-br\/\"}]}<\/script>\n<!-- \/ Yoast SEO plugin. -->","yoast_head_json":{"title":"Americanas (AMER3) demitiu 1,4 mil funcion\u00e1rios na \u00faltima semana","description":"A Americanas\u00a0(AMER3) informou ao mercado que desligou 1.404 funcion\u00e1rios na semana entre os dias 17 e 24 de julho. Saiba mais!","robots":{"index":"index","follow":"follow","max-snippet":"max-snippet:-1","max-image-preview":"max-image-preview:large","max-video-preview":"max-video-preview:-1"},"canonical":"https:\/\/www.suno.com.br\/noticias\/americanas-demite-mil-funcionarios-gpj\/","og_locale":"pt_BR","og_type":"article","og_title":"Americanas (AMER3) demitiu 1,4 mil funcion\u00e1rios na \u00faltima semana","og_description":"A Americanas\u00a0(AMER3) informou ao mercado que desligou 1.404 funcion\u00e1rios na semana entre os dias 17 e 24 de julho. Saiba mais!","og_url":"https:\/\/www.suno.com.br\/noticias\/americanas-demite-mil-funcionarios-gpj\/","og_site_name":"Suno Not\u00edcias","article_publisher":"https:\/\/facebook.com\/sunoresearch","og_image":[{"width":1200,"height":795,"url":"https:\/\/files.sunoresearch.com.br\/n\/uploads\/2023\/01\/americanas-fachada-e1690460903132.jpg","type":"image\/jpeg"}],"author":"Giovanni Porf\u00edrio Jacomino","twitter_card":"summary_large_image","twitter_creator":"@sunoresearch","twitter_site":"@sunoresearch","twitter_misc":{"Escrito por":"Giovanni Porf\u00edrio Jacomino","Est. tempo de leitura":"4 minutos"},"schema":{"@context":"https:\/\/schema.org","@graph":[{"@type":"NewsArticle","@id":"https:\/\/www.suno.com.br\/noticias\/americanas-demite-mil-funcionarios-gpj\/#article","isPartOf":{"@id":"https:\/\/www.suno.com.br\/noticias\/americanas-demite-mil-funcionarios-gpj\/"},"author":{"name":"Giovanni Porf\u00edrio Jacomino","@id":"https:\/\/www.suno.com.br\/noticias\/#\/schema\/person\/d0f32748bbca4bee871fa191ee4e2d40"},"headline":"Americanas (AMER3) demitiu 1,4 mil funcion\u00e1rios na \u00faltima semana","datePublished":"2023-07-27T12:29:02+00:00","dateModified":"2023-07-27T14:45:15+00:00","mainEntityOfPage":{"@id":"https:\/\/www.suno.com.br\/noticias\/americanas-demite-mil-funcionarios-gpj\/"},"wordCount":749,"publisher":{"@id":"https:\/\/www.suno.com.br\/noticias\/#organization"},"image":{"@id":"https:\/\/www.suno.com.br\/noticias\/americanas-demite-mil-funcionarios-gpj\/#primaryimage"},"thumbnailUrl":"https:\/\/files.sunoresearch.com.br\/n\/uploads\/2023\/01\/americanas-fachada-e1690460903132.jpg","keywords":["Americanas (AMER3)","BTG Pactual (BPAC11\/BPAC3\/BPAC5)","Santander (SANB11\/SANB3\/SANB4)"],"articleSection":["Neg\u00f3cios"],"inLanguage":"pt-BR"},{"@type":"WebPage","@id":"https:\/\/www.suno.com.br\/noticias\/americanas-demite-mil-funcionarios-gpj\/","url":"https:\/\/www.suno.com.br\/noticias\/americanas-demite-mil-funcionarios-gpj\/","name":"Americanas (AMER3) demitiu 1,4 mil funcion\u00e1rios na \u00faltima semana","isPartOf":{"@id":"https:\/\/www.suno.com.br\/noticias\/#website"},"primaryImageOfPage":{"@id":"https:\/\/www.suno.com.br\/noticias\/americanas-demite-mil-funcionarios-gpj\/#primaryimage"},"image":{"@id":"https:\/\/www.suno.com.br\/noticias\/americanas-demite-mil-funcionarios-gpj\/#primaryimage"},"thumbnailUrl":"https:\/\/files.sunoresearch.com.br\/n\/uploads\/2023\/01\/americanas-fachada-e1690460903132.jpg","datePublished":"2023-07-27T12:29:02+00:00","dateModified":"2023-07-27T14:45:15+00:00","description":"A Americanas\u00a0(AMER3) informou ao mercado que desligou 1.404 funcion\u00e1rios na semana entre os dias 17 e 24 de julho. Saiba mais!","breadcrumb":{"@id":"https:\/\/www.suno.com.br\/noticias\/americanas-demite-mil-funcionarios-gpj\/#breadcrumb"},"inLanguage":"pt-BR","potentialAction":[{"@type":"ReadAction","target":["https:\/\/www.suno.com.br\/noticias\/americanas-demite-mil-funcionarios-gpj\/"]}]},{"@type":"ImageObject","inLanguage":"pt-BR","@id":"https:\/\/www.suno.com.br\/noticias\/americanas-demite-mil-funcionarios-gpj\/#primaryimage","url":"https:\/\/files.sunoresearch.com.br\/n\/uploads\/2023\/01\/americanas-fachada-e1690460903132.jpg","contentUrl":"https:\/\/files.sunoresearch.com.br\/n\/uploads\/2023\/01\/americanas-fachada-e1690460903132.jpg","width":1200,"height":795,"caption":"Americanas (AMER3). Foto: Divulga\u00e7\u00e3o"},{"@type":"BreadcrumbList","@id":"https:\/\/www.suno.com.br\/noticias\/americanas-demite-mil-funcionarios-gpj\/#breadcrumb","itemListElement":[{"@type":"ListItem","position":1,"name":"Not\u00edcias","item":"https:\/\/www.suno.com.br\/noticias\/"},{"@type":"ListItem","position":2,"name":"Neg\u00f3cios","item":"https:\/\/www.suno.com.br\/noticias\/negocios\/"},{"@type":"ListItem","position":3,"name":"Americanas (AMER3) demitiu 1,4 mil funcion\u00e1rios na \u00faltima semana"}]},{"@type":"WebSite","@id":"https:\/\/www.suno.com.br\/noticias\/#website","url":"https:\/\/www.suno.com.br\/noticias\/","name":"Suno Not\u00edcias","description":"Seu portal de informa\u00e7\u00e3o sobre o mundo dos investimentos","publisher":{"@id":"https:\/\/www.suno.com.br\/noticias\/#organization"},"potentialAction":[{"@type":"SearchAction","target":{"@type":"EntryPoint","urlTemplate":"https:\/\/www.suno.com.br\/noticias\/?s={search_term_string}"},"query-input":{"@type":"PropertyValueSpecification","valueRequired":true,"valueName":"search_term_string"}}],"inLanguage":"pt-BR"},{"@type":"Organization","@id":"https:\/\/www.suno.com.br\/noticias\/#organization","name":"Suno Not\u00edcias","url":"https:\/\/www.suno.com.br\/noticias\/","logo":{"@type":"ImageObject","inLanguage":"pt-BR","@id":"https:\/\/www.suno.com.br\/noticias\/#\/schema\/logo\/image\/","url":"https:\/\/files.sunoresearch.com.br\/n\/uploads\/2021\/09\/suno-logo.png","contentUrl":"https:\/\/files.sunoresearch.com.br\/n\/uploads\/2021\/09\/suno-logo.png","width":180,"height":180,"caption":"Suno Not\u00edcias"},"image":{"@id":"https:\/\/www.suno.com.br\/noticias\/#\/schema\/logo\/image\/"},"sameAs":["https:\/\/facebook.com\/sunoresearch","https:\/\/x.com\/sunoresearch","https:\/\/www.instagram.com\/suno","https:\/\/www.linkedin.com\/company\/suno-research\/","https:\/\/www.youtube.com\/c\/sunoresearch"]},{"@type":"Person","@id":"https:\/\/www.suno.com.br\/noticias\/#\/schema\/person\/d0f32748bbca4bee871fa191ee4e2d40","name":"Giovanni Porf\u00edrio Jacomino","image":{"@type":"ImageObject","inLanguage":"pt-BR","@id":"https:\/\/www.suno.com.br\/noticias\/#\/schema\/person\/image\/","url":"https:\/\/secure.gravatar.com\/avatar\/efb32e19b730a121cb7a80f41ffec01a?s=96&r=g","contentUrl":"https:\/\/secure.gravatar.com\/avatar\/efb32e19b730a121cb7a80f41ffec01a?s=96&r=g","caption":"Giovanni Porf\u00edrio Jacomino"},"description":"Giovanni Porf\u00edrio Jacomino \u00e9 jornalista formado pela Universidade Estadual de Londrina (UEL) e p\u00f3s-graduado em Produ\u00e7\u00e3o e Pr\u00e1ticas Jornal\u00edsticas na Contemporaneidade na Faculdade C\u00e1sper L\u00edbero (FCL). Foi editor web no Startupi e no Finsiders, atuando ainda como editor no TC Mover, portal de not\u00edcias da TradersClub, fazendo a cobertura de assuntos relacionados ao mercado financeiro interno e externo. Atualmente, \u00e9 Rep\u00f3rter do Suno Not\u00edcias.","url":"https:\/\/www.suno.com.br\/noticias\/author\/giovanni-porfiriosuno-com-br\/"}]}},"default_loop_html":"<div class=\"cardsPage__listCard__boxs\"><div class=\"cardsPage__listCard__boxs__img\"><a href=\"https:\/\/www.suno.com.br\/noticias\/americanas-demite-mil-funcionarios-gpj\/\"><img class=\"mask\" src=\"https:\/\/www.suno.com.br\/noticias\/wp-content\/themes\/suno\/resources\/images\/spotlight\/spotlight1img\/bg-mask.png\" alt=\"Image Mask\"\/><img src=\"https:\/\/files.sunoresearch.com.br\/n\/uploads\/2023\/01\/americanas-fachada-e1690460903132-400x200.jpg\" alt=\"Americanas (AMER3) demitiu 1,4 mil funcion\u00e1rios na \u00faltima semana\"\/><\/a><span class=\"spotlightCategory\"><a href=\"https:\/\/www.suno.com.br\/noticias\/negocios\/\">Neg\u00f3cios<\/a><\/span><\/div><div class=\"cardsPage__listCard__boxs__content\"><a href=\"https:\/\/www.suno.com.br\/noticias\/americanas-demite-mil-funcionarios-gpj\/\"><h2 class=\"content__title\">Americanas (AMER3) demitiu 1,4 mil funcion\u00e1rios na \u00faltima semana<\/h2><\/a><div class=\"newsContent__article__meta\"><div class=\"newsContent__article__meta__authorBox\"><a href=\"https:\/\/www.suno.com.br\/noticias\/author\/giovanni-porfiriosuno-com-br\/\" class=\"authorBox__avatar noMobi\"><img src=\"https:\/\/files.sunoresearch.com.br\/n\/uploads\/2024\/05\/DSCF4115-1-1-150x150.webp\" alt=\"Giovanni Porf\u00edrio Jacomino\"><\/a><div class=\"authorBox__name\"><span>por\n\t\t\t<a href=\"https:\/\/www.suno.com.br\/noticias\/author\/giovanni-porfiriosuno-com-br\/\"><span itemprop=\"author\">Giovanni Porf\u00edrio Jacomino<\/span><\/a><\/span><time datetime=\"2023-07-27T09:29:02-03:00\" itemprop=\"datePublished\">27\/07\/2023 09:29<\/time><\/div><\/div><\/div><\/div><\/div>","single_layout":"posts","amp_enabled":true,"_links":{"self":[{"href":"https:\/\/www.suno.com.br\/noticias\/wp-json\/wp\/v2\/posts\/434215"}],"collection":[{"href":"https:\/\/www.suno.com.br\/noticias\/wp-json\/wp\/v2\/posts"}],"about":[{"href":"https:\/\/www.suno.com.br\/noticias\/wp-json\/wp\/v2\/types\/post"}],"author":[{"embeddable":true,"href":"https:\/\/www.suno.com.br\/noticias\/wp-json\/wp\/v2\/users\/313"}],"replies":[{"embeddable":true,"href":"https:\/\/www.suno.com.br\/noticias\/wp-json\/wp\/v2\/comments?post=434215"}],"version-history":[{"count":2,"href":"https:\/\/www.suno.com.br\/noticias\/wp-json\/wp\/v2\/posts\/434215\/revisions"}],"predecessor-version":[{"id":434375,"href":"https:\/\/www.suno.com.br\/noticias\/wp-json\/wp\/v2\/posts\/434215\/revisions\/434375"}],"wp:featuredmedia":[{"embeddable":true,"href":"https:\/\/www.suno.com.br\/noticias\/wp-json\/wp\/v2\/media\/346111"}],"wp:attachment":[{"href":"https:\/\/www.suno.com.br\/noticias\/wp-json\/wp\/v2\/media?parent=434215"}],"wp:term":[{"taxonomy":"category","embeddable":true,"href":"https:\/\/www.suno.com.br\/noticias\/wp-json\/wp\/v2\/categories?post=434215"},{"taxonomy":"post_tag","embeddable":true,"href":"https:\/\/www.suno.com.br\/noticias\/wp-json\/wp\/v2\/tags?post=434215"},{"taxonomy":"suno_strategy","embeddable":true,"href":"https:\/\/www.suno.com.br\/noticias\/wp-json\/wp\/v2\/suno_strategy?post=434215"}],"curies":[{"name":"wp","href":"https:\/\/api.w.org\/{rel}","templated":true}]}}