{"id":434174,"date":"2023-07-27T08:54:37","date_gmt":"2023-07-27T11:54:37","guid":{"rendered":"https:\/\/www.suno.com.br\/noticias\/?p=434174"},"modified":"2023-07-27T08:54:43","modified_gmt":"2023-07-27T11:54:43","slug":"weg-adquire-empresa-ia-veja-qual-gpj","status":"publish","type":"post","link":"https:\/\/www.suno.com.br\/noticias\/weg-adquire-empresa-ia-veja-qual-gpj\/","title":{"rendered":"Weg (WEGE3) adquire 100% de empresa de IA para a ind\u00fastria; veja qual"},"content":{"rendered":"<p>A <a href=\"https:\/\/www.suno.com.br\/acoes\/WEGE3\/\"><strong>Weg<\/strong> (WEGE3)<\/a> firmou acordo para aquisi\u00e7\u00e3o da BirminD, empresa de tecnologia atuante no mercado de intelig\u00eancia artificial para processos industriais. A Weg j\u00e1 detinha participa\u00e7\u00e3o controladora de 51% na empresa e, agora, assume a integralidade das a\u00e7\u00f5es.<\/p>\t<div class=\"wrapper-featured-image\">\n\t\t<figure class=\"spotlightImg\">\n\n\t\t\t<picture>\n\t\t\t\t<source media=\"(max-width: 768px)\" srcset=\"https:\/\/files.sunoresearch.com.br\/n\/uploads\/2022\/07\/weg-400x200.jpg\">\n\t\t\t\t<img loading=\"lazy\" decoding=\"async\" class=\"newsContent__article__imgCapa lazyloadDisabled \" src=\"https:\/\/files.sunoresearch.com.br\/n\/uploads\/2022\/07\/weg-800x450.jpg\" width=\"800\" height=\"450\" alt=\"Weg (WEGE3) adquire 100% de empresa de IA para a ind\u00fastria; veja qual\" fetchpriority=high \/>\n\t\t\t<\/picture>\n\n\t\t\t<figcaption class=\"wp-caption-text wp-caption-text--show\">Weg (WEGE3). Foto: Divulga\u00e7\u00e3o<\/figcaption>\n\t\t<\/figure>\n\t<\/div>\n\n\n\n\n\n\n\n\t<p>\n\t\t<a href=\"https:\/\/lp.suno.com.br\/planilha-da-vida-financeira\/\" target=\"_blank\" data-element=\"shortcode-suno-banner\" title=\"Banner SUNO, clique e saiba mais\">\n\t\t\t<picture>\n\t\t\t\t<source media=\"(max-width: 500px)\" srcset=\"https:\/\/files.sunoresearch.com.br\/n\/uploads\/2023\/04\/400x300-Planilha-vida-financeira-true.png\">\n\t\t\t\t<img class=\"newsContent__article__imgCapa newsContent__article__imgCapa--banner\"\n\t\t\t\t\tsrc=\"https:\/\/files.sunoresearch.com.br\/n\/uploads\/2023\/04\/1420x240-Planilha-vida-financeira-true.png\"\n\t\t\t\t\tdata-promo-id=\"106682\"\t\t\t\t\t\t\t\t\t\twidth='1420' height='240'\t\t\t\t\talt=\"https:\/\/files.sunoresearch.com.br\/n\/uploads\/2023\/04\/1420x240-Planilha-vida-financeira-true.png\"\n\t\t\t\t>\n\t\t\t<\/picture>\n\t\t<\/a>\n\t<\/p>\n\n\n\n\n\n<p>Em comunicado ao mercado nesta quinta-feira (27), a Weg afirmou que a aquisi\u00e7\u00e3o faz parte da estrat\u00e9gia da companhia de crescimento dos neg\u00f3cios digitais, que desde 2020 conta com a tecnologia da <strong>BirminD<\/strong> em suas solu\u00e7\u00f5es.<\/p>\n\n\n\n<p>A parceria inclui produtos e servi\u00e7os como o B-WISE e Motion Drive Operation Center (MDOC), que \u00e9 um servi\u00e7o de monitoramento de ativos industriais com emprego de sensoriamento de dados e diagn\u00f3sticos, baseados em insights de <strong>intelig\u00eancia artificial<\/strong> e algoritmos de machine learning.<\/p>\n\n\n\n<p>&#8220;Este movimento est\u00e1 alinhado com a estrat\u00e9gia de desenvolvimento de novos produtos e servi\u00e7os para otimizar a gest\u00e3o de ativos, gest\u00e3o de energia e gest\u00e3o de execu\u00e7\u00e3o das opera\u00e7\u00f5es de clientes da empresa&#8221;, pontuou a Weg.<\/p>\n\n\n\t<p>\n\t\t<a href=\"https:\/\/lp.suno.com.br\/ebook-como-analisar-uma-acao\/\" target=\"_blank\" data-element=\"shortcode-suno-banner\" title=\"Banner SUNO, clique e saiba mais\">\n\t\t\t<picture>\n\t\t\t\t<source media=\"(max-width: 500px)\" srcset=\"https:\/\/files.sunoresearch.com.br\/n\/uploads\/2023\/03\/Ebook-Acoes-Mobile.jpg\">\n\t\t\t\t<img class=\"newsContent__article__imgCapa newsContent__article__imgCapa--banner\"\n\t\t\t\t\tsrc=\"https:\/\/files.sunoresearch.com.br\/n\/uploads\/2023\/03\/Ebook-Acoes-Desktop.jpg\"\n\t\t\t\t\tdata-promo-id=\"378302\"\t\t\t\t\t\t\t\t\t\twidth='1420' height='286'\t\t\t\t\talt=\"https:\/\/files.sunoresearch.com.br\/n\/uploads\/2023\/03\/Ebook-Acoes-Desktop.jpg\"\n\t\t\t\t>\n\t\t\t<\/picture>\n\t\t<\/a>\n\t<\/p>\n\n\n\n\n\n<h2 class=\"wp-block-heading\">Weg: um dado no resultado do 2T23 surpreendeu (muito) os analistas; a\u00e7\u00f5es disparam<\/h2>\n\n\n\n<p>O&nbsp;<a href=\"https:\/\/www.suno.com.br\/acoes\/sanb11\/\" target=\"_blank\" rel=\"noreferrer noopener\">Santander Brasil (SANB11)<\/a>&nbsp;reagiu positivamente ao balan\u00e7o do segundo trimestre da companhia, divulgado no \u00faltimo dia 19. O destaque foi, segundo os analistas, para a forte&nbsp;<a href=\"https:\/\/www.suno.com.br\/artigos\/margem-ebitda\/\" target=\"_blank\" rel=\"noreferrer noopener\">margem Ebitda<\/a>&nbsp;do per\u00edodo.<\/p>\n\n\n\n<p>No relat\u00f3rio, os analistas Lucas Barbosa, Lucas Esteves e Gabriel Tinem pontuaram que o&nbsp;<strong>lucro l\u00edquido apresentado pela Weg<\/strong>&nbsp;de R$ 1,368 bilh\u00e3o no segundo trimestre de 2023 (2T23) foi 8% acima do projetado pelo Santander e 6% acima do consenso de mercado.<\/p>\n\n\n\n<p>O resultado, segundo eles, foi impulsionado por uma grande surpresa na&nbsp;<a href=\"https:\/\/www.suno.com.br\/artigos\/margem-ebitda\/\" target=\"_blank\" rel=\"noreferrer noopener\"><strong>margem Ebitda<\/strong><\/a>&nbsp;de 22,4% da companhia no per\u00edodo, explicada principalmente pela acomoda\u00e7\u00e3o nos pre\u00e7os da commodities, combinada com um melhor <a href=\"https:\/\/www.suno.com.br\/artigos\/mix-de-produtos\/\">mix de produtos<\/a> (com menor contribui\u00e7\u00e3o de entregas de equipamentos de gera\u00e7\u00e3o solar), al\u00e9m de esfor\u00e7os cont\u00ednuos de ganhos de efici\u00eancia.<\/p>\n\n\n\n<p>Entre os meses de abril e junho, a&nbsp;<strong><a href=\"https:\/\/www.suno.com.br\/artigos\/o-que-receita-liquida\/\" target=\"_blank\" rel=\"noreferrer noopener\">receita l\u00edquida<\/a>&nbsp;da Weg<\/strong>&nbsp;foi de R$ 8,171 bilh\u00f5es, representando alta de 13,7% na base anual, o que a Weg atribuiu \u00e0 forte demanda americana e mexicana por transformadores para uso em sites de energia renov\u00e1vel, lembrou o Santander, acrescentando que a empresa est\u00e1 construindo uma carteira de pedidos saud\u00e1vel para os pr\u00f3ximos trimestres.<\/p>\n\n\n\n<p>\u201cAl\u00e9m disso, no Brasil, a receita aumentou aproximadamente 2% no trimestre, devido \u00e0 melhora na atividade industrial local em equipamentos de ciclo curto e longo, apoiada pelos setores de minera\u00e7\u00e3o, papel e celulose, \u00f3leo e g\u00e1s e utilidades\u201d, destacaram os analistas.<\/p>\n\n\n\n<p>J\u00e1 o lucro antes juros, impostos,&nbsp;<a href=\"https:\/\/www.suno.com.br\/artigos\/depreciacao-amortizacao\/\" target=\"_blank\" rel=\"noreferrer noopener\">deprecia\u00e7\u00e3o e amortiza\u00e7\u00e3o<\/a>&nbsp;(Ebitda, na sigla em ingl\u00eas) da&nbsp;<strong>Weg no 2T23<\/strong>&nbsp;foi de R$ 1,833 bilh\u00e3o, representando alta de 46% na base anual.<\/p>\n\n\n\n<p>Neste caso, o Santander atribuiu o desempenho ao aumento de aproximadamente 60 pontos-base da <a href=\"https:\/\/www.suno.com.br\/artigos\/margem-bruta-entenda-sua-importancia\/\">margem bruta<\/a> no trimestre, ajudado pela acomoda\u00e7\u00e3o dos pre\u00e7os do cobre e a\u00e7o (componentes-chave da estrutura de custos da empresa), combinado com um melhor <a href=\"https:\/\/www.suno.com.br\/artigos\/mix-de-produtos\/\">mix de produtos<\/a> (com menor participa\u00e7\u00e3o na receita de gera\u00e7\u00e3o solar), al\u00e9m de ganhos cont\u00ednuos de efici\u00eancia.<\/p>\n\n\n\n<p>\u201cO&nbsp;<strong>caixa l\u00edquido da Weg<\/strong>&nbsp;aumentou quase R$ 0,4 bilh\u00e3o, devido ao bom desempenho operacional, parcialmente compensado pelo aumento de cerca de R$ 0,7 bilh\u00e3o na <a href=\"https:\/\/www.suno.com.br\/artigos\/necessidade-de-capital-de-giro\/\">necessidade de capital de giro<\/a>, devido ao aumento de receb\u00edveis, redu\u00e7\u00e3o de fornecedores e adiantamento de clientes\u201d, finalizou o Santander, acrescentando que a empresa tamb\u00e9m investiu cerca de R$ 0,4 bilh\u00e3o em&nbsp;<strong>capex<\/strong>&nbsp;[C<em>apital Expenditure<\/em>&nbsp;ou Investimentos em Bens de Capitais]&nbsp;para moderniza\u00e7\u00e3o e aumento da capacidade fabril.<\/p>\n\n\n\n<p>Ainda segundo o&nbsp;<strong>resultado da Weg<\/strong>,&nbsp;o&nbsp;<a href=\"https:\/\/www.suno.com.br\/artigos\/retorno-capital-investido\/\" target=\"_blank\" rel=\"noreferrer noopener\">retorno sobre o capital investido<\/a>&nbsp;(ROIC) foi de 34,4% no trimestre, crescimento de 7,5 pontos percentuais em rela\u00e7\u00e3o ao 2T22.<\/p>\n\n\n\n<p>O Santander tem recomenda\u00e7\u00e3o \u201cneutra\u201d para as a\u00e7\u00f5es da&nbsp;<strong>Weg<\/strong>, com pre\u00e7o-alvo a R$ 43,00.<\/p>\n\n\n\t<p>\n\t\t<a href=\"https:\/\/lp.suno.com.br\/planilha-da-vida-financeira\/\" target=\"_blank\" data-element=\"shortcode-suno-banner\" title=\"Banner SUNO, clique e saiba mais\">\n\t\t\t<picture>\n\t\t\t\t<source media=\"(max-width: 500px)\" srcset=\"https:\/\/files.sunoresearch.com.br\/n\/uploads\/2023\/04\/400x300-Planilha-vida-financeira-true.png\">\n\t\t\t\t<img class=\"newsContent__article__imgCapa newsContent__article__imgCapa--banner\"\n\t\t\t\t\tsrc=\"https:\/\/files.sunoresearch.com.br\/n\/uploads\/2023\/04\/1420x240-Planilha-vida-financeira-true.png\"\n\t\t\t\t\tdata-promo-id=\"383123\"\t\t\t\t\t\t\t\t\t\twidth='1420' height='240'\t\t\t\t\talt=\"https:\/\/files.sunoresearch.com.br\/n\/uploads\/2023\/04\/1420x240-Planilha-vida-financeira-true.png\"\n\t\t\t\t>\n\t\t\t<\/picture>\n\t\t<\/a>\n\t<\/p>\n\n\n","protected":false},"excerpt":{"rendered":"<p>A Weg (WEGE3) firmou acordo para aquisi\u00e7\u00e3o da BirminD, empresa de tecnologia atuante no mercado de intelig\u00eancia artificial para processos industriais. A Weg j\u00e1 detinha participa\u00e7\u00e3o controladora de 51% na empresa e, agora, assume a integralidade das a\u00e7\u00f5es. Weg (WEGE3). Foto: Divulga\u00e7\u00e3o Em comunicado ao mercado nesta quinta-feira (27), a Weg afirmou que a aquisi\u00e7\u00e3o [&hellip;]<\/p>\n","protected":false},"author":313,"featured_media":277335,"comment_status":"closed","ping_status":"closed","sticky":false,"template":"","format":"standard","meta":[],"categories":[64],"tags":[681],"suno_strategy":[],"class_list":["post-434174","post","type-post","status-publish","format-standard","has-post-thumbnail","hentry","category-negocios","tag-weg-wege3"],"yoast_head":"<!-- This site is optimized with the Yoast SEO plugin v24.4 - https:\/\/yoast.com\/wordpress\/plugins\/seo\/ -->\n<title>Weg (WEGE3) adquire 100% de empresa de IA para a ind\u00fastria; veja qual<\/title>\n<meta name=\"description\" content=\"A Weg firmou acordo para aquisi\u00e7\u00e3o de uma empresa de tecnologia atuante no mercado de intelig\u00eancia artificial para processos industriais.\" \/>\n<meta name=\"robots\" content=\"index, follow, max-snippet:-1, max-image-preview:large, max-video-preview:-1\" \/>\n<link rel=\"canonical\" href=\"https:\/\/www.suno.com.br\/noticias\/weg-adquire-empresa-ia-veja-qual-gpj\/\" \/>\n<meta property=\"og:locale\" content=\"pt_BR\" \/>\n<meta property=\"og:type\" content=\"article\" \/>\n<meta property=\"og:title\" content=\"Weg (WEGE3) adquire 100% de empresa de IA para a ind\u00fastria; veja qual\" \/>\n<meta property=\"og:description\" content=\"A Weg firmou acordo para aquisi\u00e7\u00e3o de uma empresa de tecnologia atuante no mercado de intelig\u00eancia artificial para processos industriais.\" \/>\n<meta property=\"og:url\" content=\"https:\/\/www.suno.com.br\/noticias\/weg-adquire-empresa-ia-veja-qual-gpj\/\" \/>\n<meta property=\"og:site_name\" content=\"Suno Not\u00edcias\" \/>\n<meta property=\"article:publisher\" content=\"https:\/\/facebook.com\/sunoresearch\" \/>\n<meta property=\"og:image\" content=\"https:\/\/files.sunoresearch.com.br\/n\/uploads\/2022\/07\/weg.jpg\" \/>\n\t<meta property=\"og:image:width\" content=\"1400\" \/>\n\t<meta property=\"og:image:height\" content=\"824\" \/>\n\t<meta property=\"og:image:type\" content=\"image\/jpeg\" \/>\n<meta name=\"author\" content=\"Giovanni Porf\u00edrio Jacomino\" \/>\n<meta name=\"twitter:card\" content=\"summary_large_image\" \/>\n<meta name=\"twitter:creator\" content=\"@sunoresearch\" \/>\n<meta name=\"twitter:site\" content=\"@sunoresearch\" \/>\n<meta name=\"twitter:label1\" content=\"Escrito por\" \/>\n\t<meta name=\"twitter:data1\" content=\"Giovanni Porf\u00edrio Jacomino\" \/>\n\t<meta name=\"twitter:label2\" content=\"Est. tempo de leitura\" \/>\n\t<meta name=\"twitter:data2\" content=\"4 minutos\" \/>\n<script type=\"application\/ld+json\" class=\"yoast-schema-graph\">{\"@context\":\"https:\/\/schema.org\",\"@graph\":[{\"@type\":\"NewsArticle\",\"@id\":\"https:\/\/www.suno.com.br\/noticias\/weg-adquire-empresa-ia-veja-qual-gpj\/#article\",\"isPartOf\":{\"@id\":\"https:\/\/www.suno.com.br\/noticias\/weg-adquire-empresa-ia-veja-qual-gpj\/\"},\"author\":{\"name\":\"Giovanni Porf\u00edrio Jacomino\",\"@id\":\"https:\/\/www.suno.com.br\/noticias\/#\/schema\/person\/d0f32748bbca4bee871fa191ee4e2d40\"},\"headline\":\"Weg (WEGE3) adquire 100% de empresa de IA para a ind\u00fastria; veja qual\",\"datePublished\":\"2023-07-27T11:54:37+00:00\",\"dateModified\":\"2023-07-27T11:54:43+00:00\",\"mainEntityOfPage\":{\"@id\":\"https:\/\/www.suno.com.br\/noticias\/weg-adquire-empresa-ia-veja-qual-gpj\/\"},\"wordCount\":686,\"publisher\":{\"@id\":\"https:\/\/www.suno.com.br\/noticias\/#organization\"},\"image\":{\"@id\":\"https:\/\/www.suno.com.br\/noticias\/weg-adquire-empresa-ia-veja-qual-gpj\/#primaryimage\"},\"thumbnailUrl\":\"https:\/\/files.sunoresearch.com.br\/n\/uploads\/2022\/07\/weg.jpg\",\"keywords\":[\"Weg (WEGE3)\"],\"articleSection\":[\"Neg\u00f3cios\"],\"inLanguage\":\"pt-BR\"},{\"@type\":\"WebPage\",\"@id\":\"https:\/\/www.suno.com.br\/noticias\/weg-adquire-empresa-ia-veja-qual-gpj\/\",\"url\":\"https:\/\/www.suno.com.br\/noticias\/weg-adquire-empresa-ia-veja-qual-gpj\/\",\"name\":\"Weg (WEGE3) adquire 100% de empresa de IA para a ind\u00fastria; veja qual\",\"isPartOf\":{\"@id\":\"https:\/\/www.suno.com.br\/noticias\/#website\"},\"primaryImageOfPage\":{\"@id\":\"https:\/\/www.suno.com.br\/noticias\/weg-adquire-empresa-ia-veja-qual-gpj\/#primaryimage\"},\"image\":{\"@id\":\"https:\/\/www.suno.com.br\/noticias\/weg-adquire-empresa-ia-veja-qual-gpj\/#primaryimage\"},\"thumbnailUrl\":\"https:\/\/files.sunoresearch.com.br\/n\/uploads\/2022\/07\/weg.jpg\",\"datePublished\":\"2023-07-27T11:54:37+00:00\",\"dateModified\":\"2023-07-27T11:54:43+00:00\",\"description\":\"A Weg firmou acordo para aquisi\u00e7\u00e3o de uma empresa de tecnologia atuante no mercado de intelig\u00eancia artificial para processos industriais.\",\"breadcrumb\":{\"@id\":\"https:\/\/www.suno.com.br\/noticias\/weg-adquire-empresa-ia-veja-qual-gpj\/#breadcrumb\"},\"inLanguage\":\"pt-BR\",\"potentialAction\":[{\"@type\":\"ReadAction\",\"target\":[\"https:\/\/www.suno.com.br\/noticias\/weg-adquire-empresa-ia-veja-qual-gpj\/\"]}]},{\"@type\":\"ImageObject\",\"inLanguage\":\"pt-BR\",\"@id\":\"https:\/\/www.suno.com.br\/noticias\/weg-adquire-empresa-ia-veja-qual-gpj\/#primaryimage\",\"url\":\"https:\/\/files.sunoresearch.com.br\/n\/uploads\/2022\/07\/weg.jpg\",\"contentUrl\":\"https:\/\/files.sunoresearch.com.br\/n\/uploads\/2022\/07\/weg.jpg\",\"width\":1400,\"height\":824,\"caption\":\"Weg (WEGE3). Foto: Divulga\u00e7\u00e3o\"},{\"@type\":\"BreadcrumbList\",\"@id\":\"https:\/\/www.suno.com.br\/noticias\/weg-adquire-empresa-ia-veja-qual-gpj\/#breadcrumb\",\"itemListElement\":[{\"@type\":\"ListItem\",\"position\":1,\"name\":\"Not\u00edcias\",\"item\":\"https:\/\/www.suno.com.br\/noticias\/\"},{\"@type\":\"ListItem\",\"position\":2,\"name\":\"Neg\u00f3cios\",\"item\":\"https:\/\/www.suno.com.br\/noticias\/negocios\/\"},{\"@type\":\"ListItem\",\"position\":3,\"name\":\"Weg (WEGE3) adquire 100% de empresa de IA para a ind\u00fastria; veja qual\"}]},{\"@type\":\"WebSite\",\"@id\":\"https:\/\/www.suno.com.br\/noticias\/#website\",\"url\":\"https:\/\/www.suno.com.br\/noticias\/\",\"name\":\"Suno Not\u00edcias\",\"description\":\"Seu portal de informa\u00e7\u00e3o sobre o mundo dos investimentos\",\"publisher\":{\"@id\":\"https:\/\/www.suno.com.br\/noticias\/#organization\"},\"potentialAction\":[{\"@type\":\"SearchAction\",\"target\":{\"@type\":\"EntryPoint\",\"urlTemplate\":\"https:\/\/www.suno.com.br\/noticias\/?s={search_term_string}\"},\"query-input\":{\"@type\":\"PropertyValueSpecification\",\"valueRequired\":true,\"valueName\":\"search_term_string\"}}],\"inLanguage\":\"pt-BR\"},{\"@type\":\"Organization\",\"@id\":\"https:\/\/www.suno.com.br\/noticias\/#organization\",\"name\":\"Suno Not\u00edcias\",\"url\":\"https:\/\/www.suno.com.br\/noticias\/\",\"logo\":{\"@type\":\"ImageObject\",\"inLanguage\":\"pt-BR\",\"@id\":\"https:\/\/www.suno.com.br\/noticias\/#\/schema\/logo\/image\/\",\"url\":\"https:\/\/files.sunoresearch.com.br\/n\/uploads\/2021\/09\/suno-logo.png\",\"contentUrl\":\"https:\/\/files.sunoresearch.com.br\/n\/uploads\/2021\/09\/suno-logo.png\",\"width\":180,\"height\":180,\"caption\":\"Suno Not\u00edcias\"},\"image\":{\"@id\":\"https:\/\/www.suno.com.br\/noticias\/#\/schema\/logo\/image\/\"},\"sameAs\":[\"https:\/\/facebook.com\/sunoresearch\",\"https:\/\/x.com\/sunoresearch\",\"https:\/\/www.instagram.com\/suno\",\"https:\/\/www.linkedin.com\/company\/suno-research\/\",\"https:\/\/www.youtube.com\/c\/sunoresearch\"]},{\"@type\":\"Person\",\"@id\":\"https:\/\/www.suno.com.br\/noticias\/#\/schema\/person\/d0f32748bbca4bee871fa191ee4e2d40\",\"name\":\"Giovanni Porf\u00edrio Jacomino\",\"image\":{\"@type\":\"ImageObject\",\"inLanguage\":\"pt-BR\",\"@id\":\"https:\/\/www.suno.com.br\/noticias\/#\/schema\/person\/image\/\",\"url\":\"https:\/\/secure.gravatar.com\/avatar\/efb32e19b730a121cb7a80f41ffec01a?s=96&r=g\",\"contentUrl\":\"https:\/\/secure.gravatar.com\/avatar\/efb32e19b730a121cb7a80f41ffec01a?s=96&r=g\",\"caption\":\"Giovanni Porf\u00edrio Jacomino\"},\"description\":\"Giovanni Porf\u00edrio Jacomino \u00e9 jornalista formado pela Universidade Estadual de Londrina (UEL) e p\u00f3s-graduado em Produ\u00e7\u00e3o e Pr\u00e1ticas Jornal\u00edsticas na Contemporaneidade na Faculdade C\u00e1sper L\u00edbero (FCL). Foi editor web no Startupi e no Finsiders, atuando ainda como editor no TC Mover, portal de not\u00edcias da TradersClub, fazendo a cobertura de assuntos relacionados ao mercado financeiro interno e externo. Atualmente, \u00e9 Rep\u00f3rter do Suno Not\u00edcias.\",\"url\":\"https:\/\/www.suno.com.br\/noticias\/author\/giovanni-porfiriosuno-com-br\/\"}]}<\/script>\n<!-- \/ Yoast SEO plugin. -->","yoast_head_json":{"title":"Weg (WEGE3) adquire 100% de empresa de IA para a ind\u00fastria; veja qual","description":"A Weg firmou acordo para aquisi\u00e7\u00e3o de uma empresa de tecnologia atuante no mercado de intelig\u00eancia artificial para processos industriais.","robots":{"index":"index","follow":"follow","max-snippet":"max-snippet:-1","max-image-preview":"max-image-preview:large","max-video-preview":"max-video-preview:-1"},"canonical":"https:\/\/www.suno.com.br\/noticias\/weg-adquire-empresa-ia-veja-qual-gpj\/","og_locale":"pt_BR","og_type":"article","og_title":"Weg (WEGE3) adquire 100% de empresa de IA para a ind\u00fastria; veja qual","og_description":"A Weg firmou acordo para aquisi\u00e7\u00e3o de uma empresa de tecnologia atuante no mercado de intelig\u00eancia artificial para processos industriais.","og_url":"https:\/\/www.suno.com.br\/noticias\/weg-adquire-empresa-ia-veja-qual-gpj\/","og_site_name":"Suno Not\u00edcias","article_publisher":"https:\/\/facebook.com\/sunoresearch","og_image":[{"width":1400,"height":824,"url":"https:\/\/files.sunoresearch.com.br\/n\/uploads\/2022\/07\/weg.jpg","type":"image\/jpeg"}],"author":"Giovanni Porf\u00edrio Jacomino","twitter_card":"summary_large_image","twitter_creator":"@sunoresearch","twitter_site":"@sunoresearch","twitter_misc":{"Escrito por":"Giovanni Porf\u00edrio Jacomino","Est. tempo de leitura":"4 minutos"},"schema":{"@context":"https:\/\/schema.org","@graph":[{"@type":"NewsArticle","@id":"https:\/\/www.suno.com.br\/noticias\/weg-adquire-empresa-ia-veja-qual-gpj\/#article","isPartOf":{"@id":"https:\/\/www.suno.com.br\/noticias\/weg-adquire-empresa-ia-veja-qual-gpj\/"},"author":{"name":"Giovanni Porf\u00edrio Jacomino","@id":"https:\/\/www.suno.com.br\/noticias\/#\/schema\/person\/d0f32748bbca4bee871fa191ee4e2d40"},"headline":"Weg (WEGE3) adquire 100% de empresa de IA para a ind\u00fastria; veja qual","datePublished":"2023-07-27T11:54:37+00:00","dateModified":"2023-07-27T11:54:43+00:00","mainEntityOfPage":{"@id":"https:\/\/www.suno.com.br\/noticias\/weg-adquire-empresa-ia-veja-qual-gpj\/"},"wordCount":686,"publisher":{"@id":"https:\/\/www.suno.com.br\/noticias\/#organization"},"image":{"@id":"https:\/\/www.suno.com.br\/noticias\/weg-adquire-empresa-ia-veja-qual-gpj\/#primaryimage"},"thumbnailUrl":"https:\/\/files.sunoresearch.com.br\/n\/uploads\/2022\/07\/weg.jpg","keywords":["Weg (WEGE3)"],"articleSection":["Neg\u00f3cios"],"inLanguage":"pt-BR"},{"@type":"WebPage","@id":"https:\/\/www.suno.com.br\/noticias\/weg-adquire-empresa-ia-veja-qual-gpj\/","url":"https:\/\/www.suno.com.br\/noticias\/weg-adquire-empresa-ia-veja-qual-gpj\/","name":"Weg (WEGE3) adquire 100% de empresa de IA para a ind\u00fastria; veja qual","isPartOf":{"@id":"https:\/\/www.suno.com.br\/noticias\/#website"},"primaryImageOfPage":{"@id":"https:\/\/www.suno.com.br\/noticias\/weg-adquire-empresa-ia-veja-qual-gpj\/#primaryimage"},"image":{"@id":"https:\/\/www.suno.com.br\/noticias\/weg-adquire-empresa-ia-veja-qual-gpj\/#primaryimage"},"thumbnailUrl":"https:\/\/files.sunoresearch.com.br\/n\/uploads\/2022\/07\/weg.jpg","datePublished":"2023-07-27T11:54:37+00:00","dateModified":"2023-07-27T11:54:43+00:00","description":"A Weg firmou acordo para aquisi\u00e7\u00e3o de uma empresa de tecnologia atuante no mercado de intelig\u00eancia artificial para processos industriais.","breadcrumb":{"@id":"https:\/\/www.suno.com.br\/noticias\/weg-adquire-empresa-ia-veja-qual-gpj\/#breadcrumb"},"inLanguage":"pt-BR","potentialAction":[{"@type":"ReadAction","target":["https:\/\/www.suno.com.br\/noticias\/weg-adquire-empresa-ia-veja-qual-gpj\/"]}]},{"@type":"ImageObject","inLanguage":"pt-BR","@id":"https:\/\/www.suno.com.br\/noticias\/weg-adquire-empresa-ia-veja-qual-gpj\/#primaryimage","url":"https:\/\/files.sunoresearch.com.br\/n\/uploads\/2022\/07\/weg.jpg","contentUrl":"https:\/\/files.sunoresearch.com.br\/n\/uploads\/2022\/07\/weg.jpg","width":1400,"height":824,"caption":"Weg (WEGE3). Foto: Divulga\u00e7\u00e3o"},{"@type":"BreadcrumbList","@id":"https:\/\/www.suno.com.br\/noticias\/weg-adquire-empresa-ia-veja-qual-gpj\/#breadcrumb","itemListElement":[{"@type":"ListItem","position":1,"name":"Not\u00edcias","item":"https:\/\/www.suno.com.br\/noticias\/"},{"@type":"ListItem","position":2,"name":"Neg\u00f3cios","item":"https:\/\/www.suno.com.br\/noticias\/negocios\/"},{"@type":"ListItem","position":3,"name":"Weg (WEGE3) adquire 100% de empresa de IA para a ind\u00fastria; veja qual"}]},{"@type":"WebSite","@id":"https:\/\/www.suno.com.br\/noticias\/#website","url":"https:\/\/www.suno.com.br\/noticias\/","name":"Suno Not\u00edcias","description":"Seu portal de informa\u00e7\u00e3o sobre o mundo dos investimentos","publisher":{"@id":"https:\/\/www.suno.com.br\/noticias\/#organization"},"potentialAction":[{"@type":"SearchAction","target":{"@type":"EntryPoint","urlTemplate":"https:\/\/www.suno.com.br\/noticias\/?s={search_term_string}"},"query-input":{"@type":"PropertyValueSpecification","valueRequired":true,"valueName":"search_term_string"}}],"inLanguage":"pt-BR"},{"@type":"Organization","@id":"https:\/\/www.suno.com.br\/noticias\/#organization","name":"Suno Not\u00edcias","url":"https:\/\/www.suno.com.br\/noticias\/","logo":{"@type":"ImageObject","inLanguage":"pt-BR","@id":"https:\/\/www.suno.com.br\/noticias\/#\/schema\/logo\/image\/","url":"https:\/\/files.sunoresearch.com.br\/n\/uploads\/2021\/09\/suno-logo.png","contentUrl":"https:\/\/files.sunoresearch.com.br\/n\/uploads\/2021\/09\/suno-logo.png","width":180,"height":180,"caption":"Suno Not\u00edcias"},"image":{"@id":"https:\/\/www.suno.com.br\/noticias\/#\/schema\/logo\/image\/"},"sameAs":["https:\/\/facebook.com\/sunoresearch","https:\/\/x.com\/sunoresearch","https:\/\/www.instagram.com\/suno","https:\/\/www.linkedin.com\/company\/suno-research\/","https:\/\/www.youtube.com\/c\/sunoresearch"]},{"@type":"Person","@id":"https:\/\/www.suno.com.br\/noticias\/#\/schema\/person\/d0f32748bbca4bee871fa191ee4e2d40","name":"Giovanni Porf\u00edrio Jacomino","image":{"@type":"ImageObject","inLanguage":"pt-BR","@id":"https:\/\/www.suno.com.br\/noticias\/#\/schema\/person\/image\/","url":"https:\/\/secure.gravatar.com\/avatar\/efb32e19b730a121cb7a80f41ffec01a?s=96&r=g","contentUrl":"https:\/\/secure.gravatar.com\/avatar\/efb32e19b730a121cb7a80f41ffec01a?s=96&r=g","caption":"Giovanni Porf\u00edrio Jacomino"},"description":"Giovanni Porf\u00edrio Jacomino \u00e9 jornalista formado pela Universidade Estadual de Londrina (UEL) e p\u00f3s-graduado em Produ\u00e7\u00e3o e Pr\u00e1ticas Jornal\u00edsticas na Contemporaneidade na Faculdade C\u00e1sper L\u00edbero (FCL). Foi editor web no Startupi e no Finsiders, atuando ainda como editor no TC Mover, portal de not\u00edcias da TradersClub, fazendo a cobertura de assuntos relacionados ao mercado financeiro interno e externo. Atualmente, \u00e9 Rep\u00f3rter do Suno Not\u00edcias.","url":"https:\/\/www.suno.com.br\/noticias\/author\/giovanni-porfiriosuno-com-br\/"}]}},"default_loop_html":"<div class=\"cardsPage__listCard__boxs\"><div class=\"cardsPage__listCard__boxs__img\"><a href=\"https:\/\/www.suno.com.br\/noticias\/weg-adquire-empresa-ia-veja-qual-gpj\/\"><img class=\"mask\" src=\"https:\/\/www.suno.com.br\/noticias\/wp-content\/themes\/suno\/resources\/images\/spotlight\/spotlight1img\/bg-mask.png\" alt=\"Image Mask\"\/><img src=\"https:\/\/files.sunoresearch.com.br\/n\/uploads\/2022\/07\/weg-400x200.jpg\" alt=\"Weg (WEGE3) adquire 100% de empresa de IA para a ind\u00fastria; veja qual\"\/><\/a><span class=\"spotlightCategory\"><a href=\"https:\/\/www.suno.com.br\/noticias\/negocios\/\">Neg\u00f3cios<\/a><\/span><\/div><div class=\"cardsPage__listCard__boxs__content\"><a href=\"https:\/\/www.suno.com.br\/noticias\/weg-adquire-empresa-ia-veja-qual-gpj\/\"><h2 class=\"content__title\">Weg (WEGE3) adquire 100% de empresa de IA para a ind\u00fastria; veja qual<\/h2><\/a><div class=\"newsContent__article__meta\"><div class=\"newsContent__article__meta__authorBox\"><a href=\"https:\/\/www.suno.com.br\/noticias\/author\/giovanni-porfiriosuno-com-br\/\" class=\"authorBox__avatar noMobi\"><img src=\"https:\/\/files.sunoresearch.com.br\/n\/uploads\/2024\/05\/DSCF4115-1-1-150x150.webp\" alt=\"Giovanni Porf\u00edrio Jacomino\"><\/a><div class=\"authorBox__name\"><span>por\n\t\t\t<a href=\"https:\/\/www.suno.com.br\/noticias\/author\/giovanni-porfiriosuno-com-br\/\"><span itemprop=\"author\">Giovanni Porf\u00edrio Jacomino<\/span><\/a><\/span><time datetime=\"2023-07-27T08:54:37-03:00\" itemprop=\"datePublished\">27\/07\/2023 08:54<\/time><\/div><\/div><\/div><\/div><\/div>","single_layout":"posts","amp_enabled":true,"_links":{"self":[{"href":"https:\/\/www.suno.com.br\/noticias\/wp-json\/wp\/v2\/posts\/434174"}],"collection":[{"href":"https:\/\/www.suno.com.br\/noticias\/wp-json\/wp\/v2\/posts"}],"about":[{"href":"https:\/\/www.suno.com.br\/noticias\/wp-json\/wp\/v2\/types\/post"}],"author":[{"embeddable":true,"href":"https:\/\/www.suno.com.br\/noticias\/wp-json\/wp\/v2\/users\/313"}],"replies":[{"embeddable":true,"href":"https:\/\/www.suno.com.br\/noticias\/wp-json\/wp\/v2\/comments?post=434174"}],"version-history":[{"count":3,"href":"https:\/\/www.suno.com.br\/noticias\/wp-json\/wp\/v2\/posts\/434174\/revisions"}],"predecessor-version":[{"id":434214,"href":"https:\/\/www.suno.com.br\/noticias\/wp-json\/wp\/v2\/posts\/434174\/revisions\/434214"}],"wp:featuredmedia":[{"embeddable":true,"href":"https:\/\/www.suno.com.br\/noticias\/wp-json\/wp\/v2\/media\/277335"}],"wp:attachment":[{"href":"https:\/\/www.suno.com.br\/noticias\/wp-json\/wp\/v2\/media?parent=434174"}],"wp:term":[{"taxonomy":"category","embeddable":true,"href":"https:\/\/www.suno.com.br\/noticias\/wp-json\/wp\/v2\/categories?post=434174"},{"taxonomy":"post_tag","embeddable":true,"href":"https:\/\/www.suno.com.br\/noticias\/wp-json\/wp\/v2\/tags?post=434174"},{"taxonomy":"suno_strategy","embeddable":true,"href":"https:\/\/www.suno.com.br\/noticias\/wp-json\/wp\/v2\/suno_strategy?post=434174"}],"curies":[{"name":"wp","href":"https:\/\/api.w.org\/{rel}","templated":true}]}}