{"id":434147,"date":"2023-07-27T08:56:42","date_gmt":"2023-07-27T11:56:42","guid":{"rendered":"https:\/\/www.suno.com.br\/noticias\/?p=434147"},"modified":"2023-07-27T08:56:47","modified_gmt":"2023-07-27T11:56:47","slug":"volkswagen-lucro-apos-impostos-2t23-cpf","status":"publish","type":"post","link":"https:\/\/www.suno.com.br\/noticias\/volkswagen-lucro-apos-impostos-2t23-cpf\/","title":{"rendered":"Volkswagen tem lucro ap\u00f3s impostos retra\u00eddo ante 2\u00ba semestre de 2022"},"content":{"rendered":"<p>A <strong>Volkswagen <\/strong>(ETR: VOW3) divulgou nesta quinta-feira (27) que o seu lucro ap\u00f3s impostos de 3,79 bilh\u00f5es de euros no segundo trimestre de 2023 (2T23). O valor veio abaixo do lucro registrado no mesmo per\u00edodo de 2022, de 3,91 bilh\u00f5es de euros.<\/p>\t<div class=\"wrapper-featured-image\">\n\t\t<figure class=\"spotlightImg\">\n\n\t\t\t<picture>\n\t\t\t\t<source media=\"(max-width: 768px)\" srcset=\"https:\/\/files.sunoresearch.com.br\/n\/uploads\/2023\/07\/volkswagen-lucro-apos-impostos-2t23-400x200.jpg\">\n\t\t\t\t<img loading=\"lazy\" decoding=\"async\" class=\"newsContent__article__imgCapa lazyloadDisabled \" src=\"https:\/\/files.sunoresearch.com.br\/n\/uploads\/2023\/07\/volkswagen-lucro-apos-impostos-2t23-800x450.jpg\" width=\"800\" height=\"450\" alt=\"Volkswagen tem lucro ap\u00f3s impostos retra\u00eddo ante 2\u00ba semestre de 2022\" fetchpriority=high \/>\n\t\t\t<\/picture>\n\n\t\t\t<figcaption class=\"wp-caption-text wp-caption-text--show\">A Volkswagen (ETR: VOW3) divulgou seus resultados com um lucro ap\u00f3s impostos menos em compara\u00e7\u00e3o ao 2T22 - Foto: Unsplash<\/figcaption>\n\t\t<\/figure>\n\t<\/div>\n\n\n\n\n\n\n\n\t<p>\n\t\t<a href=\"https:\/\/lp.suno.com.br\/ebook-como-analisar-uma-acao\/\" target=\"_blank\" data-element=\"shortcode-suno-banner\" title=\"Banner SUNO, clique e saiba mais\">\n\t\t\t<picture>\n\t\t\t\t<source media=\"(max-width: 500px)\" srcset=\"https:\/\/files.sunoresearch.com.br\/n\/uploads\/2023\/03\/Ebook-Acoes-Mobile.jpg\">\n\t\t\t\t<img class=\"newsContent__article__imgCapa newsContent__article__imgCapa--banner\"\n\t\t\t\t\tsrc=\"https:\/\/files.sunoresearch.com.br\/n\/uploads\/2023\/03\/Ebook-Acoes-Desktop.jpg\"\n\t\t\t\t\tdata-promo-id=\"378302\"\t\t\t\t\t\t\t\t\t\twidth='1420' height='286'\t\t\t\t\talt=\"https:\/\/files.sunoresearch.com.br\/n\/uploads\/2023\/03\/Ebook-Acoes-Desktop.jpg\"\n\t\t\t\t>\n\t\t\t<\/picture>\n\t\t<\/a>\n\t<\/p>\n\n\n\n\n\n<p>Por outro lado, o lucro antes de impostos avan\u00e7ou dentro do mesmo per\u00edodo de compara\u00e7\u00e3o, de 5,14 bilh\u00f5es de euros para 5,45 bilh\u00f5es de euros.<\/p>\n\n\n\n<p>A receita da montadora alem\u00e3 somou 80,06 bilh\u00f5es de euros no trimestre, ante 69,50 bilh\u00f5es de euros no mesmo intervalo de 2022.<\/p>\n\n\n\n<p>O <a class=\"suno-keyword\" target=\"_blank\" data-force=\"no\" data-priority=\"1\" href=\"https:\/\/www.suno.com.br\/artigos\/lucro-operacional\/\" rel=\"noopener\">lucro operacional<\/a> subiu para 5,60 bilh\u00f5es de euros, de 4,49 bilh\u00f5es de euros um ano antes, gerando margem de 6,8%.<\/p>\n\n\n\n<p>A Volkswagen confirmou suas proje\u00e7\u00f5es gerais para 2023, mas reduziu sua meta de entregas para uma faixa de 9 milh\u00f5es a 9,5 milh\u00f5es de ve\u00edculos. O objetivo anterior estava cravado em 9,5 milh\u00f5es de unidades. <\/p>\n\n\n\n<p>Por volta das 5h10 (de Bras\u00edlia), a a\u00e7\u00e3o da Volkswagen ca\u00eda 3,5% na <a href=\"https:\/\/www.suno.com.br\/artigos\/bolsa-de-frankfurt\/\" target=\"_blank\" rel=\"noreferrer noopener\">Bolsa de Frankfurt.<\/a> <\/p>\n\n\n\t<p>\n\t\t<a href=\"https:\/\/lp.suno.com.br\/ebook-gratuito-investindo-no-exterior\/\" target=\"_blank\" data-element=\"shortcode-suno-banner\" title=\"Banner SUNO, clique e saiba mais\">\n\t\t\t<picture>\n\t\t\t\t<source media=\"(max-width: 500px)\" srcset=\"https:\/\/files.sunoresearch.com.br\/n\/uploads\/2023\/03\/400x300-Investindo-no-exterior.png\">\n\t\t\t\t<img class=\"newsContent__article__imgCapa newsContent__article__imgCapa--banner\"\n\t\t\t\t\tsrc=\"https:\/\/files.sunoresearch.com.br\/n\/uploads\/2023\/03\/1420x240-Investindo-no-exterior.png\"\n\t\t\t\t\tdata-promo-id=\"383161\"\t\t\t\t\t\t\t\t\t\twidth='1420' height='240'\t\t\t\t\talt=\"https:\/\/files.sunoresearch.com.br\/n\/uploads\/2023\/03\/1420x240-Investindo-no-exterior.png\"\n\t\t\t\t>\n\t\t\t<\/picture>\n\t\t<\/a>\n\t<\/p>\n\n\n\n\n\n<h2 class=\"wp-block-heading\">Volkswagen cancela layoff de 800 funcion\u00e1rios em S\u00e3o Paulo<\/h2>\n\n\n\n<p>No in\u00edcio da segunda quinzena de julho, a Volkswagen havia anunciado um <strong>layoff <\/strong>de mais de 800 funcion\u00e1rios de sua f\u00e1brica localizada em Taubat\u00e9, interior do Estado de S\u00e3o Paulo. Entretanto, no \u00faltimo domingo (23), a montadora informou o cancelamento da decis\u00e3o.<\/p>\n\n\n\n<p>Segundo a companhia, a desist\u00eancia da suspens\u00e3o no contrato de trabalho (layoff) ocorre por conta \u201cdo desempenho positivo do <strong>modelo Polo<\/strong>\u201d. Este modelo de ve\u00edculo integrou o programa de redu\u00e7\u00e3o fiscal do governo federal para carros populares de at\u00e9 R$ 120 mil. O programa, que j\u00e1 terminou, proporcionou a venda de 125 mil ve\u00edculos.<\/p>\n\n\n\n<p>Diante desta performance favor\u00e1vel do modelo de ve\u00edculo, a <strong>Volkswagen <\/strong>optou por conceder f\u00e9rias coletivas em vez da suspens\u00e3o do contrato de trabalho.<\/p>\n\n\n\n<p><em>Com Estad\u00e3o Conte\u00fado e Dow Jones Newswires.<\/em><\/p>\n\n\n\t<p>\n\t\t<a href=\"https:\/\/lp.suno.com.br\/planilha-da-vida-financeira\/\" target=\"_blank\" data-element=\"shortcode-suno-banner\" title=\"Banner SUNO, clique e saiba mais\">\n\t\t\t<picture>\n\t\t\t\t<source media=\"(max-width: 500px)\" srcset=\"https:\/\/files.sunoresearch.com.br\/n\/uploads\/2023\/04\/400x300-Planilha-vida-financeira-true.png\">\n\t\t\t\t<img class=\"newsContent__article__imgCapa newsContent__article__imgCapa--banner\"\n\t\t\t\t\tsrc=\"https:\/\/files.sunoresearch.com.br\/n\/uploads\/2023\/04\/1420x240-Planilha-vida-financeira-true.png\"\n\t\t\t\t\tdata-promo-id=\"383123\"\t\t\t\t\t\t\t\t\t\twidth='1420' height='240'\t\t\t\t\talt=\"https:\/\/files.sunoresearch.com.br\/n\/uploads\/2023\/04\/1420x240-Planilha-vida-financeira-true.png\"\n\t\t\t\t>\n\t\t\t<\/picture>\n\t\t<\/a>\n\t<\/p>\n\n\n","protected":false},"excerpt":{"rendered":"<p>A Volkswagen (ETR: VOW3) divulgou nesta quinta-feira (27) que o seu lucro ap\u00f3s impostos de 3,79 bilh\u00f5es de euros no segundo trimestre de 2023 (2T23). O valor veio abaixo do lucro registrado no mesmo per\u00edodo de 2022, de 3,91 bilh\u00f5es de euros. A Volkswagen (ETR: VOW3) divulgou seus resultados com um lucro ap\u00f3s impostos menos [&hellip;]<\/p>\n","protected":false},"author":283,"featured_media":434212,"comment_status":"closed","ping_status":"closed","sticky":false,"template":"","format":"standard","meta":[],"categories":[64],"tags":[1607,854],"suno_strategy":[],"class_list":["post-434147","post","type-post","status-publish","format-standard","has-post-thumbnail","hentry","category-negocios","tag-resultado-das-empresas","tag-volkswagen"],"yoast_head":"<!-- This site is optimized with the Yoast SEO plugin v24.4 - https:\/\/yoast.com\/wordpress\/plugins\/seo\/ -->\n<title>Volkswagen tem lucro ap\u00f3s impostos retra\u00eddo ante 2\u00ba semestre de 2022<\/title>\n<meta name=\"description\" content=\"A Volkswagen (ETR: VOW3) divulgou seus resultados com um lucro ap\u00f3s impostos menos em compara\u00e7\u00e3o ao 2T22. Confira o balan\u00e7o da companhia.\" \/>\n<meta name=\"robots\" content=\"index, follow, max-snippet:-1, max-image-preview:large, max-video-preview:-1\" \/>\n<link rel=\"canonical\" href=\"https:\/\/www.suno.com.br\/noticias\/volkswagen-lucro-apos-impostos-2t23-cpf\/\" \/>\n<meta property=\"og:locale\" content=\"pt_BR\" \/>\n<meta property=\"og:type\" content=\"article\" \/>\n<meta property=\"og:title\" content=\"Volkswagen tem lucro ap\u00f3s impostos retra\u00eddo ante 2\u00ba semestre de 2022\" \/>\n<meta property=\"og:description\" content=\"A Volkswagen (ETR: VOW3) divulgou seus resultados com um lucro ap\u00f3s impostos menos em compara\u00e7\u00e3o ao 2T22. Confira o balan\u00e7o da companhia.\" \/>\n<meta property=\"og:url\" content=\"https:\/\/www.suno.com.br\/noticias\/volkswagen-lucro-apos-impostos-2t23-cpf\/\" \/>\n<meta property=\"og:site_name\" content=\"Suno Not\u00edcias\" \/>\n<meta property=\"article:publisher\" content=\"https:\/\/facebook.com\/sunoresearch\" \/>\n<meta property=\"og:image\" content=\"https:\/\/files.sunoresearch.com.br\/n\/uploads\/2023\/07\/volkswagen-lucro-apos-impostos-2t23.jpg\" \/>\n\t<meta property=\"og:image:width\" content=\"1200\" \/>\n\t<meta property=\"og:image:height\" content=\"800\" \/>\n\t<meta property=\"og:image:type\" content=\"image\/jpeg\" \/>\n<meta name=\"author\" content=\"Camila Paim\" \/>\n<meta name=\"twitter:card\" content=\"summary_large_image\" \/>\n<meta name=\"twitter:creator\" content=\"@sunoresearch\" \/>\n<meta name=\"twitter:site\" content=\"@sunoresearch\" \/>\n<meta name=\"twitter:label1\" content=\"Escrito por\" \/>\n\t<meta name=\"twitter:data1\" content=\"Camila Paim\" \/>\n\t<meta name=\"twitter:label2\" content=\"Est. tempo de leitura\" \/>\n\t<meta name=\"twitter:data2\" content=\"2 minutos\" \/>\n<script type=\"application\/ld+json\" class=\"yoast-schema-graph\">{\"@context\":\"https:\/\/schema.org\",\"@graph\":[{\"@type\":\"NewsArticle\",\"@id\":\"https:\/\/www.suno.com.br\/noticias\/volkswagen-lucro-apos-impostos-2t23-cpf\/#article\",\"isPartOf\":{\"@id\":\"https:\/\/www.suno.com.br\/noticias\/volkswagen-lucro-apos-impostos-2t23-cpf\/\"},\"author\":{\"name\":\"Camila Paim\",\"@id\":\"https:\/\/www.suno.com.br\/noticias\/#\/schema\/person\/f341d3ae5d1cc685176c9a5327cdfdbb\"},\"headline\":\"Volkswagen tem lucro ap\u00f3s impostos retra\u00eddo ante 2\u00ba semestre de 2022\",\"datePublished\":\"2023-07-27T11:56:42+00:00\",\"dateModified\":\"2023-07-27T11:56:47+00:00\",\"mainEntityOfPage\":{\"@id\":\"https:\/\/www.suno.com.br\/noticias\/volkswagen-lucro-apos-impostos-2t23-cpf\/\"},\"wordCount\":332,\"publisher\":{\"@id\":\"https:\/\/www.suno.com.br\/noticias\/#organization\"},\"image\":{\"@id\":\"https:\/\/www.suno.com.br\/noticias\/volkswagen-lucro-apos-impostos-2t23-cpf\/#primaryimage\"},\"thumbnailUrl\":\"https:\/\/files.sunoresearch.com.br\/n\/uploads\/2023\/07\/volkswagen-lucro-apos-impostos-2t23.jpg\",\"keywords\":[\"Resultado das empresas\",\"Volkswagen\"],\"articleSection\":[\"Neg\u00f3cios\"],\"inLanguage\":\"pt-BR\"},{\"@type\":\"WebPage\",\"@id\":\"https:\/\/www.suno.com.br\/noticias\/volkswagen-lucro-apos-impostos-2t23-cpf\/\",\"url\":\"https:\/\/www.suno.com.br\/noticias\/volkswagen-lucro-apos-impostos-2t23-cpf\/\",\"name\":\"Volkswagen tem lucro ap\u00f3s impostos retra\u00eddo ante 2\u00ba semestre de 2022\",\"isPartOf\":{\"@id\":\"https:\/\/www.suno.com.br\/noticias\/#website\"},\"primaryImageOfPage\":{\"@id\":\"https:\/\/www.suno.com.br\/noticias\/volkswagen-lucro-apos-impostos-2t23-cpf\/#primaryimage\"},\"image\":{\"@id\":\"https:\/\/www.suno.com.br\/noticias\/volkswagen-lucro-apos-impostos-2t23-cpf\/#primaryimage\"},\"thumbnailUrl\":\"https:\/\/files.sunoresearch.com.br\/n\/uploads\/2023\/07\/volkswagen-lucro-apos-impostos-2t23.jpg\",\"datePublished\":\"2023-07-27T11:56:42+00:00\",\"dateModified\":\"2023-07-27T11:56:47+00:00\",\"description\":\"A Volkswagen (ETR: VOW3) divulgou seus resultados com um lucro ap\u00f3s impostos menos em compara\u00e7\u00e3o ao 2T22. Confira o balan\u00e7o da companhia.\",\"breadcrumb\":{\"@id\":\"https:\/\/www.suno.com.br\/noticias\/volkswagen-lucro-apos-impostos-2t23-cpf\/#breadcrumb\"},\"inLanguage\":\"pt-BR\",\"potentialAction\":[{\"@type\":\"ReadAction\",\"target\":[\"https:\/\/www.suno.com.br\/noticias\/volkswagen-lucro-apos-impostos-2t23-cpf\/\"]}]},{\"@type\":\"ImageObject\",\"inLanguage\":\"pt-BR\",\"@id\":\"https:\/\/www.suno.com.br\/noticias\/volkswagen-lucro-apos-impostos-2t23-cpf\/#primaryimage\",\"url\":\"https:\/\/files.sunoresearch.com.br\/n\/uploads\/2023\/07\/volkswagen-lucro-apos-impostos-2t23.jpg\",\"contentUrl\":\"https:\/\/files.sunoresearch.com.br\/n\/uploads\/2023\/07\/volkswagen-lucro-apos-impostos-2t23.jpg\",\"width\":1200,\"height\":800,\"caption\":\"A Volkswagen (ETR: VOW3) divulgou seus resultados com um lucro ap\u00f3s impostos menos em compara\u00e7\u00e3o ao 2T22 - Foto: Unsplash\"},{\"@type\":\"BreadcrumbList\",\"@id\":\"https:\/\/www.suno.com.br\/noticias\/volkswagen-lucro-apos-impostos-2t23-cpf\/#breadcrumb\",\"itemListElement\":[{\"@type\":\"ListItem\",\"position\":1,\"name\":\"Not\u00edcias\",\"item\":\"https:\/\/www.suno.com.br\/noticias\/\"},{\"@type\":\"ListItem\",\"position\":2,\"name\":\"Neg\u00f3cios\",\"item\":\"https:\/\/www.suno.com.br\/noticias\/negocios\/\"},{\"@type\":\"ListItem\",\"position\":3,\"name\":\"Volkswagen tem lucro ap\u00f3s impostos retra\u00eddo ante 2\u00ba semestre de 2022\"}]},{\"@type\":\"WebSite\",\"@id\":\"https:\/\/www.suno.com.br\/noticias\/#website\",\"url\":\"https:\/\/www.suno.com.br\/noticias\/\",\"name\":\"Suno Not\u00edcias\",\"description\":\"Seu portal de informa\u00e7\u00e3o sobre o mundo dos investimentos\",\"publisher\":{\"@id\":\"https:\/\/www.suno.com.br\/noticias\/#organization\"},\"potentialAction\":[{\"@type\":\"SearchAction\",\"target\":{\"@type\":\"EntryPoint\",\"urlTemplate\":\"https:\/\/www.suno.com.br\/noticias\/?s={search_term_string}\"},\"query-input\":{\"@type\":\"PropertyValueSpecification\",\"valueRequired\":true,\"valueName\":\"search_term_string\"}}],\"inLanguage\":\"pt-BR\"},{\"@type\":\"Organization\",\"@id\":\"https:\/\/www.suno.com.br\/noticias\/#organization\",\"name\":\"Suno Not\u00edcias\",\"url\":\"https:\/\/www.suno.com.br\/noticias\/\",\"logo\":{\"@type\":\"ImageObject\",\"inLanguage\":\"pt-BR\",\"@id\":\"https:\/\/www.suno.com.br\/noticias\/#\/schema\/logo\/image\/\",\"url\":\"https:\/\/files.sunoresearch.com.br\/n\/uploads\/2021\/09\/suno-logo.png\",\"contentUrl\":\"https:\/\/files.sunoresearch.com.br\/n\/uploads\/2021\/09\/suno-logo.png\",\"width\":180,\"height\":180,\"caption\":\"Suno Not\u00edcias\"},\"image\":{\"@id\":\"https:\/\/www.suno.com.br\/noticias\/#\/schema\/logo\/image\/\"},\"sameAs\":[\"https:\/\/facebook.com\/sunoresearch\",\"https:\/\/x.com\/sunoresearch\",\"https:\/\/www.instagram.com\/suno\",\"https:\/\/www.linkedin.com\/company\/suno-research\/\",\"https:\/\/www.youtube.com\/c\/sunoresearch\"]},{\"@type\":\"Person\",\"@id\":\"https:\/\/www.suno.com.br\/noticias\/#\/schema\/person\/f341d3ae5d1cc685176c9a5327cdfdbb\",\"name\":\"Camila Paim\",\"image\":{\"@type\":\"ImageObject\",\"inLanguage\":\"pt-BR\",\"@id\":\"https:\/\/www.suno.com.br\/noticias\/#\/schema\/person\/image\/\",\"url\":\"https:\/\/secure.gravatar.com\/avatar\/f33728e65febb1aa7ecf6792956f9b20?s=96&r=g\",\"contentUrl\":\"https:\/\/secure.gravatar.com\/avatar\/f33728e65febb1aa7ecf6792956f9b20?s=96&r=g\",\"caption\":\"Camila Paim\"},\"description\":\"Jornalista formada pela USP, tem experi\u00eancia em reda\u00e7\u00f5es, SEO, Branded Content e Webdesign. Com passagem pelo Jornal da USP, Empiricus e C6 Bank, hoje \u00e9 rep\u00f3rter no Suno Not\u00edcias cobrindo macroeconomia, finan\u00e7as pessoais e startups.\",\"url\":\"https:\/\/www.suno.com.br\/noticias\/author\/camila-figueiredosuno-com-br\/\"}]}<\/script>\n<!-- \/ Yoast SEO plugin. -->","yoast_head_json":{"title":"Volkswagen tem lucro ap\u00f3s impostos retra\u00eddo ante 2\u00ba semestre de 2022","description":"A Volkswagen (ETR: VOW3) divulgou seus resultados com um lucro ap\u00f3s impostos menos em compara\u00e7\u00e3o ao 2T22. Confira o balan\u00e7o da companhia.","robots":{"index":"index","follow":"follow","max-snippet":"max-snippet:-1","max-image-preview":"max-image-preview:large","max-video-preview":"max-video-preview:-1"},"canonical":"https:\/\/www.suno.com.br\/noticias\/volkswagen-lucro-apos-impostos-2t23-cpf\/","og_locale":"pt_BR","og_type":"article","og_title":"Volkswagen tem lucro ap\u00f3s impostos retra\u00eddo ante 2\u00ba semestre de 2022","og_description":"A Volkswagen (ETR: VOW3) divulgou seus resultados com um lucro ap\u00f3s impostos menos em compara\u00e7\u00e3o ao 2T22. Confira o balan\u00e7o da companhia.","og_url":"https:\/\/www.suno.com.br\/noticias\/volkswagen-lucro-apos-impostos-2t23-cpf\/","og_site_name":"Suno Not\u00edcias","article_publisher":"https:\/\/facebook.com\/sunoresearch","og_image":[{"width":1200,"height":800,"url":"https:\/\/files.sunoresearch.com.br\/n\/uploads\/2023\/07\/volkswagen-lucro-apos-impostos-2t23.jpg","type":"image\/jpeg"}],"author":"Camila Paim","twitter_card":"summary_large_image","twitter_creator":"@sunoresearch","twitter_site":"@sunoresearch","twitter_misc":{"Escrito por":"Camila Paim","Est. tempo de leitura":"2 minutos"},"schema":{"@context":"https:\/\/schema.org","@graph":[{"@type":"NewsArticle","@id":"https:\/\/www.suno.com.br\/noticias\/volkswagen-lucro-apos-impostos-2t23-cpf\/#article","isPartOf":{"@id":"https:\/\/www.suno.com.br\/noticias\/volkswagen-lucro-apos-impostos-2t23-cpf\/"},"author":{"name":"Camila Paim","@id":"https:\/\/www.suno.com.br\/noticias\/#\/schema\/person\/f341d3ae5d1cc685176c9a5327cdfdbb"},"headline":"Volkswagen tem lucro ap\u00f3s impostos retra\u00eddo ante 2\u00ba semestre de 2022","datePublished":"2023-07-27T11:56:42+00:00","dateModified":"2023-07-27T11:56:47+00:00","mainEntityOfPage":{"@id":"https:\/\/www.suno.com.br\/noticias\/volkswagen-lucro-apos-impostos-2t23-cpf\/"},"wordCount":332,"publisher":{"@id":"https:\/\/www.suno.com.br\/noticias\/#organization"},"image":{"@id":"https:\/\/www.suno.com.br\/noticias\/volkswagen-lucro-apos-impostos-2t23-cpf\/#primaryimage"},"thumbnailUrl":"https:\/\/files.sunoresearch.com.br\/n\/uploads\/2023\/07\/volkswagen-lucro-apos-impostos-2t23.jpg","keywords":["Resultado das empresas","Volkswagen"],"articleSection":["Neg\u00f3cios"],"inLanguage":"pt-BR"},{"@type":"WebPage","@id":"https:\/\/www.suno.com.br\/noticias\/volkswagen-lucro-apos-impostos-2t23-cpf\/","url":"https:\/\/www.suno.com.br\/noticias\/volkswagen-lucro-apos-impostos-2t23-cpf\/","name":"Volkswagen tem lucro ap\u00f3s impostos retra\u00eddo ante 2\u00ba semestre de 2022","isPartOf":{"@id":"https:\/\/www.suno.com.br\/noticias\/#website"},"primaryImageOfPage":{"@id":"https:\/\/www.suno.com.br\/noticias\/volkswagen-lucro-apos-impostos-2t23-cpf\/#primaryimage"},"image":{"@id":"https:\/\/www.suno.com.br\/noticias\/volkswagen-lucro-apos-impostos-2t23-cpf\/#primaryimage"},"thumbnailUrl":"https:\/\/files.sunoresearch.com.br\/n\/uploads\/2023\/07\/volkswagen-lucro-apos-impostos-2t23.jpg","datePublished":"2023-07-27T11:56:42+00:00","dateModified":"2023-07-27T11:56:47+00:00","description":"A Volkswagen (ETR: VOW3) divulgou seus resultados com um lucro ap\u00f3s impostos menos em compara\u00e7\u00e3o ao 2T22. Confira o balan\u00e7o da companhia.","breadcrumb":{"@id":"https:\/\/www.suno.com.br\/noticias\/volkswagen-lucro-apos-impostos-2t23-cpf\/#breadcrumb"},"inLanguage":"pt-BR","potentialAction":[{"@type":"ReadAction","target":["https:\/\/www.suno.com.br\/noticias\/volkswagen-lucro-apos-impostos-2t23-cpf\/"]}]},{"@type":"ImageObject","inLanguage":"pt-BR","@id":"https:\/\/www.suno.com.br\/noticias\/volkswagen-lucro-apos-impostos-2t23-cpf\/#primaryimage","url":"https:\/\/files.sunoresearch.com.br\/n\/uploads\/2023\/07\/volkswagen-lucro-apos-impostos-2t23.jpg","contentUrl":"https:\/\/files.sunoresearch.com.br\/n\/uploads\/2023\/07\/volkswagen-lucro-apos-impostos-2t23.jpg","width":1200,"height":800,"caption":"A Volkswagen (ETR: VOW3) divulgou seus resultados com um lucro ap\u00f3s impostos menos em compara\u00e7\u00e3o ao 2T22 - Foto: Unsplash"},{"@type":"BreadcrumbList","@id":"https:\/\/www.suno.com.br\/noticias\/volkswagen-lucro-apos-impostos-2t23-cpf\/#breadcrumb","itemListElement":[{"@type":"ListItem","position":1,"name":"Not\u00edcias","item":"https:\/\/www.suno.com.br\/noticias\/"},{"@type":"ListItem","position":2,"name":"Neg\u00f3cios","item":"https:\/\/www.suno.com.br\/noticias\/negocios\/"},{"@type":"ListItem","position":3,"name":"Volkswagen tem lucro ap\u00f3s impostos retra\u00eddo ante 2\u00ba semestre de 2022"}]},{"@type":"WebSite","@id":"https:\/\/www.suno.com.br\/noticias\/#website","url":"https:\/\/www.suno.com.br\/noticias\/","name":"Suno Not\u00edcias","description":"Seu portal de informa\u00e7\u00e3o sobre o mundo dos investimentos","publisher":{"@id":"https:\/\/www.suno.com.br\/noticias\/#organization"},"potentialAction":[{"@type":"SearchAction","target":{"@type":"EntryPoint","urlTemplate":"https:\/\/www.suno.com.br\/noticias\/?s={search_term_string}"},"query-input":{"@type":"PropertyValueSpecification","valueRequired":true,"valueName":"search_term_string"}}],"inLanguage":"pt-BR"},{"@type":"Organization","@id":"https:\/\/www.suno.com.br\/noticias\/#organization","name":"Suno Not\u00edcias","url":"https:\/\/www.suno.com.br\/noticias\/","logo":{"@type":"ImageObject","inLanguage":"pt-BR","@id":"https:\/\/www.suno.com.br\/noticias\/#\/schema\/logo\/image\/","url":"https:\/\/files.sunoresearch.com.br\/n\/uploads\/2021\/09\/suno-logo.png","contentUrl":"https:\/\/files.sunoresearch.com.br\/n\/uploads\/2021\/09\/suno-logo.png","width":180,"height":180,"caption":"Suno Not\u00edcias"},"image":{"@id":"https:\/\/www.suno.com.br\/noticias\/#\/schema\/logo\/image\/"},"sameAs":["https:\/\/facebook.com\/sunoresearch","https:\/\/x.com\/sunoresearch","https:\/\/www.instagram.com\/suno","https:\/\/www.linkedin.com\/company\/suno-research\/","https:\/\/www.youtube.com\/c\/sunoresearch"]},{"@type":"Person","@id":"https:\/\/www.suno.com.br\/noticias\/#\/schema\/person\/f341d3ae5d1cc685176c9a5327cdfdbb","name":"Camila Paim","image":{"@type":"ImageObject","inLanguage":"pt-BR","@id":"https:\/\/www.suno.com.br\/noticias\/#\/schema\/person\/image\/","url":"https:\/\/secure.gravatar.com\/avatar\/f33728e65febb1aa7ecf6792956f9b20?s=96&r=g","contentUrl":"https:\/\/secure.gravatar.com\/avatar\/f33728e65febb1aa7ecf6792956f9b20?s=96&r=g","caption":"Camila Paim"},"description":"Jornalista formada pela USP, tem experi\u00eancia em reda\u00e7\u00f5es, SEO, Branded Content e Webdesign. Com passagem pelo Jornal da USP, Empiricus e C6 Bank, hoje \u00e9 rep\u00f3rter no Suno Not\u00edcias cobrindo macroeconomia, finan\u00e7as pessoais e startups.","url":"https:\/\/www.suno.com.br\/noticias\/author\/camila-figueiredosuno-com-br\/"}]}},"default_loop_html":"<div class=\"cardsPage__listCard__boxs\"><div class=\"cardsPage__listCard__boxs__img\"><a href=\"https:\/\/www.suno.com.br\/noticias\/volkswagen-lucro-apos-impostos-2t23-cpf\/\"><img class=\"mask\" src=\"https:\/\/www.suno.com.br\/noticias\/wp-content\/themes\/suno\/resources\/images\/spotlight\/spotlight1img\/bg-mask.png\" alt=\"Image Mask\"\/><img src=\"https:\/\/files.sunoresearch.com.br\/n\/uploads\/2023\/07\/volkswagen-lucro-apos-impostos-2t23-400x200.jpg\" alt=\"Volkswagen tem lucro ap\u00f3s impostos retra\u00eddo ante 2\u00ba semestre de 2022\"\/><\/a><span class=\"spotlightCategory\"><a href=\"https:\/\/www.suno.com.br\/noticias\/negocios\/\">Neg\u00f3cios<\/a><\/span><\/div><div class=\"cardsPage__listCard__boxs__content\"><a href=\"https:\/\/www.suno.com.br\/noticias\/volkswagen-lucro-apos-impostos-2t23-cpf\/\"><h2 class=\"content__title\">Volkswagen tem lucro ap\u00f3s impostos retra\u00eddo ante 2\u00ba semestre de 2022<\/h2><\/a><div class=\"newsContent__article__meta\"><div class=\"newsContent__article__meta__authorBox\"><a href=\"https:\/\/www.suno.com.br\/noticias\/author\/camila-figueiredosuno-com-br\/\" class=\"authorBox__avatar noMobi\"><img src=\"https:\/\/files.sunoresearch.com.br\/n\/uploads\/2024\/05\/camila-paim-square-150x150.jpg\" alt=\"Camila Paim\"><\/a><div class=\"authorBox__name\"><span>por\n\t\t\t<a href=\"https:\/\/www.suno.com.br\/noticias\/author\/camila-figueiredosuno-com-br\/\"><span itemprop=\"author\">Camila Paim<\/span><\/a><\/span><time datetime=\"2023-07-27T08:56:42-03:00\" itemprop=\"datePublished\">27\/07\/2023 08:56<\/time><\/div><\/div><\/div><\/div><\/div>","single_layout":"posts","amp_enabled":true,"_links":{"self":[{"href":"https:\/\/www.suno.com.br\/noticias\/wp-json\/wp\/v2\/posts\/434147"}],"collection":[{"href":"https:\/\/www.suno.com.br\/noticias\/wp-json\/wp\/v2\/posts"}],"about":[{"href":"https:\/\/www.suno.com.br\/noticias\/wp-json\/wp\/v2\/types\/post"}],"author":[{"embeddable":true,"href":"https:\/\/www.suno.com.br\/noticias\/wp-json\/wp\/v2\/users\/283"}],"replies":[{"embeddable":true,"href":"https:\/\/www.suno.com.br\/noticias\/wp-json\/wp\/v2\/comments?post=434147"}],"version-history":[{"count":3,"href":"https:\/\/www.suno.com.br\/noticias\/wp-json\/wp\/v2\/posts\/434147\/revisions"}],"predecessor-version":[{"id":434220,"href":"https:\/\/www.suno.com.br\/noticias\/wp-json\/wp\/v2\/posts\/434147\/revisions\/434220"}],"wp:featuredmedia":[{"embeddable":true,"href":"https:\/\/www.suno.com.br\/noticias\/wp-json\/wp\/v2\/media\/434212"}],"wp:attachment":[{"href":"https:\/\/www.suno.com.br\/noticias\/wp-json\/wp\/v2\/media?parent=434147"}],"wp:term":[{"taxonomy":"category","embeddable":true,"href":"https:\/\/www.suno.com.br\/noticias\/wp-json\/wp\/v2\/categories?post=434147"},{"taxonomy":"post_tag","embeddable":true,"href":"https:\/\/www.suno.com.br\/noticias\/wp-json\/wp\/v2\/tags?post=434147"},{"taxonomy":"suno_strategy","embeddable":true,"href":"https:\/\/www.suno.com.br\/noticias\/wp-json\/wp\/v2\/suno_strategy?post=434147"}],"curies":[{"name":"wp","href":"https:\/\/api.w.org\/{rel}","templated":true}]}}