{"id":433988,"date":"2023-07-26T22:01:06","date_gmt":"2023-07-27T01:01:06","guid":{"rendered":"https:\/\/www.suno.com.br\/noticias\/?p=433988"},"modified":"2023-07-26T22:01:10","modified_gmt":"2023-07-27T01:01:10","slug":"braskem-brkm5-governador-alagoas-pede-tcu-suspensao-venda","status":"publish","type":"post","link":"https:\/\/www.suno.com.br\/noticias\/braskem-brkm5-governador-alagoas-pede-tcu-suspensao-venda\/","title":{"rendered":"Braskem (BRKM5): governador de Alagoas pede ao TCU suspens\u00e3o da venda da petroqu\u00edmica"},"content":{"rendered":"<p>O governador de Alagoas, Paulo Dantas, foi a Bras\u00edlia nesta quarta-feira, 26, e pediu a suspens\u00e3o da poss\u00edvel venda da <strong>Braskem (BRKM5)<\/strong> para o ministro do Tribunal de Contas da Uni\u00e3o (TCU), Aroldo Cedraz, relator da representa\u00e7\u00e3o encaminhada pelo governo estadual e pelo Senado Federal, que contesta os acordos financeiros firmados pela petroqu\u00edmica.<\/p>\t<div class=\"wrapper-featured-image\">\n\t\t<figure class=\"spotlightImg\">\n\n\t\t\t<picture>\n\t\t\t\t<source media=\"(max-width: 768px)\" srcset=\"https:\/\/files.sunoresearch.com.br\/n\/uploads\/2022\/11\/Braskem-400x200.jpg\">\n\t\t\t\t<img loading=\"lazy\" decoding=\"async\" class=\"newsContent__article__imgCapa lazyloadDisabled \" src=\"https:\/\/files.sunoresearch.com.br\/n\/uploads\/2022\/11\/Braskem-800x450.jpg\" width=\"800\" height=\"450\" alt=\"Braskem (BRKM5): governador de Alagoas pede ao TCU suspens\u00e3o da venda da petroqu\u00edmica\" fetchpriority=high \/>\n\t\t\t<\/picture>\n\n\t\t\t<figcaption class=\"wp-caption-text wp-caption-text--show\">Braskem. Foto: Divulga\u00e7\u00e3o<\/figcaption>\n\t\t<\/figure>\n\t<\/div>\n\n\n\n\n\n\t<p>\n\t\t<a href=\"\" target=\"_blank\" data-element=\"shortcode-suno-banner\" title=\"Banner SUNO, clique e saiba mais\">\n\t\t\t<picture>\n\t\t\t\t<source media=\"(max-width: 500px)\" srcset=\"\">\n\t\t\t\t<img class=\"newsContent__article__imgCapa newsContent__article__imgCapa--banner\"\n\t\t\t\t\tsrc=\"\"\n\t\t\t\t\tdata-promo-id=\"240038\"\t\t\t\t\t\t\t\t\t\t\t\t\t\t\talt=\"\"\n\t\t\t\t>\n\t\t\t<\/picture>\n\t\t<\/a>\n\t<\/p>\n\n\n\n\n\n\n\n<p>De acordo com nota do <strong>governo de Alagoas<\/strong>, o neg\u00f3cio prejudicaria diretamente os moradores das regi\u00f5es atingidas pelo afundamento do solo em 2018, decorrente das atividades de explora\u00e7\u00e3o de <strong>sal-gema pela Braskem<\/strong>.<\/p>\n\n\n\n<p>O governador de Alagoas afirmou que o Estado foi prejudicado pela <strong>explora\u00e7\u00e3o da mineradora<\/strong> e disse que \u00e9 necess\u00e1rio que os danos causados ao governo sejam observados nas negocia\u00e7\u00f5es para a venda da empresa. &#8220;O estado foi impactado diretamente com a perda de postos de sa\u00fade e escolas desativadas, um hospital psiqui\u00e1trico e uma central da Samu, al\u00e9m de uma perda brutal de arrecada\u00e7\u00e3o do ICMS daquela regi\u00e3o&#8221;, explicou.<\/p>\n\n\n\t<p>\n\t\t<a href=\"https:\/\/lp.suno.com.br\/ebook-gratuito-investindo-no-exterior\/\" target=\"_blank\" data-element=\"shortcode-suno-banner\" title=\"Banner SUNO, clique e saiba mais\">\n\t\t\t<picture>\n\t\t\t\t<source media=\"(max-width: 500px)\" srcset=\"https:\/\/files.sunoresearch.com.br\/n\/uploads\/2023\/03\/400x300-Investindo-no-exterior.png\">\n\t\t\t\t<img class=\"newsContent__article__imgCapa newsContent__article__imgCapa--banner\"\n\t\t\t\t\tsrc=\"https:\/\/files.sunoresearch.com.br\/n\/uploads\/2023\/03\/1420x240-Investindo-no-exterior.png\"\n\t\t\t\t\tdata-promo-id=\"383161\"\t\t\t\t\t\t\t\t\t\twidth='1420' height='240'\t\t\t\t\talt=\"https:\/\/files.sunoresearch.com.br\/n\/uploads\/2023\/03\/1420x240-Investindo-no-exterior.png\"\n\t\t\t\t>\n\t\t\t<\/picture>\n\t\t<\/a>\n\t<\/p>\n\n\n\n\n\n<h2 class=\"wp-block-heading\">Acordo com a prefeitura de Macei\u00f3<\/h2>\n\n\n\n<p>Durante o encontro com o ministro Aroldo Cedraz, o governador de Alagoas criticou o acordo firmado entre a <strong>prefeitura de Macei\u00f3 e a Braskem<\/strong>. Anunciado na \u00faltima sexta-feira, 21, a negocia\u00e7\u00e3o entre o munic\u00edpio e a petroqu\u00edmica prev\u00ea o pagamento de R$ 1,7 bilh\u00e3o pelos danos ambientais provocados pelo desastre.<\/p>\n\n\n\n<p>De acordo com o governo de Alagoas, Dantas teria dito que, pelo acordo, a empresa pode comercializar as \u00e1reas e im\u00f3veis caso consiga estabilizar o terreno, o que proporcionaria um lucro de R$ 50 bilh\u00f5es em vinte anos.<\/p>\n\n\n\n<p>&#8220;\u00c9 o maior case imobili\u00e1rio especulativo do mundo. A empresa que cometeu um crime ambiental sem precedentes pode lucrar bilh\u00f5es de reais em alguns anos. O acordo simplesmente faz o causador do desastre lucrar, e a v\u00edtima, pagar o pre\u00e7o&#8221;, afirmou o governador.<\/p>\n\n\n\n<h2 class=\"wp-block-heading\">CEO da Braskem revela motivo de reuni\u00e3o com Haddad<\/h2>\n\n\n\n<p>O CEO da <a href=\"https:\/\/www.suno.com.br\/acoes\/BRKM5\/\" target=\"_blank\" rel=\"noreferrer noopener\"><strong>Braskem <\/strong>(BRKM5)<\/a>, Roberto Bischoff, declarou que sua recente reuni\u00e3o com o ministro da Fazenda, <a href=\"https:\/\/www.suno.com.br\/noticias\/haddad-nega-taxar-renda-cumprir-meta-fiscal-evm\/\" target=\"_blank\" rel=\"noreferrer noopener\">Fernando Haddad<\/a>, foi &#8220;espec\u00edfica&#8221; sobre a competitividade do setor que a empresa atua, a ind\u00fastria qu\u00edmica.<\/p>\n\n\n\n<p>&#8220;A ind\u00fastria petroqu\u00edmica vive um momento de ciclo de baixa, e est\u00e1 sentindo competi\u00e7\u00e3o muito forte de produto base g\u00e1s, e n\u00f3s somos base nafta&#8221;, disse o executivo da Braskem logo ap\u00f3s sair de encontro com <strong>Haddad<\/strong> na sede do <a href=\"https:\/\/www.suno.com.br\/noticias\/ministerio-fazenda-propostas-reformas-financeiras-cpf\/\" target=\"_blank\" rel=\"noreferrer noopener\">Minist\u00e9rio da Fazenda<\/a> em Bras\u00edlia nesta segunda-feira (24).<\/p>\n\n\n\n<p>Bischoff foi questionado por jornalistas se teria tratado com o ministro da Fazenda sobre o acordo da empresa com a prefeitura de Macei\u00f3 ou sobre a venda do controle da companhia pela Novonor (antiga Odebrecht), mas afirmou que a reuni\u00e3o s\u00f3 tratou da competitividade da ind\u00fastria qu\u00edmica.<\/p>\n\n\n\n<p>As negocia\u00e7\u00f5es de uma venda da fatia na Braskem datam de anos, por\u00e9m as negocia\u00e7\u00f5es aqueceram nos \u00faltimos meses, com ofertas da <a href=\"https:\/\/www.suno.com.br\/noticias\/braskem-brkm5-oferta-abre-jogo-novonor\/\" target=\"_blank\" rel=\"noreferrer noopener\">Empresa Nacional de Petr\u00f3leo de Abu Dhabi (ADNOC) em conjunto com a Apollo Asset Management<\/a>, e tamb\u00e9m da <a class=\"suno-keyword\" data-force=\"yes\" data-priority=\"2\" href=\"https:\/\/www.suno.com.br\/acoes\/UNIP6\/\" target=\"_blank\" rel=\"noopener\">Unipar (UNIP6)<\/a>.<\/p>\n\n\n\n<p>Apesar dos avan\u00e7os, o neg\u00f3cio com a <strong>Braskem<\/strong> ainda n\u00e3o foi fechado, mas causou um <a href=\"https:\/\/statusinvest.com.br\/acoes\/brkm5\" target=\"_blank\" rel=\"noreferrer noopener\">rali nas a\u00e7\u00f5es da empresa<\/a>, que sobem cerca de 30% desde o in\u00edcio de maio.<\/p>\n\n\n\n<p><em>Com Estad\u00e3o Conte\u00fado<\/em><\/p>\n\n\n\t<p>\n\t\t<a href=\"https:\/\/lp.suno.com.br\/planilha-da-vida-financeira\/\" target=\"_blank\" data-element=\"shortcode-suno-banner\" title=\"Banner SUNO, clique e saiba mais\">\n\t\t\t<picture>\n\t\t\t\t<source media=\"(max-width: 500px)\" srcset=\"https:\/\/files.sunoresearch.com.br\/n\/uploads\/2023\/04\/400x300-Planilha-vida-financeira-true.png\">\n\t\t\t\t<img class=\"newsContent__article__imgCapa newsContent__article__imgCapa--banner\"\n\t\t\t\t\tsrc=\"https:\/\/files.sunoresearch.com.br\/n\/uploads\/2023\/04\/1420x240-Planilha-vida-financeira-true.png\"\n\t\t\t\t\tdata-promo-id=\"383123\"\t\t\t\t\t\t\t\t\t\twidth='1420' height='240'\t\t\t\t\talt=\"https:\/\/files.sunoresearch.com.br\/n\/uploads\/2023\/04\/1420x240-Planilha-vida-financeira-true.png\"\n\t\t\t\t>\n\t\t\t<\/picture>\n\t\t<\/a>\n\t<\/p>\n\n\n","protected":false},"excerpt":{"rendered":"<p>O governador de Alagoas, Paulo Dantas, foi a Bras\u00edlia nesta quarta-feira, 26, e pediu a suspens\u00e3o da poss\u00edvel venda da Braskem (BRKM5) para o ministro do Tribunal de Contas da Uni\u00e3o (TCU), Aroldo Cedraz, relator da representa\u00e7\u00e3o encaminhada pelo governo estadual e pelo Senado Federal, que contesta os acordos financeiros firmados pela petroqu\u00edmica. Braskem. Foto: [&hellip;]<\/p>\n","protected":false},"author":43,"featured_media":324618,"comment_status":"closed","ping_status":"closed","sticky":false,"template":"","format":"standard","meta":[],"categories":[61],"tags":[395],"suno_strategy":[],"class_list":["post-433988","post","type-post","status-publish","format-standard","has-post-thumbnail","hentry","category-politica","tag-braskem-brkm3-brkm5-brkm6"],"yoast_head":"<!-- This site is optimized with the Yoast SEO plugin v24.4 - https:\/\/yoast.com\/wordpress\/plugins\/seo\/ -->\n<title>Braskem (BRKM5): governador pede ao TCU suspens\u00e3o da venda<\/title>\n<meta name=\"description\" content=\"O governador de Alagoas, Paulo Dantas, foi a Bras\u00edlia nesta quarta-feira, 26, e pediu a suspens\u00e3o da poss\u00edvel venda da Braskem. Entenda!\" \/>\n<meta name=\"robots\" content=\"index, follow, max-snippet:-1, max-image-preview:large, max-video-preview:-1\" \/>\n<link rel=\"canonical\" href=\"https:\/\/www.suno.com.br\/noticias\/braskem-brkm5-governador-alagoas-pede-tcu-suspensao-venda\/\" \/>\n<meta property=\"og:locale\" content=\"pt_BR\" \/>\n<meta property=\"og:type\" content=\"article\" \/>\n<meta property=\"og:title\" content=\"Braskem (BRKM5): governador pede ao TCU suspens\u00e3o da venda\" \/>\n<meta property=\"og:description\" content=\"O governador de Alagoas, Paulo Dantas, foi a Bras\u00edlia nesta quarta-feira, 26, e pediu a suspens\u00e3o da poss\u00edvel venda da Braskem. Entenda!\" \/>\n<meta property=\"og:url\" content=\"https:\/\/www.suno.com.br\/noticias\/braskem-brkm5-governador-alagoas-pede-tcu-suspensao-venda\/\" \/>\n<meta property=\"og:site_name\" content=\"Suno Not\u00edcias\" \/>\n<meta property=\"article:publisher\" content=\"https:\/\/facebook.com\/sunoresearch\" \/>\n<meta property=\"article:author\" content=\"https:\/\/www.facebook.com\/sunonoticias\/\" \/>\n<meta property=\"og:image\" content=\"https:\/\/files.sunoresearch.com.br\/n\/uploads\/2022\/11\/Braskem.jpg\" \/>\n\t<meta property=\"og:image:width\" content=\"2300\" \/>\n\t<meta property=\"og:image:height\" content=\"821\" \/>\n\t<meta property=\"og:image:type\" content=\"image\/jpeg\" \/>\n<meta name=\"author\" content=\"Reda\u00e7\u00e3o Suno Not\u00edcias\" \/>\n<meta name=\"twitter:card\" content=\"summary_large_image\" \/>\n<meta name=\"twitter:creator\" content=\"@https:\/\/twitter.com\/sunoresearch\" \/>\n<meta name=\"twitter:site\" content=\"@sunoresearch\" \/>\n<meta name=\"twitter:label1\" content=\"Escrito por\" \/>\n\t<meta name=\"twitter:data1\" content=\"Reda\u00e7\u00e3o Suno Not\u00edcias\" \/>\n\t<meta name=\"twitter:label2\" content=\"Est. tempo de leitura\" \/>\n\t<meta name=\"twitter:data2\" content=\"3 minutos\" \/>\n<script type=\"application\/ld+json\" class=\"yoast-schema-graph\">{\"@context\":\"https:\/\/schema.org\",\"@graph\":[{\"@type\":\"NewsArticle\",\"@id\":\"https:\/\/www.suno.com.br\/noticias\/braskem-brkm5-governador-alagoas-pede-tcu-suspensao-venda\/#article\",\"isPartOf\":{\"@id\":\"https:\/\/www.suno.com.br\/noticias\/braskem-brkm5-governador-alagoas-pede-tcu-suspensao-venda\/\"},\"author\":{\"name\":\"Reda\u00e7\u00e3o Suno Not\u00edcias\",\"@id\":\"https:\/\/www.suno.com.br\/noticias\/#\/schema\/person\/c1b1bd3727fa852bd045e9dbff3673ea\"},\"headline\":\"Braskem (BRKM5): governador de Alagoas pede ao TCU suspens\u00e3o da venda da petroqu\u00edmica\",\"datePublished\":\"2023-07-27T01:01:06+00:00\",\"dateModified\":\"2023-07-27T01:01:10+00:00\",\"mainEntityOfPage\":{\"@id\":\"https:\/\/www.suno.com.br\/noticias\/braskem-brkm5-governador-alagoas-pede-tcu-suspensao-venda\/\"},\"wordCount\":573,\"publisher\":{\"@id\":\"https:\/\/www.suno.com.br\/noticias\/#organization\"},\"image\":{\"@id\":\"https:\/\/www.suno.com.br\/noticias\/braskem-brkm5-governador-alagoas-pede-tcu-suspensao-venda\/#primaryimage\"},\"thumbnailUrl\":\"https:\/\/files.sunoresearch.com.br\/n\/uploads\/2022\/11\/Braskem.jpg\",\"keywords\":[\"Braskem (BRKM3\/BRKM5\/BRKM6)\"],\"articleSection\":[\"Pol\u00edtica\"],\"inLanguage\":\"pt-BR\"},{\"@type\":\"WebPage\",\"@id\":\"https:\/\/www.suno.com.br\/noticias\/braskem-brkm5-governador-alagoas-pede-tcu-suspensao-venda\/\",\"url\":\"https:\/\/www.suno.com.br\/noticias\/braskem-brkm5-governador-alagoas-pede-tcu-suspensao-venda\/\",\"name\":\"Braskem (BRKM5): governador pede ao TCU suspens\u00e3o da venda\",\"isPartOf\":{\"@id\":\"https:\/\/www.suno.com.br\/noticias\/#website\"},\"primaryImageOfPage\":{\"@id\":\"https:\/\/www.suno.com.br\/noticias\/braskem-brkm5-governador-alagoas-pede-tcu-suspensao-venda\/#primaryimage\"},\"image\":{\"@id\":\"https:\/\/www.suno.com.br\/noticias\/braskem-brkm5-governador-alagoas-pede-tcu-suspensao-venda\/#primaryimage\"},\"thumbnailUrl\":\"https:\/\/files.sunoresearch.com.br\/n\/uploads\/2022\/11\/Braskem.jpg\",\"datePublished\":\"2023-07-27T01:01:06+00:00\",\"dateModified\":\"2023-07-27T01:01:10+00:00\",\"description\":\"O governador de Alagoas, Paulo Dantas, foi a Bras\u00edlia nesta quarta-feira, 26, e pediu a suspens\u00e3o da poss\u00edvel venda da Braskem. Entenda!\",\"breadcrumb\":{\"@id\":\"https:\/\/www.suno.com.br\/noticias\/braskem-brkm5-governador-alagoas-pede-tcu-suspensao-venda\/#breadcrumb\"},\"inLanguage\":\"pt-BR\",\"potentialAction\":[{\"@type\":\"ReadAction\",\"target\":[\"https:\/\/www.suno.com.br\/noticias\/braskem-brkm5-governador-alagoas-pede-tcu-suspensao-venda\/\"]}]},{\"@type\":\"ImageObject\",\"inLanguage\":\"pt-BR\",\"@id\":\"https:\/\/www.suno.com.br\/noticias\/braskem-brkm5-governador-alagoas-pede-tcu-suspensao-venda\/#primaryimage\",\"url\":\"https:\/\/files.sunoresearch.com.br\/n\/uploads\/2022\/11\/Braskem.jpg\",\"contentUrl\":\"https:\/\/files.sunoresearch.com.br\/n\/uploads\/2022\/11\/Braskem.jpg\",\"width\":2300,\"height\":821,\"caption\":\"Braskem. Foto: Divulga\u00e7\u00e3o\"},{\"@type\":\"BreadcrumbList\",\"@id\":\"https:\/\/www.suno.com.br\/noticias\/braskem-brkm5-governador-alagoas-pede-tcu-suspensao-venda\/#breadcrumb\",\"itemListElement\":[{\"@type\":\"ListItem\",\"position\":1,\"name\":\"Not\u00edcias\",\"item\":\"https:\/\/www.suno.com.br\/noticias\/\"},{\"@type\":\"ListItem\",\"position\":2,\"name\":\"Pol\u00edtica\",\"item\":\"https:\/\/www.suno.com.br\/noticias\/politica\/\"},{\"@type\":\"ListItem\",\"position\":3,\"name\":\"Braskem (BRKM5): governador de Alagoas pede ao TCU suspens\u00e3o da venda da petroqu\u00edmica\"}]},{\"@type\":\"WebSite\",\"@id\":\"https:\/\/www.suno.com.br\/noticias\/#website\",\"url\":\"https:\/\/www.suno.com.br\/noticias\/\",\"name\":\"Suno Not\u00edcias\",\"description\":\"Seu portal de informa\u00e7\u00e3o sobre o mundo dos investimentos\",\"publisher\":{\"@id\":\"https:\/\/www.suno.com.br\/noticias\/#organization\"},\"potentialAction\":[{\"@type\":\"SearchAction\",\"target\":{\"@type\":\"EntryPoint\",\"urlTemplate\":\"https:\/\/www.suno.com.br\/noticias\/?s={search_term_string}\"},\"query-input\":{\"@type\":\"PropertyValueSpecification\",\"valueRequired\":true,\"valueName\":\"search_term_string\"}}],\"inLanguage\":\"pt-BR\"},{\"@type\":\"Organization\",\"@id\":\"https:\/\/www.suno.com.br\/noticias\/#organization\",\"name\":\"Suno Not\u00edcias\",\"url\":\"https:\/\/www.suno.com.br\/noticias\/\",\"logo\":{\"@type\":\"ImageObject\",\"inLanguage\":\"pt-BR\",\"@id\":\"https:\/\/www.suno.com.br\/noticias\/#\/schema\/logo\/image\/\",\"url\":\"https:\/\/files.sunoresearch.com.br\/n\/uploads\/2021\/09\/suno-logo.png\",\"contentUrl\":\"https:\/\/files.sunoresearch.com.br\/n\/uploads\/2021\/09\/suno-logo.png\",\"width\":180,\"height\":180,\"caption\":\"Suno Not\u00edcias\"},\"image\":{\"@id\":\"https:\/\/www.suno.com.br\/noticias\/#\/schema\/logo\/image\/\"},\"sameAs\":[\"https:\/\/facebook.com\/sunoresearch\",\"https:\/\/x.com\/sunoresearch\",\"https:\/\/www.instagram.com\/suno\",\"https:\/\/www.linkedin.com\/company\/suno-research\/\",\"https:\/\/www.youtube.com\/c\/sunoresearch\"]},{\"@type\":\"Person\",\"@id\":\"https:\/\/www.suno.com.br\/noticias\/#\/schema\/person\/c1b1bd3727fa852bd045e9dbff3673ea\",\"name\":\"Reda\u00e7\u00e3o Suno Not\u00edcias\",\"image\":{\"@type\":\"ImageObject\",\"inLanguage\":\"pt-BR\",\"@id\":\"https:\/\/www.suno.com.br\/noticias\/#\/schema\/person\/image\/\",\"url\":\"https:\/\/secure.gravatar.com\/avatar\/b8104b9b5a71985d5238ee59fbe418af?s=96&r=g\",\"contentUrl\":\"https:\/\/secure.gravatar.com\/avatar\/b8104b9b5a71985d5238ee59fbe418af?s=96&r=g\",\"caption\":\"Reda\u00e7\u00e3o Suno Not\u00edcias\"},\"description\":\"O Suno Not\u00edcias \u00e9 um portal de informa\u00e7\u00f5es sobre Mercado Financeiro, Pol\u00edtica, Neg\u00f3cios, Economia e Finan\u00e7as Pessoais.\",\"sameAs\":[\"https:\/\/www.suno.com.br\/noticias\",\"https:\/\/www.facebook.com\/sunonoticias\/\",\"https:\/\/www.instagram.com\/sunonoticias\/\",\"https:\/\/x.com\/https:\/\/twitter.com\/sunoresearch\",\"https:\/\/www.youtube.com\/sunonoticias\"],\"url\":\"https:\/\/www.suno.com.br\/noticias\/author\/redacao-suno\/\"}]}<\/script>\n<!-- \/ Yoast SEO plugin. -->","yoast_head_json":{"title":"Braskem (BRKM5): governador pede ao TCU suspens\u00e3o da venda","description":"O governador de Alagoas, Paulo Dantas, foi a Bras\u00edlia nesta quarta-feira, 26, e pediu a suspens\u00e3o da poss\u00edvel venda da Braskem. Entenda!","robots":{"index":"index","follow":"follow","max-snippet":"max-snippet:-1","max-image-preview":"max-image-preview:large","max-video-preview":"max-video-preview:-1"},"canonical":"https:\/\/www.suno.com.br\/noticias\/braskem-brkm5-governador-alagoas-pede-tcu-suspensao-venda\/","og_locale":"pt_BR","og_type":"article","og_title":"Braskem (BRKM5): governador pede ao TCU suspens\u00e3o da venda","og_description":"O governador de Alagoas, Paulo Dantas, foi a Bras\u00edlia nesta quarta-feira, 26, e pediu a suspens\u00e3o da poss\u00edvel venda da Braskem. Entenda!","og_url":"https:\/\/www.suno.com.br\/noticias\/braskem-brkm5-governador-alagoas-pede-tcu-suspensao-venda\/","og_site_name":"Suno Not\u00edcias","article_publisher":"https:\/\/facebook.com\/sunoresearch","article_author":"https:\/\/www.facebook.com\/sunonoticias\/","og_image":[{"width":2300,"height":821,"url":"https:\/\/files.sunoresearch.com.br\/n\/uploads\/2022\/11\/Braskem.jpg","type":"image\/jpeg"}],"author":"Reda\u00e7\u00e3o Suno Not\u00edcias","twitter_card":"summary_large_image","twitter_creator":"@https:\/\/twitter.com\/sunoresearch","twitter_site":"@sunoresearch","twitter_misc":{"Escrito por":"Reda\u00e7\u00e3o Suno Not\u00edcias","Est. tempo de leitura":"3 minutos"},"schema":{"@context":"https:\/\/schema.org","@graph":[{"@type":"NewsArticle","@id":"https:\/\/www.suno.com.br\/noticias\/braskem-brkm5-governador-alagoas-pede-tcu-suspensao-venda\/#article","isPartOf":{"@id":"https:\/\/www.suno.com.br\/noticias\/braskem-brkm5-governador-alagoas-pede-tcu-suspensao-venda\/"},"author":{"name":"Reda\u00e7\u00e3o Suno Not\u00edcias","@id":"https:\/\/www.suno.com.br\/noticias\/#\/schema\/person\/c1b1bd3727fa852bd045e9dbff3673ea"},"headline":"Braskem (BRKM5): governador de Alagoas pede ao TCU suspens\u00e3o da venda da petroqu\u00edmica","datePublished":"2023-07-27T01:01:06+00:00","dateModified":"2023-07-27T01:01:10+00:00","mainEntityOfPage":{"@id":"https:\/\/www.suno.com.br\/noticias\/braskem-brkm5-governador-alagoas-pede-tcu-suspensao-venda\/"},"wordCount":573,"publisher":{"@id":"https:\/\/www.suno.com.br\/noticias\/#organization"},"image":{"@id":"https:\/\/www.suno.com.br\/noticias\/braskem-brkm5-governador-alagoas-pede-tcu-suspensao-venda\/#primaryimage"},"thumbnailUrl":"https:\/\/files.sunoresearch.com.br\/n\/uploads\/2022\/11\/Braskem.jpg","keywords":["Braskem (BRKM3\/BRKM5\/BRKM6)"],"articleSection":["Pol\u00edtica"],"inLanguage":"pt-BR"},{"@type":"WebPage","@id":"https:\/\/www.suno.com.br\/noticias\/braskem-brkm5-governador-alagoas-pede-tcu-suspensao-venda\/","url":"https:\/\/www.suno.com.br\/noticias\/braskem-brkm5-governador-alagoas-pede-tcu-suspensao-venda\/","name":"Braskem (BRKM5): governador pede ao TCU suspens\u00e3o da venda","isPartOf":{"@id":"https:\/\/www.suno.com.br\/noticias\/#website"},"primaryImageOfPage":{"@id":"https:\/\/www.suno.com.br\/noticias\/braskem-brkm5-governador-alagoas-pede-tcu-suspensao-venda\/#primaryimage"},"image":{"@id":"https:\/\/www.suno.com.br\/noticias\/braskem-brkm5-governador-alagoas-pede-tcu-suspensao-venda\/#primaryimage"},"thumbnailUrl":"https:\/\/files.sunoresearch.com.br\/n\/uploads\/2022\/11\/Braskem.jpg","datePublished":"2023-07-27T01:01:06+00:00","dateModified":"2023-07-27T01:01:10+00:00","description":"O governador de Alagoas, Paulo Dantas, foi a Bras\u00edlia nesta quarta-feira, 26, e pediu a suspens\u00e3o da poss\u00edvel venda da Braskem. Entenda!","breadcrumb":{"@id":"https:\/\/www.suno.com.br\/noticias\/braskem-brkm5-governador-alagoas-pede-tcu-suspensao-venda\/#breadcrumb"},"inLanguage":"pt-BR","potentialAction":[{"@type":"ReadAction","target":["https:\/\/www.suno.com.br\/noticias\/braskem-brkm5-governador-alagoas-pede-tcu-suspensao-venda\/"]}]},{"@type":"ImageObject","inLanguage":"pt-BR","@id":"https:\/\/www.suno.com.br\/noticias\/braskem-brkm5-governador-alagoas-pede-tcu-suspensao-venda\/#primaryimage","url":"https:\/\/files.sunoresearch.com.br\/n\/uploads\/2022\/11\/Braskem.jpg","contentUrl":"https:\/\/files.sunoresearch.com.br\/n\/uploads\/2022\/11\/Braskem.jpg","width":2300,"height":821,"caption":"Braskem. Foto: Divulga\u00e7\u00e3o"},{"@type":"BreadcrumbList","@id":"https:\/\/www.suno.com.br\/noticias\/braskem-brkm5-governador-alagoas-pede-tcu-suspensao-venda\/#breadcrumb","itemListElement":[{"@type":"ListItem","position":1,"name":"Not\u00edcias","item":"https:\/\/www.suno.com.br\/noticias\/"},{"@type":"ListItem","position":2,"name":"Pol\u00edtica","item":"https:\/\/www.suno.com.br\/noticias\/politica\/"},{"@type":"ListItem","position":3,"name":"Braskem (BRKM5): governador de Alagoas pede ao TCU suspens\u00e3o da venda da petroqu\u00edmica"}]},{"@type":"WebSite","@id":"https:\/\/www.suno.com.br\/noticias\/#website","url":"https:\/\/www.suno.com.br\/noticias\/","name":"Suno Not\u00edcias","description":"Seu portal de informa\u00e7\u00e3o sobre o mundo dos investimentos","publisher":{"@id":"https:\/\/www.suno.com.br\/noticias\/#organization"},"potentialAction":[{"@type":"SearchAction","target":{"@type":"EntryPoint","urlTemplate":"https:\/\/www.suno.com.br\/noticias\/?s={search_term_string}"},"query-input":{"@type":"PropertyValueSpecification","valueRequired":true,"valueName":"search_term_string"}}],"inLanguage":"pt-BR"},{"@type":"Organization","@id":"https:\/\/www.suno.com.br\/noticias\/#organization","name":"Suno Not\u00edcias","url":"https:\/\/www.suno.com.br\/noticias\/","logo":{"@type":"ImageObject","inLanguage":"pt-BR","@id":"https:\/\/www.suno.com.br\/noticias\/#\/schema\/logo\/image\/","url":"https:\/\/files.sunoresearch.com.br\/n\/uploads\/2021\/09\/suno-logo.png","contentUrl":"https:\/\/files.sunoresearch.com.br\/n\/uploads\/2021\/09\/suno-logo.png","width":180,"height":180,"caption":"Suno Not\u00edcias"},"image":{"@id":"https:\/\/www.suno.com.br\/noticias\/#\/schema\/logo\/image\/"},"sameAs":["https:\/\/facebook.com\/sunoresearch","https:\/\/x.com\/sunoresearch","https:\/\/www.instagram.com\/suno","https:\/\/www.linkedin.com\/company\/suno-research\/","https:\/\/www.youtube.com\/c\/sunoresearch"]},{"@type":"Person","@id":"https:\/\/www.suno.com.br\/noticias\/#\/schema\/person\/c1b1bd3727fa852bd045e9dbff3673ea","name":"Reda\u00e7\u00e3o Suno Not\u00edcias","image":{"@type":"ImageObject","inLanguage":"pt-BR","@id":"https:\/\/www.suno.com.br\/noticias\/#\/schema\/person\/image\/","url":"https:\/\/secure.gravatar.com\/avatar\/b8104b9b5a71985d5238ee59fbe418af?s=96&r=g","contentUrl":"https:\/\/secure.gravatar.com\/avatar\/b8104b9b5a71985d5238ee59fbe418af?s=96&r=g","caption":"Reda\u00e7\u00e3o Suno Not\u00edcias"},"description":"O Suno Not\u00edcias \u00e9 um portal de informa\u00e7\u00f5es sobre Mercado Financeiro, Pol\u00edtica, Neg\u00f3cios, Economia e Finan\u00e7as Pessoais.","sameAs":["https:\/\/www.suno.com.br\/noticias","https:\/\/www.facebook.com\/sunonoticias\/","https:\/\/www.instagram.com\/sunonoticias\/","https:\/\/x.com\/https:\/\/twitter.com\/sunoresearch","https:\/\/www.youtube.com\/sunonoticias"],"url":"https:\/\/www.suno.com.br\/noticias\/author\/redacao-suno\/"}]}},"default_loop_html":"<div class=\"cardsPage__listCard__boxs\"><div class=\"cardsPage__listCard__boxs__img\"><a href=\"https:\/\/www.suno.com.br\/noticias\/braskem-brkm5-governador-alagoas-pede-tcu-suspensao-venda\/\"><img class=\"mask\" src=\"https:\/\/www.suno.com.br\/noticias\/wp-content\/themes\/suno\/resources\/images\/spotlight\/spotlight1img\/bg-mask.png\" alt=\"Image Mask\"\/><img src=\"https:\/\/files.sunoresearch.com.br\/n\/uploads\/2022\/11\/Braskem-400x200.jpg\" alt=\"Braskem (BRKM5): governador de Alagoas pede ao TCU suspens\u00e3o da venda da petroqu\u00edmica\"\/><\/a><span class=\"spotlightCategory\"><a href=\"https:\/\/www.suno.com.br\/noticias\/politica\/\">Pol\u00edtica<\/a><\/span><\/div><div class=\"cardsPage__listCard__boxs__content\"><a href=\"https:\/\/www.suno.com.br\/noticias\/braskem-brkm5-governador-alagoas-pede-tcu-suspensao-venda\/\"><h2 class=\"content__title\">Braskem (BRKM5): governador de Alagoas pede ao TCU suspens\u00e3o da venda da petroqu\u00edmica<\/h2><\/a><div class=\"newsContent__article__meta\"><div class=\"newsContent__article__meta__authorBox\"><a href=\"https:\/\/www.suno.com.br\/noticias\/author\/redacao-suno\/\" class=\"authorBox__avatar noMobi\"><img src=\"https:\/\/files.sunoresearch.com.br\/n\/uploads\/2020\/08\/0ace682d-redacao-1-150x150.webp\" alt=\"Reda\u00e7\u00e3o Suno Not\u00edcias\"><\/a><div class=\"authorBox__name\"><span>por\n\t\t\t<a href=\"https:\/\/www.suno.com.br\/noticias\/author\/redacao-suno\/\"><span itemprop=\"author\">Reda\u00e7\u00e3o Suno Not\u00edcias<\/span><\/a><\/span><time datetime=\"2023-07-26T22:01:06-03:00\" itemprop=\"datePublished\">26\/07\/2023 22:01<\/time><\/div><\/div><\/div><\/div><\/div>","single_layout":"posts","amp_enabled":true,"_links":{"self":[{"href":"https:\/\/www.suno.com.br\/noticias\/wp-json\/wp\/v2\/posts\/433988"}],"collection":[{"href":"https:\/\/www.suno.com.br\/noticias\/wp-json\/wp\/v2\/posts"}],"about":[{"href":"https:\/\/www.suno.com.br\/noticias\/wp-json\/wp\/v2\/types\/post"}],"author":[{"embeddable":true,"href":"https:\/\/www.suno.com.br\/noticias\/wp-json\/wp\/v2\/users\/43"}],"replies":[{"embeddable":true,"href":"https:\/\/www.suno.com.br\/noticias\/wp-json\/wp\/v2\/comments?post=433988"}],"version-history":[{"count":2,"href":"https:\/\/www.suno.com.br\/noticias\/wp-json\/wp\/v2\/posts\/433988\/revisions"}],"predecessor-version":[{"id":434109,"href":"https:\/\/www.suno.com.br\/noticias\/wp-json\/wp\/v2\/posts\/433988\/revisions\/434109"}],"wp:featuredmedia":[{"embeddable":true,"href":"https:\/\/www.suno.com.br\/noticias\/wp-json\/wp\/v2\/media\/324618"}],"wp:attachment":[{"href":"https:\/\/www.suno.com.br\/noticias\/wp-json\/wp\/v2\/media?parent=433988"}],"wp:term":[{"taxonomy":"category","embeddable":true,"href":"https:\/\/www.suno.com.br\/noticias\/wp-json\/wp\/v2\/categories?post=433988"},{"taxonomy":"post_tag","embeddable":true,"href":"https:\/\/www.suno.com.br\/noticias\/wp-json\/wp\/v2\/tags?post=433988"},{"taxonomy":"suno_strategy","embeddable":true,"href":"https:\/\/www.suno.com.br\/noticias\/wp-json\/wp\/v2\/suno_strategy?post=433988"}],"curies":[{"name":"wp","href":"https:\/\/api.w.org\/{rel}","templated":true}]}}