{"id":433944,"date":"2023-07-26T19:27:59","date_gmt":"2023-07-26T22:27:59","guid":{"rendered":"https:\/\/www.suno.com.br\/noticias\/?p=433944"},"modified":"2023-07-26T19:28:03","modified_gmt":"2023-07-26T22:28:03","slug":"dolar-cai-a-r-472-menor-nivel-do-ano","status":"publish","type":"post","link":"https:\/\/www.suno.com.br\/noticias\/dolar-cai-a-r-472-menor-nivel-do-ano\/","title":{"rendered":"D\u00f3lar fecha na m\u00ednima do ano, em dia de Fed e melhora de rating do Brasil, e pode cair mais; veja por qu\u00ea"},"content":{"rendered":"<p>O <strong>d\u00f3lar<\/strong> \u00e0 vista recuou 0,46% em rela\u00e7\u00e3o ao real nesta quarta-feira, 26, a R$ 4,7282 &#8211; a nova m\u00ednima do ano no fechamento e o menor n\u00edvel desde 20 de abril de 2022 (R$ 4,6204). A queda refletiu o otimismo do mercado com a perspectiva de que o aumento de 25 pontos-base nos juros americanos anunciado hoje tenha marcado o fim do ciclo de aperto, al\u00e9m da melhora do rating brasileiro pela Fitch, de BB- para BB.<\/p>\t<div class=\"wrapper-featured-image\">\n\t\t<figure class=\"spotlightImg\">\n\n\t\t\t<picture>\n\t\t\t\t<source media=\"(max-width: 768px)\" srcset=\"https:\/\/files.sunoresearch.com.br\/n\/uploads\/2023\/05\/dolar-100-us-eua-dinheiro-400x200.jpg\">\n\t\t\t\t<img loading=\"lazy\" decoding=\"async\" class=\"newsContent__article__imgCapa lazyloadDisabled \" src=\"https:\/\/files.sunoresearch.com.br\/n\/uploads\/2023\/05\/dolar-100-us-eua-dinheiro-800x450.jpg\" width=\"800\" height=\"450\" alt=\"D\u00f3lar fecha na m\u00ednima do ano, em dia de Fed e melhora de rating do Brasil, e pode cair mais; veja por qu\u00ea\" fetchpriority=high \/>\n\t\t\t<\/picture>\n\n\t\t\t<figcaption class=\"wp-caption-text wp-caption-text--show\">D\u00f3lar - Foto: iStock<\/figcaption>\n\t\t<\/figure>\n\t<\/div>\n\n\n\n\n\n\t<p>\n\t\t<a href=\"\" target=\"_blank\" data-element=\"shortcode-suno-banner\" title=\"Banner SUNO, clique e saiba mais\">\n\t\t\t<picture>\n\t\t\t\t<source media=\"(max-width: 500px)\" srcset=\"\">\n\t\t\t\t<img class=\"newsContent__article__imgCapa newsContent__article__imgCapa--banner\"\n\t\t\t\t\tsrc=\"\"\n\t\t\t\t\tdata-promo-id=\"240038\"\t\t\t\t\t\t\t\t\t\t\t\t\t\t\talt=\"\"\n\t\t\t\t>\n\t\t\t<\/picture>\n\t\t<\/a>\n\t<\/p>\n\n\n\n\n\n\n\n<p>Essa combina\u00e7\u00e3o de fatores manteve a <strong>moeda americana<\/strong> em queda em rela\u00e7\u00e3o ao real ao longo de quase todo o preg\u00e3o, exceto por uma leve alta no in\u00edcio da sess\u00e3o, quando tocou a m\u00e1xima de R$ 4,7554 (+0,07%). Na m\u00ednima, recuou at\u00e9 R$ 4,7230 (-0,57%).<\/p>\n\n\n\n<p>A <strong>melhora do rating brasileiro<\/strong> pela manh\u00e3 firmou a <strong>divisa americana<\/strong> em queda ante o real, mas foi na etapa vespertina do preg\u00e3o que o movimento se aprofundou, ap\u00f3s a decis\u00e3o de <a class=\"suno-keyword\" target=\"_blank\" data-force=\"no\" data-priority=\"1\" href=\"https:\/\/www.suno.com.br\/artigos\/politica-monetaria\/\" rel=\"noopener\">pol\u00edtica monet\u00e1ria<\/a> do Federal Reserve (Fed). Em linha com o esperado pelo mercado, o banco central americano aumentou os juros em 25 pontos-base, \u00e0 faixa de 5,25%-5,50%, e n\u00e3o sinalizou um novo aumento iminente nas taxas.<\/p>\n\n\n\n<p>Na coletiva ap\u00f3s a decis\u00e3o, o presidente do Fed, Jerome Powell, optou por n\u00e3o descartar, mas tamb\u00e9m n\u00e3o cravar, a chance de uma nova alta de juros em setembro &#8211; o que animou a ala do mercado que acredita que o aumento de juros hoje tenha marcado o fim do ciclo de aperto. Powell afirmou que as pr\u00f3ximas decis\u00f5es v\u00e3o depender de dados e considerou que elevar os juros at\u00e9 que a infla\u00e7\u00e3o volte \u00e0 meta seria uma &#8220;estrat\u00e9gia errada.&#8221;<\/p>\n\n\n\n<p>&#8220;Ele n\u00e3o tra\u00e7ou um vi\u00e9s de alta, s\u00f3 falou que iria analisar os dados. E, s\u00f3 de n\u00e3o tra\u00e7ar um vi\u00e9s, o mercado entende que n\u00e3o haver\u00e1 mais subidas de juros, tanto que isso causou uma <a class=\"suno-keyword\" target=\"_blank\" data-force=\"no\" data-priority=\"1\" href=\"https:\/\/www.suno.com.br\/artigos\/queda-dolar\/\" rel=\"noopener\">queda do d\u00f3lar<\/a> contra outras moedas fortes&#8221;, afirma o economista-chefe da Frente Corretora, Fabrizio Velloni, lembrando da baixa de 0,33% anotada pelo <a class=\"suno-keyword\" target=\"_blank\" data-force=\"no\" data-priority=\"1\" href=\"https:\/\/www.suno.com.br\/artigos\/dxy\/\" rel=\"noopener\">\u00edndice DXY<\/a> nesta quarta-feira, a 101,015 pontos.<\/p>\n\n\n\n<p>Para o chefe da tesouraria do Travelex Bank, Marcos Weigt, a <strong>decis\u00e3o do Fed <\/strong>acabou servindo como um &#8220;n\u00e3o-evento&#8221; na sess\u00e3o, uma vez que a alta de 25 pontos-base ficou em linha com o esperado e que as declara\u00e7\u00f5es de Powell deram poucas pistas sobre o futuro da pol\u00edtica monet\u00e1ria. Isso, combinado \u00e0 melhora do rating brasileiro, abriu espa\u00e7o para valoriza\u00e7\u00e3o do real.<\/p>\n\n\n\t<p>\n\t\t<a href=\"https:\/\/lp.suno.com.br\/ebook-gratuito-investindo-no-exterior\/\" target=\"_blank\" data-element=\"shortcode-suno-banner\" title=\"Banner SUNO, clique e saiba mais\">\n\t\t\t<picture>\n\t\t\t\t<source media=\"(max-width: 500px)\" srcset=\"https:\/\/files.sunoresearch.com.br\/n\/uploads\/2023\/03\/400x300-Investindo-no-exterior.png\">\n\t\t\t\t<img class=\"newsContent__article__imgCapa newsContent__article__imgCapa--banner\"\n\t\t\t\t\tsrc=\"https:\/\/files.sunoresearch.com.br\/n\/uploads\/2023\/03\/1420x240-Investindo-no-exterior.png\"\n\t\t\t\t\tdata-promo-id=\"383161\"\t\t\t\t\t\t\t\t\t\twidth='1420' height='240'\t\t\t\t\talt=\"https:\/\/files.sunoresearch.com.br\/n\/uploads\/2023\/03\/1420x240-Investindo-no-exterior.png\"\n\t\t\t\t>\n\t\t\t<\/picture>\n\t\t<\/a>\n\t<\/p>\n\n\n\n\n\n<p>&#8220;A verdade \u00e9 que, sem not\u00edcias ruins da economia internacional, a tend\u00eancia \u00e9 de vermos o d\u00f3lar escorregando at\u00e9 um n\u00edvel perto de R$ 4,70&#8221;, diz Weigt. Para o especialista, a melhora do rating brasileiro pela Fitch pode ter um efeito positivo para os ativos brasileiros, embora ele deva ser limitado, uma vez que o Pa\u00eds continua distante do <a class=\"suno-keyword\" target=\"_blank\" data-force=\"no\" data-priority=\"1\" href=\"https:\/\/www.suno.com.br\/artigos\/grau-de-investimento\/\" rel=\"noopener\">grau de investimento<\/a>, que \u00e9 mais atrativo para investidores institucionais.<\/p>\n\n\n\n<p>Velloni, da Frente, afirma que o aumento da nota de cr\u00e9dito soberano do Pa\u00eds pode resultar na atra\u00e7\u00e3o de mais investimentos estrangeiros. Para o analista, o mais prov\u00e1vel \u00e9 que o <strong>d\u00f3lar <\/strong>se mantenha em torno de R$ 4,75 enquanto o mercado aguarda n\u00e3o apenas a decis\u00e3o do Comit\u00ea de Pol\u00edtica Monet\u00e1ria (Copom) da pr\u00f3xima quarta-feira, 2, mas tamb\u00e9m a retomada da agenda legislativa a partir de 1\u00ba de agosto.<\/p>\n\n\n\n<p>Com Estad\u00e3o Conte\u00fado<\/p>\n\n\n\t<p>\n\t\t<a href=\"https:\/\/lp.suno.com.br\/planilha-da-vida-financeira\/\" target=\"_blank\" data-element=\"shortcode-suno-banner\" title=\"Banner SUNO, clique e saiba mais\">\n\t\t\t<picture>\n\t\t\t\t<source media=\"(max-width: 500px)\" srcset=\"https:\/\/files.sunoresearch.com.br\/n\/uploads\/2023\/04\/400x300-Planilha-vida-financeira-true.png\">\n\t\t\t\t<img class=\"newsContent__article__imgCapa newsContent__article__imgCapa--banner\"\n\t\t\t\t\tsrc=\"https:\/\/files.sunoresearch.com.br\/n\/uploads\/2023\/04\/1420x240-Planilha-vida-financeira-true.png\"\n\t\t\t\t\tdata-promo-id=\"383123\"\t\t\t\t\t\t\t\t\t\twidth='1420' height='240'\t\t\t\t\talt=\"https:\/\/files.sunoresearch.com.br\/n\/uploads\/2023\/04\/1420x240-Planilha-vida-financeira-true.png\"\n\t\t\t\t>\n\t\t\t<\/picture>\n\t\t<\/a>\n\t<\/p>\n\n\n","protected":false},"excerpt":{"rendered":"<p>O d\u00f3lar \u00e0 vista recuou 0,46% em rela\u00e7\u00e3o ao real nesta quarta-feira, 26, a R$ 4,7282 &#8211; a nova m\u00ednima do ano no fechamento e o menor n\u00edvel desde 20 de abril de 2022 (R$ 4,6204). A queda refletiu o otimismo do mercado com a perspectiva de que o aumento de 25 pontos-base nos juros [&hellip;]<\/p>\n","protected":false},"author":43,"featured_media":408461,"comment_status":"closed","ping_status":"closed","sticky":false,"template":"","format":"standard","meta":[],"categories":[60],"tags":[326],"suno_strategy":[],"class_list":["post-433944","post","type-post","status-publish","format-standard","has-post-thumbnail","hentry","category-mercado","tag-dolar"],"yoast_head":"<!-- This site is optimized with the Yoast SEO plugin v24.4 - https:\/\/yoast.com\/wordpress\/plugins\/seo\/ -->\n<title>D\u00f3lar fecha na m\u00ednima do ano, com Fed e melhora de rating do Brasil<\/title>\n<meta name=\"description\" content=\"O d\u00f3lar recuou 0,46% em rela\u00e7\u00e3o ao real nesta quarta (26), a R$ 4,7282 - nova m\u00ednima do ano e o menor n\u00edvel desde 20 de abril de 2022\" \/>\n<meta name=\"robots\" content=\"index, follow, max-snippet:-1, max-image-preview:large, max-video-preview:-1\" \/>\n<link rel=\"canonical\" href=\"https:\/\/www.suno.com.br\/noticias\/dolar-cai-a-r-472-menor-nivel-do-ano\/\" \/>\n<meta property=\"og:locale\" content=\"pt_BR\" \/>\n<meta property=\"og:type\" content=\"article\" \/>\n<meta property=\"og:title\" content=\"D\u00f3lar fecha na m\u00ednima do ano, com Fed e melhora de rating do Brasil\" \/>\n<meta property=\"og:description\" content=\"O d\u00f3lar recuou 0,46% em rela\u00e7\u00e3o ao real nesta quarta (26), a R$ 4,7282 - nova m\u00ednima do ano e o menor n\u00edvel desde 20 de abril de 2022\" \/>\n<meta property=\"og:url\" content=\"https:\/\/www.suno.com.br\/noticias\/dolar-cai-a-r-472-menor-nivel-do-ano\/\" \/>\n<meta property=\"og:site_name\" content=\"Suno Not\u00edcias\" \/>\n<meta property=\"article:publisher\" content=\"https:\/\/facebook.com\/sunoresearch\" \/>\n<meta property=\"article:author\" content=\"https:\/\/www.facebook.com\/sunonoticias\/\" \/>\n<meta property=\"og:image\" content=\"https:\/\/files.sunoresearch.com.br\/n\/uploads\/2023\/05\/dolar-100-us-eua-dinheiro.jpg\" \/>\n\t<meta property=\"og:image:width\" content=\"1200\" \/>\n\t<meta property=\"og:image:height\" content=\"800\" \/>\n\t<meta property=\"og:image:type\" content=\"image\/jpeg\" \/>\n<meta name=\"author\" content=\"Reda\u00e7\u00e3o Suno Not\u00edcias\" \/>\n<meta name=\"twitter:card\" content=\"summary_large_image\" \/>\n<meta name=\"twitter:creator\" content=\"@https:\/\/twitter.com\/sunoresearch\" \/>\n<meta name=\"twitter:site\" content=\"@sunoresearch\" \/>\n<meta name=\"twitter:label1\" content=\"Escrito por\" \/>\n\t<meta name=\"twitter:data1\" content=\"Reda\u00e7\u00e3o Suno Not\u00edcias\" \/>\n\t<meta name=\"twitter:label2\" content=\"Est. tempo de leitura\" \/>\n\t<meta name=\"twitter:data2\" content=\"4 minutos\" \/>\n<script type=\"application\/ld+json\" class=\"yoast-schema-graph\">{\"@context\":\"https:\/\/schema.org\",\"@graph\":[{\"@type\":\"NewsArticle\",\"@id\":\"https:\/\/www.suno.com.br\/noticias\/dolar-cai-a-r-472-menor-nivel-do-ano\/#article\",\"isPartOf\":{\"@id\":\"https:\/\/www.suno.com.br\/noticias\/dolar-cai-a-r-472-menor-nivel-do-ano\/\"},\"author\":{\"name\":\"Reda\u00e7\u00e3o Suno Not\u00edcias\",\"@id\":\"https:\/\/www.suno.com.br\/noticias\/#\/schema\/person\/c1b1bd3727fa852bd045e9dbff3673ea\"},\"headline\":\"D\u00f3lar fecha na m\u00ednima do ano, em dia de Fed e melhora de rating do Brasil, e pode cair mais; veja por qu\u00ea\",\"datePublished\":\"2023-07-26T22:27:59+00:00\",\"dateModified\":\"2023-07-26T22:28:03+00:00\",\"mainEntityOfPage\":{\"@id\":\"https:\/\/www.suno.com.br\/noticias\/dolar-cai-a-r-472-menor-nivel-do-ano\/\"},\"wordCount\":611,\"publisher\":{\"@id\":\"https:\/\/www.suno.com.br\/noticias\/#organization\"},\"image\":{\"@id\":\"https:\/\/www.suno.com.br\/noticias\/dolar-cai-a-r-472-menor-nivel-do-ano\/#primaryimage\"},\"thumbnailUrl\":\"https:\/\/files.sunoresearch.com.br\/n\/uploads\/2023\/05\/dolar-100-us-eua-dinheiro.jpg\",\"keywords\":[\"d\u00f3lar\"],\"articleSection\":[\"Mercado\"],\"inLanguage\":\"pt-BR\"},{\"@type\":\"WebPage\",\"@id\":\"https:\/\/www.suno.com.br\/noticias\/dolar-cai-a-r-472-menor-nivel-do-ano\/\",\"url\":\"https:\/\/www.suno.com.br\/noticias\/dolar-cai-a-r-472-menor-nivel-do-ano\/\",\"name\":\"D\u00f3lar fecha na m\u00ednima do ano, com Fed e melhora de rating do Brasil\",\"isPartOf\":{\"@id\":\"https:\/\/www.suno.com.br\/noticias\/#website\"},\"primaryImageOfPage\":{\"@id\":\"https:\/\/www.suno.com.br\/noticias\/dolar-cai-a-r-472-menor-nivel-do-ano\/#primaryimage\"},\"image\":{\"@id\":\"https:\/\/www.suno.com.br\/noticias\/dolar-cai-a-r-472-menor-nivel-do-ano\/#primaryimage\"},\"thumbnailUrl\":\"https:\/\/files.sunoresearch.com.br\/n\/uploads\/2023\/05\/dolar-100-us-eua-dinheiro.jpg\",\"datePublished\":\"2023-07-26T22:27:59+00:00\",\"dateModified\":\"2023-07-26T22:28:03+00:00\",\"description\":\"O d\u00f3lar recuou 0,46% em rela\u00e7\u00e3o ao real nesta quarta (26), a R$ 4,7282 - nova m\u00ednima do ano e o menor n\u00edvel desde 20 de abril de 2022\",\"breadcrumb\":{\"@id\":\"https:\/\/www.suno.com.br\/noticias\/dolar-cai-a-r-472-menor-nivel-do-ano\/#breadcrumb\"},\"inLanguage\":\"pt-BR\",\"potentialAction\":[{\"@type\":\"ReadAction\",\"target\":[\"https:\/\/www.suno.com.br\/noticias\/dolar-cai-a-r-472-menor-nivel-do-ano\/\"]}]},{\"@type\":\"ImageObject\",\"inLanguage\":\"pt-BR\",\"@id\":\"https:\/\/www.suno.com.br\/noticias\/dolar-cai-a-r-472-menor-nivel-do-ano\/#primaryimage\",\"url\":\"https:\/\/files.sunoresearch.com.br\/n\/uploads\/2023\/05\/dolar-100-us-eua-dinheiro.jpg\",\"contentUrl\":\"https:\/\/files.sunoresearch.com.br\/n\/uploads\/2023\/05\/dolar-100-us-eua-dinheiro.jpg\",\"width\":1200,\"height\":800,\"caption\":\"D\u00f3lar - Foto: iStock\"},{\"@type\":\"BreadcrumbList\",\"@id\":\"https:\/\/www.suno.com.br\/noticias\/dolar-cai-a-r-472-menor-nivel-do-ano\/#breadcrumb\",\"itemListElement\":[{\"@type\":\"ListItem\",\"position\":1,\"name\":\"Not\u00edcias\",\"item\":\"https:\/\/www.suno.com.br\/noticias\/\"},{\"@type\":\"ListItem\",\"position\":2,\"name\":\"Mercado\",\"item\":\"https:\/\/www.suno.com.br\/noticias\/mercado\/\"},{\"@type\":\"ListItem\",\"position\":3,\"name\":\"D\u00f3lar fecha na m\u00ednima do ano, em dia de Fed e melhora de rating do Brasil, e pode cair mais; veja por qu\u00ea\"}]},{\"@type\":\"WebSite\",\"@id\":\"https:\/\/www.suno.com.br\/noticias\/#website\",\"url\":\"https:\/\/www.suno.com.br\/noticias\/\",\"name\":\"Suno Not\u00edcias\",\"description\":\"Seu portal de informa\u00e7\u00e3o sobre o mundo dos investimentos\",\"publisher\":{\"@id\":\"https:\/\/www.suno.com.br\/noticias\/#organization\"},\"potentialAction\":[{\"@type\":\"SearchAction\",\"target\":{\"@type\":\"EntryPoint\",\"urlTemplate\":\"https:\/\/www.suno.com.br\/noticias\/?s={search_term_string}\"},\"query-input\":{\"@type\":\"PropertyValueSpecification\",\"valueRequired\":true,\"valueName\":\"search_term_string\"}}],\"inLanguage\":\"pt-BR\"},{\"@type\":\"Organization\",\"@id\":\"https:\/\/www.suno.com.br\/noticias\/#organization\",\"name\":\"Suno Not\u00edcias\",\"url\":\"https:\/\/www.suno.com.br\/noticias\/\",\"logo\":{\"@type\":\"ImageObject\",\"inLanguage\":\"pt-BR\",\"@id\":\"https:\/\/www.suno.com.br\/noticias\/#\/schema\/logo\/image\/\",\"url\":\"https:\/\/files.sunoresearch.com.br\/n\/uploads\/2021\/09\/suno-logo.png\",\"contentUrl\":\"https:\/\/files.sunoresearch.com.br\/n\/uploads\/2021\/09\/suno-logo.png\",\"width\":180,\"height\":180,\"caption\":\"Suno Not\u00edcias\"},\"image\":{\"@id\":\"https:\/\/www.suno.com.br\/noticias\/#\/schema\/logo\/image\/\"},\"sameAs\":[\"https:\/\/facebook.com\/sunoresearch\",\"https:\/\/x.com\/sunoresearch\",\"https:\/\/www.instagram.com\/suno\",\"https:\/\/www.linkedin.com\/company\/suno-research\/\",\"https:\/\/www.youtube.com\/c\/sunoresearch\"]},{\"@type\":\"Person\",\"@id\":\"https:\/\/www.suno.com.br\/noticias\/#\/schema\/person\/c1b1bd3727fa852bd045e9dbff3673ea\",\"name\":\"Reda\u00e7\u00e3o Suno Not\u00edcias\",\"image\":{\"@type\":\"ImageObject\",\"inLanguage\":\"pt-BR\",\"@id\":\"https:\/\/www.suno.com.br\/noticias\/#\/schema\/person\/image\/\",\"url\":\"https:\/\/secure.gravatar.com\/avatar\/b8104b9b5a71985d5238ee59fbe418af?s=96&r=g\",\"contentUrl\":\"https:\/\/secure.gravatar.com\/avatar\/b8104b9b5a71985d5238ee59fbe418af?s=96&r=g\",\"caption\":\"Reda\u00e7\u00e3o Suno Not\u00edcias\"},\"description\":\"O Suno Not\u00edcias \u00e9 um portal de informa\u00e7\u00f5es sobre Mercado Financeiro, Pol\u00edtica, Neg\u00f3cios, Economia e Finan\u00e7as Pessoais.\",\"sameAs\":[\"https:\/\/www.suno.com.br\/noticias\",\"https:\/\/www.facebook.com\/sunonoticias\/\",\"https:\/\/www.instagram.com\/sunonoticias\/\",\"https:\/\/x.com\/https:\/\/twitter.com\/sunoresearch\",\"https:\/\/www.youtube.com\/sunonoticias\"],\"url\":\"https:\/\/www.suno.com.br\/noticias\/author\/redacao-suno\/\"}]}<\/script>\n<!-- \/ Yoast SEO plugin. -->","yoast_head_json":{"title":"D\u00f3lar fecha na m\u00ednima do ano, com Fed e melhora de rating do Brasil","description":"O d\u00f3lar recuou 0,46% em rela\u00e7\u00e3o ao real nesta quarta (26), a R$ 4,7282 - nova m\u00ednima do ano e o menor n\u00edvel desde 20 de abril de 2022","robots":{"index":"index","follow":"follow","max-snippet":"max-snippet:-1","max-image-preview":"max-image-preview:large","max-video-preview":"max-video-preview:-1"},"canonical":"https:\/\/www.suno.com.br\/noticias\/dolar-cai-a-r-472-menor-nivel-do-ano\/","og_locale":"pt_BR","og_type":"article","og_title":"D\u00f3lar fecha na m\u00ednima do ano, com Fed e melhora de rating do Brasil","og_description":"O d\u00f3lar recuou 0,46% em rela\u00e7\u00e3o ao real nesta quarta (26), a R$ 4,7282 - nova m\u00ednima do ano e o menor n\u00edvel desde 20 de abril de 2022","og_url":"https:\/\/www.suno.com.br\/noticias\/dolar-cai-a-r-472-menor-nivel-do-ano\/","og_site_name":"Suno Not\u00edcias","article_publisher":"https:\/\/facebook.com\/sunoresearch","article_author":"https:\/\/www.facebook.com\/sunonoticias\/","og_image":[{"width":1200,"height":800,"url":"https:\/\/files.sunoresearch.com.br\/n\/uploads\/2023\/05\/dolar-100-us-eua-dinheiro.jpg","type":"image\/jpeg"}],"author":"Reda\u00e7\u00e3o Suno Not\u00edcias","twitter_card":"summary_large_image","twitter_creator":"@https:\/\/twitter.com\/sunoresearch","twitter_site":"@sunoresearch","twitter_misc":{"Escrito por":"Reda\u00e7\u00e3o Suno Not\u00edcias","Est. tempo de leitura":"4 minutos"},"schema":{"@context":"https:\/\/schema.org","@graph":[{"@type":"NewsArticle","@id":"https:\/\/www.suno.com.br\/noticias\/dolar-cai-a-r-472-menor-nivel-do-ano\/#article","isPartOf":{"@id":"https:\/\/www.suno.com.br\/noticias\/dolar-cai-a-r-472-menor-nivel-do-ano\/"},"author":{"name":"Reda\u00e7\u00e3o Suno Not\u00edcias","@id":"https:\/\/www.suno.com.br\/noticias\/#\/schema\/person\/c1b1bd3727fa852bd045e9dbff3673ea"},"headline":"D\u00f3lar fecha na m\u00ednima do ano, em dia de Fed e melhora de rating do Brasil, e pode cair mais; veja por qu\u00ea","datePublished":"2023-07-26T22:27:59+00:00","dateModified":"2023-07-26T22:28:03+00:00","mainEntityOfPage":{"@id":"https:\/\/www.suno.com.br\/noticias\/dolar-cai-a-r-472-menor-nivel-do-ano\/"},"wordCount":611,"publisher":{"@id":"https:\/\/www.suno.com.br\/noticias\/#organization"},"image":{"@id":"https:\/\/www.suno.com.br\/noticias\/dolar-cai-a-r-472-menor-nivel-do-ano\/#primaryimage"},"thumbnailUrl":"https:\/\/files.sunoresearch.com.br\/n\/uploads\/2023\/05\/dolar-100-us-eua-dinheiro.jpg","keywords":["d\u00f3lar"],"articleSection":["Mercado"],"inLanguage":"pt-BR"},{"@type":"WebPage","@id":"https:\/\/www.suno.com.br\/noticias\/dolar-cai-a-r-472-menor-nivel-do-ano\/","url":"https:\/\/www.suno.com.br\/noticias\/dolar-cai-a-r-472-menor-nivel-do-ano\/","name":"D\u00f3lar fecha na m\u00ednima do ano, com Fed e melhora de rating do Brasil","isPartOf":{"@id":"https:\/\/www.suno.com.br\/noticias\/#website"},"primaryImageOfPage":{"@id":"https:\/\/www.suno.com.br\/noticias\/dolar-cai-a-r-472-menor-nivel-do-ano\/#primaryimage"},"image":{"@id":"https:\/\/www.suno.com.br\/noticias\/dolar-cai-a-r-472-menor-nivel-do-ano\/#primaryimage"},"thumbnailUrl":"https:\/\/files.sunoresearch.com.br\/n\/uploads\/2023\/05\/dolar-100-us-eua-dinheiro.jpg","datePublished":"2023-07-26T22:27:59+00:00","dateModified":"2023-07-26T22:28:03+00:00","description":"O d\u00f3lar recuou 0,46% em rela\u00e7\u00e3o ao real nesta quarta (26), a R$ 4,7282 - nova m\u00ednima do ano e o menor n\u00edvel desde 20 de abril de 2022","breadcrumb":{"@id":"https:\/\/www.suno.com.br\/noticias\/dolar-cai-a-r-472-menor-nivel-do-ano\/#breadcrumb"},"inLanguage":"pt-BR","potentialAction":[{"@type":"ReadAction","target":["https:\/\/www.suno.com.br\/noticias\/dolar-cai-a-r-472-menor-nivel-do-ano\/"]}]},{"@type":"ImageObject","inLanguage":"pt-BR","@id":"https:\/\/www.suno.com.br\/noticias\/dolar-cai-a-r-472-menor-nivel-do-ano\/#primaryimage","url":"https:\/\/files.sunoresearch.com.br\/n\/uploads\/2023\/05\/dolar-100-us-eua-dinheiro.jpg","contentUrl":"https:\/\/files.sunoresearch.com.br\/n\/uploads\/2023\/05\/dolar-100-us-eua-dinheiro.jpg","width":1200,"height":800,"caption":"D\u00f3lar - Foto: iStock"},{"@type":"BreadcrumbList","@id":"https:\/\/www.suno.com.br\/noticias\/dolar-cai-a-r-472-menor-nivel-do-ano\/#breadcrumb","itemListElement":[{"@type":"ListItem","position":1,"name":"Not\u00edcias","item":"https:\/\/www.suno.com.br\/noticias\/"},{"@type":"ListItem","position":2,"name":"Mercado","item":"https:\/\/www.suno.com.br\/noticias\/mercado\/"},{"@type":"ListItem","position":3,"name":"D\u00f3lar fecha na m\u00ednima do ano, em dia de Fed e melhora de rating do Brasil, e pode cair mais; veja por qu\u00ea"}]},{"@type":"WebSite","@id":"https:\/\/www.suno.com.br\/noticias\/#website","url":"https:\/\/www.suno.com.br\/noticias\/","name":"Suno Not\u00edcias","description":"Seu portal de informa\u00e7\u00e3o sobre o mundo dos investimentos","publisher":{"@id":"https:\/\/www.suno.com.br\/noticias\/#organization"},"potentialAction":[{"@type":"SearchAction","target":{"@type":"EntryPoint","urlTemplate":"https:\/\/www.suno.com.br\/noticias\/?s={search_term_string}"},"query-input":{"@type":"PropertyValueSpecification","valueRequired":true,"valueName":"search_term_string"}}],"inLanguage":"pt-BR"},{"@type":"Organization","@id":"https:\/\/www.suno.com.br\/noticias\/#organization","name":"Suno Not\u00edcias","url":"https:\/\/www.suno.com.br\/noticias\/","logo":{"@type":"ImageObject","inLanguage":"pt-BR","@id":"https:\/\/www.suno.com.br\/noticias\/#\/schema\/logo\/image\/","url":"https:\/\/files.sunoresearch.com.br\/n\/uploads\/2021\/09\/suno-logo.png","contentUrl":"https:\/\/files.sunoresearch.com.br\/n\/uploads\/2021\/09\/suno-logo.png","width":180,"height":180,"caption":"Suno Not\u00edcias"},"image":{"@id":"https:\/\/www.suno.com.br\/noticias\/#\/schema\/logo\/image\/"},"sameAs":["https:\/\/facebook.com\/sunoresearch","https:\/\/x.com\/sunoresearch","https:\/\/www.instagram.com\/suno","https:\/\/www.linkedin.com\/company\/suno-research\/","https:\/\/www.youtube.com\/c\/sunoresearch"]},{"@type":"Person","@id":"https:\/\/www.suno.com.br\/noticias\/#\/schema\/person\/c1b1bd3727fa852bd045e9dbff3673ea","name":"Reda\u00e7\u00e3o Suno Not\u00edcias","image":{"@type":"ImageObject","inLanguage":"pt-BR","@id":"https:\/\/www.suno.com.br\/noticias\/#\/schema\/person\/image\/","url":"https:\/\/secure.gravatar.com\/avatar\/b8104b9b5a71985d5238ee59fbe418af?s=96&r=g","contentUrl":"https:\/\/secure.gravatar.com\/avatar\/b8104b9b5a71985d5238ee59fbe418af?s=96&r=g","caption":"Reda\u00e7\u00e3o Suno Not\u00edcias"},"description":"O Suno Not\u00edcias \u00e9 um portal de informa\u00e7\u00f5es sobre Mercado Financeiro, Pol\u00edtica, Neg\u00f3cios, Economia e Finan\u00e7as Pessoais.","sameAs":["https:\/\/www.suno.com.br\/noticias","https:\/\/www.facebook.com\/sunonoticias\/","https:\/\/www.instagram.com\/sunonoticias\/","https:\/\/x.com\/https:\/\/twitter.com\/sunoresearch","https:\/\/www.youtube.com\/sunonoticias"],"url":"https:\/\/www.suno.com.br\/noticias\/author\/redacao-suno\/"}]}},"default_loop_html":"<div class=\"cardsPage__listCard__boxs\"><div class=\"cardsPage__listCard__boxs__img\"><a href=\"https:\/\/www.suno.com.br\/noticias\/dolar-cai-a-r-472-menor-nivel-do-ano\/\"><img class=\"mask\" src=\"https:\/\/www.suno.com.br\/noticias\/wp-content\/themes\/suno\/resources\/images\/spotlight\/spotlight1img\/bg-mask.png\" alt=\"Image Mask\"\/><img src=\"https:\/\/files.sunoresearch.com.br\/n\/uploads\/2023\/05\/dolar-100-us-eua-dinheiro-400x200.jpg\" alt=\"D\u00f3lar fecha na m\u00ednima do ano, em dia de Fed e melhora de rating do Brasil, e pode cair mais; veja por qu\u00ea\"\/><\/a><span class=\"spotlightCategory\"><a href=\"https:\/\/www.suno.com.br\/noticias\/mercado\/\">Mercado<\/a><\/span><\/div><div class=\"cardsPage__listCard__boxs__content\"><a href=\"https:\/\/www.suno.com.br\/noticias\/dolar-cai-a-r-472-menor-nivel-do-ano\/\"><h2 class=\"content__title\">D\u00f3lar fecha na m\u00ednima do ano, em dia de Fed e melhora de rating do Brasil, e pode cair mais; veja por qu\u00ea<\/h2><\/a><div class=\"newsContent__article__meta\"><div class=\"newsContent__article__meta__authorBox\"><a href=\"https:\/\/www.suno.com.br\/noticias\/author\/redacao-suno\/\" class=\"authorBox__avatar noMobi\"><img src=\"https:\/\/files.sunoresearch.com.br\/n\/uploads\/2020\/08\/0ace682d-redacao-1-150x150.webp\" alt=\"Reda\u00e7\u00e3o Suno Not\u00edcias\"><\/a><div class=\"authorBox__name\"><span>por\n\t\t\t<a href=\"https:\/\/www.suno.com.br\/noticias\/author\/redacao-suno\/\"><span itemprop=\"author\">Reda\u00e7\u00e3o Suno Not\u00edcias<\/span><\/a><\/span><time datetime=\"2023-07-26T19:27:59-03:00\" itemprop=\"datePublished\">26\/07\/2023 19:27<\/time><\/div><\/div><\/div><\/div><\/div>","single_layout":"posts","amp_enabled":true,"_links":{"self":[{"href":"https:\/\/www.suno.com.br\/noticias\/wp-json\/wp\/v2\/posts\/433944"}],"collection":[{"href":"https:\/\/www.suno.com.br\/noticias\/wp-json\/wp\/v2\/posts"}],"about":[{"href":"https:\/\/www.suno.com.br\/noticias\/wp-json\/wp\/v2\/types\/post"}],"author":[{"embeddable":true,"href":"https:\/\/www.suno.com.br\/noticias\/wp-json\/wp\/v2\/users\/43"}],"replies":[{"embeddable":true,"href":"https:\/\/www.suno.com.br\/noticias\/wp-json\/wp\/v2\/comments?post=433944"}],"version-history":[{"count":2,"href":"https:\/\/www.suno.com.br\/noticias\/wp-json\/wp\/v2\/posts\/433944\/revisions"}],"predecessor-version":[{"id":434000,"href":"https:\/\/www.suno.com.br\/noticias\/wp-json\/wp\/v2\/posts\/433944\/revisions\/434000"}],"wp:featuredmedia":[{"embeddable":true,"href":"https:\/\/www.suno.com.br\/noticias\/wp-json\/wp\/v2\/media\/408461"}],"wp:attachment":[{"href":"https:\/\/www.suno.com.br\/noticias\/wp-json\/wp\/v2\/media?parent=433944"}],"wp:term":[{"taxonomy":"category","embeddable":true,"href":"https:\/\/www.suno.com.br\/noticias\/wp-json\/wp\/v2\/categories?post=433944"},{"taxonomy":"post_tag","embeddable":true,"href":"https:\/\/www.suno.com.br\/noticias\/wp-json\/wp\/v2\/tags?post=433944"},{"taxonomy":"suno_strategy","embeddable":true,"href":"https:\/\/www.suno.com.br\/noticias\/wp-json\/wp\/v2\/suno_strategy?post=433944"}],"curies":[{"name":"wp","href":"https:\/\/api.w.org\/{rel}","templated":true}]}}