{"id":433879,"date":"2023-07-26T18:49:11","date_gmt":"2023-07-26T21:49:11","guid":{"rendered":"https:\/\/www.suno.com.br\/noticias\/?p=433879"},"modified":"2023-07-26T18:49:22","modified_gmt":"2023-07-26T21:49:22","slug":"vale-vale3-resultado-2t23-deve-refletir-periodo-dificil-dizem-analistas-gpj","status":"publish","type":"post","link":"https:\/\/www.suno.com.br\/noticias\/vale-vale3-resultado-2t23-deve-refletir-periodo-dificil-dizem-analistas-gpj\/","title":{"rendered":"Vale (VALE3): resultado do 2T23 deve refletir per\u00edodo dif\u00edcil, com queda no lucro, dizem analistas"},"content":{"rendered":"<p>Previsto para ser divulgado nesta quinta-feira (27), depois do fechamento do mercado, o resultado do segundo trimestre da <a href=\"https:\/\/www.suno.com.br\/acoes\/VALE3\/\" target=\"_blank\" rel=\"noreferrer noopener\"><strong>Vale<\/strong>\u00a0(VALE3)<\/a>\u00a0deve refletir um per\u00edodo dif\u00edcil em todo o setor, pressionado por custos persistentes e menores pre\u00e7os. As incertezas quanto \u00e0 melhora na economia chinesa tamb\u00e9m deixam analistas receosos.<\/p>\t<div class=\"wrapper-featured-image\">\n\t\t<figure class=\"spotlightImg\">\n\n\t\t\t<picture>\n\t\t\t\t<source media=\"(max-width: 768px)\" srcset=\"https:\/\/files.sunoresearch.com.br\/n\/uploads\/2022\/12\/vale-vale3-400x200.jpg\">\n\t\t\t\t<img loading=\"lazy\" decoding=\"async\" class=\"newsContent__article__imgCapa lazyloadDisabled \" src=\"https:\/\/files.sunoresearch.com.br\/n\/uploads\/2022\/12\/vale-vale3-800x450.jpg\" width=\"800\" height=\"450\" alt=\"Vale (VALE3): resultado do 2T23 deve refletir per\u00edodo dif\u00edcil, com queda no lucro, dizem analistas\" fetchpriority=high \/>\n\t\t\t<\/picture>\n\n\t\t\t<figcaption class=\"wp-caption-text wp-caption-text--show\">Vale (VALE3). Foto: Divulga\u00e7\u00e3o\/Vale<\/figcaption>\n\t\t<\/figure>\n\t<\/div>\n\n\n\n\n\n\n\n\t<p>\n\t\t<a href=\"\" target=\"_blank\" data-element=\"shortcode-suno-banner\" title=\"Banner SUNO, clique e saiba mais\">\n\t\t\t<picture>\n\t\t\t\t<source media=\"(max-width: 500px)\" srcset=\"\">\n\t\t\t\t<img class=\"newsContent__article__imgCapa newsContent__article__imgCapa--banner\"\n\t\t\t\t\tsrc=\"\"\n\t\t\t\t\tdata-promo-id=\"250706\"\t\t\t\t\t\t\t\t\t\t\t\t\t\t\talt=\"\"\n\t\t\t\t>\n\t\t\t<\/picture>\n\t\t<\/a>\n\t<\/p>\n\n\n\n\n\n<p>Em relat\u00f3rio, o <strong>Goldman Sachs<\/strong> espera que os resultados operacionais do segundo semestre melhorem, impulsionados pelo crescimento sazonal cont\u00ednuo da produ\u00e7\u00e3o, al\u00e9m da <a href=\"https:\/\/www.suno.com.br\/noticias\/vale-liberacao-barragem-torto-cpf\/\" target=\"_blank\" rel=\"noreferrer noopener\">recente aprova\u00e7\u00e3o da licen\u00e7a da barragem Torto.<\/a><\/p>\n\n\n\n<p>No entanto, com os recentes rebaixamentos de pre\u00e7o do min\u00e9rio de ferro e metais b\u00e1sicos, o Goldman revisou os <strong>ganhos anuais da Vale <\/strong>para baixo em 17%, para US$ 14,8 bilh\u00f5es. Al\u00e9m disso, o real mais forte em rela\u00e7\u00e3o ao d\u00f3lar pode impactar negativamente a lucratividade da mineradora.<\/p>\n\n\n\n<p>A\u00a0<strong>Vale<\/strong>\u00a0(VALE3) reportou no <a href=\"https:\/\/www.suno.com.br\/noticias\/vale-vale3-resultado-balanco-1t23\/\">primeiro trimestre<\/a> um\u00a0<a href=\"https:\/\/www.suno.com.br\/artigos\/lucro-liquido\/\" target=\"_blank\" rel=\"noreferrer noopener\">lucro l\u00edquido<\/a>\u00a0atribu\u00edvel aos acionistas de US$ 1,837 bilh\u00e3o no primeiro trimestre deste ano (1T23), queda de 58,8% sobre igual per\u00edodo de 2022,\u00a0<a href=\"https:\/\/www.suno.com.br\/noticias\/vale-vale3-queda-lucro-liquido-1t22\/\" target=\"_blank\" rel=\"noreferrer noopener\">quando obteve US$ 4,458 bilh\u00f5es<\/a>.<\/p>\n\n\n\n<p>No segundo trimestre de 2022, a Vale apurou\u00a0<a href=\"https:\/\/www.suno.com.br\/artigos\/lucro-liquido\/\" target=\"_blank\" rel=\"noreferrer noopener\">lucro l\u00edquido<\/a>\u00a0de US$ 6,2 bilh\u00f5es no segundo trimestre de 2022. <\/p>\n\n\n\n<p>Na m\u00e9dia, relat\u00f3rios de casas de an\u00e1lise estimam queda no lucro l\u00edquido da Vale, para at\u00e9 US$ 1,87 bi &#8211; o que equivaleria um recuo de quase 70% na compara\u00e7\u00e3o anual. <\/p>\n\n\n\n<h2 class=\"wp-block-heading\">Queda no pre\u00e7o do min\u00e9rio de ferro<\/h2>\n\n\n\n<p>O Goldman afirma que, apesar da deteriora\u00e7\u00e3o da atividade na China, os pre\u00e7os do <strong>min\u00e9rio de ferro<\/strong> t\u00eam se mantido resilientes durante o segundo trimestre de 2023, sustentados pelas elevadas taxas de utiliza\u00e7\u00e3o dos altos-fornos.\u00a0<\/p>\n\n\n\n<p>No entanto, para o restante de 2023, espera que os pre\u00e7os do material caiam para US$ 90 por tonelada, \u201cdevido a um ambiente de oferta sazonalmente mais forte, mas tamb\u00e9m devido a uma demanda global de a\u00e7o cada vez mais opressora, preso entre a cont\u00ednua contra\u00e7\u00e3o imobili\u00e1ria do ciclo inicial da China e ventos contr\u00e1rios \u00e0 manufatura global\u201d, pontuou.<\/p>\n\n\n\n<p>J\u00e1 para os analistas do <strong>BTG Pactual<\/strong>, a Vale continua sendo um dos nomes preferidos para exposi\u00e7\u00e3o \u00e0 reacelera\u00e7\u00e3o da economia chinesa, enquanto o governo do pa\u00eds asi\u00e1tico se esfor\u00e7a para alcan\u00e7ar sua meta de crescimento.<\/p>\n\n\n\n<p>Segundo eles, a entrada de um acionista de refer\u00eancia como a <a href=\"https:\/\/www.suno.com.br\/acoes\/csan3\/\" target=\"_blank\" rel=\"noreferrer noopener\">Cosan (CSAN3)<\/a> no conselho da mineradora pode ser ben\u00e9fica para investidores de longo prazo. \u201cAcreditamos que a empresa pode retornar cerca de 8% a 10% de rendimentos aos acionistas na forma de dividendos e recompras\u201d, disse o banco.<\/p>\n\n\n\n<p>Para a <strong>Genial Investimentos<\/strong>, apesar de tudo indicar uma retomada sequencial no resultado do 2T23, ainda n\u00e3o ser\u00e1 um grande trimestre em termos de resultado, uma vez que a expectativa de melhora na casa de duplo d\u00edgito t\/t ocorre muito mais em raz\u00e3o do 1T23 demasiadamente fraco em vez de necessariamente indicar um bom momento que a vive hoje.\u00a0<\/p>\n\n\n\n<p>\u201cCom o 1T23 lastim\u00e1vel que a companhia enfrentou pela adversidade portu\u00e1ria reduzindo drasticamente o volume de vendas, acreditamos que o 2T23 obrigatoriamente denotar\u00e1 um crescimento substancial no EBITDA. Ainda assim, os custos ser\u00e3o um problema persistente para a Vale. Ent\u00e3o, para efeitos de margem, esperamos pouco <strong>progresso no 2T23<\/strong>\u201d, disseram.<\/p>\n\n\n\n<h2 class=\"wp-block-heading\">Vale: 2T23 deve ter resultados &#8220;pouco animadores&#8221;<\/h2>\n\n\n\n<p>Por sua vez, o <strong>Santander<\/strong> espera um segundo trimestre de resultados pouco animadores para o setor de commodities \u2013 envolvendo empresas de metais, minera\u00e7\u00e3o, papel e celulose. Para o banco, a&nbsp;<strong>Vale<\/strong> deve ser um dos poucos destaques positivos, ap\u00f3s maior volume de produ\u00e7\u00e3o e vendas.<\/p>\n\n\n\n<p>\u201cAcreditamos que a Vale ter\u00e1 melhor desempenho entre as mineradoras cobertas, com seu Ebitda no 2T23 atingindo cerca de US$ 4,0 bilh\u00f5es (alta de 13% no trimestre e queda de 27% na compara\u00e7\u00e3o anual)\u201d, diz o Santander.<\/p>\n\n\n\n<p>Por outro lado, a<strong>&nbsp;equipe do Santander&nbsp;<\/strong>acredita que o<strong>&nbsp;resultado das mineradoras&nbsp;<\/strong>seja afetado pela press\u00e3o de custos persistentes e pre\u00e7os realizados mais fracos no 2T23. \u201cNotamos que os pre\u00e7os m\u00e9dios do min\u00e9rio de ferro e cobre ca\u00edram 9% e 5%, respectivamente, no trimestre.\u201d<\/p>\n\n\n\n<p>Com isso, segundo analistas, a&nbsp;<a target=\"_blank\" href=\"https:\/\/www.suno.com.br\/acoes\/CSNA3\/\" rel=\"noreferrer noopener\">CSN (CSNA3)<\/a>&nbsp;e a&nbsp;<a target=\"_blank\" href=\"https:\/\/www.suno.com.br\/acoes\/cmin3\/\" rel=\"noreferrer noopener\">CSN Minera\u00e7\u00e3o (CMIN3)<\/a>&nbsp;devem ter os piores desempenhos.<\/p>\n\n\n\t<p>\n\t\t<a href=\"https:\/\/lp.suno.com.br\/ebook-como-analisar-uma-acao\/\" target=\"_blank\" data-element=\"shortcode-suno-banner\" title=\"Banner SUNO, clique e saiba mais\">\n\t\t\t<picture>\n\t\t\t\t<source media=\"(max-width: 500px)\" srcset=\"https:\/\/files.sunoresearch.com.br\/n\/uploads\/2023\/03\/Ebook-Acoes-Mobile.jpg\">\n\t\t\t\t<img class=\"newsContent__article__imgCapa newsContent__article__imgCapa--banner\"\n\t\t\t\t\tsrc=\"https:\/\/files.sunoresearch.com.br\/n\/uploads\/2023\/03\/Ebook-Acoes-Desktop.jpg\"\n\t\t\t\t\tdata-promo-id=\"378302\"\t\t\t\t\t\t\t\t\t\twidth='1420' height='286'\t\t\t\t\talt=\"https:\/\/files.sunoresearch.com.br\/n\/uploads\/2023\/03\/Ebook-Acoes-Desktop.jpg\"\n\t\t\t\t>\n\t\t\t<\/picture>\n\t\t<\/a>\n\t<\/p>\n\n\n\n\n\n<h2 class=\"wp-block-heading\">Vale: produ\u00e7\u00e3o de min\u00e9rio no 2T23 soma 78,74 mi de toneladas, alta de 6,3% na compara\u00e7\u00e3o anual<\/h2>\n\n\n\n<p>No segundo trimestre, a <strong>produ\u00e7\u00e3o de min\u00e9rio de ferro da Vale<\/strong> totalizou 78,743 milh\u00f5es de toneladas, alta de 6,3% na compara\u00e7\u00e3o com o mesmo per\u00edodo do ano passado e 17,9% maior do que no trimestre imediatamente anterior.&nbsp;<\/p>\n\n\n\n<p>J\u00e1 as <strong>vendas do min\u00e9rio de ferro<\/strong> foram de 63,329 milh\u00f5es de toneladas no 2T23, uma alta de 0,9% frente ao mesmo per\u00edodo de 2022 e aumento de 38,1% em rela\u00e7\u00e3o ao trimestre anterior.<\/p>\n\n\n\n<p>De acordo com o relat\u00f3rio da Vale, o aumento da produ\u00e7\u00e3o e vendas no 2T23 foi resultado da recupera\u00e7\u00e3o da produtividade do Terminal Ponta da Madeira (MA) ao longo do segundo trimestre, ap\u00f3s as restri\u00e7\u00f5es de carregamento causadas pelas fortes chuvas que impactaram embarques e vendas no primeiro trimestre.<\/p>\n\n\n\n<p>Ainda de acordo com o documento, o pre\u00e7o realizado de finos de min\u00e9rio de ferro foi de US$ 98,5 por tonelada \u2014 valor US$ 14,8 por tonelada menor a\/a, principalmente devido aos menores pre\u00e7os de refer\u00eancia (US$ 26,9\/t menor a\/a), que foram parcialmente compensados por um menor impacto dos ajustes do sistema de precifica\u00e7\u00e3o (US$ 9.1\/t maior a\/a).<\/p>\n\n\n\n<p>Al\u00e9m disso, a Vale destaca que o pre\u00e7o realizado (US$ 160,4\/t) de pelotas de min\u00e9rio de ferro foi de US$ 40,9 por tonelada menor a\/a, devido aos menores pre\u00e7os do \u00edndice 65%Fe e pr\u00eamios de pelotas.<\/p>\n\n\n\n<h2 class=\"wp-block-heading\">Produ\u00e7\u00e3o de min\u00e9rio por regi\u00e3o<\/h2>\n\n\n\n<p>Ainda segundo o documento, a produ\u00e7\u00e3o de min\u00e9rio de ferro da Vale no 2T23 foi impulsionada por uma produ\u00e7\u00e3o recorde para um segundo trimestre no S11D, seguido pelo s\u00f3lido desempenho dos complexos Itabira e Vargem Grande, melhorando a qualidade m\u00e9dia do portf\u00f3lio de produtos da Vale. \u201cA barragem Torto recebeu sua Licen\u00e7a de Opera\u00e7\u00e3o e o comissionamento est\u00e1 em andamento\u201d, disse a mineradora.<\/p>\n\n\n\n<p>A Vale detalhou tamb\u00e9m a produ\u00e7\u00e3o por sistema. Confira abaixo:<\/p>\n\n\n\n<p>Sistema Sudeste: alta de 2,2 milh\u00f5es de toneladas no comparativo anual, impulsionada principalmente pelo desempenho de Itabira como resultado da melhor qualidade do run-of-mine, que melhorou a produtividade das usinas, e maiores compras de terceiros.<\/p>\n\n\n\n<p>Sistema Sul: alta de 1,3 milh\u00f5es de toneladas no comparativo anual, devido ao melhor desempenho em Vargem Grande em fun\u00e7\u00e3o de melhorias no sistema de processamento a \u00famido e de disposi\u00e7\u00e3o de rejeitos, al\u00e9m das iniciativas de confiabilidade do ativo.<\/p>\n\n\n\n<h2 class=\"wp-block-heading\">Mais n\u00fameros da Vale no 2T23<\/h2>\n\n\n\n<p>A produ\u00e7\u00e3o de cobre da Vale no 2T23 totalizou 78,8 milh\u00f5es de toneladas, alta de 41% no comparativo anual e de 17,6% em rela\u00e7\u00e3o ao trimestre imediatamente anterior (1T23).<\/p>\n\n\n\n<p>J\u00e1 a produ\u00e7\u00e3o de n\u00edquel da Vale, que chegou a 36,9 milh\u00f5es de toneladas, subiu na base anual (7,9%), mas caiu na base trimestral (-10,0%). Apesar disso, as vendas subiram 8,0% em rela\u00e7\u00e3o ao mesmo per\u00edodo do ano passado, devido, principalmente, ao melhor desempenho operacional em Sudbury e na Indon\u00e9sia.<\/p>\n\n\n\t<p>\n\t\t<a href=\"https:\/\/lp.suno.com.br\/plataforma-de-controle-de-investimentos\/\" target=\"_blank\" data-element=\"shortcode-suno-banner\" title=\"Banner SUNO, clique e saiba mais\">\n\t\t\t<picture>\n\t\t\t\t<source media=\"(max-width: 500px)\" srcset=\"https:\/\/files.sunoresearch.com.br\/n\/uploads\/2023\/03\/400x300-Controle-de-Investimentos.png\">\n\t\t\t\t<img class=\"newsContent__article__imgCapa newsContent__article__imgCapa--banner\"\n\t\t\t\t\tsrc=\"https:\/\/files.sunoresearch.com.br\/n\/uploads\/2023\/03\/1420x240-Controle-de-Investimentos.png\"\n\t\t\t\t\tdata-promo-id=\"383162\"\t\t\t\t\t\t\t\t\t\twidth='1420' height='240'\t\t\t\t\talt=\"https:\/\/files.sunoresearch.com.br\/n\/uploads\/2023\/03\/1420x240-Controle-de-Investimentos.png\"\n\t\t\t\t>\n\t\t\t<\/picture>\n\t\t<\/a>\n\t<\/p>\n\n\n","protected":false},"excerpt":{"rendered":"<p>Previsto para ser divulgado nesta quinta-feira (27), depois do fechamento do mercado, o resultado do segundo trimestre da Vale\u00a0(VALE3)\u00a0deve refletir um per\u00edodo dif\u00edcil em todo o setor, pressionado por custos persistentes e menores pre\u00e7os. As incertezas quanto \u00e0 melhora na economia chinesa tamb\u00e9m deixam analistas receosos. Vale (VALE3). Foto: Divulga\u00e7\u00e3o\/Vale Em relat\u00f3rio, o Goldman Sachs [&hellip;]<\/p>\n","protected":false},"author":313,"featured_media":331473,"comment_status":"closed","ping_status":"closed","sticky":false,"template":"","format":"standard","meta":[],"categories":[64],"tags":[433,1388,104899,105816,676],"suno_strategy":[],"class_list":["post-433879","post","type-post","status-publish","format-standard","has-post-thumbnail","hentry","category-negocios","tag-cosan-csan3","tag-csn-csna3","tag-csn-mineracao-cmin3","tag-especialistas","tag-vale-vale3"],"yoast_head":"<!-- This site is optimized with the Yoast SEO plugin v24.4 - https:\/\/yoast.com\/wordpress\/plugins\/seo\/ -->\n<title>Vale (VALE3): balan\u00e7o do 2\u00ba tri deve refletir per\u00edodo dif\u00edcil, dizem analistas<\/title>\n<meta name=\"description\" content=\"Previsto para ser divulgado nesta quinta-feira (27), o resultado do 2\u00ba trimestre da Vale\u00a0deve refletir um per\u00edodo dif\u00edcil em todo o setor.\" \/>\n<meta name=\"robots\" content=\"index, follow, max-snippet:-1, max-image-preview:large, max-video-preview:-1\" \/>\n<link rel=\"canonical\" href=\"https:\/\/www.suno.com.br\/noticias\/vale-vale3-resultado-2t23-deve-refletir-periodo-dificil-dizem-analistas-gpj\/\" \/>\n<meta property=\"og:locale\" content=\"pt_BR\" \/>\n<meta property=\"og:type\" content=\"article\" \/>\n<meta property=\"og:title\" content=\"Vale (VALE3): balan\u00e7o do 2\u00ba tri deve refletir per\u00edodo dif\u00edcil, dizem analistas\" \/>\n<meta property=\"og:description\" content=\"Previsto para ser divulgado nesta quinta-feira (27), o resultado do 2\u00ba trimestre da Vale\u00a0deve refletir um per\u00edodo dif\u00edcil em todo o setor.\" \/>\n<meta property=\"og:url\" content=\"https:\/\/www.suno.com.br\/noticias\/vale-vale3-resultado-2t23-deve-refletir-periodo-dificil-dizem-analistas-gpj\/\" \/>\n<meta property=\"og:site_name\" content=\"Suno Not\u00edcias\" \/>\n<meta property=\"article:publisher\" content=\"https:\/\/facebook.com\/sunoresearch\" \/>\n<meta property=\"og:image\" content=\"https:\/\/files.sunoresearch.com.br\/n\/uploads\/2022\/12\/vale-vale3.jpg\" \/>\n\t<meta property=\"og:image:width\" content=\"1200\" \/>\n\t<meta property=\"og:image:height\" content=\"800\" \/>\n\t<meta property=\"og:image:type\" content=\"image\/jpeg\" \/>\n<meta name=\"author\" content=\"Giovanni Porf\u00edrio Jacomino\" \/>\n<meta name=\"twitter:card\" content=\"summary_large_image\" \/>\n<meta name=\"twitter:creator\" content=\"@sunoresearch\" \/>\n<meta name=\"twitter:site\" content=\"@sunoresearch\" \/>\n<meta name=\"twitter:label1\" content=\"Escrito por\" \/>\n\t<meta name=\"twitter:data1\" content=\"Giovanni Porf\u00edrio Jacomino\" \/>\n\t<meta name=\"twitter:label2\" content=\"Est. tempo de leitura\" \/>\n\t<meta name=\"twitter:data2\" content=\"7 minutos\" \/>\n<script type=\"application\/ld+json\" class=\"yoast-schema-graph\">{\"@context\":\"https:\/\/schema.org\",\"@graph\":[{\"@type\":\"NewsArticle\",\"@id\":\"https:\/\/www.suno.com.br\/noticias\/vale-vale3-resultado-2t23-deve-refletir-periodo-dificil-dizem-analistas-gpj\/#article\",\"isPartOf\":{\"@id\":\"https:\/\/www.suno.com.br\/noticias\/vale-vale3-resultado-2t23-deve-refletir-periodo-dificil-dizem-analistas-gpj\/\"},\"author\":{\"name\":\"Giovanni Porf\u00edrio Jacomino\",\"@id\":\"https:\/\/www.suno.com.br\/noticias\/#\/schema\/person\/d0f32748bbca4bee871fa191ee4e2d40\"},\"headline\":\"Vale (VALE3): resultado do 2T23 deve refletir per\u00edodo dif\u00edcil, com queda no lucro, dizem analistas\",\"datePublished\":\"2023-07-26T21:49:11+00:00\",\"dateModified\":\"2023-07-26T21:49:22+00:00\",\"mainEntityOfPage\":{\"@id\":\"https:\/\/www.suno.com.br\/noticias\/vale-vale3-resultado-2t23-deve-refletir-periodo-dificil-dizem-analistas-gpj\/\"},\"wordCount\":1248,\"publisher\":{\"@id\":\"https:\/\/www.suno.com.br\/noticias\/#organization\"},\"image\":{\"@id\":\"https:\/\/www.suno.com.br\/noticias\/vale-vale3-resultado-2t23-deve-refletir-periodo-dificil-dizem-analistas-gpj\/#primaryimage\"},\"thumbnailUrl\":\"https:\/\/files.sunoresearch.com.br\/n\/uploads\/2022\/12\/vale-vale3.jpg\",\"keywords\":[\"Cosan (CSAN3)\",\"CSN (CSNA3)\",\"CSN Minera\u00e7\u00e3o (CMIN3)\",\"Especialistas\",\"Vale (VALE3)\"],\"articleSection\":[\"Neg\u00f3cios\"],\"inLanguage\":\"pt-BR\"},{\"@type\":\"WebPage\",\"@id\":\"https:\/\/www.suno.com.br\/noticias\/vale-vale3-resultado-2t23-deve-refletir-periodo-dificil-dizem-analistas-gpj\/\",\"url\":\"https:\/\/www.suno.com.br\/noticias\/vale-vale3-resultado-2t23-deve-refletir-periodo-dificil-dizem-analistas-gpj\/\",\"name\":\"Vale (VALE3): balan\u00e7o do 2\u00ba tri deve refletir per\u00edodo dif\u00edcil, dizem analistas\",\"isPartOf\":{\"@id\":\"https:\/\/www.suno.com.br\/noticias\/#website\"},\"primaryImageOfPage\":{\"@id\":\"https:\/\/www.suno.com.br\/noticias\/vale-vale3-resultado-2t23-deve-refletir-periodo-dificil-dizem-analistas-gpj\/#primaryimage\"},\"image\":{\"@id\":\"https:\/\/www.suno.com.br\/noticias\/vale-vale3-resultado-2t23-deve-refletir-periodo-dificil-dizem-analistas-gpj\/#primaryimage\"},\"thumbnailUrl\":\"https:\/\/files.sunoresearch.com.br\/n\/uploads\/2022\/12\/vale-vale3.jpg\",\"datePublished\":\"2023-07-26T21:49:11+00:00\",\"dateModified\":\"2023-07-26T21:49:22+00:00\",\"description\":\"Previsto para ser divulgado nesta quinta-feira (27), o resultado do 2\u00ba trimestre da Vale\u00a0deve refletir um per\u00edodo dif\u00edcil em todo o setor.\",\"breadcrumb\":{\"@id\":\"https:\/\/www.suno.com.br\/noticias\/vale-vale3-resultado-2t23-deve-refletir-periodo-dificil-dizem-analistas-gpj\/#breadcrumb\"},\"inLanguage\":\"pt-BR\",\"potentialAction\":[{\"@type\":\"ReadAction\",\"target\":[\"https:\/\/www.suno.com.br\/noticias\/vale-vale3-resultado-2t23-deve-refletir-periodo-dificil-dizem-analistas-gpj\/\"]}]},{\"@type\":\"ImageObject\",\"inLanguage\":\"pt-BR\",\"@id\":\"https:\/\/www.suno.com.br\/noticias\/vale-vale3-resultado-2t23-deve-refletir-periodo-dificil-dizem-analistas-gpj\/#primaryimage\",\"url\":\"https:\/\/files.sunoresearch.com.br\/n\/uploads\/2022\/12\/vale-vale3.jpg\",\"contentUrl\":\"https:\/\/files.sunoresearch.com.br\/n\/uploads\/2022\/12\/vale-vale3.jpg\",\"width\":1200,\"height\":800,\"caption\":\"Vale (VALE3). Foto: Divulga\u00e7\u00e3o\/Vale\"},{\"@type\":\"BreadcrumbList\",\"@id\":\"https:\/\/www.suno.com.br\/noticias\/vale-vale3-resultado-2t23-deve-refletir-periodo-dificil-dizem-analistas-gpj\/#breadcrumb\",\"itemListElement\":[{\"@type\":\"ListItem\",\"position\":1,\"name\":\"Not\u00edcias\",\"item\":\"https:\/\/www.suno.com.br\/noticias\/\"},{\"@type\":\"ListItem\",\"position\":2,\"name\":\"Neg\u00f3cios\",\"item\":\"https:\/\/www.suno.com.br\/noticias\/negocios\/\"},{\"@type\":\"ListItem\",\"position\":3,\"name\":\"Vale (VALE3): resultado do 2T23 deve refletir per\u00edodo dif\u00edcil, com queda no lucro, dizem analistas\"}]},{\"@type\":\"WebSite\",\"@id\":\"https:\/\/www.suno.com.br\/noticias\/#website\",\"url\":\"https:\/\/www.suno.com.br\/noticias\/\",\"name\":\"Suno Not\u00edcias\",\"description\":\"Seu portal de informa\u00e7\u00e3o sobre o mundo dos investimentos\",\"publisher\":{\"@id\":\"https:\/\/www.suno.com.br\/noticias\/#organization\"},\"potentialAction\":[{\"@type\":\"SearchAction\",\"target\":{\"@type\":\"EntryPoint\",\"urlTemplate\":\"https:\/\/www.suno.com.br\/noticias\/?s={search_term_string}\"},\"query-input\":{\"@type\":\"PropertyValueSpecification\",\"valueRequired\":true,\"valueName\":\"search_term_string\"}}],\"inLanguage\":\"pt-BR\"},{\"@type\":\"Organization\",\"@id\":\"https:\/\/www.suno.com.br\/noticias\/#organization\",\"name\":\"Suno Not\u00edcias\",\"url\":\"https:\/\/www.suno.com.br\/noticias\/\",\"logo\":{\"@type\":\"ImageObject\",\"inLanguage\":\"pt-BR\",\"@id\":\"https:\/\/www.suno.com.br\/noticias\/#\/schema\/logo\/image\/\",\"url\":\"https:\/\/files.sunoresearch.com.br\/n\/uploads\/2021\/09\/suno-logo.png\",\"contentUrl\":\"https:\/\/files.sunoresearch.com.br\/n\/uploads\/2021\/09\/suno-logo.png\",\"width\":180,\"height\":180,\"caption\":\"Suno Not\u00edcias\"},\"image\":{\"@id\":\"https:\/\/www.suno.com.br\/noticias\/#\/schema\/logo\/image\/\"},\"sameAs\":[\"https:\/\/facebook.com\/sunoresearch\",\"https:\/\/x.com\/sunoresearch\",\"https:\/\/www.instagram.com\/suno\",\"https:\/\/www.linkedin.com\/company\/suno-research\/\",\"https:\/\/www.youtube.com\/c\/sunoresearch\"]},{\"@type\":\"Person\",\"@id\":\"https:\/\/www.suno.com.br\/noticias\/#\/schema\/person\/d0f32748bbca4bee871fa191ee4e2d40\",\"name\":\"Giovanni Porf\u00edrio Jacomino\",\"image\":{\"@type\":\"ImageObject\",\"inLanguage\":\"pt-BR\",\"@id\":\"https:\/\/www.suno.com.br\/noticias\/#\/schema\/person\/image\/\",\"url\":\"https:\/\/secure.gravatar.com\/avatar\/efb32e19b730a121cb7a80f41ffec01a?s=96&r=g\",\"contentUrl\":\"https:\/\/secure.gravatar.com\/avatar\/efb32e19b730a121cb7a80f41ffec01a?s=96&r=g\",\"caption\":\"Giovanni Porf\u00edrio Jacomino\"},\"description\":\"Giovanni Porf\u00edrio Jacomino \u00e9 jornalista formado pela Universidade Estadual de Londrina (UEL) e p\u00f3s-graduado em Produ\u00e7\u00e3o e Pr\u00e1ticas Jornal\u00edsticas na Contemporaneidade na Faculdade C\u00e1sper L\u00edbero (FCL). Foi editor web no Startupi e no Finsiders, atuando ainda como editor no TC Mover, portal de not\u00edcias da TradersClub, fazendo a cobertura de assuntos relacionados ao mercado financeiro interno e externo. Atualmente, \u00e9 Rep\u00f3rter do Suno Not\u00edcias.\",\"url\":\"https:\/\/www.suno.com.br\/noticias\/author\/giovanni-porfiriosuno-com-br\/\"}]}<\/script>\n<!-- \/ Yoast SEO plugin. -->","yoast_head_json":{"title":"Vale (VALE3): balan\u00e7o do 2\u00ba tri deve refletir per\u00edodo dif\u00edcil, dizem analistas","description":"Previsto para ser divulgado nesta quinta-feira (27), o resultado do 2\u00ba trimestre da Vale\u00a0deve refletir um per\u00edodo dif\u00edcil em todo o setor.","robots":{"index":"index","follow":"follow","max-snippet":"max-snippet:-1","max-image-preview":"max-image-preview:large","max-video-preview":"max-video-preview:-1"},"canonical":"https:\/\/www.suno.com.br\/noticias\/vale-vale3-resultado-2t23-deve-refletir-periodo-dificil-dizem-analistas-gpj\/","og_locale":"pt_BR","og_type":"article","og_title":"Vale (VALE3): balan\u00e7o do 2\u00ba tri deve refletir per\u00edodo dif\u00edcil, dizem analistas","og_description":"Previsto para ser divulgado nesta quinta-feira (27), o resultado do 2\u00ba trimestre da Vale\u00a0deve refletir um per\u00edodo dif\u00edcil em todo o setor.","og_url":"https:\/\/www.suno.com.br\/noticias\/vale-vale3-resultado-2t23-deve-refletir-periodo-dificil-dizem-analistas-gpj\/","og_site_name":"Suno Not\u00edcias","article_publisher":"https:\/\/facebook.com\/sunoresearch","og_image":[{"width":1200,"height":800,"url":"https:\/\/files.sunoresearch.com.br\/n\/uploads\/2022\/12\/vale-vale3.jpg","type":"image\/jpeg"}],"author":"Giovanni Porf\u00edrio Jacomino","twitter_card":"summary_large_image","twitter_creator":"@sunoresearch","twitter_site":"@sunoresearch","twitter_misc":{"Escrito por":"Giovanni Porf\u00edrio Jacomino","Est. tempo de leitura":"7 minutos"},"schema":{"@context":"https:\/\/schema.org","@graph":[{"@type":"NewsArticle","@id":"https:\/\/www.suno.com.br\/noticias\/vale-vale3-resultado-2t23-deve-refletir-periodo-dificil-dizem-analistas-gpj\/#article","isPartOf":{"@id":"https:\/\/www.suno.com.br\/noticias\/vale-vale3-resultado-2t23-deve-refletir-periodo-dificil-dizem-analistas-gpj\/"},"author":{"name":"Giovanni Porf\u00edrio Jacomino","@id":"https:\/\/www.suno.com.br\/noticias\/#\/schema\/person\/d0f32748bbca4bee871fa191ee4e2d40"},"headline":"Vale (VALE3): resultado do 2T23 deve refletir per\u00edodo dif\u00edcil, com queda no lucro, dizem analistas","datePublished":"2023-07-26T21:49:11+00:00","dateModified":"2023-07-26T21:49:22+00:00","mainEntityOfPage":{"@id":"https:\/\/www.suno.com.br\/noticias\/vale-vale3-resultado-2t23-deve-refletir-periodo-dificil-dizem-analistas-gpj\/"},"wordCount":1248,"publisher":{"@id":"https:\/\/www.suno.com.br\/noticias\/#organization"},"image":{"@id":"https:\/\/www.suno.com.br\/noticias\/vale-vale3-resultado-2t23-deve-refletir-periodo-dificil-dizem-analistas-gpj\/#primaryimage"},"thumbnailUrl":"https:\/\/files.sunoresearch.com.br\/n\/uploads\/2022\/12\/vale-vale3.jpg","keywords":["Cosan (CSAN3)","CSN (CSNA3)","CSN Minera\u00e7\u00e3o (CMIN3)","Especialistas","Vale (VALE3)"],"articleSection":["Neg\u00f3cios"],"inLanguage":"pt-BR"},{"@type":"WebPage","@id":"https:\/\/www.suno.com.br\/noticias\/vale-vale3-resultado-2t23-deve-refletir-periodo-dificil-dizem-analistas-gpj\/","url":"https:\/\/www.suno.com.br\/noticias\/vale-vale3-resultado-2t23-deve-refletir-periodo-dificil-dizem-analistas-gpj\/","name":"Vale (VALE3): balan\u00e7o do 2\u00ba tri deve refletir per\u00edodo dif\u00edcil, dizem analistas","isPartOf":{"@id":"https:\/\/www.suno.com.br\/noticias\/#website"},"primaryImageOfPage":{"@id":"https:\/\/www.suno.com.br\/noticias\/vale-vale3-resultado-2t23-deve-refletir-periodo-dificil-dizem-analistas-gpj\/#primaryimage"},"image":{"@id":"https:\/\/www.suno.com.br\/noticias\/vale-vale3-resultado-2t23-deve-refletir-periodo-dificil-dizem-analistas-gpj\/#primaryimage"},"thumbnailUrl":"https:\/\/files.sunoresearch.com.br\/n\/uploads\/2022\/12\/vale-vale3.jpg","datePublished":"2023-07-26T21:49:11+00:00","dateModified":"2023-07-26T21:49:22+00:00","description":"Previsto para ser divulgado nesta quinta-feira (27), o resultado do 2\u00ba trimestre da Vale\u00a0deve refletir um per\u00edodo dif\u00edcil em todo o setor.","breadcrumb":{"@id":"https:\/\/www.suno.com.br\/noticias\/vale-vale3-resultado-2t23-deve-refletir-periodo-dificil-dizem-analistas-gpj\/#breadcrumb"},"inLanguage":"pt-BR","potentialAction":[{"@type":"ReadAction","target":["https:\/\/www.suno.com.br\/noticias\/vale-vale3-resultado-2t23-deve-refletir-periodo-dificil-dizem-analistas-gpj\/"]}]},{"@type":"ImageObject","inLanguage":"pt-BR","@id":"https:\/\/www.suno.com.br\/noticias\/vale-vale3-resultado-2t23-deve-refletir-periodo-dificil-dizem-analistas-gpj\/#primaryimage","url":"https:\/\/files.sunoresearch.com.br\/n\/uploads\/2022\/12\/vale-vale3.jpg","contentUrl":"https:\/\/files.sunoresearch.com.br\/n\/uploads\/2022\/12\/vale-vale3.jpg","width":1200,"height":800,"caption":"Vale (VALE3). Foto: Divulga\u00e7\u00e3o\/Vale"},{"@type":"BreadcrumbList","@id":"https:\/\/www.suno.com.br\/noticias\/vale-vale3-resultado-2t23-deve-refletir-periodo-dificil-dizem-analistas-gpj\/#breadcrumb","itemListElement":[{"@type":"ListItem","position":1,"name":"Not\u00edcias","item":"https:\/\/www.suno.com.br\/noticias\/"},{"@type":"ListItem","position":2,"name":"Neg\u00f3cios","item":"https:\/\/www.suno.com.br\/noticias\/negocios\/"},{"@type":"ListItem","position":3,"name":"Vale (VALE3): resultado do 2T23 deve refletir per\u00edodo dif\u00edcil, com queda no lucro, dizem analistas"}]},{"@type":"WebSite","@id":"https:\/\/www.suno.com.br\/noticias\/#website","url":"https:\/\/www.suno.com.br\/noticias\/","name":"Suno Not\u00edcias","description":"Seu portal de informa\u00e7\u00e3o sobre o mundo dos investimentos","publisher":{"@id":"https:\/\/www.suno.com.br\/noticias\/#organization"},"potentialAction":[{"@type":"SearchAction","target":{"@type":"EntryPoint","urlTemplate":"https:\/\/www.suno.com.br\/noticias\/?s={search_term_string}"},"query-input":{"@type":"PropertyValueSpecification","valueRequired":true,"valueName":"search_term_string"}}],"inLanguage":"pt-BR"},{"@type":"Organization","@id":"https:\/\/www.suno.com.br\/noticias\/#organization","name":"Suno Not\u00edcias","url":"https:\/\/www.suno.com.br\/noticias\/","logo":{"@type":"ImageObject","inLanguage":"pt-BR","@id":"https:\/\/www.suno.com.br\/noticias\/#\/schema\/logo\/image\/","url":"https:\/\/files.sunoresearch.com.br\/n\/uploads\/2021\/09\/suno-logo.png","contentUrl":"https:\/\/files.sunoresearch.com.br\/n\/uploads\/2021\/09\/suno-logo.png","width":180,"height":180,"caption":"Suno Not\u00edcias"},"image":{"@id":"https:\/\/www.suno.com.br\/noticias\/#\/schema\/logo\/image\/"},"sameAs":["https:\/\/facebook.com\/sunoresearch","https:\/\/x.com\/sunoresearch","https:\/\/www.instagram.com\/suno","https:\/\/www.linkedin.com\/company\/suno-research\/","https:\/\/www.youtube.com\/c\/sunoresearch"]},{"@type":"Person","@id":"https:\/\/www.suno.com.br\/noticias\/#\/schema\/person\/d0f32748bbca4bee871fa191ee4e2d40","name":"Giovanni Porf\u00edrio Jacomino","image":{"@type":"ImageObject","inLanguage":"pt-BR","@id":"https:\/\/www.suno.com.br\/noticias\/#\/schema\/person\/image\/","url":"https:\/\/secure.gravatar.com\/avatar\/efb32e19b730a121cb7a80f41ffec01a?s=96&r=g","contentUrl":"https:\/\/secure.gravatar.com\/avatar\/efb32e19b730a121cb7a80f41ffec01a?s=96&r=g","caption":"Giovanni Porf\u00edrio Jacomino"},"description":"Giovanni Porf\u00edrio Jacomino \u00e9 jornalista formado pela Universidade Estadual de Londrina (UEL) e p\u00f3s-graduado em Produ\u00e7\u00e3o e Pr\u00e1ticas Jornal\u00edsticas na Contemporaneidade na Faculdade C\u00e1sper L\u00edbero (FCL). Foi editor web no Startupi e no Finsiders, atuando ainda como editor no TC Mover, portal de not\u00edcias da TradersClub, fazendo a cobertura de assuntos relacionados ao mercado financeiro interno e externo. Atualmente, \u00e9 Rep\u00f3rter do Suno Not\u00edcias.","url":"https:\/\/www.suno.com.br\/noticias\/author\/giovanni-porfiriosuno-com-br\/"}]}},"default_loop_html":"<div class=\"cardsPage__listCard__boxs\"><div class=\"cardsPage__listCard__boxs__img\"><a href=\"https:\/\/www.suno.com.br\/noticias\/vale-vale3-resultado-2t23-deve-refletir-periodo-dificil-dizem-analistas-gpj\/\"><img class=\"mask\" src=\"https:\/\/www.suno.com.br\/noticias\/wp-content\/themes\/suno\/resources\/images\/spotlight\/spotlight1img\/bg-mask.png\" alt=\"Image Mask\"\/><img src=\"https:\/\/files.sunoresearch.com.br\/n\/uploads\/2022\/12\/vale-vale3-400x200.jpg\" alt=\"Vale (VALE3): resultado do 2T23 deve refletir per\u00edodo dif\u00edcil, com queda no lucro, dizem analistas\"\/><\/a><span class=\"spotlightCategory\"><a href=\"https:\/\/www.suno.com.br\/noticias\/negocios\/\">Neg\u00f3cios<\/a><\/span><\/div><div class=\"cardsPage__listCard__boxs__content\"><a href=\"https:\/\/www.suno.com.br\/noticias\/vale-vale3-resultado-2t23-deve-refletir-periodo-dificil-dizem-analistas-gpj\/\"><h2 class=\"content__title\">Vale (VALE3): resultado do 2T23 deve refletir per\u00edodo dif\u00edcil, com queda no lucro, dizem analistas<\/h2><\/a><div class=\"newsContent__article__meta\"><div class=\"newsContent__article__meta__authorBox\"><a href=\"https:\/\/www.suno.com.br\/noticias\/author\/giovanni-porfiriosuno-com-br\/\" class=\"authorBox__avatar noMobi\"><img src=\"https:\/\/files.sunoresearch.com.br\/n\/uploads\/2024\/05\/DSCF4115-1-1-150x150.webp\" alt=\"Giovanni Porf\u00edrio Jacomino\"><\/a><div class=\"authorBox__name\"><span>por\n\t\t\t<a href=\"https:\/\/www.suno.com.br\/noticias\/author\/giovanni-porfiriosuno-com-br\/\"><span itemprop=\"author\">Giovanni Porf\u00edrio Jacomino<\/span><\/a><\/span><time datetime=\"2023-07-26T18:49:11-03:00\" itemprop=\"datePublished\">26\/07\/2023 18:49<\/time><\/div><\/div><\/div><\/div><\/div>","single_layout":"posts","amp_enabled":true,"_links":{"self":[{"href":"https:\/\/www.suno.com.br\/noticias\/wp-json\/wp\/v2\/posts\/433879"}],"collection":[{"href":"https:\/\/www.suno.com.br\/noticias\/wp-json\/wp\/v2\/posts"}],"about":[{"href":"https:\/\/www.suno.com.br\/noticias\/wp-json\/wp\/v2\/types\/post"}],"author":[{"embeddable":true,"href":"https:\/\/www.suno.com.br\/noticias\/wp-json\/wp\/v2\/users\/313"}],"replies":[{"embeddable":true,"href":"https:\/\/www.suno.com.br\/noticias\/wp-json\/wp\/v2\/comments?post=433879"}],"version-history":[{"count":2,"href":"https:\/\/www.suno.com.br\/noticias\/wp-json\/wp\/v2\/posts\/433879\/revisions"}],"predecessor-version":[{"id":433980,"href":"https:\/\/www.suno.com.br\/noticias\/wp-json\/wp\/v2\/posts\/433879\/revisions\/433980"}],"wp:featuredmedia":[{"embeddable":true,"href":"https:\/\/www.suno.com.br\/noticias\/wp-json\/wp\/v2\/media\/331473"}],"wp:attachment":[{"href":"https:\/\/www.suno.com.br\/noticias\/wp-json\/wp\/v2\/media?parent=433879"}],"wp:term":[{"taxonomy":"category","embeddable":true,"href":"https:\/\/www.suno.com.br\/noticias\/wp-json\/wp\/v2\/categories?post=433879"},{"taxonomy":"post_tag","embeddable":true,"href":"https:\/\/www.suno.com.br\/noticias\/wp-json\/wp\/v2\/tags?post=433879"},{"taxonomy":"suno_strategy","embeddable":true,"href":"https:\/\/www.suno.com.br\/noticias\/wp-json\/wp\/v2\/suno_strategy?post=433879"}],"curies":[{"name":"wp","href":"https:\/\/api.w.org\/{rel}","templated":true}]}}