{"id":433842,"date":"2023-07-26T15:16:36","date_gmt":"2023-07-26T18:16:36","guid":{"rendered":"https:\/\/www.suno.com.br\/noticias\/?p=433842"},"modified":"2023-07-26T17:15:44","modified_gmt":"2023-07-26T20:15:44","slug":"fed-fomc-sobe-juros-eua-maior-nivel-evm","status":"publish","type":"post","link":"https:\/\/www.suno.com.br\/noticias\/fed-fomc-sobe-juros-eua-maior-nivel-evm\/","title":{"rendered":"Fed sobe juros dos EUA para 5,5%, maior n\u00edvel em 22 anos"},"content":{"rendered":"<p>O <a href=\"https:\/\/www.suno.com.br\/artigos\/fomc\/\" target=\"_blank\" rel=\"noreferrer noopener\">Comit\u00ea de Pol\u00edtica Monet\u00e1ria (FOMC)<\/a> do <a href=\"https:\/\/www.federalreserve.gov\/\" target=\"_blank\" rel=\"noreferrer noopener\">Federal Reserve (<strong>Fed<\/strong>)<\/a>, o Banco Central dos Estados Unidos, tomou a decis\u00e3o de elevar os juros em sua reuni\u00e3o feita nesta quarta-feira (26).<\/p><div class=\"videoFull \">\n\t\t\t<div class=\"videoWrapper yt-lazyload center\"\n\t\t\t\tdata-width=\"960\"\n\t\t\t\tdata-height=\"540\"\n\t\t\t\tdata-id=\"12V8Q-rcwN0\"\n\t\t\t\tdata-alt=\"V\u00eddeo do YouTube - clique para reproduzir\"\n\t\t\t\tdata-logo=\"3\"\n\t\t\t\tdata-imagequality=\"maxres\">\n\t\t\t<\/div>\n\t\t<\/div><script type=\"application\/ld+json\">{\"@context\":\"https:\/\/schema.org\",\"@type\":\"VideoObject\",\"name\":\"Federal Reserve eleva fed funds em 0,25 pp e juros chegam ao maior n\u00edvel em 22 anos | Breaking News\",\"description\":\"#federalreserve #juros #fedfunds #mercadofinanceiro #investimentos #bolsadevalores #ibovespa #d\u00f3lar #breakingnews O Banco Central dos Estados Unidos, o Federal Reserve, decidiu elevar em 0,25 p. p. a taxa de juros da maior economia do mundo. Com isso, as fed funds chegaram ao maior patamar dos \u00faltimos 22 anos, refor\u00e7ando o temor de que a economia americana entre\u2026\",\"duration\":\"PT5M54S\",\"embedUrl\":\"https:\/\/www.youtube.com\/embed\/12V8Q-rcwN0\",\"regionsAllowed\":\"pt-BR\",\"interactionStatistic\":{\"@type\":\"InteractionCounter\",\"interactionType\":{\"@type\":\"WatchAction\"},\"userInteractionCount\":1034},\"thumbnailUrl\":\"https:\/\/i.ytimg.com\/vi\/12V8Q-rcwN0\/default.jpg\",\"uploadDate\":\"2023-07-26T18:18:48Z\"}<\/script>\n\n\n\n\n\t<p>\n\t\t<a href=\"https:\/\/lp.suno.com.br\/ebook-como-analisar-uma-acao\/\" target=\"_blank\" data-element=\"shortcode-suno-banner\" title=\"Banner SUNO, clique e saiba mais\">\n\t\t\t<picture>\n\t\t\t\t<source media=\"(max-width: 500px)\" srcset=\"https:\/\/files.sunoresearch.com.br\/n\/uploads\/2023\/03\/Ebook-Acoes-Mobile.jpg\">\n\t\t\t\t<img class=\"newsContent__article__imgCapa newsContent__article__imgCapa--banner\"\n\t\t\t\t\tsrc=\"https:\/\/files.sunoresearch.com.br\/n\/uploads\/2023\/03\/Ebook-Acoes-Desktop.jpg\"\n\t\t\t\t\tdata-promo-id=\"378302\"\t\t\t\t\t\t\t\t\t\twidth='1420' height='286'\t\t\t\t\talt=\"https:\/\/files.sunoresearch.com.br\/n\/uploads\/2023\/03\/Ebook-Acoes-Desktop.jpg\"\n\t\t\t\t>\n\t\t\t<\/picture>\n\t\t<\/a>\n\t<\/p>\n\n\n\n\n\n\n\n<p>O aumento foi de 0,25 ponto percentual (p.p.) na <strong>taxa de refer\u00eancia<\/strong> do Fed, indo para faixa de 5,25% a 5,5% &#8211; j\u00e1 que nos EUA os juros s\u00e3o uma banda, e n\u00e3o um n\u00famero fixo.<\/p>\n\n\n\n<p>Com isso, os <strong>juros dos Estados Unidos<\/strong> ficam em seu maior patamar dos \u00faltimos 22 anos.<\/p>\n\n\n\n<p>Em seu comunicado, a autoridade monet\u00e1ria destaca que os indicadores recentes sugerem que a atividade econ\u00f4mica vem crescendo em ritmo moderado. <\/p>\n\n\n\n\t<div data-element=\"shortcode-read-more\" class=\"readToo\">\n\t\t\t\t<span class=\"readToo__title\">Leia mais<\/span>\n\t\t\t\t<ul class=\"readToo__list\">\n\t\t\t<li><a href=\"https:\/\/www.suno.com.br\/noticias\/ibovespa-hoje-26072023-vale3-cai-cash3-dispara-jvj\/\">Ibovespa fecha em alta, aos 122 mil pontos; Vale (VALE3) e Petrobras (PETR4) caem, enquanto M\u00e9liuz (CASH3) e Copel (CPLE6) sobem<\/a><\/li><li><a href=\"https:\/\/www.suno.com.br\/noticias\/dolar-cotacao-cai-fed-fluxo-estrangeiro-gpj\/\">D\u00f3lar: fluxo estrangeiro e Fed derrubam moeda a R$ 4,7805; cota\u00e7\u00e3o tem queda na semana<\/a><\/li><li><a href=\"https:\/\/www.suno.com.br\/noticias\/divida-publica-federal-junho-2023-cpf\/\">D\u00edvida p\u00fablica federal atinge R$ 6,19 trilh\u00f5es em junho com aumento de 2,95%<\/a><\/li>\t\t<\/ul>\n\t<\/div>\n\n\n\n\n<p>&#8220;Os ganhos de empregos foram robustos nos \u00faltimos meses e a taxa de desemprego permaneceu baixa. A infla\u00e7\u00e3o continua elevada&#8221;, pontua o comit\u00ea de <strong>pol\u00edtica monet\u00e1ria<\/strong>.<\/p>\n\n\n\n<p>&#8220;Ao determinar a extens\u00e3o do endurecimento adicional da pol\u00edtica que pode ser apropriado para fazer a infla\u00e7\u00e3o a voltar 2% ao longo do tempo, o <strong>FOMC<\/strong> levar\u00e1 em conta o aperto cumulativo da <a class=\"suno-keyword\" target=\"_blank\" data-force=\"no\" data-priority=\"1\" href=\"https:\/\/www.suno.com.br\/artigos\/politica-monetaria\/\" rel=\"noopener\">pol\u00edtica monet\u00e1ria<\/a>, os atrasos com os quais a pol\u00edtica monet\u00e1ria afeta a atividade econ\u00f4mica e a infla\u00e7\u00e3o e os fatores de <a class=\"suno-keyword\" target=\"_blank\" data-force=\"no\" data-priority=\"1\" href=\"https:\/\/www.suno.com.br\/artigos\/desenvolvimento-economico\/\" rel=\"noopener\">desenvolvimento econ\u00f4mico<\/a> e financeiros&#8221;, segue.<\/p>\n\n\n\n<p>O Federal Reserve afirmou em comunicado p\u00f3s decis\u00e3o de pol\u00edtica monet\u00e1ria que vai continuar monitorando dados e que est\u00e1 preparado para ajustar a orienta\u00e7\u00e3o da pol\u00edtica monet\u00e1ria conforme apropriado caso surjam riscos que possam impedir o alcance de suas metas.<\/p>\n\n\n\n<p>&#8220;As avalia\u00e7\u00f5es do Comit\u00ea levar\u00e3o em conta uma ampla gama de informa\u00e7\u00f5es, incluindo leituras sobre as condi\u00e7\u00f5es do mercado de trabalho, press\u00f5es inflacion\u00e1rias e expectativas de infla\u00e7\u00e3o, e desenvolvimentos financeiros e internacionais&#8221;, afirmou, no comunicado da decis\u00e3o.<\/p>\n\n\n\n<p>O Comit\u00ea ainda destacou que continuar\u00e1 reduzindo suas participa\u00e7\u00f5es em t\u00edtulos do Tesouro e d\u00edvidas de ag\u00eancias e t\u00edtulos lastreados em hipotecas de ag\u00eancias, conforme descrito em seus planos anunciados anteriormente.<\/p>\n\n\n\n<p>Segundo Anna Wong, da Bloomberg Economics, o <strong>aumento de juros<\/strong> nesse patamar era relativamente esperado, e a falta de mudan\u00e7as na declara\u00e7\u00e3o de pol\u00edtica monet\u00e1ria &#8220;diz muito&#8221;, e sugere que o Fomc n\u00e3o alterou suas perspectivas desde a \u00faltima reuni\u00e3o, em junho.<\/p>\n\n\n\t<p>\n\t\t<a href=\"https:\/\/lp.suno.com.br\/ebook-gratuito-investindo-no-exterior\/\" target=\"_blank\" data-element=\"shortcode-suno-banner\" title=\"Banner SUNO, clique e saiba mais\">\n\t\t\t<picture>\n\t\t\t\t<source media=\"(max-width: 500px)\" srcset=\"https:\/\/files.sunoresearch.com.br\/n\/uploads\/2023\/03\/400x300-Investindo-no-exterior.png\">\n\t\t\t\t<img class=\"newsContent__article__imgCapa newsContent__article__imgCapa--banner\"\n\t\t\t\t\tsrc=\"https:\/\/files.sunoresearch.com.br\/n\/uploads\/2023\/03\/1420x240-Investindo-no-exterior.png\"\n\t\t\t\t\tdata-promo-id=\"383161\"\t\t\t\t\t\t\t\t\t\twidth='1420' height='240'\t\t\t\t\talt=\"https:\/\/files.sunoresearch.com.br\/n\/uploads\/2023\/03\/1420x240-Investindo-no-exterior.png\"\n\t\t\t\t>\n\t\t\t<\/picture>\n\t\t<\/a>\n\t<\/p>\n\n\n\n\n\n<h2 class=\"wp-block-heading\">Powell: N\u00facleo de infla\u00e7\u00e3o segue elevado nos EUA e juros ter\u00e3o que seguir restritivos<\/h2>\n\n\n\n<p>O presidente do Federal Reserve (Fed), Jerome Powell, argumentou nesta quarta-feira, 26, que o n\u00facleo de infla\u00e7\u00e3o ainda est\u00e1 &#8220;bastante elevado&#8221; nos Estados Unidos, o que justifica uma pol\u00edtica monet\u00e1ria em n\u00edvel restritivo &#8220;por algum tempo&#8221;. Segundo ele, os pre\u00e7os moderaram desde meados do ano passado, mas ainda precisam percorrer um caminho longo para retornar \u00e0 meta de 2%.<\/p>\n\n\n\n<p>Em coletiva de imprensa ap\u00f3s decis\u00e3o de aumentar juros em 25 pontos-base, Powell admitiu que &#8220;h\u00e1 riscos&#8221; para os dois lados do processo &#8211; tanto para o de fornecer um aperto insuficiente quanto para apertar de maneira exagerada.<\/p>\n\n\n\n<p>O dirigente comentou que os indicadores econ\u00f4micos desde a \u00faltima reuni\u00e3o, em junho, vieram conforme esperado. Segundo ele, a for\u00e7a da economia americana \u00e9 positiva, mas tamb\u00e9m pode levar a mais infla\u00e7\u00e3o, o que traria novas a\u00e7\u00f5es do Fed.<\/p>\n\n\n\n<p><b>Pr\u00f3ximas reuni\u00f5es<\/b><\/p>\n\n\n\n<p>O presidente do Federal Reserve (Fed), Jerome Powell, disse que o banco central americano ainda n\u00e3o tomou uma decis\u00e3o sobre a pr\u00f3xima reuni\u00e3o de pol\u00edtica monet\u00e1ria e seguir\u00e1 monitorando os dados para definir a trajet\u00f3ria de juros.<\/p>\n\n\n\n<p>Em coletiva de imprensa ap\u00f3s an\u00fancio de aumento de juros, Powell n\u00e3o descartou uma poss\u00edvel nova eleva\u00e7\u00e3o da taxa b\u00e1sica em setembro, mas tamb\u00e9m n\u00e3o descartou mant\u00ea-la. Ele destacou que as decis\u00f5es ser\u00e3o tomadas a cada encontro do Comit\u00ea Federal de Mercado Aberto (FOMC) e evitou estabelecer um &#8220;forward guidance&#8221; mais expl\u00edcito. Para ele, a pol\u00edtica monet\u00e1ria j\u00e1 est\u00e1 &#8220;restritiva&#8221;.<\/p>\n\n\n\n<p>O banqueiro central admitiu que o \u00edndice de pre\u00e7os ao consumidor (CPI) de junho veio &#8220;melhor do que o esperado&#8221;, com desacelera\u00e7\u00e3o \u00e0 taxa anual de 3,0%. No entanto, ponderou que apenas um dado n\u00e3o \u00e9 suficiente para estabelecer uma tend\u00eancia.<\/p>\n\n\n\n<h2 class=\"wp-block-heading\">Impacto da decis\u00e3o do Fed nos pre\u00e7os dos ativos<\/h2>\n\n\n\n<p>Antes da <strong>decis\u00e3o de juros do Fed<\/strong>, as bolsas internacionais operavam sem sinal \u00fanico, com leve alta no Dow Jones ante uma leve queda na Nasdaq e no S&amp;P 500.<\/p>\n\n\n\n<p>No Brasil, o Ibovespa mantinha a cautela, caindo 0,25%, ante uma queda no d\u00f3lar ante o Real.<\/p>\n\n\n\n<p>Poucos minutos ap\u00f3s a decis\u00e3o do <strong>Fed<\/strong>, \u00e0s 15h30, o Ibovespa operava em queda de 0,12% a 121.865 pontos, ao passo que os contratos futuros do d\u00f3lar, com vencimento para agosto, mostram queda de 0,39%. Em Wall Street, queda de 0,21% no S&amp;P 500 e alta de 0,13% no Dow Jones.<\/p>\n\n\n\n<p><em>Com Estad\u00e3o Conte\u00fado<\/em><\/p>\n\n\n\t<p>\n\t\t<a href=\"https:\/\/lp.suno.com.br\/planilha-da-vida-financeira\/\" target=\"_blank\" data-element=\"shortcode-suno-banner\" title=\"Banner SUNO, clique e saiba mais\">\n\t\t\t<picture>\n\t\t\t\t<source media=\"(max-width: 500px)\" srcset=\"https:\/\/files.sunoresearch.com.br\/n\/uploads\/2023\/04\/400x300-Planilha-vida-financeira-true.png\">\n\t\t\t\t<img class=\"newsContent__article__imgCapa newsContent__article__imgCapa--banner\"\n\t\t\t\t\tsrc=\"https:\/\/files.sunoresearch.com.br\/n\/uploads\/2023\/04\/1420x240-Planilha-vida-financeira-true.png\"\n\t\t\t\t\tdata-promo-id=\"383123\"\t\t\t\t\t\t\t\t\t\twidth='1420' height='240'\t\t\t\t\talt=\"https:\/\/files.sunoresearch.com.br\/n\/uploads\/2023\/04\/1420x240-Planilha-vida-financeira-true.png\"\n\t\t\t\t>\n\t\t\t<\/picture>\n\t\t<\/a>\n\t<\/p>\n\n\n","protected":false},"excerpt":{"rendered":"<p>O Comit\u00ea de Pol\u00edtica Monet\u00e1ria (FOMC) do Federal Reserve (Fed), o Banco Central dos Estados Unidos, tomou a decis\u00e3o de elevar os juros em sua reuni\u00e3o feita nesta quarta-feira (26). O aumento foi de 0,25 ponto percentual (p.p.) na taxa de refer\u00eancia do Fed, indo para faixa de 5,25% a 5,5% &#8211; j\u00e1 que nos [&hellip;]<\/p>\n","protected":false},"author":73,"featured_media":334513,"comment_status":"closed","ping_status":"closed","sticky":false,"template":"","format":"standard","meta":[],"categories":[63],"tags":[105816,776,2177,1752],"suno_strategy":[],"class_list":["post-433842","post","type-post","status-publish","format-standard","has-post-thumbnail","hentry","category-internacional","tag-especialistas","tag-federal-reseve-fed","tag-fomc","tag-taxa-de-juros"],"yoast_head":"<!-- This site is optimized with the Yoast SEO plugin v24.4 - https:\/\/yoast.com\/wordpress\/plugins\/seo\/ -->\n<title>Fed sobe juros dos EUA para 5,5%, maior n\u00edvel em 22 anos<\/title>\n<meta name=\"description\" content=\"O aumento foi de 0,25 ponto percentual (p.p.) na taxa de refer\u00eancia do Fed, indo para faixa de 5,25% a 5,5%\" \/>\n<meta name=\"robots\" content=\"index, follow, max-snippet:-1, max-image-preview:large, max-video-preview:-1\" \/>\n<link rel=\"canonical\" href=\"https:\/\/www.suno.com.br\/noticias\/fed-fomc-sobe-juros-eua-maior-nivel-evm\/\" \/>\n<meta property=\"og:locale\" content=\"pt_BR\" \/>\n<meta property=\"og:type\" content=\"article\" \/>\n<meta property=\"og:title\" content=\"Fed sobe juros dos EUA para 5,5%, maior n\u00edvel em 22 anos\" \/>\n<meta property=\"og:description\" content=\"O aumento foi de 0,25 ponto percentual (p.p.) na taxa de refer\u00eancia do Fed, indo para faixa de 5,25% a 5,5%\" \/>\n<meta property=\"og:url\" content=\"https:\/\/www.suno.com.br\/noticias\/fed-fomc-sobe-juros-eua-maior-nivel-evm\/\" \/>\n<meta property=\"og:site_name\" content=\"Suno Not\u00edcias\" \/>\n<meta property=\"article:publisher\" content=\"https:\/\/facebook.com\/sunoresearch\" \/>\n<meta property=\"og:image\" content=\"https:\/\/files.sunoresearch.com.br\/n\/uploads\/2022\/12\/jerome-powell-presidente-federal-reserve-fed-foto-youtube.jpg\" \/>\n\t<meta property=\"og:image:width\" content=\"1200\" \/>\n\t<meta property=\"og:image:height\" content=\"675\" \/>\n\t<meta property=\"og:image:type\" content=\"image\/jpeg\" \/>\n<meta name=\"author\" content=\"Eduardo Vargas\" \/>\n<meta name=\"twitter:card\" content=\"summary_large_image\" \/>\n<meta name=\"twitter:creator\" content=\"@sunoresearch\" \/>\n<meta name=\"twitter:site\" content=\"@sunoresearch\" \/>\n<meta name=\"twitter:label1\" content=\"Escrito por\" \/>\n\t<meta name=\"twitter:data1\" content=\"Eduardo Vargas\" \/>\n\t<meta name=\"twitter:label2\" content=\"Est. tempo de leitura\" \/>\n\t<meta name=\"twitter:data2\" content=\"5 minutos\" \/>\n<script type=\"application\/ld+json\" class=\"yoast-schema-graph\">{\"@context\":\"https:\/\/schema.org\",\"@graph\":[{\"@type\":\"NewsArticle\",\"@id\":\"https:\/\/www.suno.com.br\/noticias\/fed-fomc-sobe-juros-eua-maior-nivel-evm\/#article\",\"isPartOf\":{\"@id\":\"https:\/\/www.suno.com.br\/noticias\/fed-fomc-sobe-juros-eua-maior-nivel-evm\/\"},\"author\":{\"name\":\"Eduardo Vargas\",\"@id\":\"https:\/\/www.suno.com.br\/noticias\/#\/schema\/person\/7f4d362bf3518e76090143ae77bb49a5\"},\"headline\":\"Fed sobe juros dos EUA para 5,5%, maior n\u00edvel em 22 anos\",\"datePublished\":\"2023-07-26T18:16:36+00:00\",\"dateModified\":\"2023-07-26T20:15:44+00:00\",\"mainEntityOfPage\":{\"@id\":\"https:\/\/www.suno.com.br\/noticias\/fed-fomc-sobe-juros-eua-maior-nivel-evm\/\"},\"wordCount\":844,\"publisher\":{\"@id\":\"https:\/\/www.suno.com.br\/noticias\/#organization\"},\"image\":{\"@id\":\"https:\/\/www.suno.com.br\/noticias\/fed-fomc-sobe-juros-eua-maior-nivel-evm\/#primaryimage\"},\"thumbnailUrl\":\"https:\/\/files.sunoresearch.com.br\/n\/uploads\/2022\/12\/jerome-powell-presidente-federal-reserve-fed-foto-youtube.jpg\",\"keywords\":[\"Especialistas\",\"Federal Reserve (FED)\",\"Fomc\",\"taxa de juros\"],\"articleSection\":[\"Internacional\"],\"inLanguage\":\"pt-BR\"},{\"@type\":\"WebPage\",\"@id\":\"https:\/\/www.suno.com.br\/noticias\/fed-fomc-sobe-juros-eua-maior-nivel-evm\/\",\"url\":\"https:\/\/www.suno.com.br\/noticias\/fed-fomc-sobe-juros-eua-maior-nivel-evm\/\",\"name\":\"Fed sobe juros dos EUA para 5,5%, maior n\u00edvel em 22 anos\",\"isPartOf\":{\"@id\":\"https:\/\/www.suno.com.br\/noticias\/#website\"},\"primaryImageOfPage\":{\"@id\":\"https:\/\/www.suno.com.br\/noticias\/fed-fomc-sobe-juros-eua-maior-nivel-evm\/#primaryimage\"},\"image\":{\"@id\":\"https:\/\/www.suno.com.br\/noticias\/fed-fomc-sobe-juros-eua-maior-nivel-evm\/#primaryimage\"},\"thumbnailUrl\":\"https:\/\/files.sunoresearch.com.br\/n\/uploads\/2022\/12\/jerome-powell-presidente-federal-reserve-fed-foto-youtube.jpg\",\"datePublished\":\"2023-07-26T18:16:36+00:00\",\"dateModified\":\"2023-07-26T20:15:44+00:00\",\"description\":\"O aumento foi de 0,25 ponto percentual (p.p.) na taxa de refer\u00eancia do Fed, indo para faixa de 5,25% a 5,5%\",\"breadcrumb\":{\"@id\":\"https:\/\/www.suno.com.br\/noticias\/fed-fomc-sobe-juros-eua-maior-nivel-evm\/#breadcrumb\"},\"inLanguage\":\"pt-BR\",\"potentialAction\":[{\"@type\":\"ReadAction\",\"target\":[\"https:\/\/www.suno.com.br\/noticias\/fed-fomc-sobe-juros-eua-maior-nivel-evm\/\"]}]},{\"@type\":\"ImageObject\",\"inLanguage\":\"pt-BR\",\"@id\":\"https:\/\/www.suno.com.br\/noticias\/fed-fomc-sobe-juros-eua-maior-nivel-evm\/#primaryimage\",\"url\":\"https:\/\/files.sunoresearch.com.br\/n\/uploads\/2022\/12\/jerome-powell-presidente-federal-reserve-fed-foto-youtube.jpg\",\"contentUrl\":\"https:\/\/files.sunoresearch.com.br\/n\/uploads\/2022\/12\/jerome-powell-presidente-federal-reserve-fed-foto-youtube.jpg\",\"width\":1200,\"height\":675,\"caption\":\"EUA: por que a era das taxas de juros historicamente baixas pode ter acabado? Foto: YouTube\"},{\"@type\":\"BreadcrumbList\",\"@id\":\"https:\/\/www.suno.com.br\/noticias\/fed-fomc-sobe-juros-eua-maior-nivel-evm\/#breadcrumb\",\"itemListElement\":[{\"@type\":\"ListItem\",\"position\":1,\"name\":\"Not\u00edcias\",\"item\":\"https:\/\/www.suno.com.br\/noticias\/\"},{\"@type\":\"ListItem\",\"position\":2,\"name\":\"Internacional\",\"item\":\"https:\/\/www.suno.com.br\/noticias\/internacional\/\"},{\"@type\":\"ListItem\",\"position\":3,\"name\":\"Fed sobe juros dos EUA para 5,5%, maior n\u00edvel em 22 anos\"}]},{\"@type\":\"WebSite\",\"@id\":\"https:\/\/www.suno.com.br\/noticias\/#website\",\"url\":\"https:\/\/www.suno.com.br\/noticias\/\",\"name\":\"Suno Not\u00edcias\",\"description\":\"Seu portal de informa\u00e7\u00e3o sobre o mundo dos investimentos\",\"publisher\":{\"@id\":\"https:\/\/www.suno.com.br\/noticias\/#organization\"},\"potentialAction\":[{\"@type\":\"SearchAction\",\"target\":{\"@type\":\"EntryPoint\",\"urlTemplate\":\"https:\/\/www.suno.com.br\/noticias\/?s={search_term_string}\"},\"query-input\":{\"@type\":\"PropertyValueSpecification\",\"valueRequired\":true,\"valueName\":\"search_term_string\"}}],\"inLanguage\":\"pt-BR\"},{\"@type\":\"Organization\",\"@id\":\"https:\/\/www.suno.com.br\/noticias\/#organization\",\"name\":\"Suno Not\u00edcias\",\"url\":\"https:\/\/www.suno.com.br\/noticias\/\",\"logo\":{\"@type\":\"ImageObject\",\"inLanguage\":\"pt-BR\",\"@id\":\"https:\/\/www.suno.com.br\/noticias\/#\/schema\/logo\/image\/\",\"url\":\"https:\/\/files.sunoresearch.com.br\/n\/uploads\/2021\/09\/suno-logo.png\",\"contentUrl\":\"https:\/\/files.sunoresearch.com.br\/n\/uploads\/2021\/09\/suno-logo.png\",\"width\":180,\"height\":180,\"caption\":\"Suno Not\u00edcias\"},\"image\":{\"@id\":\"https:\/\/www.suno.com.br\/noticias\/#\/schema\/logo\/image\/\"},\"sameAs\":[\"https:\/\/facebook.com\/sunoresearch\",\"https:\/\/x.com\/sunoresearch\",\"https:\/\/www.instagram.com\/suno\",\"https:\/\/www.linkedin.com\/company\/suno-research\/\",\"https:\/\/www.youtube.com\/c\/sunoresearch\"]},{\"@type\":\"Person\",\"@id\":\"https:\/\/www.suno.com.br\/noticias\/#\/schema\/person\/7f4d362bf3518e76090143ae77bb49a5\",\"name\":\"Eduardo Vargas\",\"image\":{\"@type\":\"ImageObject\",\"inLanguage\":\"pt-BR\",\"@id\":\"https:\/\/www.suno.com.br\/noticias\/#\/schema\/person\/image\/\",\"url\":\"https:\/\/secure.gravatar.com\/avatar\/dac340933427a22924c9f99d1eb2e3f2?s=96&r=g\",\"contentUrl\":\"https:\/\/secure.gravatar.com\/avatar\/dac340933427a22924c9f99d1eb2e3f2?s=96&r=g\",\"caption\":\"Eduardo Vargas\"},\"description\":\"Jornalista formado pela UFSC, cobre macroeconomia, neg\u00f3cios e startups para o Suno Not\u00edcias, escrevendo principalmente not\u00edcias sobre o mercado financeiro e a bolsa de valores. No YouTube e no Instagram, \u00e9 respons\u00e1vel pela produ\u00e7\u00e3o de Reels e Shorts do Suno Not\u00edcias. Anteriormente, trabalhou cobrindo economia e cotidiano no ND+ e para o ND, maior jornal impresso de Santa Catarina. Cursou um semestre letivo de Estudos de M\u00eddia na Universidad de Buenos Aires.\",\"url\":\"https:\/\/www.suno.com.br\/noticias\/author\/eduardo-vargas\/\"}]}<\/script>\n<!-- \/ Yoast SEO plugin. -->","yoast_head_json":{"title":"Fed sobe juros dos EUA para 5,5%, maior n\u00edvel em 22 anos","description":"O aumento foi de 0,25 ponto percentual (p.p.) na taxa de refer\u00eancia do Fed, indo para faixa de 5,25% a 5,5%","robots":{"index":"index","follow":"follow","max-snippet":"max-snippet:-1","max-image-preview":"max-image-preview:large","max-video-preview":"max-video-preview:-1"},"canonical":"https:\/\/www.suno.com.br\/noticias\/fed-fomc-sobe-juros-eua-maior-nivel-evm\/","og_locale":"pt_BR","og_type":"article","og_title":"Fed sobe juros dos EUA para 5,5%, maior n\u00edvel em 22 anos","og_description":"O aumento foi de 0,25 ponto percentual (p.p.) na taxa de refer\u00eancia do Fed, indo para faixa de 5,25% a 5,5%","og_url":"https:\/\/www.suno.com.br\/noticias\/fed-fomc-sobe-juros-eua-maior-nivel-evm\/","og_site_name":"Suno Not\u00edcias","article_publisher":"https:\/\/facebook.com\/sunoresearch","og_image":[{"width":1200,"height":675,"url":"https:\/\/files.sunoresearch.com.br\/n\/uploads\/2022\/12\/jerome-powell-presidente-federal-reserve-fed-foto-youtube.jpg","type":"image\/jpeg"}],"author":"Eduardo Vargas","twitter_card":"summary_large_image","twitter_creator":"@sunoresearch","twitter_site":"@sunoresearch","twitter_misc":{"Escrito por":"Eduardo Vargas","Est. tempo de leitura":"5 minutos"},"schema":{"@context":"https:\/\/schema.org","@graph":[{"@type":"NewsArticle","@id":"https:\/\/www.suno.com.br\/noticias\/fed-fomc-sobe-juros-eua-maior-nivel-evm\/#article","isPartOf":{"@id":"https:\/\/www.suno.com.br\/noticias\/fed-fomc-sobe-juros-eua-maior-nivel-evm\/"},"author":{"name":"Eduardo Vargas","@id":"https:\/\/www.suno.com.br\/noticias\/#\/schema\/person\/7f4d362bf3518e76090143ae77bb49a5"},"headline":"Fed sobe juros dos EUA para 5,5%, maior n\u00edvel em 22 anos","datePublished":"2023-07-26T18:16:36+00:00","dateModified":"2023-07-26T20:15:44+00:00","mainEntityOfPage":{"@id":"https:\/\/www.suno.com.br\/noticias\/fed-fomc-sobe-juros-eua-maior-nivel-evm\/"},"wordCount":844,"publisher":{"@id":"https:\/\/www.suno.com.br\/noticias\/#organization"},"image":{"@id":"https:\/\/www.suno.com.br\/noticias\/fed-fomc-sobe-juros-eua-maior-nivel-evm\/#primaryimage"},"thumbnailUrl":"https:\/\/files.sunoresearch.com.br\/n\/uploads\/2022\/12\/jerome-powell-presidente-federal-reserve-fed-foto-youtube.jpg","keywords":["Especialistas","Federal Reserve (FED)","Fomc","taxa de juros"],"articleSection":["Internacional"],"inLanguage":"pt-BR"},{"@type":"WebPage","@id":"https:\/\/www.suno.com.br\/noticias\/fed-fomc-sobe-juros-eua-maior-nivel-evm\/","url":"https:\/\/www.suno.com.br\/noticias\/fed-fomc-sobe-juros-eua-maior-nivel-evm\/","name":"Fed sobe juros dos EUA para 5,5%, maior n\u00edvel em 22 anos","isPartOf":{"@id":"https:\/\/www.suno.com.br\/noticias\/#website"},"primaryImageOfPage":{"@id":"https:\/\/www.suno.com.br\/noticias\/fed-fomc-sobe-juros-eua-maior-nivel-evm\/#primaryimage"},"image":{"@id":"https:\/\/www.suno.com.br\/noticias\/fed-fomc-sobe-juros-eua-maior-nivel-evm\/#primaryimage"},"thumbnailUrl":"https:\/\/files.sunoresearch.com.br\/n\/uploads\/2022\/12\/jerome-powell-presidente-federal-reserve-fed-foto-youtube.jpg","datePublished":"2023-07-26T18:16:36+00:00","dateModified":"2023-07-26T20:15:44+00:00","description":"O aumento foi de 0,25 ponto percentual (p.p.) na taxa de refer\u00eancia do Fed, indo para faixa de 5,25% a 5,5%","breadcrumb":{"@id":"https:\/\/www.suno.com.br\/noticias\/fed-fomc-sobe-juros-eua-maior-nivel-evm\/#breadcrumb"},"inLanguage":"pt-BR","potentialAction":[{"@type":"ReadAction","target":["https:\/\/www.suno.com.br\/noticias\/fed-fomc-sobe-juros-eua-maior-nivel-evm\/"]}]},{"@type":"ImageObject","inLanguage":"pt-BR","@id":"https:\/\/www.suno.com.br\/noticias\/fed-fomc-sobe-juros-eua-maior-nivel-evm\/#primaryimage","url":"https:\/\/files.sunoresearch.com.br\/n\/uploads\/2022\/12\/jerome-powell-presidente-federal-reserve-fed-foto-youtube.jpg","contentUrl":"https:\/\/files.sunoresearch.com.br\/n\/uploads\/2022\/12\/jerome-powell-presidente-federal-reserve-fed-foto-youtube.jpg","width":1200,"height":675,"caption":"EUA: por que a era das taxas de juros historicamente baixas pode ter acabado? Foto: YouTube"},{"@type":"BreadcrumbList","@id":"https:\/\/www.suno.com.br\/noticias\/fed-fomc-sobe-juros-eua-maior-nivel-evm\/#breadcrumb","itemListElement":[{"@type":"ListItem","position":1,"name":"Not\u00edcias","item":"https:\/\/www.suno.com.br\/noticias\/"},{"@type":"ListItem","position":2,"name":"Internacional","item":"https:\/\/www.suno.com.br\/noticias\/internacional\/"},{"@type":"ListItem","position":3,"name":"Fed sobe juros dos EUA para 5,5%, maior n\u00edvel em 22 anos"}]},{"@type":"WebSite","@id":"https:\/\/www.suno.com.br\/noticias\/#website","url":"https:\/\/www.suno.com.br\/noticias\/","name":"Suno Not\u00edcias","description":"Seu portal de informa\u00e7\u00e3o sobre o mundo dos investimentos","publisher":{"@id":"https:\/\/www.suno.com.br\/noticias\/#organization"},"potentialAction":[{"@type":"SearchAction","target":{"@type":"EntryPoint","urlTemplate":"https:\/\/www.suno.com.br\/noticias\/?s={search_term_string}"},"query-input":{"@type":"PropertyValueSpecification","valueRequired":true,"valueName":"search_term_string"}}],"inLanguage":"pt-BR"},{"@type":"Organization","@id":"https:\/\/www.suno.com.br\/noticias\/#organization","name":"Suno Not\u00edcias","url":"https:\/\/www.suno.com.br\/noticias\/","logo":{"@type":"ImageObject","inLanguage":"pt-BR","@id":"https:\/\/www.suno.com.br\/noticias\/#\/schema\/logo\/image\/","url":"https:\/\/files.sunoresearch.com.br\/n\/uploads\/2021\/09\/suno-logo.png","contentUrl":"https:\/\/files.sunoresearch.com.br\/n\/uploads\/2021\/09\/suno-logo.png","width":180,"height":180,"caption":"Suno Not\u00edcias"},"image":{"@id":"https:\/\/www.suno.com.br\/noticias\/#\/schema\/logo\/image\/"},"sameAs":["https:\/\/facebook.com\/sunoresearch","https:\/\/x.com\/sunoresearch","https:\/\/www.instagram.com\/suno","https:\/\/www.linkedin.com\/company\/suno-research\/","https:\/\/www.youtube.com\/c\/sunoresearch"]},{"@type":"Person","@id":"https:\/\/www.suno.com.br\/noticias\/#\/schema\/person\/7f4d362bf3518e76090143ae77bb49a5","name":"Eduardo Vargas","image":{"@type":"ImageObject","inLanguage":"pt-BR","@id":"https:\/\/www.suno.com.br\/noticias\/#\/schema\/person\/image\/","url":"https:\/\/secure.gravatar.com\/avatar\/dac340933427a22924c9f99d1eb2e3f2?s=96&r=g","contentUrl":"https:\/\/secure.gravatar.com\/avatar\/dac340933427a22924c9f99d1eb2e3f2?s=96&r=g","caption":"Eduardo Vargas"},"description":"Jornalista formado pela UFSC, cobre macroeconomia, neg\u00f3cios e startups para o Suno Not\u00edcias, escrevendo principalmente not\u00edcias sobre o mercado financeiro e a bolsa de valores. No YouTube e no Instagram, \u00e9 respons\u00e1vel pela produ\u00e7\u00e3o de Reels e Shorts do Suno Not\u00edcias. Anteriormente, trabalhou cobrindo economia e cotidiano no ND+ e para o ND, maior jornal impresso de Santa Catarina. Cursou um semestre letivo de Estudos de M\u00eddia na Universidad de Buenos Aires.","url":"https:\/\/www.suno.com.br\/noticias\/author\/eduardo-vargas\/"}]}},"default_loop_html":"<div class=\"cardsPage__listCard__boxs\"><div class=\"cardsPage__listCard__boxs__img\"><a href=\"https:\/\/www.suno.com.br\/noticias\/fed-fomc-sobe-juros-eua-maior-nivel-evm\/\"><img class=\"mask\" src=\"https:\/\/www.suno.com.br\/noticias\/wp-content\/themes\/suno\/resources\/images\/spotlight\/spotlight1img\/bg-mask.png\" alt=\"Image Mask\"\/><img src=\"https:\/\/files.sunoresearch.com.br\/n\/uploads\/2022\/12\/jerome-powell-presidente-federal-reserve-fed-foto-youtube-400x200.jpg\" alt=\"Fed sobe juros dos EUA para 5,5%, maior n\u00edvel em 22 anos\"\/><\/a><span class=\"spotlightCategory\"><a href=\"https:\/\/www.suno.com.br\/noticias\/internacional\/\">Internacional<\/a><\/span><\/div><div class=\"cardsPage__listCard__boxs__content\"><a href=\"https:\/\/www.suno.com.br\/noticias\/fed-fomc-sobe-juros-eua-maior-nivel-evm\/\"><h2 class=\"content__title\">Fed sobe juros dos EUA para 5,5%, maior n\u00edvel em 22 anos<\/h2><\/a><div class=\"newsContent__article__meta\"><div class=\"newsContent__article__meta__authorBox\"><a href=\"https:\/\/www.suno.com.br\/noticias\/author\/camila-figueiredosuno-com-br\/\" class=\"authorBox__avatar noMobi\"><img src=\"https:\/\/files.sunoresearch.com.br\/n\/uploads\/2024\/05\/camila-paim-square-150x150.jpg\" alt=\"Camila Paim\"><\/a><div class=\"authorBox__name\"><span>por\n\t\t\t<a href=\"https:\/\/www.suno.com.br\/noticias\/author\/camila-figueiredosuno-com-br\/\"><span itemprop=\"author\">Camila Paim<\/span><\/a><\/span><time datetime=\"2023-07-26T15:16:36-03:00\" itemprop=\"datePublished\">26\/07\/2023 15:16<\/time><\/div><\/div><\/div><\/div><\/div>","single_layout":"posts","amp_enabled":true,"_links":{"self":[{"href":"https:\/\/www.suno.com.br\/noticias\/wp-json\/wp\/v2\/posts\/433842"}],"collection":[{"href":"https:\/\/www.suno.com.br\/noticias\/wp-json\/wp\/v2\/posts"}],"about":[{"href":"https:\/\/www.suno.com.br\/noticias\/wp-json\/wp\/v2\/types\/post"}],"author":[{"embeddable":true,"href":"https:\/\/www.suno.com.br\/noticias\/wp-json\/wp\/v2\/users\/73"}],"replies":[{"embeddable":true,"href":"https:\/\/www.suno.com.br\/noticias\/wp-json\/wp\/v2\/comments?post=433842"}],"version-history":[{"count":2,"href":"https:\/\/www.suno.com.br\/noticias\/wp-json\/wp\/v2\/posts\/433842\/revisions"}],"predecessor-version":[{"id":433935,"href":"https:\/\/www.suno.com.br\/noticias\/wp-json\/wp\/v2\/posts\/433842\/revisions\/433935"}],"wp:featuredmedia":[{"embeddable":true,"href":"https:\/\/www.suno.com.br\/noticias\/wp-json\/wp\/v2\/media\/334513"}],"wp:attachment":[{"href":"https:\/\/www.suno.com.br\/noticias\/wp-json\/wp\/v2\/media?parent=433842"}],"wp:term":[{"taxonomy":"category","embeddable":true,"href":"https:\/\/www.suno.com.br\/noticias\/wp-json\/wp\/v2\/categories?post=433842"},{"taxonomy":"post_tag","embeddable":true,"href":"https:\/\/www.suno.com.br\/noticias\/wp-json\/wp\/v2\/tags?post=433842"},{"taxonomy":"suno_strategy","embeddable":true,"href":"https:\/\/www.suno.com.br\/noticias\/wp-json\/wp\/v2\/suno_strategy?post=433842"}],"curies":[{"name":"wp","href":"https:\/\/api.w.org\/{rel}","templated":true}]}}