{"id":43380,"date":"2019-11-02T19:04:29","date_gmt":"2019-11-02T21:04:29","guid":{"rendered":"https:\/\/www.suno.com.br\/noticias\/?p=43380"},"modified":"2019-11-02T19:04:29","modified_gmt":"2019-11-02T21:04:29","slug":"confira-acoes-mais-valorizaram-outubro","status":"publish","type":"post","link":"https:\/\/www.suno.com.br\/noticias\/confira-acoes-mais-valorizaram-outubro\/","title":{"rendered":"Confira 5 a\u00e7\u00f5es que mais valorizaram no m\u00eas de outubro"},"content":{"rendered":"<p>As a\u00e7\u00f5es cotadas nas <strong>Bolsas de Valores<\/strong> registram perdas e ganhos di\u00e1rios que dependem de v\u00e1rios fatores. Esse andamento representa uma desvaloriza\u00e7\u00e3o ou valoriza\u00e7\u00e3o do valor total de uma empresa. Diversos fatores como: a economia do pa\u00eds, cen\u00e1rio externo e a gest\u00e3o da empresa influenciam as varia\u00e7\u00f5es dos pap\u00e9is.<\/p>\t<div class=\"wrapper-featured-image\">\n\t\t<figure class=\"spotlightImg\">\n\n\t\t\t<picture>\n\t\t\t\t<source media=\"(max-width: 768px)\" srcset=\"https:\/\/files.sunoresearch.com.br\/n\/uploads\/2019\/05\/69f39918-whatsapp-image-2019-05-06-at-12.34.59-400x200.webp\">\n\t\t\t\t<img loading=\"lazy\" decoding=\"async\" class=\"newsContent__article__imgCapa lazyloadDisabled newsContent__article__imgCapa--noCaption\" src=\"https:\/\/files.sunoresearch.com.br\/n\/uploads\/2019\/05\/69f39918-whatsapp-image-2019-05-06-at-12.34.59-800x450.webp\" width=\"800\" height=\"450\" alt=\"Confira 5 a\u00e7\u00f5es que mais valorizaram no m\u00eas de outubro\" fetchpriority=high \/>\n\t\t\t<\/picture>\n\n\t\t\t<figcaption class=\"wp-caption-text wp-caption-text--hide\">Confira 5 a\u00e7\u00f5es que mais valorizaram no m\u00eas de outubro<\/figcaption>\n\t\t<\/figure>\n\t<\/div>\n\n\n\n<p>Para avaliar o desempenho m\u00e9dio da <a href=\"https:\/\/www.suno.com.br\/artigos\/b3\/\">Bolsa de Valores de S\u00e3o Paulo (B3)<\/a> \u00e9 utilizado o \u00edndice <a href=\"https:\/\/www.suno.com.br\/artigos\/ibovespa\/\">Ibovespa<\/a> que mede o andamento das a\u00e7\u00f5es mais l\u00edquidas. No total, fazem parte do principal \u00edndice da B3 68 ativos de 65 companhias.<\/p>\n<p>A metodologia do indicador \u00e9 definida pela pr\u00f3pria B3 atrav\u00e9s de uma carteira te\u00f3rica de <strong><a href=\"https:\/\/www.suno.com.br\/artigos\/tipos-de-acoes\/\">a\u00e7\u00f5es<\/a><\/strong>, cuja composi\u00e7\u00e3o \u00e9 modificada periodicamente.<\/p>\n<p>A escolha dos ativos que fazem parte deste \u00edndice \u00e9 baseada em dois fatores:<\/p>\n<ul>\n<li>liquidez<\/li>\n<li>volume das a\u00e7\u00f5es<\/li>\n<\/ul>\n<p>Desse modo, o\u00a0especialista de renda vari\u00e1vel da <a href=\"https:\/\/www.suno.com.br\/\">SUNO Research,<\/a> <a href=\"https:\/\/www.youtube.com\/watch?v=NBdW2R5Gz2c\">Jo\u00e3o Arthur<\/a>, apontou quatro empresas do <strong>Ibovespa<\/strong> que mais se valorizaram no m\u00eas de outubro.<\/p>\n<h3>1\u00b0 Magazine Luiza<\/h3>\n<p>O <strong>Magazine Luiza<\/strong> (MGLU3) \u00e9 uma rede varejista de eletr\u00f4nicos e m\u00f3veis. O Magalu possui mais de mil lojas e est\u00e1 presente em 16 estados do Brasil. Atualmente seu principal modelo de neg\u00f3cio \u00e9 o e-commerce.<\/p>\n\t<p>\n\t\t<a href=\"https:\/\/lp.suno.com.br\/ao\/cadastro-whatsapp\/?utm_source=sunoresearch&#038;utm_medium=banner.sidebar&#038;utm_campaign=_SNC1787C4C9_\" target=\"_blank\" data-element=\"shortcode-suno-banner\" title=\"Banner SUNO, clique e saiba mais\">\n\t\t\t<picture>\n\t\t\t\t<source media=\"(max-width: 500px)\" srcset=\"https:\/\/files.sunoresearch.com.br\/n\/uploads\/2024\/09\/wpp-suno.png\">\n\t\t\t\t<img class=\"newsContent__article__imgCapa newsContent__article__imgCapa--banner\"\n\t\t\t\t\tsrc=\"https:\/\/files.sunoresearch.com.br\/n\/uploads\/2024\/09\/wpp-suno.png\"\n\t\t\t\t\tdata-promo-id=\"574195\"\t\t\t\t\t\t\t\t\t\twidth='360' height='98'\t\t\t\t\talt=\"https:\/\/files.sunoresearch.com.br\/n\/uploads\/2024\/09\/wpp-suno.png\"\n\t\t\t\t>\n\t\t\t<\/picture>\n\t\t<\/a>\n\t<\/p>\n\n\n<p>No dia 1\u00b0 outubro, primeiro preg\u00e3o do m\u00eas, as <strong><a href=\"https:\/\/www.suno.com.br\/artigos\/tipos-de-acoes\/\">a\u00e7\u00f5es ordin\u00e1rias<\/a><\/strong> do Magazine Luiza encerraram sendo cotadas a R$ 37,45. Entretanto, no dia 31 de outubro os pap\u00e9is encerram sendo negociados a R$ 44,64.<\/p>\n<p>Desse modo, durante o d\u00e9cimo m\u00eas do ano de 2019, as a\u00e7\u00f5es da varejista registraram uma valoriza\u00e7\u00e3o de 20,75%.<\/p>\n<p><a href=\"\/\/www.suno.com.br\/noticias\/magazine-luiza-prepara-oferta-90-milhoes-de-acoes\/\">Confira Tamb\u00e9m: Magazine Luiza prepara oferta de 90 milh\u00f5es de a\u00e7\u00f5es ordin\u00e1rias<\/a><\/p>\n<p>De acordo com o especialista, os resultados trimestrais apresentaram forte crescimento e o mercado tem valorizado cada vez mais as empresas que demonstram um bom desempenho.<\/p>\n<p>No terceiro trimestre, o <strong>Magazine Luiza<\/strong> registrou um <strong><a href=\"https:\/\/www.suno.com.br\/artigos\/lucro-liquido\/\">lucro l\u00edquido<\/a> <\/strong>de R$ 235,1 milh\u00f5es, valor correspondente a uma alta de 96,7%, em compara\u00e7\u00e3o com o mesmo per\u00edodo no ano anterior. O <a href=\"https:\/\/www.suno.com.br\/artigos\/ebitda\/\"><strong>Ebitda<\/strong><\/a> (lucro antes de impostos, juros, deprecia\u00e7\u00e3o e amortiza\u00e7\u00e3o) foi de R$ 501,2 milh\u00f5es no trimestre, representando um crescimento de 79,7% em rela\u00e7\u00e3o ao ano anterior.<\/p>\n<h3>2\u00b0 Raia Drograsil<\/h3>\n<p>A <strong>Raia Drogasil<\/strong> (RADL3) \u00e9 a maior rede de drogarias e a 5\u00b0 maior varejista do Brasil. A empresa possui mais de 1.800 lojas em 22 estados, que juntos representam 97% do mercado farmac\u00eautico brasileiro.<\/p>\n\t<p>\n\t\t<a href=\"https:\/\/lp.suno.com.br\/ebook-investindo-em-dividendos\/\" target=\"_blank\" data-element=\"shortcode-suno-banner\" title=\"Banner SUNO, clique e saiba mais\">\n\t\t\t<picture>\n\t\t\t\t<source media=\"(max-width: 500px)\" srcset=\"https:\/\/files.sunoresearch.com.br\/n\/uploads\/2023\/03\/400x300-Dividendos.png\">\n\t\t\t\t<img class=\"newsContent__article__imgCapa newsContent__article__imgCapa--banner\"\n\t\t\t\t\tsrc=\"https:\/\/files.sunoresearch.com.br\/n\/uploads\/2023\/03\/1420x240-Dividendos.png\"\n\t\t\t\t\tdata-promo-id=\"383163\"\t\t\t\t\t\t\t\t\t\twidth='1420' height='240'\t\t\t\t\talt=\"https:\/\/files.sunoresearch.com.br\/n\/uploads\/2023\/03\/1420x240-Dividendos.png\"\n\t\t\t\t>\n\t\t\t<\/picture>\n\t\t<\/a>\n\t<\/p>\n\n\n<p>No dia 1\u00b0 de outubro, as a\u00e7\u00f5es ordin\u00e1rias da Raia Drogasil encerraram sendo cotadas a R$ 95,93. Entretanto, no dia 31 de outubro os pap\u00e9is encerram sendo negociados a R$ 110.<\/p>\n<p>Portanto, durante o per\u00edodo de 31 dias, as a\u00e7\u00f5es da varejista registraram uma valoriza\u00e7\u00e3o de 14,81%.<\/p>\n<p>Jo\u00e3o Arthur explicou que assim como o Magalu, o &#8220;mercado est\u00e1 cada vez mais premiando, em especial no curto prazo, empresas que conseguem crescer. E a <strong>Raia Drogasil<\/strong> tem conseguido entregar este crescimento.&#8221;<\/p>\n<p>A Raia Drogasil registrou lucro l\u00edquido atribu\u00eddo aos acionistas controladores de R$ 459,3 milh\u00f5es no terceiro trimestre. O valor \u00e9 260% maior do que o calculado no mesmo per\u00edodo de 2018.<\/p>\n<p>A receita chegou a R$ 4,6 bilh\u00f5es, uma alta de 22,5% na compara\u00e7\u00e3o ano a ano. Os dados levam em conta a compra da drogaria Onofre, que foi fechada h\u00e1 pouco mais de tr\u00eas meses.<\/p>\n<h3>3\u00b0 Qualicorp<\/h3>\n<p>A <strong>Qualicorp<\/strong> (QUAL3) \u00e9 a maior administradora de planos de sa\u00fade coletivos do Brasil. O grupo foi pioneiro na estrutura\u00e7\u00e3o dos planos coletivos por ades\u00e3o.<\/p>\n\t<p>\n\t\t<a href=\"https:\/\/lp.suno.com.br\/ebook-investindo-em-dividendos\/\" target=\"_blank\" data-element=\"shortcode-suno-banner\" title=\"Banner SUNO, clique e saiba mais\">\n\t\t\t<picture>\n\t\t\t\t<source media=\"(max-width: 500px)\" srcset=\"https:\/\/files.sunoresearch.com.br\/n\/uploads\/2023\/03\/400x300-Dividendos.png\">\n\t\t\t\t<img class=\"newsContent__article__imgCapa newsContent__article__imgCapa--banner\"\n\t\t\t\t\tsrc=\"https:\/\/files.sunoresearch.com.br\/n\/uploads\/2023\/03\/1420x240-Dividendos.png\"\n\t\t\t\t\tdata-promo-id=\"383163\"\t\t\t\t\t\t\t\t\t\twidth='1420' height='240'\t\t\t\t\talt=\"https:\/\/files.sunoresearch.com.br\/n\/uploads\/2023\/03\/1420x240-Dividendos.png\"\n\t\t\t\t>\n\t\t\t<\/picture>\n\t\t<\/a>\n\t<\/p>\n\n\n<p>No dia 1\u00b0 de outubro, as a\u00e7\u00f5es ordin\u00e1rias da Qualicorp encerraram sendo cotadas a R$ 31,10. Entretanto, no dia 31 de outubro os pap\u00e9is encerram sendo negociados a R$ 31,90. Durante o m\u00eas passado, a administradora registrou uma valoriza\u00e7\u00e3o de 14,35%.<\/p>\n<p>De acordo com o especialista, \u201ca <strong>Qualicorp<\/strong> come\u00e7ou o ano muito desvalorizada devido a uma situa\u00e7\u00e3o de m\u00e1 governan\u00e7a corporativa que o mercado parece ter deixado para tr\u00e1s. Al\u00e9m disso, o an\u00fancio recente de um aporte do grupo rede Dor deu um impulso nas a\u00e7\u00f5es\u201d.<\/p>\n<p>A administradora divulgar\u00e1 seu balan\u00e7o do terceiro trimestre no dia 13 de novembro.<\/p>\n<p>No segundo trimestre, a companhia registrou R$ 110,1 milh\u00f5es em seu lucro l\u00edquido. Assim, a alta foi de 25% em compara\u00e7\u00e3o com o mesmo per\u00edodo do ano passado.<\/p>\n<p>O resultado operacional da Qualicorp ficou em R$ 246,7 milh\u00f5es. Um avan\u00e7o de 14,4% na compara\u00e7\u00e3o ano a ano. O resultado operacional \u00e9 medido pelo Ebitda.<\/p>\n<h3>4\u00b0 Gol<\/h3>\n<p>A<strong> Gol Linhas A\u00e9reas Inteligentes<\/strong> (GOLL4) \u00e9 a maior companhia a\u00e9rea do Brasil em n\u00famero de passageiros, tendo 36% de participa\u00e7\u00e3o do mercado dom\u00e9stico. A empresa opera em 60 territ\u00f3rios brasileiros e em 23 destinos internacionais.<\/p>\n\t<p>\n\t\t<a href=\"https:\/\/lp.statusinvest.com.br\/cl\/carteira-automatizada\/\" target=\"_blank\" data-element=\"shortcode-suno-banner\" title=\"Banner SUNO, clique e saiba mais\">\n\t\t\t<picture>\n\t\t\t\t<source media=\"(max-width: 500px)\" srcset=\"https:\/\/files.sunoresearch.com.br\/n\/uploads\/2024\/02\/400x300-Mobile.png\">\n\t\t\t\t<img class=\"newsContent__article__imgCapa newsContent__article__imgCapa--banner\"\n\t\t\t\t\tsrc=\"https:\/\/files.sunoresearch.com.br\/n\/uploads\/2024\/02\/1420x240-Desktop.png\"\n\t\t\t\t\tdata-promo-id=\"518879\"\t\t\t\t\t\t\t\t\t\twidth='1420' height='240'\t\t\t\t\talt=\"https:\/\/files.sunoresearch.com.br\/n\/uploads\/2024\/02\/1420x240-Desktop.png\"\n\t\t\t\t>\n\t\t\t<\/picture>\n\t\t<\/a>\n\t<\/p>\n\n\n<p>No dia 1\u00b0 de outubro, as a\u00e7\u00f5es prefer\u00eancias da Gol encerraram sendo cotadas a R$ 31,80. Entretanto, no dia 31 de outubro os pap\u00e9is encerram sendo negociados a R$ 36,60. Durante o m\u00eas passado, a companhia registrou uma valoriza\u00e7\u00e3o de 13,31%.<\/p>\n<p><a href=\"\/\/www.suno.com.br\/noticias\/gol-boeing-737-dezembro-aviao\/\">Veja Tamb\u00e9m: Gol espera retornar com voos do 737 da Boeing em dezembro<\/a><\/p>\n<p>O especialista informou que a <strong>Gol<\/strong> se beneficia &#8220;da nova conjuntura econ\u00f4mica de juros baixos e gradual retomada. A Gol utiliza muito capital e usufrui agora do benef\u00edcio de menor despesa financeira&#8221;.<\/p>\n<p>A Gol registrou<a href=\"https:\/\/www.suno.com.br\/artigos\/prejuizos-acumulados\/\"> preju\u00edzo l\u00edquido<\/a> de R$ 171,1 milh\u00f5es no terceiro trimestre deste ano. Em 2018, a companhia havia registrado um preju\u00edzo de R$ 433,1 milh\u00f5es. Desse modo, o resultado do trimestre representa uma queda de 60,5%.<\/p>\n<p>O preju\u00edzo atribu\u00eddo aos <a href=\"https:\/\/www.suno.com.br\/artigos\/acionista-companhias-abertas\/\">acionistas<\/a> totalizou R$ 242 milh\u00f5es em setembro, baixa de 54,6% em rela\u00e7\u00e3o ao mesmo per\u00edodo no ano anterior.<\/p>\n<h3>5\u00b0 Cyrela Realt<\/h3>\n<p>A <strong>Cyrela Realt<\/strong> (CYRE3) \u00e9 uma incorporadora e construtora de im\u00f3veis residenciais. Atualmente opera em 16 estados e 66 cidades no Brasil, al\u00e9m da Argentina e Uruguai.<\/p>\n\t<p>\n\t\t<a href=\"https:\/\/lp.suno.com.br\/ao\/sessao-estrategica-consultoria-c\/?utm_source=suno-noticias&#038;utm_medium=banner&#038;utm_campaing=banco-master-cdbs\" target=\"_blank\" data-element=\"shortcode-suno-banner\" title=\"Banner SUNO, clique e saiba mais\">\n\t\t\t<picture>\n\t\t\t\t<source media=\"(max-width: 500px)\" srcset=\"https:\/\/files.sunoresearch.com.br\/n\/uploads\/2025\/09\/300x400.webp\">\n\t\t\t\t<img class=\"newsContent__article__imgCapa newsContent__article__imgCapa--banner\"\n\t\t\t\t\tsrc=\"https:\/\/files.sunoresearch.com.br\/n\/uploads\/2025\/09\/SN-DT-1420x240-1.webp\"\n\t\t\t\t\tdata-promo-id=\"624064\"\t\t\t\t\t\t\t\t\t\twidth='1420' height='240'\t\t\t\t\talt=\"https:\/\/files.sunoresearch.com.br\/n\/uploads\/2025\/09\/SN-DT-1420x240-1.webp\"\n\t\t\t\t>\n\t\t\t<\/picture>\n\t\t<\/a>\n\t<\/p>\n\n\n<p>No dia 1\u00b0 de outubro, as a\u00e7\u00f5es ordin\u00e1rias da <strong>Cyrela Realt<\/strong> encerraram sendo cotadas a R$ 24,24. Entretanto, no dia 31 de outubro os pap\u00e9is encerram sendo negociados a R$ 26,93. Durante o m\u00eas passado, a construtora registrou uma valoriza\u00e7\u00e3o de 11,98%.<\/p>\n<p>De acordo com Jo\u00e3o Arthur, assim como a <strong>Gol,<\/strong> a <strong>Cyrela<\/strong> se beneficia da conjuntura econ\u00f4mica de juros baixos. &#8220;Os \u00faltimos indicadores macroecon\u00f4micos foram positivos, e essa \u00e9 uma empresa que est\u00e1 diretamente relacionada ao ambiente geral da economia&#8221;, salientou o especialista.<\/p>\n<p>O resultado do terceiro trimestre da <strong>Cyrela Realt<\/strong> ser\u00e1 divulgado no dia 7 de novembro. A companhia encerrou o segundo trimestre com lucro l\u00edquido de R$ 142,2 milh\u00f5es. No acumulado dos \u00faltimos doze meses, a empresa acumulou lucro l\u00edquido de R$ 263,50 milh\u00f5es. O patrim\u00f4nio l\u00edquido ficou em R$ 5,6 bilh\u00f5es.<\/p>\n<h2>Investir mas com cuidado<\/h2>\n<p>Antes de qualquer investimento em <a href=\"https:\/\/www.youtube.com\/watch?v=ARHsj34MDKw\"><strong>a\u00e7\u00f5es<\/strong> <\/a>\u00e9 importante ressaltar que quitar as d\u00edvidas deve sempre ser a prioridade. Os analistas da <strong>SUNO Research<\/strong> sempre salientam que \u00e9 necess\u00e1rio antes poupar dinheiro para depois investir, e nunca se endividar para investir ou investir endividado.<\/p>\n","protected":false},"excerpt":{"rendered":"<p>As a\u00e7\u00f5es cotadas nas Bolsas de Valores registram perdas e ganhos di\u00e1rios que dependem de v\u00e1rios fatores. Esse andamento representa uma desvaloriza\u00e7\u00e3o ou valoriza\u00e7\u00e3o do valor total de uma empresa. Diversos fatores como: a economia do pa\u00eds, cen\u00e1rio externo e a gest\u00e3o da empresa influenciam as varia\u00e7\u00f5es dos pap\u00e9is. Confira 5 a\u00e7\u00f5es que mais valorizaram [&hellip;]<\/p>\n","protected":false},"author":15,"featured_media":23415,"comment_status":"closed","ping_status":"closed","sticky":false,"template":"","format":"standard","meta":[],"categories":[60],"tags":[286,443,489,548,611,613],"suno_strategy":[],"class_list":["post-43380","post","type-post","status-publish","format-standard","has-post-thumbnail","hentry","category-mercado","tag-acoes","tag-cyrela-cyre3","tag-gol-linhas-aereas-goll11-goll4","tag-magazine-luiza-mglu3","tag-qualicorp-qual3","tag-raia-drogasil-radl3"],"yoast_head":"<!-- This site is optimized with the Yoast SEO plugin v24.4 - https:\/\/yoast.com\/wordpress\/plugins\/seo\/ -->\n<title>Confira 5 a\u00e7\u00f5es que mais valorizaram no m\u00eas de outubro<\/title>\n<meta name=\"description\" content=\"Confira 4 a\u00e7\u00f5es que mais valorizaram no m\u00eas de outubro na Bolsa de Valores de S\u00e3o Paulo. Para saber mais clique aqui\" \/>\n<meta name=\"robots\" content=\"index, follow, max-snippet:-1, max-image-preview:large, max-video-preview:-1\" \/>\n<link rel=\"canonical\" href=\"https:\/\/www.suno.com.br\/noticias\/confira-acoes-mais-valorizaram-outubro\/\" \/>\n<meta property=\"og:locale\" content=\"pt_BR\" \/>\n<meta property=\"og:type\" content=\"article\" \/>\n<meta property=\"og:title\" content=\"Confira 5 a\u00e7\u00f5es que mais valorizaram no m\u00eas de outubro\" \/>\n<meta property=\"og:description\" content=\"Confira 4 a\u00e7\u00f5es que mais valorizaram no m\u00eas de outubro na Bolsa de Valores de S\u00e3o Paulo. Para saber mais clique aqui\" \/>\n<meta property=\"og:url\" content=\"https:\/\/www.suno.com.br\/noticias\/confira-acoes-mais-valorizaram-outubro\/\" \/>\n<meta property=\"og:site_name\" content=\"Suno Not\u00edcias\" \/>\n<meta property=\"article:publisher\" content=\"https:\/\/facebook.com\/sunoresearch\" \/>\n<meta property=\"og:image\" content=\"https:\/\/files.sunoresearch.com.br\/n\/uploads\/2019\/05\/69f39918-whatsapp-image-2019-05-06-at-12.34.59.jpeg\" \/>\n\t<meta property=\"og:image:width\" content=\"940\" \/>\n\t<meta property=\"og:image:height\" content=\"523\" \/>\n\t<meta property=\"og:image:type\" content=\"image\/jpeg\" \/>\n<meta name=\"author\" content=\"Poliana Santos\" \/>\n<meta name=\"twitter:card\" content=\"summary_large_image\" \/>\n<meta name=\"twitter:creator\" content=\"@sunoresearch\" \/>\n<meta name=\"twitter:site\" content=\"@sunoresearch\" \/>\n<meta name=\"twitter:label1\" content=\"Escrito por\" \/>\n\t<meta name=\"twitter:data1\" content=\"Poliana Santos\" \/>\n\t<meta name=\"twitter:label2\" content=\"Est. tempo de leitura\" \/>\n\t<meta name=\"twitter:data2\" content=\"6 minutos\" \/>\n<script type=\"application\/ld+json\" class=\"yoast-schema-graph\">{\"@context\":\"https:\/\/schema.org\",\"@graph\":[{\"@type\":\"NewsArticle\",\"@id\":\"https:\/\/www.suno.com.br\/noticias\/confira-acoes-mais-valorizaram-outubro\/#article\",\"isPartOf\":{\"@id\":\"https:\/\/www.suno.com.br\/noticias\/confira-acoes-mais-valorizaram-outubro\/\"},\"author\":{\"name\":\"Poliana Santos\",\"@id\":\"https:\/\/www.suno.com.br\/noticias\/#\/schema\/person\/02ec1f752758247878a2bf4abee1aeda\"},\"headline\":\"Confira 5 a\u00e7\u00f5es que mais valorizaram no m\u00eas de outubro\",\"datePublished\":\"2019-11-02T21:04:29+00:00\",\"mainEntityOfPage\":{\"@id\":\"https:\/\/www.suno.com.br\/noticias\/confira-acoes-mais-valorizaram-outubro\/\"},\"wordCount\":1171,\"publisher\":{\"@id\":\"https:\/\/www.suno.com.br\/noticias\/#organization\"},\"image\":{\"@id\":\"https:\/\/www.suno.com.br\/noticias\/confira-acoes-mais-valorizaram-outubro\/#primaryimage\"},\"thumbnailUrl\":\"https:\/\/files.sunoresearch.com.br\/n\/uploads\/2019\/05\/69f39918-whatsapp-image-2019-05-06-at-12.34.59-jpeg.webp\",\"keywords\":[\"A\u00e7\u00f5es\",\"Cyrela (CYRE3)\",\"Gol Linhas A\u00e9reas (GOLL11\/GOLL4)\",\"Magazine Luiza (MGLU3)\",\"Qualicorp (QUAL3)\",\"Raia Drogasil (RADL3)\"],\"articleSection\":[\"Mercado\"],\"inLanguage\":\"pt-BR\"},{\"@type\":\"WebPage\",\"@id\":\"https:\/\/www.suno.com.br\/noticias\/confira-acoes-mais-valorizaram-outubro\/\",\"url\":\"https:\/\/www.suno.com.br\/noticias\/confira-acoes-mais-valorizaram-outubro\/\",\"name\":\"Confira 5 a\u00e7\u00f5es que mais valorizaram no m\u00eas de outubro\",\"isPartOf\":{\"@id\":\"https:\/\/www.suno.com.br\/noticias\/#website\"},\"primaryImageOfPage\":{\"@id\":\"https:\/\/www.suno.com.br\/noticias\/confira-acoes-mais-valorizaram-outubro\/#primaryimage\"},\"image\":{\"@id\":\"https:\/\/www.suno.com.br\/noticias\/confira-acoes-mais-valorizaram-outubro\/#primaryimage\"},\"thumbnailUrl\":\"https:\/\/files.sunoresearch.com.br\/n\/uploads\/2019\/05\/69f39918-whatsapp-image-2019-05-06-at-12.34.59-jpeg.webp\",\"datePublished\":\"2019-11-02T21:04:29+00:00\",\"description\":\"Confira 4 a\u00e7\u00f5es que mais valorizaram no m\u00eas de outubro na Bolsa de Valores de S\u00e3o Paulo. Para saber mais clique aqui\",\"breadcrumb\":{\"@id\":\"https:\/\/www.suno.com.br\/noticias\/confira-acoes-mais-valorizaram-outubro\/#breadcrumb\"},\"inLanguage\":\"pt-BR\",\"potentialAction\":[{\"@type\":\"ReadAction\",\"target\":[\"https:\/\/www.suno.com.br\/noticias\/confira-acoes-mais-valorizaram-outubro\/\"]}]},{\"@type\":\"ImageObject\",\"inLanguage\":\"pt-BR\",\"@id\":\"https:\/\/www.suno.com.br\/noticias\/confira-acoes-mais-valorizaram-outubro\/#primaryimage\",\"url\":\"https:\/\/files.sunoresearch.com.br\/n\/uploads\/2019\/05\/69f39918-whatsapp-image-2019-05-06-at-12.34.59-jpeg.webp\",\"contentUrl\":\"https:\/\/files.sunoresearch.com.br\/n\/uploads\/2019\/05\/69f39918-whatsapp-image-2019-05-06-at-12.34.59-jpeg.webp\",\"width\":940,\"height\":523,\"caption\":\"Confira 5 a\u00e7\u00f5es que mais valorizaram no m\u00eas de outubro\"},{\"@type\":\"BreadcrumbList\",\"@id\":\"https:\/\/www.suno.com.br\/noticias\/confira-acoes-mais-valorizaram-outubro\/#breadcrumb\",\"itemListElement\":[{\"@type\":\"ListItem\",\"position\":1,\"name\":\"Not\u00edcias\",\"item\":\"https:\/\/www.suno.com.br\/noticias\/\"},{\"@type\":\"ListItem\",\"position\":2,\"name\":\"Mercado\",\"item\":\"https:\/\/www.suno.com.br\/noticias\/mercado\/\"},{\"@type\":\"ListItem\",\"position\":3,\"name\":\"Confira 5 a\u00e7\u00f5es que mais valorizaram no m\u00eas de outubro\"}]},{\"@type\":\"WebSite\",\"@id\":\"https:\/\/www.suno.com.br\/noticias\/#website\",\"url\":\"https:\/\/www.suno.com.br\/noticias\/\",\"name\":\"Suno Not\u00edcias\",\"description\":\"Seu portal de informa\u00e7\u00e3o sobre o mundo dos investimentos\",\"publisher\":{\"@id\":\"https:\/\/www.suno.com.br\/noticias\/#organization\"},\"potentialAction\":[{\"@type\":\"SearchAction\",\"target\":{\"@type\":\"EntryPoint\",\"urlTemplate\":\"https:\/\/www.suno.com.br\/noticias\/?s={search_term_string}\"},\"query-input\":{\"@type\":\"PropertyValueSpecification\",\"valueRequired\":true,\"valueName\":\"search_term_string\"}}],\"inLanguage\":\"pt-BR\"},{\"@type\":\"Organization\",\"@id\":\"https:\/\/www.suno.com.br\/noticias\/#organization\",\"name\":\"Suno Not\u00edcias\",\"url\":\"https:\/\/www.suno.com.br\/noticias\/\",\"logo\":{\"@type\":\"ImageObject\",\"inLanguage\":\"pt-BR\",\"@id\":\"https:\/\/www.suno.com.br\/noticias\/#\/schema\/logo\/image\/\",\"url\":\"https:\/\/files.sunoresearch.com.br\/n\/uploads\/2021\/09\/suno-logo.png\",\"contentUrl\":\"https:\/\/files.sunoresearch.com.br\/n\/uploads\/2021\/09\/suno-logo.png\",\"width\":180,\"height\":180,\"caption\":\"Suno Not\u00edcias\"},\"image\":{\"@id\":\"https:\/\/www.suno.com.br\/noticias\/#\/schema\/logo\/image\/\"},\"sameAs\":[\"https:\/\/facebook.com\/sunoresearch\",\"https:\/\/x.com\/sunoresearch\",\"https:\/\/www.instagram.com\/suno\",\"https:\/\/www.linkedin.com\/company\/suno-research\/\",\"https:\/\/www.youtube.com\/c\/sunoresearch\"]},{\"@type\":\"Person\",\"@id\":\"https:\/\/www.suno.com.br\/noticias\/#\/schema\/person\/02ec1f752758247878a2bf4abee1aeda\",\"name\":\"Poliana Santos\",\"image\":{\"@type\":\"ImageObject\",\"inLanguage\":\"pt-BR\",\"@id\":\"https:\/\/www.suno.com.br\/noticias\/#\/schema\/person\/image\/\",\"url\":\"https:\/\/secure.gravatar.com\/avatar\/0645bd32f23d87b2130f2b2dff1d3f8d?s=96&r=g\",\"contentUrl\":\"https:\/\/secure.gravatar.com\/avatar\/0645bd32f23d87b2130f2b2dff1d3f8d?s=96&r=g\",\"caption\":\"Poliana Santos\"},\"description\":\"Rep\u00f3rter no Suno Not\u00edcias, com cobertura em mercado financeiro, economia, finan\u00e7as pessoais, renda fixa e varejo. Jornalista formada pela Faculdade C\u00e1sper L\u00edbero e possui passagem na R\u00e1dio Gazeta AM com a produ\u00e7\u00e3o de conte\u00fado sobre economia, pol\u00edtica, sa\u00fade, moda e m\u00fasica. Possui certificado de conclus\u00e3o do curso de An\u00e1lise de Balan\u00e7os pela Funda\u00e7\u00e3o Bradesco, Agenda Brasil pela FAAP, Educa\u00e7\u00e3o Pol\u00edtica por Alexandre Garcia e do Tesouro Direto e Mercado de A\u00e7\u00f5es pela B3.\",\"url\":\"https:\/\/www.suno.com.br\/noticias\/author\/poliana-santos\/\"}]}<\/script>\n<!-- \/ Yoast SEO plugin. -->","yoast_head_json":{"title":"Confira 5 a\u00e7\u00f5es que mais valorizaram no m\u00eas de outubro","description":"Confira 4 a\u00e7\u00f5es que mais valorizaram no m\u00eas de outubro na Bolsa de Valores de S\u00e3o Paulo. Para saber mais clique aqui","robots":{"index":"index","follow":"follow","max-snippet":"max-snippet:-1","max-image-preview":"max-image-preview:large","max-video-preview":"max-video-preview:-1"},"canonical":"https:\/\/www.suno.com.br\/noticias\/confira-acoes-mais-valorizaram-outubro\/","og_locale":"pt_BR","og_type":"article","og_title":"Confira 5 a\u00e7\u00f5es que mais valorizaram no m\u00eas de outubro","og_description":"Confira 4 a\u00e7\u00f5es que mais valorizaram no m\u00eas de outubro na Bolsa de Valores de S\u00e3o Paulo. Para saber mais clique aqui","og_url":"https:\/\/www.suno.com.br\/noticias\/confira-acoes-mais-valorizaram-outubro\/","og_site_name":"Suno Not\u00edcias","article_publisher":"https:\/\/facebook.com\/sunoresearch","og_image":[{"width":940,"height":523,"url":"https:\/\/files.sunoresearch.com.br\/n\/uploads\/2019\/05\/69f39918-whatsapp-image-2019-05-06-at-12.34.59.jpeg","type":"image\/jpeg"}],"author":"Poliana Santos","twitter_card":"summary_large_image","twitter_creator":"@sunoresearch","twitter_site":"@sunoresearch","twitter_misc":{"Escrito por":"Poliana Santos","Est. tempo de leitura":"6 minutos"},"schema":{"@context":"https:\/\/schema.org","@graph":[{"@type":"NewsArticle","@id":"https:\/\/www.suno.com.br\/noticias\/confira-acoes-mais-valorizaram-outubro\/#article","isPartOf":{"@id":"https:\/\/www.suno.com.br\/noticias\/confira-acoes-mais-valorizaram-outubro\/"},"author":{"name":"Poliana Santos","@id":"https:\/\/www.suno.com.br\/noticias\/#\/schema\/person\/02ec1f752758247878a2bf4abee1aeda"},"headline":"Confira 5 a\u00e7\u00f5es que mais valorizaram no m\u00eas de outubro","datePublished":"2019-11-02T21:04:29+00:00","mainEntityOfPage":{"@id":"https:\/\/www.suno.com.br\/noticias\/confira-acoes-mais-valorizaram-outubro\/"},"wordCount":1171,"publisher":{"@id":"https:\/\/www.suno.com.br\/noticias\/#organization"},"image":{"@id":"https:\/\/www.suno.com.br\/noticias\/confira-acoes-mais-valorizaram-outubro\/#primaryimage"},"thumbnailUrl":"https:\/\/files.sunoresearch.com.br\/n\/uploads\/2019\/05\/69f39918-whatsapp-image-2019-05-06-at-12.34.59-jpeg.webp","keywords":["A\u00e7\u00f5es","Cyrela (CYRE3)","Gol Linhas A\u00e9reas (GOLL11\/GOLL4)","Magazine Luiza (MGLU3)","Qualicorp (QUAL3)","Raia Drogasil (RADL3)"],"articleSection":["Mercado"],"inLanguage":"pt-BR"},{"@type":"WebPage","@id":"https:\/\/www.suno.com.br\/noticias\/confira-acoes-mais-valorizaram-outubro\/","url":"https:\/\/www.suno.com.br\/noticias\/confira-acoes-mais-valorizaram-outubro\/","name":"Confira 5 a\u00e7\u00f5es que mais valorizaram no m\u00eas de outubro","isPartOf":{"@id":"https:\/\/www.suno.com.br\/noticias\/#website"},"primaryImageOfPage":{"@id":"https:\/\/www.suno.com.br\/noticias\/confira-acoes-mais-valorizaram-outubro\/#primaryimage"},"image":{"@id":"https:\/\/www.suno.com.br\/noticias\/confira-acoes-mais-valorizaram-outubro\/#primaryimage"},"thumbnailUrl":"https:\/\/files.sunoresearch.com.br\/n\/uploads\/2019\/05\/69f39918-whatsapp-image-2019-05-06-at-12.34.59-jpeg.webp","datePublished":"2019-11-02T21:04:29+00:00","description":"Confira 4 a\u00e7\u00f5es que mais valorizaram no m\u00eas de outubro na Bolsa de Valores de S\u00e3o Paulo. Para saber mais clique aqui","breadcrumb":{"@id":"https:\/\/www.suno.com.br\/noticias\/confira-acoes-mais-valorizaram-outubro\/#breadcrumb"},"inLanguage":"pt-BR","potentialAction":[{"@type":"ReadAction","target":["https:\/\/www.suno.com.br\/noticias\/confira-acoes-mais-valorizaram-outubro\/"]}]},{"@type":"ImageObject","inLanguage":"pt-BR","@id":"https:\/\/www.suno.com.br\/noticias\/confira-acoes-mais-valorizaram-outubro\/#primaryimage","url":"https:\/\/files.sunoresearch.com.br\/n\/uploads\/2019\/05\/69f39918-whatsapp-image-2019-05-06-at-12.34.59-jpeg.webp","contentUrl":"https:\/\/files.sunoresearch.com.br\/n\/uploads\/2019\/05\/69f39918-whatsapp-image-2019-05-06-at-12.34.59-jpeg.webp","width":940,"height":523,"caption":"Confira 5 a\u00e7\u00f5es que mais valorizaram no m\u00eas de outubro"},{"@type":"BreadcrumbList","@id":"https:\/\/www.suno.com.br\/noticias\/confira-acoes-mais-valorizaram-outubro\/#breadcrumb","itemListElement":[{"@type":"ListItem","position":1,"name":"Not\u00edcias","item":"https:\/\/www.suno.com.br\/noticias\/"},{"@type":"ListItem","position":2,"name":"Mercado","item":"https:\/\/www.suno.com.br\/noticias\/mercado\/"},{"@type":"ListItem","position":3,"name":"Confira 5 a\u00e7\u00f5es que mais valorizaram no m\u00eas de outubro"}]},{"@type":"WebSite","@id":"https:\/\/www.suno.com.br\/noticias\/#website","url":"https:\/\/www.suno.com.br\/noticias\/","name":"Suno Not\u00edcias","description":"Seu portal de informa\u00e7\u00e3o sobre o mundo dos investimentos","publisher":{"@id":"https:\/\/www.suno.com.br\/noticias\/#organization"},"potentialAction":[{"@type":"SearchAction","target":{"@type":"EntryPoint","urlTemplate":"https:\/\/www.suno.com.br\/noticias\/?s={search_term_string}"},"query-input":{"@type":"PropertyValueSpecification","valueRequired":true,"valueName":"search_term_string"}}],"inLanguage":"pt-BR"},{"@type":"Organization","@id":"https:\/\/www.suno.com.br\/noticias\/#organization","name":"Suno Not\u00edcias","url":"https:\/\/www.suno.com.br\/noticias\/","logo":{"@type":"ImageObject","inLanguage":"pt-BR","@id":"https:\/\/www.suno.com.br\/noticias\/#\/schema\/logo\/image\/","url":"https:\/\/files.sunoresearch.com.br\/n\/uploads\/2021\/09\/suno-logo.png","contentUrl":"https:\/\/files.sunoresearch.com.br\/n\/uploads\/2021\/09\/suno-logo.png","width":180,"height":180,"caption":"Suno Not\u00edcias"},"image":{"@id":"https:\/\/www.suno.com.br\/noticias\/#\/schema\/logo\/image\/"},"sameAs":["https:\/\/facebook.com\/sunoresearch","https:\/\/x.com\/sunoresearch","https:\/\/www.instagram.com\/suno","https:\/\/www.linkedin.com\/company\/suno-research\/","https:\/\/www.youtube.com\/c\/sunoresearch"]},{"@type":"Person","@id":"https:\/\/www.suno.com.br\/noticias\/#\/schema\/person\/02ec1f752758247878a2bf4abee1aeda","name":"Poliana Santos","image":{"@type":"ImageObject","inLanguage":"pt-BR","@id":"https:\/\/www.suno.com.br\/noticias\/#\/schema\/person\/image\/","url":"https:\/\/secure.gravatar.com\/avatar\/0645bd32f23d87b2130f2b2dff1d3f8d?s=96&r=g","contentUrl":"https:\/\/secure.gravatar.com\/avatar\/0645bd32f23d87b2130f2b2dff1d3f8d?s=96&r=g","caption":"Poliana Santos"},"description":"Rep\u00f3rter no Suno Not\u00edcias, com cobertura em mercado financeiro, economia, finan\u00e7as pessoais, renda fixa e varejo. Jornalista formada pela Faculdade C\u00e1sper L\u00edbero e possui passagem na R\u00e1dio Gazeta AM com a produ\u00e7\u00e3o de conte\u00fado sobre economia, pol\u00edtica, sa\u00fade, moda e m\u00fasica. Possui certificado de conclus\u00e3o do curso de An\u00e1lise de Balan\u00e7os pela Funda\u00e7\u00e3o Bradesco, Agenda Brasil pela FAAP, Educa\u00e7\u00e3o Pol\u00edtica por Alexandre Garcia e do Tesouro Direto e Mercado de A\u00e7\u00f5es pela B3.","url":"https:\/\/www.suno.com.br\/noticias\/author\/poliana-santos\/"}]}},"default_loop_html":"<div class=\"cardsPage__listCard__boxs\"><div class=\"cardsPage__listCard__boxs__img\"><a href=\"https:\/\/www.suno.com.br\/noticias\/confira-acoes-mais-valorizaram-outubro\/\"><img class=\"mask\" src=\"https:\/\/www.suno.com.br\/noticias\/wp-content\/themes\/suno\/resources\/images\/spotlight\/spotlight1img\/bg-mask.png\" alt=\"Image Mask\"\/><img src=\"https:\/\/files.sunoresearch.com.br\/n\/uploads\/2019\/05\/69f39918-whatsapp-image-2019-05-06-at-12.34.59-400x200.webp\" alt=\"Confira 5 a\u00e7\u00f5es que mais valorizaram no m\u00eas de outubro\"\/><\/a><span class=\"spotlightCategory\"><a href=\"https:\/\/www.suno.com.br\/noticias\/mercado\/\">Mercado<\/a><\/span><\/div><div class=\"cardsPage__listCard__boxs__content\"><a href=\"https:\/\/www.suno.com.br\/noticias\/confira-acoes-mais-valorizaram-outubro\/\"><h2 class=\"content__title\">Confira 5 a\u00e7\u00f5es que mais valorizaram no m\u00eas de outubro<\/h2><\/a><div class=\"newsContent__article__meta\"><div class=\"newsContent__article__meta__authorBox\"><a href=\"https:\/\/www.suno.com.br\/noticias\/author\/poliana-santos\/\" class=\"authorBox__avatar noMobi\"><img src=\"https:\/\/files.sunoresearch.com.br\/n\/uploads\/2020\/08\/7ef34026-whatsapp-image-2020-08-03-at-12.37.57-150x150.webp\" alt=\"Poliana Santos\"><\/a><div class=\"authorBox__name\"><span>por\n\t\t\t<a href=\"https:\/\/www.suno.com.br\/noticias\/author\/poliana-santos\/\"><span itemprop=\"author\">Poliana Santos<\/span><\/a><\/span><time datetime=\"2019-11-02T19:04:29-03:00\" itemprop=\"datePublished\">02\/11\/2019 19:04<\/time><\/div><\/div><\/div><\/div><\/div>","single_layout":"posts","amp_enabled":true,"_links":{"self":[{"href":"https:\/\/www.suno.com.br\/noticias\/wp-json\/wp\/v2\/posts\/43380"}],"collection":[{"href":"https:\/\/www.suno.com.br\/noticias\/wp-json\/wp\/v2\/posts"}],"about":[{"href":"https:\/\/www.suno.com.br\/noticias\/wp-json\/wp\/v2\/types\/post"}],"author":[{"embeddable":true,"href":"https:\/\/www.suno.com.br\/noticias\/wp-json\/wp\/v2\/users\/15"}],"replies":[{"embeddable":true,"href":"https:\/\/www.suno.com.br\/noticias\/wp-json\/wp\/v2\/comments?post=43380"}],"version-history":[{"count":0,"href":"https:\/\/www.suno.com.br\/noticias\/wp-json\/wp\/v2\/posts\/43380\/revisions"}],"wp:featuredmedia":[{"embeddable":true,"href":"https:\/\/www.suno.com.br\/noticias\/wp-json\/wp\/v2\/media\/23415"}],"wp:attachment":[{"href":"https:\/\/www.suno.com.br\/noticias\/wp-json\/wp\/v2\/media?parent=43380"}],"wp:term":[{"taxonomy":"category","embeddable":true,"href":"https:\/\/www.suno.com.br\/noticias\/wp-json\/wp\/v2\/categories?post=43380"},{"taxonomy":"post_tag","embeddable":true,"href":"https:\/\/www.suno.com.br\/noticias\/wp-json\/wp\/v2\/tags?post=43380"},{"taxonomy":"suno_strategy","embeddable":true,"href":"https:\/\/www.suno.com.br\/noticias\/wp-json\/wp\/v2\/suno_strategy?post=43380"}],"curies":[{"name":"wp","href":"https:\/\/api.w.org\/{rel}","templated":true}]}}