{"id":433656,"date":"2023-07-26T11:01:26","date_gmt":"2023-07-26T14:01:26","guid":{"rendered":"https:\/\/www.suno.com.br\/noticias\/?p=433656"},"modified":"2023-07-26T11:01:34","modified_gmt":"2023-07-26T14:01:34","slug":"destaques-santander-pcar3-carrefour-va","status":"publish","type":"post","link":"https:\/\/www.suno.com.br\/noticias\/destaques-santander-pcar3-carrefour-va\/","title":{"rendered":"Santander (SANB11), P\u00e3o de A\u00e7\u00facar (PCAR3) e Carrefour (CRFB3) agitam mercado financeiro nesta quarta-feira; veja destaques"},"content":{"rendered":"<p>Em temporada de an\u00fancios de balan\u00e7os, a not\u00edcia sobre os resultados<strong> Santander<\/strong> (SANB11), que registrou <a class=\"suno-keyword\" data-force=\"no\" data-priority=\"1\" href=\"https:\/\/www.suno.com.br\/artigos\/lucro-liquido\/\" target=\"_blank\" rel=\"noopener\">lucro l\u00edquido<\/a> recorrente de R$ 2,309 bilh\u00f5es no segundo trimestre de 2023, est\u00e1 entre os destaques do mercado financeiro desta quarta-feira (26).<\/p>\t<div class=\"wrapper-featured-image\">\n\t\t<figure class=\"spotlightImg\">\n\n\t\t\t<picture>\n\t\t\t\t<source media=\"(max-width: 768px)\" srcset=\"https:\/\/files.sunoresearch.com.br\/n\/uploads\/2023\/05\/mercado-crescimento-400x200.jpg\">\n\t\t\t\t<img loading=\"lazy\" decoding=\"async\" class=\"newsContent__article__imgCapa lazyloadDisabled \" src=\"https:\/\/files.sunoresearch.com.br\/n\/uploads\/2023\/05\/mercado-crescimento-800x450.jpg\" width=\"800\" height=\"450\" alt=\"Santander (SANB11), P\u00e3o de A\u00e7\u00facar (PCAR3) e Carrefour (CRFB3) agitam mercado financeiro nesta quarta-feira; veja destaques\" fetchpriority=high \/>\n\t\t\t<\/picture>\n\n\t\t\t<figcaption class=\"wp-caption-text wp-caption-text--show\">Ganho de at\u00e9 110,8%: veja os fundos imobili\u00e1rios com as melhores performances de 2023. Foto: iStock<\/figcaption>\n\t\t<\/figure>\n\t<\/div>\n\n\n\n\n\n\n\n\t<p>\n\t\t<a href=\"https:\/\/lp.suno.com.br\/planilha-da-vida-financeira\/\" target=\"_blank\" data-element=\"shortcode-suno-banner\" title=\"Banner SUNO, clique e saiba mais\">\n\t\t\t<picture>\n\t\t\t\t<source media=\"(max-width: 500px)\" srcset=\"https:\/\/files.sunoresearch.com.br\/n\/uploads\/2023\/04\/400x300-Planilha-vida-financeira-true.png\">\n\t\t\t\t<img class=\"newsContent__article__imgCapa newsContent__article__imgCapa--banner\"\n\t\t\t\t\tsrc=\"https:\/\/files.sunoresearch.com.br\/n\/uploads\/2023\/04\/1420x240-Planilha-vida-financeira-true.png\"\n\t\t\t\t\tdata-promo-id=\"106682\"\t\t\t\t\t\t\t\t\t\twidth='1420' height='240'\t\t\t\t\talt=\"https:\/\/files.sunoresearch.com.br\/n\/uploads\/2023\/04\/1420x240-Planilha-vida-financeira-true.png\"\n\t\t\t\t>\n\t\t\t<\/picture>\n\t\t<\/a>\n\t<\/p>\n\n\n\n\n\n<p>Tamb\u00e9m est\u00e1 entre os <strong>destaques do mercado financeiro<\/strong> o <a class=\"suno-keyword\" data-force=\"yes\" data-priority=\"2\" href=\"https:\/\/www.suno.com.br\/acoes\/PCAR3\/\" target=\"_blank\" rel=\"noopener\">P\u00e3o de A\u00e7\u00facar (PCAR3)<\/a>, que finalizou uma nova etapa da transa\u00e7\u00e3o de segrega\u00e7\u00e3o dos neg\u00f3cios da companhia e da \u00c9xito, com a aprova\u00e7\u00e3o de suas American Depositary Receipts (ADRs) na Bolsa de Valores de Nova York.<\/p>\n\n\n\n<p>O <a class=\"suno-keyword\" target=\"_blank\" data-force=\"yes\" data-priority=\"2\" href=\"https:\/\/www.suno.com.br\/acoes\/CRFB3\/\" rel=\"noopener\">Carrefour (CRFB3)<\/a> tamb\u00e9m \u00e9 destaque hoje, depois de reportar <a class=\"suno-keyword\" target=\"_blank\" data-force=\"no\" data-priority=\"1\" href=\"https:\/\/www.suno.com.br\/artigos\/lucro-liquido\/\" rel=\"noopener\">lucro l\u00edquido<\/a> ajustado de R$ 29 milh\u00f5es no 2T23.<\/p>\n\n\n\n<p>Veja os <strong>destaques do mercado financeiro<\/strong> desta quarta-feira:<\/p>\n\n\n\n<h2 class=\"wp-block-heading\">Santander<\/h2>\n\n\n\n<p>O <a class=\"suno-keyword\" target=\"_blank\" data-force=\"yes\" data-priority=\"2\" href=\"https:\/\/www.suno.com.br\/acoes\/SANB11\/\" rel=\"noopener\">Santander (SANB11)<\/a> anotou um <a class=\"suno-keyword\" target=\"_blank\" data-force=\"no\" data-priority=\"1\" href=\"https:\/\/www.suno.com.br\/artigos\/lucro-liquido\/\" rel=\"noopener\">lucro l\u00edquido<\/a> recorrente de R$ 2,309 bilh\u00f5es no segundo trimestre de 2023 (2T23), segundo balan\u00e7o divulgado na manh\u00e3 desta quarta-feira (26).Com isso, o lucro do banco recuou 45% na compara\u00e7\u00e3o anual, mas cresceu 7,9% frente aos primeiros tr\u00eas meses do ano.<\/p>\n\n\n\n<p>J\u00e1 o <a class=\"suno-keyword\" target=\"_blank\" data-force=\"no\" data-priority=\"1\" href=\"https:\/\/www.suno.com.br\/artigos\/lucro-liquido\/\" rel=\"noopener\">lucro l\u00edquido<\/a> societ\u00e1rio do Santander ficou em R$ 2,147 bilh\u00f5es entre os meses de abril e junho deste ano, queda de 46,9% em um ano, mas aumento de 4,1% na base trimestral.<\/p>\n\n\n\n<p>A rentabilidade medida pelo \u00edndice de retorno sobre o<strong> patrim\u00f4nio (ROE) do Santander<\/strong> no 2T23 \u2013 excluindo \u00e1gio \u2013 foi de 11,2% ante 10,6% no primeiro trimestre, melhora de 0,7 pontos percentuais (p.p).<\/p>\n\n\n\t<div data-element=\"shortcode-read-more\" class=\"knowMore\">\n\t\t\t\t<span class=\"knowMore__title\">Leia mais<\/span>\n\t\t\t\t<a class=\"knowMore__link\" href=\"https:\/\/www.suno.com.br\/noticias\/santander-sanb11-lucro-desaba-2t23-gpj\/\">\n\t\t\tLucro do Santander (SANB11) desaba 45% em um ano, ao atingir R$ 2,3 bilh\u00f5es no 2T23\t\t<\/a>\n\t<\/div>\n\n\n\n\n<h2 class=\"wp-block-heading\">Grupo P\u00e3o de A\u00e7\u00facar<\/h2>\n\n\n\n<p>Em <a class=\"suno-keyword\" data-force=\"no\" data-priority=\"1\" href=\"https:\/\/www.suno.com.br\/artigos\/fato-relevante\/\" target=\"_blank\" rel=\"noopener\">fato relevante<\/a>, o Grupo <strong>P\u00e3o de A\u00e7\u00facar (PCAR3)<\/strong> anunciou que a Securities and Exchange Commission (SEC) dos Estados Unidos aceitou o pedido da \u00c9xito para registrar suas American Depositary Receipts (ADRs) na Bolsa de Valores de Nova York.<\/p>\n\n\n\n<p>Com isso, a \u00c9xito j\u00e1 \u00e9 registrada como companhia aberta na Col\u00f4mbia, Brasil e, agora, nos EUA.<\/p>\n\n\n\n<h2 class=\"wp-block-heading\">Carrefour<\/h2>\n\n\n\n<p>O <a class=\"suno-keyword\" data-force=\"yes\" data-priority=\"2\" href=\"https:\/\/www.suno.com.br\/acoes\/CRFB3\/\" target=\"_blank\" rel=\"noopener\"><strong>Carrefour (CRFB3)<\/strong><\/a> apresentou <a class=\"suno-keyword\" data-force=\"no\" data-priority=\"1\" href=\"https:\/\/www.suno.com.br\/artigos\/lucro-liquido\/\" target=\"_blank\" rel=\"noopener\">lucro l\u00edquido<\/a> ajustado de R$ 29 milh\u00f5es no segundo trimestre de 2023. O resultado \u00e9 95% menor do que o apresentado no mesmo per\u00edodo do ano passado.<\/p>\n\n\n\n<p>O <a class=\"suno-keyword\" data-force=\"no\" data-priority=\"1\" href=\"https:\/\/www.suno.com.br\/artigos\/ebitda-ajustado\/\" target=\"_blank\" rel=\"noopener\">Ebitda ajustado<\/a> foi de R$ 1,3 bilh\u00e3o, com queda de 21,7% em rela\u00e7\u00e3o ao apresentado um ano antes.<\/p>\n\n\n\t<div data-element=\"shortcode-read-more\" class=\"knowMore\">\n\t\t\t\t<span class=\"knowMore__title\">Leia mais<\/span>\n\t\t\t\t<a class=\"knowMore__link\" href=\"https:\/\/www.suno.com.br\/noticias\/carrefour-crfb3-encolhe-lucro-resultado-2t23-evm\/\">\n\t\t\tCarrefour (CRFB3) encolhe lucro em 95%, para R$ 29 milh\u00f5es\t\t<\/a>\n\t<\/div>\n\n\n\n\t<p>\n\t\t<a href=\"https:\/\/lp.suno.com.br\/ebook-como-analisar-uma-acao\/\" target=\"_blank\" data-element=\"shortcode-suno-banner\" title=\"Banner SUNO, clique e saiba mais\">\n\t\t\t<picture>\n\t\t\t\t<source media=\"(max-width: 500px)\" srcset=\"https:\/\/files.sunoresearch.com.br\/n\/uploads\/2023\/03\/Ebook-Acoes-Mobile.jpg\">\n\t\t\t\t<img class=\"newsContent__article__imgCapa newsContent__article__imgCapa--banner\"\n\t\t\t\t\tsrc=\"https:\/\/files.sunoresearch.com.br\/n\/uploads\/2023\/03\/Ebook-Acoes-Desktop.jpg\"\n\t\t\t\t\tdata-promo-id=\"378302\"\t\t\t\t\t\t\t\t\t\twidth='1420' height='286'\t\t\t\t\talt=\"https:\/\/files.sunoresearch.com.br\/n\/uploads\/2023\/03\/Ebook-Acoes-Desktop.jpg\"\n\t\t\t\t>\n\t\t\t<\/picture>\n\t\t<\/a>\n\t<\/p>\n\n\n\n\n\n<h2 class=\"wp-block-heading\">Telef\u00f4nica Brasil<\/h2>\n\n\n\n<p>A <a class=\"suno-keyword\" data-force=\"yes\" data-priority=\"2\" href=\"https:\/\/www.suno.com.br\/acoes\/VIVT3\/\" target=\"_blank\" rel=\"noopener\"><strong>Telef\u00f4nica (VIVT3)<\/strong><\/a> divulgou seus resultados do segundo trimestre de 2023 (2T23). A empresa propriet\u00e1ria da Vivo teve um <a class=\"suno-keyword\" data-force=\"no\" data-priority=\"1\" href=\"https:\/\/www.suno.com.br\/artigos\/lucro-liquido\/\" target=\"_blank\" rel=\"noopener\">lucro l\u00edquido<\/a> de R$ 1,121 bilh\u00e3o nesse per\u00edodo.<\/p>\n\n\n\n<p>J\u00e1 o Ebtida da Telef\u00f4nica no 2T23 foi de R$ 5,085 bilh\u00f5es no segundo trimestre de 2023, com alta de 11,1% em rela\u00e7\u00e3o ao per\u00edodo an\u00e1logo em 2022. Nesse ponto, a proje\u00e7\u00e3o do Refinitiv era de R$ 4,97 bilh\u00f5es<\/p>\n\n\n\t<div data-element=\"shortcode-read-more\" class=\"knowMore\">\n\t\t\t\t<span class=\"knowMore__title\">Leia mais<\/span>\n\t\t\t\t<a class=\"knowMore__link\" href=\"https:\/\/www.suno.com.br\/noticias\/telefonica-vivt3-resultados-segundo-trimestre-2t23-jvj\/\">\n\t\t\tTelef\u00f4nica (VIVT3) tem lucro bilion\u00e1rio no 2T23, 50,3% maior na compara\u00e7\u00e3o anual; resultado supera estimativas\t\t<\/a>\n\t<\/div>\n\n\n\n\n<h2 class=\"wp-block-heading\">Neoenergia<\/h2>\n\n\n\n<p>O <a class=\"suno-keyword\" data-force=\"no\" data-priority=\"1\" href=\"https:\/\/www.suno.com.br\/artigos\/lucro-liquido\/\" target=\"_blank\" rel=\"noopener\">lucro l\u00edquido<\/a> da <a class=\"suno-keyword\" data-force=\"yes\" data-priority=\"2\" href=\"https:\/\/www.suno.com.br\/acoes\/NEOE3\/\" target=\"_blank\" rel=\"noopener\"><strong>Neoenergia (NEOE3)<\/strong><\/a> recuou 32% no segundo trimestre deste ano, em rela\u00e7\u00e3o ao mesmo per\u00edodo do ano passado, para R$ 728 milh\u00f5es. De janeiro a junho, o lucro da companhia totalizou R$ 1,943 bilh\u00e3o, montante 15% menor do que o reportado no primeiro semestre de 2022.<\/p>\n\n\n\n<p>O Ebitda da empresa ficou em R$ 2,36 bilh\u00f5es, alta de 5% em rela\u00e7\u00e3o ao segundo trimestre de 2022. J\u00e1 no acumulado dos primeiros seis meses do ano, a varia\u00e7\u00e3o positiva foi de R$ 4,975 bilh\u00f5es.<\/p>\n\n\n\t<div data-element=\"shortcode-read-more\" class=\"knowMore\">\n\t\t\t\t<span class=\"knowMore__title\">Leia mais<\/span>\n\t\t\t\t<a class=\"knowMore__link\" href=\"https:\/\/www.suno.com.br\/noticias\/neoenergia-neoe3-lucro-2t23-baixa\/\">\n\t\t\tNeoenergia (NEOE3): lucro tem queda de 32% no 2T23, para R$ 728 milh\u00f5es\t\t<\/a>\n\t<\/div>\n\n\n\n\n<h2 class=\"wp-block-heading\">Embraer <\/h2>\n\n\n\n<p>A <strong><a class=\"suno-keyword\" data-force=\"yes\" data-priority=\"2\" href=\"https:\/\/www.suno.com.br\/acoes\/EMBR3\/\" target=\"_blank\" rel=\"noopener\">Embraer (EMBR3)<\/a> <\/strong>afirmou que a Embraer Netherlands Finance, sua subsidi\u00e1ria indireta, fixou a taxa de juros anual de 7,000% aplic\u00e1vel para a oferta de US$ 750 milh\u00f5es de t\u00edtulos de d\u00edvida com vencimento em 2030, ao pre\u00e7o de emiss\u00e3o de 99,320% do valor principal,<\/p>\n\n\n\n<p>A Embraer espera utilizar os recursos l\u00edquidos da oferta para realizar a compra, \u00e0 vista,<br>de notas em circula\u00e7\u00e3o entregues, em ofertas p\u00fablicas de aquisi\u00e7\u00e3o simult\u00e2neas anunciadas em 25 de julho de 2023.<\/p>\n\n\n\n<h2 class=\"wp-block-heading\">Kepler Weber<\/h2>\n\n\n\n<p>A <a class=\"suno-keyword\" data-force=\"yes\" data-priority=\"2\" href=\"https:\/\/www.suno.com.br\/acoes\/KEPL3\/\" target=\"_blank\" rel=\"noopener\"><strong>Kepler Weber (KEPL3)<\/strong><\/a> afirmou que foi aprovada, por unanimidade, pelo <a class=\"suno-keyword\" data-force=\"no\" data-priority=\"1\" href=\"https:\/\/www.suno.com.br\/artigos\/conselho-administracao\/\" target=\"_blank\" rel=\"noopener\">conselho de administra\u00e7\u00e3o<\/a> a abertura de uma filial da Kepler Weber Industrial na Avenida Idemar Riedi, n\u00ba 8280, Loteamento Valo, na cidade de Sorriso\/MT.<\/p>\n\n\n\n<p>Segundo a empresa, ser\u00e3o exercidas nesta filial as atividades de dep\u00f3sito e com\u00e9rcio de pe\u00e7as de reposi\u00e7\u00e3o, sendo o oitavo centro de distribui\u00e7\u00e3o da Kepler Weber.<\/p>\n\n\n\n<h2 class=\"wp-block-heading\">TIM<\/h2>\n\n\n\n<p>A <a class=\"suno-keyword\" data-force=\"yes\" data-priority=\"2\" href=\"https:\/\/www.suno.com.br\/acoes\/TIMS3\/\" target=\"_blank\" rel=\"noopener\"><strong>TIM (TIMS3)<\/strong><\/a> informou ao mercado que sua controladora TIM Brasil aprovou em assembleia-geral extraordin\u00e1ria (AGE) a altera\u00e7\u00e3o de determinadas caracter\u00edsticas e condi\u00e7\u00f5es principais da sua primeira emiss\u00e3o de deb\u00eantures simples.<\/p>\n\n\n\n<p>No contexto de emiss\u00e3o da controladora, informa a TIM, ser\u00e3o emitidas deb\u00eantures no valor de R$ 5 bilh\u00f5es, em s\u00e9rie \u00fanica, para distribui\u00e7\u00e3o p\u00fablica por meio de rito de registro autom\u00e1tico em regime misto de <a class=\"suno-keyword\" target=\"_blank\" data-force=\"no\" data-priority=\"1\" href=\"https:\/\/www.suno.com.br\/artigos\/garantia-firme\/\" rel=\"noopener\">garantia firme<\/a> e <a class=\"suno-keyword\" target=\"_blank\" data-force=\"no\" data-priority=\"1\" href=\"https:\/\/www.suno.com.br\/artigos\/melhores-esforcos\/\" rel=\"noopener\">melhores esfor\u00e7os<\/a> de coloca\u00e7\u00e3o, com prazo de vencimento de 5 anos.<\/p>\n\n\n\n<p>Os destaques do mercado financeiro do Suno Not\u00edcias mostram os principais acontecimentos que prometem movimentar o mercado durante o dia, como o<strong> Santander<\/strong> (SANB11), que deve estar no foco dos investidores ao longo do dia.<\/p>\n\n\n\t<p>\n\t\t<a href=\"https:\/\/lp.suno.com.br\/planilha-da-vida-financeira\/\" target=\"_blank\" data-element=\"shortcode-suno-banner\" title=\"Banner SUNO, clique e saiba mais\">\n\t\t\t<picture>\n\t\t\t\t<source media=\"(max-width: 500px)\" srcset=\"https:\/\/files.sunoresearch.com.br\/n\/uploads\/2023\/04\/400x300-Planilha-vida-financeira-true.png\">\n\t\t\t\t<img class=\"newsContent__article__imgCapa newsContent__article__imgCapa--banner\"\n\t\t\t\t\tsrc=\"https:\/\/files.sunoresearch.com.br\/n\/uploads\/2023\/04\/1420x240-Planilha-vida-financeira-true.png\"\n\t\t\t\t\tdata-promo-id=\"383123\"\t\t\t\t\t\t\t\t\t\twidth='1420' height='240'\t\t\t\t\talt=\"https:\/\/files.sunoresearch.com.br\/n\/uploads\/2023\/04\/1420x240-Planilha-vida-financeira-true.png\"\n\t\t\t\t>\n\t\t\t<\/picture>\n\t\t<\/a>\n\t<\/p>\n\n\n","protected":false},"excerpt":{"rendered":"<p>Em temporada de an\u00fancios de balan\u00e7os, a not\u00edcia sobre os resultados Santander (SANB11), que registrou lucro l\u00edquido recorrente de R$ 2,309 bilh\u00f5es no segundo trimestre de 2023, est\u00e1 entre os destaques do mercado financeiro desta quarta-feira (26). Ganho de at\u00e9 110,8%: veja os fundos imobili\u00e1rios com as melhores performances de 2023. Foto: iStock Tamb\u00e9m est\u00e1 [&hellip;]<\/p>\n","protected":false},"author":301,"featured_media":408638,"comment_status":"closed","ping_status":"closed","sticky":false,"template":"","format":"standard","meta":[],"categories":[60],"tags":[286,405,460,1964,528,575,624,659,663],"suno_strategy":[],"class_list":["post-433656","post","type-post","status-publish","format-standard","has-post-thumbnail","hentry","category-mercado","tag-acoes","tag-carrefour-crfb3","tag-embraer-embr3","tag-grupo-pao-de-acucar-pcar3-pcar4","tag-kepler-weber-kepl11-kepl3","tag-neoenergia-neoe3","tag-santander-sanb11-sanb3-sanb4","tag-telefonica-vivt3","tag-tim-tims3"],"yoast_head":"<!-- This site is optimized with the Yoast SEO plugin v24.4 - https:\/\/yoast.com\/wordpress\/plugins\/seo\/ -->\n<title>Santander (SANB11), P\u00e3o de A\u00e7\u00facar (PCAR3) e Carrefour (CRFB3): veja destaques<\/title>\n<meta name=\"description\" content=\"Os resultados do Santander, que registrou lucro l\u00edquido recorrente de R$ 2,309 bilh\u00f5es no 2T23, est\u00e1 entre os destaques do mercado.\" \/>\n<meta name=\"robots\" content=\"index, follow, max-snippet:-1, max-image-preview:large, max-video-preview:-1\" \/>\n<link rel=\"canonical\" href=\"https:\/\/www.suno.com.br\/noticias\/destaques-santander-pcar3-carrefour-va\/\" \/>\n<meta property=\"og:locale\" content=\"pt_BR\" \/>\n<meta property=\"og:type\" content=\"article\" \/>\n<meta property=\"og:title\" content=\"Santander (SANB11), P\u00e3o de A\u00e7\u00facar (PCAR3) e Carrefour (CRFB3): veja destaques\" \/>\n<meta property=\"og:description\" content=\"Os resultados do Santander, que registrou lucro l\u00edquido recorrente de R$ 2,309 bilh\u00f5es no 2T23, est\u00e1 entre os destaques do mercado.\" \/>\n<meta property=\"og:url\" content=\"https:\/\/www.suno.com.br\/noticias\/destaques-santander-pcar3-carrefour-va\/\" \/>\n<meta property=\"og:site_name\" content=\"Suno Not\u00edcias\" \/>\n<meta property=\"article:publisher\" content=\"https:\/\/facebook.com\/sunoresearch\" \/>\n<meta property=\"og:image\" content=\"https:\/\/files.sunoresearch.com.br\/n\/uploads\/2023\/05\/mercado-crescimento.jpg\" \/>\n\t<meta property=\"og:image:width\" content=\"1200\" \/>\n\t<meta property=\"og:image:height\" content=\"800\" \/>\n\t<meta property=\"og:image:type\" content=\"image\/jpeg\" \/>\n<meta name=\"author\" content=\"Vin\u00edcius Alves\" \/>\n<meta name=\"twitter:card\" content=\"summary_large_image\" \/>\n<meta name=\"twitter:creator\" content=\"@sunoresearch\" \/>\n<meta name=\"twitter:site\" content=\"@sunoresearch\" \/>\n<meta name=\"twitter:label1\" content=\"Escrito por\" \/>\n\t<meta name=\"twitter:data1\" content=\"Vin\u00edcius Alves\" \/>\n\t<meta name=\"twitter:label2\" content=\"Est. tempo de leitura\" \/>\n\t<meta name=\"twitter:data2\" content=\"5 minutos\" \/>\n<script type=\"application\/ld+json\" class=\"yoast-schema-graph\">{\"@context\":\"https:\/\/schema.org\",\"@graph\":[{\"@type\":\"NewsArticle\",\"@id\":\"https:\/\/www.suno.com.br\/noticias\/destaques-santander-pcar3-carrefour-va\/#article\",\"isPartOf\":{\"@id\":\"https:\/\/www.suno.com.br\/noticias\/destaques-santander-pcar3-carrefour-va\/\"},\"author\":{\"name\":\"Vin\u00edcius Alves\",\"@id\":\"https:\/\/www.suno.com.br\/noticias\/#\/schema\/person\/4a180549702d0e236b3e420862bcded3\"},\"headline\":\"Santander (SANB11), P\u00e3o de A\u00e7\u00facar (PCAR3) e Carrefour (CRFB3) agitam mercado financeiro nesta quarta-feira; veja destaques\",\"datePublished\":\"2023-07-26T14:01:26+00:00\",\"dateModified\":\"2023-07-26T14:01:34+00:00\",\"mainEntityOfPage\":{\"@id\":\"https:\/\/www.suno.com.br\/noticias\/destaques-santander-pcar3-carrefour-va\/\"},\"wordCount\":817,\"publisher\":{\"@id\":\"https:\/\/www.suno.com.br\/noticias\/#organization\"},\"image\":{\"@id\":\"https:\/\/www.suno.com.br\/noticias\/destaques-santander-pcar3-carrefour-va\/#primaryimage\"},\"thumbnailUrl\":\"https:\/\/files.sunoresearch.com.br\/n\/uploads\/2023\/05\/mercado-crescimento.jpg\",\"keywords\":[\"A\u00e7\u00f5es\",\"Carrefour (CRFB3)\",\"Embraer (EMBR3)\",\"Grupo P\u00e3o de A\u00e7\u00facar (PCAR3\/PCAR4)\",\"Kepler Weber (KEPL11\/KEPL3)\",\"Neoenergia (NEOE3)\",\"Santander (SANB11\/SANB3\/SANB4)\",\"Telef\u00f4nica (VIVT3)\",\"TIM (TIMS3)\"],\"articleSection\":[\"Mercado\"],\"inLanguage\":\"pt-BR\"},{\"@type\":\"WebPage\",\"@id\":\"https:\/\/www.suno.com.br\/noticias\/destaques-santander-pcar3-carrefour-va\/\",\"url\":\"https:\/\/www.suno.com.br\/noticias\/destaques-santander-pcar3-carrefour-va\/\",\"name\":\"Santander (SANB11), P\u00e3o de A\u00e7\u00facar (PCAR3) e Carrefour (CRFB3): veja destaques\",\"isPartOf\":{\"@id\":\"https:\/\/www.suno.com.br\/noticias\/#website\"},\"primaryImageOfPage\":{\"@id\":\"https:\/\/www.suno.com.br\/noticias\/destaques-santander-pcar3-carrefour-va\/#primaryimage\"},\"image\":{\"@id\":\"https:\/\/www.suno.com.br\/noticias\/destaques-santander-pcar3-carrefour-va\/#primaryimage\"},\"thumbnailUrl\":\"https:\/\/files.sunoresearch.com.br\/n\/uploads\/2023\/05\/mercado-crescimento.jpg\",\"datePublished\":\"2023-07-26T14:01:26+00:00\",\"dateModified\":\"2023-07-26T14:01:34+00:00\",\"description\":\"Os resultados do Santander, que registrou lucro l\u00edquido recorrente de R$ 2,309 bilh\u00f5es no 2T23, est\u00e1 entre os destaques do mercado.\",\"breadcrumb\":{\"@id\":\"https:\/\/www.suno.com.br\/noticias\/destaques-santander-pcar3-carrefour-va\/#breadcrumb\"},\"inLanguage\":\"pt-BR\",\"potentialAction\":[{\"@type\":\"ReadAction\",\"target\":[\"https:\/\/www.suno.com.br\/noticias\/destaques-santander-pcar3-carrefour-va\/\"]}]},{\"@type\":\"ImageObject\",\"inLanguage\":\"pt-BR\",\"@id\":\"https:\/\/www.suno.com.br\/noticias\/destaques-santander-pcar3-carrefour-va\/#primaryimage\",\"url\":\"https:\/\/files.sunoresearch.com.br\/n\/uploads\/2023\/05\/mercado-crescimento.jpg\",\"contentUrl\":\"https:\/\/files.sunoresearch.com.br\/n\/uploads\/2023\/05\/mercado-crescimento.jpg\",\"width\":1200,\"height\":800,\"caption\":\"Ganho de at\u00e9 110,8%: veja os fundos imobili\u00e1rios com as melhores performances de 2023. Foto: iStock\"},{\"@type\":\"BreadcrumbList\",\"@id\":\"https:\/\/www.suno.com.br\/noticias\/destaques-santander-pcar3-carrefour-va\/#breadcrumb\",\"itemListElement\":[{\"@type\":\"ListItem\",\"position\":1,\"name\":\"Not\u00edcias\",\"item\":\"https:\/\/www.suno.com.br\/noticias\/\"},{\"@type\":\"ListItem\",\"position\":2,\"name\":\"Mercado\",\"item\":\"https:\/\/www.suno.com.br\/noticias\/mercado\/\"},{\"@type\":\"ListItem\",\"position\":3,\"name\":\"Santander (SANB11), P\u00e3o de A\u00e7\u00facar (PCAR3) e Carrefour (CRFB3) agitam mercado financeiro nesta quarta-feira; veja destaques\"}]},{\"@type\":\"WebSite\",\"@id\":\"https:\/\/www.suno.com.br\/noticias\/#website\",\"url\":\"https:\/\/www.suno.com.br\/noticias\/\",\"name\":\"Suno Not\u00edcias\",\"description\":\"Seu portal de informa\u00e7\u00e3o sobre o mundo dos investimentos\",\"publisher\":{\"@id\":\"https:\/\/www.suno.com.br\/noticias\/#organization\"},\"potentialAction\":[{\"@type\":\"SearchAction\",\"target\":{\"@type\":\"EntryPoint\",\"urlTemplate\":\"https:\/\/www.suno.com.br\/noticias\/?s={search_term_string}\"},\"query-input\":{\"@type\":\"PropertyValueSpecification\",\"valueRequired\":true,\"valueName\":\"search_term_string\"}}],\"inLanguage\":\"pt-BR\"},{\"@type\":\"Organization\",\"@id\":\"https:\/\/www.suno.com.br\/noticias\/#organization\",\"name\":\"Suno Not\u00edcias\",\"url\":\"https:\/\/www.suno.com.br\/noticias\/\",\"logo\":{\"@type\":\"ImageObject\",\"inLanguage\":\"pt-BR\",\"@id\":\"https:\/\/www.suno.com.br\/noticias\/#\/schema\/logo\/image\/\",\"url\":\"https:\/\/files.sunoresearch.com.br\/n\/uploads\/2021\/09\/suno-logo.png\",\"contentUrl\":\"https:\/\/files.sunoresearch.com.br\/n\/uploads\/2021\/09\/suno-logo.png\",\"width\":180,\"height\":180,\"caption\":\"Suno Not\u00edcias\"},\"image\":{\"@id\":\"https:\/\/www.suno.com.br\/noticias\/#\/schema\/logo\/image\/\"},\"sameAs\":[\"https:\/\/facebook.com\/sunoresearch\",\"https:\/\/x.com\/sunoresearch\",\"https:\/\/www.instagram.com\/suno\",\"https:\/\/www.linkedin.com\/company\/suno-research\/\",\"https:\/\/www.youtube.com\/c\/sunoresearch\"]},{\"@type\":\"Person\",\"@id\":\"https:\/\/www.suno.com.br\/noticias\/#\/schema\/person\/4a180549702d0e236b3e420862bcded3\",\"name\":\"Vin\u00edcius Alves\",\"image\":{\"@type\":\"ImageObject\",\"inLanguage\":\"pt-BR\",\"@id\":\"https:\/\/www.suno.com.br\/noticias\/#\/schema\/person\/image\/\",\"url\":\"https:\/\/secure.gravatar.com\/avatar\/a95b7fe6d1b813f7907d4f476d5a39e1?s=96&r=g\",\"contentUrl\":\"https:\/\/secure.gravatar.com\/avatar\/a95b7fe6d1b813f7907d4f476d5a39e1?s=96&r=g\",\"caption\":\"Vin\u00edcius Alves\"},\"description\":\"Jornalista formado na Faculdade C\u00e1sper L\u00edbero. Com passagens pela Ag\u00eancia Estado, InfoMoney e Editora Globo.\",\"url\":\"https:\/\/www.suno.com.br\/noticias\/author\/vini08correiagmail-com\/\"}]}<\/script>\n<!-- \/ Yoast SEO plugin. -->","yoast_head_json":{"title":"Santander (SANB11), P\u00e3o de A\u00e7\u00facar (PCAR3) e Carrefour (CRFB3): veja destaques","description":"Os resultados do Santander, que registrou lucro l\u00edquido recorrente de R$ 2,309 bilh\u00f5es no 2T23, est\u00e1 entre os destaques do mercado.","robots":{"index":"index","follow":"follow","max-snippet":"max-snippet:-1","max-image-preview":"max-image-preview:large","max-video-preview":"max-video-preview:-1"},"canonical":"https:\/\/www.suno.com.br\/noticias\/destaques-santander-pcar3-carrefour-va\/","og_locale":"pt_BR","og_type":"article","og_title":"Santander (SANB11), P\u00e3o de A\u00e7\u00facar (PCAR3) e Carrefour (CRFB3): veja destaques","og_description":"Os resultados do Santander, que registrou lucro l\u00edquido recorrente de R$ 2,309 bilh\u00f5es no 2T23, est\u00e1 entre os destaques do mercado.","og_url":"https:\/\/www.suno.com.br\/noticias\/destaques-santander-pcar3-carrefour-va\/","og_site_name":"Suno Not\u00edcias","article_publisher":"https:\/\/facebook.com\/sunoresearch","og_image":[{"width":1200,"height":800,"url":"https:\/\/files.sunoresearch.com.br\/n\/uploads\/2023\/05\/mercado-crescimento.jpg","type":"image\/jpeg"}],"author":"Vin\u00edcius Alves","twitter_card":"summary_large_image","twitter_creator":"@sunoresearch","twitter_site":"@sunoresearch","twitter_misc":{"Escrito por":"Vin\u00edcius Alves","Est. tempo de leitura":"5 minutos"},"schema":{"@context":"https:\/\/schema.org","@graph":[{"@type":"NewsArticle","@id":"https:\/\/www.suno.com.br\/noticias\/destaques-santander-pcar3-carrefour-va\/#article","isPartOf":{"@id":"https:\/\/www.suno.com.br\/noticias\/destaques-santander-pcar3-carrefour-va\/"},"author":{"name":"Vin\u00edcius Alves","@id":"https:\/\/www.suno.com.br\/noticias\/#\/schema\/person\/4a180549702d0e236b3e420862bcded3"},"headline":"Santander (SANB11), P\u00e3o de A\u00e7\u00facar (PCAR3) e Carrefour (CRFB3) agitam mercado financeiro nesta quarta-feira; veja destaques","datePublished":"2023-07-26T14:01:26+00:00","dateModified":"2023-07-26T14:01:34+00:00","mainEntityOfPage":{"@id":"https:\/\/www.suno.com.br\/noticias\/destaques-santander-pcar3-carrefour-va\/"},"wordCount":817,"publisher":{"@id":"https:\/\/www.suno.com.br\/noticias\/#organization"},"image":{"@id":"https:\/\/www.suno.com.br\/noticias\/destaques-santander-pcar3-carrefour-va\/#primaryimage"},"thumbnailUrl":"https:\/\/files.sunoresearch.com.br\/n\/uploads\/2023\/05\/mercado-crescimento.jpg","keywords":["A\u00e7\u00f5es","Carrefour (CRFB3)","Embraer (EMBR3)","Grupo P\u00e3o de A\u00e7\u00facar (PCAR3\/PCAR4)","Kepler Weber (KEPL11\/KEPL3)","Neoenergia (NEOE3)","Santander (SANB11\/SANB3\/SANB4)","Telef\u00f4nica (VIVT3)","TIM (TIMS3)"],"articleSection":["Mercado"],"inLanguage":"pt-BR"},{"@type":"WebPage","@id":"https:\/\/www.suno.com.br\/noticias\/destaques-santander-pcar3-carrefour-va\/","url":"https:\/\/www.suno.com.br\/noticias\/destaques-santander-pcar3-carrefour-va\/","name":"Santander (SANB11), P\u00e3o de A\u00e7\u00facar (PCAR3) e Carrefour (CRFB3): veja destaques","isPartOf":{"@id":"https:\/\/www.suno.com.br\/noticias\/#website"},"primaryImageOfPage":{"@id":"https:\/\/www.suno.com.br\/noticias\/destaques-santander-pcar3-carrefour-va\/#primaryimage"},"image":{"@id":"https:\/\/www.suno.com.br\/noticias\/destaques-santander-pcar3-carrefour-va\/#primaryimage"},"thumbnailUrl":"https:\/\/files.sunoresearch.com.br\/n\/uploads\/2023\/05\/mercado-crescimento.jpg","datePublished":"2023-07-26T14:01:26+00:00","dateModified":"2023-07-26T14:01:34+00:00","description":"Os resultados do Santander, que registrou lucro l\u00edquido recorrente de R$ 2,309 bilh\u00f5es no 2T23, est\u00e1 entre os destaques do mercado.","breadcrumb":{"@id":"https:\/\/www.suno.com.br\/noticias\/destaques-santander-pcar3-carrefour-va\/#breadcrumb"},"inLanguage":"pt-BR","potentialAction":[{"@type":"ReadAction","target":["https:\/\/www.suno.com.br\/noticias\/destaques-santander-pcar3-carrefour-va\/"]}]},{"@type":"ImageObject","inLanguage":"pt-BR","@id":"https:\/\/www.suno.com.br\/noticias\/destaques-santander-pcar3-carrefour-va\/#primaryimage","url":"https:\/\/files.sunoresearch.com.br\/n\/uploads\/2023\/05\/mercado-crescimento.jpg","contentUrl":"https:\/\/files.sunoresearch.com.br\/n\/uploads\/2023\/05\/mercado-crescimento.jpg","width":1200,"height":800,"caption":"Ganho de at\u00e9 110,8%: veja os fundos imobili\u00e1rios com as melhores performances de 2023. Foto: iStock"},{"@type":"BreadcrumbList","@id":"https:\/\/www.suno.com.br\/noticias\/destaques-santander-pcar3-carrefour-va\/#breadcrumb","itemListElement":[{"@type":"ListItem","position":1,"name":"Not\u00edcias","item":"https:\/\/www.suno.com.br\/noticias\/"},{"@type":"ListItem","position":2,"name":"Mercado","item":"https:\/\/www.suno.com.br\/noticias\/mercado\/"},{"@type":"ListItem","position":3,"name":"Santander (SANB11), P\u00e3o de A\u00e7\u00facar (PCAR3) e Carrefour (CRFB3) agitam mercado financeiro nesta quarta-feira; veja destaques"}]},{"@type":"WebSite","@id":"https:\/\/www.suno.com.br\/noticias\/#website","url":"https:\/\/www.suno.com.br\/noticias\/","name":"Suno Not\u00edcias","description":"Seu portal de informa\u00e7\u00e3o sobre o mundo dos investimentos","publisher":{"@id":"https:\/\/www.suno.com.br\/noticias\/#organization"},"potentialAction":[{"@type":"SearchAction","target":{"@type":"EntryPoint","urlTemplate":"https:\/\/www.suno.com.br\/noticias\/?s={search_term_string}"},"query-input":{"@type":"PropertyValueSpecification","valueRequired":true,"valueName":"search_term_string"}}],"inLanguage":"pt-BR"},{"@type":"Organization","@id":"https:\/\/www.suno.com.br\/noticias\/#organization","name":"Suno Not\u00edcias","url":"https:\/\/www.suno.com.br\/noticias\/","logo":{"@type":"ImageObject","inLanguage":"pt-BR","@id":"https:\/\/www.suno.com.br\/noticias\/#\/schema\/logo\/image\/","url":"https:\/\/files.sunoresearch.com.br\/n\/uploads\/2021\/09\/suno-logo.png","contentUrl":"https:\/\/files.sunoresearch.com.br\/n\/uploads\/2021\/09\/suno-logo.png","width":180,"height":180,"caption":"Suno Not\u00edcias"},"image":{"@id":"https:\/\/www.suno.com.br\/noticias\/#\/schema\/logo\/image\/"},"sameAs":["https:\/\/facebook.com\/sunoresearch","https:\/\/x.com\/sunoresearch","https:\/\/www.instagram.com\/suno","https:\/\/www.linkedin.com\/company\/suno-research\/","https:\/\/www.youtube.com\/c\/sunoresearch"]},{"@type":"Person","@id":"https:\/\/www.suno.com.br\/noticias\/#\/schema\/person\/4a180549702d0e236b3e420862bcded3","name":"Vin\u00edcius Alves","image":{"@type":"ImageObject","inLanguage":"pt-BR","@id":"https:\/\/www.suno.com.br\/noticias\/#\/schema\/person\/image\/","url":"https:\/\/secure.gravatar.com\/avatar\/a95b7fe6d1b813f7907d4f476d5a39e1?s=96&r=g","contentUrl":"https:\/\/secure.gravatar.com\/avatar\/a95b7fe6d1b813f7907d4f476d5a39e1?s=96&r=g","caption":"Vin\u00edcius Alves"},"description":"Jornalista formado na Faculdade C\u00e1sper L\u00edbero. Com passagens pela Ag\u00eancia Estado, InfoMoney e Editora Globo.","url":"https:\/\/www.suno.com.br\/noticias\/author\/vini08correiagmail-com\/"}]}},"default_loop_html":"<div class=\"cardsPage__listCard__boxs\"><div class=\"cardsPage__listCard__boxs__img\"><a href=\"https:\/\/www.suno.com.br\/noticias\/destaques-santander-pcar3-carrefour-va\/\"><img class=\"mask\" src=\"https:\/\/www.suno.com.br\/noticias\/wp-content\/themes\/suno\/resources\/images\/spotlight\/spotlight1img\/bg-mask.png\" alt=\"Image Mask\"\/><img src=\"https:\/\/files.sunoresearch.com.br\/n\/uploads\/2023\/05\/mercado-crescimento-400x200.jpg\" alt=\"Santander (SANB11), P\u00e3o de A\u00e7\u00facar (PCAR3) e Carrefour (CRFB3) agitam mercado financeiro nesta quarta-feira; veja destaques\"\/><\/a><span class=\"spotlightCategory\"><a href=\"https:\/\/www.suno.com.br\/noticias\/mercado\/\">Mercado<\/a><\/span><\/div><div class=\"cardsPage__listCard__boxs__content\"><a href=\"https:\/\/www.suno.com.br\/noticias\/destaques-santander-pcar3-carrefour-va\/\"><h2 class=\"content__title\">Santander (SANB11), P\u00e3o de A\u00e7\u00facar (PCAR3) e Carrefour (CRFB3) agitam mercado financeiro nesta quarta-feira; veja destaques<\/h2><\/a><div class=\"newsContent__article__meta\"><div class=\"newsContent__article__meta__authorBox\"><a href=\"https:\/\/www.suno.com.br\/noticias\/author\/vini08correiagmail-com\/\" class=\"authorBox__avatar noMobi\"><img src=\"https:\/\/files.sunoresearch.com.br\/n\/uploads\/2026\/04\/WhatsApp-Image-2026-04-20-at-19.35.48-150x150.webp\" alt=\"Vin\u00edcius Alves\"><\/a><div class=\"authorBox__name\"><span>por\n\t\t\t<a href=\"https:\/\/www.suno.com.br\/noticias\/author\/vini08correiagmail-com\/\"><span itemprop=\"author\">Vin\u00edcius Alves<\/span><\/a><\/span><time datetime=\"2023-07-26T11:01:26-03:00\" itemprop=\"datePublished\">26\/07\/2023 11:01<\/time><\/div><\/div><\/div><\/div><\/div>","single_layout":"posts","amp_enabled":true,"_links":{"self":[{"href":"https:\/\/www.suno.com.br\/noticias\/wp-json\/wp\/v2\/posts\/433656"}],"collection":[{"href":"https:\/\/www.suno.com.br\/noticias\/wp-json\/wp\/v2\/posts"}],"about":[{"href":"https:\/\/www.suno.com.br\/noticias\/wp-json\/wp\/v2\/types\/post"}],"author":[{"embeddable":true,"href":"https:\/\/www.suno.com.br\/noticias\/wp-json\/wp\/v2\/users\/301"}],"replies":[{"embeddable":true,"href":"https:\/\/www.suno.com.br\/noticias\/wp-json\/wp\/v2\/comments?post=433656"}],"version-history":[{"count":3,"href":"https:\/\/www.suno.com.br\/noticias\/wp-json\/wp\/v2\/posts\/433656\/revisions"}],"predecessor-version":[{"id":433686,"href":"https:\/\/www.suno.com.br\/noticias\/wp-json\/wp\/v2\/posts\/433656\/revisions\/433686"}],"wp:featuredmedia":[{"embeddable":true,"href":"https:\/\/www.suno.com.br\/noticias\/wp-json\/wp\/v2\/media\/408638"}],"wp:attachment":[{"href":"https:\/\/www.suno.com.br\/noticias\/wp-json\/wp\/v2\/media?parent=433656"}],"wp:term":[{"taxonomy":"category","embeddable":true,"href":"https:\/\/www.suno.com.br\/noticias\/wp-json\/wp\/v2\/categories?post=433656"},{"taxonomy":"post_tag","embeddable":true,"href":"https:\/\/www.suno.com.br\/noticias\/wp-json\/wp\/v2\/tags?post=433656"},{"taxonomy":"suno_strategy","embeddable":true,"href":"https:\/\/www.suno.com.br\/noticias\/wp-json\/wp\/v2\/suno_strategy?post=433656"}],"curies":[{"name":"wp","href":"https:\/\/api.w.org\/{rel}","templated":true}]}}