{"id":433469,"date":"2023-07-25T20:41:44","date_gmt":"2023-07-25T23:41:44","guid":{"rendered":"https:\/\/www.suno.com.br\/noticias\/?p=433469"},"modified":"2023-07-25T21:09:23","modified_gmt":"2023-07-26T00:09:23","slug":"carrefour-crfb3-encolhe-lucro-resultado-2t23-evm","status":"publish","type":"post","link":"https:\/\/www.suno.com.br\/noticias\/carrefour-crfb3-encolhe-lucro-resultado-2t23-evm\/","title":{"rendered":"Carrefour (CRFB3) encolhe lucro em 95%, para R$ 29 milh\u00f5es"},"content":{"rendered":"<p>O <a class=\"suno-keyword\" data-force=\"yes\" data-priority=\"2\" href=\"https:\/\/www.suno.com.br\/acoes\/CRFB3\/\" target=\"_blank\" rel=\"noopener\"><strong>Carrefour<\/strong> (CRFB3)<\/a> apresentou <a class=\"suno-keyword\" data-force=\"no\" data-priority=\"1\" href=\"https:\/\/www.suno.com.br\/artigos\/lucro-liquido\/\" target=\"_blank\" rel=\"noopener\">lucro l\u00edquido<\/a> ajustado de R$ 29 milh\u00f5es no segundo trimestre de 2023. O resultado \u00e9 95% menor do que o apresentado no mesmo per\u00edodo do ano passado. <\/p>\t<div class=\"wrapper-featured-image\">\n\t\t<figure class=\"spotlightImg\">\n\n\t\t\t<picture>\n\t\t\t\t<source media=\"(max-width: 768px)\" srcset=\"https:\/\/files.sunoresearch.com.br\/n\/uploads\/2022\/12\/carrefour-crfb3-400x200.jpeg\">\n\t\t\t\t<img loading=\"lazy\" decoding=\"async\" class=\"newsContent__article__imgCapa lazyloadDisabled \" src=\"https:\/\/files.sunoresearch.com.br\/n\/uploads\/2022\/12\/carrefour-crfb3-800x450.jpeg\" width=\"800\" height=\"450\" alt=\"Carrefour (CRFB3) encolhe lucro em 95%, para R$ 29 milh\u00f5es\" fetchpriority=high \/>\n\t\t\t<\/picture>\n\n\t\t\t<figcaption class=\"wp-caption-text wp-caption-text--show\">Carrefour (CRFB3). Foto: Divulga\u00e7\u00e3o<\/figcaption>\n\t\t<\/figure>\n\t<\/div>\n\n\n\n\n\n\t<p>\n\t\t<a href=\"https:\/\/lp.suno.com.br\/planilha-da-vida-financeira\/\" target=\"_blank\" data-element=\"shortcode-suno-banner\" title=\"Banner SUNO, clique e saiba mais\">\n\t\t\t<picture>\n\t\t\t\t<source media=\"(max-width: 500px)\" srcset=\"https:\/\/files.sunoresearch.com.br\/n\/uploads\/2023\/04\/400x300-Planilha-vida-financeira-true.png\">\n\t\t\t\t<img class=\"newsContent__article__imgCapa newsContent__article__imgCapa--banner\"\n\t\t\t\t\tsrc=\"https:\/\/files.sunoresearch.com.br\/n\/uploads\/2023\/04\/1420x240-Planilha-vida-financeira-true.png\"\n\t\t\t\t\tdata-promo-id=\"106682\"\t\t\t\t\t\t\t\t\t\twidth='1420' height='240'\t\t\t\t\talt=\"https:\/\/files.sunoresearch.com.br\/n\/uploads\/2023\/04\/1420x240-Planilha-vida-financeira-true.png\"\n\t\t\t\t>\n\t\t\t<\/picture>\n\t\t<\/a>\n\t<\/p>\n\n\n\n\n\n\n\n<p>Sem o ajuste, que descontou principalmente gastos com imposto de renda ligados \u00e0 venda de im\u00f3veis (opera\u00e7\u00e3o de sale and leaseback) e reestrutura\u00e7\u00e3o de pessoal em raz\u00e3o da integra\u00e7\u00e3o com o grupo Big, o Carrefour teria <strong>preju\u00edzo <\/strong>de R$ 249 milh\u00f5es.<\/p>\n\n\n\n<p>O CFO da companhia, Eric Alencar, explica que, como esses itens s\u00e3o ajustados com frequ\u00eancia, \u00e9 poss\u00edvel que as casas de an\u00e1lise considerem os n\u00fameros ligeiramente acima de suas proje\u00e7\u00f5es, que indicavam preju\u00edzo para o grupo no terceiro trimestre.<\/p>\n\n\n\n<p>O <a class=\"suno-keyword\" data-force=\"no\" data-priority=\"1\" href=\"https:\/\/www.suno.com.br\/artigos\/ebitda-ajustado\/\" target=\"_blank\" rel=\"noopener\"><strong>Ebitda <\/strong>ajustado<\/a> foi de R$ 1,3 bilh\u00e3o, com queda de 21,7% em rela\u00e7\u00e3o ao apresentado um ano antes. Alencar diz que o n\u00famero foi impactado pelos gastos de integra\u00e7\u00e3o do Big, mas tamb\u00e9m pelas vendas mais fracas em raz\u00e3o da queda da infla\u00e7\u00e3o. Com os pre\u00e7os em queda, a bandeira de atacarejo do Grupo, o Atacad\u00e3o, tende a vender menos para os clientes que compram no atacado.<\/p>\n\n\n\n<p>A perspectiva de que os produtos tendem a ficar mais baratos desestimula esse segmento a fazer grandes estoques. Por\u00e9m, os gastos das lojas, mesmo com vendas menores, continuam os mesmos, afetando a margem do neg\u00f3cio.<\/p>\n\n\n\n<p>De todo modo, o que mais pesou nas margens ainda foi a integra\u00e7\u00e3o do Grupo Big, j\u00e1 que a companhia terminou, no segundo trimestre, a convers\u00e3o de lojas para os formatos das marcas do Carrefour e do Atacad\u00e3o. A <a class=\"suno-keyword\" target=\"_blank\" data-force=\"no\" data-priority=\"1\" href=\"https:\/\/www.suno.com.br\/artigos\/margem-ebitda\/\" rel=\"noopener\">margem Ebitda<\/a> ajustada consolidada caiu 2 pontos porcentuais (p.p.), mas, se retirados os efeitos do grupo Big, a queda teria sido de 0,3 p.p.<\/p>\n\n\n\n<p>Para endere\u00e7ar essa quest\u00e3o inc\u00f4moda aos investidores, o grupo abriu dados de matura\u00e7\u00e3o das lojas convertidas. Na proje\u00e7\u00e3o apresentada, depois de um ano, esses pontos passam de uma <a class=\"suno-keyword\" data-force=\"no\" data-priority=\"1\" href=\"https:\/\/www.suno.com.br\/artigos\/margem-ebitda\/\" target=\"_blank\" rel=\"noopener\">margem Ebitda<\/a> negativa para patamar positivo de 2%, podendo chegar a at\u00e9 9% depois de 36 meses de opera\u00e7\u00e3o.<\/p>\n\n\n\n<h2 class=\"wp-block-heading\">Vendas<\/h2>\n\n\n\n<p>A <a class=\"suno-keyword\" target=\"_blank\" data-force=\"no\" data-priority=\"1\" href=\"https:\/\/www.suno.com.br\/artigos\/o-que-receita-liquida\/\" rel=\"noopener\">receita l\u00edquida<\/a> da companhia foi de R$ 25,9 bilh\u00f5es, com alta de 8,1%, com vendas totais em R$ 29 bilh\u00f5es, alta de 9,7%. Os efeitos da queda da infla\u00e7\u00e3o aparecem, principalmente, nas vendas em mesmas lojas do Atacad\u00e3o (conceito que considera apenas as lojas que j\u00e1 estavam abertas h\u00e1 um ano): houve queda de 4,3%.<\/p>\n\n\n\n<p>A companhia lembra, por\u00e9m, que em dois anos acumulados, o crescimento das vendas em mesmas lojas nessa bandeira foi de 17,2%. &#8220;A campanha de anivers\u00e1rio do Atacad\u00e3o em abril foi, mais uma vez, um sucesso, gerando mais de R$ 1,8 bilh\u00e3o em vendas. O restante do trimestre foi impactado por um ambiente macro adverso, com desacelera\u00e7\u00e3o da infla\u00e7\u00e3o de alimentos (4,7% nos \u00faltimos 12 meses e -1,07% em junho), impulsionada principalmente pela defla\u00e7\u00e3o nas commodities&#8221;, diz o release de resultados da empresa.<\/p>\n\n\n\n<p>O grupo terminou a convers\u00e3o de 13 Hipermercados BIG e 2 TodoDia em lojas Atacad\u00e3o. Ao todo, desde o fechamento da transa\u00e7\u00e3o, 76 lojas foram convertidas para a bandeira Atacad\u00e3o (46 do Maxxi, 27 do Hipermercado BIG, 2 do TodoDia e 1 do Sams Club), 6 a mais do que o planejado inicialmente. Al\u00e9m disso, houve 9 novas lojas do Atacad\u00e3o no trimestre (3 delas convertidas do Hipermercado Carrefour). E ainda h\u00e1 a previs\u00e3o de mais 3 lojas da bandeira no segundo semestre, o que leva ao n\u00famero de 15 novas aberturas org\u00e2nicas de Atacad\u00e3o em 2023.<\/p>\n\n\n\t<p>\n\t\t<a href=\"https:\/\/lp.suno.com.br\/ebook-como-analisar-uma-acao\/\" target=\"_blank\" data-element=\"shortcode-suno-banner\" title=\"Banner SUNO, clique e saiba mais\">\n\t\t\t<picture>\n\t\t\t\t<source media=\"(max-width: 500px)\" srcset=\"https:\/\/files.sunoresearch.com.br\/n\/uploads\/2023\/03\/Ebook-Acoes-Mobile.jpg\">\n\t\t\t\t<img class=\"newsContent__article__imgCapa newsContent__article__imgCapa--banner\"\n\t\t\t\t\tsrc=\"https:\/\/files.sunoresearch.com.br\/n\/uploads\/2023\/03\/Ebook-Acoes-Desktop.jpg\"\n\t\t\t\t\tdata-promo-id=\"378302\"\t\t\t\t\t\t\t\t\t\twidth='1420' height='286'\t\t\t\t\talt=\"https:\/\/files.sunoresearch.com.br\/n\/uploads\/2023\/03\/Ebook-Acoes-Desktop.jpg\"\n\t\t\t\t>\n\t\t\t<\/picture>\n\t\t<\/a>\n\t<\/p>\n\n\n\n\n\n<h2 class=\"wp-block-heading\">Varejo<\/h2>\n\n\n\n<p>As vendas brutas do varejo, por sua vez, atingiram R$ 7,5 bilh\u00f5es, com alta de 6,4% na compara\u00e7\u00e3o anual, sendo R$ 5,9 bilh\u00f5es no Carrefour e R$ 1,6 bilh\u00e3o no Big. As vendas em mesmas lojas (excluindo os postos de gasolina) ficaram est\u00e1veis, com queda de 2,7% em produtos alimentares e alta de 6,3% em n\u00e3o alimentares.<\/p>\n\n\n\n<p>No online, as vendas totais do grupo chegaram a R$ 2 bilh\u00f5es, um aumento de 30,1% em rela\u00e7\u00e3o ao mesmo per\u00edodo do ano anterior.<\/p>\n\n\n\n<h2 class=\"wp-block-heading\">D\u00edvida e Banco Carrefour<\/h2>\n\n\n\n<p>O faturamento do Banco Carrefour totalizou R$ 14,6 bilh\u00f5es, alta de 13,4%, impulsionado pelo crescimento de dois d\u00edgitos do <a class=\"suno-keyword\" target=\"_blank\" data-force=\"no\" data-priority=\"3\" href=\"https:\/\/www.suno.com.br\/artigos\/cartao-de-credito\/\" rel=\"noopener\">cart\u00e3o de cr\u00e9dito<\/a> Atacad\u00e3o (+17,7%) e crescimento de 7,4% do cart\u00e3o de cr\u00e9dito Carrefour.<\/p>\n\n\n\n<p>Os esfor\u00e7os implementados desde o quarto trimestre de 2022 para atrair a base de clientes do Grupo BIG resultaram na adi\u00e7\u00e3o de aproximadamente 328 mil novos clientes \u00e0 base do banco no primeiro semestre de 2023, o que pesou, segundo o CFO Alencar, no Ebitda dessa opera\u00e7\u00e3o. Ao incluir novos clientes, o banco precisa fazer provis\u00f5es. Assim, o Ebitda caiu cerca de 10%, ficando em R$ 259 milh\u00f5es.<\/p>\n\n\n\n<p>O endividamento l\u00edquido da companhia fechou o trimestre em 2,17 vezes o <a class=\"suno-keyword\" target=\"_blank\" data-force=\"no\" data-priority=\"1\" href=\"https:\/\/www.suno.com.br\/artigos\/ebitda-ajustado\/\" rel=\"noopener\">Ebitda ajustado<\/a>, frente a 1,95 vez no mesmo per\u00edodo de 2022, gra\u00e7as \u00e0 compra do Grupo Big. Em rela\u00e7\u00e3o ao trimestre anterior, por\u00e9m, houve redu\u00e7\u00e3o. Esse n\u00famero havia sido de 2,44 vezes no primeiro trimestre de 2023.<\/p>\n\n\n\n<p>Durante o trimestre, o Grupo <strong>Carrefour <\/strong>Brasil realizou tr\u00eas transa\u00e7\u00f5es que garantem cerca de dois ter\u00e7os das necessidades de capital da companhia no ano, que est\u00e1 em aproximadamente R$ 13 bilh\u00f5es: um empr\u00e9stimo intercompany com o Grupo Carrefour na Fran\u00e7a de R$ 6,3 bilh\u00f5es; uma emiss\u00e3o de CRAs (Certificados de Receb\u00edveis do Agroneg\u00f3cio) de R$ 930 milh\u00f5es em deb\u00eantures vinculadas a CRAs captados em maio; e a opera\u00e7\u00e3o de sale and leaseback (venda de im\u00f3veis) de R$ 1,2 bilh\u00e3o captado com a venda de 4 centros de distribui\u00e7\u00e3o e 5 lojas para a Barzel, que ser\u00e3o alugados ao Grupo por meio de contratos de loca\u00e7\u00e3o com prazo de 20 anos, renov\u00e1veis por mais 5 anos.<\/p>\n\n\n\n<p><em>Com Estad\u00e3o Conte\u00fado<\/em><\/p>\n\n\n\t<p>\n\t\t<a href=\"https:\/\/lp.suno.com.br\/planilha-da-vida-financeira\/\" target=\"_blank\" data-element=\"shortcode-suno-banner\" title=\"Banner SUNO, clique e saiba mais\">\n\t\t\t<picture>\n\t\t\t\t<source media=\"(max-width: 500px)\" srcset=\"https:\/\/files.sunoresearch.com.br\/n\/uploads\/2023\/04\/400x300-Planilha-vida-financeira-true.png\">\n\t\t\t\t<img class=\"newsContent__article__imgCapa newsContent__article__imgCapa--banner\"\n\t\t\t\t\tsrc=\"https:\/\/files.sunoresearch.com.br\/n\/uploads\/2023\/04\/1420x240-Planilha-vida-financeira-true.png\"\n\t\t\t\t\tdata-promo-id=\"383123\"\t\t\t\t\t\t\t\t\t\twidth='1420' height='240'\t\t\t\t\talt=\"https:\/\/files.sunoresearch.com.br\/n\/uploads\/2023\/04\/1420x240-Planilha-vida-financeira-true.png\"\n\t\t\t\t>\n\t\t\t<\/picture>\n\t\t<\/a>\n\t<\/p>\n\n\n","protected":false},"excerpt":{"rendered":"<p>O Carrefour (CRFB3) apresentou lucro l\u00edquido ajustado de R$ 29 milh\u00f5es no segundo trimestre de 2023. O resultado \u00e9 95% menor do que o apresentado no mesmo per\u00edodo do ano passado. Carrefour (CRFB3). Foto: Divulga\u00e7\u00e3o Sem o ajuste, que descontou principalmente gastos com imposto de renda ligados \u00e0 venda de im\u00f3veis (opera\u00e7\u00e3o de sale and [&hellip;]<\/p>\n","protected":false},"author":73,"featured_media":333329,"comment_status":"closed","ping_status":"closed","sticky":false,"template":"","format":"standard","meta":[],"categories":[64],"tags":[1029,405,1607],"suno_strategy":[],"class_list":["post-433469","post","type-post","status-publish","format-standard","has-post-thumbnail","hentry","category-negocios","tag-balancos-trimestrais","tag-carrefour-crfb3","tag-resultado-das-empresas"],"yoast_head":"<!-- This site is optimized with the Yoast SEO plugin v24.4 - https:\/\/yoast.com\/wordpress\/plugins\/seo\/ -->\n<title>Carrefour (CRFB3) encolhe lucro em 95%, para R$ 29 milh\u00f5es<\/title>\n<meta name=\"description\" content=\"O Ebitda ajustado do Carrefour foi de R$ 1,3 bilh\u00e3o, com queda de 21,7% em rela\u00e7\u00e3o ao apresentado um ano antes\" \/>\n<meta name=\"robots\" content=\"index, follow, max-snippet:-1, max-image-preview:large, max-video-preview:-1\" \/>\n<link rel=\"canonical\" href=\"https:\/\/www.suno.com.br\/noticias\/carrefour-crfb3-encolhe-lucro-resultado-2t23-evm\/\" \/>\n<meta property=\"og:locale\" content=\"pt_BR\" \/>\n<meta property=\"og:type\" content=\"article\" \/>\n<meta property=\"og:title\" content=\"Carrefour (CRFB3) encolhe lucro em 95%, para R$ 29 milh\u00f5es\" \/>\n<meta property=\"og:description\" content=\"O Ebitda ajustado do Carrefour foi de R$ 1,3 bilh\u00e3o, com queda de 21,7% em rela\u00e7\u00e3o ao apresentado um ano antes\" \/>\n<meta property=\"og:url\" content=\"https:\/\/www.suno.com.br\/noticias\/carrefour-crfb3-encolhe-lucro-resultado-2t23-evm\/\" \/>\n<meta property=\"og:site_name\" content=\"Suno Not\u00edcias\" \/>\n<meta property=\"article:publisher\" content=\"https:\/\/facebook.com\/sunoresearch\" \/>\n<meta property=\"og:image\" content=\"https:\/\/files.sunoresearch.com.br\/n\/uploads\/2022\/12\/carrefour-crfb3.jpeg\" \/>\n\t<meta property=\"og:image:width\" content=\"1200\" \/>\n\t<meta property=\"og:image:height\" content=\"800\" \/>\n\t<meta property=\"og:image:type\" content=\"image\/jpeg\" \/>\n<meta name=\"author\" content=\"Eduardo Vargas\" \/>\n<meta name=\"twitter:card\" content=\"summary_large_image\" \/>\n<meta name=\"twitter:creator\" content=\"@sunoresearch\" \/>\n<meta name=\"twitter:site\" content=\"@sunoresearch\" \/>\n<meta name=\"twitter:label1\" content=\"Escrito por\" \/>\n\t<meta name=\"twitter:data1\" content=\"Eduardo Vargas\" \/>\n\t<meta name=\"twitter:label2\" content=\"Est. tempo de leitura\" \/>\n\t<meta name=\"twitter:data2\" content=\"6 minutos\" \/>\n<script type=\"application\/ld+json\" class=\"yoast-schema-graph\">{\"@context\":\"https:\/\/schema.org\",\"@graph\":[{\"@type\":\"NewsArticle\",\"@id\":\"https:\/\/www.suno.com.br\/noticias\/carrefour-crfb3-encolhe-lucro-resultado-2t23-evm\/#article\",\"isPartOf\":{\"@id\":\"https:\/\/www.suno.com.br\/noticias\/carrefour-crfb3-encolhe-lucro-resultado-2t23-evm\/\"},\"author\":{\"name\":\"Eduardo Vargas\",\"@id\":\"https:\/\/www.suno.com.br\/noticias\/#\/schema\/person\/7f4d362bf3518e76090143ae77bb49a5\"},\"headline\":\"Carrefour (CRFB3) encolhe lucro em 95%, para R$ 29 milh\u00f5es\",\"datePublished\":\"2023-07-25T23:41:44+00:00\",\"dateModified\":\"2023-07-26T00:09:23+00:00\",\"mainEntityOfPage\":{\"@id\":\"https:\/\/www.suno.com.br\/noticias\/carrefour-crfb3-encolhe-lucro-resultado-2t23-evm\/\"},\"wordCount\":975,\"publisher\":{\"@id\":\"https:\/\/www.suno.com.br\/noticias\/#organization\"},\"image\":{\"@id\":\"https:\/\/www.suno.com.br\/noticias\/carrefour-crfb3-encolhe-lucro-resultado-2t23-evm\/#primaryimage\"},\"thumbnailUrl\":\"https:\/\/files.sunoresearch.com.br\/n\/uploads\/2022\/12\/carrefour-crfb3.jpeg\",\"keywords\":[\"balan\u00e7os trimestrais\",\"Carrefour (CRFB3)\",\"Resultado das empresas\"],\"articleSection\":[\"Neg\u00f3cios\"],\"inLanguage\":\"pt-BR\"},{\"@type\":\"WebPage\",\"@id\":\"https:\/\/www.suno.com.br\/noticias\/carrefour-crfb3-encolhe-lucro-resultado-2t23-evm\/\",\"url\":\"https:\/\/www.suno.com.br\/noticias\/carrefour-crfb3-encolhe-lucro-resultado-2t23-evm\/\",\"name\":\"Carrefour (CRFB3) encolhe lucro em 95%, para R$ 29 milh\u00f5es\",\"isPartOf\":{\"@id\":\"https:\/\/www.suno.com.br\/noticias\/#website\"},\"primaryImageOfPage\":{\"@id\":\"https:\/\/www.suno.com.br\/noticias\/carrefour-crfb3-encolhe-lucro-resultado-2t23-evm\/#primaryimage\"},\"image\":{\"@id\":\"https:\/\/www.suno.com.br\/noticias\/carrefour-crfb3-encolhe-lucro-resultado-2t23-evm\/#primaryimage\"},\"thumbnailUrl\":\"https:\/\/files.sunoresearch.com.br\/n\/uploads\/2022\/12\/carrefour-crfb3.jpeg\",\"datePublished\":\"2023-07-25T23:41:44+00:00\",\"dateModified\":\"2023-07-26T00:09:23+00:00\",\"description\":\"O Ebitda ajustado do Carrefour foi de R$ 1,3 bilh\u00e3o, com queda de 21,7% em rela\u00e7\u00e3o ao apresentado um ano antes\",\"breadcrumb\":{\"@id\":\"https:\/\/www.suno.com.br\/noticias\/carrefour-crfb3-encolhe-lucro-resultado-2t23-evm\/#breadcrumb\"},\"inLanguage\":\"pt-BR\",\"potentialAction\":[{\"@type\":\"ReadAction\",\"target\":[\"https:\/\/www.suno.com.br\/noticias\/carrefour-crfb3-encolhe-lucro-resultado-2t23-evm\/\"]}]},{\"@type\":\"ImageObject\",\"inLanguage\":\"pt-BR\",\"@id\":\"https:\/\/www.suno.com.br\/noticias\/carrefour-crfb3-encolhe-lucro-resultado-2t23-evm\/#primaryimage\",\"url\":\"https:\/\/files.sunoresearch.com.br\/n\/uploads\/2022\/12\/carrefour-crfb3.jpeg\",\"contentUrl\":\"https:\/\/files.sunoresearch.com.br\/n\/uploads\/2022\/12\/carrefour-crfb3.jpeg\",\"width\":1200,\"height\":800,\"caption\":\"Carrefour (CRFB3). Foto: Divulga\u00e7\u00e3o\"},{\"@type\":\"BreadcrumbList\",\"@id\":\"https:\/\/www.suno.com.br\/noticias\/carrefour-crfb3-encolhe-lucro-resultado-2t23-evm\/#breadcrumb\",\"itemListElement\":[{\"@type\":\"ListItem\",\"position\":1,\"name\":\"Not\u00edcias\",\"item\":\"https:\/\/www.suno.com.br\/noticias\/\"},{\"@type\":\"ListItem\",\"position\":2,\"name\":\"Neg\u00f3cios\",\"item\":\"https:\/\/www.suno.com.br\/noticias\/negocios\/\"},{\"@type\":\"ListItem\",\"position\":3,\"name\":\"Carrefour (CRFB3) encolhe lucro em 95%, para R$ 29 milh\u00f5es\"}]},{\"@type\":\"WebSite\",\"@id\":\"https:\/\/www.suno.com.br\/noticias\/#website\",\"url\":\"https:\/\/www.suno.com.br\/noticias\/\",\"name\":\"Suno Not\u00edcias\",\"description\":\"Seu portal de informa\u00e7\u00e3o sobre o mundo dos investimentos\",\"publisher\":{\"@id\":\"https:\/\/www.suno.com.br\/noticias\/#organization\"},\"potentialAction\":[{\"@type\":\"SearchAction\",\"target\":{\"@type\":\"EntryPoint\",\"urlTemplate\":\"https:\/\/www.suno.com.br\/noticias\/?s={search_term_string}\"},\"query-input\":{\"@type\":\"PropertyValueSpecification\",\"valueRequired\":true,\"valueName\":\"search_term_string\"}}],\"inLanguage\":\"pt-BR\"},{\"@type\":\"Organization\",\"@id\":\"https:\/\/www.suno.com.br\/noticias\/#organization\",\"name\":\"Suno Not\u00edcias\",\"url\":\"https:\/\/www.suno.com.br\/noticias\/\",\"logo\":{\"@type\":\"ImageObject\",\"inLanguage\":\"pt-BR\",\"@id\":\"https:\/\/www.suno.com.br\/noticias\/#\/schema\/logo\/image\/\",\"url\":\"https:\/\/files.sunoresearch.com.br\/n\/uploads\/2021\/09\/suno-logo.png\",\"contentUrl\":\"https:\/\/files.sunoresearch.com.br\/n\/uploads\/2021\/09\/suno-logo.png\",\"width\":180,\"height\":180,\"caption\":\"Suno Not\u00edcias\"},\"image\":{\"@id\":\"https:\/\/www.suno.com.br\/noticias\/#\/schema\/logo\/image\/\"},\"sameAs\":[\"https:\/\/facebook.com\/sunoresearch\",\"https:\/\/x.com\/sunoresearch\",\"https:\/\/www.instagram.com\/suno\",\"https:\/\/www.linkedin.com\/company\/suno-research\/\",\"https:\/\/www.youtube.com\/c\/sunoresearch\"]},{\"@type\":\"Person\",\"@id\":\"https:\/\/www.suno.com.br\/noticias\/#\/schema\/person\/7f4d362bf3518e76090143ae77bb49a5\",\"name\":\"Eduardo Vargas\",\"image\":{\"@type\":\"ImageObject\",\"inLanguage\":\"pt-BR\",\"@id\":\"https:\/\/www.suno.com.br\/noticias\/#\/schema\/person\/image\/\",\"url\":\"https:\/\/secure.gravatar.com\/avatar\/dac340933427a22924c9f99d1eb2e3f2?s=96&r=g\",\"contentUrl\":\"https:\/\/secure.gravatar.com\/avatar\/dac340933427a22924c9f99d1eb2e3f2?s=96&r=g\",\"caption\":\"Eduardo Vargas\"},\"description\":\"Jornalista formado pela UFSC, cobre macroeconomia, neg\u00f3cios e startups para o Suno Not\u00edcias, escrevendo principalmente not\u00edcias sobre o mercado financeiro e a bolsa de valores. No YouTube e no Instagram, \u00e9 respons\u00e1vel pela produ\u00e7\u00e3o de Reels e Shorts do Suno Not\u00edcias. Anteriormente, trabalhou cobrindo economia e cotidiano no ND+ e para o ND, maior jornal impresso de Santa Catarina. Cursou um semestre letivo de Estudos de M\u00eddia na Universidad de Buenos Aires.\",\"url\":\"https:\/\/www.suno.com.br\/noticias\/author\/eduardo-vargas\/\"}]}<\/script>\n<!-- \/ Yoast SEO plugin. -->","yoast_head_json":{"title":"Carrefour (CRFB3) encolhe lucro em 95%, para R$ 29 milh\u00f5es","description":"O Ebitda ajustado do Carrefour foi de R$ 1,3 bilh\u00e3o, com queda de 21,7% em rela\u00e7\u00e3o ao apresentado um ano antes","robots":{"index":"index","follow":"follow","max-snippet":"max-snippet:-1","max-image-preview":"max-image-preview:large","max-video-preview":"max-video-preview:-1"},"canonical":"https:\/\/www.suno.com.br\/noticias\/carrefour-crfb3-encolhe-lucro-resultado-2t23-evm\/","og_locale":"pt_BR","og_type":"article","og_title":"Carrefour (CRFB3) encolhe lucro em 95%, para R$ 29 milh\u00f5es","og_description":"O Ebitda ajustado do Carrefour foi de R$ 1,3 bilh\u00e3o, com queda de 21,7% em rela\u00e7\u00e3o ao apresentado um ano antes","og_url":"https:\/\/www.suno.com.br\/noticias\/carrefour-crfb3-encolhe-lucro-resultado-2t23-evm\/","og_site_name":"Suno Not\u00edcias","article_publisher":"https:\/\/facebook.com\/sunoresearch","og_image":[{"width":1200,"height":800,"url":"https:\/\/files.sunoresearch.com.br\/n\/uploads\/2022\/12\/carrefour-crfb3.jpeg","type":"image\/jpeg"}],"author":"Eduardo Vargas","twitter_card":"summary_large_image","twitter_creator":"@sunoresearch","twitter_site":"@sunoresearch","twitter_misc":{"Escrito por":"Eduardo Vargas","Est. tempo de leitura":"6 minutos"},"schema":{"@context":"https:\/\/schema.org","@graph":[{"@type":"NewsArticle","@id":"https:\/\/www.suno.com.br\/noticias\/carrefour-crfb3-encolhe-lucro-resultado-2t23-evm\/#article","isPartOf":{"@id":"https:\/\/www.suno.com.br\/noticias\/carrefour-crfb3-encolhe-lucro-resultado-2t23-evm\/"},"author":{"name":"Eduardo Vargas","@id":"https:\/\/www.suno.com.br\/noticias\/#\/schema\/person\/7f4d362bf3518e76090143ae77bb49a5"},"headline":"Carrefour (CRFB3) encolhe lucro em 95%, para R$ 29 milh\u00f5es","datePublished":"2023-07-25T23:41:44+00:00","dateModified":"2023-07-26T00:09:23+00:00","mainEntityOfPage":{"@id":"https:\/\/www.suno.com.br\/noticias\/carrefour-crfb3-encolhe-lucro-resultado-2t23-evm\/"},"wordCount":975,"publisher":{"@id":"https:\/\/www.suno.com.br\/noticias\/#organization"},"image":{"@id":"https:\/\/www.suno.com.br\/noticias\/carrefour-crfb3-encolhe-lucro-resultado-2t23-evm\/#primaryimage"},"thumbnailUrl":"https:\/\/files.sunoresearch.com.br\/n\/uploads\/2022\/12\/carrefour-crfb3.jpeg","keywords":["balan\u00e7os trimestrais","Carrefour (CRFB3)","Resultado das empresas"],"articleSection":["Neg\u00f3cios"],"inLanguage":"pt-BR"},{"@type":"WebPage","@id":"https:\/\/www.suno.com.br\/noticias\/carrefour-crfb3-encolhe-lucro-resultado-2t23-evm\/","url":"https:\/\/www.suno.com.br\/noticias\/carrefour-crfb3-encolhe-lucro-resultado-2t23-evm\/","name":"Carrefour (CRFB3) encolhe lucro em 95%, para R$ 29 milh\u00f5es","isPartOf":{"@id":"https:\/\/www.suno.com.br\/noticias\/#website"},"primaryImageOfPage":{"@id":"https:\/\/www.suno.com.br\/noticias\/carrefour-crfb3-encolhe-lucro-resultado-2t23-evm\/#primaryimage"},"image":{"@id":"https:\/\/www.suno.com.br\/noticias\/carrefour-crfb3-encolhe-lucro-resultado-2t23-evm\/#primaryimage"},"thumbnailUrl":"https:\/\/files.sunoresearch.com.br\/n\/uploads\/2022\/12\/carrefour-crfb3.jpeg","datePublished":"2023-07-25T23:41:44+00:00","dateModified":"2023-07-26T00:09:23+00:00","description":"O Ebitda ajustado do Carrefour foi de R$ 1,3 bilh\u00e3o, com queda de 21,7% em rela\u00e7\u00e3o ao apresentado um ano antes","breadcrumb":{"@id":"https:\/\/www.suno.com.br\/noticias\/carrefour-crfb3-encolhe-lucro-resultado-2t23-evm\/#breadcrumb"},"inLanguage":"pt-BR","potentialAction":[{"@type":"ReadAction","target":["https:\/\/www.suno.com.br\/noticias\/carrefour-crfb3-encolhe-lucro-resultado-2t23-evm\/"]}]},{"@type":"ImageObject","inLanguage":"pt-BR","@id":"https:\/\/www.suno.com.br\/noticias\/carrefour-crfb3-encolhe-lucro-resultado-2t23-evm\/#primaryimage","url":"https:\/\/files.sunoresearch.com.br\/n\/uploads\/2022\/12\/carrefour-crfb3.jpeg","contentUrl":"https:\/\/files.sunoresearch.com.br\/n\/uploads\/2022\/12\/carrefour-crfb3.jpeg","width":1200,"height":800,"caption":"Carrefour (CRFB3). Foto: Divulga\u00e7\u00e3o"},{"@type":"BreadcrumbList","@id":"https:\/\/www.suno.com.br\/noticias\/carrefour-crfb3-encolhe-lucro-resultado-2t23-evm\/#breadcrumb","itemListElement":[{"@type":"ListItem","position":1,"name":"Not\u00edcias","item":"https:\/\/www.suno.com.br\/noticias\/"},{"@type":"ListItem","position":2,"name":"Neg\u00f3cios","item":"https:\/\/www.suno.com.br\/noticias\/negocios\/"},{"@type":"ListItem","position":3,"name":"Carrefour (CRFB3) encolhe lucro em 95%, para R$ 29 milh\u00f5es"}]},{"@type":"WebSite","@id":"https:\/\/www.suno.com.br\/noticias\/#website","url":"https:\/\/www.suno.com.br\/noticias\/","name":"Suno Not\u00edcias","description":"Seu portal de informa\u00e7\u00e3o sobre o mundo dos investimentos","publisher":{"@id":"https:\/\/www.suno.com.br\/noticias\/#organization"},"potentialAction":[{"@type":"SearchAction","target":{"@type":"EntryPoint","urlTemplate":"https:\/\/www.suno.com.br\/noticias\/?s={search_term_string}"},"query-input":{"@type":"PropertyValueSpecification","valueRequired":true,"valueName":"search_term_string"}}],"inLanguage":"pt-BR"},{"@type":"Organization","@id":"https:\/\/www.suno.com.br\/noticias\/#organization","name":"Suno Not\u00edcias","url":"https:\/\/www.suno.com.br\/noticias\/","logo":{"@type":"ImageObject","inLanguage":"pt-BR","@id":"https:\/\/www.suno.com.br\/noticias\/#\/schema\/logo\/image\/","url":"https:\/\/files.sunoresearch.com.br\/n\/uploads\/2021\/09\/suno-logo.png","contentUrl":"https:\/\/files.sunoresearch.com.br\/n\/uploads\/2021\/09\/suno-logo.png","width":180,"height":180,"caption":"Suno Not\u00edcias"},"image":{"@id":"https:\/\/www.suno.com.br\/noticias\/#\/schema\/logo\/image\/"},"sameAs":["https:\/\/facebook.com\/sunoresearch","https:\/\/x.com\/sunoresearch","https:\/\/www.instagram.com\/suno","https:\/\/www.linkedin.com\/company\/suno-research\/","https:\/\/www.youtube.com\/c\/sunoresearch"]},{"@type":"Person","@id":"https:\/\/www.suno.com.br\/noticias\/#\/schema\/person\/7f4d362bf3518e76090143ae77bb49a5","name":"Eduardo Vargas","image":{"@type":"ImageObject","inLanguage":"pt-BR","@id":"https:\/\/www.suno.com.br\/noticias\/#\/schema\/person\/image\/","url":"https:\/\/secure.gravatar.com\/avatar\/dac340933427a22924c9f99d1eb2e3f2?s=96&r=g","contentUrl":"https:\/\/secure.gravatar.com\/avatar\/dac340933427a22924c9f99d1eb2e3f2?s=96&r=g","caption":"Eduardo Vargas"},"description":"Jornalista formado pela UFSC, cobre macroeconomia, neg\u00f3cios e startups para o Suno Not\u00edcias, escrevendo principalmente not\u00edcias sobre o mercado financeiro e a bolsa de valores. No YouTube e no Instagram, \u00e9 respons\u00e1vel pela produ\u00e7\u00e3o de Reels e Shorts do Suno Not\u00edcias. Anteriormente, trabalhou cobrindo economia e cotidiano no ND+ e para o ND, maior jornal impresso de Santa Catarina. Cursou um semestre letivo de Estudos de M\u00eddia na Universidad de Buenos Aires.","url":"https:\/\/www.suno.com.br\/noticias\/author\/eduardo-vargas\/"}]}},"default_loop_html":"<div class=\"cardsPage__listCard__boxs\"><div class=\"cardsPage__listCard__boxs__img\"><a href=\"https:\/\/www.suno.com.br\/noticias\/carrefour-crfb3-encolhe-lucro-resultado-2t23-evm\/\"><img class=\"mask\" src=\"https:\/\/www.suno.com.br\/noticias\/wp-content\/themes\/suno\/resources\/images\/spotlight\/spotlight1img\/bg-mask.png\" alt=\"Image Mask\"\/><img src=\"https:\/\/files.sunoresearch.com.br\/n\/uploads\/2022\/12\/carrefour-crfb3-400x200.jpeg\" alt=\"Carrefour (CRFB3) encolhe lucro em 95%, para R$ 29 milh\u00f5es\"\/><\/a><span class=\"spotlightCategory\"><a href=\"https:\/\/www.suno.com.br\/noticias\/negocios\/\">Neg\u00f3cios<\/a><\/span><\/div><div class=\"cardsPage__listCard__boxs__content\"><a href=\"https:\/\/www.suno.com.br\/noticias\/carrefour-crfb3-encolhe-lucro-resultado-2t23-evm\/\"><h2 class=\"content__title\">Carrefour (CRFB3) encolhe lucro em 95%, para R$ 29 milh\u00f5es<\/h2><\/a><div class=\"newsContent__article__meta\"><div class=\"newsContent__article__meta__authorBox\"><a href=\"https:\/\/www.suno.com.br\/noticias\/author\/eduardo-vargas\/\" class=\"authorBox__avatar noMobi\"><img src=\"https:\/\/secure.gravatar.com\/avatar\/dac340933427a22924c9f99d1eb2e3f2?s=96&#038;r=g\" alt=\"Eduardo Vargas\"><\/a><div class=\"authorBox__name\"><span>por\n\t\t\t<a href=\"https:\/\/www.suno.com.br\/noticias\/author\/eduardo-vargas\/\"><span itemprop=\"author\">Eduardo Vargas<\/span><\/a><\/span><time datetime=\"2023-07-25T20:41:44-03:00\" itemprop=\"datePublished\">25\/07\/2023 20:41<\/time><\/div><\/div><\/div><\/div><\/div>","single_layout":"posts","amp_enabled":true,"_links":{"self":[{"href":"https:\/\/www.suno.com.br\/noticias\/wp-json\/wp\/v2\/posts\/433469"}],"collection":[{"href":"https:\/\/www.suno.com.br\/noticias\/wp-json\/wp\/v2\/posts"}],"about":[{"href":"https:\/\/www.suno.com.br\/noticias\/wp-json\/wp\/v2\/types\/post"}],"author":[{"embeddable":true,"href":"https:\/\/www.suno.com.br\/noticias\/wp-json\/wp\/v2\/users\/73"}],"replies":[{"embeddable":true,"href":"https:\/\/www.suno.com.br\/noticias\/wp-json\/wp\/v2\/comments?post=433469"}],"version-history":[{"count":3,"href":"https:\/\/www.suno.com.br\/noticias\/wp-json\/wp\/v2\/posts\/433469\/revisions"}],"predecessor-version":[{"id":433509,"href":"https:\/\/www.suno.com.br\/noticias\/wp-json\/wp\/v2\/posts\/433469\/revisions\/433509"}],"wp:featuredmedia":[{"embeddable":true,"href":"https:\/\/www.suno.com.br\/noticias\/wp-json\/wp\/v2\/media\/333329"}],"wp:attachment":[{"href":"https:\/\/www.suno.com.br\/noticias\/wp-json\/wp\/v2\/media?parent=433469"}],"wp:term":[{"taxonomy":"category","embeddable":true,"href":"https:\/\/www.suno.com.br\/noticias\/wp-json\/wp\/v2\/categories?post=433469"},{"taxonomy":"post_tag","embeddable":true,"href":"https:\/\/www.suno.com.br\/noticias\/wp-json\/wp\/v2\/tags?post=433469"},{"taxonomy":"suno_strategy","embeddable":true,"href":"https:\/\/www.suno.com.br\/noticias\/wp-json\/wp\/v2\/suno_strategy?post=433469"}],"curies":[{"name":"wp","href":"https:\/\/api.w.org\/{rel}","templated":true}]}}