{"id":433328,"date":"2023-07-25T18:03:53","date_gmt":"2023-07-25T21:03:53","guid":{"rendered":"https:\/\/www.suno.com.br\/noticias\/?p=433328"},"modified":"2023-07-25T18:04:00","modified_gmt":"2023-07-25T21:04:00","slug":"ipca-15-xp-projeta-corte-selic-agosto-saiba-mais-va","status":"publish","type":"post","link":"https:\/\/www.suno.com.br\/noticias\/ipca-15-xp-projeta-corte-selic-agosto-saiba-mais-va\/","title":{"rendered":"Depois do resultado do IPCA-15, Selic ter\u00e1 corte em agosto? Analistas respondem"},"content":{"rendered":"<p>O \u00cdndice Nacional de Pre\u00e7os ao Consumidor Amplo 15, o <strong>IPCA-15<\/strong>, teve uma queda de 0,07% em julho, informou nesta ter\u00e7a-feira (25) o <a class=\"suno-keyword\" data-force=\"no\" data-priority=\"3\" href=\"https:\/\/www.suno.com.br\/artigos\/ibge\/\" target=\"_blank\" rel=\"noopener\">Instituto Brasileiro de Geografia e Estat\u00edstica (IBGE)<\/a>. Para a XP Investimentos, a composi\u00e7\u00e3o do IPCA-15 de julho n\u00e3o trouxe surpresas, mas indica um prov\u00e1vel corte de juros em agosto pelo Copom. <\/p>\t<div class=\"wrapper-featured-image\">\n\t\t<figure class=\"spotlightImg\">\n\n\t\t\t<picture>\n\t\t\t\t<source media=\"(max-width: 768px)\" srcset=\"https:\/\/files.sunoresearch.com.br\/n\/uploads\/2023\/05\/taxas-juros-economia-400x200.jpg\">\n\t\t\t\t<img loading=\"lazy\" decoding=\"async\" class=\"newsContent__article__imgCapa lazyloadDisabled \" src=\"https:\/\/files.sunoresearch.com.br\/n\/uploads\/2023\/05\/taxas-juros-economia-800x450.jpg\" width=\"800\" height=\"450\" alt=\"Depois do resultado do IPCA-15, Selic ter\u00e1 corte em agosto? Analistas respondem\" fetchpriority=high \/>\n\t\t\t<\/picture>\n\n\t\t\t<figcaption class=\"wp-caption-text wp-caption-text--show\">Fundos imobili\u00e1rios - Foto: iStock<\/figcaption>\n\t\t<\/figure>\n\t<\/div>\n\n\n\n\n\n\t<p>\n\t\t<a href=\"\" target=\"_blank\" data-element=\"shortcode-suno-banner\" title=\"Banner SUNO, clique e saiba mais\">\n\t\t\t<picture>\n\t\t\t\t<source media=\"(max-width: 500px)\" srcset=\"\">\n\t\t\t\t<img class=\"newsContent__article__imgCapa newsContent__article__imgCapa--banner\"\n\t\t\t\t\tsrc=\"\"\n\t\t\t\t\tdata-promo-id=\"240038\"\t\t\t\t\t\t\t\t\t\t\t\t\t\t\talt=\"\"\n\t\t\t\t>\n\t\t\t<\/picture>\n\t\t<\/a>\n\t<\/p>\n\n\n\n\n\n\n\n<p>Na varia\u00e7\u00e3o em 12 meses, o <strong>\u00edndice de infla\u00e7\u00e3o<\/strong> recuou para 3,19% em julho, ante 3,40% em junho. \u201cO desvio baixista em rela\u00e7\u00e3o \u00e0 nossa proje\u00e7\u00e3o concentrou-se nos itens de transporte p\u00fablico (-3,1 bps). Por outro lado, as principais surpresas de alta vieram de \u2018ve\u00edculo pr\u00f3prio\u2019 (4,0bps) e \u2018frutas\u2019 (+3,0bps)\u201d, aponta a <strong>XP<\/strong> em relat\u00f3rio, que esperava queda de -0,05% no IPCA-15 de julho.<\/p>\n\n\n\n<p>A m\u00e9dia dos n\u00facleos de infla\u00e7\u00e3o aumentou 0,09% em rela\u00e7\u00e3o ao m\u00eas anterior, em linha com a <strong>proje\u00e7\u00e3o da XP <\/strong>de 0,12%. A taxa m\u00e9dia m\u00f3vel anualizada ajustada sazonalmente de 3 meses (3M SAAR) recuou para 3,2%, de 4,6%. \u201cA medida de \u2018servi\u00e7os subjacentes\u2019, acompanhada de perto pelo Banco Central, avan\u00e7ou 0,35% em julho, tamb\u00e9m em linha com nossa proje\u00e7\u00e3o (0,37%)\u201d, diz a XP.<\/p>\n\n\n\n<p>De acordo com o economista da XP Investimentos Alexandre Maluf, o indicador de servi\u00e7os reverteu o desempenho ruim referente ao <strong>IPCA de junho<\/strong>, principalmente em sub\u00edndices, como alugu\u00e9is e condom\u00ednio. \u201cAs medidas de n\u00facleos e servi\u00e7os apresentaram melhora em julho, aumentando as apostas para um corte de 0,5 ponto percentual na pr\u00f3xima <a class=\"suno-keyword\" data-force=\"no\" data-priority=\"2\" href=\"https:\/\/www.suno.com.br\/artigos\/copom\/\" target=\"_blank\" rel=\"noopener\">reuni\u00e3o do Copom<\/a>.\u201d<\/p>\n\n\n\n<p>Em rela\u00e7\u00e3o aos pre\u00e7os de bens industriais, a XP tamb\u00e9m avalia que foram alinhadas a expectativas, mostrando uma desacelera\u00e7\u00e3o menor que a esperada nos pre\u00e7os de autom\u00f3veis novos (-2,4% m\/m vs -3,4% estimado). <\/p>\n\n\n\n<p>\u201cNa pr\u00e1tica, o programa de incentivos \u00e0 ind\u00fastria automobil\u00edstica teve efeito menor do que o esperado no IPCA, o que deve pressionar para cima a leitura final de julho\u201d, concluem os analistas.<\/p>\n\n\n\t<p>\n\t\t<a href=\"https:\/\/lp.suno.com.br\/ebook-gratuito-investindo-no-exterior\/\" target=\"_blank\" data-element=\"shortcode-suno-banner\" title=\"Banner SUNO, clique e saiba mais\">\n\t\t\t<picture>\n\t\t\t\t<source media=\"(max-width: 500px)\" srcset=\"https:\/\/files.sunoresearch.com.br\/n\/uploads\/2023\/03\/400x300-Investindo-no-exterior.png\">\n\t\t\t\t<img class=\"newsContent__article__imgCapa newsContent__article__imgCapa--banner\"\n\t\t\t\t\tsrc=\"https:\/\/files.sunoresearch.com.br\/n\/uploads\/2023\/03\/1420x240-Investindo-no-exterior.png\"\n\t\t\t\t\tdata-promo-id=\"383161\"\t\t\t\t\t\t\t\t\t\twidth='1420' height='240'\t\t\t\t\talt=\"https:\/\/files.sunoresearch.com.br\/n\/uploads\/2023\/03\/1420x240-Investindo-no-exterior.png\"\n\t\t\t\t>\n\t\t\t<\/picture>\n\t\t<\/a>\n\t<\/p>\n\n\n\n\n\n<h2 class=\"wp-block-heading\">Com resultados do IPCA-15, XP espera corte de juros em agosto<\/h2>\n\n\n\n<p>Mesmo com as apostas aumentando em rela\u00e7\u00e3o a um corte de 0,5 ponto percentual na pr\u00f3xima reuni\u00e3o do Copom, a <strong>equipe da XP<\/strong> ainda projeta que as varia\u00e7\u00f5es relativamente altas nos \u00faltimos doze meses da m\u00e9dia dos n\u00facleos (5,5%) e dos servi\u00e7os subjacentes (5,9%) e \u00e0s expectativas de infla\u00e7\u00e3o acima da meta, far\u00e3o o Copom optar por iniciar o ciclo de corte com 0,25pp em agosto.<\/p>\n\n\n\n\t<div data-element=\"shortcode-read-more\" class=\"readToo\">\n\t\t\t\t<span class=\"readToo__title\">Leia mais<\/span>\n\t\t\t\t<ul class=\"readToo__list\">\n\t\t\t<li><a href=\"https:\/\/www.suno.com.br\/noticias\/ipca-15-cai-julho-veja-avaliacao-especialistas-cpf\/\">IPCA-15 cai 0,07% em julho ap\u00f3s alta anterior de 0,04%, diz IBGE; veja o que pensam especialistas<\/a><\/li><li><a href=\"https:\/\/www.suno.com.br\/noticias\/ipca-governo-preve-inflacao-menor-pib-veja-numeros-va\/\">IPCA: governo federal melhora proje\u00e7\u00e3o da infla\u00e7\u00e3o e do PIB; veja os novos n\u00fameros<\/a><\/li>\t\t<\/ul>\n\t<\/div>\n\n\n\n\n<p>\u201cMantemos nossa vis\u00e3o de que o Copom entregar\u00e1 corte de 0,25 pp na <a class=\"suno-keyword\" target=\"_blank\" data-force=\"no\" data-priority=\"3\" href=\"https:\/\/www.suno.com.br\/artigos\/taxa-selic\/\" rel=\"noopener\">taxa Selic<\/a> para 13,50% em sua pr\u00f3xima reuni\u00e3o. Por fim, mantemos nossas estimativas de IPCA em 4,7% para 2023 e 4,1% para 2024\u201d, diz Maluf.<\/p>\n\n\n\n<h2 class=\"wp-block-heading\">Especialista em mercado analisa IPCA-15 de julho<\/h2>\n\n\n\n<p>Andr\u00e9 Fernandes, especialista em <a class=\"suno-keyword\" data-force=\"no\" data-priority=\"1\" href=\"https:\/\/www.suno.com.br\/artigos\/mercado-de-capitais-conceito\/\" target=\"_blank\" rel=\"noopener\">mercado de capitais<\/a> e s\u00f3cio da A7 Capital, em entrevista para a Suno, avaliou que o <strong>resultado do IPCA-15<\/strong> veio melhor do que o mercado esperava; \u201cO consenso do mercado era queda de -0,03% na varia\u00e7\u00e3o mensal, e veio -0,07%. Na varia\u00e7\u00e3o anual, o \u00edndice ficou em -3,19%, o consenso do mercado era de -3,26%,\u201d explicou o especialista e s\u00f3cio.<\/p>\n\n\n\n<p>Entre os itens que mais impactaram o dado de agora, o especialista destaca a alta no <strong>pre\u00e7o dos combust\u00edveis<\/strong> (gasolina) na compara\u00e7\u00e3o mensal que teve um aumento de 3%, e pesa no IPCA. Essa alta \u00e9 decorrente, principalmente, da volta dos tributos nos combust\u00edveis.<\/p>\n\n\n\n<p>Por outro lado, Fernandes destaca a baixa na conta de energia el\u00e9trica residencial, que teve uma queda de -3,4% e tamb\u00e9m tem um grande peso no \u00edndice. \u201cNa minha opini\u00e3o, pode ser um reflexo do clima. No ver\u00e3o ficamos em bandeira vermelha, hoje estamos em bandeira verde, que \u00e9 a menor. Tamb\u00e9m \u00e9 importante destacar que ainda n\u00e3o vimos nesses dados impacto nos pre\u00e7os dos ve\u00edculos novos com o programa do Governo, o que ainda pode pesar futuramente no IPCA.\u201d<\/p>\n\n\n\n<p>O setor de servi\u00e7os, que tem atra\u00eddo muita aten\u00e7\u00e3o do mercado atualmente, mostrou dados de cont\u00ednua acelera\u00e7\u00e3o, por\u00e9m abaixo do m\u00eas anterior e tamb\u00e9m abaixo da m\u00e9dia hist\u00f3rica. \u201cDados dos servi\u00e7os subjacentes, que excluem os itens mais vol\u00e1teis, j\u00e1 come\u00e7am a inflexionar para baixo ao olharmos a m\u00e9dia m\u00f3vel dos \u00faltimos 3 meses, com uma varia\u00e7\u00e3o anual de 5,7%\u201d, analisa Fernandes.<\/p>\n\n\n\n<h2 class=\"wp-block-heading\">Rea\u00e7\u00e3o do mercado <\/h2>\n\n\n\n<p>A rea\u00e7\u00e3o do mercado aos n\u00fameros atualizados do <strong>IPCA-15 <\/strong>foi imediata. \u201cNa <a class=\"suno-keyword\" target=\"_blank\" data-force=\"no\" data-priority=\"1\" href=\"https:\/\/www.suno.com.br\/artigos\/abertura-do-mercado\/\" rel=\"noopener\">abertura do mercado<\/a> futuro, vimos a <a class=\"suno-keyword\" target=\"_blank\" data-force=\"no\" data-priority=\"1\" href=\"https:\/\/www.suno.com.br\/artigos\/curva-de-juros\/\" rel=\"noopener\">curva de juros<\/a> fechando mais (caindo), e as apostas nas op\u00e7\u00f5es do Comit\u00ea de Pol\u00edticas Monet\u00e1rias (Copom) se destacando o corte de -0,50% na <a class=\"suno-keyword\" target=\"_blank\" data-force=\"no\" data-priority=\"3\" href=\"https:\/\/www.suno.com.br\/artigos\/taxa-selic\/\" rel=\"noopener\">taxa Selic<\/a> na pr\u00f3xima reuni\u00e3o, que saiu de 47% de probabilidade para 63%\u201d, conclui o especialista.<\/p>\n\n\n\n<p><em>Com informa\u00e7\u00f5es de Estad\u00e3o Conte\u00fado<\/em><\/p>\n\n\n\t<p>\n\t\t<a href=\"https:\/\/lp.suno.com.br\/planilha-da-vida-financeira\/\" target=\"_blank\" data-element=\"shortcode-suno-banner\" title=\"Banner SUNO, clique e saiba mais\">\n\t\t\t<picture>\n\t\t\t\t<source media=\"(max-width: 500px)\" srcset=\"https:\/\/files.sunoresearch.com.br\/n\/uploads\/2023\/04\/400x300-Planilha-vida-financeira-true.png\">\n\t\t\t\t<img class=\"newsContent__article__imgCapa newsContent__article__imgCapa--banner\"\n\t\t\t\t\tsrc=\"https:\/\/files.sunoresearch.com.br\/n\/uploads\/2023\/04\/1420x240-Planilha-vida-financeira-true.png\"\n\t\t\t\t\tdata-promo-id=\"383123\"\t\t\t\t\t\t\t\t\t\twidth='1420' height='240'\t\t\t\t\talt=\"https:\/\/files.sunoresearch.com.br\/n\/uploads\/2023\/04\/1420x240-Planilha-vida-financeira-true.png\"\n\t\t\t\t>\n\t\t\t<\/picture>\n\t\t<\/a>\n\t<\/p>\n\n\n","protected":false},"excerpt":{"rendered":"<p>O \u00cdndice Nacional de Pre\u00e7os ao Consumidor Amplo 15, o IPCA-15, teve uma queda de 0,07% em julho, informou nesta ter\u00e7a-feira (25) o Instituto Brasileiro de Geografia e Estat\u00edstica (IBGE). Para a XP Investimentos, a composi\u00e7\u00e3o do IPCA-15 de julho n\u00e3o trouxe surpresas, mas indica um prov\u00e1vel corte de juros em agosto pelo Copom. Fundos [&hellip;]<\/p>\n","protected":false},"author":301,"featured_media":408704,"comment_status":"closed","ping_status":"closed","sticky":false,"template":"","format":"standard","meta":[],"categories":[62],"tags":[740,850,966,1361,888],"suno_strategy":[],"class_list":["post-433328","post","type-post","status-publish","format-standard","has-post-thumbnail","hentry","category-economia","tag-economia","tag-inflacao","tag-ipca","tag-ipca-15","tag-xp-investimentos"],"yoast_head":"<!-- This site is optimized with the Yoast SEO plugin v24.4 - https:\/\/yoast.com\/wordpress\/plugins\/seo\/ -->\n<title>Ap\u00f3s IPCA-15, XP projeta corte de 0,25pp da Selic em agosto; saiba mais<\/title>\n<meta name=\"description\" content=\"O IPCA-15 teve uma queda de 0,07% em julho, informou nesta ter\u00e7a-feira (25) o Instituto Brasileiro de Geografia e Estat\u00edstica (IBGE).\" \/>\n<meta name=\"robots\" content=\"index, follow, max-snippet:-1, max-image-preview:large, max-video-preview:-1\" \/>\n<link rel=\"canonical\" href=\"https:\/\/www.suno.com.br\/noticias\/ipca-15-xp-projeta-corte-selic-agosto-saiba-mais-va\/\" \/>\n<meta property=\"og:locale\" content=\"pt_BR\" \/>\n<meta property=\"og:type\" content=\"article\" \/>\n<meta property=\"og:title\" content=\"Ap\u00f3s IPCA-15, XP projeta corte de 0,25pp da Selic em agosto; saiba mais\" \/>\n<meta property=\"og:description\" content=\"O IPCA-15 teve uma queda de 0,07% em julho, informou nesta ter\u00e7a-feira (25) o Instituto Brasileiro de Geografia e Estat\u00edstica (IBGE).\" \/>\n<meta property=\"og:url\" content=\"https:\/\/www.suno.com.br\/noticias\/ipca-15-xp-projeta-corte-selic-agosto-saiba-mais-va\/\" \/>\n<meta property=\"og:site_name\" content=\"Suno Not\u00edcias\" \/>\n<meta property=\"article:publisher\" content=\"https:\/\/facebook.com\/sunoresearch\" \/>\n<meta property=\"og:image\" content=\"https:\/\/files.sunoresearch.com.br\/n\/uploads\/2023\/05\/taxas-juros-economia.jpg\" \/>\n\t<meta property=\"og:image:width\" content=\"1200\" \/>\n\t<meta property=\"og:image:height\" content=\"800\" \/>\n\t<meta property=\"og:image:type\" content=\"image\/jpeg\" \/>\n<meta name=\"author\" content=\"Vin\u00edcius Alves\" \/>\n<meta name=\"twitter:card\" content=\"summary_large_image\" \/>\n<meta name=\"twitter:creator\" content=\"@sunoresearch\" \/>\n<meta name=\"twitter:site\" content=\"@sunoresearch\" \/>\n<meta name=\"twitter:label1\" content=\"Escrito por\" \/>\n\t<meta name=\"twitter:data1\" content=\"Vin\u00edcius Alves\" \/>\n\t<meta name=\"twitter:label2\" content=\"Est. tempo de leitura\" \/>\n\t<meta name=\"twitter:data2\" content=\"5 minutos\" \/>\n<script type=\"application\/ld+json\" class=\"yoast-schema-graph\">{\"@context\":\"https:\/\/schema.org\",\"@graph\":[{\"@type\":\"NewsArticle\",\"@id\":\"https:\/\/www.suno.com.br\/noticias\/ipca-15-xp-projeta-corte-selic-agosto-saiba-mais-va\/#article\",\"isPartOf\":{\"@id\":\"https:\/\/www.suno.com.br\/noticias\/ipca-15-xp-projeta-corte-selic-agosto-saiba-mais-va\/\"},\"author\":{\"name\":\"Vin\u00edcius Alves\",\"@id\":\"https:\/\/www.suno.com.br\/noticias\/#\/schema\/person\/4a180549702d0e236b3e420862bcded3\"},\"headline\":\"Depois do resultado do IPCA-15, Selic ter\u00e1 corte em agosto? Analistas respondem\",\"datePublished\":\"2023-07-25T21:03:53+00:00\",\"dateModified\":\"2023-07-25T21:04:00+00:00\",\"mainEntityOfPage\":{\"@id\":\"https:\/\/www.suno.com.br\/noticias\/ipca-15-xp-projeta-corte-selic-agosto-saiba-mais-va\/\"},\"wordCount\":826,\"publisher\":{\"@id\":\"https:\/\/www.suno.com.br\/noticias\/#organization\"},\"image\":{\"@id\":\"https:\/\/www.suno.com.br\/noticias\/ipca-15-xp-projeta-corte-selic-agosto-saiba-mais-va\/#primaryimage\"},\"thumbnailUrl\":\"https:\/\/files.sunoresearch.com.br\/n\/uploads\/2023\/05\/taxas-juros-economia.jpg\",\"keywords\":[\"Economia\",\"infla\u00e7\u00e3o\",\"IPCA\",\"IPCA-15\",\"XP Investimentos\"],\"articleSection\":[\"Economia\"],\"inLanguage\":\"pt-BR\"},{\"@type\":\"WebPage\",\"@id\":\"https:\/\/www.suno.com.br\/noticias\/ipca-15-xp-projeta-corte-selic-agosto-saiba-mais-va\/\",\"url\":\"https:\/\/www.suno.com.br\/noticias\/ipca-15-xp-projeta-corte-selic-agosto-saiba-mais-va\/\",\"name\":\"Ap\u00f3s IPCA-15, XP projeta corte de 0,25pp da Selic em agosto; saiba mais\",\"isPartOf\":{\"@id\":\"https:\/\/www.suno.com.br\/noticias\/#website\"},\"primaryImageOfPage\":{\"@id\":\"https:\/\/www.suno.com.br\/noticias\/ipca-15-xp-projeta-corte-selic-agosto-saiba-mais-va\/#primaryimage\"},\"image\":{\"@id\":\"https:\/\/www.suno.com.br\/noticias\/ipca-15-xp-projeta-corte-selic-agosto-saiba-mais-va\/#primaryimage\"},\"thumbnailUrl\":\"https:\/\/files.sunoresearch.com.br\/n\/uploads\/2023\/05\/taxas-juros-economia.jpg\",\"datePublished\":\"2023-07-25T21:03:53+00:00\",\"dateModified\":\"2023-07-25T21:04:00+00:00\",\"description\":\"O IPCA-15 teve uma queda de 0,07% em julho, informou nesta ter\u00e7a-feira (25) o Instituto Brasileiro de Geografia e Estat\u00edstica (IBGE).\",\"breadcrumb\":{\"@id\":\"https:\/\/www.suno.com.br\/noticias\/ipca-15-xp-projeta-corte-selic-agosto-saiba-mais-va\/#breadcrumb\"},\"inLanguage\":\"pt-BR\",\"potentialAction\":[{\"@type\":\"ReadAction\",\"target\":[\"https:\/\/www.suno.com.br\/noticias\/ipca-15-xp-projeta-corte-selic-agosto-saiba-mais-va\/\"]}]},{\"@type\":\"ImageObject\",\"inLanguage\":\"pt-BR\",\"@id\":\"https:\/\/www.suno.com.br\/noticias\/ipca-15-xp-projeta-corte-selic-agosto-saiba-mais-va\/#primaryimage\",\"url\":\"https:\/\/files.sunoresearch.com.br\/n\/uploads\/2023\/05\/taxas-juros-economia.jpg\",\"contentUrl\":\"https:\/\/files.sunoresearch.com.br\/n\/uploads\/2023\/05\/taxas-juros-economia.jpg\",\"width\":1200,\"height\":800,\"caption\":\"Fundos imobili\u00e1rios - Foto: iStock\"},{\"@type\":\"BreadcrumbList\",\"@id\":\"https:\/\/www.suno.com.br\/noticias\/ipca-15-xp-projeta-corte-selic-agosto-saiba-mais-va\/#breadcrumb\",\"itemListElement\":[{\"@type\":\"ListItem\",\"position\":1,\"name\":\"Not\u00edcias\",\"item\":\"https:\/\/www.suno.com.br\/noticias\/\"},{\"@type\":\"ListItem\",\"position\":2,\"name\":\"Economia\",\"item\":\"https:\/\/www.suno.com.br\/noticias\/economia\/\"},{\"@type\":\"ListItem\",\"position\":3,\"name\":\"Depois do resultado do IPCA-15, Selic ter\u00e1 corte em agosto? Analistas respondem\"}]},{\"@type\":\"WebSite\",\"@id\":\"https:\/\/www.suno.com.br\/noticias\/#website\",\"url\":\"https:\/\/www.suno.com.br\/noticias\/\",\"name\":\"Suno Not\u00edcias\",\"description\":\"Seu portal de informa\u00e7\u00e3o sobre o mundo dos investimentos\",\"publisher\":{\"@id\":\"https:\/\/www.suno.com.br\/noticias\/#organization\"},\"potentialAction\":[{\"@type\":\"SearchAction\",\"target\":{\"@type\":\"EntryPoint\",\"urlTemplate\":\"https:\/\/www.suno.com.br\/noticias\/?s={search_term_string}\"},\"query-input\":{\"@type\":\"PropertyValueSpecification\",\"valueRequired\":true,\"valueName\":\"search_term_string\"}}],\"inLanguage\":\"pt-BR\"},{\"@type\":\"Organization\",\"@id\":\"https:\/\/www.suno.com.br\/noticias\/#organization\",\"name\":\"Suno Not\u00edcias\",\"url\":\"https:\/\/www.suno.com.br\/noticias\/\",\"logo\":{\"@type\":\"ImageObject\",\"inLanguage\":\"pt-BR\",\"@id\":\"https:\/\/www.suno.com.br\/noticias\/#\/schema\/logo\/image\/\",\"url\":\"https:\/\/files.sunoresearch.com.br\/n\/uploads\/2021\/09\/suno-logo.png\",\"contentUrl\":\"https:\/\/files.sunoresearch.com.br\/n\/uploads\/2021\/09\/suno-logo.png\",\"width\":180,\"height\":180,\"caption\":\"Suno Not\u00edcias\"},\"image\":{\"@id\":\"https:\/\/www.suno.com.br\/noticias\/#\/schema\/logo\/image\/\"},\"sameAs\":[\"https:\/\/facebook.com\/sunoresearch\",\"https:\/\/x.com\/sunoresearch\",\"https:\/\/www.instagram.com\/suno\",\"https:\/\/www.linkedin.com\/company\/suno-research\/\",\"https:\/\/www.youtube.com\/c\/sunoresearch\"]},{\"@type\":\"Person\",\"@id\":\"https:\/\/www.suno.com.br\/noticias\/#\/schema\/person\/4a180549702d0e236b3e420862bcded3\",\"name\":\"Vin\u00edcius Alves\",\"image\":{\"@type\":\"ImageObject\",\"inLanguage\":\"pt-BR\",\"@id\":\"https:\/\/www.suno.com.br\/noticias\/#\/schema\/person\/image\/\",\"url\":\"https:\/\/secure.gravatar.com\/avatar\/a95b7fe6d1b813f7907d4f476d5a39e1?s=96&r=g\",\"contentUrl\":\"https:\/\/secure.gravatar.com\/avatar\/a95b7fe6d1b813f7907d4f476d5a39e1?s=96&r=g\",\"caption\":\"Vin\u00edcius Alves\"},\"description\":\"Jornalista formado na Faculdade C\u00e1sper L\u00edbero. Com passagens pela Ag\u00eancia Estado, InfoMoney e Editora Globo.\",\"url\":\"https:\/\/www.suno.com.br\/noticias\/author\/vini08correiagmail-com\/\"}]}<\/script>\n<!-- \/ Yoast SEO plugin. -->","yoast_head_json":{"title":"Ap\u00f3s IPCA-15, XP projeta corte de 0,25pp da Selic em agosto; saiba mais","description":"O IPCA-15 teve uma queda de 0,07% em julho, informou nesta ter\u00e7a-feira (25) o Instituto Brasileiro de Geografia e Estat\u00edstica (IBGE).","robots":{"index":"index","follow":"follow","max-snippet":"max-snippet:-1","max-image-preview":"max-image-preview:large","max-video-preview":"max-video-preview:-1"},"canonical":"https:\/\/www.suno.com.br\/noticias\/ipca-15-xp-projeta-corte-selic-agosto-saiba-mais-va\/","og_locale":"pt_BR","og_type":"article","og_title":"Ap\u00f3s IPCA-15, XP projeta corte de 0,25pp da Selic em agosto; saiba mais","og_description":"O IPCA-15 teve uma queda de 0,07% em julho, informou nesta ter\u00e7a-feira (25) o Instituto Brasileiro de Geografia e Estat\u00edstica (IBGE).","og_url":"https:\/\/www.suno.com.br\/noticias\/ipca-15-xp-projeta-corte-selic-agosto-saiba-mais-va\/","og_site_name":"Suno Not\u00edcias","article_publisher":"https:\/\/facebook.com\/sunoresearch","og_image":[{"width":1200,"height":800,"url":"https:\/\/files.sunoresearch.com.br\/n\/uploads\/2023\/05\/taxas-juros-economia.jpg","type":"image\/jpeg"}],"author":"Vin\u00edcius Alves","twitter_card":"summary_large_image","twitter_creator":"@sunoresearch","twitter_site":"@sunoresearch","twitter_misc":{"Escrito por":"Vin\u00edcius Alves","Est. tempo de leitura":"5 minutos"},"schema":{"@context":"https:\/\/schema.org","@graph":[{"@type":"NewsArticle","@id":"https:\/\/www.suno.com.br\/noticias\/ipca-15-xp-projeta-corte-selic-agosto-saiba-mais-va\/#article","isPartOf":{"@id":"https:\/\/www.suno.com.br\/noticias\/ipca-15-xp-projeta-corte-selic-agosto-saiba-mais-va\/"},"author":{"name":"Vin\u00edcius Alves","@id":"https:\/\/www.suno.com.br\/noticias\/#\/schema\/person\/4a180549702d0e236b3e420862bcded3"},"headline":"Depois do resultado do IPCA-15, Selic ter\u00e1 corte em agosto? Analistas respondem","datePublished":"2023-07-25T21:03:53+00:00","dateModified":"2023-07-25T21:04:00+00:00","mainEntityOfPage":{"@id":"https:\/\/www.suno.com.br\/noticias\/ipca-15-xp-projeta-corte-selic-agosto-saiba-mais-va\/"},"wordCount":826,"publisher":{"@id":"https:\/\/www.suno.com.br\/noticias\/#organization"},"image":{"@id":"https:\/\/www.suno.com.br\/noticias\/ipca-15-xp-projeta-corte-selic-agosto-saiba-mais-va\/#primaryimage"},"thumbnailUrl":"https:\/\/files.sunoresearch.com.br\/n\/uploads\/2023\/05\/taxas-juros-economia.jpg","keywords":["Economia","infla\u00e7\u00e3o","IPCA","IPCA-15","XP Investimentos"],"articleSection":["Economia"],"inLanguage":"pt-BR"},{"@type":"WebPage","@id":"https:\/\/www.suno.com.br\/noticias\/ipca-15-xp-projeta-corte-selic-agosto-saiba-mais-va\/","url":"https:\/\/www.suno.com.br\/noticias\/ipca-15-xp-projeta-corte-selic-agosto-saiba-mais-va\/","name":"Ap\u00f3s IPCA-15, XP projeta corte de 0,25pp da Selic em agosto; saiba mais","isPartOf":{"@id":"https:\/\/www.suno.com.br\/noticias\/#website"},"primaryImageOfPage":{"@id":"https:\/\/www.suno.com.br\/noticias\/ipca-15-xp-projeta-corte-selic-agosto-saiba-mais-va\/#primaryimage"},"image":{"@id":"https:\/\/www.suno.com.br\/noticias\/ipca-15-xp-projeta-corte-selic-agosto-saiba-mais-va\/#primaryimage"},"thumbnailUrl":"https:\/\/files.sunoresearch.com.br\/n\/uploads\/2023\/05\/taxas-juros-economia.jpg","datePublished":"2023-07-25T21:03:53+00:00","dateModified":"2023-07-25T21:04:00+00:00","description":"O IPCA-15 teve uma queda de 0,07% em julho, informou nesta ter\u00e7a-feira (25) o Instituto Brasileiro de Geografia e Estat\u00edstica (IBGE).","breadcrumb":{"@id":"https:\/\/www.suno.com.br\/noticias\/ipca-15-xp-projeta-corte-selic-agosto-saiba-mais-va\/#breadcrumb"},"inLanguage":"pt-BR","potentialAction":[{"@type":"ReadAction","target":["https:\/\/www.suno.com.br\/noticias\/ipca-15-xp-projeta-corte-selic-agosto-saiba-mais-va\/"]}]},{"@type":"ImageObject","inLanguage":"pt-BR","@id":"https:\/\/www.suno.com.br\/noticias\/ipca-15-xp-projeta-corte-selic-agosto-saiba-mais-va\/#primaryimage","url":"https:\/\/files.sunoresearch.com.br\/n\/uploads\/2023\/05\/taxas-juros-economia.jpg","contentUrl":"https:\/\/files.sunoresearch.com.br\/n\/uploads\/2023\/05\/taxas-juros-economia.jpg","width":1200,"height":800,"caption":"Fundos imobili\u00e1rios - Foto: iStock"},{"@type":"BreadcrumbList","@id":"https:\/\/www.suno.com.br\/noticias\/ipca-15-xp-projeta-corte-selic-agosto-saiba-mais-va\/#breadcrumb","itemListElement":[{"@type":"ListItem","position":1,"name":"Not\u00edcias","item":"https:\/\/www.suno.com.br\/noticias\/"},{"@type":"ListItem","position":2,"name":"Economia","item":"https:\/\/www.suno.com.br\/noticias\/economia\/"},{"@type":"ListItem","position":3,"name":"Depois do resultado do IPCA-15, Selic ter\u00e1 corte em agosto? Analistas respondem"}]},{"@type":"WebSite","@id":"https:\/\/www.suno.com.br\/noticias\/#website","url":"https:\/\/www.suno.com.br\/noticias\/","name":"Suno Not\u00edcias","description":"Seu portal de informa\u00e7\u00e3o sobre o mundo dos investimentos","publisher":{"@id":"https:\/\/www.suno.com.br\/noticias\/#organization"},"potentialAction":[{"@type":"SearchAction","target":{"@type":"EntryPoint","urlTemplate":"https:\/\/www.suno.com.br\/noticias\/?s={search_term_string}"},"query-input":{"@type":"PropertyValueSpecification","valueRequired":true,"valueName":"search_term_string"}}],"inLanguage":"pt-BR"},{"@type":"Organization","@id":"https:\/\/www.suno.com.br\/noticias\/#organization","name":"Suno Not\u00edcias","url":"https:\/\/www.suno.com.br\/noticias\/","logo":{"@type":"ImageObject","inLanguage":"pt-BR","@id":"https:\/\/www.suno.com.br\/noticias\/#\/schema\/logo\/image\/","url":"https:\/\/files.sunoresearch.com.br\/n\/uploads\/2021\/09\/suno-logo.png","contentUrl":"https:\/\/files.sunoresearch.com.br\/n\/uploads\/2021\/09\/suno-logo.png","width":180,"height":180,"caption":"Suno Not\u00edcias"},"image":{"@id":"https:\/\/www.suno.com.br\/noticias\/#\/schema\/logo\/image\/"},"sameAs":["https:\/\/facebook.com\/sunoresearch","https:\/\/x.com\/sunoresearch","https:\/\/www.instagram.com\/suno","https:\/\/www.linkedin.com\/company\/suno-research\/","https:\/\/www.youtube.com\/c\/sunoresearch"]},{"@type":"Person","@id":"https:\/\/www.suno.com.br\/noticias\/#\/schema\/person\/4a180549702d0e236b3e420862bcded3","name":"Vin\u00edcius Alves","image":{"@type":"ImageObject","inLanguage":"pt-BR","@id":"https:\/\/www.suno.com.br\/noticias\/#\/schema\/person\/image\/","url":"https:\/\/secure.gravatar.com\/avatar\/a95b7fe6d1b813f7907d4f476d5a39e1?s=96&r=g","contentUrl":"https:\/\/secure.gravatar.com\/avatar\/a95b7fe6d1b813f7907d4f476d5a39e1?s=96&r=g","caption":"Vin\u00edcius Alves"},"description":"Jornalista formado na Faculdade C\u00e1sper L\u00edbero. Com passagens pela Ag\u00eancia Estado, InfoMoney e Editora Globo.","url":"https:\/\/www.suno.com.br\/noticias\/author\/vini08correiagmail-com\/"}]}},"default_loop_html":"<div class=\"cardsPage__listCard__boxs\"><div class=\"cardsPage__listCard__boxs__img\"><a href=\"https:\/\/www.suno.com.br\/noticias\/ipca-15-xp-projeta-corte-selic-agosto-saiba-mais-va\/\"><img class=\"mask\" src=\"https:\/\/www.suno.com.br\/noticias\/wp-content\/themes\/suno\/resources\/images\/spotlight\/spotlight1img\/bg-mask.png\" alt=\"Image Mask\"\/><img src=\"https:\/\/files.sunoresearch.com.br\/n\/uploads\/2023\/05\/taxas-juros-economia-400x200.jpg\" alt=\"Depois do resultado do IPCA-15, Selic ter\u00e1 corte em agosto? Analistas respondem\"\/><\/a><span class=\"spotlightCategory\"><a href=\"https:\/\/www.suno.com.br\/noticias\/economia\/\">Economia<\/a><\/span><\/div><div class=\"cardsPage__listCard__boxs__content\"><a href=\"https:\/\/www.suno.com.br\/noticias\/ipca-15-xp-projeta-corte-selic-agosto-saiba-mais-va\/\"><h2 class=\"content__title\">Depois do resultado do IPCA-15, Selic ter\u00e1 corte em agosto? Analistas respondem<\/h2><\/a><div class=\"newsContent__article__meta\"><div class=\"newsContent__article__meta__authorBox\"><a href=\"https:\/\/www.suno.com.br\/noticias\/author\/vini08correiagmail-com\/\" class=\"authorBox__avatar noMobi\"><img src=\"https:\/\/files.sunoresearch.com.br\/n\/uploads\/2026\/04\/WhatsApp-Image-2026-04-20-at-19.35.48-150x150.webp\" alt=\"Vin\u00edcius Alves\"><\/a><div class=\"authorBox__name\"><span>por\n\t\t\t<a href=\"https:\/\/www.suno.com.br\/noticias\/author\/vini08correiagmail-com\/\"><span itemprop=\"author\">Vin\u00edcius Alves<\/span><\/a><\/span><time datetime=\"2023-07-25T18:03:53-03:00\" itemprop=\"datePublished\">25\/07\/2023 18:03<\/time><\/div><\/div><\/div><\/div><\/div>","single_layout":"posts","amp_enabled":true,"_links":{"self":[{"href":"https:\/\/www.suno.com.br\/noticias\/wp-json\/wp\/v2\/posts\/433328"}],"collection":[{"href":"https:\/\/www.suno.com.br\/noticias\/wp-json\/wp\/v2\/posts"}],"about":[{"href":"https:\/\/www.suno.com.br\/noticias\/wp-json\/wp\/v2\/types\/post"}],"author":[{"embeddable":true,"href":"https:\/\/www.suno.com.br\/noticias\/wp-json\/wp\/v2\/users\/301"}],"replies":[{"embeddable":true,"href":"https:\/\/www.suno.com.br\/noticias\/wp-json\/wp\/v2\/comments?post=433328"}],"version-history":[{"count":2,"href":"https:\/\/www.suno.com.br\/noticias\/wp-json\/wp\/v2\/posts\/433328\/revisions"}],"predecessor-version":[{"id":433373,"href":"https:\/\/www.suno.com.br\/noticias\/wp-json\/wp\/v2\/posts\/433328\/revisions\/433373"}],"wp:featuredmedia":[{"embeddable":true,"href":"https:\/\/www.suno.com.br\/noticias\/wp-json\/wp\/v2\/media\/408704"}],"wp:attachment":[{"href":"https:\/\/www.suno.com.br\/noticias\/wp-json\/wp\/v2\/media?parent=433328"}],"wp:term":[{"taxonomy":"category","embeddable":true,"href":"https:\/\/www.suno.com.br\/noticias\/wp-json\/wp\/v2\/categories?post=433328"},{"taxonomy":"post_tag","embeddable":true,"href":"https:\/\/www.suno.com.br\/noticias\/wp-json\/wp\/v2\/tags?post=433328"},{"taxonomy":"suno_strategy","embeddable":true,"href":"https:\/\/www.suno.com.br\/noticias\/wp-json\/wp\/v2\/suno_strategy?post=433328"}],"curies":[{"name":"wp","href":"https:\/\/api.w.org\/{rel}","templated":true}]}}