{"id":433225,"date":"2023-07-26T11:27:12","date_gmt":"2023-07-26T14:27:12","guid":{"rendered":"https:\/\/www.suno.com.br\/noticias\/?p=433225"},"modified":"2023-07-26T11:27:18","modified_gmt":"2023-07-26T14:27:18","slug":"bradesco-ipca-15-inflacao-servicos-benigna-cpf","status":"publish","type":"post","link":"https:\/\/www.suno.com.br\/noticias\/bradesco-ipca-15-inflacao-servicos-benigna-cpf\/","title":{"rendered":"Bradesco (BBDC4) enxerga composi\u00e7\u00e3o benigna no IPCA-15 e servi\u00e7os em julho"},"content":{"rendered":"<p>O<strong> Bradesco (BBDC3\/BBDC4) <\/strong>avaliou que os resultados do \u00cdndice Nacional de Pre\u00e7os ao Consumidor Amplo &#8211; 15 (IPCA-15) divulgado na ter\u00e7a-feira (25) e a infla\u00e7\u00e3o de servi\u00e7os no \u00e2mbito do indicador apresentaram um quadro mais favor\u00e1vel. <\/p>\t<div class=\"wrapper-featured-image\">\n\t\t<figure class=\"spotlightImg\">\n\n\t\t\t<picture>\n\t\t\t\t<source media=\"(max-width: 768px)\" srcset=\"https:\/\/files.sunoresearch.com.br\/n\/uploads\/2021\/02\/4f63b4b8-1200px-bradesco_-_rua_das_laranjeiras_no_233-400x200.webp\">\n\t\t\t\t<img loading=\"lazy\" decoding=\"async\" class=\"newsContent__article__imgCapa lazyloadDisabled \" src=\"https:\/\/files.sunoresearch.com.br\/n\/uploads\/2021\/02\/4f63b4b8-1200px-bradesco_-_rua_das_laranjeiras_no_233-800x450.webp\" width=\"800\" height=\"450\" alt=\"Bradesco (BBDC4) enxerga composi\u00e7\u00e3o benigna no IPCA-15 e servi\u00e7os em julho\" fetchpriority=high \/>\n\t\t\t<\/picture>\n\n\t\t\t<figcaption class=\"wp-caption-text wp-caption-text--show\">Bradesco - Foto: Reprodu\u00e7\u00e3o<\/figcaption>\n\t\t<\/figure>\n\t<\/div>\n\n\n\n\n\n\t<p>\n\t\t<a href=\"https:\/\/lp.suno.com.br\/planilha-da-vida-financeira\/\" target=\"_blank\" data-element=\"shortcode-suno-banner\" title=\"Banner SUNO, clique e saiba mais\">\n\t\t\t<picture>\n\t\t\t\t<source media=\"(max-width: 500px)\" srcset=\"https:\/\/files.sunoresearch.com.br\/n\/uploads\/2023\/04\/400x300-Planilha-vida-financeira-true.png\">\n\t\t\t\t<img class=\"newsContent__article__imgCapa newsContent__article__imgCapa--banner\"\n\t\t\t\t\tsrc=\"https:\/\/files.sunoresearch.com.br\/n\/uploads\/2023\/04\/1420x240-Planilha-vida-financeira-true.png\"\n\t\t\t\t\tdata-promo-id=\"106682\"\t\t\t\t\t\t\t\t\t\twidth='1420' height='240'\t\t\t\t\talt=\"https:\/\/files.sunoresearch.com.br\/n\/uploads\/2023\/04\/1420x240-Planilha-vida-financeira-true.png\"\n\t\t\t\t>\n\t\t\t<\/picture>\n\t\t<\/a>\n\t<\/p>\n\n\n\n\n\n<p>No m\u00eas de julho, o <strong>IPCA-15<\/strong> teve queda de 0,07%, ante mediana de recuo de 0,03%. O <strong>Bradesco <\/strong>previa -0,08%. Em 12 meses, o \u00edndice registra alta de 3,19%.<\/p>\n\n\n\t<p>\n\t\t<a href=\"https:\/\/lp.suno.com.br\/ebook-como-analisar-uma-acao\/\" target=\"_blank\" data-element=\"shortcode-suno-banner\" title=\"Banner SUNO, clique e saiba mais\">\n\t\t\t<picture>\n\t\t\t\t<source media=\"(max-width: 500px)\" srcset=\"https:\/\/files.sunoresearch.com.br\/n\/uploads\/2023\/03\/Ebook-Acoes-Mobile.jpg\">\n\t\t\t\t<img class=\"newsContent__article__imgCapa newsContent__article__imgCapa--banner\"\n\t\t\t\t\tsrc=\"https:\/\/files.sunoresearch.com.br\/n\/uploads\/2023\/03\/Ebook-Acoes-Desktop.jpg\"\n\t\t\t\t\tdata-promo-id=\"378302\"\t\t\t\t\t\t\t\t\t\twidth='1420' height='286'\t\t\t\t\talt=\"https:\/\/files.sunoresearch.com.br\/n\/uploads\/2023\/03\/Ebook-Acoes-Desktop.jpg\"\n\t\t\t\t>\n\t\t\t<\/picture>\n\t\t<\/a>\n\t<\/p>\n\n\n\n\n\n<h2 class=\"wp-block-heading\">Taxa m\u00e9dia dos n\u00facleos no IPCA-15 abaixo do esperado<\/h2>\n\n\n\n<p>&#8220;Infla\u00e7\u00e3o de servi\u00e7os apresentou din\u00e2mica mais benigna em julho&#8221;, afirmou o banco em relat\u00f3rio. Para o Bradesco, a taxa m\u00e9dia dos n\u00facleos no IPCA-15 acabou abaixo do esperado. <\/p>\n\n\n\n<blockquote class=\"wp-block-quote is-layout-flow wp-block-quote-is-layout-flow\">\n<p>&#8220;Composi\u00e7\u00e3o mais benigna, com maior desinfla\u00e7\u00e3o nas m\u00e9tricas subjacentes. Mantemos nossa proje\u00e7\u00e3o de 4,8% para o IPCA deste ano&#8221;, afirma.<\/p>\n<\/blockquote>\n\n\n\n<p>Uma das medidas mais acompanhadas pelo <a class=\"suno-keyword\" data-force=\"no\" data-priority=\"3\" href=\"https:\/\/www.suno.com.br\/artigos\/bacen\/\" target=\"_blank\" rel=\"noopener\">Banco Central (BC)<\/a>, a de servi\u00e7os subjacentes, desacelerou na leitura deste m\u00eas. A taxa de 0,56% retraiu para 0,35% de junho para julho, retomando o patamar de maio.  Na m\u00e9dia m\u00f3vel de tr\u00eas meses dessazonalizada e anualizada, o <strong>Bradesco <\/strong>calcula uma desacelera\u00e7\u00e3o de 6,0% para 5,2%.<\/p>\n\n\n\n<p>&#8220;A m\u00e9dia dos n\u00facleos ficou abaixo do esperado. Os n\u00facleos apresentam uma desacelera\u00e7\u00e3o mais intensa temporariamente, em fun\u00e7\u00e3o do <strong>desconto nos autom\u00f3veis<\/strong> (bens dur\u00e1veis), mas tamb\u00e9m houve desacelera\u00e7\u00e3o das m\u00e9tricas subjacentes de servi\u00e7os e bens&#8221;, segundo Bradesco.<\/p>\n\n\n\n<p>Mesmo com a acelera\u00e7\u00e3o pontual em produtos <i>in natura<\/i>, o banco destaca que a infla\u00e7\u00e3o de Alimenta\u00e7\u00e3o no Domic\u00edlio (-0,72% ante alta de 0,81% em junho) registrou queda, principalmente em prote\u00ednas. &#8220;Esperamos continuidade da defla\u00e7\u00e3o de alimentos at\u00e9 o final deste trimestre&#8221;, estima.<\/p>\n\n\n\n<p>Nos bens industriais, o <strong>Bradesco <\/strong>chama a aten\u00e7\u00e3o para o recuo de 0,55%, mais forte do que a queda de 0,08% em junho. Segundo a institui\u00e7\u00e3o, o decl\u00ednio al\u00e9m do esperado dos pre\u00e7os de bens n\u00e3o dur\u00e1veis, foi influenciado por produtos de Higiene Pessoal, junto ao impacto do <strong>desconto dos ve\u00edculos<\/strong>.<\/p>\n\n\n\n<p>Em contrapartida, o grupo de Administrados acelerou marginalmente e subiu 0,17%, ap\u00f3s ceder 0,03% no m\u00eas passado. Isso ocorre &#8220;em fun\u00e7\u00e3o da alta nos pre\u00e7os da <strong>gasolina <\/strong>(3%). Por outro lado, o desconto nas tarifas de energia (-3,45%) exerceu impacto baixista pontual no IPCA-15 deste m\u00eas,&#8221; avaliou o <strong>Bradesco (BBDC4).<\/strong><\/p>\n\n\n\n<p><em>Com informa\u00e7\u00f5es de Estad\u00e3o Conte\u00fado.<\/em><\/p>\n\n\n\t<p>\n\t\t<a href=\"https:\/\/lp.suno.com.br\/planilha-da-vida-financeira\/\" target=\"_blank\" data-element=\"shortcode-suno-banner\" title=\"Banner SUNO, clique e saiba mais\">\n\t\t\t<picture>\n\t\t\t\t<source media=\"(max-width: 500px)\" srcset=\"https:\/\/files.sunoresearch.com.br\/n\/uploads\/2023\/04\/400x300-Planilha-vida-financeira-true.png\">\n\t\t\t\t<img class=\"newsContent__article__imgCapa newsContent__article__imgCapa--banner\"\n\t\t\t\t\tsrc=\"https:\/\/files.sunoresearch.com.br\/n\/uploads\/2023\/04\/1420x240-Planilha-vida-financeira-true.png\"\n\t\t\t\t\tdata-promo-id=\"383123\"\t\t\t\t\t\t\t\t\t\twidth='1420' height='240'\t\t\t\t\talt=\"https:\/\/files.sunoresearch.com.br\/n\/uploads\/2023\/04\/1420x240-Planilha-vida-financeira-true.png\"\n\t\t\t\t>\n\t\t\t<\/picture>\n\t\t<\/a>\n\t<\/p>\n\n\n","protected":false},"excerpt":{"rendered":"<p>O Bradesco (BBDC3\/BBDC4) avaliou que os resultados do \u00cdndice Nacional de Pre\u00e7os ao Consumidor Amplo &#8211; 15 (IPCA-15) divulgado na ter\u00e7a-feira (25) e a infla\u00e7\u00e3o de servi\u00e7os no \u00e2mbito do indicador apresentaram um quadro mais favor\u00e1vel. Bradesco &#8211; Foto: Reprodu\u00e7\u00e3o No m\u00eas de julho, o IPCA-15 teve queda de 0,07%, ante mediana de recuo de [&hellip;]<\/p>\n","protected":false},"author":283,"featured_media":118691,"comment_status":"closed","ping_status":"closed","sticky":false,"template":"","format":"standard","meta":[],"categories":[64],"tags":[106444,392,1361],"suno_strategy":[],"class_list":["post-433225","post","type-post","status-publish","format-standard","has-post-thumbnail","hentry","category-negocios","tag-agencias","tag-bradesco-bbdc3-bbdc4","tag-ipca-15"],"yoast_head":"<!-- This site is optimized with the Yoast SEO plugin v24.4 - https:\/\/yoast.com\/wordpress\/plugins\/seo\/ -->\n<title>Bradesco (BBDC4) avalia servi\u00e7os em situa\u00e7\u00e3o positiva ap\u00f3s IPCA-15<\/title>\n<meta name=\"description\" content=\"Relat\u00f3rio do Bradesco avalia desempenho de servi\u00e7os frente aos n\u00fameros do IPCA-15 como tendo uma &quot;din\u00e2mica mais benigna&quot; em julho. Leia mais.\" \/>\n<meta name=\"robots\" content=\"index, follow, max-snippet:-1, max-image-preview:large, max-video-preview:-1\" \/>\n<link rel=\"canonical\" href=\"https:\/\/www.suno.com.br\/noticias\/bradesco-ipca-15-inflacao-servicos-benigna-cpf\/\" \/>\n<meta property=\"og:locale\" content=\"pt_BR\" \/>\n<meta property=\"og:type\" content=\"article\" \/>\n<meta property=\"og:title\" content=\"Bradesco (BBDC4) avalia servi\u00e7os em situa\u00e7\u00e3o positiva ap\u00f3s IPCA-15\" \/>\n<meta property=\"og:description\" content=\"Relat\u00f3rio do Bradesco avalia desempenho de servi\u00e7os frente aos n\u00fameros do IPCA-15 como tendo uma &quot;din\u00e2mica mais benigna&quot; em julho. Leia mais.\" \/>\n<meta property=\"og:url\" content=\"https:\/\/www.suno.com.br\/noticias\/bradesco-ipca-15-inflacao-servicos-benigna-cpf\/\" \/>\n<meta property=\"og:site_name\" content=\"Suno Not\u00edcias\" \/>\n<meta property=\"article:publisher\" content=\"https:\/\/facebook.com\/sunoresearch\" \/>\n<meta property=\"og:image\" content=\"https:\/\/files.sunoresearch.com.br\/n\/uploads\/2021\/02\/4f63b4b8-1200px-bradesco_-_rua_das_laranjeiras_no_233.jpg\" \/>\n\t<meta property=\"og:image:width\" content=\"1200\" \/>\n\t<meta property=\"og:image:height\" content=\"900\" \/>\n\t<meta property=\"og:image:type\" content=\"image\/jpeg\" \/>\n<meta name=\"author\" content=\"Camila Paim\" \/>\n<meta name=\"twitter:card\" content=\"summary_large_image\" \/>\n<meta name=\"twitter:creator\" content=\"@sunoresearch\" \/>\n<meta name=\"twitter:site\" content=\"@sunoresearch\" \/>\n<meta name=\"twitter:label1\" content=\"Escrito por\" \/>\n\t<meta name=\"twitter:data1\" content=\"Camila Paim\" \/>\n\t<meta name=\"twitter:label2\" content=\"Est. tempo de leitura\" \/>\n\t<meta name=\"twitter:data2\" content=\"3 minutos\" \/>\n<script type=\"application\/ld+json\" class=\"yoast-schema-graph\">{\"@context\":\"https:\/\/schema.org\",\"@graph\":[{\"@type\":\"NewsArticle\",\"@id\":\"https:\/\/www.suno.com.br\/noticias\/bradesco-ipca-15-inflacao-servicos-benigna-cpf\/#article\",\"isPartOf\":{\"@id\":\"https:\/\/www.suno.com.br\/noticias\/bradesco-ipca-15-inflacao-servicos-benigna-cpf\/\"},\"author\":{\"name\":\"Camila Paim\",\"@id\":\"https:\/\/www.suno.com.br\/noticias\/#\/schema\/person\/f341d3ae5d1cc685176c9a5327cdfdbb\"},\"headline\":\"Bradesco (BBDC4) enxerga composi\u00e7\u00e3o benigna no IPCA-15 e servi\u00e7os em julho\",\"datePublished\":\"2023-07-26T14:27:12+00:00\",\"dateModified\":\"2023-07-26T14:27:18+00:00\",\"mainEntityOfPage\":{\"@id\":\"https:\/\/www.suno.com.br\/noticias\/bradesco-ipca-15-inflacao-servicos-benigna-cpf\/\"},\"wordCount\":423,\"publisher\":{\"@id\":\"https:\/\/www.suno.com.br\/noticias\/#organization\"},\"image\":{\"@id\":\"https:\/\/www.suno.com.br\/noticias\/bradesco-ipca-15-inflacao-servicos-benigna-cpf\/#primaryimage\"},\"thumbnailUrl\":\"https:\/\/files.sunoresearch.com.br\/n\/uploads\/2021\/02\/4f63b4b8-1200px-bradesco_-_rua_das_laranjeiras_no_233-jpg.webp\",\"keywords\":[\"Ag\u00eancias\",\"Bradesco (BBDC3\/BBDC4)\",\"IPCA-15\"],\"articleSection\":[\"Neg\u00f3cios\"],\"inLanguage\":\"pt-BR\"},{\"@type\":\"WebPage\",\"@id\":\"https:\/\/www.suno.com.br\/noticias\/bradesco-ipca-15-inflacao-servicos-benigna-cpf\/\",\"url\":\"https:\/\/www.suno.com.br\/noticias\/bradesco-ipca-15-inflacao-servicos-benigna-cpf\/\",\"name\":\"Bradesco (BBDC4) avalia servi\u00e7os em situa\u00e7\u00e3o positiva ap\u00f3s IPCA-15\",\"isPartOf\":{\"@id\":\"https:\/\/www.suno.com.br\/noticias\/#website\"},\"primaryImageOfPage\":{\"@id\":\"https:\/\/www.suno.com.br\/noticias\/bradesco-ipca-15-inflacao-servicos-benigna-cpf\/#primaryimage\"},\"image\":{\"@id\":\"https:\/\/www.suno.com.br\/noticias\/bradesco-ipca-15-inflacao-servicos-benigna-cpf\/#primaryimage\"},\"thumbnailUrl\":\"https:\/\/files.sunoresearch.com.br\/n\/uploads\/2021\/02\/4f63b4b8-1200px-bradesco_-_rua_das_laranjeiras_no_233-jpg.webp\",\"datePublished\":\"2023-07-26T14:27:12+00:00\",\"dateModified\":\"2023-07-26T14:27:18+00:00\",\"description\":\"Relat\u00f3rio do Bradesco avalia desempenho de servi\u00e7os frente aos n\u00fameros do IPCA-15 como tendo uma \\\"din\u00e2mica mais benigna\\\" em julho. Leia mais.\",\"breadcrumb\":{\"@id\":\"https:\/\/www.suno.com.br\/noticias\/bradesco-ipca-15-inflacao-servicos-benigna-cpf\/#breadcrumb\"},\"inLanguage\":\"pt-BR\",\"potentialAction\":[{\"@type\":\"ReadAction\",\"target\":[\"https:\/\/www.suno.com.br\/noticias\/bradesco-ipca-15-inflacao-servicos-benigna-cpf\/\"]}]},{\"@type\":\"ImageObject\",\"inLanguage\":\"pt-BR\",\"@id\":\"https:\/\/www.suno.com.br\/noticias\/bradesco-ipca-15-inflacao-servicos-benigna-cpf\/#primaryimage\",\"url\":\"https:\/\/files.sunoresearch.com.br\/n\/uploads\/2021\/02\/4f63b4b8-1200px-bradesco_-_rua_das_laranjeiras_no_233-jpg.webp\",\"contentUrl\":\"https:\/\/files.sunoresearch.com.br\/n\/uploads\/2021\/02\/4f63b4b8-1200px-bradesco_-_rua_das_laranjeiras_no_233-jpg.webp\",\"width\":1200,\"height\":900,\"caption\":\"Bradesco - Foto: Reprodu\u00e7\u00e3o\"},{\"@type\":\"BreadcrumbList\",\"@id\":\"https:\/\/www.suno.com.br\/noticias\/bradesco-ipca-15-inflacao-servicos-benigna-cpf\/#breadcrumb\",\"itemListElement\":[{\"@type\":\"ListItem\",\"position\":1,\"name\":\"Not\u00edcias\",\"item\":\"https:\/\/www.suno.com.br\/noticias\/\"},{\"@type\":\"ListItem\",\"position\":2,\"name\":\"Neg\u00f3cios\",\"item\":\"https:\/\/www.suno.com.br\/noticias\/negocios\/\"},{\"@type\":\"ListItem\",\"position\":3,\"name\":\"Bradesco (BBDC4) enxerga composi\u00e7\u00e3o benigna no IPCA-15 e servi\u00e7os em julho\"}]},{\"@type\":\"WebSite\",\"@id\":\"https:\/\/www.suno.com.br\/noticias\/#website\",\"url\":\"https:\/\/www.suno.com.br\/noticias\/\",\"name\":\"Suno Not\u00edcias\",\"description\":\"Seu portal de informa\u00e7\u00e3o sobre o mundo dos investimentos\",\"publisher\":{\"@id\":\"https:\/\/www.suno.com.br\/noticias\/#organization\"},\"potentialAction\":[{\"@type\":\"SearchAction\",\"target\":{\"@type\":\"EntryPoint\",\"urlTemplate\":\"https:\/\/www.suno.com.br\/noticias\/?s={search_term_string}\"},\"query-input\":{\"@type\":\"PropertyValueSpecification\",\"valueRequired\":true,\"valueName\":\"search_term_string\"}}],\"inLanguage\":\"pt-BR\"},{\"@type\":\"Organization\",\"@id\":\"https:\/\/www.suno.com.br\/noticias\/#organization\",\"name\":\"Suno Not\u00edcias\",\"url\":\"https:\/\/www.suno.com.br\/noticias\/\",\"logo\":{\"@type\":\"ImageObject\",\"inLanguage\":\"pt-BR\",\"@id\":\"https:\/\/www.suno.com.br\/noticias\/#\/schema\/logo\/image\/\",\"url\":\"https:\/\/files.sunoresearch.com.br\/n\/uploads\/2021\/09\/suno-logo.png\",\"contentUrl\":\"https:\/\/files.sunoresearch.com.br\/n\/uploads\/2021\/09\/suno-logo.png\",\"width\":180,\"height\":180,\"caption\":\"Suno Not\u00edcias\"},\"image\":{\"@id\":\"https:\/\/www.suno.com.br\/noticias\/#\/schema\/logo\/image\/\"},\"sameAs\":[\"https:\/\/facebook.com\/sunoresearch\",\"https:\/\/x.com\/sunoresearch\",\"https:\/\/www.instagram.com\/suno\",\"https:\/\/www.linkedin.com\/company\/suno-research\/\",\"https:\/\/www.youtube.com\/c\/sunoresearch\"]},{\"@type\":\"Person\",\"@id\":\"https:\/\/www.suno.com.br\/noticias\/#\/schema\/person\/f341d3ae5d1cc685176c9a5327cdfdbb\",\"name\":\"Camila Paim\",\"image\":{\"@type\":\"ImageObject\",\"inLanguage\":\"pt-BR\",\"@id\":\"https:\/\/www.suno.com.br\/noticias\/#\/schema\/person\/image\/\",\"url\":\"https:\/\/secure.gravatar.com\/avatar\/f33728e65febb1aa7ecf6792956f9b20?s=96&r=g\",\"contentUrl\":\"https:\/\/secure.gravatar.com\/avatar\/f33728e65febb1aa7ecf6792956f9b20?s=96&r=g\",\"caption\":\"Camila Paim\"},\"description\":\"Jornalista formada pela USP, tem experi\u00eancia em reda\u00e7\u00f5es, SEO, Branded Content e Webdesign. Com passagem pelo Jornal da USP, Empiricus e C6 Bank, hoje \u00e9 rep\u00f3rter no Suno Not\u00edcias cobrindo macroeconomia, finan\u00e7as pessoais e startups.\",\"url\":\"https:\/\/www.suno.com.br\/noticias\/author\/camila-figueiredosuno-com-br\/\"}]}<\/script>\n<!-- \/ Yoast SEO plugin. -->","yoast_head_json":{"title":"Bradesco (BBDC4) avalia servi\u00e7os em situa\u00e7\u00e3o positiva ap\u00f3s IPCA-15","description":"Relat\u00f3rio do Bradesco avalia desempenho de servi\u00e7os frente aos n\u00fameros do IPCA-15 como tendo uma \"din\u00e2mica mais benigna\" em julho. Leia mais.","robots":{"index":"index","follow":"follow","max-snippet":"max-snippet:-1","max-image-preview":"max-image-preview:large","max-video-preview":"max-video-preview:-1"},"canonical":"https:\/\/www.suno.com.br\/noticias\/bradesco-ipca-15-inflacao-servicos-benigna-cpf\/","og_locale":"pt_BR","og_type":"article","og_title":"Bradesco (BBDC4) avalia servi\u00e7os em situa\u00e7\u00e3o positiva ap\u00f3s IPCA-15","og_description":"Relat\u00f3rio do Bradesco avalia desempenho de servi\u00e7os frente aos n\u00fameros do IPCA-15 como tendo uma \"din\u00e2mica mais benigna\" em julho. Leia mais.","og_url":"https:\/\/www.suno.com.br\/noticias\/bradesco-ipca-15-inflacao-servicos-benigna-cpf\/","og_site_name":"Suno Not\u00edcias","article_publisher":"https:\/\/facebook.com\/sunoresearch","og_image":[{"width":1200,"height":900,"url":"https:\/\/files.sunoresearch.com.br\/n\/uploads\/2021\/02\/4f63b4b8-1200px-bradesco_-_rua_das_laranjeiras_no_233.jpg","type":"image\/jpeg"}],"author":"Camila Paim","twitter_card":"summary_large_image","twitter_creator":"@sunoresearch","twitter_site":"@sunoresearch","twitter_misc":{"Escrito por":"Camila Paim","Est. tempo de leitura":"3 minutos"},"schema":{"@context":"https:\/\/schema.org","@graph":[{"@type":"NewsArticle","@id":"https:\/\/www.suno.com.br\/noticias\/bradesco-ipca-15-inflacao-servicos-benigna-cpf\/#article","isPartOf":{"@id":"https:\/\/www.suno.com.br\/noticias\/bradesco-ipca-15-inflacao-servicos-benigna-cpf\/"},"author":{"name":"Camila Paim","@id":"https:\/\/www.suno.com.br\/noticias\/#\/schema\/person\/f341d3ae5d1cc685176c9a5327cdfdbb"},"headline":"Bradesco (BBDC4) enxerga composi\u00e7\u00e3o benigna no IPCA-15 e servi\u00e7os em julho","datePublished":"2023-07-26T14:27:12+00:00","dateModified":"2023-07-26T14:27:18+00:00","mainEntityOfPage":{"@id":"https:\/\/www.suno.com.br\/noticias\/bradesco-ipca-15-inflacao-servicos-benigna-cpf\/"},"wordCount":423,"publisher":{"@id":"https:\/\/www.suno.com.br\/noticias\/#organization"},"image":{"@id":"https:\/\/www.suno.com.br\/noticias\/bradesco-ipca-15-inflacao-servicos-benigna-cpf\/#primaryimage"},"thumbnailUrl":"https:\/\/files.sunoresearch.com.br\/n\/uploads\/2021\/02\/4f63b4b8-1200px-bradesco_-_rua_das_laranjeiras_no_233-jpg.webp","keywords":["Ag\u00eancias","Bradesco (BBDC3\/BBDC4)","IPCA-15"],"articleSection":["Neg\u00f3cios"],"inLanguage":"pt-BR"},{"@type":"WebPage","@id":"https:\/\/www.suno.com.br\/noticias\/bradesco-ipca-15-inflacao-servicos-benigna-cpf\/","url":"https:\/\/www.suno.com.br\/noticias\/bradesco-ipca-15-inflacao-servicos-benigna-cpf\/","name":"Bradesco (BBDC4) avalia servi\u00e7os em situa\u00e7\u00e3o positiva ap\u00f3s IPCA-15","isPartOf":{"@id":"https:\/\/www.suno.com.br\/noticias\/#website"},"primaryImageOfPage":{"@id":"https:\/\/www.suno.com.br\/noticias\/bradesco-ipca-15-inflacao-servicos-benigna-cpf\/#primaryimage"},"image":{"@id":"https:\/\/www.suno.com.br\/noticias\/bradesco-ipca-15-inflacao-servicos-benigna-cpf\/#primaryimage"},"thumbnailUrl":"https:\/\/files.sunoresearch.com.br\/n\/uploads\/2021\/02\/4f63b4b8-1200px-bradesco_-_rua_das_laranjeiras_no_233-jpg.webp","datePublished":"2023-07-26T14:27:12+00:00","dateModified":"2023-07-26T14:27:18+00:00","description":"Relat\u00f3rio do Bradesco avalia desempenho de servi\u00e7os frente aos n\u00fameros do IPCA-15 como tendo uma \"din\u00e2mica mais benigna\" em julho. Leia mais.","breadcrumb":{"@id":"https:\/\/www.suno.com.br\/noticias\/bradesco-ipca-15-inflacao-servicos-benigna-cpf\/#breadcrumb"},"inLanguage":"pt-BR","potentialAction":[{"@type":"ReadAction","target":["https:\/\/www.suno.com.br\/noticias\/bradesco-ipca-15-inflacao-servicos-benigna-cpf\/"]}]},{"@type":"ImageObject","inLanguage":"pt-BR","@id":"https:\/\/www.suno.com.br\/noticias\/bradesco-ipca-15-inflacao-servicos-benigna-cpf\/#primaryimage","url":"https:\/\/files.sunoresearch.com.br\/n\/uploads\/2021\/02\/4f63b4b8-1200px-bradesco_-_rua_das_laranjeiras_no_233-jpg.webp","contentUrl":"https:\/\/files.sunoresearch.com.br\/n\/uploads\/2021\/02\/4f63b4b8-1200px-bradesco_-_rua_das_laranjeiras_no_233-jpg.webp","width":1200,"height":900,"caption":"Bradesco - Foto: Reprodu\u00e7\u00e3o"},{"@type":"BreadcrumbList","@id":"https:\/\/www.suno.com.br\/noticias\/bradesco-ipca-15-inflacao-servicos-benigna-cpf\/#breadcrumb","itemListElement":[{"@type":"ListItem","position":1,"name":"Not\u00edcias","item":"https:\/\/www.suno.com.br\/noticias\/"},{"@type":"ListItem","position":2,"name":"Neg\u00f3cios","item":"https:\/\/www.suno.com.br\/noticias\/negocios\/"},{"@type":"ListItem","position":3,"name":"Bradesco (BBDC4) enxerga composi\u00e7\u00e3o benigna no IPCA-15 e servi\u00e7os em julho"}]},{"@type":"WebSite","@id":"https:\/\/www.suno.com.br\/noticias\/#website","url":"https:\/\/www.suno.com.br\/noticias\/","name":"Suno Not\u00edcias","description":"Seu portal de informa\u00e7\u00e3o sobre o mundo dos investimentos","publisher":{"@id":"https:\/\/www.suno.com.br\/noticias\/#organization"},"potentialAction":[{"@type":"SearchAction","target":{"@type":"EntryPoint","urlTemplate":"https:\/\/www.suno.com.br\/noticias\/?s={search_term_string}"},"query-input":{"@type":"PropertyValueSpecification","valueRequired":true,"valueName":"search_term_string"}}],"inLanguage":"pt-BR"},{"@type":"Organization","@id":"https:\/\/www.suno.com.br\/noticias\/#organization","name":"Suno Not\u00edcias","url":"https:\/\/www.suno.com.br\/noticias\/","logo":{"@type":"ImageObject","inLanguage":"pt-BR","@id":"https:\/\/www.suno.com.br\/noticias\/#\/schema\/logo\/image\/","url":"https:\/\/files.sunoresearch.com.br\/n\/uploads\/2021\/09\/suno-logo.png","contentUrl":"https:\/\/files.sunoresearch.com.br\/n\/uploads\/2021\/09\/suno-logo.png","width":180,"height":180,"caption":"Suno Not\u00edcias"},"image":{"@id":"https:\/\/www.suno.com.br\/noticias\/#\/schema\/logo\/image\/"},"sameAs":["https:\/\/facebook.com\/sunoresearch","https:\/\/x.com\/sunoresearch","https:\/\/www.instagram.com\/suno","https:\/\/www.linkedin.com\/company\/suno-research\/","https:\/\/www.youtube.com\/c\/sunoresearch"]},{"@type":"Person","@id":"https:\/\/www.suno.com.br\/noticias\/#\/schema\/person\/f341d3ae5d1cc685176c9a5327cdfdbb","name":"Camila Paim","image":{"@type":"ImageObject","inLanguage":"pt-BR","@id":"https:\/\/www.suno.com.br\/noticias\/#\/schema\/person\/image\/","url":"https:\/\/secure.gravatar.com\/avatar\/f33728e65febb1aa7ecf6792956f9b20?s=96&r=g","contentUrl":"https:\/\/secure.gravatar.com\/avatar\/f33728e65febb1aa7ecf6792956f9b20?s=96&r=g","caption":"Camila Paim"},"description":"Jornalista formada pela USP, tem experi\u00eancia em reda\u00e7\u00f5es, SEO, Branded Content e Webdesign. Com passagem pelo Jornal da USP, Empiricus e C6 Bank, hoje \u00e9 rep\u00f3rter no Suno Not\u00edcias cobrindo macroeconomia, finan\u00e7as pessoais e startups.","url":"https:\/\/www.suno.com.br\/noticias\/author\/camila-figueiredosuno-com-br\/"}]}},"default_loop_html":"<div class=\"cardsPage__listCard__boxs\"><div class=\"cardsPage__listCard__boxs__img\"><a href=\"https:\/\/www.suno.com.br\/noticias\/bradesco-ipca-15-inflacao-servicos-benigna-cpf\/\"><img class=\"mask\" src=\"https:\/\/www.suno.com.br\/noticias\/wp-content\/themes\/suno\/resources\/images\/spotlight\/spotlight1img\/bg-mask.png\" alt=\"Image Mask\"\/><img src=\"https:\/\/files.sunoresearch.com.br\/n\/uploads\/2021\/02\/4f63b4b8-1200px-bradesco_-_rua_das_laranjeiras_no_233-400x200.webp\" alt=\"Bradesco (BBDC4) enxerga composi\u00e7\u00e3o benigna no IPCA-15 e servi\u00e7os em julho\"\/><\/a><span class=\"spotlightCategory\"><a href=\"https:\/\/www.suno.com.br\/noticias\/negocios\/\">Neg\u00f3cios<\/a><\/span><\/div><div class=\"cardsPage__listCard__boxs__content\"><a href=\"https:\/\/www.suno.com.br\/noticias\/bradesco-ipca-15-inflacao-servicos-benigna-cpf\/\"><h2 class=\"content__title\">Bradesco (BBDC4) enxerga composi\u00e7\u00e3o benigna no IPCA-15 e servi\u00e7os em julho<\/h2><\/a><div class=\"newsContent__article__meta\"><div class=\"newsContent__article__meta__authorBox\"><a href=\"https:\/\/www.suno.com.br\/noticias\/author\/camila-figueiredosuno-com-br\/\" class=\"authorBox__avatar noMobi\"><img src=\"https:\/\/files.sunoresearch.com.br\/n\/uploads\/2024\/05\/camila-paim-square-150x150.jpg\" alt=\"Camila Paim\"><\/a><div class=\"authorBox__name\"><span>por\n\t\t\t<a href=\"https:\/\/www.suno.com.br\/noticias\/author\/camila-figueiredosuno-com-br\/\"><span itemprop=\"author\">Camila Paim<\/span><\/a><\/span><time datetime=\"2023-07-26T11:27:12-03:00\" itemprop=\"datePublished\">26\/07\/2023 11:27<\/time><\/div><\/div><\/div><\/div><\/div>","single_layout":"posts","amp_enabled":true,"_links":{"self":[{"href":"https:\/\/www.suno.com.br\/noticias\/wp-json\/wp\/v2\/posts\/433225"}],"collection":[{"href":"https:\/\/www.suno.com.br\/noticias\/wp-json\/wp\/v2\/posts"}],"about":[{"href":"https:\/\/www.suno.com.br\/noticias\/wp-json\/wp\/v2\/types\/post"}],"author":[{"embeddable":true,"href":"https:\/\/www.suno.com.br\/noticias\/wp-json\/wp\/v2\/users\/283"}],"replies":[{"embeddable":true,"href":"https:\/\/www.suno.com.br\/noticias\/wp-json\/wp\/v2\/comments?post=433225"}],"version-history":[{"count":3,"href":"https:\/\/www.suno.com.br\/noticias\/wp-json\/wp\/v2\/posts\/433225\/revisions"}],"predecessor-version":[{"id":433711,"href":"https:\/\/www.suno.com.br\/noticias\/wp-json\/wp\/v2\/posts\/433225\/revisions\/433711"}],"wp:featuredmedia":[{"embeddable":true,"href":"https:\/\/www.suno.com.br\/noticias\/wp-json\/wp\/v2\/media\/118691"}],"wp:attachment":[{"href":"https:\/\/www.suno.com.br\/noticias\/wp-json\/wp\/v2\/media?parent=433225"}],"wp:term":[{"taxonomy":"category","embeddable":true,"href":"https:\/\/www.suno.com.br\/noticias\/wp-json\/wp\/v2\/categories?post=433225"},{"taxonomy":"post_tag","embeddable":true,"href":"https:\/\/www.suno.com.br\/noticias\/wp-json\/wp\/v2\/tags?post=433225"},{"taxonomy":"suno_strategy","embeddable":true,"href":"https:\/\/www.suno.com.br\/noticias\/wp-json\/wp\/v2\/suno_strategy?post=433225"}],"curies":[{"name":"wp","href":"https:\/\/api.w.org\/{rel}","templated":true}]}}