{"id":43318,"date":"2019-11-01T09:08:32","date_gmt":"2019-11-01T11:08:32","guid":{"rendered":"https:\/\/www.suno.com.br\/noticias\/?p=43318"},"modified":"2019-11-01T09:08:32","modified_gmt":"2019-11-01T11:08:32","slug":"gol-boeing-737-dezembro-aviao","status":"publish","type":"post","link":"https:\/\/www.suno.com.br\/noticias\/gol-boeing-737-dezembro-aviao\/","title":{"rendered":"Gol espera retornar com voos do 737 da Boeing em dezembro"},"content":{"rendered":"<p>A Gol Linhas A\u00e9reas (GOLL4) informou, ap\u00f3s retirar <strong>jatos 737<\/strong> da <strong>Boeing<\/strong>, que espera que os avi\u00f5es retornem a atividade em dezembro deste ano.<\/p>\t<div class=\"wrapper-featured-image\">\n\t\t<figure class=\"spotlightImg\">\n\n\t\t\t<picture>\n\t\t\t\t<source media=\"(max-width: 768px)\" srcset=\"https:\/\/files.sunoresearch.com.br\/n\/uploads\/2018\/12\/087a09e1-gol-400x200.webp\">\n\t\t\t\t<img loading=\"lazy\" decoding=\"async\" class=\"newsContent__article__imgCapa lazyloadDisabled newsContent__article__imgCapa--noCaption\" src=\"https:\/\/files.sunoresearch.com.br\/n\/uploads\/2018\/12\/087a09e1-gol-jpg.webp\" width=\"800\" height=\"450\" alt=\"Gol espera retornar com voos do 737 da Boeing em dezembro\" fetchpriority=high \/>\n\t\t\t<\/picture>\n\n\t\t\t<figcaption class=\"wp-caption-text wp-caption-text--hide\">Gol<\/figcaption>\n\t\t<\/figure>\n\t<\/div>\n\n\n\n<p>No in\u00edcio de outubro, a Federa\u00e7\u00e3o de avia\u00e7\u00e3o dos EUA emitiu uma nota determinando que todos os modelos antigos do 737 fossem inspecionados. Desse modo, a <strong>Gol<\/strong> retirou 11 jatos. No entanto, parte da frota da companhia j\u00e1 estava sem operar devido ao <strong>737 Max<\/strong> que est\u00e1 suspenso depois de dois acidentes fatais.<\/p>\n<p>A fabricante norte-americana estipulou que a data para o retorno das opera\u00e7\u00f5es ser\u00e1 em dezembro. A companhia brasileira conta com 125 aeronaves, sendo 118 Boeing 737 e 7 do modelo Max 8. Al\u00e9m disso, h\u00e1 mais 129 pedidos de novas aeronaves.<\/p>\n<p><a href=\"\/\/www.suno.com.br\/noticias\/gol-estuda-parcerias-substituir-delta\/\">Confira Tamb\u00e9m: Gol estuda novas parcerias para substituir Delta, diz CEO<\/a><\/p>\n<p>&#8220;A Boeing \u00e9 uma parceira importante da Gol e sabemos que ela est\u00e1 emprenhada em endere\u00e7ar a situa\u00e7\u00e3o do Max de maneira mais diligente e eficaz poss\u00edvel&#8217;, disse o presidente da companhia Paulo Kakinoff.<\/p>\n<p>De acordo com a Gol, a retirada dos avi\u00f5es afetar\u00e3o 3% de seus passageiros at\u00e9 o dia 15 de dezembro. Em resposta, a Boeing lamentou o impacto na companhia brasileira e informou que est\u00e1 trabalhando para que os avi\u00f5es possam retornar a ser operados rapidamente. &#8220;Lamentamos o impacto que essa quest\u00e3o est\u00e1 causando na Gol, bem como em nossos demais clientes do 737 no mundo todo&#8221;, informou a fabricante americana.<\/p>\n<h2>Gol registra preju\u00edzo de R$ 171 milh\u00f5es no 3T19<\/h2>\n<p>A Gol registrou<strong><a href=\"https:\/\/www.suno.com.br\/artigos\/prejuizos-acumulados\/\"> preju\u00edzo l\u00edquido<\/a><\/strong> de R$ 171,1 milh\u00f5es no terceiro trimestre deste ano. Em 2018, a companhia havia registrado preju\u00edzo de R$ 433,1. Desse modo, o resultado desse trimestre representa uma queda de 60,5%. A companhia avalia que sua &#8220;expans\u00e3o foi sustent\u00e1vel durante o terceiro trimestre&#8221;.<\/p>\n\t<p>\n\t\t<a href=\"https:\/\/lp.suno.com.br\/ebook-guia-ir\/\" target=\"_blank\" data-element=\"shortcode-suno-banner\" title=\"Banner SUNO, clique e saiba mais\">\n\t\t\t<picture>\n\t\t\t\t<source media=\"(max-width: 500px)\" srcset=\"https:\/\/files.sunoresearch.com.br\/n\/uploads\/2023\/03\/400x300-Ebook-IR.png\">\n\t\t\t\t<img class=\"newsContent__article__imgCapa newsContent__article__imgCapa--banner\"\n\t\t\t\t\tsrc=\"https:\/\/files.sunoresearch.com.br\/n\/uploads\/2023\/03\/1420x240-Ebook-IR.png\"\n\t\t\t\t\tdata-promo-id=\"383124\"\t\t\t\t\t\t\t\t\t\twidth='1420' height='240'\t\t\t\t\talt=\"https:\/\/files.sunoresearch.com.br\/n\/uploads\/2023\/03\/1420x240-Ebook-IR.png\"\n\t\t\t\t>\n\t\t\t<\/picture>\n\t\t<\/a>\n\t<\/p>\n\n\n<p>O preju\u00edzo atribu\u00eddo aos <a href=\"https:\/\/www.suno.com.br\/artigos\/acionista-companhias-abertas\/\">acionistas<\/a> totalizou R$ 242 milh\u00f5es em setembro, baixa de 54,6% em rela\u00e7\u00e3o ao mesmo per\u00edodo no ano anterior.<\/p>\n<p>O <a href=\"https:\/\/www.suno.com.br\/artigos\/ebitda\/\">Ebtida<\/a> da <strong>Gol<\/strong> (lucro antes de juros, impostos, deprecia\u00e7\u00e3o e amortiza\u00e7\u00e3o) teve alta de 109%, para R$ 1,14 bilh\u00e3o. A margem Ebtida subiu 11,8 pontos percentuais, alcan\u00e7ando 30,7%.<\/p>\n","protected":false},"excerpt":{"rendered":"<p>A Gol Linhas A\u00e9reas (GOLL4) informou, ap\u00f3s retirar jatos 737 da Boeing, que espera que os avi\u00f5es retornem a atividade em dezembro deste ano. Gol No in\u00edcio de outubro, a Federa\u00e7\u00e3o de avia\u00e7\u00e3o dos EUA emitiu uma nota determinando que todos os modelos antigos do 737 fossem inspecionados. Desse modo, a Gol retirou 11 jatos. [&hellip;]<\/p>\n","protected":false},"author":15,"featured_media":9171,"comment_status":"closed","ping_status":"closed","sticky":false,"template":"","format":"standard","meta":[],"categories":[64],"tags":[489],"suno_strategy":[],"class_list":["post-43318","post","type-post","status-publish","format-standard","has-post-thumbnail","hentry","category-negocios","tag-gol-linhas-aereas-goll11-goll4"],"yoast_head":"<!-- This site is optimized with the Yoast SEO plugin v24.4 - https:\/\/yoast.com\/wordpress\/plugins\/seo\/ -->\n<title>Gol espera retornar com voos do 737 da Boeing em dezembro<\/title>\n<meta name=\"description\" content=\"A Gol informou, ap\u00f3s retirar jatos 737 da Boeing, que espera que os avi\u00f5es retornem a atividade em dezembro.\u00a0Clique aqui e saiba mais\" \/>\n<meta name=\"robots\" content=\"index, follow, max-snippet:-1, max-image-preview:large, max-video-preview:-1\" \/>\n<link rel=\"canonical\" href=\"https:\/\/www.suno.com.br\/noticias\/gol-boeing-737-dezembro-aviao\/\" \/>\n<meta property=\"og:locale\" content=\"pt_BR\" \/>\n<meta property=\"og:type\" content=\"article\" \/>\n<meta property=\"og:title\" content=\"Gol espera retornar com voos do 737 da Boeing em dezembro\" \/>\n<meta property=\"og:description\" content=\"A Gol informou, ap\u00f3s retirar jatos 737 da Boeing, que espera que os avi\u00f5es retornem a atividade em dezembro.\u00a0Clique aqui e saiba mais\" \/>\n<meta property=\"og:url\" content=\"https:\/\/www.suno.com.br\/noticias\/gol-boeing-737-dezembro-aviao\/\" \/>\n<meta property=\"og:site_name\" content=\"Suno Not\u00edcias\" \/>\n<meta property=\"article:publisher\" content=\"https:\/\/facebook.com\/sunoresearch\" \/>\n<meta property=\"og:image\" content=\"https:\/\/files.sunoresearch.com.br\/n\/uploads\/2018\/12\/087a09e1-gol.jpg\" \/>\n\t<meta property=\"og:image:width\" content=\"1100\" \/>\n\t<meta property=\"og:image:height\" content=\"370\" \/>\n\t<meta property=\"og:image:type\" content=\"image\/jpeg\" \/>\n<meta name=\"author\" content=\"Poliana Santos\" \/>\n<meta name=\"twitter:card\" content=\"summary_large_image\" \/>\n<meta name=\"twitter:creator\" content=\"@sunoresearch\" \/>\n<meta name=\"twitter:site\" content=\"@sunoresearch\" \/>\n<meta name=\"twitter:label1\" content=\"Escrito por\" \/>\n\t<meta name=\"twitter:data1\" content=\"Poliana Santos\" \/>\n\t<meta name=\"twitter:label2\" content=\"Est. tempo de leitura\" \/>\n\t<meta name=\"twitter:data2\" content=\"2 minutos\" \/>\n<script type=\"application\/ld+json\" class=\"yoast-schema-graph\">{\"@context\":\"https:\/\/schema.org\",\"@graph\":[{\"@type\":\"NewsArticle\",\"@id\":\"https:\/\/www.suno.com.br\/noticias\/gol-boeing-737-dezembro-aviao\/#article\",\"isPartOf\":{\"@id\":\"https:\/\/www.suno.com.br\/noticias\/gol-boeing-737-dezembro-aviao\/\"},\"author\":{\"name\":\"Poliana Santos\",\"@id\":\"https:\/\/www.suno.com.br\/noticias\/#\/schema\/person\/02ec1f752758247878a2bf4abee1aeda\"},\"headline\":\"Gol espera retornar com voos do 737 da Boeing em dezembro\",\"datePublished\":\"2019-11-01T11:08:32+00:00\",\"mainEntityOfPage\":{\"@id\":\"https:\/\/www.suno.com.br\/noticias\/gol-boeing-737-dezembro-aviao\/\"},\"wordCount\":363,\"publisher\":{\"@id\":\"https:\/\/www.suno.com.br\/noticias\/#organization\"},\"image\":{\"@id\":\"https:\/\/www.suno.com.br\/noticias\/gol-boeing-737-dezembro-aviao\/#primaryimage\"},\"thumbnailUrl\":\"https:\/\/files.sunoresearch.com.br\/n\/uploads\/2018\/12\/087a09e1-gol-jpg.webp\",\"keywords\":[\"Gol Linhas A\u00e9reas (GOLL11\/GOLL4)\"],\"articleSection\":[\"Neg\u00f3cios\"],\"inLanguage\":\"pt-BR\"},{\"@type\":\"WebPage\",\"@id\":\"https:\/\/www.suno.com.br\/noticias\/gol-boeing-737-dezembro-aviao\/\",\"url\":\"https:\/\/www.suno.com.br\/noticias\/gol-boeing-737-dezembro-aviao\/\",\"name\":\"Gol espera retornar com voos do 737 da Boeing em dezembro\",\"isPartOf\":{\"@id\":\"https:\/\/www.suno.com.br\/noticias\/#website\"},\"primaryImageOfPage\":{\"@id\":\"https:\/\/www.suno.com.br\/noticias\/gol-boeing-737-dezembro-aviao\/#primaryimage\"},\"image\":{\"@id\":\"https:\/\/www.suno.com.br\/noticias\/gol-boeing-737-dezembro-aviao\/#primaryimage\"},\"thumbnailUrl\":\"https:\/\/files.sunoresearch.com.br\/n\/uploads\/2018\/12\/087a09e1-gol-jpg.webp\",\"datePublished\":\"2019-11-01T11:08:32+00:00\",\"description\":\"A Gol informou, ap\u00f3s retirar jatos 737 da Boeing, que espera que os avi\u00f5es retornem a atividade em dezembro.\u00a0Clique aqui e saiba mais\",\"breadcrumb\":{\"@id\":\"https:\/\/www.suno.com.br\/noticias\/gol-boeing-737-dezembro-aviao\/#breadcrumb\"},\"inLanguage\":\"pt-BR\",\"potentialAction\":[{\"@type\":\"ReadAction\",\"target\":[\"https:\/\/www.suno.com.br\/noticias\/gol-boeing-737-dezembro-aviao\/\"]}]},{\"@type\":\"ImageObject\",\"inLanguage\":\"pt-BR\",\"@id\":\"https:\/\/www.suno.com.br\/noticias\/gol-boeing-737-dezembro-aviao\/#primaryimage\",\"url\":\"https:\/\/files.sunoresearch.com.br\/n\/uploads\/2018\/12\/087a09e1-gol-jpg.webp\",\"contentUrl\":\"https:\/\/files.sunoresearch.com.br\/n\/uploads\/2018\/12\/087a09e1-gol-jpg.webp\",\"width\":1100,\"height\":370,\"caption\":\"Gol\"},{\"@type\":\"BreadcrumbList\",\"@id\":\"https:\/\/www.suno.com.br\/noticias\/gol-boeing-737-dezembro-aviao\/#breadcrumb\",\"itemListElement\":[{\"@type\":\"ListItem\",\"position\":1,\"name\":\"Not\u00edcias\",\"item\":\"https:\/\/www.suno.com.br\/noticias\/\"},{\"@type\":\"ListItem\",\"position\":2,\"name\":\"Neg\u00f3cios\",\"item\":\"https:\/\/www.suno.com.br\/noticias\/negocios\/\"},{\"@type\":\"ListItem\",\"position\":3,\"name\":\"Gol espera retornar com voos do 737 da Boeing em dezembro\"}]},{\"@type\":\"WebSite\",\"@id\":\"https:\/\/www.suno.com.br\/noticias\/#website\",\"url\":\"https:\/\/www.suno.com.br\/noticias\/\",\"name\":\"Suno Not\u00edcias\",\"description\":\"Seu portal de informa\u00e7\u00e3o sobre o mundo dos investimentos\",\"publisher\":{\"@id\":\"https:\/\/www.suno.com.br\/noticias\/#organization\"},\"potentialAction\":[{\"@type\":\"SearchAction\",\"target\":{\"@type\":\"EntryPoint\",\"urlTemplate\":\"https:\/\/www.suno.com.br\/noticias\/?s={search_term_string}\"},\"query-input\":{\"@type\":\"PropertyValueSpecification\",\"valueRequired\":true,\"valueName\":\"search_term_string\"}}],\"inLanguage\":\"pt-BR\"},{\"@type\":\"Organization\",\"@id\":\"https:\/\/www.suno.com.br\/noticias\/#organization\",\"name\":\"Suno Not\u00edcias\",\"url\":\"https:\/\/www.suno.com.br\/noticias\/\",\"logo\":{\"@type\":\"ImageObject\",\"inLanguage\":\"pt-BR\",\"@id\":\"https:\/\/www.suno.com.br\/noticias\/#\/schema\/logo\/image\/\",\"url\":\"https:\/\/files.sunoresearch.com.br\/n\/uploads\/2021\/09\/suno-logo.png\",\"contentUrl\":\"https:\/\/files.sunoresearch.com.br\/n\/uploads\/2021\/09\/suno-logo.png\",\"width\":180,\"height\":180,\"caption\":\"Suno Not\u00edcias\"},\"image\":{\"@id\":\"https:\/\/www.suno.com.br\/noticias\/#\/schema\/logo\/image\/\"},\"sameAs\":[\"https:\/\/facebook.com\/sunoresearch\",\"https:\/\/x.com\/sunoresearch\",\"https:\/\/www.instagram.com\/suno\",\"https:\/\/www.linkedin.com\/company\/suno-research\/\",\"https:\/\/www.youtube.com\/c\/sunoresearch\"]},{\"@type\":\"Person\",\"@id\":\"https:\/\/www.suno.com.br\/noticias\/#\/schema\/person\/02ec1f752758247878a2bf4abee1aeda\",\"name\":\"Poliana Santos\",\"image\":{\"@type\":\"ImageObject\",\"inLanguage\":\"pt-BR\",\"@id\":\"https:\/\/www.suno.com.br\/noticias\/#\/schema\/person\/image\/\",\"url\":\"https:\/\/secure.gravatar.com\/avatar\/0645bd32f23d87b2130f2b2dff1d3f8d?s=96&r=g\",\"contentUrl\":\"https:\/\/secure.gravatar.com\/avatar\/0645bd32f23d87b2130f2b2dff1d3f8d?s=96&r=g\",\"caption\":\"Poliana Santos\"},\"description\":\"Rep\u00f3rter no Suno Not\u00edcias, com cobertura em mercado financeiro, economia, finan\u00e7as pessoais, renda fixa e varejo. Jornalista formada pela Faculdade C\u00e1sper L\u00edbero e possui passagem na R\u00e1dio Gazeta AM com a produ\u00e7\u00e3o de conte\u00fado sobre economia, pol\u00edtica, sa\u00fade, moda e m\u00fasica. Possui certificado de conclus\u00e3o do curso de An\u00e1lise de Balan\u00e7os pela Funda\u00e7\u00e3o Bradesco, Agenda Brasil pela FAAP, Educa\u00e7\u00e3o Pol\u00edtica por Alexandre Garcia e do Tesouro Direto e Mercado de A\u00e7\u00f5es pela B3.\",\"url\":\"https:\/\/www.suno.com.br\/noticias\/author\/poliana-santos\/\"}]}<\/script>\n<!-- \/ Yoast SEO plugin. -->","yoast_head_json":{"title":"Gol espera retornar com voos do 737 da Boeing em dezembro","description":"A Gol informou, ap\u00f3s retirar jatos 737 da Boeing, que espera que os avi\u00f5es retornem a atividade em dezembro.\u00a0Clique aqui e saiba mais","robots":{"index":"index","follow":"follow","max-snippet":"max-snippet:-1","max-image-preview":"max-image-preview:large","max-video-preview":"max-video-preview:-1"},"canonical":"https:\/\/www.suno.com.br\/noticias\/gol-boeing-737-dezembro-aviao\/","og_locale":"pt_BR","og_type":"article","og_title":"Gol espera retornar com voos do 737 da Boeing em dezembro","og_description":"A Gol informou, ap\u00f3s retirar jatos 737 da Boeing, que espera que os avi\u00f5es retornem a atividade em dezembro.\u00a0Clique aqui e saiba mais","og_url":"https:\/\/www.suno.com.br\/noticias\/gol-boeing-737-dezembro-aviao\/","og_site_name":"Suno Not\u00edcias","article_publisher":"https:\/\/facebook.com\/sunoresearch","og_image":[{"width":1100,"height":370,"url":"https:\/\/files.sunoresearch.com.br\/n\/uploads\/2018\/12\/087a09e1-gol.jpg","type":"image\/jpeg"}],"author":"Poliana Santos","twitter_card":"summary_large_image","twitter_creator":"@sunoresearch","twitter_site":"@sunoresearch","twitter_misc":{"Escrito por":"Poliana Santos","Est. tempo de leitura":"2 minutos"},"schema":{"@context":"https:\/\/schema.org","@graph":[{"@type":"NewsArticle","@id":"https:\/\/www.suno.com.br\/noticias\/gol-boeing-737-dezembro-aviao\/#article","isPartOf":{"@id":"https:\/\/www.suno.com.br\/noticias\/gol-boeing-737-dezembro-aviao\/"},"author":{"name":"Poliana Santos","@id":"https:\/\/www.suno.com.br\/noticias\/#\/schema\/person\/02ec1f752758247878a2bf4abee1aeda"},"headline":"Gol espera retornar com voos do 737 da Boeing em dezembro","datePublished":"2019-11-01T11:08:32+00:00","mainEntityOfPage":{"@id":"https:\/\/www.suno.com.br\/noticias\/gol-boeing-737-dezembro-aviao\/"},"wordCount":363,"publisher":{"@id":"https:\/\/www.suno.com.br\/noticias\/#organization"},"image":{"@id":"https:\/\/www.suno.com.br\/noticias\/gol-boeing-737-dezembro-aviao\/#primaryimage"},"thumbnailUrl":"https:\/\/files.sunoresearch.com.br\/n\/uploads\/2018\/12\/087a09e1-gol-jpg.webp","keywords":["Gol Linhas A\u00e9reas (GOLL11\/GOLL4)"],"articleSection":["Neg\u00f3cios"],"inLanguage":"pt-BR"},{"@type":"WebPage","@id":"https:\/\/www.suno.com.br\/noticias\/gol-boeing-737-dezembro-aviao\/","url":"https:\/\/www.suno.com.br\/noticias\/gol-boeing-737-dezembro-aviao\/","name":"Gol espera retornar com voos do 737 da Boeing em dezembro","isPartOf":{"@id":"https:\/\/www.suno.com.br\/noticias\/#website"},"primaryImageOfPage":{"@id":"https:\/\/www.suno.com.br\/noticias\/gol-boeing-737-dezembro-aviao\/#primaryimage"},"image":{"@id":"https:\/\/www.suno.com.br\/noticias\/gol-boeing-737-dezembro-aviao\/#primaryimage"},"thumbnailUrl":"https:\/\/files.sunoresearch.com.br\/n\/uploads\/2018\/12\/087a09e1-gol-jpg.webp","datePublished":"2019-11-01T11:08:32+00:00","description":"A Gol informou, ap\u00f3s retirar jatos 737 da Boeing, que espera que os avi\u00f5es retornem a atividade em dezembro.\u00a0Clique aqui e saiba mais","breadcrumb":{"@id":"https:\/\/www.suno.com.br\/noticias\/gol-boeing-737-dezembro-aviao\/#breadcrumb"},"inLanguage":"pt-BR","potentialAction":[{"@type":"ReadAction","target":["https:\/\/www.suno.com.br\/noticias\/gol-boeing-737-dezembro-aviao\/"]}]},{"@type":"ImageObject","inLanguage":"pt-BR","@id":"https:\/\/www.suno.com.br\/noticias\/gol-boeing-737-dezembro-aviao\/#primaryimage","url":"https:\/\/files.sunoresearch.com.br\/n\/uploads\/2018\/12\/087a09e1-gol-jpg.webp","contentUrl":"https:\/\/files.sunoresearch.com.br\/n\/uploads\/2018\/12\/087a09e1-gol-jpg.webp","width":1100,"height":370,"caption":"Gol"},{"@type":"BreadcrumbList","@id":"https:\/\/www.suno.com.br\/noticias\/gol-boeing-737-dezembro-aviao\/#breadcrumb","itemListElement":[{"@type":"ListItem","position":1,"name":"Not\u00edcias","item":"https:\/\/www.suno.com.br\/noticias\/"},{"@type":"ListItem","position":2,"name":"Neg\u00f3cios","item":"https:\/\/www.suno.com.br\/noticias\/negocios\/"},{"@type":"ListItem","position":3,"name":"Gol espera retornar com voos do 737 da Boeing em dezembro"}]},{"@type":"WebSite","@id":"https:\/\/www.suno.com.br\/noticias\/#website","url":"https:\/\/www.suno.com.br\/noticias\/","name":"Suno Not\u00edcias","description":"Seu portal de informa\u00e7\u00e3o sobre o mundo dos investimentos","publisher":{"@id":"https:\/\/www.suno.com.br\/noticias\/#organization"},"potentialAction":[{"@type":"SearchAction","target":{"@type":"EntryPoint","urlTemplate":"https:\/\/www.suno.com.br\/noticias\/?s={search_term_string}"},"query-input":{"@type":"PropertyValueSpecification","valueRequired":true,"valueName":"search_term_string"}}],"inLanguage":"pt-BR"},{"@type":"Organization","@id":"https:\/\/www.suno.com.br\/noticias\/#organization","name":"Suno Not\u00edcias","url":"https:\/\/www.suno.com.br\/noticias\/","logo":{"@type":"ImageObject","inLanguage":"pt-BR","@id":"https:\/\/www.suno.com.br\/noticias\/#\/schema\/logo\/image\/","url":"https:\/\/files.sunoresearch.com.br\/n\/uploads\/2021\/09\/suno-logo.png","contentUrl":"https:\/\/files.sunoresearch.com.br\/n\/uploads\/2021\/09\/suno-logo.png","width":180,"height":180,"caption":"Suno Not\u00edcias"},"image":{"@id":"https:\/\/www.suno.com.br\/noticias\/#\/schema\/logo\/image\/"},"sameAs":["https:\/\/facebook.com\/sunoresearch","https:\/\/x.com\/sunoresearch","https:\/\/www.instagram.com\/suno","https:\/\/www.linkedin.com\/company\/suno-research\/","https:\/\/www.youtube.com\/c\/sunoresearch"]},{"@type":"Person","@id":"https:\/\/www.suno.com.br\/noticias\/#\/schema\/person\/02ec1f752758247878a2bf4abee1aeda","name":"Poliana Santos","image":{"@type":"ImageObject","inLanguage":"pt-BR","@id":"https:\/\/www.suno.com.br\/noticias\/#\/schema\/person\/image\/","url":"https:\/\/secure.gravatar.com\/avatar\/0645bd32f23d87b2130f2b2dff1d3f8d?s=96&r=g","contentUrl":"https:\/\/secure.gravatar.com\/avatar\/0645bd32f23d87b2130f2b2dff1d3f8d?s=96&r=g","caption":"Poliana Santos"},"description":"Rep\u00f3rter no Suno Not\u00edcias, com cobertura em mercado financeiro, economia, finan\u00e7as pessoais, renda fixa e varejo. Jornalista formada pela Faculdade C\u00e1sper L\u00edbero e possui passagem na R\u00e1dio Gazeta AM com a produ\u00e7\u00e3o de conte\u00fado sobre economia, pol\u00edtica, sa\u00fade, moda e m\u00fasica. Possui certificado de conclus\u00e3o do curso de An\u00e1lise de Balan\u00e7os pela Funda\u00e7\u00e3o Bradesco, Agenda Brasil pela FAAP, Educa\u00e7\u00e3o Pol\u00edtica por Alexandre Garcia e do Tesouro Direto e Mercado de A\u00e7\u00f5es pela B3.","url":"https:\/\/www.suno.com.br\/noticias\/author\/poliana-santos\/"}]}},"default_loop_html":"<div class=\"cardsPage__listCard__boxs\"><div class=\"cardsPage__listCard__boxs__img\"><a href=\"https:\/\/www.suno.com.br\/noticias\/gol-boeing-737-dezembro-aviao\/\"><img class=\"mask\" src=\"https:\/\/www.suno.com.br\/noticias\/wp-content\/themes\/suno\/resources\/images\/spotlight\/spotlight1img\/bg-mask.png\" alt=\"Image Mask\"\/><img src=\"https:\/\/files.sunoresearch.com.br\/n\/uploads\/2018\/12\/087a09e1-gol-400x200.webp\" alt=\"Gol espera retornar com voos do 737 da Boeing em dezembro\"\/><\/a><span class=\"spotlightCategory\"><a href=\"https:\/\/www.suno.com.br\/noticias\/negocios\/\">Neg\u00f3cios<\/a><\/span><\/div><div class=\"cardsPage__listCard__boxs__content\"><a href=\"https:\/\/www.suno.com.br\/noticias\/gol-boeing-737-dezembro-aviao\/\"><h2 class=\"content__title\">Gol espera retornar com voos do 737 da Boeing em dezembro<\/h2><\/a><div class=\"newsContent__article__meta\"><div class=\"newsContent__article__meta__authorBox\"><a href=\"https:\/\/www.suno.com.br\/noticias\/author\/poliana-santos\/\" class=\"authorBox__avatar noMobi\"><img src=\"https:\/\/files.sunoresearch.com.br\/n\/uploads\/2020\/08\/7ef34026-whatsapp-image-2020-08-03-at-12.37.57-150x150.webp\" alt=\"Poliana Santos\"><\/a><div class=\"authorBox__name\"><span>por\n\t\t\t<a href=\"https:\/\/www.suno.com.br\/noticias\/author\/poliana-santos\/\"><span itemprop=\"author\">Poliana Santos<\/span><\/a><\/span><time datetime=\"2019-11-01T09:08:32-03:00\" itemprop=\"datePublished\">01\/11\/2019 09:08<\/time><\/div><\/div><\/div><\/div><\/div>","single_layout":"posts","amp_enabled":true,"_links":{"self":[{"href":"https:\/\/www.suno.com.br\/noticias\/wp-json\/wp\/v2\/posts\/43318"}],"collection":[{"href":"https:\/\/www.suno.com.br\/noticias\/wp-json\/wp\/v2\/posts"}],"about":[{"href":"https:\/\/www.suno.com.br\/noticias\/wp-json\/wp\/v2\/types\/post"}],"author":[{"embeddable":true,"href":"https:\/\/www.suno.com.br\/noticias\/wp-json\/wp\/v2\/users\/15"}],"replies":[{"embeddable":true,"href":"https:\/\/www.suno.com.br\/noticias\/wp-json\/wp\/v2\/comments?post=43318"}],"version-history":[{"count":0,"href":"https:\/\/www.suno.com.br\/noticias\/wp-json\/wp\/v2\/posts\/43318\/revisions"}],"wp:featuredmedia":[{"embeddable":true,"href":"https:\/\/www.suno.com.br\/noticias\/wp-json\/wp\/v2\/media\/9171"}],"wp:attachment":[{"href":"https:\/\/www.suno.com.br\/noticias\/wp-json\/wp\/v2\/media?parent=43318"}],"wp:term":[{"taxonomy":"category","embeddable":true,"href":"https:\/\/www.suno.com.br\/noticias\/wp-json\/wp\/v2\/categories?post=43318"},{"taxonomy":"post_tag","embeddable":true,"href":"https:\/\/www.suno.com.br\/noticias\/wp-json\/wp\/v2\/tags?post=43318"},{"taxonomy":"suno_strategy","embeddable":true,"href":"https:\/\/www.suno.com.br\/noticias\/wp-json\/wp\/v2\/suno_strategy?post=43318"}],"curies":[{"name":"wp","href":"https:\/\/api.w.org\/{rel}","templated":true}]}}