{"id":433091,"date":"2023-07-25T11:56:58","date_gmt":"2023-07-25T14:56:58","guid":{"rendered":"https:\/\/www.suno.com.br\/noticias\/?p=433091"},"modified":"2023-07-25T18:29:59","modified_gmt":"2023-07-25T21:29:59","slug":"via-viiia3-magazine-luiza-ibovespa-hoje-gpj","status":"publish","type":"post","link":"https:\/\/www.suno.com.br\/noticias\/via-viiia3-magazine-luiza-ibovespa-hoje-gpj\/","title":{"rendered":"Via (VIIA3), Magazine Luiza (MGLU3) e mais varejistas sobem no Ibovespa nesta ter\u00e7a. Quais os motivos?"},"content":{"rendered":"<p>As a\u00e7\u00f5es de\u00a0<strong><a href=\"https:\/\/www.suno.com.br\/acoes\/viia3\/\">Via<\/a><\/strong><a href=\"https:\/\/www.suno.com.br\/acoes\/viia3\/\">\u00a0(VIIA3)<\/a>\u00a0e\u00a0<a href=\"https:\/\/www.suno.com.br\/acoes\/MGLU3\/\" target=\"_blank\" rel=\"noreferrer noopener\">Magazine Luiza (MGLU3)<\/a>\u00a0figuraram no campo positivo do Ibovespa desta ter\u00e7a-feira (25), impulsionadas pela divulga\u00e7\u00e3o do IPCA-15, que representa a pr\u00e9via da infla\u00e7\u00e3o oficial do Brasil.<\/p>\t<div class=\"wrapper-featured-image\">\n\t\t<figure class=\"spotlightImg\">\n\n\t\t\t<picture>\n\t\t\t\t<source media=\"(max-width: 768px)\" srcset=\"https:\/\/files.sunoresearch.com.br\/n\/uploads\/2023\/04\/via-viia3-casas-bahia-cb-loja-foto-divulgacao-400x200.jpg\">\n\t\t\t\t<img loading=\"lazy\" decoding=\"async\" class=\"newsContent__article__imgCapa lazyloadDisabled \" src=\"https:\/\/files.sunoresearch.com.br\/n\/uploads\/2023\/04\/via-viia3-casas-bahia-cb-loja-foto-divulgacao-800x450.jpg\" width=\"800\" height=\"450\" alt=\"Via (VIIA3), Magazine Luiza (MGLU3) e mais varejistas sobem no Ibovespa nesta ter\u00e7a. Quais os motivos?\" fetchpriority=high \/>\n\t\t\t<\/picture>\n\n\t\t\t<figcaption class=\"wp-caption-text wp-caption-text--show\">Casas Bahia (BHIA3). Foto: Divulga\u00e7\u00e3o<\/figcaption>\n\t\t<\/figure>\n\t<\/div>\n\n\n\n\n\n\n\n\t<p>\n\t\t<a href=\"\" target=\"_blank\" data-element=\"shortcode-suno-banner\" title=\"Banner SUNO, clique e saiba mais\">\n\t\t\t<picture>\n\t\t\t\t<source media=\"(max-width: 500px)\" srcset=\"\">\n\t\t\t\t<img class=\"newsContent__article__imgCapa newsContent__article__imgCapa--banner\"\n\t\t\t\t\tsrc=\"\"\n\t\t\t\t\tdata-promo-id=\"250707\"\t\t\t\t\t\t\t\t\t\t\t\t\t\t\talt=\"\"\n\t\t\t\t>\n\t\t\t<\/picture>\n\t\t<\/a>\n\t<\/p>\n\n\n\n\n\n<p>No fechamento os\u00a0<strong>pap\u00e9is da Via<\/strong>\u00a0avan\u00e7aram 1,95%, cotados a R$ 2,09, enquanto os\u00a0<strong>ativos do Magazine Luiza<\/strong>\u00a0tamb\u00e9m subiam 1,99%, a R$ 3,07. J\u00e1 as a\u00e7\u00f5es ordin\u00e1rias de\u00a0<a href=\"https:\/\/www.suno.com.br\/acoes\/lren3\/\">Lojas Renner (LREN3)<\/a>\u00a0tiveram perdas de 1,17%, a R$ 18,64. As da\u00a0<a href=\"https:\/\/www.suno.com.br\/acoes\/petz3\/\">Petz (PETZ3)<\/a> ficaram no positivo: 0,64%, cotadas a R$ 6,29.<\/p>\n\n\n\n<div class=\"pluginQuotation\">\n  <p class=\"ticker\">\n    Cota\u00e7\u00e3o <span>VIIA3<\/span>\n  <\/p>\n  <div class=\"info\">\n    <div class=\"leftSide\">\n      Gr\u00e1fico gerado em: 25\/07\/2023    <\/div>\n\t\t\t\t\t<div class=\"rightSide\">\n\t\t\t\t\t<span class=\"period\">\n\t\t\t\t\t\t1 Dia\t\t\t\t\t<\/span>\n\t\t\t<\/div>\n\t\t  <\/div>\n\n  <div id=\"chart-a6701aef33b93b0dc90d44ee44e50639\" data-block-hash=\"a6701aef33b93b0dc90d44ee44e50639\"  class=\"chart\" style=\"width:100%;height:400px;\"><\/div>\n\n  <div class=\"pluginQuotation__footer\">\n    <div class=\"dataChart\">\n\n      <div class=\"dataChart__div1 variation\">\n        <div class=\"value-negative\">\n          -1,83 (-0,04%)        <\/div>\n        <div class=\"text\">\n          Varia\u00e7\u00e3o do per\u00edodo\n        <\/div>\n      <\/div>\n\n      <div class=\"dataChart__div2 minMax\">\n        <div class=\"value\">\n          R$\u00a02,13        <\/div>\n        <div class=\"text\">\n          M\u00ednima\n        <\/div>\n      <\/div>\n\n      <div class=\"dataChart__div3 minMax\">\n        <div class=\"value\">\n          R$\u00a02,18        <\/div>\n        <div class=\"text\">\n          M\u00e1xima\n        <\/div>\n      <\/div>\n\n\t\t\t<div class=\"dataChart__div4 rightSide\">\n\t\t\t\t<div class=\"analiticaSource\">\n\t\t\t\t\t<span>\n\t\t\t\t\t\tFonte:\n\t\t\t\t\t<\/span>\n\t\t\t\t\t<img decoding=\"async\" class=\"analiticaLogo\" src=\"https:\/\/www.suno.com.br\/noticias\/wp-content\/plugins\/suno-block-ticker-quotation\/src\/suno-analitica-logo.png\" alt=\"Logo Suno Anal\u00edtica\" \/>\n\t\t\t\t<\/div>\n\n\t\t\t\t<a href=\"https:\/\/www.suno.com.br\/analitica\/acoes\/VIIA3\" target=\"_blank\">\n\t\t\t\t\t<span>\n\t\t\t\t\t\tVer mais cota\u00e7\u00f5es\n\t\t\t\t\t<\/span>\n\t\t\t\t\t<svg xmlns=\"http:\/\/www.w3.org\/2000\/svg\" width=\"9\" height=\"8\" viewBox=\"0 0 9 8\" fill=\"none\">\n\t\t\t\t\t\t<path d=\"M4.20996 0L3.50496 0.705L6.29496 3.5H0.209961V4.5H6.29496L3.50496 7.295L4.20996 8L8.20996 4L4.20996 0Z\" fill=\"#D42126\" \/>\n\t\t\t\t\t<\/svg>\n\t\t\t\t<\/a>\n    <\/div>\n\n    <\/div>\n  <\/div>\n<\/div>\n\n\n<script type=\"text\/javascript\">\n  let chart_a6701aef33b93b0dc90d44ee44e50639 = document.getElementById('chart-a6701aef33b93b0dc90d44ee44e50639');\n  let data_json_a6701aef33b93b0dc90d44ee44e50639 = \"[{\\\"date\\\":\\\"25\\\\\\\/07\\\\\\\/23 10:08\\\",\\\"value\\\":2.18},{\\\"date\\\":\\\"25\\\\\\\/07\\\\\\\/23 10:18\\\",\\\"value\\\":2.17},{\\\"date\\\":\\\"25\\\\\\\/07\\\\\\\/23 10:20\\\",\\\"value\\\":2.15},{\\\"date\\\":\\\"25\\\\\\\/07\\\\\\\/23 10:22\\\",\\\"value\\\":2.14},{\\\"date\\\":\\\"25\\\\\\\/07\\\\\\\/23 10:24\\\",\\\"value\\\":2.15},{\\\"date\\\":\\\"25\\\\\\\/07\\\\\\\/23 10:26\\\",\\\"value\\\":2.15},{\\\"date\\\":\\\"25\\\\\\\/07\\\\\\\/23 10:28\\\",\\\"value\\\":2.14},{\\\"date\\\":\\\"25\\\\\\\/07\\\\\\\/23 10:30\\\",\\\"value\\\":2.16},{\\\"date\\\":\\\"25\\\\\\\/07\\\\\\\/23 10:32\\\",\\\"value\\\":2.14},{\\\"date\\\":\\\"25\\\\\\\/07\\\\\\\/23 10:34\\\",\\\"value\\\":2.13},{\\\"date\\\":\\\"25\\\\\\\/07\\\\\\\/23 10:36\\\",\\\"value\\\":2.13},{\\\"date\\\":\\\"25\\\\\\\/07\\\\\\\/23 10:38\\\",\\\"value\\\":2.13},{\\\"date\\\":\\\"25\\\\\\\/07\\\\\\\/23 10:40\\\",\\\"value\\\":2.14},{\\\"date\\\":\\\"25\\\\\\\/07\\\\\\\/23 10:42\\\",\\\"value\\\":2.14}]\";\n  let isPositive_a6701aef33b93b0dc90d44ee44e50639 = \"\";\n\n  let color_a6701aef33b93b0dc90d44ee44e50639 = isPositive_a6701aef33b93b0dc90d44ee44e50639 ? '#3AB53A' : '#D92C2D';\n\n  let data_a6701aef33b93b0dc90d44ee44e50639 = JSON.parse(data_json_a6701aef33b93b0dc90d44ee44e50639);\n\n  const result_a6701aef33b93b0dc90d44ee44e50639 = {\n    date: [],\n    value: [],\n  };\n\n  data_a6701aef33b93b0dc90d44ee44e50639.forEach((item) => {\n    result_a6701aef33b93b0dc90d44ee44e50639.date.push(item.date);\n    result_a6701aef33b93b0dc90d44ee44e50639.value.push(Number(item.value));\n  });\n\n  let option_a6701aef33b93b0dc90d44ee44e50639 = {\n    \/\/ variavel de cor global\n    color: [color_a6701aef33b93b0dc90d44ee44e50639],\n    title: {\n      text: '',\n    },\n    tooltip: {\n      trigger: 'axis',\n      axisPointer: {\n        type: 'cross',\n        label: {\n          \/\/ cor dos valores em X e Y\n          backgroundColor: color_a6701aef33b93b0dc90d44ee44e50639,\n          formatter: (value) => {\n            if (typeof value.value === 'number') {\n              return Number(value.value).toLocaleString('pt-br', {\n                style: 'currency',\n                currency: 'BRL'\n              });\n            }\n            return value.value;\n          },\n        },\n      },\n      valueFormatter: (value) => Number(value).toLocaleString('pt-br', {\n        style: 'currency',\n        currency: 'BRL'\n      }),\n    },\n    legend: {\n      \/\/ data: ['Valor de Fechamento'],\n      show: false,\n    },\n    toolbox: {\n      feature: {\n        saveAsImage: {\n          show: false,\n        },\n      },\n    },\n    grid: {\n      left: '0px',\n      right: '0px',\n      bottom: '0px',\n      containLabel: true,\n    },\n    xAxis: [{\n      type: 'category',\n      data: result_a6701aef33b93b0dc90d44ee44e50639.date,\n      boundaryGap: true,\n    }],\n    yAxis: [{\n      type: 'value',\n      min: Math.min(...result_a6701aef33b93b0dc90d44ee44e50639.value),\n      max: Math.max(...result_a6701aef33b93b0dc90d44ee44e50639.value),\n      axisLabel: {\n        formatter: (value) => value.toLocaleString('pt-br', {\n          style: 'currency',\n          currency: 'BRL'\n        }),\n      },\n    }],\n    series: [{\n      name: 'Valor de Fechamento',\n      type: 'line',\n      stack: 'Total',\n      \/\/ cor do grafico\n      areaStyle: {},\n      emphasis: {\n        focus: 'series',\n      },\n      data: result_a6701aef33b93b0dc90d44ee44e50639.value,\n      \/\/ cor da linha\n      lineStyle: {\n        color: color_a6701aef33b93b0dc90d44ee44e50639,\n      },\n    }, ],\n  };\n\n\twindow.chart_a6701aef33b93b0dc90d44ee44e50639 = {\n\t\tel: chart_a6701aef33b93b0dc90d44ee44e50639,\n\t\toption: option_a6701aef33b93b0dc90d44ee44e50639\t};\n\n\n<\/script>\n\n\n\n<p>Em resumo, o IPCA-15 variou -0,07% no m\u00eas de julho, conforme divulgado pelo Instituto Brasileiro de Geografia e Estat\u00edstica (IBGE) nesta ter\u00e7a-feira (25). <\/p>\n\n\n\n<p>O&nbsp;indicador teve sua primeira defla\u00e7\u00e3o desde setembro do ano passado, quando o \u00edndice recuou 0,37%. O consenso Refinitiv projetava uma baixa de 0,01% do \u00edndice no m\u00eas, portanto, o resultado veio melhor que o esperado pelos analistas.<\/p>\n\n\n\n<p>No acumulado de 12 meses, o IPCA-15 variou +3,19%, enquanto a <strong>pr\u00e9via da&nbsp;infla\u00e7\u00e3o<\/strong>&nbsp;acumulava +3,40% no intervalo de 1 ano at\u00e9 junho. A expectativa do&nbsp;<a href=\"https:\/\/www.suno.com.br\/guias\/mercado-financeiro\/\" target=\"_blank\" rel=\"noreferrer noopener\">mercado financeiro<\/a>&nbsp;era de 3,26% para esse per\u00edodo.<\/p>\n\n\n\n<p>O resultado tamb\u00e9m influencia nas a\u00e7\u00f5es de empresas de outros setores, como de constru\u00e7\u00e3o, por exemplo. Por volta do mesmo hor\u00e1rio, os pap\u00e9is de&nbsp;<a href=\"https:\/\/www.suno.com.br\/acoes\/eztc3\/\">Eztec (EZTC3)<\/a>&nbsp;subiam 5,66%, cotados a R$ 21,27, os de <a href=\"https:\/\/www.suno.com.br\/acoes\/mrve3\/\">MRV (MRVE3)<\/a>&nbsp;subiam 1,57%, a R$ 14,20, enquanto os de <a href=\"https:\/\/www.suno.com.br\/acoes\/cyre3\/\" target=\"_blank\" rel=\"noreferrer noopener\">Cyrela (CYRE3)<\/a> avan\u00e7avam 4,95%, a R$ 23,77. <\/p>\n\n\n\n<p>&#8220;Todas as a\u00e7\u00f5es que s\u00e3o sens\u00edveis a juros, principalmente em rela\u00e7\u00e3o a consumo dom\u00e9stico, est\u00e3o refletindo esse IPCA-15 de hoje, pois as apostas por um corte maior na Selic (de -0,25% pra -0,50%) aumentaram e isso impacta diretamente as a\u00e7\u00f5es de consumo dom\u00e9stico, como empresas de educa\u00e7\u00e3o, varejistas e construtoras&#8221;, pontuou Andre Fernandes, especialista em mercado de capitais e s\u00f3cio da A7 Capital.<\/p>\n\n\n\t<p>\n\t\t<a href=\"https:\/\/lp.suno.com.br\/ebook-como-analisar-uma-acao\/\" target=\"_blank\" data-element=\"shortcode-suno-banner\" title=\"Banner SUNO, clique e saiba mais\">\n\t\t\t<picture>\n\t\t\t\t<source media=\"(max-width: 500px)\" srcset=\"https:\/\/files.sunoresearch.com.br\/n\/uploads\/2023\/03\/Ebook-Acoes-Mobile-1.jpg\">\n\t\t\t\t<img class=\"newsContent__article__imgCapa newsContent__article__imgCapa--banner\"\n\t\t\t\t\tsrc=\"https:\/\/files.sunoresearch.com.br\/n\/uploads\/2023\/03\/Ebook-Acoes-Desktop-1.jpg\"\n\t\t\t\t\tdata-promo-id=\"171998\"\t\t\t\t\t\t\t\t\t\twidth='1420' height='286'\t\t\t\t\talt=\"https:\/\/files.sunoresearch.com.br\/n\/uploads\/2023\/03\/Ebook-Acoes-Desktop-1.jpg\"\n\t\t\t\t>\n\t\t\t<\/picture>\n\t\t<\/a>\n\t<\/p>\n\n\n\n\n\n<h2 class=\"wp-block-heading\">Via surfa na onda do Desenrola: veja como renegociar d\u00edvidas com Casas Bahia e Ponto com vantagens<\/h2>\n\n\n\n<p>As empresas de varejo est\u00e3o aproveitando o momento do in\u00edcio do programa <strong>Desenrola Brasil<\/strong>, do Governo Federal, para renegociar d\u00edvidas internas com seus clientes. Esses d\u00e9bitos dos consumidores v\u00eam principalmente de cart\u00f5es n\u00e3o bandeirados e dos carn\u00eas. A medida inclui as companhias que est\u00e3o sob a propriedade da<strong>&nbsp;Via<\/strong>, conforme noticiado pelo portal Extra.<\/p>\n\n\n\n<p>Assim, dois exemplos de empresas que est\u00e3o aderindo a esse&nbsp;<strong>mutir\u00e3o de renegocia\u00e7\u00e3o de d\u00edvidas<\/strong>&nbsp;s\u00e3o Casas Bahia e Ponto, pertencentes \u00e0 Via, com uma campanha que come\u00e7a hoje (25) e vai durar at\u00e9 o dia 31 de agosto de 2023.<\/p>\n\n\n\n<p>Assim, os clientes dessas duas lojas poder\u00e3o&nbsp;<a href=\"https:\/\/www.suno.com.br\/noticias\/desenrola-comeca-hoje-veja-detalhes-evm\/\" target=\"_blank\" rel=\"noreferrer noopener\"><strong>renegociar d\u00edvidas<\/strong><\/a>&nbsp;em aberto sem pagar multa e juros. Al\u00e9m disso, essa renegocia\u00e7\u00e3o prev\u00ea o parcelamento de at\u00e9 36 vezes, embora as condi\u00e7\u00f5es de pagamento v\u00e3o depender da situa\u00e7\u00e3o de cada consumidor.<\/p>\n\n\n\n<p>Al\u00e9m dessas vantagens j\u00e1 citadas para a renegocia\u00e7\u00e3o de d\u00edvidas com&nbsp;<strong>Casas Bahia&nbsp;<\/strong>e&nbsp;<strong>Ponto<\/strong>, ainda existe a possibilidade de ter redu\u00e7\u00e3o no valor de entrada e a obten\u00e7\u00e3o de descontos.<\/p>\n\n\n\n<p>Apesar disso, nem todos os d\u00e9bitos poder\u00e3o ter essas condi\u00e7\u00f5es. Para que a negocia\u00e7\u00e3o possa ser feita com essas vantagens, as d\u00edvidas devem ter sido feitas at\u00e9 o dia 31 de dezembro de 2022 no carn\u00ea.<\/p>\n\n\n\n<p>Segundo a Via, a estimativa \u00e9 de que mais de 1,5 milh\u00e3o de clientes dessas empresas possam ter suas d\u00edvidas renegociadas, regularizando-se assim as pend\u00eancias.<\/p>\n\n\n\n<p>Para&nbsp;<strong>renegociar as d\u00edvidas<\/strong>&nbsp;com as Casas Bahia e Ponto, os consumidores poder\u00e3o optar por ir diretamente a uma de suas lojas, ou regularizar as pend\u00eancias de forma online.<\/p>\n\n\n\n<p>Nesse caso, as Casas Bahia disponibiliza 4 formatos a dist\u00e2ncia:<\/p>\n\n\n\n<ol class=\"wp-block-list\" type=\"1\" start=\"1\">\n<li>Ligando na Central de Atendimento, pelo n\u00famero 0800 025 8880;<\/li>\n\n\n\n<li>Acessando o&nbsp;<a href=\"https:\/\/renegocie.casasbahia.com.br\/#\/\">Portal do Carn\u00ea<\/a>;<\/li>\n\n\n\n<li>Renegociando pelo WhatsApp, no n\u00famero 41 9951-2321;<\/li>\n\n\n\n<li>Usando o aplicativo do BanQi.<\/li>\n<\/ol>\n\n\n\n<p>No Ponto tamb\u00e9m s\u00e3o 4 possibilidades de renegocia\u00e7\u00e3o sem precisar ir a uma loja:<\/p>\n\n\n\n<ol class=\"wp-block-list\" type=\"1\" start=\"1\">\n<li>Ligando na Central de Atendimento, pelo n\u00famero 0800 022 1400;<\/li>\n\n\n\n<li>Acessando o&nbsp;<a href=\"https:\/\/renegocie.pontofrio.com.br\/#\/\">Portal do Carn\u00ea<\/a>;<\/li>\n\n\n\n<li>Renegociando pelo WhatsApp, no n\u00famero 41 98512-0885;<\/li>\n\n\n\n<li>Usando o aplicativo do BanQi.<\/li>\n<\/ol>\n\n\n\n<p>No caso das d\u00edvidas em aberto no&nbsp;<a href=\"https:\/\/www.suno.com.br\/artigos\/cartao-de-credito\/\" target=\"_blank\" rel=\"noreferrer noopener\">cart\u00e3o de cr\u00e9dito<\/a>, a renegocia\u00e7\u00e3o tamb\u00e9m pode ser feita, mas o processo \u00e9 um pouco diferente dos carn\u00eas. Nesse caso, a regulariza\u00e7\u00e3o deve ser tratada diretamente com os bancos operadores. Nas Casas Bahia, o operador \u00e9 o&nbsp;<a href=\"https:\/\/www.suno.com.br\/acoes\/ITUB4\/\" target=\"_blank\" rel=\"noreferrer noopener\"><strong>Ita\u00fa (ITUB4)<\/strong><\/a>, enquanto no Ponto \u00e9 o&nbsp;<a href=\"https:\/\/www.suno.com.br\/acoes\/BBDC4\/\" target=\"_blank\" rel=\"noreferrer noopener\"><strong>Bradesco (BBDC4)<\/strong><\/a>.<\/p>\n\n\n\n<p>Al\u00e9m das empresas da&nbsp;<strong>Via<\/strong>, outras varejistas tamb\u00e9m podem entrar em per\u00edodo de renegocia\u00e7\u00e3o de d\u00edvidas. Esse \u00e9 o caso das&nbsp;Lojas Renner, que optou por aderir ao Desenrola. No entanto, Pernambucanas e&nbsp;Magazine Luiza, por exemplo, ainda n\u00e3o trouxeram uma confirma\u00e7\u00e3o para a tomada de a\u00e7\u00f5es desse tipo.<\/p>\n\n\n\t<p>\n\t\t<a href=\"https:\/\/lp.suno.com.br\/planilha-de-controle-de-investimentos\/\" target=\"_blank\" data-element=\"shortcode-suno-banner\" title=\"Banner SUNO, clique e saiba mais\">\n\t\t\t<picture>\n\t\t\t\t<source media=\"(max-width: 500px)\" srcset=\"https:\/\/files.sunoresearch.com.br\/n\/uploads\/2023\/03\/400x300-Controle-de-Investimentos.png\">\n\t\t\t\t<img class=\"newsContent__article__imgCapa newsContent__article__imgCapa--banner\"\n\t\t\t\t\tsrc=\"https:\/\/files.sunoresearch.com.br\/n\/uploads\/2023\/03\/1420x240-Controle-de-Investimentos.png\"\n\t\t\t\t\tdata-promo-id=\"75934\"\t\t\t\t\t\t\t\t\t\twidth='1420' height='240'\t\t\t\t\talt=\"https:\/\/files.sunoresearch.com.br\/n\/uploads\/2023\/03\/1420x240-Controle-de-Investimentos.png\"\n\t\t\t\t>\n\t\t\t<\/picture>\n\t\t<\/a>\n\t<\/p>\n\n\n","protected":false},"excerpt":{"rendered":"<p>As a\u00e7\u00f5es de\u00a0Via\u00a0(VIIA3)\u00a0e\u00a0Magazine Luiza (MGLU3)\u00a0figuraram no campo positivo do Ibovespa desta ter\u00e7a-feira (25), impulsionadas pela divulga\u00e7\u00e3o do IPCA-15, que representa a pr\u00e9via da infla\u00e7\u00e3o oficial do Brasil. Casas Bahia (BHIA3). Foto: Divulga\u00e7\u00e3o No fechamento os\u00a0pap\u00e9is da Via\u00a0avan\u00e7aram 1,95%, cotados a R$ 2,09, enquanto os\u00a0ativos do Magazine Luiza\u00a0tamb\u00e9m subiam 1,99%, a R$ 3,07. J\u00e1 as a\u00e7\u00f5es [&hellip;]<\/p>\n","protected":false},"author":313,"featured_media":385865,"comment_status":"closed","ping_status":"closed","sticky":false,"template":"","format":"standard","meta":[],"categories":[64],"tags":[286,443,105816,473,542,548,2054,97380,106935],"suno_strategy":[],"class_list":["post-433091","post","type-post","status-publish","format-standard","has-post-thumbnail","hentry","category-negocios","tag-acoes","tag-cyrela-cyre3","tag-especialistas","tag-eztec-eztc3","tag-lojas-renner-lren3","tag-magazine-luiza-mglu3","tag-mrv-mrve3","tag-petz-petz3","tag-via-viia3"],"yoast_head":"<!-- This site is optimized with the Yoast SEO plugin v24.4 - https:\/\/yoast.com\/wordpress\/plugins\/seo\/ -->\n<title>Via (VIIA3) e Magazine Luiza (MGLU3) sobem no Ibovespa nesta ter\u00e7a<\/title>\n<meta name=\"description\" content=\"As a\u00e7\u00f5es de\u00a0Via\u00a0e\u00a0Magazine Luiza\u00a0figuram no campo positivo do Ibovespa desta ter\u00e7a-feira (25), impulsionadas pela divulga\u00e7\u00e3o do IPCA-15.\" \/>\n<meta name=\"robots\" content=\"index, follow, max-snippet:-1, max-image-preview:large, max-video-preview:-1\" \/>\n<link rel=\"canonical\" href=\"https:\/\/www.suno.com.br\/noticias\/via-viiia3-magazine-luiza-ibovespa-hoje-gpj\/\" \/>\n<meta property=\"og:locale\" content=\"pt_BR\" \/>\n<meta property=\"og:type\" content=\"article\" \/>\n<meta property=\"og:title\" content=\"Via (VIIA3) e Magazine Luiza (MGLU3) sobem no Ibovespa nesta ter\u00e7a\" \/>\n<meta property=\"og:description\" content=\"As a\u00e7\u00f5es de\u00a0Via\u00a0e\u00a0Magazine Luiza\u00a0figuram no campo positivo do Ibovespa desta ter\u00e7a-feira (25), impulsionadas pela divulga\u00e7\u00e3o do IPCA-15.\" \/>\n<meta property=\"og:url\" content=\"https:\/\/www.suno.com.br\/noticias\/via-viiia3-magazine-luiza-ibovespa-hoje-gpj\/\" \/>\n<meta property=\"og:site_name\" content=\"Suno Not\u00edcias\" \/>\n<meta property=\"article:publisher\" content=\"https:\/\/facebook.com\/sunoresearch\" \/>\n<meta property=\"og:image\" content=\"https:\/\/files.sunoresearch.com.br\/n\/uploads\/2023\/04\/via-viia3-casas-bahia-cb-loja-foto-divulgacao.jpg\" \/>\n\t<meta property=\"og:image:width\" content=\"1200\" \/>\n\t<meta property=\"og:image:height\" content=\"675\" \/>\n\t<meta property=\"og:image:type\" content=\"image\/jpeg\" \/>\n<meta name=\"author\" content=\"Giovanni Porf\u00edrio Jacomino\" \/>\n<meta name=\"twitter:card\" content=\"summary_large_image\" \/>\n<meta name=\"twitter:creator\" content=\"@sunoresearch\" \/>\n<meta name=\"twitter:site\" content=\"@sunoresearch\" \/>\n<meta name=\"twitter:label1\" content=\"Escrito por\" \/>\n\t<meta name=\"twitter:data1\" content=\"Giovanni Porf\u00edrio Jacomino\" \/>\n\t<meta name=\"twitter:label2\" content=\"Est. tempo de leitura\" \/>\n\t<meta name=\"twitter:data2\" content=\"5 minutos\" \/>\n<script type=\"application\/ld+json\" class=\"yoast-schema-graph\">{\"@context\":\"https:\/\/schema.org\",\"@graph\":[{\"@type\":\"NewsArticle\",\"@id\":\"https:\/\/www.suno.com.br\/noticias\/via-viiia3-magazine-luiza-ibovespa-hoje-gpj\/#article\",\"isPartOf\":{\"@id\":\"https:\/\/www.suno.com.br\/noticias\/via-viiia3-magazine-luiza-ibovespa-hoje-gpj\/\"},\"author\":{\"name\":\"Giovanni Porf\u00edrio Jacomino\",\"@id\":\"https:\/\/www.suno.com.br\/noticias\/#\/schema\/person\/d0f32748bbca4bee871fa191ee4e2d40\"},\"headline\":\"Via (VIIA3), Magazine Luiza (MGLU3) e mais varejistas sobem no Ibovespa nesta ter\u00e7a. Quais os motivos?\",\"datePublished\":\"2023-07-25T14:56:58+00:00\",\"dateModified\":\"2023-07-25T21:29:59+00:00\",\"mainEntityOfPage\":{\"@id\":\"https:\/\/www.suno.com.br\/noticias\/via-viiia3-magazine-luiza-ibovespa-hoje-gpj\/\"},\"wordCount\":846,\"publisher\":{\"@id\":\"https:\/\/www.suno.com.br\/noticias\/#organization\"},\"image\":{\"@id\":\"https:\/\/www.suno.com.br\/noticias\/via-viiia3-magazine-luiza-ibovespa-hoje-gpj\/#primaryimage\"},\"thumbnailUrl\":\"https:\/\/files.sunoresearch.com.br\/n\/uploads\/2023\/04\/via-viia3-casas-bahia-cb-loja-foto-divulgacao.jpg\",\"keywords\":[\"A\u00e7\u00f5es\",\"Cyrela (CYRE3)\",\"Especialistas\",\"Eztec (EZTC3)\",\"Lojas Renner (LREN3)\",\"Magazine Luiza (MGLU3)\",\"MRV (MRVE3)\",\"Petz (PETZ3)\",\"Via (VIIA3)\"],\"articleSection\":[\"Neg\u00f3cios\"],\"inLanguage\":\"pt-BR\"},{\"@type\":\"WebPage\",\"@id\":\"https:\/\/www.suno.com.br\/noticias\/via-viiia3-magazine-luiza-ibovespa-hoje-gpj\/\",\"url\":\"https:\/\/www.suno.com.br\/noticias\/via-viiia3-magazine-luiza-ibovespa-hoje-gpj\/\",\"name\":\"Via (VIIA3) e Magazine Luiza (MGLU3) sobem no Ibovespa nesta ter\u00e7a\",\"isPartOf\":{\"@id\":\"https:\/\/www.suno.com.br\/noticias\/#website\"},\"primaryImageOfPage\":{\"@id\":\"https:\/\/www.suno.com.br\/noticias\/via-viiia3-magazine-luiza-ibovespa-hoje-gpj\/#primaryimage\"},\"image\":{\"@id\":\"https:\/\/www.suno.com.br\/noticias\/via-viiia3-magazine-luiza-ibovespa-hoje-gpj\/#primaryimage\"},\"thumbnailUrl\":\"https:\/\/files.sunoresearch.com.br\/n\/uploads\/2023\/04\/via-viia3-casas-bahia-cb-loja-foto-divulgacao.jpg\",\"datePublished\":\"2023-07-25T14:56:58+00:00\",\"dateModified\":\"2023-07-25T21:29:59+00:00\",\"description\":\"As a\u00e7\u00f5es de\u00a0Via\u00a0e\u00a0Magazine Luiza\u00a0figuram no campo positivo do Ibovespa desta ter\u00e7a-feira (25), impulsionadas pela divulga\u00e7\u00e3o do IPCA-15.\",\"breadcrumb\":{\"@id\":\"https:\/\/www.suno.com.br\/noticias\/via-viiia3-magazine-luiza-ibovespa-hoje-gpj\/#breadcrumb\"},\"inLanguage\":\"pt-BR\",\"potentialAction\":[{\"@type\":\"ReadAction\",\"target\":[\"https:\/\/www.suno.com.br\/noticias\/via-viiia3-magazine-luiza-ibovespa-hoje-gpj\/\"]}]},{\"@type\":\"ImageObject\",\"inLanguage\":\"pt-BR\",\"@id\":\"https:\/\/www.suno.com.br\/noticias\/via-viiia3-magazine-luiza-ibovespa-hoje-gpj\/#primaryimage\",\"url\":\"https:\/\/files.sunoresearch.com.br\/n\/uploads\/2023\/04\/via-viia3-casas-bahia-cb-loja-foto-divulgacao.jpg\",\"contentUrl\":\"https:\/\/files.sunoresearch.com.br\/n\/uploads\/2023\/04\/via-viia3-casas-bahia-cb-loja-foto-divulgacao.jpg\",\"width\":1200,\"height\":675,\"caption\":\"Casas Bahia (BHIA3). Foto: Divulga\u00e7\u00e3o\"},{\"@type\":\"BreadcrumbList\",\"@id\":\"https:\/\/www.suno.com.br\/noticias\/via-viiia3-magazine-luiza-ibovespa-hoje-gpj\/#breadcrumb\",\"itemListElement\":[{\"@type\":\"ListItem\",\"position\":1,\"name\":\"Not\u00edcias\",\"item\":\"https:\/\/www.suno.com.br\/noticias\/\"},{\"@type\":\"ListItem\",\"position\":2,\"name\":\"Neg\u00f3cios\",\"item\":\"https:\/\/www.suno.com.br\/noticias\/negocios\/\"},{\"@type\":\"ListItem\",\"position\":3,\"name\":\"Via (VIIA3), Magazine Luiza (MGLU3) e mais varejistas sobem no Ibovespa nesta ter\u00e7a. Quais os motivos?\"}]},{\"@type\":\"WebSite\",\"@id\":\"https:\/\/www.suno.com.br\/noticias\/#website\",\"url\":\"https:\/\/www.suno.com.br\/noticias\/\",\"name\":\"Suno Not\u00edcias\",\"description\":\"Seu portal de informa\u00e7\u00e3o sobre o mundo dos investimentos\",\"publisher\":{\"@id\":\"https:\/\/www.suno.com.br\/noticias\/#organization\"},\"potentialAction\":[{\"@type\":\"SearchAction\",\"target\":{\"@type\":\"EntryPoint\",\"urlTemplate\":\"https:\/\/www.suno.com.br\/noticias\/?s={search_term_string}\"},\"query-input\":{\"@type\":\"PropertyValueSpecification\",\"valueRequired\":true,\"valueName\":\"search_term_string\"}}],\"inLanguage\":\"pt-BR\"},{\"@type\":\"Organization\",\"@id\":\"https:\/\/www.suno.com.br\/noticias\/#organization\",\"name\":\"Suno Not\u00edcias\",\"url\":\"https:\/\/www.suno.com.br\/noticias\/\",\"logo\":{\"@type\":\"ImageObject\",\"inLanguage\":\"pt-BR\",\"@id\":\"https:\/\/www.suno.com.br\/noticias\/#\/schema\/logo\/image\/\",\"url\":\"https:\/\/files.sunoresearch.com.br\/n\/uploads\/2021\/09\/suno-logo.png\",\"contentUrl\":\"https:\/\/files.sunoresearch.com.br\/n\/uploads\/2021\/09\/suno-logo.png\",\"width\":180,\"height\":180,\"caption\":\"Suno Not\u00edcias\"},\"image\":{\"@id\":\"https:\/\/www.suno.com.br\/noticias\/#\/schema\/logo\/image\/\"},\"sameAs\":[\"https:\/\/facebook.com\/sunoresearch\",\"https:\/\/x.com\/sunoresearch\",\"https:\/\/www.instagram.com\/suno\",\"https:\/\/www.linkedin.com\/company\/suno-research\/\",\"https:\/\/www.youtube.com\/c\/sunoresearch\"]},{\"@type\":\"Person\",\"@id\":\"https:\/\/www.suno.com.br\/noticias\/#\/schema\/person\/d0f32748bbca4bee871fa191ee4e2d40\",\"name\":\"Giovanni Porf\u00edrio Jacomino\",\"image\":{\"@type\":\"ImageObject\",\"inLanguage\":\"pt-BR\",\"@id\":\"https:\/\/www.suno.com.br\/noticias\/#\/schema\/person\/image\/\",\"url\":\"https:\/\/secure.gravatar.com\/avatar\/efb32e19b730a121cb7a80f41ffec01a?s=96&r=g\",\"contentUrl\":\"https:\/\/secure.gravatar.com\/avatar\/efb32e19b730a121cb7a80f41ffec01a?s=96&r=g\",\"caption\":\"Giovanni Porf\u00edrio Jacomino\"},\"description\":\"Giovanni Porf\u00edrio Jacomino \u00e9 jornalista formado pela Universidade Estadual de Londrina (UEL) e p\u00f3s-graduado em Produ\u00e7\u00e3o e Pr\u00e1ticas Jornal\u00edsticas na Contemporaneidade na Faculdade C\u00e1sper L\u00edbero (FCL). Foi editor web no Startupi e no Finsiders, atuando ainda como editor no TC Mover, portal de not\u00edcias da TradersClub, fazendo a cobertura de assuntos relacionados ao mercado financeiro interno e externo. Atualmente, \u00e9 Rep\u00f3rter do Suno Not\u00edcias.\",\"url\":\"https:\/\/www.suno.com.br\/noticias\/author\/giovanni-porfiriosuno-com-br\/\"}]}<\/script>\n<!-- \/ Yoast SEO plugin. -->","yoast_head_json":{"title":"Via (VIIA3) e Magazine Luiza (MGLU3) sobem no Ibovespa nesta ter\u00e7a","description":"As a\u00e7\u00f5es de\u00a0Via\u00a0e\u00a0Magazine Luiza\u00a0figuram no campo positivo do Ibovespa desta ter\u00e7a-feira (25), impulsionadas pela divulga\u00e7\u00e3o do IPCA-15.","robots":{"index":"index","follow":"follow","max-snippet":"max-snippet:-1","max-image-preview":"max-image-preview:large","max-video-preview":"max-video-preview:-1"},"canonical":"https:\/\/www.suno.com.br\/noticias\/via-viiia3-magazine-luiza-ibovespa-hoje-gpj\/","og_locale":"pt_BR","og_type":"article","og_title":"Via (VIIA3) e Magazine Luiza (MGLU3) sobem no Ibovespa nesta ter\u00e7a","og_description":"As a\u00e7\u00f5es de\u00a0Via\u00a0e\u00a0Magazine Luiza\u00a0figuram no campo positivo do Ibovespa desta ter\u00e7a-feira (25), impulsionadas pela divulga\u00e7\u00e3o do IPCA-15.","og_url":"https:\/\/www.suno.com.br\/noticias\/via-viiia3-magazine-luiza-ibovespa-hoje-gpj\/","og_site_name":"Suno Not\u00edcias","article_publisher":"https:\/\/facebook.com\/sunoresearch","og_image":[{"width":1200,"height":675,"url":"https:\/\/files.sunoresearch.com.br\/n\/uploads\/2023\/04\/via-viia3-casas-bahia-cb-loja-foto-divulgacao.jpg","type":"image\/jpeg"}],"author":"Giovanni Porf\u00edrio Jacomino","twitter_card":"summary_large_image","twitter_creator":"@sunoresearch","twitter_site":"@sunoresearch","twitter_misc":{"Escrito por":"Giovanni Porf\u00edrio Jacomino","Est. tempo de leitura":"5 minutos"},"schema":{"@context":"https:\/\/schema.org","@graph":[{"@type":"NewsArticle","@id":"https:\/\/www.suno.com.br\/noticias\/via-viiia3-magazine-luiza-ibovespa-hoje-gpj\/#article","isPartOf":{"@id":"https:\/\/www.suno.com.br\/noticias\/via-viiia3-magazine-luiza-ibovespa-hoje-gpj\/"},"author":{"name":"Giovanni Porf\u00edrio Jacomino","@id":"https:\/\/www.suno.com.br\/noticias\/#\/schema\/person\/d0f32748bbca4bee871fa191ee4e2d40"},"headline":"Via (VIIA3), Magazine Luiza (MGLU3) e mais varejistas sobem no Ibovespa nesta ter\u00e7a. Quais os motivos?","datePublished":"2023-07-25T14:56:58+00:00","dateModified":"2023-07-25T21:29:59+00:00","mainEntityOfPage":{"@id":"https:\/\/www.suno.com.br\/noticias\/via-viiia3-magazine-luiza-ibovespa-hoje-gpj\/"},"wordCount":846,"publisher":{"@id":"https:\/\/www.suno.com.br\/noticias\/#organization"},"image":{"@id":"https:\/\/www.suno.com.br\/noticias\/via-viiia3-magazine-luiza-ibovespa-hoje-gpj\/#primaryimage"},"thumbnailUrl":"https:\/\/files.sunoresearch.com.br\/n\/uploads\/2023\/04\/via-viia3-casas-bahia-cb-loja-foto-divulgacao.jpg","keywords":["A\u00e7\u00f5es","Cyrela (CYRE3)","Especialistas","Eztec (EZTC3)","Lojas Renner (LREN3)","Magazine Luiza (MGLU3)","MRV (MRVE3)","Petz (PETZ3)","Via (VIIA3)"],"articleSection":["Neg\u00f3cios"],"inLanguage":"pt-BR"},{"@type":"WebPage","@id":"https:\/\/www.suno.com.br\/noticias\/via-viiia3-magazine-luiza-ibovespa-hoje-gpj\/","url":"https:\/\/www.suno.com.br\/noticias\/via-viiia3-magazine-luiza-ibovespa-hoje-gpj\/","name":"Via (VIIA3) e Magazine Luiza (MGLU3) sobem no Ibovespa nesta ter\u00e7a","isPartOf":{"@id":"https:\/\/www.suno.com.br\/noticias\/#website"},"primaryImageOfPage":{"@id":"https:\/\/www.suno.com.br\/noticias\/via-viiia3-magazine-luiza-ibovespa-hoje-gpj\/#primaryimage"},"image":{"@id":"https:\/\/www.suno.com.br\/noticias\/via-viiia3-magazine-luiza-ibovespa-hoje-gpj\/#primaryimage"},"thumbnailUrl":"https:\/\/files.sunoresearch.com.br\/n\/uploads\/2023\/04\/via-viia3-casas-bahia-cb-loja-foto-divulgacao.jpg","datePublished":"2023-07-25T14:56:58+00:00","dateModified":"2023-07-25T21:29:59+00:00","description":"As a\u00e7\u00f5es de\u00a0Via\u00a0e\u00a0Magazine Luiza\u00a0figuram no campo positivo do Ibovespa desta ter\u00e7a-feira (25), impulsionadas pela divulga\u00e7\u00e3o do IPCA-15.","breadcrumb":{"@id":"https:\/\/www.suno.com.br\/noticias\/via-viiia3-magazine-luiza-ibovespa-hoje-gpj\/#breadcrumb"},"inLanguage":"pt-BR","potentialAction":[{"@type":"ReadAction","target":["https:\/\/www.suno.com.br\/noticias\/via-viiia3-magazine-luiza-ibovespa-hoje-gpj\/"]}]},{"@type":"ImageObject","inLanguage":"pt-BR","@id":"https:\/\/www.suno.com.br\/noticias\/via-viiia3-magazine-luiza-ibovespa-hoje-gpj\/#primaryimage","url":"https:\/\/files.sunoresearch.com.br\/n\/uploads\/2023\/04\/via-viia3-casas-bahia-cb-loja-foto-divulgacao.jpg","contentUrl":"https:\/\/files.sunoresearch.com.br\/n\/uploads\/2023\/04\/via-viia3-casas-bahia-cb-loja-foto-divulgacao.jpg","width":1200,"height":675,"caption":"Casas Bahia (BHIA3). Foto: Divulga\u00e7\u00e3o"},{"@type":"BreadcrumbList","@id":"https:\/\/www.suno.com.br\/noticias\/via-viiia3-magazine-luiza-ibovespa-hoje-gpj\/#breadcrumb","itemListElement":[{"@type":"ListItem","position":1,"name":"Not\u00edcias","item":"https:\/\/www.suno.com.br\/noticias\/"},{"@type":"ListItem","position":2,"name":"Neg\u00f3cios","item":"https:\/\/www.suno.com.br\/noticias\/negocios\/"},{"@type":"ListItem","position":3,"name":"Via (VIIA3), Magazine Luiza (MGLU3) e mais varejistas sobem no Ibovespa nesta ter\u00e7a. Quais os motivos?"}]},{"@type":"WebSite","@id":"https:\/\/www.suno.com.br\/noticias\/#website","url":"https:\/\/www.suno.com.br\/noticias\/","name":"Suno Not\u00edcias","description":"Seu portal de informa\u00e7\u00e3o sobre o mundo dos investimentos","publisher":{"@id":"https:\/\/www.suno.com.br\/noticias\/#organization"},"potentialAction":[{"@type":"SearchAction","target":{"@type":"EntryPoint","urlTemplate":"https:\/\/www.suno.com.br\/noticias\/?s={search_term_string}"},"query-input":{"@type":"PropertyValueSpecification","valueRequired":true,"valueName":"search_term_string"}}],"inLanguage":"pt-BR"},{"@type":"Organization","@id":"https:\/\/www.suno.com.br\/noticias\/#organization","name":"Suno Not\u00edcias","url":"https:\/\/www.suno.com.br\/noticias\/","logo":{"@type":"ImageObject","inLanguage":"pt-BR","@id":"https:\/\/www.suno.com.br\/noticias\/#\/schema\/logo\/image\/","url":"https:\/\/files.sunoresearch.com.br\/n\/uploads\/2021\/09\/suno-logo.png","contentUrl":"https:\/\/files.sunoresearch.com.br\/n\/uploads\/2021\/09\/suno-logo.png","width":180,"height":180,"caption":"Suno Not\u00edcias"},"image":{"@id":"https:\/\/www.suno.com.br\/noticias\/#\/schema\/logo\/image\/"},"sameAs":["https:\/\/facebook.com\/sunoresearch","https:\/\/x.com\/sunoresearch","https:\/\/www.instagram.com\/suno","https:\/\/www.linkedin.com\/company\/suno-research\/","https:\/\/www.youtube.com\/c\/sunoresearch"]},{"@type":"Person","@id":"https:\/\/www.suno.com.br\/noticias\/#\/schema\/person\/d0f32748bbca4bee871fa191ee4e2d40","name":"Giovanni Porf\u00edrio Jacomino","image":{"@type":"ImageObject","inLanguage":"pt-BR","@id":"https:\/\/www.suno.com.br\/noticias\/#\/schema\/person\/image\/","url":"https:\/\/secure.gravatar.com\/avatar\/efb32e19b730a121cb7a80f41ffec01a?s=96&r=g","contentUrl":"https:\/\/secure.gravatar.com\/avatar\/efb32e19b730a121cb7a80f41ffec01a?s=96&r=g","caption":"Giovanni Porf\u00edrio Jacomino"},"description":"Giovanni Porf\u00edrio Jacomino \u00e9 jornalista formado pela Universidade Estadual de Londrina (UEL) e p\u00f3s-graduado em Produ\u00e7\u00e3o e Pr\u00e1ticas Jornal\u00edsticas na Contemporaneidade na Faculdade C\u00e1sper L\u00edbero (FCL). Foi editor web no Startupi e no Finsiders, atuando ainda como editor no TC Mover, portal de not\u00edcias da TradersClub, fazendo a cobertura de assuntos relacionados ao mercado financeiro interno e externo. Atualmente, \u00e9 Rep\u00f3rter do Suno Not\u00edcias.","url":"https:\/\/www.suno.com.br\/noticias\/author\/giovanni-porfiriosuno-com-br\/"}]}},"default_loop_html":"<div class=\"cardsPage__listCard__boxs\"><div class=\"cardsPage__listCard__boxs__img\"><a href=\"https:\/\/www.suno.com.br\/noticias\/via-viiia3-magazine-luiza-ibovespa-hoje-gpj\/\"><img class=\"mask\" src=\"https:\/\/www.suno.com.br\/noticias\/wp-content\/themes\/suno\/resources\/images\/spotlight\/spotlight1img\/bg-mask.png\" alt=\"Image Mask\"\/><img src=\"https:\/\/files.sunoresearch.com.br\/n\/uploads\/2023\/04\/via-viia3-casas-bahia-cb-loja-foto-divulgacao-400x200.jpg\" alt=\"Via (VIIA3), Magazine Luiza (MGLU3) e mais varejistas sobem no Ibovespa nesta ter\u00e7a. Quais os motivos?\"\/><\/a><span class=\"spotlightCategory\"><a href=\"https:\/\/www.suno.com.br\/noticias\/negocios\/\">Neg\u00f3cios<\/a><\/span><\/div><div class=\"cardsPage__listCard__boxs__content\"><a href=\"https:\/\/www.suno.com.br\/noticias\/via-viiia3-magazine-luiza-ibovespa-hoje-gpj\/\"><h2 class=\"content__title\">Via (VIIA3), Magazine Luiza (MGLU3) e mais varejistas sobem no Ibovespa nesta ter\u00e7a. Quais os motivos?<\/h2><\/a><div class=\"newsContent__article__meta\"><div class=\"newsContent__article__meta__authorBox\"><a href=\"https:\/\/www.suno.com.br\/noticias\/author\/giovanni-porfiriosuno-com-br\/\" class=\"authorBox__avatar noMobi\"><img src=\"https:\/\/files.sunoresearch.com.br\/n\/uploads\/2024\/05\/DSCF4115-1-1-150x150.webp\" alt=\"Giovanni Porf\u00edrio Jacomino\"><\/a><div class=\"authorBox__name\"><span>por\n\t\t\t<a href=\"https:\/\/www.suno.com.br\/noticias\/author\/giovanni-porfiriosuno-com-br\/\"><span itemprop=\"author\">Giovanni Porf\u00edrio Jacomino<\/span><\/a><\/span><time datetime=\"2023-07-25T11:56:58-03:00\" itemprop=\"datePublished\">25\/07\/2023 11:56<\/time><\/div><\/div><\/div><\/div><\/div>","single_layout":"posts","amp_enabled":true,"_links":{"self":[{"href":"https:\/\/www.suno.com.br\/noticias\/wp-json\/wp\/v2\/posts\/433091"}],"collection":[{"href":"https:\/\/www.suno.com.br\/noticias\/wp-json\/wp\/v2\/posts"}],"about":[{"href":"https:\/\/www.suno.com.br\/noticias\/wp-json\/wp\/v2\/types\/post"}],"author":[{"embeddable":true,"href":"https:\/\/www.suno.com.br\/noticias\/wp-json\/wp\/v2\/users\/313"}],"replies":[{"embeddable":true,"href":"https:\/\/www.suno.com.br\/noticias\/wp-json\/wp\/v2\/comments?post=433091"}],"version-history":[{"count":2,"href":"https:\/\/www.suno.com.br\/noticias\/wp-json\/wp\/v2\/posts\/433091\/revisions"}],"predecessor-version":[{"id":433403,"href":"https:\/\/www.suno.com.br\/noticias\/wp-json\/wp\/v2\/posts\/433091\/revisions\/433403"}],"wp:featuredmedia":[{"embeddable":true,"href":"https:\/\/www.suno.com.br\/noticias\/wp-json\/wp\/v2\/media\/385865"}],"wp:attachment":[{"href":"https:\/\/www.suno.com.br\/noticias\/wp-json\/wp\/v2\/media?parent=433091"}],"wp:term":[{"taxonomy":"category","embeddable":true,"href":"https:\/\/www.suno.com.br\/noticias\/wp-json\/wp\/v2\/categories?post=433091"},{"taxonomy":"post_tag","embeddable":true,"href":"https:\/\/www.suno.com.br\/noticias\/wp-json\/wp\/v2\/tags?post=433091"},{"taxonomy":"suno_strategy","embeddable":true,"href":"https:\/\/www.suno.com.br\/noticias\/wp-json\/wp\/v2\/suno_strategy?post=433091"}],"curies":[{"name":"wp","href":"https:\/\/api.w.org\/{rel}","templated":true}]}}