{"id":433067,"date":"2023-07-25T12:00:17","date_gmt":"2023-07-25T15:00:17","guid":{"rendered":"https:\/\/www.suno.com.br\/noticias\/?p=433067"},"modified":"2023-07-25T12:00:23","modified_gmt":"2023-07-25T15:00:23","slug":"petrobras-petr4-descarta-compra-vibra-gpj","status":"publish","type":"post","link":"https:\/\/www.suno.com.br\/noticias\/petrobras-petr4-descarta-compra-vibra-gpj\/","title":{"rendered":"Petrobras (PETR4) descarta eventual compra da Vibra Energia (VBBR3), diz jornal"},"content":{"rendered":"<p>Mesmo rejeitando a an\u00e1lise de uma eventual compra da <a href=\"https:\/\/www.suno.com.br\/acoes\/vbbr3\/\">Vibra Energia (VBBR3)<\/a>, a <a href=\"https:\/\/www.suno.com.br\/acoes\/PETR4\/\"><strong>Petrobras<\/strong> (PETR4)<\/a> n\u00e3o desistir\u00e1 de voltar ao mercado de distribui\u00e7\u00e3o de combust\u00edveis, segundo fontes informaram ao Estad\u00e3o\/Broadcast.<\/p>\t<div class=\"wrapper-featured-image\">\n\t\t<figure class=\"spotlightImg\">\n\n\t\t\t<picture>\n\t\t\t\t<source media=\"(max-width: 768px)\" srcset=\"https:\/\/files.sunoresearch.com.br\/n\/uploads\/2023\/05\/petrobras-posto-400x200.jpg\">\n\t\t\t\t<img loading=\"lazy\" decoding=\"async\" class=\"newsContent__article__imgCapa lazyloadDisabled \" src=\"https:\/\/files.sunoresearch.com.br\/n\/uploads\/2023\/05\/petrobras-posto-800x450.jpg\" width=\"800\" height=\"450\" alt=\"Petrobras (PETR4) descarta eventual compra da Vibra Energia (VBBR3), diz jornal\" fetchpriority=high \/>\n\t\t\t<\/picture>\n\n\t\t\t<figcaption class=\"wp-caption-text wp-caption-text--show\">Petrobras (PETR4). Foto: iStock<\/figcaption>\n\t\t<\/figure>\n\t<\/div>\n\n\n\n\n\n\t<p>\n\t\t<a href=\"\" target=\"_blank\" data-element=\"shortcode-suno-banner\" title=\"Banner SUNO, clique e saiba mais\">\n\t\t\t<picture>\n\t\t\t\t<source media=\"(max-width: 500px)\" srcset=\"\">\n\t\t\t\t<img class=\"newsContent__article__imgCapa newsContent__article__imgCapa--banner\"\n\t\t\t\t\tsrc=\"\"\n\t\t\t\t\tdata-promo-id=\"254218\"\t\t\t\t\t\t\t\t\t\t\t\t\t\t\talt=\"\"\n\t\t\t\t>\n\t\t\t<\/picture>\n\t\t<\/a>\n\t<\/p>\n\n\n\n\n\n\n\n<p>Segundo a publica\u00e7\u00e3o, o presidente da estatal, <strong>Jean Paul Prates<\/strong>, tem sondado outras distribuidoras com o objetivo de &#8220;ter os p\u00e9s de novo no ch\u00e3o, junto ao consumidor&#8221;, conforme j\u00e1 afirmado pelo executivo publicamente.<\/p>\n\n\n\n<p>Ainda de acordo com uma fonte, a ideia \u00e9 recomprar ou renegociar pelo menos a marca Petrobras de volta, j\u00e1 que a Vibra por ser uma corpora\u00e7\u00e3o (&#8216;empresa sem dono&#8217;) teria uma aquisi\u00e7\u00e3o cara e complexa, dificultando a conclus\u00e3o da opera\u00e7\u00e3o. <\/p>\n\n\n\n<p>Vale lembrar que a marca dos <strong>postos Petrobras<\/strong>, da antiga <strong>BR Distribuidora<\/strong>, foi arrendada por 10 anos para a Vibra na \u00e9poca da privatiza\u00e7\u00e3o, em 2021.<\/p>\n\n\n\n<p>Na reportagem, segundo outra fonte, Prates j\u00e1 teria conversado com algumas distribuidoras &#8211; entre elas, a Alesat, quarta maior do Pa\u00eds, com 25 anos no mercado &#8211; e que nasceu da fus\u00e3o da Ale Combust\u00edveis, de Minas Gerais, com a Sat\u00e9lite Distribuidora de Petr\u00f3leo, do Rio Grande do Norte.<\/p>\n\n\n\n<p>A Alesat possui 1,5 mil postos espalhados em todo o pa\u00eds, gerando 12 mil empregos diretos e indiretos.<\/p>\n\n\n\n<p>De acordo com o Estad\u00e3o, outras empresas teriam sido consultadas, o que \u00e9 oficialmente negado pela Petrobras.<\/p>\n\n\n\n<h2 class=\"wp-block-heading\">Petrobras ainda est\u00e1 \u2018em cima do muro\u2019 sobre desinvestimento no Polo Bahia Terra<\/h2>\n\n\n\n<p>A\u00a0<a href=\"https:\/\/www.suno.com.br\/acoes\/PETR4\/\" target=\"_blank\" rel=\"noreferrer noopener\">Petrobras\u00a0(<strong>PETR4<\/strong>)<\/a>\u00a0ressaltou que ainda n\u00e3o tomou nenhuma decis\u00e3o acerca do desinvestimento no Polo Bahia Terra, conforme nota de esclarecimento publicada na \u00faltima sexta-feira (21).<\/p>\n\n\n\n<p>\u201cAtualmente, a Petrobras est\u00e1 em processo de revis\u00e3o de sua carteira de desinvestimento, \u00e0 luz das novas diretrizes estrat\u00e9gicas e, neste contexto, a Companhia est\u00e1 avaliando a melhor alternativa para o Polo Bahia Terra. Vale destacar que n\u00e3o houve qualquer decis\u00e3o da Diretoria Executiva em rela\u00e7\u00e3o ao processo de desinvestimento desse ativo\u201d,&nbsp;<a href=\"https:\/\/www.rad.cvm.gov.br\/ENET\/frmExibirArquivoIPEExterno.aspx?NumeroProtocoloEntrega=1124282\" target=\"_blank\" rel=\"noreferrer noopener\">diz o documento<\/a>.<\/p>\n\n\n\n<p>A nota foi publicada pela Petrobras ap\u00f3s a Comiss\u00e3o de Valores Mobili\u00e1rios (CVM) questionar a empresa sobre uma not\u00edcia divulgada pela CNN, em que era citada a informa\u00e7\u00e3o de que a companhia decidiu n\u00e3o vender o ativo.<\/p>\n\n\n\n<p>Atualmente a estatal negocia o polo com um cons\u00f3rcio da&nbsp;<a href=\"https:\/\/www.suno.com.br\/acoes\/ENEV3\/\" target=\"_blank\" rel=\"noreferrer noopener\">Eneva (ENEV3)<\/a>&nbsp;e a PetroReconcavo (RECV3).<\/p>\n\n\n\t<p>\n\t\t<a href=\"https:\/\/lp.suno.com.br\/ebook-como-analisar-uma-acao\/\" target=\"_blank\" data-element=\"shortcode-suno-banner\" title=\"Banner SUNO, clique e saiba mais\">\n\t\t\t<picture>\n\t\t\t\t<source media=\"(max-width: 500px)\" srcset=\"https:\/\/files.sunoresearch.com.br\/n\/uploads\/2023\/03\/Ebook-Acoes-Mobile.jpg\">\n\t\t\t\t<img class=\"newsContent__article__imgCapa newsContent__article__imgCapa--banner\"\n\t\t\t\t\tsrc=\"https:\/\/files.sunoresearch.com.br\/n\/uploads\/2023\/03\/Ebook-Acoes-Desktop.jpg\"\n\t\t\t\t\tdata-promo-id=\"378302\"\t\t\t\t\t\t\t\t\t\twidth='1420' height='286'\t\t\t\t\talt=\"https:\/\/files.sunoresearch.com.br\/n\/uploads\/2023\/03\/Ebook-Acoes-Desktop.jpg\"\n\t\t\t\t>\n\t\t\t<\/picture>\n\t\t<\/a>\n\t<\/p>\n\n\n\n\n\n<h2 class=\"wp-block-heading\">Petrobras paralisa processo bilion\u00e1rio alegando conflito de interesses<\/h2>\n\n\n\n<p>A Petrobras paralisou um processo bilion\u00e1rio de arbitragem movido por acionistas minorit\u00e1rios contra a petroleira, ap\u00f3s pedir impugna\u00e7\u00e3o do advogado Anderson Schreiber alegando conflito de interesses.<\/p>\n\n\n\n<p>A a\u00e7\u00e3o contra a Petrobras corre na&nbsp;<a href=\"https:\/\/www.suno.com.br\/artigos\/camara-de-arbitragem\/\" target=\"_blank\" rel=\"noreferrer noopener\">C\u00e2mara de Arbitragem<\/a>&nbsp;do Mercado da&nbsp;<strong>B3&nbsp;<\/strong>e \u00e9 estimada em quase R$ 1 bilh\u00e3o com 26 fundos estrangeiros envolvidos. Os ativos cobram indeniza\u00e7\u00f5es devido aos casos de corrup\u00e7\u00e3o que levaram a petroleira a ser investigada na&nbsp;<strong>Opera\u00e7\u00e3o Lava Jato<\/strong>.<\/p>\n\n\n\n<p>Os&nbsp;<strong>acionistas minorit\u00e1rios de PETR4<\/strong>&nbsp;alegam que a estatal teria perdido bilh\u00f5es de reais em raz\u00e3o dos esc\u00e2ndalos, penalizando-os com a queda dos pre\u00e7os de suas a\u00e7\u00f5es com a divulga\u00e7\u00e3o dessas perdas. A&nbsp;<a href=\"https:\/\/www.suno.com.br\/artigos\/camara-de-arbitragem\/\" target=\"_blank\" rel=\"noreferrer noopener\">c\u00e2mara de arbitragem<\/a>&nbsp;contra a Petrobras foi constitu\u00edda na Bolsa a partir de um pedido do Sistema de Aposentadoria de Empregados P\u00fablicos da Calif\u00f3rnia, nos EUA, ainda em julho de 2017.<\/p>\n\n\n\n<p>No fim de junho deste ano, antes que a impugna\u00e7\u00e3o a seu nome fosse julgada, Schreiber renunciou ao posto, o que deve atrasar ainda mais a&nbsp;<strong>arbitragem<\/strong>, que se encaminhava para a fase final. Agora ser\u00e1 preciso indicar um novo presidente para a c\u00e2mara arbitral, e aguardar a aprova\u00e7\u00e3o do nome pelas partes envolvidas no processo.<\/p>\n\n\n\n<p>O sistema de arbitragem consiste de um mecanismo extrajudicial que corre em sigilo, mas cujos efeitos t\u00eam o peso das decis\u00f5es de Justi\u00e7a.<\/p>\n\n\n\n<h2 class=\"wp-block-heading\">Cota\u00e7\u00e3o de Petrobras<\/h2>\n\n\n\n<p>Perto das 11h00, as a\u00e7\u00f5es preferenciais da <strong>Petrobras<\/strong> subiam 0,23%, cotadas a R$ 30,37.<\/p>\n\n\n\n<div class=\"pluginQuotation\">\n  <p class=\"ticker\">\n    Cota\u00e7\u00e3o <span>PETR4<\/span>\n  <\/p>\n  <div class=\"info\">\n    <div class=\"leftSide\">\n      Gr\u00e1fico gerado em: 25\/07\/2023    <\/div>\n\t\t\t\t\t<div class=\"rightSide\">\n\t\t\t\t\t<span class=\"period\">\n\t\t\t\t\t\t1 Dia\t\t\t\t\t<\/span>\n\t\t\t<\/div>\n\t\t  <\/div>\n\n  <div id=\"chart-92e25802b2c2e6a79d4f5c8c18a3d880\" data-block-hash=\"92e25802b2c2e6a79d4f5c8c18a3d880\"  class=\"chart\" style=\"width:100%;height:400px;\"><\/div>\n\n  <div class=\"pluginQuotation__footer\">\n    <div class=\"dataChart\">\n\n      <div class=\"dataChart__div1 variation\">\n        <div class=\"value-negative\">\n          -1,31 (-0,40%)        <\/div>\n        <div class=\"text\">\n          Varia\u00e7\u00e3o do per\u00edodo\n        <\/div>\n      <\/div>\n\n      <div class=\"dataChart__div2 minMax\">\n        <div class=\"value\">\n          R$\u00a030,24        <\/div>\n        <div class=\"text\">\n          M\u00ednima\n        <\/div>\n      <\/div>\n\n      <div class=\"dataChart__div3 minMax\">\n        <div class=\"value\">\n          R$\u00a030,64        <\/div>\n        <div class=\"text\">\n          M\u00e1xima\n        <\/div>\n      <\/div>\n\n\t\t\t<div class=\"dataChart__div4 rightSide\">\n\t\t\t\t<div class=\"analiticaSource\">\n\t\t\t\t\t<span>\n\t\t\t\t\t\tFonte:\n\t\t\t\t\t<\/span>\n\t\t\t\t\t<img decoding=\"async\" class=\"analiticaLogo\" src=\"https:\/\/www.suno.com.br\/noticias\/wp-content\/plugins\/suno-block-ticker-quotation\/src\/suno-analitica-logo.png\" alt=\"Logo Suno Anal\u00edtica\" \/>\n\t\t\t\t<\/div>\n\n\t\t\t\t<a href=\"https:\/\/www.suno.com.br\/analitica\/acoes\/PETR4\" target=\"_blank\">\n\t\t\t\t\t<span>\n\t\t\t\t\t\tVer mais cota\u00e7\u00f5es\n\t\t\t\t\t<\/span>\n\t\t\t\t\t<svg xmlns=\"http:\/\/www.w3.org\/2000\/svg\" width=\"9\" height=\"8\" viewBox=\"0 0 9 8\" fill=\"none\">\n\t\t\t\t\t\t<path d=\"M4.20996 0L3.50496 0.705L6.29496 3.5H0.209961V4.5H6.29496L3.50496 7.295L4.20996 8L8.20996 4L4.20996 0Z\" fill=\"#D42126\" \/>\n\t\t\t\t\t<\/svg>\n\t\t\t\t<\/a>\n    <\/div>\n\n    <\/div>\n  <\/div>\n<\/div>\n\n\n<script type=\"text\/javascript\">\n  let chart_92e25802b2c2e6a79d4f5c8c18a3d880 = document.getElementById('chart-92e25802b2c2e6a79d4f5c8c18a3d880');\n  let data_json_92e25802b2c2e6a79d4f5c8c18a3d880 = \"[{\\\"date\\\":\\\"25\\\\\\\/07\\\\\\\/23 10:08\\\",\\\"value\\\":30.64},{\\\"date\\\":\\\"25\\\\\\\/07\\\\\\\/23 10:10\\\",\\\"value\\\":30.53},{\\\"date\\\":\\\"25\\\\\\\/07\\\\\\\/23 10:12\\\",\\\"value\\\":30.48},{\\\"date\\\":\\\"25\\\\\\\/07\\\\\\\/23 10:14\\\",\\\"value\\\":30.51},{\\\"date\\\":\\\"25\\\\\\\/07\\\\\\\/23 10:16\\\",\\\"value\\\":30.41},{\\\"date\\\":\\\"25\\\\\\\/07\\\\\\\/23 10:18\\\",\\\"value\\\":30.35},{\\\"date\\\":\\\"25\\\\\\\/07\\\\\\\/23 10:20\\\",\\\"value\\\":30.24},{\\\"date\\\":\\\"25\\\\\\\/07\\\\\\\/23 10:22\\\",\\\"value\\\":30.43},{\\\"date\\\":\\\"25\\\\\\\/07\\\\\\\/23 10:24\\\",\\\"value\\\":30.24}]\";\n  let isPositive_92e25802b2c2e6a79d4f5c8c18a3d880 = \"\";\n\n  let color_92e25802b2c2e6a79d4f5c8c18a3d880 = isPositive_92e25802b2c2e6a79d4f5c8c18a3d880 ? '#3AB53A' : '#D92C2D';\n\n  let data_92e25802b2c2e6a79d4f5c8c18a3d880 = JSON.parse(data_json_92e25802b2c2e6a79d4f5c8c18a3d880);\n\n  const result_92e25802b2c2e6a79d4f5c8c18a3d880 = {\n    date: [],\n    value: [],\n  };\n\n  data_92e25802b2c2e6a79d4f5c8c18a3d880.forEach((item) => {\n    result_92e25802b2c2e6a79d4f5c8c18a3d880.date.push(item.date);\n    result_92e25802b2c2e6a79d4f5c8c18a3d880.value.push(Number(item.value));\n  });\n\n  let option_92e25802b2c2e6a79d4f5c8c18a3d880 = {\n    \/\/ variavel de cor global\n    color: [color_92e25802b2c2e6a79d4f5c8c18a3d880],\n    title: {\n      text: '',\n    },\n    tooltip: {\n      trigger: 'axis',\n      axisPointer: {\n        type: 'cross',\n        label: {\n          \/\/ cor dos valores em X e Y\n          backgroundColor: color_92e25802b2c2e6a79d4f5c8c18a3d880,\n          formatter: (value) => {\n            if (typeof value.value === 'number') {\n              return Number(value.value).toLocaleString('pt-br', {\n                style: 'currency',\n                currency: 'BRL'\n              });\n            }\n            return value.value;\n          },\n        },\n      },\n      valueFormatter: (value) => Number(value).toLocaleString('pt-br', {\n        style: 'currency',\n        currency: 'BRL'\n      }),\n    },\n    legend: {\n      \/\/ data: ['Valor de Fechamento'],\n      show: false,\n    },\n    toolbox: {\n      feature: {\n        saveAsImage: {\n          show: false,\n        },\n      },\n    },\n    grid: {\n      left: '0px',\n      right: '0px',\n      bottom: '0px',\n      containLabel: true,\n    },\n    xAxis: [{\n      type: 'category',\n      data: result_92e25802b2c2e6a79d4f5c8c18a3d880.date,\n      boundaryGap: true,\n    }],\n    yAxis: [{\n      type: 'value',\n      min: Math.min(...result_92e25802b2c2e6a79d4f5c8c18a3d880.value),\n      max: Math.max(...result_92e25802b2c2e6a79d4f5c8c18a3d880.value),\n      axisLabel: {\n        formatter: (value) => value.toLocaleString('pt-br', {\n          style: 'currency',\n          currency: 'BRL'\n        }),\n      },\n    }],\n    series: [{\n      name: 'Valor de Fechamento',\n      type: 'line',\n      stack: 'Total',\n      \/\/ cor do grafico\n      areaStyle: {},\n      emphasis: {\n        focus: 'series',\n      },\n      data: result_92e25802b2c2e6a79d4f5c8c18a3d880.value,\n      \/\/ cor da linha\n      lineStyle: {\n        color: color_92e25802b2c2e6a79d4f5c8c18a3d880,\n      },\n    }, ],\n  };\n\n\twindow.chart_92e25802b2c2e6a79d4f5c8c18a3d880 = {\n\t\tel: chart_92e25802b2c2e6a79d4f5c8c18a3d880,\n\t\toption: option_92e25802b2c2e6a79d4f5c8c18a3d880\t};\n\n\n<\/script>\n\n\n\t<p>\n\t\t<a href=\"https:\/\/lp.suno.com.br\/plataforma-de-controle-de-investimentos\/\" target=\"_blank\" data-element=\"shortcode-suno-banner\" title=\"Banner SUNO, clique e saiba mais\">\n\t\t\t<picture>\n\t\t\t\t<source media=\"(max-width: 500px)\" srcset=\"https:\/\/files.sunoresearch.com.br\/n\/uploads\/2023\/03\/400x300-Controle-de-Investimentos.png\">\n\t\t\t\t<img class=\"newsContent__article__imgCapa newsContent__article__imgCapa--banner\"\n\t\t\t\t\tsrc=\"https:\/\/files.sunoresearch.com.br\/n\/uploads\/2023\/03\/1420x240-Controle-de-Investimentos.png\"\n\t\t\t\t\tdata-promo-id=\"383162\"\t\t\t\t\t\t\t\t\t\twidth='1420' height='240'\t\t\t\t\talt=\"https:\/\/files.sunoresearch.com.br\/n\/uploads\/2023\/03\/1420x240-Controle-de-Investimentos.png\"\n\t\t\t\t>\n\t\t\t<\/picture>\n\t\t<\/a>\n\t<\/p>\n\n\n","protected":false},"excerpt":{"rendered":"<p>Mesmo rejeitando a an\u00e1lise de uma eventual compra da Vibra Energia (VBBR3), a Petrobras (PETR4) n\u00e3o desistir\u00e1 de voltar ao mercado de distribui\u00e7\u00e3o de combust\u00edveis, segundo fontes informaram ao Estad\u00e3o\/Broadcast. Petrobras (PETR4). Foto: iStock Segundo a publica\u00e7\u00e3o, o presidente da estatal, Jean Paul Prates, tem sondado outras distribuidoras com o objetivo de &#8220;ter os p\u00e9s [&hellip;]<\/p>\n","protected":false},"author":313,"featured_media":405228,"comment_status":"closed","ping_status":"closed","sticky":false,"template":"","format":"standard","meta":[],"categories":[64],"tags":[595,596],"suno_strategy":[],"class_list":["post-433067","post","type-post","status-publish","format-standard","has-post-thumbnail","hentry","category-negocios","tag-petrobras-petr4","tag-vibra-energia-vbbr3"],"yoast_head":"<!-- This site is optimized with the Yoast SEO plugin v24.4 - https:\/\/yoast.com\/wordpress\/plugins\/seo\/ -->\n<title>Petrobras (PETR4) descarta eventual compra da Vibra (VBBR3), diz jornal<\/title>\n<meta name=\"description\" content=\"Mesmo rejeitando a an\u00e1lise de uma eventual compra da Vibra, a Petrobras n\u00e3o desistir\u00e1 de voltar ao mercado de distribui\u00e7\u00e3o de combust\u00edveis.\" \/>\n<meta name=\"robots\" content=\"index, follow, max-snippet:-1, max-image-preview:large, max-video-preview:-1\" \/>\n<link rel=\"canonical\" href=\"https:\/\/www.suno.com.br\/noticias\/petrobras-petr4-descarta-compra-vibra-gpj\/\" \/>\n<meta property=\"og:locale\" content=\"pt_BR\" \/>\n<meta property=\"og:type\" content=\"article\" \/>\n<meta property=\"og:title\" content=\"Petrobras (PETR4) descarta eventual compra da Vibra (VBBR3), diz jornal\" \/>\n<meta property=\"og:description\" content=\"Mesmo rejeitando a an\u00e1lise de uma eventual compra da Vibra, a Petrobras n\u00e3o desistir\u00e1 de voltar ao mercado de distribui\u00e7\u00e3o de combust\u00edveis.\" \/>\n<meta property=\"og:url\" content=\"https:\/\/www.suno.com.br\/noticias\/petrobras-petr4-descarta-compra-vibra-gpj\/\" \/>\n<meta property=\"og:site_name\" content=\"Suno Not\u00edcias\" \/>\n<meta property=\"article:publisher\" content=\"https:\/\/facebook.com\/sunoresearch\" \/>\n<meta property=\"og:image\" content=\"https:\/\/files.sunoresearch.com.br\/n\/uploads\/2023\/05\/petrobras-posto.jpg\" \/>\n\t<meta property=\"og:image:width\" content=\"1254\" \/>\n\t<meta property=\"og:image:height\" content=\"836\" \/>\n\t<meta property=\"og:image:type\" content=\"image\/jpeg\" \/>\n<meta name=\"author\" content=\"Giovanni Porf\u00edrio Jacomino\" \/>\n<meta name=\"twitter:card\" content=\"summary_large_image\" \/>\n<meta name=\"twitter:creator\" content=\"@sunoresearch\" \/>\n<meta name=\"twitter:site\" content=\"@sunoresearch\" \/>\n<meta name=\"twitter:label1\" content=\"Escrito por\" \/>\n\t<meta name=\"twitter:data1\" content=\"Giovanni Porf\u00edrio Jacomino\" \/>\n\t<meta name=\"twitter:label2\" content=\"Est. tempo de leitura\" \/>\n\t<meta name=\"twitter:data2\" content=\"4 minutos\" \/>\n<script type=\"application\/ld+json\" class=\"yoast-schema-graph\">{\"@context\":\"https:\/\/schema.org\",\"@graph\":[{\"@type\":\"NewsArticle\",\"@id\":\"https:\/\/www.suno.com.br\/noticias\/petrobras-petr4-descarta-compra-vibra-gpj\/#article\",\"isPartOf\":{\"@id\":\"https:\/\/www.suno.com.br\/noticias\/petrobras-petr4-descarta-compra-vibra-gpj\/\"},\"author\":{\"name\":\"Giovanni Porf\u00edrio Jacomino\",\"@id\":\"https:\/\/www.suno.com.br\/noticias\/#\/schema\/person\/d0f32748bbca4bee871fa191ee4e2d40\"},\"headline\":\"Petrobras (PETR4) descarta eventual compra da Vibra Energia (VBBR3), diz jornal\",\"datePublished\":\"2023-07-25T15:00:17+00:00\",\"dateModified\":\"2023-07-25T15:00:23+00:00\",\"mainEntityOfPage\":{\"@id\":\"https:\/\/www.suno.com.br\/noticias\/petrobras-petr4-descarta-compra-vibra-gpj\/\"},\"wordCount\":686,\"publisher\":{\"@id\":\"https:\/\/www.suno.com.br\/noticias\/#organization\"},\"image\":{\"@id\":\"https:\/\/www.suno.com.br\/noticias\/petrobras-petr4-descarta-compra-vibra-gpj\/#primaryimage\"},\"thumbnailUrl\":\"https:\/\/files.sunoresearch.com.br\/n\/uploads\/2023\/05\/petrobras-posto.jpg\",\"keywords\":[\"Petrobras (PETR4)\",\"Vibra Energia (VBBR3)\"],\"articleSection\":[\"Neg\u00f3cios\"],\"inLanguage\":\"pt-BR\"},{\"@type\":\"WebPage\",\"@id\":\"https:\/\/www.suno.com.br\/noticias\/petrobras-petr4-descarta-compra-vibra-gpj\/\",\"url\":\"https:\/\/www.suno.com.br\/noticias\/petrobras-petr4-descarta-compra-vibra-gpj\/\",\"name\":\"Petrobras (PETR4) descarta eventual compra da Vibra (VBBR3), diz jornal\",\"isPartOf\":{\"@id\":\"https:\/\/www.suno.com.br\/noticias\/#website\"},\"primaryImageOfPage\":{\"@id\":\"https:\/\/www.suno.com.br\/noticias\/petrobras-petr4-descarta-compra-vibra-gpj\/#primaryimage\"},\"image\":{\"@id\":\"https:\/\/www.suno.com.br\/noticias\/petrobras-petr4-descarta-compra-vibra-gpj\/#primaryimage\"},\"thumbnailUrl\":\"https:\/\/files.sunoresearch.com.br\/n\/uploads\/2023\/05\/petrobras-posto.jpg\",\"datePublished\":\"2023-07-25T15:00:17+00:00\",\"dateModified\":\"2023-07-25T15:00:23+00:00\",\"description\":\"Mesmo rejeitando a an\u00e1lise de uma eventual compra da Vibra, a Petrobras n\u00e3o desistir\u00e1 de voltar ao mercado de distribui\u00e7\u00e3o de combust\u00edveis.\",\"breadcrumb\":{\"@id\":\"https:\/\/www.suno.com.br\/noticias\/petrobras-petr4-descarta-compra-vibra-gpj\/#breadcrumb\"},\"inLanguage\":\"pt-BR\",\"potentialAction\":[{\"@type\":\"ReadAction\",\"target\":[\"https:\/\/www.suno.com.br\/noticias\/petrobras-petr4-descarta-compra-vibra-gpj\/\"]}]},{\"@type\":\"ImageObject\",\"inLanguage\":\"pt-BR\",\"@id\":\"https:\/\/www.suno.com.br\/noticias\/petrobras-petr4-descarta-compra-vibra-gpj\/#primaryimage\",\"url\":\"https:\/\/files.sunoresearch.com.br\/n\/uploads\/2023\/05\/petrobras-posto.jpg\",\"contentUrl\":\"https:\/\/files.sunoresearch.com.br\/n\/uploads\/2023\/05\/petrobras-posto.jpg\",\"width\":1254,\"height\":836,\"caption\":\"Petrobras (PETR4). Foto: iStock\"},{\"@type\":\"BreadcrumbList\",\"@id\":\"https:\/\/www.suno.com.br\/noticias\/petrobras-petr4-descarta-compra-vibra-gpj\/#breadcrumb\",\"itemListElement\":[{\"@type\":\"ListItem\",\"position\":1,\"name\":\"Not\u00edcias\",\"item\":\"https:\/\/www.suno.com.br\/noticias\/\"},{\"@type\":\"ListItem\",\"position\":2,\"name\":\"Neg\u00f3cios\",\"item\":\"https:\/\/www.suno.com.br\/noticias\/negocios\/\"},{\"@type\":\"ListItem\",\"position\":3,\"name\":\"Petrobras (PETR4) descarta eventual compra da Vibra Energia (VBBR3), diz jornal\"}]},{\"@type\":\"WebSite\",\"@id\":\"https:\/\/www.suno.com.br\/noticias\/#website\",\"url\":\"https:\/\/www.suno.com.br\/noticias\/\",\"name\":\"Suno Not\u00edcias\",\"description\":\"Seu portal de informa\u00e7\u00e3o sobre o mundo dos investimentos\",\"publisher\":{\"@id\":\"https:\/\/www.suno.com.br\/noticias\/#organization\"},\"potentialAction\":[{\"@type\":\"SearchAction\",\"target\":{\"@type\":\"EntryPoint\",\"urlTemplate\":\"https:\/\/www.suno.com.br\/noticias\/?s={search_term_string}\"},\"query-input\":{\"@type\":\"PropertyValueSpecification\",\"valueRequired\":true,\"valueName\":\"search_term_string\"}}],\"inLanguage\":\"pt-BR\"},{\"@type\":\"Organization\",\"@id\":\"https:\/\/www.suno.com.br\/noticias\/#organization\",\"name\":\"Suno Not\u00edcias\",\"url\":\"https:\/\/www.suno.com.br\/noticias\/\",\"logo\":{\"@type\":\"ImageObject\",\"inLanguage\":\"pt-BR\",\"@id\":\"https:\/\/www.suno.com.br\/noticias\/#\/schema\/logo\/image\/\",\"url\":\"https:\/\/files.sunoresearch.com.br\/n\/uploads\/2021\/09\/suno-logo.png\",\"contentUrl\":\"https:\/\/files.sunoresearch.com.br\/n\/uploads\/2021\/09\/suno-logo.png\",\"width\":180,\"height\":180,\"caption\":\"Suno Not\u00edcias\"},\"image\":{\"@id\":\"https:\/\/www.suno.com.br\/noticias\/#\/schema\/logo\/image\/\"},\"sameAs\":[\"https:\/\/facebook.com\/sunoresearch\",\"https:\/\/x.com\/sunoresearch\",\"https:\/\/www.instagram.com\/suno\",\"https:\/\/www.linkedin.com\/company\/suno-research\/\",\"https:\/\/www.youtube.com\/c\/sunoresearch\"]},{\"@type\":\"Person\",\"@id\":\"https:\/\/www.suno.com.br\/noticias\/#\/schema\/person\/d0f32748bbca4bee871fa191ee4e2d40\",\"name\":\"Giovanni Porf\u00edrio Jacomino\",\"image\":{\"@type\":\"ImageObject\",\"inLanguage\":\"pt-BR\",\"@id\":\"https:\/\/www.suno.com.br\/noticias\/#\/schema\/person\/image\/\",\"url\":\"https:\/\/secure.gravatar.com\/avatar\/efb32e19b730a121cb7a80f41ffec01a?s=96&r=g\",\"contentUrl\":\"https:\/\/secure.gravatar.com\/avatar\/efb32e19b730a121cb7a80f41ffec01a?s=96&r=g\",\"caption\":\"Giovanni Porf\u00edrio Jacomino\"},\"description\":\"Giovanni Porf\u00edrio Jacomino \u00e9 jornalista formado pela Universidade Estadual de Londrina (UEL) e p\u00f3s-graduado em Produ\u00e7\u00e3o e Pr\u00e1ticas Jornal\u00edsticas na Contemporaneidade na Faculdade C\u00e1sper L\u00edbero (FCL). Foi editor web no Startupi e no Finsiders, atuando ainda como editor no TC Mover, portal de not\u00edcias da TradersClub, fazendo a cobertura de assuntos relacionados ao mercado financeiro interno e externo. Atualmente, \u00e9 Rep\u00f3rter do Suno Not\u00edcias.\",\"url\":\"https:\/\/www.suno.com.br\/noticias\/author\/giovanni-porfiriosuno-com-br\/\"}]}<\/script>\n<!-- \/ Yoast SEO plugin. -->","yoast_head_json":{"title":"Petrobras (PETR4) descarta eventual compra da Vibra (VBBR3), diz jornal","description":"Mesmo rejeitando a an\u00e1lise de uma eventual compra da Vibra, a Petrobras n\u00e3o desistir\u00e1 de voltar ao mercado de distribui\u00e7\u00e3o de combust\u00edveis.","robots":{"index":"index","follow":"follow","max-snippet":"max-snippet:-1","max-image-preview":"max-image-preview:large","max-video-preview":"max-video-preview:-1"},"canonical":"https:\/\/www.suno.com.br\/noticias\/petrobras-petr4-descarta-compra-vibra-gpj\/","og_locale":"pt_BR","og_type":"article","og_title":"Petrobras (PETR4) descarta eventual compra da Vibra (VBBR3), diz jornal","og_description":"Mesmo rejeitando a an\u00e1lise de uma eventual compra da Vibra, a Petrobras n\u00e3o desistir\u00e1 de voltar ao mercado de distribui\u00e7\u00e3o de combust\u00edveis.","og_url":"https:\/\/www.suno.com.br\/noticias\/petrobras-petr4-descarta-compra-vibra-gpj\/","og_site_name":"Suno Not\u00edcias","article_publisher":"https:\/\/facebook.com\/sunoresearch","og_image":[{"width":1254,"height":836,"url":"https:\/\/files.sunoresearch.com.br\/n\/uploads\/2023\/05\/petrobras-posto.jpg","type":"image\/jpeg"}],"author":"Giovanni Porf\u00edrio Jacomino","twitter_card":"summary_large_image","twitter_creator":"@sunoresearch","twitter_site":"@sunoresearch","twitter_misc":{"Escrito por":"Giovanni Porf\u00edrio Jacomino","Est. tempo de leitura":"4 minutos"},"schema":{"@context":"https:\/\/schema.org","@graph":[{"@type":"NewsArticle","@id":"https:\/\/www.suno.com.br\/noticias\/petrobras-petr4-descarta-compra-vibra-gpj\/#article","isPartOf":{"@id":"https:\/\/www.suno.com.br\/noticias\/petrobras-petr4-descarta-compra-vibra-gpj\/"},"author":{"name":"Giovanni Porf\u00edrio Jacomino","@id":"https:\/\/www.suno.com.br\/noticias\/#\/schema\/person\/d0f32748bbca4bee871fa191ee4e2d40"},"headline":"Petrobras (PETR4) descarta eventual compra da Vibra Energia (VBBR3), diz jornal","datePublished":"2023-07-25T15:00:17+00:00","dateModified":"2023-07-25T15:00:23+00:00","mainEntityOfPage":{"@id":"https:\/\/www.suno.com.br\/noticias\/petrobras-petr4-descarta-compra-vibra-gpj\/"},"wordCount":686,"publisher":{"@id":"https:\/\/www.suno.com.br\/noticias\/#organization"},"image":{"@id":"https:\/\/www.suno.com.br\/noticias\/petrobras-petr4-descarta-compra-vibra-gpj\/#primaryimage"},"thumbnailUrl":"https:\/\/files.sunoresearch.com.br\/n\/uploads\/2023\/05\/petrobras-posto.jpg","keywords":["Petrobras (PETR4)","Vibra Energia (VBBR3)"],"articleSection":["Neg\u00f3cios"],"inLanguage":"pt-BR"},{"@type":"WebPage","@id":"https:\/\/www.suno.com.br\/noticias\/petrobras-petr4-descarta-compra-vibra-gpj\/","url":"https:\/\/www.suno.com.br\/noticias\/petrobras-petr4-descarta-compra-vibra-gpj\/","name":"Petrobras (PETR4) descarta eventual compra da Vibra (VBBR3), diz jornal","isPartOf":{"@id":"https:\/\/www.suno.com.br\/noticias\/#website"},"primaryImageOfPage":{"@id":"https:\/\/www.suno.com.br\/noticias\/petrobras-petr4-descarta-compra-vibra-gpj\/#primaryimage"},"image":{"@id":"https:\/\/www.suno.com.br\/noticias\/petrobras-petr4-descarta-compra-vibra-gpj\/#primaryimage"},"thumbnailUrl":"https:\/\/files.sunoresearch.com.br\/n\/uploads\/2023\/05\/petrobras-posto.jpg","datePublished":"2023-07-25T15:00:17+00:00","dateModified":"2023-07-25T15:00:23+00:00","description":"Mesmo rejeitando a an\u00e1lise de uma eventual compra da Vibra, a Petrobras n\u00e3o desistir\u00e1 de voltar ao mercado de distribui\u00e7\u00e3o de combust\u00edveis.","breadcrumb":{"@id":"https:\/\/www.suno.com.br\/noticias\/petrobras-petr4-descarta-compra-vibra-gpj\/#breadcrumb"},"inLanguage":"pt-BR","potentialAction":[{"@type":"ReadAction","target":["https:\/\/www.suno.com.br\/noticias\/petrobras-petr4-descarta-compra-vibra-gpj\/"]}]},{"@type":"ImageObject","inLanguage":"pt-BR","@id":"https:\/\/www.suno.com.br\/noticias\/petrobras-petr4-descarta-compra-vibra-gpj\/#primaryimage","url":"https:\/\/files.sunoresearch.com.br\/n\/uploads\/2023\/05\/petrobras-posto.jpg","contentUrl":"https:\/\/files.sunoresearch.com.br\/n\/uploads\/2023\/05\/petrobras-posto.jpg","width":1254,"height":836,"caption":"Petrobras (PETR4). Foto: iStock"},{"@type":"BreadcrumbList","@id":"https:\/\/www.suno.com.br\/noticias\/petrobras-petr4-descarta-compra-vibra-gpj\/#breadcrumb","itemListElement":[{"@type":"ListItem","position":1,"name":"Not\u00edcias","item":"https:\/\/www.suno.com.br\/noticias\/"},{"@type":"ListItem","position":2,"name":"Neg\u00f3cios","item":"https:\/\/www.suno.com.br\/noticias\/negocios\/"},{"@type":"ListItem","position":3,"name":"Petrobras (PETR4) descarta eventual compra da Vibra Energia (VBBR3), diz jornal"}]},{"@type":"WebSite","@id":"https:\/\/www.suno.com.br\/noticias\/#website","url":"https:\/\/www.suno.com.br\/noticias\/","name":"Suno Not\u00edcias","description":"Seu portal de informa\u00e7\u00e3o sobre o mundo dos investimentos","publisher":{"@id":"https:\/\/www.suno.com.br\/noticias\/#organization"},"potentialAction":[{"@type":"SearchAction","target":{"@type":"EntryPoint","urlTemplate":"https:\/\/www.suno.com.br\/noticias\/?s={search_term_string}"},"query-input":{"@type":"PropertyValueSpecification","valueRequired":true,"valueName":"search_term_string"}}],"inLanguage":"pt-BR"},{"@type":"Organization","@id":"https:\/\/www.suno.com.br\/noticias\/#organization","name":"Suno Not\u00edcias","url":"https:\/\/www.suno.com.br\/noticias\/","logo":{"@type":"ImageObject","inLanguage":"pt-BR","@id":"https:\/\/www.suno.com.br\/noticias\/#\/schema\/logo\/image\/","url":"https:\/\/files.sunoresearch.com.br\/n\/uploads\/2021\/09\/suno-logo.png","contentUrl":"https:\/\/files.sunoresearch.com.br\/n\/uploads\/2021\/09\/suno-logo.png","width":180,"height":180,"caption":"Suno Not\u00edcias"},"image":{"@id":"https:\/\/www.suno.com.br\/noticias\/#\/schema\/logo\/image\/"},"sameAs":["https:\/\/facebook.com\/sunoresearch","https:\/\/x.com\/sunoresearch","https:\/\/www.instagram.com\/suno","https:\/\/www.linkedin.com\/company\/suno-research\/","https:\/\/www.youtube.com\/c\/sunoresearch"]},{"@type":"Person","@id":"https:\/\/www.suno.com.br\/noticias\/#\/schema\/person\/d0f32748bbca4bee871fa191ee4e2d40","name":"Giovanni Porf\u00edrio Jacomino","image":{"@type":"ImageObject","inLanguage":"pt-BR","@id":"https:\/\/www.suno.com.br\/noticias\/#\/schema\/person\/image\/","url":"https:\/\/secure.gravatar.com\/avatar\/efb32e19b730a121cb7a80f41ffec01a?s=96&r=g","contentUrl":"https:\/\/secure.gravatar.com\/avatar\/efb32e19b730a121cb7a80f41ffec01a?s=96&r=g","caption":"Giovanni Porf\u00edrio Jacomino"},"description":"Giovanni Porf\u00edrio Jacomino \u00e9 jornalista formado pela Universidade Estadual de Londrina (UEL) e p\u00f3s-graduado em Produ\u00e7\u00e3o e Pr\u00e1ticas Jornal\u00edsticas na Contemporaneidade na Faculdade C\u00e1sper L\u00edbero (FCL). Foi editor web no Startupi e no Finsiders, atuando ainda como editor no TC Mover, portal de not\u00edcias da TradersClub, fazendo a cobertura de assuntos relacionados ao mercado financeiro interno e externo. Atualmente, \u00e9 Rep\u00f3rter do Suno Not\u00edcias.","url":"https:\/\/www.suno.com.br\/noticias\/author\/giovanni-porfiriosuno-com-br\/"}]}},"default_loop_html":"<div class=\"cardsPage__listCard__boxs\"><div class=\"cardsPage__listCard__boxs__img\"><a href=\"https:\/\/www.suno.com.br\/noticias\/petrobras-petr4-descarta-compra-vibra-gpj\/\"><img class=\"mask\" src=\"https:\/\/www.suno.com.br\/noticias\/wp-content\/themes\/suno\/resources\/images\/spotlight\/spotlight1img\/bg-mask.png\" alt=\"Image Mask\"\/><img src=\"https:\/\/files.sunoresearch.com.br\/n\/uploads\/2023\/05\/petrobras-posto-400x200.jpg\" alt=\"Petrobras (PETR4) descarta eventual compra da Vibra Energia (VBBR3), diz jornal\"\/><\/a><span class=\"spotlightCategory\"><a href=\"https:\/\/www.suno.com.br\/noticias\/negocios\/\">Neg\u00f3cios<\/a><\/span><\/div><div class=\"cardsPage__listCard__boxs__content\"><a href=\"https:\/\/www.suno.com.br\/noticias\/petrobras-petr4-descarta-compra-vibra-gpj\/\"><h2 class=\"content__title\">Petrobras (PETR4) descarta eventual compra da Vibra Energia (VBBR3), diz jornal<\/h2><\/a><div class=\"newsContent__article__meta\"><div class=\"newsContent__article__meta__authorBox\"><a href=\"https:\/\/www.suno.com.br\/noticias\/author\/giovanni-porfiriosuno-com-br\/\" class=\"authorBox__avatar noMobi\"><img src=\"https:\/\/files.sunoresearch.com.br\/n\/uploads\/2024\/05\/DSCF4115-1-1-150x150.webp\" alt=\"Giovanni Porf\u00edrio Jacomino\"><\/a><div class=\"authorBox__name\"><span>por\n\t\t\t<a href=\"https:\/\/www.suno.com.br\/noticias\/author\/giovanni-porfiriosuno-com-br\/\"><span itemprop=\"author\">Giovanni Porf\u00edrio Jacomino<\/span><\/a><\/span><time datetime=\"2023-07-25T12:00:17-03:00\" itemprop=\"datePublished\">25\/07\/2023 12:00<\/time><\/div><\/div><\/div><\/div><\/div>","single_layout":"posts","amp_enabled":true,"_links":{"self":[{"href":"https:\/\/www.suno.com.br\/noticias\/wp-json\/wp\/v2\/posts\/433067"}],"collection":[{"href":"https:\/\/www.suno.com.br\/noticias\/wp-json\/wp\/v2\/posts"}],"about":[{"href":"https:\/\/www.suno.com.br\/noticias\/wp-json\/wp\/v2\/types\/post"}],"author":[{"embeddable":true,"href":"https:\/\/www.suno.com.br\/noticias\/wp-json\/wp\/v2\/users\/313"}],"replies":[{"embeddable":true,"href":"https:\/\/www.suno.com.br\/noticias\/wp-json\/wp\/v2\/comments?post=433067"}],"version-history":[{"count":3,"href":"https:\/\/www.suno.com.br\/noticias\/wp-json\/wp\/v2\/posts\/433067\/revisions"}],"predecessor-version":[{"id":433142,"href":"https:\/\/www.suno.com.br\/noticias\/wp-json\/wp\/v2\/posts\/433067\/revisions\/433142"}],"wp:featuredmedia":[{"embeddable":true,"href":"https:\/\/www.suno.com.br\/noticias\/wp-json\/wp\/v2\/media\/405228"}],"wp:attachment":[{"href":"https:\/\/www.suno.com.br\/noticias\/wp-json\/wp\/v2\/media?parent=433067"}],"wp:term":[{"taxonomy":"category","embeddable":true,"href":"https:\/\/www.suno.com.br\/noticias\/wp-json\/wp\/v2\/categories?post=433067"},{"taxonomy":"post_tag","embeddable":true,"href":"https:\/\/www.suno.com.br\/noticias\/wp-json\/wp\/v2\/tags?post=433067"},{"taxonomy":"suno_strategy","embeddable":true,"href":"https:\/\/www.suno.com.br\/noticias\/wp-json\/wp\/v2\/suno_strategy?post=433067"}],"curies":[{"name":"wp","href":"https:\/\/api.w.org\/{rel}","templated":true}]}}