{"id":43252,"date":"2019-10-31T18:20:22","date_gmt":"2019-10-31T20:20:22","guid":{"rendered":"https:\/\/www.suno.com.br\/noticias\/?p=43252"},"modified":"2021-02-17T22:54:48","modified_gmt":"2021-02-18T01:54:48","slug":"trump-fed-corte-taxa-juros-2","status":"publish","type":"post","link":"https:\/\/www.suno.com.br\/noticias\/trump-fed-corte-taxa-juros-2\/","title":{"rendered":"Trump volta a criticar Fed ap\u00f3s corte da taxa de juros"},"content":{"rendered":"<p>O presidente dos <strong>Estados Unidos,<\/strong> <a href=\"https:\/\/www.suno.com.br\/tudo-sobre\/donald-trump\/\">Donald Trump<\/a>, criticou, nesta quinta-feira (31), duramente o <strong>Federal Reserve<\/strong> e seu presidente, <strong>Jerome Powell,<\/strong> alegando que as pol\u00edticas do banco central norte-americano est\u00e3o prejudicando a competitividade dos EUA.<\/p>\t<div class=\"wrapper-featured-image\">\n\t\t<figure class=\"spotlightImg\">\n\n\t\t\t<picture>\n\t\t\t\t<source media=\"(max-width: 768px)\" srcset=\"https:\/\/files.sunoresearch.com.br\/n\/uploads\/2019\/02\/3a7fd482-acordo-comercial-400x200.webp\">\n\t\t\t\t<img loading=\"lazy\" decoding=\"async\" class=\"newsContent__article__imgCapa lazyloadDisabled newsContent__article__imgCapa--noCaption\" src=\"https:\/\/files.sunoresearch.com.br\/n\/uploads\/2019\/02\/3a7fd482-acordo-comercial-800x450.webp\" width=\"800\" height=\"450\" alt=\"Trump volta a criticar Fed ap\u00f3s corte da taxa de juros\" fetchpriority=high \/>\n\t\t\t<\/picture>\n\n\t\t\t<figcaption class=\"wp-caption-text wp-caption-text--hide\">Donald Trump: Pelosi indica deputados para seguir com impeachment<\/figcaption>\n\t\t<\/figure>\n\t<\/div>\n\n\n\n<p class=\"twitter-tweet\">\n<p dir=\"ltr\" lang=\"en\">People are VERY disappointed in Jay Powell and the Federal Reserve. The Fed has called it wrong from the beginning, too fast, too slow. They even tightened in the beginning. Others are running circles around them and laughing all the way to the bank. Dollar &amp; Rates are hurting&#8230;<\/p>\n<p>\u2014 Donald J. Trump (@realDonaldTrump) <a href=\"https:\/\/twitter.com\/realDonaldTrump\/status\/1189914333842681858?ref_src=twsrc%5Etfw\">October 31, 2019<\/a><\/p>\n<p><script async src=\"https:\/\/platform.twitter.com\/widgets.js\" charset=\"utf-8\"><\/script><\/p>\n<p>&#8220;As pessoas est\u00e3o MUITO decepcionadas com <strong>Jay<\/strong> <strong>Powell<\/strong> e o <strong>Federal Reserve<\/strong>. O <strong>Fed<\/strong> considerou errado desde o in\u00edcio, muito r\u00e1pido, muito lento. Eles at\u00e9 apertaram no come\u00e7o. Outros est\u00e3o circulando em volta deles e rindo at\u00e9 o banco. <strong>D\u00f3lar<\/strong> e taxas est\u00e3o doendo &#8230;&#8221;, declarou <strong>Trump<\/strong> em sua conta no Twitter.<\/p>\n<p>\u201cO <strong>Fed<\/strong> nos coloca em desvantagem competitiva. A <strong>China<\/strong> n\u00e3o \u00e9 nosso problema, o Federal Reserve \u00e9\u201d, tamb\u00e9m disse <b>Trump <\/b>no Twitter. Al\u00e9m disso, o presidente norte-americano afirmou que a taxa de juros nos <strong>EUA<\/strong> deve ser abaixo das de pa\u00edses como: <strong>Alemanha<\/strong>, <strong>Jap\u00e3o<\/strong> &#8220;e todas as outras&#8221;.<\/p>\n<h2>Fed corta taxa de juros<\/h2>\n<p>Ap\u00f3s uma reuni\u00e3o realizada na \u00faltima quarta pelas autoridades do <a href=\"https:\/\/www.suno.com.br\/artigos\/fed\/\"><strong>Federal Reserve<\/strong> (<strong>Fed<\/strong>)<\/a>, o banco central <strong>norte-americano<\/strong> decidiu cortar a taxa de juros em um quarto de ponto percentual. Dessa forma, a taxa b\u00e1sica passou do intervalo de 1,75% a 2% para uma banda entre 1,5% e 1,75%.<\/p>\n<p><a href=\"https:\/\/www.suno.com.br\/noticias\/fed-corta-taxa-juros-eua-terceira-vez\/\">Saiba mais: Fed corta taxa de juros dos EUA pela terceira vez consecutiva<\/a><\/p>\n<p>Este \u00e9 o terceiro corte seguido realizado pelo <strong>Fed <\/strong>no ano. A decis\u00e3o foi tomada por membros do comit\u00ea de pol\u00edtica monet\u00e1ria do <strong>Banco Central<\/strong> dos EUA. A vota\u00e7\u00e3o sobre o corte n\u00e3o foi un\u00e2nime e dois membros do comit\u00ea foram contra a redu\u00e7\u00e3o. S\u00e3o eles: <strong>Esther George<\/strong> e <strong>Eric Rosengren.<\/strong><\/p>\n<p>Na \u00faltima ter\u00e7a-feira (29), o presidente <strong>Donald Trump<\/strong> pressionou o Federal Reserve por meio de uma rede social. O mandat\u00e1rio norte-americano afirmou que os EUA deveriam seguir o exemplo dos outros pa\u00edses com taxas de juros negativas.<\/p>\n","protected":false},"excerpt":{"rendered":"<p>O presidente dos Estados Unidos, Donald Trump, criticou, nesta quinta-feira (31), duramente o Federal Reserve e seu presidente, Jerome Powell, alegando que as pol\u00edticas do banco central norte-americano est\u00e3o prejudicando a competitividade dos EUA. Donald Trump: Pelosi indica deputados para seguir com impeachment People are VERY disappointed in Jay Powell and the Federal Reserve. The [&hellip;]<\/p>\n","protected":false},"author":23,"featured_media":15071,"comment_status":"closed","ping_status":"closed","sticky":false,"template":"","format":"standard","meta":[],"categories":[63],"tags":[724,776,1899],"suno_strategy":[],"class_list":["post-43252","post","type-post","status-publish","format-standard","has-post-thumbnail","hentry","category-internacional","tag-donald-trump","tag-federal-reseve-fed","tag-jerome-powell"],"yoast_head":"<!-- This site is optimized with the Yoast SEO plugin v24.4 - https:\/\/yoast.com\/wordpress\/plugins\/seo\/ -->\n<title>Trump volta a criticar Fed ap\u00f3s corte da taxa de juros<\/title>\n<meta name=\"description\" content=\"O presidente dos Estados Unidos, Donald Trump, criticou duramente o Federal Reserve e seu presidente, Jerome Powell. Clique aqui para mais.\" \/>\n<meta name=\"robots\" content=\"index, follow, max-snippet:-1, max-image-preview:large, max-video-preview:-1\" \/>\n<link rel=\"canonical\" href=\"https:\/\/www.suno.com.br\/noticias\/trump-fed-corte-taxa-juros-2\/\" \/>\n<meta property=\"og:locale\" content=\"pt_BR\" \/>\n<meta property=\"og:type\" content=\"article\" \/>\n<meta property=\"og:title\" content=\"Trump volta a criticar Fed ap\u00f3s corte da taxa de juros\" \/>\n<meta property=\"og:description\" content=\"O presidente dos Estados Unidos, Donald Trump, criticou duramente o Federal Reserve e seu presidente, Jerome Powell. Clique aqui para mais.\" \/>\n<meta property=\"og:url\" content=\"https:\/\/www.suno.com.br\/noticias\/trump-fed-corte-taxa-juros-2\/\" \/>\n<meta property=\"og:site_name\" content=\"Suno Not\u00edcias\" \/>\n<meta property=\"article:publisher\" content=\"https:\/\/facebook.com\/sunoresearch\" \/>\n<meta property=\"og:image\" content=\"https:\/\/files.sunoresearch.com.br\/n\/uploads\/2019\/02\/3a7fd482-acordo-comercial.jpg\" \/>\n\t<meta property=\"og:image:width\" content=\"1000\" \/>\n\t<meta property=\"og:image:height\" content=\"541\" \/>\n\t<meta property=\"og:image:type\" content=\"image\/jpeg\" \/>\n<meta name=\"author\" content=\"Rafael Lara\" \/>\n<meta name=\"twitter:card\" content=\"summary_large_image\" \/>\n<meta name=\"twitter:creator\" content=\"@sunoresearch\" \/>\n<meta name=\"twitter:site\" content=\"@sunoresearch\" \/>\n<meta name=\"twitter:label1\" content=\"Escrito por\" \/>\n\t<meta name=\"twitter:data1\" content=\"Rafael Lara\" \/>\n\t<meta name=\"twitter:label2\" content=\"Est. tempo de leitura\" \/>\n\t<meta name=\"twitter:data2\" content=\"2 minutos\" \/>\n<script type=\"application\/ld+json\" class=\"yoast-schema-graph\">{\"@context\":\"https:\/\/schema.org\",\"@graph\":[{\"@type\":\"NewsArticle\",\"@id\":\"https:\/\/www.suno.com.br\/noticias\/trump-fed-corte-taxa-juros-2\/#article\",\"isPartOf\":{\"@id\":\"https:\/\/www.suno.com.br\/noticias\/trump-fed-corte-taxa-juros-2\/\"},\"author\":{\"name\":\"Rafael Lara\",\"@id\":\"https:\/\/www.suno.com.br\/noticias\/#\/schema\/person\/098743caeed97b37f51315c9576c4078\"},\"headline\":\"Trump volta a criticar Fed ap\u00f3s corte da taxa de juros\",\"datePublished\":\"2019-10-31T20:20:22+00:00\",\"dateModified\":\"2021-02-18T01:54:48+00:00\",\"mainEntityOfPage\":{\"@id\":\"https:\/\/www.suno.com.br\/noticias\/trump-fed-corte-taxa-juros-2\/\"},\"wordCount\":374,\"publisher\":{\"@id\":\"https:\/\/www.suno.com.br\/noticias\/#organization\"},\"image\":{\"@id\":\"https:\/\/www.suno.com.br\/noticias\/trump-fed-corte-taxa-juros-2\/#primaryimage\"},\"thumbnailUrl\":\"https:\/\/files.sunoresearch.com.br\/n\/uploads\/2019\/02\/3a7fd482-acordo-comercial-jpg.webp\",\"keywords\":[\"Donald Trump\",\"Federal Reserve (FED)\",\"Jerome Powell\"],\"articleSection\":[\"Internacional\"],\"inLanguage\":\"pt-BR\"},{\"@type\":\"WebPage\",\"@id\":\"https:\/\/www.suno.com.br\/noticias\/trump-fed-corte-taxa-juros-2\/\",\"url\":\"https:\/\/www.suno.com.br\/noticias\/trump-fed-corte-taxa-juros-2\/\",\"name\":\"Trump volta a criticar Fed ap\u00f3s corte da taxa de juros\",\"isPartOf\":{\"@id\":\"https:\/\/www.suno.com.br\/noticias\/#website\"},\"primaryImageOfPage\":{\"@id\":\"https:\/\/www.suno.com.br\/noticias\/trump-fed-corte-taxa-juros-2\/#primaryimage\"},\"image\":{\"@id\":\"https:\/\/www.suno.com.br\/noticias\/trump-fed-corte-taxa-juros-2\/#primaryimage\"},\"thumbnailUrl\":\"https:\/\/files.sunoresearch.com.br\/n\/uploads\/2019\/02\/3a7fd482-acordo-comercial-jpg.webp\",\"datePublished\":\"2019-10-31T20:20:22+00:00\",\"dateModified\":\"2021-02-18T01:54:48+00:00\",\"description\":\"O presidente dos Estados Unidos, Donald Trump, criticou duramente o Federal Reserve e seu presidente, Jerome Powell. Clique aqui para mais.\",\"breadcrumb\":{\"@id\":\"https:\/\/www.suno.com.br\/noticias\/trump-fed-corte-taxa-juros-2\/#breadcrumb\"},\"inLanguage\":\"pt-BR\",\"potentialAction\":[{\"@type\":\"ReadAction\",\"target\":[\"https:\/\/www.suno.com.br\/noticias\/trump-fed-corte-taxa-juros-2\/\"]}]},{\"@type\":\"ImageObject\",\"inLanguage\":\"pt-BR\",\"@id\":\"https:\/\/www.suno.com.br\/noticias\/trump-fed-corte-taxa-juros-2\/#primaryimage\",\"url\":\"https:\/\/files.sunoresearch.com.br\/n\/uploads\/2019\/02\/3a7fd482-acordo-comercial-jpg.webp\",\"contentUrl\":\"https:\/\/files.sunoresearch.com.br\/n\/uploads\/2019\/02\/3a7fd482-acordo-comercial-jpg.webp\",\"width\":1000,\"height\":541,\"caption\":\"Donald Trump: Pelosi indica deputados para seguir com impeachment\"},{\"@type\":\"BreadcrumbList\",\"@id\":\"https:\/\/www.suno.com.br\/noticias\/trump-fed-corte-taxa-juros-2\/#breadcrumb\",\"itemListElement\":[{\"@type\":\"ListItem\",\"position\":1,\"name\":\"Not\u00edcias\",\"item\":\"https:\/\/www.suno.com.br\/noticias\/\"},{\"@type\":\"ListItem\",\"position\":2,\"name\":\"Internacional\",\"item\":\"https:\/\/www.suno.com.br\/noticias\/internacional\/\"},{\"@type\":\"ListItem\",\"position\":3,\"name\":\"Trump volta a criticar Fed ap\u00f3s corte da taxa de juros\"}]},{\"@type\":\"WebSite\",\"@id\":\"https:\/\/www.suno.com.br\/noticias\/#website\",\"url\":\"https:\/\/www.suno.com.br\/noticias\/\",\"name\":\"Suno Not\u00edcias\",\"description\":\"Seu portal de informa\u00e7\u00e3o sobre o mundo dos investimentos\",\"publisher\":{\"@id\":\"https:\/\/www.suno.com.br\/noticias\/#organization\"},\"potentialAction\":[{\"@type\":\"SearchAction\",\"target\":{\"@type\":\"EntryPoint\",\"urlTemplate\":\"https:\/\/www.suno.com.br\/noticias\/?s={search_term_string}\"},\"query-input\":{\"@type\":\"PropertyValueSpecification\",\"valueRequired\":true,\"valueName\":\"search_term_string\"}}],\"inLanguage\":\"pt-BR\"},{\"@type\":\"Organization\",\"@id\":\"https:\/\/www.suno.com.br\/noticias\/#organization\",\"name\":\"Suno Not\u00edcias\",\"url\":\"https:\/\/www.suno.com.br\/noticias\/\",\"logo\":{\"@type\":\"ImageObject\",\"inLanguage\":\"pt-BR\",\"@id\":\"https:\/\/www.suno.com.br\/noticias\/#\/schema\/logo\/image\/\",\"url\":\"https:\/\/files.sunoresearch.com.br\/n\/uploads\/2021\/09\/suno-logo.png\",\"contentUrl\":\"https:\/\/files.sunoresearch.com.br\/n\/uploads\/2021\/09\/suno-logo.png\",\"width\":180,\"height\":180,\"caption\":\"Suno Not\u00edcias\"},\"image\":{\"@id\":\"https:\/\/www.suno.com.br\/noticias\/#\/schema\/logo\/image\/\"},\"sameAs\":[\"https:\/\/facebook.com\/sunoresearch\",\"https:\/\/x.com\/sunoresearch\",\"https:\/\/www.instagram.com\/suno\",\"https:\/\/www.linkedin.com\/company\/suno-research\/\",\"https:\/\/www.youtube.com\/c\/sunoresearch\"]},{\"@type\":\"Person\",\"@id\":\"https:\/\/www.suno.com.br\/noticias\/#\/schema\/person\/098743caeed97b37f51315c9576c4078\",\"name\":\"Rafael Lara\",\"image\":{\"@type\":\"ImageObject\",\"inLanguage\":\"pt-BR\",\"@id\":\"https:\/\/www.suno.com.br\/noticias\/#\/schema\/person\/image\/\",\"url\":\"https:\/\/secure.gravatar.com\/avatar\/dfc254ab9bb2ea1895d98b9e9dae4bdd?s=96&r=g\",\"contentUrl\":\"https:\/\/secure.gravatar.com\/avatar\/dfc254ab9bb2ea1895d98b9e9dae4bdd?s=96&r=g\",\"caption\":\"Rafael Lara\"},\"description\":\"Rafael Lara cursa jornalismo na Faculdade C\u00e1sper L\u00edbero. Escreve sobre pol\u00edtica, economia e neg\u00f3cios para o portal Suno Not\u00edcias. Antes, colaborou na TV Gazeta na produ\u00e7\u00e3o do programa Edi\u00e7\u00e3o Extra.\",\"url\":\"https:\/\/www.suno.com.br\/noticias\/author\/rafael\/\"}]}<\/script>\n<!-- \/ Yoast SEO plugin. -->","yoast_head_json":{"title":"Trump volta a criticar Fed ap\u00f3s corte da taxa de juros","description":"O presidente dos Estados Unidos, Donald Trump, criticou duramente o Federal Reserve e seu presidente, Jerome Powell. Clique aqui para mais.","robots":{"index":"index","follow":"follow","max-snippet":"max-snippet:-1","max-image-preview":"max-image-preview:large","max-video-preview":"max-video-preview:-1"},"canonical":"https:\/\/www.suno.com.br\/noticias\/trump-fed-corte-taxa-juros-2\/","og_locale":"pt_BR","og_type":"article","og_title":"Trump volta a criticar Fed ap\u00f3s corte da taxa de juros","og_description":"O presidente dos Estados Unidos, Donald Trump, criticou duramente o Federal Reserve e seu presidente, Jerome Powell. Clique aqui para mais.","og_url":"https:\/\/www.suno.com.br\/noticias\/trump-fed-corte-taxa-juros-2\/","og_site_name":"Suno Not\u00edcias","article_publisher":"https:\/\/facebook.com\/sunoresearch","og_image":[{"width":1000,"height":541,"url":"https:\/\/files.sunoresearch.com.br\/n\/uploads\/2019\/02\/3a7fd482-acordo-comercial.jpg","type":"image\/jpeg"}],"author":"Rafael Lara","twitter_card":"summary_large_image","twitter_creator":"@sunoresearch","twitter_site":"@sunoresearch","twitter_misc":{"Escrito por":"Rafael Lara","Est. tempo de leitura":"2 minutos"},"schema":{"@context":"https:\/\/schema.org","@graph":[{"@type":"NewsArticle","@id":"https:\/\/www.suno.com.br\/noticias\/trump-fed-corte-taxa-juros-2\/#article","isPartOf":{"@id":"https:\/\/www.suno.com.br\/noticias\/trump-fed-corte-taxa-juros-2\/"},"author":{"name":"Rafael Lara","@id":"https:\/\/www.suno.com.br\/noticias\/#\/schema\/person\/098743caeed97b37f51315c9576c4078"},"headline":"Trump volta a criticar Fed ap\u00f3s corte da taxa de juros","datePublished":"2019-10-31T20:20:22+00:00","dateModified":"2021-02-18T01:54:48+00:00","mainEntityOfPage":{"@id":"https:\/\/www.suno.com.br\/noticias\/trump-fed-corte-taxa-juros-2\/"},"wordCount":374,"publisher":{"@id":"https:\/\/www.suno.com.br\/noticias\/#organization"},"image":{"@id":"https:\/\/www.suno.com.br\/noticias\/trump-fed-corte-taxa-juros-2\/#primaryimage"},"thumbnailUrl":"https:\/\/files.sunoresearch.com.br\/n\/uploads\/2019\/02\/3a7fd482-acordo-comercial-jpg.webp","keywords":["Donald Trump","Federal Reserve (FED)","Jerome Powell"],"articleSection":["Internacional"],"inLanguage":"pt-BR"},{"@type":"WebPage","@id":"https:\/\/www.suno.com.br\/noticias\/trump-fed-corte-taxa-juros-2\/","url":"https:\/\/www.suno.com.br\/noticias\/trump-fed-corte-taxa-juros-2\/","name":"Trump volta a criticar Fed ap\u00f3s corte da taxa de juros","isPartOf":{"@id":"https:\/\/www.suno.com.br\/noticias\/#website"},"primaryImageOfPage":{"@id":"https:\/\/www.suno.com.br\/noticias\/trump-fed-corte-taxa-juros-2\/#primaryimage"},"image":{"@id":"https:\/\/www.suno.com.br\/noticias\/trump-fed-corte-taxa-juros-2\/#primaryimage"},"thumbnailUrl":"https:\/\/files.sunoresearch.com.br\/n\/uploads\/2019\/02\/3a7fd482-acordo-comercial-jpg.webp","datePublished":"2019-10-31T20:20:22+00:00","dateModified":"2021-02-18T01:54:48+00:00","description":"O presidente dos Estados Unidos, Donald Trump, criticou duramente o Federal Reserve e seu presidente, Jerome Powell. Clique aqui para mais.","breadcrumb":{"@id":"https:\/\/www.suno.com.br\/noticias\/trump-fed-corte-taxa-juros-2\/#breadcrumb"},"inLanguage":"pt-BR","potentialAction":[{"@type":"ReadAction","target":["https:\/\/www.suno.com.br\/noticias\/trump-fed-corte-taxa-juros-2\/"]}]},{"@type":"ImageObject","inLanguage":"pt-BR","@id":"https:\/\/www.suno.com.br\/noticias\/trump-fed-corte-taxa-juros-2\/#primaryimage","url":"https:\/\/files.sunoresearch.com.br\/n\/uploads\/2019\/02\/3a7fd482-acordo-comercial-jpg.webp","contentUrl":"https:\/\/files.sunoresearch.com.br\/n\/uploads\/2019\/02\/3a7fd482-acordo-comercial-jpg.webp","width":1000,"height":541,"caption":"Donald Trump: Pelosi indica deputados para seguir com impeachment"},{"@type":"BreadcrumbList","@id":"https:\/\/www.suno.com.br\/noticias\/trump-fed-corte-taxa-juros-2\/#breadcrumb","itemListElement":[{"@type":"ListItem","position":1,"name":"Not\u00edcias","item":"https:\/\/www.suno.com.br\/noticias\/"},{"@type":"ListItem","position":2,"name":"Internacional","item":"https:\/\/www.suno.com.br\/noticias\/internacional\/"},{"@type":"ListItem","position":3,"name":"Trump volta a criticar Fed ap\u00f3s corte da taxa de juros"}]},{"@type":"WebSite","@id":"https:\/\/www.suno.com.br\/noticias\/#website","url":"https:\/\/www.suno.com.br\/noticias\/","name":"Suno Not\u00edcias","description":"Seu portal de informa\u00e7\u00e3o sobre o mundo dos investimentos","publisher":{"@id":"https:\/\/www.suno.com.br\/noticias\/#organization"},"potentialAction":[{"@type":"SearchAction","target":{"@type":"EntryPoint","urlTemplate":"https:\/\/www.suno.com.br\/noticias\/?s={search_term_string}"},"query-input":{"@type":"PropertyValueSpecification","valueRequired":true,"valueName":"search_term_string"}}],"inLanguage":"pt-BR"},{"@type":"Organization","@id":"https:\/\/www.suno.com.br\/noticias\/#organization","name":"Suno Not\u00edcias","url":"https:\/\/www.suno.com.br\/noticias\/","logo":{"@type":"ImageObject","inLanguage":"pt-BR","@id":"https:\/\/www.suno.com.br\/noticias\/#\/schema\/logo\/image\/","url":"https:\/\/files.sunoresearch.com.br\/n\/uploads\/2021\/09\/suno-logo.png","contentUrl":"https:\/\/files.sunoresearch.com.br\/n\/uploads\/2021\/09\/suno-logo.png","width":180,"height":180,"caption":"Suno Not\u00edcias"},"image":{"@id":"https:\/\/www.suno.com.br\/noticias\/#\/schema\/logo\/image\/"},"sameAs":["https:\/\/facebook.com\/sunoresearch","https:\/\/x.com\/sunoresearch","https:\/\/www.instagram.com\/suno","https:\/\/www.linkedin.com\/company\/suno-research\/","https:\/\/www.youtube.com\/c\/sunoresearch"]},{"@type":"Person","@id":"https:\/\/www.suno.com.br\/noticias\/#\/schema\/person\/098743caeed97b37f51315c9576c4078","name":"Rafael Lara","image":{"@type":"ImageObject","inLanguage":"pt-BR","@id":"https:\/\/www.suno.com.br\/noticias\/#\/schema\/person\/image\/","url":"https:\/\/secure.gravatar.com\/avatar\/dfc254ab9bb2ea1895d98b9e9dae4bdd?s=96&r=g","contentUrl":"https:\/\/secure.gravatar.com\/avatar\/dfc254ab9bb2ea1895d98b9e9dae4bdd?s=96&r=g","caption":"Rafael Lara"},"description":"Rafael Lara cursa jornalismo na Faculdade C\u00e1sper L\u00edbero. Escreve sobre pol\u00edtica, economia e neg\u00f3cios para o portal Suno Not\u00edcias. Antes, colaborou na TV Gazeta na produ\u00e7\u00e3o do programa Edi\u00e7\u00e3o Extra.","url":"https:\/\/www.suno.com.br\/noticias\/author\/rafael\/"}]}},"default_loop_html":"<div class=\"cardsPage__listCard__boxs\"><div class=\"cardsPage__listCard__boxs__img\"><a href=\"https:\/\/www.suno.com.br\/noticias\/trump-fed-corte-taxa-juros-2\/\"><img class=\"mask\" src=\"https:\/\/www.suno.com.br\/noticias\/wp-content\/themes\/suno\/resources\/images\/spotlight\/spotlight1img\/bg-mask.png\" alt=\"Image Mask\"\/><img src=\"https:\/\/files.sunoresearch.com.br\/n\/uploads\/2019\/02\/3a7fd482-acordo-comercial-400x200.webp\" alt=\"Trump volta a criticar Fed ap\u00f3s corte da taxa de juros\"\/><\/a><span class=\"spotlightCategory\"><a href=\"https:\/\/www.suno.com.br\/noticias\/internacional\/\">Internacional<\/a><\/span><\/div><div class=\"cardsPage__listCard__boxs__content\"><a href=\"https:\/\/www.suno.com.br\/noticias\/trump-fed-corte-taxa-juros-2\/\"><h2 class=\"content__title\">Trump volta a criticar Fed ap\u00f3s corte da taxa de juros<\/h2><\/a><div class=\"newsContent__article__meta\"><div class=\"newsContent__article__meta__authorBox\"><a href=\"https:\/\/www.suno.com.br\/noticias\/author\/rafael\/\" class=\"authorBox__avatar noMobi\"><img src=\"https:\/\/secure.gravatar.com\/avatar\/dfc254ab9bb2ea1895d98b9e9dae4bdd?s=96&#038;r=g\" alt=\"Rafael Lara\"><\/a><div class=\"authorBox__name\"><span>por\n\t\t\t<a href=\"https:\/\/www.suno.com.br\/noticias\/author\/rafael\/\"><span itemprop=\"author\">Rafael Lara<\/span><\/a><\/span><time datetime=\"2019-10-31T18:20:22-03:00\" itemprop=\"datePublished\">31\/10\/2019 18:20<\/time><\/div><\/div><\/div><\/div><\/div>","single_layout":"posts","amp_enabled":true,"_links":{"self":[{"href":"https:\/\/www.suno.com.br\/noticias\/wp-json\/wp\/v2\/posts\/43252"}],"collection":[{"href":"https:\/\/www.suno.com.br\/noticias\/wp-json\/wp\/v2\/posts"}],"about":[{"href":"https:\/\/www.suno.com.br\/noticias\/wp-json\/wp\/v2\/types\/post"}],"author":[{"embeddable":true,"href":"https:\/\/www.suno.com.br\/noticias\/wp-json\/wp\/v2\/users\/23"}],"replies":[{"embeddable":true,"href":"https:\/\/www.suno.com.br\/noticias\/wp-json\/wp\/v2\/comments?post=43252"}],"version-history":[{"count":0,"href":"https:\/\/www.suno.com.br\/noticias\/wp-json\/wp\/v2\/posts\/43252\/revisions"}],"wp:featuredmedia":[{"embeddable":true,"href":"https:\/\/www.suno.com.br\/noticias\/wp-json\/wp\/v2\/media\/15071"}],"wp:attachment":[{"href":"https:\/\/www.suno.com.br\/noticias\/wp-json\/wp\/v2\/media?parent=43252"}],"wp:term":[{"taxonomy":"category","embeddable":true,"href":"https:\/\/www.suno.com.br\/noticias\/wp-json\/wp\/v2\/categories?post=43252"},{"taxonomy":"post_tag","embeddable":true,"href":"https:\/\/www.suno.com.br\/noticias\/wp-json\/wp\/v2\/tags?post=43252"},{"taxonomy":"suno_strategy","embeddable":true,"href":"https:\/\/www.suno.com.br\/noticias\/wp-json\/wp\/v2\/suno_strategy?post=43252"}],"curies":[{"name":"wp","href":"https:\/\/api.w.org\/{rel}","templated":true}]}}