{"id":432485,"date":"2023-07-24T13:30:22","date_gmt":"2023-07-24T16:30:22","guid":{"rendered":"https:\/\/www.suno.com.br\/noticias\/?p=432485"},"modified":"2023-07-24T18:54:14","modified_gmt":"2023-07-24T21:54:14","slug":"weg-wege3-acoes-tem-dia-positivo-no-ibovespa-saiba-por-que-gpj","status":"publish","type":"post","link":"https:\/\/www.suno.com.br\/noticias\/weg-wege3-acoes-tem-dia-positivo-no-ibovespa-saiba-por-que-gpj\/","title":{"rendered":"Weg (WEGE3): a\u00e7\u00f5es disparam no Ibovespa; saiba por qu\u00ea"},"content":{"rendered":"<p>As a\u00e7\u00f5es da <a href=\"https:\/\/www.suno.com.br\/acoes\/wege3\/\" target=\"_blank\" rel=\"noreferrer noopener\"><strong>WEG\u00a0<\/strong>(WEGE3)<\/a> dispararam no Ibovespa nesta segunda-feira (24), liderando os ganhos do \u00edndice, com o mercado repercutindo de forma positiva os resultados do segundo trimestre, divulgados pela companhia na semana passada.<\/p>\t<div class=\"wrapper-featured-image\">\n\t\t<figure class=\"spotlightImg\">\n\n\t\t\t<picture>\n\t\t\t\t<source media=\"(max-width: 768px)\" srcset=\"https:\/\/files.sunoresearch.com.br\/n\/uploads\/2022\/07\/weg-400x200.jpg\">\n\t\t\t\t<img loading=\"lazy\" decoding=\"async\" class=\"newsContent__article__imgCapa lazyloadDisabled \" src=\"https:\/\/files.sunoresearch.com.br\/n\/uploads\/2022\/07\/weg-800x450.jpg\" width=\"800\" height=\"450\" alt=\"Weg (WEGE3): a\u00e7\u00f5es disparam no Ibovespa; saiba por qu\u00ea\" fetchpriority=high \/>\n\t\t\t<\/picture>\n\n\t\t\t<figcaption class=\"wp-caption-text wp-caption-text--show\">Weg (WEGE3). Foto: Divulga\u00e7\u00e3o<\/figcaption>\n\t\t<\/figure>\n\t<\/div>\n\n\n\n\n\n\t<p>\n\t\t<a href=\"https:\/\/lp.suno.com.br\/planilha-da-vida-financeira\/\" target=\"_blank\" data-element=\"shortcode-suno-banner\" title=\"Banner SUNO, clique e saiba mais\">\n\t\t\t<picture>\n\t\t\t\t<source media=\"(max-width: 500px)\" srcset=\"https:\/\/files.sunoresearch.com.br\/n\/uploads\/2023\/04\/400x300-Planilha-vida-financeira-true.png\">\n\t\t\t\t<img class=\"newsContent__article__imgCapa newsContent__article__imgCapa--banner\"\n\t\t\t\t\tsrc=\"https:\/\/files.sunoresearch.com.br\/n\/uploads\/2023\/04\/1420x240-Planilha-vida-financeira-true.png\"\n\t\t\t\t\tdata-promo-id=\"106682\"\t\t\t\t\t\t\t\t\t\twidth='1420' height='240'\t\t\t\t\talt=\"https:\/\/files.sunoresearch.com.br\/n\/uploads\/2023\/04\/1420x240-Planilha-vida-financeira-true.png\"\n\t\t\t\t>\n\t\t\t<\/picture>\n\t\t<\/a>\n\t<\/p>\n\n\n\n\n\n\n\n<p>No fechamento, as <strong>a\u00e7\u00f5es ordin\u00e1rias da Weg<\/strong> subiram 7,91%, cotadas a R$ 41,54.<\/p>\n\n\n\n<div class=\"pluginQuotation\">\n  <p class=\"ticker\">\n    Cota\u00e7\u00e3o <span>WEGE3<\/span>\n  <\/p>\n  <div class=\"info\">\n    <div class=\"leftSide\">\n      Gr\u00e1fico gerado em: 24\/07\/2023    <\/div>\n\t\t\t\t\t<div class=\"rightSide\">\n\t\t\t\t\t<span class=\"period\">\n\t\t\t\t\t\t1 Dia\t\t\t\t\t<\/span>\n\t\t\t<\/div>\n\t\t  <\/div>\n\n  <div id=\"chart-63d1c99f456e43451d3e21f2f71d2f66\" data-block-hash=\"63d1c99f456e43451d3e21f2f71d2f66\"  class=\"chart\" style=\"width:100%;height:400px;\"><\/div>\n\n  <div class=\"pluginQuotation__footer\">\n    <div class=\"dataChart\">\n\n      <div class=\"dataChart__div1 variation\">\n        <div class=\"value-positive\">\n          5,86 (+2,30%)        <\/div>\n        <div class=\"text\">\n          Varia\u00e7\u00e3o do per\u00edodo\n        <\/div>\n      <\/div>\n\n      <div class=\"dataChart__div2 minMax\">\n        <div class=\"value\">\n          R$\u00a039,22        <\/div>\n        <div class=\"text\">\n          M\u00ednima\n        <\/div>\n      <\/div>\n\n      <div class=\"dataChart__div3 minMax\">\n        <div class=\"value\">\n          R$\u00a041,56        <\/div>\n        <div class=\"text\">\n          M\u00e1xima\n        <\/div>\n      <\/div>\n\n\t\t\t<div class=\"dataChart__div4 rightSide\">\n\t\t\t\t<div class=\"analiticaSource\">\n\t\t\t\t\t<span>\n\t\t\t\t\t\tFonte:\n\t\t\t\t\t<\/span>\n\t\t\t\t\t<img decoding=\"async\" class=\"analiticaLogo\" src=\"https:\/\/www.suno.com.br\/noticias\/wp-content\/plugins\/suno-block-ticker-quotation\/src\/suno-analitica-logo.png\" alt=\"Logo Suno Anal\u00edtica\" \/>\n\t\t\t\t<\/div>\n\n\t\t\t\t<a href=\"https:\/\/www.suno.com.br\/analitica\/acoes\/WEGE3\" target=\"_blank\">\n\t\t\t\t\t<span>\n\t\t\t\t\t\tVer mais cota\u00e7\u00f5es\n\t\t\t\t\t<\/span>\n\t\t\t\t\t<svg xmlns=\"http:\/\/www.w3.org\/2000\/svg\" width=\"9\" height=\"8\" viewBox=\"0 0 9 8\" fill=\"none\">\n\t\t\t\t\t\t<path d=\"M4.20996 0L3.50496 0.705L6.29496 3.5H0.209961V4.5H6.29496L3.50496 7.295L4.20996 8L8.20996 4L4.20996 0Z\" fill=\"#D42126\" \/>\n\t\t\t\t\t<\/svg>\n\t\t\t\t<\/a>\n    <\/div>\n\n    <\/div>\n  <\/div>\n<\/div>\n\n\n<script type=\"text\/javascript\">\n  let chart_63d1c99f456e43451d3e21f2f71d2f66 = document.getElementById('chart-63d1c99f456e43451d3e21f2f71d2f66');\n  let data_json_63d1c99f456e43451d3e21f2f71d2f66 = \"[{\\\"date\\\":\\\"24\\\\\\\/07\\\\\\\/23 10:06\\\",\\\"value\\\":39.22},{\\\"date\\\":\\\"24\\\\\\\/07\\\\\\\/23 10:08\\\",\\\"value\\\":39.61},{\\\"date\\\":\\\"24\\\\\\\/07\\\\\\\/23 10:10\\\",\\\"value\\\":39.43},{\\\"date\\\":\\\"24\\\\\\\/07\\\\\\\/23 10:12\\\",\\\"value\\\":39.75},{\\\"date\\\":\\\"24\\\\\\\/07\\\\\\\/23 10:14\\\",\\\"value\\\":39.92},{\\\"date\\\":\\\"24\\\\\\\/07\\\\\\\/23 10:16\\\",\\\"value\\\":39.83},{\\\"date\\\":\\\"24\\\\\\\/07\\\\\\\/23 11:38\\\",\\\"value\\\":40.4},{\\\"date\\\":\\\"24\\\\\\\/07\\\\\\\/23 11:40\\\",\\\"value\\\":40.39},{\\\"date\\\":\\\"24\\\\\\\/07\\\\\\\/23 11:42\\\",\\\"value\\\":40.41},{\\\"date\\\":\\\"24\\\\\\\/07\\\\\\\/23 11:44\\\",\\\"value\\\":40.38},{\\\"date\\\":\\\"24\\\\\\\/07\\\\\\\/23 11:46\\\",\\\"value\\\":40.38},{\\\"date\\\":\\\"24\\\\\\\/07\\\\\\\/23 11:48\\\",\\\"value\\\":40.5},{\\\"date\\\":\\\"24\\\\\\\/07\\\\\\\/23 11:50\\\",\\\"value\\\":40.45},{\\\"date\\\":\\\"24\\\\\\\/07\\\\\\\/23 11:52\\\",\\\"value\\\":40.47},{\\\"date\\\":\\\"24\\\\\\\/07\\\\\\\/23 11:54\\\",\\\"value\\\":40.5},{\\\"date\\\":\\\"24\\\\\\\/07\\\\\\\/23 11:56\\\",\\\"value\\\":40.49},{\\\"date\\\":\\\"24\\\\\\\/07\\\\\\\/23 11:58\\\",\\\"value\\\":40.44},{\\\"date\\\":\\\"24\\\\\\\/07\\\\\\\/23 12:00\\\",\\\"value\\\":40.41},{\\\"date\\\":\\\"24\\\\\\\/07\\\\\\\/23 12:02\\\",\\\"value\\\":40.41},{\\\"date\\\":\\\"24\\\\\\\/07\\\\\\\/23 12:04\\\",\\\"value\\\":40.41},{\\\"date\\\":\\\"24\\\\\\\/07\\\\\\\/23 12:06\\\",\\\"value\\\":40.41},{\\\"date\\\":\\\"24\\\\\\\/07\\\\\\\/23 12:08\\\",\\\"value\\\":40.4},{\\\"date\\\":\\\"24\\\\\\\/07\\\\\\\/23 12:10\\\",\\\"value\\\":40.4},{\\\"date\\\":\\\"24\\\\\\\/07\\\\\\\/23 12:12\\\",\\\"value\\\":40.42},{\\\"date\\\":\\\"24\\\\\\\/07\\\\\\\/23 12:14\\\",\\\"value\\\":40.41},{\\\"date\\\":\\\"24\\\\\\\/07\\\\\\\/23 12:16\\\",\\\"value\\\":40.46},{\\\"date\\\":\\\"24\\\\\\\/07\\\\\\\/23 12:18\\\",\\\"value\\\":40.53},{\\\"date\\\":\\\"24\\\\\\\/07\\\\\\\/23 12:20\\\",\\\"value\\\":40.61},{\\\"date\\\":\\\"24\\\\\\\/07\\\\\\\/23 12:22\\\",\\\"value\\\":40.6},{\\\"date\\\":\\\"24\\\\\\\/07\\\\\\\/23 12:24\\\",\\\"value\\\":40.64},{\\\"date\\\":\\\"24\\\\\\\/07\\\\\\\/23 12:26\\\",\\\"value\\\":40.64},{\\\"date\\\":\\\"24\\\\\\\/07\\\\\\\/23 12:28\\\",\\\"value\\\":40.65},{\\\"date\\\":\\\"24\\\\\\\/07\\\\\\\/23 12:30\\\",\\\"value\\\":40.57},{\\\"date\\\":\\\"24\\\\\\\/07\\\\\\\/23 12:32\\\",\\\"value\\\":40.59},{\\\"date\\\":\\\"24\\\\\\\/07\\\\\\\/23 12:34\\\",\\\"value\\\":40.56},{\\\"date\\\":\\\"24\\\\\\\/07\\\\\\\/23 12:36\\\",\\\"value\\\":40.64},{\\\"date\\\":\\\"24\\\\\\\/07\\\\\\\/23 12:38\\\",\\\"value\\\":40.69},{\\\"date\\\":\\\"24\\\\\\\/07\\\\\\\/23 12:40\\\",\\\"value\\\":40.67},{\\\"date\\\":\\\"24\\\\\\\/07\\\\\\\/23 12:42\\\",\\\"value\\\":40.73},{\\\"date\\\":\\\"24\\\\\\\/07\\\\\\\/23 12:44\\\",\\\"value\\\":40.64},{\\\"date\\\":\\\"24\\\\\\\/07\\\\\\\/23 12:46\\\",\\\"value\\\":40.68},{\\\"date\\\":\\\"24\\\\\\\/07\\\\\\\/23 12:48\\\",\\\"value\\\":40.61},{\\\"date\\\":\\\"24\\\\\\\/07\\\\\\\/23 12:50\\\",\\\"value\\\":40.63},{\\\"date\\\":\\\"24\\\\\\\/07\\\\\\\/23 12:52\\\",\\\"value\\\":40.63},{\\\"date\\\":\\\"24\\\\\\\/07\\\\\\\/23 12:54\\\",\\\"value\\\":40.65},{\\\"date\\\":\\\"24\\\\\\\/07\\\\\\\/23 12:56\\\",\\\"value\\\":40.75},{\\\"date\\\":\\\"24\\\\\\\/07\\\\\\\/23 12:58\\\",\\\"value\\\":40.81},{\\\"date\\\":\\\"24\\\\\\\/07\\\\\\\/23 13:00\\\",\\\"value\\\":40.85},{\\\"date\\\":\\\"24\\\\\\\/07\\\\\\\/23 13:02\\\",\\\"value\\\":40.87},{\\\"date\\\":\\\"24\\\\\\\/07\\\\\\\/23 13:04\\\",\\\"value\\\":40.88},{\\\"date\\\":\\\"24\\\\\\\/07\\\\\\\/23 13:06\\\",\\\"value\\\":40.86},{\\\"date\\\":\\\"24\\\\\\\/07\\\\\\\/23 13:08\\\",\\\"value\\\":40.86},{\\\"date\\\":\\\"24\\\\\\\/07\\\\\\\/23 13:10\\\",\\\"value\\\":40.85},{\\\"date\\\":\\\"24\\\\\\\/07\\\\\\\/23 13:12\\\",\\\"value\\\":40.82},{\\\"date\\\":\\\"24\\\\\\\/07\\\\\\\/23 13:14\\\",\\\"value\\\":40.86},{\\\"date\\\":\\\"24\\\\\\\/07\\\\\\\/23 13:16\\\",\\\"value\\\":40.84},{\\\"date\\\":\\\"24\\\\\\\/07\\\\\\\/23 13:18\\\",\\\"value\\\":40.83},{\\\"date\\\":\\\"24\\\\\\\/07\\\\\\\/23 13:30\\\",\\\"value\\\":40.8},{\\\"date\\\":\\\"24\\\\\\\/07\\\\\\\/23 13:32\\\",\\\"value\\\":40.79},{\\\"date\\\":\\\"24\\\\\\\/07\\\\\\\/23 13:34\\\",\\\"value\\\":40.8},{\\\"date\\\":\\\"24\\\\\\\/07\\\\\\\/23 13:36\\\",\\\"value\\\":40.76},{\\\"date\\\":\\\"24\\\\\\\/07\\\\\\\/23 13:38\\\",\\\"value\\\":40.8},{\\\"date\\\":\\\"24\\\\\\\/07\\\\\\\/23 13:40\\\",\\\"value\\\":40.79},{\\\"date\\\":\\\"24\\\\\\\/07\\\\\\\/23 13:42\\\",\\\"value\\\":40.82},{\\\"date\\\":\\\"24\\\\\\\/07\\\\\\\/23 13:44\\\",\\\"value\\\":40.71},{\\\"date\\\":\\\"24\\\\\\\/07\\\\\\\/23 13:46\\\",\\\"value\\\":40.74},{\\\"date\\\":\\\"24\\\\\\\/07\\\\\\\/23 13:48\\\",\\\"value\\\":40.75},{\\\"date\\\":\\\"24\\\\\\\/07\\\\\\\/23 13:50\\\",\\\"value\\\":40.74},{\\\"date\\\":\\\"24\\\\\\\/07\\\\\\\/23 13:52\\\",\\\"value\\\":40.73},{\\\"date\\\":\\\"24\\\\\\\/07\\\\\\\/23 13:54\\\",\\\"value\\\":40.73},{\\\"date\\\":\\\"24\\\\\\\/07\\\\\\\/23 13:56\\\",\\\"value\\\":40.73},{\\\"date\\\":\\\"24\\\\\\\/07\\\\\\\/23 13:58\\\",\\\"value\\\":40.72},{\\\"date\\\":\\\"24\\\\\\\/07\\\\\\\/23 14:00\\\",\\\"value\\\":40.72},{\\\"date\\\":\\\"24\\\\\\\/07\\\\\\\/23 14:02\\\",\\\"value\\\":40.72},{\\\"date\\\":\\\"24\\\\\\\/07\\\\\\\/23 14:04\\\",\\\"value\\\":40.71},{\\\"date\\\":\\\"24\\\\\\\/07\\\\\\\/23 14:06\\\",\\\"value\\\":40.69},{\\\"date\\\":\\\"24\\\\\\\/07\\\\\\\/23 14:08\\\",\\\"value\\\":40.68},{\\\"date\\\":\\\"24\\\\\\\/07\\\\\\\/23 14:10\\\",\\\"value\\\":40.72},{\\\"date\\\":\\\"24\\\\\\\/07\\\\\\\/23 14:12\\\",\\\"value\\\":40.71},{\\\"date\\\":\\\"24\\\\\\\/07\\\\\\\/23 14:14\\\",\\\"value\\\":40.71},{\\\"date\\\":\\\"24\\\\\\\/07\\\\\\\/23 14:50\\\",\\\"value\\\":41.08},{\\\"date\\\":\\\"24\\\\\\\/07\\\\\\\/23 14:52\\\",\\\"value\\\":41.05},{\\\"date\\\":\\\"24\\\\\\\/07\\\\\\\/23 14:54\\\",\\\"value\\\":41},{\\\"date\\\":\\\"24\\\\\\\/07\\\\\\\/23 14:56\\\",\\\"value\\\":40.97},{\\\"date\\\":\\\"24\\\\\\\/07\\\\\\\/23 14:58\\\",\\\"value\\\":40.94},{\\\"date\\\":\\\"24\\\\\\\/07\\\\\\\/23 15:00\\\",\\\"value\\\":40.95},{\\\"date\\\":\\\"24\\\\\\\/07\\\\\\\/23 15:02\\\",\\\"value\\\":40.93},{\\\"date\\\":\\\"24\\\\\\\/07\\\\\\\/23 15:04\\\",\\\"value\\\":40.94},{\\\"date\\\":\\\"24\\\\\\\/07\\\\\\\/23 15:06\\\",\\\"value\\\":41.01},{\\\"date\\\":\\\"24\\\\\\\/07\\\\\\\/23 15:08\\\",\\\"value\\\":41.04},{\\\"date\\\":\\\"24\\\\\\\/07\\\\\\\/23 15:10\\\",\\\"value\\\":41.1},{\\\"date\\\":\\\"24\\\\\\\/07\\\\\\\/23 15:12\\\",\\\"value\\\":41.15},{\\\"date\\\":\\\"24\\\\\\\/07\\\\\\\/23 15:14\\\",\\\"value\\\":41.17},{\\\"date\\\":\\\"24\\\\\\\/07\\\\\\\/23 15:16\\\",\\\"value\\\":41.27},{\\\"date\\\":\\\"24\\\\\\\/07\\\\\\\/23 15:18\\\",\\\"value\\\":41.28},{\\\"date\\\":\\\"24\\\\\\\/07\\\\\\\/23 15:20\\\",\\\"value\\\":41.16},{\\\"date\\\":\\\"24\\\\\\\/07\\\\\\\/23 15:22\\\",\\\"value\\\":41.16},{\\\"date\\\":\\\"24\\\\\\\/07\\\\\\\/23 15:24\\\",\\\"value\\\":41.18},{\\\"date\\\":\\\"24\\\\\\\/07\\\\\\\/23 15:26\\\",\\\"value\\\":41.2},{\\\"date\\\":\\\"24\\\\\\\/07\\\\\\\/23 15:28\\\",\\\"value\\\":41.21},{\\\"date\\\":\\\"24\\\\\\\/07\\\\\\\/23 15:30\\\",\\\"value\\\":41.19},{\\\"date\\\":\\\"24\\\\\\\/07\\\\\\\/23 15:32\\\",\\\"value\\\":41.27},{\\\"date\\\":\\\"24\\\\\\\/07\\\\\\\/23 15:34\\\",\\\"value\\\":41.25},{\\\"date\\\":\\\"24\\\\\\\/07\\\\\\\/23 15:36\\\",\\\"value\\\":41.24},{\\\"date\\\":\\\"24\\\\\\\/07\\\\\\\/23 15:38\\\",\\\"value\\\":41.37},{\\\"date\\\":\\\"24\\\\\\\/07\\\\\\\/23 15:40\\\",\\\"value\\\":41.3},{\\\"date\\\":\\\"24\\\\\\\/07\\\\\\\/23 15:42\\\",\\\"value\\\":41.3},{\\\"date\\\":\\\"24\\\\\\\/07\\\\\\\/23 15:44\\\",\\\"value\\\":41.28},{\\\"date\\\":\\\"24\\\\\\\/07\\\\\\\/23 15:46\\\",\\\"value\\\":41.28},{\\\"date\\\":\\\"24\\\\\\\/07\\\\\\\/23 15:48\\\",\\\"value\\\":41.28},{\\\"date\\\":\\\"24\\\\\\\/07\\\\\\\/23 15:50\\\",\\\"value\\\":41.37},{\\\"date\\\":\\\"24\\\\\\\/07\\\\\\\/23 15:52\\\",\\\"value\\\":41.43},{\\\"date\\\":\\\"24\\\\\\\/07\\\\\\\/23 15:54\\\",\\\"value\\\":41.39},{\\\"date\\\":\\\"24\\\\\\\/07\\\\\\\/23 15:56\\\",\\\"value\\\":41.34},{\\\"date\\\":\\\"24\\\\\\\/07\\\\\\\/23 15:58\\\",\\\"value\\\":41.39},{\\\"date\\\":\\\"24\\\\\\\/07\\\\\\\/23 16:00\\\",\\\"value\\\":41.36},{\\\"date\\\":\\\"24\\\\\\\/07\\\\\\\/23 16:02\\\",\\\"value\\\":41.34},{\\\"date\\\":\\\"24\\\\\\\/07\\\\\\\/23 16:04\\\",\\\"value\\\":41.33},{\\\"date\\\":\\\"24\\\\\\\/07\\\\\\\/23 16:06\\\",\\\"value\\\":41.34},{\\\"date\\\":\\\"24\\\\\\\/07\\\\\\\/23 16:08\\\",\\\"value\\\":41.35},{\\\"date\\\":\\\"24\\\\\\\/07\\\\\\\/23 16:10\\\",\\\"value\\\":41.38},{\\\"date\\\":\\\"24\\\\\\\/07\\\\\\\/23 16:12\\\",\\\"value\\\":41.36},{\\\"date\\\":\\\"24\\\\\\\/07\\\\\\\/23 16:14\\\",\\\"value\\\":41.4},{\\\"date\\\":\\\"24\\\\\\\/07\\\\\\\/23 16:16\\\",\\\"value\\\":41.36},{\\\"date\\\":\\\"24\\\\\\\/07\\\\\\\/23 16:18\\\",\\\"value\\\":41.38},{\\\"date\\\":\\\"24\\\\\\\/07\\\\\\\/23 16:20\\\",\\\"value\\\":41.4},{\\\"date\\\":\\\"24\\\\\\\/07\\\\\\\/23 16:22\\\",\\\"value\\\":41.48},{\\\"date\\\":\\\"24\\\\\\\/07\\\\\\\/23 16:24\\\",\\\"value\\\":41.56},{\\\"date\\\":\\\"24\\\\\\\/07\\\\\\\/23 16:26\\\",\\\"value\\\":41.42},{\\\"date\\\":\\\"24\\\\\\\/07\\\\\\\/23 16:28\\\",\\\"value\\\":41.42},{\\\"date\\\":\\\"24\\\\\\\/07\\\\\\\/23 16:30\\\",\\\"value\\\":41.52},{\\\"date\\\":\\\"24\\\\\\\/07\\\\\\\/23 16:32\\\",\\\"value\\\":41.52}]\";\n  let isPositive_63d1c99f456e43451d3e21f2f71d2f66 = true;\n\n  let color_63d1c99f456e43451d3e21f2f71d2f66 = isPositive_63d1c99f456e43451d3e21f2f71d2f66 ? '#3AB53A' : '#D92C2D';\n\n  let data_63d1c99f456e43451d3e21f2f71d2f66 = JSON.parse(data_json_63d1c99f456e43451d3e21f2f71d2f66);\n\n  const result_63d1c99f456e43451d3e21f2f71d2f66 = {\n    date: [],\n    value: [],\n  };\n\n  data_63d1c99f456e43451d3e21f2f71d2f66.forEach((item) => {\n    result_63d1c99f456e43451d3e21f2f71d2f66.date.push(item.date);\n    result_63d1c99f456e43451d3e21f2f71d2f66.value.push(Number(item.value));\n  });\n\n  let option_63d1c99f456e43451d3e21f2f71d2f66 = {\n    \/\/ variavel de cor global\n    color: [color_63d1c99f456e43451d3e21f2f71d2f66],\n    title: {\n      text: '',\n    },\n    tooltip: {\n      trigger: 'axis',\n      axisPointer: {\n        type: 'cross',\n        label: {\n          \/\/ cor dos valores em X e Y\n          backgroundColor: color_63d1c99f456e43451d3e21f2f71d2f66,\n          formatter: (value) => {\n            if (typeof value.value === 'number') {\n              return Number(value.value).toLocaleString('pt-br', {\n                style: 'currency',\n                currency: 'BRL'\n              });\n            }\n            return value.value;\n          },\n        },\n      },\n      valueFormatter: (value) => Number(value).toLocaleString('pt-br', {\n        style: 'currency',\n        currency: 'BRL'\n      }),\n    },\n    legend: {\n      \/\/ data: ['Valor de Fechamento'],\n      show: false,\n    },\n    toolbox: {\n      feature: {\n        saveAsImage: {\n          show: false,\n        },\n      },\n    },\n    grid: {\n      left: '0px',\n      right: '0px',\n      bottom: '0px',\n      containLabel: true,\n    },\n    xAxis: [{\n      type: 'category',\n      data: result_63d1c99f456e43451d3e21f2f71d2f66.date,\n      boundaryGap: true,\n    }],\n    yAxis: [{\n      type: 'value',\n      min: Math.min(...result_63d1c99f456e43451d3e21f2f71d2f66.value),\n      max: Math.max(...result_63d1c99f456e43451d3e21f2f71d2f66.value),\n      axisLabel: {\n        formatter: (value) => value.toLocaleString('pt-br', {\n          style: 'currency',\n          currency: 'BRL'\n        }),\n      },\n    }],\n    series: [{\n      name: 'Valor de Fechamento',\n      type: 'line',\n      stack: 'Total',\n      \/\/ cor do grafico\n      areaStyle: {},\n      emphasis: {\n        focus: 'series',\n      },\n      data: result_63d1c99f456e43451d3e21f2f71d2f66.value,\n      \/\/ cor da linha\n      lineStyle: {\n        color: color_63d1c99f456e43451d3e21f2f71d2f66,\n      },\n    }, ],\n  };\n\n\twindow.chart_63d1c99f456e43451d3e21f2f71d2f66 = {\n\t\tel: chart_63d1c99f456e43451d3e21f2f71d2f66,\n\t\toption: option_63d1c99f456e43451d3e21f2f71d2f66\t};\n\n\n<\/script>\n\n\n\n<p>&#8220;O mercado continua repercutindo bem os bons <strong>resultados de Weg<\/strong>, com lucro acima do esperado. Al\u00e9m do crescimento bem acima do esperado, a companhia teve uma margem recorde que surpreendeu o mercado. Com isso, a a\u00e7\u00e3o vem subindo bem nos \u00faltimos dias&#8221;, disse Fabio Louzada, economista, analista CNPI e fundador da Eu me banco.<\/p>\n\n\n\n<p>Em relat\u00f3rio divulgado na semana passada, o&nbsp;<a href=\"https:\/\/www.suno.com.br\/acoes\/sanb11\/\" target=\"_blank\" rel=\"noreferrer noopener\">Santander Brasil (SANB11)<\/a> pontuou que o&nbsp;<strong>lucro l\u00edquido apresentado pela Weg<\/strong>&nbsp;de R$ 1,368 bilh\u00e3o no segundo trimestre de 2023 (2T23) foi 8% acima do projetado pelo banco e 6% acima do consenso de mercado.<\/p>\n\n\n\n<p>O resultado, segundo os analistas, foi impulsionado por uma grande surpresa na&nbsp;<a href=\"https:\/\/www.suno.com.br\/artigos\/margem-ebitda\/\" target=\"_blank\" rel=\"noreferrer noopener\"><strong>margem Ebitda<\/strong><\/a>&nbsp;de 22,4% da companhia no per\u00edodo, explicada principalmente pela acomoda\u00e7\u00e3o nos pre\u00e7os da commodities, combinada com um melhor mix de produtos (com menor contribui\u00e7\u00e3o de entregas de equipamentos de gera\u00e7\u00e3o solar), al\u00e9m de esfor\u00e7os cont\u00ednuos de ganhos de efici\u00eancia.<\/p>\n\n\n\n<p>Entre os meses de abril e junho, a&nbsp;<strong><a href=\"https:\/\/www.suno.com.br\/artigos\/o-que-receita-liquida\/\" target=\"_blank\" rel=\"noreferrer noopener\">receita l\u00edquida<\/a>&nbsp;da Weg<\/strong>&nbsp;foi de R$ 8,171 bilh\u00f5es, representando alta de 13,7% na base anual, o que a Weg atribuiu \u00e0 forte demanda americana e mexicana por transformadores para uso em sites de energia renov\u00e1vel, lembrou o Santander, acrescentando que a empresa est\u00e1 construindo uma carteira de pedidos saud\u00e1vel para os pr\u00f3ximos trimestres.<\/p>\n\n\n\n<p>\u201cAl\u00e9m disso, no Brasil, a receita aumentou aproximadamente 2% no trimestre, devido \u00e0 melhora na atividade industrial local em equipamentos de ciclo curto e longo, apoiada pelos setores de minera\u00e7\u00e3o, papel e celulose, \u00f3leo e g\u00e1s e utilidades\u201d, destacaram os analistas.<\/p>\n\n\n\n<p>J\u00e1 o lucro antes juros, impostos,&nbsp;<a href=\"https:\/\/www.suno.com.br\/artigos\/depreciacao-amortizacao\/\" target=\"_blank\" rel=\"noreferrer noopener\">deprecia\u00e7\u00e3o e amortiza\u00e7\u00e3o<\/a>&nbsp;(Ebitda, na sigla em ingl\u00eas) da&nbsp;<strong>Weg no 2T23<\/strong>&nbsp;foi de R$ 1,833 bilh\u00e3o, representando alta de 46% na base anual.<\/p>\n\n\n\n<p>Neste caso, o Santander atribuiu o desempenho ao aumento de aproximadamente 60 pontos-base da margem bruta no trimestre, ajudado pela acomoda\u00e7\u00e3o dos pre\u00e7os do cobre e a\u00e7o (componentes-chave da estrutura de custos da empresa), combinado com um melhor mix de produtos (com menor participa\u00e7\u00e3o na receita de gera\u00e7\u00e3o solar), al\u00e9m de ganhos cont\u00ednuos de efici\u00eancia.<\/p>\n\n\n\n<p>\u201cO&nbsp;<strong>caixa l\u00edquido da Weg<\/strong>&nbsp;aumentou quase R$ 0,4 bilh\u00e3o, devido ao bom desempenho operacional, parcialmente compensado pelo aumento de cerca de R$ 0,7 bilh\u00e3o na necessidade de capital de giro, devido ao aumento de receb\u00edveis, redu\u00e7\u00e3o de fornecedores e adiantamento de clientes\u201d, finalizou o Santander, acrescentando que a empresa tamb\u00e9m investiu cerca de R$ 0,4 bilh\u00e3o em&nbsp;<strong>capex<\/strong>&nbsp;[C<em>apital Expenditure<\/em>&nbsp;ou Investimentos em Bens de Capitais]&nbsp;para moderniza\u00e7\u00e3o e aumento da capacidade fabril.<\/p>\n\n\n\n<p>Ainda segundo o&nbsp;<strong>resultado da Weg<\/strong> <strong>no 2T23<\/strong>,&nbsp;o&nbsp;<a href=\"https:\/\/www.suno.com.br\/artigos\/retorno-capital-investido\/\" target=\"_blank\" rel=\"noreferrer noopener\">retorno sobre o capital investido<\/a>&nbsp;(ROIC) foi de 34,4% no trimestre, crescimento de 7,5 pontos percentuais em rela\u00e7\u00e3o ao 2T22.<\/p>\n\n\n\n<p>O Santander tem recomenda\u00e7\u00e3o \u201cneutra\u201d para as a\u00e7\u00f5es da&nbsp;<strong>Weg<\/strong>, com pre\u00e7o-alvo a R$ 43,00.<\/p>\n\n\n\n<h2 class=\"wp-block-heading\">Dividendos da WEG<\/h2>\n\n\n\n<p>Antes da publica\u00e7\u00e3o do balan\u00e7o, na noite da v\u00e9spera, a companhia anunciou o pagamento de R$ 609,3 milh\u00f5es em dividendos.<\/p>\n\n\n\n<p>Com isso, ser\u00e3o pagos R$ 0,1452022924 por a\u00e7\u00e3o&nbsp;<strong><a href=\"https:\/\/statusinvest.com.br\/acoes\/wege3?__hstc=189907700.5b46582a960475a597d457f28e2bd648.1689793381188.1689979911676.1690193065121.12&amp;__hssc=189907700.76.1690193065121&amp;__hsfp=3074800436\" target=\"_blank\" rel=\"noreferrer noopener\">WEGE3<\/a><\/strong>.<\/p>\n\n\n\n<p>O pagamento ser\u00e1 realizado com base na posi\u00e7\u00e3o acion\u00e1ria de 21 de julho de 2023.<\/p>\n\n\n\n<p>Al\u00e9m disso, o Conselho da&nbsp;<strong>Weg<\/strong>&nbsp;aprovou uma recompra de 1 milh\u00e3o de a\u00e7\u00f5es de sua pr\u00f3pria emiss\u00e3o.<\/p>\n\n\n\t<div data-element=\"shortcode-read-more\" class=\"knowMore\">\n\t\t\t\t<span class=\"knowMore__title\">Leia mais<\/span>\n\t\t\t\t<a class=\"knowMore__link\" href=\"https:\/\/www.suno.com.br\/noticias\/weg-wege3-vai-pagar-r-6093-milhoes-dividendos-gpj\/\">\n\t\t\tWeg (WEGE3) vai pagar R$ 609,3 milh\u00f5es em dividendos; veja valor por a\u00e7\u00e3o\t\t<\/a>\n\t<\/div>\n\n\n\n\t<p>\n\t\t<a href=\"https:\/\/lp.suno.com.br\/planilha-da-vida-financeira\/\" target=\"_blank\" data-element=\"shortcode-suno-banner\" title=\"Banner SUNO, clique e saiba mais\">\n\t\t\t<picture>\n\t\t\t\t<source media=\"(max-width: 500px)\" srcset=\"https:\/\/files.sunoresearch.com.br\/n\/uploads\/2023\/04\/400x300-Planilha-vida-financeira-true.png\">\n\t\t\t\t<img class=\"newsContent__article__imgCapa newsContent__article__imgCapa--banner\"\n\t\t\t\t\tsrc=\"https:\/\/files.sunoresearch.com.br\/n\/uploads\/2023\/04\/1420x240-Planilha-vida-financeira-true.png\"\n\t\t\t\t\tdata-promo-id=\"383123\"\t\t\t\t\t\t\t\t\t\twidth='1420' height='240'\t\t\t\t\talt=\"https:\/\/files.sunoresearch.com.br\/n\/uploads\/2023\/04\/1420x240-Planilha-vida-financeira-true.png\"\n\t\t\t\t>\n\t\t\t<\/picture>\n\t\t<\/a>\n\t<\/p>\n\n\n","protected":false},"excerpt":{"rendered":"<p>As a\u00e7\u00f5es da WEG\u00a0(WEGE3) dispararam no Ibovespa nesta segunda-feira (24), liderando os ganhos do \u00edndice, com o mercado repercutindo de forma positiva os resultados do segundo trimestre, divulgados pela companhia na semana passada. Weg (WEGE3). Foto: Divulga\u00e7\u00e3o No fechamento, as a\u00e7\u00f5es ordin\u00e1rias da Weg subiram 7,91%, cotadas a R$ 41,54. &#8220;O mercado continua repercutindo bem [&hellip;]<\/p>\n","protected":false},"author":313,"featured_media":277335,"comment_status":"closed","ping_status":"closed","sticky":false,"template":"","format":"standard","meta":[],"categories":[64],"tags":[286,624,681],"suno_strategy":[],"class_list":["post-432485","post","type-post","status-publish","format-standard","has-post-thumbnail","hentry","category-negocios","tag-acoes","tag-santander-sanb11-sanb3-sanb4","tag-weg-wege3"],"yoast_head":"<!-- This site is optimized with the Yoast SEO plugin v24.4 - https:\/\/yoast.com\/wordpress\/plugins\/seo\/ -->\n<title>Weg (WEGE3): a\u00e7\u00f5es t\u00eam dia positivo no Ibovespa; saiba por qu\u00ea<\/title>\n<meta name=\"description\" content=\"As a\u00e7\u00f5es da Weg disparam no Ibovespa nesta segunda-feira (24), liderando os ganhos do \u00edndice. Saiba por qu\u00ea!\" \/>\n<meta name=\"robots\" content=\"index, follow, max-snippet:-1, max-image-preview:large, max-video-preview:-1\" \/>\n<link rel=\"canonical\" href=\"https:\/\/www.suno.com.br\/noticias\/weg-wege3-acoes-tem-dia-positivo-no-ibovespa-saiba-por-que-gpj\/\" \/>\n<meta property=\"og:locale\" content=\"pt_BR\" \/>\n<meta property=\"og:type\" content=\"article\" \/>\n<meta property=\"og:title\" content=\"Weg (WEGE3): a\u00e7\u00f5es t\u00eam dia positivo no Ibovespa; saiba por qu\u00ea\" \/>\n<meta property=\"og:description\" content=\"As a\u00e7\u00f5es da Weg disparam no Ibovespa nesta segunda-feira (24), liderando os ganhos do \u00edndice. Saiba por qu\u00ea!\" \/>\n<meta property=\"og:url\" content=\"https:\/\/www.suno.com.br\/noticias\/weg-wege3-acoes-tem-dia-positivo-no-ibovespa-saiba-por-que-gpj\/\" \/>\n<meta property=\"og:site_name\" content=\"Suno Not\u00edcias\" \/>\n<meta property=\"article:publisher\" content=\"https:\/\/facebook.com\/sunoresearch\" \/>\n<meta property=\"og:image\" content=\"https:\/\/files.sunoresearch.com.br\/n\/uploads\/2022\/07\/weg.jpg\" \/>\n\t<meta property=\"og:image:width\" content=\"1400\" \/>\n\t<meta property=\"og:image:height\" content=\"824\" \/>\n\t<meta property=\"og:image:type\" content=\"image\/jpeg\" \/>\n<meta name=\"author\" content=\"Giovanni Porf\u00edrio Jacomino\" \/>\n<meta name=\"twitter:card\" content=\"summary_large_image\" \/>\n<meta name=\"twitter:creator\" content=\"@sunoresearch\" \/>\n<meta name=\"twitter:site\" content=\"@sunoresearch\" \/>\n<meta name=\"twitter:label1\" content=\"Escrito por\" \/>\n\t<meta name=\"twitter:data1\" content=\"Giovanni Porf\u00edrio Jacomino\" \/>\n\t<meta name=\"twitter:label2\" content=\"Est. tempo de leitura\" \/>\n\t<meta name=\"twitter:data2\" content=\"4 minutos\" \/>\n<script type=\"application\/ld+json\" class=\"yoast-schema-graph\">{\"@context\":\"https:\/\/schema.org\",\"@graph\":[{\"@type\":\"NewsArticle\",\"@id\":\"https:\/\/www.suno.com.br\/noticias\/weg-wege3-acoes-tem-dia-positivo-no-ibovespa-saiba-por-que-gpj\/#article\",\"isPartOf\":{\"@id\":\"https:\/\/www.suno.com.br\/noticias\/weg-wege3-acoes-tem-dia-positivo-no-ibovespa-saiba-por-que-gpj\/\"},\"author\":{\"name\":\"Giovanni Porf\u00edrio Jacomino\",\"@id\":\"https:\/\/www.suno.com.br\/noticias\/#\/schema\/person\/d0f32748bbca4bee871fa191ee4e2d40\"},\"headline\":\"Weg (WEGE3): a\u00e7\u00f5es disparam no Ibovespa; saiba por qu\u00ea\",\"datePublished\":\"2023-07-24T16:30:22+00:00\",\"dateModified\":\"2023-07-24T21:54:14+00:00\",\"mainEntityOfPage\":{\"@id\":\"https:\/\/www.suno.com.br\/noticias\/weg-wege3-acoes-tem-dia-positivo-no-ibovespa-saiba-por-que-gpj\/\"},\"wordCount\":644,\"publisher\":{\"@id\":\"https:\/\/www.suno.com.br\/noticias\/#organization\"},\"image\":{\"@id\":\"https:\/\/www.suno.com.br\/noticias\/weg-wege3-acoes-tem-dia-positivo-no-ibovespa-saiba-por-que-gpj\/#primaryimage\"},\"thumbnailUrl\":\"https:\/\/files.sunoresearch.com.br\/n\/uploads\/2022\/07\/weg.jpg\",\"keywords\":[\"A\u00e7\u00f5es\",\"Santander (SANB11\/SANB3\/SANB4)\",\"Weg (WEGE3)\"],\"articleSection\":[\"Neg\u00f3cios\"],\"inLanguage\":\"pt-BR\"},{\"@type\":\"WebPage\",\"@id\":\"https:\/\/www.suno.com.br\/noticias\/weg-wege3-acoes-tem-dia-positivo-no-ibovespa-saiba-por-que-gpj\/\",\"url\":\"https:\/\/www.suno.com.br\/noticias\/weg-wege3-acoes-tem-dia-positivo-no-ibovespa-saiba-por-que-gpj\/\",\"name\":\"Weg (WEGE3): a\u00e7\u00f5es t\u00eam dia positivo no Ibovespa; saiba por qu\u00ea\",\"isPartOf\":{\"@id\":\"https:\/\/www.suno.com.br\/noticias\/#website\"},\"primaryImageOfPage\":{\"@id\":\"https:\/\/www.suno.com.br\/noticias\/weg-wege3-acoes-tem-dia-positivo-no-ibovespa-saiba-por-que-gpj\/#primaryimage\"},\"image\":{\"@id\":\"https:\/\/www.suno.com.br\/noticias\/weg-wege3-acoes-tem-dia-positivo-no-ibovespa-saiba-por-que-gpj\/#primaryimage\"},\"thumbnailUrl\":\"https:\/\/files.sunoresearch.com.br\/n\/uploads\/2022\/07\/weg.jpg\",\"datePublished\":\"2023-07-24T16:30:22+00:00\",\"dateModified\":\"2023-07-24T21:54:14+00:00\",\"description\":\"As a\u00e7\u00f5es da Weg disparam no Ibovespa nesta segunda-feira (24), liderando os ganhos do \u00edndice. Saiba por qu\u00ea!\",\"breadcrumb\":{\"@id\":\"https:\/\/www.suno.com.br\/noticias\/weg-wege3-acoes-tem-dia-positivo-no-ibovespa-saiba-por-que-gpj\/#breadcrumb\"},\"inLanguage\":\"pt-BR\",\"potentialAction\":[{\"@type\":\"ReadAction\",\"target\":[\"https:\/\/www.suno.com.br\/noticias\/weg-wege3-acoes-tem-dia-positivo-no-ibovespa-saiba-por-que-gpj\/\"]}]},{\"@type\":\"ImageObject\",\"inLanguage\":\"pt-BR\",\"@id\":\"https:\/\/www.suno.com.br\/noticias\/weg-wege3-acoes-tem-dia-positivo-no-ibovespa-saiba-por-que-gpj\/#primaryimage\",\"url\":\"https:\/\/files.sunoresearch.com.br\/n\/uploads\/2022\/07\/weg.jpg\",\"contentUrl\":\"https:\/\/files.sunoresearch.com.br\/n\/uploads\/2022\/07\/weg.jpg\",\"width\":1400,\"height\":824,\"caption\":\"Weg (WEGE3). Foto: Divulga\u00e7\u00e3o\"},{\"@type\":\"BreadcrumbList\",\"@id\":\"https:\/\/www.suno.com.br\/noticias\/weg-wege3-acoes-tem-dia-positivo-no-ibovespa-saiba-por-que-gpj\/#breadcrumb\",\"itemListElement\":[{\"@type\":\"ListItem\",\"position\":1,\"name\":\"Not\u00edcias\",\"item\":\"https:\/\/www.suno.com.br\/noticias\/\"},{\"@type\":\"ListItem\",\"position\":2,\"name\":\"Neg\u00f3cios\",\"item\":\"https:\/\/www.suno.com.br\/noticias\/negocios\/\"},{\"@type\":\"ListItem\",\"position\":3,\"name\":\"Weg (WEGE3): a\u00e7\u00f5es disparam no Ibovespa; saiba por qu\u00ea\"}]},{\"@type\":\"WebSite\",\"@id\":\"https:\/\/www.suno.com.br\/noticias\/#website\",\"url\":\"https:\/\/www.suno.com.br\/noticias\/\",\"name\":\"Suno Not\u00edcias\",\"description\":\"Seu portal de informa\u00e7\u00e3o sobre o mundo dos investimentos\",\"publisher\":{\"@id\":\"https:\/\/www.suno.com.br\/noticias\/#organization\"},\"potentialAction\":[{\"@type\":\"SearchAction\",\"target\":{\"@type\":\"EntryPoint\",\"urlTemplate\":\"https:\/\/www.suno.com.br\/noticias\/?s={search_term_string}\"},\"query-input\":{\"@type\":\"PropertyValueSpecification\",\"valueRequired\":true,\"valueName\":\"search_term_string\"}}],\"inLanguage\":\"pt-BR\"},{\"@type\":\"Organization\",\"@id\":\"https:\/\/www.suno.com.br\/noticias\/#organization\",\"name\":\"Suno Not\u00edcias\",\"url\":\"https:\/\/www.suno.com.br\/noticias\/\",\"logo\":{\"@type\":\"ImageObject\",\"inLanguage\":\"pt-BR\",\"@id\":\"https:\/\/www.suno.com.br\/noticias\/#\/schema\/logo\/image\/\",\"url\":\"https:\/\/files.sunoresearch.com.br\/n\/uploads\/2021\/09\/suno-logo.png\",\"contentUrl\":\"https:\/\/files.sunoresearch.com.br\/n\/uploads\/2021\/09\/suno-logo.png\",\"width\":180,\"height\":180,\"caption\":\"Suno Not\u00edcias\"},\"image\":{\"@id\":\"https:\/\/www.suno.com.br\/noticias\/#\/schema\/logo\/image\/\"},\"sameAs\":[\"https:\/\/facebook.com\/sunoresearch\",\"https:\/\/x.com\/sunoresearch\",\"https:\/\/www.instagram.com\/suno\",\"https:\/\/www.linkedin.com\/company\/suno-research\/\",\"https:\/\/www.youtube.com\/c\/sunoresearch\"]},{\"@type\":\"Person\",\"@id\":\"https:\/\/www.suno.com.br\/noticias\/#\/schema\/person\/d0f32748bbca4bee871fa191ee4e2d40\",\"name\":\"Giovanni Porf\u00edrio Jacomino\",\"image\":{\"@type\":\"ImageObject\",\"inLanguage\":\"pt-BR\",\"@id\":\"https:\/\/www.suno.com.br\/noticias\/#\/schema\/person\/image\/\",\"url\":\"https:\/\/secure.gravatar.com\/avatar\/efb32e19b730a121cb7a80f41ffec01a?s=96&r=g\",\"contentUrl\":\"https:\/\/secure.gravatar.com\/avatar\/efb32e19b730a121cb7a80f41ffec01a?s=96&r=g\",\"caption\":\"Giovanni Porf\u00edrio Jacomino\"},\"description\":\"Giovanni Porf\u00edrio Jacomino \u00e9 jornalista formado pela Universidade Estadual de Londrina (UEL) e p\u00f3s-graduado em Produ\u00e7\u00e3o e Pr\u00e1ticas Jornal\u00edsticas na Contemporaneidade na Faculdade C\u00e1sper L\u00edbero (FCL). Foi editor web no Startupi e no Finsiders, atuando ainda como editor no TC Mover, portal de not\u00edcias da TradersClub, fazendo a cobertura de assuntos relacionados ao mercado financeiro interno e externo. Atualmente, \u00e9 Rep\u00f3rter do Suno Not\u00edcias.\",\"url\":\"https:\/\/www.suno.com.br\/noticias\/author\/giovanni-porfiriosuno-com-br\/\"}]}<\/script>\n<!-- \/ Yoast SEO plugin. -->","yoast_head_json":{"title":"Weg (WEGE3): a\u00e7\u00f5es t\u00eam dia positivo no Ibovespa; saiba por qu\u00ea","description":"As a\u00e7\u00f5es da Weg disparam no Ibovespa nesta segunda-feira (24), liderando os ganhos do \u00edndice. Saiba por qu\u00ea!","robots":{"index":"index","follow":"follow","max-snippet":"max-snippet:-1","max-image-preview":"max-image-preview:large","max-video-preview":"max-video-preview:-1"},"canonical":"https:\/\/www.suno.com.br\/noticias\/weg-wege3-acoes-tem-dia-positivo-no-ibovespa-saiba-por-que-gpj\/","og_locale":"pt_BR","og_type":"article","og_title":"Weg (WEGE3): a\u00e7\u00f5es t\u00eam dia positivo no Ibovespa; saiba por qu\u00ea","og_description":"As a\u00e7\u00f5es da Weg disparam no Ibovespa nesta segunda-feira (24), liderando os ganhos do \u00edndice. Saiba por qu\u00ea!","og_url":"https:\/\/www.suno.com.br\/noticias\/weg-wege3-acoes-tem-dia-positivo-no-ibovespa-saiba-por-que-gpj\/","og_site_name":"Suno Not\u00edcias","article_publisher":"https:\/\/facebook.com\/sunoresearch","og_image":[{"width":1400,"height":824,"url":"https:\/\/files.sunoresearch.com.br\/n\/uploads\/2022\/07\/weg.jpg","type":"image\/jpeg"}],"author":"Giovanni Porf\u00edrio Jacomino","twitter_card":"summary_large_image","twitter_creator":"@sunoresearch","twitter_site":"@sunoresearch","twitter_misc":{"Escrito por":"Giovanni Porf\u00edrio Jacomino","Est. tempo de leitura":"4 minutos"},"schema":{"@context":"https:\/\/schema.org","@graph":[{"@type":"NewsArticle","@id":"https:\/\/www.suno.com.br\/noticias\/weg-wege3-acoes-tem-dia-positivo-no-ibovespa-saiba-por-que-gpj\/#article","isPartOf":{"@id":"https:\/\/www.suno.com.br\/noticias\/weg-wege3-acoes-tem-dia-positivo-no-ibovespa-saiba-por-que-gpj\/"},"author":{"name":"Giovanni Porf\u00edrio Jacomino","@id":"https:\/\/www.suno.com.br\/noticias\/#\/schema\/person\/d0f32748bbca4bee871fa191ee4e2d40"},"headline":"Weg (WEGE3): a\u00e7\u00f5es disparam no Ibovespa; saiba por qu\u00ea","datePublished":"2023-07-24T16:30:22+00:00","dateModified":"2023-07-24T21:54:14+00:00","mainEntityOfPage":{"@id":"https:\/\/www.suno.com.br\/noticias\/weg-wege3-acoes-tem-dia-positivo-no-ibovespa-saiba-por-que-gpj\/"},"wordCount":644,"publisher":{"@id":"https:\/\/www.suno.com.br\/noticias\/#organization"},"image":{"@id":"https:\/\/www.suno.com.br\/noticias\/weg-wege3-acoes-tem-dia-positivo-no-ibovespa-saiba-por-que-gpj\/#primaryimage"},"thumbnailUrl":"https:\/\/files.sunoresearch.com.br\/n\/uploads\/2022\/07\/weg.jpg","keywords":["A\u00e7\u00f5es","Santander (SANB11\/SANB3\/SANB4)","Weg (WEGE3)"],"articleSection":["Neg\u00f3cios"],"inLanguage":"pt-BR"},{"@type":"WebPage","@id":"https:\/\/www.suno.com.br\/noticias\/weg-wege3-acoes-tem-dia-positivo-no-ibovespa-saiba-por-que-gpj\/","url":"https:\/\/www.suno.com.br\/noticias\/weg-wege3-acoes-tem-dia-positivo-no-ibovespa-saiba-por-que-gpj\/","name":"Weg (WEGE3): a\u00e7\u00f5es t\u00eam dia positivo no Ibovespa; saiba por qu\u00ea","isPartOf":{"@id":"https:\/\/www.suno.com.br\/noticias\/#website"},"primaryImageOfPage":{"@id":"https:\/\/www.suno.com.br\/noticias\/weg-wege3-acoes-tem-dia-positivo-no-ibovespa-saiba-por-que-gpj\/#primaryimage"},"image":{"@id":"https:\/\/www.suno.com.br\/noticias\/weg-wege3-acoes-tem-dia-positivo-no-ibovespa-saiba-por-que-gpj\/#primaryimage"},"thumbnailUrl":"https:\/\/files.sunoresearch.com.br\/n\/uploads\/2022\/07\/weg.jpg","datePublished":"2023-07-24T16:30:22+00:00","dateModified":"2023-07-24T21:54:14+00:00","description":"As a\u00e7\u00f5es da Weg disparam no Ibovespa nesta segunda-feira (24), liderando os ganhos do \u00edndice. Saiba por qu\u00ea!","breadcrumb":{"@id":"https:\/\/www.suno.com.br\/noticias\/weg-wege3-acoes-tem-dia-positivo-no-ibovespa-saiba-por-que-gpj\/#breadcrumb"},"inLanguage":"pt-BR","potentialAction":[{"@type":"ReadAction","target":["https:\/\/www.suno.com.br\/noticias\/weg-wege3-acoes-tem-dia-positivo-no-ibovespa-saiba-por-que-gpj\/"]}]},{"@type":"ImageObject","inLanguage":"pt-BR","@id":"https:\/\/www.suno.com.br\/noticias\/weg-wege3-acoes-tem-dia-positivo-no-ibovespa-saiba-por-que-gpj\/#primaryimage","url":"https:\/\/files.sunoresearch.com.br\/n\/uploads\/2022\/07\/weg.jpg","contentUrl":"https:\/\/files.sunoresearch.com.br\/n\/uploads\/2022\/07\/weg.jpg","width":1400,"height":824,"caption":"Weg (WEGE3). Foto: Divulga\u00e7\u00e3o"},{"@type":"BreadcrumbList","@id":"https:\/\/www.suno.com.br\/noticias\/weg-wege3-acoes-tem-dia-positivo-no-ibovespa-saiba-por-que-gpj\/#breadcrumb","itemListElement":[{"@type":"ListItem","position":1,"name":"Not\u00edcias","item":"https:\/\/www.suno.com.br\/noticias\/"},{"@type":"ListItem","position":2,"name":"Neg\u00f3cios","item":"https:\/\/www.suno.com.br\/noticias\/negocios\/"},{"@type":"ListItem","position":3,"name":"Weg (WEGE3): a\u00e7\u00f5es disparam no Ibovespa; saiba por qu\u00ea"}]},{"@type":"WebSite","@id":"https:\/\/www.suno.com.br\/noticias\/#website","url":"https:\/\/www.suno.com.br\/noticias\/","name":"Suno Not\u00edcias","description":"Seu portal de informa\u00e7\u00e3o sobre o mundo dos investimentos","publisher":{"@id":"https:\/\/www.suno.com.br\/noticias\/#organization"},"potentialAction":[{"@type":"SearchAction","target":{"@type":"EntryPoint","urlTemplate":"https:\/\/www.suno.com.br\/noticias\/?s={search_term_string}"},"query-input":{"@type":"PropertyValueSpecification","valueRequired":true,"valueName":"search_term_string"}}],"inLanguage":"pt-BR"},{"@type":"Organization","@id":"https:\/\/www.suno.com.br\/noticias\/#organization","name":"Suno Not\u00edcias","url":"https:\/\/www.suno.com.br\/noticias\/","logo":{"@type":"ImageObject","inLanguage":"pt-BR","@id":"https:\/\/www.suno.com.br\/noticias\/#\/schema\/logo\/image\/","url":"https:\/\/files.sunoresearch.com.br\/n\/uploads\/2021\/09\/suno-logo.png","contentUrl":"https:\/\/files.sunoresearch.com.br\/n\/uploads\/2021\/09\/suno-logo.png","width":180,"height":180,"caption":"Suno Not\u00edcias"},"image":{"@id":"https:\/\/www.suno.com.br\/noticias\/#\/schema\/logo\/image\/"},"sameAs":["https:\/\/facebook.com\/sunoresearch","https:\/\/x.com\/sunoresearch","https:\/\/www.instagram.com\/suno","https:\/\/www.linkedin.com\/company\/suno-research\/","https:\/\/www.youtube.com\/c\/sunoresearch"]},{"@type":"Person","@id":"https:\/\/www.suno.com.br\/noticias\/#\/schema\/person\/d0f32748bbca4bee871fa191ee4e2d40","name":"Giovanni Porf\u00edrio Jacomino","image":{"@type":"ImageObject","inLanguage":"pt-BR","@id":"https:\/\/www.suno.com.br\/noticias\/#\/schema\/person\/image\/","url":"https:\/\/secure.gravatar.com\/avatar\/efb32e19b730a121cb7a80f41ffec01a?s=96&r=g","contentUrl":"https:\/\/secure.gravatar.com\/avatar\/efb32e19b730a121cb7a80f41ffec01a?s=96&r=g","caption":"Giovanni Porf\u00edrio Jacomino"},"description":"Giovanni Porf\u00edrio Jacomino \u00e9 jornalista formado pela Universidade Estadual de Londrina (UEL) e p\u00f3s-graduado em Produ\u00e7\u00e3o e Pr\u00e1ticas Jornal\u00edsticas na Contemporaneidade na Faculdade C\u00e1sper L\u00edbero (FCL). Foi editor web no Startupi e no Finsiders, atuando ainda como editor no TC Mover, portal de not\u00edcias da TradersClub, fazendo a cobertura de assuntos relacionados ao mercado financeiro interno e externo. Atualmente, \u00e9 Rep\u00f3rter do Suno Not\u00edcias.","url":"https:\/\/www.suno.com.br\/noticias\/author\/giovanni-porfiriosuno-com-br\/"}]}},"default_loop_html":"<div class=\"cardsPage__listCard__boxs\"><div class=\"cardsPage__listCard__boxs__img\"><a href=\"https:\/\/www.suno.com.br\/noticias\/weg-wege3-acoes-tem-dia-positivo-no-ibovespa-saiba-por-que-gpj\/\"><img class=\"mask\" src=\"https:\/\/www.suno.com.br\/noticias\/wp-content\/themes\/suno\/resources\/images\/spotlight\/spotlight1img\/bg-mask.png\" alt=\"Image Mask\"\/><img src=\"https:\/\/files.sunoresearch.com.br\/n\/uploads\/2022\/07\/weg-400x200.jpg\" alt=\"Weg (WEGE3): a\u00e7\u00f5es disparam no Ibovespa; saiba por qu\u00ea\"\/><\/a><span class=\"spotlightCategory\"><a href=\"https:\/\/www.suno.com.br\/noticias\/negocios\/\">Neg\u00f3cios<\/a><\/span><\/div><div class=\"cardsPage__listCard__boxs__content\"><a href=\"https:\/\/www.suno.com.br\/noticias\/weg-wege3-acoes-tem-dia-positivo-no-ibovespa-saiba-por-que-gpj\/\"><h2 class=\"content__title\">Weg (WEGE3): a\u00e7\u00f5es disparam no Ibovespa; saiba por qu\u00ea<\/h2><\/a><div class=\"newsContent__article__meta\"><div class=\"newsContent__article__meta__authorBox\"><a href=\"https:\/\/www.suno.com.br\/noticias\/author\/giovanni-porfiriosuno-com-br\/\" class=\"authorBox__avatar noMobi\"><img src=\"https:\/\/files.sunoresearch.com.br\/n\/uploads\/2024\/05\/DSCF4115-1-1-150x150.webp\" alt=\"Giovanni Porf\u00edrio Jacomino\"><\/a><div class=\"authorBox__name\"><span>por\n\t\t\t<a href=\"https:\/\/www.suno.com.br\/noticias\/author\/giovanni-porfiriosuno-com-br\/\"><span itemprop=\"author\">Giovanni Porf\u00edrio Jacomino<\/span><\/a><\/span><time datetime=\"2023-07-24T13:30:22-03:00\" itemprop=\"datePublished\">24\/07\/2023 13:30<\/time><\/div><\/div><\/div><\/div><\/div>","single_layout":"posts","amp_enabled":true,"_links":{"self":[{"href":"https:\/\/www.suno.com.br\/noticias\/wp-json\/wp\/v2\/posts\/432485"}],"collection":[{"href":"https:\/\/www.suno.com.br\/noticias\/wp-json\/wp\/v2\/posts"}],"about":[{"href":"https:\/\/www.suno.com.br\/noticias\/wp-json\/wp\/v2\/types\/post"}],"author":[{"embeddable":true,"href":"https:\/\/www.suno.com.br\/noticias\/wp-json\/wp\/v2\/users\/313"}],"replies":[{"embeddable":true,"href":"https:\/\/www.suno.com.br\/noticias\/wp-json\/wp\/v2\/comments?post=432485"}],"version-history":[{"count":3,"href":"https:\/\/www.suno.com.br\/noticias\/wp-json\/wp\/v2\/posts\/432485\/revisions"}],"predecessor-version":[{"id":432756,"href":"https:\/\/www.suno.com.br\/noticias\/wp-json\/wp\/v2\/posts\/432485\/revisions\/432756"}],"wp:featuredmedia":[{"embeddable":true,"href":"https:\/\/www.suno.com.br\/noticias\/wp-json\/wp\/v2\/media\/277335"}],"wp:attachment":[{"href":"https:\/\/www.suno.com.br\/noticias\/wp-json\/wp\/v2\/media?parent=432485"}],"wp:term":[{"taxonomy":"category","embeddable":true,"href":"https:\/\/www.suno.com.br\/noticias\/wp-json\/wp\/v2\/categories?post=432485"},{"taxonomy":"post_tag","embeddable":true,"href":"https:\/\/www.suno.com.br\/noticias\/wp-json\/wp\/v2\/tags?post=432485"},{"taxonomy":"suno_strategy","embeddable":true,"href":"https:\/\/www.suno.com.br\/noticias\/wp-json\/wp\/v2\/suno_strategy?post=432485"}],"curies":[{"name":"wp","href":"https:\/\/api.w.org\/{rel}","templated":true}]}}