{"id":43246,"date":"2019-10-31T19:51:28","date_gmt":"2019-10-31T21:51:28","guid":{"rendered":"https:\/\/www.suno.com.br\/noticias\/?p=43246"},"modified":"2019-10-31T21:24:59","modified_gmt":"2019-10-31T23:24:59","slug":"magazine-luiza-estoura-teto","status":"publish","type":"post","link":"https:\/\/www.suno.com.br\/noticias\/magazine-luiza-estoura-teto\/","title":{"rendered":"Sinergia entre setores faz Magazine Luiza &#8220;estourar teto&#8221;"},"content":{"rendered":"<p>Ap\u00f3s divulgar <a href=\"https:\/\/www.suno.com.br\/noticias\/magazine-luiza-avanco-lucro-liquido-3t19\/\">resultados<\/a> surpreendentemente positivos, a rede varejista de eletr\u00f4nicos e m\u00f3veis Magazine Luiza <strong>(MGLU3)<\/strong> levantou uma s\u00e9rie de d\u00favidas no mercado. Afinal, qual \u00e9 o teto para a companhia?<\/p>\t<div class=\"wrapper-featured-image\">\n\t\t<figure class=\"spotlightImg\">\n\n\t\t\t<picture>\n\t\t\t\t<source media=\"(max-width: 768px)\" srcset=\"https:\/\/files.sunoresearch.com.br\/n\/uploads\/2019\/08\/11036ee4-magazine-luiza-400x200.webp\">\n\t\t\t\t<img loading=\"lazy\" decoding=\"async\" class=\"newsContent__article__imgCapa lazyloadDisabled newsContent__article__imgCapa--noCaption\" src=\"https:\/\/files.sunoresearch.com.br\/n\/uploads\/2019\/08\/11036ee4-magazine-luiza-800x450.webp\" width=\"800\" height=\"450\" alt=\"Sinergia entre setores faz Magazine Luiza &#8220;estourar teto&#8221;\" fetchpriority=high \/>\n\t\t\t<\/picture>\n\n\t\t\t<figcaption class=\"wp-caption-text wp-caption-text--hide\">O presidente do Magazine Luiza (MGLU3), Frederico Trajano, disse que o terceiro trimestre consagrou a multicanalidade da empresa. <\/figcaption>\n\t\t<\/figure>\n\t<\/div>\n\n\n\n<p>Especialistas ouvidos pelo<strong> SUNO Not\u00edcias<\/strong> dizem que, depois desses resultados, o <strong>Magazine Luiza<\/strong> furou a precifica\u00e7\u00e3o antiga e, agora, deve continuar a ganhar valor de mercado.<\/p>\n<p>O principal fator para isso \u00e9 a sinergia entre todos os n\u00edveis em que opera.<\/p>\n<p>\u201cEm quest\u00e3o de competi\u00e7\u00e3o no setor, o diferencial do Magazine Luiza \u00e9 uma jun\u00e7\u00e3o entre uma marca forte, log\u00edstica, tecnologia aliada a presen\u00e7a f\u00edsica e gest\u00e3o. Juntando tudo, \u00e9 dif\u00edcil achar concorrente que possa bater de frente&#8221;, disse Luis Sales, analista da Guide.<\/p>\n<p>As vendas totais, incluindo lojas f\u00edsicas, e-commerce tradicional e marketplace cresceram 46,9% para R$ 6,8 bilh\u00f5es, reflexo do aumento de 96,0% no e-commerce total e 19,0% nas lojas f\u00edsicas.<\/p>\n\t<p>\n\t\t<a href=\"https:\/\/lp.suno.com.br\/4-emissao-snel11\/\" target=\"_blank\" data-element=\"shortcode-suno-banner\" title=\"Banner SUNO, clique e saiba mais\">\n\t\t\t<picture>\n\t\t\t\t<source media=\"(max-width: 500px)\" srcset=\"https:\/\/files.sunoresearch.com.br\/n\/uploads\/2025\/07\/400x300-Mobile-Artigos-7.webp\">\n\t\t\t\t<img class=\"newsContent__article__imgCapa newsContent__article__imgCapa--banner\"\n\t\t\t\t\tsrc=\"https:\/\/files.sunoresearch.com.br\/n\/uploads\/2025\/07\/1420x240-Banner-Artigos-1-_-Banner-Materias-5.webp\"\n\t\t\t\t\tdata-promo-id=\"364417\"\t\t\t\t\t\t\t\t\t\twidth='1420' height='240'\t\t\t\t\talt=\"https:\/\/files.sunoresearch.com.br\/n\/uploads\/2025\/07\/1420x240-Banner-Artigos-1-_-Banner-Materias-5.webp\"\n\t\t\t\t>\n\t\t\t<\/picture>\n\t\t<\/a>\n\t<\/p>\n\n\n<p>&#8220;Vale destacar a performance das 126 lojas inauguradas nos \u00faltimos 12 meses, com vendas acima das expectativas, elevando o crescimento total das lojas f\u00edsicas em 9,6 p.p&#8221;, disse a empresa, em balan\u00e7o.<\/p>\n<p>Dois fatores se demonstram chaves para a convers\u00e3o de compra: custo e prazo. O uso de lojas f\u00edsicas ajuda nestas duas, j\u00e1 que oferece op\u00e7\u00f5es como o &#8220;retirar na loja&#8221;, por exemplo, o que diminui prazos e reduz custos de distribui\u00e7\u00e3o.<\/p>\n<p>&#8220;A Magalu liderou esse movimento de multicanalidade, e o fato de sua ampla rede de lojas f\u00edsicas sempre ter sido integrada ao online foi um aspecto importante. Al\u00e9m disso, a cultura de transforma\u00e7\u00e3o digital e tecnologia que a empresa construiu nos \u00faltimos anos tamb\u00e9m contribuiu para isso&#8221;, disse Mariana Vergueiro, analista da XP.<\/p>\n<p>Esse diferencial competitivo do Magazine Luiza fica ainda mais evidente quando um paralelo com os principais concorrentes do setor \u00e9 tra\u00e7ado. Nenhuma mant\u00e9m uma plataforma multicanal t\u00e3o completa.<\/p>\n<p>Segundo uma fonte com conhecimento no assunto, mesmo a Amazon pode ter dificuldades no pa\u00eds. A gigante do varejo americana que, recentemente, aumentou a presen\u00e7a no Brasil, pode sofrer por n\u00e3o ter presen\u00e7a f\u00edsica -fator relevante para aumentar as vendas online.<\/p>\n<p>&#8220;A Amazon tem tecnologia, mas n\u00e3o presen\u00e7a f\u00edsica e tamb\u00e9m dificuldades log\u00edsticas por enquanto&#8221;, disse.<\/p>\n<p>J\u00e1 a Via Varejo, por exemplo, peca na presen\u00e7a online, enquanto que a B2W enfrenta dificuldades na gest\u00e3o das marcas que opera. Isso, portanto, deixaria o caminho ainda mais livre para o crescimento do Magazine Luiza.<\/p>\n\t<p>\n\t\t<a href=\"https:\/\/lp.suno.com.br\/ebook-como-analisar-uma-acao\/\" target=\"_blank\" data-element=\"shortcode-suno-banner\" title=\"Banner SUNO, clique e saiba mais\">\n\t\t\t<picture>\n\t\t\t\t<source media=\"(max-width: 500px)\" srcset=\"https:\/\/files.sunoresearch.com.br\/n\/uploads\/2023\/12\/Ebook-Acoes-Mobile.jpg\">\n\t\t\t\t<img class=\"newsContent__article__imgCapa newsContent__article__imgCapa--banner\"\n\t\t\t\t\tsrc=\"https:\/\/files.sunoresearch.com.br\/n\/uploads\/2023\/12\/Ebook-Acoes-Mobile.jpg\"\n\t\t\t\t\tdata-promo-id=\"101750\"\t\t\t\t\t\t\t\t\t\twidth='400' height='300'\t\t\t\t\talt=\"https:\/\/files.sunoresearch.com.br\/n\/uploads\/2023\/12\/Ebook-Acoes-Mobile.jpg\"\n\t\t\t\t>\n\t\t\t<\/picture>\n\t\t<\/a>\n\t<\/p>\n\n\n<h2>E-commerce continua a crescer<\/h2>\n<p>N\u00e3o \u00e0 toa, o bom resultado da companhia est\u00e1 intrinsecamente ligada a internet.<\/p>\n<p>No terceiro trimestre, o Magazine Luiza registrou lucro l\u00edquido de R$ 235,1 milh\u00f5es, valor correspondente a uma alta de 96,7% na compara\u00e7\u00e3o com o mesmo per\u00edodo no ano anterior.<\/p>\n<p>O resultado foi puxado pelas vendas pelo e-commerce, que saltaram 96% em rela\u00e7\u00e3o ao trimestre imediatamente anterior, sendo respons\u00e1veis por 48% de tudo que foi comercializado pela varejista.<\/p>\n<p><a href=\"https:\/\/www.suno.com.br\/noticias\/magazine-luiza-avanco-lucro-liquido-3t19\/\">Saiba mais: Magazine Luiza tem avan\u00e7o de 96,7% no lucro l\u00edquido no 3T19<\/a><\/p>\n<p>&#8220;O resultado como um todo \u00e9 expressivo gra\u00e7as a internet. Mas, sabemos que atualmente, para voc\u00ea ter resultado nesse quesito, \u00e9 necess\u00e1rio uma presen\u00e7a f\u00edsica forte e at\u00e9 isso o Magazine Luiza casa bem. Essa sinergia tamb\u00e9m d\u00e1 as caras por aqui&#8221;, disse Pedro Galdi, analista da Mirae Asset Corretora.<\/p>\n<h2>Magazine Luiza fortalecer\u00e1 investimentos<\/h2>\n<p>N\u00e3o bastassem os resultados positivos rec\u00e9m anunciados, o <strong>Magazine Luiza<\/strong> anunciou ainda que far\u00e1 uma oferta p\u00fablica de distribui\u00e7\u00e3o prim\u00e1ria e secund\u00e1ria de 90 milh\u00f5es de a\u00e7\u00f5es ordin\u00e1rias, que pode levantar at\u00e9 <a href=\"https:\/\/www.suno.com.br\/noticias\/magazine-luiza-prepara-oferta-90-milhoes-de-acoes\/\">R$ 5,2 bilh\u00f5es<\/a>.<\/p>\n<p>O montante pode dar ainda mais f\u00f4lego \u00e0 companhia para financiar os focos de opera\u00e7\u00e3o que v\u00eam dando certo.<\/p>\n<p>&#8220;Esta nova emiss\u00e3o trar\u00e1 dinheiro para fortalecer ainda mais a empresa&#8221;, disse Galdi.<\/p>\n<p>Segundo o comunicado, o montante ser\u00e1 utilizado para financiar\u00a0marketplace, investimentos em tecnologia, inova\u00e7\u00e3o, pesquisa e desenvolvimento, automa\u00e7\u00e3o dos centros de distribui\u00e7\u00e3o, iniciativas em servi\u00e7os digitais, expans\u00e3o de novas categorias, abertura de novas lojas.<\/p>\n\t<p>\n\t\t<a href=\"https:\/\/lp.suno.com.br\/ao\/sessao-estrategica-consultoria-c\/?utm_source=suno-noticias&#038;utm_medium=banner&#038;utm_campaing=dividendos-taxacao-pl\" target=\"_blank\" data-element=\"shortcode-suno-banner\" title=\"Banner SUNO, clique e saiba mais\">\n\t\t\t<picture>\n\t\t\t\t<source media=\"(max-width: 500px)\" srcset=\"https:\/\/files.sunoresearch.com.br\/n\/uploads\/2025\/09\/300x400.webp\">\n\t\t\t\t<img class=\"newsContent__article__imgCapa newsContent__article__imgCapa--banner\"\n\t\t\t\t\tsrc=\"https:\/\/files.sunoresearch.com.br\/n\/uploads\/2025\/09\/SN-DT-1420x240-1.webp\"\n\t\t\t\t\tdata-promo-id=\"628283\"\t\t\t\t\t\t\t\t\t\twidth='1420' height='240'\t\t\t\t\talt=\"https:\/\/files.sunoresearch.com.br\/n\/uploads\/2025\/09\/SN-DT-1420x240-1.webp\"\n\t\t\t\t>\n\t\t\t<\/picture>\n\t\t<\/a>\n\t<\/p>\n\n\n<p>E, al\u00e9m do fortalecimento da opera\u00e7\u00e3o, ainda h\u00e1 a previs\u00e3o de entrega futura dos resultados da Netshoes, que foi adquirida pelo Magazine Luiza, e j\u00e1 surpreendeu o mercado.<\/p>\n<p>&#8220;[O resultado foi] parcialmente suportado pelo fato de a Netshoes ter finalizado o trimestre pr\u00f3ximo ao equil\u00edbrio de margem EBITDA, enquanto a nossa expectativa era de um resultado negativo em R$ 13 milh\u00f5es&#8221;, disse a XP, em nota.<\/p>\n<p>Portanto, \u00e9 de se esperar que o Magazine Luiza ainda surpreenda o mercado com outros resultados positivos.<\/p>\n<p>&#8220;Embora a empresa j\u00e1 estivesse em uma posi\u00e7\u00e3o de balan\u00e7o s\u00f3lida, acreditamos que o capital a ser potencialmente levantado por meio da oferta prim\u00e1ria deve fortalecer o cont\u00ednuo ganho de participa\u00e7\u00e3o de mercado e o crescimento acelerado, por mais tempo que o esperado.&#8221;, disse Mariana Vergueiro, da XP.<\/p>\n<p>Para o investidor, contudo, apesar de toda euforia do mercado em rela\u00e7\u00e3o ao papel, toda a cautela \u00e9 necess\u00e1ria.<\/p>\n<p>\u201cDo lado do investidor, \u00e9 necess\u00e1rio cautela em rela\u00e7\u00e3o ao valor do papel, que pode sofrer varia\u00e7\u00f5es mesmo com resultados consistentes&#8221;, alertou Pedro Galdi, da Mirae Asset.<\/p>\n","protected":false},"excerpt":{"rendered":"<p>Ap\u00f3s divulgar resultados surpreendentemente positivos, a rede varejista de eletr\u00f4nicos e m\u00f3veis Magazine Luiza (MGLU3) levantou uma s\u00e9rie de d\u00favidas no mercado. Afinal, qual \u00e9 o teto para a companhia? O presidente do Magazine Luiza (MGLU3), Frederico Trajano, disse que o terceiro trimestre consagrou a multicanalidade da empresa. Especialistas ouvidos pelo SUNO Not\u00edcias dizem que, [&hellip;]<\/p>\n","protected":false},"author":27,"featured_media":35306,"comment_status":"closed","ping_status":"closed","sticky":false,"template":"","format":"standard","meta":[],"categories":[64],"tags":[2073,548,803],"suno_strategy":[],"class_list":["post-43246","post","type-post","status-publish","format-standard","has-post-thumbnail","hentry","category-negocios","tag-e-commerce","tag-magazine-luiza-mglu3","tag-varejo"],"yoast_head":"<!-- This site is optimized with the Yoast SEO plugin v24.4 - https:\/\/yoast.com\/wordpress\/plugins\/seo\/ -->\n<title>Sinergia entre setores faz Magazine Luiza &quot;estourar teto&quot;<\/title>\n<meta name=\"description\" content=\"Especialistas dizem que o Magazine Luiza furou a precifica\u00e7\u00e3o que o mercado construira e, agora, deve al\u00e7ar voos ainda maiores\" \/>\n<meta name=\"robots\" content=\"index, follow, max-snippet:-1, max-image-preview:large, max-video-preview:-1\" \/>\n<link rel=\"canonical\" href=\"https:\/\/www.suno.com.br\/noticias\/magazine-luiza-estoura-teto\/\" \/>\n<meta property=\"og:locale\" content=\"pt_BR\" \/>\n<meta property=\"og:type\" content=\"article\" \/>\n<meta property=\"og:title\" content=\"Sinergia entre setores faz Magazine Luiza &quot;estourar teto&quot;\" \/>\n<meta property=\"og:description\" content=\"Especialistas dizem que o Magazine Luiza furou a precifica\u00e7\u00e3o que o mercado construira e, agora, deve al\u00e7ar voos ainda maiores\" \/>\n<meta property=\"og:url\" content=\"https:\/\/www.suno.com.br\/noticias\/magazine-luiza-estoura-teto\/\" \/>\n<meta property=\"og:site_name\" content=\"Suno Not\u00edcias\" \/>\n<meta property=\"article:publisher\" content=\"https:\/\/facebook.com\/sunoresearch\" \/>\n<meta property=\"og:image\" content=\"https:\/\/files.sunoresearch.com.br\/n\/uploads\/2019\/08\/11036ee4-magazine-luiza.jpg\" \/>\n\t<meta property=\"og:image:width\" content=\"1024\" \/>\n\t<meta property=\"og:image:height\" content=\"768\" \/>\n\t<meta property=\"og:image:type\" content=\"image\/jpeg\" \/>\n<meta name=\"author\" content=\"Vinicius Pereira\" \/>\n<meta name=\"twitter:card\" content=\"summary_large_image\" \/>\n<meta name=\"twitter:creator\" content=\"@https:\/\/twitter.com\/viniciuspjornal\" \/>\n<meta name=\"twitter:site\" content=\"@sunoresearch\" \/>\n<meta name=\"twitter:label1\" content=\"Escrito por\" \/>\n\t<meta name=\"twitter:data1\" content=\"Vinicius Pereira\" \/>\n\t<meta name=\"twitter:label2\" content=\"Est. tempo de leitura\" \/>\n\t<meta name=\"twitter:data2\" content=\"4 minutos\" \/>\n<script type=\"application\/ld+json\" class=\"yoast-schema-graph\">{\"@context\":\"https:\/\/schema.org\",\"@graph\":[{\"@type\":\"NewsArticle\",\"@id\":\"https:\/\/www.suno.com.br\/noticias\/magazine-luiza-estoura-teto\/#article\",\"isPartOf\":{\"@id\":\"https:\/\/www.suno.com.br\/noticias\/magazine-luiza-estoura-teto\/\"},\"author\":{\"name\":\"Vinicius Pereira\",\"@id\":\"https:\/\/www.suno.com.br\/noticias\/#\/schema\/person\/a20761b96e4df7eb57f1f9e41be1dbf3\"},\"headline\":\"Sinergia entre setores faz Magazine Luiza &#8220;estourar teto&#8221;\",\"datePublished\":\"2019-10-31T21:51:28+00:00\",\"dateModified\":\"2019-10-31T23:24:59+00:00\",\"mainEntityOfPage\":{\"@id\":\"https:\/\/www.suno.com.br\/noticias\/magazine-luiza-estoura-teto\/\"},\"wordCount\":896,\"publisher\":{\"@id\":\"https:\/\/www.suno.com.br\/noticias\/#organization\"},\"image\":{\"@id\":\"https:\/\/www.suno.com.br\/noticias\/magazine-luiza-estoura-teto\/#primaryimage\"},\"thumbnailUrl\":\"https:\/\/files.sunoresearch.com.br\/n\/uploads\/2019\/08\/11036ee4-magazine-luiza.jpg\",\"keywords\":[\"e-commerce\",\"Magazine Luiza (MGLU3)\",\"varejo\"],\"articleSection\":[\"Neg\u00f3cios\"],\"inLanguage\":\"pt-BR\"},{\"@type\":\"WebPage\",\"@id\":\"https:\/\/www.suno.com.br\/noticias\/magazine-luiza-estoura-teto\/\",\"url\":\"https:\/\/www.suno.com.br\/noticias\/magazine-luiza-estoura-teto\/\",\"name\":\"Sinergia entre setores faz Magazine Luiza \\\"estourar teto\\\"\",\"isPartOf\":{\"@id\":\"https:\/\/www.suno.com.br\/noticias\/#website\"},\"primaryImageOfPage\":{\"@id\":\"https:\/\/www.suno.com.br\/noticias\/magazine-luiza-estoura-teto\/#primaryimage\"},\"image\":{\"@id\":\"https:\/\/www.suno.com.br\/noticias\/magazine-luiza-estoura-teto\/#primaryimage\"},\"thumbnailUrl\":\"https:\/\/files.sunoresearch.com.br\/n\/uploads\/2019\/08\/11036ee4-magazine-luiza.jpg\",\"datePublished\":\"2019-10-31T21:51:28+00:00\",\"dateModified\":\"2019-10-31T23:24:59+00:00\",\"description\":\"Especialistas dizem que o Magazine Luiza furou a precifica\u00e7\u00e3o que o mercado construira e, agora, deve al\u00e7ar voos ainda maiores\",\"breadcrumb\":{\"@id\":\"https:\/\/www.suno.com.br\/noticias\/magazine-luiza-estoura-teto\/#breadcrumb\"},\"inLanguage\":\"pt-BR\",\"potentialAction\":[{\"@type\":\"ReadAction\",\"target\":[\"https:\/\/www.suno.com.br\/noticias\/magazine-luiza-estoura-teto\/\"]}]},{\"@type\":\"ImageObject\",\"inLanguage\":\"pt-BR\",\"@id\":\"https:\/\/www.suno.com.br\/noticias\/magazine-luiza-estoura-teto\/#primaryimage\",\"url\":\"https:\/\/files.sunoresearch.com.br\/n\/uploads\/2019\/08\/11036ee4-magazine-luiza.jpg\",\"contentUrl\":\"https:\/\/files.sunoresearch.com.br\/n\/uploads\/2019\/08\/11036ee4-magazine-luiza.jpg\",\"width\":1024,\"height\":768,\"caption\":\"O presidente do Magazine Luiza (MGLU3), Frederico Trajano, disse que o terceiro trimestre consagrou a multicanalidade da empresa.\"},{\"@type\":\"BreadcrumbList\",\"@id\":\"https:\/\/www.suno.com.br\/noticias\/magazine-luiza-estoura-teto\/#breadcrumb\",\"itemListElement\":[{\"@type\":\"ListItem\",\"position\":1,\"name\":\"Not\u00edcias\",\"item\":\"https:\/\/www.suno.com.br\/noticias\/\"},{\"@type\":\"ListItem\",\"position\":2,\"name\":\"Neg\u00f3cios\",\"item\":\"https:\/\/www.suno.com.br\/noticias\/negocios\/\"},{\"@type\":\"ListItem\",\"position\":3,\"name\":\"Sinergia entre setores faz Magazine Luiza &#8220;estourar teto&#8221;\"}]},{\"@type\":\"WebSite\",\"@id\":\"https:\/\/www.suno.com.br\/noticias\/#website\",\"url\":\"https:\/\/www.suno.com.br\/noticias\/\",\"name\":\"Suno Not\u00edcias\",\"description\":\"Seu portal de informa\u00e7\u00e3o sobre o mundo dos investimentos\",\"publisher\":{\"@id\":\"https:\/\/www.suno.com.br\/noticias\/#organization\"},\"potentialAction\":[{\"@type\":\"SearchAction\",\"target\":{\"@type\":\"EntryPoint\",\"urlTemplate\":\"https:\/\/www.suno.com.br\/noticias\/?s={search_term_string}\"},\"query-input\":{\"@type\":\"PropertyValueSpecification\",\"valueRequired\":true,\"valueName\":\"search_term_string\"}}],\"inLanguage\":\"pt-BR\"},{\"@type\":\"Organization\",\"@id\":\"https:\/\/www.suno.com.br\/noticias\/#organization\",\"name\":\"Suno Not\u00edcias\",\"url\":\"https:\/\/www.suno.com.br\/noticias\/\",\"logo\":{\"@type\":\"ImageObject\",\"inLanguage\":\"pt-BR\",\"@id\":\"https:\/\/www.suno.com.br\/noticias\/#\/schema\/logo\/image\/\",\"url\":\"https:\/\/files.sunoresearch.com.br\/n\/uploads\/2021\/09\/suno-logo.png\",\"contentUrl\":\"https:\/\/files.sunoresearch.com.br\/n\/uploads\/2021\/09\/suno-logo.png\",\"width\":180,\"height\":180,\"caption\":\"Suno Not\u00edcias\"},\"image\":{\"@id\":\"https:\/\/www.suno.com.br\/noticias\/#\/schema\/logo\/image\/\"},\"sameAs\":[\"https:\/\/facebook.com\/sunoresearch\",\"https:\/\/x.com\/sunoresearch\",\"https:\/\/www.instagram.com\/suno\",\"https:\/\/www.linkedin.com\/company\/suno-research\/\",\"https:\/\/www.youtube.com\/c\/sunoresearch\"]},{\"@type\":\"Person\",\"@id\":\"https:\/\/www.suno.com.br\/noticias\/#\/schema\/person\/a20761b96e4df7eb57f1f9e41be1dbf3\",\"name\":\"Vinicius Pereira\",\"image\":{\"@type\":\"ImageObject\",\"inLanguage\":\"pt-BR\",\"@id\":\"https:\/\/www.suno.com.br\/noticias\/#\/schema\/person\/image\/\",\"url\":\"https:\/\/secure.gravatar.com\/avatar\/783866b933198f5cc4c5d03fcc8b1301?s=96&r=g\",\"contentUrl\":\"https:\/\/secure.gravatar.com\/avatar\/783866b933198f5cc4c5d03fcc8b1301?s=96&r=g\",\"caption\":\"Vinicius Pereira\"},\"description\":\"Vinicius Pereira foi rep\u00f3rter de economia da Folha de S.Paulo, stringer do jornal no Canad\u00e1 e colaborador de VEJA. J\u00e1 escreveu tamb\u00e9m para BBC Brasil, The Intercept Brasil e UOL. Tem MBA em Informa\u00e7\u00f5es Econ\u00f4mico-Financeiras e Mercado de Capitais pela FIA\/B3.\",\"sameAs\":[\"https:\/\/x.com\/https:\/\/twitter.com\/viniciuspjornal\"],\"url\":\"https:\/\/www.suno.com.br\/noticias\/author\/vinicius-pereira\/\"}]}<\/script>\n<!-- \/ Yoast SEO plugin. -->","yoast_head_json":{"title":"Sinergia entre setores faz Magazine Luiza \"estourar teto\"","description":"Especialistas dizem que o Magazine Luiza furou a precifica\u00e7\u00e3o que o mercado construira e, agora, deve al\u00e7ar voos ainda maiores","robots":{"index":"index","follow":"follow","max-snippet":"max-snippet:-1","max-image-preview":"max-image-preview:large","max-video-preview":"max-video-preview:-1"},"canonical":"https:\/\/www.suno.com.br\/noticias\/magazine-luiza-estoura-teto\/","og_locale":"pt_BR","og_type":"article","og_title":"Sinergia entre setores faz Magazine Luiza \"estourar teto\"","og_description":"Especialistas dizem que o Magazine Luiza furou a precifica\u00e7\u00e3o que o mercado construira e, agora, deve al\u00e7ar voos ainda maiores","og_url":"https:\/\/www.suno.com.br\/noticias\/magazine-luiza-estoura-teto\/","og_site_name":"Suno Not\u00edcias","article_publisher":"https:\/\/facebook.com\/sunoresearch","og_image":[{"width":1024,"height":768,"url":"https:\/\/files.sunoresearch.com.br\/n\/uploads\/2019\/08\/11036ee4-magazine-luiza.jpg","type":"image\/jpeg"}],"author":"Vinicius Pereira","twitter_card":"summary_large_image","twitter_creator":"@https:\/\/twitter.com\/viniciuspjornal","twitter_site":"@sunoresearch","twitter_misc":{"Escrito por":"Vinicius Pereira","Est. tempo de leitura":"4 minutos"},"schema":{"@context":"https:\/\/schema.org","@graph":[{"@type":"NewsArticle","@id":"https:\/\/www.suno.com.br\/noticias\/magazine-luiza-estoura-teto\/#article","isPartOf":{"@id":"https:\/\/www.suno.com.br\/noticias\/magazine-luiza-estoura-teto\/"},"author":{"name":"Vinicius Pereira","@id":"https:\/\/www.suno.com.br\/noticias\/#\/schema\/person\/a20761b96e4df7eb57f1f9e41be1dbf3"},"headline":"Sinergia entre setores faz Magazine Luiza &#8220;estourar teto&#8221;","datePublished":"2019-10-31T21:51:28+00:00","dateModified":"2019-10-31T23:24:59+00:00","mainEntityOfPage":{"@id":"https:\/\/www.suno.com.br\/noticias\/magazine-luiza-estoura-teto\/"},"wordCount":896,"publisher":{"@id":"https:\/\/www.suno.com.br\/noticias\/#organization"},"image":{"@id":"https:\/\/www.suno.com.br\/noticias\/magazine-luiza-estoura-teto\/#primaryimage"},"thumbnailUrl":"https:\/\/files.sunoresearch.com.br\/n\/uploads\/2019\/08\/11036ee4-magazine-luiza.jpg","keywords":["e-commerce","Magazine Luiza (MGLU3)","varejo"],"articleSection":["Neg\u00f3cios"],"inLanguage":"pt-BR"},{"@type":"WebPage","@id":"https:\/\/www.suno.com.br\/noticias\/magazine-luiza-estoura-teto\/","url":"https:\/\/www.suno.com.br\/noticias\/magazine-luiza-estoura-teto\/","name":"Sinergia entre setores faz Magazine Luiza \"estourar teto\"","isPartOf":{"@id":"https:\/\/www.suno.com.br\/noticias\/#website"},"primaryImageOfPage":{"@id":"https:\/\/www.suno.com.br\/noticias\/magazine-luiza-estoura-teto\/#primaryimage"},"image":{"@id":"https:\/\/www.suno.com.br\/noticias\/magazine-luiza-estoura-teto\/#primaryimage"},"thumbnailUrl":"https:\/\/files.sunoresearch.com.br\/n\/uploads\/2019\/08\/11036ee4-magazine-luiza.jpg","datePublished":"2019-10-31T21:51:28+00:00","dateModified":"2019-10-31T23:24:59+00:00","description":"Especialistas dizem que o Magazine Luiza furou a precifica\u00e7\u00e3o que o mercado construira e, agora, deve al\u00e7ar voos ainda maiores","breadcrumb":{"@id":"https:\/\/www.suno.com.br\/noticias\/magazine-luiza-estoura-teto\/#breadcrumb"},"inLanguage":"pt-BR","potentialAction":[{"@type":"ReadAction","target":["https:\/\/www.suno.com.br\/noticias\/magazine-luiza-estoura-teto\/"]}]},{"@type":"ImageObject","inLanguage":"pt-BR","@id":"https:\/\/www.suno.com.br\/noticias\/magazine-luiza-estoura-teto\/#primaryimage","url":"https:\/\/files.sunoresearch.com.br\/n\/uploads\/2019\/08\/11036ee4-magazine-luiza.jpg","contentUrl":"https:\/\/files.sunoresearch.com.br\/n\/uploads\/2019\/08\/11036ee4-magazine-luiza.jpg","width":1024,"height":768,"caption":"O presidente do Magazine Luiza (MGLU3), Frederico Trajano, disse que o terceiro trimestre consagrou a multicanalidade da empresa."},{"@type":"BreadcrumbList","@id":"https:\/\/www.suno.com.br\/noticias\/magazine-luiza-estoura-teto\/#breadcrumb","itemListElement":[{"@type":"ListItem","position":1,"name":"Not\u00edcias","item":"https:\/\/www.suno.com.br\/noticias\/"},{"@type":"ListItem","position":2,"name":"Neg\u00f3cios","item":"https:\/\/www.suno.com.br\/noticias\/negocios\/"},{"@type":"ListItem","position":3,"name":"Sinergia entre setores faz Magazine Luiza &#8220;estourar teto&#8221;"}]},{"@type":"WebSite","@id":"https:\/\/www.suno.com.br\/noticias\/#website","url":"https:\/\/www.suno.com.br\/noticias\/","name":"Suno Not\u00edcias","description":"Seu portal de informa\u00e7\u00e3o sobre o mundo dos investimentos","publisher":{"@id":"https:\/\/www.suno.com.br\/noticias\/#organization"},"potentialAction":[{"@type":"SearchAction","target":{"@type":"EntryPoint","urlTemplate":"https:\/\/www.suno.com.br\/noticias\/?s={search_term_string}"},"query-input":{"@type":"PropertyValueSpecification","valueRequired":true,"valueName":"search_term_string"}}],"inLanguage":"pt-BR"},{"@type":"Organization","@id":"https:\/\/www.suno.com.br\/noticias\/#organization","name":"Suno Not\u00edcias","url":"https:\/\/www.suno.com.br\/noticias\/","logo":{"@type":"ImageObject","inLanguage":"pt-BR","@id":"https:\/\/www.suno.com.br\/noticias\/#\/schema\/logo\/image\/","url":"https:\/\/files.sunoresearch.com.br\/n\/uploads\/2021\/09\/suno-logo.png","contentUrl":"https:\/\/files.sunoresearch.com.br\/n\/uploads\/2021\/09\/suno-logo.png","width":180,"height":180,"caption":"Suno Not\u00edcias"},"image":{"@id":"https:\/\/www.suno.com.br\/noticias\/#\/schema\/logo\/image\/"},"sameAs":["https:\/\/facebook.com\/sunoresearch","https:\/\/x.com\/sunoresearch","https:\/\/www.instagram.com\/suno","https:\/\/www.linkedin.com\/company\/suno-research\/","https:\/\/www.youtube.com\/c\/sunoresearch"]},{"@type":"Person","@id":"https:\/\/www.suno.com.br\/noticias\/#\/schema\/person\/a20761b96e4df7eb57f1f9e41be1dbf3","name":"Vinicius Pereira","image":{"@type":"ImageObject","inLanguage":"pt-BR","@id":"https:\/\/www.suno.com.br\/noticias\/#\/schema\/person\/image\/","url":"https:\/\/secure.gravatar.com\/avatar\/783866b933198f5cc4c5d03fcc8b1301?s=96&r=g","contentUrl":"https:\/\/secure.gravatar.com\/avatar\/783866b933198f5cc4c5d03fcc8b1301?s=96&r=g","caption":"Vinicius Pereira"},"description":"Vinicius Pereira foi rep\u00f3rter de economia da Folha de S.Paulo, stringer do jornal no Canad\u00e1 e colaborador de VEJA. J\u00e1 escreveu tamb\u00e9m para BBC Brasil, The Intercept Brasil e UOL. Tem MBA em Informa\u00e7\u00f5es Econ\u00f4mico-Financeiras e Mercado de Capitais pela FIA\/B3.","sameAs":["https:\/\/x.com\/https:\/\/twitter.com\/viniciuspjornal"],"url":"https:\/\/www.suno.com.br\/noticias\/author\/vinicius-pereira\/"}]}},"default_loop_html":"<div class=\"cardsPage__listCard__boxs\"><div class=\"cardsPage__listCard__boxs__img\"><a href=\"https:\/\/www.suno.com.br\/noticias\/magazine-luiza-estoura-teto\/\"><img class=\"mask\" src=\"https:\/\/www.suno.com.br\/noticias\/wp-content\/themes\/suno\/resources\/images\/spotlight\/spotlight1img\/bg-mask.png\" alt=\"Image Mask\"\/><img src=\"https:\/\/files.sunoresearch.com.br\/n\/uploads\/2019\/08\/11036ee4-magazine-luiza-400x200.webp\" alt=\"Sinergia entre setores faz Magazine Luiza &#8220;estourar teto&#8221;\"\/><\/a><span class=\"spotlightCategory\"><a href=\"https:\/\/www.suno.com.br\/noticias\/negocios\/\">Neg\u00f3cios<\/a><\/span><\/div><div class=\"cardsPage__listCard__boxs__content\"><a href=\"https:\/\/www.suno.com.br\/noticias\/magazine-luiza-estoura-teto\/\"><h2 class=\"content__title\">Sinergia entre setores faz Magazine Luiza &#8220;estourar teto&#8221;<\/h2><\/a><div class=\"newsContent__article__meta\"><div class=\"newsContent__article__meta__authorBox\"><a href=\"https:\/\/www.suno.com.br\/noticias\/author\/vinicius-pereira\/\" class=\"authorBox__avatar noMobi\"><img src=\"https:\/\/files.sunoresearch.com.br\/n\/uploads\/2020\/08\/77510613-whatsapp-image-2020-08-03-at-13.40.40-150x150.webp\" alt=\"Vinicius Pereira\"><\/a><div class=\"authorBox__name\"><span>por\n\t\t\t<a href=\"https:\/\/www.suno.com.br\/noticias\/author\/vinicius-pereira\/\"><span itemprop=\"author\">Vinicius Pereira<\/span><\/a><\/span><time datetime=\"2019-10-31T19:51:28-03:00\" itemprop=\"datePublished\">31\/10\/2019 19:51<\/time><\/div><\/div><\/div><\/div><\/div>","single_layout":"posts","amp_enabled":true,"_links":{"self":[{"href":"https:\/\/www.suno.com.br\/noticias\/wp-json\/wp\/v2\/posts\/43246"}],"collection":[{"href":"https:\/\/www.suno.com.br\/noticias\/wp-json\/wp\/v2\/posts"}],"about":[{"href":"https:\/\/www.suno.com.br\/noticias\/wp-json\/wp\/v2\/types\/post"}],"author":[{"embeddable":true,"href":"https:\/\/www.suno.com.br\/noticias\/wp-json\/wp\/v2\/users\/27"}],"replies":[{"embeddable":true,"href":"https:\/\/www.suno.com.br\/noticias\/wp-json\/wp\/v2\/comments?post=43246"}],"version-history":[{"count":0,"href":"https:\/\/www.suno.com.br\/noticias\/wp-json\/wp\/v2\/posts\/43246\/revisions"}],"wp:featuredmedia":[{"embeddable":true,"href":"https:\/\/www.suno.com.br\/noticias\/wp-json\/wp\/v2\/media\/35306"}],"wp:attachment":[{"href":"https:\/\/www.suno.com.br\/noticias\/wp-json\/wp\/v2\/media?parent=43246"}],"wp:term":[{"taxonomy":"category","embeddable":true,"href":"https:\/\/www.suno.com.br\/noticias\/wp-json\/wp\/v2\/categories?post=43246"},{"taxonomy":"post_tag","embeddable":true,"href":"https:\/\/www.suno.com.br\/noticias\/wp-json\/wp\/v2\/tags?post=43246"},{"taxonomy":"suno_strategy","embeddable":true,"href":"https:\/\/www.suno.com.br\/noticias\/wp-json\/wp\/v2\/suno_strategy?post=43246"}],"curies":[{"name":"wp","href":"https:\/\/api.w.org\/{rel}","templated":true}]}}