{"id":432105,"date":"2023-07-22T11:38:32","date_gmt":"2023-07-22T14:38:32","guid":{"rendered":"https:\/\/www.suno.com.br\/noticias\/?p=432105"},"modified":"2023-07-22T11:38:45","modified_gmt":"2023-07-22T14:38:45","slug":"fundo-imobiliario-afhi11-4-emissao-cotas-jvj","status":"publish","type":"post","link":"https:\/\/www.suno.com.br\/noticias\/fundo-imobiliario-afhi11-4-emissao-cotas-jvj\/","title":{"rendered":"Fundo imobili\u00e1rio anuncia nova oferta milion\u00e1ria, mas um ponto chama a aten\u00e7\u00e3o; Veja qual"},"content":{"rendered":"<p>O FII FII AFHI CRI (<strong>AFHI11<\/strong>) quer captar um total de R$ 60.000.078,32 por meio de uma emiss\u00e3o de cotas, que ser\u00e1 a sua 4\u00aa oferta. Um ponto que chama a aten\u00e7\u00e3o \u00e9 que excepcionalmente nesta oferta, os custos de distribui\u00e7\u00e3o n\u00e3o ser\u00e3o arcados pelo fundo ou pelos cotistas, mas sim ser\u00e3o pela pr\u00f3pria gestora.<\/p>\t<div class=\"wrapper-featured-image\">\n\t\t<figure class=\"spotlightImg\">\n\n\t\t\t<picture>\n\t\t\t\t<source media=\"(max-width: 768px)\" srcset=\"https:\/\/files.sunoresearch.com.br\/n\/uploads\/2021\/04\/77623bd0-buildings-690868_1280-400x200.webp\">\n\t\t\t\t<img loading=\"lazy\" decoding=\"async\" class=\"newsContent__article__imgCapa lazyloadDisabled \" src=\"https:\/\/files.sunoresearch.com.br\/n\/uploads\/2021\/04\/77623bd0-buildings-690868_1280-800x450.webp\" width=\"800\" height=\"450\" alt=\"Fundo imobili\u00e1rio anuncia nova oferta milion\u00e1ria, mas um ponto chama a aten\u00e7\u00e3o; Veja qual\" fetchpriority=high \/>\n\t\t\t<\/picture>\n\n\t\t\t<figcaption class=\"wp-caption-text wp-caption-text--show\">VRTM11 pagar\u00e1 dividendos com yield de 1,31% ao m\u00eas. Foto: Pixabay<\/figcaption>\n\t\t<\/figure>\n\t<\/div>\n\n\n\n\n\n\t<p>\n\t\t<a href=\"\" target=\"_blank\" data-element=\"shortcode-suno-banner\" title=\"Banner SUNO, clique e saiba mais\">\n\t\t\t<picture>\n\t\t\t\t<source media=\"(max-width: 500px)\" srcset=\"\">\n\t\t\t\t<img class=\"newsContent__article__imgCapa newsContent__article__imgCapa--banner\"\n\t\t\t\t\tsrc=\"\"\n\t\t\t\t\tdata-promo-id=\"77050\"\t\t\t\t\t\t\t\t\t\t\t\t\t\t\talt=\"\"\n\t\t\t\t>\n\t\t\t<\/picture>\n\t\t<\/a>\n\t<\/p>\n\n\n\n\n\n<p>A oferta privada do fundo foi aprovada nesta s\u00e1bado (22), segundo <a class=\"suno-keyword\" target=\"_blank\" data-force=\"no\" data-priority=\"1\" href=\"https:\/\/www.suno.com.br\/artigos\/fato-relevante\/\" rel=\"noopener\">fato relevante<\/a> divulgado pelo FII <a class=\"suno-keyword\" target=\"_blank\" data-force=\"yes\" data-priority=\"2\" href=\"https:\/\/www.suno.com.br\/fundos-imobiliarios\/afhi11\/\" rel=\"noopener\">AFHI11<\/a>.<\/p>\n\n\n\n<p>O valor da <strong>oferta do AFHI11<\/strong> corresponde a 623.896 novas cotas, que ser\u00e3o negociadas a R$ 96,17 cada uma durante a oferta.<\/p>\n\n\n\n<p>O valor por cada papel \u00e9 o mesmo em rela\u00e7\u00e3o ao <a class=\"suno-keyword\" target=\"_blank\" data-force=\"no\" data-priority=\"1\" href=\"https:\/\/www.suno.com.br\/artigos\/valor-patrimonial\/\" rel=\"noopener\">valor patrimonial<\/a> da cota, que \u00e9 de R$ 96,17.<\/p>\n\n\n\t<div data-element=\"shortcode-read-more\" class=\"knowMore\">\n\t\t\t\t<span class=\"knowMore__title\">Leia mais<\/span>\n\t\t\t\t<a class=\"knowMore__link\" href=\"https:\/\/www.suno.com.br\/noticias\/fundo-imobiliario-vghf11-5-emissao-cotas\/\">\n\t\t\tVGHF11 anuncia nova oferta milion\u00e1ria; Veja quem pode participar\t\t<\/a>\n\t<\/div>\n\n\n\n\n<p>A oferta ter\u00e1 o valor m\u00ednimo de R$ 1.000.168,00, equivalente \u00e0 emiss\u00e3o de 623.896 cotas do AFHI11.<\/p>\n\n\n\n<p>Caso haja um excesso de demanda, o montante inicial pode ser acrescido em at\u00e9 16%.<\/p>\n\n\n\n<h2 class=\"wp-block-heading\">Veja mais detalhes sobre a oferta do AFHI11<\/h2>\n\n\n\n<p>Os investidores que ter\u00e3o <strong>direito de prefer\u00eancia<\/strong> s\u00e3o aqueles com o <strong>FII AFHI11<\/strong> em sua carteira ao final do preg\u00e3o de 21\/07\/2023, ao passo que o percentual de propor\u00e7\u00e3o ser\u00e1 de 20,66%.<\/p>\n\n\n\n<p>Al\u00e9m disso, o fundo imobili\u00e1rio informou que o prazo para exerc\u00edcio do direito de prefer\u00eancia pelos cotistas come\u00e7a no dia 25\/07\/2023 e vai at\u00e9 o dia 04\/08\/2023.<\/p>\n\n\n\n<p>Quem j\u00e1 \u00e9 cotista do AFHI11 n\u00e3o tem uma aplica\u00e7\u00e3o&nbsp;m\u00ednima para a subscri\u00e7\u00e3o de novas cotas do montante inicial da oferta. Ser\u00e1 poss\u00edvel comprar a partir de 1 cota at\u00e9 seu limite do seu direito de prefer\u00eancia.<\/p>\n\n\n\n<p>A<strong> emiss\u00e3o do AFHI11<\/strong> est\u00e1 sob a responsabilidade dos seguintes coordenadores: FRAM.<\/p>\n\n\n\n<h2 class=\"wp-block-heading\">Conhe\u00e7a o AFHI11<\/h2>\n\n\n\n<p>O AFHI11 \u00e9 um FII de Fundo de Papel, categoria de<strong> fundo imobili\u00e1rio<\/strong> que investe em Pap\u00e9is.<\/p>\n\n\n\n<p>Ele foi constitu\u00eddo em mar\u00e7o de 2021, e a institui\u00e7\u00e3o respons\u00e1vel pela administra\u00e7\u00e3o \u00e9 o BTG Pactual.<\/p>\n\n\n\n<p>O p\u00fablico-alvo do <strong>fundo imobili\u00e1rio AFHI11<\/strong> s\u00e3o Investidores em Geral. Atualmente o fundo tem 21.027 cotistas.<\/p>\n\n\n\n<p>A <a class=\"suno-keyword\" target=\"_blank\" data-force=\"no\" data-priority=\"1\" href=\"https:\/\/www.suno.com.br\/artigos\/taxa-de-administracao\/\" rel=\"noopener\">taxa de administra\u00e7\u00e3o<\/a> do FII \u00e9 de 1,00% o ano.<\/p>\n\n\n\n<h2 class=\"wp-block-heading\">\u00daltimo fechamento<\/h2>\n\n\n\n<p>O AFHI11 fechou o \u00faltimo preg\u00e3o com uma valoriza\u00e7\u00e3o de 1,83, cotado a R$ 98,75.<\/p>\n\n\n\n<p>O principal \u00edndice deste mercado, o IFIX, avan\u00e7ou 0,30% na \u00faltima sess\u00e3o.<\/p>\n\n\n\n<p>No ano, o papel acumula uma queda de 7,51%, frente ao fechamento a R$ 14,76 ao final do ano passado.<\/p>\n\n\n\n<p>O valor m\u00e1ximo do <strong>AFHI11<\/strong> neste ano foi de 99,36, em 12\/07\/23. J\u00e1 a m\u00ednima de 92,17 ocorreu em 03\/04\/23.<\/p>\n\n\n\t<p>\n\t\t<a href=\"https:\/\/lp.suno.com.br\/ebook-como-analisar-uma-acao\/\" target=\"_blank\" data-element=\"shortcode-suno-banner\" title=\"Banner SUNO, clique e saiba mais\">\n\t\t\t<picture>\n\t\t\t\t<source media=\"(max-width: 500px)\" srcset=\"https:\/\/files.sunoresearch.com.br\/n\/uploads\/2023\/03\/Ebook-Acoes-Mobile-1.jpg\">\n\t\t\t\t<img class=\"newsContent__article__imgCapa newsContent__article__imgCapa--banner\"\n\t\t\t\t\tsrc=\"https:\/\/files.sunoresearch.com.br\/n\/uploads\/2023\/03\/Ebook-Acoes-Desktop-1.jpg\"\n\t\t\t\t\tdata-promo-id=\"171998\"\t\t\t\t\t\t\t\t\t\twidth='1420' height='286'\t\t\t\t\talt=\"https:\/\/files.sunoresearch.com.br\/n\/uploads\/2023\/03\/Ebook-Acoes-Desktop-1.jpg\"\n\t\t\t\t>\n\t\t\t<\/picture>\n\t\t<\/a>\n\t<\/p>\n\n\n","protected":false},"excerpt":{"rendered":"<p>O FII FII AFHI CRI (AFHI11) quer captar um total de R$ 60.000.078,32 por meio de uma emiss\u00e3o de cotas, que ser\u00e1 a sua 4\u00aa oferta. Um ponto que chama a aten\u00e7\u00e3o \u00e9 que excepcionalmente nesta oferta, os custos de distribui\u00e7\u00e3o n\u00e3o ser\u00e3o arcados pelo fundo ou pelos cotistas, mas sim ser\u00e3o pela pr\u00f3pria gestora. [&hellip;]<\/p>\n","protected":false},"author":173,"featured_media":139177,"comment_status":"closed","ping_status":"closed","sticky":false,"template":"","format":"standard","meta":[],"categories":[66],"tags":[106464,315],"suno_strategy":[],"class_list":["post-432105","post","type-post","status-publish","format-standard","has-post-thumbnail","hentry","category-fiis","tag-afhi11","tag-fundos-imobiliarios-fiis"],"yoast_head":"<!-- This site is optimized with the Yoast SEO plugin v24.4 - https:\/\/yoast.com\/wordpress\/plugins\/seo\/ -->\n<title>Fundo imobili\u00e1rio anuncia nova oferta milion\u00e1ria; Veja qual FII e o valor<\/title>\n<meta name=\"description\" content=\"O fundo imobili\u00e1rio AFHI11 est\u00e1 preparando sua 4\u00aa emiss\u00e3o de cotas. Clique aqui para saber tudo sobre os planos do AFHI11.\" \/>\n<meta name=\"robots\" content=\"index, follow, max-snippet:-1, max-image-preview:large, max-video-preview:-1\" \/>\n<link rel=\"canonical\" href=\"https:\/\/www.suno.com.br\/noticias\/fundo-imobiliario-afhi11-4-emissao-cotas-jvj\/\" \/>\n<meta property=\"og:locale\" content=\"pt_BR\" \/>\n<meta property=\"og:type\" content=\"article\" \/>\n<meta property=\"og:title\" content=\"Fundo imobili\u00e1rio anuncia nova oferta milion\u00e1ria; Veja qual FII e o valor\" \/>\n<meta property=\"og:description\" content=\"O fundo imobili\u00e1rio AFHI11 est\u00e1 preparando sua 4\u00aa emiss\u00e3o de cotas. Clique aqui para saber tudo sobre os planos do AFHI11.\" \/>\n<meta property=\"og:url\" content=\"https:\/\/www.suno.com.br\/noticias\/fundo-imobiliario-afhi11-4-emissao-cotas-jvj\/\" \/>\n<meta property=\"og:site_name\" content=\"Suno Not\u00edcias\" \/>\n<meta property=\"article:publisher\" content=\"https:\/\/facebook.com\/sunoresearch\" \/>\n<meta property=\"og:image\" content=\"https:\/\/files.sunoresearch.com.br\/n\/uploads\/2021\/04\/77623bd0-buildings-690868_1280.jpg\" \/>\n\t<meta property=\"og:image:width\" content=\"1280\" \/>\n\t<meta property=\"og:image:height\" content=\"853\" \/>\n\t<meta property=\"og:image:type\" content=\"image\/jpeg\" \/>\n<meta name=\"author\" content=\"Jo\u00e3o Vitor\" \/>\n<meta name=\"twitter:card\" content=\"summary_large_image\" \/>\n<meta name=\"twitter:creator\" content=\"@sunoresearch\" \/>\n<meta name=\"twitter:site\" content=\"@sunoresearch\" \/>\n<meta name=\"twitter:label1\" content=\"Escrito por\" \/>\n\t<meta name=\"twitter:data1\" content=\"Jo\u00e3o Vitor\" \/>\n\t<meta name=\"twitter:label2\" content=\"Est. tempo de leitura\" \/>\n\t<meta name=\"twitter:data2\" content=\"3 minutos\" \/>\n<script type=\"application\/ld+json\" class=\"yoast-schema-graph\">{\"@context\":\"https:\/\/schema.org\",\"@graph\":[{\"@type\":\"NewsArticle\",\"@id\":\"https:\/\/www.suno.com.br\/noticias\/fundo-imobiliario-afhi11-4-emissao-cotas-jvj\/#article\",\"isPartOf\":{\"@id\":\"https:\/\/www.suno.com.br\/noticias\/fundo-imobiliario-afhi11-4-emissao-cotas-jvj\/\"},\"author\":{\"name\":\"Jo\u00e3o Vitor\",\"@id\":\"https:\/\/www.suno.com.br\/noticias\/#\/schema\/person\/87fc6973867c52dd884811905c43afba\"},\"headline\":\"Fundo imobili\u00e1rio anuncia nova oferta milion\u00e1ria, mas um ponto chama a aten\u00e7\u00e3o; Veja qual\",\"datePublished\":\"2023-07-22T14:38:32+00:00\",\"dateModified\":\"2023-07-22T14:38:45+00:00\",\"mainEntityOfPage\":{\"@id\":\"https:\/\/www.suno.com.br\/noticias\/fundo-imobiliario-afhi11-4-emissao-cotas-jvj\/\"},\"wordCount\":433,\"publisher\":{\"@id\":\"https:\/\/www.suno.com.br\/noticias\/#organization\"},\"image\":{\"@id\":\"https:\/\/www.suno.com.br\/noticias\/fundo-imobiliario-afhi11-4-emissao-cotas-jvj\/#primaryimage\"},\"thumbnailUrl\":\"https:\/\/files.sunoresearch.com.br\/n\/uploads\/2021\/04\/77623bd0-buildings-690868_1280-jpg.webp\",\"keywords\":[\"AFHI11\",\"Fundos Imobili\u00e1rios (FIIs)\"],\"articleSection\":[\"FIIs\"],\"inLanguage\":\"pt-BR\"},{\"@type\":\"WebPage\",\"@id\":\"https:\/\/www.suno.com.br\/noticias\/fundo-imobiliario-afhi11-4-emissao-cotas-jvj\/\",\"url\":\"https:\/\/www.suno.com.br\/noticias\/fundo-imobiliario-afhi11-4-emissao-cotas-jvj\/\",\"name\":\"Fundo imobili\u00e1rio anuncia nova oferta milion\u00e1ria; Veja qual FII e o valor\",\"isPartOf\":{\"@id\":\"https:\/\/www.suno.com.br\/noticias\/#website\"},\"primaryImageOfPage\":{\"@id\":\"https:\/\/www.suno.com.br\/noticias\/fundo-imobiliario-afhi11-4-emissao-cotas-jvj\/#primaryimage\"},\"image\":{\"@id\":\"https:\/\/www.suno.com.br\/noticias\/fundo-imobiliario-afhi11-4-emissao-cotas-jvj\/#primaryimage\"},\"thumbnailUrl\":\"https:\/\/files.sunoresearch.com.br\/n\/uploads\/2021\/04\/77623bd0-buildings-690868_1280-jpg.webp\",\"datePublished\":\"2023-07-22T14:38:32+00:00\",\"dateModified\":\"2023-07-22T14:38:45+00:00\",\"description\":\"O fundo imobili\u00e1rio AFHI11 est\u00e1 preparando sua 4\u00aa emiss\u00e3o de cotas. Clique aqui para saber tudo sobre os planos do AFHI11.\",\"breadcrumb\":{\"@id\":\"https:\/\/www.suno.com.br\/noticias\/fundo-imobiliario-afhi11-4-emissao-cotas-jvj\/#breadcrumb\"},\"inLanguage\":\"pt-BR\",\"potentialAction\":[{\"@type\":\"ReadAction\",\"target\":[\"https:\/\/www.suno.com.br\/noticias\/fundo-imobiliario-afhi11-4-emissao-cotas-jvj\/\"]}]},{\"@type\":\"ImageObject\",\"inLanguage\":\"pt-BR\",\"@id\":\"https:\/\/www.suno.com.br\/noticias\/fundo-imobiliario-afhi11-4-emissao-cotas-jvj\/#primaryimage\",\"url\":\"https:\/\/files.sunoresearch.com.br\/n\/uploads\/2021\/04\/77623bd0-buildings-690868_1280-jpg.webp\",\"contentUrl\":\"https:\/\/files.sunoresearch.com.br\/n\/uploads\/2021\/04\/77623bd0-buildings-690868_1280-jpg.webp\",\"width\":1280,\"height\":853,\"caption\":\"VRTM11 pagar\u00e1 dividendos com yield de 1,31% ao m\u00eas. Foto: Pixabay\"},{\"@type\":\"BreadcrumbList\",\"@id\":\"https:\/\/www.suno.com.br\/noticias\/fundo-imobiliario-afhi11-4-emissao-cotas-jvj\/#breadcrumb\",\"itemListElement\":[{\"@type\":\"ListItem\",\"position\":1,\"name\":\"Not\u00edcias\",\"item\":\"https:\/\/www.suno.com.br\/noticias\/\"},{\"@type\":\"ListItem\",\"position\":2,\"name\":\"FIIs\",\"item\":\"https:\/\/www.suno.com.br\/noticias\/fiis\/\"},{\"@type\":\"ListItem\",\"position\":3,\"name\":\"Fundo imobili\u00e1rio anuncia nova oferta milion\u00e1ria, mas um ponto chama a aten\u00e7\u00e3o; Veja qual\"}]},{\"@type\":\"WebSite\",\"@id\":\"https:\/\/www.suno.com.br\/noticias\/#website\",\"url\":\"https:\/\/www.suno.com.br\/noticias\/\",\"name\":\"Suno Not\u00edcias\",\"description\":\"Seu portal de informa\u00e7\u00e3o sobre o mundo dos investimentos\",\"publisher\":{\"@id\":\"https:\/\/www.suno.com.br\/noticias\/#organization\"},\"potentialAction\":[{\"@type\":\"SearchAction\",\"target\":{\"@type\":\"EntryPoint\",\"urlTemplate\":\"https:\/\/www.suno.com.br\/noticias\/?s={search_term_string}\"},\"query-input\":{\"@type\":\"PropertyValueSpecification\",\"valueRequired\":true,\"valueName\":\"search_term_string\"}}],\"inLanguage\":\"pt-BR\"},{\"@type\":\"Organization\",\"@id\":\"https:\/\/www.suno.com.br\/noticias\/#organization\",\"name\":\"Suno Not\u00edcias\",\"url\":\"https:\/\/www.suno.com.br\/noticias\/\",\"logo\":{\"@type\":\"ImageObject\",\"inLanguage\":\"pt-BR\",\"@id\":\"https:\/\/www.suno.com.br\/noticias\/#\/schema\/logo\/image\/\",\"url\":\"https:\/\/files.sunoresearch.com.br\/n\/uploads\/2021\/09\/suno-logo.png\",\"contentUrl\":\"https:\/\/files.sunoresearch.com.br\/n\/uploads\/2021\/09\/suno-logo.png\",\"width\":180,\"height\":180,\"caption\":\"Suno Not\u00edcias\"},\"image\":{\"@id\":\"https:\/\/www.suno.com.br\/noticias\/#\/schema\/logo\/image\/\"},\"sameAs\":[\"https:\/\/facebook.com\/sunoresearch\",\"https:\/\/x.com\/sunoresearch\",\"https:\/\/www.instagram.com\/suno\",\"https:\/\/www.linkedin.com\/company\/suno-research\/\",\"https:\/\/www.youtube.com\/c\/sunoresearch\"]},{\"@type\":\"Person\",\"@id\":\"https:\/\/www.suno.com.br\/noticias\/#\/schema\/person\/87fc6973867c52dd884811905c43afba\",\"name\":\"Jo\u00e3o Vitor\",\"image\":{\"@type\":\"ImageObject\",\"inLanguage\":\"pt-BR\",\"@id\":\"https:\/\/www.suno.com.br\/noticias\/#\/schema\/person\/image\/\",\"url\":\"https:\/\/secure.gravatar.com\/avatar\/2843227ca03ccf8cc7ccca45204c127e?s=96&r=g\",\"contentUrl\":\"https:\/\/secure.gravatar.com\/avatar\/2843227ca03ccf8cc7ccca45204c127e?s=96&r=g\",\"caption\":\"Jo\u00e3o Vitor\"},\"description\":\"Redator profissional, com atua\u00e7\u00e3o no mercado editorial na produ\u00e7\u00e3o de not\u00edcias e conte\u00fados sobre o mercado de a\u00e7\u00f5es, fundos imobili\u00e1rios e economia popular. Graduando em Engenharia Qu\u00edmica pela Unesp, tamb\u00e9m j\u00e1 atuou como consultor financeiro.\",\"url\":\"https:\/\/www.suno.com.br\/noticias\/author\/joao-vitor-jacintho\/\"}]}<\/script>\n<!-- \/ Yoast SEO plugin. -->","yoast_head_json":{"title":"Fundo imobili\u00e1rio anuncia nova oferta milion\u00e1ria; Veja qual FII e o valor","description":"O fundo imobili\u00e1rio AFHI11 est\u00e1 preparando sua 4\u00aa emiss\u00e3o de cotas. Clique aqui para saber tudo sobre os planos do AFHI11.","robots":{"index":"index","follow":"follow","max-snippet":"max-snippet:-1","max-image-preview":"max-image-preview:large","max-video-preview":"max-video-preview:-1"},"canonical":"https:\/\/www.suno.com.br\/noticias\/fundo-imobiliario-afhi11-4-emissao-cotas-jvj\/","og_locale":"pt_BR","og_type":"article","og_title":"Fundo imobili\u00e1rio anuncia nova oferta milion\u00e1ria; Veja qual FII e o valor","og_description":"O fundo imobili\u00e1rio AFHI11 est\u00e1 preparando sua 4\u00aa emiss\u00e3o de cotas. Clique aqui para saber tudo sobre os planos do AFHI11.","og_url":"https:\/\/www.suno.com.br\/noticias\/fundo-imobiliario-afhi11-4-emissao-cotas-jvj\/","og_site_name":"Suno Not\u00edcias","article_publisher":"https:\/\/facebook.com\/sunoresearch","og_image":[{"width":1280,"height":853,"url":"https:\/\/files.sunoresearch.com.br\/n\/uploads\/2021\/04\/77623bd0-buildings-690868_1280.jpg","type":"image\/jpeg"}],"author":"Jo\u00e3o Vitor","twitter_card":"summary_large_image","twitter_creator":"@sunoresearch","twitter_site":"@sunoresearch","twitter_misc":{"Escrito por":"Jo\u00e3o Vitor","Est. tempo de leitura":"3 minutos"},"schema":{"@context":"https:\/\/schema.org","@graph":[{"@type":"NewsArticle","@id":"https:\/\/www.suno.com.br\/noticias\/fundo-imobiliario-afhi11-4-emissao-cotas-jvj\/#article","isPartOf":{"@id":"https:\/\/www.suno.com.br\/noticias\/fundo-imobiliario-afhi11-4-emissao-cotas-jvj\/"},"author":{"name":"Jo\u00e3o Vitor","@id":"https:\/\/www.suno.com.br\/noticias\/#\/schema\/person\/87fc6973867c52dd884811905c43afba"},"headline":"Fundo imobili\u00e1rio anuncia nova oferta milion\u00e1ria, mas um ponto chama a aten\u00e7\u00e3o; Veja qual","datePublished":"2023-07-22T14:38:32+00:00","dateModified":"2023-07-22T14:38:45+00:00","mainEntityOfPage":{"@id":"https:\/\/www.suno.com.br\/noticias\/fundo-imobiliario-afhi11-4-emissao-cotas-jvj\/"},"wordCount":433,"publisher":{"@id":"https:\/\/www.suno.com.br\/noticias\/#organization"},"image":{"@id":"https:\/\/www.suno.com.br\/noticias\/fundo-imobiliario-afhi11-4-emissao-cotas-jvj\/#primaryimage"},"thumbnailUrl":"https:\/\/files.sunoresearch.com.br\/n\/uploads\/2021\/04\/77623bd0-buildings-690868_1280-jpg.webp","keywords":["AFHI11","Fundos Imobili\u00e1rios (FIIs)"],"articleSection":["FIIs"],"inLanguage":"pt-BR"},{"@type":"WebPage","@id":"https:\/\/www.suno.com.br\/noticias\/fundo-imobiliario-afhi11-4-emissao-cotas-jvj\/","url":"https:\/\/www.suno.com.br\/noticias\/fundo-imobiliario-afhi11-4-emissao-cotas-jvj\/","name":"Fundo imobili\u00e1rio anuncia nova oferta milion\u00e1ria; Veja qual FII e o valor","isPartOf":{"@id":"https:\/\/www.suno.com.br\/noticias\/#website"},"primaryImageOfPage":{"@id":"https:\/\/www.suno.com.br\/noticias\/fundo-imobiliario-afhi11-4-emissao-cotas-jvj\/#primaryimage"},"image":{"@id":"https:\/\/www.suno.com.br\/noticias\/fundo-imobiliario-afhi11-4-emissao-cotas-jvj\/#primaryimage"},"thumbnailUrl":"https:\/\/files.sunoresearch.com.br\/n\/uploads\/2021\/04\/77623bd0-buildings-690868_1280-jpg.webp","datePublished":"2023-07-22T14:38:32+00:00","dateModified":"2023-07-22T14:38:45+00:00","description":"O fundo imobili\u00e1rio AFHI11 est\u00e1 preparando sua 4\u00aa emiss\u00e3o de cotas. Clique aqui para saber tudo sobre os planos do AFHI11.","breadcrumb":{"@id":"https:\/\/www.suno.com.br\/noticias\/fundo-imobiliario-afhi11-4-emissao-cotas-jvj\/#breadcrumb"},"inLanguage":"pt-BR","potentialAction":[{"@type":"ReadAction","target":["https:\/\/www.suno.com.br\/noticias\/fundo-imobiliario-afhi11-4-emissao-cotas-jvj\/"]}]},{"@type":"ImageObject","inLanguage":"pt-BR","@id":"https:\/\/www.suno.com.br\/noticias\/fundo-imobiliario-afhi11-4-emissao-cotas-jvj\/#primaryimage","url":"https:\/\/files.sunoresearch.com.br\/n\/uploads\/2021\/04\/77623bd0-buildings-690868_1280-jpg.webp","contentUrl":"https:\/\/files.sunoresearch.com.br\/n\/uploads\/2021\/04\/77623bd0-buildings-690868_1280-jpg.webp","width":1280,"height":853,"caption":"VRTM11 pagar\u00e1 dividendos com yield de 1,31% ao m\u00eas. Foto: Pixabay"},{"@type":"BreadcrumbList","@id":"https:\/\/www.suno.com.br\/noticias\/fundo-imobiliario-afhi11-4-emissao-cotas-jvj\/#breadcrumb","itemListElement":[{"@type":"ListItem","position":1,"name":"Not\u00edcias","item":"https:\/\/www.suno.com.br\/noticias\/"},{"@type":"ListItem","position":2,"name":"FIIs","item":"https:\/\/www.suno.com.br\/noticias\/fiis\/"},{"@type":"ListItem","position":3,"name":"Fundo imobili\u00e1rio anuncia nova oferta milion\u00e1ria, mas um ponto chama a aten\u00e7\u00e3o; Veja qual"}]},{"@type":"WebSite","@id":"https:\/\/www.suno.com.br\/noticias\/#website","url":"https:\/\/www.suno.com.br\/noticias\/","name":"Suno Not\u00edcias","description":"Seu portal de informa\u00e7\u00e3o sobre o mundo dos investimentos","publisher":{"@id":"https:\/\/www.suno.com.br\/noticias\/#organization"},"potentialAction":[{"@type":"SearchAction","target":{"@type":"EntryPoint","urlTemplate":"https:\/\/www.suno.com.br\/noticias\/?s={search_term_string}"},"query-input":{"@type":"PropertyValueSpecification","valueRequired":true,"valueName":"search_term_string"}}],"inLanguage":"pt-BR"},{"@type":"Organization","@id":"https:\/\/www.suno.com.br\/noticias\/#organization","name":"Suno Not\u00edcias","url":"https:\/\/www.suno.com.br\/noticias\/","logo":{"@type":"ImageObject","inLanguage":"pt-BR","@id":"https:\/\/www.suno.com.br\/noticias\/#\/schema\/logo\/image\/","url":"https:\/\/files.sunoresearch.com.br\/n\/uploads\/2021\/09\/suno-logo.png","contentUrl":"https:\/\/files.sunoresearch.com.br\/n\/uploads\/2021\/09\/suno-logo.png","width":180,"height":180,"caption":"Suno Not\u00edcias"},"image":{"@id":"https:\/\/www.suno.com.br\/noticias\/#\/schema\/logo\/image\/"},"sameAs":["https:\/\/facebook.com\/sunoresearch","https:\/\/x.com\/sunoresearch","https:\/\/www.instagram.com\/suno","https:\/\/www.linkedin.com\/company\/suno-research\/","https:\/\/www.youtube.com\/c\/sunoresearch"]},{"@type":"Person","@id":"https:\/\/www.suno.com.br\/noticias\/#\/schema\/person\/87fc6973867c52dd884811905c43afba","name":"Jo\u00e3o Vitor","image":{"@type":"ImageObject","inLanguage":"pt-BR","@id":"https:\/\/www.suno.com.br\/noticias\/#\/schema\/person\/image\/","url":"https:\/\/secure.gravatar.com\/avatar\/2843227ca03ccf8cc7ccca45204c127e?s=96&r=g","contentUrl":"https:\/\/secure.gravatar.com\/avatar\/2843227ca03ccf8cc7ccca45204c127e?s=96&r=g","caption":"Jo\u00e3o Vitor"},"description":"Redator profissional, com atua\u00e7\u00e3o no mercado editorial na produ\u00e7\u00e3o de not\u00edcias e conte\u00fados sobre o mercado de a\u00e7\u00f5es, fundos imobili\u00e1rios e economia popular. Graduando em Engenharia Qu\u00edmica pela Unesp, tamb\u00e9m j\u00e1 atuou como consultor financeiro.","url":"https:\/\/www.suno.com.br\/noticias\/author\/joao-vitor-jacintho\/"}]}},"default_loop_html":"<div class=\"cardsPage__listCard__boxs\"><div class=\"cardsPage__listCard__boxs__img\"><a href=\"https:\/\/www.suno.com.br\/noticias\/fundo-imobiliario-afhi11-4-emissao-cotas-jvj\/\"><img class=\"mask\" src=\"https:\/\/www.suno.com.br\/noticias\/wp-content\/themes\/suno\/resources\/images\/spotlight\/spotlight1img\/bg-mask.png\" alt=\"Image Mask\"\/><img src=\"https:\/\/files.sunoresearch.com.br\/n\/uploads\/2021\/04\/77623bd0-buildings-690868_1280-400x200.webp\" alt=\"Fundo imobili\u00e1rio anuncia nova oferta milion\u00e1ria, mas um ponto chama a aten\u00e7\u00e3o; Veja qual\"\/><\/a><span class=\"spotlightCategory\"><a href=\"https:\/\/www.suno.com.br\/noticias\/fiis\/\">FIIs<\/a><\/span><\/div><div class=\"cardsPage__listCard__boxs__content\"><a href=\"https:\/\/www.suno.com.br\/noticias\/fundo-imobiliario-afhi11-4-emissao-cotas-jvj\/\"><h2 class=\"content__title\">Fundo imobili\u00e1rio anuncia nova oferta milion\u00e1ria, mas um ponto chama a aten\u00e7\u00e3o; Veja qual<\/h2><\/a><div class=\"newsContent__article__meta\"><div class=\"newsContent__article__meta__authorBox\"><a href=\"https:\/\/www.suno.com.br\/noticias\/author\/joao-vitor-jacintho\/\" class=\"authorBox__avatar noMobi\"><img src=\"https:\/\/secure.gravatar.com\/avatar\/2843227ca03ccf8cc7ccca45204c127e?s=96&#038;r=g\" alt=\"Jo\u00e3o Vitor Jacintho\"><\/a><div class=\"authorBox__name\"><span>por\n\t\t\t<a href=\"https:\/\/www.suno.com.br\/noticias\/author\/joao-vitor-jacintho\/\"><span itemprop=\"author\">Jo\u00e3o Vitor Jacintho<\/span><\/a><\/span><time datetime=\"2023-07-22T11:38:32-03:00\" itemprop=\"datePublished\">22\/07\/2023 11:38<\/time><\/div><\/div><\/div><\/div><\/div>","single_layout":"posts","amp_enabled":true,"_links":{"self":[{"href":"https:\/\/www.suno.com.br\/noticias\/wp-json\/wp\/v2\/posts\/432105"}],"collection":[{"href":"https:\/\/www.suno.com.br\/noticias\/wp-json\/wp\/v2\/posts"}],"about":[{"href":"https:\/\/www.suno.com.br\/noticias\/wp-json\/wp\/v2\/types\/post"}],"author":[{"embeddable":true,"href":"https:\/\/www.suno.com.br\/noticias\/wp-json\/wp\/v2\/users\/173"}],"replies":[{"embeddable":true,"href":"https:\/\/www.suno.com.br\/noticias\/wp-json\/wp\/v2\/comments?post=432105"}],"version-history":[{"count":3,"href":"https:\/\/www.suno.com.br\/noticias\/wp-json\/wp\/v2\/posts\/432105\/revisions"}],"predecessor-version":[{"id":432125,"href":"https:\/\/www.suno.com.br\/noticias\/wp-json\/wp\/v2\/posts\/432105\/revisions\/432125"}],"wp:featuredmedia":[{"embeddable":true,"href":"https:\/\/www.suno.com.br\/noticias\/wp-json\/wp\/v2\/media\/139177"}],"wp:attachment":[{"href":"https:\/\/www.suno.com.br\/noticias\/wp-json\/wp\/v2\/media?parent=432105"}],"wp:term":[{"taxonomy":"category","embeddable":true,"href":"https:\/\/www.suno.com.br\/noticias\/wp-json\/wp\/v2\/categories?post=432105"},{"taxonomy":"post_tag","embeddable":true,"href":"https:\/\/www.suno.com.br\/noticias\/wp-json\/wp\/v2\/tags?post=432105"},{"taxonomy":"suno_strategy","embeddable":true,"href":"https:\/\/www.suno.com.br\/noticias\/wp-json\/wp\/v2\/suno_strategy?post=432105"}],"curies":[{"name":"wp","href":"https:\/\/api.w.org\/{rel}","templated":true}]}}