{"id":431712,"date":"2023-07-21T13:15:19","date_gmt":"2023-07-21T16:15:19","guid":{"rendered":"https:\/\/www.suno.com.br\/noticias\/?p=431712"},"modified":"2023-07-21T19:55:58","modified_gmt":"2023-07-21T22:55:58","slug":"via-viia3-magazine-luiza-mglu3-varejistas-sobem-ibovespa-gpj","status":"publish","type":"post","link":"https:\/\/www.suno.com.br\/noticias\/via-viia3-magazine-luiza-mglu3-varejistas-sobem-ibovespa-gpj\/","title":{"rendered":"Por que as a\u00e7\u00f5es da Via (VIIA3), Magazine Luiza (MGLU3) e varejistas decolaram nesta sexta no Ibovespa?"},"content":{"rendered":"<p>As a\u00e7\u00f5es de <strong><a href=\"https:\/\/www.suno.com.br\/acoes\/viia3\/\">Via<\/a><\/strong><a href=\"https:\/\/www.suno.com.br\/acoes\/viia3\/\">\u00a0(VIIA3)<\/a>\u00a0e\u00a0<a href=\"https:\/\/www.suno.com.br\/acoes\/MGLU3\/\" target=\"_blank\" rel=\"noreferrer noopener\">Magazine Luiza (MGLU3)<\/a> figuraram com destaque no campo positivo do Ibovespa nesta sexta-feira (21), entre as maiores altas do \u00edndice em dia de vencimento de op\u00e7\u00f5es, e com a curva de juros em queda favorecendo empresas mais alavancadas, como \u00e9 o caso das varejistas.<\/p>\t<div class=\"wrapper-featured-image\">\n\t\t<figure class=\"spotlightImg\">\n\n\t\t\t<picture>\n\t\t\t\t<source media=\"(max-width: 768px)\" srcset=\"https:\/\/files.sunoresearch.com.br\/n\/uploads\/2023\/03\/via-viia3-magalu-mglu3-avatares-fotos-divulgacao-400x200.jpg\">\n\t\t\t\t<img loading=\"lazy\" decoding=\"async\" class=\"newsContent__article__imgCapa lazyloadDisabled \" src=\"https:\/\/files.sunoresearch.com.br\/n\/uploads\/2023\/03\/via-viia3-magalu-mglu3-avatares-fotos-divulgacao-800x450.jpg\" width=\"800\" height=\"450\" alt=\"Por que as a\u00e7\u00f5es da Via (VIIA3), Magazine Luiza (MGLU3) e varejistas decolaram nesta sexta no Ibovespa?\" fetchpriority=high \/>\n\t\t\t<\/picture>\n\n\t\t\t<figcaption class=\"wp-caption-text wp-caption-text--show\">Magazine Luiza (MGLU3) e Casas Bahia (BHIA3). Foto: Divulga\u00e7\u00e3o<\/figcaption>\n\t\t<\/figure>\n\t<\/div>\n\n\n\n\n\n\t<p>\n\t\t<a href=\"\" target=\"_blank\" data-element=\"shortcode-suno-banner\" title=\"Banner SUNO, clique e saiba mais\">\n\t\t\t<picture>\n\t\t\t\t<source media=\"(max-width: 500px)\" srcset=\"\">\n\t\t\t\t<img class=\"newsContent__article__imgCapa newsContent__article__imgCapa--banner\"\n\t\t\t\t\tsrc=\"\"\n\t\t\t\t\tdata-promo-id=\"250707\"\t\t\t\t\t\t\t\t\t\t\t\t\t\t\talt=\"\"\n\t\t\t\t>\n\t\t\t<\/picture>\n\t\t<\/a>\n\t<\/p>\n\n\n\n\n\n<p>No fechamento os\u00a0<strong>pap\u00e9is da Via<\/strong>\u00a0avan\u00e7aram 6,84%, cotados a R$ 2,03, enquanto os\u00a0<strong>ativos do Magazine Luiza<\/strong>\u00a0tamb\u00e9m subiram 4,14%, a R$ 3,02. As a\u00e7\u00f5es ordin\u00e1rias de\u00a0<a href=\"https:\/\/www.suno.com.br\/acoes\/lren3\/\">Lojas Renner (LREN3)<\/a> avan\u00e7aram 2,57%, a R$ 18,34, assim como as da\u00a0<a href=\"https:\/\/www.suno.com.br\/acoes\/petz3\/\">Petz (PETZ3)<\/a>, que avan\u00e7avam 1,46%, cotadas a R$ 6,24.<\/p>\n\n\n\n<div class=\"pluginQuotation\">\n  <p class=\"ticker\">\n    Cota\u00e7\u00e3o <span>VIIA3<\/span>\n  <\/p>\n  <div class=\"info\">\n    <div class=\"leftSide\">\n      Gr\u00e1fico gerado em: 21\/07\/2023    <\/div>\n\t\t\t\t\t<div class=\"rightSide\">\n\t\t\t\t\t<span class=\"period\">\n\t\t\t\t\t\t1 Dia\t\t\t\t\t<\/span>\n\t\t\t<\/div>\n\t\t  <\/div>\n\n  <div id=\"chart-adb9e2ed593f48529a30d300a22830a0\" data-block-hash=\"adb9e2ed593f48529a30d300a22830a0\"  class=\"chart\" style=\"width:100%;height:400px;\"><\/div>\n\n  <div class=\"pluginQuotation__footer\">\n    <div class=\"dataChart\">\n\n      <div class=\"dataChart__div1 variation\">\n        <div class=\"value-positive\">\n          6,77 (+0,13%)        <\/div>\n        <div class=\"text\">\n          Varia\u00e7\u00e3o do per\u00edodo\n        <\/div>\n      <\/div>\n\n      <div class=\"dataChart__div2 minMax\">\n        <div class=\"value\">\n          R$\u00a01,92        <\/div>\n        <div class=\"text\">\n          M\u00ednima\n        <\/div>\n      <\/div>\n\n      <div class=\"dataChart__div3 minMax\">\n        <div class=\"value\">\n          R$\u00a02,05        <\/div>\n        <div class=\"text\">\n          M\u00e1xima\n        <\/div>\n      <\/div>\n\n\t\t\t<div class=\"dataChart__div4 rightSide\">\n\t\t\t\t<div class=\"analiticaSource\">\n\t\t\t\t\t<span>\n\t\t\t\t\t\tFonte:\n\t\t\t\t\t<\/span>\n\t\t\t\t\t<img decoding=\"async\" class=\"analiticaLogo\" src=\"https:\/\/www.suno.com.br\/noticias\/wp-content\/plugins\/suno-block-ticker-quotation\/src\/suno-analitica-logo.png\" alt=\"Logo Suno Anal\u00edtica\" \/>\n\t\t\t\t<\/div>\n\n\t\t\t\t<a href=\"https:\/\/www.suno.com.br\/analitica\/acoes\/VIIA3\" target=\"_blank\">\n\t\t\t\t\t<span>\n\t\t\t\t\t\tVer mais cota\u00e7\u00f5es\n\t\t\t\t\t<\/span>\n\t\t\t\t\t<svg xmlns=\"http:\/\/www.w3.org\/2000\/svg\" width=\"9\" height=\"8\" viewBox=\"0 0 9 8\" fill=\"none\">\n\t\t\t\t\t\t<path d=\"M4.20996 0L3.50496 0.705L6.29496 3.5H0.209961V4.5H6.29496L3.50496 7.295L4.20996 8L8.20996 4L4.20996 0Z\" fill=\"#D42126\" \/>\n\t\t\t\t\t<\/svg>\n\t\t\t\t<\/a>\n    <\/div>\n\n    <\/div>\n  <\/div>\n<\/div>\n\n\n<script type=\"text\/javascript\">\n  let chart_adb9e2ed593f48529a30d300a22830a0 = document.getElementById('chart-adb9e2ed593f48529a30d300a22830a0');\n  let data_json_adb9e2ed593f48529a30d300a22830a0 = \"[{\\\"date\\\":\\\"21\\\\\\\/07\\\\\\\/23 10:02\\\",\\\"value\\\":1.92},{\\\"date\\\":\\\"21\\\\\\\/07\\\\\\\/23 10:04\\\",\\\"value\\\":2.05}]\";\n  let isPositive_adb9e2ed593f48529a30d300a22830a0 = true;\n\n  let color_adb9e2ed593f48529a30d300a22830a0 = isPositive_adb9e2ed593f48529a30d300a22830a0 ? '#3AB53A' : '#D92C2D';\n\n  let data_adb9e2ed593f48529a30d300a22830a0 = JSON.parse(data_json_adb9e2ed593f48529a30d300a22830a0);\n\n  const result_adb9e2ed593f48529a30d300a22830a0 = {\n    date: [],\n    value: [],\n  };\n\n  data_adb9e2ed593f48529a30d300a22830a0.forEach((item) => {\n    result_adb9e2ed593f48529a30d300a22830a0.date.push(item.date);\n    result_adb9e2ed593f48529a30d300a22830a0.value.push(Number(item.value));\n  });\n\n  let option_adb9e2ed593f48529a30d300a22830a0 = {\n    \/\/ variavel de cor global\n    color: [color_adb9e2ed593f48529a30d300a22830a0],\n    title: {\n      text: '',\n    },\n    tooltip: {\n      trigger: 'axis',\n      axisPointer: {\n        type: 'cross',\n        label: {\n          \/\/ cor dos valores em X e Y\n          backgroundColor: color_adb9e2ed593f48529a30d300a22830a0,\n          formatter: (value) => {\n            if (typeof value.value === 'number') {\n              return Number(value.value).toLocaleString('pt-br', {\n                style: 'currency',\n                currency: 'BRL'\n              });\n            }\n            return value.value;\n          },\n        },\n      },\n      valueFormatter: (value) => Number(value).toLocaleString('pt-br', {\n        style: 'currency',\n        currency: 'BRL'\n      }),\n    },\n    legend: {\n      \/\/ data: ['Valor de Fechamento'],\n      show: false,\n    },\n    toolbox: {\n      feature: {\n        saveAsImage: {\n          show: false,\n        },\n      },\n    },\n    grid: {\n      left: '0px',\n      right: '0px',\n      bottom: '0px',\n      containLabel: true,\n    },\n    xAxis: [{\n      type: 'category',\n      data: result_adb9e2ed593f48529a30d300a22830a0.date,\n      boundaryGap: true,\n    }],\n    yAxis: [{\n      type: 'value',\n      min: Math.min(...result_adb9e2ed593f48529a30d300a22830a0.value),\n      max: Math.max(...result_adb9e2ed593f48529a30d300a22830a0.value),\n      axisLabel: {\n        formatter: (value) => value.toLocaleString('pt-br', {\n          style: 'currency',\n          currency: 'BRL'\n        }),\n      },\n    }],\n    series: [{\n      name: 'Valor de Fechamento',\n      type: 'line',\n      stack: 'Total',\n      \/\/ cor do grafico\n      areaStyle: {},\n      emphasis: {\n        focus: 'series',\n      },\n      data: result_adb9e2ed593f48529a30d300a22830a0.value,\n      \/\/ cor da linha\n      lineStyle: {\n        color: color_adb9e2ed593f48529a30d300a22830a0,\n      },\n    }, ],\n  };\n\n\twindow.chart_adb9e2ed593f48529a30d300a22830a0 = {\n\t\tel: chart_adb9e2ed593f48529a30d300a22830a0,\n\t\toption: option_adb9e2ed593f48529a30d300a22830a0\t};\n\n\n<\/script>\n\n\n\n<p>Segundo Gustavo Cruz, analista da RB Investimentos, por se tratar de um dia de <strong>vencimento de op\u00e7\u00f5es<\/strong>, naturalmente, o volume de neg\u00f3cios na Bolsa se eleva, o que beneficia n\u00e3o s\u00f3 as varejistas, mas tamb\u00e9m companhias da \u00e1rea da sa\u00fade e tamb\u00e9m a\u00e9reas. <\/p>\n\n\n\n<p>No mesmo hor\u00e1rio, as a\u00e7\u00f5es preferenciais de <a href=\"https:\/\/www.suno.com.br\/acoes\/GOLL4\/\">Gol (GOLL4)<\/a> subiam 7,98%, cotadas a R$ 10,42, e as de <a href=\"https:\/\/www.suno.com.br\/acoes\/azul4\/\">Azul (AZUL4)<\/a> tamb\u00e9m avan\u00e7avam 7,53%, a R$ 18,28. J\u00e1 as de <a href=\"https:\/\/www.suno.com.br\/acoes\/hapv3\/\">Hapvida (HAPV3)<\/a> subiam 3,13%, a R$ 4,29.<\/p>\n\n\n\n<p>&#8220;A Bolsa como um todo est\u00e1 tendo um dia positivo. A <strong>curva de juros<\/strong> em queda obviamente favorece essas empresas mais alavancadas, como a Via e a Magazine Luiza. A gente sabe que a despesa financeira tem pesado bastante nos seus balan\u00e7os. Agora elas v\u00e3o reportar o segundo trimestre, e n\u00e3o ser\u00e1 diferente&#8221;, afirmou. A Via reportar\u00e1 seu balan\u00e7os de segundo trimestre em 10 de agosto e a Magazine Luiza em 14 de agosto, ambas depois do fechamento do mercado. <\/p>\n\n\n\n<p>Ainda de acordo com Cruz, a falta de consenso do mercado quanto ao <strong>corte dos juros<\/strong>, esperado para agosto, tamb\u00e9m acaba beneficiando as companhias do setor de varejo nesta sexta-feira. <\/p>\n\n\n\n<p>&#8220;Adiante, quando voc\u00ea tem um dia de maior risco, que a gente tem para agosto praticamente meio a meio (metade do mercado achando que vai ser 0,25 ponto percentual e metade, 0,50 ponto percentual), quando voc\u00ea tem a gangorra pendendo mais para o 0,50, as empresas mais alavancadas t\u00eam um dia melhor no Ibovespa&#8221;, pontuou. &#8220;N\u00e3o acho que come\u00e7ar com 0,25 ou 0,50 v\u00e1 fazer a grande diferen\u00e7a no balan\u00e7o da Via no terceiro trimestre, mas de qualquer forma, quando estamos falando de uma negocia\u00e7\u00e3o no dia de hoje, a\u00ed pesa&#8221;.<\/p>\n\n\n\t<p>\n\t\t<a href=\"\" target=\"_blank\" data-element=\"shortcode-suno-banner\" title=\"Banner SUNO, clique e saiba mais\">\n\t\t\t<picture>\n\t\t\t\t<source media=\"(max-width: 500px)\" srcset=\"\">\n\t\t\t\t<img class=\"newsContent__article__imgCapa newsContent__article__imgCapa--banner\"\n\t\t\t\t\tsrc=\"\"\n\t\t\t\t\tdata-promo-id=\"250707\"\t\t\t\t\t\t\t\t\t\t\t\t\t\t\talt=\"\"\n\t\t\t\t>\n\t\t\t<\/picture>\n\t\t<\/a>\n\t<\/p>\n\n\n\n\n\n<h2 class=\"wp-block-heading\">Via divulga detalhes de opera\u00e7\u00e3o com cr\u00e9ditos tribut\u00e1rios de ICMS<\/h2>\n\n\n\n<p>Na \u00faltima ter\u00e7a-feira (18), a<strong>&nbsp;Via<\/strong> atualizou o mercado sobre a efetiva\u00e7\u00e3o do seu 4\u00ba Instrumento Particular de Transfer\u00eancia de Cr\u00e9ditos Tribut\u00e1rios de ICMS (Imposto sobre Circula\u00e7\u00e3o de Mercadorias e Servi\u00e7os).<\/p>\n\n\n\n<p>Em comunicado \u00e0&nbsp;<a href=\"https:\/\/www.suno.com.br\/artigos\/cvm\/\" target=\"_blank\" rel=\"noreferrer noopener\">Comiss\u00e3o de Valores Mobili\u00e1rios (CVM)<\/a>, a Via (<strong>VIIA3<\/strong>) havia anunciado na semana anterior sobre a opera\u00e7\u00e3o com os&nbsp;<strong>cr\u00e9ditos tribut\u00e1rios<\/strong>, da cifra de R$ 150 milh\u00f5es.<\/p>\n\n\n\n<p>O movimento de&nbsp;<strong>monetiza\u00e7\u00e3o&nbsp;<\/strong>da companhia j\u00e1 soma R$ 950 milh\u00f5es em transa\u00e7\u00f5es de venda de cr\u00e9ditos fiscais.<\/p>\n\n\n\n<p>Os R$ 150 milh\u00f5es de cr\u00e9ditos tribut\u00e1rios, assim, tratam-se da cess\u00e3o de Cr\u00e9ditos Fiscais de ICMS&nbsp;<a href=\"https:\/\/www.suno.com.br\/artigos\/substituicao-tributaria\/\" target=\"_blank\" rel=\"noreferrer noopener\">Substitui\u00e7\u00e3o Tribut\u00e1ria<\/a>&nbsp;(ICMS-ST) do Estado de S\u00e3o Paulo, o imposto recolhido exclusivamente da empresa produtora, sem tributa\u00e7\u00e3o dos demais agentes da cadeia.<\/p>\n\n\n\n<p>O pagamento para a companhia ser\u00e1 efetuado pela compradora apenas ap\u00f3s a efetiva monetiza\u00e7\u00e3o do cr\u00e9dito, e estima-se que nos pr\u00f3ximos 12 meses, haver\u00e1 um impacto no fluxo de caixa da varejista a partir dessa reestrutura\u00e7\u00e3o.<\/p>\n\n\n\n<p>Al\u00e9m disso, a&nbsp;<strong>Via<\/strong> detalhou que cerca de R$ 136 milh\u00f5es equivalem ao l\u00edquido da transa\u00e7\u00e3o, ap\u00f3s a dedu\u00e7\u00e3o de despesas.<\/p>\n\n\n\n<h2 class=\"wp-block-heading\">Mudan\u00e7as na Via (VIIA3): alto escal\u00e3o e demiss\u00f5es<\/h2>\n\n\n\n<p>A&nbsp;<a href=\"https:\/\/www.suno.com.br\/acoes\/viia3\" target=\"_blank\" rel=\"noreferrer noopener\">Via<\/a>&nbsp;passou por trocas recentes em sua gest\u00e3o no final de junho. Elcio Mitsuhiro foi aprovado como vice-presidente financeiro (CFO). O novo&nbsp;<strong>CFO da Via&nbsp;<\/strong>assumiu o cargo&nbsp;no dia 10 de julho de 2023, substituindo Orivaldo Padilha, que trabalhava desde 2019 na companhia.<\/p>\n\n\n\n<p>O executivo j\u00e1 foi CFO da&nbsp;<a href=\"https:\/\/www.suno.com.br\/acoes\/BRFS3\/\" target=\"_blank\" rel=\"noreferrer noopener\">BRF (BRFS3)<\/a>&nbsp;e tamb\u00e9m atuou como diretor financeiro da&nbsp;<a href=\"https:\/\/www.suno.com.br\/acoes\/MYPK3\/\" target=\"_blank\" rel=\"noreferrer noopener\">Iochpe-Maxion (MYPK3)<\/a>.<\/p>\n\n\n\n<p>Antes disso, em abril deste ano, a sa\u00edda do l\u00edder Roberto Fulcherberguer precedeu a entrada do ex-CEO da Movida, Renato Franklin. Na nova gest\u00e3o, a varejitsa tem feito movimenta\u00e7\u00f5es de enxugamento de equipe, de forma a estreitar os custos e impulsionar a produtividade. Apenas na semana anterior, 100 pessoas foram desligadas da empresa, de v\u00e1rios departamentos e at\u00e9 m\u00e9dio escal\u00e3o.<\/p>\n\n\n\n<p>Por volta das 10h da manh\u00e3, as a\u00e7\u00f5es da&nbsp;<strong>Via<\/strong>&nbsp;(VIIA3) abriam o mercado da ter\u00e7a-feira (18) cotadas a R$ 1,95 com uma varia\u00e7\u00e3o est\u00e1vel.<\/p>\n\n\n\t<p>\n\t\t<a href=\"\" target=\"_blank\" data-element=\"shortcode-suno-banner\" title=\"Banner SUNO, clique e saiba mais\">\n\t\t\t<picture>\n\t\t\t\t<source media=\"(max-width: 500px)\" srcset=\"\">\n\t\t\t\t<img class=\"newsContent__article__imgCapa newsContent__article__imgCapa--banner\"\n\t\t\t\t\tsrc=\"\"\n\t\t\t\t\tdata-promo-id=\"250707\"\t\t\t\t\t\t\t\t\t\t\t\t\t\t\talt=\"\"\n\t\t\t\t>\n\t\t\t<\/picture>\n\t\t<\/a>\n\t<\/p>\n\n\n","protected":false},"excerpt":{"rendered":"<p>As a\u00e7\u00f5es de Via\u00a0(VIIA3)\u00a0e\u00a0Magazine Luiza (MGLU3) figuraram com destaque no campo positivo do Ibovespa nesta sexta-feira (21), entre as maiores altas do \u00edndice em dia de vencimento de op\u00e7\u00f5es, e com a curva de juros em queda favorecendo empresas mais alavancadas, como \u00e9 o caso das varejistas. Magazine Luiza (MGLU3) e Casas Bahia (BHIA3). Foto: [&hellip;]<\/p>\n","protected":false},"author":313,"featured_media":371076,"comment_status":"closed","ping_status":"closed","sticky":false,"template":"","format":"standard","meta":[],"categories":[64],"tags":[106932,489,542,548,97380,106935],"suno_strategy":[],"class_list":["post-431712","post","type-post","status-publish","format-standard","has-post-thumbnail","hentry","category-negocios","tag-azul-azul4","tag-gol-linhas-aereas-goll11-goll4","tag-lojas-renner-lren3","tag-magazine-luiza-mglu3","tag-petz-petz3","tag-via-viia3"],"yoast_head":"<!-- This site is optimized with the Yoast SEO plugin v24.4 - https:\/\/yoast.com\/wordpress\/plugins\/seo\/ -->\n<title>Via (VIIA3) e Magazine Luiza (MGLU3): a\u00e7\u00f5es sobem no Ibovespa; confira<\/title>\n<meta name=\"description\" content=\"As a\u00e7\u00f5es de Via e Magazine Luiza figuram no campo positivo do Ibovespa nesta sexta-feira (21), entre as maiores as altas do \u00edndice. Veja!\" \/>\n<meta name=\"robots\" content=\"index, follow, max-snippet:-1, max-image-preview:large, max-video-preview:-1\" \/>\n<link rel=\"canonical\" href=\"https:\/\/www.suno.com.br\/noticias\/via-viia3-magazine-luiza-mglu3-varejistas-sobem-ibovespa-gpj\/\" \/>\n<meta property=\"og:locale\" content=\"pt_BR\" \/>\n<meta property=\"og:type\" content=\"article\" \/>\n<meta property=\"og:title\" content=\"Via (VIIA3) e Magazine Luiza (MGLU3): a\u00e7\u00f5es sobem no Ibovespa; confira\" \/>\n<meta property=\"og:description\" content=\"As a\u00e7\u00f5es de Via e Magazine Luiza figuram no campo positivo do Ibovespa nesta sexta-feira (21), entre as maiores as altas do \u00edndice. Veja!\" \/>\n<meta property=\"og:url\" content=\"https:\/\/www.suno.com.br\/noticias\/via-viia3-magazine-luiza-mglu3-varejistas-sobem-ibovespa-gpj\/\" \/>\n<meta property=\"og:site_name\" content=\"Suno Not\u00edcias\" \/>\n<meta property=\"article:publisher\" content=\"https:\/\/facebook.com\/sunoresearch\" \/>\n<meta property=\"og:image\" content=\"https:\/\/files.sunoresearch.com.br\/n\/uploads\/2023\/03\/via-viia3-magalu-mglu3-avatares-fotos-divulgacao.jpg\" \/>\n\t<meta property=\"og:image:width\" content=\"1200\" \/>\n\t<meta property=\"og:image:height\" content=\"675\" \/>\n\t<meta property=\"og:image:type\" content=\"image\/jpeg\" \/>\n<meta name=\"author\" content=\"Giovanni Porf\u00edrio Jacomino\" \/>\n<meta name=\"twitter:card\" content=\"summary_large_image\" \/>\n<meta name=\"twitter:creator\" content=\"@sunoresearch\" \/>\n<meta name=\"twitter:site\" content=\"@sunoresearch\" \/>\n<meta name=\"twitter:label1\" content=\"Escrito por\" \/>\n\t<meta name=\"twitter:data1\" content=\"Giovanni Porf\u00edrio Jacomino\" \/>\n\t<meta name=\"twitter:label2\" content=\"Est. tempo de leitura\" \/>\n\t<meta name=\"twitter:data2\" content=\"4 minutos\" \/>\n<script type=\"application\/ld+json\" class=\"yoast-schema-graph\">{\"@context\":\"https:\/\/schema.org\",\"@graph\":[{\"@type\":\"NewsArticle\",\"@id\":\"https:\/\/www.suno.com.br\/noticias\/via-viia3-magazine-luiza-mglu3-varejistas-sobem-ibovespa-gpj\/#article\",\"isPartOf\":{\"@id\":\"https:\/\/www.suno.com.br\/noticias\/via-viia3-magazine-luiza-mglu3-varejistas-sobem-ibovespa-gpj\/\"},\"author\":{\"name\":\"Giovanni Porf\u00edrio Jacomino\",\"@id\":\"https:\/\/www.suno.com.br\/noticias\/#\/schema\/person\/d0f32748bbca4bee871fa191ee4e2d40\"},\"headline\":\"Por que as a\u00e7\u00f5es da Via (VIIA3), Magazine Luiza (MGLU3) e varejistas decolaram nesta sexta no Ibovespa?\",\"datePublished\":\"2023-07-21T16:15:19+00:00\",\"dateModified\":\"2023-07-21T22:55:58+00:00\",\"mainEntityOfPage\":{\"@id\":\"https:\/\/www.suno.com.br\/noticias\/via-viia3-magazine-luiza-mglu3-varejistas-sobem-ibovespa-gpj\/\"},\"wordCount\":812,\"publisher\":{\"@id\":\"https:\/\/www.suno.com.br\/noticias\/#organization\"},\"image\":{\"@id\":\"https:\/\/www.suno.com.br\/noticias\/via-viia3-magazine-luiza-mglu3-varejistas-sobem-ibovespa-gpj\/#primaryimage\"},\"thumbnailUrl\":\"https:\/\/files.sunoresearch.com.br\/n\/uploads\/2023\/03\/via-viia3-magalu-mglu3-avatares-fotos-divulgacao.jpg\",\"keywords\":[\"Azul (AZUL4)\",\"Gol Linhas A\u00e9reas (GOLL11\/GOLL4)\",\"Lojas Renner (LREN3)\",\"Magazine Luiza (MGLU3)\",\"Petz (PETZ3)\",\"Via (VIIA3)\"],\"articleSection\":[\"Neg\u00f3cios\"],\"inLanguage\":\"pt-BR\"},{\"@type\":\"WebPage\",\"@id\":\"https:\/\/www.suno.com.br\/noticias\/via-viia3-magazine-luiza-mglu3-varejistas-sobem-ibovespa-gpj\/\",\"url\":\"https:\/\/www.suno.com.br\/noticias\/via-viia3-magazine-luiza-mglu3-varejistas-sobem-ibovespa-gpj\/\",\"name\":\"Via (VIIA3) e Magazine Luiza (MGLU3): a\u00e7\u00f5es sobem no Ibovespa; confira\",\"isPartOf\":{\"@id\":\"https:\/\/www.suno.com.br\/noticias\/#website\"},\"primaryImageOfPage\":{\"@id\":\"https:\/\/www.suno.com.br\/noticias\/via-viia3-magazine-luiza-mglu3-varejistas-sobem-ibovespa-gpj\/#primaryimage\"},\"image\":{\"@id\":\"https:\/\/www.suno.com.br\/noticias\/via-viia3-magazine-luiza-mglu3-varejistas-sobem-ibovespa-gpj\/#primaryimage\"},\"thumbnailUrl\":\"https:\/\/files.sunoresearch.com.br\/n\/uploads\/2023\/03\/via-viia3-magalu-mglu3-avatares-fotos-divulgacao.jpg\",\"datePublished\":\"2023-07-21T16:15:19+00:00\",\"dateModified\":\"2023-07-21T22:55:58+00:00\",\"description\":\"As a\u00e7\u00f5es de Via e Magazine Luiza figuram no campo positivo do Ibovespa nesta sexta-feira (21), entre as maiores as altas do \u00edndice. Veja!\",\"breadcrumb\":{\"@id\":\"https:\/\/www.suno.com.br\/noticias\/via-viia3-magazine-luiza-mglu3-varejistas-sobem-ibovespa-gpj\/#breadcrumb\"},\"inLanguage\":\"pt-BR\",\"potentialAction\":[{\"@type\":\"ReadAction\",\"target\":[\"https:\/\/www.suno.com.br\/noticias\/via-viia3-magazine-luiza-mglu3-varejistas-sobem-ibovespa-gpj\/\"]}]},{\"@type\":\"ImageObject\",\"inLanguage\":\"pt-BR\",\"@id\":\"https:\/\/www.suno.com.br\/noticias\/via-viia3-magazine-luiza-mglu3-varejistas-sobem-ibovespa-gpj\/#primaryimage\",\"url\":\"https:\/\/files.sunoresearch.com.br\/n\/uploads\/2023\/03\/via-viia3-magalu-mglu3-avatares-fotos-divulgacao.jpg\",\"contentUrl\":\"https:\/\/files.sunoresearch.com.br\/n\/uploads\/2023\/03\/via-viia3-magalu-mglu3-avatares-fotos-divulgacao.jpg\",\"width\":1200,\"height\":675,\"caption\":\"Magazine Luiza (MGLU3) e Casas Bahia (BHIA3). Foto: Divulga\u00e7\u00e3o\"},{\"@type\":\"BreadcrumbList\",\"@id\":\"https:\/\/www.suno.com.br\/noticias\/via-viia3-magazine-luiza-mglu3-varejistas-sobem-ibovespa-gpj\/#breadcrumb\",\"itemListElement\":[{\"@type\":\"ListItem\",\"position\":1,\"name\":\"Not\u00edcias\",\"item\":\"https:\/\/www.suno.com.br\/noticias\/\"},{\"@type\":\"ListItem\",\"position\":2,\"name\":\"Neg\u00f3cios\",\"item\":\"https:\/\/www.suno.com.br\/noticias\/negocios\/\"},{\"@type\":\"ListItem\",\"position\":3,\"name\":\"Por que as a\u00e7\u00f5es da Via (VIIA3), Magazine Luiza (MGLU3) e varejistas decolaram nesta sexta no Ibovespa?\"}]},{\"@type\":\"WebSite\",\"@id\":\"https:\/\/www.suno.com.br\/noticias\/#website\",\"url\":\"https:\/\/www.suno.com.br\/noticias\/\",\"name\":\"Suno Not\u00edcias\",\"description\":\"Seu portal de informa\u00e7\u00e3o sobre o mundo dos investimentos\",\"publisher\":{\"@id\":\"https:\/\/www.suno.com.br\/noticias\/#organization\"},\"potentialAction\":[{\"@type\":\"SearchAction\",\"target\":{\"@type\":\"EntryPoint\",\"urlTemplate\":\"https:\/\/www.suno.com.br\/noticias\/?s={search_term_string}\"},\"query-input\":{\"@type\":\"PropertyValueSpecification\",\"valueRequired\":true,\"valueName\":\"search_term_string\"}}],\"inLanguage\":\"pt-BR\"},{\"@type\":\"Organization\",\"@id\":\"https:\/\/www.suno.com.br\/noticias\/#organization\",\"name\":\"Suno Not\u00edcias\",\"url\":\"https:\/\/www.suno.com.br\/noticias\/\",\"logo\":{\"@type\":\"ImageObject\",\"inLanguage\":\"pt-BR\",\"@id\":\"https:\/\/www.suno.com.br\/noticias\/#\/schema\/logo\/image\/\",\"url\":\"https:\/\/files.sunoresearch.com.br\/n\/uploads\/2021\/09\/suno-logo.png\",\"contentUrl\":\"https:\/\/files.sunoresearch.com.br\/n\/uploads\/2021\/09\/suno-logo.png\",\"width\":180,\"height\":180,\"caption\":\"Suno Not\u00edcias\"},\"image\":{\"@id\":\"https:\/\/www.suno.com.br\/noticias\/#\/schema\/logo\/image\/\"},\"sameAs\":[\"https:\/\/facebook.com\/sunoresearch\",\"https:\/\/x.com\/sunoresearch\",\"https:\/\/www.instagram.com\/suno\",\"https:\/\/www.linkedin.com\/company\/suno-research\/\",\"https:\/\/www.youtube.com\/c\/sunoresearch\"]},{\"@type\":\"Person\",\"@id\":\"https:\/\/www.suno.com.br\/noticias\/#\/schema\/person\/d0f32748bbca4bee871fa191ee4e2d40\",\"name\":\"Giovanni Porf\u00edrio Jacomino\",\"image\":{\"@type\":\"ImageObject\",\"inLanguage\":\"pt-BR\",\"@id\":\"https:\/\/www.suno.com.br\/noticias\/#\/schema\/person\/image\/\",\"url\":\"https:\/\/secure.gravatar.com\/avatar\/efb32e19b730a121cb7a80f41ffec01a?s=96&r=g\",\"contentUrl\":\"https:\/\/secure.gravatar.com\/avatar\/efb32e19b730a121cb7a80f41ffec01a?s=96&r=g\",\"caption\":\"Giovanni Porf\u00edrio Jacomino\"},\"description\":\"Giovanni Porf\u00edrio Jacomino \u00e9 jornalista formado pela Universidade Estadual de Londrina (UEL) e p\u00f3s-graduado em Produ\u00e7\u00e3o e Pr\u00e1ticas Jornal\u00edsticas na Contemporaneidade na Faculdade C\u00e1sper L\u00edbero (FCL). Foi editor web no Startupi e no Finsiders, atuando ainda como editor no TC Mover, portal de not\u00edcias da TradersClub, fazendo a cobertura de assuntos relacionados ao mercado financeiro interno e externo. Atualmente, \u00e9 Rep\u00f3rter do Suno Not\u00edcias.\",\"url\":\"https:\/\/www.suno.com.br\/noticias\/author\/giovanni-porfiriosuno-com-br\/\"}]}<\/script>\n<!-- \/ Yoast SEO plugin. -->","yoast_head_json":{"title":"Via (VIIA3) e Magazine Luiza (MGLU3): a\u00e7\u00f5es sobem no Ibovespa; confira","description":"As a\u00e7\u00f5es de Via e Magazine Luiza figuram no campo positivo do Ibovespa nesta sexta-feira (21), entre as maiores as altas do \u00edndice. Veja!","robots":{"index":"index","follow":"follow","max-snippet":"max-snippet:-1","max-image-preview":"max-image-preview:large","max-video-preview":"max-video-preview:-1"},"canonical":"https:\/\/www.suno.com.br\/noticias\/via-viia3-magazine-luiza-mglu3-varejistas-sobem-ibovespa-gpj\/","og_locale":"pt_BR","og_type":"article","og_title":"Via (VIIA3) e Magazine Luiza (MGLU3): a\u00e7\u00f5es sobem no Ibovespa; confira","og_description":"As a\u00e7\u00f5es de Via e Magazine Luiza figuram no campo positivo do Ibovespa nesta sexta-feira (21), entre as maiores as altas do \u00edndice. Veja!","og_url":"https:\/\/www.suno.com.br\/noticias\/via-viia3-magazine-luiza-mglu3-varejistas-sobem-ibovespa-gpj\/","og_site_name":"Suno Not\u00edcias","article_publisher":"https:\/\/facebook.com\/sunoresearch","og_image":[{"width":1200,"height":675,"url":"https:\/\/files.sunoresearch.com.br\/n\/uploads\/2023\/03\/via-viia3-magalu-mglu3-avatares-fotos-divulgacao.jpg","type":"image\/jpeg"}],"author":"Giovanni Porf\u00edrio Jacomino","twitter_card":"summary_large_image","twitter_creator":"@sunoresearch","twitter_site":"@sunoresearch","twitter_misc":{"Escrito por":"Giovanni Porf\u00edrio Jacomino","Est. tempo de leitura":"4 minutos"},"schema":{"@context":"https:\/\/schema.org","@graph":[{"@type":"NewsArticle","@id":"https:\/\/www.suno.com.br\/noticias\/via-viia3-magazine-luiza-mglu3-varejistas-sobem-ibovespa-gpj\/#article","isPartOf":{"@id":"https:\/\/www.suno.com.br\/noticias\/via-viia3-magazine-luiza-mglu3-varejistas-sobem-ibovespa-gpj\/"},"author":{"name":"Giovanni Porf\u00edrio Jacomino","@id":"https:\/\/www.suno.com.br\/noticias\/#\/schema\/person\/d0f32748bbca4bee871fa191ee4e2d40"},"headline":"Por que as a\u00e7\u00f5es da Via (VIIA3), Magazine Luiza (MGLU3) e varejistas decolaram nesta sexta no Ibovespa?","datePublished":"2023-07-21T16:15:19+00:00","dateModified":"2023-07-21T22:55:58+00:00","mainEntityOfPage":{"@id":"https:\/\/www.suno.com.br\/noticias\/via-viia3-magazine-luiza-mglu3-varejistas-sobem-ibovespa-gpj\/"},"wordCount":812,"publisher":{"@id":"https:\/\/www.suno.com.br\/noticias\/#organization"},"image":{"@id":"https:\/\/www.suno.com.br\/noticias\/via-viia3-magazine-luiza-mglu3-varejistas-sobem-ibovespa-gpj\/#primaryimage"},"thumbnailUrl":"https:\/\/files.sunoresearch.com.br\/n\/uploads\/2023\/03\/via-viia3-magalu-mglu3-avatares-fotos-divulgacao.jpg","keywords":["Azul (AZUL4)","Gol Linhas A\u00e9reas (GOLL11\/GOLL4)","Lojas Renner (LREN3)","Magazine Luiza (MGLU3)","Petz (PETZ3)","Via (VIIA3)"],"articleSection":["Neg\u00f3cios"],"inLanguage":"pt-BR"},{"@type":"WebPage","@id":"https:\/\/www.suno.com.br\/noticias\/via-viia3-magazine-luiza-mglu3-varejistas-sobem-ibovespa-gpj\/","url":"https:\/\/www.suno.com.br\/noticias\/via-viia3-magazine-luiza-mglu3-varejistas-sobem-ibovespa-gpj\/","name":"Via (VIIA3) e Magazine Luiza (MGLU3): a\u00e7\u00f5es sobem no Ibovespa; confira","isPartOf":{"@id":"https:\/\/www.suno.com.br\/noticias\/#website"},"primaryImageOfPage":{"@id":"https:\/\/www.suno.com.br\/noticias\/via-viia3-magazine-luiza-mglu3-varejistas-sobem-ibovespa-gpj\/#primaryimage"},"image":{"@id":"https:\/\/www.suno.com.br\/noticias\/via-viia3-magazine-luiza-mglu3-varejistas-sobem-ibovespa-gpj\/#primaryimage"},"thumbnailUrl":"https:\/\/files.sunoresearch.com.br\/n\/uploads\/2023\/03\/via-viia3-magalu-mglu3-avatares-fotos-divulgacao.jpg","datePublished":"2023-07-21T16:15:19+00:00","dateModified":"2023-07-21T22:55:58+00:00","description":"As a\u00e7\u00f5es de Via e Magazine Luiza figuram no campo positivo do Ibovespa nesta sexta-feira (21), entre as maiores as altas do \u00edndice. Veja!","breadcrumb":{"@id":"https:\/\/www.suno.com.br\/noticias\/via-viia3-magazine-luiza-mglu3-varejistas-sobem-ibovespa-gpj\/#breadcrumb"},"inLanguage":"pt-BR","potentialAction":[{"@type":"ReadAction","target":["https:\/\/www.suno.com.br\/noticias\/via-viia3-magazine-luiza-mglu3-varejistas-sobem-ibovespa-gpj\/"]}]},{"@type":"ImageObject","inLanguage":"pt-BR","@id":"https:\/\/www.suno.com.br\/noticias\/via-viia3-magazine-luiza-mglu3-varejistas-sobem-ibovespa-gpj\/#primaryimage","url":"https:\/\/files.sunoresearch.com.br\/n\/uploads\/2023\/03\/via-viia3-magalu-mglu3-avatares-fotos-divulgacao.jpg","contentUrl":"https:\/\/files.sunoresearch.com.br\/n\/uploads\/2023\/03\/via-viia3-magalu-mglu3-avatares-fotos-divulgacao.jpg","width":1200,"height":675,"caption":"Magazine Luiza (MGLU3) e Casas Bahia (BHIA3). Foto: Divulga\u00e7\u00e3o"},{"@type":"BreadcrumbList","@id":"https:\/\/www.suno.com.br\/noticias\/via-viia3-magazine-luiza-mglu3-varejistas-sobem-ibovespa-gpj\/#breadcrumb","itemListElement":[{"@type":"ListItem","position":1,"name":"Not\u00edcias","item":"https:\/\/www.suno.com.br\/noticias\/"},{"@type":"ListItem","position":2,"name":"Neg\u00f3cios","item":"https:\/\/www.suno.com.br\/noticias\/negocios\/"},{"@type":"ListItem","position":3,"name":"Por que as a\u00e7\u00f5es da Via (VIIA3), Magazine Luiza (MGLU3) e varejistas decolaram nesta sexta no Ibovespa?"}]},{"@type":"WebSite","@id":"https:\/\/www.suno.com.br\/noticias\/#website","url":"https:\/\/www.suno.com.br\/noticias\/","name":"Suno Not\u00edcias","description":"Seu portal de informa\u00e7\u00e3o sobre o mundo dos investimentos","publisher":{"@id":"https:\/\/www.suno.com.br\/noticias\/#organization"},"potentialAction":[{"@type":"SearchAction","target":{"@type":"EntryPoint","urlTemplate":"https:\/\/www.suno.com.br\/noticias\/?s={search_term_string}"},"query-input":{"@type":"PropertyValueSpecification","valueRequired":true,"valueName":"search_term_string"}}],"inLanguage":"pt-BR"},{"@type":"Organization","@id":"https:\/\/www.suno.com.br\/noticias\/#organization","name":"Suno Not\u00edcias","url":"https:\/\/www.suno.com.br\/noticias\/","logo":{"@type":"ImageObject","inLanguage":"pt-BR","@id":"https:\/\/www.suno.com.br\/noticias\/#\/schema\/logo\/image\/","url":"https:\/\/files.sunoresearch.com.br\/n\/uploads\/2021\/09\/suno-logo.png","contentUrl":"https:\/\/files.sunoresearch.com.br\/n\/uploads\/2021\/09\/suno-logo.png","width":180,"height":180,"caption":"Suno Not\u00edcias"},"image":{"@id":"https:\/\/www.suno.com.br\/noticias\/#\/schema\/logo\/image\/"},"sameAs":["https:\/\/facebook.com\/sunoresearch","https:\/\/x.com\/sunoresearch","https:\/\/www.instagram.com\/suno","https:\/\/www.linkedin.com\/company\/suno-research\/","https:\/\/www.youtube.com\/c\/sunoresearch"]},{"@type":"Person","@id":"https:\/\/www.suno.com.br\/noticias\/#\/schema\/person\/d0f32748bbca4bee871fa191ee4e2d40","name":"Giovanni Porf\u00edrio Jacomino","image":{"@type":"ImageObject","inLanguage":"pt-BR","@id":"https:\/\/www.suno.com.br\/noticias\/#\/schema\/person\/image\/","url":"https:\/\/secure.gravatar.com\/avatar\/efb32e19b730a121cb7a80f41ffec01a?s=96&r=g","contentUrl":"https:\/\/secure.gravatar.com\/avatar\/efb32e19b730a121cb7a80f41ffec01a?s=96&r=g","caption":"Giovanni Porf\u00edrio Jacomino"},"description":"Giovanni Porf\u00edrio Jacomino \u00e9 jornalista formado pela Universidade Estadual de Londrina (UEL) e p\u00f3s-graduado em Produ\u00e7\u00e3o e Pr\u00e1ticas Jornal\u00edsticas na Contemporaneidade na Faculdade C\u00e1sper L\u00edbero (FCL). Foi editor web no Startupi e no Finsiders, atuando ainda como editor no TC Mover, portal de not\u00edcias da TradersClub, fazendo a cobertura de assuntos relacionados ao mercado financeiro interno e externo. Atualmente, \u00e9 Rep\u00f3rter do Suno Not\u00edcias.","url":"https:\/\/www.suno.com.br\/noticias\/author\/giovanni-porfiriosuno-com-br\/"}]}},"default_loop_html":"<div class=\"cardsPage__listCard__boxs\"><div class=\"cardsPage__listCard__boxs__img\"><a href=\"https:\/\/www.suno.com.br\/noticias\/via-viia3-magazine-luiza-mglu3-varejistas-sobem-ibovespa-gpj\/\"><img class=\"mask\" src=\"https:\/\/www.suno.com.br\/noticias\/wp-content\/themes\/suno\/resources\/images\/spotlight\/spotlight1img\/bg-mask.png\" alt=\"Image Mask\"\/><img src=\"https:\/\/files.sunoresearch.com.br\/n\/uploads\/2023\/03\/via-viia3-magalu-mglu3-avatares-fotos-divulgacao-400x200.jpg\" alt=\"Por que as a\u00e7\u00f5es da Via (VIIA3), Magazine Luiza (MGLU3) e varejistas decolaram nesta sexta no Ibovespa?\"\/><\/a><span class=\"spotlightCategory\"><a href=\"https:\/\/www.suno.com.br\/noticias\/negocios\/\">Neg\u00f3cios<\/a><\/span><\/div><div class=\"cardsPage__listCard__boxs__content\"><a href=\"https:\/\/www.suno.com.br\/noticias\/via-viia3-magazine-luiza-mglu3-varejistas-sobem-ibovespa-gpj\/\"><h2 class=\"content__title\">Por que as a\u00e7\u00f5es da Via (VIIA3), Magazine Luiza (MGLU3) e varejistas decolaram nesta sexta no Ibovespa?<\/h2><\/a><div class=\"newsContent__article__meta\"><div class=\"newsContent__article__meta__authorBox\"><a href=\"https:\/\/www.suno.com.br\/noticias\/author\/giovanni-porfiriosuno-com-br\/\" class=\"authorBox__avatar noMobi\"><img src=\"https:\/\/files.sunoresearch.com.br\/n\/uploads\/2024\/05\/DSCF4115-1-1-150x150.webp\" alt=\"Giovanni Porf\u00edrio Jacomino\"><\/a><div class=\"authorBox__name\"><span>por\n\t\t\t<a href=\"https:\/\/www.suno.com.br\/noticias\/author\/giovanni-porfiriosuno-com-br\/\"><span itemprop=\"author\">Giovanni Porf\u00edrio Jacomino<\/span><\/a><\/span><time datetime=\"2023-07-21T13:15:19-03:00\" itemprop=\"datePublished\">21\/07\/2023 13:15<\/time><\/div><\/div><\/div><\/div><\/div>","single_layout":"posts","amp_enabled":true,"_links":{"self":[{"href":"https:\/\/www.suno.com.br\/noticias\/wp-json\/wp\/v2\/posts\/431712"}],"collection":[{"href":"https:\/\/www.suno.com.br\/noticias\/wp-json\/wp\/v2\/posts"}],"about":[{"href":"https:\/\/www.suno.com.br\/noticias\/wp-json\/wp\/v2\/types\/post"}],"author":[{"embeddable":true,"href":"https:\/\/www.suno.com.br\/noticias\/wp-json\/wp\/v2\/users\/313"}],"replies":[{"embeddable":true,"href":"https:\/\/www.suno.com.br\/noticias\/wp-json\/wp\/v2\/comments?post=431712"}],"version-history":[{"count":2,"href":"https:\/\/www.suno.com.br\/noticias\/wp-json\/wp\/v2\/posts\/431712\/revisions"}],"predecessor-version":[{"id":431985,"href":"https:\/\/www.suno.com.br\/noticias\/wp-json\/wp\/v2\/posts\/431712\/revisions\/431985"}],"wp:featuredmedia":[{"embeddable":true,"href":"https:\/\/www.suno.com.br\/noticias\/wp-json\/wp\/v2\/media\/371076"}],"wp:attachment":[{"href":"https:\/\/www.suno.com.br\/noticias\/wp-json\/wp\/v2\/media?parent=431712"}],"wp:term":[{"taxonomy":"category","embeddable":true,"href":"https:\/\/www.suno.com.br\/noticias\/wp-json\/wp\/v2\/categories?post=431712"},{"taxonomy":"post_tag","embeddable":true,"href":"https:\/\/www.suno.com.br\/noticias\/wp-json\/wp\/v2\/tags?post=431712"},{"taxonomy":"suno_strategy","embeddable":true,"href":"https:\/\/www.suno.com.br\/noticias\/wp-json\/wp\/v2\/suno_strategy?post=431712"}],"curies":[{"name":"wp","href":"https:\/\/api.w.org\/{rel}","templated":true}]}}