{"id":431663,"date":"2023-07-21T13:26:29","date_gmt":"2023-07-21T16:26:29","guid":{"rendered":"https:\/\/www.suno.com.br\/noticias\/?p=431663"},"modified":"2023-07-21T13:26:36","modified_gmt":"2023-07-21T16:26:36","slug":"divida-publica-federal-junho-2023-cpf","status":"publish","type":"post","link":"https:\/\/www.suno.com.br\/noticias\/divida-publica-federal-junho-2023-cpf\/","title":{"rendered":"D\u00edvida p\u00fablica federal atinge R$ 6,19 trilh\u00f5es em junho com aumento de 2,95%"},"content":{"rendered":"<p>O <a class=\"suno-keyword\" data-force=\"no\" data-priority=\"2\" href=\"https:\/\/www.suno.com.br\/artigos\/tesouro-nacional\/\" target=\"_blank\" rel=\"noopener\">Tesouro Nacional<\/a> divulgou nesta sexta-feira (21) um aumento de 2,95% nos estoques da <strong>D\u00edvida P\u00fablica Federal (DPF) <\/strong>do Brasil no m\u00eas de junho em rela\u00e7\u00e3o ao m\u00eas anterior. O estoque da DPF encerrou junho em R$ 6,191 trilh\u00f5es, ante R$ 6,013 trilh\u00f5es em maio.<\/p>\t<div class=\"wrapper-featured-image\">\n\t\t<figure class=\"spotlightImg\">\n\n\t\t\t<picture>\n\t\t\t\t<source media=\"(max-width: 768px)\" srcset=\"https:\/\/files.sunoresearch.com.br\/n\/uploads\/2023\/05\/governo-presidencia-planalto-brasil-400x200.jpg\">\n\t\t\t\t<img loading=\"lazy\" decoding=\"async\" class=\"newsContent__article__imgCapa lazyloadDisabled \" src=\"https:\/\/files.sunoresearch.com.br\/n\/uploads\/2023\/05\/governo-presidencia-planalto-brasil-800x450.jpg\" width=\"800\" height=\"450\" alt=\"D\u00edvida p\u00fablica federal atinge R$ 6,19 trilh\u00f5es em junho com aumento de 2,95%\" fetchpriority=high \/>\n\t\t\t<\/picture>\n\n\t\t\t<figcaption class=\"wp-caption-text wp-caption-text--show\">Governo Federal. - Foto: iStock<\/figcaption>\n\t\t<\/figure>\n\t<\/div>\n\n\n\n\n\n\n\n\t<p>\n\t\t<a href=\"\" target=\"_blank\" data-element=\"shortcode-suno-banner\" title=\"Banner SUNO, clique e saiba mais\">\n\t\t\t<picture>\n\t\t\t\t<source media=\"(max-width: 500px)\" srcset=\"\">\n\t\t\t\t<img class=\"newsContent__article__imgCapa newsContent__article__imgCapa--banner\"\n\t\t\t\t\tsrc=\"\"\n\t\t\t\t\tdata-promo-id=\"240038\"\t\t\t\t\t\t\t\t\t\t\t\t\t\t\talt=\"\"\n\t\t\t\t>\n\t\t\t<\/picture>\n\t\t<\/a>\n\t<\/p>\n\n\n\n\n\n<p>Durante o m\u00eas passado, a corre\u00e7\u00e3o de <strong>juros <\/strong>no <strong>estoque da D\u00edvida P\u00fablica Federal<\/strong> foi de R$ 33,32 bilh\u00f5es. Uma emiss\u00e3o l\u00edquida de R$ 144,21 bilh\u00f5es contribuiu para o crescimento do estoque da d\u00edvida.<\/p>\n\n\n\n<p>A <a class=\"suno-keyword\" data-force=\"no\" data-priority=\"1\" href=\"https:\/\/www.suno.com.br\/artigos\/divida-publica\/\" target=\"_blank\" rel=\"noopener\">D\u00edvida P\u00fablica<\/a> Federal (DPF) \u00e9 composta pela <strong>D\u00edvida P\u00fablica Mobili\u00e1ria Federal<\/strong> interna (DPMFi) e pela D\u00edvida P\u00fablica Federal externa (DPFe). Em junho, a DPMFi registrou alta de 3,30%, totalizando R$ 5,957 trilh\u00f5es. J\u00e1 a DPFe apresentou queda de 5,16% no m\u00eas, chegando a R$ 234,04 bilh\u00f5es ao fim de junho.<\/p>\n\n\n\n\t<div data-element=\"shortcode-read-more\" class=\"readToo\">\n\t\t\t\t<span class=\"readToo__title\">Leia mais<\/span>\n\t\t\t\t<ul class=\"readToo__list\">\n\t\t\t<li><a href=\"https:\/\/www.suno.com.br\/noticias\/ibovespa-hoje-21072023-sobe-petr4-hapv3-dispara-jvj\/\">Ibovespa fecha em alta, aos 120 mil pontos, com salto da Petrobras (PETR4); Via (VIIA3) avan\u00e7a quase 7%<\/a><\/li><li><a href=\"https:\/\/www.suno.com.br\/noticias\/xp-barbie-oppenheimer-shoppings-cpf\/\">XP: Fen\u00f4meno \u201cBarbenheimer\u201d deve render US$ 200 milh\u00f5es em bilheterias mundiais<\/a><\/li><li><a href=\"https:\/\/www.suno.com.br\/noticias\/petrobras-petr4-desinvestimento-polo-bahia-terra-evm\/\">Petrobras (PETR4) ainda est\u00e1 &#8216;em cima do muro&#8217; sobre desinvestimento no Polo Bahia Terra<\/a><\/li>\t\t<\/ul>\n\t<\/div>\n\n\n\n\n<h2 class=\"wp-block-heading\">Participa\u00e7\u00e3o de investidores estrangeiros diminui no estoque da DPF<\/h2>\n\n\n\n<p>No m\u00eas de junho, a participa\u00e7\u00e3o dos <strong>investidores estrangeiros<\/strong> no estoque da <a class=\"suno-keyword\" data-force=\"no\" data-priority=\"1\" href=\"https:\/\/www.suno.com.br\/artigos\/divida-publica\/\" target=\"_blank\" rel=\"noopener\">D\u00edvida P\u00fablica<\/a> Mobili\u00e1ria Federal interna (DPMFi) registrou queda, passando de 9,56% em maio para 9,48%. No final de 2022, essa fatia estava em 9,36%. O estoque de pap\u00e9is nas m\u00e3os dos estrangeiros somou R$ 564,77 bilh\u00f5es em junho, ante R$ 551,07 bilh\u00f5es em maio.<\/p>\n\n\n\n<p>Em junho, as <strong>emiss\u00f5es da DPF<\/strong> somaram R$ 151,31 bilh\u00f5es e os resgates totalizaram R$ 7,10 bilh\u00f5es. Na DPMFi, foram emitidos R$ 87,52 bilh\u00f5es de t\u00edtulos prefixados, R$ 35,68 bilh\u00f5es de flutuantes e R$ 27,90 bilh\u00f5es de \u00edndice de pre\u00e7os. J\u00e1 a emiss\u00e3o l\u00edquida da DPF em junho somou R$ 144,21 bilh\u00f5es. No ano, h\u00e1 ac\u00famulo de resgate l\u00edquido de R$ 56,66 bilh\u00f5es.<\/p>\n\n\n\n<p>Na vis\u00e3o do coordenador de Opera\u00e7\u00f5es da D\u00edvida P\u00fablica do <strong>Tesouro Nacional<\/strong>, Roberto Lobarinhas, o m\u00eas de junho foi &#8220;extremamente positivo&#8221; para os mercados e <strong>emiss\u00e3o de d\u00edvidas<\/strong>. <\/p>\n\n\n\n<blockquote class=\"wp-block-quote is-layout-flow wp-block-quote-is-layout-flow\">\n<p>&#8220;Observamos aumento do apetite por risco ap\u00f3s a resolu\u00e7\u00e3o do impasse do teto da d\u00edvida nos Estados Unidos, o que beneficiou os mercados em geral e os emergentes tamb\u00e9m&#8221;, afirmou Lobarinhas.<\/p>\n<\/blockquote>\n\n\n\n<p>O bom momento do mercado no m\u00eas de junho tamb\u00e9m se refletiu no volume de emiss\u00f5es pelo Tesouro, segundo o coordenador, e destacou que mais de 50% das emiss\u00f5es de junho foram de t\u00edtulos prefixados, a segunda maior emiss\u00e3o de 2023.<\/p>\n\n\n\t<p>\n\t\t<a href=\"https:\/\/lp.suno.com.br\/ebook-gratuito-investindo-no-exterior\/\" target=\"_blank\" data-element=\"shortcode-suno-banner\" title=\"Banner SUNO, clique e saiba mais\">\n\t\t\t<picture>\n\t\t\t\t<source media=\"(max-width: 500px)\" srcset=\"https:\/\/files.sunoresearch.com.br\/n\/uploads\/2023\/03\/400x300-Investindo-no-exterior.png\">\n\t\t\t\t<img class=\"newsContent__article__imgCapa newsContent__article__imgCapa--banner\"\n\t\t\t\t\tsrc=\"https:\/\/files.sunoresearch.com.br\/n\/uploads\/2023\/03\/1420x240-Investindo-no-exterior.png\"\n\t\t\t\t\tdata-promo-id=\"383161\"\t\t\t\t\t\t\t\t\t\twidth='1420' height='240'\t\t\t\t\talt=\"https:\/\/files.sunoresearch.com.br\/n\/uploads\/2023\/03\/1420x240-Investindo-no-exterior.png\"\n\t\t\t\t>\n\t\t\t<\/picture>\n\t\t<\/a>\n\t<\/p>\n\n\n\n\n\n<h2 class=\"wp-block-heading\">Eventos internacionais na D\u00edvida P\u00fablica Federal<\/h2>\n\n\n\n<p>Lobarinhas, observou que este m\u00eas de julho est\u00e1 marcado por bastante volatilidade no mercado de t\u00edtulos de d\u00edvida dos Estados Unidos (Treasuries), e que esse movimento internacional aumentou a inclina\u00e7\u00e3o da curva dom\u00e9stica de juros no m\u00eas<\/p>\n\n\n\n<p>Al\u00e9m disso, o coordenador do Tesouro acredita que estamos em um m\u00eas onde predomina a corre\u00e7\u00e3o dos mercados, em que investidores t\u00eam visto os ganhos recentes e ajustado suas expectativas sobre a condu\u00e7\u00e3o da pol\u00edtica monet\u00e1ria dos <strong>Estados Unidos<\/strong>.<\/p>\n\n\n\n<h2 class=\"wp-block-heading\">Reserva de liquidez do Tesouro <\/h2>\n\n\n\n<p>Em junho, o <a class=\"suno-keyword\" data-force=\"no\" data-priority=\"2\" href=\"https:\/\/www.suno.com.br\/artigos\/tesouro-nacional\/\" target=\"_blank\" rel=\"noopener\">Tesouro Nacional<\/a> contava com R$ 1,118 trilh\u00e3o no chamado &#8220;colch\u00e3o da d\u00edvida&#8221;, a<strong> reserva de liquidez<\/strong> utilizada para honrar compromissos com os investidores que adquirem t\u00edtulos brasileiros. Esse valor \u00e9 13,76% maior em termos nominais em compara\u00e7\u00e3o com os R$ 983,18 bilh\u00f5es registrados em maio. <\/p>\n\n\n\n<p>Entretanto, os n\u00fameros indicam baixa de 8,43% em rela\u00e7\u00e3o a junho de 2022 (R$ 1,221 trilh\u00e3o). O montante de junho era suficiente para cobrir 8,52 meses de pagamentos de t\u00edtulos, enquanto o Tesouro trabalha com um m\u00ednimo prudencial de uma reserva para tr\u00eas meses de vencimentos no &#8220;colch\u00e3o&#8221; da<strong> D\u00edvida P\u00fablica Federal<\/strong>.<\/p>\n\n\n\n<p><em>Com informa\u00e7\u00f5es de Estad\u00e3o Conte\u00fado<\/em>.<\/p>\n\n\n\t<p>\n\t\t<a href=\"https:\/\/lp.suno.com.br\/planilha-da-vida-financeira\/\" target=\"_blank\" data-element=\"shortcode-suno-banner\" title=\"Banner SUNO, clique e saiba mais\">\n\t\t\t<picture>\n\t\t\t\t<source media=\"(max-width: 500px)\" srcset=\"https:\/\/files.sunoresearch.com.br\/n\/uploads\/2023\/04\/400x300-Planilha-vida-financeira-true.png\">\n\t\t\t\t<img class=\"newsContent__article__imgCapa newsContent__article__imgCapa--banner\"\n\t\t\t\t\tsrc=\"https:\/\/files.sunoresearch.com.br\/n\/uploads\/2023\/04\/1420x240-Planilha-vida-financeira-true.png\"\n\t\t\t\t\tdata-promo-id=\"383123\"\t\t\t\t\t\t\t\t\t\twidth='1420' height='240'\t\t\t\t\talt=\"https:\/\/files.sunoresearch.com.br\/n\/uploads\/2023\/04\/1420x240-Planilha-vida-financeira-true.png\"\n\t\t\t\t>\n\t\t\t<\/picture>\n\t\t<\/a>\n\t<\/p>\n\n\n","protected":false},"excerpt":{"rendered":"<p>O Tesouro Nacional divulgou nesta sexta-feira (21) um aumento de 2,95% nos estoques da D\u00edvida P\u00fablica Federal (DPF) do Brasil no m\u00eas de junho em rela\u00e7\u00e3o ao m\u00eas anterior. O estoque da DPF encerrou junho em R$ 6,191 trilh\u00f5es, ante R$ 6,013 trilh\u00f5es em maio. Governo Federal. &#8211; Foto: iStock Durante o m\u00eas passado, a [&hellip;]<\/p>\n","protected":false},"author":283,"featured_media":401489,"comment_status":"closed","ping_status":"closed","sticky":false,"template":"","format":"standard","meta":[],"categories":[64],"tags":[106444,1265,1044],"suno_strategy":[],"class_list":["post-431663","post","type-post","status-publish","format-standard","has-post-thumbnail","hentry","category-negocios","tag-agencias","tag-divida-publica-federal","tag-tesouro-nacional"],"yoast_head":"<!-- This site is optimized with the Yoast SEO plugin v24.4 - https:\/\/yoast.com\/wordpress\/plugins\/seo\/ -->\n<title>D\u00edvida p\u00fablica federal atinge R$ 6,19 tri em junho com aumento de 2,95%<\/title>\n<meta name=\"description\" content=\"D\u00edvida p\u00fablica federal atinge novo recorde em junho, com menor participa\u00e7\u00e3o de investidores estrangeiros e mais apetite por risco.\" \/>\n<meta name=\"robots\" content=\"index, follow, max-snippet:-1, max-image-preview:large, max-video-preview:-1\" \/>\n<link rel=\"canonical\" href=\"https:\/\/www.suno.com.br\/noticias\/divida-publica-federal-junho-2023-cpf\/\" \/>\n<meta property=\"og:locale\" content=\"pt_BR\" \/>\n<meta property=\"og:type\" content=\"article\" \/>\n<meta property=\"og:title\" content=\"D\u00edvida p\u00fablica federal atinge R$ 6,19 tri em junho com aumento de 2,95%\" \/>\n<meta property=\"og:description\" content=\"D\u00edvida p\u00fablica federal atinge novo recorde em junho, com menor participa\u00e7\u00e3o de investidores estrangeiros e mais apetite por risco.\" \/>\n<meta property=\"og:url\" content=\"https:\/\/www.suno.com.br\/noticias\/divida-publica-federal-junho-2023-cpf\/\" \/>\n<meta property=\"og:site_name\" content=\"Suno Not\u00edcias\" \/>\n<meta property=\"article:publisher\" content=\"https:\/\/facebook.com\/sunoresearch\" \/>\n<meta property=\"og:image\" content=\"https:\/\/files.sunoresearch.com.br\/n\/uploads\/2023\/05\/governo-presidencia-planalto-brasil.jpg\" \/>\n\t<meta property=\"og:image:width\" content=\"1200\" \/>\n\t<meta property=\"og:image:height\" content=\"800\" \/>\n\t<meta property=\"og:image:type\" content=\"image\/jpeg\" \/>\n<meta name=\"author\" content=\"Camila Paim\" \/>\n<meta name=\"twitter:card\" content=\"summary_large_image\" \/>\n<meta name=\"twitter:creator\" content=\"@sunoresearch\" \/>\n<meta name=\"twitter:site\" content=\"@sunoresearch\" \/>\n<meta name=\"twitter:label1\" content=\"Escrito por\" \/>\n\t<meta name=\"twitter:data1\" content=\"Camila Paim\" \/>\n\t<meta name=\"twitter:label2\" content=\"Est. tempo de leitura\" \/>\n\t<meta name=\"twitter:data2\" content=\"4 minutos\" \/>\n<script type=\"application\/ld+json\" class=\"yoast-schema-graph\">{\"@context\":\"https:\/\/schema.org\",\"@graph\":[{\"@type\":\"NewsArticle\",\"@id\":\"https:\/\/www.suno.com.br\/noticias\/divida-publica-federal-junho-2023-cpf\/#article\",\"isPartOf\":{\"@id\":\"https:\/\/www.suno.com.br\/noticias\/divida-publica-federal-junho-2023-cpf\/\"},\"author\":{\"name\":\"Camila Paim\",\"@id\":\"https:\/\/www.suno.com.br\/noticias\/#\/schema\/person\/f341d3ae5d1cc685176c9a5327cdfdbb\"},\"headline\":\"D\u00edvida p\u00fablica federal atinge R$ 6,19 trilh\u00f5es em junho com aumento de 2,95%\",\"datePublished\":\"2023-07-21T16:26:29+00:00\",\"dateModified\":\"2023-07-21T16:26:36+00:00\",\"mainEntityOfPage\":{\"@id\":\"https:\/\/www.suno.com.br\/noticias\/divida-publica-federal-junho-2023-cpf\/\"},\"wordCount\":639,\"publisher\":{\"@id\":\"https:\/\/www.suno.com.br\/noticias\/#organization\"},\"image\":{\"@id\":\"https:\/\/www.suno.com.br\/noticias\/divida-publica-federal-junho-2023-cpf\/#primaryimage\"},\"thumbnailUrl\":\"https:\/\/files.sunoresearch.com.br\/n\/uploads\/2023\/05\/governo-presidencia-planalto-brasil.jpg\",\"keywords\":[\"Ag\u00eancias\",\"D\u00edvida P\u00fablica Federal\",\"Tesouro Nacional\"],\"articleSection\":[\"Neg\u00f3cios\"],\"inLanguage\":\"pt-BR\"},{\"@type\":\"WebPage\",\"@id\":\"https:\/\/www.suno.com.br\/noticias\/divida-publica-federal-junho-2023-cpf\/\",\"url\":\"https:\/\/www.suno.com.br\/noticias\/divida-publica-federal-junho-2023-cpf\/\",\"name\":\"D\u00edvida p\u00fablica federal atinge R$ 6,19 tri em junho com aumento de 2,95%\",\"isPartOf\":{\"@id\":\"https:\/\/www.suno.com.br\/noticias\/#website\"},\"primaryImageOfPage\":{\"@id\":\"https:\/\/www.suno.com.br\/noticias\/divida-publica-federal-junho-2023-cpf\/#primaryimage\"},\"image\":{\"@id\":\"https:\/\/www.suno.com.br\/noticias\/divida-publica-federal-junho-2023-cpf\/#primaryimage\"},\"thumbnailUrl\":\"https:\/\/files.sunoresearch.com.br\/n\/uploads\/2023\/05\/governo-presidencia-planalto-brasil.jpg\",\"datePublished\":\"2023-07-21T16:26:29+00:00\",\"dateModified\":\"2023-07-21T16:26:36+00:00\",\"description\":\"D\u00edvida p\u00fablica federal atinge novo recorde em junho, com menor participa\u00e7\u00e3o de investidores estrangeiros e mais apetite por risco.\",\"breadcrumb\":{\"@id\":\"https:\/\/www.suno.com.br\/noticias\/divida-publica-federal-junho-2023-cpf\/#breadcrumb\"},\"inLanguage\":\"pt-BR\",\"potentialAction\":[{\"@type\":\"ReadAction\",\"target\":[\"https:\/\/www.suno.com.br\/noticias\/divida-publica-federal-junho-2023-cpf\/\"]}]},{\"@type\":\"ImageObject\",\"inLanguage\":\"pt-BR\",\"@id\":\"https:\/\/www.suno.com.br\/noticias\/divida-publica-federal-junho-2023-cpf\/#primaryimage\",\"url\":\"https:\/\/files.sunoresearch.com.br\/n\/uploads\/2023\/05\/governo-presidencia-planalto-brasil.jpg\",\"contentUrl\":\"https:\/\/files.sunoresearch.com.br\/n\/uploads\/2023\/05\/governo-presidencia-planalto-brasil.jpg\",\"width\":1200,\"height\":800,\"caption\":\"Governo Federal. - Foto: iStock\"},{\"@type\":\"BreadcrumbList\",\"@id\":\"https:\/\/www.suno.com.br\/noticias\/divida-publica-federal-junho-2023-cpf\/#breadcrumb\",\"itemListElement\":[{\"@type\":\"ListItem\",\"position\":1,\"name\":\"Not\u00edcias\",\"item\":\"https:\/\/www.suno.com.br\/noticias\/\"},{\"@type\":\"ListItem\",\"position\":2,\"name\":\"Neg\u00f3cios\",\"item\":\"https:\/\/www.suno.com.br\/noticias\/negocios\/\"},{\"@type\":\"ListItem\",\"position\":3,\"name\":\"D\u00edvida p\u00fablica federal atinge R$ 6,19 trilh\u00f5es em junho com aumento de 2,95%\"}]},{\"@type\":\"WebSite\",\"@id\":\"https:\/\/www.suno.com.br\/noticias\/#website\",\"url\":\"https:\/\/www.suno.com.br\/noticias\/\",\"name\":\"Suno Not\u00edcias\",\"description\":\"Seu portal de informa\u00e7\u00e3o sobre o mundo dos investimentos\",\"publisher\":{\"@id\":\"https:\/\/www.suno.com.br\/noticias\/#organization\"},\"potentialAction\":[{\"@type\":\"SearchAction\",\"target\":{\"@type\":\"EntryPoint\",\"urlTemplate\":\"https:\/\/www.suno.com.br\/noticias\/?s={search_term_string}\"},\"query-input\":{\"@type\":\"PropertyValueSpecification\",\"valueRequired\":true,\"valueName\":\"search_term_string\"}}],\"inLanguage\":\"pt-BR\"},{\"@type\":\"Organization\",\"@id\":\"https:\/\/www.suno.com.br\/noticias\/#organization\",\"name\":\"Suno Not\u00edcias\",\"url\":\"https:\/\/www.suno.com.br\/noticias\/\",\"logo\":{\"@type\":\"ImageObject\",\"inLanguage\":\"pt-BR\",\"@id\":\"https:\/\/www.suno.com.br\/noticias\/#\/schema\/logo\/image\/\",\"url\":\"https:\/\/files.sunoresearch.com.br\/n\/uploads\/2021\/09\/suno-logo.png\",\"contentUrl\":\"https:\/\/files.sunoresearch.com.br\/n\/uploads\/2021\/09\/suno-logo.png\",\"width\":180,\"height\":180,\"caption\":\"Suno Not\u00edcias\"},\"image\":{\"@id\":\"https:\/\/www.suno.com.br\/noticias\/#\/schema\/logo\/image\/\"},\"sameAs\":[\"https:\/\/facebook.com\/sunoresearch\",\"https:\/\/x.com\/sunoresearch\",\"https:\/\/www.instagram.com\/suno\",\"https:\/\/www.linkedin.com\/company\/suno-research\/\",\"https:\/\/www.youtube.com\/c\/sunoresearch\"]},{\"@type\":\"Person\",\"@id\":\"https:\/\/www.suno.com.br\/noticias\/#\/schema\/person\/f341d3ae5d1cc685176c9a5327cdfdbb\",\"name\":\"Camila Paim\",\"image\":{\"@type\":\"ImageObject\",\"inLanguage\":\"pt-BR\",\"@id\":\"https:\/\/www.suno.com.br\/noticias\/#\/schema\/person\/image\/\",\"url\":\"https:\/\/secure.gravatar.com\/avatar\/f33728e65febb1aa7ecf6792956f9b20?s=96&r=g\",\"contentUrl\":\"https:\/\/secure.gravatar.com\/avatar\/f33728e65febb1aa7ecf6792956f9b20?s=96&r=g\",\"caption\":\"Camila Paim\"},\"description\":\"Jornalista formada pela USP, tem experi\u00eancia em reda\u00e7\u00f5es, SEO, Branded Content e Webdesign. Com passagem pelo Jornal da USP, Empiricus e C6 Bank, hoje \u00e9 rep\u00f3rter no Suno Not\u00edcias cobrindo macroeconomia, finan\u00e7as pessoais e startups.\",\"url\":\"https:\/\/www.suno.com.br\/noticias\/author\/camila-figueiredosuno-com-br\/\"}]}<\/script>\n<!-- \/ Yoast SEO plugin. -->","yoast_head_json":{"title":"D\u00edvida p\u00fablica federal atinge R$ 6,19 tri em junho com aumento de 2,95%","description":"D\u00edvida p\u00fablica federal atinge novo recorde em junho, com menor participa\u00e7\u00e3o de investidores estrangeiros e mais apetite por risco.","robots":{"index":"index","follow":"follow","max-snippet":"max-snippet:-1","max-image-preview":"max-image-preview:large","max-video-preview":"max-video-preview:-1"},"canonical":"https:\/\/www.suno.com.br\/noticias\/divida-publica-federal-junho-2023-cpf\/","og_locale":"pt_BR","og_type":"article","og_title":"D\u00edvida p\u00fablica federal atinge R$ 6,19 tri em junho com aumento de 2,95%","og_description":"D\u00edvida p\u00fablica federal atinge novo recorde em junho, com menor participa\u00e7\u00e3o de investidores estrangeiros e mais apetite por risco.","og_url":"https:\/\/www.suno.com.br\/noticias\/divida-publica-federal-junho-2023-cpf\/","og_site_name":"Suno Not\u00edcias","article_publisher":"https:\/\/facebook.com\/sunoresearch","og_image":[{"width":1200,"height":800,"url":"https:\/\/files.sunoresearch.com.br\/n\/uploads\/2023\/05\/governo-presidencia-planalto-brasil.jpg","type":"image\/jpeg"}],"author":"Camila Paim","twitter_card":"summary_large_image","twitter_creator":"@sunoresearch","twitter_site":"@sunoresearch","twitter_misc":{"Escrito por":"Camila Paim","Est. tempo de leitura":"4 minutos"},"schema":{"@context":"https:\/\/schema.org","@graph":[{"@type":"NewsArticle","@id":"https:\/\/www.suno.com.br\/noticias\/divida-publica-federal-junho-2023-cpf\/#article","isPartOf":{"@id":"https:\/\/www.suno.com.br\/noticias\/divida-publica-federal-junho-2023-cpf\/"},"author":{"name":"Camila Paim","@id":"https:\/\/www.suno.com.br\/noticias\/#\/schema\/person\/f341d3ae5d1cc685176c9a5327cdfdbb"},"headline":"D\u00edvida p\u00fablica federal atinge R$ 6,19 trilh\u00f5es em junho com aumento de 2,95%","datePublished":"2023-07-21T16:26:29+00:00","dateModified":"2023-07-21T16:26:36+00:00","mainEntityOfPage":{"@id":"https:\/\/www.suno.com.br\/noticias\/divida-publica-federal-junho-2023-cpf\/"},"wordCount":639,"publisher":{"@id":"https:\/\/www.suno.com.br\/noticias\/#organization"},"image":{"@id":"https:\/\/www.suno.com.br\/noticias\/divida-publica-federal-junho-2023-cpf\/#primaryimage"},"thumbnailUrl":"https:\/\/files.sunoresearch.com.br\/n\/uploads\/2023\/05\/governo-presidencia-planalto-brasil.jpg","keywords":["Ag\u00eancias","D\u00edvida P\u00fablica Federal","Tesouro Nacional"],"articleSection":["Neg\u00f3cios"],"inLanguage":"pt-BR"},{"@type":"WebPage","@id":"https:\/\/www.suno.com.br\/noticias\/divida-publica-federal-junho-2023-cpf\/","url":"https:\/\/www.suno.com.br\/noticias\/divida-publica-federal-junho-2023-cpf\/","name":"D\u00edvida p\u00fablica federal atinge R$ 6,19 tri em junho com aumento de 2,95%","isPartOf":{"@id":"https:\/\/www.suno.com.br\/noticias\/#website"},"primaryImageOfPage":{"@id":"https:\/\/www.suno.com.br\/noticias\/divida-publica-federal-junho-2023-cpf\/#primaryimage"},"image":{"@id":"https:\/\/www.suno.com.br\/noticias\/divida-publica-federal-junho-2023-cpf\/#primaryimage"},"thumbnailUrl":"https:\/\/files.sunoresearch.com.br\/n\/uploads\/2023\/05\/governo-presidencia-planalto-brasil.jpg","datePublished":"2023-07-21T16:26:29+00:00","dateModified":"2023-07-21T16:26:36+00:00","description":"D\u00edvida p\u00fablica federal atinge novo recorde em junho, com menor participa\u00e7\u00e3o de investidores estrangeiros e mais apetite por risco.","breadcrumb":{"@id":"https:\/\/www.suno.com.br\/noticias\/divida-publica-federal-junho-2023-cpf\/#breadcrumb"},"inLanguage":"pt-BR","potentialAction":[{"@type":"ReadAction","target":["https:\/\/www.suno.com.br\/noticias\/divida-publica-federal-junho-2023-cpf\/"]}]},{"@type":"ImageObject","inLanguage":"pt-BR","@id":"https:\/\/www.suno.com.br\/noticias\/divida-publica-federal-junho-2023-cpf\/#primaryimage","url":"https:\/\/files.sunoresearch.com.br\/n\/uploads\/2023\/05\/governo-presidencia-planalto-brasil.jpg","contentUrl":"https:\/\/files.sunoresearch.com.br\/n\/uploads\/2023\/05\/governo-presidencia-planalto-brasil.jpg","width":1200,"height":800,"caption":"Governo Federal. - Foto: iStock"},{"@type":"BreadcrumbList","@id":"https:\/\/www.suno.com.br\/noticias\/divida-publica-federal-junho-2023-cpf\/#breadcrumb","itemListElement":[{"@type":"ListItem","position":1,"name":"Not\u00edcias","item":"https:\/\/www.suno.com.br\/noticias\/"},{"@type":"ListItem","position":2,"name":"Neg\u00f3cios","item":"https:\/\/www.suno.com.br\/noticias\/negocios\/"},{"@type":"ListItem","position":3,"name":"D\u00edvida p\u00fablica federal atinge R$ 6,19 trilh\u00f5es em junho com aumento de 2,95%"}]},{"@type":"WebSite","@id":"https:\/\/www.suno.com.br\/noticias\/#website","url":"https:\/\/www.suno.com.br\/noticias\/","name":"Suno Not\u00edcias","description":"Seu portal de informa\u00e7\u00e3o sobre o mundo dos investimentos","publisher":{"@id":"https:\/\/www.suno.com.br\/noticias\/#organization"},"potentialAction":[{"@type":"SearchAction","target":{"@type":"EntryPoint","urlTemplate":"https:\/\/www.suno.com.br\/noticias\/?s={search_term_string}"},"query-input":{"@type":"PropertyValueSpecification","valueRequired":true,"valueName":"search_term_string"}}],"inLanguage":"pt-BR"},{"@type":"Organization","@id":"https:\/\/www.suno.com.br\/noticias\/#organization","name":"Suno Not\u00edcias","url":"https:\/\/www.suno.com.br\/noticias\/","logo":{"@type":"ImageObject","inLanguage":"pt-BR","@id":"https:\/\/www.suno.com.br\/noticias\/#\/schema\/logo\/image\/","url":"https:\/\/files.sunoresearch.com.br\/n\/uploads\/2021\/09\/suno-logo.png","contentUrl":"https:\/\/files.sunoresearch.com.br\/n\/uploads\/2021\/09\/suno-logo.png","width":180,"height":180,"caption":"Suno Not\u00edcias"},"image":{"@id":"https:\/\/www.suno.com.br\/noticias\/#\/schema\/logo\/image\/"},"sameAs":["https:\/\/facebook.com\/sunoresearch","https:\/\/x.com\/sunoresearch","https:\/\/www.instagram.com\/suno","https:\/\/www.linkedin.com\/company\/suno-research\/","https:\/\/www.youtube.com\/c\/sunoresearch"]},{"@type":"Person","@id":"https:\/\/www.suno.com.br\/noticias\/#\/schema\/person\/f341d3ae5d1cc685176c9a5327cdfdbb","name":"Camila Paim","image":{"@type":"ImageObject","inLanguage":"pt-BR","@id":"https:\/\/www.suno.com.br\/noticias\/#\/schema\/person\/image\/","url":"https:\/\/secure.gravatar.com\/avatar\/f33728e65febb1aa7ecf6792956f9b20?s=96&r=g","contentUrl":"https:\/\/secure.gravatar.com\/avatar\/f33728e65febb1aa7ecf6792956f9b20?s=96&r=g","caption":"Camila Paim"},"description":"Jornalista formada pela USP, tem experi\u00eancia em reda\u00e7\u00f5es, SEO, Branded Content e Webdesign. Com passagem pelo Jornal da USP, Empiricus e C6 Bank, hoje \u00e9 rep\u00f3rter no Suno Not\u00edcias cobrindo macroeconomia, finan\u00e7as pessoais e startups.","url":"https:\/\/www.suno.com.br\/noticias\/author\/camila-figueiredosuno-com-br\/"}]}},"default_loop_html":"<div class=\"cardsPage__listCard__boxs\"><div class=\"cardsPage__listCard__boxs__img\"><a href=\"https:\/\/www.suno.com.br\/noticias\/divida-publica-federal-junho-2023-cpf\/\"><img class=\"mask\" src=\"https:\/\/www.suno.com.br\/noticias\/wp-content\/themes\/suno\/resources\/images\/spotlight\/spotlight1img\/bg-mask.png\" alt=\"Image Mask\"\/><img src=\"https:\/\/files.sunoresearch.com.br\/n\/uploads\/2023\/05\/governo-presidencia-planalto-brasil-400x200.jpg\" alt=\"D\u00edvida p\u00fablica federal atinge R$ 6,19 trilh\u00f5es em junho com aumento de 2,95%\"\/><\/a><span class=\"spotlightCategory\"><a href=\"https:\/\/www.suno.com.br\/noticias\/negocios\/\">Neg\u00f3cios<\/a><\/span><\/div><div class=\"cardsPage__listCard__boxs__content\"><a href=\"https:\/\/www.suno.com.br\/noticias\/divida-publica-federal-junho-2023-cpf\/\"><h2 class=\"content__title\">D\u00edvida p\u00fablica federal atinge R$ 6,19 trilh\u00f5es em junho com aumento de 2,95%<\/h2><\/a><div class=\"newsContent__article__meta\"><div class=\"newsContent__article__meta__authorBox\"><a href=\"https:\/\/www.suno.com.br\/noticias\/author\/eduardo-vargas\/\" class=\"authorBox__avatar noMobi\"><img src=\"https:\/\/secure.gravatar.com\/avatar\/dac340933427a22924c9f99d1eb2e3f2?s=96&#038;r=g\" alt=\"Eduardo Vargas\"><\/a><div class=\"authorBox__name\"><span>por\n\t\t\t<a href=\"https:\/\/www.suno.com.br\/noticias\/author\/eduardo-vargas\/\"><span itemprop=\"author\">Eduardo Vargas<\/span><\/a><\/span><time datetime=\"2023-07-21T13:26:29-03:00\" itemprop=\"datePublished\">21\/07\/2023 13:26<\/time><\/div><\/div><\/div><\/div><\/div>","single_layout":"posts","amp_enabled":true,"_links":{"self":[{"href":"https:\/\/www.suno.com.br\/noticias\/wp-json\/wp\/v2\/posts\/431663"}],"collection":[{"href":"https:\/\/www.suno.com.br\/noticias\/wp-json\/wp\/v2\/posts"}],"about":[{"href":"https:\/\/www.suno.com.br\/noticias\/wp-json\/wp\/v2\/types\/post"}],"author":[{"embeddable":true,"href":"https:\/\/www.suno.com.br\/noticias\/wp-json\/wp\/v2\/users\/283"}],"replies":[{"embeddable":true,"href":"https:\/\/www.suno.com.br\/noticias\/wp-json\/wp\/v2\/comments?post=431663"}],"version-history":[{"count":2,"href":"https:\/\/www.suno.com.br\/noticias\/wp-json\/wp\/v2\/posts\/431663\/revisions"}],"predecessor-version":[{"id":431755,"href":"https:\/\/www.suno.com.br\/noticias\/wp-json\/wp\/v2\/posts\/431663\/revisions\/431755"}],"wp:featuredmedia":[{"embeddable":true,"href":"https:\/\/www.suno.com.br\/noticias\/wp-json\/wp\/v2\/media\/401489"}],"wp:attachment":[{"href":"https:\/\/www.suno.com.br\/noticias\/wp-json\/wp\/v2\/media?parent=431663"}],"wp:term":[{"taxonomy":"category","embeddable":true,"href":"https:\/\/www.suno.com.br\/noticias\/wp-json\/wp\/v2\/categories?post=431663"},{"taxonomy":"post_tag","embeddable":true,"href":"https:\/\/www.suno.com.br\/noticias\/wp-json\/wp\/v2\/tags?post=431663"},{"taxonomy":"suno_strategy","embeddable":true,"href":"https:\/\/www.suno.com.br\/noticias\/wp-json\/wp\/v2\/suno_strategy?post=431663"}],"curies":[{"name":"wp","href":"https:\/\/api.w.org\/{rel}","templated":true}]}}