{"id":43161,"date":"2019-10-31T11:58:25","date_gmt":"2019-10-31T13:58:25","guid":{"rendered":"https:\/\/www.suno.com.br\/noticias\/?p=43161"},"modified":"2019-11-01T14:16:49","modified_gmt":"2019-11-01T16:16:49","slug":"altria-diminui-a-participacao-na-juul-em-4-bilhoes","status":"publish","type":"post","link":"https:\/\/www.suno.com.br\/noticias\/altria-diminui-a-participacao-na-juul-em-4-bilhoes\/","title":{"rendered":"Altria diminui a participa\u00e7\u00e3o na Juul em US$ 4,5 bilh\u00f5es"},"content":{"rendered":"<p>O Altria Group reduziu\u00a0sua participa\u00e7\u00e3o na <strong>Juul Labs<\/strong>. Com o corte de mais de um ter\u00e7o do investimento, a empresa de cigarros eletr\u00f4nicos \u00e9 avaliada em US$ 24 bilh\u00f5es (R$ 95,52 bilh\u00f5es).<\/p>\t<div class=\"wrapper-featured-image\">\n\t\t<figure class=\"spotlightImg\">\n\n\t\t\t<picture>\n\t\t\t\t<source media=\"(max-width: 768px)\" srcset=\"https:\/\/files.sunoresearch.com.br\/n\/uploads\/2019\/10\/e4aad6dc-altria-400x200.webp\">\n\t\t\t\t<img loading=\"lazy\" decoding=\"async\" class=\"newsContent__article__imgCapa lazyloadDisabled newsContent__article__imgCapa--noCaption\" src=\"https:\/\/files.sunoresearch.com.br\/n\/uploads\/2019\/10\/e4aad6dc-altria-800x450.webp\" width=\"800\" height=\"450\" alt=\"Altria diminui a participa\u00e7\u00e3o na Juul em US$ 4,5 bilh\u00f5es\" fetchpriority=high \/>\n\t\t\t<\/picture>\n\n\t\t\t<figcaption class=\"wp-caption-text wp-caption-text--hide\">Altria diminui a participa\u00e7\u00e3o na Juul em US$ 4,5 bilh\u00f5es <\/figcaption>\n\t\t<\/figure>\n\t<\/div>\n\n\n\n<p>A <strong>Altria<\/strong>, fabricante da Marlboro, nesta quinta-feira (31), citou o processo que corre nos <strong>Estados Unidos<\/strong> referente \u00e0s proibi\u00e7\u00f5es de cigarros eletr\u00f4nicos. Os entraves regulat\u00f3rios e margens abaixo do esperado fizeram com que a companhia reduzisse sua participa\u00e7\u00e3o.<\/p>\n<p>No ano passado, em decorr\u00eancia de um decl\u00ednio exponencial nas vendas de cigarros, a Altria pagou US$ 12,8 bilh\u00f5es por uma participa\u00e7\u00e3o de 35% na Juul, tornando a <a href=\"https:\/\/www.suno.com.br\/artigos\/unicornios\/\">startup<\/a> em uma das melhores avaliadas do Vale do Sil\u00edcio.<\/p>\n<p>Agora a Juul enfrenta a proibi\u00e7\u00e3o federal de sabores dos cigarros eletr\u00f4nicos, o que impacta em mais de 80% das suas vendas em territ\u00f3rio norte-americano.<\/p>\n<p><a href=\"https:\/\/www.suno.com.br\/noticias\/desemprego-no-brasil-chega-a-118-no-terceiro-trimestre\/\">Veja tamb\u00e9m: Desemprego cai 0,3% no trimestre e fica em 11,8%, diz IBGE<\/a><\/p>\n<p>Como medida emergencial, a empresa planeja cortar entre 400 e 600 empregos at\u00e9 o final de 2019. A Juul procura melhorar as rela\u00e7\u00f5es estremecidas com os \u00f3rg\u00e3os reguladores.<\/p>\n<p>&#8220;Continuamos acreditando que a evolu\u00e7\u00e3o da ind\u00fastria do tabaco representa uma oportunidade significativa para a Altria&#8221;, afirmou o executivo-chefe da empresa, Howard Willard, atrav\u00e9s de uma nota nesta quinta. &#8220;Com as atuais tend\u00eancias de fumantes adultos e a interrup\u00e7\u00e3o do cigarro eletr\u00f4nico, \u00e9 um momento oportuno para expandir a disponibilidade dessas op\u00e7\u00f5es&#8221;, disse.<\/p>\n\t<p>\n\t\t<a href=\"https:\/\/lp.suno.com.br\/ao\/sessao-estrategica-consultoria-c\/?utm_source=suno-noticias&#038;utm_medium=banner&#038;utm_campaign=_SNC36CE4E9F_&#038;utm_content=fundos-imobiliarios-ou-imoveis-onde-investir-500-mil-go\" target=\"_blank\" data-element=\"shortcode-suno-banner\" title=\"Banner SUNO, clique e saiba mais\">\n\t\t\t<picture>\n\t\t\t\t<source media=\"(max-width: 500px)\" srcset=\"https:\/\/files.sunoresearch.com.br\/n\/uploads\/2025\/09\/300x400.webp\">\n\t\t\t\t<img class=\"newsContent__article__imgCapa newsContent__article__imgCapa--banner\"\n\t\t\t\t\tsrc=\"https:\/\/files.sunoresearch.com.br\/n\/uploads\/2025\/09\/SN-DT-1420x240-1.webp\"\n\t\t\t\t\tdata-promo-id=\"635171\"\t\t\t\t\t\t\t\t\t\twidth='1420' height='240'\t\t\t\t\talt=\"https:\/\/files.sunoresearch.com.br\/n\/uploads\/2025\/09\/SN-DT-1420x240-1.webp\"\n\t\t\t\t>\n\t\t\t<\/picture>\n\t\t<\/a>\n\t<\/p>\n\n\n<p>Willard citou o recente investimento da Altria no projeto da produ\u00e7\u00e3o de nicotina sem tabaco. Al\u00e9m disso, o executivo tamb\u00e9m fez refer\u00eancia ao lan\u00e7amento de outro modelo de cigarro, um dispositivo de tabaco aquecido chamado IQOS, em parceria com a <strong>Philip Morris International<\/strong>, no m\u00eas de setembro.<\/p>\n<p>Esse dispositivo est\u00e1 dispon\u00edvel em Atlanta e ser\u00e1 vendido em Richmond, em Virginia, no pr\u00f3ximo m\u00eas.<\/p>\n<p>A Altria informou que apoia o corte de funcion\u00e1rios da Juul e sua organiza\u00e7\u00e3o governamental. KC Crosthwaite, <a href=\"https:\/\/www.suno.com.br\/artigos\/ceo\/\">CEO<\/a> da Juul, deixou a Altria em setembro para liderar a <strong>startup<\/strong>.<\/p>\n<h2>Altria leva em considera\u00e7\u00e3o as investiga\u00e7\u00f5es<\/h2>\n<p>A Juul \u00e9 alvo de algumas investiga\u00e7\u00f5es. Entre elas, uma investiga\u00e7\u00e3o criminal por promotores federais na Calif\u00f3rnia. At\u00e9 meados de 2020, a empresa deve submeter-se \u00e0 avalia\u00e7\u00e3o do <strong>Food and Drug Administration<\/strong> (FDA, na sigla em ingl\u00eas), o equivalente a <a href=\"https:\/\/www.suno.com.br\/artigos\/agencias-reguladoras\/\">Anvisa<\/a> aqui no Brasil.<\/p>\n<p>O desinvestimento da <strong>Altria<\/strong> vem logo ap\u00f3s a divulga\u00e7\u00e3o das vendas da Juul. Desde que \u00f3rg\u00e3os reguladores, em setembro, orientaram a popula\u00e7\u00e3o a parar de usar cigarros eletr\u00f4nicos enquanto uma doen\u00e7a pulmonar misteriosa \u00e9 investigada, os n\u00fameros da companhia apresentam queda.<\/p>\n","protected":false},"excerpt":{"rendered":"<p>O Altria Group reduziu\u00a0sua participa\u00e7\u00e3o na Juul Labs. Com o corte de mais de um ter\u00e7o do investimento, a empresa de cigarros eletr\u00f4nicos \u00e9 avaliada em US$ 24 bilh\u00f5es (R$ 95,52 bilh\u00f5es). Altria diminui a participa\u00e7\u00e3o na Juul em US$ 4,5 bilh\u00f5es A Altria, fabricante da Marlboro, nesta quinta-feira (31), citou o processo que corre [&hellip;]<\/p>\n","protected":false},"author":24,"featured_media":43194,"comment_status":"closed","ping_status":"closed","sticky":false,"template":"","format":"standard","meta":[],"categories":[64],"tags":[],"suno_strategy":[],"class_list":["post-43161","post","type-post","status-publish","format-standard","has-post-thumbnail","hentry","category-negocios"],"yoast_head":"<!-- This site is optimized with the Yoast SEO plugin v24.4 - https:\/\/yoast.com\/wordpress\/plugins\/seo\/ -->\n<title>Altria diminui a participa\u00e7\u00e3o na Juul em US$ 4,5 bilh\u00f5es<\/title>\n<meta name=\"description\" content=\"O Altria Group reduziu\u00a0sua participa\u00e7\u00e3o na Juul Labs. A empresa de cigarros eletr\u00f4nicos \u00e9 avaliada em US$ 24 bilh\u00f5es.\u00a0Clique e saiba mais.\" \/>\n<meta name=\"robots\" content=\"index, follow, max-snippet:-1, max-image-preview:large, max-video-preview:-1\" \/>\n<link rel=\"canonical\" href=\"https:\/\/www.suno.com.br\/noticias\/altria-diminui-a-participacao-na-juul-em-4-bilhoes\/\" \/>\n<meta property=\"og:locale\" content=\"pt_BR\" \/>\n<meta property=\"og:type\" content=\"article\" \/>\n<meta property=\"og:title\" content=\"Altria diminui a participa\u00e7\u00e3o na Juul em US$ 4,5 bilh\u00f5es\" \/>\n<meta property=\"og:description\" content=\"O Altria Group reduziu\u00a0sua participa\u00e7\u00e3o na Juul Labs. A empresa de cigarros eletr\u00f4nicos \u00e9 avaliada em US$ 24 bilh\u00f5es.\u00a0Clique e saiba mais.\" \/>\n<meta property=\"og:url\" content=\"https:\/\/www.suno.com.br\/noticias\/altria-diminui-a-participacao-na-juul-em-4-bilhoes\/\" \/>\n<meta property=\"og:site_name\" content=\"Suno Not\u00edcias\" \/>\n<meta property=\"article:publisher\" content=\"https:\/\/facebook.com\/sunoresearch\" \/>\n<meta property=\"og:image\" content=\"https:\/\/files.sunoresearch.com.br\/n\/uploads\/2019\/10\/e4aad6dc-altria.jpg\" \/>\n\t<meta property=\"og:image:width\" content=\"4000\" \/>\n\t<meta property=\"og:image:height\" content=\"2667\" \/>\n\t<meta property=\"og:image:type\" content=\"image\/jpeg\" \/>\n<meta name=\"author\" content=\"Jader Lazarini\" \/>\n<meta name=\"twitter:card\" content=\"summary_large_image\" \/>\n<meta name=\"twitter:creator\" content=\"@sunoresearch\" \/>\n<meta name=\"twitter:site\" content=\"@sunoresearch\" \/>\n<meta name=\"twitter:label1\" content=\"Escrito por\" \/>\n\t<meta name=\"twitter:data1\" content=\"Jader Lazarini\" \/>\n\t<meta name=\"twitter:label2\" content=\"Est. tempo de leitura\" \/>\n\t<meta name=\"twitter:data2\" content=\"2 minutos\" \/>\n<script type=\"application\/ld+json\" class=\"yoast-schema-graph\">{\"@context\":\"https:\/\/schema.org\",\"@graph\":[{\"@type\":\"NewsArticle\",\"@id\":\"https:\/\/www.suno.com.br\/noticias\/altria-diminui-a-participacao-na-juul-em-4-bilhoes\/#article\",\"isPartOf\":{\"@id\":\"https:\/\/www.suno.com.br\/noticias\/altria-diminui-a-participacao-na-juul-em-4-bilhoes\/\"},\"author\":{\"name\":\"Jader Lazarini\",\"@id\":\"https:\/\/www.suno.com.br\/noticias\/#\/schema\/person\/918d79de1f0281f01599b93f9ea6e23f\"},\"headline\":\"Altria diminui a participa\u00e7\u00e3o na Juul em US$ 4,5 bilh\u00f5es\",\"datePublished\":\"2019-10-31T13:58:25+00:00\",\"dateModified\":\"2019-11-01T16:16:49+00:00\",\"mainEntityOfPage\":{\"@id\":\"https:\/\/www.suno.com.br\/noticias\/altria-diminui-a-participacao-na-juul-em-4-bilhoes\/\"},\"wordCount\":462,\"publisher\":{\"@id\":\"https:\/\/www.suno.com.br\/noticias\/#organization\"},\"image\":{\"@id\":\"https:\/\/www.suno.com.br\/noticias\/altria-diminui-a-participacao-na-juul-em-4-bilhoes\/#primaryimage\"},\"thumbnailUrl\":\"https:\/\/files.sunoresearch.com.br\/n\/uploads\/2019\/10\/e4aad6dc-altria-scaled.webp\",\"articleSection\":[\"Neg\u00f3cios\"],\"inLanguage\":\"pt-BR\"},{\"@type\":\"WebPage\",\"@id\":\"https:\/\/www.suno.com.br\/noticias\/altria-diminui-a-participacao-na-juul-em-4-bilhoes\/\",\"url\":\"https:\/\/www.suno.com.br\/noticias\/altria-diminui-a-participacao-na-juul-em-4-bilhoes\/\",\"name\":\"Altria diminui a participa\u00e7\u00e3o na Juul em US$ 4,5 bilh\u00f5es\",\"isPartOf\":{\"@id\":\"https:\/\/www.suno.com.br\/noticias\/#website\"},\"primaryImageOfPage\":{\"@id\":\"https:\/\/www.suno.com.br\/noticias\/altria-diminui-a-participacao-na-juul-em-4-bilhoes\/#primaryimage\"},\"image\":{\"@id\":\"https:\/\/www.suno.com.br\/noticias\/altria-diminui-a-participacao-na-juul-em-4-bilhoes\/#primaryimage\"},\"thumbnailUrl\":\"https:\/\/files.sunoresearch.com.br\/n\/uploads\/2019\/10\/e4aad6dc-altria-scaled.webp\",\"datePublished\":\"2019-10-31T13:58:25+00:00\",\"dateModified\":\"2019-11-01T16:16:49+00:00\",\"description\":\"O Altria Group reduziu\u00a0sua participa\u00e7\u00e3o na Juul Labs. A empresa de cigarros eletr\u00f4nicos \u00e9 avaliada em US$ 24 bilh\u00f5es.\u00a0Clique e saiba mais.\",\"breadcrumb\":{\"@id\":\"https:\/\/www.suno.com.br\/noticias\/altria-diminui-a-participacao-na-juul-em-4-bilhoes\/#breadcrumb\"},\"inLanguage\":\"pt-BR\",\"potentialAction\":[{\"@type\":\"ReadAction\",\"target\":[\"https:\/\/www.suno.com.br\/noticias\/altria-diminui-a-participacao-na-juul-em-4-bilhoes\/\"]}]},{\"@type\":\"ImageObject\",\"inLanguage\":\"pt-BR\",\"@id\":\"https:\/\/www.suno.com.br\/noticias\/altria-diminui-a-participacao-na-juul-em-4-bilhoes\/#primaryimage\",\"url\":\"https:\/\/files.sunoresearch.com.br\/n\/uploads\/2019\/10\/e4aad6dc-altria-scaled.webp\",\"contentUrl\":\"https:\/\/files.sunoresearch.com.br\/n\/uploads\/2019\/10\/e4aad6dc-altria-scaled.webp\",\"width\":2560,\"height\":1707,\"caption\":\"Altria diminui a participa\u00e7\u00e3o na Juul em US$ 4,5 bilh\u00f5es\"},{\"@type\":\"BreadcrumbList\",\"@id\":\"https:\/\/www.suno.com.br\/noticias\/altria-diminui-a-participacao-na-juul-em-4-bilhoes\/#breadcrumb\",\"itemListElement\":[{\"@type\":\"ListItem\",\"position\":1,\"name\":\"Not\u00edcias\",\"item\":\"https:\/\/www.suno.com.br\/noticias\/\"},{\"@type\":\"ListItem\",\"position\":2,\"name\":\"Neg\u00f3cios\",\"item\":\"https:\/\/www.suno.com.br\/noticias\/negocios\/\"},{\"@type\":\"ListItem\",\"position\":3,\"name\":\"Altria diminui a participa\u00e7\u00e3o na Juul em US$ 4,5 bilh\u00f5es\"}]},{\"@type\":\"WebSite\",\"@id\":\"https:\/\/www.suno.com.br\/noticias\/#website\",\"url\":\"https:\/\/www.suno.com.br\/noticias\/\",\"name\":\"Suno Not\u00edcias\",\"description\":\"Seu portal de informa\u00e7\u00e3o sobre o mundo dos investimentos\",\"publisher\":{\"@id\":\"https:\/\/www.suno.com.br\/noticias\/#organization\"},\"potentialAction\":[{\"@type\":\"SearchAction\",\"target\":{\"@type\":\"EntryPoint\",\"urlTemplate\":\"https:\/\/www.suno.com.br\/noticias\/?s={search_term_string}\"},\"query-input\":{\"@type\":\"PropertyValueSpecification\",\"valueRequired\":true,\"valueName\":\"search_term_string\"}}],\"inLanguage\":\"pt-BR\"},{\"@type\":\"Organization\",\"@id\":\"https:\/\/www.suno.com.br\/noticias\/#organization\",\"name\":\"Suno Not\u00edcias\",\"url\":\"https:\/\/www.suno.com.br\/noticias\/\",\"logo\":{\"@type\":\"ImageObject\",\"inLanguage\":\"pt-BR\",\"@id\":\"https:\/\/www.suno.com.br\/noticias\/#\/schema\/logo\/image\/\",\"url\":\"https:\/\/files.sunoresearch.com.br\/n\/uploads\/2021\/09\/suno-logo.png\",\"contentUrl\":\"https:\/\/files.sunoresearch.com.br\/n\/uploads\/2021\/09\/suno-logo.png\",\"width\":180,\"height\":180,\"caption\":\"Suno Not\u00edcias\"},\"image\":{\"@id\":\"https:\/\/www.suno.com.br\/noticias\/#\/schema\/logo\/image\/\"},\"sameAs\":[\"https:\/\/facebook.com\/sunoresearch\",\"https:\/\/x.com\/sunoresearch\",\"https:\/\/www.instagram.com\/suno\",\"https:\/\/www.linkedin.com\/company\/suno-research\/\",\"https:\/\/www.youtube.com\/c\/sunoresearch\"]},{\"@type\":\"Person\",\"@id\":\"https:\/\/www.suno.com.br\/noticias\/#\/schema\/person\/918d79de1f0281f01599b93f9ea6e23f\",\"name\":\"Jader Lazarini\",\"image\":{\"@type\":\"ImageObject\",\"inLanguage\":\"pt-BR\",\"@id\":\"https:\/\/www.suno.com.br\/noticias\/#\/schema\/person\/image\/\",\"url\":\"https:\/\/secure.gravatar.com\/avatar\/3c1ad8caa51589841baeb923fcddea97?s=96&r=g\",\"contentUrl\":\"https:\/\/secure.gravatar.com\/avatar\/3c1ad8caa51589841baeb923fcddea97?s=96&r=g\",\"caption\":\"Jader Lazarini\"},\"description\":\"Jader Lazarini escreve sobre investimentos, finan\u00e7as, economia e neg\u00f3cios. \u00c9 bacharel em Rela\u00e7\u00f5es Internacionais e analista CNPI (2619).\",\"url\":\"https:\/\/www.suno.com.br\/noticias\/author\/jader-lazarini\/\"}]}<\/script>\n<!-- \/ Yoast SEO plugin. -->","yoast_head_json":{"title":"Altria diminui a participa\u00e7\u00e3o na Juul em US$ 4,5 bilh\u00f5es","description":"O Altria Group reduziu\u00a0sua participa\u00e7\u00e3o na Juul Labs. A empresa de cigarros eletr\u00f4nicos \u00e9 avaliada em US$ 24 bilh\u00f5es.\u00a0Clique e saiba mais.","robots":{"index":"index","follow":"follow","max-snippet":"max-snippet:-1","max-image-preview":"max-image-preview:large","max-video-preview":"max-video-preview:-1"},"canonical":"https:\/\/www.suno.com.br\/noticias\/altria-diminui-a-participacao-na-juul-em-4-bilhoes\/","og_locale":"pt_BR","og_type":"article","og_title":"Altria diminui a participa\u00e7\u00e3o na Juul em US$ 4,5 bilh\u00f5es","og_description":"O Altria Group reduziu\u00a0sua participa\u00e7\u00e3o na Juul Labs. A empresa de cigarros eletr\u00f4nicos \u00e9 avaliada em US$ 24 bilh\u00f5es.\u00a0Clique e saiba mais.","og_url":"https:\/\/www.suno.com.br\/noticias\/altria-diminui-a-participacao-na-juul-em-4-bilhoes\/","og_site_name":"Suno Not\u00edcias","article_publisher":"https:\/\/facebook.com\/sunoresearch","og_image":[{"width":4000,"height":2667,"url":"https:\/\/files.sunoresearch.com.br\/n\/uploads\/2019\/10\/e4aad6dc-altria.jpg","type":"image\/jpeg"}],"author":"Jader Lazarini","twitter_card":"summary_large_image","twitter_creator":"@sunoresearch","twitter_site":"@sunoresearch","twitter_misc":{"Escrito por":"Jader Lazarini","Est. tempo de leitura":"2 minutos"},"schema":{"@context":"https:\/\/schema.org","@graph":[{"@type":"NewsArticle","@id":"https:\/\/www.suno.com.br\/noticias\/altria-diminui-a-participacao-na-juul-em-4-bilhoes\/#article","isPartOf":{"@id":"https:\/\/www.suno.com.br\/noticias\/altria-diminui-a-participacao-na-juul-em-4-bilhoes\/"},"author":{"name":"Jader Lazarini","@id":"https:\/\/www.suno.com.br\/noticias\/#\/schema\/person\/918d79de1f0281f01599b93f9ea6e23f"},"headline":"Altria diminui a participa\u00e7\u00e3o na Juul em US$ 4,5 bilh\u00f5es","datePublished":"2019-10-31T13:58:25+00:00","dateModified":"2019-11-01T16:16:49+00:00","mainEntityOfPage":{"@id":"https:\/\/www.suno.com.br\/noticias\/altria-diminui-a-participacao-na-juul-em-4-bilhoes\/"},"wordCount":462,"publisher":{"@id":"https:\/\/www.suno.com.br\/noticias\/#organization"},"image":{"@id":"https:\/\/www.suno.com.br\/noticias\/altria-diminui-a-participacao-na-juul-em-4-bilhoes\/#primaryimage"},"thumbnailUrl":"https:\/\/files.sunoresearch.com.br\/n\/uploads\/2019\/10\/e4aad6dc-altria-scaled.webp","articleSection":["Neg\u00f3cios"],"inLanguage":"pt-BR"},{"@type":"WebPage","@id":"https:\/\/www.suno.com.br\/noticias\/altria-diminui-a-participacao-na-juul-em-4-bilhoes\/","url":"https:\/\/www.suno.com.br\/noticias\/altria-diminui-a-participacao-na-juul-em-4-bilhoes\/","name":"Altria diminui a participa\u00e7\u00e3o na Juul em US$ 4,5 bilh\u00f5es","isPartOf":{"@id":"https:\/\/www.suno.com.br\/noticias\/#website"},"primaryImageOfPage":{"@id":"https:\/\/www.suno.com.br\/noticias\/altria-diminui-a-participacao-na-juul-em-4-bilhoes\/#primaryimage"},"image":{"@id":"https:\/\/www.suno.com.br\/noticias\/altria-diminui-a-participacao-na-juul-em-4-bilhoes\/#primaryimage"},"thumbnailUrl":"https:\/\/files.sunoresearch.com.br\/n\/uploads\/2019\/10\/e4aad6dc-altria-scaled.webp","datePublished":"2019-10-31T13:58:25+00:00","dateModified":"2019-11-01T16:16:49+00:00","description":"O Altria Group reduziu\u00a0sua participa\u00e7\u00e3o na Juul Labs. A empresa de cigarros eletr\u00f4nicos \u00e9 avaliada em US$ 24 bilh\u00f5es.\u00a0Clique e saiba mais.","breadcrumb":{"@id":"https:\/\/www.suno.com.br\/noticias\/altria-diminui-a-participacao-na-juul-em-4-bilhoes\/#breadcrumb"},"inLanguage":"pt-BR","potentialAction":[{"@type":"ReadAction","target":["https:\/\/www.suno.com.br\/noticias\/altria-diminui-a-participacao-na-juul-em-4-bilhoes\/"]}]},{"@type":"ImageObject","inLanguage":"pt-BR","@id":"https:\/\/www.suno.com.br\/noticias\/altria-diminui-a-participacao-na-juul-em-4-bilhoes\/#primaryimage","url":"https:\/\/files.sunoresearch.com.br\/n\/uploads\/2019\/10\/e4aad6dc-altria-scaled.webp","contentUrl":"https:\/\/files.sunoresearch.com.br\/n\/uploads\/2019\/10\/e4aad6dc-altria-scaled.webp","width":2560,"height":1707,"caption":"Altria diminui a participa\u00e7\u00e3o na Juul em US$ 4,5 bilh\u00f5es"},{"@type":"BreadcrumbList","@id":"https:\/\/www.suno.com.br\/noticias\/altria-diminui-a-participacao-na-juul-em-4-bilhoes\/#breadcrumb","itemListElement":[{"@type":"ListItem","position":1,"name":"Not\u00edcias","item":"https:\/\/www.suno.com.br\/noticias\/"},{"@type":"ListItem","position":2,"name":"Neg\u00f3cios","item":"https:\/\/www.suno.com.br\/noticias\/negocios\/"},{"@type":"ListItem","position":3,"name":"Altria diminui a participa\u00e7\u00e3o na Juul em US$ 4,5 bilh\u00f5es"}]},{"@type":"WebSite","@id":"https:\/\/www.suno.com.br\/noticias\/#website","url":"https:\/\/www.suno.com.br\/noticias\/","name":"Suno Not\u00edcias","description":"Seu portal de informa\u00e7\u00e3o sobre o mundo dos investimentos","publisher":{"@id":"https:\/\/www.suno.com.br\/noticias\/#organization"},"potentialAction":[{"@type":"SearchAction","target":{"@type":"EntryPoint","urlTemplate":"https:\/\/www.suno.com.br\/noticias\/?s={search_term_string}"},"query-input":{"@type":"PropertyValueSpecification","valueRequired":true,"valueName":"search_term_string"}}],"inLanguage":"pt-BR"},{"@type":"Organization","@id":"https:\/\/www.suno.com.br\/noticias\/#organization","name":"Suno Not\u00edcias","url":"https:\/\/www.suno.com.br\/noticias\/","logo":{"@type":"ImageObject","inLanguage":"pt-BR","@id":"https:\/\/www.suno.com.br\/noticias\/#\/schema\/logo\/image\/","url":"https:\/\/files.sunoresearch.com.br\/n\/uploads\/2021\/09\/suno-logo.png","contentUrl":"https:\/\/files.sunoresearch.com.br\/n\/uploads\/2021\/09\/suno-logo.png","width":180,"height":180,"caption":"Suno Not\u00edcias"},"image":{"@id":"https:\/\/www.suno.com.br\/noticias\/#\/schema\/logo\/image\/"},"sameAs":["https:\/\/facebook.com\/sunoresearch","https:\/\/x.com\/sunoresearch","https:\/\/www.instagram.com\/suno","https:\/\/www.linkedin.com\/company\/suno-research\/","https:\/\/www.youtube.com\/c\/sunoresearch"]},{"@type":"Person","@id":"https:\/\/www.suno.com.br\/noticias\/#\/schema\/person\/918d79de1f0281f01599b93f9ea6e23f","name":"Jader Lazarini","image":{"@type":"ImageObject","inLanguage":"pt-BR","@id":"https:\/\/www.suno.com.br\/noticias\/#\/schema\/person\/image\/","url":"https:\/\/secure.gravatar.com\/avatar\/3c1ad8caa51589841baeb923fcddea97?s=96&r=g","contentUrl":"https:\/\/secure.gravatar.com\/avatar\/3c1ad8caa51589841baeb923fcddea97?s=96&r=g","caption":"Jader Lazarini"},"description":"Jader Lazarini escreve sobre investimentos, finan\u00e7as, economia e neg\u00f3cios. \u00c9 bacharel em Rela\u00e7\u00f5es Internacionais e analista CNPI (2619).","url":"https:\/\/www.suno.com.br\/noticias\/author\/jader-lazarini\/"}]}},"default_loop_html":"<div class=\"cardsPage__listCard__boxs\"><div class=\"cardsPage__listCard__boxs__img\"><a href=\"https:\/\/www.suno.com.br\/noticias\/altria-diminui-a-participacao-na-juul-em-4-bilhoes\/\"><img class=\"mask\" src=\"https:\/\/www.suno.com.br\/noticias\/wp-content\/themes\/suno\/resources\/images\/spotlight\/spotlight1img\/bg-mask.png\" alt=\"Image Mask\"\/><img src=\"https:\/\/files.sunoresearch.com.br\/n\/uploads\/2019\/10\/e4aad6dc-altria-400x200.webp\" alt=\"Altria diminui a participa\u00e7\u00e3o na Juul em US$ 4,5 bilh\u00f5es\"\/><\/a><span class=\"spotlightCategory\"><a href=\"https:\/\/www.suno.com.br\/noticias\/negocios\/\">Neg\u00f3cios<\/a><\/span><\/div><div class=\"cardsPage__listCard__boxs__content\"><a href=\"https:\/\/www.suno.com.br\/noticias\/altria-diminui-a-participacao-na-juul-em-4-bilhoes\/\"><h2 class=\"content__title\">Altria diminui a participa\u00e7\u00e3o na Juul em US$ 4,5 bilh\u00f5es<\/h2><\/a><div class=\"newsContent__article__meta\"><div class=\"newsContent__article__meta__authorBox\"><a href=\"https:\/\/www.suno.com.br\/noticias\/author\/jader-lazarini\/\" class=\"authorBox__avatar noMobi\"><img src=\"https:\/\/files.sunoresearch.com.br\/n\/uploads\/2021\/01\/178e6598-foto-perfil-2-150x150.jpg\" alt=\"Jader Lazarini\"><\/a><div class=\"authorBox__name\"><span>por\n\t\t\t<a href=\"https:\/\/www.suno.com.br\/noticias\/author\/jader-lazarini\/\"><span itemprop=\"author\">Jader Lazarini<\/span><\/a><\/span><time datetime=\"2019-10-31T11:58:25-03:00\" itemprop=\"datePublished\">31\/10\/2019 11:58<\/time><\/div><\/div><\/div><\/div><\/div>","single_layout":"posts","amp_enabled":true,"_links":{"self":[{"href":"https:\/\/www.suno.com.br\/noticias\/wp-json\/wp\/v2\/posts\/43161"}],"collection":[{"href":"https:\/\/www.suno.com.br\/noticias\/wp-json\/wp\/v2\/posts"}],"about":[{"href":"https:\/\/www.suno.com.br\/noticias\/wp-json\/wp\/v2\/types\/post"}],"author":[{"embeddable":true,"href":"https:\/\/www.suno.com.br\/noticias\/wp-json\/wp\/v2\/users\/24"}],"replies":[{"embeddable":true,"href":"https:\/\/www.suno.com.br\/noticias\/wp-json\/wp\/v2\/comments?post=43161"}],"version-history":[{"count":0,"href":"https:\/\/www.suno.com.br\/noticias\/wp-json\/wp\/v2\/posts\/43161\/revisions"}],"wp:featuredmedia":[{"embeddable":true,"href":"https:\/\/www.suno.com.br\/noticias\/wp-json\/wp\/v2\/media\/43194"}],"wp:attachment":[{"href":"https:\/\/www.suno.com.br\/noticias\/wp-json\/wp\/v2\/media?parent=43161"}],"wp:term":[{"taxonomy":"category","embeddable":true,"href":"https:\/\/www.suno.com.br\/noticias\/wp-json\/wp\/v2\/categories?post=43161"},{"taxonomy":"post_tag","embeddable":true,"href":"https:\/\/www.suno.com.br\/noticias\/wp-json\/wp\/v2\/tags?post=43161"},{"taxonomy":"suno_strategy","embeddable":true,"href":"https:\/\/www.suno.com.br\/noticias\/wp-json\/wp\/v2\/suno_strategy?post=43161"}],"curies":[{"name":"wp","href":"https:\/\/api.w.org\/{rel}","templated":true}]}}