{"id":431581,"date":"2023-07-21T07:47:52","date_gmt":"2023-07-21T10:47:52","guid":{"rendered":"https:\/\/www.suno.com.br\/noticias\/?p=431581"},"modified":"2023-07-21T07:47:56","modified_gmt":"2023-07-21T10:47:56","slug":"haddad-nega-taxar-renda-cumprir-meta-fiscal-evm","status":"publish","type":"post","link":"https:\/\/www.suno.com.br\/noticias\/haddad-nega-taxar-renda-cumprir-meta-fiscal-evm\/","title":{"rendered":"Haddad nega que taxar renda tenha o objetivo de cumprir meta fiscal"},"content":{"rendered":"<p>O ministro da Fazenda, <strong><a href=\"https:\/\/www.suno.com.br\/noticias\/fundos-investimento-governo-projeto-taxar-super-ricos\/\" target=\"_blank\" rel=\"noreferrer noopener\">Fernando Haddad<\/a><\/strong>, disse nesta quinta-feira (2), estar otimista em rela\u00e7\u00e3o ao cumprimento das metas fiscais do governo e que o grupo t\u00e9cnico da pasta tem sido conservador, adotando sempre as menores previs\u00f5es de arrecada\u00e7\u00e3o para n\u00e3o frustrar expectativas. At\u00e9 por isso, segundo ele, o Or\u00e7amento do pr\u00f3ximo ano est\u00e1 sendo feito sob bases &#8220;s\u00f3lidas&#8221;.<\/p>\t<div class=\"wrapper-featured-image\">\n\t\t<figure class=\"spotlightImg\">\n\n\t\t\t<picture>\n\t\t\t\t<source media=\"(max-width: 768px)\" srcset=\"https:\/\/files.sunoresearch.com.br\/n\/uploads\/2023\/03\/fernando-haddad-entrevista-reforma-tributaria-foto-cnnbrasil-400x200.jpg\">\n\t\t\t\t<img loading=\"lazy\" decoding=\"async\" class=\"newsContent__article__imgCapa lazyloadDisabled \" src=\"https:\/\/files.sunoresearch.com.br\/n\/uploads\/2023\/03\/fernando-haddad-entrevista-reforma-tributaria-foto-cnnbrasil-800x450.jpg\" width=\"800\" height=\"450\" alt=\"Haddad nega que taxar renda tenha o objetivo de cumprir meta fiscal\" fetchpriority=high \/>\n\t\t\t<\/picture>\n\n\t\t\t<figcaption class=\"wp-caption-text wp-caption-text--show\">Fernando Haddad, ministro da Fazenda. Foto: CNN Brasil<\/figcaption>\n\t\t<\/figure>\n\t<\/div>\n\n\n\n\n\n\t<p>\n\t\t<a href=\"\" target=\"_blank\" data-element=\"shortcode-suno-banner\" title=\"Banner SUNO, clique e saiba mais\">\n\t\t\t<picture>\n\t\t\t\t<source media=\"(max-width: 500px)\" srcset=\"\">\n\t\t\t\t<img class=\"newsContent__article__imgCapa newsContent__article__imgCapa--banner\"\n\t\t\t\t\tsrc=\"\"\n\t\t\t\t\tdata-promo-id=\"240038\"\t\t\t\t\t\t\t\t\t\t\t\t\t\t\talt=\"\"\n\t\t\t\t>\n\t\t\t<\/picture>\n\t\t<\/a>\n\t<\/p>\n\n\n\n\n\n\n\n<p>Haddad negou ainda que a proposta de <a class=\"suno-keyword\" target=\"_blank\" data-force=\"no\" data-priority=\"2\" href=\"https:\/\/www.suno.com.br\/artigos\/reforma-tributaria\/\" rel=\"noopener\">reforma tribut\u00e1ria<\/a> em negocia\u00e7\u00e3o no Congresso e o projeto para modificar a tributa\u00e7\u00e3o sobre renda e patrim\u00f4nio &#8211; que deve ser apresentado at\u00e9 o fim do ano &#8211; tenham o objetivo de aumentar a arrecada\u00e7\u00e3o para garantir o cumprimento das metas fiscais. O novo arcabou\u00e7o (que ainda depende de vota\u00e7\u00e3o na C\u00e2mara) prev\u00ea <a class=\"suno-keyword\" target=\"_blank\" data-force=\"no\" data-priority=\"1\" href=\"https:\/\/www.suno.com.br\/artigos\/deficit-publico\/\" rel=\"noopener\">d\u00e9ficit p\u00fablico<\/a> zero j\u00e1 a partir de 2024.<\/p>\n\n\n\n<p>Segundo Haddad, o <a class=\"suno-keyword\" target=\"_blank\" data-force=\"no\" data-priority=\"1\" href=\"https:\/\/www.suno.com.br\/artigos\/ajuste-fiscal\/\" rel=\"noopener\">ajuste fiscal<\/a> de momento tem sido feito por meio de redu\u00e7\u00e3o de gastos tribut\u00e1rios, retomada de quest\u00f5es antigas &#8211; como marco de garantias e o sistema de vota\u00e7\u00e3o do Conselho Administrativo de Recursos Fiscais (Carf) &#8211; e acabando com &#8220;penduricalhos&#8221;, termo usado em refer\u00eancia a ren\u00fancias fiscais consideradas indevidas por terem baixo impacto social.<\/p>\n\n\n\n<p>O ministro disse que as ren\u00fancias de receita chegam hoje a 6% do PIB, e que a mudan\u00e7a no funcionamento do Carf vai resolver o represamento de processos que somam R$ 1,4 trilh\u00e3o. &#8220;Saltamos de menos de R$ 600 bilh\u00f5es para R$ 1,4 trilh\u00e3o. \u00c9 um aumento consider\u00e1vel&#8221;, disse ele, sobre a arrecada\u00e7\u00e3o potencial ligada a julgamentos no tribunal administrativo da Receita.<\/p>\n\n\n\n<p>Questionado sobre eventuais mudan\u00e7as no <a class=\"suno-keyword\" data-force=\"no\" data-priority=\"3\" href=\"https:\/\/www.suno.com.br\/artigos\/simples-nacional\/\" target=\"_blank\" rel=\"noopener\">Simples Nacional<\/a> (sistema simplificado de tributa\u00e7\u00e3o de micros e pequenas empresas), Haddad afirmou que a medida n\u00e3o est\u00e1 no horizonte do governo.<\/p>\n\n\n\t<p>\n\t\t<a href=\"https:\/\/lp.suno.com.br\/ebook-gratuito-investindo-no-exterior\/\" target=\"_blank\" data-element=\"shortcode-suno-banner\" title=\"Banner SUNO, clique e saiba mais\">\n\t\t\t<picture>\n\t\t\t\t<source media=\"(max-width: 500px)\" srcset=\"https:\/\/files.sunoresearch.com.br\/n\/uploads\/2023\/03\/400x300-Investindo-no-exterior.png\">\n\t\t\t\t<img class=\"newsContent__article__imgCapa newsContent__article__imgCapa--banner\"\n\t\t\t\t\tsrc=\"https:\/\/files.sunoresearch.com.br\/n\/uploads\/2023\/03\/1420x240-Investindo-no-exterior.png\"\n\t\t\t\t\tdata-promo-id=\"383161\"\t\t\t\t\t\t\t\t\t\twidth='1420' height='240'\t\t\t\t\talt=\"https:\/\/files.sunoresearch.com.br\/n\/uploads\/2023\/03\/1420x240-Investindo-no-exterior.png\"\n\t\t\t\t>\n\t\t\t<\/picture>\n\t\t<\/a>\n\t<\/p>\n\n\n\n\n\n<h2 class=\"wp-block-heading\">Haddad sobe juros<\/h2>\n\n\n\n<p>Na mesma entrevista, Haddad voltou \u00e0 carga contra a <a class=\"suno-keyword\" target=\"_blank\" data-force=\"no\" data-priority=\"1\" href=\"https:\/\/www.suno.com.br\/artigos\/taxa-de-juros\/\" rel=\"noopener\">taxa b\u00e1sica de juros<\/a>, estabelecida pelo Banco Central (BC) em 13,75% ao ano. Haddad disse que a autarquia poderia dar um &#8220;retorno&#8221; em rela\u00e7\u00e3o aos esfor\u00e7os do governo na \u00e1rea econ\u00f4mica, como a apresenta\u00e7\u00e3o do marco fiscal ao Congresso e avan\u00e7os relativos \u00e0 reforma tribut\u00e1ria.<\/p>\n\n\n\n<p>&#8220;O que se espera \u00e9 que haja uma rea\u00e7\u00e3o compat\u00edvel. Do ponto de vista da autoridade monet\u00e1ria, se espera um retorno do esfor\u00e7o que foi feito. Evidentemente, do meu ponto de vista, h\u00e1 algum tempo temos espa\u00e7o para caminhar para a mesma dire\u00e7\u00e3o (de baixa da taxa de juros)&#8221;, disse <strong>Haddad<\/strong>. A pr\u00f3xima reuni\u00e3o do Comit\u00ea de <a class=\"suno-keyword\" data-force=\"no\" data-priority=\"1\" href=\"https:\/\/www.suno.com.br\/artigos\/politica-monetaria\/\" target=\"_blank\" rel=\"noopener\">Pol\u00edtica Monet\u00e1ria<\/a> (Copom) do BC acontece no in\u00edcio de agosto.<\/p>\n\n\n\n<p>Com Estad\u00e3o Conte\u00fado<\/p>\n\n\n\t<p>\n\t\t<a href=\"https:\/\/lp.suno.com.br\/planilha-da-vida-financeira\/\" target=\"_blank\" data-element=\"shortcode-suno-banner\" title=\"Banner SUNO, clique e saiba mais\">\n\t\t\t<picture>\n\t\t\t\t<source media=\"(max-width: 500px)\" srcset=\"https:\/\/files.sunoresearch.com.br\/n\/uploads\/2023\/04\/400x300-Planilha-vida-financeira-true.png\">\n\t\t\t\t<img class=\"newsContent__article__imgCapa newsContent__article__imgCapa--banner\"\n\t\t\t\t\tsrc=\"https:\/\/files.sunoresearch.com.br\/n\/uploads\/2023\/04\/1420x240-Planilha-vida-financeira-true.png\"\n\t\t\t\t\tdata-promo-id=\"383123\"\t\t\t\t\t\t\t\t\t\twidth='1420' height='240'\t\t\t\t\talt=\"https:\/\/files.sunoresearch.com.br\/n\/uploads\/2023\/04\/1420x240-Planilha-vida-financeira-true.png\"\n\t\t\t\t>\n\t\t\t<\/picture>\n\t\t<\/a>\n\t<\/p>\n\n\n","protected":false},"excerpt":{"rendered":"<p>O ministro da Fazenda, Fernando Haddad, disse nesta quinta-feira (2), estar otimista em rela\u00e7\u00e3o ao cumprimento das metas fiscais do governo e que o grupo t\u00e9cnico da pasta tem sido conservador, adotando sempre as menores previs\u00f5es de arrecada\u00e7\u00e3o para n\u00e3o frustrar expectativas. At\u00e9 por isso, segundo ele, o Or\u00e7amento do pr\u00f3ximo ano est\u00e1 sendo feito [&hellip;]<\/p>\n","protected":false},"author":73,"featured_media":375286,"comment_status":"closed","ping_status":"closed","sticky":false,"template":"","format":"standard","meta":[],"categories":[62],"tags":[106444,716],"suno_strategy":[],"class_list":["post-431581","post","type-post","status-publish","format-standard","has-post-thumbnail","hentry","category-economia","tag-agencias","tag-fernando-haddad"],"yoast_head":"<!-- This site is optimized with the Yoast SEO plugin v24.4 - https:\/\/yoast.com\/wordpress\/plugins\/seo\/ -->\n<title>Haddad nega que taxar renda tenha o objetivo de cumprir meta fiscal<\/title>\n<meta name=\"description\" content=\"Haddad negou ainda que a proposta de reforma tribut\u00e1ria em negocia\u00e7\u00e3o no Congresso tenha objetivo de cumprir metas fiscais\" \/>\n<meta name=\"robots\" content=\"index, follow, max-snippet:-1, max-image-preview:large, max-video-preview:-1\" \/>\n<link rel=\"canonical\" href=\"https:\/\/www.suno.com.br\/noticias\/haddad-nega-taxar-renda-cumprir-meta-fiscal-evm\/\" \/>\n<meta property=\"og:locale\" content=\"pt_BR\" \/>\n<meta property=\"og:type\" content=\"article\" \/>\n<meta property=\"og:title\" content=\"Haddad nega que taxar renda tenha o objetivo de cumprir meta fiscal\" \/>\n<meta property=\"og:description\" content=\"Haddad negou ainda que a proposta de reforma tribut\u00e1ria em negocia\u00e7\u00e3o no Congresso tenha objetivo de cumprir metas fiscais\" \/>\n<meta property=\"og:url\" content=\"https:\/\/www.suno.com.br\/noticias\/haddad-nega-taxar-renda-cumprir-meta-fiscal-evm\/\" \/>\n<meta property=\"og:site_name\" content=\"Suno Not\u00edcias\" \/>\n<meta property=\"article:publisher\" content=\"https:\/\/facebook.com\/sunoresearch\" \/>\n<meta property=\"og:image\" content=\"https:\/\/files.sunoresearch.com.br\/n\/uploads\/2023\/03\/fernando-haddad-entrevista-reforma-tributaria-foto-cnnbrasil.jpg\" \/>\n\t<meta property=\"og:image:width\" content=\"1200\" \/>\n\t<meta property=\"og:image:height\" content=\"675\" \/>\n\t<meta property=\"og:image:type\" content=\"image\/jpeg\" \/>\n<meta name=\"author\" content=\"Eduardo Vargas\" \/>\n<meta name=\"twitter:card\" content=\"summary_large_image\" \/>\n<meta name=\"twitter:creator\" content=\"@sunoresearch\" \/>\n<meta name=\"twitter:site\" content=\"@sunoresearch\" \/>\n<meta name=\"twitter:label1\" content=\"Escrito por\" \/>\n\t<meta name=\"twitter:data1\" content=\"Eduardo Vargas\" \/>\n\t<meta name=\"twitter:label2\" content=\"Est. tempo de leitura\" \/>\n\t<meta name=\"twitter:data2\" content=\"3 minutos\" \/>\n<script type=\"application\/ld+json\" class=\"yoast-schema-graph\">{\"@context\":\"https:\/\/schema.org\",\"@graph\":[{\"@type\":\"NewsArticle\",\"@id\":\"https:\/\/www.suno.com.br\/noticias\/haddad-nega-taxar-renda-cumprir-meta-fiscal-evm\/#article\",\"isPartOf\":{\"@id\":\"https:\/\/www.suno.com.br\/noticias\/haddad-nega-taxar-renda-cumprir-meta-fiscal-evm\/\"},\"author\":{\"name\":\"Eduardo Vargas\",\"@id\":\"https:\/\/www.suno.com.br\/noticias\/#\/schema\/person\/7f4d362bf3518e76090143ae77bb49a5\"},\"headline\":\"Haddad nega que taxar renda tenha o objetivo de cumprir meta fiscal\",\"datePublished\":\"2023-07-21T10:47:52+00:00\",\"dateModified\":\"2023-07-21T10:47:56+00:00\",\"mainEntityOfPage\":{\"@id\":\"https:\/\/www.suno.com.br\/noticias\/haddad-nega-taxar-renda-cumprir-meta-fiscal-evm\/\"},\"wordCount\":463,\"publisher\":{\"@id\":\"https:\/\/www.suno.com.br\/noticias\/#organization\"},\"image\":{\"@id\":\"https:\/\/www.suno.com.br\/noticias\/haddad-nega-taxar-renda-cumprir-meta-fiscal-evm\/#primaryimage\"},\"thumbnailUrl\":\"https:\/\/files.sunoresearch.com.br\/n\/uploads\/2023\/03\/fernando-haddad-entrevista-reforma-tributaria-foto-cnnbrasil.jpg\",\"keywords\":[\"Ag\u00eancias\",\"Fernando Haddad\"],\"articleSection\":[\"Economia\"],\"inLanguage\":\"pt-BR\"},{\"@type\":\"WebPage\",\"@id\":\"https:\/\/www.suno.com.br\/noticias\/haddad-nega-taxar-renda-cumprir-meta-fiscal-evm\/\",\"url\":\"https:\/\/www.suno.com.br\/noticias\/haddad-nega-taxar-renda-cumprir-meta-fiscal-evm\/\",\"name\":\"Haddad nega que taxar renda tenha o objetivo de cumprir meta fiscal\",\"isPartOf\":{\"@id\":\"https:\/\/www.suno.com.br\/noticias\/#website\"},\"primaryImageOfPage\":{\"@id\":\"https:\/\/www.suno.com.br\/noticias\/haddad-nega-taxar-renda-cumprir-meta-fiscal-evm\/#primaryimage\"},\"image\":{\"@id\":\"https:\/\/www.suno.com.br\/noticias\/haddad-nega-taxar-renda-cumprir-meta-fiscal-evm\/#primaryimage\"},\"thumbnailUrl\":\"https:\/\/files.sunoresearch.com.br\/n\/uploads\/2023\/03\/fernando-haddad-entrevista-reforma-tributaria-foto-cnnbrasil.jpg\",\"datePublished\":\"2023-07-21T10:47:52+00:00\",\"dateModified\":\"2023-07-21T10:47:56+00:00\",\"description\":\"Haddad negou ainda que a proposta de reforma tribut\u00e1ria em negocia\u00e7\u00e3o no Congresso tenha objetivo de cumprir metas fiscais\",\"breadcrumb\":{\"@id\":\"https:\/\/www.suno.com.br\/noticias\/haddad-nega-taxar-renda-cumprir-meta-fiscal-evm\/#breadcrumb\"},\"inLanguage\":\"pt-BR\",\"potentialAction\":[{\"@type\":\"ReadAction\",\"target\":[\"https:\/\/www.suno.com.br\/noticias\/haddad-nega-taxar-renda-cumprir-meta-fiscal-evm\/\"]}]},{\"@type\":\"ImageObject\",\"inLanguage\":\"pt-BR\",\"@id\":\"https:\/\/www.suno.com.br\/noticias\/haddad-nega-taxar-renda-cumprir-meta-fiscal-evm\/#primaryimage\",\"url\":\"https:\/\/files.sunoresearch.com.br\/n\/uploads\/2023\/03\/fernando-haddad-entrevista-reforma-tributaria-foto-cnnbrasil.jpg\",\"contentUrl\":\"https:\/\/files.sunoresearch.com.br\/n\/uploads\/2023\/03\/fernando-haddad-entrevista-reforma-tributaria-foto-cnnbrasil.jpg\",\"width\":1200,\"height\":675,\"caption\":\"Fernando Haddad, ministro da Fazenda. Foto: CNN Brasil\"},{\"@type\":\"BreadcrumbList\",\"@id\":\"https:\/\/www.suno.com.br\/noticias\/haddad-nega-taxar-renda-cumprir-meta-fiscal-evm\/#breadcrumb\",\"itemListElement\":[{\"@type\":\"ListItem\",\"position\":1,\"name\":\"Not\u00edcias\",\"item\":\"https:\/\/www.suno.com.br\/noticias\/\"},{\"@type\":\"ListItem\",\"position\":2,\"name\":\"Economia\",\"item\":\"https:\/\/www.suno.com.br\/noticias\/economia\/\"},{\"@type\":\"ListItem\",\"position\":3,\"name\":\"Haddad nega que taxar renda tenha o objetivo de cumprir meta fiscal\"}]},{\"@type\":\"WebSite\",\"@id\":\"https:\/\/www.suno.com.br\/noticias\/#website\",\"url\":\"https:\/\/www.suno.com.br\/noticias\/\",\"name\":\"Suno Not\u00edcias\",\"description\":\"Seu portal de informa\u00e7\u00e3o sobre o mundo dos investimentos\",\"publisher\":{\"@id\":\"https:\/\/www.suno.com.br\/noticias\/#organization\"},\"potentialAction\":[{\"@type\":\"SearchAction\",\"target\":{\"@type\":\"EntryPoint\",\"urlTemplate\":\"https:\/\/www.suno.com.br\/noticias\/?s={search_term_string}\"},\"query-input\":{\"@type\":\"PropertyValueSpecification\",\"valueRequired\":true,\"valueName\":\"search_term_string\"}}],\"inLanguage\":\"pt-BR\"},{\"@type\":\"Organization\",\"@id\":\"https:\/\/www.suno.com.br\/noticias\/#organization\",\"name\":\"Suno Not\u00edcias\",\"url\":\"https:\/\/www.suno.com.br\/noticias\/\",\"logo\":{\"@type\":\"ImageObject\",\"inLanguage\":\"pt-BR\",\"@id\":\"https:\/\/www.suno.com.br\/noticias\/#\/schema\/logo\/image\/\",\"url\":\"https:\/\/files.sunoresearch.com.br\/n\/uploads\/2021\/09\/suno-logo.png\",\"contentUrl\":\"https:\/\/files.sunoresearch.com.br\/n\/uploads\/2021\/09\/suno-logo.png\",\"width\":180,\"height\":180,\"caption\":\"Suno Not\u00edcias\"},\"image\":{\"@id\":\"https:\/\/www.suno.com.br\/noticias\/#\/schema\/logo\/image\/\"},\"sameAs\":[\"https:\/\/facebook.com\/sunoresearch\",\"https:\/\/x.com\/sunoresearch\",\"https:\/\/www.instagram.com\/suno\",\"https:\/\/www.linkedin.com\/company\/suno-research\/\",\"https:\/\/www.youtube.com\/c\/sunoresearch\"]},{\"@type\":\"Person\",\"@id\":\"https:\/\/www.suno.com.br\/noticias\/#\/schema\/person\/7f4d362bf3518e76090143ae77bb49a5\",\"name\":\"Eduardo Vargas\",\"image\":{\"@type\":\"ImageObject\",\"inLanguage\":\"pt-BR\",\"@id\":\"https:\/\/www.suno.com.br\/noticias\/#\/schema\/person\/image\/\",\"url\":\"https:\/\/secure.gravatar.com\/avatar\/dac340933427a22924c9f99d1eb2e3f2?s=96&r=g\",\"contentUrl\":\"https:\/\/secure.gravatar.com\/avatar\/dac340933427a22924c9f99d1eb2e3f2?s=96&r=g\",\"caption\":\"Eduardo Vargas\"},\"description\":\"Jornalista formado pela UFSC, cobre macroeconomia, neg\u00f3cios e startups para o Suno Not\u00edcias, escrevendo principalmente not\u00edcias sobre o mercado financeiro e a bolsa de valores. No YouTube e no Instagram, \u00e9 respons\u00e1vel pela produ\u00e7\u00e3o de Reels e Shorts do Suno Not\u00edcias. Anteriormente, trabalhou cobrindo economia e cotidiano no ND+ e para o ND, maior jornal impresso de Santa Catarina. Cursou um semestre letivo de Estudos de M\u00eddia na Universidad de Buenos Aires.\",\"url\":\"https:\/\/www.suno.com.br\/noticias\/author\/eduardo-vargas\/\"}]}<\/script>\n<!-- \/ Yoast SEO plugin. -->","yoast_head_json":{"title":"Haddad nega que taxar renda tenha o objetivo de cumprir meta fiscal","description":"Haddad negou ainda que a proposta de reforma tribut\u00e1ria em negocia\u00e7\u00e3o no Congresso tenha objetivo de cumprir metas fiscais","robots":{"index":"index","follow":"follow","max-snippet":"max-snippet:-1","max-image-preview":"max-image-preview:large","max-video-preview":"max-video-preview:-1"},"canonical":"https:\/\/www.suno.com.br\/noticias\/haddad-nega-taxar-renda-cumprir-meta-fiscal-evm\/","og_locale":"pt_BR","og_type":"article","og_title":"Haddad nega que taxar renda tenha o objetivo de cumprir meta fiscal","og_description":"Haddad negou ainda que a proposta de reforma tribut\u00e1ria em negocia\u00e7\u00e3o no Congresso tenha objetivo de cumprir metas fiscais","og_url":"https:\/\/www.suno.com.br\/noticias\/haddad-nega-taxar-renda-cumprir-meta-fiscal-evm\/","og_site_name":"Suno Not\u00edcias","article_publisher":"https:\/\/facebook.com\/sunoresearch","og_image":[{"width":1200,"height":675,"url":"https:\/\/files.sunoresearch.com.br\/n\/uploads\/2023\/03\/fernando-haddad-entrevista-reforma-tributaria-foto-cnnbrasil.jpg","type":"image\/jpeg"}],"author":"Eduardo Vargas","twitter_card":"summary_large_image","twitter_creator":"@sunoresearch","twitter_site":"@sunoresearch","twitter_misc":{"Escrito por":"Eduardo Vargas","Est. tempo de leitura":"3 minutos"},"schema":{"@context":"https:\/\/schema.org","@graph":[{"@type":"NewsArticle","@id":"https:\/\/www.suno.com.br\/noticias\/haddad-nega-taxar-renda-cumprir-meta-fiscal-evm\/#article","isPartOf":{"@id":"https:\/\/www.suno.com.br\/noticias\/haddad-nega-taxar-renda-cumprir-meta-fiscal-evm\/"},"author":{"name":"Eduardo Vargas","@id":"https:\/\/www.suno.com.br\/noticias\/#\/schema\/person\/7f4d362bf3518e76090143ae77bb49a5"},"headline":"Haddad nega que taxar renda tenha o objetivo de cumprir meta fiscal","datePublished":"2023-07-21T10:47:52+00:00","dateModified":"2023-07-21T10:47:56+00:00","mainEntityOfPage":{"@id":"https:\/\/www.suno.com.br\/noticias\/haddad-nega-taxar-renda-cumprir-meta-fiscal-evm\/"},"wordCount":463,"publisher":{"@id":"https:\/\/www.suno.com.br\/noticias\/#organization"},"image":{"@id":"https:\/\/www.suno.com.br\/noticias\/haddad-nega-taxar-renda-cumprir-meta-fiscal-evm\/#primaryimage"},"thumbnailUrl":"https:\/\/files.sunoresearch.com.br\/n\/uploads\/2023\/03\/fernando-haddad-entrevista-reforma-tributaria-foto-cnnbrasil.jpg","keywords":["Ag\u00eancias","Fernando Haddad"],"articleSection":["Economia"],"inLanguage":"pt-BR"},{"@type":"WebPage","@id":"https:\/\/www.suno.com.br\/noticias\/haddad-nega-taxar-renda-cumprir-meta-fiscal-evm\/","url":"https:\/\/www.suno.com.br\/noticias\/haddad-nega-taxar-renda-cumprir-meta-fiscal-evm\/","name":"Haddad nega que taxar renda tenha o objetivo de cumprir meta fiscal","isPartOf":{"@id":"https:\/\/www.suno.com.br\/noticias\/#website"},"primaryImageOfPage":{"@id":"https:\/\/www.suno.com.br\/noticias\/haddad-nega-taxar-renda-cumprir-meta-fiscal-evm\/#primaryimage"},"image":{"@id":"https:\/\/www.suno.com.br\/noticias\/haddad-nega-taxar-renda-cumprir-meta-fiscal-evm\/#primaryimage"},"thumbnailUrl":"https:\/\/files.sunoresearch.com.br\/n\/uploads\/2023\/03\/fernando-haddad-entrevista-reforma-tributaria-foto-cnnbrasil.jpg","datePublished":"2023-07-21T10:47:52+00:00","dateModified":"2023-07-21T10:47:56+00:00","description":"Haddad negou ainda que a proposta de reforma tribut\u00e1ria em negocia\u00e7\u00e3o no Congresso tenha objetivo de cumprir metas fiscais","breadcrumb":{"@id":"https:\/\/www.suno.com.br\/noticias\/haddad-nega-taxar-renda-cumprir-meta-fiscal-evm\/#breadcrumb"},"inLanguage":"pt-BR","potentialAction":[{"@type":"ReadAction","target":["https:\/\/www.suno.com.br\/noticias\/haddad-nega-taxar-renda-cumprir-meta-fiscal-evm\/"]}]},{"@type":"ImageObject","inLanguage":"pt-BR","@id":"https:\/\/www.suno.com.br\/noticias\/haddad-nega-taxar-renda-cumprir-meta-fiscal-evm\/#primaryimage","url":"https:\/\/files.sunoresearch.com.br\/n\/uploads\/2023\/03\/fernando-haddad-entrevista-reforma-tributaria-foto-cnnbrasil.jpg","contentUrl":"https:\/\/files.sunoresearch.com.br\/n\/uploads\/2023\/03\/fernando-haddad-entrevista-reforma-tributaria-foto-cnnbrasil.jpg","width":1200,"height":675,"caption":"Fernando Haddad, ministro da Fazenda. Foto: CNN Brasil"},{"@type":"BreadcrumbList","@id":"https:\/\/www.suno.com.br\/noticias\/haddad-nega-taxar-renda-cumprir-meta-fiscal-evm\/#breadcrumb","itemListElement":[{"@type":"ListItem","position":1,"name":"Not\u00edcias","item":"https:\/\/www.suno.com.br\/noticias\/"},{"@type":"ListItem","position":2,"name":"Economia","item":"https:\/\/www.suno.com.br\/noticias\/economia\/"},{"@type":"ListItem","position":3,"name":"Haddad nega que taxar renda tenha o objetivo de cumprir meta fiscal"}]},{"@type":"WebSite","@id":"https:\/\/www.suno.com.br\/noticias\/#website","url":"https:\/\/www.suno.com.br\/noticias\/","name":"Suno Not\u00edcias","description":"Seu portal de informa\u00e7\u00e3o sobre o mundo dos investimentos","publisher":{"@id":"https:\/\/www.suno.com.br\/noticias\/#organization"},"potentialAction":[{"@type":"SearchAction","target":{"@type":"EntryPoint","urlTemplate":"https:\/\/www.suno.com.br\/noticias\/?s={search_term_string}"},"query-input":{"@type":"PropertyValueSpecification","valueRequired":true,"valueName":"search_term_string"}}],"inLanguage":"pt-BR"},{"@type":"Organization","@id":"https:\/\/www.suno.com.br\/noticias\/#organization","name":"Suno Not\u00edcias","url":"https:\/\/www.suno.com.br\/noticias\/","logo":{"@type":"ImageObject","inLanguage":"pt-BR","@id":"https:\/\/www.suno.com.br\/noticias\/#\/schema\/logo\/image\/","url":"https:\/\/files.sunoresearch.com.br\/n\/uploads\/2021\/09\/suno-logo.png","contentUrl":"https:\/\/files.sunoresearch.com.br\/n\/uploads\/2021\/09\/suno-logo.png","width":180,"height":180,"caption":"Suno Not\u00edcias"},"image":{"@id":"https:\/\/www.suno.com.br\/noticias\/#\/schema\/logo\/image\/"},"sameAs":["https:\/\/facebook.com\/sunoresearch","https:\/\/x.com\/sunoresearch","https:\/\/www.instagram.com\/suno","https:\/\/www.linkedin.com\/company\/suno-research\/","https:\/\/www.youtube.com\/c\/sunoresearch"]},{"@type":"Person","@id":"https:\/\/www.suno.com.br\/noticias\/#\/schema\/person\/7f4d362bf3518e76090143ae77bb49a5","name":"Eduardo Vargas","image":{"@type":"ImageObject","inLanguage":"pt-BR","@id":"https:\/\/www.suno.com.br\/noticias\/#\/schema\/person\/image\/","url":"https:\/\/secure.gravatar.com\/avatar\/dac340933427a22924c9f99d1eb2e3f2?s=96&r=g","contentUrl":"https:\/\/secure.gravatar.com\/avatar\/dac340933427a22924c9f99d1eb2e3f2?s=96&r=g","caption":"Eduardo Vargas"},"description":"Jornalista formado pela UFSC, cobre macroeconomia, neg\u00f3cios e startups para o Suno Not\u00edcias, escrevendo principalmente not\u00edcias sobre o mercado financeiro e a bolsa de valores. No YouTube e no Instagram, \u00e9 respons\u00e1vel pela produ\u00e7\u00e3o de Reels e Shorts do Suno Not\u00edcias. Anteriormente, trabalhou cobrindo economia e cotidiano no ND+ e para o ND, maior jornal impresso de Santa Catarina. Cursou um semestre letivo de Estudos de M\u00eddia na Universidad de Buenos Aires.","url":"https:\/\/www.suno.com.br\/noticias\/author\/eduardo-vargas\/"}]}},"default_loop_html":"<div class=\"cardsPage__listCard__boxs\"><div class=\"cardsPage__listCard__boxs__img\"><a href=\"https:\/\/www.suno.com.br\/noticias\/haddad-nega-taxar-renda-cumprir-meta-fiscal-evm\/\"><img class=\"mask\" src=\"https:\/\/www.suno.com.br\/noticias\/wp-content\/themes\/suno\/resources\/images\/spotlight\/spotlight1img\/bg-mask.png\" alt=\"Image Mask\"\/><img src=\"https:\/\/files.sunoresearch.com.br\/n\/uploads\/2023\/03\/fernando-haddad-entrevista-reforma-tributaria-foto-cnnbrasil-400x200.jpg\" alt=\"Haddad nega que taxar renda tenha o objetivo de cumprir meta fiscal\"\/><\/a><span class=\"spotlightCategory\"><a href=\"https:\/\/www.suno.com.br\/noticias\/economia\/\">Economia<\/a><\/span><\/div><div class=\"cardsPage__listCard__boxs__content\"><a href=\"https:\/\/www.suno.com.br\/noticias\/haddad-nega-taxar-renda-cumprir-meta-fiscal-evm\/\"><h2 class=\"content__title\">Haddad nega que taxar renda tenha o objetivo de cumprir meta fiscal<\/h2><\/a><div class=\"newsContent__article__meta\"><div class=\"newsContent__article__meta__authorBox\"><a href=\"https:\/\/www.suno.com.br\/noticias\/author\/eduardo-vargas\/\" class=\"authorBox__avatar noMobi\"><img src=\"https:\/\/secure.gravatar.com\/avatar\/dac340933427a22924c9f99d1eb2e3f2?s=96&#038;r=g\" alt=\"Eduardo Vargas\"><\/a><div class=\"authorBox__name\"><span>por\n\t\t\t<a href=\"https:\/\/www.suno.com.br\/noticias\/author\/eduardo-vargas\/\"><span itemprop=\"author\">Eduardo Vargas<\/span><\/a><\/span><time datetime=\"2023-07-21T07:47:52-03:00\" itemprop=\"datePublished\">21\/07\/2023 07:47<\/time><\/div><\/div><\/div><\/div><\/div>","single_layout":"posts","amp_enabled":true,"_links":{"self":[{"href":"https:\/\/www.suno.com.br\/noticias\/wp-json\/wp\/v2\/posts\/431581"}],"collection":[{"href":"https:\/\/www.suno.com.br\/noticias\/wp-json\/wp\/v2\/posts"}],"about":[{"href":"https:\/\/www.suno.com.br\/noticias\/wp-json\/wp\/v2\/types\/post"}],"author":[{"embeddable":true,"href":"https:\/\/www.suno.com.br\/noticias\/wp-json\/wp\/v2\/users\/73"}],"replies":[{"embeddable":true,"href":"https:\/\/www.suno.com.br\/noticias\/wp-json\/wp\/v2\/comments?post=431581"}],"version-history":[{"count":3,"href":"https:\/\/www.suno.com.br\/noticias\/wp-json\/wp\/v2\/posts\/431581\/revisions"}],"predecessor-version":[{"id":431589,"href":"https:\/\/www.suno.com.br\/noticias\/wp-json\/wp\/v2\/posts\/431581\/revisions\/431589"}],"wp:featuredmedia":[{"embeddable":true,"href":"https:\/\/www.suno.com.br\/noticias\/wp-json\/wp\/v2\/media\/375286"}],"wp:attachment":[{"href":"https:\/\/www.suno.com.br\/noticias\/wp-json\/wp\/v2\/media?parent=431581"}],"wp:term":[{"taxonomy":"category","embeddable":true,"href":"https:\/\/www.suno.com.br\/noticias\/wp-json\/wp\/v2\/categories?post=431581"},{"taxonomy":"post_tag","embeddable":true,"href":"https:\/\/www.suno.com.br\/noticias\/wp-json\/wp\/v2\/tags?post=431581"},{"taxonomy":"suno_strategy","embeddable":true,"href":"https:\/\/www.suno.com.br\/noticias\/wp-json\/wp\/v2\/suno_strategy?post=431581"}],"curies":[{"name":"wp","href":"https:\/\/api.w.org\/{rel}","templated":true}]}}