{"id":431547,"date":"2023-07-20T22:41:41","date_gmt":"2023-07-21T01:41:41","guid":{"rendered":"https:\/\/www.suno.com.br\/noticias\/?p=431547"},"modified":"2023-07-20T22:41:55","modified_gmt":"2023-07-21T01:41:55","slug":"radar-vale-vale3-itausa-itsa4-pao-de-acucar-pcar3","status":"publish","type":"post","link":"https:\/\/www.suno.com.br\/noticias\/radar-vale-vale3-itausa-itsa4-pao-de-acucar-pcar3\/","title":{"rendered":"Radar: Vale (VALE3) sobe e d\u00e1 f\u00f4lego ao Ibovespa, Ita\u00fasa (ITSA4) anuncia pagamento de JCP e P\u00e3o de A\u00e7\u00facar (PCAR3) rejeita nova oferta pelo \u00c9xito"},"content":{"rendered":"<p>As a\u00e7\u00f5es da&nbsp;<a href=\"https:\/\/www.suno.com.br\/acoes\/VALE3\/\" target=\"_blank\" rel=\"noreferrer noopener\"><strong>Vale<\/strong>&nbsp;(VALE3)<\/a>&nbsp;fecharam em alta nesta quinta-feira (20), enquanto as demais mineradoras e sider\u00fargicas terminaram mistas na sess\u00e3o, em meio a conversas no mercado sobre maior apoio ao setor imobili\u00e1rio dom\u00e9stico da China, ainda que preocupa\u00e7\u00f5es com excesso de oferta e demanda fraca tenham limitados os ganhos.<\/p>\t<div class=\"wrapper-featured-image\">\n\t\t<figure class=\"spotlightImg\">\n\n\t\t\t<picture>\n\t\t\t\t<source media=\"(max-width: 768px)\" srcset=\"https:\/\/files.sunoresearch.com.br\/n\/uploads\/2023\/02\/vale-vale3-1-400x200.jpg\">\n\t\t\t\t<img loading=\"lazy\" decoding=\"async\" class=\"newsContent__article__imgCapa lazyloadDisabled \" src=\"https:\/\/files.sunoresearch.com.br\/n\/uploads\/2023\/02\/vale-vale3-1-800x450.jpg\" width=\"800\" height=\"450\" alt=\"Radar: Vale (VALE3) sobe e d\u00e1 f\u00f4lego ao Ibovespa, Ita\u00fasa (ITSA4) anuncia pagamento de JCP e P\u00e3o de A\u00e7\u00facar (PCAR3) rejeita nova oferta pelo \u00c9xito\" fetchpriority=high \/>\n\t\t\t<\/picture>\n\n\t\t\t<figcaption class=\"wp-caption-text wp-caption-text--show\">A\u00e7\u00f5es da Vale (VALE3) sobem com revis\u00e3o do min\u00e9rio e possibilidade de dividendos. Foto: Reprodu\u00e7\u00e3o Facebook<\/figcaption>\n\t\t<\/figure>\n\t<\/div>\n\n\n\n\n\n\t<p>\n\t\t<a href=\"https:\/\/lp.suno.com.br\/planilha-da-vida-financeira\/\" target=\"_blank\" data-element=\"shortcode-suno-banner\" title=\"Banner SUNO, clique e saiba mais\">\n\t\t\t<picture>\n\t\t\t\t<source media=\"(max-width: 500px)\" srcset=\"https:\/\/files.sunoresearch.com.br\/n\/uploads\/2023\/04\/400x300-Planilha-vida-financeira-true.png\">\n\t\t\t\t<img class=\"newsContent__article__imgCapa newsContent__article__imgCapa--banner\"\n\t\t\t\t\tsrc=\"https:\/\/files.sunoresearch.com.br\/n\/uploads\/2023\/04\/1420x240-Planilha-vida-financeira-true.png\"\n\t\t\t\t\tdata-promo-id=\"106682\"\t\t\t\t\t\t\t\t\t\twidth='1420' height='240'\t\t\t\t\talt=\"https:\/\/files.sunoresearch.com.br\/n\/uploads\/2023\/04\/1420x240-Planilha-vida-financeira-true.png\"\n\t\t\t\t>\n\t\t\t<\/picture>\n\t\t<\/a>\n\t<\/p>\n\n\n\n\n\n\n\n<p>No fechamento, as\u00a0<strong>a\u00e7\u00f5es da Vale<\/strong>\u00a0subiram 0,22%, ao pre\u00e7o de R$ 67,39, <a href=\"https:\/\/www.suno.com.br\/noticias\/ibovespa-hoje-20072023-alta-vale3-petr4-itub4-sobem-jvj\/\">ajudando o Ibovespa<\/a> a subir, enquanto as\u00a0<strong>a\u00e7\u00f5es de mineradoras<\/strong>\u00a0e\u00a0<strong>sider\u00fargicas<\/strong>\u00a0avan\u00e7avam. Confira:<\/p>\n\n\n\n<ul class=\"wp-block-list\">\n<li><a href=\"https:\/\/www.suno.com.br\/acoes\/usim5\/\">Usiminas (USIM5):<\/a>&nbsp;queda de 0,65%, aos R$ 7,16;<\/li>\n\n\n\n<li><a href=\"https:\/\/www.suno.com.br\/acoes\/ggbr4\">Gerdau (GGBR4)<\/a>: alta de 0,33%, aos R$ 27,52;<\/li>\n\n\n\n<li><a href=\"https:\/\/www.suno.com.br\/acoes\/goau4\/\" target=\"_blank\" rel=\"noreferrer noopener\">Metal\u00fargica Gerdau (GOAU4)<\/a>: alta de 0,62%, aos R$ 12,89;<\/li>\n\n\n\n<li><a href=\"https:\/\/www.suno.com.br\/acoes\/csna3\/\">CSN (CSNA3)<\/a>: queda de 0,16%, aos R$ 12,68;<\/li>\n\n\n\n<li><a href=\"https:\/\/www.suno.com.br\/acoes\/cmin3\/\">CSN Minera\u00e7\u00e3o (CMIN3)<\/a>: queda de 0,97%, aos R$ 4,08<\/li>\n<\/ul>\n\n\n\n<p>Al\u00e9m de Vale, confira outros destaques desta quinta-feira:<\/p>\n\n\n\n<h2 class=\"wp-block-heading\">Ita\u00fasa (ITSA4) anuncia pagamento de JCP; veja data e o valor por a\u00e7\u00e3o<\/h2>\n\n\n\n<ul class=\"wp-block-list\">\n<li>O&nbsp;<a href=\"https:\/\/www.suno.com.br\/artigos\/conselho-administracao\/\" target=\"_blank\" rel=\"noreferrer noopener\">conselho de administra\u00e7\u00e3o<\/a>&nbsp;da<strong>&nbsp;Ita\u00fasa<\/strong>&nbsp;(<a href=\"https:\/\/www.suno.com.br\/acoes\/itsa4\/\" target=\"_blank\" rel=\"noreferrer noopener\">ITSA4<\/a>) deliberou pagar&nbsp;<a href=\"https:\/\/www.suno.com.br\/artigos\/entenda-o-jcp\/\" target=\"_blank\" rel=\"noreferrer noopener\">juros sobre capital pr\u00f3prio<\/a>&nbsp;(JCP) de R$ 0,0515 por a\u00e7\u00e3o, conforme decis\u00e3o tomada em reuni\u00e3o realizada hoje (20).<\/li>\n<\/ul>\n\n\n\n<ul class=\"wp-block-list\">\n<li>Os<strong>&nbsp;juros sobre capital pr\u00f3prio da Ita\u00fasa&nbsp;<\/strong>ser\u00e3o pagos at\u00e9 30 de dezembro de 2024, estando sujeito a reten\u00e7\u00e3o de 15% de imposto de renda na fonte.<\/li>\n<\/ul>\n\n\n\n<ul class=\"wp-block-list\">\n<li>Considerando a tributa\u00e7\u00e3o de IR, os valores l\u00edquidos a serem recebidos pelo investidor ser\u00e1 de R$ 0,043775 por a\u00e7\u00e3o. A exce\u00e7\u00e3o dessa reten\u00e7\u00e3o vai para os acionistas pessoas jur\u00eddicas que comprovarem ser imunes ou isentos.<\/li>\n<\/ul>\n\n\n\n<ul class=\"wp-block-list\">\n<li>Os&nbsp;<strong>JCP da Ita\u00fasa<\/strong>&nbsp;t\u00eam como base de c\u00e1lculo a posi\u00e7\u00e3o acion\u00e1ria final do dia 25 de julho de 2023 e ser\u00e3o imputados ao valor do dividendo do exerc\u00edcio de 2023.<\/li>\n<\/ul>\n\n\n\n<h2 class=\"wp-block-heading\">JCP da Ita\u00fasa<\/h2>\n\n\n\n<ul class=\"wp-block-list\">\n<li>Valor bruto por a\u00e7\u00e3o: R$ 0,0515<\/li>\n\n\n\n<li>Valor l\u00edquido por a\u00e7\u00e3o: R$ 0,043775<\/li>\n\n\n\n<li>Data de corte: 25 de julho de 2023<\/li>\n\n\n\n<li>Data do pagamento: at\u00e9 30 de dezembro de 2024<\/li>\n<\/ul>\n\n\n\n<ul class=\"wp-block-list\">\n<li>As&nbsp;<a href=\"https:\/\/www.suno.com.br\/artigos\/acoes-preferenciais\/\" target=\"_blank\" rel=\"noreferrer noopener\">a\u00e7\u00f5es preferenciais<\/a>&nbsp;da Ita\u00fasa, negociadas sob o ticker&nbsp;<strong>ITSA4<\/strong>, terminaram a sess\u00e3o de hoje (20) em alta de 0,62%, a R$ 9,72. J\u00e1 as&nbsp;<a href=\"https:\/\/www.suno.com.br\/artigos\/o-que-sao-acoes-ordinarias-preferenciais-e-units\/\" target=\"_blank\" rel=\"noreferrer noopener\">a\u00e7\u00f5es ordin\u00e1rias<\/a>&nbsp;(<strong><a href=\"https:\/\/www.suno.com.br\/acoes\/itsa3\/\" target=\"_blank\" rel=\"noreferrer noopener\">ITSA3<\/a><\/strong>) apresentaram valoriza\u00e7\u00e3o de 0,71%, cotadas a R$ 9,89.<\/li>\n<\/ul>\n\n\n\n<h2 class=\"wp-block-heading\">Petrobras (PETR4) paralisa processo bilion\u00e1rio alegando conflito de interesses<\/h2>\n\n\n\n<ul class=\"wp-block-list\">\n<li>A&nbsp;<strong>Petrobras (PETR4)<\/strong>&nbsp;paralisou um processo bilion\u00e1rio de arbitragem movido por acionistas minorit\u00e1rios contra a petroleira, ap\u00f3s pedir impugna\u00e7\u00e3o do advogado Anderson Schreiber alegando conflito de interesses.<\/li>\n<\/ul>\n\n\n\n<ul class=\"wp-block-list\">\n<li>A a\u00e7\u00e3o contra a Petrobras corre na&nbsp;<a href=\"https:\/\/www.suno.com.br\/artigos\/camara-de-arbitragem\/\" target=\"_blank\" rel=\"noreferrer noopener\">C\u00e2mara de Arbitragem<\/a>&nbsp;do Mercado da&nbsp;<strong>B3&nbsp;<\/strong>e \u00e9 estimada em quase R$ 1 bilh\u00e3o com 26 fundos estrangeiros envolvidos. Os ativos cobram indeniza\u00e7\u00f5es devido aos casos de corrup\u00e7\u00e3o que levaram a petroleira a ser investigada na&nbsp;<strong>Opera\u00e7\u00e3o Lava Jato<\/strong>.<\/li>\n<\/ul>\n\n\n\n<ul class=\"wp-block-list\">\n<li>Os&nbsp;<strong>acionistas minorit\u00e1rios de PETR4<\/strong>&nbsp;alegam que a estatal teria perdido bilh\u00f5es de reais em raz\u00e3o dos esc\u00e2ndalos, penalizando-os com a queda dos pre\u00e7os de suas a\u00e7\u00f5es com a divulga\u00e7\u00e3o dessas perdas. A c\u00e2mara de arbitragem contra a Petrobras foi constitu\u00edda na Bolsa a partir de um pedido do Sistema de Aposentadoria de Empregados P\u00fablicos da Calif\u00f3rnia, nos EUA, ainda em julho de 2017.<\/li>\n<\/ul>\n\n\n\n<ul class=\"wp-block-list\">\n<li>No fim de junho deste ano, antes que a impugna\u00e7\u00e3o a seu nome fosse julgada, Schreiber renunciou ao posto, o que deve atrasar ainda mais a&nbsp;<strong>arbitragem<\/strong>, que se encaminhava para a fase final. Agora ser\u00e1 preciso indicar um novo presidente para a c\u00e2mara arbitral, e aguardar a aprova\u00e7\u00e3o do nome pelas partes envolvidas no processo.<\/li>\n<\/ul>\n\n\n\n<ul class=\"wp-block-list\">\n<li>O sistema de arbitragem consiste de um mecanismo extrajudicial que corre em sigilo, mas cujos efeitos t\u00eam o peso das decis\u00f5es de Justi\u00e7a.<\/li>\n<\/ul>\n\n\n\t<p>\n\t\t<a href=\"https:\/\/lp.suno.com.br\/ebook-como-analisar-uma-acao\/\" target=\"_blank\" data-element=\"shortcode-suno-banner\" title=\"Banner SUNO, clique e saiba mais\">\n\t\t\t<picture>\n\t\t\t\t<source media=\"(max-width: 500px)\" srcset=\"https:\/\/files.sunoresearch.com.br\/n\/uploads\/2023\/03\/Ebook-Acoes-Mobile.jpg\">\n\t\t\t\t<img class=\"newsContent__article__imgCapa newsContent__article__imgCapa--banner\"\n\t\t\t\t\tsrc=\"https:\/\/files.sunoresearch.com.br\/n\/uploads\/2023\/03\/Ebook-Acoes-Desktop.jpg\"\n\t\t\t\t\tdata-promo-id=\"378302\"\t\t\t\t\t\t\t\t\t\twidth='1420' height='286'\t\t\t\t\talt=\"https:\/\/files.sunoresearch.com.br\/n\/uploads\/2023\/03\/Ebook-Acoes-Desktop.jpg\"\n\t\t\t\t>\n\t\t\t<\/picture>\n\t\t<\/a>\n\t<\/p>\n\n\n\n\n\n<h2 class=\"wp-block-heading\">Americanas (AMER3): BTG Pactual (BPAC11) e Santander (SANB11) rejeitam plano de recupera\u00e7\u00e3o judicial<\/h2>\n\n\n\n<ul class=\"wp-block-list\">\n<li>Ap\u00f3s a apresenta\u00e7\u00e3o da proposta de pagamento da&nbsp;<a href=\"https:\/\/www.suno.com.br\/acoes\/amer3\/\" target=\"_blank\" rel=\"noreferrer noopener\"><strong>Americanas<\/strong>&nbsp;(AMER3)<\/a>, em seu processo de&nbsp;<a href=\"https:\/\/www.suno.com.br\/artigos\/recuperacao-judicial\/\" target=\"_blank\" rel=\"noreferrer noopener\">recupera\u00e7\u00e3o judicial<\/a>, os credores da varejista puderam se mostrar a favor ou contra o documento at\u00e9 esta quarta-feira (19), conforme protocolo na Justi\u00e7a.<\/li>\n<\/ul>\n\n\n\n<ul class=\"wp-block-list\">\n<li>Segundo o jornal Valor Econ\u00f4mico, algumas das institui\u00e7\u00f5es que se opuseram ao plano de pagamento foram&nbsp;<a href=\"https:\/\/www.suno.com.br\/acoes\/BPAC11\/\" target=\"_blank\" rel=\"noreferrer noopener\"><strong>BTG Pactual (BPAC11)<\/strong><\/a>&nbsp;e&nbsp;<a href=\"https:\/\/www.suno.com.br\/acoes\/SANB11\/\" target=\"_blank\" rel=\"noreferrer noopener\"><strong>Santander (SANB11)<\/strong><\/a>. Al\u00e9m disso, tamb\u00e9m se mostraram contra a proposta apresentada pela Americanas 30 gestoras e fundos de investimentos, assim como a Virgo Companhia de Securitiza\u00e7\u00e3o.<\/li>\n<\/ul>\n\n\n\n<ul class=\"wp-block-list\">\n<li>Conforme aponta a lista de&nbsp;<strong>credores da Americanas<\/strong>&nbsp;mais atualizada, a d\u00edvida da varejista com o BTG Pactual \u00e9 de R$ 3,5 bilh\u00f5es. Enquanto isso, o Santander tamb\u00e9m tem um total de R$ 3,5 bilh\u00f5es para receber da empresa.<\/li>\n<\/ul>\n\n\n\n<ul class=\"wp-block-list\">\n<li>Uma das obje\u00e7\u00f5es protocoladas na Justi\u00e7a contou com as assinaturas de 10 gestoras. Um grupo de 20 gestoras e fundos de investimento tamb\u00e9m entregou um termo em conjunto opondo-se ao&nbsp;<strong><a href=\"https:\/\/www.suno.com.br\/artigos\/plano-de-recuperacao\/\" target=\"_blank\" rel=\"noreferrer noopener\">plano de recupera\u00e7\u00e3o judicial<\/a>&nbsp;da Americanas<\/strong>, inclusive com a presen\u00e7a da Oliveira Trust DTVM.<\/li>\n<\/ul>\n\n\n\n<ul class=\"wp-block-list\">\n<li>O BTG Pactual discordou de 7 pontos da proposta da Americanas. Um deles se refere \u00e0 proje\u00e7\u00e3o da Americanas de&nbsp;<a href=\"https:\/\/www.suno.com.br\/artigos\/aumento-capital\/\" target=\"_blank\" rel=\"noreferrer noopener\">aumento de capital<\/a>&nbsp;de \u201csomente\u201d R$ 10 bilh\u00f5es. Al\u00e9m disso, o banco destacou sua discord\u00e2ncia sobre o ponto de \u201cdes\u00e1gio n\u00e3o inferior ao percentual de 60% previsto para as modalidades de pagamento dos credores quirograf\u00e1rios\u201d.<\/li>\n<\/ul>\n\n\n\n<ul class=\"wp-block-list\">\n<li>J\u00e1 o Santander disse que o&nbsp;<strong>plano da Americanas<\/strong>&nbsp;se limita a \u201cdescrever o contexto geral da economia brasileira e do mercado de com\u00e9rcio eletr\u00f4nico\/varejo\u201d.<\/li>\n<\/ul>\n\n\n\n<ul class=\"wp-block-list\">\n<li>Desse modo, o banco acredita que a proposta n\u00e3o mostra \u201cas raz\u00f5es pelas quais seria numericamente razo\u00e1vel esperar que as solu\u00e7\u00f5es propostas no plano de recupera\u00e7\u00e3o judicial levariam ao soerguimento das recuperandas e\/ou seriam as menos gravosas ao patrim\u00f4nio de seus credores\u201d.<\/li>\n<\/ul>\n\n\n\n<h2 class=\"wp-block-heading\">P\u00e3o de A\u00e7\u00facar (PCAR3) rejeita nova oferta de bilion\u00e1rio colombiano pelo \u00c9xito; saiba os motivos<\/h2>\n\n\n\n<ul class=\"wp-block-list\">\n<li>O&nbsp;<a href=\"https:\/\/www.suno.com.br\/artigos\/conselho-administracao\/\" target=\"_blank\" rel=\"noreferrer noopener\">conselho de administra\u00e7\u00e3o<\/a>&nbsp;do Grupo<strong>&nbsp;P\u00e3o de A\u00e7\u00facar<\/strong>, o&nbsp;<a href=\"https:\/\/www.suno.com.br\/acoes\/PCAR3\/\" target=\"_blank\" rel=\"noreferrer noopener\">GPA (PCAR3)<\/a>, rejeitou por unanimidade, nesta quinta-feira (20), a nova proposta do bilion\u00e1rio colombiano Jaime Gilinski para aquisi\u00e7\u00e3o de 51% das a\u00e7\u00f5es da companhia no Grupo \u00c9xito.<\/li>\n<\/ul>\n\n\n\n<ul class=\"wp-block-list\">\n<li>Os&nbsp;<strong>conselheiros do P\u00e3o de A\u00e7\u00facar&nbsp;<\/strong>recusaram a nova&nbsp;<strong>oferta de Gilinski<\/strong>, no total de US$ 586,5 milh\u00f5es, por entenderem que o pre\u00e7o n\u00e3o atende par\u00e2metros adequados de razoabilidade financeira para uma transa\u00e7\u00e3o visando uma participa\u00e7\u00e3o de controle \u2013 e por isso n\u00e3o interessa ao GPA e seus acionistas.<\/li>\n<\/ul>\n\n\n\n<ul class=\"wp-block-list\">\n<li>\u201cAl\u00e9m disso, os termos da nova oferta, conforme apresentado, n\u00e3o oferecem elementos suficientes no sentido de assegurar ao Conselho de Administra\u00e7\u00e3o quanto ao car\u00e1ter vinculante da nova oferta e \u00e0 expectativa razo\u00e1vel de conclus\u00e3o de uma transa\u00e7\u00e3o que dela derive\u201d, afirma o P\u00e3o de A\u00e7\u00facar em nota sobre a&nbsp;<strong>oferta pela \u00c9xito<\/strong>.<\/li>\n<\/ul>\n\n\n\n<ul class=\"wp-block-list\">\n<li>No comunicado, o&nbsp;<a href=\"https:\/\/www.suno.com.br\/artigos\/conselho-administracao\/\" target=\"_blank\" rel=\"noreferrer noopener\">conselho de administra\u00e7\u00e3o<\/a>&nbsp;do GPA ainda listou requisitos, que, dado o est\u00e1gio avan\u00e7ado do processo de segrega\u00e7\u00e3o de ativos, deveriam ser seguidos em uma potencial oferta.<\/li>\n<\/ul>\n\n\n\n<ul class=\"wp-block-list\">\n<li>Entre eles, est\u00e1 o contrato definitivo de compra e venda, incluindo n\u00e3o solicita\u00e7\u00e3o de obriga\u00e7\u00f5es de indeniza\u00e7\u00e3o a&nbsp;<strong>acionistas do \u00c9xito<\/strong>&nbsp;que n\u00e3o sejam aquelas estritamente estabelecidas pela lei e&nbsp;<em>breakup fee&nbsp;<\/em>\u2013 valor a ser pago em caso de desist\u00eancia -, \u201crepresentando percentual razo\u00e1vel do pre\u00e7o a ser proposto\u201d.<\/li>\n<\/ul>\n\n\n\n<ul class=\"wp-block-list\">\n<li>O conselho do P\u00e3o de A\u00e7\u00facar ainda aponta outros pontos para a rejei\u00e7\u00e3o da&nbsp;<strong>oferta do empres\u00e1rio colombiano<\/strong>, como apresenta\u00e7\u00e3o de evid\u00eancia de funding pelo comprador para o valor total proposto, pr\u00e9-avalia\u00e7\u00e3o da natureza do potencial processo de an\u00e1lise antitruste, cronograma de implementa\u00e7\u00e3o da transa\u00e7\u00e3o e compromisso em apoiar o GPA em quaisquer alternativas que eventualmente sejam decididas com rela\u00e7\u00e3o a sua participa\u00e7\u00e3o remanescente no \u00c9xito.<\/li>\n<\/ul>\n\n\n\n<ul class=\"wp-block-list\">\n<li>\u201cImportante ressaltar que a segrega\u00e7\u00e3o dos&nbsp;<strong>neg\u00f3cios do GPA e do \u00c9xito<\/strong>&nbsp;continua em evolu\u00e7\u00e3o, estando pendente apenas a declara\u00e7\u00e3o de efetividade do Form 20-F do \u00c9xito pela U.S. Securities and Exchange Commission e a obten\u00e7\u00e3o das aprova\u00e7\u00f5es regulat\u00f3rias das autoridades colombianas para sua conclus\u00e3o\u201d, conclui o P\u00e3o de A\u00e7\u00facar.<\/li>\n<\/ul>\n\n\n\n<ul class=\"wp-block-list\">\n<li>Hoje, as&nbsp;<strong>a\u00e7\u00f5es do P\u00e3o de A\u00e7\u00facar<\/strong>&nbsp;tiveram alta de 1,69%, cotadas em R$ 21,7.<\/li>\n<\/ul>\n\n\n\n<h2 class=\"wp-block-heading\">Natura (NTCO3) lidera altas no Ibovespa: banco v\u00ea melhora na lucratividade; recomenda\u00e7\u00e3o \u00e9 de compra das a\u00e7\u00f5es<\/h2>\n\n\n\n<ul class=\"wp-block-list\">\n<li>As a\u00e7\u00f5es de&nbsp;<a href=\"https:\/\/www.suno.com.br\/acoes\/ntco3\/\"><strong>Natura&nbsp;<\/strong>(NTCO3)<\/a>&nbsp;fecharam em alta nesta quinta-feira (20), liderando as altas do Ibovespa, com o Ita\u00fa BBA sinalizando melhora na lucratividade de suas unidades de neg\u00f3cios, al\u00e9m de fornecer perspectivas positivas para a marca ap\u00f3s a conclus\u00e3o da segunda onda de integra\u00e7\u00e3o com a Avon.<\/li>\n<\/ul>\n\n\n\n<ul class=\"wp-block-list\">\n<li>No fechamento, as&nbsp;<strong>a\u00e7\u00f5es de Natura<\/strong>&nbsp;subiram 4,96%, cotadas a R$ 16,72. No acumulado de 2023, os pap\u00e9is da companhia sobem cerca de 38%.<\/li>\n<\/ul>\n\n\n\n<ul class=\"wp-block-list\">\n<li>Em an\u00e1lise ap\u00f3s a segunda onda de integra\u00e7\u00e3o com a Avon, o&nbsp;<strong>Ita\u00fa BBA<\/strong>&nbsp;pontuou que continua ver a&nbsp;<strong>unidade de neg\u00f3cios Natura &amp;Co<\/strong>&nbsp;LatAm como o principal driver de gera\u00e7\u00e3o de valor para a empresa daqui para frente.<\/li>\n<\/ul>\n\n\n\n<ul class=\"wp-block-list\">\n<li>Al\u00e9m disso, embora n\u00e3o tenha clareza sobre quando a The Body Shop e a Avon International retomar\u00e3o o crescimento, o banco elogiou os esfor\u00e7os da empresa e enxerga sinais iniciais de melhora na lucratividade.<\/li>\n<\/ul>\n\n\n\n<h2 class=\"wp-block-heading\">Banco do Brasil (BBAS3), Ita\u00fa (ITUB4) e Santander (SANB11) decolam no Ibovespa hoje; veja os motivos<\/h2>\n\n\n\n<ul class=\"wp-block-list\">\n<li>As a\u00e7\u00f5es dos principais bancos brasileiros, como&nbsp;<a href=\"https:\/\/www.suno.com.br\/acoes\/bbas3\/\"><strong>Banco do Brasil<\/strong>&nbsp;(BBAS3)<\/a>,&nbsp;<a href=\"https:\/\/www.suno.com.br\/acoes\/itub4\/\">Ita\u00fa Unibanco (ITUB4)<\/a>&nbsp;e&nbsp;<a href=\"https:\/\/www.suno.com.br\/acoes\/SANB11\/\">Santander Brasil (SANB11)<\/a>&nbsp;fecharam em alta nesta quinta-feira (20) no Ibovespa, em dia de precifica\u00e7\u00e3o de juros maiores pelo mercado, o que acabou favorecendo as empresas do setor.<\/li>\n<\/ul>\n\n\n\n<ul class=\"wp-block-list\">\n<li>No fechamento, as a\u00e7\u00f5es do Banco do Brasil (BBAS3) subiram 1,10%, ao pre\u00e7o de R$ 47,95. A\u00e7\u00f5es de outras institui\u00e7\u00f5es financeiras tamb\u00e9m subiam em bloco. Confira:<\/li>\n<\/ul>\n\n\n\n<ul class=\"wp-block-list\">\n<li>Ita\u00fa Unibanco (ITUB4): alta de 1,86%, aos R$ 28,49;<\/li>\n\n\n\n<li>Santander Brasil (SANB11): alta de 0,54%, aos R$ 29,66;<\/li>\n\n\n\n<li><a href=\"https:\/\/www.suno.com.br\/acoes\/bbdc4\/\">Bradesco (BBDC4)<\/a>: alta de 0,06%, aos R$ 16,52;<\/li>\n\n\n\n<li><a href=\"https:\/\/www.suno.com.br\/bdrs\/nubr33\/\">Nubank (NUBR33)<\/a>: alta de 1,00%, aos R$ 6,09.<\/li>\n<\/ul>\n\n\n\n<ul class=\"wp-block-list\">\n<li>Lucas de Caumont, estrategista de investimentos da Matriz Capital, explica que, al\u00e9m de seguir a alta do Ibovespa, o&nbsp;<strong>setor financeiro&nbsp;<\/strong>se beneficiou nesta quinta-feira de um movimento de altas dos v\u00e9rtices intermedi\u00e1rios e mais longos dentro da curva de juros.<\/li>\n<\/ul>\n\n\n\n<ul class=\"wp-block-list\">\n<li>\u201cO mercado precificando os juros um pouco mais altos, principalmente de 2025, 2026 at\u00e9 os vencimentos mais longos, acabou beneficiando os&nbsp;<strong>bancos<\/strong>. Hoje \u00e9 aquele dia at\u00edpico em que d\u00f3lar, juros e bolsa subiram todos ao mesmo tempo\u201d, pontuou.<\/li>\n<\/ul>\n\n\n\n<h2 class=\"wp-block-heading\">Braskem (BRKM5): minorit\u00e1rios receberam proposta da J&amp;F com ressalvas, diz jornal<\/h2>\n\n\n\n<ul class=\"wp-block-list\">\n<li>A&nbsp;<strong>J&amp;F Investimentos<\/strong>, holding da fam\u00edlia Batista, dona da&nbsp;<a href=\"https:\/\/www.suno.com.br\/acoes\/jbss3\/\">JBS (JBSS3)<\/a>, ofereceu R$ 10 bilh\u00f5es para ficar com a d\u00edvida da Novonor junto a cinco bancos, mas n\u00e3o indicou quais ser\u00e3o os passos para assumir, posteriormente, a participa\u00e7\u00e3o acion\u00e1ria na&nbsp;<a href=\"https:\/\/www.suno.com.br\/acoes\/brkm5\"><strong>Braskem<\/strong>&nbsp;(BRKM5)<\/a>, apurou o jornal Valor Econ\u00f4mico. Isso desagradou acionistas minorit\u00e1rios da petroqu\u00edmica, diz a reportagem.<\/li>\n<\/ul>\n\n\n\n<ul class=\"wp-block-list\">\n<li>\u201cA&nbsp;<strong>oferta da J&amp;F&nbsp;<\/strong>representa o \u2018pior cen\u00e1rio\u2019, pois h\u00e1 muito pouca ou nenhuma transpar\u00eancia sobre o que vir\u00e1 depois\u201d, disse um dos acionistas minorit\u00e1rios \u00e0 publica\u00e7\u00e3o.<\/li>\n<\/ul>\n\n\n\n<ul class=\"wp-block-list\">\n<li>Uma outra fonte, pr\u00f3xima a um dos minorit\u00e1rios relevantes, pontuou ao Valor que o formato da opera\u00e7\u00e3o pretendida pela J&amp;F pode levar a uma discuss\u00e3o sobre a necessidade de a oferta ser estendida aos demais&nbsp;<strong>acionistas de Braskem<\/strong>, acrescentando n\u00e3o estar claro se os bancos credores ir\u00e3o aceitar um desconto t\u00e3o relevante (cerca de um ter\u00e7o em rela\u00e7\u00e3o ao valor atual da d\u00edvida, embutido na proposta da J&amp;F).<\/li>\n<\/ul>\n\n\n\n<ul class=\"wp-block-list\">\n<li>Ao todo,&nbsp;<a href=\"https:\/\/www.suno.com.br\/acoes\/bbdc4\/\">Bradesco (BBDC4)<\/a>,&nbsp;<a href=\"https:\/\/www.suno.com.br\/acoes\/itub4\/\">Ita\u00fa Unibanco (ITUB4)<\/a>,&nbsp;<a href=\"https:\/\/www.suno.com.br\/acoes\/SANB11\/\">Santander Brasil (SANB11)<\/a>,&nbsp;<a href=\"https:\/\/www.suno.com.br\/acoes\/bbas3\/\">Banco do Brasil (BBAS3)<\/a>&nbsp;e Banco Nacional do Desenvolvimento Econ\u00f4mico e Social (BNDES) t\u00eam mais de R$ 14 bilh\u00f5es a receber da&nbsp;<strong>Novonor<\/strong>, antiga Odebrecht. As institui\u00e7\u00f5es precisam estar de acordo para que qualquer das propostas recebidas \u2013 Apollo-Adnoc,&nbsp;<a href=\"https:\/\/www.suno.com.br\/acoes\/unip6\/\">Unipar (UNIP6)<\/a>&nbsp;e J&amp;F \u2013 chegue \u00e0s vias de fato, disse o Valor.<\/li>\n<\/ul>\n\n\n\n<ul class=\"wp-block-list\">\n<li>Em refer\u00eancia \u00e0&nbsp;<strong>oferta dos Batista<\/strong>, os bancos precisam primeiro aceitar a oferta para que ent\u00e3o, aconte\u00e7am as conversas com os minorit\u00e1rios, disse uma outra fonte \u00e0 reportagem.<\/li>\n<\/ul>\n\n\n\n<p>Da Vale \u00e0 Braskem, essas foram as empresas que se destacaram hoje. Para ler todas as mat\u00e9rias\u00a0<strong><a href=\"https:\/\/www.suno.com.br\/noticias\/todos\/?utm_content=XYOE2ItQuUY.20201113&amp;utm_campaign=Track%2B&amp;utm_medium=video&amp;utm_source=telegram.sunoresearch\" target=\"_blank\" rel=\"noreferrer noopener\">clique aqui<\/a><\/strong>.<a href=\"https:\/\/lp.suno.com.br\/planilha-da-vida-financeira\/?_fs=16412753060-15131594205\" target=\"_blank\" rel=\"noreferrer noopener\"><\/a><a href=\"https:\/\/lp.suno.com.br\/planilha-da-vida-financeira\/?_fs=16412753060-15131594205\" target=\"_blank\" rel=\"noreferrer noopener\"><\/a><\/p>\n\n\n\t<p>\n\t\t<a href=\"https:\/\/lp.suno.com.br\/planilha-da-vida-financeira\/\" target=\"_blank\" data-element=\"shortcode-suno-banner\" title=\"Banner SUNO, clique e saiba mais\">\n\t\t\t<picture>\n\t\t\t\t<source media=\"(max-width: 500px)\" srcset=\"https:\/\/files.sunoresearch.com.br\/n\/uploads\/2023\/04\/400x300-Planilha-vida-financeira-true.png\">\n\t\t\t\t<img class=\"newsContent__article__imgCapa newsContent__article__imgCapa--banner\"\n\t\t\t\t\tsrc=\"https:\/\/files.sunoresearch.com.br\/n\/uploads\/2023\/04\/1420x240-Planilha-vida-financeira-true.png\"\n\t\t\t\t\tdata-promo-id=\"383123\"\t\t\t\t\t\t\t\t\t\twidth='1420' height='240'\t\t\t\t\talt=\"https:\/\/files.sunoresearch.com.br\/n\/uploads\/2023\/04\/1420x240-Planilha-vida-financeira-true.png\"\n\t\t\t\t>\n\t\t\t<\/picture>\n\t\t<\/a>\n\t<\/p>\n\n\n","protected":false},"excerpt":{"rendered":"<p>As a\u00e7\u00f5es da&nbsp;Vale&nbsp;(VALE3)&nbsp;fecharam em alta nesta quinta-feira (20), enquanto as demais mineradoras e sider\u00fargicas terminaram mistas na sess\u00e3o, em meio a conversas no mercado sobre maior apoio ao setor imobili\u00e1rio dom\u00e9stico da China, ainda que preocupa\u00e7\u00f5es com excesso de oferta e demanda fraca tenham limitados os ganhos. A\u00e7\u00f5es da Vale (VALE3) sobem com revis\u00e3o do [&hellip;]<\/p>\n","protected":false},"author":227,"featured_media":368083,"comment_status":"closed","ping_status":"closed","sticky":false,"template":"","format":"standard","meta":[],"categories":[64],"tags":[106605,732,395,399,1964,519,517,574,595,624,676],"suno_strategy":[],"class_list":["post-431547","post","type-post","status-publish","format-standard","has-post-thumbnail","hentry","category-negocios","tag-americanas-s-a-amer3","tag-banco-do-brasil-bbas3","tag-braskem-brkm3-brkm5-brkm6","tag-btg-pactual-bpac11-bpac3-bpac5","tag-grupo-pao-de-acucar-pcar3-pcar4","tag-itau-unibanco-itub3-itub4","tag-itausa-itsa3-itsa4","tag-natura-ntco3","tag-petrobras-petr4","tag-santander-sanb11-sanb3-sanb4","tag-vale-vale3"],"yoast_head":"<!-- This site is optimized with the Yoast SEO plugin v24.4 - https:\/\/yoast.com\/wordpress\/plugins\/seo\/ -->\n<title>Radar: Vale (VALE3) sobe e d\u00e1 f\u00f4lego ao Ibovespa, Ita\u00fasa (ITSA4) anuncia pagamento de JCP e P\u00e3o de A\u00e7\u00facar (PCAR3) rejeita nova oferta pelo \u00c9xito<\/title>\n<meta name=\"description\" content=\"Vale (VALE3) sobe na contram\u00e3o das mineradoras, Ita\u00fasa (ITSA4) anuncia pagamento de JCP e Petrobras (PETR4) paralisa processo bilion\u00e1rio\" \/>\n<meta name=\"robots\" content=\"index, follow, max-snippet:-1, max-image-preview:large, max-video-preview:-1\" \/>\n<link rel=\"canonical\" href=\"https:\/\/www.suno.com.br\/noticias\/radar-vale-vale3-itausa-itsa4-pao-de-acucar-pcar3\/\" \/>\n<meta property=\"og:locale\" content=\"pt_BR\" \/>\n<meta property=\"og:type\" content=\"article\" \/>\n<meta property=\"og:title\" content=\"Radar: Vale (VALE3) sobe e d\u00e1 f\u00f4lego ao Ibovespa, Ita\u00fasa (ITSA4) anuncia pagamento de JCP e P\u00e3o de A\u00e7\u00facar (PCAR3) rejeita nova oferta pelo \u00c9xito\" \/>\n<meta property=\"og:description\" content=\"Vale (VALE3) sobe na contram\u00e3o das mineradoras, Ita\u00fasa (ITSA4) anuncia pagamento de JCP e Petrobras (PETR4) paralisa processo bilion\u00e1rio\" \/>\n<meta property=\"og:url\" content=\"https:\/\/www.suno.com.br\/noticias\/radar-vale-vale3-itausa-itsa4-pao-de-acucar-pcar3\/\" \/>\n<meta property=\"og:site_name\" content=\"Suno Not\u00edcias\" \/>\n<meta property=\"article:publisher\" content=\"https:\/\/facebook.com\/sunoresearch\" \/>\n<meta property=\"og:image\" content=\"https:\/\/files.sunoresearch.com.br\/n\/uploads\/2023\/02\/vale-vale3-1.jpg\" \/>\n\t<meta property=\"og:image:width\" content=\"1433\" \/>\n\t<meta property=\"og:image:height\" content=\"800\" \/>\n\t<meta property=\"og:image:type\" content=\"image\/jpeg\" \/>\n<meta name=\"author\" content=\"Vanessa Loiola\" \/>\n<meta name=\"twitter:card\" content=\"summary_large_image\" \/>\n<meta name=\"twitter:creator\" content=\"@sunoresearch\" \/>\n<meta name=\"twitter:site\" content=\"@sunoresearch\" \/>\n<meta name=\"twitter:label1\" content=\"Escrito por\" \/>\n\t<meta name=\"twitter:data1\" content=\"Vanessa Loiola\" \/>\n\t<meta name=\"twitter:label2\" content=\"Est. tempo de leitura\" \/>\n\t<meta name=\"twitter:data2\" content=\"11 minutos\" \/>\n<script type=\"application\/ld+json\" class=\"yoast-schema-graph\">{\"@context\":\"https:\/\/schema.org\",\"@graph\":[{\"@type\":\"NewsArticle\",\"@id\":\"https:\/\/www.suno.com.br\/noticias\/radar-vale-vale3-itausa-itsa4-pao-de-acucar-pcar3\/#article\",\"isPartOf\":{\"@id\":\"https:\/\/www.suno.com.br\/noticias\/radar-vale-vale3-itausa-itsa4-pao-de-acucar-pcar3\/\"},\"author\":{\"name\":\"Vanessa Loiola\",\"@id\":\"https:\/\/www.suno.com.br\/noticias\/#\/schema\/person\/450c455ecff319bab1f1a0e643451479\"},\"headline\":\"Radar: Vale (VALE3) sobe e d\u00e1 f\u00f4lego ao Ibovespa, Ita\u00fasa (ITSA4) anuncia pagamento de JCP e P\u00e3o de A\u00e7\u00facar (PCAR3) rejeita nova oferta pelo \u00c9xito\",\"datePublished\":\"2023-07-21T01:41:41+00:00\",\"dateModified\":\"2023-07-21T01:41:55+00:00\",\"mainEntityOfPage\":{\"@id\":\"https:\/\/www.suno.com.br\/noticias\/radar-vale-vale3-itausa-itsa4-pao-de-acucar-pcar3\/\"},\"wordCount\":2157,\"publisher\":{\"@id\":\"https:\/\/www.suno.com.br\/noticias\/#organization\"},\"image\":{\"@id\":\"https:\/\/www.suno.com.br\/noticias\/radar-vale-vale3-itausa-itsa4-pao-de-acucar-pcar3\/#primaryimage\"},\"thumbnailUrl\":\"https:\/\/files.sunoresearch.com.br\/n\/uploads\/2023\/02\/vale-vale3-1.jpg\",\"keywords\":[\"Americanas (AMER3)\",\"Banco do Brasil (BBAS3)\",\"Braskem (BRKM3\/BRKM5\/BRKM6)\",\"BTG Pactual (BPAC11\/BPAC3\/BPAC5)\",\"Grupo P\u00e3o de A\u00e7\u00facar (PCAR3\/PCAR4)\",\"Ita\u00fa Unibanco (ITUB3\/ITUB4)\",\"Ita\u00fasa (ITSA3\/ITSA4)\",\"Natura (NTCO3)\",\"Petrobras (PETR4)\",\"Santander (SANB11\/SANB3\/SANB4)\",\"Vale (VALE3)\"],\"articleSection\":[\"Neg\u00f3cios\"],\"inLanguage\":\"pt-BR\"},{\"@type\":\"WebPage\",\"@id\":\"https:\/\/www.suno.com.br\/noticias\/radar-vale-vale3-itausa-itsa4-pao-de-acucar-pcar3\/\",\"url\":\"https:\/\/www.suno.com.br\/noticias\/radar-vale-vale3-itausa-itsa4-pao-de-acucar-pcar3\/\",\"name\":\"Radar: Vale (VALE3) sobe e d\u00e1 f\u00f4lego ao Ibovespa, Ita\u00fasa (ITSA4) anuncia pagamento de JCP e P\u00e3o de A\u00e7\u00facar (PCAR3) rejeita nova oferta pelo \u00c9xito\",\"isPartOf\":{\"@id\":\"https:\/\/www.suno.com.br\/noticias\/#website\"},\"primaryImageOfPage\":{\"@id\":\"https:\/\/www.suno.com.br\/noticias\/radar-vale-vale3-itausa-itsa4-pao-de-acucar-pcar3\/#primaryimage\"},\"image\":{\"@id\":\"https:\/\/www.suno.com.br\/noticias\/radar-vale-vale3-itausa-itsa4-pao-de-acucar-pcar3\/#primaryimage\"},\"thumbnailUrl\":\"https:\/\/files.sunoresearch.com.br\/n\/uploads\/2023\/02\/vale-vale3-1.jpg\",\"datePublished\":\"2023-07-21T01:41:41+00:00\",\"dateModified\":\"2023-07-21T01:41:55+00:00\",\"description\":\"Vale (VALE3) sobe na contram\u00e3o das mineradoras, Ita\u00fasa (ITSA4) anuncia pagamento de JCP e Petrobras (PETR4) paralisa processo bilion\u00e1rio\",\"breadcrumb\":{\"@id\":\"https:\/\/www.suno.com.br\/noticias\/radar-vale-vale3-itausa-itsa4-pao-de-acucar-pcar3\/#breadcrumb\"},\"inLanguage\":\"pt-BR\",\"potentialAction\":[{\"@type\":\"ReadAction\",\"target\":[\"https:\/\/www.suno.com.br\/noticias\/radar-vale-vale3-itausa-itsa4-pao-de-acucar-pcar3\/\"]}]},{\"@type\":\"ImageObject\",\"inLanguage\":\"pt-BR\",\"@id\":\"https:\/\/www.suno.com.br\/noticias\/radar-vale-vale3-itausa-itsa4-pao-de-acucar-pcar3\/#primaryimage\",\"url\":\"https:\/\/files.sunoresearch.com.br\/n\/uploads\/2023\/02\/vale-vale3-1.jpg\",\"contentUrl\":\"https:\/\/files.sunoresearch.com.br\/n\/uploads\/2023\/02\/vale-vale3-1.jpg\",\"width\":1433,\"height\":800,\"caption\":\"A\u00e7\u00f5es da Vale (VALE3) sobem com revis\u00e3o do min\u00e9rio e possibilidade de dividendos. Foto: Reprodu\u00e7\u00e3o Facebook\"},{\"@type\":\"BreadcrumbList\",\"@id\":\"https:\/\/www.suno.com.br\/noticias\/radar-vale-vale3-itausa-itsa4-pao-de-acucar-pcar3\/#breadcrumb\",\"itemListElement\":[{\"@type\":\"ListItem\",\"position\":1,\"name\":\"Not\u00edcias\",\"item\":\"https:\/\/www.suno.com.br\/noticias\/\"},{\"@type\":\"ListItem\",\"position\":2,\"name\":\"Neg\u00f3cios\",\"item\":\"https:\/\/www.suno.com.br\/noticias\/negocios\/\"},{\"@type\":\"ListItem\",\"position\":3,\"name\":\"Radar: Vale (VALE3) sobe e d\u00e1 f\u00f4lego ao Ibovespa, Ita\u00fasa (ITSA4) anuncia pagamento de JCP e P\u00e3o de A\u00e7\u00facar (PCAR3) rejeita nova oferta pelo \u00c9xito\"}]},{\"@type\":\"WebSite\",\"@id\":\"https:\/\/www.suno.com.br\/noticias\/#website\",\"url\":\"https:\/\/www.suno.com.br\/noticias\/\",\"name\":\"Suno Not\u00edcias\",\"description\":\"Seu portal de informa\u00e7\u00e3o sobre o mundo dos investimentos\",\"publisher\":{\"@id\":\"https:\/\/www.suno.com.br\/noticias\/#organization\"},\"potentialAction\":[{\"@type\":\"SearchAction\",\"target\":{\"@type\":\"EntryPoint\",\"urlTemplate\":\"https:\/\/www.suno.com.br\/noticias\/?s={search_term_string}\"},\"query-input\":{\"@type\":\"PropertyValueSpecification\",\"valueRequired\":true,\"valueName\":\"search_term_string\"}}],\"inLanguage\":\"pt-BR\"},{\"@type\":\"Organization\",\"@id\":\"https:\/\/www.suno.com.br\/noticias\/#organization\",\"name\":\"Suno Not\u00edcias\",\"url\":\"https:\/\/www.suno.com.br\/noticias\/\",\"logo\":{\"@type\":\"ImageObject\",\"inLanguage\":\"pt-BR\",\"@id\":\"https:\/\/www.suno.com.br\/noticias\/#\/schema\/logo\/image\/\",\"url\":\"https:\/\/files.sunoresearch.com.br\/n\/uploads\/2021\/09\/suno-logo.png\",\"contentUrl\":\"https:\/\/files.sunoresearch.com.br\/n\/uploads\/2021\/09\/suno-logo.png\",\"width\":180,\"height\":180,\"caption\":\"Suno Not\u00edcias\"},\"image\":{\"@id\":\"https:\/\/www.suno.com.br\/noticias\/#\/schema\/logo\/image\/\"},\"sameAs\":[\"https:\/\/facebook.com\/sunoresearch\",\"https:\/\/x.com\/sunoresearch\",\"https:\/\/www.instagram.com\/suno\",\"https:\/\/www.linkedin.com\/company\/suno-research\/\",\"https:\/\/www.youtube.com\/c\/sunoresearch\"]},{\"@type\":\"Person\",\"@id\":\"https:\/\/www.suno.com.br\/noticias\/#\/schema\/person\/450c455ecff319bab1f1a0e643451479\",\"name\":\"Vanessa Loiola\",\"image\":{\"@type\":\"ImageObject\",\"inLanguage\":\"pt-BR\",\"@id\":\"https:\/\/www.suno.com.br\/noticias\/#\/schema\/person\/image\/\",\"url\":\"https:\/\/secure.gravatar.com\/avatar\/8b41117f9780831919eb38da349c3f20?s=96&r=g\",\"contentUrl\":\"https:\/\/secure.gravatar.com\/avatar\/8b41117f9780831919eb38da349c3f20?s=96&r=g\",\"caption\":\"Vanessa Loiola\"},\"description\":\"Jornalista formada pela PUC-SP, com experi\u00eancia na cobertura das editorias de economia, finan\u00e7as, bolsa de valores, pol\u00edtica, energia solar e entretenimento. Com passagem pela BM&amp;C News e RedeTV!\",\"url\":\"https:\/\/www.suno.com.br\/noticias\/author\/vanessal-loiolagmail-com\/\"}]}<\/script>\n<!-- \/ Yoast SEO plugin. -->","yoast_head_json":{"title":"Radar: Vale (VALE3) sobe e d\u00e1 f\u00f4lego ao Ibovespa, Ita\u00fasa (ITSA4) anuncia pagamento de JCP e P\u00e3o de A\u00e7\u00facar (PCAR3) rejeita nova oferta pelo \u00c9xito","description":"Vale (VALE3) sobe na contram\u00e3o das mineradoras, Ita\u00fasa (ITSA4) anuncia pagamento de JCP e Petrobras (PETR4) paralisa processo bilion\u00e1rio","robots":{"index":"index","follow":"follow","max-snippet":"max-snippet:-1","max-image-preview":"max-image-preview:large","max-video-preview":"max-video-preview:-1"},"canonical":"https:\/\/www.suno.com.br\/noticias\/radar-vale-vale3-itausa-itsa4-pao-de-acucar-pcar3\/","og_locale":"pt_BR","og_type":"article","og_title":"Radar: Vale (VALE3) sobe e d\u00e1 f\u00f4lego ao Ibovespa, Ita\u00fasa (ITSA4) anuncia pagamento de JCP e P\u00e3o de A\u00e7\u00facar (PCAR3) rejeita nova oferta pelo \u00c9xito","og_description":"Vale (VALE3) sobe na contram\u00e3o das mineradoras, Ita\u00fasa (ITSA4) anuncia pagamento de JCP e Petrobras (PETR4) paralisa processo bilion\u00e1rio","og_url":"https:\/\/www.suno.com.br\/noticias\/radar-vale-vale3-itausa-itsa4-pao-de-acucar-pcar3\/","og_site_name":"Suno Not\u00edcias","article_publisher":"https:\/\/facebook.com\/sunoresearch","og_image":[{"width":1433,"height":800,"url":"https:\/\/files.sunoresearch.com.br\/n\/uploads\/2023\/02\/vale-vale3-1.jpg","type":"image\/jpeg"}],"author":"Vanessa Loiola","twitter_card":"summary_large_image","twitter_creator":"@sunoresearch","twitter_site":"@sunoresearch","twitter_misc":{"Escrito por":"Vanessa Loiola","Est. tempo de leitura":"11 minutos"},"schema":{"@context":"https:\/\/schema.org","@graph":[{"@type":"NewsArticle","@id":"https:\/\/www.suno.com.br\/noticias\/radar-vale-vale3-itausa-itsa4-pao-de-acucar-pcar3\/#article","isPartOf":{"@id":"https:\/\/www.suno.com.br\/noticias\/radar-vale-vale3-itausa-itsa4-pao-de-acucar-pcar3\/"},"author":{"name":"Vanessa Loiola","@id":"https:\/\/www.suno.com.br\/noticias\/#\/schema\/person\/450c455ecff319bab1f1a0e643451479"},"headline":"Radar: Vale (VALE3) sobe e d\u00e1 f\u00f4lego ao Ibovespa, Ita\u00fasa (ITSA4) anuncia pagamento de JCP e P\u00e3o de A\u00e7\u00facar (PCAR3) rejeita nova oferta pelo \u00c9xito","datePublished":"2023-07-21T01:41:41+00:00","dateModified":"2023-07-21T01:41:55+00:00","mainEntityOfPage":{"@id":"https:\/\/www.suno.com.br\/noticias\/radar-vale-vale3-itausa-itsa4-pao-de-acucar-pcar3\/"},"wordCount":2157,"publisher":{"@id":"https:\/\/www.suno.com.br\/noticias\/#organization"},"image":{"@id":"https:\/\/www.suno.com.br\/noticias\/radar-vale-vale3-itausa-itsa4-pao-de-acucar-pcar3\/#primaryimage"},"thumbnailUrl":"https:\/\/files.sunoresearch.com.br\/n\/uploads\/2023\/02\/vale-vale3-1.jpg","keywords":["Americanas (AMER3)","Banco do Brasil (BBAS3)","Braskem (BRKM3\/BRKM5\/BRKM6)","BTG Pactual (BPAC11\/BPAC3\/BPAC5)","Grupo P\u00e3o de A\u00e7\u00facar (PCAR3\/PCAR4)","Ita\u00fa Unibanco (ITUB3\/ITUB4)","Ita\u00fasa (ITSA3\/ITSA4)","Natura (NTCO3)","Petrobras (PETR4)","Santander (SANB11\/SANB3\/SANB4)","Vale (VALE3)"],"articleSection":["Neg\u00f3cios"],"inLanguage":"pt-BR"},{"@type":"WebPage","@id":"https:\/\/www.suno.com.br\/noticias\/radar-vale-vale3-itausa-itsa4-pao-de-acucar-pcar3\/","url":"https:\/\/www.suno.com.br\/noticias\/radar-vale-vale3-itausa-itsa4-pao-de-acucar-pcar3\/","name":"Radar: Vale (VALE3) sobe e d\u00e1 f\u00f4lego ao Ibovespa, Ita\u00fasa (ITSA4) anuncia pagamento de JCP e P\u00e3o de A\u00e7\u00facar (PCAR3) rejeita nova oferta pelo \u00c9xito","isPartOf":{"@id":"https:\/\/www.suno.com.br\/noticias\/#website"},"primaryImageOfPage":{"@id":"https:\/\/www.suno.com.br\/noticias\/radar-vale-vale3-itausa-itsa4-pao-de-acucar-pcar3\/#primaryimage"},"image":{"@id":"https:\/\/www.suno.com.br\/noticias\/radar-vale-vale3-itausa-itsa4-pao-de-acucar-pcar3\/#primaryimage"},"thumbnailUrl":"https:\/\/files.sunoresearch.com.br\/n\/uploads\/2023\/02\/vale-vale3-1.jpg","datePublished":"2023-07-21T01:41:41+00:00","dateModified":"2023-07-21T01:41:55+00:00","description":"Vale (VALE3) sobe na contram\u00e3o das mineradoras, Ita\u00fasa (ITSA4) anuncia pagamento de JCP e Petrobras (PETR4) paralisa processo bilion\u00e1rio","breadcrumb":{"@id":"https:\/\/www.suno.com.br\/noticias\/radar-vale-vale3-itausa-itsa4-pao-de-acucar-pcar3\/#breadcrumb"},"inLanguage":"pt-BR","potentialAction":[{"@type":"ReadAction","target":["https:\/\/www.suno.com.br\/noticias\/radar-vale-vale3-itausa-itsa4-pao-de-acucar-pcar3\/"]}]},{"@type":"ImageObject","inLanguage":"pt-BR","@id":"https:\/\/www.suno.com.br\/noticias\/radar-vale-vale3-itausa-itsa4-pao-de-acucar-pcar3\/#primaryimage","url":"https:\/\/files.sunoresearch.com.br\/n\/uploads\/2023\/02\/vale-vale3-1.jpg","contentUrl":"https:\/\/files.sunoresearch.com.br\/n\/uploads\/2023\/02\/vale-vale3-1.jpg","width":1433,"height":800,"caption":"A\u00e7\u00f5es da Vale (VALE3) sobem com revis\u00e3o do min\u00e9rio e possibilidade de dividendos. Foto: Reprodu\u00e7\u00e3o Facebook"},{"@type":"BreadcrumbList","@id":"https:\/\/www.suno.com.br\/noticias\/radar-vale-vale3-itausa-itsa4-pao-de-acucar-pcar3\/#breadcrumb","itemListElement":[{"@type":"ListItem","position":1,"name":"Not\u00edcias","item":"https:\/\/www.suno.com.br\/noticias\/"},{"@type":"ListItem","position":2,"name":"Neg\u00f3cios","item":"https:\/\/www.suno.com.br\/noticias\/negocios\/"},{"@type":"ListItem","position":3,"name":"Radar: Vale (VALE3) sobe e d\u00e1 f\u00f4lego ao Ibovespa, Ita\u00fasa (ITSA4) anuncia pagamento de JCP e P\u00e3o de A\u00e7\u00facar (PCAR3) rejeita nova oferta pelo \u00c9xito"}]},{"@type":"WebSite","@id":"https:\/\/www.suno.com.br\/noticias\/#website","url":"https:\/\/www.suno.com.br\/noticias\/","name":"Suno Not\u00edcias","description":"Seu portal de informa\u00e7\u00e3o sobre o mundo dos investimentos","publisher":{"@id":"https:\/\/www.suno.com.br\/noticias\/#organization"},"potentialAction":[{"@type":"SearchAction","target":{"@type":"EntryPoint","urlTemplate":"https:\/\/www.suno.com.br\/noticias\/?s={search_term_string}"},"query-input":{"@type":"PropertyValueSpecification","valueRequired":true,"valueName":"search_term_string"}}],"inLanguage":"pt-BR"},{"@type":"Organization","@id":"https:\/\/www.suno.com.br\/noticias\/#organization","name":"Suno Not\u00edcias","url":"https:\/\/www.suno.com.br\/noticias\/","logo":{"@type":"ImageObject","inLanguage":"pt-BR","@id":"https:\/\/www.suno.com.br\/noticias\/#\/schema\/logo\/image\/","url":"https:\/\/files.sunoresearch.com.br\/n\/uploads\/2021\/09\/suno-logo.png","contentUrl":"https:\/\/files.sunoresearch.com.br\/n\/uploads\/2021\/09\/suno-logo.png","width":180,"height":180,"caption":"Suno Not\u00edcias"},"image":{"@id":"https:\/\/www.suno.com.br\/noticias\/#\/schema\/logo\/image\/"},"sameAs":["https:\/\/facebook.com\/sunoresearch","https:\/\/x.com\/sunoresearch","https:\/\/www.instagram.com\/suno","https:\/\/www.linkedin.com\/company\/suno-research\/","https:\/\/www.youtube.com\/c\/sunoresearch"]},{"@type":"Person","@id":"https:\/\/www.suno.com.br\/noticias\/#\/schema\/person\/450c455ecff319bab1f1a0e643451479","name":"Vanessa Loiola","image":{"@type":"ImageObject","inLanguage":"pt-BR","@id":"https:\/\/www.suno.com.br\/noticias\/#\/schema\/person\/image\/","url":"https:\/\/secure.gravatar.com\/avatar\/8b41117f9780831919eb38da349c3f20?s=96&r=g","contentUrl":"https:\/\/secure.gravatar.com\/avatar\/8b41117f9780831919eb38da349c3f20?s=96&r=g","caption":"Vanessa Loiola"},"description":"Jornalista formada pela PUC-SP, com experi\u00eancia na cobertura das editorias de economia, finan\u00e7as, bolsa de valores, pol\u00edtica, energia solar e entretenimento. Com passagem pela BM&amp;C News e RedeTV!","url":"https:\/\/www.suno.com.br\/noticias\/author\/vanessal-loiolagmail-com\/"}]}},"default_loop_html":"<div class=\"cardsPage__listCard__boxs\"><div class=\"cardsPage__listCard__boxs__img\"><a href=\"https:\/\/www.suno.com.br\/noticias\/radar-vale-vale3-itausa-itsa4-pao-de-acucar-pcar3\/\"><img class=\"mask\" src=\"https:\/\/www.suno.com.br\/noticias\/wp-content\/themes\/suno\/resources\/images\/spotlight\/spotlight1img\/bg-mask.png\" alt=\"Image Mask\"\/><img src=\"https:\/\/files.sunoresearch.com.br\/n\/uploads\/2023\/02\/vale-vale3-1-400x200.jpg\" alt=\"Radar: Vale (VALE3) sobe e d\u00e1 f\u00f4lego ao Ibovespa, Ita\u00fasa (ITSA4) anuncia pagamento de JCP e P\u00e3o de A\u00e7\u00facar (PCAR3) rejeita nova oferta pelo \u00c9xito\"\/><\/a><span class=\"spotlightCategory\"><a href=\"https:\/\/www.suno.com.br\/noticias\/negocios\/\">Neg\u00f3cios<\/a><\/span><\/div><div class=\"cardsPage__listCard__boxs__content\"><a href=\"https:\/\/www.suno.com.br\/noticias\/radar-vale-vale3-itausa-itsa4-pao-de-acucar-pcar3\/\"><h2 class=\"content__title\">Radar: Vale (VALE3) sobe e d\u00e1 f\u00f4lego ao Ibovespa, Ita\u00fasa (ITSA4) anuncia pagamento de JCP e P\u00e3o de A\u00e7\u00facar (PCAR3) rejeita nova oferta pelo \u00c9xito<\/h2><\/a><div class=\"newsContent__article__meta\"><div class=\"newsContent__article__meta__authorBox\"><a href=\"https:\/\/www.suno.com.br\/noticias\/author\/vanessal-loiolagmail-com\/\" class=\"authorBox__avatar noMobi\"><img src=\"https:\/\/secure.gravatar.com\/avatar\/8b41117f9780831919eb38da349c3f20?s=96&#038;r=g\" alt=\"Vanessa Loiola\"><\/a><div class=\"authorBox__name\"><span>por\n\t\t\t<a href=\"https:\/\/www.suno.com.br\/noticias\/author\/vanessal-loiolagmail-com\/\"><span itemprop=\"author\">Vanessa Loiola<\/span><\/a><\/span><time datetime=\"2023-07-20T22:41:41-03:00\" itemprop=\"datePublished\">20\/07\/2023 22:41<\/time><\/div><\/div><\/div><\/div><\/div>","single_layout":"posts","amp_enabled":true,"_links":{"self":[{"href":"https:\/\/www.suno.com.br\/noticias\/wp-json\/wp\/v2\/posts\/431547"}],"collection":[{"href":"https:\/\/www.suno.com.br\/noticias\/wp-json\/wp\/v2\/posts"}],"about":[{"href":"https:\/\/www.suno.com.br\/noticias\/wp-json\/wp\/v2\/types\/post"}],"author":[{"embeddable":true,"href":"https:\/\/www.suno.com.br\/noticias\/wp-json\/wp\/v2\/users\/227"}],"replies":[{"embeddable":true,"href":"https:\/\/www.suno.com.br\/noticias\/wp-json\/wp\/v2\/comments?post=431547"}],"version-history":[{"count":2,"href":"https:\/\/www.suno.com.br\/noticias\/wp-json\/wp\/v2\/posts\/431547\/revisions"}],"predecessor-version":[{"id":431573,"href":"https:\/\/www.suno.com.br\/noticias\/wp-json\/wp\/v2\/posts\/431547\/revisions\/431573"}],"wp:featuredmedia":[{"embeddable":true,"href":"https:\/\/www.suno.com.br\/noticias\/wp-json\/wp\/v2\/media\/368083"}],"wp:attachment":[{"href":"https:\/\/www.suno.com.br\/noticias\/wp-json\/wp\/v2\/media?parent=431547"}],"wp:term":[{"taxonomy":"category","embeddable":true,"href":"https:\/\/www.suno.com.br\/noticias\/wp-json\/wp\/v2\/categories?post=431547"},{"taxonomy":"post_tag","embeddable":true,"href":"https:\/\/www.suno.com.br\/noticias\/wp-json\/wp\/v2\/tags?post=431547"},{"taxonomy":"suno_strategy","embeddable":true,"href":"https:\/\/www.suno.com.br\/noticias\/wp-json\/wp\/v2\/suno_strategy?post=431547"}],"curies":[{"name":"wp","href":"https:\/\/api.w.org\/{rel}","templated":true}]}}