{"id":431514,"date":"2023-07-20T22:06:48","date_gmt":"2023-07-21T01:06:48","guid":{"rendered":"https:\/\/www.suno.com.br\/noticias\/?p=431514"},"modified":"2023-07-20T22:06:55","modified_gmt":"2023-07-21T01:06:55","slug":"ipca-governo-preve-inflacao-menor-pib-veja-numeros-va","status":"publish","type":"post","link":"https:\/\/www.suno.com.br\/noticias\/ipca-governo-preve-inflacao-menor-pib-veja-numeros-va\/","title":{"rendered":"IPCA: governo federal melhora proje\u00e7\u00e3o da infla\u00e7\u00e3o e do PIB; veja os novos n\u00fameros"},"content":{"rendered":"<p>O <a class=\"suno-keyword\" data-force=\"no\" data-priority=\"2\" href=\"https:\/\/www.suno.com.br\/artigos\/ministerio-da-fazenda\/\" target=\"_blank\" rel=\"noopener\">Minist\u00e9rio da Fazenda<\/a> revisou para baixo a proje\u00e7\u00e3o de infla\u00e7\u00e3o medida pelo \u00cdndice Nacional de Pre\u00e7os ao Consumidor Amplo (<strong>IPCA<\/strong>) em 2023 e 2024. Al\u00e9m disso, a pasta tamb\u00e9m subiu a expectativa de crescimento do Produto Interno Bruto (PIB) deste ano, de 1,9% para 2,5%.<\/p>\t<div class=\"wrapper-featured-image\">\n\t\t<figure class=\"spotlightImg\">\n\n\t\t\t<picture>\n\t\t\t\t<source media=\"(max-width: 768px)\" srcset=\"https:\/\/files.sunoresearch.com.br\/n\/uploads\/2021\/04\/48082f7c-ballots-1194989_1280-400x200.webp\">\n\t\t\t\t<img loading=\"lazy\" decoding=\"async\" class=\"newsContent__article__imgCapa lazyloadDisabled \" src=\"https:\/\/files.sunoresearch.com.br\/n\/uploads\/2021\/04\/48082f7c-ballots-1194989_1280-800x450.webp\" width=\"800\" height=\"450\" alt=\"IPCA: governo federal melhora proje\u00e7\u00e3o da infla\u00e7\u00e3o e do PIB; veja os novos n\u00fameros\" fetchpriority=high \/>\n\t\t\t<\/picture>\n\n\t\t\t<figcaption class=\"wp-caption-text wp-caption-text--show\">IPCA: Governo federal prev\u00ea infla\u00e7\u00e3o menor neste ano.Foto: Pixabay<\/figcaption>\n\t\t<\/figure>\n\t<\/div>\n\n\n\n\n\n\t<p>\n\t\t<a href=\"\" target=\"_blank\" data-element=\"shortcode-suno-banner\" title=\"Banner SUNO, clique e saiba mais\">\n\t\t\t<picture>\n\t\t\t\t<source media=\"(max-width: 500px)\" srcset=\"\">\n\t\t\t\t<img class=\"newsContent__article__imgCapa newsContent__article__imgCapa--banner\"\n\t\t\t\t\tsrc=\"\"\n\t\t\t\t\tdata-promo-id=\"240038\"\t\t\t\t\t\t\t\t\t\t\t\t\t\t\talt=\"\"\n\t\t\t\t>\n\t\t\t<\/picture>\n\t\t<\/a>\n\t<\/p>\n\n\n\n\n\n\n\n<p>Em rela\u00e7\u00e3o \u00e0 <strong>infla\u00e7\u00e3o,<\/strong> segundo novos par\u00e2metros da Secretaria de <a class=\"suno-keyword\" data-force=\"no\" data-priority=\"1\" href=\"https:\/\/www.suno.com.br\/artigos\/politica-economica\/\" target=\"_blank\" rel=\"noopener\">Pol\u00edtica Econ\u00f4mica<\/a> (SPE), a estimativa para 2023 caiu de 5,58% para 4,85%, muito pr\u00f3ximo do teto da <strong>meta para o IPCA<\/strong> no ano &#8211; que \u00e9 de 4,75%.<\/p>\n\n\n\n<p>Para Guilherme de Mello, secret\u00e1rio de Pol\u00edtica Econ\u00f4mica, houve &#8220;aumento expressivo das chances de o IPCA terminar dentro da banda superior da <a class=\"suno-keyword\" data-force=\"no\" data-priority=\"1\" href=\"https:\/\/www.suno.com.br\/artigos\/meta-de-inflacao\/\" target=\"_blank\" rel=\"noopener\"><strong>meta de infla\u00e7\u00e3o<\/strong><\/a>&#8220;. Ele ainda destacou que o mercado j\u00e1 prev\u00ea <strong>redu\u00e7\u00e3o da Selic<\/strong> dos atuais 13,75% ano para 12% at\u00e9 o fim de 2023.<\/p>\n\n\n\n<p>J\u00e1 a <strong>proje\u00e7\u00e3o do IPCA<\/strong> em rela\u00e7\u00e3o a 2024 caiu de 3,63% para 3,30% A meta de infla\u00e7\u00e3o do ano que vem \u00e9 de 3%, com intervalo de toler\u00e2ncia de 1,5 ponto porcentual para mais ou para menos. O \u00faltimo boletim da SPE havia sido divulgado em maio.<\/p>\n\n\n\t<p>\n\t\t<a href=\"https:\/\/lp.suno.com.br\/ebook-gratuito-investindo-no-exterior\/\" target=\"_blank\" data-element=\"shortcode-suno-banner\" title=\"Banner SUNO, clique e saiba mais\">\n\t\t\t<picture>\n\t\t\t\t<source media=\"(max-width: 500px)\" srcset=\"https:\/\/files.sunoresearch.com.br\/n\/uploads\/2023\/03\/400x300-Investindo-no-exterior.png\">\n\t\t\t\t<img class=\"newsContent__article__imgCapa newsContent__article__imgCapa--banner\"\n\t\t\t\t\tsrc=\"https:\/\/files.sunoresearch.com.br\/n\/uploads\/2023\/03\/1420x240-Investindo-no-exterior.png\"\n\t\t\t\t\tdata-promo-id=\"383161\"\t\t\t\t\t\t\t\t\t\twidth='1420' height='240'\t\t\t\t\talt=\"https:\/\/files.sunoresearch.com.br\/n\/uploads\/2023\/03\/1420x240-Investindo-no-exterior.png\"\n\t\t\t\t>\n\t\t\t<\/picture>\n\t\t<\/a>\n\t<\/p>\n\n\n\n\n\n<h2 class=\"wp-block-heading\">IPCA: \u2018surpresas positivas\u2019 colaboraram com revis\u00e3o, diz Fazenda<\/h2>\n\n\n\n<p>No boletim, a SPE argumenta que a revis\u00e3o na proje\u00e7\u00e3o para a infla\u00e7\u00e3o oficial neste ano foi motivada, sobretudo, pelas &#8220;surpresas positivas&#8221; com a <strong>divulga\u00e7\u00e3o do IPCA<\/strong> de abril (0,61%) e maio (0,23%).<\/p>\n\n\n\n<p>Al\u00e9m disso, o governo cita alguns pontos como relevantes para o controle inflacion\u00e1rio:<\/p>\n\n\n\n<ul class=\"wp-block-list\">\n<li>redu\u00e7\u00e3o nos pre\u00e7os dos combust\u00edveis<\/li>\n\n\n\n<li>revis\u00f5es nas tarifas de energia el\u00e9trica residencial e dos \u00f4nibus urbanos<\/li>\n\n\n\n<li>reajuste autorizado para plano de sa\u00fade, levemente inferior<\/li>\n<\/ul>\n\n\n\n<p>O <a class=\"suno-keyword\" target=\"_blank\" data-force=\"no\" data-priority=\"2\" href=\"https:\/\/www.suno.com.br\/artigos\/ministerio-da-fazenda\/\" rel=\"noopener\">Minist\u00e9rio da Fazenda<\/a> ainda destacou a mudan\u00e7a no regime de meta de infla\u00e7\u00e3o (para meta cont\u00ednua, a partir de 2026) como um fator que tamb\u00e9m deve ajudar para a converg\u00eancia das expectativas de infla\u00e7\u00e3o para este ano.<\/p>\n\n\n\n<p>Em rela\u00e7\u00e3o a 2024, a explica\u00e7\u00e3o dada pela SPE para a redu\u00e7\u00e3o da proje\u00e7\u00e3o reflete mudan\u00e7as no cen\u00e1rio externo, como o c\u00e2mbio e o pre\u00e7o de commodities, al\u00e9m de menores reajustes previstos para pre\u00e7os monitorados.<\/p>\n\n\n\n<h2 class=\"wp-block-heading\">Sal\u00e1rio M\u00ednimo<\/h2>\n\n\n\n<p>A Fazenda tamb\u00e9m reduziu a proje\u00e7\u00e3o para o \u00cdndice Nacional de Pre\u00e7os ao Consumidor (INPC) &#8211; utilizado para a corre\u00e7\u00e3o do sal\u00e1rio m\u00ednimo. <\/p>\n\n\n\n<p>De acordo com a pasta, a estimativa para a alta do indicador neste ano recuou de 5,34% para 4,48%. Para 2024, a proje\u00e7\u00e3o foi revisada de 3,44% para 3,01%. J\u00e1 a estimativa para o IGP-DI em 2023 foi reduzida de 2,06% para -2,21%. Para o pr\u00f3ximo ano, a proje\u00e7\u00e3o caiu de 3,78% para 3,63%<\/p>\n\n\n\n<h2 class=\"wp-block-heading\">IPCA: banco su\u00ed\u00e7o j\u00e1 projeta infla\u00e7\u00e3o dentro da meta em 2023<\/h2>\n\n\n\n<p>O banco de investimentos su\u00ed\u00e7o UBS BB afirmou, em relat\u00f3rio enviado a clientes, que projeta a infla\u00e7\u00e3o pelo IPCA de 4,7% em 2023 e 3,5% em 2024, em ambos os casos, dentro das metas estabelecidas pelo Conselho Monet\u00e1rio Nacional, de 3,25% at\u00e9 4,75% em 2023 e de 3% at\u00e9 4,5% em 2024.<\/p>\n\n\n\n<p>O relat\u00f3rio do UBS BB destacou os <strong>dados do IPCA <\/strong>do m\u00eas de junho, divulgados na manh\u00e3 desta ter\u00e7a-feira (11) pelo <a href=\"https:\/\/www.suno.com.br\/noticias\/varejo-ibge-maio-atividades-caem-evm\/\">IBGE<\/a>, que apresentaram defla\u00e7\u00e3o de 0,08% no m\u00eas passado e um acumulado de 3,16% em 12 meses.<\/p>\n\n\n\n\t<div data-element=\"shortcode-read-more\" class=\"readToo\">\n\t\t\t\t<span class=\"readToo__title\">Leia mais<\/span>\n\t\t\t\t<ul class=\"readToo__list\">\n\t\t\t<li><a href=\"https:\/\/www.suno.com.br\/noticias\/ipc-fipe-quadrissemana-julho-sao-paulo-sp-evm\/\">IPC-Fipe: Infla\u00e7\u00e3o em S\u00e3o Paulo cai 0,02% na 1\u00aa quadrissemana de julho<\/a><\/li><li><a href=\"https:\/\/www.suno.com.br\/noticias\/fmi-mudanca-climatica-estabilidade-macroeconomica\/\">FMI: mudan\u00e7a clim\u00e1tica \u00e9 central para estabilidade financeira e macroecon\u00f4mica<\/a><\/li>\t\t<\/ul>\n\t<\/div>\n\n\n\n\n<p>Segundo o banco su\u00ed\u00e7o, a infla\u00e7\u00e3o anual chegou ao seu menor n\u00edvel neste ano e deve voltar a acelerar nos pr\u00f3ximos meses, dado que em 2022 o governo de Jair Bolsonaro realizou uma s\u00e9rie de desonera\u00e7\u00f5es na reta final das elei\u00e7\u00f5es, que j\u00e1 voltaram a ser cobradas normalmente e que dever\u00e3o pesar no \u00edndice.<\/p>\n\n\n\n<p>\u201cA infla\u00e7\u00e3o anual provavelmente chegou ao fundo do po\u00e7o no Brasil. Projetamos que reacelere para 5,2% em setembro antes de atingir 4,7% em dezembro\u201d, apontou o relat\u00f3rio assinado pelos economistas Rodrigo Martins, Alexandre de Azara e Fabio Ramos.<\/p>\n\n\n\n<p>Para a divulga\u00e7\u00e3o de julho do <strong>IPCA<\/strong>, a proje\u00e7\u00e3o do banco \u00e9 de uma infla\u00e7\u00e3o pr\u00f3xima de zero \u2013 com destaques para uma retomada diante do fim da pol\u00edtica de subs\u00eddios para carros novos, queda no pre\u00e7o da energia el\u00e9trica, ligeira alta na gasolina com a recomposi\u00e7\u00e3o de impostos federais e os pre\u00e7os dos alimentos contribuindo para a queda.<\/p>\n\n\n\n<p><em>Com Estad\u00e3o Conte\u00fado e Ag\u00eancia Brasil <\/em><\/p>\n\n\n\t<p>\n\t\t<a href=\"https:\/\/lp.suno.com.br\/planilha-da-vida-financeira\/\" target=\"_blank\" data-element=\"shortcode-suno-banner\" title=\"Banner SUNO, clique e saiba mais\">\n\t\t\t<picture>\n\t\t\t\t<source media=\"(max-width: 500px)\" srcset=\"https:\/\/files.sunoresearch.com.br\/n\/uploads\/2023\/04\/400x300-Planilha-vida-financeira-true.png\">\n\t\t\t\t<img class=\"newsContent__article__imgCapa newsContent__article__imgCapa--banner\"\n\t\t\t\t\tsrc=\"https:\/\/files.sunoresearch.com.br\/n\/uploads\/2023\/04\/1420x240-Planilha-vida-financeira-true.png\"\n\t\t\t\t\tdata-promo-id=\"383123\"\t\t\t\t\t\t\t\t\t\twidth='1420' height='240'\t\t\t\t\talt=\"https:\/\/files.sunoresearch.com.br\/n\/uploads\/2023\/04\/1420x240-Planilha-vida-financeira-true.png\"\n\t\t\t\t>\n\t\t\t<\/picture>\n\t\t<\/a>\n\t<\/p>\n\n\n","protected":false},"excerpt":{"rendered":"<p>O Minist\u00e9rio da Fazenda revisou para baixo a proje\u00e7\u00e3o de infla\u00e7\u00e3o medida pelo \u00cdndice Nacional de Pre\u00e7os ao Consumidor Amplo (IPCA) em 2023 e 2024. Al\u00e9m disso, a pasta tamb\u00e9m subiu a expectativa de crescimento do Produto Interno Bruto (PIB) deste ano, de 1,9% para 2,5%. IPCA: Governo federal prev\u00ea infla\u00e7\u00e3o menor neste ano.Foto: Pixabay [&hellip;]<\/p>\n","protected":false},"author":301,"featured_media":138453,"comment_status":"closed","ping_status":"closed","sticky":false,"template":"","format":"standard","meta":[],"categories":[62],"tags":[850,966,909],"suno_strategy":[],"class_list":["post-431514","post","type-post","status-publish","format-standard","has-post-thumbnail","hentry","category-economia","tag-inflacao","tag-ipca","tag-ministerio-da-economia"],"yoast_head":"<!-- This site is optimized with the Yoast SEO plugin v24.4 - https:\/\/yoast.com\/wordpress\/plugins\/seo\/ -->\n<title>IPCA: governo federal melhora proje\u00e7\u00e3o da infla\u00e7\u00e3o e do PIB<\/title>\n<meta name=\"description\" content=\"O Minist\u00e9rio da Fazenda revisou a proje\u00e7\u00e3o de infla\u00e7\u00e3o medida pelo \u00cdndice Nacional de Pre\u00e7os ao Consumidor Amplo (IPCA) em 2023 e 2024.\" \/>\n<meta name=\"robots\" content=\"index, follow, max-snippet:-1, max-image-preview:large, max-video-preview:-1\" \/>\n<link rel=\"canonical\" href=\"https:\/\/www.suno.com.br\/noticias\/ipca-governo-preve-inflacao-menor-pib-veja-numeros-va\/\" \/>\n<meta property=\"og:locale\" content=\"pt_BR\" \/>\n<meta property=\"og:type\" content=\"article\" \/>\n<meta property=\"og:title\" content=\"IPCA: governo federal melhora proje\u00e7\u00e3o da infla\u00e7\u00e3o e do PIB\" \/>\n<meta property=\"og:description\" content=\"O Minist\u00e9rio da Fazenda revisou a proje\u00e7\u00e3o de infla\u00e7\u00e3o medida pelo \u00cdndice Nacional de Pre\u00e7os ao Consumidor Amplo (IPCA) em 2023 e 2024.\" \/>\n<meta property=\"og:url\" content=\"https:\/\/www.suno.com.br\/noticias\/ipca-governo-preve-inflacao-menor-pib-veja-numeros-va\/\" \/>\n<meta property=\"og:site_name\" content=\"Suno Not\u00edcias\" \/>\n<meta property=\"article:publisher\" content=\"https:\/\/facebook.com\/sunoresearch\" \/>\n<meta property=\"og:image\" content=\"https:\/\/files.sunoresearch.com.br\/n\/uploads\/2021\/04\/48082f7c-ballots-1194989_1280.jpg\" \/>\n\t<meta property=\"og:image:width\" content=\"1280\" \/>\n\t<meta property=\"og:image:height\" content=\"853\" \/>\n\t<meta property=\"og:image:type\" content=\"image\/jpeg\" \/>\n<meta name=\"author\" content=\"Vin\u00edcius Alves\" \/>\n<meta name=\"twitter:card\" content=\"summary_large_image\" \/>\n<meta name=\"twitter:creator\" content=\"@sunoresearch\" \/>\n<meta name=\"twitter:site\" content=\"@sunoresearch\" \/>\n<meta name=\"twitter:label1\" content=\"Escrito por\" \/>\n\t<meta name=\"twitter:data1\" content=\"Vin\u00edcius Alves\" \/>\n\t<meta name=\"twitter:label2\" content=\"Est. tempo de leitura\" \/>\n\t<meta name=\"twitter:data2\" content=\"4 minutos\" \/>\n<script type=\"application\/ld+json\" class=\"yoast-schema-graph\">{\"@context\":\"https:\/\/schema.org\",\"@graph\":[{\"@type\":\"NewsArticle\",\"@id\":\"https:\/\/www.suno.com.br\/noticias\/ipca-governo-preve-inflacao-menor-pib-veja-numeros-va\/#article\",\"isPartOf\":{\"@id\":\"https:\/\/www.suno.com.br\/noticias\/ipca-governo-preve-inflacao-menor-pib-veja-numeros-va\/\"},\"author\":{\"name\":\"Vin\u00edcius Alves\",\"@id\":\"https:\/\/www.suno.com.br\/noticias\/#\/schema\/person\/4a180549702d0e236b3e420862bcded3\"},\"headline\":\"IPCA: governo federal melhora proje\u00e7\u00e3o da infla\u00e7\u00e3o e do PIB; veja os novos n\u00fameros\",\"datePublished\":\"2023-07-21T01:06:48+00:00\",\"dateModified\":\"2023-07-21T01:06:55+00:00\",\"mainEntityOfPage\":{\"@id\":\"https:\/\/www.suno.com.br\/noticias\/ipca-governo-preve-inflacao-menor-pib-veja-numeros-va\/\"},\"wordCount\":738,\"publisher\":{\"@id\":\"https:\/\/www.suno.com.br\/noticias\/#organization\"},\"image\":{\"@id\":\"https:\/\/www.suno.com.br\/noticias\/ipca-governo-preve-inflacao-menor-pib-veja-numeros-va\/#primaryimage\"},\"thumbnailUrl\":\"https:\/\/files.sunoresearch.com.br\/n\/uploads\/2021\/04\/48082f7c-ballots-1194989_1280-jpg.webp\",\"keywords\":[\"infla\u00e7\u00e3o\",\"IPCA\",\"Minist\u00e9rio da Economia\"],\"articleSection\":[\"Economia\"],\"inLanguage\":\"pt-BR\"},{\"@type\":\"WebPage\",\"@id\":\"https:\/\/www.suno.com.br\/noticias\/ipca-governo-preve-inflacao-menor-pib-veja-numeros-va\/\",\"url\":\"https:\/\/www.suno.com.br\/noticias\/ipca-governo-preve-inflacao-menor-pib-veja-numeros-va\/\",\"name\":\"IPCA: governo federal melhora proje\u00e7\u00e3o da infla\u00e7\u00e3o e do PIB\",\"isPartOf\":{\"@id\":\"https:\/\/www.suno.com.br\/noticias\/#website\"},\"primaryImageOfPage\":{\"@id\":\"https:\/\/www.suno.com.br\/noticias\/ipca-governo-preve-inflacao-menor-pib-veja-numeros-va\/#primaryimage\"},\"image\":{\"@id\":\"https:\/\/www.suno.com.br\/noticias\/ipca-governo-preve-inflacao-menor-pib-veja-numeros-va\/#primaryimage\"},\"thumbnailUrl\":\"https:\/\/files.sunoresearch.com.br\/n\/uploads\/2021\/04\/48082f7c-ballots-1194989_1280-jpg.webp\",\"datePublished\":\"2023-07-21T01:06:48+00:00\",\"dateModified\":\"2023-07-21T01:06:55+00:00\",\"description\":\"O Minist\u00e9rio da Fazenda revisou a proje\u00e7\u00e3o de infla\u00e7\u00e3o medida pelo \u00cdndice Nacional de Pre\u00e7os ao Consumidor Amplo (IPCA) em 2023 e 2024.\",\"breadcrumb\":{\"@id\":\"https:\/\/www.suno.com.br\/noticias\/ipca-governo-preve-inflacao-menor-pib-veja-numeros-va\/#breadcrumb\"},\"inLanguage\":\"pt-BR\",\"potentialAction\":[{\"@type\":\"ReadAction\",\"target\":[\"https:\/\/www.suno.com.br\/noticias\/ipca-governo-preve-inflacao-menor-pib-veja-numeros-va\/\"]}]},{\"@type\":\"ImageObject\",\"inLanguage\":\"pt-BR\",\"@id\":\"https:\/\/www.suno.com.br\/noticias\/ipca-governo-preve-inflacao-menor-pib-veja-numeros-va\/#primaryimage\",\"url\":\"https:\/\/files.sunoresearch.com.br\/n\/uploads\/2021\/04\/48082f7c-ballots-1194989_1280-jpg.webp\",\"contentUrl\":\"https:\/\/files.sunoresearch.com.br\/n\/uploads\/2021\/04\/48082f7c-ballots-1194989_1280-jpg.webp\",\"width\":1280,\"height\":853,\"caption\":\"IPCA: Governo federal prev\u00ea infla\u00e7\u00e3o menor neste ano.Foto: Pixabay\"},{\"@type\":\"BreadcrumbList\",\"@id\":\"https:\/\/www.suno.com.br\/noticias\/ipca-governo-preve-inflacao-menor-pib-veja-numeros-va\/#breadcrumb\",\"itemListElement\":[{\"@type\":\"ListItem\",\"position\":1,\"name\":\"Not\u00edcias\",\"item\":\"https:\/\/www.suno.com.br\/noticias\/\"},{\"@type\":\"ListItem\",\"position\":2,\"name\":\"Economia\",\"item\":\"https:\/\/www.suno.com.br\/noticias\/economia\/\"},{\"@type\":\"ListItem\",\"position\":3,\"name\":\"IPCA: governo federal melhora proje\u00e7\u00e3o da infla\u00e7\u00e3o e do PIB; veja os novos n\u00fameros\"}]},{\"@type\":\"WebSite\",\"@id\":\"https:\/\/www.suno.com.br\/noticias\/#website\",\"url\":\"https:\/\/www.suno.com.br\/noticias\/\",\"name\":\"Suno Not\u00edcias\",\"description\":\"Seu portal de informa\u00e7\u00e3o sobre o mundo dos investimentos\",\"publisher\":{\"@id\":\"https:\/\/www.suno.com.br\/noticias\/#organization\"},\"potentialAction\":[{\"@type\":\"SearchAction\",\"target\":{\"@type\":\"EntryPoint\",\"urlTemplate\":\"https:\/\/www.suno.com.br\/noticias\/?s={search_term_string}\"},\"query-input\":{\"@type\":\"PropertyValueSpecification\",\"valueRequired\":true,\"valueName\":\"search_term_string\"}}],\"inLanguage\":\"pt-BR\"},{\"@type\":\"Organization\",\"@id\":\"https:\/\/www.suno.com.br\/noticias\/#organization\",\"name\":\"Suno Not\u00edcias\",\"url\":\"https:\/\/www.suno.com.br\/noticias\/\",\"logo\":{\"@type\":\"ImageObject\",\"inLanguage\":\"pt-BR\",\"@id\":\"https:\/\/www.suno.com.br\/noticias\/#\/schema\/logo\/image\/\",\"url\":\"https:\/\/files.sunoresearch.com.br\/n\/uploads\/2021\/09\/suno-logo.png\",\"contentUrl\":\"https:\/\/files.sunoresearch.com.br\/n\/uploads\/2021\/09\/suno-logo.png\",\"width\":180,\"height\":180,\"caption\":\"Suno Not\u00edcias\"},\"image\":{\"@id\":\"https:\/\/www.suno.com.br\/noticias\/#\/schema\/logo\/image\/\"},\"sameAs\":[\"https:\/\/facebook.com\/sunoresearch\",\"https:\/\/x.com\/sunoresearch\",\"https:\/\/www.instagram.com\/suno\",\"https:\/\/www.linkedin.com\/company\/suno-research\/\",\"https:\/\/www.youtube.com\/c\/sunoresearch\"]},{\"@type\":\"Person\",\"@id\":\"https:\/\/www.suno.com.br\/noticias\/#\/schema\/person\/4a180549702d0e236b3e420862bcded3\",\"name\":\"Vin\u00edcius Alves\",\"image\":{\"@type\":\"ImageObject\",\"inLanguage\":\"pt-BR\",\"@id\":\"https:\/\/www.suno.com.br\/noticias\/#\/schema\/person\/image\/\",\"url\":\"https:\/\/secure.gravatar.com\/avatar\/a95b7fe6d1b813f7907d4f476d5a39e1?s=96&r=g\",\"contentUrl\":\"https:\/\/secure.gravatar.com\/avatar\/a95b7fe6d1b813f7907d4f476d5a39e1?s=96&r=g\",\"caption\":\"Vin\u00edcius Alves\"},\"description\":\"Jornalista formado na Faculdade C\u00e1sper L\u00edbero. Com passagens pela Ag\u00eancia Estado, InfoMoney e Editora Globo.\",\"url\":\"https:\/\/www.suno.com.br\/noticias\/author\/vini08correiagmail-com\/\"}]}<\/script>\n<!-- \/ Yoast SEO plugin. -->","yoast_head_json":{"title":"IPCA: governo federal melhora proje\u00e7\u00e3o da infla\u00e7\u00e3o e do PIB","description":"O Minist\u00e9rio da Fazenda revisou a proje\u00e7\u00e3o de infla\u00e7\u00e3o medida pelo \u00cdndice Nacional de Pre\u00e7os ao Consumidor Amplo (IPCA) em 2023 e 2024.","robots":{"index":"index","follow":"follow","max-snippet":"max-snippet:-1","max-image-preview":"max-image-preview:large","max-video-preview":"max-video-preview:-1"},"canonical":"https:\/\/www.suno.com.br\/noticias\/ipca-governo-preve-inflacao-menor-pib-veja-numeros-va\/","og_locale":"pt_BR","og_type":"article","og_title":"IPCA: governo federal melhora proje\u00e7\u00e3o da infla\u00e7\u00e3o e do PIB","og_description":"O Minist\u00e9rio da Fazenda revisou a proje\u00e7\u00e3o de infla\u00e7\u00e3o medida pelo \u00cdndice Nacional de Pre\u00e7os ao Consumidor Amplo (IPCA) em 2023 e 2024.","og_url":"https:\/\/www.suno.com.br\/noticias\/ipca-governo-preve-inflacao-menor-pib-veja-numeros-va\/","og_site_name":"Suno Not\u00edcias","article_publisher":"https:\/\/facebook.com\/sunoresearch","og_image":[{"width":1280,"height":853,"url":"https:\/\/files.sunoresearch.com.br\/n\/uploads\/2021\/04\/48082f7c-ballots-1194989_1280.jpg","type":"image\/jpeg"}],"author":"Vin\u00edcius Alves","twitter_card":"summary_large_image","twitter_creator":"@sunoresearch","twitter_site":"@sunoresearch","twitter_misc":{"Escrito por":"Vin\u00edcius Alves","Est. tempo de leitura":"4 minutos"},"schema":{"@context":"https:\/\/schema.org","@graph":[{"@type":"NewsArticle","@id":"https:\/\/www.suno.com.br\/noticias\/ipca-governo-preve-inflacao-menor-pib-veja-numeros-va\/#article","isPartOf":{"@id":"https:\/\/www.suno.com.br\/noticias\/ipca-governo-preve-inflacao-menor-pib-veja-numeros-va\/"},"author":{"name":"Vin\u00edcius Alves","@id":"https:\/\/www.suno.com.br\/noticias\/#\/schema\/person\/4a180549702d0e236b3e420862bcded3"},"headline":"IPCA: governo federal melhora proje\u00e7\u00e3o da infla\u00e7\u00e3o e do PIB; veja os novos n\u00fameros","datePublished":"2023-07-21T01:06:48+00:00","dateModified":"2023-07-21T01:06:55+00:00","mainEntityOfPage":{"@id":"https:\/\/www.suno.com.br\/noticias\/ipca-governo-preve-inflacao-menor-pib-veja-numeros-va\/"},"wordCount":738,"publisher":{"@id":"https:\/\/www.suno.com.br\/noticias\/#organization"},"image":{"@id":"https:\/\/www.suno.com.br\/noticias\/ipca-governo-preve-inflacao-menor-pib-veja-numeros-va\/#primaryimage"},"thumbnailUrl":"https:\/\/files.sunoresearch.com.br\/n\/uploads\/2021\/04\/48082f7c-ballots-1194989_1280-jpg.webp","keywords":["infla\u00e7\u00e3o","IPCA","Minist\u00e9rio da Economia"],"articleSection":["Economia"],"inLanguage":"pt-BR"},{"@type":"WebPage","@id":"https:\/\/www.suno.com.br\/noticias\/ipca-governo-preve-inflacao-menor-pib-veja-numeros-va\/","url":"https:\/\/www.suno.com.br\/noticias\/ipca-governo-preve-inflacao-menor-pib-veja-numeros-va\/","name":"IPCA: governo federal melhora proje\u00e7\u00e3o da infla\u00e7\u00e3o e do PIB","isPartOf":{"@id":"https:\/\/www.suno.com.br\/noticias\/#website"},"primaryImageOfPage":{"@id":"https:\/\/www.suno.com.br\/noticias\/ipca-governo-preve-inflacao-menor-pib-veja-numeros-va\/#primaryimage"},"image":{"@id":"https:\/\/www.suno.com.br\/noticias\/ipca-governo-preve-inflacao-menor-pib-veja-numeros-va\/#primaryimage"},"thumbnailUrl":"https:\/\/files.sunoresearch.com.br\/n\/uploads\/2021\/04\/48082f7c-ballots-1194989_1280-jpg.webp","datePublished":"2023-07-21T01:06:48+00:00","dateModified":"2023-07-21T01:06:55+00:00","description":"O Minist\u00e9rio da Fazenda revisou a proje\u00e7\u00e3o de infla\u00e7\u00e3o medida pelo \u00cdndice Nacional de Pre\u00e7os ao Consumidor Amplo (IPCA) em 2023 e 2024.","breadcrumb":{"@id":"https:\/\/www.suno.com.br\/noticias\/ipca-governo-preve-inflacao-menor-pib-veja-numeros-va\/#breadcrumb"},"inLanguage":"pt-BR","potentialAction":[{"@type":"ReadAction","target":["https:\/\/www.suno.com.br\/noticias\/ipca-governo-preve-inflacao-menor-pib-veja-numeros-va\/"]}]},{"@type":"ImageObject","inLanguage":"pt-BR","@id":"https:\/\/www.suno.com.br\/noticias\/ipca-governo-preve-inflacao-menor-pib-veja-numeros-va\/#primaryimage","url":"https:\/\/files.sunoresearch.com.br\/n\/uploads\/2021\/04\/48082f7c-ballots-1194989_1280-jpg.webp","contentUrl":"https:\/\/files.sunoresearch.com.br\/n\/uploads\/2021\/04\/48082f7c-ballots-1194989_1280-jpg.webp","width":1280,"height":853,"caption":"IPCA: Governo federal prev\u00ea infla\u00e7\u00e3o menor neste ano.Foto: Pixabay"},{"@type":"BreadcrumbList","@id":"https:\/\/www.suno.com.br\/noticias\/ipca-governo-preve-inflacao-menor-pib-veja-numeros-va\/#breadcrumb","itemListElement":[{"@type":"ListItem","position":1,"name":"Not\u00edcias","item":"https:\/\/www.suno.com.br\/noticias\/"},{"@type":"ListItem","position":2,"name":"Economia","item":"https:\/\/www.suno.com.br\/noticias\/economia\/"},{"@type":"ListItem","position":3,"name":"IPCA: governo federal melhora proje\u00e7\u00e3o da infla\u00e7\u00e3o e do PIB; veja os novos n\u00fameros"}]},{"@type":"WebSite","@id":"https:\/\/www.suno.com.br\/noticias\/#website","url":"https:\/\/www.suno.com.br\/noticias\/","name":"Suno Not\u00edcias","description":"Seu portal de informa\u00e7\u00e3o sobre o mundo dos investimentos","publisher":{"@id":"https:\/\/www.suno.com.br\/noticias\/#organization"},"potentialAction":[{"@type":"SearchAction","target":{"@type":"EntryPoint","urlTemplate":"https:\/\/www.suno.com.br\/noticias\/?s={search_term_string}"},"query-input":{"@type":"PropertyValueSpecification","valueRequired":true,"valueName":"search_term_string"}}],"inLanguage":"pt-BR"},{"@type":"Organization","@id":"https:\/\/www.suno.com.br\/noticias\/#organization","name":"Suno Not\u00edcias","url":"https:\/\/www.suno.com.br\/noticias\/","logo":{"@type":"ImageObject","inLanguage":"pt-BR","@id":"https:\/\/www.suno.com.br\/noticias\/#\/schema\/logo\/image\/","url":"https:\/\/files.sunoresearch.com.br\/n\/uploads\/2021\/09\/suno-logo.png","contentUrl":"https:\/\/files.sunoresearch.com.br\/n\/uploads\/2021\/09\/suno-logo.png","width":180,"height":180,"caption":"Suno Not\u00edcias"},"image":{"@id":"https:\/\/www.suno.com.br\/noticias\/#\/schema\/logo\/image\/"},"sameAs":["https:\/\/facebook.com\/sunoresearch","https:\/\/x.com\/sunoresearch","https:\/\/www.instagram.com\/suno","https:\/\/www.linkedin.com\/company\/suno-research\/","https:\/\/www.youtube.com\/c\/sunoresearch"]},{"@type":"Person","@id":"https:\/\/www.suno.com.br\/noticias\/#\/schema\/person\/4a180549702d0e236b3e420862bcded3","name":"Vin\u00edcius Alves","image":{"@type":"ImageObject","inLanguage":"pt-BR","@id":"https:\/\/www.suno.com.br\/noticias\/#\/schema\/person\/image\/","url":"https:\/\/secure.gravatar.com\/avatar\/a95b7fe6d1b813f7907d4f476d5a39e1?s=96&r=g","contentUrl":"https:\/\/secure.gravatar.com\/avatar\/a95b7fe6d1b813f7907d4f476d5a39e1?s=96&r=g","caption":"Vin\u00edcius Alves"},"description":"Jornalista formado na Faculdade C\u00e1sper L\u00edbero. Com passagens pela Ag\u00eancia Estado, InfoMoney e Editora Globo.","url":"https:\/\/www.suno.com.br\/noticias\/author\/vini08correiagmail-com\/"}]}},"default_loop_html":"<div class=\"cardsPage__listCard__boxs\"><div class=\"cardsPage__listCard__boxs__img\"><a href=\"https:\/\/www.suno.com.br\/noticias\/ipca-governo-preve-inflacao-menor-pib-veja-numeros-va\/\"><img class=\"mask\" src=\"https:\/\/www.suno.com.br\/noticias\/wp-content\/themes\/suno\/resources\/images\/spotlight\/spotlight1img\/bg-mask.png\" alt=\"Image Mask\"\/><img src=\"https:\/\/files.sunoresearch.com.br\/n\/uploads\/2021\/04\/48082f7c-ballots-1194989_1280-400x200.webp\" alt=\"IPCA: governo federal melhora proje\u00e7\u00e3o da infla\u00e7\u00e3o e do PIB; veja os novos n\u00fameros\"\/><\/a><span class=\"spotlightCategory\"><a href=\"https:\/\/www.suno.com.br\/noticias\/economia\/\">Economia<\/a><\/span><\/div><div class=\"cardsPage__listCard__boxs__content\"><a href=\"https:\/\/www.suno.com.br\/noticias\/ipca-governo-preve-inflacao-menor-pib-veja-numeros-va\/\"><h2 class=\"content__title\">IPCA: governo federal melhora proje\u00e7\u00e3o da infla\u00e7\u00e3o e do PIB; veja os novos n\u00fameros<\/h2><\/a><div class=\"newsContent__article__meta\"><div class=\"newsContent__article__meta__authorBox\"><a href=\"https:\/\/www.suno.com.br\/noticias\/author\/laura-moutinho\/\" class=\"authorBox__avatar noMobi\"><img src=\"https:\/\/files.sunoresearch.com.br\/n\/uploads\/2020\/08\/531ff69d-whatsapp-image-2020-08-03-at-14.54.38-150x150.webp\" alt=\"Laura Moutinho\"><\/a><div class=\"authorBox__name\"><span>por\n\t\t\t<a href=\"https:\/\/www.suno.com.br\/noticias\/author\/laura-moutinho\/\"><span itemprop=\"author\">Laura Moutinho<\/span><\/a><\/span><time datetime=\"2023-07-20T22:06:48-03:00\" itemprop=\"datePublished\">20\/07\/2023 22:06<\/time><\/div><\/div><\/div><\/div><\/div>","single_layout":"posts","amp_enabled":true,"_links":{"self":[{"href":"https:\/\/www.suno.com.br\/noticias\/wp-json\/wp\/v2\/posts\/431514"}],"collection":[{"href":"https:\/\/www.suno.com.br\/noticias\/wp-json\/wp\/v2\/posts"}],"about":[{"href":"https:\/\/www.suno.com.br\/noticias\/wp-json\/wp\/v2\/types\/post"}],"author":[{"embeddable":true,"href":"https:\/\/www.suno.com.br\/noticias\/wp-json\/wp\/v2\/users\/301"}],"replies":[{"embeddable":true,"href":"https:\/\/www.suno.com.br\/noticias\/wp-json\/wp\/v2\/comments?post=431514"}],"version-history":[{"count":2,"href":"https:\/\/www.suno.com.br\/noticias\/wp-json\/wp\/v2\/posts\/431514\/revisions"}],"predecessor-version":[{"id":431568,"href":"https:\/\/www.suno.com.br\/noticias\/wp-json\/wp\/v2\/posts\/431514\/revisions\/431568"}],"wp:featuredmedia":[{"embeddable":true,"href":"https:\/\/www.suno.com.br\/noticias\/wp-json\/wp\/v2\/media\/138453"}],"wp:attachment":[{"href":"https:\/\/www.suno.com.br\/noticias\/wp-json\/wp\/v2\/media?parent=431514"}],"wp:term":[{"taxonomy":"category","embeddable":true,"href":"https:\/\/www.suno.com.br\/noticias\/wp-json\/wp\/v2\/categories?post=431514"},{"taxonomy":"post_tag","embeddable":true,"href":"https:\/\/www.suno.com.br\/noticias\/wp-json\/wp\/v2\/tags?post=431514"},{"taxonomy":"suno_strategy","embeddable":true,"href":"https:\/\/www.suno.com.br\/noticias\/wp-json\/wp\/v2\/suno_strategy?post=431514"}],"curies":[{"name":"wp","href":"https:\/\/api.w.org\/{rel}","templated":true}]}}