{"id":43148,"date":"2019-10-31T10:38:36","date_gmt":"2019-10-31T12:38:36","guid":{"rendered":"https:\/\/www.suno.com.br\/noticias\/?p=43148"},"modified":"2021-06-01T22:06:36","modified_gmt":"2021-06-02T01:06:36","slug":"desemprego-no-brasil-chega-a-118-no-terceiro-trimestre","status":"publish","type":"post","link":"https:\/\/www.suno.com.br\/noticias\/desemprego-no-brasil-chega-a-118-no-terceiro-trimestre\/","title":{"rendered":"Desemprego cai 0,3% no trimestre e fica em 11,8%, diz IBGE"},"content":{"rendered":"<p>A taxa de desemprego no trimestre que teve in\u00edcio em julho e foi encerrado em setembro chegou a 11,8%. Em rela\u00e7\u00e3o ao trimestre anterior, a varia\u00e7\u00e3o foi de -0,3%. O Brasil conta, atualmente, com 12,5 milh\u00f5es de pessoas desempregadas. Os dados foram divulgados nesta quinta-feira (31) pelo Instituto Brasileiro de Geografia e Estat\u00edstica (IBGE).<\/p>\t<div class=\"wrapper-featured-image\">\n\t\t<figure class=\"spotlightImg\">\n\n\t\t\t<picture>\n\t\t\t\t<source media=\"(max-width: 768px)\" srcset=\"https:\/\/files.sunoresearch.com.br\/n\/uploads\/2019\/08\/83d6b7aa-desemprego-400x200.webp\">\n\t\t\t\t<img loading=\"lazy\" decoding=\"async\" class=\"newsContent__article__imgCapa lazyloadDisabled newsContent__article__imgCapa--noCaption\" src=\"https:\/\/files.sunoresearch.com.br\/n\/uploads\/2019\/08\/83d6b7aa-desemprego-800x450.webp\" width=\"800\" height=\"450\" alt=\"Desemprego cai 0,3% no trimestre e fica em 11,8%, diz IBGE\" fetchpriority=high \/>\n\t\t\t<\/picture>\n\n\t\t\t<figcaption class=\"wp-caption-text wp-caption-text--hide\">Taxa de desemprego recua 8,9% no trimestre. Foto: reprodu\u00e7\u00e3o.<\/figcaption>\n\t\t<\/figure>\n\t<\/div>\n\n\n\n<p>A queda na taxa de <strong>desemprego<\/strong> foi puxada pelos empregados sem carteira de trabalho, que teve alta de 2,9% de trabalhadores, com 11,8 milh\u00f5es de empregados nessa situa\u00e7\u00e3o, e pelos cidad\u00e3os que trabalham por conta pr\u00f3pria, que avan\u00e7ou 1,2%, totalizando 24,4 milh\u00f5es de pessoas. Os dois grupos atingiram recorde no trimestre.<\/p>\n<p>Na compara\u00e7\u00e3o anual, a taxa de desemprego apresentou estabilidade, segundo o IBGE, j\u00e1 que no mesmo per\u00edodo do ano passado a taxa ficou em 11,9%. Pesquisas da &#8220;Reuters&#8221; indicavam que a taxa ficaria em 11,6% no trimestre.<\/p>\n<p>Ainda de acordo com o instituto, mais pessoas est\u00e3o trabalhando e menos pessoas est\u00e3o procurando trabalho no Brasil. \u201c\u00c9 uma sazonalidade t\u00edpica do mercado de trabalho. O ano geralmente come\u00e7a com mais pessoas procurando trabalho e no 3\u00ba trimestre h\u00e1 tend\u00eancia de revers\u00e3o\u201d, afirma a analista da pesquisa, Adriana Beringuy.<\/p>\n\t<p>\n\t\t<a href=\"https:\/\/lp.suno.com.br\/ebook-10-livros\/\" target=\"_blank\" data-element=\"shortcode-suno-banner\" title=\"Banner SUNO, clique e saiba mais\">\n\t\t\t<picture>\n\t\t\t\t<source media=\"(max-width: 500px)\" srcset=\"https:\/\/files.sunoresearch.com.br\/n\/uploads\/2023\/03\/400x300-10-livros.png\">\n\t\t\t\t<img class=\"newsContent__article__imgCapa newsContent__article__imgCapa--banner\"\n\t\t\t\t\tsrc=\"https:\/\/files.sunoresearch.com.br\/n\/uploads\/2023\/03\/1420x240-10-livros.png\"\n\t\t\t\t\tdata-promo-id=\"383159\"\t\t\t\t\t\t\t\t\t\twidth='1420' height='240'\t\t\t\t\talt=\"https:\/\/files.sunoresearch.com.br\/n\/uploads\/2023\/03\/1420x240-10-livros.png\"\n\t\t\t\t>\n\t\t\t<\/picture>\n\t\t<\/a>\n\t<\/p>\n\n\n<p>A gera\u00e7\u00e3o de postos de trabalho teve um avan\u00e7o de aproximadamente 459 mil pessoas no terceiro trimestre, de acordo com dados do IBGE. Dessa forma, a popula\u00e7\u00e3o ocupada chega, atualmente, a 93,8 milh\u00f5es. Esse n\u00famero significa aumento de 0,5% em rela\u00e7\u00e3o ao trimestre anterior e 1,6% em compara\u00e7\u00e3o com o mesmo per\u00edodo do ano passado.<\/p>\n<p>\u201cDo ponto de vista quantitativo, tem mais pessoas trabalhando nesse trimestre, mas a quest\u00e3o \u00e9 a qualidade dessa forma de inser\u00e7\u00e3o informal\u201d, salienta a analista.<\/p>\n<p><a href=\"https:\/\/www.suno.com.br\/noticias\/divida-publica-deve-comecar-a-recuar-em-2023-diz-tesouro-nacional\/\">Veja tamb\u00e9m: D\u00edvida p\u00fablica deve come\u00e7ar a recuar em 2023, diz Tesouro Nacional<\/a><\/p>\n<p>Na compara\u00e7\u00e3o anual e tamb\u00e9m em rela\u00e7\u00e3o ao trimestre anterior, a popula\u00e7\u00e3o fora da for\u00e7a de trabalho permaneceu est\u00e1vel. O n\u00famero \u00e9 de 93,8 milh\u00f5es de pessoas.<\/p>\n<p>A pesquisa do IBGE sobre o <strong>desemprego<\/strong> tamb\u00e9m mostra que houve uma queda de 3,6% na popula\u00e7\u00e3o desalentada (que desistiu de procurar emprego), baixa de 174 mil pessoas, somando 4,7 milh\u00f5es de pessoas no total.<\/p>\n","protected":false},"excerpt":{"rendered":"<p>A taxa de desemprego no trimestre que teve in\u00edcio em julho e foi encerrado em setembro chegou a 11,8%. Em rela\u00e7\u00e3o ao trimestre anterior, a varia\u00e7\u00e3o foi de -0,3%. O Brasil conta, atualmente, com 12,5 milh\u00f5es de pessoas desempregadas. Os dados foram divulgados nesta quinta-feira (31) pelo Instituto Brasileiro de Geografia e Estat\u00edstica (IBGE). Taxa [&hellip;]<\/p>\n","protected":false},"author":19,"featured_media":35910,"comment_status":"closed","ping_status":"closed","sticky":false,"template":"","format":"standard","meta":[],"categories":[62],"tags":[1296],"suno_strategy":[],"class_list":["post-43148","post","type-post","status-publish","format-standard","has-post-thumbnail","hentry","category-economia","tag-desemprego"],"yoast_head":"<!-- This site is optimized with the Yoast SEO plugin v24.4 - https:\/\/yoast.com\/wordpress\/plugins\/seo\/ -->\n<title>Desemprego cai 0,3% no trimestre e fica em 11,8%, diz IBGE<\/title>\n<meta name=\"description\" content=\"A taxa de desemprego no trimestre que teve in\u00edcio em julho e foi encerrado em setembro chegou a 11,8%. Clique aqui para saber mais.\" \/>\n<meta name=\"robots\" content=\"index, follow, max-snippet:-1, max-image-preview:large, max-video-preview:-1\" \/>\n<link rel=\"canonical\" href=\"https:\/\/www.suno.com.br\/noticias\/desemprego-no-brasil-chega-a-118-no-terceiro-trimestre\/\" \/>\n<meta property=\"og:locale\" content=\"pt_BR\" \/>\n<meta property=\"og:type\" content=\"article\" \/>\n<meta property=\"og:title\" content=\"Desemprego cai 0,3% no trimestre e fica em 11,8%, diz IBGE\" \/>\n<meta property=\"og:description\" content=\"A taxa de desemprego no trimestre que teve in\u00edcio em julho e foi encerrado em setembro chegou a 11,8%. Clique aqui para saber mais.\" \/>\n<meta property=\"og:url\" content=\"https:\/\/www.suno.com.br\/noticias\/desemprego-no-brasil-chega-a-118-no-terceiro-trimestre\/\" \/>\n<meta property=\"og:site_name\" content=\"Suno Not\u00edcias\" \/>\n<meta property=\"article:publisher\" content=\"https:\/\/facebook.com\/sunoresearch\" \/>\n<meta property=\"og:image\" content=\"https:\/\/files.sunoresearch.com.br\/n\/uploads\/2019\/08\/83d6b7aa-desemprego.jpeg\" \/>\n\t<meta property=\"og:image:width\" content=\"1400\" \/>\n\t<meta property=\"og:image:height\" content=\"960\" \/>\n\t<meta property=\"og:image:type\" content=\"image\/jpeg\" \/>\n<meta name=\"author\" content=\"Juliano Passaro\" \/>\n<meta name=\"twitter:card\" content=\"summary_large_image\" \/>\n<meta name=\"twitter:creator\" content=\"@sunoresearch\" \/>\n<meta name=\"twitter:site\" content=\"@sunoresearch\" \/>\n<meta name=\"twitter:label1\" content=\"Escrito por\" \/>\n\t<meta name=\"twitter:data1\" content=\"Juliano Passaro\" \/>\n\t<meta name=\"twitter:label2\" content=\"Est. tempo de leitura\" \/>\n\t<meta name=\"twitter:data2\" content=\"2 minutos\" \/>\n<script type=\"application\/ld+json\" class=\"yoast-schema-graph\">{\"@context\":\"https:\/\/schema.org\",\"@graph\":[{\"@type\":\"NewsArticle\",\"@id\":\"https:\/\/www.suno.com.br\/noticias\/desemprego-no-brasil-chega-a-118-no-terceiro-trimestre\/#article\",\"isPartOf\":{\"@id\":\"https:\/\/www.suno.com.br\/noticias\/desemprego-no-brasil-chega-a-118-no-terceiro-trimestre\/\"},\"author\":{\"name\":\"Juliano Passaro\",\"@id\":\"https:\/\/www.suno.com.br\/noticias\/#\/schema\/person\/1db762f78ffd8919a648a63e425953e3\"},\"headline\":\"Desemprego cai 0,3% no trimestre e fica em 11,8%, diz IBGE\",\"datePublished\":\"2019-10-31T12:38:36+00:00\",\"dateModified\":\"2021-06-02T01:06:36+00:00\",\"mainEntityOfPage\":{\"@id\":\"https:\/\/www.suno.com.br\/noticias\/desemprego-no-brasil-chega-a-118-no-terceiro-trimestre\/\"},\"wordCount\":383,\"publisher\":{\"@id\":\"https:\/\/www.suno.com.br\/noticias\/#organization\"},\"image\":{\"@id\":\"https:\/\/www.suno.com.br\/noticias\/desemprego-no-brasil-chega-a-118-no-terceiro-trimestre\/#primaryimage\"},\"thumbnailUrl\":\"https:\/\/files.sunoresearch.com.br\/n\/uploads\/2019\/08\/83d6b7aa-desemprego-jpeg.webp\",\"keywords\":[\"Desemprego\"],\"articleSection\":[\"Economia\"],\"inLanguage\":\"pt-BR\"},{\"@type\":\"WebPage\",\"@id\":\"https:\/\/www.suno.com.br\/noticias\/desemprego-no-brasil-chega-a-118-no-terceiro-trimestre\/\",\"url\":\"https:\/\/www.suno.com.br\/noticias\/desemprego-no-brasil-chega-a-118-no-terceiro-trimestre\/\",\"name\":\"Desemprego cai 0,3% no trimestre e fica em 11,8%, diz IBGE\",\"isPartOf\":{\"@id\":\"https:\/\/www.suno.com.br\/noticias\/#website\"},\"primaryImageOfPage\":{\"@id\":\"https:\/\/www.suno.com.br\/noticias\/desemprego-no-brasil-chega-a-118-no-terceiro-trimestre\/#primaryimage\"},\"image\":{\"@id\":\"https:\/\/www.suno.com.br\/noticias\/desemprego-no-brasil-chega-a-118-no-terceiro-trimestre\/#primaryimage\"},\"thumbnailUrl\":\"https:\/\/files.sunoresearch.com.br\/n\/uploads\/2019\/08\/83d6b7aa-desemprego-jpeg.webp\",\"datePublished\":\"2019-10-31T12:38:36+00:00\",\"dateModified\":\"2021-06-02T01:06:36+00:00\",\"description\":\"A taxa de desemprego no trimestre que teve in\u00edcio em julho e foi encerrado em setembro chegou a 11,8%. Clique aqui para saber mais.\",\"breadcrumb\":{\"@id\":\"https:\/\/www.suno.com.br\/noticias\/desemprego-no-brasil-chega-a-118-no-terceiro-trimestre\/#breadcrumb\"},\"inLanguage\":\"pt-BR\",\"potentialAction\":[{\"@type\":\"ReadAction\",\"target\":[\"https:\/\/www.suno.com.br\/noticias\/desemprego-no-brasil-chega-a-118-no-terceiro-trimestre\/\"]}]},{\"@type\":\"ImageObject\",\"inLanguage\":\"pt-BR\",\"@id\":\"https:\/\/www.suno.com.br\/noticias\/desemprego-no-brasil-chega-a-118-no-terceiro-trimestre\/#primaryimage\",\"url\":\"https:\/\/files.sunoresearch.com.br\/n\/uploads\/2019\/08\/83d6b7aa-desemprego-jpeg.webp\",\"contentUrl\":\"https:\/\/files.sunoresearch.com.br\/n\/uploads\/2019\/08\/83d6b7aa-desemprego-jpeg.webp\",\"width\":1400,\"height\":960,\"caption\":\"Taxa de desemprego recua 8,9% no trimestre. Foto: reprodu\u00e7\u00e3o.\"},{\"@type\":\"BreadcrumbList\",\"@id\":\"https:\/\/www.suno.com.br\/noticias\/desemprego-no-brasil-chega-a-118-no-terceiro-trimestre\/#breadcrumb\",\"itemListElement\":[{\"@type\":\"ListItem\",\"position\":1,\"name\":\"Not\u00edcias\",\"item\":\"https:\/\/www.suno.com.br\/noticias\/\"},{\"@type\":\"ListItem\",\"position\":2,\"name\":\"Economia\",\"item\":\"https:\/\/www.suno.com.br\/noticias\/economia\/\"},{\"@type\":\"ListItem\",\"position\":3,\"name\":\"Desemprego cai 0,3% no trimestre e fica em 11,8%, diz IBGE\"}]},{\"@type\":\"WebSite\",\"@id\":\"https:\/\/www.suno.com.br\/noticias\/#website\",\"url\":\"https:\/\/www.suno.com.br\/noticias\/\",\"name\":\"Suno Not\u00edcias\",\"description\":\"Seu portal de informa\u00e7\u00e3o sobre o mundo dos investimentos\",\"publisher\":{\"@id\":\"https:\/\/www.suno.com.br\/noticias\/#organization\"},\"potentialAction\":[{\"@type\":\"SearchAction\",\"target\":{\"@type\":\"EntryPoint\",\"urlTemplate\":\"https:\/\/www.suno.com.br\/noticias\/?s={search_term_string}\"},\"query-input\":{\"@type\":\"PropertyValueSpecification\",\"valueRequired\":true,\"valueName\":\"search_term_string\"}}],\"inLanguage\":\"pt-BR\"},{\"@type\":\"Organization\",\"@id\":\"https:\/\/www.suno.com.br\/noticias\/#organization\",\"name\":\"Suno Not\u00edcias\",\"url\":\"https:\/\/www.suno.com.br\/noticias\/\",\"logo\":{\"@type\":\"ImageObject\",\"inLanguage\":\"pt-BR\",\"@id\":\"https:\/\/www.suno.com.br\/noticias\/#\/schema\/logo\/image\/\",\"url\":\"https:\/\/files.sunoresearch.com.br\/n\/uploads\/2021\/09\/suno-logo.png\",\"contentUrl\":\"https:\/\/files.sunoresearch.com.br\/n\/uploads\/2021\/09\/suno-logo.png\",\"width\":180,\"height\":180,\"caption\":\"Suno Not\u00edcias\"},\"image\":{\"@id\":\"https:\/\/www.suno.com.br\/noticias\/#\/schema\/logo\/image\/\"},\"sameAs\":[\"https:\/\/facebook.com\/sunoresearch\",\"https:\/\/x.com\/sunoresearch\",\"https:\/\/www.instagram.com\/suno\",\"https:\/\/www.linkedin.com\/company\/suno-research\/\",\"https:\/\/www.youtube.com\/c\/sunoresearch\"]},{\"@type\":\"Person\",\"@id\":\"https:\/\/www.suno.com.br\/noticias\/#\/schema\/person\/1db762f78ffd8919a648a63e425953e3\",\"name\":\"Juliano Passaro\",\"image\":{\"@type\":\"ImageObject\",\"inLanguage\":\"pt-BR\",\"@id\":\"https:\/\/www.suno.com.br\/noticias\/#\/schema\/person\/image\/\",\"url\":\"https:\/\/secure.gravatar.com\/avatar\/743d4df28eebf6dcc46b4ad03c319e92?s=96&r=g\",\"contentUrl\":\"https:\/\/secure.gravatar.com\/avatar\/743d4df28eebf6dcc46b4ad03c319e92?s=96&r=g\",\"caption\":\"Juliano Passaro\"},\"description\":\"Juliano Passaro escreve sobre pol\u00edtica, economia e neg\u00f3cios para o portal da Suno Research. Antes da Suno, trabalhou no Portal da Band. \u00c9 formado em jornalismo pela Universidade Presbiteriana Mackenzie.\",\"url\":\"https:\/\/www.suno.com.br\/noticias\/author\/juliano\/\"}]}<\/script>\n<!-- \/ Yoast SEO plugin. -->","yoast_head_json":{"title":"Desemprego cai 0,3% no trimestre e fica em 11,8%, diz IBGE","description":"A taxa de desemprego no trimestre que teve in\u00edcio em julho e foi encerrado em setembro chegou a 11,8%. Clique aqui para saber mais.","robots":{"index":"index","follow":"follow","max-snippet":"max-snippet:-1","max-image-preview":"max-image-preview:large","max-video-preview":"max-video-preview:-1"},"canonical":"https:\/\/www.suno.com.br\/noticias\/desemprego-no-brasil-chega-a-118-no-terceiro-trimestre\/","og_locale":"pt_BR","og_type":"article","og_title":"Desemprego cai 0,3% no trimestre e fica em 11,8%, diz IBGE","og_description":"A taxa de desemprego no trimestre que teve in\u00edcio em julho e foi encerrado em setembro chegou a 11,8%. Clique aqui para saber mais.","og_url":"https:\/\/www.suno.com.br\/noticias\/desemprego-no-brasil-chega-a-118-no-terceiro-trimestre\/","og_site_name":"Suno Not\u00edcias","article_publisher":"https:\/\/facebook.com\/sunoresearch","og_image":[{"width":1400,"height":960,"url":"https:\/\/files.sunoresearch.com.br\/n\/uploads\/2019\/08\/83d6b7aa-desemprego.jpeg","type":"image\/jpeg"}],"author":"Juliano Passaro","twitter_card":"summary_large_image","twitter_creator":"@sunoresearch","twitter_site":"@sunoresearch","twitter_misc":{"Escrito por":"Juliano Passaro","Est. tempo de leitura":"2 minutos"},"schema":{"@context":"https:\/\/schema.org","@graph":[{"@type":"NewsArticle","@id":"https:\/\/www.suno.com.br\/noticias\/desemprego-no-brasil-chega-a-118-no-terceiro-trimestre\/#article","isPartOf":{"@id":"https:\/\/www.suno.com.br\/noticias\/desemprego-no-brasil-chega-a-118-no-terceiro-trimestre\/"},"author":{"name":"Juliano Passaro","@id":"https:\/\/www.suno.com.br\/noticias\/#\/schema\/person\/1db762f78ffd8919a648a63e425953e3"},"headline":"Desemprego cai 0,3% no trimestre e fica em 11,8%, diz IBGE","datePublished":"2019-10-31T12:38:36+00:00","dateModified":"2021-06-02T01:06:36+00:00","mainEntityOfPage":{"@id":"https:\/\/www.suno.com.br\/noticias\/desemprego-no-brasil-chega-a-118-no-terceiro-trimestre\/"},"wordCount":383,"publisher":{"@id":"https:\/\/www.suno.com.br\/noticias\/#organization"},"image":{"@id":"https:\/\/www.suno.com.br\/noticias\/desemprego-no-brasil-chega-a-118-no-terceiro-trimestre\/#primaryimage"},"thumbnailUrl":"https:\/\/files.sunoresearch.com.br\/n\/uploads\/2019\/08\/83d6b7aa-desemprego-jpeg.webp","keywords":["Desemprego"],"articleSection":["Economia"],"inLanguage":"pt-BR"},{"@type":"WebPage","@id":"https:\/\/www.suno.com.br\/noticias\/desemprego-no-brasil-chega-a-118-no-terceiro-trimestre\/","url":"https:\/\/www.suno.com.br\/noticias\/desemprego-no-brasil-chega-a-118-no-terceiro-trimestre\/","name":"Desemprego cai 0,3% no trimestre e fica em 11,8%, diz IBGE","isPartOf":{"@id":"https:\/\/www.suno.com.br\/noticias\/#website"},"primaryImageOfPage":{"@id":"https:\/\/www.suno.com.br\/noticias\/desemprego-no-brasil-chega-a-118-no-terceiro-trimestre\/#primaryimage"},"image":{"@id":"https:\/\/www.suno.com.br\/noticias\/desemprego-no-brasil-chega-a-118-no-terceiro-trimestre\/#primaryimage"},"thumbnailUrl":"https:\/\/files.sunoresearch.com.br\/n\/uploads\/2019\/08\/83d6b7aa-desemprego-jpeg.webp","datePublished":"2019-10-31T12:38:36+00:00","dateModified":"2021-06-02T01:06:36+00:00","description":"A taxa de desemprego no trimestre que teve in\u00edcio em julho e foi encerrado em setembro chegou a 11,8%. Clique aqui para saber mais.","breadcrumb":{"@id":"https:\/\/www.suno.com.br\/noticias\/desemprego-no-brasil-chega-a-118-no-terceiro-trimestre\/#breadcrumb"},"inLanguage":"pt-BR","potentialAction":[{"@type":"ReadAction","target":["https:\/\/www.suno.com.br\/noticias\/desemprego-no-brasil-chega-a-118-no-terceiro-trimestre\/"]}]},{"@type":"ImageObject","inLanguage":"pt-BR","@id":"https:\/\/www.suno.com.br\/noticias\/desemprego-no-brasil-chega-a-118-no-terceiro-trimestre\/#primaryimage","url":"https:\/\/files.sunoresearch.com.br\/n\/uploads\/2019\/08\/83d6b7aa-desemprego-jpeg.webp","contentUrl":"https:\/\/files.sunoresearch.com.br\/n\/uploads\/2019\/08\/83d6b7aa-desemprego-jpeg.webp","width":1400,"height":960,"caption":"Taxa de desemprego recua 8,9% no trimestre. Foto: reprodu\u00e7\u00e3o."},{"@type":"BreadcrumbList","@id":"https:\/\/www.suno.com.br\/noticias\/desemprego-no-brasil-chega-a-118-no-terceiro-trimestre\/#breadcrumb","itemListElement":[{"@type":"ListItem","position":1,"name":"Not\u00edcias","item":"https:\/\/www.suno.com.br\/noticias\/"},{"@type":"ListItem","position":2,"name":"Economia","item":"https:\/\/www.suno.com.br\/noticias\/economia\/"},{"@type":"ListItem","position":3,"name":"Desemprego cai 0,3% no trimestre e fica em 11,8%, diz IBGE"}]},{"@type":"WebSite","@id":"https:\/\/www.suno.com.br\/noticias\/#website","url":"https:\/\/www.suno.com.br\/noticias\/","name":"Suno Not\u00edcias","description":"Seu portal de informa\u00e7\u00e3o sobre o mundo dos investimentos","publisher":{"@id":"https:\/\/www.suno.com.br\/noticias\/#organization"},"potentialAction":[{"@type":"SearchAction","target":{"@type":"EntryPoint","urlTemplate":"https:\/\/www.suno.com.br\/noticias\/?s={search_term_string}"},"query-input":{"@type":"PropertyValueSpecification","valueRequired":true,"valueName":"search_term_string"}}],"inLanguage":"pt-BR"},{"@type":"Organization","@id":"https:\/\/www.suno.com.br\/noticias\/#organization","name":"Suno Not\u00edcias","url":"https:\/\/www.suno.com.br\/noticias\/","logo":{"@type":"ImageObject","inLanguage":"pt-BR","@id":"https:\/\/www.suno.com.br\/noticias\/#\/schema\/logo\/image\/","url":"https:\/\/files.sunoresearch.com.br\/n\/uploads\/2021\/09\/suno-logo.png","contentUrl":"https:\/\/files.sunoresearch.com.br\/n\/uploads\/2021\/09\/suno-logo.png","width":180,"height":180,"caption":"Suno Not\u00edcias"},"image":{"@id":"https:\/\/www.suno.com.br\/noticias\/#\/schema\/logo\/image\/"},"sameAs":["https:\/\/facebook.com\/sunoresearch","https:\/\/x.com\/sunoresearch","https:\/\/www.instagram.com\/suno","https:\/\/www.linkedin.com\/company\/suno-research\/","https:\/\/www.youtube.com\/c\/sunoresearch"]},{"@type":"Person","@id":"https:\/\/www.suno.com.br\/noticias\/#\/schema\/person\/1db762f78ffd8919a648a63e425953e3","name":"Juliano Passaro","image":{"@type":"ImageObject","inLanguage":"pt-BR","@id":"https:\/\/www.suno.com.br\/noticias\/#\/schema\/person\/image\/","url":"https:\/\/secure.gravatar.com\/avatar\/743d4df28eebf6dcc46b4ad03c319e92?s=96&r=g","contentUrl":"https:\/\/secure.gravatar.com\/avatar\/743d4df28eebf6dcc46b4ad03c319e92?s=96&r=g","caption":"Juliano Passaro"},"description":"Juliano Passaro escreve sobre pol\u00edtica, economia e neg\u00f3cios para o portal da Suno Research. Antes da Suno, trabalhou no Portal da Band. \u00c9 formado em jornalismo pela Universidade Presbiteriana Mackenzie.","url":"https:\/\/www.suno.com.br\/noticias\/author\/juliano\/"}]}},"default_loop_html":"<div class=\"cardsPage__listCard__boxs\"><div class=\"cardsPage__listCard__boxs__img\"><a href=\"https:\/\/www.suno.com.br\/noticias\/desemprego-no-brasil-chega-a-118-no-terceiro-trimestre\/\"><img class=\"mask\" src=\"https:\/\/www.suno.com.br\/noticias\/wp-content\/themes\/suno\/resources\/images\/spotlight\/spotlight1img\/bg-mask.png\" alt=\"Image Mask\"\/><img src=\"https:\/\/files.sunoresearch.com.br\/n\/uploads\/2019\/08\/83d6b7aa-desemprego-400x200.webp\" alt=\"Desemprego cai 0,3% no trimestre e fica em 11,8%, diz IBGE\"\/><\/a><span class=\"spotlightCategory\"><a href=\"https:\/\/www.suno.com.br\/noticias\/economia\/\">Economia<\/a><\/span><\/div><div class=\"cardsPage__listCard__boxs__content\"><a href=\"https:\/\/www.suno.com.br\/noticias\/desemprego-no-brasil-chega-a-118-no-terceiro-trimestre\/\"><h2 class=\"content__title\">Desemprego cai 0,3% no trimestre e fica em 11,8%, diz IBGE<\/h2><\/a><div class=\"newsContent__article__meta\"><div class=\"newsContent__article__meta__authorBox\"><a href=\"https:\/\/www.suno.com.br\/noticias\/author\/juliano\/\" class=\"authorBox__avatar noMobi\"><img src=\"https:\/\/files.sunoresearch.com.br\/n\/uploads\/2019\/06\/7cc3efea-whatsapp-image-2019-07-18-at-21.59.33-e1563499821209-150x150.webp\" alt=\"Juliano Passaro\"><\/a><div class=\"authorBox__name\"><span>por\n\t\t\t<a href=\"https:\/\/www.suno.com.br\/noticias\/author\/juliano\/\"><span itemprop=\"author\">Juliano Passaro<\/span><\/a><\/span><time datetime=\"2019-10-31T10:38:36-03:00\" itemprop=\"datePublished\">31\/10\/2019 10:38<\/time><\/div><\/div><\/div><\/div><\/div>","single_layout":"posts","amp_enabled":true,"_links":{"self":[{"href":"https:\/\/www.suno.com.br\/noticias\/wp-json\/wp\/v2\/posts\/43148"}],"collection":[{"href":"https:\/\/www.suno.com.br\/noticias\/wp-json\/wp\/v2\/posts"}],"about":[{"href":"https:\/\/www.suno.com.br\/noticias\/wp-json\/wp\/v2\/types\/post"}],"author":[{"embeddable":true,"href":"https:\/\/www.suno.com.br\/noticias\/wp-json\/wp\/v2\/users\/19"}],"replies":[{"embeddable":true,"href":"https:\/\/www.suno.com.br\/noticias\/wp-json\/wp\/v2\/comments?post=43148"}],"version-history":[{"count":1,"href":"https:\/\/www.suno.com.br\/noticias\/wp-json\/wp\/v2\/posts\/43148\/revisions"}],"predecessor-version":[{"id":153925,"href":"https:\/\/www.suno.com.br\/noticias\/wp-json\/wp\/v2\/posts\/43148\/revisions\/153925"}],"wp:featuredmedia":[{"embeddable":true,"href":"https:\/\/www.suno.com.br\/noticias\/wp-json\/wp\/v2\/media\/35910"}],"wp:attachment":[{"href":"https:\/\/www.suno.com.br\/noticias\/wp-json\/wp\/v2\/media?parent=43148"}],"wp:term":[{"taxonomy":"category","embeddable":true,"href":"https:\/\/www.suno.com.br\/noticias\/wp-json\/wp\/v2\/categories?post=43148"},{"taxonomy":"post_tag","embeddable":true,"href":"https:\/\/www.suno.com.br\/noticias\/wp-json\/wp\/v2\/tags?post=43148"},{"taxonomy":"suno_strategy","embeddable":true,"href":"https:\/\/www.suno.com.br\/noticias\/wp-json\/wp\/v2\/suno_strategy?post=43148"}],"curies":[{"name":"wp","href":"https:\/\/api.w.org\/{rel}","templated":true}]}}